{"id":99776,"date":"2023-03-23T09:34:00","date_gmt":"2023-03-23T11:34:00","guid":{"rendered":"https:\/\/www.boxrepsol.com\/?p=99776"},"modified":"2024-04-23T14:18:54","modified_gmt":"2024-04-23T16:18:54","slug":"motogp-en-portugal-2023-horarios-y-como-ver-por-television-y-online-el-arranque-de-la-temporada","status":"publish","type":"post","link":"https:\/\/www.boxrepsol.com\/es\/motogp\/motogp-en-portugal-2023-horarios-y-como-ver-por-television-y-online-el-arranque-de-la-temporada\/","title":{"rendered":"MotoGP en Portugal 2023: Horarios y c\u00f3mo ver por televisi\u00f3n y online el arranque de la temporada"},"content":{"rendered":"<figure class=\"wp-block-post-featured-image\"><img loading=\"lazy\" decoding=\"async\" width=\"1280\" height=\"600\" src=\"https:\/\/bxrepsol.s3.eu-west-1.amazonaws.com\/static\/2023\/03\/23093036\/JRB9938port.jpg\" class=\"attachment-post-thumbnail size-post-thumbnail wp-post-image\" alt=\"\" style=\"object-fit:cover;\" srcset=\"https:\/\/bxrepsol.s3.eu-west-1.amazonaws.com\/static\/2023\/03\/23093036\/JRB9938port.jpg 1280w, https:\/\/bxrepsol.s3.eu-west-1.amazonaws.com\/static\/2023\/03\/23093036\/JRB9938port-300x141.jpg 300w, https:\/\/bxrepsol.s3.eu-west-1.amazonaws.com\/static\/2023\/03\/23093036\/JRB9938port-1024x480.jpg 1024w, https:\/\/bxrepsol.s3.eu-west-1.amazonaws.com\/static\/2023\/03\/23093036\/JRB9938port-768x360.jpg 768w\" sizes=\"auto, (max-width: 1280px) 100vw, 1280px\" \/><\/figure>\n\n\n<p><\/p>\n\n\n\n<h2 class=\"wp-block-heading\"><span class=\"ez-toc-section\" id=\"Puedes_ver_la_MotoGP_con_Dazn_en_Movistar_Amazon_Prime_video_Orange_TV_y_otros\"><\/span><strong>Puedes ver la MotoGP con Dazn en Movistar+, Amazon Prime video, Orange TV y otros<\/strong><span class=\"ez-toc-section-end\"><\/span><\/h2>\n\n\n\n<p>La temporada 2023 de MotoGP est\u00e1 a punto de empezar y si lo quieres seguir por televisi\u00f3n, seguro que ya sabes que los derechos audiovisuales de la competici\u00f3n los tiene DAZN. Esta plataforma de streaming te permite seguir todas las sesiones tanto desde un televisor inteligente, como un PC, como desde dispositivos m\u00f3viles. En <a href=\"https:\/\/www.dazn.com\/es-ES\/account\/tier\">su web<\/a> puedes encontrar los distintos planes de precios que ofrecen, en funci\u00f3n de si lo contratas con un pago anual o con 12 pagos mensuales. Actualmente tienen una oferta con la cual, si contratas sus servicios antes del 30 de abril, paga 12,99\u20ac al mes con una permanencia de 12 meses.<\/p>\n\n\n\n<p><strong><div id=\"ez-toc-container\" class=\"ez-toc-v2_0_82_2 counter-hierarchy ez-toc-counter ez-toc-grey ez-toc-container-direction\">\n<div class=\"ez-toc-title-container\">\n<p class=\"ez-toc-title\" style=\"cursor:inherit\">\u00cdndice<\/p>\n<span class=\"ez-toc-title-toggle\"><a href=\"#\" class=\"ez-toc-pull-right ez-toc-btn ez-toc-btn-xs ez-toc-btn-default ez-toc-toggle\" aria-label=\"Toggle Table of Content\"><span class=\"ez-toc-js-icon-con\"><span class=\"\"><span class=\"eztoc-hide\" style=\"display:none;\">Toggle<\/span><span class=\"ez-toc-icon-toggle-span\"><svg style=\"fill: #999;color:#999\" xmlns=\"http:\/\/www.w3.org\/2000\/svg\" class=\"list-377408\" width=\"20px\" height=\"20px\" viewBox=\"0 0 24 24\" fill=\"none\"><path d=\"M6 6H4v2h2V6zm14 0H8v2h12V6zM4 11h2v2H4v-2zm16 0H8v2h12v-2zM4 16h2v2H4v-2zm16 0H8v2h12v-2z\" fill=\"currentColor\"><\/path><\/svg><svg style=\"fill: #999;color:#999\" class=\"arrow-unsorted-368013\" xmlns=\"http:\/\/www.w3.org\/2000\/svg\" width=\"10px\" height=\"10px\" viewBox=\"0 0 24 24\" version=\"1.2\" baseProfile=\"tiny\"><path d=\"M18.2 9.3l-6.2-6.3-6.2 6.3c-.2.2-.3.4-.3.7s.1.5.3.7c.2.2.4.3.7.3h11c.3 0 .5-.1.7-.3.2-.2.3-.5.3-.7s-.1-.5-.3-.7zM5.8 14.7l6.2 6.3 6.2-6.3c.2-.2.3-.5.3-.7s-.1-.5-.3-.7c-.2-.2-.4-.3-.7-.3h-11c-.3 0-.5.1-.7.3-.2.2-.3.5-.3.7s.1.5.3.7z\"\/><\/svg><\/span><\/span><\/span><\/a><\/span><\/div>\n<nav><ul class='ez-toc-list ez-toc-list-level-1 ' ><li class='ez-toc-page-1 ez-toc-heading-level-2'><a class=\"ez-toc-link ez-toc-heading-1\" href=\"https:\/\/www.boxrepsol.com\/es\/motogp\/motogp-en-portugal-2023-horarios-y-como-ver-por-television-y-online-el-arranque-de-la-temporada\/#Puedes_ver_la_MotoGP_con_Dazn_en_Movistar_Amazon_Prime_video_Orange_TV_y_otros\" >Puedes ver la MotoGP con Dazn en Movistar+, Amazon Prime video, Orange TV y otros<\/a><\/li><li class='ez-toc-page-1 ez-toc-heading-level-2'><a class=\"ez-toc-link ez-toc-heading-2\" href=\"https:\/\/www.boxrepsol.com\/es\/motogp\/motogp-en-portugal-2023-horarios-y-como-ver-por-television-y-online-el-arranque-de-la-temporada\/#Ver_la_MotoGP_en_directo_en_MotoGPcom\" >Ver la MotoGP en directo en MotoGP.com<\/a><ul class='ez-toc-list-level-3' ><li class='ez-toc-heading-level-3'><a class=\"ez-toc-link ez-toc-heading-3\" href=\"https:\/\/www.boxrepsol.com\/es\/motogp\/motogp-en-portugal-2023-horarios-y-como-ver-por-television-y-online-el-arranque-de-la-temporada\/#Sigue_el_GP_en_directo_en_la_APP_y_RRSS_de_Box_Repsol\" >Sigue el GP en directo en la APP y RRSS de Box Repsol<\/a><\/li><\/ul><\/li><li class='ez-toc-page-1 ez-toc-heading-level-2'><a class=\"ez-toc-link ez-toc-heading-4\" href=\"https:\/\/www.boxrepsol.com\/es\/motogp\/motogp-en-portugal-2023-horarios-y-como-ver-por-television-y-online-el-arranque-de-la-temporada\/#Horarios_del_MotoGP_de_Portugal_MotoGP_2023_Hora_CET\" >Horarios del MotoGP de Portugal MotoGP 2023 (Hora CET)<\/a><ul class='ez-toc-list-level-3' ><li class='ez-toc-heading-level-3'><a class=\"ez-toc-link ez-toc-heading-5\" href=\"https:\/\/www.boxrepsol.com\/es\/motogp\/motogp-en-portugal-2023-horarios-y-como-ver-por-television-y-online-el-arranque-de-la-temporada\/#HORARIOS_MOTOGP_CARRERAS_COLOMBIA_Y_MEXICO\" >HORARIOS MOTOGP CARRERAS COLOMBIA Y M\u00c9XICO<\/a><\/li><li class='ez-toc-page-1 ez-toc-heading-level-3'><a class=\"ez-toc-link ez-toc-heading-6\" href=\"https:\/\/www.boxrepsol.com\/es\/motogp\/motogp-en-portugal-2023-horarios-y-como-ver-por-television-y-online-el-arranque-de-la-temporada\/#HORARIOS_MOTOGP_CARRERAS_CHILE_Y_EE_UU\" >HORARIOS MOTOGP CARRERAS CHILE Y EE. UU.<\/a><\/li><li class='ez-toc-page-1 ez-toc-heading-level-3'><a class=\"ez-toc-link ez-toc-heading-7\" href=\"https:\/\/www.boxrepsol.com\/es\/motogp\/motogp-en-portugal-2023-horarios-y-como-ver-por-television-y-online-el-arranque-de-la-temporada\/#HORARIOS_MOTOGP_CARRERAS_ARGENTINA_Y_URUGUAY\" >HORARIOS MOTOGP CARRERAS ARGENTINA Y URUGUAY<\/a><\/li><\/ul><\/li><\/ul><\/nav><\/div>\n<\/strong><\/p>\n\n\n\n<p>Al tener los derechos de la competici\u00f3n, Dazn ha llegado a distintos acuerdos con otros operadores y compa\u00f1\u00edas de streaming que desean ofrecer a sus espectadores puedan el espect\u00e1culo de MotoGP. Los clientes de Amazon Prime Video, Orange TV, Yoigo, M\u00e1sm\u00f3vil, Virgin Telco o Telecable, pueden adquirir el paquete correspondiente para disfrutar del campeonato durante todo el a\u00f1o. En el caso de Movistar +, no todos los usuarios que tengan un paquete de televisi\u00f3n con el operador podr\u00e1n acceder. El requisito indispensable para acceder a estos canales y contenidos es tener:<\/p>\n\n\n\n<ul class=\"wp-block-list\">\n<li>Paquete principal de Movistar Plus+ o equivalentes.<\/li>\n\n\n\n<li>Paquetes que tengan contratado el paquete TV Selecci\u00f3n Deportes o Motor.<\/li>\n<\/ul>\n\n\n\n<h2 class=\"wp-block-heading\"><span class=\"ez-toc-section\" id=\"Ver_la_MotoGP_en_directo_en_MotoGPcom\"><\/span><strong>Ver la MotoGP en directo en MotoGP.com<\/strong><span class=\"ez-toc-section-end\"><\/span><\/h2>\n\n\n\n<p>La propia organizaci\u00f3n tambi\u00e9n ofrece su propia plataforma para seguir toda la competici\u00f3n en motogp.com, con <strong>emisi\u00f3n en directo<\/strong> de todas las sesiones, declaraciones, reportajes, etc. Eso s\u00ed, a pesar de que la Web ofrece cada vez m\u00e1s contenidos en castellano, <strong>la retransmisi\u00f3n de las pruebas se realiza \u00edntegramente en ingl\u00e9s.<\/strong><\/p>\n\n\n\n<p>A trav\u00e9s de su suscripci\u00f3n anual (Videopass), puedes acceder a un archivo de 45.000 v\u00eddeos con un coste de suscripci\u00f3n de 115,99\u20ac. Los v\u00eddeos bajo demanda incluyen carreras desde 1992, documentales, reportajes t\u00e9cnicos y, por supuesto, toda la acci\u00f3n en pista, que adem\u00e1s ofrece la opci\u00f3n de combinar seis se\u00f1ales de v\u00eddeo diferentes: la general, la vista desde el helic\u00f3ptero y cuatro c\u00e1maras \u2018onboard\u2019 instaladas en las motos de varios pilotos. Si adem\u00e1s quieres acceder a todos los cronometrajes en directo, tienes la Full Pass Free Trial por 148,99\u20ac, una opci\u00f3n con un mes de prueba gratuita previa.<\/p>\n\n\n\n<h3 class=\"wp-block-heading\"><span class=\"ez-toc-section\" id=\"Sigue_el_GP_en_directo_en_la_APP_y_RRSS_de_Box_Repsol\"><\/span><strong>Sigue el GP en directo en la APP y RRSS de Box Repsol<\/strong><span class=\"ez-toc-section-end\"><\/span><\/h3>\n\n\n\n<p>Para poder seguir en directo del Gran Premio de Portugal todo lo que pase en el circuito, desde Box Repsol te ofrecemos distintas opciones para que no te pierdas ning\u00fan detalle. En nuestras redes sociales, a lo largo del Gran Premio podr\u00e1s ver im\u00e1genes y resultados de nuestros pilotos, as\u00ed como un seguimiento minucioso de las sesiones en nuestra cuenta de Twitter <a href=\"https:\/\/twitter.com\/box_repsol\">@Box_Repsol<\/a>. Adem\u00e1s, en la <a href=\"https:\/\/boxrepsol.page.link\/qL6j\">App de Box Repsol<\/a> podr\u00e1s conectarte al &#8216;vuelta a vuelta&#8217; en directo de la carrera del domingo, para que saber todo lo que sucede en pista en cada momento.<\/p>\n\n\n\n<h2 class=\"wp-block-heading\"><span class=\"ez-toc-section\" id=\"Horarios_del_MotoGP_de_Portugal_MotoGP_2023_Hora_CET\"><\/span><strong><strong>Horarios del MotoGP de Portugal MotoGP 2023 (Hora CET)<\/strong><\/strong><span class=\"ez-toc-section-end\"><\/span><\/h2>\n\n\n\n<p>Debido a la diferencia horaria con Portugal, la programaci\u00f3n de las carreras teniendo en cuenta la hora espa\u00f1ola se ver\u00e1 ligeramente modificada para este fin de semana: el s\u00e1bado tendremos la primera carrera sprint de la historia a las cuatro de la tarde y el domingo, la carrera de Moto3 dar\u00e1 comienzo a las 12:00, la de Moto2 ser\u00e1 a la 13:15 y el plato fuerte, MotoGP, arrancar\u00e1 a las 15:00. \u00a1Y atenci\u00f3n con el cambio de huso horario en la noche del s\u00e1bado al domingo! Este domingo entramos en el horario de verano centroeuropeo, as\u00ed que a las 2 de la madrugada ser\u00e1n las 3.<\/p>\n\n\n\n<p><strong>VIERNES 24 DE MARZO<\/strong><\/p>\n\n\n\n<p>10:00 \u2013 10:35 P1 Moto3<\/p>\n\n\n\n<p>10:50 \u2013 11:30 P1 Moto2<\/p>\n\n\n\n<p>11:45 \u2013 12:30 P1 MotoGP<\/p>\n\n\n\n<p>14:15 \u2013 14:50 P2 Moto3<\/p>\n\n\n\n<p>15:05 \u2013 15:45 P2 Moto2<\/p>\n\n\n\n<p>16:00 \u2013 17:00 FP2 MotoGP<\/p>\n\n\n\n<p><strong>S\u00c1BADO 25 DE MARZO<\/strong><\/p>\n\n\n\n<p>9:40 \u2013 10:10 P3 Moto3<\/p>\n\n\n\n<p>10:25 \u2013 10:55 P3 Moto2<\/p>\n\n\n\n<p>11:10 \u2013 11:40 FP MotoGP<\/p>\n\n\n\n<p>11:50 \u2013 12:05 Q1 MotoGP<\/p>\n\n\n\n<p>12:15 \u2013 12:30 Q2 MotoGP<\/p>\n\n\n\n<p>13:50 \u2013 14:05 Q1 Moto3<\/p>\n\n\n\n<p>14:15 \u2013 14:30 Q2 Moto3<\/p>\n\n\n\n<p>14:45 \u2013 15:00 Q1 Moto2<\/p>\n\n\n\n<p>15:10 \u2013 15:25 Q2 Moto2<\/p>\n\n\n\n<p>16:00 Sprint Race MotoGP<\/p>\n\n\n\n<p><strong>DOMINGO 26 DE MARZO<\/strong><\/p>\n\n\n\n<p>10:45 \u2013 10:55 Warm Up MotoGP<\/p>\n\n\n\n<p>11:00 MotoGP Rider Fan Parade<\/p>\n\n\n\n<p>12:00 Carrera Moto3<\/p>\n\n\n\n<p>13:15 Carrera Moto2<\/p>\n\n\n\n<p>15:00 Carrera MotoGP<\/p>\n\n\n\n<p><\/p>\n\n\n\n<h3 class=\"wp-block-heading\"><span class=\"ez-toc-section\" id=\"HORARIOS_MOTOGP_CARRERAS_COLOMBIA_Y_MEXICO\"><\/span><strong>HORARIOS MOTOGP CARRERAS COLOMBIA Y M\u00c9XICO<\/strong><span class=\"ez-toc-section-end\"><\/span><\/h3>\n\n\n\n<p><strong>S\u00e1bado 25<\/strong><\/p>\n\n\n\n<p>10:00 Carrera Sprint<\/p>\n\n\n\n<p><strong>Domingo 26<\/strong><\/p>\n\n\n\n<p>6:00 Moto3<\/p>\n\n\n\n<p>7:15 Moto2<\/p>\n\n\n\n<p>9:00 MotoGP<\/p>\n\n\n\n<h3 class=\"wp-block-heading\"><span class=\"ez-toc-section\" id=\"HORARIOS_MOTOGP_CARRERAS_CHILE_Y_EE_UU\"><\/span><strong>HORARIOS MOTOGP CARRERAS CHILE Y EE. UU.<\/strong><span class=\"ez-toc-section-end\"><\/span><\/h3>\n\n\n\n<p><strong>S\u00e1bado 25<\/strong><\/p>\n\n\n\n<p>11:00 Carrera Sprint<\/p>\n\n\n\n<p><strong>Domingo 26<\/strong><\/p>\n\n\n\n<p>7:00 Moto3<\/p>\n\n\n\n<p>8:15 Moto2<\/p>\n\n\n\n<p>10:00 MotoGP<\/p>\n\n\n\n<h3 class=\"wp-block-heading\"><span class=\"ez-toc-section\" id=\"HORARIOS_MOTOGP_CARRERAS_ARGENTINA_Y_URUGUAY\"><\/span><strong>HORARIOS MOTOGP CARRERAS ARGENTINA Y URUGUAY<\/strong><span class=\"ez-toc-section-end\"><\/span><\/h3>\n\n\n\n<p><strong>S\u00e1bado 25<\/strong><\/p>\n\n\n\n<p>12:00 Carrera Sprint<\/p>\n\n\n\n<p><strong>Domingo 26<\/strong><\/p>\n\n\n\n<p>8:00 Moto3<\/p>\n\n\n\n<p>9:15 Moto2<\/p>\n\n\n\n<p>11:00 MotoGP<\/p>\n\n\n\n<p><strong>El equipo Repsol Honda, listo para el GP de Portugal 2023<\/strong><\/p>\n\n\n\n<p>Tras las vacaciones de invierno y los <a href=\"https:\/\/www.boxrepsol.com\/es\/motogp\/dieciseis-milesimas-separan-a-los-dos-pilotos-del-repsol-honda-al-terminar-la-pretemporada-2023\/\">test de pretemporada<\/a>, el campeonato de MotoGP regresa a la acci\u00f3n para dar comienzo a la temporada 2023. Por primera vez desde 2007, la primera carrera del a\u00f1o no tendr\u00e1 lugar en Catar, sino en el trazado portugu\u00e9s de Portimao, que se encargar\u00e1 de dar el pistoletazo de salida a un nuevo Mundial de MotoGP.<\/p>\n\n\n\n<p>El <a href=\"https:\/\/www.boxrepsol.com\/es\/motogp\/el-equipo-repsol-honda-presenta-sus-nuevos-colores-en-la-sede-de-repsol-en-madrid\/\">equipo Repsol Honda<\/a> aterriza en el Aut\u00f3dromo Internacional do Algarve listo para comenzar una temporada con cambios importantes. La principal novedad se va a experimentar con la llegada de las <a href=\"https:\/\/www.boxrepsol.com\/es\/motogp\/carreras-al-sprint-la-evolucion-de-motogp\/\">carreras sprint<\/a>, que tendr\u00e1n lugar los s\u00e1bados a las 15:00, aunque con la diferencia horaria de Portugal, la primera carrera sprint de la historia en Espa\u00f1a se ver\u00e1 a las 16:00 horas.<\/p>\n\n\n\n<p>Este nuevo formato ya es conocido en campeonatos como WSBK y F\u00f3rmula 1 y ha demostrado adaptarse bien a ambas competiciones. Pese a que altera los horarios habituales de los grandes premios, se espera que estas nuevas carreras aporten un <em>plus<\/em> de emoci\u00f3n y acci\u00f3n a la categor\u00eda reina.<\/p>\n\n\n\n<p>Otras novedades de la categor\u00eda reina es la incorporaci\u00f3n de dos nuevos circuitos al calendario: los Grandes Premios de <a href=\"https:\/\/www.boxrepsol.com\/es\/motogp\/motogp-llegara-a-la-india-en-2023\/\">India<\/a> y <a href=\"https:\/\/www.boxrepsol.com\/es\/motogp\/kazajistan-se-estrenara-en-el-mundial-en-2023\/\">Kazajist\u00e1n<\/a>, descartando definitivamente el GP de Finlandia, que ya tuvo que ser pospuesto durante la temporada 2022.<\/p>\n\n\n\n<p>No obstante, el campeonato no es el \u00fanico que experimentar\u00e1 diversas modificaciones, sino que el <strong>equipo Repsol Honda<\/strong> se enfrenta a una temporada decisiva con un nuevo piloto. <a href=\"https:\/\/www.boxrepsol.com\/es\/motogp\/joan-mir-ultima-incorporacion-repsol-honda-team-motogp\/\">Joan Mir ser\u00e1 el nuevo compa\u00f1ero de Marc M\u00e1rquez<\/a> para devolver la marca del ala dorada a lo m\u00e1s alto de la competici\u00f3n. El piloto mallorqu\u00edn, Campe\u00f3n del Mundo de MotoGP en 2020, asegura sentirse cada vez mejor encima de la moto, en un inicio del Mundial en la que ser\u00e1 clave adaptarse y seguir evolucionando en cada carrera.<\/p>\n\n\n\n<p>Por su parte, en el otro lado del box del equipo Repsol Honda, Marc regresa al campeonato de MotoGP recuperado de las lesiones de a\u00f1os anteriores, empezando la temporada desde 0 y con la capacidad de luchar en igualdad de condiciones con el resto de los pilotos de la parrilla. Tras los test de Portimao, Marc afirm\u00f3 haber tenido las mejores sensaciones de la pretemporada, por lo que afrontar\u00e1 el GP de Portugal 2023 con ganas y listo para luchar por cosas importantes. La experiencia y el talento de ambos pilotos ser\u00e1 crucial para vivir una temporada re\u00f1ida y emocionante para el campeonato y todos sus aficionados.<\/p>\n","protected":false},"excerpt":{"rendered":"<p>El Aut\u00f3dromo Internacional do Algarve acoge este fin de semana la cita inaugural de la temporada 2023 de MotoGP. Descubre los horarios y sigue en directo toda la acci\u00f3n del Gran Premio de Portugal en directo y online. <\/p>\n","protected":false},"author":43146,"featured_media":99777,"comment_status":"open","ping_status":"open","sticky":false,"template":"","format":"standard","meta":{"footnotes":""},"categories":[4],"tags":[269,271,6,208],"class_list":["post-99776","post","type-post","status-publish","format-standard","hentry","category-motogp","tag-269","tag-joan-mir","tag-marc-marquez","tag-motogp-portugal"],"yoast_head":"<!-- This site is optimized with the Yoast SEO plugin v27.3 - https:\/\/yoast.com\/product\/yoast-seo-wordpress\/ -->\n<title>MotoGP en Portugal 2023: Horarios y c\u00f3mo ver por televisi\u00f3n y online el arranque de la temporada - Box Repsol<\/title>\n<meta name=\"description\" content=\"Descubre los horarios y sigue en directo toda la acci\u00f3n del Gran Premio de Portugal 2023 en directo y online.\" \/>\n<link rel=\"canonical\" href=\"https:\/\/www.boxrepsol.com\/es\/motogp\/motogp-en-portugal-2023-horarios-y-como-ver-por-television-y-online-el-arranque-de-la-temporada\/\" \/>\n<meta property=\"og:locale\" content=\"es_ES\" \/>\n<meta property=\"og:type\" content=\"article\" \/>\n<meta property=\"og:title\" content=\"MotoGP en Portugal 2023: Horarios y c\u00f3mo ver por televisi\u00f3n y online el arranque de la temporada - Box Repsol\" \/>\n<meta property=\"og:description\" content=\"Descubre los horarios y sigue en directo toda la acci\u00f3n del Gran Premio de Portugal 2023 en directo y online.\" \/>\n<meta property=\"og:url\" content=\"https:\/\/www.boxrepsol.com\/es\/motogp\/motogp-en-portugal-2023-horarios-y-como-ver-por-television-y-online-el-arranque-de-la-temporada\/\" \/>\n<meta property=\"og:site_name\" content=\"Box Repsol\" \/>\n<meta property=\"article:publisher\" content=\"https:\/\/www.facebook.com\/BoxRepsol\" \/>\n<meta property=\"article:author\" content=\"https:\/\/www.facebook.com\/BoxRepsol\/\" \/>\n<meta property=\"article:published_time\" content=\"2023-03-23T11:34:00+00:00\" \/>\n<meta property=\"article:modified_time\" content=\"2024-04-23T16:18:54+00:00\" \/>\n<meta property=\"og:image\" content=\"https:\/\/bxrepsol.s3.eu-west-1.amazonaws.com\/static\/2023\/03\/24083809\/JRB9938port-1.jpg\" \/>\n\t<meta property=\"og:image:width\" content=\"1280\" \/>\n\t<meta property=\"og:image:height\" content=\"600\" \/>\n\t<meta property=\"og:image:type\" content=\"image\/jpeg\" \/>\n<meta name=\"author\" content=\"Redacci\u00f3n Box Repsol\" \/>\n<meta name=\"twitter:card\" content=\"summary_large_image\" \/>\n<meta name=\"twitter:image\" content=\"https:\/\/bxrepsol.s3.eu-west-1.amazonaws.com\/static\/2023\/03\/24083809\/JRB9938port-1.jpg\" \/>\n<meta name=\"twitter:creator\" content=\"@https:\/\/twitter.com\/box_repsol\" \/>\n<meta name=\"twitter:site\" content=\"@box_repsol\" \/>\n<meta name=\"twitter:label1\" content=\"Written by\" \/>\n\t<meta name=\"twitter:data1\" content=\"Redacci\u00f3n Box Repsol\" \/>\n\t<meta name=\"twitter:label2\" content=\"Est. reading time\" \/>\n\t<meta name=\"twitter:data2\" content=\"6 minutos\" \/>\n<script type=\"application\/ld+json\" class=\"yoast-schema-graph\">{\"@context\":\"https:\\\/\\\/schema.org\",\"@graph\":[{\"@type\":\"Article\",\"@id\":\"https:\\\/\\\/www.boxrepsol.com\\\/es\\\/motogp\\\/motogp-en-portugal-2023-horarios-y-como-ver-por-television-y-online-el-arranque-de-la-temporada\\\/#article\",\"isPartOf\":{\"@id\":\"https:\\\/\\\/www.boxrepsol.com\\\/es\\\/motogp\\\/motogp-en-portugal-2023-horarios-y-como-ver-por-television-y-online-el-arranque-de-la-temporada\\\/\"},\"author\":{\"name\":\"Redacci\u00f3n Box Repsol\",\"@id\":\"https:\\\/\\\/www.boxrepsol.com\\\/es\\\/#\\\/schema\\\/person\\\/c5c2138f2cca251b0ad92b7086bb60b7\"},\"headline\":\"MotoGP en Portugal 2023: Horarios y c\u00f3mo ver por televisi\u00f3n y online el arranque de la temporada\",\"datePublished\":\"2023-03-23T11:34:00+00:00\",\"dateModified\":\"2024-04-23T16:18:54+00:00\",\"mainEntityOfPage\":{\"@id\":\"https:\\\/\\\/www.boxrepsol.com\\\/es\\\/motogp\\\/motogp-en-portugal-2023-horarios-y-como-ver-por-television-y-online-el-arranque-de-la-temporada\\\/\"},\"wordCount\":1190,\"commentCount\":0,\"publisher\":{\"@id\":\"https:\\\/\\\/www.boxrepsol.com\\\/es\\\/#organization\"},\"image\":{\"@id\":\"https:\\\/\\\/www.boxrepsol.com\\\/es\\\/motogp\\\/motogp-en-portugal-2023-horarios-y-como-ver-por-television-y-online-el-arranque-de-la-temporada\\\/#primaryimage\"},\"thumbnailUrl\":\"https:\\\/\\\/bxrepsol.s3.eu-west-1.amazonaws.com\\\/static\\\/2023\\\/03\\\/23093036\\\/JRB9938port.jpg\",\"keywords\":[\"2023\",\"Joan Mir\",\"Marc M\u00e1rquez\",\"MotoGP Portugal\"],\"articleSection\":[\"MotoGP\"],\"inLanguage\":\"es\",\"potentialAction\":[{\"@type\":\"CommentAction\",\"name\":\"Comment\",\"target\":[\"https:\\\/\\\/www.boxrepsol.com\\\/es\\\/motogp\\\/motogp-en-portugal-2023-horarios-y-como-ver-por-television-y-online-el-arranque-de-la-temporada\\\/#respond\"]}]},{\"@type\":\"WebPage\",\"@id\":\"https:\\\/\\\/www.boxrepsol.com\\\/es\\\/motogp\\\/motogp-en-portugal-2023-horarios-y-como-ver-por-television-y-online-el-arranque-de-la-temporada\\\/\",\"url\":\"https:\\\/\\\/www.boxrepsol.com\\\/es\\\/motogp\\\/motogp-en-portugal-2023-horarios-y-como-ver-por-television-y-online-el-arranque-de-la-temporada\\\/\",\"name\":\"MotoGP en Portugal 2023: Horarios y c\u00f3mo ver por televisi\u00f3n y online el arranque de la temporada - Box Repsol\",\"isPartOf\":{\"@id\":\"https:\\\/\\\/www.boxrepsol.com\\\/es\\\/#website\"},\"primaryImageOfPage\":{\"@id\":\"https:\\\/\\\/www.boxrepsol.com\\\/es\\\/motogp\\\/motogp-en-portugal-2023-horarios-y-como-ver-por-television-y-online-el-arranque-de-la-temporada\\\/#primaryimage\"},\"image\":{\"@id\":\"https:\\\/\\\/www.boxrepsol.com\\\/es\\\/motogp\\\/motogp-en-portugal-2023-horarios-y-como-ver-por-television-y-online-el-arranque-de-la-temporada\\\/#primaryimage\"},\"thumbnailUrl\":\"https:\\\/\\\/bxrepsol.s3.eu-west-1.amazonaws.com\\\/static\\\/2023\\\/03\\\/23093036\\\/JRB9938port.jpg\",\"datePublished\":\"2023-03-23T11:34:00+00:00\",\"dateModified\":\"2024-04-23T16:18:54+00:00\",\"description\":\"Descubre los horarios y sigue en directo toda la acci\u00f3n del Gran Premio de Portugal 2023 en directo y online.\",\"breadcrumb\":{\"@id\":\"https:\\\/\\\/www.boxrepsol.com\\\/es\\\/motogp\\\/motogp-en-portugal-2023-horarios-y-como-ver-por-television-y-online-el-arranque-de-la-temporada\\\/#breadcrumb\"},\"inLanguage\":\"es\",\"potentialAction\":[{\"@type\":\"ReadAction\",\"target\":[\"https:\\\/\\\/www.boxrepsol.com\\\/es\\\/motogp\\\/motogp-en-portugal-2023-horarios-y-como-ver-por-television-y-online-el-arranque-de-la-temporada\\\/\"]}]},{\"@type\":\"ImageObject\",\"inLanguage\":\"es\",\"@id\":\"https:\\\/\\\/www.boxrepsol.com\\\/es\\\/motogp\\\/motogp-en-portugal-2023-horarios-y-como-ver-por-television-y-online-el-arranque-de-la-temporada\\\/#primaryimage\",\"url\":\"https:\\\/\\\/bxrepsol.s3.eu-west-1.amazonaws.com\\\/static\\\/2023\\\/03\\\/23093036\\\/JRB9938port.jpg\",\"contentUrl\":\"https:\\\/\\\/bxrepsol.s3.eu-west-1.amazonaws.com\\\/static\\\/2023\\\/03\\\/23093036\\\/JRB9938port.jpg\",\"width\":1280,\"height\":600},{\"@type\":\"BreadcrumbList\",\"@id\":\"https:\\\/\\\/www.boxrepsol.com\\\/es\\\/motogp\\\/motogp-en-portugal-2023-horarios-y-como-ver-por-television-y-online-el-arranque-de-la-temporada\\\/#breadcrumb\",\"itemListElement\":[{\"@type\":\"ListItem\",\"position\":1,\"name\":\"Home\",\"item\":\"https:\\\/\\\/www.boxrepsol.com\\\/es\\\/\"},{\"@type\":\"ListItem\",\"position\":2,\"name\":\"MotoGP en Portugal 2023: Horarios y c\u00f3mo ver por televisi\u00f3n y online el arranque de la temporada\"}]},{\"@type\":\"WebSite\",\"@id\":\"https:\\\/\\\/www.boxrepsol.com\\\/es\\\/#website\",\"url\":\"https:\\\/\\\/www.boxrepsol.com\\\/es\\\/\",\"name\":\"Box Repsol\",\"description\":\"Box Repsol Site\",\"publisher\":{\"@id\":\"https:\\\/\\\/www.boxrepsol.com\\\/es\\\/#organization\"},\"potentialAction\":[{\"@type\":\"SearchAction\",\"target\":{\"@type\":\"EntryPoint\",\"urlTemplate\":\"https:\\\/\\\/www.boxrepsol.com\\\/es\\\/?s={search_term_string}\"},\"query-input\":{\"@type\":\"PropertyValueSpecification\",\"valueRequired\":true,\"valueName\":\"search_term_string\"}}],\"inLanguage\":\"es\"},{\"@type\":\"Organization\",\"@id\":\"https:\\\/\\\/www.boxrepsol.com\\\/es\\\/#organization\",\"name\":\"Box Repsol\",\"url\":\"https:\\\/\\\/www.boxrepsol.com\\\/es\\\/\",\"logo\":{\"@type\":\"ImageObject\",\"inLanguage\":\"es\",\"@id\":\"https:\\\/\\\/www.boxrepsol.com\\\/es\\\/#\\\/schema\\\/logo\\\/image\\\/\",\"url\":\"https:\\\/\\\/bxrepsol.s3.eu-west-1.amazonaws.com\\\/static\\\/2025\\\/07\\\/30083337\\\/favicon-96x96-1.png\",\"contentUrl\":\"https:\\\/\\\/bxrepsol.s3.eu-west-1.amazonaws.com\\\/static\\\/2025\\\/07\\\/30083337\\\/favicon-96x96-1.png\",\"width\":96,\"height\":96,\"caption\":\"Box Repsol\"},\"image\":{\"@id\":\"https:\\\/\\\/www.boxrepsol.com\\\/es\\\/#\\\/schema\\\/logo\\\/image\\\/\"},\"sameAs\":[\"https:\\\/\\\/www.facebook.com\\\/BoxRepsol\",\"https:\\\/\\\/x.com\\\/box_repsol\",\"http:\\\/\\\/instagram.com\\\/box_repsol\",\"https:\\\/\\\/www.youtube.com\\\/user\\\/RepsolCompeticion\",\"https:\\\/\\\/www.flickr.com\\\/photos\\\/box_repsol\\\/\"]},{\"@type\":\"Person\",\"@id\":\"https:\\\/\\\/www.boxrepsol.com\\\/es\\\/#\\\/schema\\\/person\\\/c5c2138f2cca251b0ad92b7086bb60b7\",\"name\":\"Redacci\u00f3n Box Repsol\",\"image\":{\"@type\":\"ImageObject\",\"inLanguage\":\"es\",\"@id\":\"https:\\\/\\\/secure.gravatar.com\\\/avatar\\\/adf7b77e38b4419baf32c7e9c21dde01f4e40df611f0978e3006fc4ba0aaab7e?s=96&d=mm&r=g\",\"url\":\"https:\\\/\\\/secure.gravatar.com\\\/avatar\\\/adf7b77e38b4419baf32c7e9c21dde01f4e40df611f0978e3006fc4ba0aaab7e?s=96&d=mm&r=g\",\"contentUrl\":\"https:\\\/\\\/secure.gravatar.com\\\/avatar\\\/adf7b77e38b4419baf32c7e9c21dde01f4e40df611f0978e3006fc4ba0aaab7e?s=96&d=mm&r=g\",\"caption\":\"Redacci\u00f3n Box Repsol\"},\"description\":\"Box Repsol lo forma un equipo de periodistas, community managers, dise\u00f1adores y fot\u00f3grafos con m\u00e1s de 20 a\u00f1os de experiencia en el mundo del motorsport. Hemos vivido el primer mundial de un espa\u00f1ol en la categor\u00eda reina de motociclismo con \u00c1lex Crivill\u00e9, estuvimos en las victorias de Pedrosa y los t\u00edtulos de M\u00e1rquez, acompa\u00f1amos en \u00c1frica a Nani Roma y Marc Coma en sus conquistas del Dakar y hemos vibrado con los t\u00edtulos de Toni Bou en Trial. Adem\u00e1s, en nuestro equipo contamos con expertos en el mundo de las dos y cuatro ruedas tanto de la calle y las carreteras, como de los circuitos. Periodistas que han trabajado en revistas y publicaciones para hacerte llegar desde rutas y consejos de mantenimiento, a curiosidades y trucos de pilotaje.\",\"sameAs\":[\"https:\\\/\\\/www.facebook.com\\\/BoxRepsol\\\/\",\"https:\\\/\\\/www.instagram.com\\\/box_repsol\\\/\",\"https:\\\/\\\/x.com\\\/https:\\\/\\\/twitter.com\\\/box_repsol\",\"https:\\\/\\\/www.youtube.com\\\/@Boxrepsol\"],\"url\":\"https:\\\/\\\/www.boxrepsol.com\\\/es\\\/author\\\/redaccion-box-repsol\\\/\"}]}<\/script>\n<!-- \/ Yoast SEO plugin. -->","yoast_head_json":{"title":"MotoGP en Portugal 2023: Horarios y c\u00f3mo ver por televisi\u00f3n y online el arranque de la temporada - Box Repsol","description":"Descubre los horarios y sigue en directo toda la acci\u00f3n del Gran Premio de Portugal 2023 en directo y online.","canonical":"https:\/\/www.boxrepsol.com\/es\/motogp\/motogp-en-portugal-2023-horarios-y-como-ver-por-television-y-online-el-arranque-de-la-temporada\/","og_locale":"es_ES","og_type":"article","og_title":"MotoGP en Portugal 2023: Horarios y c\u00f3mo ver por televisi\u00f3n y online el arranque de la temporada - Box Repsol","og_description":"Descubre los horarios y sigue en directo toda la acci\u00f3n del Gran Premio de Portugal 2023 en directo y online.","og_url":"https:\/\/www.boxrepsol.com\/es\/motogp\/motogp-en-portugal-2023-horarios-y-como-ver-por-television-y-online-el-arranque-de-la-temporada\/","og_site_name":"Box Repsol","article_publisher":"https:\/\/www.facebook.com\/BoxRepsol","article_author":"https:\/\/www.facebook.com\/BoxRepsol\/","article_published_time":"2023-03-23T11:34:00+00:00","article_modified_time":"2024-04-23T16:18:54+00:00","og_image":[{"width":1280,"height":600,"url":"https:\/\/bxrepsol.s3.eu-west-1.amazonaws.com\/static\/2023\/03\/24083809\/JRB9938port-1.jpg","type":"image\/jpeg"}],"author":"Redacci\u00f3n Box Repsol","twitter_card":"summary_large_image","twitter_image":"https:\/\/bxrepsol.s3.eu-west-1.amazonaws.com\/static\/2023\/03\/24083809\/JRB9938port-1.jpg","twitter_creator":"@https:\/\/twitter.com\/box_repsol","twitter_site":"@box_repsol","twitter_misc":{"Written by":"Redacci\u00f3n Box Repsol","Est. reading time":"6 minutos"},"schema":{"@context":"https:\/\/schema.org","@graph":[{"@type":"Article","@id":"https:\/\/www.boxrepsol.com\/es\/motogp\/motogp-en-portugal-2023-horarios-y-como-ver-por-television-y-online-el-arranque-de-la-temporada\/#article","isPartOf":{"@id":"https:\/\/www.boxrepsol.com\/es\/motogp\/motogp-en-portugal-2023-horarios-y-como-ver-por-television-y-online-el-arranque-de-la-temporada\/"},"author":{"name":"Redacci\u00f3n Box Repsol","@id":"https:\/\/www.boxrepsol.com\/es\/#\/schema\/person\/c5c2138f2cca251b0ad92b7086bb60b7"},"headline":"MotoGP en Portugal 2023: Horarios y c\u00f3mo ver por televisi\u00f3n y online el arranque de la temporada","datePublished":"2023-03-23T11:34:00+00:00","dateModified":"2024-04-23T16:18:54+00:00","mainEntityOfPage":{"@id":"https:\/\/www.boxrepsol.com\/es\/motogp\/motogp-en-portugal-2023-horarios-y-como-ver-por-television-y-online-el-arranque-de-la-temporada\/"},"wordCount":1190,"commentCount":0,"publisher":{"@id":"https:\/\/www.boxrepsol.com\/es\/#organization"},"image":{"@id":"https:\/\/www.boxrepsol.com\/es\/motogp\/motogp-en-portugal-2023-horarios-y-como-ver-por-television-y-online-el-arranque-de-la-temporada\/#primaryimage"},"thumbnailUrl":"https:\/\/bxrepsol.s3.eu-west-1.amazonaws.com\/static\/2023\/03\/23093036\/JRB9938port.jpg","keywords":["2023","Joan Mir","Marc M\u00e1rquez","MotoGP Portugal"],"articleSection":["MotoGP"],"inLanguage":"es","potentialAction":[{"@type":"CommentAction","name":"Comment","target":["https:\/\/www.boxrepsol.com\/es\/motogp\/motogp-en-portugal-2023-horarios-y-como-ver-por-television-y-online-el-arranque-de-la-temporada\/#respond"]}]},{"@type":"WebPage","@id":"https:\/\/www.boxrepsol.com\/es\/motogp\/motogp-en-portugal-2023-horarios-y-como-ver-por-television-y-online-el-arranque-de-la-temporada\/","url":"https:\/\/www.boxrepsol.com\/es\/motogp\/motogp-en-portugal-2023-horarios-y-como-ver-por-television-y-online-el-arranque-de-la-temporada\/","name":"MotoGP en Portugal 2023: Horarios y c\u00f3mo ver por televisi\u00f3n y online el arranque de la temporada - Box Repsol","isPartOf":{"@id":"https:\/\/www.boxrepsol.com\/es\/#website"},"primaryImageOfPage":{"@id":"https:\/\/www.boxrepsol.com\/es\/motogp\/motogp-en-portugal-2023-horarios-y-como-ver-por-television-y-online-el-arranque-de-la-temporada\/#primaryimage"},"image":{"@id":"https:\/\/www.boxrepsol.com\/es\/motogp\/motogp-en-portugal-2023-horarios-y-como-ver-por-television-y-online-el-arranque-de-la-temporada\/#primaryimage"},"thumbnailUrl":"https:\/\/bxrepsol.s3.eu-west-1.amazonaws.com\/static\/2023\/03\/23093036\/JRB9938port.jpg","datePublished":"2023-03-23T11:34:00+00:00","dateModified":"2024-04-23T16:18:54+00:00","description":"Descubre los horarios y sigue en directo toda la acci\u00f3n del Gran Premio de Portugal 2023 en directo y online.","breadcrumb":{"@id":"https:\/\/www.boxrepsol.com\/es\/motogp\/motogp-en-portugal-2023-horarios-y-como-ver-por-television-y-online-el-arranque-de-la-temporada\/#breadcrumb"},"inLanguage":"es","potentialAction":[{"@type":"ReadAction","target":["https:\/\/www.boxrepsol.com\/es\/motogp\/motogp-en-portugal-2023-horarios-y-como-ver-por-television-y-online-el-arranque-de-la-temporada\/"]}]},{"@type":"ImageObject","inLanguage":"es","@id":"https:\/\/www.boxrepsol.com\/es\/motogp\/motogp-en-portugal-2023-horarios-y-como-ver-por-television-y-online-el-arranque-de-la-temporada\/#primaryimage","url":"https:\/\/bxrepsol.s3.eu-west-1.amazonaws.com\/static\/2023\/03\/23093036\/JRB9938port.jpg","contentUrl":"https:\/\/bxrepsol.s3.eu-west-1.amazonaws.com\/static\/2023\/03\/23093036\/JRB9938port.jpg","width":1280,"height":600},{"@type":"BreadcrumbList","@id":"https:\/\/www.boxrepsol.com\/es\/motogp\/motogp-en-portugal-2023-horarios-y-como-ver-por-television-y-online-el-arranque-de-la-temporada\/#breadcrumb","itemListElement":[{"@type":"ListItem","position":1,"name":"Home","item":"https:\/\/www.boxrepsol.com\/es\/"},{"@type":"ListItem","position":2,"name":"MotoGP en Portugal 2023: Horarios y c\u00f3mo ver por televisi\u00f3n y online el arranque de la temporada"}]},{"@type":"WebSite","@id":"https:\/\/www.boxrepsol.com\/es\/#website","url":"https:\/\/www.boxrepsol.com\/es\/","name":"Box Repsol","description":"Box Repsol Site","publisher":{"@id":"https:\/\/www.boxrepsol.com\/es\/#organization"},"potentialAction":[{"@type":"SearchAction","target":{"@type":"EntryPoint","urlTemplate":"https:\/\/www.boxrepsol.com\/es\/?s={search_term_string}"},"query-input":{"@type":"PropertyValueSpecification","valueRequired":true,"valueName":"search_term_string"}}],"inLanguage":"es"},{"@type":"Organization","@id":"https:\/\/www.boxrepsol.com\/es\/#organization","name":"Box Repsol","url":"https:\/\/www.boxrepsol.com\/es\/","logo":{"@type":"ImageObject","inLanguage":"es","@id":"https:\/\/www.boxrepsol.com\/es\/#\/schema\/logo\/image\/","url":"https:\/\/bxrepsol.s3.eu-west-1.amazonaws.com\/static\/2025\/07\/30083337\/favicon-96x96-1.png","contentUrl":"https:\/\/bxrepsol.s3.eu-west-1.amazonaws.com\/static\/2025\/07\/30083337\/favicon-96x96-1.png","width":96,"height":96,"caption":"Box Repsol"},"image":{"@id":"https:\/\/www.boxrepsol.com\/es\/#\/schema\/logo\/image\/"},"sameAs":["https:\/\/www.facebook.com\/BoxRepsol","https:\/\/x.com\/box_repsol","http:\/\/instagram.com\/box_repsol","https:\/\/www.youtube.com\/user\/RepsolCompeticion","https:\/\/www.flickr.com\/photos\/box_repsol\/"]},{"@type":"Person","@id":"https:\/\/www.boxrepsol.com\/es\/#\/schema\/person\/c5c2138f2cca251b0ad92b7086bb60b7","name":"Redacci\u00f3n Box Repsol","image":{"@type":"ImageObject","inLanguage":"es","@id":"https:\/\/secure.gravatar.com\/avatar\/adf7b77e38b4419baf32c7e9c21dde01f4e40df611f0978e3006fc4ba0aaab7e?s=96&d=mm&r=g","url":"https:\/\/secure.gravatar.com\/avatar\/adf7b77e38b4419baf32c7e9c21dde01f4e40df611f0978e3006fc4ba0aaab7e?s=96&d=mm&r=g","contentUrl":"https:\/\/secure.gravatar.com\/avatar\/adf7b77e38b4419baf32c7e9c21dde01f4e40df611f0978e3006fc4ba0aaab7e?s=96&d=mm&r=g","caption":"Redacci\u00f3n Box Repsol"},"description":"Box Repsol lo forma un equipo de periodistas, community managers, dise\u00f1adores y fot\u00f3grafos con m\u00e1s de 20 a\u00f1os de experiencia en el mundo del motorsport. Hemos vivido el primer mundial de un espa\u00f1ol en la categor\u00eda reina de motociclismo con \u00c1lex Crivill\u00e9, estuvimos en las victorias de Pedrosa y los t\u00edtulos de M\u00e1rquez, acompa\u00f1amos en \u00c1frica a Nani Roma y Marc Coma en sus conquistas del Dakar y hemos vibrado con los t\u00edtulos de Toni Bou en Trial. Adem\u00e1s, en nuestro equipo contamos con expertos en el mundo de las dos y cuatro ruedas tanto de la calle y las carreteras, como de los circuitos. Periodistas que han trabajado en revistas y publicaciones para hacerte llegar desde rutas y consejos de mantenimiento, a curiosidades y trucos de pilotaje.","sameAs":["https:\/\/www.facebook.com\/BoxRepsol\/","https:\/\/www.instagram.com\/box_repsol\/","https:\/\/x.com\/https:\/\/twitter.com\/box_repsol","https:\/\/www.youtube.com\/@Boxrepsol"],"url":"https:\/\/www.boxrepsol.com\/es\/author\/redaccion-box-repsol\/"}]}},"_links":{"self":[{"href":"https:\/\/www.boxrepsol.com\/es\/wp-json\/wp\/v2\/posts\/99776","targetHints":{"allow":["GET"]}}],"collection":[{"href":"https:\/\/www.boxrepsol.com\/es\/wp-json\/wp\/v2\/posts"}],"about":[{"href":"https:\/\/www.boxrepsol.com\/es\/wp-json\/wp\/v2\/types\/post"}],"author":[{"embeddable":true,"href":"https:\/\/www.boxrepsol.com\/es\/wp-json\/wp\/v2\/users\/43146"}],"replies":[{"embeddable":true,"href":"https:\/\/www.boxrepsol.com\/es\/wp-json\/wp\/v2\/comments?post=99776"}],"version-history":[{"count":8,"href":"https:\/\/www.boxrepsol.com\/es\/wp-json\/wp\/v2\/posts\/99776\/revisions"}],"predecessor-version":[{"id":115358,"href":"https:\/\/www.boxrepsol.com\/es\/wp-json\/wp\/v2\/posts\/99776\/revisions\/115358"}],"wp:featuredmedia":[{"embeddable":true,"href":"https:\/\/www.boxrepsol.com\/es\/wp-json\/wp\/v2\/media\/99777"}],"wp:attachment":[{"href":"https:\/\/www.boxrepsol.com\/es\/wp-json\/wp\/v2\/media?parent=99776"}],"wp:term":[{"taxonomy":"category","embeddable":true,"href":"https:\/\/www.boxrepsol.com\/es\/wp-json\/wp\/v2\/categories?post=99776"},{"taxonomy":"post_tag","embeddable":true,"href":"https:\/\/www.boxrepsol.com\/es\/wp-json\/wp\/v2\/tags?post=99776"}],"curies":[{"name":"wp","href":"https:\/\/api.w.org\/{rel}","templated":true}]}}