{"id":99619,"date":"2023-03-22T12:25:40","date_gmt":"2023-03-22T14:25:40","guid":{"rendered":"https:\/\/www.boxrepsol.com\/?p=99619"},"modified":"2024-04-08T08:10:49","modified_gmt":"2024-04-08T10:10:49","slug":"el-repsol-honda-trial-team-se-enfrenta-a-la-tercera-ronda-del-mundial-de-x-trial-en-pamplona","status":"publish","type":"post","link":"https:\/\/www.boxrepsol.com\/es\/trial\/el-repsol-honda-trial-team-se-enfrenta-a-la-tercera-ronda-del-mundial-de-x-trial-en-pamplona\/","title":{"rendered":"El Repsol Honda Trial Team se enfrenta a la tercera ronda del Mundial de X-Trial en Pamplona"},"content":{"rendered":"<figure class=\"wp-block-post-featured-image\"><img loading=\"lazy\" decoding=\"async\" width=\"1280\" height=\"600\" src=\"https:\/\/bxrepsol.s3.eu-west-1.amazonaws.com\/static\/2023\/03\/22122046\/x-trial23_r2_05703_ps1.jpg\" class=\"attachment-post-thumbnail size-post-thumbnail wp-post-image\" alt=\"\" style=\"object-fit:cover;\" srcset=\"https:\/\/bxrepsol.s3.eu-west-1.amazonaws.com\/static\/2023\/03\/22122046\/x-trial23_r2_05703_ps1.jpg 1280w, https:\/\/bxrepsol.s3.eu-west-1.amazonaws.com\/static\/2023\/03\/22122046\/x-trial23_r2_05703_ps1-300x141.jpg 300w, https:\/\/bxrepsol.s3.eu-west-1.amazonaws.com\/static\/2023\/03\/22122046\/x-trial23_r2_05703_ps1-1024x480.jpg 1024w, https:\/\/bxrepsol.s3.eu-west-1.amazonaws.com\/static\/2023\/03\/22122046\/x-trial23_r2_05703_ps1-768x360.jpg 768w\" sizes=\"auto, (max-width: 1280px) 100vw, 1280px\" \/><\/figure>\n\n<p>El pr\u00f3ximo s\u00e1bado 25 de marzo, Pamplona acoger\u00e1 por primera vez el Mundial de X-Trial. El Navarra Arena ser\u00e1 el escenario en el que se disputar\u00e1 la tercera ronda de la temporada a la que Toni Bou llega como l\u00edder de la clasificaci\u00f3n y Gabriel Marcelli tercero, tras los resultados cosechados en las dos citas disputadas hasta el momento.<\/p>\n<p>Despu\u00e9s de conseguir la segunda posici\u00f3n en la \u00faltima carrera disputada en Austria y la victoria en la cita inaugural en el Palau Sant Jordi, Toni Bou llega a la tercera prueba de la temporada como l\u00edder del campeonato. Con 38 puntos en la general, el 32 veces Campe\u00f3n del Mundo buscar\u00e1 subirse a lo m\u00e1s alto del podio y consolidar su liderato, en el que cuenta con 5 puntos de ventaja sobre el segundo clasificado.<\/p>\n<p>Su compa\u00f1ero, Gabriel Marcelli, se mantiene dentro del top 3 en la general tras la segunda posici\u00f3n conseguida en Barcelona y su cuarto puesto en la \u00faltima ronda disputada en Wiener Neustadt. El piloto del Repsol Honda Trial Team tiene como objetivo continuar en la lucha por el campeonato y subirse de nuevo al podio.<\/p>\n<p>La tercera ronda de la temporada dar\u00e1 comienzo a las 19.00 horas en el Navarra Arena.<\/p>\n\n\n<div class=\"br-slider-box\"><div class=\"wp-block-create-block-repsol-carousel br-slider\"><a href=\"https:\/\/bxrepsol.s3.eu-west-1.amazonaws.com\/static\/2023\/03\/22122256\/x-trial23_r2_bou_05859_ps-scaled.jpg\" data-index=\"0\" class=\"br-slide\"><img decoding=\"async\" src=\"https:\/\/bxrepsol.s3.eu-west-1.amazonaws.com\/static\/2023\/03\/22122256\/x-trial23_r2_bou_05859_ps-scaled.jpg\"\/><\/a><a href=\"https:\/\/bxrepsol.s3.eu-west-1.amazonaws.com\/static\/2023\/03\/22122303\/x-trial23_r2_09077_ps-scaled.jpg\" data-index=\"1\" class=\"br-slide\"><img decoding=\"async\" src=\"https:\/\/bxrepsol.s3.eu-west-1.amazonaws.com\/static\/2023\/03\/22122303\/x-trial23_r2_09077_ps-scaled.jpg\"\/><\/a><a href=\"https:\/\/bxrepsol.s3.eu-west-1.amazonaws.com\/static\/2023\/03\/22122309\/x-trial23_r2_bou_06003_ps-scaled.jpg\" data-index=\"2\" class=\"br-slide\"><img decoding=\"async\" src=\"https:\/\/bxrepsol.s3.eu-west-1.amazonaws.com\/static\/2023\/03\/22122309\/x-trial23_r2_bou_06003_ps-scaled.jpg\"\/><\/a><a href=\"https:\/\/bxrepsol.s3.eu-west-1.amazonaws.com\/static\/2023\/03\/22122316\/x-trial23_r2_bou_06217_ps-scaled.jpg\" data-index=\"3\" class=\"br-slide\"><img decoding=\"async\" src=\"https:\/\/bxrepsol.s3.eu-west-1.amazonaws.com\/static\/2023\/03\/22122316\/x-trial23_r2_bou_06217_ps-scaled.jpg\"\/><\/a><a href=\"https:\/\/bxrepsol.s3.eu-west-1.amazonaws.com\/static\/2023\/03\/22122323\/x-trial23_r2_bou_06335_ps-scaled.jpg\" data-index=\"4\" class=\"br-slide\"><img decoding=\"async\" src=\"https:\/\/bxrepsol.s3.eu-west-1.amazonaws.com\/static\/2023\/03\/22122323\/x-trial23_r2_bou_06335_ps-scaled.jpg\"\/><\/a><\/div><div class=\"br-slider-buttons\"><button class=\"arrow rds-icon arrow--left rds-icon-Arrow_left\"><\/button><button class=\"arrow rds-icon arrow--right rds-icon-Arrow_right\"><\/button><\/div><\/div>\n\n\n<h3>Declaraciones\u00a0<\/h3>\n<p><strong>Toni Bou<\/strong><\/p>\n<p>\u00ab<em>Para nosotros tener sedes nuevas es algo fant\u00e1stico, estoy muy contento. En Pamplona buscaremos luchar por la victoria, tenemos que ser competitivos y estar delante. Lo m\u00e1s importante ser\u00e1 ir pasando cada ronda intentando no acumular muchos puntos. Va a ser un campeonato muy apretado, como en los \u00faltimos a\u00f1os, y cualquier fallo puede dejarte fuera de la lucha. Ser\u00e1 clave no cometer errores, estar centrados y marcar diferencias donde se pueda<\/em>\u00ab.<\/p>\n<p><strong>Gabriel Marcelli<\/strong><\/p>\n<p>\u00ab<em>Est\u00e1 muy bien que lugares diferentes se animen a organizar competiciones de Trial y espero que hagan una carrera de alto nivel. Las dos primeras rondas estuvieron muy apretadas, en Austria se nos escap\u00f3 entrar en la final por muy poquito, as\u00ed que afrontamos la tercera cita con muchas ganas. El objetivo en Pamplona ser\u00e1 luchar por la victoria y recoger los m\u00e1ximos puntos posibles para recortar diferencias en la clasificaci\u00f3n general<\/em>\u00ab.<\/p>\n<p><strong>Takahisa Fujinami<\/strong><\/p>\n<p>\u00ab<em>Estamos muy contentos con la nueva incorporaci\u00f3n de Pamplona. Es una cita m\u00e1s en casa y esto supone una motivaci\u00f3n extra para nuestros pilotos. Esperamos que sea una buena carrera, con zonas muy espectaculares. En el campeonato tenemos a Toni primero y Gabri tercero, y nuestro objetivo es estar en lo m\u00e1s alto para repetir los resultados de Barcelona. Hemos entrenado duro y estamos preparados para la tercera prueba del campeonato<\/em>\u00ab.<\/p>","protected":false},"excerpt":{"rendered":"<p>Toni Bou llega a la tercera cita de la temporada como l\u00edder del campeonato y su compa\u00f1ero, Gabriel Marcelli, es tercero. Ser\u00e1 la primera vez que la capital navarra acoja el Campeonato de X-Trial.<\/p>\n","protected":false},"author":43146,"featured_media":99620,"comment_status":"open","ping_status":"open","sticky":false,"template":"","format":"standard","meta":{"footnotes":""},"categories":[23],"tags":[269,203,21,26],"class_list":["post-99619","post","type-post","status-publish","format-standard","hentry","category-trial","tag-269","tag-gabri-marcelli","tag-toni-bou","tag-trial"],"yoast_head":"<!-- This site is optimized with the Yoast SEO plugin v27.3 - https:\/\/yoast.com\/product\/yoast-seo-wordpress\/ -->\n<title>El Repsol Honda Trial Team se enfrenta a la tercera ronda del Mundial de X-Trial en Pamplona - Box Repsol<\/title>\n<meta name=\"description\" content=\"El equipo Repsol Honda de Trial se prepara para la tercera cita del Mundial de X-Trial en Pamplona, Navarra.\" \/>\n<link rel=\"canonical\" href=\"https:\/\/www.boxrepsol.com\/es\/trial\/el-repsol-honda-trial-team-se-enfrenta-a-la-tercera-ronda-del-mundial-de-x-trial-en-pamplona\/\" \/>\n<meta property=\"og:locale\" content=\"es_ES\" \/>\n<meta property=\"og:type\" content=\"article\" \/>\n<meta property=\"og:title\" content=\"El Repsol Honda Trial Team se enfrenta a la tercera ronda del Mundial de X-Trial en Pamplona - Box Repsol\" \/>\n<meta property=\"og:description\" content=\"El equipo Repsol Honda de Trial se prepara para la tercera cita del Mundial de X-Trial en Pamplona, Navarra.\" \/>\n<meta property=\"og:url\" content=\"https:\/\/www.boxrepsol.com\/es\/trial\/el-repsol-honda-trial-team-se-enfrenta-a-la-tercera-ronda-del-mundial-de-x-trial-en-pamplona\/\" \/>\n<meta property=\"og:site_name\" content=\"Box Repsol\" \/>\n<meta property=\"article:publisher\" content=\"https:\/\/www.facebook.com\/BoxRepsol\" \/>\n<meta property=\"article:author\" content=\"https:\/\/www.facebook.com\/BoxRepsol\/\" \/>\n<meta property=\"article:published_time\" content=\"2023-03-22T14:25:40+00:00\" \/>\n<meta property=\"article:modified_time\" content=\"2024-04-08T10:10:49+00:00\" \/>\n<meta property=\"og:image\" content=\"https:\/\/bxrepsol.s3.eu-west-1.amazonaws.com\/static\/2023\/03\/22122046\/x-trial23_r2_05703_ps1.jpg\" \/>\n\t<meta property=\"og:image:width\" content=\"1280\" \/>\n\t<meta property=\"og:image:height\" content=\"600\" \/>\n\t<meta property=\"og:image:type\" content=\"image\/jpeg\" \/>\n<meta name=\"author\" content=\"Redacci\u00f3n Box Repsol\" \/>\n<meta name=\"twitter:card\" content=\"summary_large_image\" \/>\n<meta name=\"twitter:creator\" content=\"@https:\/\/twitter.com\/box_repsol\" \/>\n<meta name=\"twitter:site\" content=\"@box_repsol\" \/>\n<meta name=\"twitter:label1\" content=\"Written by\" \/>\n\t<meta name=\"twitter:data1\" content=\"Redacci\u00f3n Box Repsol\" \/>\n\t<meta name=\"twitter:label2\" content=\"Est. reading time\" \/>\n\t<meta name=\"twitter:data2\" content=\"2 minutos\" \/>\n<script type=\"application\/ld+json\" class=\"yoast-schema-graph\">{\"@context\":\"https:\\\/\\\/schema.org\",\"@graph\":[{\"@type\":\"Article\",\"@id\":\"https:\\\/\\\/www.boxrepsol.com\\\/es\\\/trial\\\/el-repsol-honda-trial-team-se-enfrenta-a-la-tercera-ronda-del-mundial-de-x-trial-en-pamplona\\\/#article\",\"isPartOf\":{\"@id\":\"https:\\\/\\\/www.boxrepsol.com\\\/es\\\/trial\\\/el-repsol-honda-trial-team-se-enfrenta-a-la-tercera-ronda-del-mundial-de-x-trial-en-pamplona\\\/\"},\"author\":{\"name\":\"Redacci\u00f3n Box Repsol\",\"@id\":\"https:\\\/\\\/www.boxrepsol.com\\\/es\\\/#\\\/schema\\\/person\\\/c5c2138f2cca251b0ad92b7086bb60b7\"},\"headline\":\"El Repsol Honda Trial Team se enfrenta a la tercera ronda del Mundial de X-Trial en Pamplona\",\"datePublished\":\"2023-03-22T14:25:40+00:00\",\"dateModified\":\"2024-04-08T10:10:49+00:00\",\"mainEntityOfPage\":{\"@id\":\"https:\\\/\\\/www.boxrepsol.com\\\/es\\\/trial\\\/el-repsol-honda-trial-team-se-enfrenta-a-la-tercera-ronda-del-mundial-de-x-trial-en-pamplona\\\/\"},\"wordCount\":459,\"commentCount\":0,\"publisher\":{\"@id\":\"https:\\\/\\\/www.boxrepsol.com\\\/es\\\/#organization\"},\"image\":{\"@id\":\"https:\\\/\\\/www.boxrepsol.com\\\/es\\\/trial\\\/el-repsol-honda-trial-team-se-enfrenta-a-la-tercera-ronda-del-mundial-de-x-trial-en-pamplona\\\/#primaryimage\"},\"thumbnailUrl\":\"https:\\\/\\\/bxrepsol.s3.eu-west-1.amazonaws.com\\\/static\\\/2023\\\/03\\\/22122046\\\/x-trial23_r2_05703_ps1.jpg\",\"keywords\":[\"2023\",\"Gabri Marcelli\",\"Toni Bou\",\"trial\"],\"articleSection\":[\"Trial\"],\"inLanguage\":\"es\",\"potentialAction\":[{\"@type\":\"CommentAction\",\"name\":\"Comment\",\"target\":[\"https:\\\/\\\/www.boxrepsol.com\\\/es\\\/trial\\\/el-repsol-honda-trial-team-se-enfrenta-a-la-tercera-ronda-del-mundial-de-x-trial-en-pamplona\\\/#respond\"]}]},{\"@type\":\"WebPage\",\"@id\":\"https:\\\/\\\/www.boxrepsol.com\\\/es\\\/trial\\\/el-repsol-honda-trial-team-se-enfrenta-a-la-tercera-ronda-del-mundial-de-x-trial-en-pamplona\\\/\",\"url\":\"https:\\\/\\\/www.boxrepsol.com\\\/es\\\/trial\\\/el-repsol-honda-trial-team-se-enfrenta-a-la-tercera-ronda-del-mundial-de-x-trial-en-pamplona\\\/\",\"name\":\"El Repsol Honda Trial Team se enfrenta a la tercera ronda del Mundial de X-Trial en Pamplona - Box Repsol\",\"isPartOf\":{\"@id\":\"https:\\\/\\\/www.boxrepsol.com\\\/es\\\/#website\"},\"primaryImageOfPage\":{\"@id\":\"https:\\\/\\\/www.boxrepsol.com\\\/es\\\/trial\\\/el-repsol-honda-trial-team-se-enfrenta-a-la-tercera-ronda-del-mundial-de-x-trial-en-pamplona\\\/#primaryimage\"},\"image\":{\"@id\":\"https:\\\/\\\/www.boxrepsol.com\\\/es\\\/trial\\\/el-repsol-honda-trial-team-se-enfrenta-a-la-tercera-ronda-del-mundial-de-x-trial-en-pamplona\\\/#primaryimage\"},\"thumbnailUrl\":\"https:\\\/\\\/bxrepsol.s3.eu-west-1.amazonaws.com\\\/static\\\/2023\\\/03\\\/22122046\\\/x-trial23_r2_05703_ps1.jpg\",\"datePublished\":\"2023-03-22T14:25:40+00:00\",\"dateModified\":\"2024-04-08T10:10:49+00:00\",\"description\":\"El equipo Repsol Honda de Trial se prepara para la tercera cita del Mundial de X-Trial en Pamplona, Navarra.\",\"breadcrumb\":{\"@id\":\"https:\\\/\\\/www.boxrepsol.com\\\/es\\\/trial\\\/el-repsol-honda-trial-team-se-enfrenta-a-la-tercera-ronda-del-mundial-de-x-trial-en-pamplona\\\/#breadcrumb\"},\"inLanguage\":\"es\",\"potentialAction\":[{\"@type\":\"ReadAction\",\"target\":[\"https:\\\/\\\/www.boxrepsol.com\\\/es\\\/trial\\\/el-repsol-honda-trial-team-se-enfrenta-a-la-tercera-ronda-del-mundial-de-x-trial-en-pamplona\\\/\"]}]},{\"@type\":\"ImageObject\",\"inLanguage\":\"es\",\"@id\":\"https:\\\/\\\/www.boxrepsol.com\\\/es\\\/trial\\\/el-repsol-honda-trial-team-se-enfrenta-a-la-tercera-ronda-del-mundial-de-x-trial-en-pamplona\\\/#primaryimage\",\"url\":\"https:\\\/\\\/bxrepsol.s3.eu-west-1.amazonaws.com\\\/static\\\/2023\\\/03\\\/22122046\\\/x-trial23_r2_05703_ps1.jpg\",\"contentUrl\":\"https:\\\/\\\/bxrepsol.s3.eu-west-1.amazonaws.com\\\/static\\\/2023\\\/03\\\/22122046\\\/x-trial23_r2_05703_ps1.jpg\",\"width\":1280,\"height\":600},{\"@type\":\"BreadcrumbList\",\"@id\":\"https:\\\/\\\/www.boxrepsol.com\\\/es\\\/trial\\\/el-repsol-honda-trial-team-se-enfrenta-a-la-tercera-ronda-del-mundial-de-x-trial-en-pamplona\\\/#breadcrumb\",\"itemListElement\":[{\"@type\":\"ListItem\",\"position\":1,\"name\":\"Home\",\"item\":\"https:\\\/\\\/www.boxrepsol.com\\\/es\\\/\"},{\"@type\":\"ListItem\",\"position\":2,\"name\":\"El Repsol Honda Trial Team se enfrenta a la tercera ronda del Mundial de X-Trial en Pamplona\"}]},{\"@type\":\"WebSite\",\"@id\":\"https:\\\/\\\/www.boxrepsol.com\\\/es\\\/#website\",\"url\":\"https:\\\/\\\/www.boxrepsol.com\\\/es\\\/\",\"name\":\"Box Repsol\",\"description\":\"Box Repsol Site\",\"publisher\":{\"@id\":\"https:\\\/\\\/www.boxrepsol.com\\\/es\\\/#organization\"},\"potentialAction\":[{\"@type\":\"SearchAction\",\"target\":{\"@type\":\"EntryPoint\",\"urlTemplate\":\"https:\\\/\\\/www.boxrepsol.com\\\/es\\\/?s={search_term_string}\"},\"query-input\":{\"@type\":\"PropertyValueSpecification\",\"valueRequired\":true,\"valueName\":\"search_term_string\"}}],\"inLanguage\":\"es\"},{\"@type\":\"Organization\",\"@id\":\"https:\\\/\\\/www.boxrepsol.com\\\/es\\\/#organization\",\"name\":\"Box Repsol\",\"url\":\"https:\\\/\\\/www.boxrepsol.com\\\/es\\\/\",\"logo\":{\"@type\":\"ImageObject\",\"inLanguage\":\"es\",\"@id\":\"https:\\\/\\\/www.boxrepsol.com\\\/es\\\/#\\\/schema\\\/logo\\\/image\\\/\",\"url\":\"https:\\\/\\\/bxrepsol.s3.eu-west-1.amazonaws.com\\\/static\\\/2025\\\/07\\\/30083337\\\/favicon-96x96-1.png\",\"contentUrl\":\"https:\\\/\\\/bxrepsol.s3.eu-west-1.amazonaws.com\\\/static\\\/2025\\\/07\\\/30083337\\\/favicon-96x96-1.png\",\"width\":96,\"height\":96,\"caption\":\"Box Repsol\"},\"image\":{\"@id\":\"https:\\\/\\\/www.boxrepsol.com\\\/es\\\/#\\\/schema\\\/logo\\\/image\\\/\"},\"sameAs\":[\"https:\\\/\\\/www.facebook.com\\\/BoxRepsol\",\"https:\\\/\\\/x.com\\\/box_repsol\",\"http:\\\/\\\/instagram.com\\\/box_repsol\",\"https:\\\/\\\/www.youtube.com\\\/user\\\/RepsolCompeticion\",\"https:\\\/\\\/www.flickr.com\\\/photos\\\/box_repsol\\\/\"]},{\"@type\":\"Person\",\"@id\":\"https:\\\/\\\/www.boxrepsol.com\\\/es\\\/#\\\/schema\\\/person\\\/c5c2138f2cca251b0ad92b7086bb60b7\",\"name\":\"Redacci\u00f3n Box Repsol\",\"image\":{\"@type\":\"ImageObject\",\"inLanguage\":\"es\",\"@id\":\"https:\\\/\\\/secure.gravatar.com\\\/avatar\\\/adf7b77e38b4419baf32c7e9c21dde01f4e40df611f0978e3006fc4ba0aaab7e?s=96&d=mm&r=g\",\"url\":\"https:\\\/\\\/secure.gravatar.com\\\/avatar\\\/adf7b77e38b4419baf32c7e9c21dde01f4e40df611f0978e3006fc4ba0aaab7e?s=96&d=mm&r=g\",\"contentUrl\":\"https:\\\/\\\/secure.gravatar.com\\\/avatar\\\/adf7b77e38b4419baf32c7e9c21dde01f4e40df611f0978e3006fc4ba0aaab7e?s=96&d=mm&r=g\",\"caption\":\"Redacci\u00f3n Box Repsol\"},\"description\":\"Box Repsol lo forma un equipo de periodistas, community managers, dise\u00f1adores y fot\u00f3grafos con m\u00e1s de 20 a\u00f1os de experiencia en el mundo del motorsport. Hemos vivido el primer mundial de un espa\u00f1ol en la categor\u00eda reina de motociclismo con \u00c1lex Crivill\u00e9, estuvimos en las victorias de Pedrosa y los t\u00edtulos de M\u00e1rquez, acompa\u00f1amos en \u00c1frica a Nani Roma y Marc Coma en sus conquistas del Dakar y hemos vibrado con los t\u00edtulos de Toni Bou en Trial. Adem\u00e1s, en nuestro equipo contamos con expertos en el mundo de las dos y cuatro ruedas tanto de la calle y las carreteras, como de los circuitos. Periodistas que han trabajado en revistas y publicaciones para hacerte llegar desde rutas y consejos de mantenimiento, a curiosidades y trucos de pilotaje.\",\"sameAs\":[\"https:\\\/\\\/www.facebook.com\\\/BoxRepsol\\\/\",\"https:\\\/\\\/www.instagram.com\\\/box_repsol\\\/\",\"https:\\\/\\\/x.com\\\/https:\\\/\\\/twitter.com\\\/box_repsol\",\"https:\\\/\\\/www.youtube.com\\\/@Boxrepsol\"],\"url\":\"https:\\\/\\\/www.boxrepsol.com\\\/es\\\/author\\\/redaccion-box-repsol\\\/\"}]}<\/script>\n<!-- \/ Yoast SEO plugin. -->","yoast_head_json":{"title":"El Repsol Honda Trial Team se enfrenta a la tercera ronda del Mundial de X-Trial en Pamplona - Box Repsol","description":"El equipo Repsol Honda de Trial se prepara para la tercera cita del Mundial de X-Trial en Pamplona, Navarra.","canonical":"https:\/\/www.boxrepsol.com\/es\/trial\/el-repsol-honda-trial-team-se-enfrenta-a-la-tercera-ronda-del-mundial-de-x-trial-en-pamplona\/","og_locale":"es_ES","og_type":"article","og_title":"El Repsol Honda Trial Team se enfrenta a la tercera ronda del Mundial de X-Trial en Pamplona - Box Repsol","og_description":"El equipo Repsol Honda de Trial se prepara para la tercera cita del Mundial de X-Trial en Pamplona, Navarra.","og_url":"https:\/\/www.boxrepsol.com\/es\/trial\/el-repsol-honda-trial-team-se-enfrenta-a-la-tercera-ronda-del-mundial-de-x-trial-en-pamplona\/","og_site_name":"Box Repsol","article_publisher":"https:\/\/www.facebook.com\/BoxRepsol","article_author":"https:\/\/www.facebook.com\/BoxRepsol\/","article_published_time":"2023-03-22T14:25:40+00:00","article_modified_time":"2024-04-08T10:10:49+00:00","og_image":[{"width":1280,"height":600,"url":"https:\/\/bxrepsol.s3.eu-west-1.amazonaws.com\/static\/2023\/03\/22122046\/x-trial23_r2_05703_ps1.jpg","type":"image\/jpeg"}],"author":"Redacci\u00f3n Box Repsol","twitter_card":"summary_large_image","twitter_creator":"@https:\/\/twitter.com\/box_repsol","twitter_site":"@box_repsol","twitter_misc":{"Written by":"Redacci\u00f3n Box Repsol","Est. reading time":"2 minutos"},"schema":{"@context":"https:\/\/schema.org","@graph":[{"@type":"Article","@id":"https:\/\/www.boxrepsol.com\/es\/trial\/el-repsol-honda-trial-team-se-enfrenta-a-la-tercera-ronda-del-mundial-de-x-trial-en-pamplona\/#article","isPartOf":{"@id":"https:\/\/www.boxrepsol.com\/es\/trial\/el-repsol-honda-trial-team-se-enfrenta-a-la-tercera-ronda-del-mundial-de-x-trial-en-pamplona\/"},"author":{"name":"Redacci\u00f3n Box Repsol","@id":"https:\/\/www.boxrepsol.com\/es\/#\/schema\/person\/c5c2138f2cca251b0ad92b7086bb60b7"},"headline":"El Repsol Honda Trial Team se enfrenta a la tercera ronda del Mundial de X-Trial en Pamplona","datePublished":"2023-03-22T14:25:40+00:00","dateModified":"2024-04-08T10:10:49+00:00","mainEntityOfPage":{"@id":"https:\/\/www.boxrepsol.com\/es\/trial\/el-repsol-honda-trial-team-se-enfrenta-a-la-tercera-ronda-del-mundial-de-x-trial-en-pamplona\/"},"wordCount":459,"commentCount":0,"publisher":{"@id":"https:\/\/www.boxrepsol.com\/es\/#organization"},"image":{"@id":"https:\/\/www.boxrepsol.com\/es\/trial\/el-repsol-honda-trial-team-se-enfrenta-a-la-tercera-ronda-del-mundial-de-x-trial-en-pamplona\/#primaryimage"},"thumbnailUrl":"https:\/\/bxrepsol.s3.eu-west-1.amazonaws.com\/static\/2023\/03\/22122046\/x-trial23_r2_05703_ps1.jpg","keywords":["2023","Gabri Marcelli","Toni Bou","trial"],"articleSection":["Trial"],"inLanguage":"es","potentialAction":[{"@type":"CommentAction","name":"Comment","target":["https:\/\/www.boxrepsol.com\/es\/trial\/el-repsol-honda-trial-team-se-enfrenta-a-la-tercera-ronda-del-mundial-de-x-trial-en-pamplona\/#respond"]}]},{"@type":"WebPage","@id":"https:\/\/www.boxrepsol.com\/es\/trial\/el-repsol-honda-trial-team-se-enfrenta-a-la-tercera-ronda-del-mundial-de-x-trial-en-pamplona\/","url":"https:\/\/www.boxrepsol.com\/es\/trial\/el-repsol-honda-trial-team-se-enfrenta-a-la-tercera-ronda-del-mundial-de-x-trial-en-pamplona\/","name":"El Repsol Honda Trial Team se enfrenta a la tercera ronda del Mundial de X-Trial en Pamplona - Box Repsol","isPartOf":{"@id":"https:\/\/www.boxrepsol.com\/es\/#website"},"primaryImageOfPage":{"@id":"https:\/\/www.boxrepsol.com\/es\/trial\/el-repsol-honda-trial-team-se-enfrenta-a-la-tercera-ronda-del-mundial-de-x-trial-en-pamplona\/#primaryimage"},"image":{"@id":"https:\/\/www.boxrepsol.com\/es\/trial\/el-repsol-honda-trial-team-se-enfrenta-a-la-tercera-ronda-del-mundial-de-x-trial-en-pamplona\/#primaryimage"},"thumbnailUrl":"https:\/\/bxrepsol.s3.eu-west-1.amazonaws.com\/static\/2023\/03\/22122046\/x-trial23_r2_05703_ps1.jpg","datePublished":"2023-03-22T14:25:40+00:00","dateModified":"2024-04-08T10:10:49+00:00","description":"El equipo Repsol Honda de Trial se prepara para la tercera cita del Mundial de X-Trial en Pamplona, Navarra.","breadcrumb":{"@id":"https:\/\/www.boxrepsol.com\/es\/trial\/el-repsol-honda-trial-team-se-enfrenta-a-la-tercera-ronda-del-mundial-de-x-trial-en-pamplona\/#breadcrumb"},"inLanguage":"es","potentialAction":[{"@type":"ReadAction","target":["https:\/\/www.boxrepsol.com\/es\/trial\/el-repsol-honda-trial-team-se-enfrenta-a-la-tercera-ronda-del-mundial-de-x-trial-en-pamplona\/"]}]},{"@type":"ImageObject","inLanguage":"es","@id":"https:\/\/www.boxrepsol.com\/es\/trial\/el-repsol-honda-trial-team-se-enfrenta-a-la-tercera-ronda-del-mundial-de-x-trial-en-pamplona\/#primaryimage","url":"https:\/\/bxrepsol.s3.eu-west-1.amazonaws.com\/static\/2023\/03\/22122046\/x-trial23_r2_05703_ps1.jpg","contentUrl":"https:\/\/bxrepsol.s3.eu-west-1.amazonaws.com\/static\/2023\/03\/22122046\/x-trial23_r2_05703_ps1.jpg","width":1280,"height":600},{"@type":"BreadcrumbList","@id":"https:\/\/www.boxrepsol.com\/es\/trial\/el-repsol-honda-trial-team-se-enfrenta-a-la-tercera-ronda-del-mundial-de-x-trial-en-pamplona\/#breadcrumb","itemListElement":[{"@type":"ListItem","position":1,"name":"Home","item":"https:\/\/www.boxrepsol.com\/es\/"},{"@type":"ListItem","position":2,"name":"El Repsol Honda Trial Team se enfrenta a la tercera ronda del Mundial de X-Trial en Pamplona"}]},{"@type":"WebSite","@id":"https:\/\/www.boxrepsol.com\/es\/#website","url":"https:\/\/www.boxrepsol.com\/es\/","name":"Box Repsol","description":"Box Repsol Site","publisher":{"@id":"https:\/\/www.boxrepsol.com\/es\/#organization"},"potentialAction":[{"@type":"SearchAction","target":{"@type":"EntryPoint","urlTemplate":"https:\/\/www.boxrepsol.com\/es\/?s={search_term_string}"},"query-input":{"@type":"PropertyValueSpecification","valueRequired":true,"valueName":"search_term_string"}}],"inLanguage":"es"},{"@type":"Organization","@id":"https:\/\/www.boxrepsol.com\/es\/#organization","name":"Box Repsol","url":"https:\/\/www.boxrepsol.com\/es\/","logo":{"@type":"ImageObject","inLanguage":"es","@id":"https:\/\/www.boxrepsol.com\/es\/#\/schema\/logo\/image\/","url":"https:\/\/bxrepsol.s3.eu-west-1.amazonaws.com\/static\/2025\/07\/30083337\/favicon-96x96-1.png","contentUrl":"https:\/\/bxrepsol.s3.eu-west-1.amazonaws.com\/static\/2025\/07\/30083337\/favicon-96x96-1.png","width":96,"height":96,"caption":"Box Repsol"},"image":{"@id":"https:\/\/www.boxrepsol.com\/es\/#\/schema\/logo\/image\/"},"sameAs":["https:\/\/www.facebook.com\/BoxRepsol","https:\/\/x.com\/box_repsol","http:\/\/instagram.com\/box_repsol","https:\/\/www.youtube.com\/user\/RepsolCompeticion","https:\/\/www.flickr.com\/photos\/box_repsol\/"]},{"@type":"Person","@id":"https:\/\/www.boxrepsol.com\/es\/#\/schema\/person\/c5c2138f2cca251b0ad92b7086bb60b7","name":"Redacci\u00f3n Box Repsol","image":{"@type":"ImageObject","inLanguage":"es","@id":"https:\/\/secure.gravatar.com\/avatar\/adf7b77e38b4419baf32c7e9c21dde01f4e40df611f0978e3006fc4ba0aaab7e?s=96&d=mm&r=g","url":"https:\/\/secure.gravatar.com\/avatar\/adf7b77e38b4419baf32c7e9c21dde01f4e40df611f0978e3006fc4ba0aaab7e?s=96&d=mm&r=g","contentUrl":"https:\/\/secure.gravatar.com\/avatar\/adf7b77e38b4419baf32c7e9c21dde01f4e40df611f0978e3006fc4ba0aaab7e?s=96&d=mm&r=g","caption":"Redacci\u00f3n Box Repsol"},"description":"Box Repsol lo forma un equipo de periodistas, community managers, dise\u00f1adores y fot\u00f3grafos con m\u00e1s de 20 a\u00f1os de experiencia en el mundo del motorsport. Hemos vivido el primer mundial de un espa\u00f1ol en la categor\u00eda reina de motociclismo con \u00c1lex Crivill\u00e9, estuvimos en las victorias de Pedrosa y los t\u00edtulos de M\u00e1rquez, acompa\u00f1amos en \u00c1frica a Nani Roma y Marc Coma en sus conquistas del Dakar y hemos vibrado con los t\u00edtulos de Toni Bou en Trial. Adem\u00e1s, en nuestro equipo contamos con expertos en el mundo de las dos y cuatro ruedas tanto de la calle y las carreteras, como de los circuitos. Periodistas que han trabajado en revistas y publicaciones para hacerte llegar desde rutas y consejos de mantenimiento, a curiosidades y trucos de pilotaje.","sameAs":["https:\/\/www.facebook.com\/BoxRepsol\/","https:\/\/www.instagram.com\/box_repsol\/","https:\/\/x.com\/https:\/\/twitter.com\/box_repsol","https:\/\/www.youtube.com\/@Boxrepsol"],"url":"https:\/\/www.boxrepsol.com\/es\/author\/redaccion-box-repsol\/"}]}},"_links":{"self":[{"href":"https:\/\/www.boxrepsol.com\/es\/wp-json\/wp\/v2\/posts\/99619","targetHints":{"allow":["GET"]}}],"collection":[{"href":"https:\/\/www.boxrepsol.com\/es\/wp-json\/wp\/v2\/posts"}],"about":[{"href":"https:\/\/www.boxrepsol.com\/es\/wp-json\/wp\/v2\/types\/post"}],"author":[{"embeddable":true,"href":"https:\/\/www.boxrepsol.com\/es\/wp-json\/wp\/v2\/users\/43146"}],"replies":[{"embeddable":true,"href":"https:\/\/www.boxrepsol.com\/es\/wp-json\/wp\/v2\/comments?post=99619"}],"version-history":[{"count":2,"href":"https:\/\/www.boxrepsol.com\/es\/wp-json\/wp\/v2\/posts\/99619\/revisions"}],"predecessor-version":[{"id":114428,"href":"https:\/\/www.boxrepsol.com\/es\/wp-json\/wp\/v2\/posts\/99619\/revisions\/114428"}],"wp:featuredmedia":[{"embeddable":true,"href":"https:\/\/www.boxrepsol.com\/es\/wp-json\/wp\/v2\/media\/99620"}],"wp:attachment":[{"href":"https:\/\/www.boxrepsol.com\/es\/wp-json\/wp\/v2\/media?parent=99619"}],"wp:term":[{"taxonomy":"category","embeddable":true,"href":"https:\/\/www.boxrepsol.com\/es\/wp-json\/wp\/v2\/categories?post=99619"},{"taxonomy":"post_tag","embeddable":true,"href":"https:\/\/www.boxrepsol.com\/es\/wp-json\/wp\/v2\/tags?post=99619"}],"curies":[{"name":"wp","href":"https:\/\/api.w.org\/{rel}","templated":true}]}}