{"id":99459,"date":"2023-03-13T12:32:39","date_gmt":"2023-03-13T14:32:39","guid":{"rendered":"https:\/\/www.boxrepsol.com\/?p=99459"},"modified":"2024-04-08T08:31:11","modified_gmt":"2024-04-08T10:31:11","slug":"toni-bou-se-mantiene-lider-en-austria","status":"publish","type":"post","link":"https:\/\/www.boxrepsol.com\/es\/trial\/toni-bou-se-mantiene-lider-en-austria\/","title":{"rendered":"Toni Bou se mantiene l\u00edder en Austria"},"content":{"rendered":"<figure class=\"wp-block-post-featured-image\"><img loading=\"lazy\" decoding=\"async\" width=\"1280\" height=\"600\" src=\"https:\/\/bxrepsol.s3.eu-west-1.amazonaws.com\/static\/2023\/03\/20123359\/https___repsolmedia.com_repsolmedia_wp-content_uploads_2023_03_portada.jpg\" class=\"attachment-post-thumbnail size-post-thumbnail wp-post-image\" alt=\"\" style=\"object-fit:cover;\" srcset=\"https:\/\/bxrepsol.s3.eu-west-1.amazonaws.com\/static\/2023\/03\/20123359\/https___repsolmedia.com_repsolmedia_wp-content_uploads_2023_03_portada.jpg 1280w, https:\/\/bxrepsol.s3.eu-west-1.amazonaws.com\/static\/2023\/03\/20123359\/https___repsolmedia.com_repsolmedia_wp-content_uploads_2023_03_portada-300x141.jpg 300w, https:\/\/bxrepsol.s3.eu-west-1.amazonaws.com\/static\/2023\/03\/20123359\/https___repsolmedia.com_repsolmedia_wp-content_uploads_2023_03_portada-1024x480.jpg 1024w, https:\/\/bxrepsol.s3.eu-west-1.amazonaws.com\/static\/2023\/03\/20123359\/https___repsolmedia.com_repsolmedia_wp-content_uploads_2023_03_portada-768x360.jpg 768w\" sizes=\"auto, (max-width: 1280px) 100vw, 1280px\" \/><\/figure>\n\n<p>Esta tarde arrancaba en Wiener Neustadt (Austria) la segunda cita del Campeonato del Mundo de X-Trial. El equipo Repsol Honda ha salido con todo su potencial con el objetivo de mantener el liderato. Toni Bou ha luchado hasta el final por la victoria, siendo finalmente el segundo mejor piloto de la jornada. Gabriel Marcelli ha sido cuarto, empatado a puntos con el tercero en la lucha por meterse en la ronda final.<\/p>\n<p>Toni Bou ha liderado tanto la primera como la segunda ronda, clasific\u00e1ndose a la final en primera posici\u00f3n y con una ventaja de 7 puntos sobre el segundo. Sin embargo, dos errores en dos de las zonas que acog\u00edan la vuelta definitiva le han dejado sin opciones por la victoria, que ha ca\u00eddo en manos de Busto.<\/p>\n<p>Gabriel Marcelli ha arrancado en buena forma, con tan solo un punto m\u00e1s de penalizaci\u00f3n que su compa\u00f1ero de equipo. La segunda ronda ha resultado m\u00e1s compleja para el piloto gallego, bajando a la cuarta posici\u00f3n en la suma de ambas vueltas. A pesar de haber obtenido la misma puntuaci\u00f3n que el tercer clasificado, las penalizaciones de la segunda ronda le han dejado fuera de la final.<\/p>\n<p>Tras esta segunda cita, Toni Bou sigue siendo el l\u00edder con 38 puntos. Marcelli, por su parte, se mantiene en los puestos de honor, tercero, con 24 puntos. El X-Trial vuelve a Espa\u00f1a el pr\u00f3ximo 25 de marzo con su prueba en Pamplona.<\/p>\n\n\n<div class=\"br-slider-box\"><div class=\"wp-block-create-block-repsol-carousel br-slider\"><a href=\"https:\/\/bxrepsol.s3.eu-west-1.amazonaws.com\/static\/2023\/03\/20123723\/https___repsolmedia.com_repsolmedia_wp-content_uploads_2023_03_5.jpg\" data-index=\"0\" class=\"br-slide\"><img decoding=\"async\" src=\"https:\/\/bxrepsol.s3.eu-west-1.amazonaws.com\/static\/2023\/03\/20123723\/https___repsolmedia.com_repsolmedia_wp-content_uploads_2023_03_5.jpg\"\/><\/a><a href=\"https:\/\/bxrepsol.s3.eu-west-1.amazonaws.com\/static\/2023\/03\/20123726\/https___repsolmedia.com_repsolmedia_wp-content_uploads_2023_03_1.jpg\" data-index=\"1\" class=\"br-slide\"><img decoding=\"async\" src=\"https:\/\/bxrepsol.s3.eu-west-1.amazonaws.com\/static\/2023\/03\/20123726\/https___repsolmedia.com_repsolmedia_wp-content_uploads_2023_03_1.jpg\"\/><\/a><a href=\"https:\/\/bxrepsol.s3.eu-west-1.amazonaws.com\/static\/2023\/03\/20123727\/https___repsolmedia.com_repsolmedia_wp-content_uploads_2023_03_2.jpg\" data-index=\"2\" class=\"br-slide\"><img decoding=\"async\" src=\"https:\/\/bxrepsol.s3.eu-west-1.amazonaws.com\/static\/2023\/03\/20123727\/https___repsolmedia.com_repsolmedia_wp-content_uploads_2023_03_2.jpg\"\/><\/a><a href=\"https:\/\/bxrepsol.s3.eu-west-1.amazonaws.com\/static\/2023\/03\/20123729\/https___repsolmedia.com_repsolmedia_wp-content_uploads_2023_03_3.jpg\" data-index=\"3\" class=\"br-slide\"><img decoding=\"async\" src=\"https:\/\/bxrepsol.s3.eu-west-1.amazonaws.com\/static\/2023\/03\/20123729\/https___repsolmedia.com_repsolmedia_wp-content_uploads_2023_03_3.jpg\"\/><\/a><a href=\"https:\/\/bxrepsol.s3.eu-west-1.amazonaws.com\/static\/2023\/03\/20123730\/https___repsolmedia.com_repsolmedia_wp-content_uploads_2023_03_4.jpg\" data-index=\"4\" class=\"br-slide\"><img decoding=\"async\" src=\"https:\/\/bxrepsol.s3.eu-west-1.amazonaws.com\/static\/2023\/03\/20123730\/https___repsolmedia.com_repsolmedia_wp-content_uploads_2023_03_4.jpg\"\/><\/a><\/div><div class=\"br-slider-buttons\"><button class=\"arrow rds-icon arrow--left rds-icon-Arrow_left\"><\/button><button class=\"arrow rds-icon arrow--right rds-icon-Arrow_right\"><\/button><\/div><\/div>\n\n\n<h3>Declaraciones de los pilotos<\/h3>\n<p><strong>Toni Bou<\/strong><\/p>\n<p>\u00abNoche complicada, pero nos quedamos con lo positivo y es que he podido estar en el podio con la segunda posici\u00f3n y sumar puntos para el campeonato. Hemos ganado la primera y la segunda ronda; l\u00e1stima que he tenido problemas en la ronda final en el segundo y cuarto sector. Sumamos puntos y eso es importante para el campeonato; nuestro objetivo en la siguiente carrera en Pamplona ser\u00e1 mantener el liderato\u00bb.<\/p>\n<p><strong>Gabriel Marcelli<\/strong><\/p>\n<p>\u00abFin de semana m\u00e1s o menos positivo, ya que no lleg\u00e1bamos en las mejores condiciones. Hemos conseguido una cuarta plaza, empatando en la segunda ronda con el tercer clasificado. Me habr\u00eda gustado llegar a la final, pero estamos contentos con el trabajo que hemos hecho, sumamos puntos para el campeonato y vamos a por m\u00e1s en Pamplona\u00bb.<\/p>","protected":false},"excerpt":{"rendered":"<p>El piloto del equipo Repsol Honda se ha subido al segundo caj\u00f3n del podio en la segunda prueba de X-Trial. Gabriel Marcelli se ha quedado a las puertas de la final <\/p>\n","protected":false},"author":43146,"featured_media":99460,"comment_status":"open","ping_status":"open","sticky":false,"template":"","format":"standard","meta":{"footnotes":""},"categories":[23],"tags":[269,203,21,26],"class_list":["post-99459","post","type-post","status-publish","format-standard","hentry","category-trial","tag-269","tag-gabri-marcelli","tag-toni-bou","tag-trial"],"yoast_head":"<!-- This site is optimized with the Yoast SEO plugin v27.3 - https:\/\/yoast.com\/product\/yoast-seo-wordpress\/ -->\n<title>Toni Bou se mantiene l\u00edder en Austria - Box Repsol<\/title>\n<meta name=\"description\" content=\"Toni Bou se mantiene l\u00edder en Austria. Sigue el desempe\u00f1o destacado del campe\u00f3n en esta emocionante etapa de la competici\u00f3n de trial.\" \/>\n<link rel=\"canonical\" href=\"https:\/\/www.boxrepsol.com\/es\/trial\/toni-bou-se-mantiene-lider-en-austria\/\" \/>\n<meta property=\"og:locale\" content=\"es_ES\" \/>\n<meta property=\"og:type\" content=\"article\" \/>\n<meta property=\"og:title\" content=\"Toni Bou se mantiene l\u00edder en Austria - Box Repsol\" \/>\n<meta property=\"og:description\" content=\"Toni Bou se mantiene l\u00edder en Austria. Sigue el desempe\u00f1o destacado del campe\u00f3n en esta emocionante etapa de la competici\u00f3n de trial.\" \/>\n<meta property=\"og:url\" content=\"https:\/\/www.boxrepsol.com\/es\/trial\/toni-bou-se-mantiene-lider-en-austria\/\" \/>\n<meta property=\"og:site_name\" content=\"Box Repsol\" \/>\n<meta property=\"article:publisher\" content=\"https:\/\/www.facebook.com\/BoxRepsol\" \/>\n<meta property=\"article:author\" content=\"https:\/\/www.facebook.com\/BoxRepsol\/\" \/>\n<meta property=\"article:published_time\" content=\"2023-03-13T14:32:39+00:00\" \/>\n<meta property=\"article:modified_time\" content=\"2024-04-08T10:31:11+00:00\" \/>\n<meta property=\"og:image\" content=\"https:\/\/bxrepsol.s3.eu-west-1.amazonaws.com\/static\/2023\/03\/20123359\/https___repsolmedia.com_repsolmedia_wp-content_uploads_2023_03_portada.jpg\" \/>\n\t<meta property=\"og:image:width\" content=\"1280\" \/>\n\t<meta property=\"og:image:height\" content=\"600\" \/>\n\t<meta property=\"og:image:type\" content=\"image\/jpeg\" \/>\n<meta name=\"author\" content=\"Redacci\u00f3n Box Repsol\" \/>\n<meta name=\"twitter:card\" content=\"summary_large_image\" \/>\n<meta name=\"twitter:creator\" content=\"@https:\/\/twitter.com\/box_repsol\" \/>\n<meta name=\"twitter:site\" content=\"@box_repsol\" \/>\n<meta name=\"twitter:label1\" content=\"Written by\" \/>\n\t<meta name=\"twitter:data1\" content=\"Redacci\u00f3n Box Repsol\" \/>\n\t<meta name=\"twitter:label2\" content=\"Est. reading time\" \/>\n\t<meta name=\"twitter:data2\" content=\"2 minutos\" \/>\n<script type=\"application\/ld+json\" class=\"yoast-schema-graph\">{\"@context\":\"https:\\\/\\\/schema.org\",\"@graph\":[{\"@type\":\"Article\",\"@id\":\"https:\\\/\\\/www.boxrepsol.com\\\/es\\\/trial\\\/toni-bou-se-mantiene-lider-en-austria\\\/#article\",\"isPartOf\":{\"@id\":\"https:\\\/\\\/www.boxrepsol.com\\\/es\\\/trial\\\/toni-bou-se-mantiene-lider-en-austria\\\/\"},\"author\":{\"name\":\"Redacci\u00f3n Box Repsol\",\"@id\":\"https:\\\/\\\/www.boxrepsol.com\\\/es\\\/#\\\/schema\\\/person\\\/c5c2138f2cca251b0ad92b7086bb60b7\"},\"headline\":\"Toni Bou se mantiene l\u00edder en Austria\",\"datePublished\":\"2023-03-13T14:32:39+00:00\",\"dateModified\":\"2024-04-08T10:31:11+00:00\",\"mainEntityOfPage\":{\"@id\":\"https:\\\/\\\/www.boxrepsol.com\\\/es\\\/trial\\\/toni-bou-se-mantiene-lider-en-austria\\\/\"},\"wordCount\":398,\"commentCount\":0,\"publisher\":{\"@id\":\"https:\\\/\\\/www.boxrepsol.com\\\/es\\\/#organization\"},\"image\":{\"@id\":\"https:\\\/\\\/www.boxrepsol.com\\\/es\\\/trial\\\/toni-bou-se-mantiene-lider-en-austria\\\/#primaryimage\"},\"thumbnailUrl\":\"https:\\\/\\\/bxrepsol.s3.eu-west-1.amazonaws.com\\\/static\\\/2023\\\/03\\\/20123359\\\/https___repsolmedia.com_repsolmedia_wp-content_uploads_2023_03_portada.jpg\",\"keywords\":[\"2023\",\"Gabri Marcelli\",\"Toni Bou\",\"trial\"],\"articleSection\":[\"Trial\"],\"inLanguage\":\"es\",\"potentialAction\":[{\"@type\":\"CommentAction\",\"name\":\"Comment\",\"target\":[\"https:\\\/\\\/www.boxrepsol.com\\\/es\\\/trial\\\/toni-bou-se-mantiene-lider-en-austria\\\/#respond\"]}]},{\"@type\":\"WebPage\",\"@id\":\"https:\\\/\\\/www.boxrepsol.com\\\/es\\\/trial\\\/toni-bou-se-mantiene-lider-en-austria\\\/\",\"url\":\"https:\\\/\\\/www.boxrepsol.com\\\/es\\\/trial\\\/toni-bou-se-mantiene-lider-en-austria\\\/\",\"name\":\"Toni Bou se mantiene l\u00edder en Austria - Box Repsol\",\"isPartOf\":{\"@id\":\"https:\\\/\\\/www.boxrepsol.com\\\/es\\\/#website\"},\"primaryImageOfPage\":{\"@id\":\"https:\\\/\\\/www.boxrepsol.com\\\/es\\\/trial\\\/toni-bou-se-mantiene-lider-en-austria\\\/#primaryimage\"},\"image\":{\"@id\":\"https:\\\/\\\/www.boxrepsol.com\\\/es\\\/trial\\\/toni-bou-se-mantiene-lider-en-austria\\\/#primaryimage\"},\"thumbnailUrl\":\"https:\\\/\\\/bxrepsol.s3.eu-west-1.amazonaws.com\\\/static\\\/2023\\\/03\\\/20123359\\\/https___repsolmedia.com_repsolmedia_wp-content_uploads_2023_03_portada.jpg\",\"datePublished\":\"2023-03-13T14:32:39+00:00\",\"dateModified\":\"2024-04-08T10:31:11+00:00\",\"description\":\"Toni Bou se mantiene l\u00edder en Austria. Sigue el desempe\u00f1o destacado del campe\u00f3n en esta emocionante etapa de la competici\u00f3n de trial.\",\"breadcrumb\":{\"@id\":\"https:\\\/\\\/www.boxrepsol.com\\\/es\\\/trial\\\/toni-bou-se-mantiene-lider-en-austria\\\/#breadcrumb\"},\"inLanguage\":\"es\",\"potentialAction\":[{\"@type\":\"ReadAction\",\"target\":[\"https:\\\/\\\/www.boxrepsol.com\\\/es\\\/trial\\\/toni-bou-se-mantiene-lider-en-austria\\\/\"]}]},{\"@type\":\"ImageObject\",\"inLanguage\":\"es\",\"@id\":\"https:\\\/\\\/www.boxrepsol.com\\\/es\\\/trial\\\/toni-bou-se-mantiene-lider-en-austria\\\/#primaryimage\",\"url\":\"https:\\\/\\\/bxrepsol.s3.eu-west-1.amazonaws.com\\\/static\\\/2023\\\/03\\\/20123359\\\/https___repsolmedia.com_repsolmedia_wp-content_uploads_2023_03_portada.jpg\",\"contentUrl\":\"https:\\\/\\\/bxrepsol.s3.eu-west-1.amazonaws.com\\\/static\\\/2023\\\/03\\\/20123359\\\/https___repsolmedia.com_repsolmedia_wp-content_uploads_2023_03_portada.jpg\",\"width\":1280,\"height\":600},{\"@type\":\"BreadcrumbList\",\"@id\":\"https:\\\/\\\/www.boxrepsol.com\\\/es\\\/trial\\\/toni-bou-se-mantiene-lider-en-austria\\\/#breadcrumb\",\"itemListElement\":[{\"@type\":\"ListItem\",\"position\":1,\"name\":\"Home\",\"item\":\"https:\\\/\\\/www.boxrepsol.com\\\/es\\\/\"},{\"@type\":\"ListItem\",\"position\":2,\"name\":\"Toni Bou se mantiene l\u00edder en Austria\"}]},{\"@type\":\"WebSite\",\"@id\":\"https:\\\/\\\/www.boxrepsol.com\\\/es\\\/#website\",\"url\":\"https:\\\/\\\/www.boxrepsol.com\\\/es\\\/\",\"name\":\"Box Repsol\",\"description\":\"Box Repsol Site\",\"publisher\":{\"@id\":\"https:\\\/\\\/www.boxrepsol.com\\\/es\\\/#organization\"},\"potentialAction\":[{\"@type\":\"SearchAction\",\"target\":{\"@type\":\"EntryPoint\",\"urlTemplate\":\"https:\\\/\\\/www.boxrepsol.com\\\/es\\\/?s={search_term_string}\"},\"query-input\":{\"@type\":\"PropertyValueSpecification\",\"valueRequired\":true,\"valueName\":\"search_term_string\"}}],\"inLanguage\":\"es\"},{\"@type\":\"Organization\",\"@id\":\"https:\\\/\\\/www.boxrepsol.com\\\/es\\\/#organization\",\"name\":\"Box Repsol\",\"url\":\"https:\\\/\\\/www.boxrepsol.com\\\/es\\\/\",\"logo\":{\"@type\":\"ImageObject\",\"inLanguage\":\"es\",\"@id\":\"https:\\\/\\\/www.boxrepsol.com\\\/es\\\/#\\\/schema\\\/logo\\\/image\\\/\",\"url\":\"https:\\\/\\\/bxrepsol.s3.eu-west-1.amazonaws.com\\\/static\\\/2025\\\/07\\\/30083337\\\/favicon-96x96-1.png\",\"contentUrl\":\"https:\\\/\\\/bxrepsol.s3.eu-west-1.amazonaws.com\\\/static\\\/2025\\\/07\\\/30083337\\\/favicon-96x96-1.png\",\"width\":96,\"height\":96,\"caption\":\"Box Repsol\"},\"image\":{\"@id\":\"https:\\\/\\\/www.boxrepsol.com\\\/es\\\/#\\\/schema\\\/logo\\\/image\\\/\"},\"sameAs\":[\"https:\\\/\\\/www.facebook.com\\\/BoxRepsol\",\"https:\\\/\\\/x.com\\\/box_repsol\",\"http:\\\/\\\/instagram.com\\\/box_repsol\",\"https:\\\/\\\/www.youtube.com\\\/user\\\/RepsolCompeticion\",\"https:\\\/\\\/www.flickr.com\\\/photos\\\/box_repsol\\\/\"]},{\"@type\":\"Person\",\"@id\":\"https:\\\/\\\/www.boxrepsol.com\\\/es\\\/#\\\/schema\\\/person\\\/c5c2138f2cca251b0ad92b7086bb60b7\",\"name\":\"Redacci\u00f3n Box Repsol\",\"image\":{\"@type\":\"ImageObject\",\"inLanguage\":\"es\",\"@id\":\"https:\\\/\\\/secure.gravatar.com\\\/avatar\\\/adf7b77e38b4419baf32c7e9c21dde01f4e40df611f0978e3006fc4ba0aaab7e?s=96&d=mm&r=g\",\"url\":\"https:\\\/\\\/secure.gravatar.com\\\/avatar\\\/adf7b77e38b4419baf32c7e9c21dde01f4e40df611f0978e3006fc4ba0aaab7e?s=96&d=mm&r=g\",\"contentUrl\":\"https:\\\/\\\/secure.gravatar.com\\\/avatar\\\/adf7b77e38b4419baf32c7e9c21dde01f4e40df611f0978e3006fc4ba0aaab7e?s=96&d=mm&r=g\",\"caption\":\"Redacci\u00f3n Box Repsol\"},\"description\":\"Box Repsol lo forma un equipo de periodistas, community managers, dise\u00f1adores y fot\u00f3grafos con m\u00e1s de 20 a\u00f1os de experiencia en el mundo del motorsport. Hemos vivido el primer mundial de un espa\u00f1ol en la categor\u00eda reina de motociclismo con \u00c1lex Crivill\u00e9, estuvimos en las victorias de Pedrosa y los t\u00edtulos de M\u00e1rquez, acompa\u00f1amos en \u00c1frica a Nani Roma y Marc Coma en sus conquistas del Dakar y hemos vibrado con los t\u00edtulos de Toni Bou en Trial. Adem\u00e1s, en nuestro equipo contamos con expertos en el mundo de las dos y cuatro ruedas tanto de la calle y las carreteras, como de los circuitos. Periodistas que han trabajado en revistas y publicaciones para hacerte llegar desde rutas y consejos de mantenimiento, a curiosidades y trucos de pilotaje.\",\"sameAs\":[\"https:\\\/\\\/www.facebook.com\\\/BoxRepsol\\\/\",\"https:\\\/\\\/www.instagram.com\\\/box_repsol\\\/\",\"https:\\\/\\\/x.com\\\/https:\\\/\\\/twitter.com\\\/box_repsol\",\"https:\\\/\\\/www.youtube.com\\\/@Boxrepsol\"],\"url\":\"https:\\\/\\\/www.boxrepsol.com\\\/es\\\/author\\\/redaccion-box-repsol\\\/\"}]}<\/script>\n<!-- \/ Yoast SEO plugin. -->","yoast_head_json":{"title":"Toni Bou se mantiene l\u00edder en Austria - Box Repsol","description":"Toni Bou se mantiene l\u00edder en Austria. Sigue el desempe\u00f1o destacado del campe\u00f3n en esta emocionante etapa de la competici\u00f3n de trial.","canonical":"https:\/\/www.boxrepsol.com\/es\/trial\/toni-bou-se-mantiene-lider-en-austria\/","og_locale":"es_ES","og_type":"article","og_title":"Toni Bou se mantiene l\u00edder en Austria - Box Repsol","og_description":"Toni Bou se mantiene l\u00edder en Austria. Sigue el desempe\u00f1o destacado del campe\u00f3n en esta emocionante etapa de la competici\u00f3n de trial.","og_url":"https:\/\/www.boxrepsol.com\/es\/trial\/toni-bou-se-mantiene-lider-en-austria\/","og_site_name":"Box Repsol","article_publisher":"https:\/\/www.facebook.com\/BoxRepsol","article_author":"https:\/\/www.facebook.com\/BoxRepsol\/","article_published_time":"2023-03-13T14:32:39+00:00","article_modified_time":"2024-04-08T10:31:11+00:00","og_image":[{"width":1280,"height":600,"url":"https:\/\/bxrepsol.s3.eu-west-1.amazonaws.com\/static\/2023\/03\/20123359\/https___repsolmedia.com_repsolmedia_wp-content_uploads_2023_03_portada.jpg","type":"image\/jpeg"}],"author":"Redacci\u00f3n Box Repsol","twitter_card":"summary_large_image","twitter_creator":"@https:\/\/twitter.com\/box_repsol","twitter_site":"@box_repsol","twitter_misc":{"Written by":"Redacci\u00f3n Box Repsol","Est. reading time":"2 minutos"},"schema":{"@context":"https:\/\/schema.org","@graph":[{"@type":"Article","@id":"https:\/\/www.boxrepsol.com\/es\/trial\/toni-bou-se-mantiene-lider-en-austria\/#article","isPartOf":{"@id":"https:\/\/www.boxrepsol.com\/es\/trial\/toni-bou-se-mantiene-lider-en-austria\/"},"author":{"name":"Redacci\u00f3n Box Repsol","@id":"https:\/\/www.boxrepsol.com\/es\/#\/schema\/person\/c5c2138f2cca251b0ad92b7086bb60b7"},"headline":"Toni Bou se mantiene l\u00edder en Austria","datePublished":"2023-03-13T14:32:39+00:00","dateModified":"2024-04-08T10:31:11+00:00","mainEntityOfPage":{"@id":"https:\/\/www.boxrepsol.com\/es\/trial\/toni-bou-se-mantiene-lider-en-austria\/"},"wordCount":398,"commentCount":0,"publisher":{"@id":"https:\/\/www.boxrepsol.com\/es\/#organization"},"image":{"@id":"https:\/\/www.boxrepsol.com\/es\/trial\/toni-bou-se-mantiene-lider-en-austria\/#primaryimage"},"thumbnailUrl":"https:\/\/bxrepsol.s3.eu-west-1.amazonaws.com\/static\/2023\/03\/20123359\/https___repsolmedia.com_repsolmedia_wp-content_uploads_2023_03_portada.jpg","keywords":["2023","Gabri Marcelli","Toni Bou","trial"],"articleSection":["Trial"],"inLanguage":"es","potentialAction":[{"@type":"CommentAction","name":"Comment","target":["https:\/\/www.boxrepsol.com\/es\/trial\/toni-bou-se-mantiene-lider-en-austria\/#respond"]}]},{"@type":"WebPage","@id":"https:\/\/www.boxrepsol.com\/es\/trial\/toni-bou-se-mantiene-lider-en-austria\/","url":"https:\/\/www.boxrepsol.com\/es\/trial\/toni-bou-se-mantiene-lider-en-austria\/","name":"Toni Bou se mantiene l\u00edder en Austria - Box Repsol","isPartOf":{"@id":"https:\/\/www.boxrepsol.com\/es\/#website"},"primaryImageOfPage":{"@id":"https:\/\/www.boxrepsol.com\/es\/trial\/toni-bou-se-mantiene-lider-en-austria\/#primaryimage"},"image":{"@id":"https:\/\/www.boxrepsol.com\/es\/trial\/toni-bou-se-mantiene-lider-en-austria\/#primaryimage"},"thumbnailUrl":"https:\/\/bxrepsol.s3.eu-west-1.amazonaws.com\/static\/2023\/03\/20123359\/https___repsolmedia.com_repsolmedia_wp-content_uploads_2023_03_portada.jpg","datePublished":"2023-03-13T14:32:39+00:00","dateModified":"2024-04-08T10:31:11+00:00","description":"Toni Bou se mantiene l\u00edder en Austria. Sigue el desempe\u00f1o destacado del campe\u00f3n en esta emocionante etapa de la competici\u00f3n de trial.","breadcrumb":{"@id":"https:\/\/www.boxrepsol.com\/es\/trial\/toni-bou-se-mantiene-lider-en-austria\/#breadcrumb"},"inLanguage":"es","potentialAction":[{"@type":"ReadAction","target":["https:\/\/www.boxrepsol.com\/es\/trial\/toni-bou-se-mantiene-lider-en-austria\/"]}]},{"@type":"ImageObject","inLanguage":"es","@id":"https:\/\/www.boxrepsol.com\/es\/trial\/toni-bou-se-mantiene-lider-en-austria\/#primaryimage","url":"https:\/\/bxrepsol.s3.eu-west-1.amazonaws.com\/static\/2023\/03\/20123359\/https___repsolmedia.com_repsolmedia_wp-content_uploads_2023_03_portada.jpg","contentUrl":"https:\/\/bxrepsol.s3.eu-west-1.amazonaws.com\/static\/2023\/03\/20123359\/https___repsolmedia.com_repsolmedia_wp-content_uploads_2023_03_portada.jpg","width":1280,"height":600},{"@type":"BreadcrumbList","@id":"https:\/\/www.boxrepsol.com\/es\/trial\/toni-bou-se-mantiene-lider-en-austria\/#breadcrumb","itemListElement":[{"@type":"ListItem","position":1,"name":"Home","item":"https:\/\/www.boxrepsol.com\/es\/"},{"@type":"ListItem","position":2,"name":"Toni Bou se mantiene l\u00edder en Austria"}]},{"@type":"WebSite","@id":"https:\/\/www.boxrepsol.com\/es\/#website","url":"https:\/\/www.boxrepsol.com\/es\/","name":"Box Repsol","description":"Box Repsol Site","publisher":{"@id":"https:\/\/www.boxrepsol.com\/es\/#organization"},"potentialAction":[{"@type":"SearchAction","target":{"@type":"EntryPoint","urlTemplate":"https:\/\/www.boxrepsol.com\/es\/?s={search_term_string}"},"query-input":{"@type":"PropertyValueSpecification","valueRequired":true,"valueName":"search_term_string"}}],"inLanguage":"es"},{"@type":"Organization","@id":"https:\/\/www.boxrepsol.com\/es\/#organization","name":"Box Repsol","url":"https:\/\/www.boxrepsol.com\/es\/","logo":{"@type":"ImageObject","inLanguage":"es","@id":"https:\/\/www.boxrepsol.com\/es\/#\/schema\/logo\/image\/","url":"https:\/\/bxrepsol.s3.eu-west-1.amazonaws.com\/static\/2025\/07\/30083337\/favicon-96x96-1.png","contentUrl":"https:\/\/bxrepsol.s3.eu-west-1.amazonaws.com\/static\/2025\/07\/30083337\/favicon-96x96-1.png","width":96,"height":96,"caption":"Box Repsol"},"image":{"@id":"https:\/\/www.boxrepsol.com\/es\/#\/schema\/logo\/image\/"},"sameAs":["https:\/\/www.facebook.com\/BoxRepsol","https:\/\/x.com\/box_repsol","http:\/\/instagram.com\/box_repsol","https:\/\/www.youtube.com\/user\/RepsolCompeticion","https:\/\/www.flickr.com\/photos\/box_repsol\/"]},{"@type":"Person","@id":"https:\/\/www.boxrepsol.com\/es\/#\/schema\/person\/c5c2138f2cca251b0ad92b7086bb60b7","name":"Redacci\u00f3n Box Repsol","image":{"@type":"ImageObject","inLanguage":"es","@id":"https:\/\/secure.gravatar.com\/avatar\/adf7b77e38b4419baf32c7e9c21dde01f4e40df611f0978e3006fc4ba0aaab7e?s=96&d=mm&r=g","url":"https:\/\/secure.gravatar.com\/avatar\/adf7b77e38b4419baf32c7e9c21dde01f4e40df611f0978e3006fc4ba0aaab7e?s=96&d=mm&r=g","contentUrl":"https:\/\/secure.gravatar.com\/avatar\/adf7b77e38b4419baf32c7e9c21dde01f4e40df611f0978e3006fc4ba0aaab7e?s=96&d=mm&r=g","caption":"Redacci\u00f3n Box Repsol"},"description":"Box Repsol lo forma un equipo de periodistas, community managers, dise\u00f1adores y fot\u00f3grafos con m\u00e1s de 20 a\u00f1os de experiencia en el mundo del motorsport. Hemos vivido el primer mundial de un espa\u00f1ol en la categor\u00eda reina de motociclismo con \u00c1lex Crivill\u00e9, estuvimos en las victorias de Pedrosa y los t\u00edtulos de M\u00e1rquez, acompa\u00f1amos en \u00c1frica a Nani Roma y Marc Coma en sus conquistas del Dakar y hemos vibrado con los t\u00edtulos de Toni Bou en Trial. Adem\u00e1s, en nuestro equipo contamos con expertos en el mundo de las dos y cuatro ruedas tanto de la calle y las carreteras, como de los circuitos. Periodistas que han trabajado en revistas y publicaciones para hacerte llegar desde rutas y consejos de mantenimiento, a curiosidades y trucos de pilotaje.","sameAs":["https:\/\/www.facebook.com\/BoxRepsol\/","https:\/\/www.instagram.com\/box_repsol\/","https:\/\/x.com\/https:\/\/twitter.com\/box_repsol","https:\/\/www.youtube.com\/@Boxrepsol"],"url":"https:\/\/www.boxrepsol.com\/es\/author\/redaccion-box-repsol\/"}]}},"_links":{"self":[{"href":"https:\/\/www.boxrepsol.com\/es\/wp-json\/wp\/v2\/posts\/99459","targetHints":{"allow":["GET"]}}],"collection":[{"href":"https:\/\/www.boxrepsol.com\/es\/wp-json\/wp\/v2\/posts"}],"about":[{"href":"https:\/\/www.boxrepsol.com\/es\/wp-json\/wp\/v2\/types\/post"}],"author":[{"embeddable":true,"href":"https:\/\/www.boxrepsol.com\/es\/wp-json\/wp\/v2\/users\/43146"}],"replies":[{"embeddable":true,"href":"https:\/\/www.boxrepsol.com\/es\/wp-json\/wp\/v2\/comments?post=99459"}],"version-history":[{"count":1,"href":"https:\/\/www.boxrepsol.com\/es\/wp-json\/wp\/v2\/posts\/99459\/revisions"}],"predecessor-version":[{"id":99472,"href":"https:\/\/www.boxrepsol.com\/es\/wp-json\/wp\/v2\/posts\/99459\/revisions\/99472"}],"wp:featuredmedia":[{"embeddable":true,"href":"https:\/\/www.boxrepsol.com\/es\/wp-json\/wp\/v2\/media\/99460"}],"wp:attachment":[{"href":"https:\/\/www.boxrepsol.com\/es\/wp-json\/wp\/v2\/media?parent=99459"}],"wp:term":[{"taxonomy":"category","embeddable":true,"href":"https:\/\/www.boxrepsol.com\/es\/wp-json\/wp\/v2\/categories?post=99459"},{"taxonomy":"post_tag","embeddable":true,"href":"https:\/\/www.boxrepsol.com\/es\/wp-json\/wp\/v2\/tags?post=99459"}],"curies":[{"name":"wp","href":"https:\/\/api.w.org\/{rel}","templated":true}]}}