{"id":99302,"date":"2023-03-12T20:23:00","date_gmt":"2023-03-12T22:23:00","guid":{"rendered":"https:\/\/www.boxrepsol.com\/?p=99302"},"modified":"2024-04-08T08:31:29","modified_gmt":"2024-04-08T10:31:29","slug":"dieciseis-milesimas-separan-a-los-dos-pilotos-del-repsol-honda-al-terminar-la-pretemporada-2023","status":"publish","type":"post","link":"https:\/\/www.boxrepsol.com\/es\/motogp\/dieciseis-milesimas-separan-a-los-dos-pilotos-del-repsol-honda-al-terminar-la-pretemporada-2023\/","title":{"rendered":"Diecis\u00e9is mil\u00e9simas separan a los dos pilotos del Repsol Honda al terminar la pretemporada 2023"},"content":{"rendered":"<figure class=\"wp-block-post-featured-image\"><img loading=\"lazy\" decoding=\"async\" width=\"2560\" height=\"1707\" src=\"https:\/\/bxrepsol.s3.eu-west-1.amazonaws.com\/static\/2023\/03\/12212612\/JRB9543-scaled.jpg\" class=\"attachment-post-thumbnail size-post-thumbnail wp-post-image\" alt=\"\" style=\"object-fit:cover;\" srcset=\"https:\/\/bxrepsol.s3.eu-west-1.amazonaws.com\/static\/2023\/03\/12212612\/JRB9543-scaled.jpg 2560w, https:\/\/bxrepsol.s3.eu-west-1.amazonaws.com\/static\/2023\/03\/12212612\/JRB9543-300x200.jpg 300w, https:\/\/bxrepsol.s3.eu-west-1.amazonaws.com\/static\/2023\/03\/12212612\/JRB9543-1024x683.jpg 1024w, https:\/\/bxrepsol.s3.eu-west-1.amazonaws.com\/static\/2023\/03\/12212612\/JRB9543-768x512.jpg 768w, https:\/\/bxrepsol.s3.eu-west-1.amazonaws.com\/static\/2023\/03\/12212612\/JRB9543-1536x1024.jpg 1536w, https:\/\/bxrepsol.s3.eu-west-1.amazonaws.com\/static\/2023\/03\/12212612\/JRB9543-2048x1365.jpg 2048w\" sizes=\"auto, (max-width: 2560px) 100vw, 2560px\" \/><\/figure>\n\n\n<p>Unas condiciones perfectas han puesto fin a la pretemporada de MotoGP. El equipo Repsol Honda ha completado su programa de pruebas con el resto de pilotos de la categor\u00eda en Portimao. Durante dos d\u00edas, Joan Mir y Marc M\u00e1rquez han completado 289 vueltas.<\/p>\n\n\n\n<p>La adaptaci\u00f3n de Joan Mir a la Honda RC213V ha continuado hoy en Portugal, donde ha logrado grandes progresos, especialmente en su ritmo a una vuelta. Con un mejor tiempo de 1 minuto, 8 segundos y 762 mil\u00e9simas, el Campe\u00f3n del Mundo de MotoGP 2020 ha finalizado el test con el decimotercer mejor tiempo y primer piloto Honda. En sus intentos de rebajar sus cronos, Mir ha podido entender mejor d\u00f3nde tienen que seguir mejorando \u00e9l y la Honda. Al igual que el d\u00eda anterior, el ritmo de carrera de Mir ha sido m\u00e1s prometedor.<\/p>\n\n\n\n<p>En el otro lado del box del equipo Repsol Honda, Marc M\u00e1rquez ha continuado trabajando a conciencia mientras su atenci\u00f3n ha pasado de estar totalmente centrada en el desarrollo a empezar a preparar el pr\u00f3ximo fin de semana de carreras en Portugal. El ocho veces Campe\u00f3n del Mundo ha completado su primera simulaci\u00f3n de la nueva carrera al Sprint con su tanda m\u00e1s larga del test. Una ca\u00edda en la curva 1 a mitad de la \u00faltima jornada apenas ha alterado el plan de pruebas de M\u00e1rquez. El Campeonato del Mundo de MotoGP arranca la cuenta atr\u00e1s antes del Gran Premio de Portugal, del 24 al 26 de marzo, prueba que dar\u00e1 inicio a la temporada m\u00e1s larga de la historia de MotoGP, con 21 Grandes Premios.<\/p>\n\n\n\n<h2 class=\"wp-block-heading\">Declaraciones de los pilotos<\/h2>\n\n\n\n<h3 class=\"wp-block-heading\">Marc M\u00e1rquez<\/h3>\n\n\n\n<p>\u00abHoy hemos tenido las mejores sensaciones de la pretemporada, he pilotado bien y he podido hacer una simulaci\u00f3n de carrera al sprint. Rodando en una tanda m\u00e1s larga he podido centrarme m\u00e1s en mi estilo de pilotaje y seguir mejorando en ese aspecto. Nuestro ritmo no era malo y hoy hemos trabajado m\u00e1s de cara a lo que vendr\u00e1 en el GP de Portugal. Hemos sido capaces de dar algunos pasos, por supuesto que quieres m\u00e1s. Lo m\u00e1s importante es que hoy he tenido las mejores sensaciones con la moto hasta ahora\u00bb.<\/p>\n\n\n\n<h3 class=\"wp-block-heading\">Joan Mir<\/h3>\n\n\n\n<p>\u00abHoy hemos podido avanzar un poco m\u00e1s en la adaptaci\u00f3n a la Honda. Todav\u00eda hay muchas cosas que tengo que aprender y adaptarme, porque sigue siendo una moto nueva y algunos aspectos todav\u00eda no son naturales para m\u00ed. En general ha sido una pretemporada de progreso, pero como piloto siempre quieres m\u00e1s y m\u00e1s. Afrontamos las primeras carreras con ganas de seguir mejorando y de ver qu\u00e9 es posible\u00bb.<\/p>\n","protected":false},"excerpt":{"rendered":"<p>\u00daltimo d\u00eda de test en Portimao para los dos pilotos del equipo Repsol Honda, centrados ambos en mejorar sus tiempos, preparar las carreras al sprint y revisar otros ajustes. Joan Mir ha terminado el test en la decimotercera posici\u00f3n, con Marc M\u00e1rquez justo detr\u00e1s, decimocuarto. <\/p>\n","protected":false},"author":43146,"featured_media":99303,"comment_status":"open","ping_status":"open","sticky":false,"template":"","format":"standard","meta":{"footnotes":""},"categories":[4],"tags":[269,50,271,6,8,16],"class_list":["post-99302","post","type-post","status-publish","format-standard","hentry","category-motogp","tag-269","tag-equipo-repsol-honda","tag-joan-mir","tag-marc-marquez","tag-repsol-honda-team","tag-test"],"yoast_head":"<!-- This site is optimized with the Yoast SEO plugin v27.3 - https:\/\/yoast.com\/product\/yoast-seo-wordpress\/ -->\n<title>Diecis\u00e9is mil\u00e9simas separan a los dos pilotos del Repsol Honda al terminar la pretemporada 2023 - Box Repsol<\/title>\n<meta name=\"description\" content=\"Analizamos el cierre de la pretemporada de MotoGP 2023 y c\u00f3mo diecis\u00e9is mil\u00e9simas son la diferencia que separa a nuestros pilotos del \u00e9xito.\" \/>\n<link rel=\"canonical\" href=\"https:\/\/www.boxrepsol.com\/es\/motogp\/dieciseis-milesimas-separan-a-los-dos-pilotos-del-repsol-honda-al-terminar-la-pretemporada-2023\/\" \/>\n<meta property=\"og:locale\" content=\"es_ES\" \/>\n<meta property=\"og:type\" content=\"article\" \/>\n<meta property=\"og:title\" content=\"Diecis\u00e9is mil\u00e9simas separan a los dos pilotos del Repsol Honda al terminar la pretemporada 2023 - Box Repsol\" \/>\n<meta property=\"og:description\" content=\"Analizamos el cierre de la pretemporada de MotoGP 2023 y c\u00f3mo diecis\u00e9is mil\u00e9simas son la diferencia que separa a nuestros pilotos del \u00e9xito.\" \/>\n<meta property=\"og:url\" content=\"https:\/\/www.boxrepsol.com\/es\/motogp\/dieciseis-milesimas-separan-a-los-dos-pilotos-del-repsol-honda-al-terminar-la-pretemporada-2023\/\" \/>\n<meta property=\"og:site_name\" content=\"Box Repsol\" \/>\n<meta property=\"article:publisher\" content=\"https:\/\/www.facebook.com\/BoxRepsol\" \/>\n<meta property=\"article:author\" content=\"https:\/\/www.facebook.com\/BoxRepsol\/\" \/>\n<meta property=\"article:published_time\" content=\"2023-03-12T22:23:00+00:00\" \/>\n<meta property=\"article:modified_time\" content=\"2024-04-08T10:31:29+00:00\" \/>\n<meta property=\"og:image\" content=\"https:\/\/bxrepsol.s3.eu-west-1.amazonaws.com\/static\/2023\/03\/12212612\/JRB9543-scaled.jpg\" \/>\n\t<meta property=\"og:image:width\" content=\"2560\" \/>\n\t<meta property=\"og:image:height\" content=\"1707\" \/>\n\t<meta property=\"og:image:type\" content=\"image\/jpeg\" \/>\n<meta name=\"author\" content=\"Redacci\u00f3n Box Repsol\" \/>\n<meta name=\"twitter:card\" content=\"summary_large_image\" \/>\n<meta name=\"twitter:creator\" content=\"@https:\/\/twitter.com\/box_repsol\" \/>\n<meta name=\"twitter:site\" content=\"@box_repsol\" \/>\n<meta name=\"twitter:label1\" content=\"Written by\" \/>\n\t<meta name=\"twitter:data1\" content=\"Redacci\u00f3n Box Repsol\" \/>\n\t<meta name=\"twitter:label2\" content=\"Est. reading time\" \/>\n\t<meta name=\"twitter:data2\" content=\"2 minutos\" \/>\n<script type=\"application\/ld+json\" class=\"yoast-schema-graph\">{\"@context\":\"https:\\\/\\\/schema.org\",\"@graph\":[{\"@type\":\"Article\",\"@id\":\"https:\\\/\\\/www.boxrepsol.com\\\/es\\\/motogp\\\/dieciseis-milesimas-separan-a-los-dos-pilotos-del-repsol-honda-al-terminar-la-pretemporada-2023\\\/#article\",\"isPartOf\":{\"@id\":\"https:\\\/\\\/www.boxrepsol.com\\\/es\\\/motogp\\\/dieciseis-milesimas-separan-a-los-dos-pilotos-del-repsol-honda-al-terminar-la-pretemporada-2023\\\/\"},\"author\":{\"name\":\"Redacci\u00f3n Box Repsol\",\"@id\":\"https:\\\/\\\/www.boxrepsol.com\\\/es\\\/#\\\/schema\\\/person\\\/c5c2138f2cca251b0ad92b7086bb60b7\"},\"headline\":\"Diecis\u00e9is mil\u00e9simas separan a los dos pilotos del Repsol Honda al terminar la pretemporada 2023\",\"datePublished\":\"2023-03-12T22:23:00+00:00\",\"dateModified\":\"2024-04-08T10:31:29+00:00\",\"mainEntityOfPage\":{\"@id\":\"https:\\\/\\\/www.boxrepsol.com\\\/es\\\/motogp\\\/dieciseis-milesimas-separan-a-los-dos-pilotos-del-repsol-honda-al-terminar-la-pretemporada-2023\\\/\"},\"wordCount\":474,\"commentCount\":0,\"publisher\":{\"@id\":\"https:\\\/\\\/www.boxrepsol.com\\\/es\\\/#organization\"},\"image\":{\"@id\":\"https:\\\/\\\/www.boxrepsol.com\\\/es\\\/motogp\\\/dieciseis-milesimas-separan-a-los-dos-pilotos-del-repsol-honda-al-terminar-la-pretemporada-2023\\\/#primaryimage\"},\"thumbnailUrl\":\"https:\\\/\\\/bxrepsol.s3.eu-west-1.amazonaws.com\\\/static\\\/2023\\\/03\\\/12212612\\\/JRB9543-scaled.jpg\",\"keywords\":[\"2023\",\"Equipo Repsol Honda\",\"Joan Mir\",\"Marc M\u00e1rquez\",\"Repsol Honda Team\",\"Test\"],\"articleSection\":[\"MotoGP\"],\"inLanguage\":\"es\",\"potentialAction\":[{\"@type\":\"CommentAction\",\"name\":\"Comment\",\"target\":[\"https:\\\/\\\/www.boxrepsol.com\\\/es\\\/motogp\\\/dieciseis-milesimas-separan-a-los-dos-pilotos-del-repsol-honda-al-terminar-la-pretemporada-2023\\\/#respond\"]}]},{\"@type\":\"WebPage\",\"@id\":\"https:\\\/\\\/www.boxrepsol.com\\\/es\\\/motogp\\\/dieciseis-milesimas-separan-a-los-dos-pilotos-del-repsol-honda-al-terminar-la-pretemporada-2023\\\/\",\"url\":\"https:\\\/\\\/www.boxrepsol.com\\\/es\\\/motogp\\\/dieciseis-milesimas-separan-a-los-dos-pilotos-del-repsol-honda-al-terminar-la-pretemporada-2023\\\/\",\"name\":\"Diecis\u00e9is mil\u00e9simas separan a los dos pilotos del Repsol Honda al terminar la pretemporada 2023 - Box Repsol\",\"isPartOf\":{\"@id\":\"https:\\\/\\\/www.boxrepsol.com\\\/es\\\/#website\"},\"primaryImageOfPage\":{\"@id\":\"https:\\\/\\\/www.boxrepsol.com\\\/es\\\/motogp\\\/dieciseis-milesimas-separan-a-los-dos-pilotos-del-repsol-honda-al-terminar-la-pretemporada-2023\\\/#primaryimage\"},\"image\":{\"@id\":\"https:\\\/\\\/www.boxrepsol.com\\\/es\\\/motogp\\\/dieciseis-milesimas-separan-a-los-dos-pilotos-del-repsol-honda-al-terminar-la-pretemporada-2023\\\/#primaryimage\"},\"thumbnailUrl\":\"https:\\\/\\\/bxrepsol.s3.eu-west-1.amazonaws.com\\\/static\\\/2023\\\/03\\\/12212612\\\/JRB9543-scaled.jpg\",\"datePublished\":\"2023-03-12T22:23:00+00:00\",\"dateModified\":\"2024-04-08T10:31:29+00:00\",\"description\":\"Analizamos el cierre de la pretemporada de MotoGP 2023 y c\u00f3mo diecis\u00e9is mil\u00e9simas son la diferencia que separa a nuestros pilotos del \u00e9xito.\",\"breadcrumb\":{\"@id\":\"https:\\\/\\\/www.boxrepsol.com\\\/es\\\/motogp\\\/dieciseis-milesimas-separan-a-los-dos-pilotos-del-repsol-honda-al-terminar-la-pretemporada-2023\\\/#breadcrumb\"},\"inLanguage\":\"es\",\"potentialAction\":[{\"@type\":\"ReadAction\",\"target\":[\"https:\\\/\\\/www.boxrepsol.com\\\/es\\\/motogp\\\/dieciseis-milesimas-separan-a-los-dos-pilotos-del-repsol-honda-al-terminar-la-pretemporada-2023\\\/\"]}]},{\"@type\":\"ImageObject\",\"inLanguage\":\"es\",\"@id\":\"https:\\\/\\\/www.boxrepsol.com\\\/es\\\/motogp\\\/dieciseis-milesimas-separan-a-los-dos-pilotos-del-repsol-honda-al-terminar-la-pretemporada-2023\\\/#primaryimage\",\"url\":\"https:\\\/\\\/bxrepsol.s3.eu-west-1.amazonaws.com\\\/static\\\/2023\\\/03\\\/12212612\\\/JRB9543-scaled.jpg\",\"contentUrl\":\"https:\\\/\\\/bxrepsol.s3.eu-west-1.amazonaws.com\\\/static\\\/2023\\\/03\\\/12212612\\\/JRB9543-scaled.jpg\",\"width\":2560,\"height\":1707},{\"@type\":\"BreadcrumbList\",\"@id\":\"https:\\\/\\\/www.boxrepsol.com\\\/es\\\/motogp\\\/dieciseis-milesimas-separan-a-los-dos-pilotos-del-repsol-honda-al-terminar-la-pretemporada-2023\\\/#breadcrumb\",\"itemListElement\":[{\"@type\":\"ListItem\",\"position\":1,\"name\":\"Home\",\"item\":\"https:\\\/\\\/www.boxrepsol.com\\\/es\\\/\"},{\"@type\":\"ListItem\",\"position\":2,\"name\":\"Diecis\u00e9is mil\u00e9simas separan a los dos pilotos del Repsol Honda al terminar la pretemporada 2023\"}]},{\"@type\":\"WebSite\",\"@id\":\"https:\\\/\\\/www.boxrepsol.com\\\/es\\\/#website\",\"url\":\"https:\\\/\\\/www.boxrepsol.com\\\/es\\\/\",\"name\":\"Box Repsol\",\"description\":\"Box Repsol Site\",\"publisher\":{\"@id\":\"https:\\\/\\\/www.boxrepsol.com\\\/es\\\/#organization\"},\"potentialAction\":[{\"@type\":\"SearchAction\",\"target\":{\"@type\":\"EntryPoint\",\"urlTemplate\":\"https:\\\/\\\/www.boxrepsol.com\\\/es\\\/?s={search_term_string}\"},\"query-input\":{\"@type\":\"PropertyValueSpecification\",\"valueRequired\":true,\"valueName\":\"search_term_string\"}}],\"inLanguage\":\"es\"},{\"@type\":\"Organization\",\"@id\":\"https:\\\/\\\/www.boxrepsol.com\\\/es\\\/#organization\",\"name\":\"Box Repsol\",\"url\":\"https:\\\/\\\/www.boxrepsol.com\\\/es\\\/\",\"logo\":{\"@type\":\"ImageObject\",\"inLanguage\":\"es\",\"@id\":\"https:\\\/\\\/www.boxrepsol.com\\\/es\\\/#\\\/schema\\\/logo\\\/image\\\/\",\"url\":\"https:\\\/\\\/bxrepsol.s3.eu-west-1.amazonaws.com\\\/static\\\/2025\\\/07\\\/30083337\\\/favicon-96x96-1.png\",\"contentUrl\":\"https:\\\/\\\/bxrepsol.s3.eu-west-1.amazonaws.com\\\/static\\\/2025\\\/07\\\/30083337\\\/favicon-96x96-1.png\",\"width\":96,\"height\":96,\"caption\":\"Box Repsol\"},\"image\":{\"@id\":\"https:\\\/\\\/www.boxrepsol.com\\\/es\\\/#\\\/schema\\\/logo\\\/image\\\/\"},\"sameAs\":[\"https:\\\/\\\/www.facebook.com\\\/BoxRepsol\",\"https:\\\/\\\/x.com\\\/box_repsol\",\"http:\\\/\\\/instagram.com\\\/box_repsol\",\"https:\\\/\\\/www.youtube.com\\\/user\\\/RepsolCompeticion\",\"https:\\\/\\\/www.flickr.com\\\/photos\\\/box_repsol\\\/\"]},{\"@type\":\"Person\",\"@id\":\"https:\\\/\\\/www.boxrepsol.com\\\/es\\\/#\\\/schema\\\/person\\\/c5c2138f2cca251b0ad92b7086bb60b7\",\"name\":\"Redacci\u00f3n Box Repsol\",\"image\":{\"@type\":\"ImageObject\",\"inLanguage\":\"es\",\"@id\":\"https:\\\/\\\/secure.gravatar.com\\\/avatar\\\/adf7b77e38b4419baf32c7e9c21dde01f4e40df611f0978e3006fc4ba0aaab7e?s=96&d=mm&r=g\",\"url\":\"https:\\\/\\\/secure.gravatar.com\\\/avatar\\\/adf7b77e38b4419baf32c7e9c21dde01f4e40df611f0978e3006fc4ba0aaab7e?s=96&d=mm&r=g\",\"contentUrl\":\"https:\\\/\\\/secure.gravatar.com\\\/avatar\\\/adf7b77e38b4419baf32c7e9c21dde01f4e40df611f0978e3006fc4ba0aaab7e?s=96&d=mm&r=g\",\"caption\":\"Redacci\u00f3n Box Repsol\"},\"description\":\"Box Repsol lo forma un equipo de periodistas, community managers, dise\u00f1adores y fot\u00f3grafos con m\u00e1s de 20 a\u00f1os de experiencia en el mundo del motorsport. Hemos vivido el primer mundial de un espa\u00f1ol en la categor\u00eda reina de motociclismo con \u00c1lex Crivill\u00e9, estuvimos en las victorias de Pedrosa y los t\u00edtulos de M\u00e1rquez, acompa\u00f1amos en \u00c1frica a Nani Roma y Marc Coma en sus conquistas del Dakar y hemos vibrado con los t\u00edtulos de Toni Bou en Trial. Adem\u00e1s, en nuestro equipo contamos con expertos en el mundo de las dos y cuatro ruedas tanto de la calle y las carreteras, como de los circuitos. Periodistas que han trabajado en revistas y publicaciones para hacerte llegar desde rutas y consejos de mantenimiento, a curiosidades y trucos de pilotaje.\",\"sameAs\":[\"https:\\\/\\\/www.facebook.com\\\/BoxRepsol\\\/\",\"https:\\\/\\\/www.instagram.com\\\/box_repsol\\\/\",\"https:\\\/\\\/x.com\\\/https:\\\/\\\/twitter.com\\\/box_repsol\",\"https:\\\/\\\/www.youtube.com\\\/@Boxrepsol\"],\"url\":\"https:\\\/\\\/www.boxrepsol.com\\\/es\\\/author\\\/redaccion-box-repsol\\\/\"}]}<\/script>\n<!-- \/ Yoast SEO plugin. -->","yoast_head_json":{"title":"Diecis\u00e9is mil\u00e9simas separan a los dos pilotos del Repsol Honda al terminar la pretemporada 2023 - Box Repsol","description":"Analizamos el cierre de la pretemporada de MotoGP 2023 y c\u00f3mo diecis\u00e9is mil\u00e9simas son la diferencia que separa a nuestros pilotos del \u00e9xito.","canonical":"https:\/\/www.boxrepsol.com\/es\/motogp\/dieciseis-milesimas-separan-a-los-dos-pilotos-del-repsol-honda-al-terminar-la-pretemporada-2023\/","og_locale":"es_ES","og_type":"article","og_title":"Diecis\u00e9is mil\u00e9simas separan a los dos pilotos del Repsol Honda al terminar la pretemporada 2023 - Box Repsol","og_description":"Analizamos el cierre de la pretemporada de MotoGP 2023 y c\u00f3mo diecis\u00e9is mil\u00e9simas son la diferencia que separa a nuestros pilotos del \u00e9xito.","og_url":"https:\/\/www.boxrepsol.com\/es\/motogp\/dieciseis-milesimas-separan-a-los-dos-pilotos-del-repsol-honda-al-terminar-la-pretemporada-2023\/","og_site_name":"Box Repsol","article_publisher":"https:\/\/www.facebook.com\/BoxRepsol","article_author":"https:\/\/www.facebook.com\/BoxRepsol\/","article_published_time":"2023-03-12T22:23:00+00:00","article_modified_time":"2024-04-08T10:31:29+00:00","og_image":[{"width":2560,"height":1707,"url":"https:\/\/bxrepsol.s3.eu-west-1.amazonaws.com\/static\/2023\/03\/12212612\/JRB9543-scaled.jpg","type":"image\/jpeg"}],"author":"Redacci\u00f3n Box Repsol","twitter_card":"summary_large_image","twitter_creator":"@https:\/\/twitter.com\/box_repsol","twitter_site":"@box_repsol","twitter_misc":{"Written by":"Redacci\u00f3n Box Repsol","Est. reading time":"2 minutos"},"schema":{"@context":"https:\/\/schema.org","@graph":[{"@type":"Article","@id":"https:\/\/www.boxrepsol.com\/es\/motogp\/dieciseis-milesimas-separan-a-los-dos-pilotos-del-repsol-honda-al-terminar-la-pretemporada-2023\/#article","isPartOf":{"@id":"https:\/\/www.boxrepsol.com\/es\/motogp\/dieciseis-milesimas-separan-a-los-dos-pilotos-del-repsol-honda-al-terminar-la-pretemporada-2023\/"},"author":{"name":"Redacci\u00f3n Box Repsol","@id":"https:\/\/www.boxrepsol.com\/es\/#\/schema\/person\/c5c2138f2cca251b0ad92b7086bb60b7"},"headline":"Diecis\u00e9is mil\u00e9simas separan a los dos pilotos del Repsol Honda al terminar la pretemporada 2023","datePublished":"2023-03-12T22:23:00+00:00","dateModified":"2024-04-08T10:31:29+00:00","mainEntityOfPage":{"@id":"https:\/\/www.boxrepsol.com\/es\/motogp\/dieciseis-milesimas-separan-a-los-dos-pilotos-del-repsol-honda-al-terminar-la-pretemporada-2023\/"},"wordCount":474,"commentCount":0,"publisher":{"@id":"https:\/\/www.boxrepsol.com\/es\/#organization"},"image":{"@id":"https:\/\/www.boxrepsol.com\/es\/motogp\/dieciseis-milesimas-separan-a-los-dos-pilotos-del-repsol-honda-al-terminar-la-pretemporada-2023\/#primaryimage"},"thumbnailUrl":"https:\/\/bxrepsol.s3.eu-west-1.amazonaws.com\/static\/2023\/03\/12212612\/JRB9543-scaled.jpg","keywords":["2023","Equipo Repsol Honda","Joan Mir","Marc M\u00e1rquez","Repsol Honda Team","Test"],"articleSection":["MotoGP"],"inLanguage":"es","potentialAction":[{"@type":"CommentAction","name":"Comment","target":["https:\/\/www.boxrepsol.com\/es\/motogp\/dieciseis-milesimas-separan-a-los-dos-pilotos-del-repsol-honda-al-terminar-la-pretemporada-2023\/#respond"]}]},{"@type":"WebPage","@id":"https:\/\/www.boxrepsol.com\/es\/motogp\/dieciseis-milesimas-separan-a-los-dos-pilotos-del-repsol-honda-al-terminar-la-pretemporada-2023\/","url":"https:\/\/www.boxrepsol.com\/es\/motogp\/dieciseis-milesimas-separan-a-los-dos-pilotos-del-repsol-honda-al-terminar-la-pretemporada-2023\/","name":"Diecis\u00e9is mil\u00e9simas separan a los dos pilotos del Repsol Honda al terminar la pretemporada 2023 - Box Repsol","isPartOf":{"@id":"https:\/\/www.boxrepsol.com\/es\/#website"},"primaryImageOfPage":{"@id":"https:\/\/www.boxrepsol.com\/es\/motogp\/dieciseis-milesimas-separan-a-los-dos-pilotos-del-repsol-honda-al-terminar-la-pretemporada-2023\/#primaryimage"},"image":{"@id":"https:\/\/www.boxrepsol.com\/es\/motogp\/dieciseis-milesimas-separan-a-los-dos-pilotos-del-repsol-honda-al-terminar-la-pretemporada-2023\/#primaryimage"},"thumbnailUrl":"https:\/\/bxrepsol.s3.eu-west-1.amazonaws.com\/static\/2023\/03\/12212612\/JRB9543-scaled.jpg","datePublished":"2023-03-12T22:23:00+00:00","dateModified":"2024-04-08T10:31:29+00:00","description":"Analizamos el cierre de la pretemporada de MotoGP 2023 y c\u00f3mo diecis\u00e9is mil\u00e9simas son la diferencia que separa a nuestros pilotos del \u00e9xito.","breadcrumb":{"@id":"https:\/\/www.boxrepsol.com\/es\/motogp\/dieciseis-milesimas-separan-a-los-dos-pilotos-del-repsol-honda-al-terminar-la-pretemporada-2023\/#breadcrumb"},"inLanguage":"es","potentialAction":[{"@type":"ReadAction","target":["https:\/\/www.boxrepsol.com\/es\/motogp\/dieciseis-milesimas-separan-a-los-dos-pilotos-del-repsol-honda-al-terminar-la-pretemporada-2023\/"]}]},{"@type":"ImageObject","inLanguage":"es","@id":"https:\/\/www.boxrepsol.com\/es\/motogp\/dieciseis-milesimas-separan-a-los-dos-pilotos-del-repsol-honda-al-terminar-la-pretemporada-2023\/#primaryimage","url":"https:\/\/bxrepsol.s3.eu-west-1.amazonaws.com\/static\/2023\/03\/12212612\/JRB9543-scaled.jpg","contentUrl":"https:\/\/bxrepsol.s3.eu-west-1.amazonaws.com\/static\/2023\/03\/12212612\/JRB9543-scaled.jpg","width":2560,"height":1707},{"@type":"BreadcrumbList","@id":"https:\/\/www.boxrepsol.com\/es\/motogp\/dieciseis-milesimas-separan-a-los-dos-pilotos-del-repsol-honda-al-terminar-la-pretemporada-2023\/#breadcrumb","itemListElement":[{"@type":"ListItem","position":1,"name":"Home","item":"https:\/\/www.boxrepsol.com\/es\/"},{"@type":"ListItem","position":2,"name":"Diecis\u00e9is mil\u00e9simas separan a los dos pilotos del Repsol Honda al terminar la pretemporada 2023"}]},{"@type":"WebSite","@id":"https:\/\/www.boxrepsol.com\/es\/#website","url":"https:\/\/www.boxrepsol.com\/es\/","name":"Box Repsol","description":"Box Repsol Site","publisher":{"@id":"https:\/\/www.boxrepsol.com\/es\/#organization"},"potentialAction":[{"@type":"SearchAction","target":{"@type":"EntryPoint","urlTemplate":"https:\/\/www.boxrepsol.com\/es\/?s={search_term_string}"},"query-input":{"@type":"PropertyValueSpecification","valueRequired":true,"valueName":"search_term_string"}}],"inLanguage":"es"},{"@type":"Organization","@id":"https:\/\/www.boxrepsol.com\/es\/#organization","name":"Box Repsol","url":"https:\/\/www.boxrepsol.com\/es\/","logo":{"@type":"ImageObject","inLanguage":"es","@id":"https:\/\/www.boxrepsol.com\/es\/#\/schema\/logo\/image\/","url":"https:\/\/bxrepsol.s3.eu-west-1.amazonaws.com\/static\/2025\/07\/30083337\/favicon-96x96-1.png","contentUrl":"https:\/\/bxrepsol.s3.eu-west-1.amazonaws.com\/static\/2025\/07\/30083337\/favicon-96x96-1.png","width":96,"height":96,"caption":"Box Repsol"},"image":{"@id":"https:\/\/www.boxrepsol.com\/es\/#\/schema\/logo\/image\/"},"sameAs":["https:\/\/www.facebook.com\/BoxRepsol","https:\/\/x.com\/box_repsol","http:\/\/instagram.com\/box_repsol","https:\/\/www.youtube.com\/user\/RepsolCompeticion","https:\/\/www.flickr.com\/photos\/box_repsol\/"]},{"@type":"Person","@id":"https:\/\/www.boxrepsol.com\/es\/#\/schema\/person\/c5c2138f2cca251b0ad92b7086bb60b7","name":"Redacci\u00f3n Box Repsol","image":{"@type":"ImageObject","inLanguage":"es","@id":"https:\/\/secure.gravatar.com\/avatar\/adf7b77e38b4419baf32c7e9c21dde01f4e40df611f0978e3006fc4ba0aaab7e?s=96&d=mm&r=g","url":"https:\/\/secure.gravatar.com\/avatar\/adf7b77e38b4419baf32c7e9c21dde01f4e40df611f0978e3006fc4ba0aaab7e?s=96&d=mm&r=g","contentUrl":"https:\/\/secure.gravatar.com\/avatar\/adf7b77e38b4419baf32c7e9c21dde01f4e40df611f0978e3006fc4ba0aaab7e?s=96&d=mm&r=g","caption":"Redacci\u00f3n Box Repsol"},"description":"Box Repsol lo forma un equipo de periodistas, community managers, dise\u00f1adores y fot\u00f3grafos con m\u00e1s de 20 a\u00f1os de experiencia en el mundo del motorsport. Hemos vivido el primer mundial de un espa\u00f1ol en la categor\u00eda reina de motociclismo con \u00c1lex Crivill\u00e9, estuvimos en las victorias de Pedrosa y los t\u00edtulos de M\u00e1rquez, acompa\u00f1amos en \u00c1frica a Nani Roma y Marc Coma en sus conquistas del Dakar y hemos vibrado con los t\u00edtulos de Toni Bou en Trial. Adem\u00e1s, en nuestro equipo contamos con expertos en el mundo de las dos y cuatro ruedas tanto de la calle y las carreteras, como de los circuitos. Periodistas que han trabajado en revistas y publicaciones para hacerte llegar desde rutas y consejos de mantenimiento, a curiosidades y trucos de pilotaje.","sameAs":["https:\/\/www.facebook.com\/BoxRepsol\/","https:\/\/www.instagram.com\/box_repsol\/","https:\/\/x.com\/https:\/\/twitter.com\/box_repsol","https:\/\/www.youtube.com\/@Boxrepsol"],"url":"https:\/\/www.boxrepsol.com\/es\/author\/redaccion-box-repsol\/"}]}},"_links":{"self":[{"href":"https:\/\/www.boxrepsol.com\/es\/wp-json\/wp\/v2\/posts\/99302","targetHints":{"allow":["GET"]}}],"collection":[{"href":"https:\/\/www.boxrepsol.com\/es\/wp-json\/wp\/v2\/posts"}],"about":[{"href":"https:\/\/www.boxrepsol.com\/es\/wp-json\/wp\/v2\/types\/post"}],"author":[{"embeddable":true,"href":"https:\/\/www.boxrepsol.com\/es\/wp-json\/wp\/v2\/users\/43146"}],"replies":[{"embeddable":true,"href":"https:\/\/www.boxrepsol.com\/es\/wp-json\/wp\/v2\/comments?post=99302"}],"version-history":[{"count":3,"href":"https:\/\/www.boxrepsol.com\/es\/wp-json\/wp\/v2\/posts\/99302\/revisions"}],"predecessor-version":[{"id":109196,"href":"https:\/\/www.boxrepsol.com\/es\/wp-json\/wp\/v2\/posts\/99302\/revisions\/109196"}],"wp:featuredmedia":[{"embeddable":true,"href":"https:\/\/www.boxrepsol.com\/es\/wp-json\/wp\/v2\/media\/99303"}],"wp:attachment":[{"href":"https:\/\/www.boxrepsol.com\/es\/wp-json\/wp\/v2\/media?parent=99302"}],"wp:term":[{"taxonomy":"category","embeddable":true,"href":"https:\/\/www.boxrepsol.com\/es\/wp-json\/wp\/v2\/categories?post=99302"},{"taxonomy":"post_tag","embeddable":true,"href":"https:\/\/www.boxrepsol.com\/es\/wp-json\/wp\/v2\/tags?post=99302"}],"curies":[{"name":"wp","href":"https:\/\/api.w.org\/{rel}","templated":true}]}}