{"id":98805,"date":"2023-03-01T06:38:52","date_gmt":"2023-03-01T08:38:52","guid":{"rendered":"http:\/\/pre.boxrepsol.com\/?p=98805"},"modified":"2025-08-27T08:14:03","modified_gmt":"2025-08-27T10:14:03","slug":"radares-de-tramo-todo-lo-que-tienes-que-saber","status":"publish","type":"post","link":"https:\/\/www.boxrepsol.com\/es\/cultura-motera\/radares-de-tramo-todo-lo-que-tienes-que-saber\/","title":{"rendered":"Radares de tramo: d\u00f3nde est\u00e1n y c\u00f3mo funcionan"},"content":{"rendered":"<figure class=\"wp-block-post-featured-image\"><img loading=\"lazy\" decoding=\"async\" width=\"1280\" height=\"600\" src=\"https:\/\/bxrepsol.s3.eu-west-1.amazonaws.com\/static\/2023\/03\/01063831\/Foto-1-portada.jpg\" class=\"attachment-post-thumbnail size-post-thumbnail wp-post-image\" alt=\"\" style=\"object-fit:cover;\" srcset=\"https:\/\/bxrepsol.s3.eu-west-1.amazonaws.com\/static\/2023\/03\/01063831\/Foto-1-portada.jpg 1280w, https:\/\/bxrepsol.s3.eu-west-1.amazonaws.com\/static\/2023\/03\/01063831\/Foto-1-portada-300x141.jpg 300w, https:\/\/bxrepsol.s3.eu-west-1.amazonaws.com\/static\/2023\/03\/01063831\/Foto-1-portada-1024x480.jpg 1024w, https:\/\/bxrepsol.s3.eu-west-1.amazonaws.com\/static\/2023\/03\/01063831\/Foto-1-portada-768x360.jpg 768w\" sizes=\"auto, (max-width: 1280px) 100vw, 1280px\" \/><\/figure>\n\n<h2><span class=\"ez-toc-section\" id=\"%C2%BFQue_es_un_radar_de_tramo\"><\/span>\u00bfQu\u00e9 es un radar de tramo?<span class=\"ez-toc-section-end\"><\/span><\/h2>\n<p>Desde el a\u00f1o 2010, en Espa\u00f1a est\u00e1n operativos los\u00a0<strong>radares de tramo o tramos de velocidad controlada<\/strong>\u00a0en distintas autopistas, autov\u00edas y carreteras convencionales. Controlan la\u00a0<strong>velocidad media<\/strong>\u00a0de cada veh\u00edculo en un tramo de carretera de varios kil\u00f3metros, en lugar de hacerlo en un \u00fanico punto fijo, sancionando a los veh\u00edculos que superan el\u00a0<strong>l\u00edmite de velocidad<\/strong>\u00a0establecido.<\/p>\n<p><b><div id=\"ez-toc-container\" class=\"ez-toc-v2_0_82_2 counter-hierarchy ez-toc-counter ez-toc-grey ez-toc-container-direction\">\n<div class=\"ez-toc-title-container\">\n<p class=\"ez-toc-title\" style=\"cursor:inherit\">\u00cdndice<\/p>\n<span class=\"ez-toc-title-toggle\"><a href=\"#\" class=\"ez-toc-pull-right ez-toc-btn ez-toc-btn-xs ez-toc-btn-default ez-toc-toggle\" aria-label=\"Toggle Table of Content\"><span class=\"ez-toc-js-icon-con\"><span class=\"\"><span class=\"eztoc-hide\" style=\"display:none;\">Toggle<\/span><span class=\"ez-toc-icon-toggle-span\"><svg style=\"fill: #999;color:#999\" xmlns=\"http:\/\/www.w3.org\/2000\/svg\" class=\"list-377408\" width=\"20px\" height=\"20px\" viewBox=\"0 0 24 24\" fill=\"none\"><path d=\"M6 6H4v2h2V6zm14 0H8v2h12V6zM4 11h2v2H4v-2zm16 0H8v2h12v-2zM4 16h2v2H4v-2zm16 0H8v2h12v-2z\" fill=\"currentColor\"><\/path><\/svg><svg style=\"fill: #999;color:#999\" class=\"arrow-unsorted-368013\" xmlns=\"http:\/\/www.w3.org\/2000\/svg\" width=\"10px\" height=\"10px\" viewBox=\"0 0 24 24\" version=\"1.2\" baseProfile=\"tiny\"><path d=\"M18.2 9.3l-6.2-6.3-6.2 6.3c-.2.2-.3.4-.3.7s.1.5.3.7c.2.2.4.3.7.3h11c.3 0 .5-.1.7-.3.2-.2.3-.5.3-.7s-.1-.5-.3-.7zM5.8 14.7l6.2 6.3 6.2-6.3c.2-.2.3-.5.3-.7s-.1-.5-.3-.7c-.2-.2-.4-.3-.7-.3h-11c-.3 0-.5.1-.7.3-.2.2-.3.5-.3.7s.1.5.3.7z\"\/><\/svg><\/span><\/span><\/span><\/a><\/span><\/div>\n<nav><ul class='ez-toc-list ez-toc-list-level-1 ' ><li class='ez-toc-page-1 ez-toc-heading-level-2'><a class=\"ez-toc-link ez-toc-heading-1\" href=\"https:\/\/www.boxrepsol.com\/es\/cultura-motera\/radares-de-tramo-todo-lo-que-tienes-que-saber\/#%C2%BFQue_es_un_radar_de_tramo\" >\u00bfQu\u00e9 es un radar de tramo?<\/a><\/li><li class='ez-toc-page-1 ez-toc-heading-level-2'><a class=\"ez-toc-link ez-toc-heading-2\" href=\"https:\/\/www.boxrepsol.com\/es\/cultura-motera\/radares-de-tramo-todo-lo-que-tienes-que-saber\/#%C2%BFComo_funciona_un_radar_de_tramo\" >\u00bfC\u00f3mo funciona un radar de tramo?<\/a><ul class='ez-toc-list-level-3' ><li class='ez-toc-heading-level-3'><a class=\"ez-toc-link ez-toc-heading-3\" href=\"https:\/\/www.boxrepsol.com\/es\/cultura-motera\/radares-de-tramo-todo-lo-que-tienes-que-saber\/#%C2%BFCuando_te_sanciona_un_radar_de_tramo\" >\u00bfCu\u00e1ndo te sanciona un radar de tramo?<\/a><\/li><\/ul><\/li><li class='ez-toc-page-1 ez-toc-heading-level-2'><a class=\"ez-toc-link ez-toc-heading-4\" href=\"https:\/\/www.boxrepsol.com\/es\/cultura-motera\/radares-de-tramo-todo-lo-que-tienes-que-saber\/#%C2%BFCual_es_la_diferencia_entre_un_radar_de_velocidad_y_uno_de_tramo\" >\u00bfCu\u00e1l es la diferencia entre un radar de velocidad y uno de tramo?<\/a><\/li><li class='ez-toc-page-1 ez-toc-heading-level-2'><a class=\"ez-toc-link ez-toc-heading-5\" href=\"https:\/\/www.boxrepsol.com\/es\/cultura-motera\/radares-de-tramo-todo-lo-que-tienes-que-saber\/#Ubicacion_de_todos_los_radares_de_tramo_en_Espana\" >Ubicaci\u00f3n de todos los radares de tramo en Espa\u00f1a<\/a><\/li><li class='ez-toc-page-1 ez-toc-heading-level-2'><a class=\"ez-toc-link ez-toc-heading-6\" href=\"https:\/\/www.boxrepsol.com\/es\/cultura-motera\/radares-de-tramo-todo-lo-que-tienes-que-saber\/#%C2%BFCual_es_la_multa_por_exceso_de_velocidad_en_un_radar_de_tramo\" >\u00bfCu\u00e1l es la multa por exceso de velocidad en un radar de tramo?<\/a><\/li><\/ul><\/nav><\/div>\n<\/b><\/p>\n<p>Estos controles no tienen una longitud predeterminada y \u00e9sta depende de la v\u00eda en la que est\u00e9n colocados. Pueden ser de varios kil\u00f3metros de longitud y est\u00e1n\u00a0<strong>indicados con cierta antelaci\u00f3n<\/strong>\u00a0con un panel luminoso o con la se\u00f1al correspondiente, dependiendo del tipo de carretera en el que hayan sido colocados. Adem\u00e1s de al principio, a lo largo del tramo existen se\u00f1ales que recuerdan la velocidad m\u00e1xima permitida, que siempre es la misma desde el principio hasta el final. En muchos casos los\u00a0<strong>radares de tramo<\/strong>\u00a0est\u00e1n colocados en t\u00faneles, porque est\u00e1 demostrado que son lugares problem\u00e1ticos, especialmente en el caso de que tengan que intervenir servicios de emergencia.<\/p>\n<h2><span class=\"ez-toc-section\" id=\"%C2%BFComo_funciona_un_radar_de_tramo\"><\/span>\u00bfC\u00f3mo funciona un radar de tramo?<span class=\"ez-toc-section-end\"><\/span><\/h2>\n<p>Aunque todo el mundo habla de radar de tramo, realmente las encargadas de controlar el tiempo que se tarda en circular por ese tramo<strong> son unas c\u00e1maras de visi\u00f3n artificial por rayos infrarrojos<\/strong>.\u00a0<\/p>\n<p>La particularidad de estas c\u00e1maras es que <strong>son capaces de reconocer los caracteres de las matr\u00edculas de los veh\u00edculos<\/strong>. Y que adem\u00e1s est\u00e1n instaladas al principio y al final de los tramos que la Direcci\u00f3n General de Tr\u00e1fico desea vigilar.<\/p>\n<p>Est\u00e1n conectadas a un ordenador que relaciona matr\u00edculas iguales, comprueba el tiempo empleado para ir desde el inicio hasta el final de tramo y <strong>calcula la velocidad media a la que se ha recorrido la distancia<\/strong> en cuesti\u00f3n.\u00a0<\/p>\n<p>Las c\u00e1maras cuentan con relojes de gran precisi\u00f3n que se sincronizan a trav\u00e9s de fibra \u00f3ptica y por sat\u00e9lite, para que siempre marquen la misma hora.<\/p>\n<p>Esto quiere decir que no hay radares, sino que lo que se mide es el tiempo de paso.\u00a0<\/p>\n\n\n<figure class=\"wp-block-image size-large\"><img loading=\"lazy\" decoding=\"async\" width=\"1024\" height=\"554\" src=\"https:\/\/bxrepsol.s3.eu-west-1.amazonaws.com\/static\/2023\/02\/28122454\/Foto-5-1024x554.jpg\" alt=\"Se\u00f1al de control de velocidad\" class=\"wp-image-98807\" srcset=\"https:\/\/bxrepsol.s3.eu-west-1.amazonaws.com\/static\/2023\/02\/28122454\/Foto-5-1024x554.jpg 1024w, https:\/\/bxrepsol.s3.eu-west-1.amazonaws.com\/static\/2023\/02\/28122454\/Foto-5-300x162.jpg 300w, https:\/\/bxrepsol.s3.eu-west-1.amazonaws.com\/static\/2023\/02\/28122454\/Foto-5-768x415.jpg 768w, https:\/\/bxrepsol.s3.eu-west-1.amazonaws.com\/static\/2023\/02\/28122454\/Foto-5.jpg 1200w\" sizes=\"auto, (max-width: 1024px) 100vw, 1024px\" \/><\/figure>\n\n\n<h3><span class=\"ez-toc-section\" id=\"%C2%BFCuando_te_sanciona_un_radar_de_tramo\"><\/span><strong>\u00bf<span style=\"font-size: 21.06px;\">Cu\u00e1ndo<\/span> te sanciona un radar de tramo?<\/strong><span class=\"ez-toc-section-end\"><\/span><\/h3>\n<p>Si en alg\u00fan punto del tramo se supera la velocidad m\u00e1xima establecida, no pasa nada siempre que la velocidad media no exceda el l\u00edmite marcado.&nbsp;<\/p>\n<p>En caso de que te percates de que en una parte del tramo has superado el l\u00edmite de velocidad, lo que debes hacer es<strong> rebajar la media circulando durante un tiempo por debajo de la velocidad m\u00e1xima permitida<\/strong>.<\/p>\n<p>Si la carretera en la que est\u00e1 instalado el control de velocidad de tramo cuenta con varios carriles, no importa si cambias de un carril a otro. Todos los carriles cuentan con c\u00e1maras y <strong>son procesadas por el mismo ordenador. <\/strong>As\u00ed que el control es el mismo, aunque circules por distintos carriles a la entrada o a la salida del tramo.<\/p>\n<p>Cuando el ordenador detecta que la velocidad media de un veh\u00edculo ha rebasado el l\u00edmite establecido, sus datos se env\u00edan a trav\u00e9s de fibra \u00f3ptica <strong>al Centro de Gesti\u00f3n de Denuncias Automatizadas Le\u00f3n.<\/strong> Y desde all\u00ed se expide la sanci\u00f3n correspondiente al propietario del citado veh\u00edculo.<\/p>\n\n\n<figure class=\"wp-block-image size-large\"><img loading=\"lazy\" decoding=\"async\" width=\"1024\" height=\"576\" src=\"https:\/\/bxrepsol.s3.eu-west-1.amazonaws.com\/static\/2023\/02\/28122951\/Foto-4-1024x576.jpeg\" alt=\"C\u00e1mara de radar de tramo\" class=\"wp-image-98815\" srcset=\"https:\/\/bxrepsol.s3.eu-west-1.amazonaws.com\/static\/2023\/02\/28122951\/Foto-4-1024x576.jpeg 1024w, https:\/\/bxrepsol.s3.eu-west-1.amazonaws.com\/static\/2023\/02\/28122951\/Foto-4-300x169.jpeg 300w, https:\/\/bxrepsol.s3.eu-west-1.amazonaws.com\/static\/2023\/02\/28122951\/Foto-4-768x432.jpeg 768w, https:\/\/bxrepsol.s3.eu-west-1.amazonaws.com\/static\/2023\/02\/28122951\/Foto-4.jpeg 1200w\" sizes=\"auto, (max-width: 1024px) 100vw, 1024px\" \/><\/figure>\n\n\n<h2><span class=\"ez-toc-section\" id=\"%C2%BFCual_es_la_diferencia_entre_un_radar_de_velocidad_y_uno_de_tramo\"><\/span>\u00bfCu\u00e1l es la diferencia entre un radar de velocidad y uno de tramo?<span class=\"ez-toc-section-end\"><\/span><\/h2>\n<p>Seg\u00fan queda aclarado con nuestra explicaci\u00f3n, los radares de tramo no son radares de velocidad propiamente dichos como son los cinem\u00f3metros, tanto fijos como m\u00f3viles.\u00a0<\/p>\n<p><strong>Un cinem\u00f3metro es un dispositivo capaz de controlar la velocidad a la que un veh\u00edculo pasa por un punto determinado<\/strong>. Pero estos mal llamados radares de tramo no funcionan de la misma manera, ya que no usan cinem\u00f3metros.\u00a0<\/p>\n<p>Los radares de tramo son un sistema de c\u00e1maras que graban de forma ininterrumpida.\u00a0<\/p>\n<p>Su particularidad principal es que son capaces de identificar y reconocer los caracteres de todas las matr\u00edculas de los veh\u00edculos que circulan por el tramo en el que est\u00e1n instaladas. Despu\u00e9s de eso, asocian a cada matr\u00edcula la hora de entrada y salida del tramo y calculan la velocidad media a la que ha recorrido la distancia entre las dos c\u00e1maras.<\/p>\n\n\n<figure class=\"wp-block-image size-large\"><img loading=\"lazy\" decoding=\"async\" width=\"1024\" height=\"576\" src=\"https:\/\/bxrepsol.s3.eu-west-1.amazonaws.com\/static\/2023\/02\/28123429\/Foto-3-1024x576.jpg\" alt=\"Cartel luminoso de control de velocidad\" class=\"wp-image-98817\" srcset=\"https:\/\/bxrepsol.s3.eu-west-1.amazonaws.com\/static\/2023\/02\/28123429\/Foto-3-1024x576.jpg 1024w, https:\/\/bxrepsol.s3.eu-west-1.amazonaws.com\/static\/2023\/02\/28123429\/Foto-3-300x169.jpg 300w, https:\/\/bxrepsol.s3.eu-west-1.amazonaws.com\/static\/2023\/02\/28123429\/Foto-3-768x432.jpg 768w, https:\/\/bxrepsol.s3.eu-west-1.amazonaws.com\/static\/2023\/02\/28123429\/Foto-3.jpg 1200w\" sizes=\"auto, (max-width: 1024px) 100vw, 1024px\" \/><\/figure>\n\n\n\n<h2 class=\"wp-block-heading\"><span class=\"ez-toc-section\" id=\"Ubicacion_de_todos_los_radares_de_tramo_en_Espana\"><\/span>Ubicaci\u00f3n de todos los radares de tramo en Espa\u00f1a<span class=\"ez-toc-section-end\"><\/span><\/h2>\n\n\n\n<p>Seg\u00fan los \u00faltimos datos publicados por la Direcci\u00f3n General de Tr\u00e1fico en 2022, <strong>en Espa\u00f1a existen 92 controles de velocidad de tramo<\/strong>, aunque su idea es la de ampliar esa cifra en los pr\u00f3ximos a\u00f1os.<\/p>\n\n\n\n<p>Esta es la lista completa de <a href=\"https:\/\/infocar.dgt.es\/etraffic\/Buscador?caracter=acontecimiento&amp;Camaras=true&amp;SensoresMeteorologico=true&amp;SensoresTrafico=true&amp;Paneles=true&amp;Radares=true&amp;IncidenciasRETENCION=true&amp;IncidenciasOBRAS=false&amp;IncidenciasMETEOROLOGICA=true&amp;IncidenciasPUERTOS=true&amp;IncidenciasOTROS=true&amp;IncidenciasEVENTOS=true&amp;IncidenciasRESTRICCIONES=true&amp;provincia=77&amp;poblacion=&amp;carretera=&amp;PK=&amp;version=mapa&amp;pagina=null&amp;accion_buscar=Buscar\">radares de tramo activos en Espa\u00f1a<\/a> publicada en la web de la DGT:<\/p>\n\n\n\n<figure class=\"wp-block-table\"><table><tbody><tr><td><strong>Localidad<\/strong><\/td><td><strong>V\u00eda<\/strong><\/td><td><strong>Punto kilom\u00e9trico<\/strong><\/td><td><strong>Longitud<\/strong><\/td><td><strong>Sentido<\/strong><\/td><\/tr><tr><td>Albacete<\/td><td>N-344<\/td><td>109.995<\/td><td>8.545 m<\/td><td>Decreciente<\/td><\/tr><tr><td>Albacete<\/td><td>N-344<\/td><td>117.995<\/td><td>8.542 m<\/td><td>Creciente<\/td><\/tr><tr><td>Albacete<\/td><td>N-430<\/td><td>486.58<\/td><td>16.387 m<\/td><td>Decreciente<\/td><\/tr><tr><td>Albacete<\/td><td>N-430<\/td><td>502.945<\/td><td>16.387 m<\/td><td>Creciente<\/td><\/tr><tr><td>Asturias<\/td><td>A-8<\/td><td>505.05<\/td><td>1.082 m<\/td><td>Decreciente<\/td><\/tr><tr><td>\u00c1vila<\/td><td>N-403<\/td><td>113.16<\/td><td>4.469 m<\/td><td>Decreciente<\/td><\/tr><tr><td>\u00c1vila<\/td><td>N-403<\/td><td>118.05<\/td><td>4.472 m<\/td><td>Creciente<\/td><\/tr><tr><td>Badajoz<\/td><td>N-432<\/td><td>80.98<\/td><td>14.708 m<\/td><td>Decreciente<\/td><\/tr><tr><td>Badajoz<\/td><td>N-432<\/td><td>95.49<\/td><td>14.708 m<\/td><td>Creciente<\/td><\/tr><tr><td>C\u00e1diz<\/td><td>CA-33<\/td><td>12.2<\/td><td>3.148 m<\/td><td>Creciente<\/td><\/tr><tr><td>C\u00e1diz<\/td><td>CA-33<\/td><td>9.16<\/td><td>3.612 m<\/td><td>Decreciente<\/td><\/tr><tr><td>C\u00e1diz<\/td><td>CA-35<\/td><td>2.737<\/td><td>4.243 m<\/td><td>Decreciente<\/td><\/tr><tr><td>C\u00e1diz<\/td><td>CA-35<\/td><td>7.02<\/td><td>4.249 m<\/td><td>Creciente<\/td><\/tr><tr><td>Cantabria<\/td><td>N-629<\/td><td>81.15<\/td><td>2.560 m<\/td><td>Decreciente<\/td><\/tr><tr><td>Cantabria<\/td><td>N-629<\/td><td>83.37<\/td><td>1.933 m<\/td><td>Creciente<\/td><\/tr><tr><td>Castell\u00f3n<\/td><td>N-340<\/td><td>1033.05<\/td><td>2.878 m<\/td><td>Decreciente<\/td><\/tr><tr><td>Castell\u00f3n<\/td><td>N-340<\/td><td>1035.8<\/td><td>2.879 m<\/td><td>Creciente<\/td><\/tr><tr><td>Coru\u00f1a, A<\/td><td>AG-55<\/td><td>11.713<\/td><td>3.030 m<\/td><td>Decreciente<\/td><\/tr><tr><td>Coru\u00f1a, A<\/td><td>AG-64<\/td><td>12.825<\/td><td>5.688 m<\/td><td>Decreciente<\/td><\/tr><tr><td>Coru\u00f1a, A<\/td><td>AP-9F<\/td><td>31.137<\/td><td>1.222 m<\/td><td>Creciente<\/td><\/tr><tr><td>Coru\u00f1a, A<\/td><td>N-550<\/td><td>56.116<\/td><td>1.445 m<\/td><td>Creciente<\/td><\/tr><tr><td>Guadalajara<\/td><td>N-320<\/td><td>259.16<\/td><td>4.773 m<\/td><td>Decreciente<\/td><\/tr><tr><td>Guadalajara<\/td><td>N-320<\/td><td>264.11<\/td><td>4.778 m<\/td><td>Creciente<\/td><\/tr><tr><td>Guadalajara<\/td><td>N-320<\/td><td>298.13<\/td><td>2.438 m<\/td><td>Decreciente<\/td><\/tr><tr><td>Guadalajara<\/td><td>N-320<\/td><td>300.5<\/td><td>2.439 m<\/td><td>Creciente<\/td><\/tr><tr><td>Huelva<\/td><td>N-433<\/td><td>118.332<\/td><td>4.620 m<\/td><td>Decreciente<\/td><\/tr><tr><td>Huelva<\/td><td>N-433<\/td><td>122.961<\/td><td>4.615 m<\/td><td>Creciente<\/td><\/tr><tr><td>Ja\u00e9n<\/td><td>A-4<\/td><td>245.229<\/td><td>3.130 m<\/td><td>Decreciente<\/td><\/tr><tr><td>Le\u00f3n<\/td><td>AP-66<\/td><td>101.5<\/td><td>1.839 m<\/td><td>Creciente<\/td><\/tr><tr><td>Le\u00f3n<\/td><td>N-120<\/td><td>317.6<\/td><td>2.083 m<\/td><td>Decreciente<\/td><\/tr><tr><td>Le\u00f3n<\/td><td>N-120<\/td><td>319.6<\/td><td>2.085 m<\/td><td>Creciente<\/td><\/tr><tr><td>Le\u00f3n<\/td><td>N-630<\/td><td>132.05<\/td><td>5.444 m<\/td><td>Decreciente<\/td><\/tr><tr><td>Le\u00f3n<\/td><td>N-630<\/td><td>137.5<\/td><td>5.440 m<\/td><td>Creciente<\/td><\/tr><tr><td>Lugo<\/td><td>A-8<\/td><td>506.28<\/td><td>1.182 m<\/td><td>Creciente<\/td><\/tr><tr><td>Lugo<\/td><td>A-8<\/td><td>545.115<\/td><td>5.116 m<\/td><td>Decreciente<\/td><\/tr><tr><td>Lugo<\/td><td>A-8<\/td><td>550.2<\/td><td>4.633 m<\/td><td>Creciente<\/td><\/tr><tr><td>Madrid<\/td><td>A-4<\/td><td>46.993<\/td><td>4.050 m<\/td><td>Decreciente<\/td><\/tr><tr><td>Madrid<\/td><td>AP-6<\/td><td>49.263<\/td><td>7.584 m<\/td><td>Decreciente<\/td><\/tr><tr><td>Madrid<\/td><td>N-320<\/td><td>318.005<\/td><td>11.823 m<\/td><td>Decreciente<\/td><\/tr><tr><td>Madrid<\/td><td>N-320<\/td><td>329.97<\/td><td>11.822 m<\/td><td>Creciente<\/td><\/tr><tr><td>M\u00e1laga<\/td><td>A-397<\/td><td>28.02<\/td><td>2.059 m<\/td><td>Decreciente<\/td><\/tr><tr><td>M\u00e1laga<\/td><td>A-397<\/td><td>30.05<\/td><td>2.055 m<\/td><td>Creciente<\/td><\/tr><tr><td>M\u00e1laga<\/td><td>A-45<\/td><td>128.78<\/td><td>2.822 m<\/td><td>Creciente<\/td><\/tr><tr><td>M\u00e1laga<\/td><td>A-45<\/td><td>140.276<\/td><td>6.098 m<\/td><td>Creciente<\/td><\/tr><tr><td>M\u00e1laga<\/td><td>A-7<\/td><td>200.146<\/td><td>5.230 m<\/td><td>Decreciente<\/td><\/tr><tr><td>M\u00e1laga<\/td><td>A-7<\/td><td>205.268<\/td><td>5.217 m<\/td><td>Creciente<\/td><\/tr><tr><td>M\u00e1laga<\/td><td>A-7<\/td><td>288.74<\/td><td>1.109 m<\/td><td>Creciente<\/td><\/tr><tr><td>Murcia<\/td><td>A-7<\/td><td>634.5<\/td><td>1.553 m<\/td><td>Decreciente<\/td><\/tr><tr><td>Murcia<\/td><td>A-7<\/td><td>635.951<\/td><td>1.336 m<\/td><td>Creciente<\/td><\/tr><tr><td>Murcia<\/td><td>RM-603<\/td><td>1.4<\/td><td>1.337 m<\/td><td>Decreciente<\/td><\/tr><tr><td>Murcia<\/td><td>RM-603<\/td><td>2.65<\/td><td>1.335 m<\/td><td>Creciente<\/td><\/tr><tr><td>Ourense<\/td><td>N-525<\/td><td>245.985<\/td><td>3.626 m<\/td><td>Creciente<\/td><\/tr><tr><td>Palencia<\/td><td>CL-613<\/td><td>11.92<\/td><td>3.489 m<\/td><td>Decreciente<\/td><\/tr><tr><td>Palencia<\/td><td>CL-613<\/td><td>15.41<\/td><td>17.456 m<\/td><td>Decreciente<\/td><\/tr><tr><td>Palencia<\/td><td>CL-613<\/td><td>15.41<\/td><td>3.487 m<\/td><td>Creciente<\/td><\/tr><tr><td>Palencia<\/td><td>CL-613<\/td><td>32.7<\/td><td>17.454 m<\/td><td>Creciente<\/td><\/tr><tr><td>Palencia<\/td><td>CL-615<\/td><td>1.706<\/td><td>23.136 m<\/td><td>Decreciente<\/td><\/tr><tr><td>Palencia<\/td><td>CL-615<\/td><td>34.61<\/td><td>32.895 m<\/td><td>Creciente<\/td><\/tr><tr><td>Palencia<\/td><td>CL-615<\/td><td>38.312<\/td><td>11.679 m<\/td><td>Decreciente<\/td><\/tr><tr><td>Palencia<\/td><td>CL-615<\/td><td>49.975<\/td><td>11.669 m<\/td><td>Creciente<\/td><\/tr><tr><td>Palmas, Las<\/td><td>LZ-67<\/td><td>13.495<\/td><td>5.490 m<\/td><td>Creciente<\/td><\/tr><tr><td>Palmas, Las<\/td><td>LZ-67<\/td><td>16.22<\/td><td>5.504 m<\/td><td>Decreciente<\/td><\/tr><tr><td>Palmas, Las<\/td><td>LZ-67<\/td><td>20.16<\/td><td>12.027 m<\/td><td>Creciente<\/td><\/tr><tr><td>Palmas, Las<\/td><td>LZ-67<\/td><td>20.16<\/td><td>5.490 m<\/td><td>Creciente<\/td><\/tr><tr><td>Palmas, Las<\/td><td>LZ-67<\/td><td>7.925<\/td><td>12.022 m<\/td><td>Decreciente<\/td><\/tr><tr><td>Palmas, Las<\/td><td>LZ-67<\/td><td>7.925<\/td><td>5.504 m<\/td><td>Decreciente<\/td><\/tr><tr><td>Palmas, Las<\/td><td>LZ-701<\/td><td>0.26<\/td><td>3.356 m<\/td><td>Decreciente<\/td><\/tr><tr><td>Palmas, Las<\/td><td>LZ-701<\/td><td>10.685<\/td><td>6.495 m<\/td><td>Creciente<\/td><\/tr><tr><td>Palmas, Las<\/td><td>LZ-701<\/td><td>3.645<\/td><td>3.362 m<\/td><td>Creciente<\/td><\/tr><tr><td>Palmas, Las<\/td><td>LZ-701<\/td><td>4.145<\/td><td>6.482 m<\/td><td>Decreciente<\/td><\/tr><tr><td>Pontevedra<\/td><td>AP-9<\/td><td>149.48<\/td><td>5.441 m<\/td><td>Decreciente<\/td><\/tr><tr><td>Salamanca<\/td><td>CL-517<\/td><td>16.35<\/td><td>11.937 m<\/td><td>Creciente<\/td><\/tr><tr><td>Salamanca<\/td><td>CL-517<\/td><td>4.38<\/td><td>11.931 m<\/td><td>Decreciente<\/td><\/tr><tr><td>Sta Cruz de Tenerife<\/td><td>TF-5<\/td><td>20.66<\/td><td>1.720 m<\/td><td>Decreciente<\/td><\/tr><tr><td>Sta Cruz de Tenerife<\/td><td>TF-5<\/td><td>22.4<\/td><td>1.640 m<\/td><td>Creciente<\/td><\/tr><tr><td>Segovia<\/td><td>AP-6<\/td><td>56.608<\/td><td>3.482 m<\/td><td>Creciente<\/td><\/tr><tr><td>Sevilla<\/td><td>N-IV<\/td><td>573.367<\/td><td>4.442 m<\/td><td>Decreciente<\/td><\/tr><tr><td>Sevilla<\/td><td>N-IV<\/td><td>577.809<\/td><td>4.442 m<\/td><td>Creciente<\/td><\/tr><tr><td>Soria<\/td><td>N-234<\/td><td>337.565<\/td><td>2.815 m<\/td><td>Decreciente<\/td><\/tr><tr><td>Soria<\/td><td>N-234<\/td><td>340.39<\/td><td>2.815 m<\/td><td>Creciente<\/td><\/tr><tr><td>Valencia<\/td><td>CV-35<\/td><td>3.72<\/td><td>1.882 m<\/td><td>Decreciente<\/td><\/tr><tr><td>Valencia<\/td><td>CV-500<\/td><td>14.63<\/td><td>5.440 m<\/td><td>Creciente<\/td><\/tr><tr><td>Valencia<\/td><td>CV-500<\/td><td>9.088<\/td><td>5.440 m<\/td><td>Decreciente<\/td><\/tr><tr><td>Valencia<\/td><td>CV-60<\/td><td>16.825<\/td><td>5.989 m<\/td><td>Decreciente<\/td><\/tr><tr><td>Valencia<\/td><td>CV-60<\/td><td>22.8<\/td><td>5.987 m<\/td><td>Creciente<\/td><\/tr><tr><td>Valladolid<\/td><td>N-601<\/td><td>226.4<\/td><td>1.848 m<\/td><td>Decreciente<\/td><\/tr><tr><td>Valladolid<\/td><td>N-601<\/td><td>228.2<\/td><td>1.848 m<\/td><td>Creciente<\/td><\/tr><tr><td>Zamora<\/td><td>N-122<\/td><td>474.725<\/td><td>5.263 m<\/td><td>Decreciente<\/td><\/tr><tr><td>Zamora<\/td><td>N-122<\/td><td>479.99<\/td><td>5.259 m<\/td><td>Creciente<\/td><\/tr><tr><td>Zaragoza<\/td><td>N-125<\/td><td>5.7<\/td><td>2.071 m<\/td><td>Decreciente<\/td><\/tr><tr><td>Zaragoza<\/td><td>N-125<\/td><td>7.8<\/td><td>2.071 m<\/td><td>Creciente<\/td><\/tr><tr><td>Zaragoza<\/td><td>Z-40<\/td><td>29.7<\/td><td>3.082 m<\/td><td>Creciente<\/td><\/tr><\/tbody><\/table><\/figure>\n\n\n\n<h2 class=\"wp-block-heading\"><span class=\"ez-toc-section\" id=\"%C2%BFCual_es_la_multa_por_exceso_de_velocidad_en_un_radar_de_tramo\"><\/span>\u00bfCu\u00e1l es la multa por exceso de velocidad en un radar de tramo?<span class=\"ez-toc-section-end\"><\/span><\/h2>\n\n\n\n<p>Como es normal, <strong>las sanciones van a variar en funci\u00f3n del l\u00edmite de velocidad marcado en cada tramo y del exceso de velocidad<\/strong>.&nbsp;<\/p>\n\n\n\n<p>Pero recuerda que las sanciones por sobrepasar los <a href=\"https:\/\/www.boxrepsol.com\/es\/cultura-motera\/limites-velocidad-espana\/\">l\u00edmites de velocidad en Espa\u00f1a<\/a> indicada en un radar de velocidad media de una determinada v\u00eda son las mismas que las fijadas para los radares fijos y m\u00f3viles.<\/p>\n\n\n\n<p>Por tanto, en una v\u00eda en la que la velocidad m\u00e1xima permitida es de 120 km\/h, la DGT establece las siguientes multas:&nbsp;<\/p>\n\n\n\n<ul class=\"wp-block-list\">\n<li><strong>La velocidad no supere en m\u00e1s de 30 km\/h la limitada en el tramo<\/strong>: la sanci\u00f3n es de 100 euros sin p\u00e9rdida de puntos del carn\u00e9 de conducir.&nbsp;<\/li>\n\n\n\n<li><strong>A partir de 150 km\/h, y hasta 170 km\/h<\/strong>: la sanci\u00f3n es de 300 euros, acompa\u00f1ada de la p\u00e9rdida de 2 puntos del carnet.&nbsp;<\/li>\n\n\n\n<li><strong>Entre 171 y 180 km\/h<\/strong>: el importe de la multa es de 400 euros y supone la resta de 4 puntos.&nbsp;<\/li>\n\n\n\n<li><strong>Entre 181 y 190 km\/h<\/strong>: la sanci\u00f3n asciende a 500 euros y 6 puntos.<\/li>\n\n\n\n<li><strong>Por encima de 191 km\/h<\/strong>: se considera delito contra la Seguridad Vial y se aplican 600 euros de multa m\u00e1s la p\u00e9rdida de 6 puntos del carn\u00e9. Adem\u00e1s, tendr\u00e1n que responder ante la justicia con penas de prisi\u00f3n de tres a seis meses o de trabajos en beneficio de la comunidad de 31 a 90 d\u00edas. Por otra parte, tambi\u00e9n conlleva la privaci\u00f3n del derecho a conducir veh\u00edculos a motor y <a href=\"https:\/\/www.boxrepsol.com\/es\/vive-tu-moto\/todo-lo-que-necesitas-saber-sobre-ciclomotores-en-espana\/\">ciclomotores<\/a> por un tiempo superior a un a\u00f1o e inferior a cuatro.<\/li>\n<\/ul>\n\n\n\n<p>En otro orden de cosas, hay que tener en cuenta que en los radares de tramo el margen de error es de 3 km\/h, hasta velocidades m\u00e1ximas de 100 km\/h. Y de un 3% a partir de 100 km\/h.&nbsp;<\/p>\n\n\n\n<p>Esto equivale a decir que en carreteras limitadas a 120 km\/h <strong>las sanciones comienzan a partir de 124 km\/h.<\/strong><\/p>\n\n\n\n<p>Esta es la tabla correspondiente a las sanciones publicada en la web de la DGT:<\/p>\n\n\n\n<figure class=\"wp-block-image size-full is-resized\"><img loading=\"lazy\" decoding=\"async\" width=\"567\" height=\"379\" src=\"https:\/\/bxrepsol.s3.eu-west-1.amazonaws.com\/static\/2023\/02\/28123703\/Foto-6.png\" alt=\"Tabla de sanciones por exceso de velocidad\" class=\"wp-image-98821\" style=\"width:822px;height:549px\" srcset=\"https:\/\/bxrepsol.s3.eu-west-1.amazonaws.com\/static\/2023\/02\/28123703\/Foto-6.png 567w, https:\/\/bxrepsol.s3.eu-west-1.amazonaws.com\/static\/2023\/02\/28123703\/Foto-6-300x201.png 300w\" sizes=\"auto, (max-width: 567px) 100vw, 567px\" \/><\/figure>\n","protected":false},"excerpt":{"rendered":"<p>Los controles de velocidad de tramo, habitualmente llamados radares de tramo, cada vez son m\u00e1s habituales en las carreteras espa\u00f1olas. Te explicamos c\u00f3mo funcionan y cu\u00e1les son las diferencias con los radares de velocidad fijos y m\u00f3viles. Tambi\u00e9n te informamos de cu\u00e1les son las sanciones que impone la Direcci\u00f3n General de Tr\u00e1fico por superar los l\u00edmites de velocidad establecidos.<\/p>\n","protected":false},"author":41267,"featured_media":98829,"comment_status":"open","ping_status":"open","sticky":false,"template":"","format":"standard","meta":{"footnotes":""},"categories":[160],"tags":[380,346],"class_list":["post-98805","post","type-post","status-publish","format-standard","hentry","category-cultura-motera","tag-novedades","tag-seguridad"],"yoast_head":"<!-- This site is optimized with the Yoast SEO plugin v27.3 - https:\/\/yoast.com\/product\/yoast-seo-wordpress\/ -->\n<title>Radares de tramo: d\u00f3nde est\u00e1n y c\u00f3mo funcionan - Box Repsol<\/title>\n<meta name=\"description\" content=\"Descubre todo sobre los radares de tramo: c\u00f3mo funcionan, d\u00f3nde se encuentran y c\u00f3mo mantenerte dentro de los l\u00edmites de velocidad para evitar multas.\" \/>\n<link rel=\"canonical\" href=\"https:\/\/www.boxrepsol.com\/es\/cultura-motera\/radares-de-tramo-todo-lo-que-tienes-que-saber\/\" \/>\n<meta property=\"og:locale\" content=\"es_ES\" \/>\n<meta property=\"og:type\" content=\"article\" \/>\n<meta property=\"og:title\" content=\"Radares de tramo: d\u00f3nde est\u00e1n y c\u00f3mo funcionan - Box Repsol\" \/>\n<meta property=\"og:description\" content=\"Descubre todo sobre los radares de tramo: c\u00f3mo funcionan, d\u00f3nde se encuentran y c\u00f3mo mantenerte dentro de los l\u00edmites de velocidad para evitar multas.\" \/>\n<meta property=\"og:url\" content=\"https:\/\/www.boxrepsol.com\/es\/cultura-motera\/radares-de-tramo-todo-lo-que-tienes-que-saber\/\" \/>\n<meta property=\"og:site_name\" content=\"Box Repsol\" \/>\n<meta property=\"article:publisher\" content=\"https:\/\/www.facebook.com\/BoxRepsol\" \/>\n<meta property=\"article:published_time\" content=\"2023-03-01T08:38:52+00:00\" \/>\n<meta property=\"article:modified_time\" content=\"2025-08-27T10:14:03+00:00\" \/>\n<meta property=\"og:image\" content=\"https:\/\/bxrepsol.s3.eu-west-1.amazonaws.com\/static\/2023\/03\/01063831\/Foto-1-portada.jpg\" \/>\n\t<meta property=\"og:image:width\" content=\"1280\" \/>\n\t<meta property=\"og:image:height\" content=\"600\" \/>\n\t<meta property=\"og:image:type\" content=\"image\/jpeg\" \/>\n<meta name=\"author\" content=\"V\u00edctor Gancedo\" \/>\n<meta name=\"twitter:card\" content=\"summary_large_image\" \/>\n<meta name=\"twitter:creator\" content=\"@box_repsol\" \/>\n<meta name=\"twitter:site\" content=\"@box_repsol\" \/>\n<meta name=\"twitter:label1\" content=\"Written by\" \/>\n\t<meta name=\"twitter:data1\" content=\"V\u00edctor Gancedo\" \/>\n\t<meta name=\"twitter:label2\" content=\"Est. reading time\" \/>\n\t<meta name=\"twitter:data2\" content=\"6 minutos\" \/>\n<script type=\"application\/ld+json\" class=\"yoast-schema-graph\">{\"@context\":\"https:\\\/\\\/schema.org\",\"@graph\":[{\"@type\":\"Article\",\"@id\":\"https:\\\/\\\/www.boxrepsol.com\\\/es\\\/cultura-motera\\\/radares-de-tramo-todo-lo-que-tienes-que-saber\\\/#article\",\"isPartOf\":{\"@id\":\"https:\\\/\\\/www.boxrepsol.com\\\/es\\\/cultura-motera\\\/radares-de-tramo-todo-lo-que-tienes-que-saber\\\/\"},\"author\":{\"name\":\"V\u00edctor Gancedo\",\"@id\":\"https:\\\/\\\/www.boxrepsol.com\\\/es\\\/#\\\/schema\\\/person\\\/40c28bf318bbbe8fe3848b194b7385ca\"},\"headline\":\"Radares de tramo: d\u00f3nde est\u00e1n y c\u00f3mo funcionan\",\"datePublished\":\"2023-03-01T08:38:52+00:00\",\"dateModified\":\"2025-08-27T10:14:03+00:00\",\"mainEntityOfPage\":{\"@id\":\"https:\\\/\\\/www.boxrepsol.com\\\/es\\\/cultura-motera\\\/radares-de-tramo-todo-lo-que-tienes-que-saber\\\/\"},\"wordCount\":1588,\"commentCount\":8,\"publisher\":{\"@id\":\"https:\\\/\\\/www.boxrepsol.com\\\/es\\\/#organization\"},\"image\":{\"@id\":\"https:\\\/\\\/www.boxrepsol.com\\\/es\\\/cultura-motera\\\/radares-de-tramo-todo-lo-que-tienes-que-saber\\\/#primaryimage\"},\"thumbnailUrl\":\"https:\\\/\\\/bxrepsol.s3.eu-west-1.amazonaws.com\\\/static\\\/2023\\\/03\\\/01063831\\\/Foto-1-portada.jpg\",\"keywords\":[\"Novedades\",\"Seguridad\"],\"articleSection\":[\"Cultura Motera\"],\"inLanguage\":\"es\",\"potentialAction\":[{\"@type\":\"CommentAction\",\"name\":\"Comment\",\"target\":[\"https:\\\/\\\/www.boxrepsol.com\\\/es\\\/cultura-motera\\\/radares-de-tramo-todo-lo-que-tienes-que-saber\\\/#respond\"]}]},{\"@type\":\"WebPage\",\"@id\":\"https:\\\/\\\/www.boxrepsol.com\\\/es\\\/cultura-motera\\\/radares-de-tramo-todo-lo-que-tienes-que-saber\\\/\",\"url\":\"https:\\\/\\\/www.boxrepsol.com\\\/es\\\/cultura-motera\\\/radares-de-tramo-todo-lo-que-tienes-que-saber\\\/\",\"name\":\"Radares de tramo: d\u00f3nde est\u00e1n y c\u00f3mo funcionan - Box Repsol\",\"isPartOf\":{\"@id\":\"https:\\\/\\\/www.boxrepsol.com\\\/es\\\/#website\"},\"primaryImageOfPage\":{\"@id\":\"https:\\\/\\\/www.boxrepsol.com\\\/es\\\/cultura-motera\\\/radares-de-tramo-todo-lo-que-tienes-que-saber\\\/#primaryimage\"},\"image\":{\"@id\":\"https:\\\/\\\/www.boxrepsol.com\\\/es\\\/cultura-motera\\\/radares-de-tramo-todo-lo-que-tienes-que-saber\\\/#primaryimage\"},\"thumbnailUrl\":\"https:\\\/\\\/bxrepsol.s3.eu-west-1.amazonaws.com\\\/static\\\/2023\\\/03\\\/01063831\\\/Foto-1-portada.jpg\",\"datePublished\":\"2023-03-01T08:38:52+00:00\",\"dateModified\":\"2025-08-27T10:14:03+00:00\",\"description\":\"Descubre todo sobre los radares de tramo: c\u00f3mo funcionan, d\u00f3nde se encuentran y c\u00f3mo mantenerte dentro de los l\u00edmites de velocidad para evitar multas.\",\"breadcrumb\":{\"@id\":\"https:\\\/\\\/www.boxrepsol.com\\\/es\\\/cultura-motera\\\/radares-de-tramo-todo-lo-que-tienes-que-saber\\\/#breadcrumb\"},\"inLanguage\":\"es\",\"potentialAction\":[{\"@type\":\"ReadAction\",\"target\":[\"https:\\\/\\\/www.boxrepsol.com\\\/es\\\/cultura-motera\\\/radares-de-tramo-todo-lo-que-tienes-que-saber\\\/\"]}]},{\"@type\":\"ImageObject\",\"inLanguage\":\"es\",\"@id\":\"https:\\\/\\\/www.boxrepsol.com\\\/es\\\/cultura-motera\\\/radares-de-tramo-todo-lo-que-tienes-que-saber\\\/#primaryimage\",\"url\":\"https:\\\/\\\/bxrepsol.s3.eu-west-1.amazonaws.com\\\/static\\\/2023\\\/03\\\/01063831\\\/Foto-1-portada.jpg\",\"contentUrl\":\"https:\\\/\\\/bxrepsol.s3.eu-west-1.amazonaws.com\\\/static\\\/2023\\\/03\\\/01063831\\\/Foto-1-portada.jpg\",\"width\":1280,\"height\":600},{\"@type\":\"BreadcrumbList\",\"@id\":\"https:\\\/\\\/www.boxrepsol.com\\\/es\\\/cultura-motera\\\/radares-de-tramo-todo-lo-que-tienes-que-saber\\\/#breadcrumb\",\"itemListElement\":[{\"@type\":\"ListItem\",\"position\":1,\"name\":\"Home\",\"item\":\"https:\\\/\\\/www.boxrepsol.com\\\/es\\\/\"},{\"@type\":\"ListItem\",\"position\":2,\"name\":\"Radares de tramo: d\u00f3nde est\u00e1n y c\u00f3mo funcionan\"}]},{\"@type\":\"WebSite\",\"@id\":\"https:\\\/\\\/www.boxrepsol.com\\\/es\\\/#website\",\"url\":\"https:\\\/\\\/www.boxrepsol.com\\\/es\\\/\",\"name\":\"Box Repsol\",\"description\":\"Box Repsol Site\",\"publisher\":{\"@id\":\"https:\\\/\\\/www.boxrepsol.com\\\/es\\\/#organization\"},\"potentialAction\":[{\"@type\":\"SearchAction\",\"target\":{\"@type\":\"EntryPoint\",\"urlTemplate\":\"https:\\\/\\\/www.boxrepsol.com\\\/es\\\/?s={search_term_string}\"},\"query-input\":{\"@type\":\"PropertyValueSpecification\",\"valueRequired\":true,\"valueName\":\"search_term_string\"}}],\"inLanguage\":\"es\"},{\"@type\":\"Organization\",\"@id\":\"https:\\\/\\\/www.boxrepsol.com\\\/es\\\/#organization\",\"name\":\"Box Repsol\",\"url\":\"https:\\\/\\\/www.boxrepsol.com\\\/es\\\/\",\"logo\":{\"@type\":\"ImageObject\",\"inLanguage\":\"es\",\"@id\":\"https:\\\/\\\/www.boxrepsol.com\\\/es\\\/#\\\/schema\\\/logo\\\/image\\\/\",\"url\":\"https:\\\/\\\/bxrepsol.s3.eu-west-1.amazonaws.com\\\/static\\\/2025\\\/07\\\/30083337\\\/favicon-96x96-1.png\",\"contentUrl\":\"https:\\\/\\\/bxrepsol.s3.eu-west-1.amazonaws.com\\\/static\\\/2025\\\/07\\\/30083337\\\/favicon-96x96-1.png\",\"width\":96,\"height\":96,\"caption\":\"Box Repsol\"},\"image\":{\"@id\":\"https:\\\/\\\/www.boxrepsol.com\\\/es\\\/#\\\/schema\\\/logo\\\/image\\\/\"},\"sameAs\":[\"https:\\\/\\\/www.facebook.com\\\/BoxRepsol\",\"https:\\\/\\\/x.com\\\/box_repsol\",\"http:\\\/\\\/instagram.com\\\/box_repsol\",\"https:\\\/\\\/www.youtube.com\\\/user\\\/RepsolCompeticion\",\"https:\\\/\\\/www.flickr.com\\\/photos\\\/box_repsol\\\/\"]},{\"@type\":\"Person\",\"@id\":\"https:\\\/\\\/www.boxrepsol.com\\\/es\\\/#\\\/schema\\\/person\\\/40c28bf318bbbe8fe3848b194b7385ca\",\"name\":\"V\u00edctor Gancedo\",\"image\":{\"@type\":\"ImageObject\",\"inLanguage\":\"es\",\"@id\":\"https:\\\/\\\/secure.gravatar.com\\\/avatar\\\/cd1439a66fca5d3425cd2a7b13f32cd43e25022a0436c1235ef2a28e14fa660a?s=96&d=mm&r=g\",\"url\":\"https:\\\/\\\/secure.gravatar.com\\\/avatar\\\/cd1439a66fca5d3425cd2a7b13f32cd43e25022a0436c1235ef2a28e14fa660a?s=96&d=mm&r=g\",\"contentUrl\":\"https:\\\/\\\/secure.gravatar.com\\\/avatar\\\/cd1439a66fca5d3425cd2a7b13f32cd43e25022a0436c1235ef2a28e14fa660a?s=96&d=mm&r=g\",\"caption\":\"V\u00edctor Gancedo\"},\"description\":\"Periodista especializado en el mundo de las motos, V\u00edctor ha probado pr\u00e1cticamente todas las que han salido al mercado desde 1990. En su larga trayectoria, ha desempe\u00f1ado cargos como los de Jefe de Pruebas de la revista Motociclismo o Responsable de Pruebas del \u00c1rea de Motos del Grupo Motorpress-Ib\u00e9rica, hoy llamado Sport Life Ib\u00e9rica, al cual sigue vinculado.\",\"sameAs\":[\"https:\\\/\\\/www.instagram.com\\\/vfgancedo\"],\"url\":\"https:\\\/\\\/www.boxrepsol.com\\\/es\\\/author\\\/victor_gancedo\\\/\"}]}<\/script>\n<!-- \/ Yoast SEO plugin. -->","yoast_head_json":{"title":"Radares de tramo: d\u00f3nde est\u00e1n y c\u00f3mo funcionan - Box Repsol","description":"Descubre todo sobre los radares de tramo: c\u00f3mo funcionan, d\u00f3nde se encuentran y c\u00f3mo mantenerte dentro de los l\u00edmites de velocidad para evitar multas.","canonical":"https:\/\/www.boxrepsol.com\/es\/cultura-motera\/radares-de-tramo-todo-lo-que-tienes-que-saber\/","og_locale":"es_ES","og_type":"article","og_title":"Radares de tramo: d\u00f3nde est\u00e1n y c\u00f3mo funcionan - Box Repsol","og_description":"Descubre todo sobre los radares de tramo: c\u00f3mo funcionan, d\u00f3nde se encuentran y c\u00f3mo mantenerte dentro de los l\u00edmites de velocidad para evitar multas.","og_url":"https:\/\/www.boxrepsol.com\/es\/cultura-motera\/radares-de-tramo-todo-lo-que-tienes-que-saber\/","og_site_name":"Box Repsol","article_publisher":"https:\/\/www.facebook.com\/BoxRepsol","article_published_time":"2023-03-01T08:38:52+00:00","article_modified_time":"2025-08-27T10:14:03+00:00","og_image":[{"width":1280,"height":600,"url":"https:\/\/bxrepsol.s3.eu-west-1.amazonaws.com\/static\/2023\/03\/01063831\/Foto-1-portada.jpg","type":"image\/jpeg"}],"author":"V\u00edctor Gancedo","twitter_card":"summary_large_image","twitter_creator":"@box_repsol","twitter_site":"@box_repsol","twitter_misc":{"Written by":"V\u00edctor Gancedo","Est. reading time":"6 minutos"},"schema":{"@context":"https:\/\/schema.org","@graph":[{"@type":"Article","@id":"https:\/\/www.boxrepsol.com\/es\/cultura-motera\/radares-de-tramo-todo-lo-que-tienes-que-saber\/#article","isPartOf":{"@id":"https:\/\/www.boxrepsol.com\/es\/cultura-motera\/radares-de-tramo-todo-lo-que-tienes-que-saber\/"},"author":{"name":"V\u00edctor Gancedo","@id":"https:\/\/www.boxrepsol.com\/es\/#\/schema\/person\/40c28bf318bbbe8fe3848b194b7385ca"},"headline":"Radares de tramo: d\u00f3nde est\u00e1n y c\u00f3mo funcionan","datePublished":"2023-03-01T08:38:52+00:00","dateModified":"2025-08-27T10:14:03+00:00","mainEntityOfPage":{"@id":"https:\/\/www.boxrepsol.com\/es\/cultura-motera\/radares-de-tramo-todo-lo-que-tienes-que-saber\/"},"wordCount":1588,"commentCount":8,"publisher":{"@id":"https:\/\/www.boxrepsol.com\/es\/#organization"},"image":{"@id":"https:\/\/www.boxrepsol.com\/es\/cultura-motera\/radares-de-tramo-todo-lo-que-tienes-que-saber\/#primaryimage"},"thumbnailUrl":"https:\/\/bxrepsol.s3.eu-west-1.amazonaws.com\/static\/2023\/03\/01063831\/Foto-1-portada.jpg","keywords":["Novedades","Seguridad"],"articleSection":["Cultura Motera"],"inLanguage":"es","potentialAction":[{"@type":"CommentAction","name":"Comment","target":["https:\/\/www.boxrepsol.com\/es\/cultura-motera\/radares-de-tramo-todo-lo-que-tienes-que-saber\/#respond"]}]},{"@type":"WebPage","@id":"https:\/\/www.boxrepsol.com\/es\/cultura-motera\/radares-de-tramo-todo-lo-que-tienes-que-saber\/","url":"https:\/\/www.boxrepsol.com\/es\/cultura-motera\/radares-de-tramo-todo-lo-que-tienes-que-saber\/","name":"Radares de tramo: d\u00f3nde est\u00e1n y c\u00f3mo funcionan - Box Repsol","isPartOf":{"@id":"https:\/\/www.boxrepsol.com\/es\/#website"},"primaryImageOfPage":{"@id":"https:\/\/www.boxrepsol.com\/es\/cultura-motera\/radares-de-tramo-todo-lo-que-tienes-que-saber\/#primaryimage"},"image":{"@id":"https:\/\/www.boxrepsol.com\/es\/cultura-motera\/radares-de-tramo-todo-lo-que-tienes-que-saber\/#primaryimage"},"thumbnailUrl":"https:\/\/bxrepsol.s3.eu-west-1.amazonaws.com\/static\/2023\/03\/01063831\/Foto-1-portada.jpg","datePublished":"2023-03-01T08:38:52+00:00","dateModified":"2025-08-27T10:14:03+00:00","description":"Descubre todo sobre los radares de tramo: c\u00f3mo funcionan, d\u00f3nde se encuentran y c\u00f3mo mantenerte dentro de los l\u00edmites de velocidad para evitar multas.","breadcrumb":{"@id":"https:\/\/www.boxrepsol.com\/es\/cultura-motera\/radares-de-tramo-todo-lo-que-tienes-que-saber\/#breadcrumb"},"inLanguage":"es","potentialAction":[{"@type":"ReadAction","target":["https:\/\/www.boxrepsol.com\/es\/cultura-motera\/radares-de-tramo-todo-lo-que-tienes-que-saber\/"]}]},{"@type":"ImageObject","inLanguage":"es","@id":"https:\/\/www.boxrepsol.com\/es\/cultura-motera\/radares-de-tramo-todo-lo-que-tienes-que-saber\/#primaryimage","url":"https:\/\/bxrepsol.s3.eu-west-1.amazonaws.com\/static\/2023\/03\/01063831\/Foto-1-portada.jpg","contentUrl":"https:\/\/bxrepsol.s3.eu-west-1.amazonaws.com\/static\/2023\/03\/01063831\/Foto-1-portada.jpg","width":1280,"height":600},{"@type":"BreadcrumbList","@id":"https:\/\/www.boxrepsol.com\/es\/cultura-motera\/radares-de-tramo-todo-lo-que-tienes-que-saber\/#breadcrumb","itemListElement":[{"@type":"ListItem","position":1,"name":"Home","item":"https:\/\/www.boxrepsol.com\/es\/"},{"@type":"ListItem","position":2,"name":"Radares de tramo: d\u00f3nde est\u00e1n y c\u00f3mo funcionan"}]},{"@type":"WebSite","@id":"https:\/\/www.boxrepsol.com\/es\/#website","url":"https:\/\/www.boxrepsol.com\/es\/","name":"Box Repsol","description":"Box Repsol Site","publisher":{"@id":"https:\/\/www.boxrepsol.com\/es\/#organization"},"potentialAction":[{"@type":"SearchAction","target":{"@type":"EntryPoint","urlTemplate":"https:\/\/www.boxrepsol.com\/es\/?s={search_term_string}"},"query-input":{"@type":"PropertyValueSpecification","valueRequired":true,"valueName":"search_term_string"}}],"inLanguage":"es"},{"@type":"Organization","@id":"https:\/\/www.boxrepsol.com\/es\/#organization","name":"Box Repsol","url":"https:\/\/www.boxrepsol.com\/es\/","logo":{"@type":"ImageObject","inLanguage":"es","@id":"https:\/\/www.boxrepsol.com\/es\/#\/schema\/logo\/image\/","url":"https:\/\/bxrepsol.s3.eu-west-1.amazonaws.com\/static\/2025\/07\/30083337\/favicon-96x96-1.png","contentUrl":"https:\/\/bxrepsol.s3.eu-west-1.amazonaws.com\/static\/2025\/07\/30083337\/favicon-96x96-1.png","width":96,"height":96,"caption":"Box Repsol"},"image":{"@id":"https:\/\/www.boxrepsol.com\/es\/#\/schema\/logo\/image\/"},"sameAs":["https:\/\/www.facebook.com\/BoxRepsol","https:\/\/x.com\/box_repsol","http:\/\/instagram.com\/box_repsol","https:\/\/www.youtube.com\/user\/RepsolCompeticion","https:\/\/www.flickr.com\/photos\/box_repsol\/"]},{"@type":"Person","@id":"https:\/\/www.boxrepsol.com\/es\/#\/schema\/person\/40c28bf318bbbe8fe3848b194b7385ca","name":"V\u00edctor Gancedo","image":{"@type":"ImageObject","inLanguage":"es","@id":"https:\/\/secure.gravatar.com\/avatar\/cd1439a66fca5d3425cd2a7b13f32cd43e25022a0436c1235ef2a28e14fa660a?s=96&d=mm&r=g","url":"https:\/\/secure.gravatar.com\/avatar\/cd1439a66fca5d3425cd2a7b13f32cd43e25022a0436c1235ef2a28e14fa660a?s=96&d=mm&r=g","contentUrl":"https:\/\/secure.gravatar.com\/avatar\/cd1439a66fca5d3425cd2a7b13f32cd43e25022a0436c1235ef2a28e14fa660a?s=96&d=mm&r=g","caption":"V\u00edctor Gancedo"},"description":"Periodista especializado en el mundo de las motos, V\u00edctor ha probado pr\u00e1cticamente todas las que han salido al mercado desde 1990. En su larga trayectoria, ha desempe\u00f1ado cargos como los de Jefe de Pruebas de la revista Motociclismo o Responsable de Pruebas del \u00c1rea de Motos del Grupo Motorpress-Ib\u00e9rica, hoy llamado Sport Life Ib\u00e9rica, al cual sigue vinculado.","sameAs":["https:\/\/www.instagram.com\/vfgancedo"],"url":"https:\/\/www.boxrepsol.com\/es\/author\/victor_gancedo\/"}]}},"_links":{"self":[{"href":"https:\/\/www.boxrepsol.com\/es\/wp-json\/wp\/v2\/posts\/98805","targetHints":{"allow":["GET"]}}],"collection":[{"href":"https:\/\/www.boxrepsol.com\/es\/wp-json\/wp\/v2\/posts"}],"about":[{"href":"https:\/\/www.boxrepsol.com\/es\/wp-json\/wp\/v2\/types\/post"}],"author":[{"embeddable":true,"href":"https:\/\/www.boxrepsol.com\/es\/wp-json\/wp\/v2\/users\/41267"}],"replies":[{"embeddable":true,"href":"https:\/\/www.boxrepsol.com\/es\/wp-json\/wp\/v2\/comments?post=98805"}],"version-history":[{"count":14,"href":"https:\/\/www.boxrepsol.com\/es\/wp-json\/wp\/v2\/posts\/98805\/revisions"}],"predecessor-version":[{"id":126981,"href":"https:\/\/www.boxrepsol.com\/es\/wp-json\/wp\/v2\/posts\/98805\/revisions\/126981"}],"wp:featuredmedia":[{"embeddable":true,"href":"https:\/\/www.boxrepsol.com\/es\/wp-json\/wp\/v2\/media\/98829"}],"wp:attachment":[{"href":"https:\/\/www.boxrepsol.com\/es\/wp-json\/wp\/v2\/media?parent=98805"}],"wp:term":[{"taxonomy":"category","embeddable":true,"href":"https:\/\/www.boxrepsol.com\/es\/wp-json\/wp\/v2\/categories?post=98805"},{"taxonomy":"post_tag","embeddable":true,"href":"https:\/\/www.boxrepsol.com\/es\/wp-json\/wp\/v2\/tags?post=98805"}],"curies":[{"name":"wp","href":"https:\/\/api.w.org\/{rel}","templated":true}]}}