{"id":95763,"date":"2023-02-22T00:00:00","date_gmt":"2023-02-22T02:00:00","guid":{"rendered":"http:\/\/pre.boxrepsol.com\/sin-categorizar\/el-equipo-repsol-honda-presenta-sus-nuevos-colores-en-la-sede-de-repsol-en-madrid\/"},"modified":"2024-10-09T13:43:02","modified_gmt":"2024-10-09T15:43:02","slug":"el-equipo-repsol-honda-presenta-sus-nuevos-colores-en-la-sede-de-repsol-en-madrid","status":"publish","type":"post","link":"https:\/\/www.boxrepsol.com\/es\/motogp\/el-equipo-repsol-honda-presenta-sus-nuevos-colores-en-la-sede-de-repsol-en-madrid\/","title":{"rendered":"El equipo Repsol Honda presenta sus nuevos colores en la sede de Repsol en Madrid"},"content":{"rendered":"<p>Esta ma\u00f1ana, ante la expectaci\u00f3n de periodistas, invitados y un buen n\u00famero de aficionados en el <strong>Campus Repsol<\/strong> de Madrid \u2013sede de la multinacional energ\u00e9tica\u2013, <strong>Marc M\u00e1rquez<\/strong> y <strong>Joan Mir<\/strong> han presentado la <strong>Honda RC213V<\/strong> con la que competir\u00e1n en el Campeonato del Mundo de <strong>MotoGP 2023.<\/strong> \u00a0Los dos \u00faltimos pilotos espa\u00f1oles que han logrado coronarse campeones del mundo en la categor\u00eda reina del motociclismo tienen un objetivo com\u00fan: volver a llevar al equipo <strong>Repsol Honda<\/strong> a lo m\u00e1s alto.<\/p>\n<p>La de Honda y Repsol es una alianza que suma ya 29 a\u00f1os de \u00e9xitos y desarrollo tecnol\u00f3gico. Es, sin duda, la m\u00e1s longeva en el mundo de las competiciones de motor y atesora unas cifras hist\u00f3ricas, siendo el equipo de referencia en el mundo de las dos ruedas con 15 Campeonatos del Mundo, 183 victorias y 454 podios en la categor\u00eda reina.<\/p>\n<p><iframe loading=\"lazy\" title=\"YouTube video player\" src=\"https:\/\/www.youtube.com\/embed\/zaB816ruk5w\" width=\"560\" height=\"315\" frameborder=\"0\" allowfullscreen=\"allowfullscreen\"><\/iframe><\/p>\n<p><strong>Marc M\u00e1rquez<\/strong> llega en su mejor forma f\u00edsica despu\u00e9s de unos a\u00f1os complicados para el de Cervera. Con la motivaci\u00f3n intacta, el 8 veces Campe\u00f3n del Mundo con Repsol tratar\u00e1 de volver a lo m\u00e1s alto del podio y a luchar, de nuevo, por la corona. En su und\u00e9cimo a\u00f1o con el equipo Repsol Honda, M\u00e1rquez partir\u00e1 con un palmar\u00e9s en MotoGP impresionante: en los 154 Grandes Premios disputados, Marc suma 100 podios \u2013de los cuales 59 son victorias\u2013, 63 poles y 6 t\u00edtulos. Estos son los n\u00fameros que el piloto del equipo Repsol Honda pretende aumentar en 2023.<\/p>\n<p>La ilusi\u00f3n con la que <strong>Joan Mir<\/strong> \u2013Campe\u00f3n del Mundo de MotoGP en 2020 y de Moto3 en 2017\u2013 afronta este nuevo reto se ha hecho notar durante la presentaci\u00f3n. Con 65 carreras disputadas, 13 podios y una victoria en la categor\u00eda reina, el piloto mallorqu\u00edn busca repetir la haza\u00f1a de 2020 con el equipo del ala dorada. Mir ya sabe lo que es subirse a la RC213V, con la experiencia del test de Valencia del pasado noviembre y el de Sepang, hace apenas 10 d\u00edas, donde pudo mejorar sus sensaciones.<\/p>\n<h2>Esta ser\u00e1 una temporada clave para el equipo m\u00e1s laureado de la historia de MotoGP, \u00a0porque en 2024 los combustibles renovables ser\u00e1n una realidad<\/h2>\n<p>El evento ha contado con la presencia del Presidente de Repsol, <strong>Antonio Brufau,<\/strong> y han intervenido el Director de Comunicaci\u00f3n y Marca de Repsol, <strong>Marcos Fraga,<\/strong> y el Director de Honda Racing Corporation (HRC), <strong>Tetsuhiro Kuwata.<\/strong> Ambos coinciden en que esta ser\u00e1 una temporada clave para el equipo m\u00e1s laureado de la historia de MotoGP, ya no s\u00f3lo por lo deportivo, sino que tambi\u00e9n porque ser\u00e1 un a\u00f1o fundamental de cara al futuro: en 2024 los combustibles renovables ser\u00e1n una realidad en MotoGP. Un nuevo tipo de carburante que procede de fuentes renovables como por ejemplo residuos org\u00e1nicos y que se presenta como una de las principales soluciones para reducir emisiones de manera eficiente en el futuro m\u00e1s inmediato. Gracias al compromiso adquirido por Dorna y la FIM, los carburantes de MotoGP deber\u00e1n contar con, al menos, un 40% de origen no f\u00f3sil en 2024 y un 100% en 2027.<\/p>\n<p>A lo largo de este 2023, las pruebas y el trabajo entre Jap\u00f3n y el <strong>Repsol Technology Lab<\/strong> ser\u00e1n esenciales, con el objetivo de ofrecer a los pilotos del equipo Repsol Honda el mejor binomio motor-combustible renovable de cara a la pr\u00f3xima temporada. Una labor en la que ambas compa\u00f1\u00edas ya llevan tiempo trabajando, como pudo verse en las pruebas realizadas por Marc M\u00e1rquez en el circuito del Jarama hace unos meses.<\/p>\n<p>Antes de que arranque el Mundial en Portimao (Portugal) el pr\u00f3ximo 26 de marzo, Marc y Joan volver\u00e1n a subirse a la moto el 11 y 12 de marzo para disputar los \u00faltimos tests oficiales de MotoGP de la pretemporada 2023 en el mismo circuito, el Aut\u00f3dromo Internacional do Algarve.<\/p>\n<p><a href=\"https:\/\/boxrepsol.com\/wp-content\/uploads\/2023\/02\/2023-Honda-RC213V-1-scaled.jpg\" data-index=\"0\"><br \/>\n<img decoding=\"async\" title=\"2023-Honda-RC213V-1\" src=\"https:\/\/boxrepsol.com\/wp-content\/uploads\/2023\/02\/2023-Honda-RC213V-1-scaled.jpg\" srcset=\"https:\/\/boxrepsol.com\/wp-content\/uploads\/2023\/02\/2023-Honda-RC213V-1-scaled.jpg 7087w, https:\/\/boxrepsol.com\/wp-content\/uploads\/2023\/02\/2023-Honda-RC213V-1-scaled.jpg 1280w, https:\/\/boxrepsol.com\/wp-content\/uploads\/2023\/02\/2023-Honda-RC213V-1-scaled.jpg 900w, https:\/\/boxrepsol.com\/wp-content\/uploads\/2023\/02\/2023-Honda-RC213V-1-scaled.jpg 600w, https:\/\/boxrepsol.com\/wp-content\/uploads\/2023\/02\/2023-Honda-RC213V-1-scaled.jpg 480w, https:\/\/boxrepsol.com\/wp-content\/uploads\/2023\/02\/2023-Honda-RC213V-1-scaled.jpg 32w\" alt=\"\" data-title=\"\" \/><br \/>\n<\/a><br \/>\n<a href=\"https:\/\/boxrepsol.com\/wp-content\/uploads\/2023\/02\/Marc-Marquez-2023-Repsol-Honda-Team-4-scaled.jpg\" data-index=\"1\"><br \/>\n<img decoding=\"async\" title=\"Marc-Marquez-2023-Repsol-Honda-Team-4\" src=\"https:\/\/boxrepsol.com\/wp-content\/uploads\/2023\/02\/Marc-Marquez-2023-Repsol-Honda-Team-4-scaled.jpg\" srcset=\"https:\/\/boxrepsol.com\/wp-content\/uploads\/2023\/02\/Marc-Marquez-2023-Repsol-Honda-Team-4-scaled.jpg 4500w, https:\/\/boxrepsol.com\/wp-content\/uploads\/2023\/02\/Marc-Marquez-2023-Repsol-Honda-Team-4-scaled.jpg 1280w, https:\/\/boxrepsol.com\/wp-content\/uploads\/2023\/02\/Marc-Marquez-2023-Repsol-Honda-Team-4-scaled.jpg 900w, https:\/\/boxrepsol.com\/wp-content\/uploads\/2023\/02\/Marc-Marquez-2023-Repsol-Honda-Team-4-scaled.jpg 600w, https:\/\/boxrepsol.com\/wp-content\/uploads\/2023\/02\/Marc-Marquez-2023-Repsol-Honda-Team-4-scaled.jpg 480w, https:\/\/boxrepsol.com\/wp-content\/uploads\/2023\/02\/Marc-Marquez-2023-Repsol-Honda-Team-4-scaled.jpg 32w\" alt=\"\" data-title=\"\" \/><br \/>\n<\/a><br \/>\n<a href=\"https:\/\/boxrepsol.com\/wp-content\/uploads\/2023\/02\/Marc-Marquez-and-Joan-Mir-2023-Repsol-Honda-Team-7-scaled.jpg\" data-index=\"2\"><br \/>\n<img decoding=\"async\" title=\"Marc-Marquez-and-Joan-Mir-2023-Repsol-Honda-Team-7\" src=\"https:\/\/boxrepsol.com\/wp-content\/uploads\/2023\/02\/Marc-Marquez-and-Joan-Mir-2023-Repsol-Honda-Team-7-scaled.jpg\" srcset=\"https:\/\/boxrepsol.com\/wp-content\/uploads\/2023\/02\/Marc-Marquez-and-Joan-Mir-2023-Repsol-Honda-Team-7-scaled.jpg 4500w, https:\/\/boxrepsol.com\/wp-content\/uploads\/2023\/02\/Marc-Marquez-and-Joan-Mir-2023-Repsol-Honda-Team-7-scaled.jpg 1280w, https:\/\/boxrepsol.com\/wp-content\/uploads\/2023\/02\/Marc-Marquez-and-Joan-Mir-2023-Repsol-Honda-Team-7-scaled.jpg 900w, https:\/\/boxrepsol.com\/wp-content\/uploads\/2023\/02\/Marc-Marquez-and-Joan-Mir-2023-Repsol-Honda-Team-7-scaled.jpg 600w, https:\/\/boxrepsol.com\/wp-content\/uploads\/2023\/02\/Marc-Marquez-and-Joan-Mir-2023-Repsol-Honda-Team-7-scaled.jpg 480w, https:\/\/boxrepsol.com\/wp-content\/uploads\/2023\/02\/Marc-Marquez-and-Joan-Mir-2023-Repsol-Honda-Team-7-scaled.jpg 32w\" alt=\"\" data-title=\"\" \/><br \/>\n<\/a><br \/>\n<a href=\"https:\/\/boxrepsol.com\/wp-content\/uploads\/2023\/02\/Joan-Mir-2023-Repsol-Honda-Team-1-scaled.jpg\" data-index=\"3\"><br \/>\n<img decoding=\"async\" title=\"Joan-Mir-2023-Repsol-Honda-Team-1\" src=\"https:\/\/boxrepsol.com\/wp-content\/uploads\/2023\/02\/Joan-Mir-2023-Repsol-Honda-Team-1-scaled.jpg\" srcset=\"https:\/\/boxrepsol.com\/wp-content\/uploads\/2023\/02\/Joan-Mir-2023-Repsol-Honda-Team-1-scaled.jpg 4500w, https:\/\/boxrepsol.com\/wp-content\/uploads\/2023\/02\/Joan-Mir-2023-Repsol-Honda-Team-1-scaled.jpg 1280w, https:\/\/boxrepsol.com\/wp-content\/uploads\/2023\/02\/Joan-Mir-2023-Repsol-Honda-Team-1-scaled.jpg 900w, https:\/\/boxrepsol.com\/wp-content\/uploads\/2023\/02\/Joan-Mir-2023-Repsol-Honda-Team-1-scaled.jpg 600w, https:\/\/boxrepsol.com\/wp-content\/uploads\/2023\/02\/Joan-Mir-2023-Repsol-Honda-Team-1-scaled.jpg 480w, https:\/\/boxrepsol.com\/wp-content\/uploads\/2023\/02\/Joan-Mir-2023-Repsol-Honda-Team-1-scaled.jpg 32w\" alt=\"\" data-title=\"\" \/><br \/>\n<\/a><\/p>\n<p><button data-glide-dir=\"&gt;\"><br \/>\n<\/button><\/p>\n<h3>Declaraciones<\/h3>\n<p>#MM93<\/p>\n<p>\u00ab\u00a1La moto se ve bien este a\u00f1o! Tengo muchas ganas de volver a pilotar con los colores del equipo Repsol Honda en el Test de Portugal. Es genial estar aqu\u00ed con toda la familia Repsol que ha estado conmigo y con el equipo durante tanto tiempo. En Portimao tendremos un test importante, ya que tenemos trabajo por hacer, pero los ingenieros han estado trabajando duro en Jap\u00f3n. Estoy ansioso por seguir trabajando y comenzar esta temporada, me siento en forma y listo para competir\u00bb.<\/p>\n<p>#JM36<\/p>\n<p>\u00abEs incre\u00edble vestir por primera vez los colores del equipo Repsol Honda y mostrar al mundo la nueva versi\u00f3n de la Honda RC213V. Es un gran honor unirme a este equipo ic\u00f3nico y mi objetivo es conseguir los mejores resultados posibles, que es lo que se espera cuando te unes a un equipo como este. Ya hemos hecho un gran progreso en Sepang y todav\u00eda tenemos tiempo para prepararnos en Portugal. Seguimos trabajando y seguimos mejorando\u00bb.<\/p>\n<p><strong>Marcos Fraga &#8211; Director de Comunicaci\u00f3n y Marca de Repsol<\/strong><\/p>\n<p>\u00abSiempre es un orgullo celebrar en Campus Repsol nuestra alianza junto a HRC, que alcanza ya los 29 a\u00f1os de relaci\u00f3n y \u00e9xitos conjuntos. De nuevo, nos encontramos ante el reto de regresar a la senda del triunfo. Es un a\u00f1o de gran importancia para nuestra alianza, siendo conscientes del gran desaf\u00edo que afrontaremos en 2024 con la llegada de los biocombustibles a MotoGP. Los ingenieros de nuestro Repsol Technology Lab y nuestros compa\u00f1eros en Honda trabajan en estrecha colaboraci\u00f3n para desarrollar el carburante y los lubricantes que usaremos en 2024. Espero que podamos celebrar una gran temporada 2023 y que el binomio Repsol Honda nos siga dando muchos \u00e9xitos\u00bb.<\/p>\n<p><strong>Tetsuhiro Kuwata &#8211; director de HRC<\/strong><\/p>\n<p>\u00abLlegamos a la temporada 2023 despu\u00e9s de algunos a\u00f1os dif\u00edciles, pero no hemos perdido nuestro esp\u00edritu ni nuestro empuje. Honda ha ganado 25 Campeonatos del Mundo de la categor\u00eda reina, incluyendo 24 Campeonatos de Constructores, y sabemos de lo que somos capaces como empresa y como constructor. La competici\u00f3n en MotoGP est\u00e1 m\u00e1s re\u00f1ida que nunca, pero seguimos trabajando al m\u00e1ximo para dar a nuestros pilotos lo que necesitan. Es un placer estar de nuevo con nuestros socios de Repsol para desvelar nuestros nuevos colores para una nueva temporada, otra preciosa m\u00e1quina del equipo Repsol Honda.<\/p>\n<p>Tenemos dos grandes pilotos para liderarnos este a\u00f1o, la historia de Marc M\u00e1rquez y sus logros con nosotros no necesitan explicaci\u00f3n. Nos ha dado algunos de los momentos m\u00e1s brillantes de nuestra historia y estamos encantados de que est\u00e9 de nuevo en plena forma. Al otro lado del garaje est\u00e1 Joan Mir, que ya ha sido dos veces Campe\u00f3n del Mundo a los 25 a\u00f1os y tiene un historial demostrado de adaptaci\u00f3n r\u00e1pida a nuevas situaciones. Espero ver a ambos alcanzar este a\u00f1o el \u00e9xito del que en Honda HRC sabemos que son capaces\u00bb.<\/p>\n","protected":false},"excerpt":{"rendered":"<p>Los dos campeones del Mundo de MotoGP, Marc M\u00e1rquez y Joan Mir, han protagonizado sus primeras im\u00e1genes junto a la Honda RC213V 2023 con la que luchar\u00e1n por el t\u00edtulo de MotoGP<\/p>\n","protected":false},"author":43146,"featured_media":95775,"comment_status":"open","ping_status":"open","sticky":false,"template":"","format":"standard","meta":{"footnotes":""},"categories":[4],"tags":[269,271,6],"class_list":["post-95763","post","type-post","status-publish","format-standard","hentry","category-motogp","tag-269","tag-joan-mir","tag-marc-marquez"],"yoast_head":"<!-- This site is optimized with the Yoast SEO plugin v27.3 - https:\/\/yoast.com\/product\/yoast-seo-wordpress\/ -->\n<title>El equipo Repsol Honda presenta sus nuevos colores en la sede de Repsol en Madrid - Box Repsol<\/title>\n<meta name=\"description\" content=\"Marc M\u00e1rquez y Joan Mir han protagonizado el acto de presentaci\u00f3n del equipo Repsol Honda para la temporada 2023 de MotoGP.\" \/>\n<link rel=\"canonical\" href=\"https:\/\/www.boxrepsol.com\/es\/motogp\/el-equipo-repsol-honda-presenta-sus-nuevos-colores-en-la-sede-de-repsol-en-madrid\/\" \/>\n<meta property=\"og:locale\" content=\"es_ES\" \/>\n<meta property=\"og:type\" content=\"article\" \/>\n<meta property=\"og:title\" content=\"El equipo Repsol Honda presenta sus nuevos colores en la sede de Repsol en Madrid - Box Repsol\" \/>\n<meta property=\"og:description\" content=\"Marc M\u00e1rquez y Joan Mir han protagonizado el acto de presentaci\u00f3n del equipo Repsol Honda para la temporada 2023 de MotoGP.\" \/>\n<meta property=\"og:url\" content=\"https:\/\/www.boxrepsol.com\/es\/motogp\/el-equipo-repsol-honda-presenta-sus-nuevos-colores-en-la-sede-de-repsol-en-madrid\/\" \/>\n<meta property=\"og:site_name\" content=\"Box Repsol\" \/>\n<meta property=\"article:publisher\" content=\"https:\/\/www.facebook.com\/BoxRepsol\" \/>\n<meta property=\"article:author\" content=\"https:\/\/www.facebook.com\/BoxRepsol\/\" \/>\n<meta property=\"article:published_time\" content=\"2023-02-22T02:00:00+00:00\" \/>\n<meta property=\"article:modified_time\" content=\"2024-10-09T15:43:02+00:00\" \/>\n<meta property=\"og:image\" content=\"https:\/\/bxrepsol.s3.eu-west-1.amazonaws.com\/static\/2023\/02\/27064046\/Marc-Marquez-and-Joan-Mir-2023-Repsol-Honda-Team-4.jpg\" \/>\n\t<meta property=\"og:image:width\" content=\"1280\" \/>\n\t<meta property=\"og:image:height\" content=\"600\" \/>\n\t<meta property=\"og:image:type\" content=\"image\/jpeg\" \/>\n<meta name=\"author\" content=\"Redacci\u00f3n Box Repsol\" \/>\n<meta name=\"twitter:card\" content=\"summary_large_image\" \/>\n<meta name=\"twitter:creator\" content=\"@https:\/\/twitter.com\/box_repsol\" \/>\n<meta name=\"twitter:site\" content=\"@box_repsol\" \/>\n<meta name=\"twitter:label1\" content=\"Written by\" \/>\n\t<meta name=\"twitter:data1\" content=\"Redacci\u00f3n Box Repsol\" \/>\n\t<meta name=\"twitter:label2\" content=\"Est. reading time\" \/>\n\t<meta name=\"twitter:data2\" content=\"6 minutos\" \/>\n<script type=\"application\/ld+json\" class=\"yoast-schema-graph\">{\"@context\":\"https:\\\/\\\/schema.org\",\"@graph\":[{\"@type\":\"Article\",\"@id\":\"https:\\\/\\\/www.boxrepsol.com\\\/es\\\/motogp\\\/el-equipo-repsol-honda-presenta-sus-nuevos-colores-en-la-sede-de-repsol-en-madrid\\\/#article\",\"isPartOf\":{\"@id\":\"https:\\\/\\\/www.boxrepsol.com\\\/es\\\/motogp\\\/el-equipo-repsol-honda-presenta-sus-nuevos-colores-en-la-sede-de-repsol-en-madrid\\\/\"},\"author\":{\"name\":\"Redacci\u00f3n Box Repsol\",\"@id\":\"https:\\\/\\\/www.boxrepsol.com\\\/es\\\/#\\\/schema\\\/person\\\/c5c2138f2cca251b0ad92b7086bb60b7\"},\"headline\":\"El equipo Repsol Honda presenta sus nuevos colores en la sede de Repsol en Madrid\",\"datePublished\":\"2023-02-22T02:00:00+00:00\",\"dateModified\":\"2024-10-09T15:43:02+00:00\",\"mainEntityOfPage\":{\"@id\":\"https:\\\/\\\/www.boxrepsol.com\\\/es\\\/motogp\\\/el-equipo-repsol-honda-presenta-sus-nuevos-colores-en-la-sede-de-repsol-en-madrid\\\/\"},\"wordCount\":1176,\"commentCount\":1,\"publisher\":{\"@id\":\"https:\\\/\\\/www.boxrepsol.com\\\/es\\\/#organization\"},\"image\":{\"@id\":\"https:\\\/\\\/www.boxrepsol.com\\\/es\\\/motogp\\\/el-equipo-repsol-honda-presenta-sus-nuevos-colores-en-la-sede-de-repsol-en-madrid\\\/#primaryimage\"},\"thumbnailUrl\":\"https:\\\/\\\/bxrepsol.s3.eu-west-1.amazonaws.com\\\/static\\\/2023\\\/02\\\/27064046\\\/Marc-Marquez-and-Joan-Mir-2023-Repsol-Honda-Team-4.jpg\",\"keywords\":[\"2023\",\"Joan Mir\",\"Marc M\u00e1rquez\"],\"articleSection\":[\"MotoGP\"],\"inLanguage\":\"es\",\"potentialAction\":[{\"@type\":\"CommentAction\",\"name\":\"Comment\",\"target\":[\"https:\\\/\\\/www.boxrepsol.com\\\/es\\\/motogp\\\/el-equipo-repsol-honda-presenta-sus-nuevos-colores-en-la-sede-de-repsol-en-madrid\\\/#respond\"]}]},{\"@type\":\"WebPage\",\"@id\":\"https:\\\/\\\/www.boxrepsol.com\\\/es\\\/motogp\\\/el-equipo-repsol-honda-presenta-sus-nuevos-colores-en-la-sede-de-repsol-en-madrid\\\/\",\"url\":\"https:\\\/\\\/www.boxrepsol.com\\\/es\\\/motogp\\\/el-equipo-repsol-honda-presenta-sus-nuevos-colores-en-la-sede-de-repsol-en-madrid\\\/\",\"name\":\"El equipo Repsol Honda presenta sus nuevos colores en la sede de Repsol en Madrid - Box Repsol\",\"isPartOf\":{\"@id\":\"https:\\\/\\\/www.boxrepsol.com\\\/es\\\/#website\"},\"primaryImageOfPage\":{\"@id\":\"https:\\\/\\\/www.boxrepsol.com\\\/es\\\/motogp\\\/el-equipo-repsol-honda-presenta-sus-nuevos-colores-en-la-sede-de-repsol-en-madrid\\\/#primaryimage\"},\"image\":{\"@id\":\"https:\\\/\\\/www.boxrepsol.com\\\/es\\\/motogp\\\/el-equipo-repsol-honda-presenta-sus-nuevos-colores-en-la-sede-de-repsol-en-madrid\\\/#primaryimage\"},\"thumbnailUrl\":\"https:\\\/\\\/bxrepsol.s3.eu-west-1.amazonaws.com\\\/static\\\/2023\\\/02\\\/27064046\\\/Marc-Marquez-and-Joan-Mir-2023-Repsol-Honda-Team-4.jpg\",\"datePublished\":\"2023-02-22T02:00:00+00:00\",\"dateModified\":\"2024-10-09T15:43:02+00:00\",\"description\":\"Marc M\u00e1rquez y Joan Mir han protagonizado el acto de presentaci\u00f3n del equipo Repsol Honda para la temporada 2023 de MotoGP.\",\"breadcrumb\":{\"@id\":\"https:\\\/\\\/www.boxrepsol.com\\\/es\\\/motogp\\\/el-equipo-repsol-honda-presenta-sus-nuevos-colores-en-la-sede-de-repsol-en-madrid\\\/#breadcrumb\"},\"inLanguage\":\"es\",\"potentialAction\":[{\"@type\":\"ReadAction\",\"target\":[\"https:\\\/\\\/www.boxrepsol.com\\\/es\\\/motogp\\\/el-equipo-repsol-honda-presenta-sus-nuevos-colores-en-la-sede-de-repsol-en-madrid\\\/\"]}]},{\"@type\":\"ImageObject\",\"inLanguage\":\"es\",\"@id\":\"https:\\\/\\\/www.boxrepsol.com\\\/es\\\/motogp\\\/el-equipo-repsol-honda-presenta-sus-nuevos-colores-en-la-sede-de-repsol-en-madrid\\\/#primaryimage\",\"url\":\"https:\\\/\\\/bxrepsol.s3.eu-west-1.amazonaws.com\\\/static\\\/2023\\\/02\\\/27064046\\\/Marc-Marquez-and-Joan-Mir-2023-Repsol-Honda-Team-4.jpg\",\"contentUrl\":\"https:\\\/\\\/bxrepsol.s3.eu-west-1.amazonaws.com\\\/static\\\/2023\\\/02\\\/27064046\\\/Marc-Marquez-and-Joan-Mir-2023-Repsol-Honda-Team-4.jpg\",\"width\":1280,\"height\":600},{\"@type\":\"BreadcrumbList\",\"@id\":\"https:\\\/\\\/www.boxrepsol.com\\\/es\\\/motogp\\\/el-equipo-repsol-honda-presenta-sus-nuevos-colores-en-la-sede-de-repsol-en-madrid\\\/#breadcrumb\",\"itemListElement\":[{\"@type\":\"ListItem\",\"position\":1,\"name\":\"Home\",\"item\":\"https:\\\/\\\/www.boxrepsol.com\\\/es\\\/\"},{\"@type\":\"ListItem\",\"position\":2,\"name\":\"El equipo Repsol Honda presenta sus nuevos colores en la sede de Repsol en Madrid\"}]},{\"@type\":\"WebSite\",\"@id\":\"https:\\\/\\\/www.boxrepsol.com\\\/es\\\/#website\",\"url\":\"https:\\\/\\\/www.boxrepsol.com\\\/es\\\/\",\"name\":\"Box Repsol\",\"description\":\"Box Repsol Site\",\"publisher\":{\"@id\":\"https:\\\/\\\/www.boxrepsol.com\\\/es\\\/#organization\"},\"potentialAction\":[{\"@type\":\"SearchAction\",\"target\":{\"@type\":\"EntryPoint\",\"urlTemplate\":\"https:\\\/\\\/www.boxrepsol.com\\\/es\\\/?s={search_term_string}\"},\"query-input\":{\"@type\":\"PropertyValueSpecification\",\"valueRequired\":true,\"valueName\":\"search_term_string\"}}],\"inLanguage\":\"es\"},{\"@type\":\"Organization\",\"@id\":\"https:\\\/\\\/www.boxrepsol.com\\\/es\\\/#organization\",\"name\":\"Box Repsol\",\"url\":\"https:\\\/\\\/www.boxrepsol.com\\\/es\\\/\",\"logo\":{\"@type\":\"ImageObject\",\"inLanguage\":\"es\",\"@id\":\"https:\\\/\\\/www.boxrepsol.com\\\/es\\\/#\\\/schema\\\/logo\\\/image\\\/\",\"url\":\"https:\\\/\\\/bxrepsol.s3.eu-west-1.amazonaws.com\\\/static\\\/2025\\\/07\\\/30083337\\\/favicon-96x96-1.png\",\"contentUrl\":\"https:\\\/\\\/bxrepsol.s3.eu-west-1.amazonaws.com\\\/static\\\/2025\\\/07\\\/30083337\\\/favicon-96x96-1.png\",\"width\":96,\"height\":96,\"caption\":\"Box Repsol\"},\"image\":{\"@id\":\"https:\\\/\\\/www.boxrepsol.com\\\/es\\\/#\\\/schema\\\/logo\\\/image\\\/\"},\"sameAs\":[\"https:\\\/\\\/www.facebook.com\\\/BoxRepsol\",\"https:\\\/\\\/x.com\\\/box_repsol\",\"http:\\\/\\\/instagram.com\\\/box_repsol\",\"https:\\\/\\\/www.youtube.com\\\/user\\\/RepsolCompeticion\",\"https:\\\/\\\/www.flickr.com\\\/photos\\\/box_repsol\\\/\"]},{\"@type\":\"Person\",\"@id\":\"https:\\\/\\\/www.boxrepsol.com\\\/es\\\/#\\\/schema\\\/person\\\/c5c2138f2cca251b0ad92b7086bb60b7\",\"name\":\"Redacci\u00f3n Box Repsol\",\"image\":{\"@type\":\"ImageObject\",\"inLanguage\":\"es\",\"@id\":\"https:\\\/\\\/secure.gravatar.com\\\/avatar\\\/adf7b77e38b4419baf32c7e9c21dde01f4e40df611f0978e3006fc4ba0aaab7e?s=96&d=mm&r=g\",\"url\":\"https:\\\/\\\/secure.gravatar.com\\\/avatar\\\/adf7b77e38b4419baf32c7e9c21dde01f4e40df611f0978e3006fc4ba0aaab7e?s=96&d=mm&r=g\",\"contentUrl\":\"https:\\\/\\\/secure.gravatar.com\\\/avatar\\\/adf7b77e38b4419baf32c7e9c21dde01f4e40df611f0978e3006fc4ba0aaab7e?s=96&d=mm&r=g\",\"caption\":\"Redacci\u00f3n Box Repsol\"},\"description\":\"Box Repsol lo forma un equipo de periodistas, community managers, dise\u00f1adores y fot\u00f3grafos con m\u00e1s de 20 a\u00f1os de experiencia en el mundo del motorsport. Hemos vivido el primer mundial de un espa\u00f1ol en la categor\u00eda reina de motociclismo con \u00c1lex Crivill\u00e9, estuvimos en las victorias de Pedrosa y los t\u00edtulos de M\u00e1rquez, acompa\u00f1amos en \u00c1frica a Nani Roma y Marc Coma en sus conquistas del Dakar y hemos vibrado con los t\u00edtulos de Toni Bou en Trial. Adem\u00e1s, en nuestro equipo contamos con expertos en el mundo de las dos y cuatro ruedas tanto de la calle y las carreteras, como de los circuitos. Periodistas que han trabajado en revistas y publicaciones para hacerte llegar desde rutas y consejos de mantenimiento, a curiosidades y trucos de pilotaje.\",\"sameAs\":[\"https:\\\/\\\/www.facebook.com\\\/BoxRepsol\\\/\",\"https:\\\/\\\/www.instagram.com\\\/box_repsol\\\/\",\"https:\\\/\\\/x.com\\\/https:\\\/\\\/twitter.com\\\/box_repsol\",\"https:\\\/\\\/www.youtube.com\\\/@Boxrepsol\"],\"url\":\"https:\\\/\\\/www.boxrepsol.com\\\/es\\\/author\\\/redaccion-box-repsol\\\/\"}]}<\/script>\n<!-- \/ Yoast SEO plugin. -->","yoast_head_json":{"title":"El equipo Repsol Honda presenta sus nuevos colores en la sede de Repsol en Madrid - Box Repsol","description":"Marc M\u00e1rquez y Joan Mir han protagonizado el acto de presentaci\u00f3n del equipo Repsol Honda para la temporada 2023 de MotoGP.","canonical":"https:\/\/www.boxrepsol.com\/es\/motogp\/el-equipo-repsol-honda-presenta-sus-nuevos-colores-en-la-sede-de-repsol-en-madrid\/","og_locale":"es_ES","og_type":"article","og_title":"El equipo Repsol Honda presenta sus nuevos colores en la sede de Repsol en Madrid - Box Repsol","og_description":"Marc M\u00e1rquez y Joan Mir han protagonizado el acto de presentaci\u00f3n del equipo Repsol Honda para la temporada 2023 de MotoGP.","og_url":"https:\/\/www.boxrepsol.com\/es\/motogp\/el-equipo-repsol-honda-presenta-sus-nuevos-colores-en-la-sede-de-repsol-en-madrid\/","og_site_name":"Box Repsol","article_publisher":"https:\/\/www.facebook.com\/BoxRepsol","article_author":"https:\/\/www.facebook.com\/BoxRepsol\/","article_published_time":"2023-02-22T02:00:00+00:00","article_modified_time":"2024-10-09T15:43:02+00:00","og_image":[{"width":1280,"height":600,"url":"https:\/\/bxrepsol.s3.eu-west-1.amazonaws.com\/static\/2023\/02\/27064046\/Marc-Marquez-and-Joan-Mir-2023-Repsol-Honda-Team-4.jpg","type":"image\/jpeg"}],"author":"Redacci\u00f3n Box Repsol","twitter_card":"summary_large_image","twitter_creator":"@https:\/\/twitter.com\/box_repsol","twitter_site":"@box_repsol","twitter_misc":{"Written by":"Redacci\u00f3n Box Repsol","Est. reading time":"6 minutos"},"schema":{"@context":"https:\/\/schema.org","@graph":[{"@type":"Article","@id":"https:\/\/www.boxrepsol.com\/es\/motogp\/el-equipo-repsol-honda-presenta-sus-nuevos-colores-en-la-sede-de-repsol-en-madrid\/#article","isPartOf":{"@id":"https:\/\/www.boxrepsol.com\/es\/motogp\/el-equipo-repsol-honda-presenta-sus-nuevos-colores-en-la-sede-de-repsol-en-madrid\/"},"author":{"name":"Redacci\u00f3n Box Repsol","@id":"https:\/\/www.boxrepsol.com\/es\/#\/schema\/person\/c5c2138f2cca251b0ad92b7086bb60b7"},"headline":"El equipo Repsol Honda presenta sus nuevos colores en la sede de Repsol en Madrid","datePublished":"2023-02-22T02:00:00+00:00","dateModified":"2024-10-09T15:43:02+00:00","mainEntityOfPage":{"@id":"https:\/\/www.boxrepsol.com\/es\/motogp\/el-equipo-repsol-honda-presenta-sus-nuevos-colores-en-la-sede-de-repsol-en-madrid\/"},"wordCount":1176,"commentCount":1,"publisher":{"@id":"https:\/\/www.boxrepsol.com\/es\/#organization"},"image":{"@id":"https:\/\/www.boxrepsol.com\/es\/motogp\/el-equipo-repsol-honda-presenta-sus-nuevos-colores-en-la-sede-de-repsol-en-madrid\/#primaryimage"},"thumbnailUrl":"https:\/\/bxrepsol.s3.eu-west-1.amazonaws.com\/static\/2023\/02\/27064046\/Marc-Marquez-and-Joan-Mir-2023-Repsol-Honda-Team-4.jpg","keywords":["2023","Joan Mir","Marc M\u00e1rquez"],"articleSection":["MotoGP"],"inLanguage":"es","potentialAction":[{"@type":"CommentAction","name":"Comment","target":["https:\/\/www.boxrepsol.com\/es\/motogp\/el-equipo-repsol-honda-presenta-sus-nuevos-colores-en-la-sede-de-repsol-en-madrid\/#respond"]}]},{"@type":"WebPage","@id":"https:\/\/www.boxrepsol.com\/es\/motogp\/el-equipo-repsol-honda-presenta-sus-nuevos-colores-en-la-sede-de-repsol-en-madrid\/","url":"https:\/\/www.boxrepsol.com\/es\/motogp\/el-equipo-repsol-honda-presenta-sus-nuevos-colores-en-la-sede-de-repsol-en-madrid\/","name":"El equipo Repsol Honda presenta sus nuevos colores en la sede de Repsol en Madrid - Box Repsol","isPartOf":{"@id":"https:\/\/www.boxrepsol.com\/es\/#website"},"primaryImageOfPage":{"@id":"https:\/\/www.boxrepsol.com\/es\/motogp\/el-equipo-repsol-honda-presenta-sus-nuevos-colores-en-la-sede-de-repsol-en-madrid\/#primaryimage"},"image":{"@id":"https:\/\/www.boxrepsol.com\/es\/motogp\/el-equipo-repsol-honda-presenta-sus-nuevos-colores-en-la-sede-de-repsol-en-madrid\/#primaryimage"},"thumbnailUrl":"https:\/\/bxrepsol.s3.eu-west-1.amazonaws.com\/static\/2023\/02\/27064046\/Marc-Marquez-and-Joan-Mir-2023-Repsol-Honda-Team-4.jpg","datePublished":"2023-02-22T02:00:00+00:00","dateModified":"2024-10-09T15:43:02+00:00","description":"Marc M\u00e1rquez y Joan Mir han protagonizado el acto de presentaci\u00f3n del equipo Repsol Honda para la temporada 2023 de MotoGP.","breadcrumb":{"@id":"https:\/\/www.boxrepsol.com\/es\/motogp\/el-equipo-repsol-honda-presenta-sus-nuevos-colores-en-la-sede-de-repsol-en-madrid\/#breadcrumb"},"inLanguage":"es","potentialAction":[{"@type":"ReadAction","target":["https:\/\/www.boxrepsol.com\/es\/motogp\/el-equipo-repsol-honda-presenta-sus-nuevos-colores-en-la-sede-de-repsol-en-madrid\/"]}]},{"@type":"ImageObject","inLanguage":"es","@id":"https:\/\/www.boxrepsol.com\/es\/motogp\/el-equipo-repsol-honda-presenta-sus-nuevos-colores-en-la-sede-de-repsol-en-madrid\/#primaryimage","url":"https:\/\/bxrepsol.s3.eu-west-1.amazonaws.com\/static\/2023\/02\/27064046\/Marc-Marquez-and-Joan-Mir-2023-Repsol-Honda-Team-4.jpg","contentUrl":"https:\/\/bxrepsol.s3.eu-west-1.amazonaws.com\/static\/2023\/02\/27064046\/Marc-Marquez-and-Joan-Mir-2023-Repsol-Honda-Team-4.jpg","width":1280,"height":600},{"@type":"BreadcrumbList","@id":"https:\/\/www.boxrepsol.com\/es\/motogp\/el-equipo-repsol-honda-presenta-sus-nuevos-colores-en-la-sede-de-repsol-en-madrid\/#breadcrumb","itemListElement":[{"@type":"ListItem","position":1,"name":"Home","item":"https:\/\/www.boxrepsol.com\/es\/"},{"@type":"ListItem","position":2,"name":"El equipo Repsol Honda presenta sus nuevos colores en la sede de Repsol en Madrid"}]},{"@type":"WebSite","@id":"https:\/\/www.boxrepsol.com\/es\/#website","url":"https:\/\/www.boxrepsol.com\/es\/","name":"Box Repsol","description":"Box Repsol Site","publisher":{"@id":"https:\/\/www.boxrepsol.com\/es\/#organization"},"potentialAction":[{"@type":"SearchAction","target":{"@type":"EntryPoint","urlTemplate":"https:\/\/www.boxrepsol.com\/es\/?s={search_term_string}"},"query-input":{"@type":"PropertyValueSpecification","valueRequired":true,"valueName":"search_term_string"}}],"inLanguage":"es"},{"@type":"Organization","@id":"https:\/\/www.boxrepsol.com\/es\/#organization","name":"Box Repsol","url":"https:\/\/www.boxrepsol.com\/es\/","logo":{"@type":"ImageObject","inLanguage":"es","@id":"https:\/\/www.boxrepsol.com\/es\/#\/schema\/logo\/image\/","url":"https:\/\/bxrepsol.s3.eu-west-1.amazonaws.com\/static\/2025\/07\/30083337\/favicon-96x96-1.png","contentUrl":"https:\/\/bxrepsol.s3.eu-west-1.amazonaws.com\/static\/2025\/07\/30083337\/favicon-96x96-1.png","width":96,"height":96,"caption":"Box Repsol"},"image":{"@id":"https:\/\/www.boxrepsol.com\/es\/#\/schema\/logo\/image\/"},"sameAs":["https:\/\/www.facebook.com\/BoxRepsol","https:\/\/x.com\/box_repsol","http:\/\/instagram.com\/box_repsol","https:\/\/www.youtube.com\/user\/RepsolCompeticion","https:\/\/www.flickr.com\/photos\/box_repsol\/"]},{"@type":"Person","@id":"https:\/\/www.boxrepsol.com\/es\/#\/schema\/person\/c5c2138f2cca251b0ad92b7086bb60b7","name":"Redacci\u00f3n Box Repsol","image":{"@type":"ImageObject","inLanguage":"es","@id":"https:\/\/secure.gravatar.com\/avatar\/adf7b77e38b4419baf32c7e9c21dde01f4e40df611f0978e3006fc4ba0aaab7e?s=96&d=mm&r=g","url":"https:\/\/secure.gravatar.com\/avatar\/adf7b77e38b4419baf32c7e9c21dde01f4e40df611f0978e3006fc4ba0aaab7e?s=96&d=mm&r=g","contentUrl":"https:\/\/secure.gravatar.com\/avatar\/adf7b77e38b4419baf32c7e9c21dde01f4e40df611f0978e3006fc4ba0aaab7e?s=96&d=mm&r=g","caption":"Redacci\u00f3n Box Repsol"},"description":"Box Repsol lo forma un equipo de periodistas, community managers, dise\u00f1adores y fot\u00f3grafos con m\u00e1s de 20 a\u00f1os de experiencia en el mundo del motorsport. Hemos vivido el primer mundial de un espa\u00f1ol en la categor\u00eda reina de motociclismo con \u00c1lex Crivill\u00e9, estuvimos en las victorias de Pedrosa y los t\u00edtulos de M\u00e1rquez, acompa\u00f1amos en \u00c1frica a Nani Roma y Marc Coma en sus conquistas del Dakar y hemos vibrado con los t\u00edtulos de Toni Bou en Trial. Adem\u00e1s, en nuestro equipo contamos con expertos en el mundo de las dos y cuatro ruedas tanto de la calle y las carreteras, como de los circuitos. Periodistas que han trabajado en revistas y publicaciones para hacerte llegar desde rutas y consejos de mantenimiento, a curiosidades y trucos de pilotaje.","sameAs":["https:\/\/www.facebook.com\/BoxRepsol\/","https:\/\/www.instagram.com\/box_repsol\/","https:\/\/x.com\/https:\/\/twitter.com\/box_repsol","https:\/\/www.youtube.com\/@Boxrepsol"],"url":"https:\/\/www.boxrepsol.com\/es\/author\/redaccion-box-repsol\/"}]}},"_links":{"self":[{"href":"https:\/\/www.boxrepsol.com\/es\/wp-json\/wp\/v2\/posts\/95763","targetHints":{"allow":["GET"]}}],"collection":[{"href":"https:\/\/www.boxrepsol.com\/es\/wp-json\/wp\/v2\/posts"}],"about":[{"href":"https:\/\/www.boxrepsol.com\/es\/wp-json\/wp\/v2\/types\/post"}],"author":[{"embeddable":true,"href":"https:\/\/www.boxrepsol.com\/es\/wp-json\/wp\/v2\/users\/43146"}],"replies":[{"embeddable":true,"href":"https:\/\/www.boxrepsol.com\/es\/wp-json\/wp\/v2\/comments?post=95763"}],"version-history":[{"count":3,"href":"https:\/\/www.boxrepsol.com\/es\/wp-json\/wp\/v2\/posts\/95763\/revisions"}],"predecessor-version":[{"id":121067,"href":"https:\/\/www.boxrepsol.com\/es\/wp-json\/wp\/v2\/posts\/95763\/revisions\/121067"}],"wp:featuredmedia":[{"embeddable":true,"href":"https:\/\/www.boxrepsol.com\/es\/wp-json\/wp\/v2\/media\/95775"}],"wp:attachment":[{"href":"https:\/\/www.boxrepsol.com\/es\/wp-json\/wp\/v2\/media?parent=95763"}],"wp:term":[{"taxonomy":"category","embeddable":true,"href":"https:\/\/www.boxrepsol.com\/es\/wp-json\/wp\/v2\/categories?post=95763"},{"taxonomy":"post_tag","embeddable":true,"href":"https:\/\/www.boxrepsol.com\/es\/wp-json\/wp\/v2\/tags?post=95763"}],"curies":[{"name":"wp","href":"https:\/\/api.w.org\/{rel}","templated":true}]}}