{"id":95743,"date":"2023-02-16T00:00:00","date_gmt":"2023-02-16T02:00:00","guid":{"rendered":"http:\/\/pre.boxrepsol.com\/sin-categorizar\/joan-mir-ultima-incorporacion-repsol-honda-team-motogp\/"},"modified":"2024-02-05T10:21:23","modified_gmt":"2024-02-05T12:21:23","slug":"joan-mir-ultima-incorporacion-repsol-honda-team-motogp","status":"publish","type":"post","link":"https:\/\/www.boxrepsol.com\/es\/motogp\/joan-mir-ultima-incorporacion-repsol-honda-team-motogp\/","title":{"rendered":"Joan Mir, la \u00faltima incorporaci\u00f3n al Repsol Honda Team de MotoGP"},"content":{"rendered":"<p>A sus 25 a\u00f1os \u2013cumplir\u00e1 26 el 1 de septiembre\u2013 <strong>Joan Mir<\/strong> atesora un palmar\u00e9s que ya quisieran muchos pilotos a lo largo de la <a href=\"https:\/\/www.boxrepsol.com\/es\/de-leyenda\/breve-historia-las-categorias-del-campeonato-del-mundo\/\">historia del Campeonato<\/a> del Mundo. Doble <strong>Campe\u00f3n del Mundo<\/strong> en Moto3 (2017) y MotoGP (2020), su trayectoria en los Grandes Premios ha estado marcada por la brillantez de sus resultados. Y ahora, con su incorporaci\u00f3n al <strong>Equipo Repsol Honda<\/strong>, se enfrenta a uno de los mayores retos de su carrera, y eso que la trayectoria de Mir est\u00e1 jalonada de continuos desaf\u00edos.<\/p>\n<p>Mir forma parte de una creciente generaci\u00f3n de pilotos mallorquines que han llenado de t\u00edtulos las Islas Baleares, siguiendo los pasos de <strong>Jorge Lorenzo<\/strong>, porque tras los \u00e9xitos de este y de Mir, Izan Guevara y Augusto Fern\u00e1ndez, tambi\u00e9n desde las islas, han sumado nuevas victorias para esta Comunidad.<\/p>\n<h2><strong>Los inicios de la carrera deportiva de Joan Mir<\/strong><\/h2>\n<p>Antes de optar por las dos ruedas, Mir dud\u00f3: \u00bfuna minimoto o un skate? Su padre ten\u00eda una tienda de patines y era una opci\u00f3n l\u00f3gica, pero la atracci\u00f3n de las dos ruedas fue superior. Los <strong>inicios de Joan en el mundo de la moto<\/strong> hay que buscarlos en las categor\u00edas de formaci\u00f3n. <strong>Con diez a\u00f1os empez\u00f3<\/strong> a competir en minimotos, en la Escuela Lorenzo, y disput\u00f3 la Liga Interescuelas, campeonatos de supermotard y la Cuna de Campeones, completando todos los pasos necesarios antes de ir a los circuitos grandes. A finales de 2012, reci\u00e9n cumplidos los <strong>15 a\u00f1os<\/strong>, fue seleccionado para la <strong>Rookies Cup<\/strong>, el campeonato de promoci\u00f3n de j\u00f3venes talentos que se encuentra integrado en el programa de Grandes Premios Europeos.<\/p>\n<p><img loading=\"lazy\" decoding=\"async\" src=\"https:\/\/bxrepsol.s3.eu-west-1.amazonaws.com\/static\/2023\/02\/27063919\/JRB2206-scaled.jpg\" alt=\"\" width=\"4442\" height=\"2961\"><\/p>\n<p>Joan permaneci\u00f3 dos temporadas en la Rookies, luchando en la segunda con Jorge Mart\u00edn por el t\u00edtulo, pero tuvo que conformarse con el de <strong>Subcampe\u00f3n<\/strong> despu\u00e9s de ganar tres carreras. Fue un a\u00f1o de emociones, una temporada dif\u00edcil marcada por su enorme proyecci\u00f3n y su talento, pero que no se vio recompensada con una oferta con la que poder completar la siguiente fase de su aprendizaje: el salto al Mundial, cosa que s\u00ed consiguieron otros de sus compa\u00f1eros de parrilla. No hab\u00eda muchas alternativas, pero Joan no se rindi\u00f3.<\/p>\n<p>Dej\u00f3 muestras de su calidad y capacidad de adaptaci\u00f3n. Tom\u00f3 parte en una prueba de la <strong>Copa de Espa\u00f1a Open 600<\/strong>, y se anot\u00f3 la victoria, con solo 16 a\u00f1os, sobre una moto que casi triplicaba la potencia de la KTM de la Rookies. Y mientras exploraba diversas opciones de futuro, incluso plantearse el final de su carrera ante la falta de alternativas, le lleg\u00f3 la oportunidad de estrenarse en el <strong>Mundial J\u00fanior de Moto3 del FIM CEV Repsol<\/strong>.<\/p>\n<p>Y no pudo ser un debut m\u00e1s fulgurante: un contundente triunfo en Portimao que de repente le hab\u00eda convertido en el m\u00e1ximo candidato al t\u00edtulo. De hecho, esa temporada 2015, fue el <strong>piloto con m\u00e1s victorias<\/strong>, pero desgraciadamente una serie de aver\u00edas y alguna ca\u00edda dejaron espacios en blanco en su casillero de puntos, y esos vac\u00edos pesaron mucho en la clasificaci\u00f3n final, terminando cuarto.<\/p>\n<p>Tambi\u00e9n tuvo una alegr\u00eda: <strong>debut\u00f3 en el Mundial en Phillip Island (Australia),<\/strong> sustituyendo al lesionado Hiroki Ono. Dej\u00f3 una excelente impresi\u00f3n, aunque no pudo concluir la carrera debido a una ca\u00edda al encontrarse la moto de otro competidor.<\/p>\n<h2><strong>Piloto del Mundial: la carrera hacia la MotoGP<\/strong><\/h2>\n<p>Su buen hacer esta vez s\u00ed le permiti\u00f3 dar el salto al <strong>Mundial de Moto3 en 2016,<\/strong> formando estructura con Fabio Quartararo y Andrea Locatelli. Era el novato del grupo, pero termin\u00f3 siendo el mejor de los tres. En Austria logr\u00f3 su <strong>primera pole y su primera victoria<\/strong>, y a\u00fan tuvo oportunidad de sumar varios podios m\u00e1s a lo largo de la temporada, consiguiendo la quinta posici\u00f3n final en el Mundial y el reconocimiento como \u201c<strong>Rookie del A\u00f1o<\/strong>\u201d, el mejor debutante del campeonato.<\/p>\n<p><img loading=\"lazy\" decoding=\"async\" src=\"https:\/\/bxrepsol.s3.eu-west-1.amazonaws.com\/static\/2023\/02\/27063925\/Joan-MIR-SPA-Leopard-Racing-Honda-Moto3-GP-Deutschland-2017-Circuit-Sachsenring-30.06-02.07.-scaled.jpg\" alt=\"\" width=\"4183\" height=\"2789\"><\/p>\n<p>Con ese aval y una confianza extraordinaria, Joan abord\u00f3 la <strong>temporada 2017<\/strong> con m\u00e1ximas aspiraciones. La verdad es que no dio muchas opciones: gan\u00f3 10 de las 18 carreras del calendario, y sum\u00f3 trece podios. Su superioridad fue absoluta y nadie pudo discutirle el t\u00edtulo, ya que <strong>lider\u00f3 la clasificaci\u00f3n del Mundial de principio a fin<\/strong>, aventajando en 93 puntos al segundo clasificado, lo que le permiti\u00f3 coronarse Campe\u00f3n del Mundo de Moto3 con dos carreras de antelaci\u00f3n, y batiendo el r\u00e9cord de m\u00e1xima puntuaci\u00f3n de la categor\u00eda.<\/p>\n<p><strong>El siguiente paso fue Moto2<\/strong>. Fue un a\u00f1o duro, de aprendizaje, en la siempre ingrata categor\u00eda intermedia del Mundial, una clase que te puede aupar o te puede hundir, pero Joan supo salir a flote. Aunque no lleg\u00f3 a ganar ning\u00fan Gran Premio, consigui\u00f3 sumar cuatro podios y la sexta posici\u00f3n final, que no era un mal resultado para un debutante. De hecho, volvi\u00f3 a anotarse el trofeo \u201c<strong>Rookie del A\u00f1o<\/strong>\u201d.<\/p>\n<p>La ambici\u00f3n natural de Joan, propia de todos los grandes campeones, hizo que no estuviera muy satisfecho con sus resultados, pero su talento y buen hacer no pasaron desapercibidos para Suzuki, que estaba a la b\u00fasqueda de talento joven para su equipo de MotoGP, y as\u00ed fue como Joan Mir termin\u00f3 convertido en <strong>piloto de MotoGP en 2019<\/strong>, con solo 21 a\u00f1os.<\/p>\n<p>Su llegada a la categor\u00eda reina no estuvo exenta de complicaciones, porque el desaf\u00edo de enfrentarse a una MotoGP no result\u00f3 sencillo, pero poco a poco consigui\u00f3 coger el ritmo a la categor\u00eda. Desafortunadamente, un serio accidente sufrido en Brno le tuvo varias carreras fuera de combate, aunque en su regreso mantuvo su l\u00ednea ascendente, finalizando duod\u00e9cimo en su debut en la categor\u00eda.<\/p>\n<p>En la <strong>temporada 2020<\/strong>, marcada por la pandemia, Mir sac\u00f3 a relucir su enorme capacidad. En un a\u00f1o complejo e inusualmente corto, de solo trece carreras, Joan supo ser constante y regular. Sum\u00f3 su <strong>primera victoria en MotoGP<\/strong> en el Gran Premio de Europa, disputado en Cheste, lo que le permiti\u00f3 coronarse <strong>Campe\u00f3n del Mundo de MotoGP <\/strong>una semana despu\u00e9s en el mismo trazado, con una carrera de antelaci\u00f3n. Su constancia le llev\u00f3 a sumar siete podios en trece carreras, y frente a esa solidez sus rivales no tuvieron capacidad de respuesta.<\/p>\n<p><img loading=\"lazy\" decoding=\"async\" src=\"https:\/\/bxrepsol.s3.eu-west-1.amazonaws.com\/static\/2023\/02\/27063930\/859_evening_awards-scaled.jpg\" alt=\"\" width=\"5000\" height=\"3328\"><\/p>\n<p>En 2021, Joan Mir volvi\u00f3 a pelear por la corona y estuvo en el <strong>grupo de candidatos<\/strong> hasta el final. Volvi\u00f3 a hacer notar su regularidad, sumando seis podios esa temporada para concluir tercero en el campeonato, completando una dign\u00edsima defensa del t\u00edtulo.<\/p>\n<p>La temporada pasada la inici\u00f3 con su determinaci\u00f3n habitual, mostr\u00e1ndose consistente en el grupo delantero. Pero tras el Gran Premio de Espa\u00f1a, su equipo anunci\u00f3 la retirada al finalizar la campa\u00f1a. Fue un duro mazazo moral para toda la formaci\u00f3n, que encar\u00f3 el resto de la temporada con una profesionalidad ejemplar. Las cosas no fueron f\u00e1ciles para Joan, que enlaz\u00f3 malos resultados y ca\u00eddas, y para colmo, en Austria sufri\u00f3 un fuerte accidente en el que se lesion\u00f3 de gravedad un tobillo. Estuvo cuatro carreras sin competir, y regres\u00f3 para las \u00faltimas tres carreras de la temporada, aunque pudo despedir el a\u00f1o con una prometedora sexta posici\u00f3n.<\/p>\n<p><img loading=\"lazy\" decoding=\"async\" src=\"https:\/\/bxrepsol.s3.eu-west-1.amazonaws.com\/static\/2023\/02\/27063934\/JRB5978-scaled.jpg\" alt=\"\" width=\"1892\" height=\"2838\"><\/p>\n<p>Para entonces ya estaba confirmado el <a href=\"https:\/\/www.boxrepsol.com\/es\/motogp\/llegar-al-equipo-mas-laureado-de-la-historia-es-un-reto-enorme\/\">futuro de Joan Mir dentro del Repsol Honda Team<\/a>, un nuevo desaf\u00edo para su carrera, un nuevo reto que ya, con los colores de la marca, ha iniciado en los habituales <a href=\"https:\/\/www.boxrepsol.com\/es\/motogp\/marquez-y-mir-valoran-el-trabajo-del-equipo-repsol-honda-en-el-test-de-sepang\/\">test de MotoGP<\/a> en Sepang.<\/p>\n","protected":false},"excerpt":{"rendered":"<p>Conoce en profundidad a Joan Mir, doble Campe\u00f3n del Mundo, en Moto3 y MotoGP, que se acaba de unir al Repsol Honda Team para formar equipo junto a Marc M\u00e1rquez.<\/p>\n","protected":false},"author":41268,"featured_media":95753,"comment_status":"open","ping_status":"open","sticky":false,"template":"","format":"standard","meta":{"footnotes":""},"categories":[4],"tags":[269,50,271],"class_list":["post-95743","post","type-post","status-publish","format-standard","hentry","category-motogp","tag-269","tag-equipo-repsol-honda","tag-joan-mir"],"yoast_head":"<!-- This site is optimized with the Yoast SEO plugin v27.3 - https:\/\/yoast.com\/product\/yoast-seo-wordpress\/ -->\n<title>Joan Mir, la \u00faltima incorporaci\u00f3n al Repsol Honda Team de MotoGP - Box Repsol<\/title>\n<meta name=\"description\" content=\"Te contamos la biograf\u00eda de Joan Mir, nuevo fichaje del Repsol Honda Team. Desde sus inicios en el motociclismo y su evoluci\u00f3n en las distintas categor\u00edas hasta la actualidad.\" \/>\n<link rel=\"canonical\" href=\"https:\/\/www.boxrepsol.com\/es\/motogp\/joan-mir-ultima-incorporacion-repsol-honda-team-motogp\/\" \/>\n<meta property=\"og:locale\" content=\"es_ES\" \/>\n<meta property=\"og:type\" content=\"article\" \/>\n<meta property=\"og:title\" content=\"Joan Mir, la \u00faltima incorporaci\u00f3n al Repsol Honda Team de MotoGP - Box Repsol\" \/>\n<meta property=\"og:description\" content=\"Te contamos la biograf\u00eda de Joan Mir, nuevo fichaje del Repsol Honda Team. Desde sus inicios en el motociclismo y su evoluci\u00f3n en las distintas categor\u00edas hasta la actualidad.\" \/>\n<meta property=\"og:url\" content=\"https:\/\/www.boxrepsol.com\/es\/motogp\/joan-mir-ultima-incorporacion-repsol-honda-team-motogp\/\" \/>\n<meta property=\"og:site_name\" content=\"Box Repsol\" \/>\n<meta property=\"article:publisher\" content=\"https:\/\/www.facebook.com\/BoxRepsol\" \/>\n<meta property=\"article:published_time\" content=\"2023-02-16T02:00:00+00:00\" \/>\n<meta property=\"article:modified_time\" content=\"2024-02-05T12:21:23+00:00\" \/>\n<meta property=\"og:image\" content=\"https:\/\/bxrepsol.s3.eu-west-1.amazonaws.com\/static\/2023\/02\/27063935\/portada26.jpg\" \/>\n\t<meta property=\"og:image:width\" content=\"1280\" \/>\n\t<meta property=\"og:image:height\" content=\"600\" \/>\n\t<meta property=\"og:image:type\" content=\"image\/jpeg\" \/>\n<meta name=\"author\" content=\"Juan Pedro de la Torre\" \/>\n<meta name=\"twitter:card\" content=\"summary_large_image\" \/>\n<meta name=\"twitter:creator\" content=\"@https:\/\/twitter.com\/JPdelaTorre1965\" \/>\n<meta name=\"twitter:site\" content=\"@box_repsol\" \/>\n<meta name=\"twitter:label1\" content=\"Written by\" \/>\n\t<meta name=\"twitter:data1\" content=\"Juan Pedro de la Torre\" \/>\n\t<meta name=\"twitter:label2\" content=\"Est. reading time\" \/>\n\t<meta name=\"twitter:data2\" content=\"6 minutos\" \/>\n<script type=\"application\/ld+json\" class=\"yoast-schema-graph\">{\"@context\":\"https:\\\/\\\/schema.org\",\"@graph\":[{\"@type\":\"Article\",\"@id\":\"https:\\\/\\\/www.boxrepsol.com\\\/es\\\/motogp\\\/joan-mir-ultima-incorporacion-repsol-honda-team-motogp\\\/#article\",\"isPartOf\":{\"@id\":\"https:\\\/\\\/www.boxrepsol.com\\\/es\\\/motogp\\\/joan-mir-ultima-incorporacion-repsol-honda-team-motogp\\\/\"},\"author\":{\"name\":\"Juan Pedro de la Torre\",\"@id\":\"https:\\\/\\\/www.boxrepsol.com\\\/es\\\/#\\\/schema\\\/person\\\/26abce1d675df22d63ac9e9d5f23e4aa\"},\"headline\":\"Joan Mir, la \u00faltima incorporaci\u00f3n al Repsol Honda Team de MotoGP\",\"datePublished\":\"2023-02-16T02:00:00+00:00\",\"dateModified\":\"2024-02-05T12:21:23+00:00\",\"mainEntityOfPage\":{\"@id\":\"https:\\\/\\\/www.boxrepsol.com\\\/es\\\/motogp\\\/joan-mir-ultima-incorporacion-repsol-honda-team-motogp\\\/\"},\"wordCount\":1280,\"commentCount\":0,\"publisher\":{\"@id\":\"https:\\\/\\\/www.boxrepsol.com\\\/es\\\/#organization\"},\"image\":{\"@id\":\"https:\\\/\\\/www.boxrepsol.com\\\/es\\\/motogp\\\/joan-mir-ultima-incorporacion-repsol-honda-team-motogp\\\/#primaryimage\"},\"thumbnailUrl\":\"https:\\\/\\\/bxrepsol.s3.eu-west-1.amazonaws.com\\\/static\\\/2023\\\/02\\\/27063935\\\/portada26.jpg\",\"keywords\":[\"2023\",\"Equipo Repsol Honda\",\"Joan Mir\"],\"articleSection\":[\"MotoGP\"],\"inLanguage\":\"es\",\"potentialAction\":[{\"@type\":\"CommentAction\",\"name\":\"Comment\",\"target\":[\"https:\\\/\\\/www.boxrepsol.com\\\/es\\\/motogp\\\/joan-mir-ultima-incorporacion-repsol-honda-team-motogp\\\/#respond\"]}]},{\"@type\":\"WebPage\",\"@id\":\"https:\\\/\\\/www.boxrepsol.com\\\/es\\\/motogp\\\/joan-mir-ultima-incorporacion-repsol-honda-team-motogp\\\/\",\"url\":\"https:\\\/\\\/www.boxrepsol.com\\\/es\\\/motogp\\\/joan-mir-ultima-incorporacion-repsol-honda-team-motogp\\\/\",\"name\":\"Joan Mir, la \u00faltima incorporaci\u00f3n al Repsol Honda Team de MotoGP - Box Repsol\",\"isPartOf\":{\"@id\":\"https:\\\/\\\/www.boxrepsol.com\\\/es\\\/#website\"},\"primaryImageOfPage\":{\"@id\":\"https:\\\/\\\/www.boxrepsol.com\\\/es\\\/motogp\\\/joan-mir-ultima-incorporacion-repsol-honda-team-motogp\\\/#primaryimage\"},\"image\":{\"@id\":\"https:\\\/\\\/www.boxrepsol.com\\\/es\\\/motogp\\\/joan-mir-ultima-incorporacion-repsol-honda-team-motogp\\\/#primaryimage\"},\"thumbnailUrl\":\"https:\\\/\\\/bxrepsol.s3.eu-west-1.amazonaws.com\\\/static\\\/2023\\\/02\\\/27063935\\\/portada26.jpg\",\"datePublished\":\"2023-02-16T02:00:00+00:00\",\"dateModified\":\"2024-02-05T12:21:23+00:00\",\"description\":\"Te contamos la biograf\u00eda de Joan Mir, nuevo fichaje del Repsol Honda Team. Desde sus inicios en el motociclismo y su evoluci\u00f3n en las distintas categor\u00edas hasta la actualidad.\",\"breadcrumb\":{\"@id\":\"https:\\\/\\\/www.boxrepsol.com\\\/es\\\/motogp\\\/joan-mir-ultima-incorporacion-repsol-honda-team-motogp\\\/#breadcrumb\"},\"inLanguage\":\"es\",\"potentialAction\":[{\"@type\":\"ReadAction\",\"target\":[\"https:\\\/\\\/www.boxrepsol.com\\\/es\\\/motogp\\\/joan-mir-ultima-incorporacion-repsol-honda-team-motogp\\\/\"]}]},{\"@type\":\"ImageObject\",\"inLanguage\":\"es\",\"@id\":\"https:\\\/\\\/www.boxrepsol.com\\\/es\\\/motogp\\\/joan-mir-ultima-incorporacion-repsol-honda-team-motogp\\\/#primaryimage\",\"url\":\"https:\\\/\\\/bxrepsol.s3.eu-west-1.amazonaws.com\\\/static\\\/2023\\\/02\\\/27063935\\\/portada26.jpg\",\"contentUrl\":\"https:\\\/\\\/bxrepsol.s3.eu-west-1.amazonaws.com\\\/static\\\/2023\\\/02\\\/27063935\\\/portada26.jpg\",\"width\":1280,\"height\":600},{\"@type\":\"BreadcrumbList\",\"@id\":\"https:\\\/\\\/www.boxrepsol.com\\\/es\\\/motogp\\\/joan-mir-ultima-incorporacion-repsol-honda-team-motogp\\\/#breadcrumb\",\"itemListElement\":[{\"@type\":\"ListItem\",\"position\":1,\"name\":\"Home\",\"item\":\"https:\\\/\\\/www.boxrepsol.com\\\/es\\\/\"},{\"@type\":\"ListItem\",\"position\":2,\"name\":\"Joan Mir, la \u00faltima incorporaci\u00f3n al Repsol Honda Team de MotoGP\"}]},{\"@type\":\"WebSite\",\"@id\":\"https:\\\/\\\/www.boxrepsol.com\\\/es\\\/#website\",\"url\":\"https:\\\/\\\/www.boxrepsol.com\\\/es\\\/\",\"name\":\"Box Repsol\",\"description\":\"Box Repsol Site\",\"publisher\":{\"@id\":\"https:\\\/\\\/www.boxrepsol.com\\\/es\\\/#organization\"},\"potentialAction\":[{\"@type\":\"SearchAction\",\"target\":{\"@type\":\"EntryPoint\",\"urlTemplate\":\"https:\\\/\\\/www.boxrepsol.com\\\/es\\\/?s={search_term_string}\"},\"query-input\":{\"@type\":\"PropertyValueSpecification\",\"valueRequired\":true,\"valueName\":\"search_term_string\"}}],\"inLanguage\":\"es\"},{\"@type\":\"Organization\",\"@id\":\"https:\\\/\\\/www.boxrepsol.com\\\/es\\\/#organization\",\"name\":\"Box Repsol\",\"url\":\"https:\\\/\\\/www.boxrepsol.com\\\/es\\\/\",\"logo\":{\"@type\":\"ImageObject\",\"inLanguage\":\"es\",\"@id\":\"https:\\\/\\\/www.boxrepsol.com\\\/es\\\/#\\\/schema\\\/logo\\\/image\\\/\",\"url\":\"https:\\\/\\\/bxrepsol.s3.eu-west-1.amazonaws.com\\\/static\\\/2025\\\/07\\\/30083337\\\/favicon-96x96-1.png\",\"contentUrl\":\"https:\\\/\\\/bxrepsol.s3.eu-west-1.amazonaws.com\\\/static\\\/2025\\\/07\\\/30083337\\\/favicon-96x96-1.png\",\"width\":96,\"height\":96,\"caption\":\"Box Repsol\"},\"image\":{\"@id\":\"https:\\\/\\\/www.boxrepsol.com\\\/es\\\/#\\\/schema\\\/logo\\\/image\\\/\"},\"sameAs\":[\"https:\\\/\\\/www.facebook.com\\\/BoxRepsol\",\"https:\\\/\\\/x.com\\\/box_repsol\",\"http:\\\/\\\/instagram.com\\\/box_repsol\",\"https:\\\/\\\/www.youtube.com\\\/user\\\/RepsolCompeticion\",\"https:\\\/\\\/www.flickr.com\\\/photos\\\/box_repsol\\\/\"]},{\"@type\":\"Person\",\"@id\":\"https:\\\/\\\/www.boxrepsol.com\\\/es\\\/#\\\/schema\\\/person\\\/26abce1d675df22d63ac9e9d5f23e4aa\",\"name\":\"Juan Pedro de la Torre\",\"image\":{\"@type\":\"ImageObject\",\"inLanguage\":\"es\",\"@id\":\"https:\\\/\\\/secure.gravatar.com\\\/avatar\\\/e81f780ee2930d7be330cb34304decf0e9bc66bec0158805a0fe2726f4517224?s=96&d=mm&r=g\",\"url\":\"https:\\\/\\\/secure.gravatar.com\\\/avatar\\\/e81f780ee2930d7be330cb34304decf0e9bc66bec0158805a0fe2726f4517224?s=96&d=mm&r=g\",\"contentUrl\":\"https:\\\/\\\/secure.gravatar.com\\\/avatar\\\/e81f780ee2930d7be330cb34304decf0e9bc66bec0158805a0fe2726f4517224?s=96&d=mm&r=g\",\"caption\":\"Juan Pedro de la Torre\"},\"description\":\"Se inici\u00f3 en el diario Marca en 1988 y posteriormente pas\u00f3 a la revista Motociclismo, donde llegar\u00eda a ser director de deporte. Despu\u00e9s fue editor y director de Motoworld.es y Sport Bikes y colabor\u00f3 con varios medios. Adem\u00e1s, ha publicado una docena de libros y actualmente trabaja como colaborador para Motociclismo, El Confidencial y Box Repsol.\",\"sameAs\":[\"https:\\\/\\\/x.com\\\/https:\\\/\\\/twitter.com\\\/JPdelaTorre1965\",\"https:\\\/\\\/youtube.com\\\/@juanpedrodelatorremotoworld\"],\"url\":\"https:\\\/\\\/www.boxrepsol.com\\\/es\\\/author\\\/juanpedro_delatorre\\\/\"}]}<\/script>\n<!-- \/ Yoast SEO plugin. -->","yoast_head_json":{"title":"Joan Mir, la \u00faltima incorporaci\u00f3n al Repsol Honda Team de MotoGP - Box Repsol","description":"Te contamos la biograf\u00eda de Joan Mir, nuevo fichaje del Repsol Honda Team. Desde sus inicios en el motociclismo y su evoluci\u00f3n en las distintas categor\u00edas hasta la actualidad.","canonical":"https:\/\/www.boxrepsol.com\/es\/motogp\/joan-mir-ultima-incorporacion-repsol-honda-team-motogp\/","og_locale":"es_ES","og_type":"article","og_title":"Joan Mir, la \u00faltima incorporaci\u00f3n al Repsol Honda Team de MotoGP - Box Repsol","og_description":"Te contamos la biograf\u00eda de Joan Mir, nuevo fichaje del Repsol Honda Team. Desde sus inicios en el motociclismo y su evoluci\u00f3n en las distintas categor\u00edas hasta la actualidad.","og_url":"https:\/\/www.boxrepsol.com\/es\/motogp\/joan-mir-ultima-incorporacion-repsol-honda-team-motogp\/","og_site_name":"Box Repsol","article_publisher":"https:\/\/www.facebook.com\/BoxRepsol","article_published_time":"2023-02-16T02:00:00+00:00","article_modified_time":"2024-02-05T12:21:23+00:00","og_image":[{"width":1280,"height":600,"url":"https:\/\/bxrepsol.s3.eu-west-1.amazonaws.com\/static\/2023\/02\/27063935\/portada26.jpg","type":"image\/jpeg"}],"author":"Juan Pedro de la Torre","twitter_card":"summary_large_image","twitter_creator":"@https:\/\/twitter.com\/JPdelaTorre1965","twitter_site":"@box_repsol","twitter_misc":{"Written by":"Juan Pedro de la Torre","Est. reading time":"6 minutos"},"schema":{"@context":"https:\/\/schema.org","@graph":[{"@type":"Article","@id":"https:\/\/www.boxrepsol.com\/es\/motogp\/joan-mir-ultima-incorporacion-repsol-honda-team-motogp\/#article","isPartOf":{"@id":"https:\/\/www.boxrepsol.com\/es\/motogp\/joan-mir-ultima-incorporacion-repsol-honda-team-motogp\/"},"author":{"name":"Juan Pedro de la Torre","@id":"https:\/\/www.boxrepsol.com\/es\/#\/schema\/person\/26abce1d675df22d63ac9e9d5f23e4aa"},"headline":"Joan Mir, la \u00faltima incorporaci\u00f3n al Repsol Honda Team de MotoGP","datePublished":"2023-02-16T02:00:00+00:00","dateModified":"2024-02-05T12:21:23+00:00","mainEntityOfPage":{"@id":"https:\/\/www.boxrepsol.com\/es\/motogp\/joan-mir-ultima-incorporacion-repsol-honda-team-motogp\/"},"wordCount":1280,"commentCount":0,"publisher":{"@id":"https:\/\/www.boxrepsol.com\/es\/#organization"},"image":{"@id":"https:\/\/www.boxrepsol.com\/es\/motogp\/joan-mir-ultima-incorporacion-repsol-honda-team-motogp\/#primaryimage"},"thumbnailUrl":"https:\/\/bxrepsol.s3.eu-west-1.amazonaws.com\/static\/2023\/02\/27063935\/portada26.jpg","keywords":["2023","Equipo Repsol Honda","Joan Mir"],"articleSection":["MotoGP"],"inLanguage":"es","potentialAction":[{"@type":"CommentAction","name":"Comment","target":["https:\/\/www.boxrepsol.com\/es\/motogp\/joan-mir-ultima-incorporacion-repsol-honda-team-motogp\/#respond"]}]},{"@type":"WebPage","@id":"https:\/\/www.boxrepsol.com\/es\/motogp\/joan-mir-ultima-incorporacion-repsol-honda-team-motogp\/","url":"https:\/\/www.boxrepsol.com\/es\/motogp\/joan-mir-ultima-incorporacion-repsol-honda-team-motogp\/","name":"Joan Mir, la \u00faltima incorporaci\u00f3n al Repsol Honda Team de MotoGP - Box Repsol","isPartOf":{"@id":"https:\/\/www.boxrepsol.com\/es\/#website"},"primaryImageOfPage":{"@id":"https:\/\/www.boxrepsol.com\/es\/motogp\/joan-mir-ultima-incorporacion-repsol-honda-team-motogp\/#primaryimage"},"image":{"@id":"https:\/\/www.boxrepsol.com\/es\/motogp\/joan-mir-ultima-incorporacion-repsol-honda-team-motogp\/#primaryimage"},"thumbnailUrl":"https:\/\/bxrepsol.s3.eu-west-1.amazonaws.com\/static\/2023\/02\/27063935\/portada26.jpg","datePublished":"2023-02-16T02:00:00+00:00","dateModified":"2024-02-05T12:21:23+00:00","description":"Te contamos la biograf\u00eda de Joan Mir, nuevo fichaje del Repsol Honda Team. Desde sus inicios en el motociclismo y su evoluci\u00f3n en las distintas categor\u00edas hasta la actualidad.","breadcrumb":{"@id":"https:\/\/www.boxrepsol.com\/es\/motogp\/joan-mir-ultima-incorporacion-repsol-honda-team-motogp\/#breadcrumb"},"inLanguage":"es","potentialAction":[{"@type":"ReadAction","target":["https:\/\/www.boxrepsol.com\/es\/motogp\/joan-mir-ultima-incorporacion-repsol-honda-team-motogp\/"]}]},{"@type":"ImageObject","inLanguage":"es","@id":"https:\/\/www.boxrepsol.com\/es\/motogp\/joan-mir-ultima-incorporacion-repsol-honda-team-motogp\/#primaryimage","url":"https:\/\/bxrepsol.s3.eu-west-1.amazonaws.com\/static\/2023\/02\/27063935\/portada26.jpg","contentUrl":"https:\/\/bxrepsol.s3.eu-west-1.amazonaws.com\/static\/2023\/02\/27063935\/portada26.jpg","width":1280,"height":600},{"@type":"BreadcrumbList","@id":"https:\/\/www.boxrepsol.com\/es\/motogp\/joan-mir-ultima-incorporacion-repsol-honda-team-motogp\/#breadcrumb","itemListElement":[{"@type":"ListItem","position":1,"name":"Home","item":"https:\/\/www.boxrepsol.com\/es\/"},{"@type":"ListItem","position":2,"name":"Joan Mir, la \u00faltima incorporaci\u00f3n al Repsol Honda Team de MotoGP"}]},{"@type":"WebSite","@id":"https:\/\/www.boxrepsol.com\/es\/#website","url":"https:\/\/www.boxrepsol.com\/es\/","name":"Box Repsol","description":"Box Repsol Site","publisher":{"@id":"https:\/\/www.boxrepsol.com\/es\/#organization"},"potentialAction":[{"@type":"SearchAction","target":{"@type":"EntryPoint","urlTemplate":"https:\/\/www.boxrepsol.com\/es\/?s={search_term_string}"},"query-input":{"@type":"PropertyValueSpecification","valueRequired":true,"valueName":"search_term_string"}}],"inLanguage":"es"},{"@type":"Organization","@id":"https:\/\/www.boxrepsol.com\/es\/#organization","name":"Box Repsol","url":"https:\/\/www.boxrepsol.com\/es\/","logo":{"@type":"ImageObject","inLanguage":"es","@id":"https:\/\/www.boxrepsol.com\/es\/#\/schema\/logo\/image\/","url":"https:\/\/bxrepsol.s3.eu-west-1.amazonaws.com\/static\/2025\/07\/30083337\/favicon-96x96-1.png","contentUrl":"https:\/\/bxrepsol.s3.eu-west-1.amazonaws.com\/static\/2025\/07\/30083337\/favicon-96x96-1.png","width":96,"height":96,"caption":"Box Repsol"},"image":{"@id":"https:\/\/www.boxrepsol.com\/es\/#\/schema\/logo\/image\/"},"sameAs":["https:\/\/www.facebook.com\/BoxRepsol","https:\/\/x.com\/box_repsol","http:\/\/instagram.com\/box_repsol","https:\/\/www.youtube.com\/user\/RepsolCompeticion","https:\/\/www.flickr.com\/photos\/box_repsol\/"]},{"@type":"Person","@id":"https:\/\/www.boxrepsol.com\/es\/#\/schema\/person\/26abce1d675df22d63ac9e9d5f23e4aa","name":"Juan Pedro de la Torre","image":{"@type":"ImageObject","inLanguage":"es","@id":"https:\/\/secure.gravatar.com\/avatar\/e81f780ee2930d7be330cb34304decf0e9bc66bec0158805a0fe2726f4517224?s=96&d=mm&r=g","url":"https:\/\/secure.gravatar.com\/avatar\/e81f780ee2930d7be330cb34304decf0e9bc66bec0158805a0fe2726f4517224?s=96&d=mm&r=g","contentUrl":"https:\/\/secure.gravatar.com\/avatar\/e81f780ee2930d7be330cb34304decf0e9bc66bec0158805a0fe2726f4517224?s=96&d=mm&r=g","caption":"Juan Pedro de la Torre"},"description":"Se inici\u00f3 en el diario Marca en 1988 y posteriormente pas\u00f3 a la revista Motociclismo, donde llegar\u00eda a ser director de deporte. Despu\u00e9s fue editor y director de Motoworld.es y Sport Bikes y colabor\u00f3 con varios medios. Adem\u00e1s, ha publicado una docena de libros y actualmente trabaja como colaborador para Motociclismo, El Confidencial y Box Repsol.","sameAs":["https:\/\/x.com\/https:\/\/twitter.com\/JPdelaTorre1965","https:\/\/youtube.com\/@juanpedrodelatorremotoworld"],"url":"https:\/\/www.boxrepsol.com\/es\/author\/juanpedro_delatorre\/"}]}},"_links":{"self":[{"href":"https:\/\/www.boxrepsol.com\/es\/wp-json\/wp\/v2\/posts\/95743","targetHints":{"allow":["GET"]}}],"collection":[{"href":"https:\/\/www.boxrepsol.com\/es\/wp-json\/wp\/v2\/posts"}],"about":[{"href":"https:\/\/www.boxrepsol.com\/es\/wp-json\/wp\/v2\/types\/post"}],"author":[{"embeddable":true,"href":"https:\/\/www.boxrepsol.com\/es\/wp-json\/wp\/v2\/users\/41268"}],"replies":[{"embeddable":true,"href":"https:\/\/www.boxrepsol.com\/es\/wp-json\/wp\/v2\/comments?post=95743"}],"version-history":[{"count":2,"href":"https:\/\/www.boxrepsol.com\/es\/wp-json\/wp\/v2\/posts\/95743\/revisions"}],"predecessor-version":[{"id":111365,"href":"https:\/\/www.boxrepsol.com\/es\/wp-json\/wp\/v2\/posts\/95743\/revisions\/111365"}],"wp:featuredmedia":[{"embeddable":true,"href":"https:\/\/www.boxrepsol.com\/es\/wp-json\/wp\/v2\/media\/95753"}],"wp:attachment":[{"href":"https:\/\/www.boxrepsol.com\/es\/wp-json\/wp\/v2\/media?parent=95743"}],"wp:term":[{"taxonomy":"category","embeddable":true,"href":"https:\/\/www.boxrepsol.com\/es\/wp-json\/wp\/v2\/categories?post=95743"},{"taxonomy":"post_tag","embeddable":true,"href":"https:\/\/www.boxrepsol.com\/es\/wp-json\/wp\/v2\/tags?post=95743"}],"curies":[{"name":"wp","href":"https:\/\/api.w.org\/{rel}","templated":true}]}}