{"id":95716,"date":"2023-02-12T00:00:00","date_gmt":"2023-02-12T02:00:00","guid":{"rendered":"http:\/\/pre.boxrepsol.com\/sin-categorizar\/test-de-sepang-motogp-resultados-de-la-tercera-jornada\/"},"modified":"2024-04-08T08:36:27","modified_gmt":"2024-04-08T10:36:27","slug":"test-de-sepang-motogp-resultados-de-la-tercera-jornada","status":"publish","type":"post","link":"https:\/\/www.boxrepsol.com\/es\/motogp\/test-de-sepang-motogp-resultados-de-la-tercera-jornada\/","title":{"rendered":"Test de Sepang MotoGP: Resultados de la tercera jornada"},"content":{"rendered":"<p>La \u00faltima jornada del primer test de pretemporada del a\u00f1o se ha celebrado con mejores condiciones meteorol\u00f3gicas que ayer.<\/p>\n<p><strong>Luca Marini<\/strong> (Ducati) ha liderado el d\u00eda con un tiempo de 1:57.889. Su compatriota, <strong>Francesco Bagnaia<\/strong> (Ducati) le ha seguido de cerca con un mejor registro a tan solo 80 mil\u00e9simas. <strong>Maverick Vi\u00f1ales<\/strong> (Aprilia) ha sido de los pilotos con m\u00e1s vueltas acumuladas y ha logrado terminar en tercera posici\u00f3n a poco m\u00e1s de una d\u00e9cima de Marini y Bagnaia.<\/p>\n<p>Se ha mantenido la tendencia de los dos d\u00edas anteriores y ha habido diferencias m\u00ednimas entre los dem\u00e1s pilotos. Enea Bastianini (Ducati), Jorge Mart\u00edn (Ducati), Aleix Espargar\u00f3 (Aprilia), Fabio Di Giannantonio (Ducati), Marco Bezzecchi (Ducati) y \u00c1lex M\u00e1rquez (Ducati) han terminado los tests de pretemporada con tiempos situados en el 1:58 y con apenas dos d\u00e9cimas de diferencia entre ellos.<\/p>\n<h2>El equipo Repsol Honda intensifica su trabajo<\/h2>\n<p><strong>Marc M\u00e1rquez<\/strong> y <strong>Joan Mir<\/strong> han aprovechado al m\u00e1ximo el tiempo y han completado un total de 100 vueltas. Tras 55 giros al circuito malayo, M\u00e1rquez ha firmado el 10\u00ba mejor tiempo a siete d\u00e9cimas del l\u00edder, con Mir en 12\u00aa posici\u00f3n a una d\u00e9cima de su compa\u00f1ero de equipo. Ambos pilotos han podido mejorar sus tiempos en la clasificaci\u00f3n combinada.<\/p>\n<h3>Clasificaci\u00f3n<\/h3>\n<p>1. Luca Marini (Ducati) \u2013 1:57.889<br \/>\n2. Francesco Bagnaia (Ducati) +0.080<br \/>\n3. Maverick Vi\u00f1ales (Aprilia) +0.147<br \/>\n4. Enea Bastianini (Ducati) +0.260<br \/>\n5. Jorge Mart\u00edn (Ducati) +0.315<br \/>\n6. Aleix Espargar\u00f3 (Aprilia) +0.418<br \/>\n7. Fabio Di Giannantonio (Ducati) +0.455<br \/>\n8. Marco Bezzecchi (Ducati) +0.474<br \/>\n9. \u00c1lex M\u00e1rquez (Ducati) +0.496<br \/>\n<strong>10. Marc M\u00e1rquez (Repsol Honda) +0.777<\/strong><br \/>\n<strong>12. Joan Mir (Repsol Honda) +0.895<\/strong><\/p>\n<p><a href=\"https:\/\/bxrepsol.s3.eu-west-1.amazonaws.com\/static\/2023\/02\/27063723\/A9X1236-scaled.jpg\" data-index=\"0\"><br \/>\n<img decoding=\"async\" title=\"A9X1236\" src=\"https:\/\/bxrepsol.s3.eu-west-1.amazonaws.com\/static\/2023\/02\/27063723\/A9X1236-scaled.jpg\" srcset=\"https:\/\/bxrepsol.s3.eu-west-1.amazonaws.com\/static\/2023\/02\/27063723\/A9X1236-scaled.jpg 5649w, https:\/\/bxrepsol.s3.eu-west-1.amazonaws.com\/static\/2023\/02\/27063723\/A9X1236-scaled.jpg 1280w, https:\/\/bxrepsol.s3.eu-west-1.amazonaws.com\/static\/2023\/02\/27063723\/A9X1236-scaled.jpg 900w, https:\/\/bxrepsol.s3.eu-west-1.amazonaws.com\/static\/2023\/02\/27063723\/A9X1236-scaled.jpg 600w, https:\/\/bxrepsol.s3.eu-west-1.amazonaws.com\/static\/2023\/02\/27063723\/A9X1236-scaled.jpg 480w, https:\/\/bxrepsol.s3.eu-west-1.amazonaws.com\/static\/2023\/02\/27063723\/A9X1236-scaled.jpg 32w\" alt=\"\" data-title=\"\" \/><br \/>\n<\/a><br \/>\n<a href=\"https:\/\/bxrepsol.s3.eu-west-1.amazonaws.com\/static\/2023\/02\/27063728\/JRB8393-scaled.jpg\" data-index=\"1\"><br \/>\n<img decoding=\"async\" title=\"JRB8393\" src=\"https:\/\/bxrepsol.s3.eu-west-1.amazonaws.com\/static\/2023\/02\/27063728\/JRB8393-scaled.jpg\" srcset=\"https:\/\/bxrepsol.s3.eu-west-1.amazonaws.com\/static\/2023\/02\/27063728\/JRB8393-scaled.jpg 3592w, https:\/\/bxrepsol.s3.eu-west-1.amazonaws.com\/static\/2023\/02\/27063728\/JRB8393-scaled.jpg 1280w, https:\/\/bxrepsol.s3.eu-west-1.amazonaws.com\/static\/2023\/02\/27063728\/JRB8393-scaled.jpg 900w, https:\/\/bxrepsol.s3.eu-west-1.amazonaws.com\/static\/2023\/02\/27063728\/JRB8393-scaled.jpg 600w, https:\/\/bxrepsol.s3.eu-west-1.amazonaws.com\/static\/2023\/02\/27063728\/JRB8393-scaled.jpg 480w, https:\/\/bxrepsol.s3.eu-west-1.amazonaws.com\/static\/2023\/02\/27063728\/JRB8393-scaled.jpg 32w\" alt=\"\" data-title=\"\" \/><br \/>\n<\/a><br \/>\n<a href=\"https:\/\/www.boxrepsol.com\/wp-content\/uploads\/2023\/02\/A1X2945.jpg\" data-index=\"2\"><br \/>\n<img decoding=\"async\" title=\"A1X2945\" src=\"https:\/\/www.boxrepsol.com\/wp-content\/uploads\/2023\/02\/A1X2945.jpg\" srcset=\"https:\/\/www.boxrepsol.com\/wp-content\/uploads\/2023\/02\/A1X2945.jpg 8640w, https:\/\/www.boxrepsol.com\/wp-content\/uploads\/2023\/02\/A1X2945.jpg 1280w, https:\/\/www.boxrepsol.com\/wp-content\/uploads\/2023\/02\/A1X2945.jpg 900w, https:\/\/www.boxrepsol.com\/wp-content\/uploads\/2023\/02\/A1X2945.jpg 600w, https:\/\/www.boxrepsol.com\/wp-content\/uploads\/2023\/02\/A1X2945.jpg 480w, https:\/\/www.boxrepsol.com\/wp-content\/uploads\/2023\/02\/A1X2945.jpg 32w\" alt=\"\" data-title=\"\" \/><br \/>\n<\/a><br \/>\n<a href=\"https:\/\/bxrepsol.s3.eu-west-1.amazonaws.com\/static\/2023\/02\/24104333\/JRB7993-scaled.jpg\" data-index=\"3\"><br \/>\n<img decoding=\"async\" title=\"JRB7993\" src=\"https:\/\/bxrepsol.s3.eu-west-1.amazonaws.com\/static\/2023\/02\/24104333\/JRB7993-scaled.jpg\" srcset=\"https:\/\/bxrepsol.s3.eu-west-1.amazonaws.com\/static\/2023\/02\/24104333\/JRB7993-scaled.jpg 5283w, https:\/\/bxrepsol.s3.eu-west-1.amazonaws.com\/static\/2023\/02\/24104333\/JRB7993-scaled.jpg 1280w, https:\/\/bxrepsol.s3.eu-west-1.amazonaws.com\/static\/2023\/02\/24104333\/JRB7993-scaled.jpg 900w, https:\/\/bxrepsol.s3.eu-west-1.amazonaws.com\/static\/2023\/02\/24104333\/JRB7993-scaled.jpg 600w, https:\/\/bxrepsol.s3.eu-west-1.amazonaws.com\/static\/2023\/02\/24104333\/JRB7993-scaled.jpg 480w, https:\/\/bxrepsol.s3.eu-west-1.amazonaws.com\/static\/2023\/02\/24104333\/JRB7993-scaled.jpg 32w\" alt=\"\" data-title=\"\" \/><br \/>\n<\/a><br \/>\n<a href=\"https:\/\/bxrepsol.s3.eu-west-1.amazonaws.com\/static\/2023\/02\/27063753\/A9X1888-scaled.jpg\" data-index=\"4\"><br \/>\n<img decoding=\"async\" title=\"A9X1888\" src=\"https:\/\/bxrepsol.s3.eu-west-1.amazonaws.com\/static\/2023\/02\/27063753\/A9X1888-scaled.jpg\" srcset=\"https:\/\/bxrepsol.s3.eu-west-1.amazonaws.com\/static\/2023\/02\/27063753\/A9X1888-scaled.jpg 6000w, https:\/\/bxrepsol.s3.eu-west-1.amazonaws.com\/static\/2023\/02\/27063753\/A9X1888-scaled.jpg 1280w, https:\/\/bxrepsol.s3.eu-west-1.amazonaws.com\/static\/2023\/02\/27063753\/A9X1888-scaled.jpg 900w, https:\/\/bxrepsol.s3.eu-west-1.amazonaws.com\/static\/2023\/02\/27063753\/A9X1888-scaled.jpg 600w, https:\/\/bxrepsol.s3.eu-west-1.amazonaws.com\/static\/2023\/02\/27063753\/A9X1888-scaled.jpg 480w, https:\/\/bxrepsol.s3.eu-west-1.amazonaws.com\/static\/2023\/02\/27063753\/A9X1888-scaled.jpg 32w\" alt=\"\" data-title=\"\" \/><br \/>\n<\/a><br \/>\n<button data-glide-dir=\"&lt;\"><\/p>\n<p><\/button><br \/>\n<button data-glide-dir=\"&gt;\"><\/p>\n<p><\/button><\/p>\n<h3>Declaraciones de los pilotos<\/h3>\n<p><a href=\"https:\/\/www.boxrepsol.com\/es\/tag\/marc-marquez\/\" target=\"_blank\" rel=\"noopener\">#MM93<\/a><\/p>\n<p>\u00abHoy ha sido una jornada m\u00e1s positiva, ha sido el primer d\u00eda en el que he podido empezar a trabajar en las \u00e1reas m\u00e1s peque\u00f1as. Es cuando he podido empezar a ir m\u00e1s r\u00e1pido, paso a paso. Pero a\u00fan tenemos que seguir con el programa, probando nuevos elementos. Quiero dar las gracias al equipo por organizarlo todo perfectamente y por trabajar tan bien durante todo el fin de semana. Hoy tambi\u00e9n ha sido un gran d\u00eda para probar conceptos. Hemos hecho todo lo que necesit\u00e1bamos y las sensaciones han mejorado, pero a\u00fan tenemos que dar un paso adelante\u00bb.<\/p>\n<p><a href=\"https:\/\/www.boxrepsol.com\/es\/tag\/joan-mir\/\" target=\"_blank\" rel=\"noopener\">#JM36<\/a><\/p>\n<p>\u00abEstoy contento de c\u00f3mo hemos progresado en este test y me he sentido fuerte cada d\u00eda sobre la moto. La moto se siente m\u00e1s como mi moto y soy capaz de pilotar mejor que ayer, esto es lo importante. Mi equipo ha trabajado muy bien estos tres d\u00edas. Seguro que tenemos que progresar, pero cada d\u00eda estamos dando pasos adelante y cada vez estamos m\u00e1s cerca y m\u00e1s c\u00f3modos. Me estoy adaptando m\u00e1s al estilo de la Honda y estoy disfrutando pilotando as\u00ed, he aprendido mucho a lo largo de estos tres d\u00edas\u00bb.<\/p>\n","protected":false},"excerpt":{"rendered":"<p>Luca Marini termina siendo el piloto m\u00e1s r\u00e1pido en Malasia, con Marc M\u00e1rquez cerrando el Top 10<\/p>\n","protected":false},"author":43146,"featured_media":95726,"comment_status":"open","ping_status":"open","sticky":false,"template":"","format":"standard","meta":{"footnotes":""},"categories":[4],"tags":[269,271,6],"class_list":["post-95716","post","type-post","status-publish","format-standard","hentry","category-motogp","tag-269","tag-joan-mir","tag-marc-marquez"],"yoast_head":"<!-- This site is optimized with the Yoast SEO plugin v27.3 - https:\/\/yoast.com\/product\/yoast-seo-wordpress\/ -->\n<title>Test de Sepang MotoGP: Resultados de la tercera jornada - Box Repsol<\/title>\n<meta name=\"description\" content=\"Os explicamos c\u00f3mo han finalizado los test de Sepang en esta tercera y \u00faltima jornada. Las diferencias entre los pilotos han sido m\u00ednimas.\" \/>\n<link rel=\"canonical\" href=\"https:\/\/www.boxrepsol.com\/es\/motogp\/test-de-sepang-motogp-resultados-de-la-tercera-jornada\/\" \/>\n<meta property=\"og:locale\" content=\"es_ES\" \/>\n<meta property=\"og:type\" content=\"article\" \/>\n<meta property=\"og:title\" content=\"Test de Sepang MotoGP: Resultados de la tercera jornada - Box Repsol\" \/>\n<meta property=\"og:description\" content=\"Os explicamos c\u00f3mo han finalizado los test de Sepang en esta tercera y \u00faltima jornada. Las diferencias entre los pilotos han sido m\u00ednimas.\" \/>\n<meta property=\"og:url\" content=\"https:\/\/www.boxrepsol.com\/es\/motogp\/test-de-sepang-motogp-resultados-de-la-tercera-jornada\/\" \/>\n<meta property=\"og:site_name\" content=\"Box Repsol\" \/>\n<meta property=\"article:publisher\" content=\"https:\/\/www.facebook.com\/BoxRepsol\" \/>\n<meta property=\"article:author\" content=\"https:\/\/www.facebook.com\/BoxRepsol\/\" \/>\n<meta property=\"article:published_time\" content=\"2023-02-12T02:00:00+00:00\" \/>\n<meta property=\"article:modified_time\" content=\"2024-04-08T10:36:27+00:00\" \/>\n<meta property=\"og:image\" content=\"https:\/\/bxrepsol.s3.eu-west-1.amazonaws.com\/static\/2023\/02\/27063759\/3s-scaled.jpg\" \/>\n\t<meta property=\"og:image:width\" content=\"2560\" \/>\n\t<meta property=\"og:image:height\" content=\"1200\" \/>\n\t<meta property=\"og:image:type\" content=\"image\/jpeg\" \/>\n<meta name=\"author\" content=\"Redacci\u00f3n Box Repsol\" \/>\n<meta name=\"twitter:card\" content=\"summary_large_image\" \/>\n<meta name=\"twitter:creator\" content=\"@https:\/\/twitter.com\/box_repsol\" \/>\n<meta name=\"twitter:site\" content=\"@box_repsol\" \/>\n<meta name=\"twitter:label1\" content=\"Written by\" \/>\n\t<meta name=\"twitter:data1\" content=\"Redacci\u00f3n Box Repsol\" \/>\n\t<meta name=\"twitter:label2\" content=\"Est. reading time\" \/>\n\t<meta name=\"twitter:data2\" content=\"2 minutos\" \/>\n<script type=\"application\/ld+json\" class=\"yoast-schema-graph\">{\"@context\":\"https:\\\/\\\/schema.org\",\"@graph\":[{\"@type\":\"Article\",\"@id\":\"https:\\\/\\\/www.boxrepsol.com\\\/es\\\/motogp\\\/test-de-sepang-motogp-resultados-de-la-tercera-jornada\\\/#article\",\"isPartOf\":{\"@id\":\"https:\\\/\\\/www.boxrepsol.com\\\/es\\\/motogp\\\/test-de-sepang-motogp-resultados-de-la-tercera-jornada\\\/\"},\"author\":{\"name\":\"Redacci\u00f3n Box Repsol\",\"@id\":\"https:\\\/\\\/www.boxrepsol.com\\\/es\\\/#\\\/schema\\\/person\\\/c5c2138f2cca251b0ad92b7086bb60b7\"},\"headline\":\"Test de Sepang MotoGP: Resultados de la tercera jornada\",\"datePublished\":\"2023-02-12T02:00:00+00:00\",\"dateModified\":\"2024-04-08T10:36:27+00:00\",\"mainEntityOfPage\":{\"@id\":\"https:\\\/\\\/www.boxrepsol.com\\\/es\\\/motogp\\\/test-de-sepang-motogp-resultados-de-la-tercera-jornada\\\/\"},\"wordCount\":493,\"commentCount\":0,\"publisher\":{\"@id\":\"https:\\\/\\\/www.boxrepsol.com\\\/es\\\/#organization\"},\"image\":{\"@id\":\"https:\\\/\\\/www.boxrepsol.com\\\/es\\\/motogp\\\/test-de-sepang-motogp-resultados-de-la-tercera-jornada\\\/#primaryimage\"},\"thumbnailUrl\":\"https:\\\/\\\/bxrepsol.s3.eu-west-1.amazonaws.com\\\/static\\\/2023\\\/02\\\/27063759\\\/3s-scaled.jpg\",\"keywords\":[\"2023\",\"Joan Mir\",\"Marc M\u00e1rquez\"],\"articleSection\":[\"MotoGP\"],\"inLanguage\":\"es\",\"potentialAction\":[{\"@type\":\"CommentAction\",\"name\":\"Comment\",\"target\":[\"https:\\\/\\\/www.boxrepsol.com\\\/es\\\/motogp\\\/test-de-sepang-motogp-resultados-de-la-tercera-jornada\\\/#respond\"]}]},{\"@type\":\"WebPage\",\"@id\":\"https:\\\/\\\/www.boxrepsol.com\\\/es\\\/motogp\\\/test-de-sepang-motogp-resultados-de-la-tercera-jornada\\\/\",\"url\":\"https:\\\/\\\/www.boxrepsol.com\\\/es\\\/motogp\\\/test-de-sepang-motogp-resultados-de-la-tercera-jornada\\\/\",\"name\":\"Test de Sepang MotoGP: Resultados de la tercera jornada - Box Repsol\",\"isPartOf\":{\"@id\":\"https:\\\/\\\/www.boxrepsol.com\\\/es\\\/#website\"},\"primaryImageOfPage\":{\"@id\":\"https:\\\/\\\/www.boxrepsol.com\\\/es\\\/motogp\\\/test-de-sepang-motogp-resultados-de-la-tercera-jornada\\\/#primaryimage\"},\"image\":{\"@id\":\"https:\\\/\\\/www.boxrepsol.com\\\/es\\\/motogp\\\/test-de-sepang-motogp-resultados-de-la-tercera-jornada\\\/#primaryimage\"},\"thumbnailUrl\":\"https:\\\/\\\/bxrepsol.s3.eu-west-1.amazonaws.com\\\/static\\\/2023\\\/02\\\/27063759\\\/3s-scaled.jpg\",\"datePublished\":\"2023-02-12T02:00:00+00:00\",\"dateModified\":\"2024-04-08T10:36:27+00:00\",\"description\":\"Os explicamos c\u00f3mo han finalizado los test de Sepang en esta tercera y \u00faltima jornada. Las diferencias entre los pilotos han sido m\u00ednimas.\",\"breadcrumb\":{\"@id\":\"https:\\\/\\\/www.boxrepsol.com\\\/es\\\/motogp\\\/test-de-sepang-motogp-resultados-de-la-tercera-jornada\\\/#breadcrumb\"},\"inLanguage\":\"es\",\"potentialAction\":[{\"@type\":\"ReadAction\",\"target\":[\"https:\\\/\\\/www.boxrepsol.com\\\/es\\\/motogp\\\/test-de-sepang-motogp-resultados-de-la-tercera-jornada\\\/\"]}]},{\"@type\":\"ImageObject\",\"inLanguage\":\"es\",\"@id\":\"https:\\\/\\\/www.boxrepsol.com\\\/es\\\/motogp\\\/test-de-sepang-motogp-resultados-de-la-tercera-jornada\\\/#primaryimage\",\"url\":\"https:\\\/\\\/bxrepsol.s3.eu-west-1.amazonaws.com\\\/static\\\/2023\\\/02\\\/27063759\\\/3s-scaled.jpg\",\"contentUrl\":\"https:\\\/\\\/bxrepsol.s3.eu-west-1.amazonaws.com\\\/static\\\/2023\\\/02\\\/27063759\\\/3s-scaled.jpg\",\"width\":2560,\"height\":1200},{\"@type\":\"BreadcrumbList\",\"@id\":\"https:\\\/\\\/www.boxrepsol.com\\\/es\\\/motogp\\\/test-de-sepang-motogp-resultados-de-la-tercera-jornada\\\/#breadcrumb\",\"itemListElement\":[{\"@type\":\"ListItem\",\"position\":1,\"name\":\"Home\",\"item\":\"https:\\\/\\\/www.boxrepsol.com\\\/es\\\/\"},{\"@type\":\"ListItem\",\"position\":2,\"name\":\"Test de Sepang MotoGP: Resultados de la tercera jornada\"}]},{\"@type\":\"WebSite\",\"@id\":\"https:\\\/\\\/www.boxrepsol.com\\\/es\\\/#website\",\"url\":\"https:\\\/\\\/www.boxrepsol.com\\\/es\\\/\",\"name\":\"Box Repsol\",\"description\":\"Box Repsol Site\",\"publisher\":{\"@id\":\"https:\\\/\\\/www.boxrepsol.com\\\/es\\\/#organization\"},\"potentialAction\":[{\"@type\":\"SearchAction\",\"target\":{\"@type\":\"EntryPoint\",\"urlTemplate\":\"https:\\\/\\\/www.boxrepsol.com\\\/es\\\/?s={search_term_string}\"},\"query-input\":{\"@type\":\"PropertyValueSpecification\",\"valueRequired\":true,\"valueName\":\"search_term_string\"}}],\"inLanguage\":\"es\"},{\"@type\":\"Organization\",\"@id\":\"https:\\\/\\\/www.boxrepsol.com\\\/es\\\/#organization\",\"name\":\"Box Repsol\",\"url\":\"https:\\\/\\\/www.boxrepsol.com\\\/es\\\/\",\"logo\":{\"@type\":\"ImageObject\",\"inLanguage\":\"es\",\"@id\":\"https:\\\/\\\/www.boxrepsol.com\\\/es\\\/#\\\/schema\\\/logo\\\/image\\\/\",\"url\":\"https:\\\/\\\/bxrepsol.s3.eu-west-1.amazonaws.com\\\/static\\\/2025\\\/07\\\/30083337\\\/favicon-96x96-1.png\",\"contentUrl\":\"https:\\\/\\\/bxrepsol.s3.eu-west-1.amazonaws.com\\\/static\\\/2025\\\/07\\\/30083337\\\/favicon-96x96-1.png\",\"width\":96,\"height\":96,\"caption\":\"Box Repsol\"},\"image\":{\"@id\":\"https:\\\/\\\/www.boxrepsol.com\\\/es\\\/#\\\/schema\\\/logo\\\/image\\\/\"},\"sameAs\":[\"https:\\\/\\\/www.facebook.com\\\/BoxRepsol\",\"https:\\\/\\\/x.com\\\/box_repsol\",\"http:\\\/\\\/instagram.com\\\/box_repsol\",\"https:\\\/\\\/www.youtube.com\\\/user\\\/RepsolCompeticion\",\"https:\\\/\\\/www.flickr.com\\\/photos\\\/box_repsol\\\/\"]},{\"@type\":\"Person\",\"@id\":\"https:\\\/\\\/www.boxrepsol.com\\\/es\\\/#\\\/schema\\\/person\\\/c5c2138f2cca251b0ad92b7086bb60b7\",\"name\":\"Redacci\u00f3n Box Repsol\",\"image\":{\"@type\":\"ImageObject\",\"inLanguage\":\"es\",\"@id\":\"https:\\\/\\\/secure.gravatar.com\\\/avatar\\\/adf7b77e38b4419baf32c7e9c21dde01f4e40df611f0978e3006fc4ba0aaab7e?s=96&d=mm&r=g\",\"url\":\"https:\\\/\\\/secure.gravatar.com\\\/avatar\\\/adf7b77e38b4419baf32c7e9c21dde01f4e40df611f0978e3006fc4ba0aaab7e?s=96&d=mm&r=g\",\"contentUrl\":\"https:\\\/\\\/secure.gravatar.com\\\/avatar\\\/adf7b77e38b4419baf32c7e9c21dde01f4e40df611f0978e3006fc4ba0aaab7e?s=96&d=mm&r=g\",\"caption\":\"Redacci\u00f3n Box Repsol\"},\"description\":\"Box Repsol lo forma un equipo de periodistas, community managers, dise\u00f1adores y fot\u00f3grafos con m\u00e1s de 20 a\u00f1os de experiencia en el mundo del motorsport. Hemos vivido el primer mundial de un espa\u00f1ol en la categor\u00eda reina de motociclismo con \u00c1lex Crivill\u00e9, estuvimos en las victorias de Pedrosa y los t\u00edtulos de M\u00e1rquez, acompa\u00f1amos en \u00c1frica a Nani Roma y Marc Coma en sus conquistas del Dakar y hemos vibrado con los t\u00edtulos de Toni Bou en Trial. Adem\u00e1s, en nuestro equipo contamos con expertos en el mundo de las dos y cuatro ruedas tanto de la calle y las carreteras, como de los circuitos. Periodistas que han trabajado en revistas y publicaciones para hacerte llegar desde rutas y consejos de mantenimiento, a curiosidades y trucos de pilotaje.\",\"sameAs\":[\"https:\\\/\\\/www.facebook.com\\\/BoxRepsol\\\/\",\"https:\\\/\\\/www.instagram.com\\\/box_repsol\\\/\",\"https:\\\/\\\/x.com\\\/https:\\\/\\\/twitter.com\\\/box_repsol\",\"https:\\\/\\\/www.youtube.com\\\/@Boxrepsol\"],\"url\":\"https:\\\/\\\/www.boxrepsol.com\\\/es\\\/author\\\/redaccion-box-repsol\\\/\"}]}<\/script>\n<!-- \/ Yoast SEO plugin. -->","yoast_head_json":{"title":"Test de Sepang MotoGP: Resultados de la tercera jornada - Box Repsol","description":"Os explicamos c\u00f3mo han finalizado los test de Sepang en esta tercera y \u00faltima jornada. Las diferencias entre los pilotos han sido m\u00ednimas.","canonical":"https:\/\/www.boxrepsol.com\/es\/motogp\/test-de-sepang-motogp-resultados-de-la-tercera-jornada\/","og_locale":"es_ES","og_type":"article","og_title":"Test de Sepang MotoGP: Resultados de la tercera jornada - Box Repsol","og_description":"Os explicamos c\u00f3mo han finalizado los test de Sepang en esta tercera y \u00faltima jornada. Las diferencias entre los pilotos han sido m\u00ednimas.","og_url":"https:\/\/www.boxrepsol.com\/es\/motogp\/test-de-sepang-motogp-resultados-de-la-tercera-jornada\/","og_site_name":"Box Repsol","article_publisher":"https:\/\/www.facebook.com\/BoxRepsol","article_author":"https:\/\/www.facebook.com\/BoxRepsol\/","article_published_time":"2023-02-12T02:00:00+00:00","article_modified_time":"2024-04-08T10:36:27+00:00","og_image":[{"width":2560,"height":1200,"url":"https:\/\/bxrepsol.s3.eu-west-1.amazonaws.com\/static\/2023\/02\/27063759\/3s-scaled.jpg","type":"image\/jpeg"}],"author":"Redacci\u00f3n Box Repsol","twitter_card":"summary_large_image","twitter_creator":"@https:\/\/twitter.com\/box_repsol","twitter_site":"@box_repsol","twitter_misc":{"Written by":"Redacci\u00f3n Box Repsol","Est. reading time":"2 minutos"},"schema":{"@context":"https:\/\/schema.org","@graph":[{"@type":"Article","@id":"https:\/\/www.boxrepsol.com\/es\/motogp\/test-de-sepang-motogp-resultados-de-la-tercera-jornada\/#article","isPartOf":{"@id":"https:\/\/www.boxrepsol.com\/es\/motogp\/test-de-sepang-motogp-resultados-de-la-tercera-jornada\/"},"author":{"name":"Redacci\u00f3n Box Repsol","@id":"https:\/\/www.boxrepsol.com\/es\/#\/schema\/person\/c5c2138f2cca251b0ad92b7086bb60b7"},"headline":"Test de Sepang MotoGP: Resultados de la tercera jornada","datePublished":"2023-02-12T02:00:00+00:00","dateModified":"2024-04-08T10:36:27+00:00","mainEntityOfPage":{"@id":"https:\/\/www.boxrepsol.com\/es\/motogp\/test-de-sepang-motogp-resultados-de-la-tercera-jornada\/"},"wordCount":493,"commentCount":0,"publisher":{"@id":"https:\/\/www.boxrepsol.com\/es\/#organization"},"image":{"@id":"https:\/\/www.boxrepsol.com\/es\/motogp\/test-de-sepang-motogp-resultados-de-la-tercera-jornada\/#primaryimage"},"thumbnailUrl":"https:\/\/bxrepsol.s3.eu-west-1.amazonaws.com\/static\/2023\/02\/27063759\/3s-scaled.jpg","keywords":["2023","Joan Mir","Marc M\u00e1rquez"],"articleSection":["MotoGP"],"inLanguage":"es","potentialAction":[{"@type":"CommentAction","name":"Comment","target":["https:\/\/www.boxrepsol.com\/es\/motogp\/test-de-sepang-motogp-resultados-de-la-tercera-jornada\/#respond"]}]},{"@type":"WebPage","@id":"https:\/\/www.boxrepsol.com\/es\/motogp\/test-de-sepang-motogp-resultados-de-la-tercera-jornada\/","url":"https:\/\/www.boxrepsol.com\/es\/motogp\/test-de-sepang-motogp-resultados-de-la-tercera-jornada\/","name":"Test de Sepang MotoGP: Resultados de la tercera jornada - Box Repsol","isPartOf":{"@id":"https:\/\/www.boxrepsol.com\/es\/#website"},"primaryImageOfPage":{"@id":"https:\/\/www.boxrepsol.com\/es\/motogp\/test-de-sepang-motogp-resultados-de-la-tercera-jornada\/#primaryimage"},"image":{"@id":"https:\/\/www.boxrepsol.com\/es\/motogp\/test-de-sepang-motogp-resultados-de-la-tercera-jornada\/#primaryimage"},"thumbnailUrl":"https:\/\/bxrepsol.s3.eu-west-1.amazonaws.com\/static\/2023\/02\/27063759\/3s-scaled.jpg","datePublished":"2023-02-12T02:00:00+00:00","dateModified":"2024-04-08T10:36:27+00:00","description":"Os explicamos c\u00f3mo han finalizado los test de Sepang en esta tercera y \u00faltima jornada. Las diferencias entre los pilotos han sido m\u00ednimas.","breadcrumb":{"@id":"https:\/\/www.boxrepsol.com\/es\/motogp\/test-de-sepang-motogp-resultados-de-la-tercera-jornada\/#breadcrumb"},"inLanguage":"es","potentialAction":[{"@type":"ReadAction","target":["https:\/\/www.boxrepsol.com\/es\/motogp\/test-de-sepang-motogp-resultados-de-la-tercera-jornada\/"]}]},{"@type":"ImageObject","inLanguage":"es","@id":"https:\/\/www.boxrepsol.com\/es\/motogp\/test-de-sepang-motogp-resultados-de-la-tercera-jornada\/#primaryimage","url":"https:\/\/bxrepsol.s3.eu-west-1.amazonaws.com\/static\/2023\/02\/27063759\/3s-scaled.jpg","contentUrl":"https:\/\/bxrepsol.s3.eu-west-1.amazonaws.com\/static\/2023\/02\/27063759\/3s-scaled.jpg","width":2560,"height":1200},{"@type":"BreadcrumbList","@id":"https:\/\/www.boxrepsol.com\/es\/motogp\/test-de-sepang-motogp-resultados-de-la-tercera-jornada\/#breadcrumb","itemListElement":[{"@type":"ListItem","position":1,"name":"Home","item":"https:\/\/www.boxrepsol.com\/es\/"},{"@type":"ListItem","position":2,"name":"Test de Sepang MotoGP: Resultados de la tercera jornada"}]},{"@type":"WebSite","@id":"https:\/\/www.boxrepsol.com\/es\/#website","url":"https:\/\/www.boxrepsol.com\/es\/","name":"Box Repsol","description":"Box Repsol Site","publisher":{"@id":"https:\/\/www.boxrepsol.com\/es\/#organization"},"potentialAction":[{"@type":"SearchAction","target":{"@type":"EntryPoint","urlTemplate":"https:\/\/www.boxrepsol.com\/es\/?s={search_term_string}"},"query-input":{"@type":"PropertyValueSpecification","valueRequired":true,"valueName":"search_term_string"}}],"inLanguage":"es"},{"@type":"Organization","@id":"https:\/\/www.boxrepsol.com\/es\/#organization","name":"Box Repsol","url":"https:\/\/www.boxrepsol.com\/es\/","logo":{"@type":"ImageObject","inLanguage":"es","@id":"https:\/\/www.boxrepsol.com\/es\/#\/schema\/logo\/image\/","url":"https:\/\/bxrepsol.s3.eu-west-1.amazonaws.com\/static\/2025\/07\/30083337\/favicon-96x96-1.png","contentUrl":"https:\/\/bxrepsol.s3.eu-west-1.amazonaws.com\/static\/2025\/07\/30083337\/favicon-96x96-1.png","width":96,"height":96,"caption":"Box Repsol"},"image":{"@id":"https:\/\/www.boxrepsol.com\/es\/#\/schema\/logo\/image\/"},"sameAs":["https:\/\/www.facebook.com\/BoxRepsol","https:\/\/x.com\/box_repsol","http:\/\/instagram.com\/box_repsol","https:\/\/www.youtube.com\/user\/RepsolCompeticion","https:\/\/www.flickr.com\/photos\/box_repsol\/"]},{"@type":"Person","@id":"https:\/\/www.boxrepsol.com\/es\/#\/schema\/person\/c5c2138f2cca251b0ad92b7086bb60b7","name":"Redacci\u00f3n Box Repsol","image":{"@type":"ImageObject","inLanguage":"es","@id":"https:\/\/secure.gravatar.com\/avatar\/adf7b77e38b4419baf32c7e9c21dde01f4e40df611f0978e3006fc4ba0aaab7e?s=96&d=mm&r=g","url":"https:\/\/secure.gravatar.com\/avatar\/adf7b77e38b4419baf32c7e9c21dde01f4e40df611f0978e3006fc4ba0aaab7e?s=96&d=mm&r=g","contentUrl":"https:\/\/secure.gravatar.com\/avatar\/adf7b77e38b4419baf32c7e9c21dde01f4e40df611f0978e3006fc4ba0aaab7e?s=96&d=mm&r=g","caption":"Redacci\u00f3n Box Repsol"},"description":"Box Repsol lo forma un equipo de periodistas, community managers, dise\u00f1adores y fot\u00f3grafos con m\u00e1s de 20 a\u00f1os de experiencia en el mundo del motorsport. Hemos vivido el primer mundial de un espa\u00f1ol en la categor\u00eda reina de motociclismo con \u00c1lex Crivill\u00e9, estuvimos en las victorias de Pedrosa y los t\u00edtulos de M\u00e1rquez, acompa\u00f1amos en \u00c1frica a Nani Roma y Marc Coma en sus conquistas del Dakar y hemos vibrado con los t\u00edtulos de Toni Bou en Trial. Adem\u00e1s, en nuestro equipo contamos con expertos en el mundo de las dos y cuatro ruedas tanto de la calle y las carreteras, como de los circuitos. Periodistas que han trabajado en revistas y publicaciones para hacerte llegar desde rutas y consejos de mantenimiento, a curiosidades y trucos de pilotaje.","sameAs":["https:\/\/www.facebook.com\/BoxRepsol\/","https:\/\/www.instagram.com\/box_repsol\/","https:\/\/x.com\/https:\/\/twitter.com\/box_repsol","https:\/\/www.youtube.com\/@Boxrepsol"],"url":"https:\/\/www.boxrepsol.com\/es\/author\/redaccion-box-repsol\/"}]}},"_links":{"self":[{"href":"https:\/\/www.boxrepsol.com\/es\/wp-json\/wp\/v2\/posts\/95716","targetHints":{"allow":["GET"]}}],"collection":[{"href":"https:\/\/www.boxrepsol.com\/es\/wp-json\/wp\/v2\/posts"}],"about":[{"href":"https:\/\/www.boxrepsol.com\/es\/wp-json\/wp\/v2\/types\/post"}],"author":[{"embeddable":true,"href":"https:\/\/www.boxrepsol.com\/es\/wp-json\/wp\/v2\/users\/43146"}],"replies":[{"embeddable":true,"href":"https:\/\/www.boxrepsol.com\/es\/wp-json\/wp\/v2\/comments?post=95716"}],"version-history":[{"count":2,"href":"https:\/\/www.boxrepsol.com\/es\/wp-json\/wp\/v2\/posts\/95716\/revisions"}],"predecessor-version":[{"id":105001,"href":"https:\/\/www.boxrepsol.com\/es\/wp-json\/wp\/v2\/posts\/95716\/revisions\/105001"}],"wp:featuredmedia":[{"embeddable":true,"href":"https:\/\/www.boxrepsol.com\/es\/wp-json\/wp\/v2\/media\/95726"}],"wp:attachment":[{"href":"https:\/\/www.boxrepsol.com\/es\/wp-json\/wp\/v2\/media?parent=95716"}],"wp:term":[{"taxonomy":"category","embeddable":true,"href":"https:\/\/www.boxrepsol.com\/es\/wp-json\/wp\/v2\/categories?post=95716"},{"taxonomy":"post_tag","embeddable":true,"href":"https:\/\/www.boxrepsol.com\/es\/wp-json\/wp\/v2\/tags?post=95716"}],"curies":[{"name":"wp","href":"https:\/\/api.w.org\/{rel}","templated":true}]}}