{"id":95666,"date":"2023-02-10T00:00:00","date_gmt":"2023-02-10T02:00:00","guid":{"rendered":"http:\/\/pre.boxrepsol.com\/sin-categorizar\/test-de-sepang-motogp-resultados-de-la-primera-jornada\/"},"modified":"2024-04-08T08:37:09","modified_gmt":"2024-04-08T10:37:09","slug":"test-de-sepang-motogp-resultados-de-la-primera-jornada","status":"publish","type":"post","link":"https:\/\/www.boxrepsol.com\/es\/motogp\/test-de-sepang-motogp-resultados-de-la-primera-jornada\/","title":{"rendered":"Test de Sepang MotoGP: Resultados de la primera jornada"},"content":{"rendered":"<p>El <strong>Circuito Internacional de Sepang,<\/strong> en <strong>Malasia,<\/strong> ha vuelto a ser el escenario de los tests de pretemporada de MotoGP. La primera jornada de entrenamientos de 2023 se ha celebrado bajo buenas condiciones clim\u00e1ticas.<\/p>\n<p>El italiano <strong>Marco Bezzecchi<\/strong> (Ducati) ha sido el piloto m\u00e1s r\u00e1pido del d\u00eda, firmando un registro de 1:58.470. Detr\u00e1s suyo, <strong>Maverick Vi\u00f1ales<\/strong> (Aprilia) ha logrado el segundo mejor tiempo tras un intento de \u00faltima hora al final de la jornada que le ha dejado a 130 mil\u00e9simas, con <strong>Enea Bastianini<\/strong> (Ducati) en tercera posici\u00f3n a apenas dos d\u00e9cimas del mejor tiempo.<\/p>\n<p>Las diferencias han sido m\u00ednimas entre los perseguidores, con Jorge Mart\u00edn, Francesco Bagnaia, Aleix Espargar\u00f3, Johann Zarco, Fabio Di Giannantonio y \u00c1lex M\u00e1rquez separados por tres d\u00e9cimas.<\/p>\n<p>Franco Morbidelli (Yamaha) ha cerrado un Top 10 pr\u00e1cticamente monopolizado por pilotos de Aprilia y Ducati. Su compa\u00f1ero, Fabio Quartararo, le ha seguido de cerca en und\u00e9cima posici\u00f3n.<\/p>\n<h2>Marc M\u00e1rquez completa 58 vueltas y termina 12\u00ba<\/h2>\n<p>El equipo Repsol Honda ha finalizado la jornada con un total de 111 vueltas completadas. <strong>Marc M\u00e1rquez<\/strong> ha parado el crono en 1:59.424 para ser duod\u00e9cimo, mientras que <strong>Joan Mir<\/strong> ha terminado en 17\u00aa posici\u00f3n.<\/p>\n<h3>Clasificaci\u00f3n de la primera jornada del test de Sepang<\/h3>\n<p>1. Marco Bezzecchi (Ducati) \u2013 1:58.470<br \/>\n2. Maverick Vi\u00f1ales (Aprilia) +0.130<br \/>\n3. Enea Bastianini (Ducati) +0.262<br \/>\n4. Jorge Mart\u00edn (Ducati) +0.267<br \/>\n5. Francesco Bagnaia (Ducati) +0.387<br \/>\n6. Aleix Espargar\u00f3 (Aprilia) +0.471<br \/>\n7. Johann Zarco (Ducati) +0.479<br \/>\n8. Fabio Di Giannantonio (Ducati) +0.551<br \/>\n9. \u00c1lex M\u00e1rquez (Ducati) +0.566<br \/>\n10. Franco Morbidelli (Yamaha) +0.648<br \/>\n<strong>12. Marc M\u00e1rquez (Repsol Honda) +0.954<\/strong><br \/>\n<strong>17. Joan Mir (Repsol Honda) +1.362<\/strong><\/p>\n<p><a href=\"https:\/\/bxrepsol.s3.eu-west-1.amazonaws.com\/static\/2023\/02\/27063232\/JRB6730-1-scaled.jpg\" data-index=\"0\"><br \/>\n<img decoding=\"async\" title=\"JRB6730\" src=\"https:\/\/bxrepsol.s3.eu-west-1.amazonaws.com\/static\/2023\/02\/27063232\/JRB6730-1-scaled.jpg\" srcset=\"https:\/\/bxrepsol.s3.eu-west-1.amazonaws.com\/static\/2023\/02\/27063232\/JRB6730-1-scaled.jpg 4563w, https:\/\/bxrepsol.s3.eu-west-1.amazonaws.com\/static\/2023\/02\/27063232\/JRB6730-1-scaled.jpg 1280w, https:\/\/bxrepsol.s3.eu-west-1.amazonaws.com\/static\/2023\/02\/27063232\/JRB6730-1-scaled.jpg 900w, https:\/\/bxrepsol.s3.eu-west-1.amazonaws.com\/static\/2023\/02\/27063232\/JRB6730-1-scaled.jpg 600w, https:\/\/bxrepsol.s3.eu-west-1.amazonaws.com\/static\/2023\/02\/27063232\/JRB6730-1-scaled.jpg 480w, https:\/\/bxrepsol.s3.eu-west-1.amazonaws.com\/static\/2023\/02\/27063232\/JRB6730-1-scaled.jpg 32w\" alt=\"\" data-title=\"\" \/><br \/>\n<\/a><br \/>\n<a href=\"https:\/\/bxrepsol.s3.eu-west-1.amazonaws.com\/static\/2023\/02\/27063253\/A9X7787-1-scaled.jpg\" data-index=\"1\"><br \/>\n<img decoding=\"async\" title=\"A9X7787\" src=\"https:\/\/bxrepsol.s3.eu-west-1.amazonaws.com\/static\/2023\/02\/27063253\/A9X7787-1-scaled.jpg\" srcset=\"https:\/\/bxrepsol.s3.eu-west-1.amazonaws.com\/static\/2023\/02\/27063253\/A9X7787-1-scaled.jpg 6000w, https:\/\/bxrepsol.s3.eu-west-1.amazonaws.com\/static\/2023\/02\/27063253\/A9X7787-1-scaled.jpg 1280w, https:\/\/bxrepsol.s3.eu-west-1.amazonaws.com\/static\/2023\/02\/27063253\/A9X7787-1-scaled.jpg 900w, https:\/\/bxrepsol.s3.eu-west-1.amazonaws.com\/static\/2023\/02\/27063253\/A9X7787-1-scaled.jpg 600w, https:\/\/bxrepsol.s3.eu-west-1.amazonaws.com\/static\/2023\/02\/27063253\/A9X7787-1-scaled.jpg 480w, https:\/\/bxrepsol.s3.eu-west-1.amazonaws.com\/static\/2023\/02\/27063253\/A9X7787-1-scaled.jpg 32w\" alt=\"\" data-title=\"\" \/><br \/>\n<\/a><br \/>\n<a href=\"https:\/\/bxrepsol.s3.eu-west-1.amazonaws.com\/static\/2023\/02\/27063314\/JRB6104-1-scaled.jpg\" data-index=\"2\"><br \/>\n<img decoding=\"async\" title=\"JRB6104\" src=\"https:\/\/bxrepsol.s3.eu-west-1.amazonaws.com\/static\/2023\/02\/27063314\/JRB6104-1-scaled.jpg\" srcset=\"https:\/\/bxrepsol.s3.eu-west-1.amazonaws.com\/static\/2023\/02\/27063314\/JRB6104-1-scaled.jpg 6000w, https:\/\/bxrepsol.s3.eu-west-1.amazonaws.com\/static\/2023\/02\/27063314\/JRB6104-1-scaled.jpg 1280w, https:\/\/bxrepsol.s3.eu-west-1.amazonaws.com\/static\/2023\/02\/27063314\/JRB6104-1-scaled.jpg 900w, https:\/\/bxrepsol.s3.eu-west-1.amazonaws.com\/static\/2023\/02\/27063314\/JRB6104-1-scaled.jpg 600w, https:\/\/bxrepsol.s3.eu-west-1.amazonaws.com\/static\/2023\/02\/27063314\/JRB6104-1-scaled.jpg 480w, https:\/\/bxrepsol.s3.eu-west-1.amazonaws.com\/static\/2023\/02\/27063314\/JRB6104-1-scaled.jpg 32w\" alt=\"\" data-title=\"\" \/><br \/>\n<\/a><br \/>\n<a href=\"https:\/\/bxrepsol.s3.eu-west-1.amazonaws.com\/static\/2023\/02\/27063320\/JRB5781-3-scaled.jpg\" data-index=\"3\"><br \/>\n<img decoding=\"async\" title=\"JRB5781\" src=\"https:\/\/bxrepsol.s3.eu-west-1.amazonaws.com\/static\/2023\/02\/27063320\/JRB5781-3-scaled.jpg\" srcset=\"https:\/\/bxrepsol.s3.eu-west-1.amazonaws.com\/static\/2023\/02\/27063320\/JRB5781-3-scaled.jpg 4178w, https:\/\/bxrepsol.s3.eu-west-1.amazonaws.com\/static\/2023\/02\/27063320\/JRB5781-3-scaled.jpg 1280w, https:\/\/bxrepsol.s3.eu-west-1.amazonaws.com\/static\/2023\/02\/27063320\/JRB5781-3-scaled.jpg 900w, https:\/\/bxrepsol.s3.eu-west-1.amazonaws.com\/static\/2023\/02\/27063320\/JRB5781-3-scaled.jpg 600w, https:\/\/bxrepsol.s3.eu-west-1.amazonaws.com\/static\/2023\/02\/27063320\/JRB5781-3-scaled.jpg 480w, https:\/\/bxrepsol.s3.eu-west-1.amazonaws.com\/static\/2023\/02\/27063320\/JRB5781-3-scaled.jpg 32w\" alt=\"\" data-title=\"\" \/><br \/>\n<\/a><br \/>\n<a href=\"https:\/\/bxrepsol.s3.eu-west-1.amazonaws.com\/static\/2023\/02\/27063338\/A9X8261-1-scaled.jpg\" data-index=\"4\"><br \/>\n<img decoding=\"async\" title=\"A9X8261\" src=\"https:\/\/bxrepsol.s3.eu-west-1.amazonaws.com\/static\/2023\/02\/27063338\/A9X8261-1-scaled.jpg\" srcset=\"https:\/\/bxrepsol.s3.eu-west-1.amazonaws.com\/static\/2023\/02\/27063338\/A9X8261-1-scaled.jpg 5613w, https:\/\/bxrepsol.s3.eu-west-1.amazonaws.com\/static\/2023\/02\/27063338\/A9X8261-1-scaled.jpg 1280w, https:\/\/bxrepsol.s3.eu-west-1.amazonaws.com\/static\/2023\/02\/27063338\/A9X8261-1-scaled.jpg 900w, https:\/\/bxrepsol.s3.eu-west-1.amazonaws.com\/static\/2023\/02\/27063338\/A9X8261-1-scaled.jpg 600w, https:\/\/bxrepsol.s3.eu-west-1.amazonaws.com\/static\/2023\/02\/27063338\/A9X8261-1-scaled.jpg 480w, https:\/\/bxrepsol.s3.eu-west-1.amazonaws.com\/static\/2023\/02\/27063338\/A9X8261-1-scaled.jpg 32w\" alt=\"\" data-title=\"\" \/><br \/>\n<\/a><br \/>\n<button data-glide-dir=\"&lt;\"><\/button><\/p>\n<p>&nbsp;<\/p>\n<p>&nbsp;<\/p>\n<h3>Declaraciones de los pilotos<\/h3>\n<p><a href=\"https:\/\/www.boxrepsol.com\/es\/tag\/marc-marquez\/\" target=\"_blank\" rel=\"noopener\">#MM93<\/a><\/p>\n<p>\u00abHa sido un d\u00eda de mucho trabajo, probando cosas diferentes como se suele hacer en pretemporada. Primero hemos empezado con la moto 2022 para confirmar las sensaciones y luego hemos\u00a0 pasado directamente a las motos nuevas. Hemos probado varias motos y distintas configuraciones, hemos obtenido mucha informaci\u00f3n y datos interesantes que ahora los ingenieros y t\u00e9cnicos tienen que analizar. Veremos cu\u00e1l es la situaci\u00f3n al final de la pretemporada. S\u00f3lo ha sido un d\u00eda, as\u00ed que es muy pronto para entender nada. Ahora mismo estamos probando cosas diferentes y trabajando duro, para eso est\u00e1n los tests\u00bb.<\/p>\n<p><a href=\"https:\/\/www.boxrepsol.com\/es\/tag\/joan-mir\/\" target=\"_blank\" rel=\"noopener\">#JM36<\/a><\/p>\n<p>\u00abSin duda ha sido un d\u00eda exigente, hemos dado muchas vueltas y hemos probado bastantes cosas. No hemos dado un gran paso en comparaci\u00f3n con Valencia, pero algo hemos conseguido. El objetivo es mejorar cada d\u00eda y recortar distancias con los pilotos de cabeza. Todav\u00eda me estoy adaptando a la moto, pero creo que de momento va bien. Hay mucha informaci\u00f3n que procesar en este momento, desde el punto de vista t\u00e9cnico y en lo que respecta a mi pilotaje. Todo se est\u00e1 moviendo y desarrollando por todos los lados, tenemos que estar satisfechos con este primer paso, pero tenemos que seguir adelante\u00bb.<\/p>\n","protected":false},"excerpt":{"rendered":"<p>Marco Bezzecchi lidera en el primer d\u00eda de la pretemporada 2023 de MotoGP, con Marc M\u00e1rquez ocupando la 12\u00aa posici\u00f3n<\/p>\n","protected":false},"author":43146,"featured_media":95678,"comment_status":"open","ping_status":"open","sticky":false,"template":"","format":"standard","meta":{"footnotes":""},"categories":[4],"tags":[269,271,6],"class_list":["post-95666","post","type-post","status-publish","format-standard","hentry","category-motogp","tag-269","tag-joan-mir","tag-marc-marquez"],"yoast_head":"<!-- This site is optimized with the Yoast SEO plugin v27.3 - https:\/\/yoast.com\/product\/yoast-seo-wordpress\/ -->\n<title>Test de Sepang MotoGP: Resultados de la primera jornada - Box Repsol<\/title>\n<meta name=\"description\" content=\"Os contamos c\u00f3mo han arrancado los test de Sepang para los dos pilotos del Equipo Repsol Honda y de qu\u00e9 manera han afrontado una primera jornada exigente.\" \/>\n<link rel=\"canonical\" href=\"https:\/\/www.boxrepsol.com\/es\/motogp\/test-de-sepang-motogp-resultados-de-la-primera-jornada\/\" \/>\n<meta property=\"og:locale\" content=\"es_ES\" \/>\n<meta property=\"og:type\" content=\"article\" \/>\n<meta property=\"og:title\" content=\"Test de Sepang MotoGP: Resultados de la primera jornada - Box Repsol\" \/>\n<meta property=\"og:description\" content=\"Os contamos c\u00f3mo han arrancado los test de Sepang para los dos pilotos del Equipo Repsol Honda y de qu\u00e9 manera han afrontado una primera jornada exigente.\" \/>\n<meta property=\"og:url\" content=\"https:\/\/www.boxrepsol.com\/es\/motogp\/test-de-sepang-motogp-resultados-de-la-primera-jornada\/\" \/>\n<meta property=\"og:site_name\" content=\"Box Repsol\" \/>\n<meta property=\"article:publisher\" content=\"https:\/\/www.facebook.com\/BoxRepsol\" \/>\n<meta property=\"article:author\" content=\"https:\/\/www.facebook.com\/BoxRepsol\/\" \/>\n<meta property=\"article:published_time\" content=\"2023-02-10T02:00:00+00:00\" \/>\n<meta property=\"article:modified_time\" content=\"2024-04-08T10:37:09+00:00\" \/>\n<meta property=\"og:image\" content=\"https:\/\/bxrepsol.s3.eu-west-1.amazonaws.com\/static\/2023\/02\/27063341\/webs-1.jpg\" \/>\n\t<meta property=\"og:image:width\" content=\"1280\" \/>\n\t<meta property=\"og:image:height\" content=\"600\" \/>\n\t<meta property=\"og:image:type\" content=\"image\/jpeg\" \/>\n<meta name=\"author\" content=\"Redacci\u00f3n Box Repsol\" \/>\n<meta name=\"twitter:card\" content=\"summary_large_image\" \/>\n<meta name=\"twitter:creator\" content=\"@https:\/\/twitter.com\/box_repsol\" \/>\n<meta name=\"twitter:site\" content=\"@box_repsol\" \/>\n<meta name=\"twitter:label1\" content=\"Written by\" \/>\n\t<meta name=\"twitter:data1\" content=\"Redacci\u00f3n Box Repsol\" \/>\n\t<meta name=\"twitter:label2\" content=\"Est. reading time\" \/>\n\t<meta name=\"twitter:data2\" content=\"2 minutos\" \/>\n<script type=\"application\/ld+json\" class=\"yoast-schema-graph\">{\"@context\":\"https:\\\/\\\/schema.org\",\"@graph\":[{\"@type\":\"Article\",\"@id\":\"https:\\\/\\\/www.boxrepsol.com\\\/es\\\/motogp\\\/test-de-sepang-motogp-resultados-de-la-primera-jornada\\\/#article\",\"isPartOf\":{\"@id\":\"https:\\\/\\\/www.boxrepsol.com\\\/es\\\/motogp\\\/test-de-sepang-motogp-resultados-de-la-primera-jornada\\\/\"},\"author\":{\"name\":\"Redacci\u00f3n Box Repsol\",\"@id\":\"https:\\\/\\\/www.boxrepsol.com\\\/es\\\/#\\\/schema\\\/person\\\/c5c2138f2cca251b0ad92b7086bb60b7\"},\"headline\":\"Test de Sepang MotoGP: Resultados de la primera jornada\",\"datePublished\":\"2023-02-10T02:00:00+00:00\",\"dateModified\":\"2024-04-08T10:37:09+00:00\",\"mainEntityOfPage\":{\"@id\":\"https:\\\/\\\/www.boxrepsol.com\\\/es\\\/motogp\\\/test-de-sepang-motogp-resultados-de-la-primera-jornada\\\/\"},\"wordCount\":487,\"commentCount\":0,\"publisher\":{\"@id\":\"https:\\\/\\\/www.boxrepsol.com\\\/es\\\/#organization\"},\"image\":{\"@id\":\"https:\\\/\\\/www.boxrepsol.com\\\/es\\\/motogp\\\/test-de-sepang-motogp-resultados-de-la-primera-jornada\\\/#primaryimage\"},\"thumbnailUrl\":\"https:\\\/\\\/bxrepsol.s3.eu-west-1.amazonaws.com\\\/static\\\/2023\\\/02\\\/27063341\\\/webs-1.jpg\",\"keywords\":[\"2023\",\"Joan Mir\",\"Marc M\u00e1rquez\"],\"articleSection\":[\"MotoGP\"],\"inLanguage\":\"es\",\"potentialAction\":[{\"@type\":\"CommentAction\",\"name\":\"Comment\",\"target\":[\"https:\\\/\\\/www.boxrepsol.com\\\/es\\\/motogp\\\/test-de-sepang-motogp-resultados-de-la-primera-jornada\\\/#respond\"]}]},{\"@type\":\"WebPage\",\"@id\":\"https:\\\/\\\/www.boxrepsol.com\\\/es\\\/motogp\\\/test-de-sepang-motogp-resultados-de-la-primera-jornada\\\/\",\"url\":\"https:\\\/\\\/www.boxrepsol.com\\\/es\\\/motogp\\\/test-de-sepang-motogp-resultados-de-la-primera-jornada\\\/\",\"name\":\"Test de Sepang MotoGP: Resultados de la primera jornada - Box Repsol\",\"isPartOf\":{\"@id\":\"https:\\\/\\\/www.boxrepsol.com\\\/es\\\/#website\"},\"primaryImageOfPage\":{\"@id\":\"https:\\\/\\\/www.boxrepsol.com\\\/es\\\/motogp\\\/test-de-sepang-motogp-resultados-de-la-primera-jornada\\\/#primaryimage\"},\"image\":{\"@id\":\"https:\\\/\\\/www.boxrepsol.com\\\/es\\\/motogp\\\/test-de-sepang-motogp-resultados-de-la-primera-jornada\\\/#primaryimage\"},\"thumbnailUrl\":\"https:\\\/\\\/bxrepsol.s3.eu-west-1.amazonaws.com\\\/static\\\/2023\\\/02\\\/27063341\\\/webs-1.jpg\",\"datePublished\":\"2023-02-10T02:00:00+00:00\",\"dateModified\":\"2024-04-08T10:37:09+00:00\",\"description\":\"Os contamos c\u00f3mo han arrancado los test de Sepang para los dos pilotos del Equipo Repsol Honda y de qu\u00e9 manera han afrontado una primera jornada exigente.\",\"breadcrumb\":{\"@id\":\"https:\\\/\\\/www.boxrepsol.com\\\/es\\\/motogp\\\/test-de-sepang-motogp-resultados-de-la-primera-jornada\\\/#breadcrumb\"},\"inLanguage\":\"es\",\"potentialAction\":[{\"@type\":\"ReadAction\",\"target\":[\"https:\\\/\\\/www.boxrepsol.com\\\/es\\\/motogp\\\/test-de-sepang-motogp-resultados-de-la-primera-jornada\\\/\"]}]},{\"@type\":\"ImageObject\",\"inLanguage\":\"es\",\"@id\":\"https:\\\/\\\/www.boxrepsol.com\\\/es\\\/motogp\\\/test-de-sepang-motogp-resultados-de-la-primera-jornada\\\/#primaryimage\",\"url\":\"https:\\\/\\\/bxrepsol.s3.eu-west-1.amazonaws.com\\\/static\\\/2023\\\/02\\\/27063341\\\/webs-1.jpg\",\"contentUrl\":\"https:\\\/\\\/bxrepsol.s3.eu-west-1.amazonaws.com\\\/static\\\/2023\\\/02\\\/27063341\\\/webs-1.jpg\",\"width\":1280,\"height\":600},{\"@type\":\"BreadcrumbList\",\"@id\":\"https:\\\/\\\/www.boxrepsol.com\\\/es\\\/motogp\\\/test-de-sepang-motogp-resultados-de-la-primera-jornada\\\/#breadcrumb\",\"itemListElement\":[{\"@type\":\"ListItem\",\"position\":1,\"name\":\"Home\",\"item\":\"https:\\\/\\\/www.boxrepsol.com\\\/es\\\/\"},{\"@type\":\"ListItem\",\"position\":2,\"name\":\"Test de Sepang MotoGP: Resultados de la primera jornada\"}]},{\"@type\":\"WebSite\",\"@id\":\"https:\\\/\\\/www.boxrepsol.com\\\/es\\\/#website\",\"url\":\"https:\\\/\\\/www.boxrepsol.com\\\/es\\\/\",\"name\":\"Box Repsol\",\"description\":\"Box Repsol Site\",\"publisher\":{\"@id\":\"https:\\\/\\\/www.boxrepsol.com\\\/es\\\/#organization\"},\"potentialAction\":[{\"@type\":\"SearchAction\",\"target\":{\"@type\":\"EntryPoint\",\"urlTemplate\":\"https:\\\/\\\/www.boxrepsol.com\\\/es\\\/?s={search_term_string}\"},\"query-input\":{\"@type\":\"PropertyValueSpecification\",\"valueRequired\":true,\"valueName\":\"search_term_string\"}}],\"inLanguage\":\"es\"},{\"@type\":\"Organization\",\"@id\":\"https:\\\/\\\/www.boxrepsol.com\\\/es\\\/#organization\",\"name\":\"Box Repsol\",\"url\":\"https:\\\/\\\/www.boxrepsol.com\\\/es\\\/\",\"logo\":{\"@type\":\"ImageObject\",\"inLanguage\":\"es\",\"@id\":\"https:\\\/\\\/www.boxrepsol.com\\\/es\\\/#\\\/schema\\\/logo\\\/image\\\/\",\"url\":\"https:\\\/\\\/bxrepsol.s3.eu-west-1.amazonaws.com\\\/static\\\/2025\\\/07\\\/30083337\\\/favicon-96x96-1.png\",\"contentUrl\":\"https:\\\/\\\/bxrepsol.s3.eu-west-1.amazonaws.com\\\/static\\\/2025\\\/07\\\/30083337\\\/favicon-96x96-1.png\",\"width\":96,\"height\":96,\"caption\":\"Box Repsol\"},\"image\":{\"@id\":\"https:\\\/\\\/www.boxrepsol.com\\\/es\\\/#\\\/schema\\\/logo\\\/image\\\/\"},\"sameAs\":[\"https:\\\/\\\/www.facebook.com\\\/BoxRepsol\",\"https:\\\/\\\/x.com\\\/box_repsol\",\"http:\\\/\\\/instagram.com\\\/box_repsol\",\"https:\\\/\\\/www.youtube.com\\\/user\\\/RepsolCompeticion\",\"https:\\\/\\\/www.flickr.com\\\/photos\\\/box_repsol\\\/\"]},{\"@type\":\"Person\",\"@id\":\"https:\\\/\\\/www.boxrepsol.com\\\/es\\\/#\\\/schema\\\/person\\\/c5c2138f2cca251b0ad92b7086bb60b7\",\"name\":\"Redacci\u00f3n Box Repsol\",\"image\":{\"@type\":\"ImageObject\",\"inLanguage\":\"es\",\"@id\":\"https:\\\/\\\/secure.gravatar.com\\\/avatar\\\/adf7b77e38b4419baf32c7e9c21dde01f4e40df611f0978e3006fc4ba0aaab7e?s=96&d=mm&r=g\",\"url\":\"https:\\\/\\\/secure.gravatar.com\\\/avatar\\\/adf7b77e38b4419baf32c7e9c21dde01f4e40df611f0978e3006fc4ba0aaab7e?s=96&d=mm&r=g\",\"contentUrl\":\"https:\\\/\\\/secure.gravatar.com\\\/avatar\\\/adf7b77e38b4419baf32c7e9c21dde01f4e40df611f0978e3006fc4ba0aaab7e?s=96&d=mm&r=g\",\"caption\":\"Redacci\u00f3n Box Repsol\"},\"description\":\"Box Repsol lo forma un equipo de periodistas, community managers, dise\u00f1adores y fot\u00f3grafos con m\u00e1s de 20 a\u00f1os de experiencia en el mundo del motorsport. Hemos vivido el primer mundial de un espa\u00f1ol en la categor\u00eda reina de motociclismo con \u00c1lex Crivill\u00e9, estuvimos en las victorias de Pedrosa y los t\u00edtulos de M\u00e1rquez, acompa\u00f1amos en \u00c1frica a Nani Roma y Marc Coma en sus conquistas del Dakar y hemos vibrado con los t\u00edtulos de Toni Bou en Trial. Adem\u00e1s, en nuestro equipo contamos con expertos en el mundo de las dos y cuatro ruedas tanto de la calle y las carreteras, como de los circuitos. Periodistas que han trabajado en revistas y publicaciones para hacerte llegar desde rutas y consejos de mantenimiento, a curiosidades y trucos de pilotaje.\",\"sameAs\":[\"https:\\\/\\\/www.facebook.com\\\/BoxRepsol\\\/\",\"https:\\\/\\\/www.instagram.com\\\/box_repsol\\\/\",\"https:\\\/\\\/x.com\\\/https:\\\/\\\/twitter.com\\\/box_repsol\",\"https:\\\/\\\/www.youtube.com\\\/@Boxrepsol\"],\"url\":\"https:\\\/\\\/www.boxrepsol.com\\\/es\\\/author\\\/redaccion-box-repsol\\\/\"}]}<\/script>\n<!-- \/ Yoast SEO plugin. -->","yoast_head_json":{"title":"Test de Sepang MotoGP: Resultados de la primera jornada - Box Repsol","description":"Os contamos c\u00f3mo han arrancado los test de Sepang para los dos pilotos del Equipo Repsol Honda y de qu\u00e9 manera han afrontado una primera jornada exigente.","canonical":"https:\/\/www.boxrepsol.com\/es\/motogp\/test-de-sepang-motogp-resultados-de-la-primera-jornada\/","og_locale":"es_ES","og_type":"article","og_title":"Test de Sepang MotoGP: Resultados de la primera jornada - Box Repsol","og_description":"Os contamos c\u00f3mo han arrancado los test de Sepang para los dos pilotos del Equipo Repsol Honda y de qu\u00e9 manera han afrontado una primera jornada exigente.","og_url":"https:\/\/www.boxrepsol.com\/es\/motogp\/test-de-sepang-motogp-resultados-de-la-primera-jornada\/","og_site_name":"Box Repsol","article_publisher":"https:\/\/www.facebook.com\/BoxRepsol","article_author":"https:\/\/www.facebook.com\/BoxRepsol\/","article_published_time":"2023-02-10T02:00:00+00:00","article_modified_time":"2024-04-08T10:37:09+00:00","og_image":[{"width":1280,"height":600,"url":"https:\/\/bxrepsol.s3.eu-west-1.amazonaws.com\/static\/2023\/02\/27063341\/webs-1.jpg","type":"image\/jpeg"}],"author":"Redacci\u00f3n Box Repsol","twitter_card":"summary_large_image","twitter_creator":"@https:\/\/twitter.com\/box_repsol","twitter_site":"@box_repsol","twitter_misc":{"Written by":"Redacci\u00f3n Box Repsol","Est. reading time":"2 minutos"},"schema":{"@context":"https:\/\/schema.org","@graph":[{"@type":"Article","@id":"https:\/\/www.boxrepsol.com\/es\/motogp\/test-de-sepang-motogp-resultados-de-la-primera-jornada\/#article","isPartOf":{"@id":"https:\/\/www.boxrepsol.com\/es\/motogp\/test-de-sepang-motogp-resultados-de-la-primera-jornada\/"},"author":{"name":"Redacci\u00f3n Box Repsol","@id":"https:\/\/www.boxrepsol.com\/es\/#\/schema\/person\/c5c2138f2cca251b0ad92b7086bb60b7"},"headline":"Test de Sepang MotoGP: Resultados de la primera jornada","datePublished":"2023-02-10T02:00:00+00:00","dateModified":"2024-04-08T10:37:09+00:00","mainEntityOfPage":{"@id":"https:\/\/www.boxrepsol.com\/es\/motogp\/test-de-sepang-motogp-resultados-de-la-primera-jornada\/"},"wordCount":487,"commentCount":0,"publisher":{"@id":"https:\/\/www.boxrepsol.com\/es\/#organization"},"image":{"@id":"https:\/\/www.boxrepsol.com\/es\/motogp\/test-de-sepang-motogp-resultados-de-la-primera-jornada\/#primaryimage"},"thumbnailUrl":"https:\/\/bxrepsol.s3.eu-west-1.amazonaws.com\/static\/2023\/02\/27063341\/webs-1.jpg","keywords":["2023","Joan Mir","Marc M\u00e1rquez"],"articleSection":["MotoGP"],"inLanguage":"es","potentialAction":[{"@type":"CommentAction","name":"Comment","target":["https:\/\/www.boxrepsol.com\/es\/motogp\/test-de-sepang-motogp-resultados-de-la-primera-jornada\/#respond"]}]},{"@type":"WebPage","@id":"https:\/\/www.boxrepsol.com\/es\/motogp\/test-de-sepang-motogp-resultados-de-la-primera-jornada\/","url":"https:\/\/www.boxrepsol.com\/es\/motogp\/test-de-sepang-motogp-resultados-de-la-primera-jornada\/","name":"Test de Sepang MotoGP: Resultados de la primera jornada - Box Repsol","isPartOf":{"@id":"https:\/\/www.boxrepsol.com\/es\/#website"},"primaryImageOfPage":{"@id":"https:\/\/www.boxrepsol.com\/es\/motogp\/test-de-sepang-motogp-resultados-de-la-primera-jornada\/#primaryimage"},"image":{"@id":"https:\/\/www.boxrepsol.com\/es\/motogp\/test-de-sepang-motogp-resultados-de-la-primera-jornada\/#primaryimage"},"thumbnailUrl":"https:\/\/bxrepsol.s3.eu-west-1.amazonaws.com\/static\/2023\/02\/27063341\/webs-1.jpg","datePublished":"2023-02-10T02:00:00+00:00","dateModified":"2024-04-08T10:37:09+00:00","description":"Os contamos c\u00f3mo han arrancado los test de Sepang para los dos pilotos del Equipo Repsol Honda y de qu\u00e9 manera han afrontado una primera jornada exigente.","breadcrumb":{"@id":"https:\/\/www.boxrepsol.com\/es\/motogp\/test-de-sepang-motogp-resultados-de-la-primera-jornada\/#breadcrumb"},"inLanguage":"es","potentialAction":[{"@type":"ReadAction","target":["https:\/\/www.boxrepsol.com\/es\/motogp\/test-de-sepang-motogp-resultados-de-la-primera-jornada\/"]}]},{"@type":"ImageObject","inLanguage":"es","@id":"https:\/\/www.boxrepsol.com\/es\/motogp\/test-de-sepang-motogp-resultados-de-la-primera-jornada\/#primaryimage","url":"https:\/\/bxrepsol.s3.eu-west-1.amazonaws.com\/static\/2023\/02\/27063341\/webs-1.jpg","contentUrl":"https:\/\/bxrepsol.s3.eu-west-1.amazonaws.com\/static\/2023\/02\/27063341\/webs-1.jpg","width":1280,"height":600},{"@type":"BreadcrumbList","@id":"https:\/\/www.boxrepsol.com\/es\/motogp\/test-de-sepang-motogp-resultados-de-la-primera-jornada\/#breadcrumb","itemListElement":[{"@type":"ListItem","position":1,"name":"Home","item":"https:\/\/www.boxrepsol.com\/es\/"},{"@type":"ListItem","position":2,"name":"Test de Sepang MotoGP: Resultados de la primera jornada"}]},{"@type":"WebSite","@id":"https:\/\/www.boxrepsol.com\/es\/#website","url":"https:\/\/www.boxrepsol.com\/es\/","name":"Box Repsol","description":"Box Repsol Site","publisher":{"@id":"https:\/\/www.boxrepsol.com\/es\/#organization"},"potentialAction":[{"@type":"SearchAction","target":{"@type":"EntryPoint","urlTemplate":"https:\/\/www.boxrepsol.com\/es\/?s={search_term_string}"},"query-input":{"@type":"PropertyValueSpecification","valueRequired":true,"valueName":"search_term_string"}}],"inLanguage":"es"},{"@type":"Organization","@id":"https:\/\/www.boxrepsol.com\/es\/#organization","name":"Box Repsol","url":"https:\/\/www.boxrepsol.com\/es\/","logo":{"@type":"ImageObject","inLanguage":"es","@id":"https:\/\/www.boxrepsol.com\/es\/#\/schema\/logo\/image\/","url":"https:\/\/bxrepsol.s3.eu-west-1.amazonaws.com\/static\/2025\/07\/30083337\/favicon-96x96-1.png","contentUrl":"https:\/\/bxrepsol.s3.eu-west-1.amazonaws.com\/static\/2025\/07\/30083337\/favicon-96x96-1.png","width":96,"height":96,"caption":"Box Repsol"},"image":{"@id":"https:\/\/www.boxrepsol.com\/es\/#\/schema\/logo\/image\/"},"sameAs":["https:\/\/www.facebook.com\/BoxRepsol","https:\/\/x.com\/box_repsol","http:\/\/instagram.com\/box_repsol","https:\/\/www.youtube.com\/user\/RepsolCompeticion","https:\/\/www.flickr.com\/photos\/box_repsol\/"]},{"@type":"Person","@id":"https:\/\/www.boxrepsol.com\/es\/#\/schema\/person\/c5c2138f2cca251b0ad92b7086bb60b7","name":"Redacci\u00f3n Box Repsol","image":{"@type":"ImageObject","inLanguage":"es","@id":"https:\/\/secure.gravatar.com\/avatar\/adf7b77e38b4419baf32c7e9c21dde01f4e40df611f0978e3006fc4ba0aaab7e?s=96&d=mm&r=g","url":"https:\/\/secure.gravatar.com\/avatar\/adf7b77e38b4419baf32c7e9c21dde01f4e40df611f0978e3006fc4ba0aaab7e?s=96&d=mm&r=g","contentUrl":"https:\/\/secure.gravatar.com\/avatar\/adf7b77e38b4419baf32c7e9c21dde01f4e40df611f0978e3006fc4ba0aaab7e?s=96&d=mm&r=g","caption":"Redacci\u00f3n Box Repsol"},"description":"Box Repsol lo forma un equipo de periodistas, community managers, dise\u00f1adores y fot\u00f3grafos con m\u00e1s de 20 a\u00f1os de experiencia en el mundo del motorsport. Hemos vivido el primer mundial de un espa\u00f1ol en la categor\u00eda reina de motociclismo con \u00c1lex Crivill\u00e9, estuvimos en las victorias de Pedrosa y los t\u00edtulos de M\u00e1rquez, acompa\u00f1amos en \u00c1frica a Nani Roma y Marc Coma en sus conquistas del Dakar y hemos vibrado con los t\u00edtulos de Toni Bou en Trial. Adem\u00e1s, en nuestro equipo contamos con expertos en el mundo de las dos y cuatro ruedas tanto de la calle y las carreteras, como de los circuitos. Periodistas que han trabajado en revistas y publicaciones para hacerte llegar desde rutas y consejos de mantenimiento, a curiosidades y trucos de pilotaje.","sameAs":["https:\/\/www.facebook.com\/BoxRepsol\/","https:\/\/www.instagram.com\/box_repsol\/","https:\/\/x.com\/https:\/\/twitter.com\/box_repsol","https:\/\/www.youtube.com\/@Boxrepsol"],"url":"https:\/\/www.boxrepsol.com\/es\/author\/redaccion-box-repsol\/"}]}},"_links":{"self":[{"href":"https:\/\/www.boxrepsol.com\/es\/wp-json\/wp\/v2\/posts\/95666","targetHints":{"allow":["GET"]}}],"collection":[{"href":"https:\/\/www.boxrepsol.com\/es\/wp-json\/wp\/v2\/posts"}],"about":[{"href":"https:\/\/www.boxrepsol.com\/es\/wp-json\/wp\/v2\/types\/post"}],"author":[{"embeddable":true,"href":"https:\/\/www.boxrepsol.com\/es\/wp-json\/wp\/v2\/users\/43146"}],"replies":[{"embeddable":true,"href":"https:\/\/www.boxrepsol.com\/es\/wp-json\/wp\/v2\/comments?post=95666"}],"version-history":[{"count":1,"href":"https:\/\/www.boxrepsol.com\/es\/wp-json\/wp\/v2\/posts\/95666\/revisions"}],"predecessor-version":[{"id":95677,"href":"https:\/\/www.boxrepsol.com\/es\/wp-json\/wp\/v2\/posts\/95666\/revisions\/95677"}],"wp:featuredmedia":[{"embeddable":true,"href":"https:\/\/www.boxrepsol.com\/es\/wp-json\/wp\/v2\/media\/95678"}],"wp:attachment":[{"href":"https:\/\/www.boxrepsol.com\/es\/wp-json\/wp\/v2\/media?parent=95666"}],"wp:term":[{"taxonomy":"category","embeddable":true,"href":"https:\/\/www.boxrepsol.com\/es\/wp-json\/wp\/v2\/categories?post=95666"},{"taxonomy":"post_tag","embeddable":true,"href":"https:\/\/www.boxrepsol.com\/es\/wp-json\/wp\/v2\/tags?post=95666"}],"curies":[{"name":"wp","href":"https:\/\/api.w.org\/{rel}","templated":true}]}}