{"id":95662,"date":"2023-02-01T00:00:00","date_gmt":"2023-02-01T02:00:00","guid":{"rendered":"http:\/\/pre.boxrepsol.com\/sin-categorizar\/los-pilotos-del-repsol-honda-trial-team-listos-para-la-cita-inaugural-de-la-temporada-de-x-trial-en-barcelona\/"},"modified":"2024-04-08T08:37:56","modified_gmt":"2024-04-08T10:37:56","slug":"los-pilotos-del-repsol-honda-trial-team-listos-para-la-cita-inaugural-de-la-temporada-de-x-trial-en-barcelona","status":"publish","type":"post","link":"https:\/\/www.boxrepsol.com\/es\/trial\/los-pilotos-del-repsol-honda-trial-team-listos-para-la-cita-inaugural-de-la-temporada-de-x-trial-en-barcelona\/","title":{"rendered":"Los pilotos del Repsol Honda Trial Team, listos para la cita inaugural de la temporada de X-Trial en Barcelona"},"content":{"rendered":"<p>El Campeonato del Mundo de <strong>X-Trial 2023<\/strong> da el pistoletazo de salida el pr\u00f3ximo 5 de febrero en Espa\u00f1a. La ciudad de Barcelona ser\u00e1 la encargada de inaugurar por tercera vez en la historia de esta competici\u00f3n una nueva temporada del Mundial Indoor en el que el <strong>Repsol Honda Trial Team<\/strong> buscar\u00e1 luchar por un nuevo t\u00edtulo para sus pilotos. La prueba espa\u00f1ola es una de las citas imprescindibles en el calendario para los amantes de este deporte.<\/p>\n<p>El vigente Campe\u00f3n del Mundo, <strong>Toni Bou,<\/strong> que cuenta con un palmar\u00e9s de 32 t\u00edtulos mundiales, 16 en Trial GP y 16 en X-Trial, buscar\u00e1 mantener su dominio esta nueva temporada. El piloto de Piera cuenta con 15 victorias en el Indoor de Barcelona -la \u00faltima la pasada temporada- y su objetivo pasa por sumar un nuevo triunfo.<\/p>\n<p>Su compa\u00f1ero de equipo, <strong>Gabriel Marcelli,<\/strong> disputar\u00e1 la segunda temporada con el Repsol Honda Trial Team. El piloto gallego, que se adjudic\u00f3 el t\u00edtulo de Trial2 en 2019, es una de las j\u00f3venes promesas de este deporte y en 2023 tiene como objetivo terminar el a\u00f1o en la parte alta de la clasificaci\u00f3n.<\/p>\n<p>En 2023 habr\u00e1 cambios en el reglamento del X-Trial que podremos ver en la cita inaugural de la temporada en Barcelona. En la primera ronda los nueve pilotos participantes tendr\u00e1n que completar 5 zonas en 5 minutos; en la segunda vuelta continuar\u00e1n los nueve pilotos y en esta ocasi\u00f3n tendr\u00e1n que realizar 5 zonas en 4 minutos. Finalmente se sumar\u00e1 la puntuaci\u00f3n de ambas rondas y los tres mejores pilotos pasar\u00e1n a disputar la final con 6 zonas de acci\u00f3n.<\/p>\n<p>El calendario del Campeonato del Mundo de X-Trial 2023 contar\u00e1 con 8 citas. Tras Barcelona los pilotos se volver\u00e1n a enfrentar en Wiener Neustadt (Austria), Pamplona, Bordeaux (Francia), Andorra la Vella, Madrid y la \u00faltima cita del a\u00f1o se disputar\u00e1 en \u00cele de la R\u00e9union (Francia). La prueba del 11 de noviembre est\u00e1 pendiente de confirmaci\u00f3n.<\/p>\n<p><a href=\"https:\/\/bxrepsol.s3.eu-west-1.amazonaws.com\/static\/2023\/02\/06090338\/62530935300848-02159742-scaled.jpg\" data-index=\"0\"><br \/>\n<img decoding=\"async\" src=\"https:\/\/bxrepsol.s3.eu-west-1.amazonaws.com\/static\/2023\/02\/06090338\/62530935300848-02159742-scaled.jpg\" srcset=\"https:\/\/bxrepsol.s3.eu-west-1.amazonaws.com\/static\/2023\/02\/06090338\/62530935300848-02159742-scaled.jpg 5000w, https:\/\/bxrepsol.s3.eu-west-1.amazonaws.com\/static\/2023\/02\/06090338\/62530935300848-02159742-scaled.jpg 1280w, https:\/\/bxrepsol.s3.eu-west-1.amazonaws.com\/static\/2023\/02\/06090338\/62530935300848-02159742-scaled.jpg 900w, https:\/\/bxrepsol.s3.eu-west-1.amazonaws.com\/static\/2023\/02\/06090338\/62530935300848-02159742-scaled.jpg 600w, https:\/\/bxrepsol.s3.eu-west-1.amazonaws.com\/static\/2023\/02\/06090338\/62530935300848-02159742-scaled.jpg 480w, https:\/\/bxrepsol.s3.eu-west-1.amazonaws.com\/static\/2023\/02\/06090338\/62530935300848-02159742-scaled.jpg 32w\" title=\"62530935300848-02159742\" alt=\"\" data-title=\"\"><br \/>\n<\/a><br \/>\n<a href=\"https:\/\/bxrepsol.s3.eu-west-1.amazonaws.com\/static\/2023\/02\/06090344\/625309259cfde4-02302113-scaled.jpg\" data-index=\"1\"><br \/>\n<img decoding=\"async\" src=\"https:\/\/bxrepsol.s3.eu-west-1.amazonaws.com\/static\/2023\/02\/06090344\/625309259cfde4-02302113-scaled.jpg\" srcset=\"https:\/\/bxrepsol.s3.eu-west-1.amazonaws.com\/static\/2023\/02\/06090344\/625309259cfde4-02302113-scaled.jpg 5000w, https:\/\/bxrepsol.s3.eu-west-1.amazonaws.com\/static\/2023\/02\/06090344\/625309259cfde4-02302113-scaled.jpg 1280w, https:\/\/bxrepsol.s3.eu-west-1.amazonaws.com\/static\/2023\/02\/06090344\/625309259cfde4-02302113-scaled.jpg 900w, https:\/\/bxrepsol.s3.eu-west-1.amazonaws.com\/static\/2023\/02\/06090344\/625309259cfde4-02302113-scaled.jpg 600w, https:\/\/bxrepsol.s3.eu-west-1.amazonaws.com\/static\/2023\/02\/06090344\/625309259cfde4-02302113-scaled.jpg 480w, https:\/\/bxrepsol.s3.eu-west-1.amazonaws.com\/static\/2023\/02\/06090344\/625309259cfde4-02302113-scaled.jpg 32w\" title=\"625309259cfde4-02302113\" alt=\"\" data-title=\"\"><br \/>\n<\/a><br \/>\n<a href=\"https:\/\/bxrepsol.s3.eu-west-1.amazonaws.com\/static\/2023\/02\/06090350\/6253093eb30006-68946192-scaled.jpg\" data-index=\"2\"><br \/>\n<img decoding=\"async\" src=\"https:\/\/bxrepsol.s3.eu-west-1.amazonaws.com\/static\/2023\/02\/06090350\/6253093eb30006-68946192-scaled.jpg\" srcset=\"https:\/\/bxrepsol.s3.eu-west-1.amazonaws.com\/static\/2023\/02\/06090350\/6253093eb30006-68946192-scaled.jpg 5000w, https:\/\/bxrepsol.s3.eu-west-1.amazonaws.com\/static\/2023\/02\/06090350\/6253093eb30006-68946192-scaled.jpg 1280w, https:\/\/bxrepsol.s3.eu-west-1.amazonaws.com\/static\/2023\/02\/06090350\/6253093eb30006-68946192-scaled.jpg 900w, https:\/\/bxrepsol.s3.eu-west-1.amazonaws.com\/static\/2023\/02\/06090350\/6253093eb30006-68946192-scaled.jpg 600w, https:\/\/bxrepsol.s3.eu-west-1.amazonaws.com\/static\/2023\/02\/06090350\/6253093eb30006-68946192-scaled.jpg 480w, https:\/\/bxrepsol.s3.eu-west-1.amazonaws.com\/static\/2023\/02\/06090350\/6253093eb30006-68946192-scaled.jpg 32w\" title=\"6253093eb30006-68946192\" alt=\"\" data-title=\"\"><br \/>\n<\/a><br \/>\n<a href=\"https:\/\/bxrepsol.s3.eu-west-1.amazonaws.com\/static\/2023\/02\/06090355\/6253090deae5c7-30073737-scaled.jpg\" data-index=\"3\"><br \/>\n<img decoding=\"async\" src=\"https:\/\/bxrepsol.s3.eu-west-1.amazonaws.com\/static\/2023\/02\/06090355\/6253090deae5c7-30073737-scaled.jpg\" srcset=\"https:\/\/bxrepsol.s3.eu-west-1.amazonaws.com\/static\/2023\/02\/06090355\/6253090deae5c7-30073737-scaled.jpg 5000w, https:\/\/bxrepsol.s3.eu-west-1.amazonaws.com\/static\/2023\/02\/06090355\/6253090deae5c7-30073737-scaled.jpg 1280w, https:\/\/bxrepsol.s3.eu-west-1.amazonaws.com\/static\/2023\/02\/06090355\/6253090deae5c7-30073737-scaled.jpg 900w, https:\/\/bxrepsol.s3.eu-west-1.amazonaws.com\/static\/2023\/02\/06090355\/6253090deae5c7-30073737-scaled.jpg 600w, https:\/\/bxrepsol.s3.eu-west-1.amazonaws.com\/static\/2023\/02\/06090355\/6253090deae5c7-30073737-scaled.jpg 480w, https:\/\/bxrepsol.s3.eu-west-1.amazonaws.com\/static\/2023\/02\/06090355\/6253090deae5c7-30073737-scaled.jpg 32w\" title=\"6253090deae5c7-30073737\" alt=\"\" data-title=\"\"><br \/>\n<\/a><br \/>\n<a href=\"https:\/\/bxrepsol.s3.eu-west-1.amazonaws.com\/static\/2023\/02\/06090402\/62532c3edace97-21458253-scaled.jpg\" data-index=\"4\"><br \/>\n<img decoding=\"async\" src=\"https:\/\/bxrepsol.s3.eu-west-1.amazonaws.com\/static\/2023\/02\/06090402\/62532c3edace97-21458253-scaled.jpg\" srcset=\"https:\/\/bxrepsol.s3.eu-west-1.amazonaws.com\/static\/2023\/02\/06090402\/62532c3edace97-21458253-scaled.jpg 5000w, https:\/\/bxrepsol.s3.eu-west-1.amazonaws.com\/static\/2023\/02\/06090402\/62532c3edace97-21458253-scaled.jpg 1280w, https:\/\/bxrepsol.s3.eu-west-1.amazonaws.com\/static\/2023\/02\/06090402\/62532c3edace97-21458253-scaled.jpg 900w, https:\/\/bxrepsol.s3.eu-west-1.amazonaws.com\/static\/2023\/02\/06090402\/62532c3edace97-21458253-scaled.jpg 600w, https:\/\/bxrepsol.s3.eu-west-1.amazonaws.com\/static\/2023\/02\/06090402\/62532c3edace97-21458253-scaled.jpg 480w, https:\/\/bxrepsol.s3.eu-west-1.amazonaws.com\/static\/2023\/02\/06090402\/62532c3edace97-21458253-scaled.jpg 32w\" title=\"62532c3edace97-21458253\" alt=\"\" data-title=\"\"><br \/>\n<\/a><br \/>\n<button data-glide-dir=\"<\"><br \/>\n<svg role=\"img\" viewBox=\"0 0 256 512\">\n                <path fill=\"currentColor\" d=\"M238.475 475.535l7.071-7.07c4.686-4.686 4.686-12.284 0-16.971L50.053 256 245.546 60.506c4.686-4.686 4.686-12.284 0-16.971l-7.071-7.07c-4.686-4.686-12.284-4.686-16.97 0L10.454 247.515c-4.686 4.686-4.686 12.284 0 16.971l211.051 211.05c4.686 4.686 12.284 4.686 16.97-.001z\"><\/path>\n            <\/svg><br \/>\n<\/button><br \/>\n<button data-glide-dir=\">\u00ab><br \/>\n<svg role=\"img\" viewBox=\"0 0 256 512\">\n                <path fill=\"currentColor\" d=\"M17.525 36.465l-7.071 7.07c-4.686 4.686-4.686 12.284 0 16.971L205.947 256 10.454 451.494c-4.686 4.686-4.686 12.284 0 16.971l7.071 7.07c4.686 4.686 12.284 4.686 16.97 0l211.051-211.05c4.686-4.686 4.686-12.284 0-16.971L34.495 36.465c-4.686-4.687-12.284-4.687-16.97 0z\"><\/path>\n            <\/svg><br \/>\n<\/button><\/p>\n<p><strong>Declaraciones de los pilotos<\/strong><\/p>\n<p><strong>Toni Bou<\/strong><\/p>\n<p>\u00ab<em>La primera carrera de la temporada la afrontamos con muchas ganas. Barcelona es siempre especial y comenzar el Campeonato de X-Trial en casa es una motivaci\u00f3n extra, as\u00ed que buscaremos conseguir el mejor resultado. El objetivo de este a\u00f1o es el mismo que en los \u00faltimos, conseguir el t\u00edtulo en ambos campeonatos. Tenemos ganas, motivaci\u00f3n y hemos hecho una buena pretemporada. Estoy contento con la moto y con el trabajo del equipo<\/em>\u00ab.<\/p>\n<p><strong>Gabriel Marcelli<\/strong><\/p>\n<p>\u00ab<em>Estoy muy motivado, con much\u00edsimas ganas de comenzar la temporada. Vengo de una ca\u00edda reciente en Toulouse, pero he estado trabajando para estar al 100% este fin de semana. Hemos hecho una muy buena pretemporada con dos podios y he tenido muy buenas sensaciones con la moto. El objetivo en Barcelona ser\u00e1 compartir podio con Toni y terminar el a\u00f1o dentro del top 3 en ambos campeonatos. Ahora conozco mejor la moto, he aprendido a gestionar los nervios y la presi\u00f3n, as\u00ed que va a ser una buena temporada para m\u00ed<\/em>\u00ab.<\/p>\n<p><strong>Takahisa Fujinami &#8211; Team Manager<\/strong><\/p>\n<p><em>\u00abLos meses previos a comenzar el campeonato hemos estado entrenado mucho y poniendo a punto la moto. Hemos tenido dos sustos con la ca\u00edda primero de Toni y despu\u00e9s de Gabri, pero ambos est\u00e1n preparados para comenzar la temporada. Nuestro objetivo este a\u00f1o es conseguir el t\u00edtulo. Como Team Manager he aprendido cosas del a\u00f1o pasado y el objetivo es luchar por ambos t\u00edtulos.<\/em>\u00ab<\/p>\n","protected":false},"excerpt":{"rendered":"<p>Toni Bou y Gabriel Marcelli afrontar\u00e1n la primera cita de la temporada el pr\u00f3ximo 5 de febrero en el Palau Sant Jordi. El piloto de Piera intentar\u00e1 revalidar el t\u00edtulo y su compa\u00f1ero, optar a subir al podio en esta cita.<\/p>\n","protected":false},"author":43146,"featured_media":85209,"comment_status":"open","ping_status":"open","sticky":false,"template":"","format":"standard","meta":{"footnotes":""},"categories":[23],"tags":[269,203,130,21],"class_list":["post-95662","post","type-post","status-publish","format-standard","hentry","category-trial","tag-269","tag-gabri-marcelli","tag-otros-eventos-y-competiciones","tag-toni-bou"],"yoast_head":"<!-- This site is optimized with the Yoast SEO plugin v27.3 - https:\/\/yoast.com\/product\/yoast-seo-wordpress\/ -->\n<title>Los pilotos del Repsol Honda Trial Team, listos para la cita inaugural de la temporada de X-Trial en Barcelona - Box Repsol<\/title>\n<meta name=\"description\" content=\"Los pilotos del Repsol Honda Trial Team est\u00e1n listos para la cita inaugural de la temporada de X-Trial en Barcelona.\" \/>\n<link rel=\"canonical\" href=\"https:\/\/www.boxrepsol.com\/es\/trial\/los-pilotos-del-repsol-honda-trial-team-listos-para-la-cita-inaugural-de-la-temporada-de-x-trial-en-barcelona\/\" \/>\n<meta property=\"og:locale\" content=\"es_ES\" \/>\n<meta property=\"og:type\" content=\"article\" \/>\n<meta property=\"og:title\" content=\"Los pilotos del Repsol Honda Trial Team, listos para la cita inaugural de la temporada de X-Trial en Barcelona - Box Repsol\" \/>\n<meta property=\"og:description\" content=\"Los pilotos del Repsol Honda Trial Team est\u00e1n listos para la cita inaugural de la temporada de X-Trial en Barcelona.\" \/>\n<meta property=\"og:url\" content=\"https:\/\/www.boxrepsol.com\/es\/trial\/los-pilotos-del-repsol-honda-trial-team-listos-para-la-cita-inaugural-de-la-temporada-de-x-trial-en-barcelona\/\" \/>\n<meta property=\"og:site_name\" content=\"Box Repsol\" \/>\n<meta property=\"article:publisher\" content=\"https:\/\/www.facebook.com\/BoxRepsol\" \/>\n<meta property=\"article:author\" content=\"https:\/\/www.facebook.com\/BoxRepsol\/\" \/>\n<meta property=\"article:published_time\" content=\"2023-02-01T02:00:00+00:00\" \/>\n<meta property=\"article:modified_time\" content=\"2024-04-08T10:37:56+00:00\" \/>\n<meta property=\"og:image\" content=\"https:\/\/bxrepsol.s3.eu-west-1.amazonaws.com\/static\/2023\/02\/06090405\/wev.jpg\" \/>\n\t<meta property=\"og:image:width\" content=\"1280\" \/>\n\t<meta property=\"og:image:height\" content=\"600\" \/>\n\t<meta property=\"og:image:type\" content=\"image\/jpeg\" \/>\n<meta name=\"author\" content=\"Redacci\u00f3n Box Repsol\" \/>\n<meta name=\"twitter:card\" content=\"summary_large_image\" \/>\n<meta name=\"twitter:creator\" content=\"@https:\/\/twitter.com\/box_repsol\" \/>\n<meta name=\"twitter:site\" content=\"@box_repsol\" \/>\n<meta name=\"twitter:label1\" content=\"Written by\" \/>\n\t<meta name=\"twitter:data1\" content=\"Redacci\u00f3n Box Repsol\" \/>\n\t<meta name=\"twitter:label2\" content=\"Est. reading time\" \/>\n\t<meta name=\"twitter:data2\" content=\"3 minutos\" \/>\n<script type=\"application\/ld+json\" class=\"yoast-schema-graph\">{\"@context\":\"https:\\\/\\\/schema.org\",\"@graph\":[{\"@type\":\"Article\",\"@id\":\"https:\\\/\\\/www.boxrepsol.com\\\/es\\\/trial\\\/los-pilotos-del-repsol-honda-trial-team-listos-para-la-cita-inaugural-de-la-temporada-de-x-trial-en-barcelona\\\/#article\",\"isPartOf\":{\"@id\":\"https:\\\/\\\/www.boxrepsol.com\\\/es\\\/trial\\\/los-pilotos-del-repsol-honda-trial-team-listos-para-la-cita-inaugural-de-la-temporada-de-x-trial-en-barcelona\\\/\"},\"author\":{\"name\":\"Redacci\u00f3n Box Repsol\",\"@id\":\"https:\\\/\\\/www.boxrepsol.com\\\/es\\\/#\\\/schema\\\/person\\\/c5c2138f2cca251b0ad92b7086bb60b7\"},\"headline\":\"Los pilotos del Repsol Honda Trial Team, listos para la cita inaugural de la temporada de X-Trial en Barcelona\",\"datePublished\":\"2023-02-01T02:00:00+00:00\",\"dateModified\":\"2024-04-08T10:37:56+00:00\",\"mainEntityOfPage\":{\"@id\":\"https:\\\/\\\/www.boxrepsol.com\\\/es\\\/trial\\\/los-pilotos-del-repsol-honda-trial-team-listos-para-la-cita-inaugural-de-la-temporada-de-x-trial-en-barcelona\\\/\"},\"wordCount\":604,\"commentCount\":0,\"publisher\":{\"@id\":\"https:\\\/\\\/www.boxrepsol.com\\\/es\\\/#organization\"},\"image\":{\"@id\":\"https:\\\/\\\/www.boxrepsol.com\\\/es\\\/trial\\\/los-pilotos-del-repsol-honda-trial-team-listos-para-la-cita-inaugural-de-la-temporada-de-x-trial-en-barcelona\\\/#primaryimage\"},\"thumbnailUrl\":\"https:\\\/\\\/bxrepsol.s3.eu-west-1.amazonaws.com\\\/static\\\/2023\\\/02\\\/06090405\\\/wev.jpg\",\"keywords\":[\"2023\",\"Gabri Marcelli\",\"otros eventos y competiciones\",\"Toni Bou\"],\"articleSection\":[\"Trial\"],\"inLanguage\":\"es\",\"potentialAction\":[{\"@type\":\"CommentAction\",\"name\":\"Comment\",\"target\":[\"https:\\\/\\\/www.boxrepsol.com\\\/es\\\/trial\\\/los-pilotos-del-repsol-honda-trial-team-listos-para-la-cita-inaugural-de-la-temporada-de-x-trial-en-barcelona\\\/#respond\"]}]},{\"@type\":\"WebPage\",\"@id\":\"https:\\\/\\\/www.boxrepsol.com\\\/es\\\/trial\\\/los-pilotos-del-repsol-honda-trial-team-listos-para-la-cita-inaugural-de-la-temporada-de-x-trial-en-barcelona\\\/\",\"url\":\"https:\\\/\\\/www.boxrepsol.com\\\/es\\\/trial\\\/los-pilotos-del-repsol-honda-trial-team-listos-para-la-cita-inaugural-de-la-temporada-de-x-trial-en-barcelona\\\/\",\"name\":\"Los pilotos del Repsol Honda Trial Team, listos para la cita inaugural de la temporada de X-Trial en Barcelona - Box Repsol\",\"isPartOf\":{\"@id\":\"https:\\\/\\\/www.boxrepsol.com\\\/es\\\/#website\"},\"primaryImageOfPage\":{\"@id\":\"https:\\\/\\\/www.boxrepsol.com\\\/es\\\/trial\\\/los-pilotos-del-repsol-honda-trial-team-listos-para-la-cita-inaugural-de-la-temporada-de-x-trial-en-barcelona\\\/#primaryimage\"},\"image\":{\"@id\":\"https:\\\/\\\/www.boxrepsol.com\\\/es\\\/trial\\\/los-pilotos-del-repsol-honda-trial-team-listos-para-la-cita-inaugural-de-la-temporada-de-x-trial-en-barcelona\\\/#primaryimage\"},\"thumbnailUrl\":\"https:\\\/\\\/bxrepsol.s3.eu-west-1.amazonaws.com\\\/static\\\/2023\\\/02\\\/06090405\\\/wev.jpg\",\"datePublished\":\"2023-02-01T02:00:00+00:00\",\"dateModified\":\"2024-04-08T10:37:56+00:00\",\"description\":\"Los pilotos del Repsol Honda Trial Team est\u00e1n listos para la cita inaugural de la temporada de X-Trial en Barcelona.\",\"breadcrumb\":{\"@id\":\"https:\\\/\\\/www.boxrepsol.com\\\/es\\\/trial\\\/los-pilotos-del-repsol-honda-trial-team-listos-para-la-cita-inaugural-de-la-temporada-de-x-trial-en-barcelona\\\/#breadcrumb\"},\"inLanguage\":\"es\",\"potentialAction\":[{\"@type\":\"ReadAction\",\"target\":[\"https:\\\/\\\/www.boxrepsol.com\\\/es\\\/trial\\\/los-pilotos-del-repsol-honda-trial-team-listos-para-la-cita-inaugural-de-la-temporada-de-x-trial-en-barcelona\\\/\"]}]},{\"@type\":\"ImageObject\",\"inLanguage\":\"es\",\"@id\":\"https:\\\/\\\/www.boxrepsol.com\\\/es\\\/trial\\\/los-pilotos-del-repsol-honda-trial-team-listos-para-la-cita-inaugural-de-la-temporada-de-x-trial-en-barcelona\\\/#primaryimage\",\"url\":\"https:\\\/\\\/bxrepsol.s3.eu-west-1.amazonaws.com\\\/static\\\/2023\\\/02\\\/06090405\\\/wev.jpg\",\"contentUrl\":\"https:\\\/\\\/bxrepsol.s3.eu-west-1.amazonaws.com\\\/static\\\/2023\\\/02\\\/06090405\\\/wev.jpg\",\"width\":1280,\"height\":600},{\"@type\":\"BreadcrumbList\",\"@id\":\"https:\\\/\\\/www.boxrepsol.com\\\/es\\\/trial\\\/los-pilotos-del-repsol-honda-trial-team-listos-para-la-cita-inaugural-de-la-temporada-de-x-trial-en-barcelona\\\/#breadcrumb\",\"itemListElement\":[{\"@type\":\"ListItem\",\"position\":1,\"name\":\"Home\",\"item\":\"https:\\\/\\\/www.boxrepsol.com\\\/es\\\/\"},{\"@type\":\"ListItem\",\"position\":2,\"name\":\"Los pilotos del Repsol Honda Trial Team, listos para la cita inaugural de la temporada de X-Trial en Barcelona\"}]},{\"@type\":\"WebSite\",\"@id\":\"https:\\\/\\\/www.boxrepsol.com\\\/es\\\/#website\",\"url\":\"https:\\\/\\\/www.boxrepsol.com\\\/es\\\/\",\"name\":\"Box Repsol\",\"description\":\"Box Repsol Site\",\"publisher\":{\"@id\":\"https:\\\/\\\/www.boxrepsol.com\\\/es\\\/#organization\"},\"potentialAction\":[{\"@type\":\"SearchAction\",\"target\":{\"@type\":\"EntryPoint\",\"urlTemplate\":\"https:\\\/\\\/www.boxrepsol.com\\\/es\\\/?s={search_term_string}\"},\"query-input\":{\"@type\":\"PropertyValueSpecification\",\"valueRequired\":true,\"valueName\":\"search_term_string\"}}],\"inLanguage\":\"es\"},{\"@type\":\"Organization\",\"@id\":\"https:\\\/\\\/www.boxrepsol.com\\\/es\\\/#organization\",\"name\":\"Box Repsol\",\"url\":\"https:\\\/\\\/www.boxrepsol.com\\\/es\\\/\",\"logo\":{\"@type\":\"ImageObject\",\"inLanguage\":\"es\",\"@id\":\"https:\\\/\\\/www.boxrepsol.com\\\/es\\\/#\\\/schema\\\/logo\\\/image\\\/\",\"url\":\"https:\\\/\\\/bxrepsol.s3.eu-west-1.amazonaws.com\\\/static\\\/2025\\\/07\\\/30083337\\\/favicon-96x96-1.png\",\"contentUrl\":\"https:\\\/\\\/bxrepsol.s3.eu-west-1.amazonaws.com\\\/static\\\/2025\\\/07\\\/30083337\\\/favicon-96x96-1.png\",\"width\":96,\"height\":96,\"caption\":\"Box Repsol\"},\"image\":{\"@id\":\"https:\\\/\\\/www.boxrepsol.com\\\/es\\\/#\\\/schema\\\/logo\\\/image\\\/\"},\"sameAs\":[\"https:\\\/\\\/www.facebook.com\\\/BoxRepsol\",\"https:\\\/\\\/x.com\\\/box_repsol\",\"http:\\\/\\\/instagram.com\\\/box_repsol\",\"https:\\\/\\\/www.youtube.com\\\/user\\\/RepsolCompeticion\",\"https:\\\/\\\/www.flickr.com\\\/photos\\\/box_repsol\\\/\"]},{\"@type\":\"Person\",\"@id\":\"https:\\\/\\\/www.boxrepsol.com\\\/es\\\/#\\\/schema\\\/person\\\/c5c2138f2cca251b0ad92b7086bb60b7\",\"name\":\"Redacci\u00f3n Box Repsol\",\"image\":{\"@type\":\"ImageObject\",\"inLanguage\":\"es\",\"@id\":\"https:\\\/\\\/secure.gravatar.com\\\/avatar\\\/adf7b77e38b4419baf32c7e9c21dde01f4e40df611f0978e3006fc4ba0aaab7e?s=96&d=mm&r=g\",\"url\":\"https:\\\/\\\/secure.gravatar.com\\\/avatar\\\/adf7b77e38b4419baf32c7e9c21dde01f4e40df611f0978e3006fc4ba0aaab7e?s=96&d=mm&r=g\",\"contentUrl\":\"https:\\\/\\\/secure.gravatar.com\\\/avatar\\\/adf7b77e38b4419baf32c7e9c21dde01f4e40df611f0978e3006fc4ba0aaab7e?s=96&d=mm&r=g\",\"caption\":\"Redacci\u00f3n Box Repsol\"},\"description\":\"Box Repsol lo forma un equipo de periodistas, community managers, dise\u00f1adores y fot\u00f3grafos con m\u00e1s de 20 a\u00f1os de experiencia en el mundo del motorsport. Hemos vivido el primer mundial de un espa\u00f1ol en la categor\u00eda reina de motociclismo con \u00c1lex Crivill\u00e9, estuvimos en las victorias de Pedrosa y los t\u00edtulos de M\u00e1rquez, acompa\u00f1amos en \u00c1frica a Nani Roma y Marc Coma en sus conquistas del Dakar y hemos vibrado con los t\u00edtulos de Toni Bou en Trial. Adem\u00e1s, en nuestro equipo contamos con expertos en el mundo de las dos y cuatro ruedas tanto de la calle y las carreteras, como de los circuitos. Periodistas que han trabajado en revistas y publicaciones para hacerte llegar desde rutas y consejos de mantenimiento, a curiosidades y trucos de pilotaje.\",\"sameAs\":[\"https:\\\/\\\/www.facebook.com\\\/BoxRepsol\\\/\",\"https:\\\/\\\/www.instagram.com\\\/box_repsol\\\/\",\"https:\\\/\\\/x.com\\\/https:\\\/\\\/twitter.com\\\/box_repsol\",\"https:\\\/\\\/www.youtube.com\\\/@Boxrepsol\"],\"url\":\"https:\\\/\\\/www.boxrepsol.com\\\/es\\\/author\\\/redaccion-box-repsol\\\/\"}]}<\/script>\n<!-- \/ Yoast SEO plugin. -->","yoast_head_json":{"title":"Los pilotos del Repsol Honda Trial Team, listos para la cita inaugural de la temporada de X-Trial en Barcelona - Box Repsol","description":"Los pilotos del Repsol Honda Trial Team est\u00e1n listos para la cita inaugural de la temporada de X-Trial en Barcelona.","canonical":"https:\/\/www.boxrepsol.com\/es\/trial\/los-pilotos-del-repsol-honda-trial-team-listos-para-la-cita-inaugural-de-la-temporada-de-x-trial-en-barcelona\/","og_locale":"es_ES","og_type":"article","og_title":"Los pilotos del Repsol Honda Trial Team, listos para la cita inaugural de la temporada de X-Trial en Barcelona - Box Repsol","og_description":"Los pilotos del Repsol Honda Trial Team est\u00e1n listos para la cita inaugural de la temporada de X-Trial en Barcelona.","og_url":"https:\/\/www.boxrepsol.com\/es\/trial\/los-pilotos-del-repsol-honda-trial-team-listos-para-la-cita-inaugural-de-la-temporada-de-x-trial-en-barcelona\/","og_site_name":"Box Repsol","article_publisher":"https:\/\/www.facebook.com\/BoxRepsol","article_author":"https:\/\/www.facebook.com\/BoxRepsol\/","article_published_time":"2023-02-01T02:00:00+00:00","article_modified_time":"2024-04-08T10:37:56+00:00","og_image":[{"width":1280,"height":600,"url":"https:\/\/bxrepsol.s3.eu-west-1.amazonaws.com\/static\/2023\/02\/06090405\/wev.jpg","type":"image\/jpeg"}],"author":"Redacci\u00f3n Box Repsol","twitter_card":"summary_large_image","twitter_creator":"@https:\/\/twitter.com\/box_repsol","twitter_site":"@box_repsol","twitter_misc":{"Written by":"Redacci\u00f3n Box Repsol","Est. reading time":"3 minutos"},"schema":{"@context":"https:\/\/schema.org","@graph":[{"@type":"Article","@id":"https:\/\/www.boxrepsol.com\/es\/trial\/los-pilotos-del-repsol-honda-trial-team-listos-para-la-cita-inaugural-de-la-temporada-de-x-trial-en-barcelona\/#article","isPartOf":{"@id":"https:\/\/www.boxrepsol.com\/es\/trial\/los-pilotos-del-repsol-honda-trial-team-listos-para-la-cita-inaugural-de-la-temporada-de-x-trial-en-barcelona\/"},"author":{"name":"Redacci\u00f3n Box Repsol","@id":"https:\/\/www.boxrepsol.com\/es\/#\/schema\/person\/c5c2138f2cca251b0ad92b7086bb60b7"},"headline":"Los pilotos del Repsol Honda Trial Team, listos para la cita inaugural de la temporada de X-Trial en Barcelona","datePublished":"2023-02-01T02:00:00+00:00","dateModified":"2024-04-08T10:37:56+00:00","mainEntityOfPage":{"@id":"https:\/\/www.boxrepsol.com\/es\/trial\/los-pilotos-del-repsol-honda-trial-team-listos-para-la-cita-inaugural-de-la-temporada-de-x-trial-en-barcelona\/"},"wordCount":604,"commentCount":0,"publisher":{"@id":"https:\/\/www.boxrepsol.com\/es\/#organization"},"image":{"@id":"https:\/\/www.boxrepsol.com\/es\/trial\/los-pilotos-del-repsol-honda-trial-team-listos-para-la-cita-inaugural-de-la-temporada-de-x-trial-en-barcelona\/#primaryimage"},"thumbnailUrl":"https:\/\/bxrepsol.s3.eu-west-1.amazonaws.com\/static\/2023\/02\/06090405\/wev.jpg","keywords":["2023","Gabri Marcelli","otros eventos y competiciones","Toni Bou"],"articleSection":["Trial"],"inLanguage":"es","potentialAction":[{"@type":"CommentAction","name":"Comment","target":["https:\/\/www.boxrepsol.com\/es\/trial\/los-pilotos-del-repsol-honda-trial-team-listos-para-la-cita-inaugural-de-la-temporada-de-x-trial-en-barcelona\/#respond"]}]},{"@type":"WebPage","@id":"https:\/\/www.boxrepsol.com\/es\/trial\/los-pilotos-del-repsol-honda-trial-team-listos-para-la-cita-inaugural-de-la-temporada-de-x-trial-en-barcelona\/","url":"https:\/\/www.boxrepsol.com\/es\/trial\/los-pilotos-del-repsol-honda-trial-team-listos-para-la-cita-inaugural-de-la-temporada-de-x-trial-en-barcelona\/","name":"Los pilotos del Repsol Honda Trial Team, listos para la cita inaugural de la temporada de X-Trial en Barcelona - Box Repsol","isPartOf":{"@id":"https:\/\/www.boxrepsol.com\/es\/#website"},"primaryImageOfPage":{"@id":"https:\/\/www.boxrepsol.com\/es\/trial\/los-pilotos-del-repsol-honda-trial-team-listos-para-la-cita-inaugural-de-la-temporada-de-x-trial-en-barcelona\/#primaryimage"},"image":{"@id":"https:\/\/www.boxrepsol.com\/es\/trial\/los-pilotos-del-repsol-honda-trial-team-listos-para-la-cita-inaugural-de-la-temporada-de-x-trial-en-barcelona\/#primaryimage"},"thumbnailUrl":"https:\/\/bxrepsol.s3.eu-west-1.amazonaws.com\/static\/2023\/02\/06090405\/wev.jpg","datePublished":"2023-02-01T02:00:00+00:00","dateModified":"2024-04-08T10:37:56+00:00","description":"Los pilotos del Repsol Honda Trial Team est\u00e1n listos para la cita inaugural de la temporada de X-Trial en Barcelona.","breadcrumb":{"@id":"https:\/\/www.boxrepsol.com\/es\/trial\/los-pilotos-del-repsol-honda-trial-team-listos-para-la-cita-inaugural-de-la-temporada-de-x-trial-en-barcelona\/#breadcrumb"},"inLanguage":"es","potentialAction":[{"@type":"ReadAction","target":["https:\/\/www.boxrepsol.com\/es\/trial\/los-pilotos-del-repsol-honda-trial-team-listos-para-la-cita-inaugural-de-la-temporada-de-x-trial-en-barcelona\/"]}]},{"@type":"ImageObject","inLanguage":"es","@id":"https:\/\/www.boxrepsol.com\/es\/trial\/los-pilotos-del-repsol-honda-trial-team-listos-para-la-cita-inaugural-de-la-temporada-de-x-trial-en-barcelona\/#primaryimage","url":"https:\/\/bxrepsol.s3.eu-west-1.amazonaws.com\/static\/2023\/02\/06090405\/wev.jpg","contentUrl":"https:\/\/bxrepsol.s3.eu-west-1.amazonaws.com\/static\/2023\/02\/06090405\/wev.jpg","width":1280,"height":600},{"@type":"BreadcrumbList","@id":"https:\/\/www.boxrepsol.com\/es\/trial\/los-pilotos-del-repsol-honda-trial-team-listos-para-la-cita-inaugural-de-la-temporada-de-x-trial-en-barcelona\/#breadcrumb","itemListElement":[{"@type":"ListItem","position":1,"name":"Home","item":"https:\/\/www.boxrepsol.com\/es\/"},{"@type":"ListItem","position":2,"name":"Los pilotos del Repsol Honda Trial Team, listos para la cita inaugural de la temporada de X-Trial en Barcelona"}]},{"@type":"WebSite","@id":"https:\/\/www.boxrepsol.com\/es\/#website","url":"https:\/\/www.boxrepsol.com\/es\/","name":"Box Repsol","description":"Box Repsol Site","publisher":{"@id":"https:\/\/www.boxrepsol.com\/es\/#organization"},"potentialAction":[{"@type":"SearchAction","target":{"@type":"EntryPoint","urlTemplate":"https:\/\/www.boxrepsol.com\/es\/?s={search_term_string}"},"query-input":{"@type":"PropertyValueSpecification","valueRequired":true,"valueName":"search_term_string"}}],"inLanguage":"es"},{"@type":"Organization","@id":"https:\/\/www.boxrepsol.com\/es\/#organization","name":"Box Repsol","url":"https:\/\/www.boxrepsol.com\/es\/","logo":{"@type":"ImageObject","inLanguage":"es","@id":"https:\/\/www.boxrepsol.com\/es\/#\/schema\/logo\/image\/","url":"https:\/\/bxrepsol.s3.eu-west-1.amazonaws.com\/static\/2025\/07\/30083337\/favicon-96x96-1.png","contentUrl":"https:\/\/bxrepsol.s3.eu-west-1.amazonaws.com\/static\/2025\/07\/30083337\/favicon-96x96-1.png","width":96,"height":96,"caption":"Box Repsol"},"image":{"@id":"https:\/\/www.boxrepsol.com\/es\/#\/schema\/logo\/image\/"},"sameAs":["https:\/\/www.facebook.com\/BoxRepsol","https:\/\/x.com\/box_repsol","http:\/\/instagram.com\/box_repsol","https:\/\/www.youtube.com\/user\/RepsolCompeticion","https:\/\/www.flickr.com\/photos\/box_repsol\/"]},{"@type":"Person","@id":"https:\/\/www.boxrepsol.com\/es\/#\/schema\/person\/c5c2138f2cca251b0ad92b7086bb60b7","name":"Redacci\u00f3n Box Repsol","image":{"@type":"ImageObject","inLanguage":"es","@id":"https:\/\/secure.gravatar.com\/avatar\/adf7b77e38b4419baf32c7e9c21dde01f4e40df611f0978e3006fc4ba0aaab7e?s=96&d=mm&r=g","url":"https:\/\/secure.gravatar.com\/avatar\/adf7b77e38b4419baf32c7e9c21dde01f4e40df611f0978e3006fc4ba0aaab7e?s=96&d=mm&r=g","contentUrl":"https:\/\/secure.gravatar.com\/avatar\/adf7b77e38b4419baf32c7e9c21dde01f4e40df611f0978e3006fc4ba0aaab7e?s=96&d=mm&r=g","caption":"Redacci\u00f3n Box Repsol"},"description":"Box Repsol lo forma un equipo de periodistas, community managers, dise\u00f1adores y fot\u00f3grafos con m\u00e1s de 20 a\u00f1os de experiencia en el mundo del motorsport. Hemos vivido el primer mundial de un espa\u00f1ol en la categor\u00eda reina de motociclismo con \u00c1lex Crivill\u00e9, estuvimos en las victorias de Pedrosa y los t\u00edtulos de M\u00e1rquez, acompa\u00f1amos en \u00c1frica a Nani Roma y Marc Coma en sus conquistas del Dakar y hemos vibrado con los t\u00edtulos de Toni Bou en Trial. Adem\u00e1s, en nuestro equipo contamos con expertos en el mundo de las dos y cuatro ruedas tanto de la calle y las carreteras, como de los circuitos. Periodistas que han trabajado en revistas y publicaciones para hacerte llegar desde rutas y consejos de mantenimiento, a curiosidades y trucos de pilotaje.","sameAs":["https:\/\/www.facebook.com\/BoxRepsol\/","https:\/\/www.instagram.com\/box_repsol\/","https:\/\/x.com\/https:\/\/twitter.com\/box_repsol","https:\/\/www.youtube.com\/@Boxrepsol"],"url":"https:\/\/www.boxrepsol.com\/es\/author\/redaccion-box-repsol\/"}]}},"_links":{"self":[{"href":"https:\/\/www.boxrepsol.com\/es\/wp-json\/wp\/v2\/posts\/95662","targetHints":{"allow":["GET"]}}],"collection":[{"href":"https:\/\/www.boxrepsol.com\/es\/wp-json\/wp\/v2\/posts"}],"about":[{"href":"https:\/\/www.boxrepsol.com\/es\/wp-json\/wp\/v2\/types\/post"}],"author":[{"embeddable":true,"href":"https:\/\/www.boxrepsol.com\/es\/wp-json\/wp\/v2\/users\/43146"}],"replies":[{"embeddable":true,"href":"https:\/\/www.boxrepsol.com\/es\/wp-json\/wp\/v2\/comments?post=95662"}],"version-history":[{"count":2,"href":"https:\/\/www.boxrepsol.com\/es\/wp-json\/wp\/v2\/posts\/95662\/revisions"}],"predecessor-version":[{"id":107366,"href":"https:\/\/www.boxrepsol.com\/es\/wp-json\/wp\/v2\/posts\/95662\/revisions\/107366"}],"wp:featuredmedia":[{"embeddable":true,"href":"https:\/\/www.boxrepsol.com\/es\/wp-json\/wp\/v2\/media\/85209"}],"wp:attachment":[{"href":"https:\/\/www.boxrepsol.com\/es\/wp-json\/wp\/v2\/media?parent=95662"}],"wp:term":[{"taxonomy":"category","embeddable":true,"href":"https:\/\/www.boxrepsol.com\/es\/wp-json\/wp\/v2\/categories?post=95662"},{"taxonomy":"post_tag","embeddable":true,"href":"https:\/\/www.boxrepsol.com\/es\/wp-json\/wp\/v2\/tags?post=95662"}],"curies":[{"name":"wp","href":"https:\/\/api.w.org\/{rel}","templated":true}]}}