{"id":95659,"date":"2023-01-15T00:00:00","date_gmt":"2023-01-15T02:00:00","guid":{"rendered":"http:\/\/pre.boxrepsol.com\/sin-categorizar\/isidre-esteve-finaliza-uno-de-los-dakar-mas-duros-compitiendo-de-tu-a-tu-con-los-mejores\/"},"modified":"2024-04-08T08:38:46","modified_gmt":"2024-04-08T10:38:46","slug":"isidre-esteve-finaliza-uno-de-los-dakar-mas-duros-compitiendo-de-tu-a-tu-con-los-mejores","status":"publish","type":"post","link":"https:\/\/www.boxrepsol.com\/es\/rally\/isidre-esteve-finaliza-uno-de-los-dakar-mas-duros-compitiendo-de-tu-a-tu-con-los-mejores\/","title":{"rendered":"Isidre Esteve finaliza uno de los Dakar m\u00e1s duros compitiendo de t\u00fa a t\u00fa con los mejores"},"content":{"rendered":"<p>Misi\u00f3n&nbsp;cumplida. Isidre Esteve y Txema Villalobos han completado el Dakar 2023, una de las ediciones m\u00e1s dif\u00edciles de toda la historia y en la que, por primera vez, han podido pelear con las mismas herramientas que los principales favoritos, sin que su discapacidad suponga un escollo. Los del Repsol Toyota Rally Team han llegado al podio final situado en la localidad de Dammam (Arabia Saud\u00ed), tras completar los \u00faltimos 138 kil\u00f3metros cronometrados en 23\u00aa plaza absoluta del d\u00eda, 20\u00aa en T1, y convencidos de que el top 20 en la clasificaci\u00f3n final habr\u00eda sido factible de no ser por un problemas t\u00e9cnico en el primer segmento de la etapa marat\u00f3n.<\/p>\n<p>Esteve concluye de este modo su decimoctavo Dakar \u2013el octavo en coche\u2013, una carrera que siempre recordar\u00e1 por ser la primera en la que ha competido con las mismas herramientas que los mejores, y en la que tan s\u00f3lo un problema en el motor de arranque a tres d\u00edas de la conclusi\u00f3n le ha privado de lograr su objetivo, como lamenta el piloto espa\u00f1ol: \u00ab<em>La carrera iba siguiendo nuestras previsiones hasta que el rel\u00e9 del motor de arranque dijo basta y nos cost\u00f3 esas tres horas y media que trastocaron todos nuestros planes. Los mec\u00e1nicos e ingenieros del equipo todav\u00eda no se explican c\u00f3mo pudo suceder, pero as\u00ed es el automovilismo en ocasiones\u2026\u00bb.<\/em><\/p>\n<p>De haber podido completar esa misma etapa siguiendo el ritmo que ven\u00eda atesorando hasta ese momento, entrar en el top 20&nbsp;<em>scratch<\/em>&nbsp;era m\u00e1s que factible para el Repsol Toyota Rally Team. Con todo, Esteve y Villalobos han logrado una meritoria 34\u00aa posici\u00f3n final absoluta, 24\u00aa de la categor\u00eda T1, tras m\u00e1s de 55 horas de competici\u00f3n en el desierto.<\/p>\n<p>El de Oliana repasaba la pel\u00edcula de su carrera con las siguientes palabras: \u00ab<em>En la primera semana conseguimos solucionar los t\u00edpicos inconvenientes que siempre tienes en una competici\u00f3n as\u00ed, y que te cuestan a lo sumo 15 o 30 minutos; es lo normal. Sab\u00edamos, en este momento, que nuestra oportunidad llegar\u00eda en la segunda parte del Dakar, que es cuando sab\u00edamos que mejor responder\u00eda el coche. Esto qued\u00f3 claro en la arena y las dunas con el cambio de setting de suspensiones tras la jornada de descanso, que nos permiti\u00f3 remontar posiciones de una forma incre\u00edble\u2026 hasta que lleg\u00f3 el problema en el motor de arranque y nos dejamos esas 3 horas y media que no caben en ning\u00fan plan. Desde entonces hemos corrido lo que hemos podido, haciendo etapas muy buenas, hasta la conclusi\u00f3n de hoy. Y debo decir que hemos terminado el Dakar, algo que nunca es f\u00e1cil\u00bb<\/em>.<\/p>\n<p>Esta demostraci\u00f3n de resistencia tambi\u00e9n tiene una importante lectura en clave tecnol\u00f3gica de presente y futuro, ya que Esteve y Villalobos han completado los 8.549 kil\u00f3metros de la competici\u00f3n al volante de un Toyota Hilux T1+ animado por el nuevo biocombustible avanzado desarrollado por el Repsol Technology Lab con un 75% de origen renovable. Este nuevo carburante afrontaba un reto de altura en la carrera m\u00e1s dura del mundo, y lo ha superado a la perfecci\u00f3n. De hecho, ha contribuido a que la tripulaci\u00f3n espa\u00f1ola lograra grandes hitos, como la 19\u00aa posici\u00f3n&nbsp;<em>scratch&nbsp;<\/em>de la novena etapa, segundo mejor resultado del historial dakariano de Esteve sobre cuatro ruedas.<\/p>\n<p>Llegados a este punto, antes de pensar en la edici\u00f3n 2024, el piloto espa\u00f1ol se mostraba agradecido: \u00ab<em>\u00a1Y van 18! Siempre es especial acabar una carrera tan dif\u00edcil como \u00e9sta, y lo primero que me viene a la cabeza, ante todo, es dar las gracias. En primer lugar a los patrocinadores que hacen posible este proyecto, empezando por Repsol, MGS Seguros, KH-7 y Toyota Espa\u00f1a. En segundo lugar, a mi equipo, que tiene un nivel t\u00e9cnico y humano maravilloso. Lo han dado todo en este Dakar trabajando, a veces, en condiciones dur\u00edsimas. C\u00f3mo no, a Txema Villalobos, mi copiloto y, m\u00e1s que eso, un amigo dentro del coche. Cuando hemos tenido un problema siempre sabe c\u00f3mo solucionarlo y dir\u00eda que, de no ser por \u00e9l, todav\u00eda estar\u00edamos parados en las dunas. Y, claro, a mi mujer, Lidia, sin la que yo no podr\u00eda estar aqu\u00ed ni hacer la mitad de las cosas que hago\u00bb<\/em>.<\/p>\n<p>En clave de futuro, Isidre Esteve conclu\u00eda: \u00ab<em>Al final de todo Dakar siempre tengo una lista muy larga llena de peticiones, pero este a\u00f1o no quiero nada. Bueno, s\u00ed, una cosa: seguir contando con este incre\u00edble equipo que tanto nos permite disfrutar de la competici\u00f3n, y poder volver el a\u00f1o que viene e intentar hacerlo mejor. Acabar un Dakar nunca es f\u00e1cil, ahora toca reposar un poco y empezar a trabajar en el nuevo proyecto deportivo\u00bb.<\/em><\/p>\n<p>Isidre Esteve, Txema Villalobos y el resto de componentes del Repsol Toyota Rally Team regresar\u00e1n ma\u00f1ana lunes a Barcelona desde Dammam.<\/p>\n<p><a href=\"https:\/\/bxrepsol.s3.eu-west-1.amazonaws.com\/static\/2023\/02\/06090243\/Dakar23_E14_Isidre_Esteve_4-scaled.jpg\" data-index=\"0\"><br \/>\n<img decoding=\"async\" src=\"https:\/\/bxrepsol.s3.eu-west-1.amazonaws.com\/static\/2023\/02\/06090243\/Dakar23_E14_Isidre_Esteve_4-scaled.jpg\" srcset=\"https:\/\/bxrepsol.s3.eu-west-1.amazonaws.com\/static\/2023\/02\/06090243\/Dakar23_E14_Isidre_Esteve_4-scaled.jpg 5000w, https:\/\/bxrepsol.s3.eu-west-1.amazonaws.com\/static\/2023\/02\/06090243\/Dakar23_E14_Isidre_Esteve_4-scaled.jpg 1280w, https:\/\/bxrepsol.s3.eu-west-1.amazonaws.com\/static\/2023\/02\/06090243\/Dakar23_E14_Isidre_Esteve_4-scaled.jpg 900w, https:\/\/bxrepsol.s3.eu-west-1.amazonaws.com\/static\/2023\/02\/06090243\/Dakar23_E14_Isidre_Esteve_4-scaled.jpg 600w, https:\/\/bxrepsol.s3.eu-west-1.amazonaws.com\/static\/2023\/02\/06090243\/Dakar23_E14_Isidre_Esteve_4-scaled.jpg 480w, https:\/\/bxrepsol.s3.eu-west-1.amazonaws.com\/static\/2023\/02\/06090243\/Dakar23_E14_Isidre_Esteve_4-scaled.jpg 32w\" title=\"Dakar23_E14_Isidre_Esteve_4\" alt=\"\" data-title=\"\"><br \/>\n<\/a><br \/>\n<a href=\"https:\/\/bxrepsol.s3.eu-west-1.amazonaws.com\/static\/2023\/02\/06090249\/Dakar23_E14_Isidre_Esteve_5-scaled.jpg\" data-index=\"1\"><br \/>\n<img decoding=\"async\" src=\"https:\/\/bxrepsol.s3.eu-west-1.amazonaws.com\/static\/2023\/02\/06090249\/Dakar23_E14_Isidre_Esteve_5-scaled.jpg\" srcset=\"https:\/\/bxrepsol.s3.eu-west-1.amazonaws.com\/static\/2023\/02\/06090249\/Dakar23_E14_Isidre_Esteve_5-scaled.jpg 5000w, https:\/\/bxrepsol.s3.eu-west-1.amazonaws.com\/static\/2023\/02\/06090249\/Dakar23_E14_Isidre_Esteve_5-scaled.jpg 1280w, https:\/\/bxrepsol.s3.eu-west-1.amazonaws.com\/static\/2023\/02\/06090249\/Dakar23_E14_Isidre_Esteve_5-scaled.jpg 900w, https:\/\/bxrepsol.s3.eu-west-1.amazonaws.com\/static\/2023\/02\/06090249\/Dakar23_E14_Isidre_Esteve_5-scaled.jpg 600w, https:\/\/bxrepsol.s3.eu-west-1.amazonaws.com\/static\/2023\/02\/06090249\/Dakar23_E14_Isidre_Esteve_5-scaled.jpg 480w, https:\/\/bxrepsol.s3.eu-west-1.amazonaws.com\/static\/2023\/02\/06090249\/Dakar23_E14_Isidre_Esteve_5-scaled.jpg 32w\" title=\"Dakar23_E14_Isidre_Esteve_5\" alt=\"\" data-title=\"\"><br \/>\n<\/a><br \/>\n<a href=\"https:\/\/bxrepsol.s3.eu-west-1.amazonaws.com\/static\/2023\/02\/06090251\/Dakar23_E14_Isidre_Esteve_7.jpg\" data-index=\"2\"><br \/>\n<img decoding=\"async\" src=\"https:\/\/bxrepsol.s3.eu-west-1.amazonaws.com\/static\/2023\/02\/06090251\/Dakar23_E14_Isidre_Esteve_7.jpg\" srcset=\"https:\/\/bxrepsol.s3.eu-west-1.amazonaws.com\/static\/2023\/02\/06090251\/Dakar23_E14_Isidre_Esteve_7.jpg 2048w, https:\/\/bxrepsol.s3.eu-west-1.amazonaws.com\/static\/2023\/02\/06090251\/Dakar23_E14_Isidre_Esteve_7.jpg 1280w, https:\/\/bxrepsol.s3.eu-west-1.amazonaws.com\/static\/2023\/02\/06090251\/Dakar23_E14_Isidre_Esteve_7.jpg 900w, https:\/\/bxrepsol.s3.eu-west-1.amazonaws.com\/static\/2023\/02\/06090251\/Dakar23_E14_Isidre_Esteve_7.jpg 600w, https:\/\/bxrepsol.s3.eu-west-1.amazonaws.com\/static\/2023\/02\/06090251\/Dakar23_E14_Isidre_Esteve_7.jpg 480w, https:\/\/bxrepsol.s3.eu-west-1.amazonaws.com\/static\/2023\/02\/06090251\/Dakar23_E14_Isidre_Esteve_7.jpg 32w\" title=\"Dakar23_E14_Isidre_Esteve_7\" alt=\"\" data-title=\"\"><br \/>\n<\/a><br \/>\n<a href=\"https:\/\/bxrepsol.s3.eu-west-1.amazonaws.com\/static\/2023\/02\/06090257\/Dakar23_E14_Isidre_Esteve_8-scaled.jpg\" data-index=\"3\"><br \/>\n<img decoding=\"async\" src=\"https:\/\/bxrepsol.s3.eu-west-1.amazonaws.com\/static\/2023\/02\/06090257\/Dakar23_E14_Isidre_Esteve_8-scaled.jpg\" srcset=\"https:\/\/bxrepsol.s3.eu-west-1.amazonaws.com\/static\/2023\/02\/06090257\/Dakar23_E14_Isidre_Esteve_8-scaled.jpg 5000w, https:\/\/bxrepsol.s3.eu-west-1.amazonaws.com\/static\/2023\/02\/06090257\/Dakar23_E14_Isidre_Esteve_8-scaled.jpg 1280w, https:\/\/bxrepsol.s3.eu-west-1.amazonaws.com\/static\/2023\/02\/06090257\/Dakar23_E14_Isidre_Esteve_8-scaled.jpg 900w, https:\/\/bxrepsol.s3.eu-west-1.amazonaws.com\/static\/2023\/02\/06090257\/Dakar23_E14_Isidre_Esteve_8-scaled.jpg 600w, https:\/\/bxrepsol.s3.eu-west-1.amazonaws.com\/static\/2023\/02\/06090257\/Dakar23_E14_Isidre_Esteve_8-scaled.jpg 480w, https:\/\/bxrepsol.s3.eu-west-1.amazonaws.com\/static\/2023\/02\/06090257\/Dakar23_E14_Isidre_Esteve_8-scaled.jpg 32w\" title=\"Dakar23_E14_Isidre_Esteve_8\" alt=\"\" data-title=\"\"><br \/>\n<\/a><br \/>\n<a href=\"https:\/\/bxrepsol.s3.eu-west-1.amazonaws.com\/static\/2023\/02\/06090258\/Dakar23_E14_Isidre_Esteve_11.jpg\" data-index=\"4\"><br \/>\n<img decoding=\"async\" src=\"https:\/\/bxrepsol.s3.eu-west-1.amazonaws.com\/static\/2023\/02\/06090258\/Dakar23_E14_Isidre_Esteve_11.jpg\" srcset=\"https:\/\/bxrepsol.s3.eu-west-1.amazonaws.com\/static\/2023\/02\/06090258\/Dakar23_E14_Isidre_Esteve_11.jpg 2048w, https:\/\/bxrepsol.s3.eu-west-1.amazonaws.com\/static\/2023\/02\/06090258\/Dakar23_E14_Isidre_Esteve_11.jpg 1280w, https:\/\/bxrepsol.s3.eu-west-1.amazonaws.com\/static\/2023\/02\/06090258\/Dakar23_E14_Isidre_Esteve_11.jpg 900w, https:\/\/bxrepsol.s3.eu-west-1.amazonaws.com\/static\/2023\/02\/06090258\/Dakar23_E14_Isidre_Esteve_11.jpg 600w, https:\/\/bxrepsol.s3.eu-west-1.amazonaws.com\/static\/2023\/02\/06090258\/Dakar23_E14_Isidre_Esteve_11.jpg 480w, https:\/\/bxrepsol.s3.eu-west-1.amazonaws.com\/static\/2023\/02\/06090258\/Dakar23_E14_Isidre_Esteve_11.jpg 32w\" title=\"Dakar23_E14_Isidre_Esteve_11\" alt=\"\" data-title=\"\"><br \/>\n<\/a><br \/>\n<button data-glide-dir=\"<\"><br \/>\n<svg role=\"img\" viewBox=\"0 0 256 512\">\n                <path fill=\"currentColor\" d=\"M238.475 475.535l7.071-7.07c4.686-4.686 4.686-12.284 0-16.971L50.053 256 245.546 60.506c4.686-4.686 4.686-12.284 0-16.971l-7.071-7.07c-4.686-4.686-12.284-4.686-16.97 0L10.454 247.515c-4.686 4.686-4.686 12.284 0 16.971l211.051 211.05c4.686 4.686 12.284 4.686 16.97-.001z\"><\/path>\n            <\/svg><br \/>\n<\/button><br \/>\n<button data-glide-dir=\">\u00ab><br \/>\n<svg role=\"img\" viewBox=\"0 0 256 512\">\n                <path fill=\"currentColor\" d=\"M17.525 36.465l-7.071 7.07c-4.686 4.686-4.686 12.284 0 16.971L205.947 256 10.454 451.494c-4.686 4.686-4.686 12.284 0 16.971l7.071 7.07c4.686 4.686 12.284 4.686 16.97 0l211.051-211.05c4.686-4.686 4.686-12.284 0-16.971L34.495 36.465c-4.686-4.687-12.284-4.687-16.97 0z\"><\/path>\n            <\/svg><br \/>\n<\/button><\/p>\n<p><strong>Clasificaci\u00f3n etapa:<\/strong><\/p>\n<p>1. Guerlain Chicherit (Prodrive) 1h 09\u201924\u201d<\/p>\n<p>2. Mattias Ekstr\u00f6m (Audi) +1\u201936\u201d<\/p>\n<p>3. Sebasti\u00e1n Halpern (Mini) +1\u201953\u201d<\/p>\n<p>4. Jakub Przygonski (Mini) +3\u201908\u201d<\/p>\n<p>5. Henk Lategan (Toyota) +3\u201944\u201d<\/p>\n<p>\u2026<\/p>\n<p><strong>23. Isidre Esteve (Toyota) +10\u201913\u201d<\/strong><\/p>\n<p><strong>Clasificaci\u00f3n general final:<\/strong><\/p>\n<p>1. Nasser Al-Attiyah (Toyota) 45h 03\u201915\u201d<\/p>\n<p>2. Sebastien Loeb (Prodrive) +1h 20\u201949\u201d<\/p>\n<p>3. Lucas Moraes (Toyota) +1h 38\u201931\u201d<\/p>\n<p>4. Giniel de Villiers (Toyota) +2h 31\u201912\u201d<\/p>\n<p>5. Henk Lategan (Toyota) +2h 36\u201923\u201d<\/p>\n<p>\u2026<\/p>\n<p><strong>34. Isidre Esteve (Toyota) +10h 39\u201935\u201d<\/strong><\/p>\n","protected":false},"excerpt":{"rendered":"<p>El piloto del Repsol Toyota Rally Team concluye en la 34\u00aa posici\u00f3n absoluta, 24\u00aa en la categor\u00eda de coches T1, convencido de que habr\u00eda logrado un top 20 de no ser por un problema t\u00e9cnico a tres d\u00edas del final.<\/p>\n","protected":false},"author":43146,"featured_media":85180,"comment_status":"open","ping_status":"open","sticky":false,"template":"","format":"standard","meta":{"footnotes":""},"categories":[27],"tags":[269,201,29,183],"class_list":["post-95659","post","type-post","status-publish","format-standard","hentry","category-rally","tag-269","tag-dakar","tag-isidre-esteve","tag-repsol-rally-team"],"yoast_head":"<!-- This site is optimized with the Yoast SEO plugin v27.3 - https:\/\/yoast.com\/product\/yoast-seo-wordpress\/ -->\n<title>Isidre Esteve finaliza uno de los Dakar m\u00e1s duros compitiendo de t\u00fa a t\u00fa con los mejores - Box Repsol<\/title>\n<meta name=\"description\" content=\"Isidre Esteve finaliza el Dakar 2023. Conoce los desaf\u00edos y logros de este destacado piloto en la competici\u00f3n de rally.\" \/>\n<link rel=\"canonical\" href=\"https:\/\/www.boxrepsol.com\/es\/rally\/isidre-esteve-finaliza-uno-de-los-dakar-mas-duros-compitiendo-de-tu-a-tu-con-los-mejores\/\" \/>\n<meta property=\"og:locale\" content=\"es_ES\" \/>\n<meta property=\"og:type\" content=\"article\" \/>\n<meta property=\"og:title\" content=\"Isidre Esteve finaliza uno de los Dakar m\u00e1s duros compitiendo de t\u00fa a t\u00fa con los mejores - Box Repsol\" \/>\n<meta property=\"og:description\" content=\"Isidre Esteve finaliza el Dakar 2023. Conoce los desaf\u00edos y logros de este destacado piloto en la competici\u00f3n de rally.\" \/>\n<meta property=\"og:url\" content=\"https:\/\/www.boxrepsol.com\/es\/rally\/isidre-esteve-finaliza-uno-de-los-dakar-mas-duros-compitiendo-de-tu-a-tu-con-los-mejores\/\" \/>\n<meta property=\"og:site_name\" content=\"Box Repsol\" \/>\n<meta property=\"article:publisher\" content=\"https:\/\/www.facebook.com\/BoxRepsol\" \/>\n<meta property=\"article:author\" content=\"https:\/\/www.facebook.com\/BoxRepsol\/\" \/>\n<meta property=\"article:published_time\" content=\"2023-01-15T02:00:00+00:00\" \/>\n<meta property=\"article:modified_time\" content=\"2024-04-08T10:38:46+00:00\" \/>\n<meta property=\"og:image\" content=\"https:\/\/bxrepsol.s3.eu-west-1.amazonaws.com\/static\/2023\/02\/06090306\/Dakar23_E14_Isidre_Esteve_1-scaled.jpg\" \/>\n\t<meta property=\"og:image:width\" content=\"2560\" \/>\n\t<meta property=\"og:image:height\" content=\"1706\" \/>\n\t<meta property=\"og:image:type\" content=\"image\/jpeg\" \/>\n<meta name=\"author\" content=\"Redacci\u00f3n Box Repsol\" \/>\n<meta name=\"twitter:card\" content=\"summary_large_image\" \/>\n<meta name=\"twitter:creator\" content=\"@https:\/\/twitter.com\/box_repsol\" \/>\n<meta name=\"twitter:site\" content=\"@box_repsol\" \/>\n<meta name=\"twitter:label1\" content=\"Written by\" \/>\n\t<meta name=\"twitter:data1\" content=\"Redacci\u00f3n Box Repsol\" \/>\n\t<meta name=\"twitter:label2\" content=\"Est. reading time\" \/>\n\t<meta name=\"twitter:data2\" content=\"4 minutos\" \/>\n<script type=\"application\/ld+json\" class=\"yoast-schema-graph\">{\"@context\":\"https:\\\/\\\/schema.org\",\"@graph\":[{\"@type\":\"Article\",\"@id\":\"https:\\\/\\\/www.boxrepsol.com\\\/es\\\/rally\\\/isidre-esteve-finaliza-uno-de-los-dakar-mas-duros-compitiendo-de-tu-a-tu-con-los-mejores\\\/#article\",\"isPartOf\":{\"@id\":\"https:\\\/\\\/www.boxrepsol.com\\\/es\\\/rally\\\/isidre-esteve-finaliza-uno-de-los-dakar-mas-duros-compitiendo-de-tu-a-tu-con-los-mejores\\\/\"},\"author\":{\"name\":\"Redacci\u00f3n Box Repsol\",\"@id\":\"https:\\\/\\\/www.boxrepsol.com\\\/es\\\/#\\\/schema\\\/person\\\/c5c2138f2cca251b0ad92b7086bb60b7\"},\"headline\":\"Isidre Esteve finaliza uno de los Dakar m\u00e1s duros compitiendo de t\u00fa a t\u00fa con los mejores\",\"datePublished\":\"2023-01-15T02:00:00+00:00\",\"dateModified\":\"2024-04-08T10:38:46+00:00\",\"mainEntityOfPage\":{\"@id\":\"https:\\\/\\\/www.boxrepsol.com\\\/es\\\/rally\\\/isidre-esteve-finaliza-uno-de-los-dakar-mas-duros-compitiendo-de-tu-a-tu-con-los-mejores\\\/\"},\"wordCount\":916,\"commentCount\":0,\"publisher\":{\"@id\":\"https:\\\/\\\/www.boxrepsol.com\\\/es\\\/#organization\"},\"image\":{\"@id\":\"https:\\\/\\\/www.boxrepsol.com\\\/es\\\/rally\\\/isidre-esteve-finaliza-uno-de-los-dakar-mas-duros-compitiendo-de-tu-a-tu-con-los-mejores\\\/#primaryimage\"},\"thumbnailUrl\":\"https:\\\/\\\/bxrepsol.s3.eu-west-1.amazonaws.com\\\/static\\\/2023\\\/02\\\/06090306\\\/Dakar23_E14_Isidre_Esteve_1-scaled.jpg\",\"keywords\":[\"2023\",\"Dakar\",\"Isidre Esteve\",\"Repsol Rally Team\"],\"articleSection\":[\"Rally\"],\"inLanguage\":\"es\",\"potentialAction\":[{\"@type\":\"CommentAction\",\"name\":\"Comment\",\"target\":[\"https:\\\/\\\/www.boxrepsol.com\\\/es\\\/rally\\\/isidre-esteve-finaliza-uno-de-los-dakar-mas-duros-compitiendo-de-tu-a-tu-con-los-mejores\\\/#respond\"]}]},{\"@type\":\"WebPage\",\"@id\":\"https:\\\/\\\/www.boxrepsol.com\\\/es\\\/rally\\\/isidre-esteve-finaliza-uno-de-los-dakar-mas-duros-compitiendo-de-tu-a-tu-con-los-mejores\\\/\",\"url\":\"https:\\\/\\\/www.boxrepsol.com\\\/es\\\/rally\\\/isidre-esteve-finaliza-uno-de-los-dakar-mas-duros-compitiendo-de-tu-a-tu-con-los-mejores\\\/\",\"name\":\"Isidre Esteve finaliza uno de los Dakar m\u00e1s duros compitiendo de t\u00fa a t\u00fa con los mejores - Box Repsol\",\"isPartOf\":{\"@id\":\"https:\\\/\\\/www.boxrepsol.com\\\/es\\\/#website\"},\"primaryImageOfPage\":{\"@id\":\"https:\\\/\\\/www.boxrepsol.com\\\/es\\\/rally\\\/isidre-esteve-finaliza-uno-de-los-dakar-mas-duros-compitiendo-de-tu-a-tu-con-los-mejores\\\/#primaryimage\"},\"image\":{\"@id\":\"https:\\\/\\\/www.boxrepsol.com\\\/es\\\/rally\\\/isidre-esteve-finaliza-uno-de-los-dakar-mas-duros-compitiendo-de-tu-a-tu-con-los-mejores\\\/#primaryimage\"},\"thumbnailUrl\":\"https:\\\/\\\/bxrepsol.s3.eu-west-1.amazonaws.com\\\/static\\\/2023\\\/02\\\/06090306\\\/Dakar23_E14_Isidre_Esteve_1-scaled.jpg\",\"datePublished\":\"2023-01-15T02:00:00+00:00\",\"dateModified\":\"2024-04-08T10:38:46+00:00\",\"description\":\"Isidre Esteve finaliza el Dakar 2023. Conoce los desaf\u00edos y logros de este destacado piloto en la competici\u00f3n de rally.\",\"breadcrumb\":{\"@id\":\"https:\\\/\\\/www.boxrepsol.com\\\/es\\\/rally\\\/isidre-esteve-finaliza-uno-de-los-dakar-mas-duros-compitiendo-de-tu-a-tu-con-los-mejores\\\/#breadcrumb\"},\"inLanguage\":\"es\",\"potentialAction\":[{\"@type\":\"ReadAction\",\"target\":[\"https:\\\/\\\/www.boxrepsol.com\\\/es\\\/rally\\\/isidre-esteve-finaliza-uno-de-los-dakar-mas-duros-compitiendo-de-tu-a-tu-con-los-mejores\\\/\"]}]},{\"@type\":\"ImageObject\",\"inLanguage\":\"es\",\"@id\":\"https:\\\/\\\/www.boxrepsol.com\\\/es\\\/rally\\\/isidre-esteve-finaliza-uno-de-los-dakar-mas-duros-compitiendo-de-tu-a-tu-con-los-mejores\\\/#primaryimage\",\"url\":\"https:\\\/\\\/bxrepsol.s3.eu-west-1.amazonaws.com\\\/static\\\/2023\\\/02\\\/06090306\\\/Dakar23_E14_Isidre_Esteve_1-scaled.jpg\",\"contentUrl\":\"https:\\\/\\\/bxrepsol.s3.eu-west-1.amazonaws.com\\\/static\\\/2023\\\/02\\\/06090306\\\/Dakar23_E14_Isidre_Esteve_1-scaled.jpg\",\"width\":2560,\"height\":1706},{\"@type\":\"BreadcrumbList\",\"@id\":\"https:\\\/\\\/www.boxrepsol.com\\\/es\\\/rally\\\/isidre-esteve-finaliza-uno-de-los-dakar-mas-duros-compitiendo-de-tu-a-tu-con-los-mejores\\\/#breadcrumb\",\"itemListElement\":[{\"@type\":\"ListItem\",\"position\":1,\"name\":\"Home\",\"item\":\"https:\\\/\\\/www.boxrepsol.com\\\/es\\\/\"},{\"@type\":\"ListItem\",\"position\":2,\"name\":\"Isidre Esteve finaliza uno de los Dakar m\u00e1s duros compitiendo de t\u00fa a t\u00fa con los mejores\"}]},{\"@type\":\"WebSite\",\"@id\":\"https:\\\/\\\/www.boxrepsol.com\\\/es\\\/#website\",\"url\":\"https:\\\/\\\/www.boxrepsol.com\\\/es\\\/\",\"name\":\"Box Repsol\",\"description\":\"Box Repsol Site\",\"publisher\":{\"@id\":\"https:\\\/\\\/www.boxrepsol.com\\\/es\\\/#organization\"},\"potentialAction\":[{\"@type\":\"SearchAction\",\"target\":{\"@type\":\"EntryPoint\",\"urlTemplate\":\"https:\\\/\\\/www.boxrepsol.com\\\/es\\\/?s={search_term_string}\"},\"query-input\":{\"@type\":\"PropertyValueSpecification\",\"valueRequired\":true,\"valueName\":\"search_term_string\"}}],\"inLanguage\":\"es\"},{\"@type\":\"Organization\",\"@id\":\"https:\\\/\\\/www.boxrepsol.com\\\/es\\\/#organization\",\"name\":\"Box Repsol\",\"url\":\"https:\\\/\\\/www.boxrepsol.com\\\/es\\\/\",\"logo\":{\"@type\":\"ImageObject\",\"inLanguage\":\"es\",\"@id\":\"https:\\\/\\\/www.boxrepsol.com\\\/es\\\/#\\\/schema\\\/logo\\\/image\\\/\",\"url\":\"https:\\\/\\\/bxrepsol.s3.eu-west-1.amazonaws.com\\\/static\\\/2025\\\/07\\\/30083337\\\/favicon-96x96-1.png\",\"contentUrl\":\"https:\\\/\\\/bxrepsol.s3.eu-west-1.amazonaws.com\\\/static\\\/2025\\\/07\\\/30083337\\\/favicon-96x96-1.png\",\"width\":96,\"height\":96,\"caption\":\"Box Repsol\"},\"image\":{\"@id\":\"https:\\\/\\\/www.boxrepsol.com\\\/es\\\/#\\\/schema\\\/logo\\\/image\\\/\"},\"sameAs\":[\"https:\\\/\\\/www.facebook.com\\\/BoxRepsol\",\"https:\\\/\\\/x.com\\\/box_repsol\",\"http:\\\/\\\/instagram.com\\\/box_repsol\",\"https:\\\/\\\/www.youtube.com\\\/user\\\/RepsolCompeticion\",\"https:\\\/\\\/www.flickr.com\\\/photos\\\/box_repsol\\\/\"]},{\"@type\":\"Person\",\"@id\":\"https:\\\/\\\/www.boxrepsol.com\\\/es\\\/#\\\/schema\\\/person\\\/c5c2138f2cca251b0ad92b7086bb60b7\",\"name\":\"Redacci\u00f3n Box Repsol\",\"image\":{\"@type\":\"ImageObject\",\"inLanguage\":\"es\",\"@id\":\"https:\\\/\\\/secure.gravatar.com\\\/avatar\\\/adf7b77e38b4419baf32c7e9c21dde01f4e40df611f0978e3006fc4ba0aaab7e?s=96&d=mm&r=g\",\"url\":\"https:\\\/\\\/secure.gravatar.com\\\/avatar\\\/adf7b77e38b4419baf32c7e9c21dde01f4e40df611f0978e3006fc4ba0aaab7e?s=96&d=mm&r=g\",\"contentUrl\":\"https:\\\/\\\/secure.gravatar.com\\\/avatar\\\/adf7b77e38b4419baf32c7e9c21dde01f4e40df611f0978e3006fc4ba0aaab7e?s=96&d=mm&r=g\",\"caption\":\"Redacci\u00f3n Box Repsol\"},\"description\":\"Box Repsol lo forma un equipo de periodistas, community managers, dise\u00f1adores y fot\u00f3grafos con m\u00e1s de 20 a\u00f1os de experiencia en el mundo del motorsport. Hemos vivido el primer mundial de un espa\u00f1ol en la categor\u00eda reina de motociclismo con \u00c1lex Crivill\u00e9, estuvimos en las victorias de Pedrosa y los t\u00edtulos de M\u00e1rquez, acompa\u00f1amos en \u00c1frica a Nani Roma y Marc Coma en sus conquistas del Dakar y hemos vibrado con los t\u00edtulos de Toni Bou en Trial. Adem\u00e1s, en nuestro equipo contamos con expertos en el mundo de las dos y cuatro ruedas tanto de la calle y las carreteras, como de los circuitos. Periodistas que han trabajado en revistas y publicaciones para hacerte llegar desde rutas y consejos de mantenimiento, a curiosidades y trucos de pilotaje.\",\"sameAs\":[\"https:\\\/\\\/www.facebook.com\\\/BoxRepsol\\\/\",\"https:\\\/\\\/www.instagram.com\\\/box_repsol\\\/\",\"https:\\\/\\\/x.com\\\/https:\\\/\\\/twitter.com\\\/box_repsol\",\"https:\\\/\\\/www.youtube.com\\\/@Boxrepsol\"],\"url\":\"https:\\\/\\\/www.boxrepsol.com\\\/es\\\/author\\\/redaccion-box-repsol\\\/\"}]}<\/script>\n<!-- \/ Yoast SEO plugin. -->","yoast_head_json":{"title":"Isidre Esteve finaliza uno de los Dakar m\u00e1s duros compitiendo de t\u00fa a t\u00fa con los mejores - Box Repsol","description":"Isidre Esteve finaliza el Dakar 2023. Conoce los desaf\u00edos y logros de este destacado piloto en la competici\u00f3n de rally.","canonical":"https:\/\/www.boxrepsol.com\/es\/rally\/isidre-esteve-finaliza-uno-de-los-dakar-mas-duros-compitiendo-de-tu-a-tu-con-los-mejores\/","og_locale":"es_ES","og_type":"article","og_title":"Isidre Esteve finaliza uno de los Dakar m\u00e1s duros compitiendo de t\u00fa a t\u00fa con los mejores - Box Repsol","og_description":"Isidre Esteve finaliza el Dakar 2023. Conoce los desaf\u00edos y logros de este destacado piloto en la competici\u00f3n de rally.","og_url":"https:\/\/www.boxrepsol.com\/es\/rally\/isidre-esteve-finaliza-uno-de-los-dakar-mas-duros-compitiendo-de-tu-a-tu-con-los-mejores\/","og_site_name":"Box Repsol","article_publisher":"https:\/\/www.facebook.com\/BoxRepsol","article_author":"https:\/\/www.facebook.com\/BoxRepsol\/","article_published_time":"2023-01-15T02:00:00+00:00","article_modified_time":"2024-04-08T10:38:46+00:00","og_image":[{"width":2560,"height":1706,"url":"https:\/\/bxrepsol.s3.eu-west-1.amazonaws.com\/static\/2023\/02\/06090306\/Dakar23_E14_Isidre_Esteve_1-scaled.jpg","type":"image\/jpeg"}],"author":"Redacci\u00f3n Box Repsol","twitter_card":"summary_large_image","twitter_creator":"@https:\/\/twitter.com\/box_repsol","twitter_site":"@box_repsol","twitter_misc":{"Written by":"Redacci\u00f3n Box Repsol","Est. reading time":"4 minutos"},"schema":{"@context":"https:\/\/schema.org","@graph":[{"@type":"Article","@id":"https:\/\/www.boxrepsol.com\/es\/rally\/isidre-esteve-finaliza-uno-de-los-dakar-mas-duros-compitiendo-de-tu-a-tu-con-los-mejores\/#article","isPartOf":{"@id":"https:\/\/www.boxrepsol.com\/es\/rally\/isidre-esteve-finaliza-uno-de-los-dakar-mas-duros-compitiendo-de-tu-a-tu-con-los-mejores\/"},"author":{"name":"Redacci\u00f3n Box Repsol","@id":"https:\/\/www.boxrepsol.com\/es\/#\/schema\/person\/c5c2138f2cca251b0ad92b7086bb60b7"},"headline":"Isidre Esteve finaliza uno de los Dakar m\u00e1s duros compitiendo de t\u00fa a t\u00fa con los mejores","datePublished":"2023-01-15T02:00:00+00:00","dateModified":"2024-04-08T10:38:46+00:00","mainEntityOfPage":{"@id":"https:\/\/www.boxrepsol.com\/es\/rally\/isidre-esteve-finaliza-uno-de-los-dakar-mas-duros-compitiendo-de-tu-a-tu-con-los-mejores\/"},"wordCount":916,"commentCount":0,"publisher":{"@id":"https:\/\/www.boxrepsol.com\/es\/#organization"},"image":{"@id":"https:\/\/www.boxrepsol.com\/es\/rally\/isidre-esteve-finaliza-uno-de-los-dakar-mas-duros-compitiendo-de-tu-a-tu-con-los-mejores\/#primaryimage"},"thumbnailUrl":"https:\/\/bxrepsol.s3.eu-west-1.amazonaws.com\/static\/2023\/02\/06090306\/Dakar23_E14_Isidre_Esteve_1-scaled.jpg","keywords":["2023","Dakar","Isidre Esteve","Repsol Rally Team"],"articleSection":["Rally"],"inLanguage":"es","potentialAction":[{"@type":"CommentAction","name":"Comment","target":["https:\/\/www.boxrepsol.com\/es\/rally\/isidre-esteve-finaliza-uno-de-los-dakar-mas-duros-compitiendo-de-tu-a-tu-con-los-mejores\/#respond"]}]},{"@type":"WebPage","@id":"https:\/\/www.boxrepsol.com\/es\/rally\/isidre-esteve-finaliza-uno-de-los-dakar-mas-duros-compitiendo-de-tu-a-tu-con-los-mejores\/","url":"https:\/\/www.boxrepsol.com\/es\/rally\/isidre-esteve-finaliza-uno-de-los-dakar-mas-duros-compitiendo-de-tu-a-tu-con-los-mejores\/","name":"Isidre Esteve finaliza uno de los Dakar m\u00e1s duros compitiendo de t\u00fa a t\u00fa con los mejores - Box Repsol","isPartOf":{"@id":"https:\/\/www.boxrepsol.com\/es\/#website"},"primaryImageOfPage":{"@id":"https:\/\/www.boxrepsol.com\/es\/rally\/isidre-esteve-finaliza-uno-de-los-dakar-mas-duros-compitiendo-de-tu-a-tu-con-los-mejores\/#primaryimage"},"image":{"@id":"https:\/\/www.boxrepsol.com\/es\/rally\/isidre-esteve-finaliza-uno-de-los-dakar-mas-duros-compitiendo-de-tu-a-tu-con-los-mejores\/#primaryimage"},"thumbnailUrl":"https:\/\/bxrepsol.s3.eu-west-1.amazonaws.com\/static\/2023\/02\/06090306\/Dakar23_E14_Isidre_Esteve_1-scaled.jpg","datePublished":"2023-01-15T02:00:00+00:00","dateModified":"2024-04-08T10:38:46+00:00","description":"Isidre Esteve finaliza el Dakar 2023. Conoce los desaf\u00edos y logros de este destacado piloto en la competici\u00f3n de rally.","breadcrumb":{"@id":"https:\/\/www.boxrepsol.com\/es\/rally\/isidre-esteve-finaliza-uno-de-los-dakar-mas-duros-compitiendo-de-tu-a-tu-con-los-mejores\/#breadcrumb"},"inLanguage":"es","potentialAction":[{"@type":"ReadAction","target":["https:\/\/www.boxrepsol.com\/es\/rally\/isidre-esteve-finaliza-uno-de-los-dakar-mas-duros-compitiendo-de-tu-a-tu-con-los-mejores\/"]}]},{"@type":"ImageObject","inLanguage":"es","@id":"https:\/\/www.boxrepsol.com\/es\/rally\/isidre-esteve-finaliza-uno-de-los-dakar-mas-duros-compitiendo-de-tu-a-tu-con-los-mejores\/#primaryimage","url":"https:\/\/bxrepsol.s3.eu-west-1.amazonaws.com\/static\/2023\/02\/06090306\/Dakar23_E14_Isidre_Esteve_1-scaled.jpg","contentUrl":"https:\/\/bxrepsol.s3.eu-west-1.amazonaws.com\/static\/2023\/02\/06090306\/Dakar23_E14_Isidre_Esteve_1-scaled.jpg","width":2560,"height":1706},{"@type":"BreadcrumbList","@id":"https:\/\/www.boxrepsol.com\/es\/rally\/isidre-esteve-finaliza-uno-de-los-dakar-mas-duros-compitiendo-de-tu-a-tu-con-los-mejores\/#breadcrumb","itemListElement":[{"@type":"ListItem","position":1,"name":"Home","item":"https:\/\/www.boxrepsol.com\/es\/"},{"@type":"ListItem","position":2,"name":"Isidre Esteve finaliza uno de los Dakar m\u00e1s duros compitiendo de t\u00fa a t\u00fa con los mejores"}]},{"@type":"WebSite","@id":"https:\/\/www.boxrepsol.com\/es\/#website","url":"https:\/\/www.boxrepsol.com\/es\/","name":"Box Repsol","description":"Box Repsol Site","publisher":{"@id":"https:\/\/www.boxrepsol.com\/es\/#organization"},"potentialAction":[{"@type":"SearchAction","target":{"@type":"EntryPoint","urlTemplate":"https:\/\/www.boxrepsol.com\/es\/?s={search_term_string}"},"query-input":{"@type":"PropertyValueSpecification","valueRequired":true,"valueName":"search_term_string"}}],"inLanguage":"es"},{"@type":"Organization","@id":"https:\/\/www.boxrepsol.com\/es\/#organization","name":"Box Repsol","url":"https:\/\/www.boxrepsol.com\/es\/","logo":{"@type":"ImageObject","inLanguage":"es","@id":"https:\/\/www.boxrepsol.com\/es\/#\/schema\/logo\/image\/","url":"https:\/\/bxrepsol.s3.eu-west-1.amazonaws.com\/static\/2025\/07\/30083337\/favicon-96x96-1.png","contentUrl":"https:\/\/bxrepsol.s3.eu-west-1.amazonaws.com\/static\/2025\/07\/30083337\/favicon-96x96-1.png","width":96,"height":96,"caption":"Box Repsol"},"image":{"@id":"https:\/\/www.boxrepsol.com\/es\/#\/schema\/logo\/image\/"},"sameAs":["https:\/\/www.facebook.com\/BoxRepsol","https:\/\/x.com\/box_repsol","http:\/\/instagram.com\/box_repsol","https:\/\/www.youtube.com\/user\/RepsolCompeticion","https:\/\/www.flickr.com\/photos\/box_repsol\/"]},{"@type":"Person","@id":"https:\/\/www.boxrepsol.com\/es\/#\/schema\/person\/c5c2138f2cca251b0ad92b7086bb60b7","name":"Redacci\u00f3n Box Repsol","image":{"@type":"ImageObject","inLanguage":"es","@id":"https:\/\/secure.gravatar.com\/avatar\/adf7b77e38b4419baf32c7e9c21dde01f4e40df611f0978e3006fc4ba0aaab7e?s=96&d=mm&r=g","url":"https:\/\/secure.gravatar.com\/avatar\/adf7b77e38b4419baf32c7e9c21dde01f4e40df611f0978e3006fc4ba0aaab7e?s=96&d=mm&r=g","contentUrl":"https:\/\/secure.gravatar.com\/avatar\/adf7b77e38b4419baf32c7e9c21dde01f4e40df611f0978e3006fc4ba0aaab7e?s=96&d=mm&r=g","caption":"Redacci\u00f3n Box Repsol"},"description":"Box Repsol lo forma un equipo de periodistas, community managers, dise\u00f1adores y fot\u00f3grafos con m\u00e1s de 20 a\u00f1os de experiencia en el mundo del motorsport. Hemos vivido el primer mundial de un espa\u00f1ol en la categor\u00eda reina de motociclismo con \u00c1lex Crivill\u00e9, estuvimos en las victorias de Pedrosa y los t\u00edtulos de M\u00e1rquez, acompa\u00f1amos en \u00c1frica a Nani Roma y Marc Coma en sus conquistas del Dakar y hemos vibrado con los t\u00edtulos de Toni Bou en Trial. Adem\u00e1s, en nuestro equipo contamos con expertos en el mundo de las dos y cuatro ruedas tanto de la calle y las carreteras, como de los circuitos. Periodistas que han trabajado en revistas y publicaciones para hacerte llegar desde rutas y consejos de mantenimiento, a curiosidades y trucos de pilotaje.","sameAs":["https:\/\/www.facebook.com\/BoxRepsol\/","https:\/\/www.instagram.com\/box_repsol\/","https:\/\/x.com\/https:\/\/twitter.com\/box_repsol","https:\/\/www.youtube.com\/@Boxrepsol"],"url":"https:\/\/www.boxrepsol.com\/es\/author\/redaccion-box-repsol\/"}]}},"_links":{"self":[{"href":"https:\/\/www.boxrepsol.com\/es\/wp-json\/wp\/v2\/posts\/95659","targetHints":{"allow":["GET"]}}],"collection":[{"href":"https:\/\/www.boxrepsol.com\/es\/wp-json\/wp\/v2\/posts"}],"about":[{"href":"https:\/\/www.boxrepsol.com\/es\/wp-json\/wp\/v2\/types\/post"}],"author":[{"embeddable":true,"href":"https:\/\/www.boxrepsol.com\/es\/wp-json\/wp\/v2\/users\/43146"}],"replies":[{"embeddable":true,"href":"https:\/\/www.boxrepsol.com\/es\/wp-json\/wp\/v2\/comments?post=95659"}],"version-history":[{"count":2,"href":"https:\/\/www.boxrepsol.com\/es\/wp-json\/wp\/v2\/posts\/95659\/revisions"}],"predecessor-version":[{"id":107354,"href":"https:\/\/www.boxrepsol.com\/es\/wp-json\/wp\/v2\/posts\/95659\/revisions\/107354"}],"wp:featuredmedia":[{"embeddable":true,"href":"https:\/\/www.boxrepsol.com\/es\/wp-json\/wp\/v2\/media\/85180"}],"wp:attachment":[{"href":"https:\/\/www.boxrepsol.com\/es\/wp-json\/wp\/v2\/media?parent=95659"}],"wp:term":[{"taxonomy":"category","embeddable":true,"href":"https:\/\/www.boxrepsol.com\/es\/wp-json\/wp\/v2\/categories?post=95659"},{"taxonomy":"post_tag","embeddable":true,"href":"https:\/\/www.boxrepsol.com\/es\/wp-json\/wp\/v2\/tags?post=95659"}],"curies":[{"name":"wp","href":"https:\/\/api.w.org\/{rel}","templated":true}]}}