{"id":95655,"date":"2023-01-12T00:00:00","date_gmt":"2023-01-12T02:00:00","guid":{"rendered":"http:\/\/pre.boxrepsol.com\/sin-categorizar\/isidre-esteve-supera-la-primera-parte-de-la-maraton-pese-a-un-contratiempo\/"},"modified":"2024-04-08T08:39:42","modified_gmt":"2024-04-08T10:39:42","slug":"isidre-esteve-supera-la-primera-parte-de-la-maraton-pese-a-un-contratiempo","status":"publish","type":"post","link":"https:\/\/www.boxrepsol.com\/es\/rally\/isidre-esteve-supera-la-primera-parte-de-la-maraton-pese-a-un-contratiempo\/","title":{"rendered":"Isidre Esteve supera la primera parte de la marat\u00f3n pese a un contratiempo"},"content":{"rendered":"<p>Isidre Esteve y Txema Villalobos han finalizado la primera mitad de la <strong>etapa marat\u00f3n<\/strong> del Rally Dakar, trazada en el temido <strong>Empty Quarter<\/strong>, tras superar una situaci\u00f3n l\u00edmite en las dunas saud\u00edes. Un contratiempo t\u00e9cnico que imped\u00eda volver a poner en marcha el motor del coche del <strong>Repsol Rally Team<\/strong>, unido a dos enganchones en las dunas, han puesto a prueba la pericia y las dotes mec\u00e1nicas del conjunto espa\u00f1ol, que tras m\u00e1s de tres horas de reparaciones en plena especial ha conseguido alcanzar la meta del campamento para seguir ma\u00f1ana en carrera.<\/p>\n<p>El primer segmento de etapa marat\u00f3n vaticinaba grandes <strong>dificultades<\/strong>, tanto en la navegaci\u00f3n como por la propia naturaleza del recorrido, que alternaba zonas r\u00e1pidas con tramos de arena y dunas. Isidre Esteve y Txema Villalobos sorteaban la primera mitad de la especial rodando a muy buen ritmo y recuperando terreno respecto a la jornada de ayer, que cedi\u00f3 un gran protagonismo a los buggies ligeros (T3 y T4). Sin embargo, en el kil\u00f3metro 180 ha llegado el primer desaf\u00edo, como relata el piloto ilerdense: <em>\u00abHemos saltado una duna sin mayor problema, pero al aterrizar he calado el coche. Cuando lo he intentado volver a poner en marcha, el motor de arranque no funcionaba. Por suerte est\u00e1bamos en bajada, as\u00ed que, cuando Txema ha quitado arena de las ruedas, ha bastado un empuj\u00f3n para hacer revivir la mec\u00e1nica y seguir adelante\u201d<\/em>. Primera dificultad salvada, pero a cambio de un h\u00e1ndicap notable: la tripulaci\u00f3n espa\u00f1ola no pod\u00eda volver a calar el Toyota, y todav\u00eda les quedaba un largo tramo de arena por salvar\u2026<\/p>\n<p><em>\u00abLa \u00faltima duna del d\u00eda ten\u00eda una doble cresta en su cima, y al saltar la primera me he quedado clavado en la segunda con el coche colgando. En este punto, Txema se ha puesto de inmediato a trabajar para desmontar todo hasta dar con el problema y volver a poner en marcha el coche, operaci\u00f3n que le ha costado m\u00e1s de tres horas. Pero tras repararlo, hemos podido llegar a meta. Aunque no ha sido un buen d\u00eda, lo positivo es que estamos en el campamento, porque podr\u00edamos estar perfectamente durmiendo en las dunas\u201d<\/em>, concluye Isidre Esteve.<\/p>\n<p>El tiempo perdido ha relegado al Repsol Toyota Rally Team a la 112\u00aa posici\u00f3n de la jornada, 44\u00aa entre los T1, a 3h y 26 minutos del vencedor de la etapa. Se rompe con ello la extraordinaria progresi\u00f3n en la clasificaci\u00f3n general de los \u00faltimos d\u00edas, y los pilotos apoyados por Repsol, MGS Seguros, KH-7 y Toyota Espa\u00f1a retroceden a la 36\u00aa plaza de la general de coches, aunque se mantienen en 25\u00ba puesto entre los T1.<\/p>\n<p>Al tratarse de una etapa marat\u00f3n, Esteve y Villalobos no contar\u00e1n esta noche con el apoyo de los mec\u00e1nicos del Repsol Rally Team, por lo que deber\u00e1n reparar el Toyota Hilux T1+ con sus propios medios. El reencuentro con todo el equipo t\u00e9cnico se producir\u00e1 al fin de la etapa de ma\u00f1ana, que concluir\u00e1 en Shaybah tras 185 km cronometrados.<\/p>\n<p><a href=\"https:\/\/bxrepsol.s3.eu-west-1.amazonaws.com\/static\/2023\/02\/06090030\/Dak2023CB-9984-scaled.jpg\" data-index=\"0\"><br \/>\n<img decoding=\"async\" src=\"https:\/\/bxrepsol.s3.eu-west-1.amazonaws.com\/static\/2023\/02\/06090030\/Dak2023CB-9984-scaled.jpg\" srcset=\"https:\/\/bxrepsol.s3.eu-west-1.amazonaws.com\/static\/2023\/02\/06090030\/Dak2023CB-9984-scaled.jpg 5000w, https:\/\/bxrepsol.s3.eu-west-1.amazonaws.com\/static\/2023\/02\/06090030\/Dak2023CB-9984-scaled.jpg 1280w, https:\/\/bxrepsol.s3.eu-west-1.amazonaws.com\/static\/2023\/02\/06090030\/Dak2023CB-9984-scaled.jpg 900w, https:\/\/bxrepsol.s3.eu-west-1.amazonaws.com\/static\/2023\/02\/06090030\/Dak2023CB-9984-scaled.jpg 600w, https:\/\/bxrepsol.s3.eu-west-1.amazonaws.com\/static\/2023\/02\/06090030\/Dak2023CB-9984-scaled.jpg 480w, https:\/\/bxrepsol.s3.eu-west-1.amazonaws.com\/static\/2023\/02\/06090030\/Dak2023CB-9984-scaled.jpg 32w\" title=\"Dak2023CB-9984\" alt=\"\" data-title=\"\"><br \/>\n<\/a><br \/>\n<a href=\"https:\/\/bxrepsol.s3.eu-west-1.amazonaws.com\/static\/2023\/02\/06090039\/DAK23_FR_229_DSF2488-scaled.jpg\" data-index=\"1\"><br \/>\n<img decoding=\"async\" src=\"https:\/\/bxrepsol.s3.eu-west-1.amazonaws.com\/static\/2023\/02\/06090039\/DAK23_FR_229_DSF2488-scaled.jpg\" srcset=\"https:\/\/bxrepsol.s3.eu-west-1.amazonaws.com\/static\/2023\/02\/06090039\/DAK23_FR_229_DSF2488-scaled.jpg 5000w, https:\/\/bxrepsol.s3.eu-west-1.amazonaws.com\/static\/2023\/02\/06090039\/DAK23_FR_229_DSF2488-scaled.jpg 1280w, https:\/\/bxrepsol.s3.eu-west-1.amazonaws.com\/static\/2023\/02\/06090039\/DAK23_FR_229_DSF2488-scaled.jpg 900w, https:\/\/bxrepsol.s3.eu-west-1.amazonaws.com\/static\/2023\/02\/06090039\/DAK23_FR_229_DSF2488-scaled.jpg 600w, https:\/\/bxrepsol.s3.eu-west-1.amazonaws.com\/static\/2023\/02\/06090039\/DAK23_FR_229_DSF2488-scaled.jpg 480w, https:\/\/bxrepsol.s3.eu-west-1.amazonaws.com\/static\/2023\/02\/06090039\/DAK23_FR_229_DSF2488-scaled.jpg 32w\" title=\"DAK23_FR_229_DSF2488\" alt=\"\" data-title=\"\"><br \/>\n<\/a><br \/>\n<a href=\"https:\/\/bxrepsol.s3.eu-west-1.amazonaws.com\/static\/2023\/02\/06090046\/DAK23_EB_EDO4465-scaled.jpg\" data-index=\"2\"><br \/>\n<img decoding=\"async\" src=\"https:\/\/bxrepsol.s3.eu-west-1.amazonaws.com\/static\/2023\/02\/06090046\/DAK23_EB_EDO4465-scaled.jpg\" srcset=\"https:\/\/bxrepsol.s3.eu-west-1.amazonaws.com\/static\/2023\/02\/06090046\/DAK23_EB_EDO4465-scaled.jpg 5000w, https:\/\/bxrepsol.s3.eu-west-1.amazonaws.com\/static\/2023\/02\/06090046\/DAK23_EB_EDO4465-scaled.jpg 1280w, https:\/\/bxrepsol.s3.eu-west-1.amazonaws.com\/static\/2023\/02\/06090046\/DAK23_EB_EDO4465-scaled.jpg 900w, https:\/\/bxrepsol.s3.eu-west-1.amazonaws.com\/static\/2023\/02\/06090046\/DAK23_EB_EDO4465-scaled.jpg 600w, https:\/\/bxrepsol.s3.eu-west-1.amazonaws.com\/static\/2023\/02\/06090046\/DAK23_EB_EDO4465-scaled.jpg 480w, https:\/\/bxrepsol.s3.eu-west-1.amazonaws.com\/static\/2023\/02\/06090046\/DAK23_EB_EDO4465-scaled.jpg 32w\" title=\"DAK23_EB_EDO4465\" alt=\"\" data-title=\"\"><br \/>\n<\/a><br \/>\n<a href=\"https:\/\/bxrepsol.s3.eu-west-1.amazonaws.com\/static\/2023\/02\/06090051\/DAK23_229_GEB_4866-scaled.jpg\" data-index=\"3\"><br \/>\n<img decoding=\"async\" src=\"https:\/\/bxrepsol.s3.eu-west-1.amazonaws.com\/static\/2023\/02\/06090051\/DAK23_229_GEB_4866-scaled.jpg\" srcset=\"https:\/\/bxrepsol.s3.eu-west-1.amazonaws.com\/static\/2023\/02\/06090051\/DAK23_229_GEB_4866-scaled.jpg 5000w, https:\/\/bxrepsol.s3.eu-west-1.amazonaws.com\/static\/2023\/02\/06090051\/DAK23_229_GEB_4866-scaled.jpg 1280w, https:\/\/bxrepsol.s3.eu-west-1.amazonaws.com\/static\/2023\/02\/06090051\/DAK23_229_GEB_4866-scaled.jpg 900w, https:\/\/bxrepsol.s3.eu-west-1.amazonaws.com\/static\/2023\/02\/06090051\/DAK23_229_GEB_4866-scaled.jpg 600w, https:\/\/bxrepsol.s3.eu-west-1.amazonaws.com\/static\/2023\/02\/06090051\/DAK23_229_GEB_4866-scaled.jpg 480w, https:\/\/bxrepsol.s3.eu-west-1.amazonaws.com\/static\/2023\/02\/06090051\/DAK23_229_GEB_4866-scaled.jpg 32w\" title=\"DAK23_229_GEB_4866\" alt=\"\" data-title=\"\"><br \/>\n<\/a><br \/>\n<a href=\"https:\/\/bxrepsol.s3.eu-west-1.amazonaws.com\/static\/2023\/02\/06090054\/LR-0112100444-MMPHOTO5.jpg\" data-index=\"4\"><br \/>\n<img decoding=\"async\" src=\"https:\/\/bxrepsol.s3.eu-west-1.amazonaws.com\/static\/2023\/02\/06090054\/LR-0112100444-MMPHOTO5.jpg\" srcset=\"https:\/\/bxrepsol.s3.eu-west-1.amazonaws.com\/static\/2023\/02\/06090054\/LR-0112100444-MMPHOTO5.jpg 2500w, https:\/\/bxrepsol.s3.eu-west-1.amazonaws.com\/static\/2023\/02\/06090054\/LR-0112100444-MMPHOTO5.jpg 1280w, https:\/\/bxrepsol.s3.eu-west-1.amazonaws.com\/static\/2023\/02\/06090054\/LR-0112100444-MMPHOTO5.jpg 900w, https:\/\/bxrepsol.s3.eu-west-1.amazonaws.com\/static\/2023\/02\/06090054\/LR-0112100444-MMPHOTO5.jpg 600w, https:\/\/bxrepsol.s3.eu-west-1.amazonaws.com\/static\/2023\/02\/06090054\/LR-0112100444-MMPHOTO5.jpg 480w, https:\/\/bxrepsol.s3.eu-west-1.amazonaws.com\/static\/2023\/02\/06090054\/LR-0112100444-MMPHOTO5.jpg 32w\" title=\"LR-0112100444-MMPHOTO5\" alt=\"\" data-title=\"\"><br \/>\n<\/a><br \/>\n<button data-glide-dir=\"<\"><br \/>\n<svg role=\"img\" viewBox=\"0 0 256 512\">\n                <path fill=\"currentColor\" d=\"M238.475 475.535l7.071-7.07c4.686-4.686 4.686-12.284 0-16.971L50.053 256 245.546 60.506c4.686-4.686 4.686-12.284 0-16.971l-7.071-7.07c-4.686-4.686-12.284-4.686-16.97 0L10.454 247.515c-4.686 4.686-4.686 12.284 0 16.971l211.051 211.05c4.686 4.686 12.284 4.686 16.97-.001z\"><\/path>\n            <\/svg><br \/>\n<\/button><br \/>\n<button data-glide-dir=\">\u00ab><br \/>\n<svg role=\"img\" viewBox=\"0 0 256 512\">\n                <path fill=\"currentColor\" d=\"M17.525 36.465l-7.071 7.07c-4.686 4.686-4.686 12.284 0 16.971L205.947 256 10.454 451.494c-4.686 4.686-4.686 12.284 0 16.971l7.071 7.07c4.686 4.686 12.284 4.686 16.97 0l211.051-211.05c4.686-4.686 4.686-12.284 0-16.971L34.495 36.465c-4.686-4.687-12.284-4.687-16.97 0z\"><\/path>\n            <\/svg><br \/>\n<\/button><\/p>\n<p><strong>Clasificaci\u00f3n etapa:<\/strong><br \/>\n1. Sebastien Loeb (Prodrive) 2h 56\u201914\u201d<br \/>\n2. Guerlain Chicherit (Prodrive) +2\u201916\u201d<br \/>\n3. Mattias Ekstr\u00f6m (Audi) +2\u201926\u201d<br \/>\n4. Lucas Moraes (Toyota) +6\u201912\u201d<br \/>\n5. Nasser Al-Attiyah (Toyota) 6\u201942\u201d<br \/>\n\u2026<br \/>\n<strong>112. Isidre Esteve (Toyota) +3h 26\u201950\u201d<\/strong><\/p>\n<p><strong>Clasificaci\u00f3n general:<\/strong><br \/>\n1. Nasser Al-Attiyah (Toyota) 39h 16\u201933\u201d<br \/>\n2. Lucas Moraes (Toyota) +1h 21\u201904\u201d<br \/>\n3. Sebastien Loeb (Prodrive) +1h 30\u201941\u201d<br \/>\n4. Henk Lategan (Toyota) +1h 49\u201917\u201d<br \/>\n5. Giniel de Villiers (Toyota) +2h 14\u201918\u201d<br \/>\n\u2026<br \/>\n<strong>36. Isidre Esteve (Toyota) +9h 52\u201952\u201d<\/strong><\/p>\n","protected":false},"excerpt":{"rendered":"<p>Los pilotos del Repsol Toyota Rally Team han completado una dif\u00edcil 11\u00aa etapa del Rally Dakar con un retraso de algo m\u00e1s de tres horas despu\u00e9s de engancharse dos veces en las dunas y tener un problema t\u00e9cnico.<\/p>\n","protected":false},"author":43146,"featured_media":85132,"comment_status":"open","ping_status":"open","sticky":false,"template":"","format":"standard","meta":{"footnotes":""},"categories":[27],"tags":[269,201,29,183],"class_list":["post-95655","post","type-post","status-publish","format-standard","hentry","category-rally","tag-269","tag-dakar","tag-isidre-esteve","tag-repsol-rally-team"],"yoast_head":"<!-- This site is optimized with the Yoast SEO plugin v27.3 - https:\/\/yoast.com\/product\/yoast-seo-wordpress\/ -->\n<title>Isidre Esteve supera la primera parte de la marat\u00f3n pese a un contratiempo - Box Repsol<\/title>\n<meta name=\"description\" content=\"Isidre Esteve supera la primera parte de la marat\u00f3n pese a un contratiempo: continua la determinaci\u00f3n y el esp\u00edritu de lucha del piloto.\" \/>\n<link rel=\"canonical\" href=\"https:\/\/www.boxrepsol.com\/es\/rally\/isidre-esteve-supera-la-primera-parte-de-la-maraton-pese-a-un-contratiempo\/\" \/>\n<meta property=\"og:locale\" content=\"es_ES\" \/>\n<meta property=\"og:type\" content=\"article\" \/>\n<meta property=\"og:title\" content=\"Isidre Esteve supera la primera parte de la marat\u00f3n pese a un contratiempo - Box Repsol\" \/>\n<meta property=\"og:description\" content=\"Isidre Esteve supera la primera parte de la marat\u00f3n pese a un contratiempo: continua la determinaci\u00f3n y el esp\u00edritu de lucha del piloto.\" \/>\n<meta property=\"og:url\" content=\"https:\/\/www.boxrepsol.com\/es\/rally\/isidre-esteve-supera-la-primera-parte-de-la-maraton-pese-a-un-contratiempo\/\" \/>\n<meta property=\"og:site_name\" content=\"Box Repsol\" \/>\n<meta property=\"article:publisher\" content=\"https:\/\/www.facebook.com\/BoxRepsol\" \/>\n<meta property=\"article:author\" content=\"https:\/\/www.facebook.com\/BoxRepsol\/\" \/>\n<meta property=\"article:published_time\" content=\"2023-01-12T02:00:00+00:00\" \/>\n<meta property=\"article:modified_time\" content=\"2024-04-08T10:39:42+00:00\" \/>\n<meta property=\"og:image\" content=\"https:\/\/bxrepsol.s3.eu-west-1.amazonaws.com\/static\/2023\/02\/06090100\/DAK23_BR-3690-copia-scaled.jpg\" \/>\n\t<meta property=\"og:image:width\" content=\"2560\" \/>\n\t<meta property=\"og:image:height\" content=\"1200\" \/>\n\t<meta property=\"og:image:type\" content=\"image\/jpeg\" \/>\n<meta name=\"author\" content=\"Redacci\u00f3n Box Repsol\" \/>\n<meta name=\"twitter:card\" content=\"summary_large_image\" \/>\n<meta name=\"twitter:creator\" content=\"@https:\/\/twitter.com\/box_repsol\" \/>\n<meta name=\"twitter:site\" content=\"@box_repsol\" \/>\n<meta name=\"twitter:label1\" content=\"Written by\" \/>\n\t<meta name=\"twitter:data1\" content=\"Redacci\u00f3n Box Repsol\" \/>\n\t<meta name=\"twitter:label2\" content=\"Est. reading time\" \/>\n\t<meta name=\"twitter:data2\" content=\"3 minutos\" \/>\n<script type=\"application\/ld+json\" class=\"yoast-schema-graph\">{\"@context\":\"https:\\\/\\\/schema.org\",\"@graph\":[{\"@type\":\"Article\",\"@id\":\"https:\\\/\\\/www.boxrepsol.com\\\/es\\\/rally\\\/isidre-esteve-supera-la-primera-parte-de-la-maraton-pese-a-un-contratiempo\\\/#article\",\"isPartOf\":{\"@id\":\"https:\\\/\\\/www.boxrepsol.com\\\/es\\\/rally\\\/isidre-esteve-supera-la-primera-parte-de-la-maraton-pese-a-un-contratiempo\\\/\"},\"author\":{\"name\":\"Redacci\u00f3n Box Repsol\",\"@id\":\"https:\\\/\\\/www.boxrepsol.com\\\/es\\\/#\\\/schema\\\/person\\\/c5c2138f2cca251b0ad92b7086bb60b7\"},\"headline\":\"Isidre Esteve supera la primera parte de la marat\u00f3n pese a un contratiempo\",\"datePublished\":\"2023-01-12T02:00:00+00:00\",\"dateModified\":\"2024-04-08T10:39:42+00:00\",\"mainEntityOfPage\":{\"@id\":\"https:\\\/\\\/www.boxrepsol.com\\\/es\\\/rally\\\/isidre-esteve-supera-la-primera-parte-de-la-maraton-pese-a-un-contratiempo\\\/\"},\"wordCount\":598,\"commentCount\":0,\"publisher\":{\"@id\":\"https:\\\/\\\/www.boxrepsol.com\\\/es\\\/#organization\"},\"image\":{\"@id\":\"https:\\\/\\\/www.boxrepsol.com\\\/es\\\/rally\\\/isidre-esteve-supera-la-primera-parte-de-la-maraton-pese-a-un-contratiempo\\\/#primaryimage\"},\"thumbnailUrl\":\"https:\\\/\\\/bxrepsol.s3.eu-west-1.amazonaws.com\\\/static\\\/2023\\\/02\\\/06090100\\\/DAK23_BR-3690-copia-scaled.jpg\",\"keywords\":[\"2023\",\"Dakar\",\"Isidre Esteve\",\"Repsol Rally Team\"],\"articleSection\":[\"Rally\"],\"inLanguage\":\"es\",\"potentialAction\":[{\"@type\":\"CommentAction\",\"name\":\"Comment\",\"target\":[\"https:\\\/\\\/www.boxrepsol.com\\\/es\\\/rally\\\/isidre-esteve-supera-la-primera-parte-de-la-maraton-pese-a-un-contratiempo\\\/#respond\"]}]},{\"@type\":\"WebPage\",\"@id\":\"https:\\\/\\\/www.boxrepsol.com\\\/es\\\/rally\\\/isidre-esteve-supera-la-primera-parte-de-la-maraton-pese-a-un-contratiempo\\\/\",\"url\":\"https:\\\/\\\/www.boxrepsol.com\\\/es\\\/rally\\\/isidre-esteve-supera-la-primera-parte-de-la-maraton-pese-a-un-contratiempo\\\/\",\"name\":\"Isidre Esteve supera la primera parte de la marat\u00f3n pese a un contratiempo - Box Repsol\",\"isPartOf\":{\"@id\":\"https:\\\/\\\/www.boxrepsol.com\\\/es\\\/#website\"},\"primaryImageOfPage\":{\"@id\":\"https:\\\/\\\/www.boxrepsol.com\\\/es\\\/rally\\\/isidre-esteve-supera-la-primera-parte-de-la-maraton-pese-a-un-contratiempo\\\/#primaryimage\"},\"image\":{\"@id\":\"https:\\\/\\\/www.boxrepsol.com\\\/es\\\/rally\\\/isidre-esteve-supera-la-primera-parte-de-la-maraton-pese-a-un-contratiempo\\\/#primaryimage\"},\"thumbnailUrl\":\"https:\\\/\\\/bxrepsol.s3.eu-west-1.amazonaws.com\\\/static\\\/2023\\\/02\\\/06090100\\\/DAK23_BR-3690-copia-scaled.jpg\",\"datePublished\":\"2023-01-12T02:00:00+00:00\",\"dateModified\":\"2024-04-08T10:39:42+00:00\",\"description\":\"Isidre Esteve supera la primera parte de la marat\u00f3n pese a un contratiempo: continua la determinaci\u00f3n y el esp\u00edritu de lucha del piloto.\",\"breadcrumb\":{\"@id\":\"https:\\\/\\\/www.boxrepsol.com\\\/es\\\/rally\\\/isidre-esteve-supera-la-primera-parte-de-la-maraton-pese-a-un-contratiempo\\\/#breadcrumb\"},\"inLanguage\":\"es\",\"potentialAction\":[{\"@type\":\"ReadAction\",\"target\":[\"https:\\\/\\\/www.boxrepsol.com\\\/es\\\/rally\\\/isidre-esteve-supera-la-primera-parte-de-la-maraton-pese-a-un-contratiempo\\\/\"]}]},{\"@type\":\"ImageObject\",\"inLanguage\":\"es\",\"@id\":\"https:\\\/\\\/www.boxrepsol.com\\\/es\\\/rally\\\/isidre-esteve-supera-la-primera-parte-de-la-maraton-pese-a-un-contratiempo\\\/#primaryimage\",\"url\":\"https:\\\/\\\/bxrepsol.s3.eu-west-1.amazonaws.com\\\/static\\\/2023\\\/02\\\/06090100\\\/DAK23_BR-3690-copia-scaled.jpg\",\"contentUrl\":\"https:\\\/\\\/bxrepsol.s3.eu-west-1.amazonaws.com\\\/static\\\/2023\\\/02\\\/06090100\\\/DAK23_BR-3690-copia-scaled.jpg\",\"width\":2560,\"height\":1200},{\"@type\":\"BreadcrumbList\",\"@id\":\"https:\\\/\\\/www.boxrepsol.com\\\/es\\\/rally\\\/isidre-esteve-supera-la-primera-parte-de-la-maraton-pese-a-un-contratiempo\\\/#breadcrumb\",\"itemListElement\":[{\"@type\":\"ListItem\",\"position\":1,\"name\":\"Home\",\"item\":\"https:\\\/\\\/www.boxrepsol.com\\\/es\\\/\"},{\"@type\":\"ListItem\",\"position\":2,\"name\":\"Isidre Esteve supera la primera parte de la marat\u00f3n pese a un contratiempo\"}]},{\"@type\":\"WebSite\",\"@id\":\"https:\\\/\\\/www.boxrepsol.com\\\/es\\\/#website\",\"url\":\"https:\\\/\\\/www.boxrepsol.com\\\/es\\\/\",\"name\":\"Box Repsol\",\"description\":\"Box Repsol Site\",\"publisher\":{\"@id\":\"https:\\\/\\\/www.boxrepsol.com\\\/es\\\/#organization\"},\"potentialAction\":[{\"@type\":\"SearchAction\",\"target\":{\"@type\":\"EntryPoint\",\"urlTemplate\":\"https:\\\/\\\/www.boxrepsol.com\\\/es\\\/?s={search_term_string}\"},\"query-input\":{\"@type\":\"PropertyValueSpecification\",\"valueRequired\":true,\"valueName\":\"search_term_string\"}}],\"inLanguage\":\"es\"},{\"@type\":\"Organization\",\"@id\":\"https:\\\/\\\/www.boxrepsol.com\\\/es\\\/#organization\",\"name\":\"Box Repsol\",\"url\":\"https:\\\/\\\/www.boxrepsol.com\\\/es\\\/\",\"logo\":{\"@type\":\"ImageObject\",\"inLanguage\":\"es\",\"@id\":\"https:\\\/\\\/www.boxrepsol.com\\\/es\\\/#\\\/schema\\\/logo\\\/image\\\/\",\"url\":\"https:\\\/\\\/bxrepsol.s3.eu-west-1.amazonaws.com\\\/static\\\/2025\\\/07\\\/30083337\\\/favicon-96x96-1.png\",\"contentUrl\":\"https:\\\/\\\/bxrepsol.s3.eu-west-1.amazonaws.com\\\/static\\\/2025\\\/07\\\/30083337\\\/favicon-96x96-1.png\",\"width\":96,\"height\":96,\"caption\":\"Box Repsol\"},\"image\":{\"@id\":\"https:\\\/\\\/www.boxrepsol.com\\\/es\\\/#\\\/schema\\\/logo\\\/image\\\/\"},\"sameAs\":[\"https:\\\/\\\/www.facebook.com\\\/BoxRepsol\",\"https:\\\/\\\/x.com\\\/box_repsol\",\"http:\\\/\\\/instagram.com\\\/box_repsol\",\"https:\\\/\\\/www.youtube.com\\\/user\\\/RepsolCompeticion\",\"https:\\\/\\\/www.flickr.com\\\/photos\\\/box_repsol\\\/\"]},{\"@type\":\"Person\",\"@id\":\"https:\\\/\\\/www.boxrepsol.com\\\/es\\\/#\\\/schema\\\/person\\\/c5c2138f2cca251b0ad92b7086bb60b7\",\"name\":\"Redacci\u00f3n Box Repsol\",\"image\":{\"@type\":\"ImageObject\",\"inLanguage\":\"es\",\"@id\":\"https:\\\/\\\/secure.gravatar.com\\\/avatar\\\/adf7b77e38b4419baf32c7e9c21dde01f4e40df611f0978e3006fc4ba0aaab7e?s=96&d=mm&r=g\",\"url\":\"https:\\\/\\\/secure.gravatar.com\\\/avatar\\\/adf7b77e38b4419baf32c7e9c21dde01f4e40df611f0978e3006fc4ba0aaab7e?s=96&d=mm&r=g\",\"contentUrl\":\"https:\\\/\\\/secure.gravatar.com\\\/avatar\\\/adf7b77e38b4419baf32c7e9c21dde01f4e40df611f0978e3006fc4ba0aaab7e?s=96&d=mm&r=g\",\"caption\":\"Redacci\u00f3n Box Repsol\"},\"description\":\"Box Repsol lo forma un equipo de periodistas, community managers, dise\u00f1adores y fot\u00f3grafos con m\u00e1s de 20 a\u00f1os de experiencia en el mundo del motorsport. Hemos vivido el primer mundial de un espa\u00f1ol en la categor\u00eda reina de motociclismo con \u00c1lex Crivill\u00e9, estuvimos en las victorias de Pedrosa y los t\u00edtulos de M\u00e1rquez, acompa\u00f1amos en \u00c1frica a Nani Roma y Marc Coma en sus conquistas del Dakar y hemos vibrado con los t\u00edtulos de Toni Bou en Trial. Adem\u00e1s, en nuestro equipo contamos con expertos en el mundo de las dos y cuatro ruedas tanto de la calle y las carreteras, como de los circuitos. Periodistas que han trabajado en revistas y publicaciones para hacerte llegar desde rutas y consejos de mantenimiento, a curiosidades y trucos de pilotaje.\",\"sameAs\":[\"https:\\\/\\\/www.facebook.com\\\/BoxRepsol\\\/\",\"https:\\\/\\\/www.instagram.com\\\/box_repsol\\\/\",\"https:\\\/\\\/x.com\\\/https:\\\/\\\/twitter.com\\\/box_repsol\",\"https:\\\/\\\/www.youtube.com\\\/@Boxrepsol\"],\"url\":\"https:\\\/\\\/www.boxrepsol.com\\\/es\\\/author\\\/redaccion-box-repsol\\\/\"}]}<\/script>\n<!-- \/ Yoast SEO plugin. -->","yoast_head_json":{"title":"Isidre Esteve supera la primera parte de la marat\u00f3n pese a un contratiempo - Box Repsol","description":"Isidre Esteve supera la primera parte de la marat\u00f3n pese a un contratiempo: continua la determinaci\u00f3n y el esp\u00edritu de lucha del piloto.","canonical":"https:\/\/www.boxrepsol.com\/es\/rally\/isidre-esteve-supera-la-primera-parte-de-la-maraton-pese-a-un-contratiempo\/","og_locale":"es_ES","og_type":"article","og_title":"Isidre Esteve supera la primera parte de la marat\u00f3n pese a un contratiempo - Box Repsol","og_description":"Isidre Esteve supera la primera parte de la marat\u00f3n pese a un contratiempo: continua la determinaci\u00f3n y el esp\u00edritu de lucha del piloto.","og_url":"https:\/\/www.boxrepsol.com\/es\/rally\/isidre-esteve-supera-la-primera-parte-de-la-maraton-pese-a-un-contratiempo\/","og_site_name":"Box Repsol","article_publisher":"https:\/\/www.facebook.com\/BoxRepsol","article_author":"https:\/\/www.facebook.com\/BoxRepsol\/","article_published_time":"2023-01-12T02:00:00+00:00","article_modified_time":"2024-04-08T10:39:42+00:00","og_image":[{"width":2560,"height":1200,"url":"https:\/\/bxrepsol.s3.eu-west-1.amazonaws.com\/static\/2023\/02\/06090100\/DAK23_BR-3690-copia-scaled.jpg","type":"image\/jpeg"}],"author":"Redacci\u00f3n Box Repsol","twitter_card":"summary_large_image","twitter_creator":"@https:\/\/twitter.com\/box_repsol","twitter_site":"@box_repsol","twitter_misc":{"Written by":"Redacci\u00f3n Box Repsol","Est. reading time":"3 minutos"},"schema":{"@context":"https:\/\/schema.org","@graph":[{"@type":"Article","@id":"https:\/\/www.boxrepsol.com\/es\/rally\/isidre-esteve-supera-la-primera-parte-de-la-maraton-pese-a-un-contratiempo\/#article","isPartOf":{"@id":"https:\/\/www.boxrepsol.com\/es\/rally\/isidre-esteve-supera-la-primera-parte-de-la-maraton-pese-a-un-contratiempo\/"},"author":{"name":"Redacci\u00f3n Box Repsol","@id":"https:\/\/www.boxrepsol.com\/es\/#\/schema\/person\/c5c2138f2cca251b0ad92b7086bb60b7"},"headline":"Isidre Esteve supera la primera parte de la marat\u00f3n pese a un contratiempo","datePublished":"2023-01-12T02:00:00+00:00","dateModified":"2024-04-08T10:39:42+00:00","mainEntityOfPage":{"@id":"https:\/\/www.boxrepsol.com\/es\/rally\/isidre-esteve-supera-la-primera-parte-de-la-maraton-pese-a-un-contratiempo\/"},"wordCount":598,"commentCount":0,"publisher":{"@id":"https:\/\/www.boxrepsol.com\/es\/#organization"},"image":{"@id":"https:\/\/www.boxrepsol.com\/es\/rally\/isidre-esteve-supera-la-primera-parte-de-la-maraton-pese-a-un-contratiempo\/#primaryimage"},"thumbnailUrl":"https:\/\/bxrepsol.s3.eu-west-1.amazonaws.com\/static\/2023\/02\/06090100\/DAK23_BR-3690-copia-scaled.jpg","keywords":["2023","Dakar","Isidre Esteve","Repsol Rally Team"],"articleSection":["Rally"],"inLanguage":"es","potentialAction":[{"@type":"CommentAction","name":"Comment","target":["https:\/\/www.boxrepsol.com\/es\/rally\/isidre-esteve-supera-la-primera-parte-de-la-maraton-pese-a-un-contratiempo\/#respond"]}]},{"@type":"WebPage","@id":"https:\/\/www.boxrepsol.com\/es\/rally\/isidre-esteve-supera-la-primera-parte-de-la-maraton-pese-a-un-contratiempo\/","url":"https:\/\/www.boxrepsol.com\/es\/rally\/isidre-esteve-supera-la-primera-parte-de-la-maraton-pese-a-un-contratiempo\/","name":"Isidre Esteve supera la primera parte de la marat\u00f3n pese a un contratiempo - Box Repsol","isPartOf":{"@id":"https:\/\/www.boxrepsol.com\/es\/#website"},"primaryImageOfPage":{"@id":"https:\/\/www.boxrepsol.com\/es\/rally\/isidre-esteve-supera-la-primera-parte-de-la-maraton-pese-a-un-contratiempo\/#primaryimage"},"image":{"@id":"https:\/\/www.boxrepsol.com\/es\/rally\/isidre-esteve-supera-la-primera-parte-de-la-maraton-pese-a-un-contratiempo\/#primaryimage"},"thumbnailUrl":"https:\/\/bxrepsol.s3.eu-west-1.amazonaws.com\/static\/2023\/02\/06090100\/DAK23_BR-3690-copia-scaled.jpg","datePublished":"2023-01-12T02:00:00+00:00","dateModified":"2024-04-08T10:39:42+00:00","description":"Isidre Esteve supera la primera parte de la marat\u00f3n pese a un contratiempo: continua la determinaci\u00f3n y el esp\u00edritu de lucha del piloto.","breadcrumb":{"@id":"https:\/\/www.boxrepsol.com\/es\/rally\/isidre-esteve-supera-la-primera-parte-de-la-maraton-pese-a-un-contratiempo\/#breadcrumb"},"inLanguage":"es","potentialAction":[{"@type":"ReadAction","target":["https:\/\/www.boxrepsol.com\/es\/rally\/isidre-esteve-supera-la-primera-parte-de-la-maraton-pese-a-un-contratiempo\/"]}]},{"@type":"ImageObject","inLanguage":"es","@id":"https:\/\/www.boxrepsol.com\/es\/rally\/isidre-esteve-supera-la-primera-parte-de-la-maraton-pese-a-un-contratiempo\/#primaryimage","url":"https:\/\/bxrepsol.s3.eu-west-1.amazonaws.com\/static\/2023\/02\/06090100\/DAK23_BR-3690-copia-scaled.jpg","contentUrl":"https:\/\/bxrepsol.s3.eu-west-1.amazonaws.com\/static\/2023\/02\/06090100\/DAK23_BR-3690-copia-scaled.jpg","width":2560,"height":1200},{"@type":"BreadcrumbList","@id":"https:\/\/www.boxrepsol.com\/es\/rally\/isidre-esteve-supera-la-primera-parte-de-la-maraton-pese-a-un-contratiempo\/#breadcrumb","itemListElement":[{"@type":"ListItem","position":1,"name":"Home","item":"https:\/\/www.boxrepsol.com\/es\/"},{"@type":"ListItem","position":2,"name":"Isidre Esteve supera la primera parte de la marat\u00f3n pese a un contratiempo"}]},{"@type":"WebSite","@id":"https:\/\/www.boxrepsol.com\/es\/#website","url":"https:\/\/www.boxrepsol.com\/es\/","name":"Box Repsol","description":"Box Repsol Site","publisher":{"@id":"https:\/\/www.boxrepsol.com\/es\/#organization"},"potentialAction":[{"@type":"SearchAction","target":{"@type":"EntryPoint","urlTemplate":"https:\/\/www.boxrepsol.com\/es\/?s={search_term_string}"},"query-input":{"@type":"PropertyValueSpecification","valueRequired":true,"valueName":"search_term_string"}}],"inLanguage":"es"},{"@type":"Organization","@id":"https:\/\/www.boxrepsol.com\/es\/#organization","name":"Box Repsol","url":"https:\/\/www.boxrepsol.com\/es\/","logo":{"@type":"ImageObject","inLanguage":"es","@id":"https:\/\/www.boxrepsol.com\/es\/#\/schema\/logo\/image\/","url":"https:\/\/bxrepsol.s3.eu-west-1.amazonaws.com\/static\/2025\/07\/30083337\/favicon-96x96-1.png","contentUrl":"https:\/\/bxrepsol.s3.eu-west-1.amazonaws.com\/static\/2025\/07\/30083337\/favicon-96x96-1.png","width":96,"height":96,"caption":"Box Repsol"},"image":{"@id":"https:\/\/www.boxrepsol.com\/es\/#\/schema\/logo\/image\/"},"sameAs":["https:\/\/www.facebook.com\/BoxRepsol","https:\/\/x.com\/box_repsol","http:\/\/instagram.com\/box_repsol","https:\/\/www.youtube.com\/user\/RepsolCompeticion","https:\/\/www.flickr.com\/photos\/box_repsol\/"]},{"@type":"Person","@id":"https:\/\/www.boxrepsol.com\/es\/#\/schema\/person\/c5c2138f2cca251b0ad92b7086bb60b7","name":"Redacci\u00f3n Box Repsol","image":{"@type":"ImageObject","inLanguage":"es","@id":"https:\/\/secure.gravatar.com\/avatar\/adf7b77e38b4419baf32c7e9c21dde01f4e40df611f0978e3006fc4ba0aaab7e?s=96&d=mm&r=g","url":"https:\/\/secure.gravatar.com\/avatar\/adf7b77e38b4419baf32c7e9c21dde01f4e40df611f0978e3006fc4ba0aaab7e?s=96&d=mm&r=g","contentUrl":"https:\/\/secure.gravatar.com\/avatar\/adf7b77e38b4419baf32c7e9c21dde01f4e40df611f0978e3006fc4ba0aaab7e?s=96&d=mm&r=g","caption":"Redacci\u00f3n Box Repsol"},"description":"Box Repsol lo forma un equipo de periodistas, community managers, dise\u00f1adores y fot\u00f3grafos con m\u00e1s de 20 a\u00f1os de experiencia en el mundo del motorsport. Hemos vivido el primer mundial de un espa\u00f1ol en la categor\u00eda reina de motociclismo con \u00c1lex Crivill\u00e9, estuvimos en las victorias de Pedrosa y los t\u00edtulos de M\u00e1rquez, acompa\u00f1amos en \u00c1frica a Nani Roma y Marc Coma en sus conquistas del Dakar y hemos vibrado con los t\u00edtulos de Toni Bou en Trial. Adem\u00e1s, en nuestro equipo contamos con expertos en el mundo de las dos y cuatro ruedas tanto de la calle y las carreteras, como de los circuitos. Periodistas que han trabajado en revistas y publicaciones para hacerte llegar desde rutas y consejos de mantenimiento, a curiosidades y trucos de pilotaje.","sameAs":["https:\/\/www.facebook.com\/BoxRepsol\/","https:\/\/www.instagram.com\/box_repsol\/","https:\/\/x.com\/https:\/\/twitter.com\/box_repsol","https:\/\/www.youtube.com\/@Boxrepsol"],"url":"https:\/\/www.boxrepsol.com\/es\/author\/redaccion-box-repsol\/"}]}},"_links":{"self":[{"href":"https:\/\/www.boxrepsol.com\/es\/wp-json\/wp\/v2\/posts\/95655","targetHints":{"allow":["GET"]}}],"collection":[{"href":"https:\/\/www.boxrepsol.com\/es\/wp-json\/wp\/v2\/posts"}],"about":[{"href":"https:\/\/www.boxrepsol.com\/es\/wp-json\/wp\/v2\/types\/post"}],"author":[{"embeddable":true,"href":"https:\/\/www.boxrepsol.com\/es\/wp-json\/wp\/v2\/users\/43146"}],"replies":[{"embeddable":true,"href":"https:\/\/www.boxrepsol.com\/es\/wp-json\/wp\/v2\/comments?post=95655"}],"version-history":[{"count":2,"href":"https:\/\/www.boxrepsol.com\/es\/wp-json\/wp\/v2\/posts\/95655\/revisions"}],"predecessor-version":[{"id":107396,"href":"https:\/\/www.boxrepsol.com\/es\/wp-json\/wp\/v2\/posts\/95655\/revisions\/107396"}],"wp:featuredmedia":[{"embeddable":true,"href":"https:\/\/www.boxrepsol.com\/es\/wp-json\/wp\/v2\/media\/85132"}],"wp:attachment":[{"href":"https:\/\/www.boxrepsol.com\/es\/wp-json\/wp\/v2\/media?parent=95655"}],"wp:term":[{"taxonomy":"category","embeddable":true,"href":"https:\/\/www.boxrepsol.com\/es\/wp-json\/wp\/v2\/categories?post=95655"},{"taxonomy":"post_tag","embeddable":true,"href":"https:\/\/www.boxrepsol.com\/es\/wp-json\/wp\/v2\/tags?post=95655"}],"curies":[{"name":"wp","href":"https:\/\/api.w.org\/{rel}","templated":true}]}}