{"id":95653,"date":"2023-01-11T00:00:00","date_gmt":"2023-01-11T02:00:00","guid":{"rendered":"http:\/\/pre.boxrepsol.com\/sin-categorizar\/buen-dia-para-el-repsol-rally-team-que-se-situa-como-primer-equipo-espanol-del-dakar\/"},"modified":"2024-04-08T08:40:00","modified_gmt":"2024-04-08T10:40:00","slug":"buen-dia-para-el-repsol-rally-team-que-se-situa-como-primer-equipo-espanol-del-dakar","status":"publish","type":"post","link":"https:\/\/www.boxrepsol.com\/es\/rally\/buen-dia-para-el-repsol-rally-team-que-se-situa-como-primer-equipo-espanol-del-dakar\/","title":{"rendered":"Buen d\u00eda para el Repsol Rally Team, que se sit\u00faa como primer equipo espa\u00f1ol del Dakar"},"content":{"rendered":"<p>Isidre&nbsp;Esteve y Txema Villalobos han mantenido en la d\u00e9cima etapa del <strong>Rally Dakar<\/strong> el buen ritmo del que hicieron gala el d\u00eda anterior. La pareja espa\u00f1ola ha cerrado sin ning\u00fan contratiempo la primera especial que se ha adentrado en el desierto de <strong>Rub al-Jali<\/strong> \u2013conocido como Empty Quarter\u2013, con s\u00f3lo <strong>114 kil\u00f3metros<\/strong> cronometrados, \u00edntegramente en <strong>dunas<\/strong>, una distancia inusualmente corta inversamente proporcional a la dificultad que entra\u00f1aba la jornada.<\/p>\n<p>El terreno de este mi\u00e9rcoles era especialmente propicio para los buggies side-by-side (T3 y T4), mucho m\u00e1s peque\u00f1os y ligeros que los grandes coches T1, como el Toyota Hilux que pilotan Esteve y Villalobos, algo que se ha reflejado en la clasificaci\u00f3n. Y es que entre los 20 primeros del d\u00eda, la mitad eran side-by-side. As\u00ed las cosas, los del Repsol Toyota Rally Team han marcado el 22\u00ba mejor crono entre los T1, pero esta vez, en la clasificaci\u00f3n absoluta de coches \u2013que mezcla todas las categor\u00edas\u2013, han figurado en 54\u00ba lugar, pese a haber cruzado la meta s\u00f3lo 20 minutos y 55 segundos despu\u00e9s de que lo hiciera el primero.<\/p>\n<p>Los resultados de hoy dejan al d\u00fao catal\u00e1n tal como estaba en la clasificaci\u00f3n general:&nbsp; 22\u00ba absoluto y 20\u00ba de T1, pero con la novedad de constar ahora como primera tripulaci\u00f3n espa\u00f1ola de la tabla.<\/p>\n<p>La arena y las dunas se han apoderado del recorrido del Dakar, y este terreno requiere de id\u00e9nticas dosis de experiencia y pericia, lo que afecta tanto al pilotaje como al trabajo t\u00e9cnico previo a cada especial, como detalla Isidre Esteve: \u00ab<em>Hemos acertado la presi\u00f3n de los neum\u00e1ticos y esto ha sido fundamental para poder rodar a un buen ritmo desde el primer kil\u00f3metro. En una etapa 100% de dunas como la de hoy, era imposible competir contra la ligereza de los buggies, que hoy campaban a sus anchas, pero estamos muy contentos porque no hemos sufrido ni un solo enganch\u00f3n en todo el d\u00eda y el coche sigue rindiendo a la perfecci\u00f3n\u201d.<\/em><\/p>\n<p>La d\u00e9cima etapa ha sido redonda para el equipo que apoyan Repsol, MGS Seguros, KH-7 y Toyota Espa\u00f1a, que ha salvado con tranquilidad multitud de peque\u00f1os peligros, como relata el copiloto Txema Villalobos: <em>\u201cNo es que hubiera muchos tramos de gran dificultad, sino peque\u00f1os momentos bastante complejos. Por ejemplo, las dunas cortadas en el inicio, o las de nivel 3 que nos hemos encontrado en la parte final, incluyendo una subida especialmente dif\u00edcil. Con todo, el coche ha demostrado en todos estos puntos todas sus virtudes. M\u00e1s all\u00e1 de estos aspectos, hemos sorteado bien las trampas de navegaci\u00f3n y hemos conseguido rodar al ritmo que quer\u00edamos\u201d.<\/em><\/p>\n<p>La competici\u00f3n afrontar\u00e1 ma\u00f1ana y pasado una verdadera etapa marat\u00f3n, lo que obligar\u00e1 a Esteve y Villalobos a despedirse de los mec\u00e1nicos del Repsol Toyota Rally Team hasta el final de la especial del viernes. La primera de las dos especiales sin asistencia intermedia, prevista ma\u00f1ana, enlazar\u00e1 Shaybah y Ardah, con 275 km cronometrados marcados mayoritariamente entre dunas.<\/p>\n<p><a href=\"https:\/\/bxrepsol.s3.eu-west-1.amazonaws.com\/static\/2023\/02\/06085957\/LR-0111134655-MMPHOTO5.jpg\" data-index=\"0\"><br \/>\n<img decoding=\"async\" src=\"https:\/\/bxrepsol.s3.eu-west-1.amazonaws.com\/static\/2023\/02\/06085957\/LR-0111134655-MMPHOTO5.jpg\" srcset=\"https:\/\/bxrepsol.s3.eu-west-1.amazonaws.com\/static\/2023\/02\/06085957\/LR-0111134655-MMPHOTO5.jpg 2500w, https:\/\/bxrepsol.s3.eu-west-1.amazonaws.com\/static\/2023\/02\/06085957\/LR-0111134655-MMPHOTO5.jpg 1280w, https:\/\/bxrepsol.s3.eu-west-1.amazonaws.com\/static\/2023\/02\/06085957\/LR-0111134655-MMPHOTO5.jpg 900w, https:\/\/bxrepsol.s3.eu-west-1.amazonaws.com\/static\/2023\/02\/06085957\/LR-0111134655-MMPHOTO5.jpg 600w, https:\/\/bxrepsol.s3.eu-west-1.amazonaws.com\/static\/2023\/02\/06085957\/LR-0111134655-MMPHOTO5.jpg 480w, https:\/\/bxrepsol.s3.eu-west-1.amazonaws.com\/static\/2023\/02\/06085957\/LR-0111134655-MMPHOTO5.jpg 32w\" title=\"LR-0111134655-MMPHOTO5\" alt=\"\" data-title=\"\"><br \/>\n<\/a><br \/>\n<a href=\"https:\/\/bxrepsol.s3.eu-west-1.amazonaws.com\/static\/2023\/02\/06085959\/LR-0111134638-MMPHOTO1.jpg\" data-index=\"1\"><br \/>\n<img decoding=\"async\" src=\"https:\/\/bxrepsol.s3.eu-west-1.amazonaws.com\/static\/2023\/02\/06085959\/LR-0111134638-MMPHOTO1.jpg\" srcset=\"https:\/\/bxrepsol.s3.eu-west-1.amazonaws.com\/static\/2023\/02\/06085959\/LR-0111134638-MMPHOTO1.jpg 2048w, https:\/\/bxrepsol.s3.eu-west-1.amazonaws.com\/static\/2023\/02\/06085959\/LR-0111134638-MMPHOTO1.jpg 1280w, https:\/\/bxrepsol.s3.eu-west-1.amazonaws.com\/static\/2023\/02\/06085959\/LR-0111134638-MMPHOTO1.jpg 900w, https:\/\/bxrepsol.s3.eu-west-1.amazonaws.com\/static\/2023\/02\/06085959\/LR-0111134638-MMPHOTO1.jpg 600w, https:\/\/bxrepsol.s3.eu-west-1.amazonaws.com\/static\/2023\/02\/06085959\/LR-0111134638-MMPHOTO1.jpg 480w, https:\/\/bxrepsol.s3.eu-west-1.amazonaws.com\/static\/2023\/02\/06085959\/LR-0111134638-MMPHOTO1.jpg 32w\" title=\"LR-0111134638-MMPHOTO1\" alt=\"\" data-title=\"\"><br \/>\n<\/a><br \/>\n<a href=\"https:\/\/bxrepsol.s3.eu-west-1.amazonaws.com\/static\/2023\/02\/06090003\/LR-0111134636-MMPHOTO5.jpg\" data-index=\"2\"><br \/>\n<img decoding=\"async\" src=\"https:\/\/bxrepsol.s3.eu-west-1.amazonaws.com\/static\/2023\/02\/06090003\/LR-0111134636-MMPHOTO5.jpg\" srcset=\"https:\/\/bxrepsol.s3.eu-west-1.amazonaws.com\/static\/2023\/02\/06090003\/LR-0111134636-MMPHOTO5.jpg 2500w, https:\/\/bxrepsol.s3.eu-west-1.amazonaws.com\/static\/2023\/02\/06090003\/LR-0111134636-MMPHOTO5.jpg 1280w, https:\/\/bxrepsol.s3.eu-west-1.amazonaws.com\/static\/2023\/02\/06090003\/LR-0111134636-MMPHOTO5.jpg 900w, https:\/\/bxrepsol.s3.eu-west-1.amazonaws.com\/static\/2023\/02\/06090003\/LR-0111134636-MMPHOTO5.jpg 600w, https:\/\/bxrepsol.s3.eu-west-1.amazonaws.com\/static\/2023\/02\/06090003\/LR-0111134636-MMPHOTO5.jpg 480w, https:\/\/bxrepsol.s3.eu-west-1.amazonaws.com\/static\/2023\/02\/06090003\/LR-0111134636-MMPHOTO5.jpg 32w\" title=\"LR-0111134636-MMPHOTO5\" alt=\"\" data-title=\"\"><br \/>\n<\/a><br \/>\n<a href=\"https:\/\/bxrepsol.s3.eu-west-1.amazonaws.com\/static\/2023\/02\/06090007\/LR-0111134629-MMPHOTO1.jpg\" data-index=\"3\"><br \/>\n<img decoding=\"async\" src=\"https:\/\/bxrepsol.s3.eu-west-1.amazonaws.com\/static\/2023\/02\/06090007\/LR-0111134629-MMPHOTO1.jpg\" srcset=\"https:\/\/bxrepsol.s3.eu-west-1.amazonaws.com\/static\/2023\/02\/06090007\/LR-0111134629-MMPHOTO1.jpg 2048w, https:\/\/bxrepsol.s3.eu-west-1.amazonaws.com\/static\/2023\/02\/06090007\/LR-0111134629-MMPHOTO1.jpg 1280w, https:\/\/bxrepsol.s3.eu-west-1.amazonaws.com\/static\/2023\/02\/06090007\/LR-0111134629-MMPHOTO1.jpg 900w, https:\/\/bxrepsol.s3.eu-west-1.amazonaws.com\/static\/2023\/02\/06090007\/LR-0111134629-MMPHOTO1.jpg 600w, https:\/\/bxrepsol.s3.eu-west-1.amazonaws.com\/static\/2023\/02\/06090007\/LR-0111134629-MMPHOTO1.jpg 480w, https:\/\/bxrepsol.s3.eu-west-1.amazonaws.com\/static\/2023\/02\/06090007\/LR-0111134629-MMPHOTO1.jpg 32w\" title=\"LR-0111134629-MMPHOTO1\" alt=\"\" data-title=\"\"><br \/>\n<\/a><br \/>\n<a href=\"https:\/\/bxrepsol.s3.eu-west-1.amazonaws.com\/static\/2023\/02\/06090008\/LR-0111134613-MMPHOTO1.jpg\" data-index=\"4\"><br \/>\n<img decoding=\"async\" src=\"https:\/\/bxrepsol.s3.eu-west-1.amazonaws.com\/static\/2023\/02\/06090008\/LR-0111134613-MMPHOTO1.jpg\" srcset=\"https:\/\/bxrepsol.s3.eu-west-1.amazonaws.com\/static\/2023\/02\/06090008\/LR-0111134613-MMPHOTO1.jpg 2048w, https:\/\/bxrepsol.s3.eu-west-1.amazonaws.com\/static\/2023\/02\/06090008\/LR-0111134613-MMPHOTO1.jpg 1280w, https:\/\/bxrepsol.s3.eu-west-1.amazonaws.com\/static\/2023\/02\/06090008\/LR-0111134613-MMPHOTO1.jpg 900w, https:\/\/bxrepsol.s3.eu-west-1.amazonaws.com\/static\/2023\/02\/06090008\/LR-0111134613-MMPHOTO1.jpg 600w, https:\/\/bxrepsol.s3.eu-west-1.amazonaws.com\/static\/2023\/02\/06090008\/LR-0111134613-MMPHOTO1.jpg 480w, https:\/\/bxrepsol.s3.eu-west-1.amazonaws.com\/static\/2023\/02\/06090008\/LR-0111134613-MMPHOTO1.jpg 32w\" title=\"LR-0111134613-MMPHOTO1\" alt=\"\" data-title=\"\"><br \/>\n<\/a><br \/>\n<button data-glide-dir=\"<\"><br \/>\n<svg role=\"img\" viewBox=\"0 0 256 512\">\n                <path fill=\"currentColor\" d=\"M238.475 475.535l7.071-7.07c4.686-4.686 4.686-12.284 0-16.971L50.053 256 245.546 60.506c4.686-4.686 4.686-12.284 0-16.971l-7.071-7.07c-4.686-4.686-12.284-4.686-16.97 0L10.454 247.515c-4.686 4.686-4.686 12.284 0 16.971l211.051 211.05c4.686 4.686 12.284 4.686 16.97-.001z\"><\/path>\n            <\/svg><br \/>\n<\/button><br \/>\n<button data-glide-dir=\">\u00ab><br \/>\n<svg role=\"img\" viewBox=\"0 0 256 512\">\n                <path fill=\"currentColor\" d=\"M17.525 36.465l-7.071 7.07c-4.686 4.686-4.686 12.284 0 16.971L205.947 256 10.454 451.494c-4.686 4.686-4.686 12.284 0 16.971l7.071 7.07c4.686 4.686 12.284 4.686 16.97 0l211.051-211.05c4.686-4.686 4.686-12.284 0-16.971L34.495 36.465c-4.686-4.687-12.284-4.687-16.97 0z\"><\/path>\n            <\/svg><br \/>\n<\/button><\/p>\n<p><strong>Clasificaci\u00f3n etapa:<\/strong><br \/>\n1. Sebastien Loeb (Prodrive) 1h 48\u201932\u201d<br \/>\n2. Mattias Ekstr\u00f6m (Audi) +3\u201904\u201d<br \/>\n3. Lucas Moraes (Toyota) +5\u201922\u201d<br \/>\n4. Nasser Al-Attiyah (Toyota) 5\u201945\u201d<br \/>\n5. Yazeed Al Rajhi (Toyota) +6\u201901\u201d<br \/>\n\u2026<br \/>\n<strong>54. Isidre Esteve (Toyota) +20\u201955\u201d<\/strong><\/p>\n<p><strong>Clasificaci\u00f3n general:<\/strong><br \/>\n1. Nasser Al-Attiyah (Toyota) 36h 13\u201937\u201d<br \/>\n2. Lucas Moraes (Toyota) +1h 21\u201934\u201d<br \/>\n3. Sebastien Loeb (Prodrive) +1h 37\u201923\u201d<br \/>\n4. Henk Lategan (Toyota) +1h 48\u201937\u201d<br \/>\n5. Giniel de Villiers (Toyota) +2h 10\u201956\u201d<br \/>\n\u2026<br \/>\n<strong>22. Isidre Esteve (Toyota) +6h 32\u201944\u201d<\/strong><\/p>\n","protected":false},"excerpt":{"rendered":"<p>Isidre Esteve y Txema Villalobos superan con solvencia una d\u00e9cima etapa repleta de dunas m\u00e1s propicia para los buggies ligeros.<\/p>\n","protected":false},"author":43146,"featured_media":85108,"comment_status":"open","ping_status":"open","sticky":false,"template":"","format":"standard","meta":{"footnotes":""},"categories":[27],"tags":[269,201,29,183],"class_list":["post-95653","post","type-post","status-publish","format-standard","hentry","category-rally","tag-269","tag-dakar","tag-isidre-esteve","tag-repsol-rally-team"],"yoast_head":"<!-- This site is optimized with the Yoast SEO plugin v27.3 - https:\/\/yoast.com\/product\/yoast-seo-wordpress\/ -->\n<title>Buen d\u00eda para el Repsol Rally Team, que se sit\u00faa como primer equipo espa\u00f1ol del Dakar - Box Repsol<\/title>\n<meta name=\"description\" content=\"El Repsol Rally Team se sit\u00faa como primer equipo espa\u00f1ol del Dakar. Conoce el desempe\u00f1o de este equipo en la competici\u00f3n.\" \/>\n<link rel=\"canonical\" href=\"https:\/\/www.boxrepsol.com\/es\/rally\/buen-dia-para-el-repsol-rally-team-que-se-situa-como-primer-equipo-espanol-del-dakar\/\" \/>\n<meta property=\"og:locale\" content=\"es_ES\" \/>\n<meta property=\"og:type\" content=\"article\" \/>\n<meta property=\"og:title\" content=\"Buen d\u00eda para el Repsol Rally Team, que se sit\u00faa como primer equipo espa\u00f1ol del Dakar - Box Repsol\" \/>\n<meta property=\"og:description\" content=\"El Repsol Rally Team se sit\u00faa como primer equipo espa\u00f1ol del Dakar. Conoce el desempe\u00f1o de este equipo en la competici\u00f3n.\" \/>\n<meta property=\"og:url\" content=\"https:\/\/www.boxrepsol.com\/es\/rally\/buen-dia-para-el-repsol-rally-team-que-se-situa-como-primer-equipo-espanol-del-dakar\/\" \/>\n<meta property=\"og:site_name\" content=\"Box Repsol\" \/>\n<meta property=\"article:publisher\" content=\"https:\/\/www.facebook.com\/BoxRepsol\" \/>\n<meta property=\"article:author\" content=\"https:\/\/www.facebook.com\/BoxRepsol\/\" \/>\n<meta property=\"article:published_time\" content=\"2023-01-11T02:00:00+00:00\" \/>\n<meta property=\"article:modified_time\" content=\"2024-04-08T10:40:00+00:00\" \/>\n<meta property=\"og:image\" content=\"https:\/\/bxrepsol.s3.eu-west-1.amazonaws.com\/static\/2023\/02\/06090012\/LR-0111134646-MMPHOTO5-copia.jpg\" \/>\n\t<meta property=\"og:image:width\" content=\"2500\" \/>\n\t<meta property=\"og:image:height\" content=\"1171\" \/>\n\t<meta property=\"og:image:type\" content=\"image\/jpeg\" \/>\n<meta name=\"author\" content=\"Redacci\u00f3n Box Repsol\" \/>\n<meta name=\"twitter:card\" content=\"summary_large_image\" \/>\n<meta name=\"twitter:creator\" content=\"@https:\/\/twitter.com\/box_repsol\" \/>\n<meta name=\"twitter:site\" content=\"@box_repsol\" \/>\n<meta name=\"twitter:label1\" content=\"Written by\" \/>\n\t<meta name=\"twitter:data1\" content=\"Redacci\u00f3n Box Repsol\" \/>\n\t<meta name=\"twitter:label2\" content=\"Est. reading time\" \/>\n\t<meta name=\"twitter:data2\" content=\"3 minutos\" \/>\n<script type=\"application\/ld+json\" class=\"yoast-schema-graph\">{\"@context\":\"https:\\\/\\\/schema.org\",\"@graph\":[{\"@type\":\"Article\",\"@id\":\"https:\\\/\\\/www.boxrepsol.com\\\/es\\\/rally\\\/buen-dia-para-el-repsol-rally-team-que-se-situa-como-primer-equipo-espanol-del-dakar\\\/#article\",\"isPartOf\":{\"@id\":\"https:\\\/\\\/www.boxrepsol.com\\\/es\\\/rally\\\/buen-dia-para-el-repsol-rally-team-que-se-situa-como-primer-equipo-espanol-del-dakar\\\/\"},\"author\":{\"name\":\"Redacci\u00f3n Box Repsol\",\"@id\":\"https:\\\/\\\/www.boxrepsol.com\\\/es\\\/#\\\/schema\\\/person\\\/c5c2138f2cca251b0ad92b7086bb60b7\"},\"headline\":\"Buen d\u00eda para el Repsol Rally Team, que se sit\u00faa como primer equipo espa\u00f1ol del Dakar\",\"datePublished\":\"2023-01-11T02:00:00+00:00\",\"dateModified\":\"2024-04-08T10:40:00+00:00\",\"mainEntityOfPage\":{\"@id\":\"https:\\\/\\\/www.boxrepsol.com\\\/es\\\/rally\\\/buen-dia-para-el-repsol-rally-team-que-se-situa-como-primer-equipo-espanol-del-dakar\\\/\"},\"wordCount\":597,\"commentCount\":0,\"publisher\":{\"@id\":\"https:\\\/\\\/www.boxrepsol.com\\\/es\\\/#organization\"},\"image\":{\"@id\":\"https:\\\/\\\/www.boxrepsol.com\\\/es\\\/rally\\\/buen-dia-para-el-repsol-rally-team-que-se-situa-como-primer-equipo-espanol-del-dakar\\\/#primaryimage\"},\"thumbnailUrl\":\"https:\\\/\\\/bxrepsol.s3.eu-west-1.amazonaws.com\\\/static\\\/2023\\\/02\\\/06090012\\\/LR-0111134646-MMPHOTO5-copia.jpg\",\"keywords\":[\"2023\",\"Dakar\",\"Isidre Esteve\",\"Repsol Rally Team\"],\"articleSection\":[\"Rally\"],\"inLanguage\":\"es\",\"potentialAction\":[{\"@type\":\"CommentAction\",\"name\":\"Comment\",\"target\":[\"https:\\\/\\\/www.boxrepsol.com\\\/es\\\/rally\\\/buen-dia-para-el-repsol-rally-team-que-se-situa-como-primer-equipo-espanol-del-dakar\\\/#respond\"]}]},{\"@type\":\"WebPage\",\"@id\":\"https:\\\/\\\/www.boxrepsol.com\\\/es\\\/rally\\\/buen-dia-para-el-repsol-rally-team-que-se-situa-como-primer-equipo-espanol-del-dakar\\\/\",\"url\":\"https:\\\/\\\/www.boxrepsol.com\\\/es\\\/rally\\\/buen-dia-para-el-repsol-rally-team-que-se-situa-como-primer-equipo-espanol-del-dakar\\\/\",\"name\":\"Buen d\u00eda para el Repsol Rally Team, que se sit\u00faa como primer equipo espa\u00f1ol del Dakar - Box Repsol\",\"isPartOf\":{\"@id\":\"https:\\\/\\\/www.boxrepsol.com\\\/es\\\/#website\"},\"primaryImageOfPage\":{\"@id\":\"https:\\\/\\\/www.boxrepsol.com\\\/es\\\/rally\\\/buen-dia-para-el-repsol-rally-team-que-se-situa-como-primer-equipo-espanol-del-dakar\\\/#primaryimage\"},\"image\":{\"@id\":\"https:\\\/\\\/www.boxrepsol.com\\\/es\\\/rally\\\/buen-dia-para-el-repsol-rally-team-que-se-situa-como-primer-equipo-espanol-del-dakar\\\/#primaryimage\"},\"thumbnailUrl\":\"https:\\\/\\\/bxrepsol.s3.eu-west-1.amazonaws.com\\\/static\\\/2023\\\/02\\\/06090012\\\/LR-0111134646-MMPHOTO5-copia.jpg\",\"datePublished\":\"2023-01-11T02:00:00+00:00\",\"dateModified\":\"2024-04-08T10:40:00+00:00\",\"description\":\"El Repsol Rally Team se sit\u00faa como primer equipo espa\u00f1ol del Dakar. Conoce el desempe\u00f1o de este equipo en la competici\u00f3n.\",\"breadcrumb\":{\"@id\":\"https:\\\/\\\/www.boxrepsol.com\\\/es\\\/rally\\\/buen-dia-para-el-repsol-rally-team-que-se-situa-como-primer-equipo-espanol-del-dakar\\\/#breadcrumb\"},\"inLanguage\":\"es\",\"potentialAction\":[{\"@type\":\"ReadAction\",\"target\":[\"https:\\\/\\\/www.boxrepsol.com\\\/es\\\/rally\\\/buen-dia-para-el-repsol-rally-team-que-se-situa-como-primer-equipo-espanol-del-dakar\\\/\"]}]},{\"@type\":\"ImageObject\",\"inLanguage\":\"es\",\"@id\":\"https:\\\/\\\/www.boxrepsol.com\\\/es\\\/rally\\\/buen-dia-para-el-repsol-rally-team-que-se-situa-como-primer-equipo-espanol-del-dakar\\\/#primaryimage\",\"url\":\"https:\\\/\\\/bxrepsol.s3.eu-west-1.amazonaws.com\\\/static\\\/2023\\\/02\\\/06090012\\\/LR-0111134646-MMPHOTO5-copia.jpg\",\"contentUrl\":\"https:\\\/\\\/bxrepsol.s3.eu-west-1.amazonaws.com\\\/static\\\/2023\\\/02\\\/06090012\\\/LR-0111134646-MMPHOTO5-copia.jpg\",\"width\":2500,\"height\":1171},{\"@type\":\"BreadcrumbList\",\"@id\":\"https:\\\/\\\/www.boxrepsol.com\\\/es\\\/rally\\\/buen-dia-para-el-repsol-rally-team-que-se-situa-como-primer-equipo-espanol-del-dakar\\\/#breadcrumb\",\"itemListElement\":[{\"@type\":\"ListItem\",\"position\":1,\"name\":\"Home\",\"item\":\"https:\\\/\\\/www.boxrepsol.com\\\/es\\\/\"},{\"@type\":\"ListItem\",\"position\":2,\"name\":\"Buen d\u00eda para el Repsol Rally Team, que se sit\u00faa como primer equipo espa\u00f1ol del Dakar\"}]},{\"@type\":\"WebSite\",\"@id\":\"https:\\\/\\\/www.boxrepsol.com\\\/es\\\/#website\",\"url\":\"https:\\\/\\\/www.boxrepsol.com\\\/es\\\/\",\"name\":\"Box Repsol\",\"description\":\"Box Repsol Site\",\"publisher\":{\"@id\":\"https:\\\/\\\/www.boxrepsol.com\\\/es\\\/#organization\"},\"potentialAction\":[{\"@type\":\"SearchAction\",\"target\":{\"@type\":\"EntryPoint\",\"urlTemplate\":\"https:\\\/\\\/www.boxrepsol.com\\\/es\\\/?s={search_term_string}\"},\"query-input\":{\"@type\":\"PropertyValueSpecification\",\"valueRequired\":true,\"valueName\":\"search_term_string\"}}],\"inLanguage\":\"es\"},{\"@type\":\"Organization\",\"@id\":\"https:\\\/\\\/www.boxrepsol.com\\\/es\\\/#organization\",\"name\":\"Box Repsol\",\"url\":\"https:\\\/\\\/www.boxrepsol.com\\\/es\\\/\",\"logo\":{\"@type\":\"ImageObject\",\"inLanguage\":\"es\",\"@id\":\"https:\\\/\\\/www.boxrepsol.com\\\/es\\\/#\\\/schema\\\/logo\\\/image\\\/\",\"url\":\"https:\\\/\\\/bxrepsol.s3.eu-west-1.amazonaws.com\\\/static\\\/2025\\\/07\\\/30083337\\\/favicon-96x96-1.png\",\"contentUrl\":\"https:\\\/\\\/bxrepsol.s3.eu-west-1.amazonaws.com\\\/static\\\/2025\\\/07\\\/30083337\\\/favicon-96x96-1.png\",\"width\":96,\"height\":96,\"caption\":\"Box Repsol\"},\"image\":{\"@id\":\"https:\\\/\\\/www.boxrepsol.com\\\/es\\\/#\\\/schema\\\/logo\\\/image\\\/\"},\"sameAs\":[\"https:\\\/\\\/www.facebook.com\\\/BoxRepsol\",\"https:\\\/\\\/x.com\\\/box_repsol\",\"http:\\\/\\\/instagram.com\\\/box_repsol\",\"https:\\\/\\\/www.youtube.com\\\/user\\\/RepsolCompeticion\",\"https:\\\/\\\/www.flickr.com\\\/photos\\\/box_repsol\\\/\"]},{\"@type\":\"Person\",\"@id\":\"https:\\\/\\\/www.boxrepsol.com\\\/es\\\/#\\\/schema\\\/person\\\/c5c2138f2cca251b0ad92b7086bb60b7\",\"name\":\"Redacci\u00f3n Box Repsol\",\"image\":{\"@type\":\"ImageObject\",\"inLanguage\":\"es\",\"@id\":\"https:\\\/\\\/secure.gravatar.com\\\/avatar\\\/adf7b77e38b4419baf32c7e9c21dde01f4e40df611f0978e3006fc4ba0aaab7e?s=96&d=mm&r=g\",\"url\":\"https:\\\/\\\/secure.gravatar.com\\\/avatar\\\/adf7b77e38b4419baf32c7e9c21dde01f4e40df611f0978e3006fc4ba0aaab7e?s=96&d=mm&r=g\",\"contentUrl\":\"https:\\\/\\\/secure.gravatar.com\\\/avatar\\\/adf7b77e38b4419baf32c7e9c21dde01f4e40df611f0978e3006fc4ba0aaab7e?s=96&d=mm&r=g\",\"caption\":\"Redacci\u00f3n Box Repsol\"},\"description\":\"Box Repsol lo forma un equipo de periodistas, community managers, dise\u00f1adores y fot\u00f3grafos con m\u00e1s de 20 a\u00f1os de experiencia en el mundo del motorsport. Hemos vivido el primer mundial de un espa\u00f1ol en la categor\u00eda reina de motociclismo con \u00c1lex Crivill\u00e9, estuvimos en las victorias de Pedrosa y los t\u00edtulos de M\u00e1rquez, acompa\u00f1amos en \u00c1frica a Nani Roma y Marc Coma en sus conquistas del Dakar y hemos vibrado con los t\u00edtulos de Toni Bou en Trial. Adem\u00e1s, en nuestro equipo contamos con expertos en el mundo de las dos y cuatro ruedas tanto de la calle y las carreteras, como de los circuitos. Periodistas que han trabajado en revistas y publicaciones para hacerte llegar desde rutas y consejos de mantenimiento, a curiosidades y trucos de pilotaje.\",\"sameAs\":[\"https:\\\/\\\/www.facebook.com\\\/BoxRepsol\\\/\",\"https:\\\/\\\/www.instagram.com\\\/box_repsol\\\/\",\"https:\\\/\\\/x.com\\\/https:\\\/\\\/twitter.com\\\/box_repsol\",\"https:\\\/\\\/www.youtube.com\\\/@Boxrepsol\"],\"url\":\"https:\\\/\\\/www.boxrepsol.com\\\/es\\\/author\\\/redaccion-box-repsol\\\/\"}]}<\/script>\n<!-- \/ Yoast SEO plugin. -->","yoast_head_json":{"title":"Buen d\u00eda para el Repsol Rally Team, que se sit\u00faa como primer equipo espa\u00f1ol del Dakar - Box Repsol","description":"El Repsol Rally Team se sit\u00faa como primer equipo espa\u00f1ol del Dakar. Conoce el desempe\u00f1o de este equipo en la competici\u00f3n.","canonical":"https:\/\/www.boxrepsol.com\/es\/rally\/buen-dia-para-el-repsol-rally-team-que-se-situa-como-primer-equipo-espanol-del-dakar\/","og_locale":"es_ES","og_type":"article","og_title":"Buen d\u00eda para el Repsol Rally Team, que se sit\u00faa como primer equipo espa\u00f1ol del Dakar - Box Repsol","og_description":"El Repsol Rally Team se sit\u00faa como primer equipo espa\u00f1ol del Dakar. Conoce el desempe\u00f1o de este equipo en la competici\u00f3n.","og_url":"https:\/\/www.boxrepsol.com\/es\/rally\/buen-dia-para-el-repsol-rally-team-que-se-situa-como-primer-equipo-espanol-del-dakar\/","og_site_name":"Box Repsol","article_publisher":"https:\/\/www.facebook.com\/BoxRepsol","article_author":"https:\/\/www.facebook.com\/BoxRepsol\/","article_published_time":"2023-01-11T02:00:00+00:00","article_modified_time":"2024-04-08T10:40:00+00:00","og_image":[{"width":2500,"height":1171,"url":"https:\/\/bxrepsol.s3.eu-west-1.amazonaws.com\/static\/2023\/02\/06090012\/LR-0111134646-MMPHOTO5-copia.jpg","type":"image\/jpeg"}],"author":"Redacci\u00f3n Box Repsol","twitter_card":"summary_large_image","twitter_creator":"@https:\/\/twitter.com\/box_repsol","twitter_site":"@box_repsol","twitter_misc":{"Written by":"Redacci\u00f3n Box Repsol","Est. reading time":"3 minutos"},"schema":{"@context":"https:\/\/schema.org","@graph":[{"@type":"Article","@id":"https:\/\/www.boxrepsol.com\/es\/rally\/buen-dia-para-el-repsol-rally-team-que-se-situa-como-primer-equipo-espanol-del-dakar\/#article","isPartOf":{"@id":"https:\/\/www.boxrepsol.com\/es\/rally\/buen-dia-para-el-repsol-rally-team-que-se-situa-como-primer-equipo-espanol-del-dakar\/"},"author":{"name":"Redacci\u00f3n Box Repsol","@id":"https:\/\/www.boxrepsol.com\/es\/#\/schema\/person\/c5c2138f2cca251b0ad92b7086bb60b7"},"headline":"Buen d\u00eda para el Repsol Rally Team, que se sit\u00faa como primer equipo espa\u00f1ol del Dakar","datePublished":"2023-01-11T02:00:00+00:00","dateModified":"2024-04-08T10:40:00+00:00","mainEntityOfPage":{"@id":"https:\/\/www.boxrepsol.com\/es\/rally\/buen-dia-para-el-repsol-rally-team-que-se-situa-como-primer-equipo-espanol-del-dakar\/"},"wordCount":597,"commentCount":0,"publisher":{"@id":"https:\/\/www.boxrepsol.com\/es\/#organization"},"image":{"@id":"https:\/\/www.boxrepsol.com\/es\/rally\/buen-dia-para-el-repsol-rally-team-que-se-situa-como-primer-equipo-espanol-del-dakar\/#primaryimage"},"thumbnailUrl":"https:\/\/bxrepsol.s3.eu-west-1.amazonaws.com\/static\/2023\/02\/06090012\/LR-0111134646-MMPHOTO5-copia.jpg","keywords":["2023","Dakar","Isidre Esteve","Repsol Rally Team"],"articleSection":["Rally"],"inLanguage":"es","potentialAction":[{"@type":"CommentAction","name":"Comment","target":["https:\/\/www.boxrepsol.com\/es\/rally\/buen-dia-para-el-repsol-rally-team-que-se-situa-como-primer-equipo-espanol-del-dakar\/#respond"]}]},{"@type":"WebPage","@id":"https:\/\/www.boxrepsol.com\/es\/rally\/buen-dia-para-el-repsol-rally-team-que-se-situa-como-primer-equipo-espanol-del-dakar\/","url":"https:\/\/www.boxrepsol.com\/es\/rally\/buen-dia-para-el-repsol-rally-team-que-se-situa-como-primer-equipo-espanol-del-dakar\/","name":"Buen d\u00eda para el Repsol Rally Team, que se sit\u00faa como primer equipo espa\u00f1ol del Dakar - Box Repsol","isPartOf":{"@id":"https:\/\/www.boxrepsol.com\/es\/#website"},"primaryImageOfPage":{"@id":"https:\/\/www.boxrepsol.com\/es\/rally\/buen-dia-para-el-repsol-rally-team-que-se-situa-como-primer-equipo-espanol-del-dakar\/#primaryimage"},"image":{"@id":"https:\/\/www.boxrepsol.com\/es\/rally\/buen-dia-para-el-repsol-rally-team-que-se-situa-como-primer-equipo-espanol-del-dakar\/#primaryimage"},"thumbnailUrl":"https:\/\/bxrepsol.s3.eu-west-1.amazonaws.com\/static\/2023\/02\/06090012\/LR-0111134646-MMPHOTO5-copia.jpg","datePublished":"2023-01-11T02:00:00+00:00","dateModified":"2024-04-08T10:40:00+00:00","description":"El Repsol Rally Team se sit\u00faa como primer equipo espa\u00f1ol del Dakar. Conoce el desempe\u00f1o de este equipo en la competici\u00f3n.","breadcrumb":{"@id":"https:\/\/www.boxrepsol.com\/es\/rally\/buen-dia-para-el-repsol-rally-team-que-se-situa-como-primer-equipo-espanol-del-dakar\/#breadcrumb"},"inLanguage":"es","potentialAction":[{"@type":"ReadAction","target":["https:\/\/www.boxrepsol.com\/es\/rally\/buen-dia-para-el-repsol-rally-team-que-se-situa-como-primer-equipo-espanol-del-dakar\/"]}]},{"@type":"ImageObject","inLanguage":"es","@id":"https:\/\/www.boxrepsol.com\/es\/rally\/buen-dia-para-el-repsol-rally-team-que-se-situa-como-primer-equipo-espanol-del-dakar\/#primaryimage","url":"https:\/\/bxrepsol.s3.eu-west-1.amazonaws.com\/static\/2023\/02\/06090012\/LR-0111134646-MMPHOTO5-copia.jpg","contentUrl":"https:\/\/bxrepsol.s3.eu-west-1.amazonaws.com\/static\/2023\/02\/06090012\/LR-0111134646-MMPHOTO5-copia.jpg","width":2500,"height":1171},{"@type":"BreadcrumbList","@id":"https:\/\/www.boxrepsol.com\/es\/rally\/buen-dia-para-el-repsol-rally-team-que-se-situa-como-primer-equipo-espanol-del-dakar\/#breadcrumb","itemListElement":[{"@type":"ListItem","position":1,"name":"Home","item":"https:\/\/www.boxrepsol.com\/es\/"},{"@type":"ListItem","position":2,"name":"Buen d\u00eda para el Repsol Rally Team, que se sit\u00faa como primer equipo espa\u00f1ol del Dakar"}]},{"@type":"WebSite","@id":"https:\/\/www.boxrepsol.com\/es\/#website","url":"https:\/\/www.boxrepsol.com\/es\/","name":"Box Repsol","description":"Box Repsol Site","publisher":{"@id":"https:\/\/www.boxrepsol.com\/es\/#organization"},"potentialAction":[{"@type":"SearchAction","target":{"@type":"EntryPoint","urlTemplate":"https:\/\/www.boxrepsol.com\/es\/?s={search_term_string}"},"query-input":{"@type":"PropertyValueSpecification","valueRequired":true,"valueName":"search_term_string"}}],"inLanguage":"es"},{"@type":"Organization","@id":"https:\/\/www.boxrepsol.com\/es\/#organization","name":"Box Repsol","url":"https:\/\/www.boxrepsol.com\/es\/","logo":{"@type":"ImageObject","inLanguage":"es","@id":"https:\/\/www.boxrepsol.com\/es\/#\/schema\/logo\/image\/","url":"https:\/\/bxrepsol.s3.eu-west-1.amazonaws.com\/static\/2025\/07\/30083337\/favicon-96x96-1.png","contentUrl":"https:\/\/bxrepsol.s3.eu-west-1.amazonaws.com\/static\/2025\/07\/30083337\/favicon-96x96-1.png","width":96,"height":96,"caption":"Box Repsol"},"image":{"@id":"https:\/\/www.boxrepsol.com\/es\/#\/schema\/logo\/image\/"},"sameAs":["https:\/\/www.facebook.com\/BoxRepsol","https:\/\/x.com\/box_repsol","http:\/\/instagram.com\/box_repsol","https:\/\/www.youtube.com\/user\/RepsolCompeticion","https:\/\/www.flickr.com\/photos\/box_repsol\/"]},{"@type":"Person","@id":"https:\/\/www.boxrepsol.com\/es\/#\/schema\/person\/c5c2138f2cca251b0ad92b7086bb60b7","name":"Redacci\u00f3n Box Repsol","image":{"@type":"ImageObject","inLanguage":"es","@id":"https:\/\/secure.gravatar.com\/avatar\/adf7b77e38b4419baf32c7e9c21dde01f4e40df611f0978e3006fc4ba0aaab7e?s=96&d=mm&r=g","url":"https:\/\/secure.gravatar.com\/avatar\/adf7b77e38b4419baf32c7e9c21dde01f4e40df611f0978e3006fc4ba0aaab7e?s=96&d=mm&r=g","contentUrl":"https:\/\/secure.gravatar.com\/avatar\/adf7b77e38b4419baf32c7e9c21dde01f4e40df611f0978e3006fc4ba0aaab7e?s=96&d=mm&r=g","caption":"Redacci\u00f3n Box Repsol"},"description":"Box Repsol lo forma un equipo de periodistas, community managers, dise\u00f1adores y fot\u00f3grafos con m\u00e1s de 20 a\u00f1os de experiencia en el mundo del motorsport. Hemos vivido el primer mundial de un espa\u00f1ol en la categor\u00eda reina de motociclismo con \u00c1lex Crivill\u00e9, estuvimos en las victorias de Pedrosa y los t\u00edtulos de M\u00e1rquez, acompa\u00f1amos en \u00c1frica a Nani Roma y Marc Coma en sus conquistas del Dakar y hemos vibrado con los t\u00edtulos de Toni Bou en Trial. Adem\u00e1s, en nuestro equipo contamos con expertos en el mundo de las dos y cuatro ruedas tanto de la calle y las carreteras, como de los circuitos. Periodistas que han trabajado en revistas y publicaciones para hacerte llegar desde rutas y consejos de mantenimiento, a curiosidades y trucos de pilotaje.","sameAs":["https:\/\/www.facebook.com\/BoxRepsol\/","https:\/\/www.instagram.com\/box_repsol\/","https:\/\/x.com\/https:\/\/twitter.com\/box_repsol","https:\/\/www.youtube.com\/@Boxrepsol"],"url":"https:\/\/www.boxrepsol.com\/es\/author\/redaccion-box-repsol\/"}]}},"_links":{"self":[{"href":"https:\/\/www.boxrepsol.com\/es\/wp-json\/wp\/v2\/posts\/95653","targetHints":{"allow":["GET"]}}],"collection":[{"href":"https:\/\/www.boxrepsol.com\/es\/wp-json\/wp\/v2\/posts"}],"about":[{"href":"https:\/\/www.boxrepsol.com\/es\/wp-json\/wp\/v2\/types\/post"}],"author":[{"embeddable":true,"href":"https:\/\/www.boxrepsol.com\/es\/wp-json\/wp\/v2\/users\/43146"}],"replies":[{"embeddable":true,"href":"https:\/\/www.boxrepsol.com\/es\/wp-json\/wp\/v2\/comments?post=95653"}],"version-history":[{"count":2,"href":"https:\/\/www.boxrepsol.com\/es\/wp-json\/wp\/v2\/posts\/95653\/revisions"}],"predecessor-version":[{"id":107393,"href":"https:\/\/www.boxrepsol.com\/es\/wp-json\/wp\/v2\/posts\/95653\/revisions\/107393"}],"wp:featuredmedia":[{"embeddable":true,"href":"https:\/\/www.boxrepsol.com\/es\/wp-json\/wp\/v2\/media\/85108"}],"wp:attachment":[{"href":"https:\/\/www.boxrepsol.com\/es\/wp-json\/wp\/v2\/media?parent=95653"}],"wp:term":[{"taxonomy":"category","embeddable":true,"href":"https:\/\/www.boxrepsol.com\/es\/wp-json\/wp\/v2\/categories?post=95653"},{"taxonomy":"post_tag","embeddable":true,"href":"https:\/\/www.boxrepsol.com\/es\/wp-json\/wp\/v2\/tags?post=95653"}],"curies":[{"name":"wp","href":"https:\/\/api.w.org\/{rel}","templated":true}]}}