{"id":95649,"date":"2023-01-08T00:00:00","date_gmt":"2023-01-08T02:00:00","guid":{"rendered":"http:\/\/pre.boxrepsol.com\/sin-categorizar\/isidre-esteve-vive-su-etapa-mas-complicada-del-dakar-pero-se-mantiene-en-el-top-30\/"},"modified":"2024-04-08T08:40:40","modified_gmt":"2024-04-08T10:40:40","slug":"isidre-esteve-vive-su-etapa-mas-complicada-del-dakar-pero-se-mantiene-en-el-top-30","status":"publish","type":"post","link":"https:\/\/www.boxrepsol.com\/es\/rally\/isidre-esteve-vive-su-etapa-mas-complicada-del-dakar-pero-se-mantiene-en-el-top-30\/","title":{"rendered":"Isidre Esteve vive su etapa m\u00e1s complicada del Dakar, pero se mantiene en el top 30"},"content":{"rendered":"<p>Isidre Esteve y Txema Villalobos han cerrado la primera semana del <strong>Dakar 2023<\/strong> superando la etapa m\u00e1s dif\u00edcil para ellos en lo que llevamos de carrera. La tripulaci\u00f3n espa\u00f1ola ha perdido diez minutos al quedarse atascada en un cord\u00f3n de dunas, y a 140 km del final han roto un amortiguador de la rueda trasera izquierda y han percibido da\u00f1os en la doble unidad de la delantera izquierda, lo que les ha obligado a aminorar el ritmo hasta el final de la especial. A pesar de ello, los integrantes del <strong>Repsol Rally Team<\/strong> llegan a la jornada de descanso de Riad dentro del top 30 de la clasificaci\u00f3n (28\u00aa plaza en la general y 26\u00aa en la divisi\u00f3n T1).<\/p>\n<p>Las buenas sensaciones de la especial de ayer se han repetido en los primeros kil\u00f3metros cronometrados de hoy, trazados en un terreno que recuerda mucho al marroqu\u00ed, con zonas de piedras y arena salpicadas por puntuales cordones de dunas. Precisamente las dunas se han convertido en el primer desaf\u00edo del d\u00eda, como resume Isidre Esteve: <em>\u00abVen\u00edamos a muy buen ritmo desde el inicio de la etapa, vigilando las piedras, pero rodando muy deprisa. Sin embargo, en el kil\u00f3metro 170, en una zona de dunas, hemos entrado en un agujero donde estaba enganchado Khalid Al Qassimi, y nos hemos quedado sin posibilidad de escape. Txema ha bajado r\u00e1pido del coche para tirar de pala y recuperar la normalidad, pero este lance nos ha costado unos 10 minutos\u201d.<\/em><\/p>\n<p>Los pilotos del Repsol Toyota Rally Team han recobrado entonces su ritmo inicial, superando de nuevo a algunos rivales en pista. Quedaban 140 kil\u00f3metros de especial, y aqu\u00ed es donde han empezado los problemas de verdad: <em>\u00abMientras adelant\u00e1bamos a un Toyota hemos tomado un bache con bastante fuerza y hemos notado un ruido fuerte en mi lado del coche. Quedaba poco para una zona neutralizada, por lo que he conducido con cuidado hasta llegar a este punto. Una vez all\u00ed, Txema se ha bajado del coche y me ha dado un r\u00e1pido diagn\u00f3stico: de entrada, el golpe ha roto uno de los dos amortiguadores de la rueda trasera y tambi\u00e9n hemos visto que los dos de la rueda delantera perd\u00edan aceite. Al superar la zona de control, Txema ha sujetado el amortiguador roto al trapecio utilizando bridas, y hemos regresado a pista\u201d<\/em>.<\/p>\n<p>Con un tercio de especial por completar, a los pilotos apoyados por Repsol, MGS Seguros, KH-7 y Toyota Espa\u00f1a no les ha quedado m\u00e1s remedio que adoptar un ritmo de supervivencia, como apunta el ilerdense: \u00ab<em>El coche estaba totalmente descompensado, por lo que no ha quedado otra que reducir la velocidad e ir con sumo cuidado para no hacer tope de suspensi\u00f3n en el eje trasero, lo que podr\u00eda causar la rotura del segundo amortiguador. En tal caso nos habr\u00edamos quedado tirados y el drama habr\u00eda adquirido proporciones mucho mayores\u201d<\/em>. La sucesi\u00f3n de contratiempos de esta octava etapa les ha hecho perder una media hora larga y ha relegado a Esteve y Villalobos a la 56\u00aa posici\u00f3n del d\u00eda, 32\u00aa entre los T1, aunque apenas les hace perder terreno en la general.<\/p>\n<p>Para la dupla del Repsol Toyota Rally Team, llega el momento de coger fuerza y prepararse para lo que viene: \u201cLa especial de hoy ha sido complicada, quiz\u00e1 la m\u00e1s dif\u00edcil de lo que llevamos de carrera, pero podremos reparar f\u00e1cilmente el coche entre esta noche y ma\u00f1ana y no quedar\u00e1 secuela alguna. Lo importante es recuperarnos bien en la jornada de descanso y rehacernos para la segunda semana del Dakar, que creo que ser\u00e1 m\u00e1s complicada que esta primera\u201d.<\/p>\n<p>La caravana del Dakar descansar\u00e1 esta noche y todo el d\u00eda de ma\u00f1ana en el vivac de Riad, desde el que volver\u00e1 a ponerse en marcha el martes. Desde este d\u00eda y hasta el domingo, fecha en la que finalizar\u00e1 la prueba en Dammam, quedar\u00e1n m\u00e1s de 1.200 km cronometrados repartidos en seis etapas.<\/p>\n<p><a href=\"https:\/\/bxrepsol.s3.eu-west-1.amazonaws.com\/static\/2023\/02\/06085759\/DKR23_IB_1D21715-scaled.jpg\" data-index=\"0\"><br \/>\n<img decoding=\"async\" src=\"https:\/\/bxrepsol.s3.eu-west-1.amazonaws.com\/static\/2023\/02\/06085759\/DKR23_IB_1D21715-scaled.jpg\" srcset=\"https:\/\/bxrepsol.s3.eu-west-1.amazonaws.com\/static\/2023\/02\/06085759\/DKR23_IB_1D21715-scaled.jpg 5000w, https:\/\/bxrepsol.s3.eu-west-1.amazonaws.com\/static\/2023\/02\/06085759\/DKR23_IB_1D21715-scaled.jpg 1280w, https:\/\/bxrepsol.s3.eu-west-1.amazonaws.com\/static\/2023\/02\/06085759\/DKR23_IB_1D21715-scaled.jpg 900w, https:\/\/bxrepsol.s3.eu-west-1.amazonaws.com\/static\/2023\/02\/06085759\/DKR23_IB_1D21715-scaled.jpg 600w, https:\/\/bxrepsol.s3.eu-west-1.amazonaws.com\/static\/2023\/02\/06085759\/DKR23_IB_1D21715-scaled.jpg 480w, https:\/\/bxrepsol.s3.eu-west-1.amazonaws.com\/static\/2023\/02\/06085759\/DKR23_IB_1D21715-scaled.jpg 32w\" title=\"DKR23_IB_1D21715\" alt=\"\" data-title=\"\"><br \/>\n<\/a><br \/>\n<a href=\"https:\/\/bxrepsol.s3.eu-west-1.amazonaws.com\/static\/2023\/02\/06085805\/DAK23_EB_EDO6760-scaled.jpg\" data-index=\"1\"><br \/>\n<img decoding=\"async\" src=\"https:\/\/bxrepsol.s3.eu-west-1.amazonaws.com\/static\/2023\/02\/06085805\/DAK23_EB_EDO6760-scaled.jpg\" srcset=\"https:\/\/bxrepsol.s3.eu-west-1.amazonaws.com\/static\/2023\/02\/06085805\/DAK23_EB_EDO6760-scaled.jpg 4500w, https:\/\/bxrepsol.s3.eu-west-1.amazonaws.com\/static\/2023\/02\/06085805\/DAK23_EB_EDO6760-scaled.jpg 1280w, https:\/\/bxrepsol.s3.eu-west-1.amazonaws.com\/static\/2023\/02\/06085805\/DAK23_EB_EDO6760-scaled.jpg 900w, https:\/\/bxrepsol.s3.eu-west-1.amazonaws.com\/static\/2023\/02\/06085805\/DAK23_EB_EDO6760-scaled.jpg 600w, https:\/\/bxrepsol.s3.eu-west-1.amazonaws.com\/static\/2023\/02\/06085805\/DAK23_EB_EDO6760-scaled.jpg 480w, https:\/\/bxrepsol.s3.eu-west-1.amazonaws.com\/static\/2023\/02\/06085805\/DAK23_EB_EDO6760-scaled.jpg 32w\" title=\"DAK23_EB_EDO6760\" alt=\"\" data-title=\"\"><br \/>\n<\/a><br \/>\n<a href=\"https:\/\/bxrepsol.s3.eu-west-1.amazonaws.com\/static\/2023\/02\/06085810\/DAK23_EB_EDD1657-scaled.jpg\" data-index=\"2\"><br \/>\n<img decoding=\"async\" src=\"https:\/\/bxrepsol.s3.eu-west-1.amazonaws.com\/static\/2023\/02\/06085810\/DAK23_EB_EDD1657-scaled.jpg\" srcset=\"https:\/\/bxrepsol.s3.eu-west-1.amazonaws.com\/static\/2023\/02\/06085810\/DAK23_EB_EDD1657-scaled.jpg 4500w, https:\/\/bxrepsol.s3.eu-west-1.amazonaws.com\/static\/2023\/02\/06085810\/DAK23_EB_EDD1657-scaled.jpg 1280w, https:\/\/bxrepsol.s3.eu-west-1.amazonaws.com\/static\/2023\/02\/06085810\/DAK23_EB_EDD1657-scaled.jpg 900w, https:\/\/bxrepsol.s3.eu-west-1.amazonaws.com\/static\/2023\/02\/06085810\/DAK23_EB_EDD1657-scaled.jpg 600w, https:\/\/bxrepsol.s3.eu-west-1.amazonaws.com\/static\/2023\/02\/06085810\/DAK23_EB_EDD1657-scaled.jpg 480w, https:\/\/bxrepsol.s3.eu-west-1.amazonaws.com\/static\/2023\/02\/06085810\/DAK23_EB_EDD1657-scaled.jpg 32w\" title=\"DAK23_EB_EDD1657\" alt=\"\" data-title=\"\"><br \/>\n<\/a><br \/>\n<a href=\"https:\/\/bxrepsol.s3.eu-west-1.amazonaws.com\/static\/2023\/02\/06085817\/DAK23_BR-3172-scaled.jpg\" data-index=\"3\"><br \/>\n<img decoding=\"async\" src=\"https:\/\/bxrepsol.s3.eu-west-1.amazonaws.com\/static\/2023\/02\/06085817\/DAK23_BR-3172-scaled.jpg\" srcset=\"https:\/\/bxrepsol.s3.eu-west-1.amazonaws.com\/static\/2023\/02\/06085817\/DAK23_BR-3172-scaled.jpg 5000w, https:\/\/bxrepsol.s3.eu-west-1.amazonaws.com\/static\/2023\/02\/06085817\/DAK23_BR-3172-scaled.jpg 1280w, https:\/\/bxrepsol.s3.eu-west-1.amazonaws.com\/static\/2023\/02\/06085817\/DAK23_BR-3172-scaled.jpg 900w, https:\/\/bxrepsol.s3.eu-west-1.amazonaws.com\/static\/2023\/02\/06085817\/DAK23_BR-3172-scaled.jpg 600w, https:\/\/bxrepsol.s3.eu-west-1.amazonaws.com\/static\/2023\/02\/06085817\/DAK23_BR-3172-scaled.jpg 480w, https:\/\/bxrepsol.s3.eu-west-1.amazonaws.com\/static\/2023\/02\/06085817\/DAK23_BR-3172-scaled.jpg 32w\" title=\"DAK23_BR-3172\" alt=\"\" data-title=\"\"><br \/>\n<\/a><br \/>\n<a href=\"https:\/\/bxrepsol.s3.eu-west-1.amazonaws.com\/static\/2023\/02\/06085819\/LR-0108104354-MMPHOTO1.jpg\" data-index=\"4\"><br \/>\n<img decoding=\"async\" src=\"https:\/\/bxrepsol.s3.eu-west-1.amazonaws.com\/static\/2023\/02\/06085819\/LR-0108104354-MMPHOTO1.jpg\" srcset=\"https:\/\/bxrepsol.s3.eu-west-1.amazonaws.com\/static\/2023\/02\/06085819\/LR-0108104354-MMPHOTO1.jpg 2048w, https:\/\/bxrepsol.s3.eu-west-1.amazonaws.com\/static\/2023\/02\/06085819\/LR-0108104354-MMPHOTO1.jpg 1280w, https:\/\/bxrepsol.s3.eu-west-1.amazonaws.com\/static\/2023\/02\/06085819\/LR-0108104354-MMPHOTO1.jpg 900w, https:\/\/bxrepsol.s3.eu-west-1.amazonaws.com\/static\/2023\/02\/06085819\/LR-0108104354-MMPHOTO1.jpg 600w, https:\/\/bxrepsol.s3.eu-west-1.amazonaws.com\/static\/2023\/02\/06085819\/LR-0108104354-MMPHOTO1.jpg 480w, https:\/\/bxrepsol.s3.eu-west-1.amazonaws.com\/static\/2023\/02\/06085819\/LR-0108104354-MMPHOTO1.jpg 32w\" title=\"LR-0108104354-MMPHOTO1\" alt=\"\" data-title=\"\"><br \/>\n<\/a><br \/>\n<button data-glide-dir=\"<\"><br \/>\n<svg role=\"img\" viewBox=\"0 0 256 512\">\n                <path fill=\"currentColor\" d=\"M238.475 475.535l7.071-7.07c4.686-4.686 4.686-12.284 0-16.971L50.053 256 245.546 60.506c4.686-4.686 4.686-12.284 0-16.971l-7.071-7.07c-4.686-4.686-12.284-4.686-16.97 0L10.454 247.515c-4.686 4.686-4.686 12.284 0 16.971l211.051 211.05c4.686 4.686 12.284 4.686 16.97-.001z\"><\/path>\n            <\/svg><br \/>\n<\/button><br \/>\n<button data-glide-dir=\">\u00ab><br \/>\n<svg role=\"img\" viewBox=\"0 0 256 512\">\n                <path fill=\"currentColor\" d=\"M17.525 36.465l-7.071 7.07c-4.686 4.686-4.686 12.284 0 16.971L205.947 256 10.454 451.494c-4.686 4.686-4.686 12.284 0 16.971l7.071 7.07c4.686 4.686 12.284 4.686 16.97 0l211.051-211.05c4.686-4.686 4.686-12.284 0-16.971L34.495 36.465c-4.686-4.687-12.284-4.687-16.97 0z\"><\/path>\n            <\/svg><br \/>\n<\/button><\/p>\n<p><strong>Clasificaci\u00f3n etapa:<\/strong><br \/>\n1. Sebastien Loeb (Prodrive) 3h 34\u201924\u201d<br \/>\n2. Nasser Al-Attiyah (Toyota) +02\u201911\u201d<br \/>\n3. Carlos Sainz (Audi) +03\u201931\u201d<br \/>\n4. Henk Lategan (Toyota) +04\u201953\u201d<br \/>\n5. Jakub Przygonski (Mini) +10\u201919\u201d<br \/>\n\u2026<br \/>\n<strong>56. Isidre Esteve (Toyota) +51\u201939\u201d<\/strong><\/p>\n<p><strong>Clasificaci\u00f3n general:<\/strong><br \/>\n1. Nasser Al-Attiyah (Toyota) 31h 02\u201958\u201d<br \/>\n2. Henk Lategan (Toyota) +1h 03\u201946\u201d<br \/>\n3. Lucas Moraes (Toyota) +1h 20\u201922\u201d<br \/>\n4. Sebastien Loeb (Prodrive) +1h 52\u201906\u201d<br \/>\n5. Giniel de Villiers (Toyota) +2h 04\u201920\u201d<br \/>\n\u2026<br \/>\n<strong>28. Isidre Esteve (Toyota) +6h 02\u201918\u201d<\/strong><\/p>\n","protected":false},"excerpt":{"rendered":"<p>Los integrantes del Repsol Rally Team han perdido m\u00e1s de media hora entre un enganch\u00f3n en las dunas y problemas en los amortiguadores.<\/p>\n","protected":false},"author":43146,"featured_media":85059,"comment_status":"open","ping_status":"open","sticky":false,"template":"","format":"standard","meta":{"footnotes":""},"categories":[27],"tags":[269,201,29,183],"class_list":["post-95649","post","type-post","status-publish","format-standard","hentry","category-rally","tag-269","tag-dakar","tag-isidre-esteve","tag-repsol-rally-team"],"yoast_head":"<!-- This site is optimized with the Yoast SEO plugin v27.3 - https:\/\/yoast.com\/product\/yoast-seo-wordpress\/ -->\n<title>Isidre Esteve vive su etapa m\u00e1s complicada del Dakar, pero se mantiene en el top 30 - Box Repsol<\/title>\n<meta name=\"description\" content=\"Isidre Esteve vive su etapa m\u00e1s complicada del Dakar pero se mantiene en el top 30: Sigue la lucha y determinaci\u00f3n de nuestro piloto.\" \/>\n<link rel=\"canonical\" href=\"https:\/\/www.boxrepsol.com\/es\/rally\/isidre-esteve-vive-su-etapa-mas-complicada-del-dakar-pero-se-mantiene-en-el-top-30\/\" \/>\n<meta property=\"og:locale\" content=\"es_ES\" \/>\n<meta property=\"og:type\" content=\"article\" \/>\n<meta property=\"og:title\" content=\"Isidre Esteve vive su etapa m\u00e1s complicada del Dakar, pero se mantiene en el top 30 - Box Repsol\" \/>\n<meta property=\"og:description\" content=\"Isidre Esteve vive su etapa m\u00e1s complicada del Dakar pero se mantiene en el top 30: Sigue la lucha y determinaci\u00f3n de nuestro piloto.\" \/>\n<meta property=\"og:url\" content=\"https:\/\/www.boxrepsol.com\/es\/rally\/isidre-esteve-vive-su-etapa-mas-complicada-del-dakar-pero-se-mantiene-en-el-top-30\/\" \/>\n<meta property=\"og:site_name\" content=\"Box Repsol\" \/>\n<meta property=\"article:publisher\" content=\"https:\/\/www.facebook.com\/BoxRepsol\" \/>\n<meta property=\"article:author\" content=\"https:\/\/www.facebook.com\/BoxRepsol\/\" \/>\n<meta property=\"article:published_time\" content=\"2023-01-08T02:00:00+00:00\" \/>\n<meta property=\"article:modified_time\" content=\"2024-04-08T10:40:40+00:00\" \/>\n<meta property=\"og:image\" content=\"https:\/\/bxrepsol.s3.eu-west-1.amazonaws.com\/static\/2023\/02\/06085824\/DAK23_EB_EDD5659-copia-scaled.jpg\" \/>\n\t<meta property=\"og:image:width\" content=\"2560\" \/>\n\t<meta property=\"og:image:height\" content=\"1200\" \/>\n\t<meta property=\"og:image:type\" content=\"image\/jpeg\" \/>\n<meta name=\"author\" content=\"Redacci\u00f3n Box Repsol\" \/>\n<meta name=\"twitter:card\" content=\"summary_large_image\" \/>\n<meta name=\"twitter:creator\" content=\"@https:\/\/twitter.com\/box_repsol\" \/>\n<meta name=\"twitter:site\" content=\"@box_repsol\" \/>\n<meta name=\"twitter:label1\" content=\"Written by\" \/>\n\t<meta name=\"twitter:data1\" content=\"Redacci\u00f3n Box Repsol\" \/>\n\t<meta name=\"twitter:label2\" content=\"Est. reading time\" \/>\n\t<meta name=\"twitter:data2\" content=\"4 minutos\" \/>\n<script type=\"application\/ld+json\" class=\"yoast-schema-graph\">{\"@context\":\"https:\\\/\\\/schema.org\",\"@graph\":[{\"@type\":\"Article\",\"@id\":\"https:\\\/\\\/www.boxrepsol.com\\\/es\\\/rally\\\/isidre-esteve-vive-su-etapa-mas-complicada-del-dakar-pero-se-mantiene-en-el-top-30\\\/#article\",\"isPartOf\":{\"@id\":\"https:\\\/\\\/www.boxrepsol.com\\\/es\\\/rally\\\/isidre-esteve-vive-su-etapa-mas-complicada-del-dakar-pero-se-mantiene-en-el-top-30\\\/\"},\"author\":{\"name\":\"Redacci\u00f3n Box Repsol\",\"@id\":\"https:\\\/\\\/www.boxrepsol.com\\\/es\\\/#\\\/schema\\\/person\\\/c5c2138f2cca251b0ad92b7086bb60b7\"},\"headline\":\"Isidre Esteve vive su etapa m\u00e1s complicada del Dakar, pero se mantiene en el top 30\",\"datePublished\":\"2023-01-08T02:00:00+00:00\",\"dateModified\":\"2024-04-08T10:40:40+00:00\",\"mainEntityOfPage\":{\"@id\":\"https:\\\/\\\/www.boxrepsol.com\\\/es\\\/rally\\\/isidre-esteve-vive-su-etapa-mas-complicada-del-dakar-pero-se-mantiene-en-el-top-30\\\/\"},\"wordCount\":747,\"commentCount\":0,\"publisher\":{\"@id\":\"https:\\\/\\\/www.boxrepsol.com\\\/es\\\/#organization\"},\"image\":{\"@id\":\"https:\\\/\\\/www.boxrepsol.com\\\/es\\\/rally\\\/isidre-esteve-vive-su-etapa-mas-complicada-del-dakar-pero-se-mantiene-en-el-top-30\\\/#primaryimage\"},\"thumbnailUrl\":\"https:\\\/\\\/bxrepsol.s3.eu-west-1.amazonaws.com\\\/static\\\/2023\\\/02\\\/06085824\\\/DAK23_EB_EDD5659-copia-scaled.jpg\",\"keywords\":[\"2023\",\"Dakar\",\"Isidre Esteve\",\"Repsol Rally Team\"],\"articleSection\":[\"Rally\"],\"inLanguage\":\"es\",\"potentialAction\":[{\"@type\":\"CommentAction\",\"name\":\"Comment\",\"target\":[\"https:\\\/\\\/www.boxrepsol.com\\\/es\\\/rally\\\/isidre-esteve-vive-su-etapa-mas-complicada-del-dakar-pero-se-mantiene-en-el-top-30\\\/#respond\"]}]},{\"@type\":\"WebPage\",\"@id\":\"https:\\\/\\\/www.boxrepsol.com\\\/es\\\/rally\\\/isidre-esteve-vive-su-etapa-mas-complicada-del-dakar-pero-se-mantiene-en-el-top-30\\\/\",\"url\":\"https:\\\/\\\/www.boxrepsol.com\\\/es\\\/rally\\\/isidre-esteve-vive-su-etapa-mas-complicada-del-dakar-pero-se-mantiene-en-el-top-30\\\/\",\"name\":\"Isidre Esteve vive su etapa m\u00e1s complicada del Dakar, pero se mantiene en el top 30 - Box Repsol\",\"isPartOf\":{\"@id\":\"https:\\\/\\\/www.boxrepsol.com\\\/es\\\/#website\"},\"primaryImageOfPage\":{\"@id\":\"https:\\\/\\\/www.boxrepsol.com\\\/es\\\/rally\\\/isidre-esteve-vive-su-etapa-mas-complicada-del-dakar-pero-se-mantiene-en-el-top-30\\\/#primaryimage\"},\"image\":{\"@id\":\"https:\\\/\\\/www.boxrepsol.com\\\/es\\\/rally\\\/isidre-esteve-vive-su-etapa-mas-complicada-del-dakar-pero-se-mantiene-en-el-top-30\\\/#primaryimage\"},\"thumbnailUrl\":\"https:\\\/\\\/bxrepsol.s3.eu-west-1.amazonaws.com\\\/static\\\/2023\\\/02\\\/06085824\\\/DAK23_EB_EDD5659-copia-scaled.jpg\",\"datePublished\":\"2023-01-08T02:00:00+00:00\",\"dateModified\":\"2024-04-08T10:40:40+00:00\",\"description\":\"Isidre Esteve vive su etapa m\u00e1s complicada del Dakar pero se mantiene en el top 30: Sigue la lucha y determinaci\u00f3n de nuestro piloto.\",\"breadcrumb\":{\"@id\":\"https:\\\/\\\/www.boxrepsol.com\\\/es\\\/rally\\\/isidre-esteve-vive-su-etapa-mas-complicada-del-dakar-pero-se-mantiene-en-el-top-30\\\/#breadcrumb\"},\"inLanguage\":\"es\",\"potentialAction\":[{\"@type\":\"ReadAction\",\"target\":[\"https:\\\/\\\/www.boxrepsol.com\\\/es\\\/rally\\\/isidre-esteve-vive-su-etapa-mas-complicada-del-dakar-pero-se-mantiene-en-el-top-30\\\/\"]}]},{\"@type\":\"ImageObject\",\"inLanguage\":\"es\",\"@id\":\"https:\\\/\\\/www.boxrepsol.com\\\/es\\\/rally\\\/isidre-esteve-vive-su-etapa-mas-complicada-del-dakar-pero-se-mantiene-en-el-top-30\\\/#primaryimage\",\"url\":\"https:\\\/\\\/bxrepsol.s3.eu-west-1.amazonaws.com\\\/static\\\/2023\\\/02\\\/06085824\\\/DAK23_EB_EDD5659-copia-scaled.jpg\",\"contentUrl\":\"https:\\\/\\\/bxrepsol.s3.eu-west-1.amazonaws.com\\\/static\\\/2023\\\/02\\\/06085824\\\/DAK23_EB_EDD5659-copia-scaled.jpg\",\"width\":2560,\"height\":1200},{\"@type\":\"BreadcrumbList\",\"@id\":\"https:\\\/\\\/www.boxrepsol.com\\\/es\\\/rally\\\/isidre-esteve-vive-su-etapa-mas-complicada-del-dakar-pero-se-mantiene-en-el-top-30\\\/#breadcrumb\",\"itemListElement\":[{\"@type\":\"ListItem\",\"position\":1,\"name\":\"Home\",\"item\":\"https:\\\/\\\/www.boxrepsol.com\\\/es\\\/\"},{\"@type\":\"ListItem\",\"position\":2,\"name\":\"Isidre Esteve vive su etapa m\u00e1s complicada del Dakar, pero se mantiene en el top 30\"}]},{\"@type\":\"WebSite\",\"@id\":\"https:\\\/\\\/www.boxrepsol.com\\\/es\\\/#website\",\"url\":\"https:\\\/\\\/www.boxrepsol.com\\\/es\\\/\",\"name\":\"Box Repsol\",\"description\":\"Box Repsol Site\",\"publisher\":{\"@id\":\"https:\\\/\\\/www.boxrepsol.com\\\/es\\\/#organization\"},\"potentialAction\":[{\"@type\":\"SearchAction\",\"target\":{\"@type\":\"EntryPoint\",\"urlTemplate\":\"https:\\\/\\\/www.boxrepsol.com\\\/es\\\/?s={search_term_string}\"},\"query-input\":{\"@type\":\"PropertyValueSpecification\",\"valueRequired\":true,\"valueName\":\"search_term_string\"}}],\"inLanguage\":\"es\"},{\"@type\":\"Organization\",\"@id\":\"https:\\\/\\\/www.boxrepsol.com\\\/es\\\/#organization\",\"name\":\"Box Repsol\",\"url\":\"https:\\\/\\\/www.boxrepsol.com\\\/es\\\/\",\"logo\":{\"@type\":\"ImageObject\",\"inLanguage\":\"es\",\"@id\":\"https:\\\/\\\/www.boxrepsol.com\\\/es\\\/#\\\/schema\\\/logo\\\/image\\\/\",\"url\":\"https:\\\/\\\/bxrepsol.s3.eu-west-1.amazonaws.com\\\/static\\\/2025\\\/07\\\/30083337\\\/favicon-96x96-1.png\",\"contentUrl\":\"https:\\\/\\\/bxrepsol.s3.eu-west-1.amazonaws.com\\\/static\\\/2025\\\/07\\\/30083337\\\/favicon-96x96-1.png\",\"width\":96,\"height\":96,\"caption\":\"Box Repsol\"},\"image\":{\"@id\":\"https:\\\/\\\/www.boxrepsol.com\\\/es\\\/#\\\/schema\\\/logo\\\/image\\\/\"},\"sameAs\":[\"https:\\\/\\\/www.facebook.com\\\/BoxRepsol\",\"https:\\\/\\\/x.com\\\/box_repsol\",\"http:\\\/\\\/instagram.com\\\/box_repsol\",\"https:\\\/\\\/www.youtube.com\\\/user\\\/RepsolCompeticion\",\"https:\\\/\\\/www.flickr.com\\\/photos\\\/box_repsol\\\/\"]},{\"@type\":\"Person\",\"@id\":\"https:\\\/\\\/www.boxrepsol.com\\\/es\\\/#\\\/schema\\\/person\\\/c5c2138f2cca251b0ad92b7086bb60b7\",\"name\":\"Redacci\u00f3n Box Repsol\",\"image\":{\"@type\":\"ImageObject\",\"inLanguage\":\"es\",\"@id\":\"https:\\\/\\\/secure.gravatar.com\\\/avatar\\\/adf7b77e38b4419baf32c7e9c21dde01f4e40df611f0978e3006fc4ba0aaab7e?s=96&d=mm&r=g\",\"url\":\"https:\\\/\\\/secure.gravatar.com\\\/avatar\\\/adf7b77e38b4419baf32c7e9c21dde01f4e40df611f0978e3006fc4ba0aaab7e?s=96&d=mm&r=g\",\"contentUrl\":\"https:\\\/\\\/secure.gravatar.com\\\/avatar\\\/adf7b77e38b4419baf32c7e9c21dde01f4e40df611f0978e3006fc4ba0aaab7e?s=96&d=mm&r=g\",\"caption\":\"Redacci\u00f3n Box Repsol\"},\"description\":\"Box Repsol lo forma un equipo de periodistas, community managers, dise\u00f1adores y fot\u00f3grafos con m\u00e1s de 20 a\u00f1os de experiencia en el mundo del motorsport. Hemos vivido el primer mundial de un espa\u00f1ol en la categor\u00eda reina de motociclismo con \u00c1lex Crivill\u00e9, estuvimos en las victorias de Pedrosa y los t\u00edtulos de M\u00e1rquez, acompa\u00f1amos en \u00c1frica a Nani Roma y Marc Coma en sus conquistas del Dakar y hemos vibrado con los t\u00edtulos de Toni Bou en Trial. Adem\u00e1s, en nuestro equipo contamos con expertos en el mundo de las dos y cuatro ruedas tanto de la calle y las carreteras, como de los circuitos. Periodistas que han trabajado en revistas y publicaciones para hacerte llegar desde rutas y consejos de mantenimiento, a curiosidades y trucos de pilotaje.\",\"sameAs\":[\"https:\\\/\\\/www.facebook.com\\\/BoxRepsol\\\/\",\"https:\\\/\\\/www.instagram.com\\\/box_repsol\\\/\",\"https:\\\/\\\/x.com\\\/https:\\\/\\\/twitter.com\\\/box_repsol\",\"https:\\\/\\\/www.youtube.com\\\/@Boxrepsol\"],\"url\":\"https:\\\/\\\/www.boxrepsol.com\\\/es\\\/author\\\/redaccion-box-repsol\\\/\"}]}<\/script>\n<!-- \/ Yoast SEO plugin. -->","yoast_head_json":{"title":"Isidre Esteve vive su etapa m\u00e1s complicada del Dakar, pero se mantiene en el top 30 - Box Repsol","description":"Isidre Esteve vive su etapa m\u00e1s complicada del Dakar pero se mantiene en el top 30: Sigue la lucha y determinaci\u00f3n de nuestro piloto.","canonical":"https:\/\/www.boxrepsol.com\/es\/rally\/isidre-esteve-vive-su-etapa-mas-complicada-del-dakar-pero-se-mantiene-en-el-top-30\/","og_locale":"es_ES","og_type":"article","og_title":"Isidre Esteve vive su etapa m\u00e1s complicada del Dakar, pero se mantiene en el top 30 - Box Repsol","og_description":"Isidre Esteve vive su etapa m\u00e1s complicada del Dakar pero se mantiene en el top 30: Sigue la lucha y determinaci\u00f3n de nuestro piloto.","og_url":"https:\/\/www.boxrepsol.com\/es\/rally\/isidre-esteve-vive-su-etapa-mas-complicada-del-dakar-pero-se-mantiene-en-el-top-30\/","og_site_name":"Box Repsol","article_publisher":"https:\/\/www.facebook.com\/BoxRepsol","article_author":"https:\/\/www.facebook.com\/BoxRepsol\/","article_published_time":"2023-01-08T02:00:00+00:00","article_modified_time":"2024-04-08T10:40:40+00:00","og_image":[{"width":2560,"height":1200,"url":"https:\/\/bxrepsol.s3.eu-west-1.amazonaws.com\/static\/2023\/02\/06085824\/DAK23_EB_EDD5659-copia-scaled.jpg","type":"image\/jpeg"}],"author":"Redacci\u00f3n Box Repsol","twitter_card":"summary_large_image","twitter_creator":"@https:\/\/twitter.com\/box_repsol","twitter_site":"@box_repsol","twitter_misc":{"Written by":"Redacci\u00f3n Box Repsol","Est. reading time":"4 minutos"},"schema":{"@context":"https:\/\/schema.org","@graph":[{"@type":"Article","@id":"https:\/\/www.boxrepsol.com\/es\/rally\/isidre-esteve-vive-su-etapa-mas-complicada-del-dakar-pero-se-mantiene-en-el-top-30\/#article","isPartOf":{"@id":"https:\/\/www.boxrepsol.com\/es\/rally\/isidre-esteve-vive-su-etapa-mas-complicada-del-dakar-pero-se-mantiene-en-el-top-30\/"},"author":{"name":"Redacci\u00f3n Box Repsol","@id":"https:\/\/www.boxrepsol.com\/es\/#\/schema\/person\/c5c2138f2cca251b0ad92b7086bb60b7"},"headline":"Isidre Esteve vive su etapa m\u00e1s complicada del Dakar, pero se mantiene en el top 30","datePublished":"2023-01-08T02:00:00+00:00","dateModified":"2024-04-08T10:40:40+00:00","mainEntityOfPage":{"@id":"https:\/\/www.boxrepsol.com\/es\/rally\/isidre-esteve-vive-su-etapa-mas-complicada-del-dakar-pero-se-mantiene-en-el-top-30\/"},"wordCount":747,"commentCount":0,"publisher":{"@id":"https:\/\/www.boxrepsol.com\/es\/#organization"},"image":{"@id":"https:\/\/www.boxrepsol.com\/es\/rally\/isidre-esteve-vive-su-etapa-mas-complicada-del-dakar-pero-se-mantiene-en-el-top-30\/#primaryimage"},"thumbnailUrl":"https:\/\/bxrepsol.s3.eu-west-1.amazonaws.com\/static\/2023\/02\/06085824\/DAK23_EB_EDD5659-copia-scaled.jpg","keywords":["2023","Dakar","Isidre Esteve","Repsol Rally Team"],"articleSection":["Rally"],"inLanguage":"es","potentialAction":[{"@type":"CommentAction","name":"Comment","target":["https:\/\/www.boxrepsol.com\/es\/rally\/isidre-esteve-vive-su-etapa-mas-complicada-del-dakar-pero-se-mantiene-en-el-top-30\/#respond"]}]},{"@type":"WebPage","@id":"https:\/\/www.boxrepsol.com\/es\/rally\/isidre-esteve-vive-su-etapa-mas-complicada-del-dakar-pero-se-mantiene-en-el-top-30\/","url":"https:\/\/www.boxrepsol.com\/es\/rally\/isidre-esteve-vive-su-etapa-mas-complicada-del-dakar-pero-se-mantiene-en-el-top-30\/","name":"Isidre Esteve vive su etapa m\u00e1s complicada del Dakar, pero se mantiene en el top 30 - Box Repsol","isPartOf":{"@id":"https:\/\/www.boxrepsol.com\/es\/#website"},"primaryImageOfPage":{"@id":"https:\/\/www.boxrepsol.com\/es\/rally\/isidre-esteve-vive-su-etapa-mas-complicada-del-dakar-pero-se-mantiene-en-el-top-30\/#primaryimage"},"image":{"@id":"https:\/\/www.boxrepsol.com\/es\/rally\/isidre-esteve-vive-su-etapa-mas-complicada-del-dakar-pero-se-mantiene-en-el-top-30\/#primaryimage"},"thumbnailUrl":"https:\/\/bxrepsol.s3.eu-west-1.amazonaws.com\/static\/2023\/02\/06085824\/DAK23_EB_EDD5659-copia-scaled.jpg","datePublished":"2023-01-08T02:00:00+00:00","dateModified":"2024-04-08T10:40:40+00:00","description":"Isidre Esteve vive su etapa m\u00e1s complicada del Dakar pero se mantiene en el top 30: Sigue la lucha y determinaci\u00f3n de nuestro piloto.","breadcrumb":{"@id":"https:\/\/www.boxrepsol.com\/es\/rally\/isidre-esteve-vive-su-etapa-mas-complicada-del-dakar-pero-se-mantiene-en-el-top-30\/#breadcrumb"},"inLanguage":"es","potentialAction":[{"@type":"ReadAction","target":["https:\/\/www.boxrepsol.com\/es\/rally\/isidre-esteve-vive-su-etapa-mas-complicada-del-dakar-pero-se-mantiene-en-el-top-30\/"]}]},{"@type":"ImageObject","inLanguage":"es","@id":"https:\/\/www.boxrepsol.com\/es\/rally\/isidre-esteve-vive-su-etapa-mas-complicada-del-dakar-pero-se-mantiene-en-el-top-30\/#primaryimage","url":"https:\/\/bxrepsol.s3.eu-west-1.amazonaws.com\/static\/2023\/02\/06085824\/DAK23_EB_EDD5659-copia-scaled.jpg","contentUrl":"https:\/\/bxrepsol.s3.eu-west-1.amazonaws.com\/static\/2023\/02\/06085824\/DAK23_EB_EDD5659-copia-scaled.jpg","width":2560,"height":1200},{"@type":"BreadcrumbList","@id":"https:\/\/www.boxrepsol.com\/es\/rally\/isidre-esteve-vive-su-etapa-mas-complicada-del-dakar-pero-se-mantiene-en-el-top-30\/#breadcrumb","itemListElement":[{"@type":"ListItem","position":1,"name":"Home","item":"https:\/\/www.boxrepsol.com\/es\/"},{"@type":"ListItem","position":2,"name":"Isidre Esteve vive su etapa m\u00e1s complicada del Dakar, pero se mantiene en el top 30"}]},{"@type":"WebSite","@id":"https:\/\/www.boxrepsol.com\/es\/#website","url":"https:\/\/www.boxrepsol.com\/es\/","name":"Box Repsol","description":"Box Repsol Site","publisher":{"@id":"https:\/\/www.boxrepsol.com\/es\/#organization"},"potentialAction":[{"@type":"SearchAction","target":{"@type":"EntryPoint","urlTemplate":"https:\/\/www.boxrepsol.com\/es\/?s={search_term_string}"},"query-input":{"@type":"PropertyValueSpecification","valueRequired":true,"valueName":"search_term_string"}}],"inLanguage":"es"},{"@type":"Organization","@id":"https:\/\/www.boxrepsol.com\/es\/#organization","name":"Box Repsol","url":"https:\/\/www.boxrepsol.com\/es\/","logo":{"@type":"ImageObject","inLanguage":"es","@id":"https:\/\/www.boxrepsol.com\/es\/#\/schema\/logo\/image\/","url":"https:\/\/bxrepsol.s3.eu-west-1.amazonaws.com\/static\/2025\/07\/30083337\/favicon-96x96-1.png","contentUrl":"https:\/\/bxrepsol.s3.eu-west-1.amazonaws.com\/static\/2025\/07\/30083337\/favicon-96x96-1.png","width":96,"height":96,"caption":"Box Repsol"},"image":{"@id":"https:\/\/www.boxrepsol.com\/es\/#\/schema\/logo\/image\/"},"sameAs":["https:\/\/www.facebook.com\/BoxRepsol","https:\/\/x.com\/box_repsol","http:\/\/instagram.com\/box_repsol","https:\/\/www.youtube.com\/user\/RepsolCompeticion","https:\/\/www.flickr.com\/photos\/box_repsol\/"]},{"@type":"Person","@id":"https:\/\/www.boxrepsol.com\/es\/#\/schema\/person\/c5c2138f2cca251b0ad92b7086bb60b7","name":"Redacci\u00f3n Box Repsol","image":{"@type":"ImageObject","inLanguage":"es","@id":"https:\/\/secure.gravatar.com\/avatar\/adf7b77e38b4419baf32c7e9c21dde01f4e40df611f0978e3006fc4ba0aaab7e?s=96&d=mm&r=g","url":"https:\/\/secure.gravatar.com\/avatar\/adf7b77e38b4419baf32c7e9c21dde01f4e40df611f0978e3006fc4ba0aaab7e?s=96&d=mm&r=g","contentUrl":"https:\/\/secure.gravatar.com\/avatar\/adf7b77e38b4419baf32c7e9c21dde01f4e40df611f0978e3006fc4ba0aaab7e?s=96&d=mm&r=g","caption":"Redacci\u00f3n Box Repsol"},"description":"Box Repsol lo forma un equipo de periodistas, community managers, dise\u00f1adores y fot\u00f3grafos con m\u00e1s de 20 a\u00f1os de experiencia en el mundo del motorsport. Hemos vivido el primer mundial de un espa\u00f1ol en la categor\u00eda reina de motociclismo con \u00c1lex Crivill\u00e9, estuvimos en las victorias de Pedrosa y los t\u00edtulos de M\u00e1rquez, acompa\u00f1amos en \u00c1frica a Nani Roma y Marc Coma en sus conquistas del Dakar y hemos vibrado con los t\u00edtulos de Toni Bou en Trial. Adem\u00e1s, en nuestro equipo contamos con expertos en el mundo de las dos y cuatro ruedas tanto de la calle y las carreteras, como de los circuitos. Periodistas que han trabajado en revistas y publicaciones para hacerte llegar desde rutas y consejos de mantenimiento, a curiosidades y trucos de pilotaje.","sameAs":["https:\/\/www.facebook.com\/BoxRepsol\/","https:\/\/www.instagram.com\/box_repsol\/","https:\/\/x.com\/https:\/\/twitter.com\/box_repsol","https:\/\/www.youtube.com\/@Boxrepsol"],"url":"https:\/\/www.boxrepsol.com\/es\/author\/redaccion-box-repsol\/"}]}},"_links":{"self":[{"href":"https:\/\/www.boxrepsol.com\/es\/wp-json\/wp\/v2\/posts\/95649","targetHints":{"allow":["GET"]}}],"collection":[{"href":"https:\/\/www.boxrepsol.com\/es\/wp-json\/wp\/v2\/posts"}],"about":[{"href":"https:\/\/www.boxrepsol.com\/es\/wp-json\/wp\/v2\/types\/post"}],"author":[{"embeddable":true,"href":"https:\/\/www.boxrepsol.com\/es\/wp-json\/wp\/v2\/users\/43146"}],"replies":[{"embeddable":true,"href":"https:\/\/www.boxrepsol.com\/es\/wp-json\/wp\/v2\/comments?post=95649"}],"version-history":[{"count":2,"href":"https:\/\/www.boxrepsol.com\/es\/wp-json\/wp\/v2\/posts\/95649\/revisions"}],"predecessor-version":[{"id":107384,"href":"https:\/\/www.boxrepsol.com\/es\/wp-json\/wp\/v2\/posts\/95649\/revisions\/107384"}],"wp:featuredmedia":[{"embeddable":true,"href":"https:\/\/www.boxrepsol.com\/es\/wp-json\/wp\/v2\/media\/85059"}],"wp:attachment":[{"href":"https:\/\/www.boxrepsol.com\/es\/wp-json\/wp\/v2\/media?parent=95649"}],"wp:term":[{"taxonomy":"category","embeddable":true,"href":"https:\/\/www.boxrepsol.com\/es\/wp-json\/wp\/v2\/categories?post=95649"},{"taxonomy":"post_tag","embeddable":true,"href":"https:\/\/www.boxrepsol.com\/es\/wp-json\/wp\/v2\/tags?post=95649"}],"curies":[{"name":"wp","href":"https:\/\/api.w.org\/{rel}","templated":true}]}}