{"id":95647,"date":"2023-01-07T00:00:00","date_gmt":"2023-01-07T02:00:00","guid":{"rendered":"http:\/\/pre.boxrepsol.com\/sin-categorizar\/dakar-buenas-sensaciones-isidre-esteve-la-primera-parte-la-maraton\/"},"modified":"2024-04-08T08:40:59","modified_gmt":"2024-04-08T10:40:59","slug":"dakar-buenas-sensaciones-isidre-esteve-la-primera-parte-la-maraton","status":"publish","type":"post","link":"https:\/\/www.boxrepsol.com\/es\/rally\/dakar-buenas-sensaciones-isidre-esteve-la-primera-parte-la-maraton\/","title":{"rendered":"Buenas sensaciones para Isidre Esteve en la primera parte de la marat\u00f3n"},"content":{"rendered":"<p>Isidre Esteve y Txema Villalobos han completado a buen ritmo y sin inconvenientes relevantes, m\u00e1s all\u00e1 de un peque\u00f1o encontronazo con un \u00e1rbol seco, la primera mitad de la <strong>etapa marat\u00f3n<\/strong> del Dakar 2023, que enlazaba Riad y Al Duwadimi, con <strong>333 kil\u00f3metros<\/strong> cronometrados. La tripulaci\u00f3n espa\u00f1ola ha finalizado la jornada con muy buenas sensaciones en la 31\u00aa posici\u00f3n absoluta \u201328\u00aa de T1\u2013. En la general, se mantiene en 25\u00aa absoluta y 23\u00aa de su categor\u00eda.<\/p>\n<p>La s\u00e9ptima etapa del Dakar arrancaba con un doble reto para todos los supervivientes: rodar lo m\u00e1s r\u00e1pido posible y cuidar al m\u00e1ximo la mec\u00e1nica, ya que, a diferencia del resto de jornadas \u2013 y de forma in\u00e9dita en la historia del Dakar \u2013, el <strong>tiempo de asistencia<\/strong> al fin de la especial quedaba <strong>restringido<\/strong> a dos horas. Sin embargo, si una palabra define el d\u00eda de los pilotos del Repsol Toyota Rally Team, esa es \u00abritmo\u201d.<\/p>\n<p><em>\u00abLa especial de hoy se parec\u00eda a las del pasado Rally de Marruecos. Me he sentido muy c\u00f3modo y he rodado a muy buen ritmo en todo momento. De hecho, \u00a1dir\u00eda que ha sido el primer d\u00eda de este Dakar en que me he divertido al volante!\u201d<\/em>, apunta Esteve.<\/p>\n<p>El mayor obst\u00e1culo de la jornada ha sido el estado de zonas puntuales del recorrido, como detalla el piloto de Oliana: <em>\u00abEn algunas dunas, que, por cierto, eran bastante altas, nos ha costado llegar a la cima debido a las roderas y el mal estado de los pasos que dejaba el trasiego de los coches y, especialmente, los camiones que nos preced\u00edan. Eso s\u00ed, ha bastado con bajar, dar alguna vuelta para buscar un mejor paso y volver hacia arriba. Y listo\u201d<\/em>.<\/p>\n<p>El \u00fanico punto de tensi\u00f3n ha llegado en un r\u00edo, aunque el problema no ha sido, en absoluto, preocupante, como relata el l\u00edder del <strong>Repsol Rally Team<\/strong>: \u00ab<em>Hemos tenido un toque con un \u00e1rbol seco que ha arrancado parte de las fibras laterales del coche. De todos modos, el problema no ha sido importante, y bastar\u00e1 con reponer las piezas en la asistencia, sin m\u00e1s\u201d<\/em>.<\/p>\n<p>Adem\u00e1s de este trabajo de fibra y pintura, los pilotos apoyados por <strong>Repsol<\/strong>, MGS Seguros, KH-7 y Toyota Espa\u00f1a invertir\u00e1n las dos horas de asistencia mec\u00e1nica para tareas de comprobaci\u00f3n del Toyota Hilux T1+, como apunta Isidre Esteve:<em> \u00abLo importante es que el coche est\u00e1 bien, por lo que dedicaremos la mayor parte del tiempo a repasar todo y dejarlo listo para el tramo de enlace que tenemos hasta el campamento y la etapa de ma\u00f1ana. Tenemos muchas ganas de competir, porque me encuentro bien y estoy seguro de que nos divertiremos en el recorrido que tenemos por delante. Queda m\u00e1s de medio Dakar, \u00a1as\u00ed que vamos a por ello!\u201d<\/em><\/p>\n<p>La octava etapa del Dakar conectar\u00e1 Al Duwadimi con el vivac de Riad, donde el resto de miembros del Repsol Rally Team esperar\u00e1n a Isidre Esteve y Txema Villalobos. La jornada tendr\u00e1 un total de <strong>824 kil\u00f3metros<\/strong>, 346 de los cuales contra el cron\u00f3metro marcados en zonas mayoritariamente de pista y arena, con puntuales cordones de dunas. A la conclusi\u00f3n de esta especial, la caravana disfrutar\u00e1 de su merecida <strong>jornada de descanso<\/strong>.<\/p>\n<p><a href=\"https:\/\/bxrepsol.s3.eu-west-1.amazonaws.com\/static\/2023\/02\/06085710\/LR-0107144632-MMPHOTO1.jpg\" data-index=\"0\"><br \/>\n<img decoding=\"async\" src=\"https:\/\/bxrepsol.s3.eu-west-1.amazonaws.com\/static\/2023\/02\/06085710\/LR-0107144632-MMPHOTO1.jpg\" srcset=\"https:\/\/bxrepsol.s3.eu-west-1.amazonaws.com\/static\/2023\/02\/06085710\/LR-0107144632-MMPHOTO1.jpg 2048w, https:\/\/bxrepsol.s3.eu-west-1.amazonaws.com\/static\/2023\/02\/06085710\/LR-0107144632-MMPHOTO1.jpg 1280w, https:\/\/bxrepsol.s3.eu-west-1.amazonaws.com\/static\/2023\/02\/06085710\/LR-0107144632-MMPHOTO1.jpg 900w, https:\/\/bxrepsol.s3.eu-west-1.amazonaws.com\/static\/2023\/02\/06085710\/LR-0107144632-MMPHOTO1.jpg 600w, https:\/\/bxrepsol.s3.eu-west-1.amazonaws.com\/static\/2023\/02\/06085710\/LR-0107144632-MMPHOTO1.jpg 480w, https:\/\/bxrepsol.s3.eu-west-1.amazonaws.com\/static\/2023\/02\/06085710\/LR-0107144632-MMPHOTO1.jpg 32w\" title=\"LR-0107144632-MMPHOTO1\" alt=\"\" data-title=\"\"><br \/>\n<\/a><br \/>\n<a href=\"https:\/\/bxrepsol.s3.eu-west-1.amazonaws.com\/static\/2023\/02\/06085712\/LR-0105191655-MMPHOTO5.jpg\" data-index=\"1\"><br \/>\n<img decoding=\"async\" src=\"https:\/\/bxrepsol.s3.eu-west-1.amazonaws.com\/static\/2023\/02\/06085712\/LR-0105191655-MMPHOTO5.jpg\" srcset=\"https:\/\/bxrepsol.s3.eu-west-1.amazonaws.com\/static\/2023\/02\/06085712\/LR-0105191655-MMPHOTO5.jpg 2500w, https:\/\/bxrepsol.s3.eu-west-1.amazonaws.com\/static\/2023\/02\/06085712\/LR-0105191655-MMPHOTO5.jpg 1280w, https:\/\/bxrepsol.s3.eu-west-1.amazonaws.com\/static\/2023\/02\/06085712\/LR-0105191655-MMPHOTO5.jpg 900w, https:\/\/bxrepsol.s3.eu-west-1.amazonaws.com\/static\/2023\/02\/06085712\/LR-0105191655-MMPHOTO5.jpg 600w, https:\/\/bxrepsol.s3.eu-west-1.amazonaws.com\/static\/2023\/02\/06085712\/LR-0105191655-MMPHOTO5.jpg 480w, https:\/\/bxrepsol.s3.eu-west-1.amazonaws.com\/static\/2023\/02\/06085712\/LR-0105191655-MMPHOTO5.jpg 32w\" title=\"LR-0105191655-MMPHOTO5\" alt=\"\" data-title=\"\"><br \/>\n<\/a><br \/>\n<a href=\"https:\/\/bxrepsol.s3.eu-west-1.amazonaws.com\/static\/2023\/02\/06085718\/DAK23_BR-2983-scaled.jpg\" data-index=\"2\"><br \/>\n<img decoding=\"async\" src=\"https:\/\/bxrepsol.s3.eu-west-1.amazonaws.com\/static\/2023\/02\/06085718\/DAK23_BR-2983-scaled.jpg\" srcset=\"https:\/\/bxrepsol.s3.eu-west-1.amazonaws.com\/static\/2023\/02\/06085718\/DAK23_BR-2983-scaled.jpg 5000w, https:\/\/bxrepsol.s3.eu-west-1.amazonaws.com\/static\/2023\/02\/06085718\/DAK23_BR-2983-scaled.jpg 1280w, https:\/\/bxrepsol.s3.eu-west-1.amazonaws.com\/static\/2023\/02\/06085718\/DAK23_BR-2983-scaled.jpg 900w, https:\/\/bxrepsol.s3.eu-west-1.amazonaws.com\/static\/2023\/02\/06085718\/DAK23_BR-2983-scaled.jpg 600w, https:\/\/bxrepsol.s3.eu-west-1.amazonaws.com\/static\/2023\/02\/06085718\/DAK23_BR-2983-scaled.jpg 480w, https:\/\/bxrepsol.s3.eu-west-1.amazonaws.com\/static\/2023\/02\/06085718\/DAK23_BR-2983-scaled.jpg 32w\" title=\"DAK23_BR-2983\" alt=\"\" data-title=\"\"><br \/>\n<\/a><br \/>\n<a href=\"https:\/\/bxrepsol.s3.eu-west-1.amazonaws.com\/static\/2023\/02\/06085724\/DAK23_BR-2979-scaled.jpg\" data-index=\"3\"><br \/>\n<img decoding=\"async\" src=\"https:\/\/bxrepsol.s3.eu-west-1.amazonaws.com\/static\/2023\/02\/06085724\/DAK23_BR-2979-scaled.jpg\" srcset=\"https:\/\/bxrepsol.s3.eu-west-1.amazonaws.com\/static\/2023\/02\/06085724\/DAK23_BR-2979-scaled.jpg 5000w, https:\/\/bxrepsol.s3.eu-west-1.amazonaws.com\/static\/2023\/02\/06085724\/DAK23_BR-2979-scaled.jpg 1280w, https:\/\/bxrepsol.s3.eu-west-1.amazonaws.com\/static\/2023\/02\/06085724\/DAK23_BR-2979-scaled.jpg 900w, https:\/\/bxrepsol.s3.eu-west-1.amazonaws.com\/static\/2023\/02\/06085724\/DAK23_BR-2979-scaled.jpg 600w, https:\/\/bxrepsol.s3.eu-west-1.amazonaws.com\/static\/2023\/02\/06085724\/DAK23_BR-2979-scaled.jpg 480w, https:\/\/bxrepsol.s3.eu-west-1.amazonaws.com\/static\/2023\/02\/06085724\/DAK23_BR-2979-scaled.jpg 32w\" title=\"DAK23_BR-2979\" alt=\"\" data-title=\"\"><br \/>\n<\/a><br \/>\n<a href=\"https:\/\/bxrepsol.s3.eu-west-1.amazonaws.com\/static\/2023\/02\/06085726\/LR-0107144710-MMPHOTO5.jpg\" data-index=\"4\"><br \/>\n<img decoding=\"async\" src=\"https:\/\/bxrepsol.s3.eu-west-1.amazonaws.com\/static\/2023\/02\/06085726\/LR-0107144710-MMPHOTO5.jpg\" srcset=\"https:\/\/bxrepsol.s3.eu-west-1.amazonaws.com\/static\/2023\/02\/06085726\/LR-0107144710-MMPHOTO5.jpg 2500w, https:\/\/bxrepsol.s3.eu-west-1.amazonaws.com\/static\/2023\/02\/06085726\/LR-0107144710-MMPHOTO5.jpg 1280w, https:\/\/bxrepsol.s3.eu-west-1.amazonaws.com\/static\/2023\/02\/06085726\/LR-0107144710-MMPHOTO5.jpg 900w, https:\/\/bxrepsol.s3.eu-west-1.amazonaws.com\/static\/2023\/02\/06085726\/LR-0107144710-MMPHOTO5.jpg 600w, https:\/\/bxrepsol.s3.eu-west-1.amazonaws.com\/static\/2023\/02\/06085726\/LR-0107144710-MMPHOTO5.jpg 480w, https:\/\/bxrepsol.s3.eu-west-1.amazonaws.com\/static\/2023\/02\/06085726\/LR-0107144710-MMPHOTO5.jpg 32w\" title=\"LR-0107144710-MMPHOTO5\" alt=\"\" data-title=\"\"><br \/>\n<\/a><br \/>\n<button data-glide-dir=\"<\"><br \/>\n<svg role=\"img\" viewBox=\"0 0 256 512\">\n                <path fill=\"currentColor\" d=\"M238.475 475.535l7.071-7.07c4.686-4.686 4.686-12.284 0-16.971L50.053 256 245.546 60.506c4.686-4.686 4.686-12.284 0-16.971l-7.071-7.07c-4.686-4.686-12.284-4.686-16.97 0L10.454 247.515c-4.686 4.686-4.686 12.284 0 16.971l211.051 211.05c4.686 4.686 12.284 4.686 16.97-.001z\"><\/path>\n            <\/svg><br \/>\n<\/button><br \/>\n<button data-glide-dir=\">\u00ab><br \/>\n<svg role=\"img\" viewBox=\"0 0 256 512\">\n                <path fill=\"currentColor\" d=\"M17.525 36.465l-7.071 7.07c-4.686 4.686-4.686 12.284 0 16.971L205.947 256 10.454 451.494c-4.686 4.686-4.686 12.284 0 16.971l7.071 7.07c4.686 4.686 12.284 4.686 16.97 0l211.051-211.05c4.686-4.686 4.686-12.284 0-16.971L34.495 36.465c-4.686-4.687-12.284-4.687-16.97 0z\"><\/path>\n            <\/svg><br \/>\n<\/button><\/p>\n<p><strong>Clasificaci\u00f3n etapa:<\/strong><br \/>\n1. Yazeed Al Rajhi (Toyota) 3h 06\u201923\u201d<br \/>\n2. Vaidotas Zala (Prodrive) +8\u201954\u201d<br \/>\n3. Guerlain Chicherit (Prodrive) 10\u201915\u201d<br \/>\n4. Giniel de Villiers (Toyota) +11\u201921\u201d<br \/>\n5. Brian Baragwanath (Century) +13\u201919\u201d<br \/>\n\u2026<br \/>\n<strong>31. Isidre Esteve (Toyota) +35\u201923\u201d<\/strong><\/p>\n<p><strong>Clasificaci\u00f3n general:<\/strong><br \/>\n1. Nasser Al-Attiyah (Toyota) 27h 26\u201923\u201d<br \/>\n2. Henk Lategan (Toyota) +1h 01\u201904\u201d<br \/>\n3. Lucas Moraes (Toyota) +1h 11\u201924\u201d<br \/>\n4. Giniel de Villiers (Toyota) +1h 36\u201947\u201d<br \/>\n5. Sebastien Loeb (Prodrive) +1h 54\u201917\u201d<br \/>\n\u2026<br \/>\n<strong>25. Isidre Esteve (Toyota) +5h 12\u201950\u201d<\/strong><\/p>\n","protected":false},"excerpt":{"rendered":"<p>El piloto del Repsol Toyota Rally Team y su copiloto Txema Villalobos concluyen la s\u00e9ptima etapa del Rally Dakar en 31\u00aa posici\u00f3n absoluta y la 28\u00aa de la categor\u00eda T1.<\/p>\n","protected":false},"author":43146,"featured_media":85035,"comment_status":"open","ping_status":"open","sticky":false,"template":"","format":"standard","meta":{"footnotes":""},"categories":[27],"tags":[269,201,29,183],"class_list":["post-95647","post","type-post","status-publish","format-standard","hentry","category-rally","tag-269","tag-dakar","tag-isidre-esteve","tag-repsol-rally-team"],"yoast_head":"<!-- This site is optimized with the Yoast SEO plugin v27.3 - https:\/\/yoast.com\/product\/yoast-seo-wordpress\/ -->\n<title>Dakar: Buenas sensaciones para Isidre Esteve en la primera parte de la marat\u00f3n<\/title>\n<meta name=\"description\" content=\"Buenas sensaciones para Isidre Esteve en la primera parte de la marat\u00f3n: el piloto contin\u00faa desafiando los obst\u00e1culos sin darse por vencido.\" \/>\n<link rel=\"canonical\" href=\"https:\/\/www.boxrepsol.com\/es\/rally\/dakar-buenas-sensaciones-isidre-esteve-la-primera-parte-la-maraton\/\" \/>\n<meta property=\"og:locale\" content=\"es_ES\" \/>\n<meta property=\"og:type\" content=\"article\" \/>\n<meta property=\"og:title\" content=\"Dakar: Buenas sensaciones para Isidre Esteve en la primera parte de la marat\u00f3n\" \/>\n<meta property=\"og:description\" content=\"Buenas sensaciones para Isidre Esteve en la primera parte de la marat\u00f3n: el piloto contin\u00faa desafiando los obst\u00e1culos sin darse por vencido.\" \/>\n<meta property=\"og:url\" content=\"https:\/\/www.boxrepsol.com\/es\/rally\/dakar-buenas-sensaciones-isidre-esteve-la-primera-parte-la-maraton\/\" \/>\n<meta property=\"og:site_name\" content=\"Box Repsol\" \/>\n<meta property=\"article:publisher\" content=\"https:\/\/www.facebook.com\/BoxRepsol\" \/>\n<meta property=\"article:author\" content=\"https:\/\/www.facebook.com\/BoxRepsol\/\" \/>\n<meta property=\"article:published_time\" content=\"2023-01-07T02:00:00+00:00\" \/>\n<meta property=\"article:modified_time\" content=\"2024-04-08T10:40:59+00:00\" \/>\n<meta property=\"og:image\" content=\"https:\/\/bxrepsol.s3.eu-west-1.amazonaws.com\/static\/2023\/02\/06085732\/DAK23_BR-2982-copia-scaled.jpg\" \/>\n\t<meta property=\"og:image:width\" content=\"2560\" \/>\n\t<meta property=\"og:image:height\" content=\"1200\" \/>\n\t<meta property=\"og:image:type\" content=\"image\/jpeg\" \/>\n<meta name=\"author\" content=\"Redacci\u00f3n Box Repsol\" \/>\n<meta name=\"twitter:card\" content=\"summary_large_image\" \/>\n<meta name=\"twitter:creator\" content=\"@https:\/\/twitter.com\/box_repsol\" \/>\n<meta name=\"twitter:site\" content=\"@box_repsol\" \/>\n<meta name=\"twitter:label1\" content=\"Written by\" \/>\n\t<meta name=\"twitter:data1\" content=\"Redacci\u00f3n Box Repsol\" \/>\n\t<meta name=\"twitter:label2\" content=\"Est. reading time\" \/>\n\t<meta name=\"twitter:data2\" content=\"3 minutos\" \/>\n<script type=\"application\/ld+json\" class=\"yoast-schema-graph\">{\"@context\":\"https:\\\/\\\/schema.org\",\"@graph\":[{\"@type\":\"Article\",\"@id\":\"https:\\\/\\\/www.boxrepsol.com\\\/es\\\/rally\\\/dakar-buenas-sensaciones-isidre-esteve-la-primera-parte-la-maraton\\\/#article\",\"isPartOf\":{\"@id\":\"https:\\\/\\\/www.boxrepsol.com\\\/es\\\/rally\\\/dakar-buenas-sensaciones-isidre-esteve-la-primera-parte-la-maraton\\\/\"},\"author\":{\"name\":\"Redacci\u00f3n Box Repsol\",\"@id\":\"https:\\\/\\\/www.boxrepsol.com\\\/es\\\/#\\\/schema\\\/person\\\/c5c2138f2cca251b0ad92b7086bb60b7\"},\"headline\":\"Buenas sensaciones para Isidre Esteve en la primera parte de la marat\u00f3n\",\"datePublished\":\"2023-01-07T02:00:00+00:00\",\"dateModified\":\"2024-04-08T10:40:59+00:00\",\"mainEntityOfPage\":{\"@id\":\"https:\\\/\\\/www.boxrepsol.com\\\/es\\\/rally\\\/dakar-buenas-sensaciones-isidre-esteve-la-primera-parte-la-maraton\\\/\"},\"wordCount\":622,\"commentCount\":0,\"publisher\":{\"@id\":\"https:\\\/\\\/www.boxrepsol.com\\\/es\\\/#organization\"},\"image\":{\"@id\":\"https:\\\/\\\/www.boxrepsol.com\\\/es\\\/rally\\\/dakar-buenas-sensaciones-isidre-esteve-la-primera-parte-la-maraton\\\/#primaryimage\"},\"thumbnailUrl\":\"https:\\\/\\\/bxrepsol.s3.eu-west-1.amazonaws.com\\\/static\\\/2023\\\/02\\\/06085732\\\/DAK23_BR-2982-copia-scaled.jpg\",\"keywords\":[\"2023\",\"Dakar\",\"Isidre Esteve\",\"Repsol Rally Team\"],\"articleSection\":[\"Rally\"],\"inLanguage\":\"es\",\"potentialAction\":[{\"@type\":\"CommentAction\",\"name\":\"Comment\",\"target\":[\"https:\\\/\\\/www.boxrepsol.com\\\/es\\\/rally\\\/dakar-buenas-sensaciones-isidre-esteve-la-primera-parte-la-maraton\\\/#respond\"]}]},{\"@type\":\"WebPage\",\"@id\":\"https:\\\/\\\/www.boxrepsol.com\\\/es\\\/rally\\\/dakar-buenas-sensaciones-isidre-esteve-la-primera-parte-la-maraton\\\/\",\"url\":\"https:\\\/\\\/www.boxrepsol.com\\\/es\\\/rally\\\/dakar-buenas-sensaciones-isidre-esteve-la-primera-parte-la-maraton\\\/\",\"name\":\"Dakar: Buenas sensaciones para Isidre Esteve en la primera parte de la marat\u00f3n\",\"isPartOf\":{\"@id\":\"https:\\\/\\\/www.boxrepsol.com\\\/es\\\/#website\"},\"primaryImageOfPage\":{\"@id\":\"https:\\\/\\\/www.boxrepsol.com\\\/es\\\/rally\\\/dakar-buenas-sensaciones-isidre-esteve-la-primera-parte-la-maraton\\\/#primaryimage\"},\"image\":{\"@id\":\"https:\\\/\\\/www.boxrepsol.com\\\/es\\\/rally\\\/dakar-buenas-sensaciones-isidre-esteve-la-primera-parte-la-maraton\\\/#primaryimage\"},\"thumbnailUrl\":\"https:\\\/\\\/bxrepsol.s3.eu-west-1.amazonaws.com\\\/static\\\/2023\\\/02\\\/06085732\\\/DAK23_BR-2982-copia-scaled.jpg\",\"datePublished\":\"2023-01-07T02:00:00+00:00\",\"dateModified\":\"2024-04-08T10:40:59+00:00\",\"description\":\"Buenas sensaciones para Isidre Esteve en la primera parte de la marat\u00f3n: el piloto contin\u00faa desafiando los obst\u00e1culos sin darse por vencido.\",\"breadcrumb\":{\"@id\":\"https:\\\/\\\/www.boxrepsol.com\\\/es\\\/rally\\\/dakar-buenas-sensaciones-isidre-esteve-la-primera-parte-la-maraton\\\/#breadcrumb\"},\"inLanguage\":\"es\",\"potentialAction\":[{\"@type\":\"ReadAction\",\"target\":[\"https:\\\/\\\/www.boxrepsol.com\\\/es\\\/rally\\\/dakar-buenas-sensaciones-isidre-esteve-la-primera-parte-la-maraton\\\/\"]}]},{\"@type\":\"ImageObject\",\"inLanguage\":\"es\",\"@id\":\"https:\\\/\\\/www.boxrepsol.com\\\/es\\\/rally\\\/dakar-buenas-sensaciones-isidre-esteve-la-primera-parte-la-maraton\\\/#primaryimage\",\"url\":\"https:\\\/\\\/bxrepsol.s3.eu-west-1.amazonaws.com\\\/static\\\/2023\\\/02\\\/06085732\\\/DAK23_BR-2982-copia-scaled.jpg\",\"contentUrl\":\"https:\\\/\\\/bxrepsol.s3.eu-west-1.amazonaws.com\\\/static\\\/2023\\\/02\\\/06085732\\\/DAK23_BR-2982-copia-scaled.jpg\",\"width\":2560,\"height\":1200},{\"@type\":\"BreadcrumbList\",\"@id\":\"https:\\\/\\\/www.boxrepsol.com\\\/es\\\/rally\\\/dakar-buenas-sensaciones-isidre-esteve-la-primera-parte-la-maraton\\\/#breadcrumb\",\"itemListElement\":[{\"@type\":\"ListItem\",\"position\":1,\"name\":\"Home\",\"item\":\"https:\\\/\\\/www.boxrepsol.com\\\/es\\\/\"},{\"@type\":\"ListItem\",\"position\":2,\"name\":\"Buenas sensaciones para Isidre Esteve en la primera parte de la marat\u00f3n\"}]},{\"@type\":\"WebSite\",\"@id\":\"https:\\\/\\\/www.boxrepsol.com\\\/es\\\/#website\",\"url\":\"https:\\\/\\\/www.boxrepsol.com\\\/es\\\/\",\"name\":\"Box Repsol\",\"description\":\"Box Repsol Site\",\"publisher\":{\"@id\":\"https:\\\/\\\/www.boxrepsol.com\\\/es\\\/#organization\"},\"potentialAction\":[{\"@type\":\"SearchAction\",\"target\":{\"@type\":\"EntryPoint\",\"urlTemplate\":\"https:\\\/\\\/www.boxrepsol.com\\\/es\\\/?s={search_term_string}\"},\"query-input\":{\"@type\":\"PropertyValueSpecification\",\"valueRequired\":true,\"valueName\":\"search_term_string\"}}],\"inLanguage\":\"es\"},{\"@type\":\"Organization\",\"@id\":\"https:\\\/\\\/www.boxrepsol.com\\\/es\\\/#organization\",\"name\":\"Box Repsol\",\"url\":\"https:\\\/\\\/www.boxrepsol.com\\\/es\\\/\",\"logo\":{\"@type\":\"ImageObject\",\"inLanguage\":\"es\",\"@id\":\"https:\\\/\\\/www.boxrepsol.com\\\/es\\\/#\\\/schema\\\/logo\\\/image\\\/\",\"url\":\"https:\\\/\\\/bxrepsol.s3.eu-west-1.amazonaws.com\\\/static\\\/2025\\\/07\\\/30083337\\\/favicon-96x96-1.png\",\"contentUrl\":\"https:\\\/\\\/bxrepsol.s3.eu-west-1.amazonaws.com\\\/static\\\/2025\\\/07\\\/30083337\\\/favicon-96x96-1.png\",\"width\":96,\"height\":96,\"caption\":\"Box Repsol\"},\"image\":{\"@id\":\"https:\\\/\\\/www.boxrepsol.com\\\/es\\\/#\\\/schema\\\/logo\\\/image\\\/\"},\"sameAs\":[\"https:\\\/\\\/www.facebook.com\\\/BoxRepsol\",\"https:\\\/\\\/x.com\\\/box_repsol\",\"http:\\\/\\\/instagram.com\\\/box_repsol\",\"https:\\\/\\\/www.youtube.com\\\/user\\\/RepsolCompeticion\",\"https:\\\/\\\/www.flickr.com\\\/photos\\\/box_repsol\\\/\"]},{\"@type\":\"Person\",\"@id\":\"https:\\\/\\\/www.boxrepsol.com\\\/es\\\/#\\\/schema\\\/person\\\/c5c2138f2cca251b0ad92b7086bb60b7\",\"name\":\"Redacci\u00f3n Box Repsol\",\"image\":{\"@type\":\"ImageObject\",\"inLanguage\":\"es\",\"@id\":\"https:\\\/\\\/secure.gravatar.com\\\/avatar\\\/adf7b77e38b4419baf32c7e9c21dde01f4e40df611f0978e3006fc4ba0aaab7e?s=96&d=mm&r=g\",\"url\":\"https:\\\/\\\/secure.gravatar.com\\\/avatar\\\/adf7b77e38b4419baf32c7e9c21dde01f4e40df611f0978e3006fc4ba0aaab7e?s=96&d=mm&r=g\",\"contentUrl\":\"https:\\\/\\\/secure.gravatar.com\\\/avatar\\\/adf7b77e38b4419baf32c7e9c21dde01f4e40df611f0978e3006fc4ba0aaab7e?s=96&d=mm&r=g\",\"caption\":\"Redacci\u00f3n Box Repsol\"},\"description\":\"Box Repsol lo forma un equipo de periodistas, community managers, dise\u00f1adores y fot\u00f3grafos con m\u00e1s de 20 a\u00f1os de experiencia en el mundo del motorsport. Hemos vivido el primer mundial de un espa\u00f1ol en la categor\u00eda reina de motociclismo con \u00c1lex Crivill\u00e9, estuvimos en las victorias de Pedrosa y los t\u00edtulos de M\u00e1rquez, acompa\u00f1amos en \u00c1frica a Nani Roma y Marc Coma en sus conquistas del Dakar y hemos vibrado con los t\u00edtulos de Toni Bou en Trial. Adem\u00e1s, en nuestro equipo contamos con expertos en el mundo de las dos y cuatro ruedas tanto de la calle y las carreteras, como de los circuitos. Periodistas que han trabajado en revistas y publicaciones para hacerte llegar desde rutas y consejos de mantenimiento, a curiosidades y trucos de pilotaje.\",\"sameAs\":[\"https:\\\/\\\/www.facebook.com\\\/BoxRepsol\\\/\",\"https:\\\/\\\/www.instagram.com\\\/box_repsol\\\/\",\"https:\\\/\\\/x.com\\\/https:\\\/\\\/twitter.com\\\/box_repsol\",\"https:\\\/\\\/www.youtube.com\\\/@Boxrepsol\"],\"url\":\"https:\\\/\\\/www.boxrepsol.com\\\/es\\\/author\\\/redaccion-box-repsol\\\/\"}]}<\/script>\n<!-- \/ Yoast SEO plugin. -->","yoast_head_json":{"title":"Dakar: Buenas sensaciones para Isidre Esteve en la primera parte de la marat\u00f3n","description":"Buenas sensaciones para Isidre Esteve en la primera parte de la marat\u00f3n: el piloto contin\u00faa desafiando los obst\u00e1culos sin darse por vencido.","canonical":"https:\/\/www.boxrepsol.com\/es\/rally\/dakar-buenas-sensaciones-isidre-esteve-la-primera-parte-la-maraton\/","og_locale":"es_ES","og_type":"article","og_title":"Dakar: Buenas sensaciones para Isidre Esteve en la primera parte de la marat\u00f3n","og_description":"Buenas sensaciones para Isidre Esteve en la primera parte de la marat\u00f3n: el piloto contin\u00faa desafiando los obst\u00e1culos sin darse por vencido.","og_url":"https:\/\/www.boxrepsol.com\/es\/rally\/dakar-buenas-sensaciones-isidre-esteve-la-primera-parte-la-maraton\/","og_site_name":"Box Repsol","article_publisher":"https:\/\/www.facebook.com\/BoxRepsol","article_author":"https:\/\/www.facebook.com\/BoxRepsol\/","article_published_time":"2023-01-07T02:00:00+00:00","article_modified_time":"2024-04-08T10:40:59+00:00","og_image":[{"width":2560,"height":1200,"url":"https:\/\/bxrepsol.s3.eu-west-1.amazonaws.com\/static\/2023\/02\/06085732\/DAK23_BR-2982-copia-scaled.jpg","type":"image\/jpeg"}],"author":"Redacci\u00f3n Box Repsol","twitter_card":"summary_large_image","twitter_creator":"@https:\/\/twitter.com\/box_repsol","twitter_site":"@box_repsol","twitter_misc":{"Written by":"Redacci\u00f3n Box Repsol","Est. reading time":"3 minutos"},"schema":{"@context":"https:\/\/schema.org","@graph":[{"@type":"Article","@id":"https:\/\/www.boxrepsol.com\/es\/rally\/dakar-buenas-sensaciones-isidre-esteve-la-primera-parte-la-maraton\/#article","isPartOf":{"@id":"https:\/\/www.boxrepsol.com\/es\/rally\/dakar-buenas-sensaciones-isidre-esteve-la-primera-parte-la-maraton\/"},"author":{"name":"Redacci\u00f3n Box Repsol","@id":"https:\/\/www.boxrepsol.com\/es\/#\/schema\/person\/c5c2138f2cca251b0ad92b7086bb60b7"},"headline":"Buenas sensaciones para Isidre Esteve en la primera parte de la marat\u00f3n","datePublished":"2023-01-07T02:00:00+00:00","dateModified":"2024-04-08T10:40:59+00:00","mainEntityOfPage":{"@id":"https:\/\/www.boxrepsol.com\/es\/rally\/dakar-buenas-sensaciones-isidre-esteve-la-primera-parte-la-maraton\/"},"wordCount":622,"commentCount":0,"publisher":{"@id":"https:\/\/www.boxrepsol.com\/es\/#organization"},"image":{"@id":"https:\/\/www.boxrepsol.com\/es\/rally\/dakar-buenas-sensaciones-isidre-esteve-la-primera-parte-la-maraton\/#primaryimage"},"thumbnailUrl":"https:\/\/bxrepsol.s3.eu-west-1.amazonaws.com\/static\/2023\/02\/06085732\/DAK23_BR-2982-copia-scaled.jpg","keywords":["2023","Dakar","Isidre Esteve","Repsol Rally Team"],"articleSection":["Rally"],"inLanguage":"es","potentialAction":[{"@type":"CommentAction","name":"Comment","target":["https:\/\/www.boxrepsol.com\/es\/rally\/dakar-buenas-sensaciones-isidre-esteve-la-primera-parte-la-maraton\/#respond"]}]},{"@type":"WebPage","@id":"https:\/\/www.boxrepsol.com\/es\/rally\/dakar-buenas-sensaciones-isidre-esteve-la-primera-parte-la-maraton\/","url":"https:\/\/www.boxrepsol.com\/es\/rally\/dakar-buenas-sensaciones-isidre-esteve-la-primera-parte-la-maraton\/","name":"Dakar: Buenas sensaciones para Isidre Esteve en la primera parte de la marat\u00f3n","isPartOf":{"@id":"https:\/\/www.boxrepsol.com\/es\/#website"},"primaryImageOfPage":{"@id":"https:\/\/www.boxrepsol.com\/es\/rally\/dakar-buenas-sensaciones-isidre-esteve-la-primera-parte-la-maraton\/#primaryimage"},"image":{"@id":"https:\/\/www.boxrepsol.com\/es\/rally\/dakar-buenas-sensaciones-isidre-esteve-la-primera-parte-la-maraton\/#primaryimage"},"thumbnailUrl":"https:\/\/bxrepsol.s3.eu-west-1.amazonaws.com\/static\/2023\/02\/06085732\/DAK23_BR-2982-copia-scaled.jpg","datePublished":"2023-01-07T02:00:00+00:00","dateModified":"2024-04-08T10:40:59+00:00","description":"Buenas sensaciones para Isidre Esteve en la primera parte de la marat\u00f3n: el piloto contin\u00faa desafiando los obst\u00e1culos sin darse por vencido.","breadcrumb":{"@id":"https:\/\/www.boxrepsol.com\/es\/rally\/dakar-buenas-sensaciones-isidre-esteve-la-primera-parte-la-maraton\/#breadcrumb"},"inLanguage":"es","potentialAction":[{"@type":"ReadAction","target":["https:\/\/www.boxrepsol.com\/es\/rally\/dakar-buenas-sensaciones-isidre-esteve-la-primera-parte-la-maraton\/"]}]},{"@type":"ImageObject","inLanguage":"es","@id":"https:\/\/www.boxrepsol.com\/es\/rally\/dakar-buenas-sensaciones-isidre-esteve-la-primera-parte-la-maraton\/#primaryimage","url":"https:\/\/bxrepsol.s3.eu-west-1.amazonaws.com\/static\/2023\/02\/06085732\/DAK23_BR-2982-copia-scaled.jpg","contentUrl":"https:\/\/bxrepsol.s3.eu-west-1.amazonaws.com\/static\/2023\/02\/06085732\/DAK23_BR-2982-copia-scaled.jpg","width":2560,"height":1200},{"@type":"BreadcrumbList","@id":"https:\/\/www.boxrepsol.com\/es\/rally\/dakar-buenas-sensaciones-isidre-esteve-la-primera-parte-la-maraton\/#breadcrumb","itemListElement":[{"@type":"ListItem","position":1,"name":"Home","item":"https:\/\/www.boxrepsol.com\/es\/"},{"@type":"ListItem","position":2,"name":"Buenas sensaciones para Isidre Esteve en la primera parte de la marat\u00f3n"}]},{"@type":"WebSite","@id":"https:\/\/www.boxrepsol.com\/es\/#website","url":"https:\/\/www.boxrepsol.com\/es\/","name":"Box Repsol","description":"Box Repsol Site","publisher":{"@id":"https:\/\/www.boxrepsol.com\/es\/#organization"},"potentialAction":[{"@type":"SearchAction","target":{"@type":"EntryPoint","urlTemplate":"https:\/\/www.boxrepsol.com\/es\/?s={search_term_string}"},"query-input":{"@type":"PropertyValueSpecification","valueRequired":true,"valueName":"search_term_string"}}],"inLanguage":"es"},{"@type":"Organization","@id":"https:\/\/www.boxrepsol.com\/es\/#organization","name":"Box Repsol","url":"https:\/\/www.boxrepsol.com\/es\/","logo":{"@type":"ImageObject","inLanguage":"es","@id":"https:\/\/www.boxrepsol.com\/es\/#\/schema\/logo\/image\/","url":"https:\/\/bxrepsol.s3.eu-west-1.amazonaws.com\/static\/2025\/07\/30083337\/favicon-96x96-1.png","contentUrl":"https:\/\/bxrepsol.s3.eu-west-1.amazonaws.com\/static\/2025\/07\/30083337\/favicon-96x96-1.png","width":96,"height":96,"caption":"Box Repsol"},"image":{"@id":"https:\/\/www.boxrepsol.com\/es\/#\/schema\/logo\/image\/"},"sameAs":["https:\/\/www.facebook.com\/BoxRepsol","https:\/\/x.com\/box_repsol","http:\/\/instagram.com\/box_repsol","https:\/\/www.youtube.com\/user\/RepsolCompeticion","https:\/\/www.flickr.com\/photos\/box_repsol\/"]},{"@type":"Person","@id":"https:\/\/www.boxrepsol.com\/es\/#\/schema\/person\/c5c2138f2cca251b0ad92b7086bb60b7","name":"Redacci\u00f3n Box Repsol","image":{"@type":"ImageObject","inLanguage":"es","@id":"https:\/\/secure.gravatar.com\/avatar\/adf7b77e38b4419baf32c7e9c21dde01f4e40df611f0978e3006fc4ba0aaab7e?s=96&d=mm&r=g","url":"https:\/\/secure.gravatar.com\/avatar\/adf7b77e38b4419baf32c7e9c21dde01f4e40df611f0978e3006fc4ba0aaab7e?s=96&d=mm&r=g","contentUrl":"https:\/\/secure.gravatar.com\/avatar\/adf7b77e38b4419baf32c7e9c21dde01f4e40df611f0978e3006fc4ba0aaab7e?s=96&d=mm&r=g","caption":"Redacci\u00f3n Box Repsol"},"description":"Box Repsol lo forma un equipo de periodistas, community managers, dise\u00f1adores y fot\u00f3grafos con m\u00e1s de 20 a\u00f1os de experiencia en el mundo del motorsport. Hemos vivido el primer mundial de un espa\u00f1ol en la categor\u00eda reina de motociclismo con \u00c1lex Crivill\u00e9, estuvimos en las victorias de Pedrosa y los t\u00edtulos de M\u00e1rquez, acompa\u00f1amos en \u00c1frica a Nani Roma y Marc Coma en sus conquistas del Dakar y hemos vibrado con los t\u00edtulos de Toni Bou en Trial. Adem\u00e1s, en nuestro equipo contamos con expertos en el mundo de las dos y cuatro ruedas tanto de la calle y las carreteras, como de los circuitos. Periodistas que han trabajado en revistas y publicaciones para hacerte llegar desde rutas y consejos de mantenimiento, a curiosidades y trucos de pilotaje.","sameAs":["https:\/\/www.facebook.com\/BoxRepsol\/","https:\/\/www.instagram.com\/box_repsol\/","https:\/\/x.com\/https:\/\/twitter.com\/box_repsol","https:\/\/www.youtube.com\/@Boxrepsol"],"url":"https:\/\/www.boxrepsol.com\/es\/author\/redaccion-box-repsol\/"}]}},"_links":{"self":[{"href":"https:\/\/www.boxrepsol.com\/es\/wp-json\/wp\/v2\/posts\/95647","targetHints":{"allow":["GET"]}}],"collection":[{"href":"https:\/\/www.boxrepsol.com\/es\/wp-json\/wp\/v2\/posts"}],"about":[{"href":"https:\/\/www.boxrepsol.com\/es\/wp-json\/wp\/v2\/types\/post"}],"author":[{"embeddable":true,"href":"https:\/\/www.boxrepsol.com\/es\/wp-json\/wp\/v2\/users\/43146"}],"replies":[{"embeddable":true,"href":"https:\/\/www.boxrepsol.com\/es\/wp-json\/wp\/v2\/comments?post=95647"}],"version-history":[{"count":2,"href":"https:\/\/www.boxrepsol.com\/es\/wp-json\/wp\/v2\/posts\/95647\/revisions"}],"predecessor-version":[{"id":107395,"href":"https:\/\/www.boxrepsol.com\/es\/wp-json\/wp\/v2\/posts\/95647\/revisions\/107395"}],"wp:featuredmedia":[{"embeddable":true,"href":"https:\/\/www.boxrepsol.com\/es\/wp-json\/wp\/v2\/media\/85035"}],"wp:attachment":[{"href":"https:\/\/www.boxrepsol.com\/es\/wp-json\/wp\/v2\/media?parent=95647"}],"wp:term":[{"taxonomy":"category","embeddable":true,"href":"https:\/\/www.boxrepsol.com\/es\/wp-json\/wp\/v2\/categories?post=95647"},{"taxonomy":"post_tag","embeddable":true,"href":"https:\/\/www.boxrepsol.com\/es\/wp-json\/wp\/v2\/tags?post=95647"}],"curies":[{"name":"wp","href":"https:\/\/api.w.org\/{rel}","templated":true}]}}