{"id":95645,"date":"2023-01-06T00:00:00","date_gmt":"2023-01-06T02:00:00","guid":{"rendered":"http:\/\/pre.boxrepsol.com\/sin-categorizar\/isidre-esteve-entra-en-el-top-25-del-dakar\/"},"modified":"2024-04-08T08:41:19","modified_gmt":"2024-04-08T10:41:19","slug":"isidre-esteve-entra-en-el-top-25-del-dakar","status":"publish","type":"post","link":"https:\/\/www.boxrepsol.com\/es\/rally\/isidre-esteve-entra-en-el-top-25-del-dakar\/","title":{"rendered":"Isidre Esteve entra en el top 25 del Dakar"},"content":{"rendered":"<p>El d\u00eda de <strong>Reyes<\/strong> ha obsequiado al Dakar con <strong>la jornada m\u00e1s larga<\/strong> de la semana: <strong>919 kil\u00f3metros<\/strong>, repartidos entre 357 cronometrados y 562 de enlace, consecuencia de la modificaci\u00f3n del itinerario previsto inicialmente por las copiosas lluvias de hace algunos d\u00edas. Tan larga hoja de ruta obligaba a Isidre Esteve y Txema Villalobos a abandonar Ha\u2019il con casi<strong> 500 litros<\/strong> de gasolina en el tanque de su Toyota Hilux T1+ para completar la especial y los largos enlaces previstos, un h\u00e1ndicap de peso que ha perjudicado a la tripulaci\u00f3n espa\u00f1ola en el inicio del tramo cronometrado, pero que ha ido mejorando conforme pasaban los kil\u00f3metros. Los representantes del Repsol Toyota Rally Team han concluido la jornada en la 32\u00aa posici\u00f3n de la categor\u00eda T1 \u201353\u00aa scratch\u2013, y dan un nuevo salto en la clasificaci\u00f3n general hasta situarse en 23\u00ba lugar de T1 y el 25\u00ba absoluto.<\/p>\n<p>La modificaci\u00f3n del recorrido de la sexta etapa obligaba a alterar por completo la planificaci\u00f3n del equipo. En un d\u00eda repleto de arena y dunas, los T1 deb\u00edan vencer un doble h\u00e1ndicap respecto a las dem\u00e1s categor\u00edas FIA: por un lado, la imposibilidad de detenerse 15 minutos para descansar en el ecuador de una nueva especial agotadora y, por el otro, la prohibici\u00f3n de repostar en el tramo. Con estas circunstancias sobre la mesa, estaba claro que la jornada se presentaba favorable para los side-by-side, que s\u00ed pueden repostar y salen con mucho menos peso.<\/p>\n<p>\u00abHemos salido del campamento con casi 500 litros de carburante, carga necesaria para poder completar toda la jornada. El inicio de la etapa se caracterizaba por un terreno mayoritariamente de arena mojada, que castigaba mucho a los coches grandes como el nuestro. En este punto se han notado especialmente los 120 litros extra respecto a la carga habitual, porque nos costaba coger velocidad y derrap\u00e1bamos mucho sobre tierra. Sin embargo, conforme avanzaban los kil\u00f3metros y se iba vaciando el dep\u00f3sito nos hemos ido sintiendo mucho mejor\u201d, explica el ilerdense.<\/p>\n<p>Otros de los aspectos a vencer durante la etapa han sido el tr\u00e1fico y las roderas, como relata el piloto del Repsol Toyota Rally Team: \u00abNos ha costado sortear las dunas h\u00famedas con tantas huellas de cami\u00f3n, y, adem\u00e1s, ten\u00edamos a muchos side-by-side alrededor. Son unos veh\u00edculos que hoy campaban a sus anchas, ya que, adem\u00e1s de ser m\u00e1s ligeros por concepto, la ampliaci\u00f3n del recorrido no les afectaba lo m\u00e1s m\u00ednimo, al disponer de puntos de repostaje repartidos por la especial y al final de la misma. Con todo, hemos ido haciendo nuestra carrera y avanzando con seguridad y sin cometer errores, hasta que, en los \u00faltimos 60 km, gracias a un cambio de terreno, nos hemos sentido muy c\u00f3modos y hemos rodado muy r\u00e1pido\u201d.<\/p>\n<p>La tripulaci\u00f3n espa\u00f1ola, que compite con el patrocinio de <strong>Repsol<\/strong>, MGS Seguros, KH-7 y Toyota Espa\u00f1a, se marca un primer objetivo en su Dakar 2023: \u00abYa s\u00f3lo quedan dos etapas antes de la jornada de descanso, un momento que todos agradeceremos en una edici\u00f3n tan dura de la carrera. En todo caso, el coche se est\u00e1 comportando bien y seguro que nos permitir\u00e1 aprovechar las oportunidades que se presenten en las pr\u00f3ximas etapas, que llegar\u00e1n\u201d, apunta Isidre Esteve.<\/p>\n<p>En cuanto a los problemas con el diferencial trasero, seg\u00fan cuenta Isidre Esteve, \u00abla sustituci\u00f3n completa del diferencial ha acabado definitivamente con los problemas de temperatura de los \u00faltimos dos d\u00edas, y este elemento no ha dado hoy el m\u00e1s m\u00ednimo inconveniente. Me gustar\u00eda aprovechar para destacar, una vez m\u00e1s, la gran labor de nuestros mec\u00e1nicos\u201d.<\/p>\n<p>El Dakar abandonar\u00e1 ma\u00f1ana Riad para dirigirse a<strong> Al Duwaimi<\/strong>, en una etapa que podr\u00edamos denominar de tipo semimarat\u00f3n. Los coches completar\u00e1n <strong>333 km cronometrados<\/strong> y, tras un enlace de 94 km, llegar\u00e1n a una zona habilitada para recibir asistencia t\u00e9cnica un m\u00e1ximo de dos horas. Finalizadas las reparaciones, las tripulaciones deber\u00e1n completar recorrido extra por carretera de 240 km hasta el campamento, donde el Toyota Hilux T1+ del equipo quedar\u00e1 aparcado junto a los dem\u00e1s rivales sin posibilidad de recibir ayuda externa.<\/p>\n<p><a href=\"https:\/\/bxrepsol.s3.eu-west-1.amazonaws.com\/static\/2023\/02\/06085617\/LR-0106140431-MMPHOTO5.jpg\" data-index=\"0\"><br \/>\n<img decoding=\"async\" src=\"https:\/\/bxrepsol.s3.eu-west-1.amazonaws.com\/static\/2023\/02\/06085617\/LR-0106140431-MMPHOTO5.jpg\" srcset=\"https:\/\/bxrepsol.s3.eu-west-1.amazonaws.com\/static\/2023\/02\/06085617\/LR-0106140431-MMPHOTO5.jpg 2500w, https:\/\/bxrepsol.s3.eu-west-1.amazonaws.com\/static\/2023\/02\/06085617\/LR-0106140431-MMPHOTO5.jpg 1280w, https:\/\/bxrepsol.s3.eu-west-1.amazonaws.com\/static\/2023\/02\/06085617\/LR-0106140431-MMPHOTO5.jpg 900w, https:\/\/bxrepsol.s3.eu-west-1.amazonaws.com\/static\/2023\/02\/06085617\/LR-0106140431-MMPHOTO5.jpg 600w, https:\/\/bxrepsol.s3.eu-west-1.amazonaws.com\/static\/2023\/02\/06085617\/LR-0106140431-MMPHOTO5.jpg 480w, https:\/\/bxrepsol.s3.eu-west-1.amazonaws.com\/static\/2023\/02\/06085617\/LR-0106140431-MMPHOTO5.jpg 32w\" title=\"LR-0106140431-MMPHOTO5\" alt=\"\" data-title=\"\"><br \/>\n<\/a><br \/>\n<a href=\"https:\/\/bxrepsol.s3.eu-west-1.amazonaws.com\/static\/2023\/02\/06085618\/LR-0106121834-MMPHOTO1.jpg\" data-index=\"1\"><br \/>\n<img decoding=\"async\" src=\"https:\/\/bxrepsol.s3.eu-west-1.amazonaws.com\/static\/2023\/02\/06085618\/LR-0106121834-MMPHOTO1.jpg\" srcset=\"https:\/\/bxrepsol.s3.eu-west-1.amazonaws.com\/static\/2023\/02\/06085618\/LR-0106121834-MMPHOTO1.jpg 2048w, https:\/\/bxrepsol.s3.eu-west-1.amazonaws.com\/static\/2023\/02\/06085618\/LR-0106121834-MMPHOTO1.jpg 1280w, https:\/\/bxrepsol.s3.eu-west-1.amazonaws.com\/static\/2023\/02\/06085618\/LR-0106121834-MMPHOTO1.jpg 900w, https:\/\/bxrepsol.s3.eu-west-1.amazonaws.com\/static\/2023\/02\/06085618\/LR-0106121834-MMPHOTO1.jpg 600w, https:\/\/bxrepsol.s3.eu-west-1.amazonaws.com\/static\/2023\/02\/06085618\/LR-0106121834-MMPHOTO1.jpg 480w, https:\/\/bxrepsol.s3.eu-west-1.amazonaws.com\/static\/2023\/02\/06085618\/LR-0106121834-MMPHOTO1.jpg 32w\" title=\"LR-0106121834-MMPHOTO1\" alt=\"\" data-title=\"\"><br \/>\n<\/a><br \/>\n<a href=\"https:\/\/bxrepsol.s3.eu-west-1.amazonaws.com\/static\/2023\/02\/06085624\/DKR23_IB_K227855-scaled.jpg\" data-index=\"2\"><br \/>\n<img decoding=\"async\" src=\"https:\/\/bxrepsol.s3.eu-west-1.amazonaws.com\/static\/2023\/02\/06085624\/DKR23_IB_K227855-scaled.jpg\" srcset=\"https:\/\/bxrepsol.s3.eu-west-1.amazonaws.com\/static\/2023\/02\/06085624\/DKR23_IB_K227855-scaled.jpg 5000w, https:\/\/bxrepsol.s3.eu-west-1.amazonaws.com\/static\/2023\/02\/06085624\/DKR23_IB_K227855-scaled.jpg 1280w, https:\/\/bxrepsol.s3.eu-west-1.amazonaws.com\/static\/2023\/02\/06085624\/DKR23_IB_K227855-scaled.jpg 900w, https:\/\/bxrepsol.s3.eu-west-1.amazonaws.com\/static\/2023\/02\/06085624\/DKR23_IB_K227855-scaled.jpg 600w, https:\/\/bxrepsol.s3.eu-west-1.amazonaws.com\/static\/2023\/02\/06085624\/DKR23_IB_K227855-scaled.jpg 480w, https:\/\/bxrepsol.s3.eu-west-1.amazonaws.com\/static\/2023\/02\/06085624\/DKR23_IB_K227855-scaled.jpg 32w\" title=\"DKR23_IB_K227855\" alt=\"\" data-title=\"\"><br \/>\n<\/a><br \/>\n<a href=\"https:\/\/bxrepsol.s3.eu-west-1.amazonaws.com\/static\/2023\/02\/06085630\/Dak2023CB-3391-scaled.jpg\" data-index=\"3\"><br \/>\n<img decoding=\"async\" src=\"https:\/\/bxrepsol.s3.eu-west-1.amazonaws.com\/static\/2023\/02\/06085630\/Dak2023CB-3391-scaled.jpg\" srcset=\"https:\/\/bxrepsol.s3.eu-west-1.amazonaws.com\/static\/2023\/02\/06085630\/Dak2023CB-3391-scaled.jpg 5000w, https:\/\/bxrepsol.s3.eu-west-1.amazonaws.com\/static\/2023\/02\/06085630\/Dak2023CB-3391-scaled.jpg 1280w, https:\/\/bxrepsol.s3.eu-west-1.amazonaws.com\/static\/2023\/02\/06085630\/Dak2023CB-3391-scaled.jpg 900w, https:\/\/bxrepsol.s3.eu-west-1.amazonaws.com\/static\/2023\/02\/06085630\/Dak2023CB-3391-scaled.jpg 600w, https:\/\/bxrepsol.s3.eu-west-1.amazonaws.com\/static\/2023\/02\/06085630\/Dak2023CB-3391-scaled.jpg 480w, https:\/\/bxrepsol.s3.eu-west-1.amazonaws.com\/static\/2023\/02\/06085630\/Dak2023CB-3391-scaled.jpg 32w\" title=\"Dak2023CB-3391\" alt=\"\" data-title=\"\"><br \/>\n<\/a><br \/>\n<a href=\"https:\/\/bxrepsol.s3.eu-west-1.amazonaws.com\/static\/2023\/02\/06085637\/DAK23_BR-2716-scaled.jpg\" data-index=\"4\"><br \/>\n<img decoding=\"async\" src=\"https:\/\/bxrepsol.s3.eu-west-1.amazonaws.com\/static\/2023\/02\/06085637\/DAK23_BR-2716-scaled.jpg\" srcset=\"https:\/\/bxrepsol.s3.eu-west-1.amazonaws.com\/static\/2023\/02\/06085637\/DAK23_BR-2716-scaled.jpg 5000w, https:\/\/bxrepsol.s3.eu-west-1.amazonaws.com\/static\/2023\/02\/06085637\/DAK23_BR-2716-scaled.jpg 1280w, https:\/\/bxrepsol.s3.eu-west-1.amazonaws.com\/static\/2023\/02\/06085637\/DAK23_BR-2716-scaled.jpg 900w, https:\/\/bxrepsol.s3.eu-west-1.amazonaws.com\/static\/2023\/02\/06085637\/DAK23_BR-2716-scaled.jpg 600w, https:\/\/bxrepsol.s3.eu-west-1.amazonaws.com\/static\/2023\/02\/06085637\/DAK23_BR-2716-scaled.jpg 480w, https:\/\/bxrepsol.s3.eu-west-1.amazonaws.com\/static\/2023\/02\/06085637\/DAK23_BR-2716-scaled.jpg 32w\" title=\"DAK23_BR-2716\" alt=\"\" data-title=\"\"><br \/>\n<\/a><br \/>\n<button data-glide-dir=\"<\"><br \/>\n<svg role=\"img\" viewBox=\"0 0 256 512\">\n                <path fill=\"currentColor\" d=\"M238.475 475.535l7.071-7.07c4.686-4.686 4.686-12.284 0-16.971L50.053 256 245.546 60.506c4.686-4.686 4.686-12.284 0-16.971l-7.071-7.07c-4.686-4.686-12.284-4.686-16.97 0L10.454 247.515c-4.686 4.686-4.686 12.284 0 16.971l211.051 211.05c4.686 4.686 12.284 4.686 16.97-.001z\"><\/path>\n            <\/svg><br \/>\n<\/button><br \/>\n<button data-glide-dir=\">\u00ab><br \/>\n<svg role=\"img\" viewBox=\"0 0 256 512\">\n                <path fill=\"currentColor\" d=\"M17.525 36.465l-7.071 7.07c-4.686 4.686-4.686 12.284 0 16.971L205.947 256 10.454 451.494c-4.686 4.686-4.686 12.284 0 16.971l7.071 7.07c4.686 4.686 12.284 4.686 16.97 0l211.051-211.05c4.686-4.686 4.686-12.284 0-16.971L34.495 36.465c-4.686-4.687-12.284-4.687-16.97 0z\"><\/path>\n            <\/svg><br \/>\n<\/button><\/p>\n<p><strong>Clasificaci\u00f3n etapa:<\/strong><br \/>\n1. Nasser Al-Attiyah (Toyota) 3h 13\u201912\u201d<br \/>\n2. Sebastien Loeb (Prodrive) +3\u201929\u201d<br \/>\n3. Henk Lategan (Toyota) +8\u201952\u201d<br \/>\n4. Guerlain Chicherit (Prodrive) 9\u201912\u201d<br \/>\n5. Vaidotas Zala (Prodrive) +10\u201933\u201d<br \/>\n\u2026<br \/>\n<strong>53. Isidre Esteve (Toyota) +47\u201904\u201d<\/strong><\/p>\n<p><strong>Clasificaci\u00f3n general:<\/strong><br \/>\n1. Nasser Al-Attiyah (Toyota) 24h 00\u201948\u201d<br \/>\n2. Henk Lategan (Toyota) +1h 06\u201950\u201d<br \/>\n3. Lucas Moraes (Toyota) +1h 13\u201919\u201d<br \/>\n4. Giniel de Villiers (Toyota) +1h 44\u201938\u201d<br \/>\n5. Mattias Ekstr\u00f6m (Audi) +1h 46\u201955\u201d<br \/>\n\u2026<br \/>\n<strong>25. Isidre Esteve (Toyota) +4h 56\u201939\u201d<\/strong><\/p>\n","protected":false},"excerpt":{"rendered":"<p>El equipo espa\u00f1ol salva sin errores una jornada muy traicionera para algunos de los favoritos de la carrera y alcanza el 25\u00ba puesto de la general, 23\u00ba de la categor\u00eda T1.<\/p>\n","protected":false},"author":43146,"featured_media":85011,"comment_status":"open","ping_status":"open","sticky":false,"template":"","format":"standard","meta":{"footnotes":""},"categories":[27],"tags":[269,201,29,183],"class_list":["post-95645","post","type-post","status-publish","format-standard","hentry","category-rally","tag-269","tag-dakar","tag-isidre-esteve","tag-repsol-rally-team"],"yoast_head":"<!-- This site is optimized with the Yoast SEO plugin v27.3 - https:\/\/yoast.com\/product\/yoast-seo-wordpress\/ -->\n<title>Isidre Esteve entra en el top 25 del Dakar - Box Repsol<\/title>\n<meta name=\"description\" content=\"Isidre Esteve entra en el top 25 del Dakar: Sigue la destacada actuaci\u00f3n del piloto en esta intr\u00e9pida competici\u00f3n de rally.\" \/>\n<link rel=\"canonical\" href=\"https:\/\/www.boxrepsol.com\/es\/rally\/isidre-esteve-entra-en-el-top-25-del-dakar\/\" \/>\n<meta property=\"og:locale\" content=\"es_ES\" \/>\n<meta property=\"og:type\" content=\"article\" \/>\n<meta property=\"og:title\" content=\"Isidre Esteve entra en el top 25 del Dakar - Box Repsol\" \/>\n<meta property=\"og:description\" content=\"Isidre Esteve entra en el top 25 del Dakar: Sigue la destacada actuaci\u00f3n del piloto en esta intr\u00e9pida competici\u00f3n de rally.\" \/>\n<meta property=\"og:url\" content=\"https:\/\/www.boxrepsol.com\/es\/rally\/isidre-esteve-entra-en-el-top-25-del-dakar\/\" \/>\n<meta property=\"og:site_name\" content=\"Box Repsol\" \/>\n<meta property=\"article:publisher\" content=\"https:\/\/www.facebook.com\/BoxRepsol\" \/>\n<meta property=\"article:author\" content=\"https:\/\/www.facebook.com\/BoxRepsol\/\" \/>\n<meta property=\"article:published_time\" content=\"2023-01-06T02:00:00+00:00\" \/>\n<meta property=\"article:modified_time\" content=\"2024-04-08T10:41:19+00:00\" \/>\n<meta property=\"og:image\" content=\"https:\/\/bxrepsol.s3.eu-west-1.amazonaws.com\/static\/2023\/02\/06085642\/Dak2023CB-3395-copia-scaled.jpg\" \/>\n\t<meta property=\"og:image:width\" content=\"2560\" \/>\n\t<meta property=\"og:image:height\" content=\"1200\" \/>\n\t<meta property=\"og:image:type\" content=\"image\/jpeg\" \/>\n<meta name=\"author\" content=\"Redacci\u00f3n Box Repsol\" \/>\n<meta name=\"twitter:card\" content=\"summary_large_image\" \/>\n<meta name=\"twitter:creator\" content=\"@https:\/\/twitter.com\/box_repsol\" \/>\n<meta name=\"twitter:site\" content=\"@box_repsol\" \/>\n<meta name=\"twitter:label1\" content=\"Written by\" \/>\n\t<meta name=\"twitter:data1\" content=\"Redacci\u00f3n Box Repsol\" \/>\n\t<meta name=\"twitter:label2\" content=\"Est. reading time\" \/>\n\t<meta name=\"twitter:data2\" content=\"4 minutos\" \/>\n<script type=\"application\/ld+json\" class=\"yoast-schema-graph\">{\"@context\":\"https:\\\/\\\/schema.org\",\"@graph\":[{\"@type\":\"Article\",\"@id\":\"https:\\\/\\\/www.boxrepsol.com\\\/es\\\/rally\\\/isidre-esteve-entra-en-el-top-25-del-dakar\\\/#article\",\"isPartOf\":{\"@id\":\"https:\\\/\\\/www.boxrepsol.com\\\/es\\\/rally\\\/isidre-esteve-entra-en-el-top-25-del-dakar\\\/\"},\"author\":{\"name\":\"Redacci\u00f3n Box Repsol\",\"@id\":\"https:\\\/\\\/www.boxrepsol.com\\\/es\\\/#\\\/schema\\\/person\\\/c5c2138f2cca251b0ad92b7086bb60b7\"},\"headline\":\"Isidre Esteve entra en el top 25 del Dakar\",\"datePublished\":\"2023-01-06T02:00:00+00:00\",\"dateModified\":\"2024-04-08T10:41:19+00:00\",\"mainEntityOfPage\":{\"@id\":\"https:\\\/\\\/www.boxrepsol.com\\\/es\\\/rally\\\/isidre-esteve-entra-en-el-top-25-del-dakar\\\/\"},\"wordCount\":778,\"commentCount\":0,\"publisher\":{\"@id\":\"https:\\\/\\\/www.boxrepsol.com\\\/es\\\/#organization\"},\"image\":{\"@id\":\"https:\\\/\\\/www.boxrepsol.com\\\/es\\\/rally\\\/isidre-esteve-entra-en-el-top-25-del-dakar\\\/#primaryimage\"},\"thumbnailUrl\":\"https:\\\/\\\/bxrepsol.s3.eu-west-1.amazonaws.com\\\/static\\\/2023\\\/02\\\/06085642\\\/Dak2023CB-3395-copia-scaled.jpg\",\"keywords\":[\"2023\",\"Dakar\",\"Isidre Esteve\",\"Repsol Rally Team\"],\"articleSection\":[\"Rally\"],\"inLanguage\":\"es\",\"potentialAction\":[{\"@type\":\"CommentAction\",\"name\":\"Comment\",\"target\":[\"https:\\\/\\\/www.boxrepsol.com\\\/es\\\/rally\\\/isidre-esteve-entra-en-el-top-25-del-dakar\\\/#respond\"]}]},{\"@type\":\"WebPage\",\"@id\":\"https:\\\/\\\/www.boxrepsol.com\\\/es\\\/rally\\\/isidre-esteve-entra-en-el-top-25-del-dakar\\\/\",\"url\":\"https:\\\/\\\/www.boxrepsol.com\\\/es\\\/rally\\\/isidre-esteve-entra-en-el-top-25-del-dakar\\\/\",\"name\":\"Isidre Esteve entra en el top 25 del Dakar - Box Repsol\",\"isPartOf\":{\"@id\":\"https:\\\/\\\/www.boxrepsol.com\\\/es\\\/#website\"},\"primaryImageOfPage\":{\"@id\":\"https:\\\/\\\/www.boxrepsol.com\\\/es\\\/rally\\\/isidre-esteve-entra-en-el-top-25-del-dakar\\\/#primaryimage\"},\"image\":{\"@id\":\"https:\\\/\\\/www.boxrepsol.com\\\/es\\\/rally\\\/isidre-esteve-entra-en-el-top-25-del-dakar\\\/#primaryimage\"},\"thumbnailUrl\":\"https:\\\/\\\/bxrepsol.s3.eu-west-1.amazonaws.com\\\/static\\\/2023\\\/02\\\/06085642\\\/Dak2023CB-3395-copia-scaled.jpg\",\"datePublished\":\"2023-01-06T02:00:00+00:00\",\"dateModified\":\"2024-04-08T10:41:19+00:00\",\"description\":\"Isidre Esteve entra en el top 25 del Dakar: Sigue la destacada actuaci\u00f3n del piloto en esta intr\u00e9pida competici\u00f3n de rally.\",\"breadcrumb\":{\"@id\":\"https:\\\/\\\/www.boxrepsol.com\\\/es\\\/rally\\\/isidre-esteve-entra-en-el-top-25-del-dakar\\\/#breadcrumb\"},\"inLanguage\":\"es\",\"potentialAction\":[{\"@type\":\"ReadAction\",\"target\":[\"https:\\\/\\\/www.boxrepsol.com\\\/es\\\/rally\\\/isidre-esteve-entra-en-el-top-25-del-dakar\\\/\"]}]},{\"@type\":\"ImageObject\",\"inLanguage\":\"es\",\"@id\":\"https:\\\/\\\/www.boxrepsol.com\\\/es\\\/rally\\\/isidre-esteve-entra-en-el-top-25-del-dakar\\\/#primaryimage\",\"url\":\"https:\\\/\\\/bxrepsol.s3.eu-west-1.amazonaws.com\\\/static\\\/2023\\\/02\\\/06085642\\\/Dak2023CB-3395-copia-scaled.jpg\",\"contentUrl\":\"https:\\\/\\\/bxrepsol.s3.eu-west-1.amazonaws.com\\\/static\\\/2023\\\/02\\\/06085642\\\/Dak2023CB-3395-copia-scaled.jpg\",\"width\":2560,\"height\":1200},{\"@type\":\"BreadcrumbList\",\"@id\":\"https:\\\/\\\/www.boxrepsol.com\\\/es\\\/rally\\\/isidre-esteve-entra-en-el-top-25-del-dakar\\\/#breadcrumb\",\"itemListElement\":[{\"@type\":\"ListItem\",\"position\":1,\"name\":\"Home\",\"item\":\"https:\\\/\\\/www.boxrepsol.com\\\/es\\\/\"},{\"@type\":\"ListItem\",\"position\":2,\"name\":\"Isidre Esteve entra en el top 25 del Dakar\"}]},{\"@type\":\"WebSite\",\"@id\":\"https:\\\/\\\/www.boxrepsol.com\\\/es\\\/#website\",\"url\":\"https:\\\/\\\/www.boxrepsol.com\\\/es\\\/\",\"name\":\"Box Repsol\",\"description\":\"Box Repsol Site\",\"publisher\":{\"@id\":\"https:\\\/\\\/www.boxrepsol.com\\\/es\\\/#organization\"},\"potentialAction\":[{\"@type\":\"SearchAction\",\"target\":{\"@type\":\"EntryPoint\",\"urlTemplate\":\"https:\\\/\\\/www.boxrepsol.com\\\/es\\\/?s={search_term_string}\"},\"query-input\":{\"@type\":\"PropertyValueSpecification\",\"valueRequired\":true,\"valueName\":\"search_term_string\"}}],\"inLanguage\":\"es\"},{\"@type\":\"Organization\",\"@id\":\"https:\\\/\\\/www.boxrepsol.com\\\/es\\\/#organization\",\"name\":\"Box Repsol\",\"url\":\"https:\\\/\\\/www.boxrepsol.com\\\/es\\\/\",\"logo\":{\"@type\":\"ImageObject\",\"inLanguage\":\"es\",\"@id\":\"https:\\\/\\\/www.boxrepsol.com\\\/es\\\/#\\\/schema\\\/logo\\\/image\\\/\",\"url\":\"https:\\\/\\\/bxrepsol.s3.eu-west-1.amazonaws.com\\\/static\\\/2025\\\/07\\\/30083337\\\/favicon-96x96-1.png\",\"contentUrl\":\"https:\\\/\\\/bxrepsol.s3.eu-west-1.amazonaws.com\\\/static\\\/2025\\\/07\\\/30083337\\\/favicon-96x96-1.png\",\"width\":96,\"height\":96,\"caption\":\"Box Repsol\"},\"image\":{\"@id\":\"https:\\\/\\\/www.boxrepsol.com\\\/es\\\/#\\\/schema\\\/logo\\\/image\\\/\"},\"sameAs\":[\"https:\\\/\\\/www.facebook.com\\\/BoxRepsol\",\"https:\\\/\\\/x.com\\\/box_repsol\",\"http:\\\/\\\/instagram.com\\\/box_repsol\",\"https:\\\/\\\/www.youtube.com\\\/user\\\/RepsolCompeticion\",\"https:\\\/\\\/www.flickr.com\\\/photos\\\/box_repsol\\\/\"]},{\"@type\":\"Person\",\"@id\":\"https:\\\/\\\/www.boxrepsol.com\\\/es\\\/#\\\/schema\\\/person\\\/c5c2138f2cca251b0ad92b7086bb60b7\",\"name\":\"Redacci\u00f3n Box Repsol\",\"image\":{\"@type\":\"ImageObject\",\"inLanguage\":\"es\",\"@id\":\"https:\\\/\\\/secure.gravatar.com\\\/avatar\\\/adf7b77e38b4419baf32c7e9c21dde01f4e40df611f0978e3006fc4ba0aaab7e?s=96&d=mm&r=g\",\"url\":\"https:\\\/\\\/secure.gravatar.com\\\/avatar\\\/adf7b77e38b4419baf32c7e9c21dde01f4e40df611f0978e3006fc4ba0aaab7e?s=96&d=mm&r=g\",\"contentUrl\":\"https:\\\/\\\/secure.gravatar.com\\\/avatar\\\/adf7b77e38b4419baf32c7e9c21dde01f4e40df611f0978e3006fc4ba0aaab7e?s=96&d=mm&r=g\",\"caption\":\"Redacci\u00f3n Box Repsol\"},\"description\":\"Box Repsol lo forma un equipo de periodistas, community managers, dise\u00f1adores y fot\u00f3grafos con m\u00e1s de 20 a\u00f1os de experiencia en el mundo del motorsport. Hemos vivido el primer mundial de un espa\u00f1ol en la categor\u00eda reina de motociclismo con \u00c1lex Crivill\u00e9, estuvimos en las victorias de Pedrosa y los t\u00edtulos de M\u00e1rquez, acompa\u00f1amos en \u00c1frica a Nani Roma y Marc Coma en sus conquistas del Dakar y hemos vibrado con los t\u00edtulos de Toni Bou en Trial. Adem\u00e1s, en nuestro equipo contamos con expertos en el mundo de las dos y cuatro ruedas tanto de la calle y las carreteras, como de los circuitos. Periodistas que han trabajado en revistas y publicaciones para hacerte llegar desde rutas y consejos de mantenimiento, a curiosidades y trucos de pilotaje.\",\"sameAs\":[\"https:\\\/\\\/www.facebook.com\\\/BoxRepsol\\\/\",\"https:\\\/\\\/www.instagram.com\\\/box_repsol\\\/\",\"https:\\\/\\\/x.com\\\/https:\\\/\\\/twitter.com\\\/box_repsol\",\"https:\\\/\\\/www.youtube.com\\\/@Boxrepsol\"],\"url\":\"https:\\\/\\\/www.boxrepsol.com\\\/es\\\/author\\\/redaccion-box-repsol\\\/\"}]}<\/script>\n<!-- \/ Yoast SEO plugin. -->","yoast_head_json":{"title":"Isidre Esteve entra en el top 25 del Dakar - Box Repsol","description":"Isidre Esteve entra en el top 25 del Dakar: Sigue la destacada actuaci\u00f3n del piloto en esta intr\u00e9pida competici\u00f3n de rally.","canonical":"https:\/\/www.boxrepsol.com\/es\/rally\/isidre-esteve-entra-en-el-top-25-del-dakar\/","og_locale":"es_ES","og_type":"article","og_title":"Isidre Esteve entra en el top 25 del Dakar - Box Repsol","og_description":"Isidre Esteve entra en el top 25 del Dakar: Sigue la destacada actuaci\u00f3n del piloto en esta intr\u00e9pida competici\u00f3n de rally.","og_url":"https:\/\/www.boxrepsol.com\/es\/rally\/isidre-esteve-entra-en-el-top-25-del-dakar\/","og_site_name":"Box Repsol","article_publisher":"https:\/\/www.facebook.com\/BoxRepsol","article_author":"https:\/\/www.facebook.com\/BoxRepsol\/","article_published_time":"2023-01-06T02:00:00+00:00","article_modified_time":"2024-04-08T10:41:19+00:00","og_image":[{"width":2560,"height":1200,"url":"https:\/\/bxrepsol.s3.eu-west-1.amazonaws.com\/static\/2023\/02\/06085642\/Dak2023CB-3395-copia-scaled.jpg","type":"image\/jpeg"}],"author":"Redacci\u00f3n Box Repsol","twitter_card":"summary_large_image","twitter_creator":"@https:\/\/twitter.com\/box_repsol","twitter_site":"@box_repsol","twitter_misc":{"Written by":"Redacci\u00f3n Box Repsol","Est. reading time":"4 minutos"},"schema":{"@context":"https:\/\/schema.org","@graph":[{"@type":"Article","@id":"https:\/\/www.boxrepsol.com\/es\/rally\/isidre-esteve-entra-en-el-top-25-del-dakar\/#article","isPartOf":{"@id":"https:\/\/www.boxrepsol.com\/es\/rally\/isidre-esteve-entra-en-el-top-25-del-dakar\/"},"author":{"name":"Redacci\u00f3n Box Repsol","@id":"https:\/\/www.boxrepsol.com\/es\/#\/schema\/person\/c5c2138f2cca251b0ad92b7086bb60b7"},"headline":"Isidre Esteve entra en el top 25 del Dakar","datePublished":"2023-01-06T02:00:00+00:00","dateModified":"2024-04-08T10:41:19+00:00","mainEntityOfPage":{"@id":"https:\/\/www.boxrepsol.com\/es\/rally\/isidre-esteve-entra-en-el-top-25-del-dakar\/"},"wordCount":778,"commentCount":0,"publisher":{"@id":"https:\/\/www.boxrepsol.com\/es\/#organization"},"image":{"@id":"https:\/\/www.boxrepsol.com\/es\/rally\/isidre-esteve-entra-en-el-top-25-del-dakar\/#primaryimage"},"thumbnailUrl":"https:\/\/bxrepsol.s3.eu-west-1.amazonaws.com\/static\/2023\/02\/06085642\/Dak2023CB-3395-copia-scaled.jpg","keywords":["2023","Dakar","Isidre Esteve","Repsol Rally Team"],"articleSection":["Rally"],"inLanguage":"es","potentialAction":[{"@type":"CommentAction","name":"Comment","target":["https:\/\/www.boxrepsol.com\/es\/rally\/isidre-esteve-entra-en-el-top-25-del-dakar\/#respond"]}]},{"@type":"WebPage","@id":"https:\/\/www.boxrepsol.com\/es\/rally\/isidre-esteve-entra-en-el-top-25-del-dakar\/","url":"https:\/\/www.boxrepsol.com\/es\/rally\/isidre-esteve-entra-en-el-top-25-del-dakar\/","name":"Isidre Esteve entra en el top 25 del Dakar - Box Repsol","isPartOf":{"@id":"https:\/\/www.boxrepsol.com\/es\/#website"},"primaryImageOfPage":{"@id":"https:\/\/www.boxrepsol.com\/es\/rally\/isidre-esteve-entra-en-el-top-25-del-dakar\/#primaryimage"},"image":{"@id":"https:\/\/www.boxrepsol.com\/es\/rally\/isidre-esteve-entra-en-el-top-25-del-dakar\/#primaryimage"},"thumbnailUrl":"https:\/\/bxrepsol.s3.eu-west-1.amazonaws.com\/static\/2023\/02\/06085642\/Dak2023CB-3395-copia-scaled.jpg","datePublished":"2023-01-06T02:00:00+00:00","dateModified":"2024-04-08T10:41:19+00:00","description":"Isidre Esteve entra en el top 25 del Dakar: Sigue la destacada actuaci\u00f3n del piloto en esta intr\u00e9pida competici\u00f3n de rally.","breadcrumb":{"@id":"https:\/\/www.boxrepsol.com\/es\/rally\/isidre-esteve-entra-en-el-top-25-del-dakar\/#breadcrumb"},"inLanguage":"es","potentialAction":[{"@type":"ReadAction","target":["https:\/\/www.boxrepsol.com\/es\/rally\/isidre-esteve-entra-en-el-top-25-del-dakar\/"]}]},{"@type":"ImageObject","inLanguage":"es","@id":"https:\/\/www.boxrepsol.com\/es\/rally\/isidre-esteve-entra-en-el-top-25-del-dakar\/#primaryimage","url":"https:\/\/bxrepsol.s3.eu-west-1.amazonaws.com\/static\/2023\/02\/06085642\/Dak2023CB-3395-copia-scaled.jpg","contentUrl":"https:\/\/bxrepsol.s3.eu-west-1.amazonaws.com\/static\/2023\/02\/06085642\/Dak2023CB-3395-copia-scaled.jpg","width":2560,"height":1200},{"@type":"BreadcrumbList","@id":"https:\/\/www.boxrepsol.com\/es\/rally\/isidre-esteve-entra-en-el-top-25-del-dakar\/#breadcrumb","itemListElement":[{"@type":"ListItem","position":1,"name":"Home","item":"https:\/\/www.boxrepsol.com\/es\/"},{"@type":"ListItem","position":2,"name":"Isidre Esteve entra en el top 25 del Dakar"}]},{"@type":"WebSite","@id":"https:\/\/www.boxrepsol.com\/es\/#website","url":"https:\/\/www.boxrepsol.com\/es\/","name":"Box Repsol","description":"Box Repsol Site","publisher":{"@id":"https:\/\/www.boxrepsol.com\/es\/#organization"},"potentialAction":[{"@type":"SearchAction","target":{"@type":"EntryPoint","urlTemplate":"https:\/\/www.boxrepsol.com\/es\/?s={search_term_string}"},"query-input":{"@type":"PropertyValueSpecification","valueRequired":true,"valueName":"search_term_string"}}],"inLanguage":"es"},{"@type":"Organization","@id":"https:\/\/www.boxrepsol.com\/es\/#organization","name":"Box Repsol","url":"https:\/\/www.boxrepsol.com\/es\/","logo":{"@type":"ImageObject","inLanguage":"es","@id":"https:\/\/www.boxrepsol.com\/es\/#\/schema\/logo\/image\/","url":"https:\/\/bxrepsol.s3.eu-west-1.amazonaws.com\/static\/2025\/07\/30083337\/favicon-96x96-1.png","contentUrl":"https:\/\/bxrepsol.s3.eu-west-1.amazonaws.com\/static\/2025\/07\/30083337\/favicon-96x96-1.png","width":96,"height":96,"caption":"Box Repsol"},"image":{"@id":"https:\/\/www.boxrepsol.com\/es\/#\/schema\/logo\/image\/"},"sameAs":["https:\/\/www.facebook.com\/BoxRepsol","https:\/\/x.com\/box_repsol","http:\/\/instagram.com\/box_repsol","https:\/\/www.youtube.com\/user\/RepsolCompeticion","https:\/\/www.flickr.com\/photos\/box_repsol\/"]},{"@type":"Person","@id":"https:\/\/www.boxrepsol.com\/es\/#\/schema\/person\/c5c2138f2cca251b0ad92b7086bb60b7","name":"Redacci\u00f3n Box Repsol","image":{"@type":"ImageObject","inLanguage":"es","@id":"https:\/\/secure.gravatar.com\/avatar\/adf7b77e38b4419baf32c7e9c21dde01f4e40df611f0978e3006fc4ba0aaab7e?s=96&d=mm&r=g","url":"https:\/\/secure.gravatar.com\/avatar\/adf7b77e38b4419baf32c7e9c21dde01f4e40df611f0978e3006fc4ba0aaab7e?s=96&d=mm&r=g","contentUrl":"https:\/\/secure.gravatar.com\/avatar\/adf7b77e38b4419baf32c7e9c21dde01f4e40df611f0978e3006fc4ba0aaab7e?s=96&d=mm&r=g","caption":"Redacci\u00f3n Box Repsol"},"description":"Box Repsol lo forma un equipo de periodistas, community managers, dise\u00f1adores y fot\u00f3grafos con m\u00e1s de 20 a\u00f1os de experiencia en el mundo del motorsport. Hemos vivido el primer mundial de un espa\u00f1ol en la categor\u00eda reina de motociclismo con \u00c1lex Crivill\u00e9, estuvimos en las victorias de Pedrosa y los t\u00edtulos de M\u00e1rquez, acompa\u00f1amos en \u00c1frica a Nani Roma y Marc Coma en sus conquistas del Dakar y hemos vibrado con los t\u00edtulos de Toni Bou en Trial. Adem\u00e1s, en nuestro equipo contamos con expertos en el mundo de las dos y cuatro ruedas tanto de la calle y las carreteras, como de los circuitos. Periodistas que han trabajado en revistas y publicaciones para hacerte llegar desde rutas y consejos de mantenimiento, a curiosidades y trucos de pilotaje.","sameAs":["https:\/\/www.facebook.com\/BoxRepsol\/","https:\/\/www.instagram.com\/box_repsol\/","https:\/\/x.com\/https:\/\/twitter.com\/box_repsol","https:\/\/www.youtube.com\/@Boxrepsol"],"url":"https:\/\/www.boxrepsol.com\/es\/author\/redaccion-box-repsol\/"}]}},"_links":{"self":[{"href":"https:\/\/www.boxrepsol.com\/es\/wp-json\/wp\/v2\/posts\/95645","targetHints":{"allow":["GET"]}}],"collection":[{"href":"https:\/\/www.boxrepsol.com\/es\/wp-json\/wp\/v2\/posts"}],"about":[{"href":"https:\/\/www.boxrepsol.com\/es\/wp-json\/wp\/v2\/types\/post"}],"author":[{"embeddable":true,"href":"https:\/\/www.boxrepsol.com\/es\/wp-json\/wp\/v2\/users\/43146"}],"replies":[{"embeddable":true,"href":"https:\/\/www.boxrepsol.com\/es\/wp-json\/wp\/v2\/comments?post=95645"}],"version-history":[{"count":2,"href":"https:\/\/www.boxrepsol.com\/es\/wp-json\/wp\/v2\/posts\/95645\/revisions"}],"predecessor-version":[{"id":107388,"href":"https:\/\/www.boxrepsol.com\/es\/wp-json\/wp\/v2\/posts\/95645\/revisions\/107388"}],"wp:featuredmedia":[{"embeddable":true,"href":"https:\/\/www.boxrepsol.com\/es\/wp-json\/wp\/v2\/media\/85011"}],"wp:attachment":[{"href":"https:\/\/www.boxrepsol.com\/es\/wp-json\/wp\/v2\/media?parent=95645"}],"wp:term":[{"taxonomy":"category","embeddable":true,"href":"https:\/\/www.boxrepsol.com\/es\/wp-json\/wp\/v2\/categories?post=95645"},{"taxonomy":"post_tag","embeddable":true,"href":"https:\/\/www.boxrepsol.com\/es\/wp-json\/wp\/v2\/tags?post=95645"}],"curies":[{"name":"wp","href":"https:\/\/api.w.org\/{rel}","templated":true}]}}