{"id":95643,"date":"2023-01-05T00:00:00","date_gmt":"2023-01-05T02:00:00","guid":{"rendered":"http:\/\/pre.boxrepsol.com\/sin-categorizar\/dakar-isidre-esteve-sobrevive-una-nueva-jornada-dura-escala-dos-posiciones-mas\/"},"modified":"2024-04-08T08:41:38","modified_gmt":"2024-04-08T10:41:38","slug":"dakar-isidre-esteve-sobrevive-una-nueva-jornada-dura-escala-dos-posiciones-mas","status":"publish","type":"post","link":"https:\/\/www.boxrepsol.com\/es\/rally\/dakar-isidre-esteve-sobrevive-una-nueva-jornada-dura-escala-dos-posiciones-mas\/","title":{"rendered":"Isidre Esteve sobrevive a una nueva jornada dura y escala dos posiciones m\u00e1s"},"content":{"rendered":"<p>Isidre Esteve y Txema Villalobos han finalizado el segundo bucle con salida y llegada a Ha\u2019il tras invertir <strong>5 horas, 24 minutos y 24 segundos<\/strong> en completar unos dur\u00edsimos <strong>325 kil\u00f3metros<\/strong> cronometrados. La tripulaci\u00f3n del <strong>Repsol Toyota Rally Team<\/strong> ha debido reducir el ritmo durante buena parte de la especial para salvaguardar el diferencial trasero de su coche, que ha vuelto a sufrir los mismos problemas de temperatura de la etapa de ayer. A pesar de ello, gana dos posiciones m\u00e1s en la clasificaci\u00f3n general, donde ya ocupa la <strong>28\u00aa plaza.<\/strong><\/p>\n<p>El <strong>Dakar 2023<\/strong> se ha instalado en su esperada <strong>dureza m\u00e1xima<\/strong>, y hoy hemos vuelto a tener un nuevo ejemplo. En una etapa que ha castigado hasta a los m\u00e1s veteranos de este rally, Isidre no se ha salvado, como comentaba tras llegar al vivac: <em>\u00abHa sido un d\u00eda duro. He terminado la especial cansado, de un modo similar a la segunda etapa, pero seguimos adelante y con la m\u00e1xima motivaci\u00f3n. Ahora toca raci\u00f3n extra de trabajo para Lidia de cara a recuperar el cuerpo pensando en ma\u00f1ana y en lo que viene\u201d<\/em>.<\/p>\n<p>Adem\u00e1s de castigar el f\u00edsico, esta dureza tambi\u00e9n ha tenido su vertiente t\u00e9cnica, como relata el l\u00edder del Repsol Toyota Rally Team: \u00ab<em>La peor noticia del d\u00eda ha sido que se han reproducido los problemas de temperatura en el diferencial trasero. En los primeros kil\u00f3metros del d\u00eda est\u00e1bamos rodando como un reloj, r\u00e1pidos y adelantando a muchos coches, pero hacia el kil\u00f3metro 90 nos ha vuelto a saltar el aviso y no ha quedado m\u00e1s remedio que bajar el ritmo para evitar la rotura de este elemento. Han sido unos 100 kil\u00f3metros rodando despacio hasta que ha llegado la pista r\u00e1pida, momento en que la temperatura se ha normalizado y hemos podido volver a correr. Este tramo nos ha permitido recuperar algo de tiempo, pero la alerta ha vuelto a encenderse a 20 km de la llegada. De cara a ma\u00f1ana, hemos decidido sustituir el diferencial para estar tranquilos\u201d.<\/em><\/p>\n<p>Esta suma de inconvenientes no han privado a Esteve y Villalobos de alcanzar el campamento, pero s\u00ed les ha rezagado en la clasificaci\u00f3n de una jornada muy complicada para todos, y que han concluido en 52\u00ba lugar. En todo caso, su escalada en la general prosigue y ya han roto la barrera del top 30 para situarse en 28\u00aa posici\u00f3n.<\/p>\n<p>En una noche m\u00e1gica como la de hoy, Isidre Esteve ha revelado el contenido de su carta a los <strong>Reyes Magos<\/strong>: <em>\u00abLes he pedido poder disfrutar, al fin, de una etapa limpia en este Dakar. Nuestro ritmo es bueno y, por lo dem\u00e1s, el coche se est\u00e1 comportando de maravilla. Los resultados de las etapas son enga\u00f1osos, por los problemas que hemos sufrido, pero cuando desaparezcan estoy convencido de que llegar\u00e1n muy buenas noticias. \u00a1Queda mucha carrera todav\u00eda, y estoy seguro de que seguiremos mejorando conforme avancen las etapas!\u201d. <\/em><\/p>\n<p>La jornada de ma\u00f1ana deb\u00eda ser, a priori, la m\u00e1s larga del presente Dakar, pero las lluvias ca\u00eddas esta semana han obligado a la organizaci\u00f3n a <strong>actualizar el libro de ruta<\/strong>. De este modo, para este viernes se han recortado un centenar de kil\u00f3metros y los 467 cronometrados inicialmente previstos quedar\u00e1n en <strong>357<\/strong>, mayoritariamente sobre arena y dunas. El nuevo recorrido conducir\u00e1 de Ha\u2019il a <strong>Riad<\/strong>, en lugar de Al Duwadimi.<\/p>\n<p><a href=\"https:\/\/bxrepsol.s3.eu-west-1.amazonaws.com\/static\/2023\/02\/06085531\/LR-0105100856-MMPHOTO5.jpg\" data-index=\"0\"><br \/>\n<img decoding=\"async\" src=\"https:\/\/bxrepsol.s3.eu-west-1.amazonaws.com\/static\/2023\/02\/06085531\/LR-0105100856-MMPHOTO5.jpg\" srcset=\"https:\/\/bxrepsol.s3.eu-west-1.amazonaws.com\/static\/2023\/02\/06085531\/LR-0105100856-MMPHOTO5.jpg 2500w, https:\/\/bxrepsol.s3.eu-west-1.amazonaws.com\/static\/2023\/02\/06085531\/LR-0105100856-MMPHOTO5.jpg 1280w, https:\/\/bxrepsol.s3.eu-west-1.amazonaws.com\/static\/2023\/02\/06085531\/LR-0105100856-MMPHOTO5.jpg 900w, https:\/\/bxrepsol.s3.eu-west-1.amazonaws.com\/static\/2023\/02\/06085531\/LR-0105100856-MMPHOTO5.jpg 600w, https:\/\/bxrepsol.s3.eu-west-1.amazonaws.com\/static\/2023\/02\/06085531\/LR-0105100856-MMPHOTO5.jpg 480w, https:\/\/bxrepsol.s3.eu-west-1.amazonaws.com\/static\/2023\/02\/06085531\/LR-0105100856-MMPHOTO5.jpg 32w\" title=\"LR-0105100856-MMPHOTO5\" alt=\"\" data-title=\"\"><br \/>\n<\/a><br \/>\n<a href=\"https:\/\/bxrepsol.s3.eu-west-1.amazonaws.com\/static\/2023\/02\/06085533\/LR-0105100420-MMPHOTO5.jpg\" data-index=\"1\"><br \/>\n<img decoding=\"async\" src=\"https:\/\/bxrepsol.s3.eu-west-1.amazonaws.com\/static\/2023\/02\/06085533\/LR-0105100420-MMPHOTO5.jpg\" srcset=\"https:\/\/bxrepsol.s3.eu-west-1.amazonaws.com\/static\/2023\/02\/06085533\/LR-0105100420-MMPHOTO5.jpg 2500w, https:\/\/bxrepsol.s3.eu-west-1.amazonaws.com\/static\/2023\/02\/06085533\/LR-0105100420-MMPHOTO5.jpg 1280w, https:\/\/bxrepsol.s3.eu-west-1.amazonaws.com\/static\/2023\/02\/06085533\/LR-0105100420-MMPHOTO5.jpg 900w, https:\/\/bxrepsol.s3.eu-west-1.amazonaws.com\/static\/2023\/02\/06085533\/LR-0105100420-MMPHOTO5.jpg 600w, https:\/\/bxrepsol.s3.eu-west-1.amazonaws.com\/static\/2023\/02\/06085533\/LR-0105100420-MMPHOTO5.jpg 480w, https:\/\/bxrepsol.s3.eu-west-1.amazonaws.com\/static\/2023\/02\/06085533\/LR-0105100420-MMPHOTO5.jpg 32w\" title=\"LR-0105100420-MMPHOTO5\" alt=\"\" data-title=\"\"><br \/>\n<\/a><br \/>\n<a href=\"https:\/\/bxrepsol.s3.eu-west-1.amazonaws.com\/static\/2023\/02\/06085538\/DKR23_IB_K229939-scaled.jpg\" data-index=\"2\"><br \/>\n<img decoding=\"async\" src=\"https:\/\/bxrepsol.s3.eu-west-1.amazonaws.com\/static\/2023\/02\/06085538\/DKR23_IB_K229939-scaled.jpg\" srcset=\"https:\/\/bxrepsol.s3.eu-west-1.amazonaws.com\/static\/2023\/02\/06085538\/DKR23_IB_K229939-scaled.jpg 5000w, https:\/\/bxrepsol.s3.eu-west-1.amazonaws.com\/static\/2023\/02\/06085538\/DKR23_IB_K229939-scaled.jpg 1280w, https:\/\/bxrepsol.s3.eu-west-1.amazonaws.com\/static\/2023\/02\/06085538\/DKR23_IB_K229939-scaled.jpg 900w, https:\/\/bxrepsol.s3.eu-west-1.amazonaws.com\/static\/2023\/02\/06085538\/DKR23_IB_K229939-scaled.jpg 600w, https:\/\/bxrepsol.s3.eu-west-1.amazonaws.com\/static\/2023\/02\/06085538\/DKR23_IB_K229939-scaled.jpg 480w, https:\/\/bxrepsol.s3.eu-west-1.amazonaws.com\/static\/2023\/02\/06085538\/DKR23_IB_K229939-scaled.jpg 32w\" title=\"DKR23_IB_K229939\" alt=\"\" data-title=\"\"><br \/>\n<\/a><br \/>\n<a href=\"https:\/\/bxrepsol.s3.eu-west-1.amazonaws.com\/static\/2023\/02\/06085545\/DAK23_BR-2468-scaled.jpg\" data-index=\"3\"><br \/>\n<img decoding=\"async\" src=\"https:\/\/bxrepsol.s3.eu-west-1.amazonaws.com\/static\/2023\/02\/06085545\/DAK23_BR-2468-scaled.jpg\" srcset=\"https:\/\/bxrepsol.s3.eu-west-1.amazonaws.com\/static\/2023\/02\/06085545\/DAK23_BR-2468-scaled.jpg 5000w, https:\/\/bxrepsol.s3.eu-west-1.amazonaws.com\/static\/2023\/02\/06085545\/DAK23_BR-2468-scaled.jpg 1280w, https:\/\/bxrepsol.s3.eu-west-1.amazonaws.com\/static\/2023\/02\/06085545\/DAK23_BR-2468-scaled.jpg 900w, https:\/\/bxrepsol.s3.eu-west-1.amazonaws.com\/static\/2023\/02\/06085545\/DAK23_BR-2468-scaled.jpg 600w, https:\/\/bxrepsol.s3.eu-west-1.amazonaws.com\/static\/2023\/02\/06085545\/DAK23_BR-2468-scaled.jpg 480w, https:\/\/bxrepsol.s3.eu-west-1.amazonaws.com\/static\/2023\/02\/06085545\/DAK23_BR-2468-scaled.jpg 32w\" title=\"DAK23_BR-2468\" alt=\"\" data-title=\"\"><br \/>\n<\/a><br \/>\n<a href=\"https:\/\/bxrepsol.s3.eu-west-1.amazonaws.com\/static\/2023\/02\/06085546\/LR-0105105455-MMPHOTO1.jpg\" data-index=\"4\"><br \/>\n<img decoding=\"async\" src=\"https:\/\/bxrepsol.s3.eu-west-1.amazonaws.com\/static\/2023\/02\/06085546\/LR-0105105455-MMPHOTO1.jpg\" srcset=\"https:\/\/bxrepsol.s3.eu-west-1.amazonaws.com\/static\/2023\/02\/06085546\/LR-0105105455-MMPHOTO1.jpg 2048w, https:\/\/bxrepsol.s3.eu-west-1.amazonaws.com\/static\/2023\/02\/06085546\/LR-0105105455-MMPHOTO1.jpg 1280w, https:\/\/bxrepsol.s3.eu-west-1.amazonaws.com\/static\/2023\/02\/06085546\/LR-0105105455-MMPHOTO1.jpg 900w, https:\/\/bxrepsol.s3.eu-west-1.amazonaws.com\/static\/2023\/02\/06085546\/LR-0105105455-MMPHOTO1.jpg 600w, https:\/\/bxrepsol.s3.eu-west-1.amazonaws.com\/static\/2023\/02\/06085546\/LR-0105105455-MMPHOTO1.jpg 480w, https:\/\/bxrepsol.s3.eu-west-1.amazonaws.com\/static\/2023\/02\/06085546\/LR-0105105455-MMPHOTO1.jpg 32w\" title=\"LR-0105105455-MMPHOTO1\" alt=\"\" data-title=\"\"><br \/>\n<\/a><br \/>\n<button data-glide-dir=\"<\"><br \/>\n<svg role=\"img\" viewBox=\"0 0 256 512\">\n                <path fill=\"currentColor\" d=\"M238.475 475.535l7.071-7.07c4.686-4.686 4.686-12.284 0-16.971L50.053 256 245.546 60.506c4.686-4.686 4.686-12.284 0-16.971l-7.071-7.07c-4.686-4.686-12.284-4.686-16.97 0L10.454 247.515c-4.686 4.686-4.686 12.284 0 16.971l211.051 211.05c4.686 4.686 12.284 4.686 16.97-.001z\"><\/path>\n            <\/svg><br \/>\n<\/button><br \/>\n<button data-glide-dir=\">\u00ab><br \/>\n<svg role=\"img\" viewBox=\"0 0 256 512\">\n                <path fill=\"currentColor\" d=\"M17.525 36.465l-7.071 7.07c-4.686 4.686-4.686 12.284 0 16.971L205.947 256 10.454 451.494c-4.686 4.686-4.686 12.284 0 16.971l7.071 7.07c4.686 4.686 12.284 4.686 16.97 0l211.051-211.05c4.686-4.686 4.686-12.284 0-16.971L34.495 36.465c-4.686-4.687-12.284-4.687-16.97 0z\"><\/path>\n            <\/svg><br \/>\n<\/button><\/p>\n<p><strong>Clasificaci\u00f3n etapa:<\/strong><br \/>\n1. Nasser Al-Attiyah (Toyota) 4h 13\u201923\u201d<br \/>\n2. Carlos Sainz (Audi) +1\u201957\u201d<br \/>\n3. St\u00e9phane Peterhansel (Audi) +03\u201944\u201d<br \/>\n4. Yazeed Al Rajhi (Toyota) +08\u201943\u201d<br \/>\n5. Guerlain Chicherit (Prodrive) 11\u201909\u201d<br \/>\n\u2026<br \/>\n<strong>52. Isidre Esteve (Toyota) +1h 11\u201901\u201d<\/strong><\/p>\n<p><strong>Clasificaci\u00f3n general:<\/strong><br \/>\n1. Nasser Al-Attiyah (Toyota) 20h 47\u201936\u201d<br \/>\n2. St\u00e9phane Peterhansel (Audi) +22\u201936\u201d<br \/>\n3. Yazeed Al Rajhi (Toyota) +27\u201901\u201d<br \/>\n4. Carlos Sainz (Audi) +34\u201952\u201d<br \/>\n5. Henk Lategan (Toyota) +57\u201958\u201d<br \/>\n\u2026<br \/>\n<strong>28. Isidre Esteve (Toyota) +4h 09\u201935\u201d<\/strong><\/p>\n","protected":false},"excerpt":{"rendered":"<p>Los problemas de temperatura en el diferencial trasero de la etapa de ayer se han reproducido tambi\u00e9n hoy y han afectado al ritmo de la tripulaci\u00f3n espa\u00f1ola durante buena parte de la especial.<\/p>\n","protected":false},"author":43146,"featured_media":84987,"comment_status":"open","ping_status":"open","sticky":false,"template":"","format":"standard","meta":{"footnotes":""},"categories":[27],"tags":[269,201,29,183],"class_list":["post-95643","post","type-post","status-publish","format-standard","hentry","category-rally","tag-269","tag-dakar","tag-isidre-esteve","tag-repsol-rally-team"],"yoast_head":"<!-- This site is optimized with the Yoast SEO plugin v27.3 - https:\/\/yoast.com\/product\/yoast-seo-wordpress\/ -->\n<title>Dakar: Isidre Esteve sobrevive a una nueva jornada dura y escala dos posiciones m\u00e1s<\/title>\n<meta name=\"description\" content=\"Isidre Esteve sobrevive a una nueva jornada dura y escala dos posiciones m\u00e1s. Sigue la valent\u00eda y perseverancia del piloto en este campeonato.\" \/>\n<link rel=\"canonical\" href=\"https:\/\/www.boxrepsol.com\/es\/rally\/dakar-isidre-esteve-sobrevive-una-nueva-jornada-dura-escala-dos-posiciones-mas\/\" \/>\n<meta property=\"og:locale\" content=\"es_ES\" \/>\n<meta property=\"og:type\" content=\"article\" \/>\n<meta property=\"og:title\" content=\"Dakar: Isidre Esteve sobrevive a una nueva jornada dura y escala dos posiciones m\u00e1s\" \/>\n<meta property=\"og:description\" content=\"Isidre Esteve sobrevive a una nueva jornada dura y escala dos posiciones m\u00e1s. Sigue la valent\u00eda y perseverancia del piloto en este campeonato.\" \/>\n<meta property=\"og:url\" content=\"https:\/\/www.boxrepsol.com\/es\/rally\/dakar-isidre-esteve-sobrevive-una-nueva-jornada-dura-escala-dos-posiciones-mas\/\" \/>\n<meta property=\"og:site_name\" content=\"Box Repsol\" \/>\n<meta property=\"article:publisher\" content=\"https:\/\/www.facebook.com\/BoxRepsol\" \/>\n<meta property=\"article:author\" content=\"https:\/\/www.facebook.com\/BoxRepsol\/\" \/>\n<meta property=\"article:published_time\" content=\"2023-01-05T02:00:00+00:00\" \/>\n<meta property=\"article:modified_time\" content=\"2024-04-08T10:41:38+00:00\" \/>\n<meta property=\"og:image\" content=\"https:\/\/bxrepsol.s3.eu-west-1.amazonaws.com\/static\/2023\/02\/06085552\/DAK23_EB_EDO1305-copia-scaled.jpg\" \/>\n\t<meta property=\"og:image:width\" content=\"2560\" \/>\n\t<meta property=\"og:image:height\" content=\"1200\" \/>\n\t<meta property=\"og:image:type\" content=\"image\/jpeg\" \/>\n<meta name=\"author\" content=\"Redacci\u00f3n Box Repsol\" \/>\n<meta name=\"twitter:card\" content=\"summary_large_image\" \/>\n<meta name=\"twitter:creator\" content=\"@https:\/\/twitter.com\/box_repsol\" \/>\n<meta name=\"twitter:site\" content=\"@box_repsol\" \/>\n<meta name=\"twitter:label1\" content=\"Written by\" \/>\n\t<meta name=\"twitter:data1\" content=\"Redacci\u00f3n Box Repsol\" \/>\n\t<meta name=\"twitter:label2\" content=\"Est. reading time\" \/>\n\t<meta name=\"twitter:data2\" content=\"3 minutos\" \/>\n<script type=\"application\/ld+json\" class=\"yoast-schema-graph\">{\"@context\":\"https:\\\/\\\/schema.org\",\"@graph\":[{\"@type\":\"Article\",\"@id\":\"https:\\\/\\\/www.boxrepsol.com\\\/es\\\/rally\\\/dakar-isidre-esteve-sobrevive-una-nueva-jornada-dura-escala-dos-posiciones-mas\\\/#article\",\"isPartOf\":{\"@id\":\"https:\\\/\\\/www.boxrepsol.com\\\/es\\\/rally\\\/dakar-isidre-esteve-sobrevive-una-nueva-jornada-dura-escala-dos-posiciones-mas\\\/\"},\"author\":{\"name\":\"Redacci\u00f3n Box Repsol\",\"@id\":\"https:\\\/\\\/www.boxrepsol.com\\\/es\\\/#\\\/schema\\\/person\\\/c5c2138f2cca251b0ad92b7086bb60b7\"},\"headline\":\"Isidre Esteve sobrevive a una nueva jornada dura y escala dos posiciones m\u00e1s\",\"datePublished\":\"2023-01-05T02:00:00+00:00\",\"dateModified\":\"2024-04-08T10:41:38+00:00\",\"mainEntityOfPage\":{\"@id\":\"https:\\\/\\\/www.boxrepsol.com\\\/es\\\/rally\\\/dakar-isidre-esteve-sobrevive-una-nueva-jornada-dura-escala-dos-posiciones-mas\\\/\"},\"wordCount\":646,\"commentCount\":0,\"publisher\":{\"@id\":\"https:\\\/\\\/www.boxrepsol.com\\\/es\\\/#organization\"},\"image\":{\"@id\":\"https:\\\/\\\/www.boxrepsol.com\\\/es\\\/rally\\\/dakar-isidre-esteve-sobrevive-una-nueva-jornada-dura-escala-dos-posiciones-mas\\\/#primaryimage\"},\"thumbnailUrl\":\"https:\\\/\\\/bxrepsol.s3.eu-west-1.amazonaws.com\\\/static\\\/2023\\\/02\\\/06085552\\\/DAK23_EB_EDO1305-copia-scaled.jpg\",\"keywords\":[\"2023\",\"Dakar\",\"Isidre Esteve\",\"Repsol Rally Team\"],\"articleSection\":[\"Rally\"],\"inLanguage\":\"es\",\"potentialAction\":[{\"@type\":\"CommentAction\",\"name\":\"Comment\",\"target\":[\"https:\\\/\\\/www.boxrepsol.com\\\/es\\\/rally\\\/dakar-isidre-esteve-sobrevive-una-nueva-jornada-dura-escala-dos-posiciones-mas\\\/#respond\"]}]},{\"@type\":\"WebPage\",\"@id\":\"https:\\\/\\\/www.boxrepsol.com\\\/es\\\/rally\\\/dakar-isidre-esteve-sobrevive-una-nueva-jornada-dura-escala-dos-posiciones-mas\\\/\",\"url\":\"https:\\\/\\\/www.boxrepsol.com\\\/es\\\/rally\\\/dakar-isidre-esteve-sobrevive-una-nueva-jornada-dura-escala-dos-posiciones-mas\\\/\",\"name\":\"Dakar: Isidre Esteve sobrevive a una nueva jornada dura y escala dos posiciones m\u00e1s\",\"isPartOf\":{\"@id\":\"https:\\\/\\\/www.boxrepsol.com\\\/es\\\/#website\"},\"primaryImageOfPage\":{\"@id\":\"https:\\\/\\\/www.boxrepsol.com\\\/es\\\/rally\\\/dakar-isidre-esteve-sobrevive-una-nueva-jornada-dura-escala-dos-posiciones-mas\\\/#primaryimage\"},\"image\":{\"@id\":\"https:\\\/\\\/www.boxrepsol.com\\\/es\\\/rally\\\/dakar-isidre-esteve-sobrevive-una-nueva-jornada-dura-escala-dos-posiciones-mas\\\/#primaryimage\"},\"thumbnailUrl\":\"https:\\\/\\\/bxrepsol.s3.eu-west-1.amazonaws.com\\\/static\\\/2023\\\/02\\\/06085552\\\/DAK23_EB_EDO1305-copia-scaled.jpg\",\"datePublished\":\"2023-01-05T02:00:00+00:00\",\"dateModified\":\"2024-04-08T10:41:38+00:00\",\"description\":\"Isidre Esteve sobrevive a una nueva jornada dura y escala dos posiciones m\u00e1s. Sigue la valent\u00eda y perseverancia del piloto en este campeonato.\",\"breadcrumb\":{\"@id\":\"https:\\\/\\\/www.boxrepsol.com\\\/es\\\/rally\\\/dakar-isidre-esteve-sobrevive-una-nueva-jornada-dura-escala-dos-posiciones-mas\\\/#breadcrumb\"},\"inLanguage\":\"es\",\"potentialAction\":[{\"@type\":\"ReadAction\",\"target\":[\"https:\\\/\\\/www.boxrepsol.com\\\/es\\\/rally\\\/dakar-isidre-esteve-sobrevive-una-nueva-jornada-dura-escala-dos-posiciones-mas\\\/\"]}]},{\"@type\":\"ImageObject\",\"inLanguage\":\"es\",\"@id\":\"https:\\\/\\\/www.boxrepsol.com\\\/es\\\/rally\\\/dakar-isidre-esteve-sobrevive-una-nueva-jornada-dura-escala-dos-posiciones-mas\\\/#primaryimage\",\"url\":\"https:\\\/\\\/bxrepsol.s3.eu-west-1.amazonaws.com\\\/static\\\/2023\\\/02\\\/06085552\\\/DAK23_EB_EDO1305-copia-scaled.jpg\",\"contentUrl\":\"https:\\\/\\\/bxrepsol.s3.eu-west-1.amazonaws.com\\\/static\\\/2023\\\/02\\\/06085552\\\/DAK23_EB_EDO1305-copia-scaled.jpg\",\"width\":2560,\"height\":1200},{\"@type\":\"BreadcrumbList\",\"@id\":\"https:\\\/\\\/www.boxrepsol.com\\\/es\\\/rally\\\/dakar-isidre-esteve-sobrevive-una-nueva-jornada-dura-escala-dos-posiciones-mas\\\/#breadcrumb\",\"itemListElement\":[{\"@type\":\"ListItem\",\"position\":1,\"name\":\"Home\",\"item\":\"https:\\\/\\\/www.boxrepsol.com\\\/es\\\/\"},{\"@type\":\"ListItem\",\"position\":2,\"name\":\"Isidre Esteve sobrevive a una nueva jornada dura y escala dos posiciones m\u00e1s\"}]},{\"@type\":\"WebSite\",\"@id\":\"https:\\\/\\\/www.boxrepsol.com\\\/es\\\/#website\",\"url\":\"https:\\\/\\\/www.boxrepsol.com\\\/es\\\/\",\"name\":\"Box Repsol\",\"description\":\"Box Repsol Site\",\"publisher\":{\"@id\":\"https:\\\/\\\/www.boxrepsol.com\\\/es\\\/#organization\"},\"potentialAction\":[{\"@type\":\"SearchAction\",\"target\":{\"@type\":\"EntryPoint\",\"urlTemplate\":\"https:\\\/\\\/www.boxrepsol.com\\\/es\\\/?s={search_term_string}\"},\"query-input\":{\"@type\":\"PropertyValueSpecification\",\"valueRequired\":true,\"valueName\":\"search_term_string\"}}],\"inLanguage\":\"es\"},{\"@type\":\"Organization\",\"@id\":\"https:\\\/\\\/www.boxrepsol.com\\\/es\\\/#organization\",\"name\":\"Box Repsol\",\"url\":\"https:\\\/\\\/www.boxrepsol.com\\\/es\\\/\",\"logo\":{\"@type\":\"ImageObject\",\"inLanguage\":\"es\",\"@id\":\"https:\\\/\\\/www.boxrepsol.com\\\/es\\\/#\\\/schema\\\/logo\\\/image\\\/\",\"url\":\"https:\\\/\\\/bxrepsol.s3.eu-west-1.amazonaws.com\\\/static\\\/2025\\\/07\\\/30083337\\\/favicon-96x96-1.png\",\"contentUrl\":\"https:\\\/\\\/bxrepsol.s3.eu-west-1.amazonaws.com\\\/static\\\/2025\\\/07\\\/30083337\\\/favicon-96x96-1.png\",\"width\":96,\"height\":96,\"caption\":\"Box Repsol\"},\"image\":{\"@id\":\"https:\\\/\\\/www.boxrepsol.com\\\/es\\\/#\\\/schema\\\/logo\\\/image\\\/\"},\"sameAs\":[\"https:\\\/\\\/www.facebook.com\\\/BoxRepsol\",\"https:\\\/\\\/x.com\\\/box_repsol\",\"http:\\\/\\\/instagram.com\\\/box_repsol\",\"https:\\\/\\\/www.youtube.com\\\/user\\\/RepsolCompeticion\",\"https:\\\/\\\/www.flickr.com\\\/photos\\\/box_repsol\\\/\"]},{\"@type\":\"Person\",\"@id\":\"https:\\\/\\\/www.boxrepsol.com\\\/es\\\/#\\\/schema\\\/person\\\/c5c2138f2cca251b0ad92b7086bb60b7\",\"name\":\"Redacci\u00f3n Box Repsol\",\"image\":{\"@type\":\"ImageObject\",\"inLanguage\":\"es\",\"@id\":\"https:\\\/\\\/secure.gravatar.com\\\/avatar\\\/adf7b77e38b4419baf32c7e9c21dde01f4e40df611f0978e3006fc4ba0aaab7e?s=96&d=mm&r=g\",\"url\":\"https:\\\/\\\/secure.gravatar.com\\\/avatar\\\/adf7b77e38b4419baf32c7e9c21dde01f4e40df611f0978e3006fc4ba0aaab7e?s=96&d=mm&r=g\",\"contentUrl\":\"https:\\\/\\\/secure.gravatar.com\\\/avatar\\\/adf7b77e38b4419baf32c7e9c21dde01f4e40df611f0978e3006fc4ba0aaab7e?s=96&d=mm&r=g\",\"caption\":\"Redacci\u00f3n Box Repsol\"},\"description\":\"Box Repsol lo forma un equipo de periodistas, community managers, dise\u00f1adores y fot\u00f3grafos con m\u00e1s de 20 a\u00f1os de experiencia en el mundo del motorsport. Hemos vivido el primer mundial de un espa\u00f1ol en la categor\u00eda reina de motociclismo con \u00c1lex Crivill\u00e9, estuvimos en las victorias de Pedrosa y los t\u00edtulos de M\u00e1rquez, acompa\u00f1amos en \u00c1frica a Nani Roma y Marc Coma en sus conquistas del Dakar y hemos vibrado con los t\u00edtulos de Toni Bou en Trial. Adem\u00e1s, en nuestro equipo contamos con expertos en el mundo de las dos y cuatro ruedas tanto de la calle y las carreteras, como de los circuitos. Periodistas que han trabajado en revistas y publicaciones para hacerte llegar desde rutas y consejos de mantenimiento, a curiosidades y trucos de pilotaje.\",\"sameAs\":[\"https:\\\/\\\/www.facebook.com\\\/BoxRepsol\\\/\",\"https:\\\/\\\/www.instagram.com\\\/box_repsol\\\/\",\"https:\\\/\\\/x.com\\\/https:\\\/\\\/twitter.com\\\/box_repsol\",\"https:\\\/\\\/www.youtube.com\\\/@Boxrepsol\"],\"url\":\"https:\\\/\\\/www.boxrepsol.com\\\/es\\\/author\\\/redaccion-box-repsol\\\/\"}]}<\/script>\n<!-- \/ Yoast SEO plugin. -->","yoast_head_json":{"title":"Dakar: Isidre Esteve sobrevive a una nueva jornada dura y escala dos posiciones m\u00e1s","description":"Isidre Esteve sobrevive a una nueva jornada dura y escala dos posiciones m\u00e1s. Sigue la valent\u00eda y perseverancia del piloto en este campeonato.","canonical":"https:\/\/www.boxrepsol.com\/es\/rally\/dakar-isidre-esteve-sobrevive-una-nueva-jornada-dura-escala-dos-posiciones-mas\/","og_locale":"es_ES","og_type":"article","og_title":"Dakar: Isidre Esteve sobrevive a una nueva jornada dura y escala dos posiciones m\u00e1s","og_description":"Isidre Esteve sobrevive a una nueva jornada dura y escala dos posiciones m\u00e1s. Sigue la valent\u00eda y perseverancia del piloto en este campeonato.","og_url":"https:\/\/www.boxrepsol.com\/es\/rally\/dakar-isidre-esteve-sobrevive-una-nueva-jornada-dura-escala-dos-posiciones-mas\/","og_site_name":"Box Repsol","article_publisher":"https:\/\/www.facebook.com\/BoxRepsol","article_author":"https:\/\/www.facebook.com\/BoxRepsol\/","article_published_time":"2023-01-05T02:00:00+00:00","article_modified_time":"2024-04-08T10:41:38+00:00","og_image":[{"width":2560,"height":1200,"url":"https:\/\/bxrepsol.s3.eu-west-1.amazonaws.com\/static\/2023\/02\/06085552\/DAK23_EB_EDO1305-copia-scaled.jpg","type":"image\/jpeg"}],"author":"Redacci\u00f3n Box Repsol","twitter_card":"summary_large_image","twitter_creator":"@https:\/\/twitter.com\/box_repsol","twitter_site":"@box_repsol","twitter_misc":{"Written by":"Redacci\u00f3n Box Repsol","Est. reading time":"3 minutos"},"schema":{"@context":"https:\/\/schema.org","@graph":[{"@type":"Article","@id":"https:\/\/www.boxrepsol.com\/es\/rally\/dakar-isidre-esteve-sobrevive-una-nueva-jornada-dura-escala-dos-posiciones-mas\/#article","isPartOf":{"@id":"https:\/\/www.boxrepsol.com\/es\/rally\/dakar-isidre-esteve-sobrevive-una-nueva-jornada-dura-escala-dos-posiciones-mas\/"},"author":{"name":"Redacci\u00f3n Box Repsol","@id":"https:\/\/www.boxrepsol.com\/es\/#\/schema\/person\/c5c2138f2cca251b0ad92b7086bb60b7"},"headline":"Isidre Esteve sobrevive a una nueva jornada dura y escala dos posiciones m\u00e1s","datePublished":"2023-01-05T02:00:00+00:00","dateModified":"2024-04-08T10:41:38+00:00","mainEntityOfPage":{"@id":"https:\/\/www.boxrepsol.com\/es\/rally\/dakar-isidre-esteve-sobrevive-una-nueva-jornada-dura-escala-dos-posiciones-mas\/"},"wordCount":646,"commentCount":0,"publisher":{"@id":"https:\/\/www.boxrepsol.com\/es\/#organization"},"image":{"@id":"https:\/\/www.boxrepsol.com\/es\/rally\/dakar-isidre-esteve-sobrevive-una-nueva-jornada-dura-escala-dos-posiciones-mas\/#primaryimage"},"thumbnailUrl":"https:\/\/bxrepsol.s3.eu-west-1.amazonaws.com\/static\/2023\/02\/06085552\/DAK23_EB_EDO1305-copia-scaled.jpg","keywords":["2023","Dakar","Isidre Esteve","Repsol Rally Team"],"articleSection":["Rally"],"inLanguage":"es","potentialAction":[{"@type":"CommentAction","name":"Comment","target":["https:\/\/www.boxrepsol.com\/es\/rally\/dakar-isidre-esteve-sobrevive-una-nueva-jornada-dura-escala-dos-posiciones-mas\/#respond"]}]},{"@type":"WebPage","@id":"https:\/\/www.boxrepsol.com\/es\/rally\/dakar-isidre-esteve-sobrevive-una-nueva-jornada-dura-escala-dos-posiciones-mas\/","url":"https:\/\/www.boxrepsol.com\/es\/rally\/dakar-isidre-esteve-sobrevive-una-nueva-jornada-dura-escala-dos-posiciones-mas\/","name":"Dakar: Isidre Esteve sobrevive a una nueva jornada dura y escala dos posiciones m\u00e1s","isPartOf":{"@id":"https:\/\/www.boxrepsol.com\/es\/#website"},"primaryImageOfPage":{"@id":"https:\/\/www.boxrepsol.com\/es\/rally\/dakar-isidre-esteve-sobrevive-una-nueva-jornada-dura-escala-dos-posiciones-mas\/#primaryimage"},"image":{"@id":"https:\/\/www.boxrepsol.com\/es\/rally\/dakar-isidre-esteve-sobrevive-una-nueva-jornada-dura-escala-dos-posiciones-mas\/#primaryimage"},"thumbnailUrl":"https:\/\/bxrepsol.s3.eu-west-1.amazonaws.com\/static\/2023\/02\/06085552\/DAK23_EB_EDO1305-copia-scaled.jpg","datePublished":"2023-01-05T02:00:00+00:00","dateModified":"2024-04-08T10:41:38+00:00","description":"Isidre Esteve sobrevive a una nueva jornada dura y escala dos posiciones m\u00e1s. Sigue la valent\u00eda y perseverancia del piloto en este campeonato.","breadcrumb":{"@id":"https:\/\/www.boxrepsol.com\/es\/rally\/dakar-isidre-esteve-sobrevive-una-nueva-jornada-dura-escala-dos-posiciones-mas\/#breadcrumb"},"inLanguage":"es","potentialAction":[{"@type":"ReadAction","target":["https:\/\/www.boxrepsol.com\/es\/rally\/dakar-isidre-esteve-sobrevive-una-nueva-jornada-dura-escala-dos-posiciones-mas\/"]}]},{"@type":"ImageObject","inLanguage":"es","@id":"https:\/\/www.boxrepsol.com\/es\/rally\/dakar-isidre-esteve-sobrevive-una-nueva-jornada-dura-escala-dos-posiciones-mas\/#primaryimage","url":"https:\/\/bxrepsol.s3.eu-west-1.amazonaws.com\/static\/2023\/02\/06085552\/DAK23_EB_EDO1305-copia-scaled.jpg","contentUrl":"https:\/\/bxrepsol.s3.eu-west-1.amazonaws.com\/static\/2023\/02\/06085552\/DAK23_EB_EDO1305-copia-scaled.jpg","width":2560,"height":1200},{"@type":"BreadcrumbList","@id":"https:\/\/www.boxrepsol.com\/es\/rally\/dakar-isidre-esteve-sobrevive-una-nueva-jornada-dura-escala-dos-posiciones-mas\/#breadcrumb","itemListElement":[{"@type":"ListItem","position":1,"name":"Home","item":"https:\/\/www.boxrepsol.com\/es\/"},{"@type":"ListItem","position":2,"name":"Isidre Esteve sobrevive a una nueva jornada dura y escala dos posiciones m\u00e1s"}]},{"@type":"WebSite","@id":"https:\/\/www.boxrepsol.com\/es\/#website","url":"https:\/\/www.boxrepsol.com\/es\/","name":"Box Repsol","description":"Box Repsol Site","publisher":{"@id":"https:\/\/www.boxrepsol.com\/es\/#organization"},"potentialAction":[{"@type":"SearchAction","target":{"@type":"EntryPoint","urlTemplate":"https:\/\/www.boxrepsol.com\/es\/?s={search_term_string}"},"query-input":{"@type":"PropertyValueSpecification","valueRequired":true,"valueName":"search_term_string"}}],"inLanguage":"es"},{"@type":"Organization","@id":"https:\/\/www.boxrepsol.com\/es\/#organization","name":"Box Repsol","url":"https:\/\/www.boxrepsol.com\/es\/","logo":{"@type":"ImageObject","inLanguage":"es","@id":"https:\/\/www.boxrepsol.com\/es\/#\/schema\/logo\/image\/","url":"https:\/\/bxrepsol.s3.eu-west-1.amazonaws.com\/static\/2025\/07\/30083337\/favicon-96x96-1.png","contentUrl":"https:\/\/bxrepsol.s3.eu-west-1.amazonaws.com\/static\/2025\/07\/30083337\/favicon-96x96-1.png","width":96,"height":96,"caption":"Box Repsol"},"image":{"@id":"https:\/\/www.boxrepsol.com\/es\/#\/schema\/logo\/image\/"},"sameAs":["https:\/\/www.facebook.com\/BoxRepsol","https:\/\/x.com\/box_repsol","http:\/\/instagram.com\/box_repsol","https:\/\/www.youtube.com\/user\/RepsolCompeticion","https:\/\/www.flickr.com\/photos\/box_repsol\/"]},{"@type":"Person","@id":"https:\/\/www.boxrepsol.com\/es\/#\/schema\/person\/c5c2138f2cca251b0ad92b7086bb60b7","name":"Redacci\u00f3n Box Repsol","image":{"@type":"ImageObject","inLanguage":"es","@id":"https:\/\/secure.gravatar.com\/avatar\/adf7b77e38b4419baf32c7e9c21dde01f4e40df611f0978e3006fc4ba0aaab7e?s=96&d=mm&r=g","url":"https:\/\/secure.gravatar.com\/avatar\/adf7b77e38b4419baf32c7e9c21dde01f4e40df611f0978e3006fc4ba0aaab7e?s=96&d=mm&r=g","contentUrl":"https:\/\/secure.gravatar.com\/avatar\/adf7b77e38b4419baf32c7e9c21dde01f4e40df611f0978e3006fc4ba0aaab7e?s=96&d=mm&r=g","caption":"Redacci\u00f3n Box Repsol"},"description":"Box Repsol lo forma un equipo de periodistas, community managers, dise\u00f1adores y fot\u00f3grafos con m\u00e1s de 20 a\u00f1os de experiencia en el mundo del motorsport. Hemos vivido el primer mundial de un espa\u00f1ol en la categor\u00eda reina de motociclismo con \u00c1lex Crivill\u00e9, estuvimos en las victorias de Pedrosa y los t\u00edtulos de M\u00e1rquez, acompa\u00f1amos en \u00c1frica a Nani Roma y Marc Coma en sus conquistas del Dakar y hemos vibrado con los t\u00edtulos de Toni Bou en Trial. Adem\u00e1s, en nuestro equipo contamos con expertos en el mundo de las dos y cuatro ruedas tanto de la calle y las carreteras, como de los circuitos. Periodistas que han trabajado en revistas y publicaciones para hacerte llegar desde rutas y consejos de mantenimiento, a curiosidades y trucos de pilotaje.","sameAs":["https:\/\/www.facebook.com\/BoxRepsol\/","https:\/\/www.instagram.com\/box_repsol\/","https:\/\/x.com\/https:\/\/twitter.com\/box_repsol","https:\/\/www.youtube.com\/@Boxrepsol"],"url":"https:\/\/www.boxrepsol.com\/es\/author\/redaccion-box-repsol\/"}]}},"_links":{"self":[{"href":"https:\/\/www.boxrepsol.com\/es\/wp-json\/wp\/v2\/posts\/95643","targetHints":{"allow":["GET"]}}],"collection":[{"href":"https:\/\/www.boxrepsol.com\/es\/wp-json\/wp\/v2\/posts"}],"about":[{"href":"https:\/\/www.boxrepsol.com\/es\/wp-json\/wp\/v2\/types\/post"}],"author":[{"embeddable":true,"href":"https:\/\/www.boxrepsol.com\/es\/wp-json\/wp\/v2\/users\/43146"}],"replies":[{"embeddable":true,"href":"https:\/\/www.boxrepsol.com\/es\/wp-json\/wp\/v2\/comments?post=95643"}],"version-history":[{"count":2,"href":"https:\/\/www.boxrepsol.com\/es\/wp-json\/wp\/v2\/posts\/95643\/revisions"}],"predecessor-version":[{"id":107394,"href":"https:\/\/www.boxrepsol.com\/es\/wp-json\/wp\/v2\/posts\/95643\/revisions\/107394"}],"wp:featuredmedia":[{"embeddable":true,"href":"https:\/\/www.boxrepsol.com\/es\/wp-json\/wp\/v2\/media\/84987"}],"wp:attachment":[{"href":"https:\/\/www.boxrepsol.com\/es\/wp-json\/wp\/v2\/media?parent=95643"}],"wp:term":[{"taxonomy":"category","embeddable":true,"href":"https:\/\/www.boxrepsol.com\/es\/wp-json\/wp\/v2\/categories?post=95643"},{"taxonomy":"post_tag","embeddable":true,"href":"https:\/\/www.boxrepsol.com\/es\/wp-json\/wp\/v2\/tags?post=95643"}],"curies":[{"name":"wp","href":"https:\/\/api.w.org\/{rel}","templated":true}]}}