{"id":95641,"date":"2023-01-04T00:00:00","date_gmt":"2023-01-04T02:00:00","guid":{"rendered":"http:\/\/pre.boxrepsol.com\/sin-categorizar\/isidre-esteve-llega-al-top-30-del-dakar-tras-salvar-algunos-contratiempos-tecnicos\/"},"modified":"2024-04-08T08:42:00","modified_gmt":"2024-04-08T10:42:00","slug":"isidre-esteve-llega-al-top-30-del-dakar-tras-salvar-algunos-contratiempos-tecnicos","status":"publish","type":"post","link":"https:\/\/www.boxrepsol.com\/es\/rally\/isidre-esteve-llega-al-top-30-del-dakar-tras-salvar-algunos-contratiempos-tecnicos\/","title":{"rendered":"Isidre Esteve llega al top 30 del Dakar tras salvar algunos contratiempos t\u00e9cnicos"},"content":{"rendered":"<p>Isidre Esteve y Txema Villalobos han completado el primer bucle con salida y llegada a Ha\u2019il, de <strong>425 km cronometrados<\/strong>, en <strong>33\u00aa plaza absoluta<\/strong>, posici\u00f3n que les permite escalar tres plazas m\u00e1s en la general para situarse los 30os (27os en categor\u00eda T1). Los pilotos del <strong>Repsol Toyota Rally Team<\/strong> se han visto perjudicados por problemas de temperatura en el diferencial trasero en la primera parte de esta cuarta etapa, inconvenientes que han quedado parcialmente resueltos en la segunda, durante la que han protagonizado una gran recuperaci\u00f3n.<\/p>\n<p>Llegaba el Dakar de verdad, con altas dosis de arena y navegaci\u00f3n; Isidre Esteve y Txema Villalobos saboreaban su momento\u2026 hasta que a poco de salir a tramo se encend\u00eda una temida alerta, como relata el piloto ilerdense: <em>\u00abCuando llev\u00e1bamos menos de 30 kil\u00f3metros ha saltado un aviso de exceso de temperatura en el diferencial trasero, que estaba trabajando a 140\u00baC, por lo que hemos parado en pista. De acuerdo con Txema, hemos decidido retirar unas tapas de protecci\u00f3n para la lluvia para mejorar la aireaci\u00f3n de este elemento. Sin embargo, 10 km m\u00e1s tarde se ha vuelto a encender el testigo en el tablier, as\u00ed que hemos parado por segunda vez para inspeccionar al completo el coche y valorar posibles causas. Habremos perdido unos 13 minutos entre ambas detenciones, pero no hemos encontrado nada anormal, por lo que no nos ha quedado m\u00e1s remedio que aminorar el ritmo. Esta decisi\u00f3n salvaba el diferencial, pero ha convertido el ascenso a cada duna en un verdadero calvario, porque no pod\u00edamos exprimir al m\u00e1ximo la potencia del motor\u201d<\/em>.<\/p>\n<p>La <strong>salvaci\u00f3n del d\u00eda<\/strong> ha venido de forma imprevista, gracias a una peque\u00f1a zona neutralizada en el ecuador de la especial que les ha regalado diez minutos de descanso a ellos y, especialmente, a su Toyota Hilux, como recuerda Esteve: <em>\u00abHa sido una pausa m\u00e1gica, porque esos diez minutos han bastado para reducir a 90\u00baC la temperatura del diferencial. Para nuestra sorpresa, desde este punto ha mantenido su rango de funcionamiento habitual (entre 100 y 120\u00baC), lo que nos ha permitido atacar. La alerta tan s\u00f3lo ha regresado en los \u00faltimos 10 km, pero no nos ha impedido llegar al campamento. Ahora toca revisar a fondo el coche y ver qu\u00e9 ha ocurrido\u201d. <\/em><\/p>\n<p>En todo caso, el tiempo perdido en el inicio de la etapa no ha detenido la <strong>remontada<\/strong> de los pilotos apoyados por Repsol, MGS Seguros, KH-7 y Toyota Espa\u00f1a en la clasificaci\u00f3n general del Dakar, en la que escalan tres posiciones m\u00e1s y ya est\u00e1n entre los 30 mejores. Y esta noticia llega justo cuando la carrera empieza a endurecerse, lo que obliga a preguntar a Isidre sobre una de las palabras m\u00e1s comunes en el vivac: el cansancio. El ilerdense se sincera al respecto: \u00ab<em>Debo decir que, contra lo que yo mismo pensaba, cada d\u00eda me siento mejor. Tan s\u00f3lo he tenido un momento de apuro en toda la semana, la segunda etapa, en la que la combinaci\u00f3n de un terreno roto y pedregoso, y unas \u2018orejeras\u2019 del baquet tan estrechas, que hac\u00edan que mi casco golpeara sin cesar, me hicieron acabar el d\u00eda algo mareado y con fuertes dolores de cabeza. Pero superado este peque\u00f1o baj\u00f3n, cada jornada que pasa me veo m\u00e1s fuerte. En este sentido, agradezco el incre\u00edble trabajo de fisioterapia que hace Lidia Guerrero al final de cada d\u00eda para ponerme a punto, porque est\u00e1 siendo fundamental\u201d. <\/em><\/p>\n<p>M\u00e1s all\u00e1 de las sensaciones personales, Isidre Esteve tambi\u00e9n ha sentido una corazonada durante la etapa de hoy: <em>\u00abTengo la sensaci\u00f3n que iremos mucho mejor en las etapas de arena que en las de piedras y de pasos rotos. El coche se comporta muy bien en las dunas, lo que me hace albergar mucha confianza en lo que viene\u201d.<\/em><\/p>\n<p>La jornada de ma\u00f1ana ser\u00e1 un momento excepcional para demostrarlo. La quinta etapa, segundo bucle consecutivo con salida y llegada a Ha\u2019il, ser\u00e1 la primera celebrada <strong>\u00edntegramente sobre arena<\/strong> del presente Dakar. 373 km contra el cron\u00f3metro en cordones de dunas salpicados por la siempre temible hierba de camello, un recorrido trazado a la medida de los dakarianos m\u00e1s expertos.<\/p>\n<p><a href=\"https:\/\/bxrepsol.s3.eu-west-1.amazonaws.com\/static\/2023\/02\/06085435\/LR-0101215243-MMPHOTO5.jpg\" data-index=\"0\"><br \/>\n<img decoding=\"async\" src=\"https:\/\/bxrepsol.s3.eu-west-1.amazonaws.com\/static\/2023\/02\/06085435\/LR-0101215243-MMPHOTO5.jpg\" srcset=\"https:\/\/bxrepsol.s3.eu-west-1.amazonaws.com\/static\/2023\/02\/06085435\/LR-0101215243-MMPHOTO5.jpg 2500w, https:\/\/bxrepsol.s3.eu-west-1.amazonaws.com\/static\/2023\/02\/06085435\/LR-0101215243-MMPHOTO5.jpg 1280w, https:\/\/bxrepsol.s3.eu-west-1.amazonaws.com\/static\/2023\/02\/06085435\/LR-0101215243-MMPHOTO5.jpg 900w, https:\/\/bxrepsol.s3.eu-west-1.amazonaws.com\/static\/2023\/02\/06085435\/LR-0101215243-MMPHOTO5.jpg 600w, https:\/\/bxrepsol.s3.eu-west-1.amazonaws.com\/static\/2023\/02\/06085435\/LR-0101215243-MMPHOTO5.jpg 480w, https:\/\/bxrepsol.s3.eu-west-1.amazonaws.com\/static\/2023\/02\/06085435\/LR-0101215243-MMPHOTO5.jpg 32w\" title=\"LR-0101215243-MMPHOTO5\" alt=\"\" data-title=\"\"><br \/>\n<\/a><br \/>\n<a href=\"https:\/\/bxrepsol.s3.eu-west-1.amazonaws.com\/static\/2023\/02\/06085441\/DKR23_IB_K221567-scaled.jpg\" data-index=\"1\"><br \/>\n<img decoding=\"async\" src=\"https:\/\/bxrepsol.s3.eu-west-1.amazonaws.com\/static\/2023\/02\/06085441\/DKR23_IB_K221567-scaled.jpg\" srcset=\"https:\/\/bxrepsol.s3.eu-west-1.amazonaws.com\/static\/2023\/02\/06085441\/DKR23_IB_K221567-scaled.jpg 5000w, https:\/\/bxrepsol.s3.eu-west-1.amazonaws.com\/static\/2023\/02\/06085441\/DKR23_IB_K221567-scaled.jpg 1280w, https:\/\/bxrepsol.s3.eu-west-1.amazonaws.com\/static\/2023\/02\/06085441\/DKR23_IB_K221567-scaled.jpg 900w, https:\/\/bxrepsol.s3.eu-west-1.amazonaws.com\/static\/2023\/02\/06085441\/DKR23_IB_K221567-scaled.jpg 600w, https:\/\/bxrepsol.s3.eu-west-1.amazonaws.com\/static\/2023\/02\/06085441\/DKR23_IB_K221567-scaled.jpg 480w, https:\/\/bxrepsol.s3.eu-west-1.amazonaws.com\/static\/2023\/02\/06085441\/DKR23_IB_K221567-scaled.jpg 32w\" title=\"DKR23_IB_K221567\" alt=\"\" data-title=\"\"><br \/>\n<\/a><br \/>\n<a href=\"https:\/\/bxrepsol.s3.eu-west-1.amazonaws.com\/static\/2023\/02\/06085447\/DAK23_BR-2035-scaled.jpg\" data-index=\"2\"><br \/>\n<img decoding=\"async\" src=\"https:\/\/bxrepsol.s3.eu-west-1.amazonaws.com\/static\/2023\/02\/06085447\/DAK23_BR-2035-scaled.jpg\" srcset=\"https:\/\/bxrepsol.s3.eu-west-1.amazonaws.com\/static\/2023\/02\/06085447\/DAK23_BR-2035-scaled.jpg 5000w, https:\/\/bxrepsol.s3.eu-west-1.amazonaws.com\/static\/2023\/02\/06085447\/DAK23_BR-2035-scaled.jpg 1280w, https:\/\/bxrepsol.s3.eu-west-1.amazonaws.com\/static\/2023\/02\/06085447\/DAK23_BR-2035-scaled.jpg 900w, https:\/\/bxrepsol.s3.eu-west-1.amazonaws.com\/static\/2023\/02\/06085447\/DAK23_BR-2035-scaled.jpg 600w, https:\/\/bxrepsol.s3.eu-west-1.amazonaws.com\/static\/2023\/02\/06085447\/DAK23_BR-2035-scaled.jpg 480w, https:\/\/bxrepsol.s3.eu-west-1.amazonaws.com\/static\/2023\/02\/06085447\/DAK23_BR-2035-scaled.jpg 32w\" title=\"DAK23_BR-2035\" alt=\"\" data-title=\"\"><br \/>\n<\/a><br \/>\n<a href=\"https:\/\/bxrepsol.s3.eu-west-1.amazonaws.com\/static\/2023\/02\/06085454\/DAK23_BR-2032-scaled.jpg\" data-index=\"3\"><br \/>\n<img decoding=\"async\" src=\"https:\/\/bxrepsol.s3.eu-west-1.amazonaws.com\/static\/2023\/02\/06085454\/DAK23_BR-2032-scaled.jpg\" srcset=\"https:\/\/bxrepsol.s3.eu-west-1.amazonaws.com\/static\/2023\/02\/06085454\/DAK23_BR-2032-scaled.jpg 5000w, https:\/\/bxrepsol.s3.eu-west-1.amazonaws.com\/static\/2023\/02\/06085454\/DAK23_BR-2032-scaled.jpg 1280w, https:\/\/bxrepsol.s3.eu-west-1.amazonaws.com\/static\/2023\/02\/06085454\/DAK23_BR-2032-scaled.jpg 900w, https:\/\/bxrepsol.s3.eu-west-1.amazonaws.com\/static\/2023\/02\/06085454\/DAK23_BR-2032-scaled.jpg 600w, https:\/\/bxrepsol.s3.eu-west-1.amazonaws.com\/static\/2023\/02\/06085454\/DAK23_BR-2032-scaled.jpg 480w, https:\/\/bxrepsol.s3.eu-west-1.amazonaws.com\/static\/2023\/02\/06085454\/DAK23_BR-2032-scaled.jpg 32w\" title=\"DAK23_BR-2032\" alt=\"\" data-title=\"\"><br \/>\n<\/a><br \/>\n<a href=\"https:\/\/bxrepsol.s3.eu-west-1.amazonaws.com\/static\/2023\/02\/06085457\/LR-0104113405-MMPHOTO5-2.jpg\" data-index=\"4\"><br \/>\n<img decoding=\"async\" src=\"https:\/\/bxrepsol.s3.eu-west-1.amazonaws.com\/static\/2023\/02\/06085457\/LR-0104113405-MMPHOTO5-2.jpg\" srcset=\"https:\/\/bxrepsol.s3.eu-west-1.amazonaws.com\/static\/2023\/02\/06085457\/LR-0104113405-MMPHOTO5-2.jpg 2500w, https:\/\/bxrepsol.s3.eu-west-1.amazonaws.com\/static\/2023\/02\/06085457\/LR-0104113405-MMPHOTO5-2.jpg 1280w, https:\/\/bxrepsol.s3.eu-west-1.amazonaws.com\/static\/2023\/02\/06085457\/LR-0104113405-MMPHOTO5-2.jpg 900w, https:\/\/bxrepsol.s3.eu-west-1.amazonaws.com\/static\/2023\/02\/06085457\/LR-0104113405-MMPHOTO5-2.jpg 600w, https:\/\/bxrepsol.s3.eu-west-1.amazonaws.com\/static\/2023\/02\/06085457\/LR-0104113405-MMPHOTO5-2.jpg 480w, https:\/\/bxrepsol.s3.eu-west-1.amazonaws.com\/static\/2023\/02\/06085457\/LR-0104113405-MMPHOTO5-2.jpg 32w\" title=\"LR-0104113405-MMPHOTO5-2\" alt=\"\" data-title=\"\"><br \/>\n<\/a><br \/>\n<button data-glide-dir=\"<\"><br \/>\n<svg role=\"img\" viewBox=\"0 0 256 512\">\n                <path fill=\"currentColor\" d=\"M238.475 475.535l7.071-7.07c4.686-4.686 4.686-12.284 0-16.971L50.053 256 245.546 60.506c4.686-4.686 4.686-12.284 0-16.971l-7.071-7.07c-4.686-4.686-12.284-4.686-16.97 0L10.454 247.515c-4.686 4.686-4.686 12.284 0 16.971l211.051 211.05c4.686 4.686 12.284 4.686 16.97-.001z\"><\/path>\n            <\/svg><br \/>\n<\/button><br \/>\n<button data-glide-dir=\">\u00ab><br \/>\n<svg role=\"img\" viewBox=\"0 0 256 512\">\n                <path fill=\"currentColor\" d=\"M17.525 36.465l-7.071 7.07c-4.686 4.686-4.686 12.284 0 16.971L205.947 256 10.454 451.494c-4.686 4.686-4.686 12.284 0 16.971l7.071 7.07c4.686 4.686 12.284 4.686 16.97 0l211.051-211.05c4.686-4.686 4.686-12.284 0-16.971L34.495 36.465c-4.686-4.687-12.284-4.687-16.97 0z\"><\/path>\n            <\/svg><br \/>\n<\/button><\/p>\n<p><strong>Clasificaci\u00f3n etapa:<\/strong><br \/>\n1. Sebastien Loeb (Prodrive) 4h 11\u201934\u201d<br \/>\n2. St\u00e9phane Peterhansel (Audi) +13\u201d<br \/>\n3. Carlos Sainz (Audi) +1\u201950\u201d<br \/>\n4. Nasser Al-Attiyah (Toyota) +2\u201906\u201d<br \/>\n5. Yazeed Al Rajhi (Toyota) +7\u201904\u201d<br \/>\n\u2026<br \/>\n<strong>33. Isidre Esteve (Toyota) +1h 08\u201946\u201d<\/strong><\/p>\n<p><strong>Clasificaci\u00f3n general:<\/strong><br \/>\n1. Nasser Al-Attiyah (Toyota) 16h 34\u201913\u201d<br \/>\n2. Yazeed Al Rajhi (Toyota) +18\u201918\u201d<br \/>\n3. St\u00e9phane Peterhansel (Audi) +18\u201952\u201d<br \/>\n4. Carlos Sainz (Audi) +32\u201955\u201d<br \/>\n5. Henk Lategan (Toyota) +45\u201925\u201d<br \/>\n\u2026<br \/>\n<strong>30. Isidre Esteve (Toyota) +2h 58\u201934\u201d<\/strong><\/p>\n","protected":false},"excerpt":{"rendered":"<p>Los pilotos del Repsol Toyota Rally Team concluyen el d\u00eda en 33\u00aa plaza scratch y ascienden tres posiciones m\u00e1s en la general, donde ya ocupan el puesto 30\u00ba.<\/p>\n","protected":false},"author":43146,"featured_media":84963,"comment_status":"open","ping_status":"open","sticky":false,"template":"","format":"standard","meta":{"footnotes":""},"categories":[27],"tags":[269,201],"class_list":["post-95641","post","type-post","status-publish","format-standard","hentry","category-rally","tag-269","tag-dakar"],"yoast_head":"<!-- This site is optimized with the Yoast SEO plugin v27.3 - https:\/\/yoast.com\/product\/yoast-seo-wordpress\/ -->\n<title>Isidre Esteve llega al top 30 del Dakar tras salvar algunos contratiempos t\u00e9cnicos - Box Repsol<\/title>\n<meta name=\"description\" content=\"Isidre Esteve llega al top 30 del Dakar tras salvar algunos contratiempos t\u00e9cnicos: sigue escalando posiciones en esta competici\u00f3n.\" \/>\n<link rel=\"canonical\" href=\"https:\/\/www.boxrepsol.com\/es\/rally\/isidre-esteve-llega-al-top-30-del-dakar-tras-salvar-algunos-contratiempos-tecnicos\/\" \/>\n<meta property=\"og:locale\" content=\"es_ES\" \/>\n<meta property=\"og:type\" content=\"article\" \/>\n<meta property=\"og:title\" content=\"Isidre Esteve llega al top 30 del Dakar tras salvar algunos contratiempos t\u00e9cnicos - Box Repsol\" \/>\n<meta property=\"og:description\" content=\"Isidre Esteve llega al top 30 del Dakar tras salvar algunos contratiempos t\u00e9cnicos: sigue escalando posiciones en esta competici\u00f3n.\" \/>\n<meta property=\"og:url\" content=\"https:\/\/www.boxrepsol.com\/es\/rally\/isidre-esteve-llega-al-top-30-del-dakar-tras-salvar-algunos-contratiempos-tecnicos\/\" \/>\n<meta property=\"og:site_name\" content=\"Box Repsol\" \/>\n<meta property=\"article:publisher\" content=\"https:\/\/www.facebook.com\/BoxRepsol\" \/>\n<meta property=\"article:author\" content=\"https:\/\/www.facebook.com\/BoxRepsol\/\" \/>\n<meta property=\"article:published_time\" content=\"2023-01-04T02:00:00+00:00\" \/>\n<meta property=\"article:modified_time\" content=\"2024-04-08T10:42:00+00:00\" \/>\n<meta property=\"og:image\" content=\"https:\/\/bxrepsol.s3.eu-west-1.amazonaws.com\/static\/2023\/02\/06085503\/DKR23_IB_K221544-scaled.jpg\" \/>\n\t<meta property=\"og:image:width\" content=\"2560\" \/>\n\t<meta property=\"og:image:height\" content=\"1200\" \/>\n\t<meta property=\"og:image:type\" content=\"image\/jpeg\" \/>\n<meta name=\"author\" content=\"Redacci\u00f3n Box Repsol\" \/>\n<meta name=\"twitter:card\" content=\"summary_large_image\" \/>\n<meta name=\"twitter:creator\" content=\"@https:\/\/twitter.com\/box_repsol\" \/>\n<meta name=\"twitter:site\" content=\"@box_repsol\" \/>\n<meta name=\"twitter:label1\" content=\"Written by\" \/>\n\t<meta name=\"twitter:data1\" content=\"Redacci\u00f3n Box Repsol\" \/>\n\t<meta name=\"twitter:label2\" content=\"Est. reading time\" \/>\n\t<meta name=\"twitter:data2\" content=\"4 minutos\" \/>\n<script type=\"application\/ld+json\" class=\"yoast-schema-graph\">{\"@context\":\"https:\\\/\\\/schema.org\",\"@graph\":[{\"@type\":\"Article\",\"@id\":\"https:\\\/\\\/www.boxrepsol.com\\\/es\\\/rally\\\/isidre-esteve-llega-al-top-30-del-dakar-tras-salvar-algunos-contratiempos-tecnicos\\\/#article\",\"isPartOf\":{\"@id\":\"https:\\\/\\\/www.boxrepsol.com\\\/es\\\/rally\\\/isidre-esteve-llega-al-top-30-del-dakar-tras-salvar-algunos-contratiempos-tecnicos\\\/\"},\"author\":{\"name\":\"Redacci\u00f3n Box Repsol\",\"@id\":\"https:\\\/\\\/www.boxrepsol.com\\\/es\\\/#\\\/schema\\\/person\\\/c5c2138f2cca251b0ad92b7086bb60b7\"},\"headline\":\"Isidre Esteve llega al top 30 del Dakar tras salvar algunos contratiempos t\u00e9cnicos\",\"datePublished\":\"2023-01-04T02:00:00+00:00\",\"dateModified\":\"2024-04-08T10:42:00+00:00\",\"mainEntityOfPage\":{\"@id\":\"https:\\\/\\\/www.boxrepsol.com\\\/es\\\/rally\\\/isidre-esteve-llega-al-top-30-del-dakar-tras-salvar-algunos-contratiempos-tecnicos\\\/\"},\"wordCount\":784,\"commentCount\":0,\"publisher\":{\"@id\":\"https:\\\/\\\/www.boxrepsol.com\\\/es\\\/#organization\"},\"image\":{\"@id\":\"https:\\\/\\\/www.boxrepsol.com\\\/es\\\/rally\\\/isidre-esteve-llega-al-top-30-del-dakar-tras-salvar-algunos-contratiempos-tecnicos\\\/#primaryimage\"},\"thumbnailUrl\":\"https:\\\/\\\/bxrepsol.s3.eu-west-1.amazonaws.com\\\/static\\\/2023\\\/02\\\/06085503\\\/DKR23_IB_K221544-scaled.jpg\",\"keywords\":[\"2023\",\"Dakar\"],\"articleSection\":[\"Rally\"],\"inLanguage\":\"es\",\"potentialAction\":[{\"@type\":\"CommentAction\",\"name\":\"Comment\",\"target\":[\"https:\\\/\\\/www.boxrepsol.com\\\/es\\\/rally\\\/isidre-esteve-llega-al-top-30-del-dakar-tras-salvar-algunos-contratiempos-tecnicos\\\/#respond\"]}]},{\"@type\":\"WebPage\",\"@id\":\"https:\\\/\\\/www.boxrepsol.com\\\/es\\\/rally\\\/isidre-esteve-llega-al-top-30-del-dakar-tras-salvar-algunos-contratiempos-tecnicos\\\/\",\"url\":\"https:\\\/\\\/www.boxrepsol.com\\\/es\\\/rally\\\/isidre-esteve-llega-al-top-30-del-dakar-tras-salvar-algunos-contratiempos-tecnicos\\\/\",\"name\":\"Isidre Esteve llega al top 30 del Dakar tras salvar algunos contratiempos t\u00e9cnicos - Box Repsol\",\"isPartOf\":{\"@id\":\"https:\\\/\\\/www.boxrepsol.com\\\/es\\\/#website\"},\"primaryImageOfPage\":{\"@id\":\"https:\\\/\\\/www.boxrepsol.com\\\/es\\\/rally\\\/isidre-esteve-llega-al-top-30-del-dakar-tras-salvar-algunos-contratiempos-tecnicos\\\/#primaryimage\"},\"image\":{\"@id\":\"https:\\\/\\\/www.boxrepsol.com\\\/es\\\/rally\\\/isidre-esteve-llega-al-top-30-del-dakar-tras-salvar-algunos-contratiempos-tecnicos\\\/#primaryimage\"},\"thumbnailUrl\":\"https:\\\/\\\/bxrepsol.s3.eu-west-1.amazonaws.com\\\/static\\\/2023\\\/02\\\/06085503\\\/DKR23_IB_K221544-scaled.jpg\",\"datePublished\":\"2023-01-04T02:00:00+00:00\",\"dateModified\":\"2024-04-08T10:42:00+00:00\",\"description\":\"Isidre Esteve llega al top 30 del Dakar tras salvar algunos contratiempos t\u00e9cnicos: sigue escalando posiciones en esta competici\u00f3n.\",\"breadcrumb\":{\"@id\":\"https:\\\/\\\/www.boxrepsol.com\\\/es\\\/rally\\\/isidre-esteve-llega-al-top-30-del-dakar-tras-salvar-algunos-contratiempos-tecnicos\\\/#breadcrumb\"},\"inLanguage\":\"es\",\"potentialAction\":[{\"@type\":\"ReadAction\",\"target\":[\"https:\\\/\\\/www.boxrepsol.com\\\/es\\\/rally\\\/isidre-esteve-llega-al-top-30-del-dakar-tras-salvar-algunos-contratiempos-tecnicos\\\/\"]}]},{\"@type\":\"ImageObject\",\"inLanguage\":\"es\",\"@id\":\"https:\\\/\\\/www.boxrepsol.com\\\/es\\\/rally\\\/isidre-esteve-llega-al-top-30-del-dakar-tras-salvar-algunos-contratiempos-tecnicos\\\/#primaryimage\",\"url\":\"https:\\\/\\\/bxrepsol.s3.eu-west-1.amazonaws.com\\\/static\\\/2023\\\/02\\\/06085503\\\/DKR23_IB_K221544-scaled.jpg\",\"contentUrl\":\"https:\\\/\\\/bxrepsol.s3.eu-west-1.amazonaws.com\\\/static\\\/2023\\\/02\\\/06085503\\\/DKR23_IB_K221544-scaled.jpg\",\"width\":2560,\"height\":1200},{\"@type\":\"BreadcrumbList\",\"@id\":\"https:\\\/\\\/www.boxrepsol.com\\\/es\\\/rally\\\/isidre-esteve-llega-al-top-30-del-dakar-tras-salvar-algunos-contratiempos-tecnicos\\\/#breadcrumb\",\"itemListElement\":[{\"@type\":\"ListItem\",\"position\":1,\"name\":\"Home\",\"item\":\"https:\\\/\\\/www.boxrepsol.com\\\/es\\\/\"},{\"@type\":\"ListItem\",\"position\":2,\"name\":\"Isidre Esteve llega al top 30 del Dakar tras salvar algunos contratiempos t\u00e9cnicos\"}]},{\"@type\":\"WebSite\",\"@id\":\"https:\\\/\\\/www.boxrepsol.com\\\/es\\\/#website\",\"url\":\"https:\\\/\\\/www.boxrepsol.com\\\/es\\\/\",\"name\":\"Box Repsol\",\"description\":\"Box Repsol Site\",\"publisher\":{\"@id\":\"https:\\\/\\\/www.boxrepsol.com\\\/es\\\/#organization\"},\"potentialAction\":[{\"@type\":\"SearchAction\",\"target\":{\"@type\":\"EntryPoint\",\"urlTemplate\":\"https:\\\/\\\/www.boxrepsol.com\\\/es\\\/?s={search_term_string}\"},\"query-input\":{\"@type\":\"PropertyValueSpecification\",\"valueRequired\":true,\"valueName\":\"search_term_string\"}}],\"inLanguage\":\"es\"},{\"@type\":\"Organization\",\"@id\":\"https:\\\/\\\/www.boxrepsol.com\\\/es\\\/#organization\",\"name\":\"Box Repsol\",\"url\":\"https:\\\/\\\/www.boxrepsol.com\\\/es\\\/\",\"logo\":{\"@type\":\"ImageObject\",\"inLanguage\":\"es\",\"@id\":\"https:\\\/\\\/www.boxrepsol.com\\\/es\\\/#\\\/schema\\\/logo\\\/image\\\/\",\"url\":\"https:\\\/\\\/bxrepsol.s3.eu-west-1.amazonaws.com\\\/static\\\/2025\\\/07\\\/30083337\\\/favicon-96x96-1.png\",\"contentUrl\":\"https:\\\/\\\/bxrepsol.s3.eu-west-1.amazonaws.com\\\/static\\\/2025\\\/07\\\/30083337\\\/favicon-96x96-1.png\",\"width\":96,\"height\":96,\"caption\":\"Box Repsol\"},\"image\":{\"@id\":\"https:\\\/\\\/www.boxrepsol.com\\\/es\\\/#\\\/schema\\\/logo\\\/image\\\/\"},\"sameAs\":[\"https:\\\/\\\/www.facebook.com\\\/BoxRepsol\",\"https:\\\/\\\/x.com\\\/box_repsol\",\"http:\\\/\\\/instagram.com\\\/box_repsol\",\"https:\\\/\\\/www.youtube.com\\\/user\\\/RepsolCompeticion\",\"https:\\\/\\\/www.flickr.com\\\/photos\\\/box_repsol\\\/\"]},{\"@type\":\"Person\",\"@id\":\"https:\\\/\\\/www.boxrepsol.com\\\/es\\\/#\\\/schema\\\/person\\\/c5c2138f2cca251b0ad92b7086bb60b7\",\"name\":\"Redacci\u00f3n Box Repsol\",\"image\":{\"@type\":\"ImageObject\",\"inLanguage\":\"es\",\"@id\":\"https:\\\/\\\/secure.gravatar.com\\\/avatar\\\/adf7b77e38b4419baf32c7e9c21dde01f4e40df611f0978e3006fc4ba0aaab7e?s=96&d=mm&r=g\",\"url\":\"https:\\\/\\\/secure.gravatar.com\\\/avatar\\\/adf7b77e38b4419baf32c7e9c21dde01f4e40df611f0978e3006fc4ba0aaab7e?s=96&d=mm&r=g\",\"contentUrl\":\"https:\\\/\\\/secure.gravatar.com\\\/avatar\\\/adf7b77e38b4419baf32c7e9c21dde01f4e40df611f0978e3006fc4ba0aaab7e?s=96&d=mm&r=g\",\"caption\":\"Redacci\u00f3n Box Repsol\"},\"description\":\"Box Repsol lo forma un equipo de periodistas, community managers, dise\u00f1adores y fot\u00f3grafos con m\u00e1s de 20 a\u00f1os de experiencia en el mundo del motorsport. Hemos vivido el primer mundial de un espa\u00f1ol en la categor\u00eda reina de motociclismo con \u00c1lex Crivill\u00e9, estuvimos en las victorias de Pedrosa y los t\u00edtulos de M\u00e1rquez, acompa\u00f1amos en \u00c1frica a Nani Roma y Marc Coma en sus conquistas del Dakar y hemos vibrado con los t\u00edtulos de Toni Bou en Trial. Adem\u00e1s, en nuestro equipo contamos con expertos en el mundo de las dos y cuatro ruedas tanto de la calle y las carreteras, como de los circuitos. Periodistas que han trabajado en revistas y publicaciones para hacerte llegar desde rutas y consejos de mantenimiento, a curiosidades y trucos de pilotaje.\",\"sameAs\":[\"https:\\\/\\\/www.facebook.com\\\/BoxRepsol\\\/\",\"https:\\\/\\\/www.instagram.com\\\/box_repsol\\\/\",\"https:\\\/\\\/x.com\\\/https:\\\/\\\/twitter.com\\\/box_repsol\",\"https:\\\/\\\/www.youtube.com\\\/@Boxrepsol\"],\"url\":\"https:\\\/\\\/www.boxrepsol.com\\\/es\\\/author\\\/redaccion-box-repsol\\\/\"}]}<\/script>\n<!-- \/ Yoast SEO plugin. -->","yoast_head_json":{"title":"Isidre Esteve llega al top 30 del Dakar tras salvar algunos contratiempos t\u00e9cnicos - Box Repsol","description":"Isidre Esteve llega al top 30 del Dakar tras salvar algunos contratiempos t\u00e9cnicos: sigue escalando posiciones en esta competici\u00f3n.","canonical":"https:\/\/www.boxrepsol.com\/es\/rally\/isidre-esteve-llega-al-top-30-del-dakar-tras-salvar-algunos-contratiempos-tecnicos\/","og_locale":"es_ES","og_type":"article","og_title":"Isidre Esteve llega al top 30 del Dakar tras salvar algunos contratiempos t\u00e9cnicos - Box Repsol","og_description":"Isidre Esteve llega al top 30 del Dakar tras salvar algunos contratiempos t\u00e9cnicos: sigue escalando posiciones en esta competici\u00f3n.","og_url":"https:\/\/www.boxrepsol.com\/es\/rally\/isidre-esteve-llega-al-top-30-del-dakar-tras-salvar-algunos-contratiempos-tecnicos\/","og_site_name":"Box Repsol","article_publisher":"https:\/\/www.facebook.com\/BoxRepsol","article_author":"https:\/\/www.facebook.com\/BoxRepsol\/","article_published_time":"2023-01-04T02:00:00+00:00","article_modified_time":"2024-04-08T10:42:00+00:00","og_image":[{"width":2560,"height":1200,"url":"https:\/\/bxrepsol.s3.eu-west-1.amazonaws.com\/static\/2023\/02\/06085503\/DKR23_IB_K221544-scaled.jpg","type":"image\/jpeg"}],"author":"Redacci\u00f3n Box Repsol","twitter_card":"summary_large_image","twitter_creator":"@https:\/\/twitter.com\/box_repsol","twitter_site":"@box_repsol","twitter_misc":{"Written by":"Redacci\u00f3n Box Repsol","Est. reading time":"4 minutos"},"schema":{"@context":"https:\/\/schema.org","@graph":[{"@type":"Article","@id":"https:\/\/www.boxrepsol.com\/es\/rally\/isidre-esteve-llega-al-top-30-del-dakar-tras-salvar-algunos-contratiempos-tecnicos\/#article","isPartOf":{"@id":"https:\/\/www.boxrepsol.com\/es\/rally\/isidre-esteve-llega-al-top-30-del-dakar-tras-salvar-algunos-contratiempos-tecnicos\/"},"author":{"name":"Redacci\u00f3n Box Repsol","@id":"https:\/\/www.boxrepsol.com\/es\/#\/schema\/person\/c5c2138f2cca251b0ad92b7086bb60b7"},"headline":"Isidre Esteve llega al top 30 del Dakar tras salvar algunos contratiempos t\u00e9cnicos","datePublished":"2023-01-04T02:00:00+00:00","dateModified":"2024-04-08T10:42:00+00:00","mainEntityOfPage":{"@id":"https:\/\/www.boxrepsol.com\/es\/rally\/isidre-esteve-llega-al-top-30-del-dakar-tras-salvar-algunos-contratiempos-tecnicos\/"},"wordCount":784,"commentCount":0,"publisher":{"@id":"https:\/\/www.boxrepsol.com\/es\/#organization"},"image":{"@id":"https:\/\/www.boxrepsol.com\/es\/rally\/isidre-esteve-llega-al-top-30-del-dakar-tras-salvar-algunos-contratiempos-tecnicos\/#primaryimage"},"thumbnailUrl":"https:\/\/bxrepsol.s3.eu-west-1.amazonaws.com\/static\/2023\/02\/06085503\/DKR23_IB_K221544-scaled.jpg","keywords":["2023","Dakar"],"articleSection":["Rally"],"inLanguage":"es","potentialAction":[{"@type":"CommentAction","name":"Comment","target":["https:\/\/www.boxrepsol.com\/es\/rally\/isidre-esteve-llega-al-top-30-del-dakar-tras-salvar-algunos-contratiempos-tecnicos\/#respond"]}]},{"@type":"WebPage","@id":"https:\/\/www.boxrepsol.com\/es\/rally\/isidre-esteve-llega-al-top-30-del-dakar-tras-salvar-algunos-contratiempos-tecnicos\/","url":"https:\/\/www.boxrepsol.com\/es\/rally\/isidre-esteve-llega-al-top-30-del-dakar-tras-salvar-algunos-contratiempos-tecnicos\/","name":"Isidre Esteve llega al top 30 del Dakar tras salvar algunos contratiempos t\u00e9cnicos - Box Repsol","isPartOf":{"@id":"https:\/\/www.boxrepsol.com\/es\/#website"},"primaryImageOfPage":{"@id":"https:\/\/www.boxrepsol.com\/es\/rally\/isidre-esteve-llega-al-top-30-del-dakar-tras-salvar-algunos-contratiempos-tecnicos\/#primaryimage"},"image":{"@id":"https:\/\/www.boxrepsol.com\/es\/rally\/isidre-esteve-llega-al-top-30-del-dakar-tras-salvar-algunos-contratiempos-tecnicos\/#primaryimage"},"thumbnailUrl":"https:\/\/bxrepsol.s3.eu-west-1.amazonaws.com\/static\/2023\/02\/06085503\/DKR23_IB_K221544-scaled.jpg","datePublished":"2023-01-04T02:00:00+00:00","dateModified":"2024-04-08T10:42:00+00:00","description":"Isidre Esteve llega al top 30 del Dakar tras salvar algunos contratiempos t\u00e9cnicos: sigue escalando posiciones en esta competici\u00f3n.","breadcrumb":{"@id":"https:\/\/www.boxrepsol.com\/es\/rally\/isidre-esteve-llega-al-top-30-del-dakar-tras-salvar-algunos-contratiempos-tecnicos\/#breadcrumb"},"inLanguage":"es","potentialAction":[{"@type":"ReadAction","target":["https:\/\/www.boxrepsol.com\/es\/rally\/isidre-esteve-llega-al-top-30-del-dakar-tras-salvar-algunos-contratiempos-tecnicos\/"]}]},{"@type":"ImageObject","inLanguage":"es","@id":"https:\/\/www.boxrepsol.com\/es\/rally\/isidre-esteve-llega-al-top-30-del-dakar-tras-salvar-algunos-contratiempos-tecnicos\/#primaryimage","url":"https:\/\/bxrepsol.s3.eu-west-1.amazonaws.com\/static\/2023\/02\/06085503\/DKR23_IB_K221544-scaled.jpg","contentUrl":"https:\/\/bxrepsol.s3.eu-west-1.amazonaws.com\/static\/2023\/02\/06085503\/DKR23_IB_K221544-scaled.jpg","width":2560,"height":1200},{"@type":"BreadcrumbList","@id":"https:\/\/www.boxrepsol.com\/es\/rally\/isidre-esteve-llega-al-top-30-del-dakar-tras-salvar-algunos-contratiempos-tecnicos\/#breadcrumb","itemListElement":[{"@type":"ListItem","position":1,"name":"Home","item":"https:\/\/www.boxrepsol.com\/es\/"},{"@type":"ListItem","position":2,"name":"Isidre Esteve llega al top 30 del Dakar tras salvar algunos contratiempos t\u00e9cnicos"}]},{"@type":"WebSite","@id":"https:\/\/www.boxrepsol.com\/es\/#website","url":"https:\/\/www.boxrepsol.com\/es\/","name":"Box Repsol","description":"Box Repsol Site","publisher":{"@id":"https:\/\/www.boxrepsol.com\/es\/#organization"},"potentialAction":[{"@type":"SearchAction","target":{"@type":"EntryPoint","urlTemplate":"https:\/\/www.boxrepsol.com\/es\/?s={search_term_string}"},"query-input":{"@type":"PropertyValueSpecification","valueRequired":true,"valueName":"search_term_string"}}],"inLanguage":"es"},{"@type":"Organization","@id":"https:\/\/www.boxrepsol.com\/es\/#organization","name":"Box Repsol","url":"https:\/\/www.boxrepsol.com\/es\/","logo":{"@type":"ImageObject","inLanguage":"es","@id":"https:\/\/www.boxrepsol.com\/es\/#\/schema\/logo\/image\/","url":"https:\/\/bxrepsol.s3.eu-west-1.amazonaws.com\/static\/2025\/07\/30083337\/favicon-96x96-1.png","contentUrl":"https:\/\/bxrepsol.s3.eu-west-1.amazonaws.com\/static\/2025\/07\/30083337\/favicon-96x96-1.png","width":96,"height":96,"caption":"Box Repsol"},"image":{"@id":"https:\/\/www.boxrepsol.com\/es\/#\/schema\/logo\/image\/"},"sameAs":["https:\/\/www.facebook.com\/BoxRepsol","https:\/\/x.com\/box_repsol","http:\/\/instagram.com\/box_repsol","https:\/\/www.youtube.com\/user\/RepsolCompeticion","https:\/\/www.flickr.com\/photos\/box_repsol\/"]},{"@type":"Person","@id":"https:\/\/www.boxrepsol.com\/es\/#\/schema\/person\/c5c2138f2cca251b0ad92b7086bb60b7","name":"Redacci\u00f3n Box Repsol","image":{"@type":"ImageObject","inLanguage":"es","@id":"https:\/\/secure.gravatar.com\/avatar\/adf7b77e38b4419baf32c7e9c21dde01f4e40df611f0978e3006fc4ba0aaab7e?s=96&d=mm&r=g","url":"https:\/\/secure.gravatar.com\/avatar\/adf7b77e38b4419baf32c7e9c21dde01f4e40df611f0978e3006fc4ba0aaab7e?s=96&d=mm&r=g","contentUrl":"https:\/\/secure.gravatar.com\/avatar\/adf7b77e38b4419baf32c7e9c21dde01f4e40df611f0978e3006fc4ba0aaab7e?s=96&d=mm&r=g","caption":"Redacci\u00f3n Box Repsol"},"description":"Box Repsol lo forma un equipo de periodistas, community managers, dise\u00f1adores y fot\u00f3grafos con m\u00e1s de 20 a\u00f1os de experiencia en el mundo del motorsport. Hemos vivido el primer mundial de un espa\u00f1ol en la categor\u00eda reina de motociclismo con \u00c1lex Crivill\u00e9, estuvimos en las victorias de Pedrosa y los t\u00edtulos de M\u00e1rquez, acompa\u00f1amos en \u00c1frica a Nani Roma y Marc Coma en sus conquistas del Dakar y hemos vibrado con los t\u00edtulos de Toni Bou en Trial. Adem\u00e1s, en nuestro equipo contamos con expertos en el mundo de las dos y cuatro ruedas tanto de la calle y las carreteras, como de los circuitos. Periodistas que han trabajado en revistas y publicaciones para hacerte llegar desde rutas y consejos de mantenimiento, a curiosidades y trucos de pilotaje.","sameAs":["https:\/\/www.facebook.com\/BoxRepsol\/","https:\/\/www.instagram.com\/box_repsol\/","https:\/\/x.com\/https:\/\/twitter.com\/box_repsol","https:\/\/www.youtube.com\/@Boxrepsol"],"url":"https:\/\/www.boxrepsol.com\/es\/author\/redaccion-box-repsol\/"}]}},"_links":{"self":[{"href":"https:\/\/www.boxrepsol.com\/es\/wp-json\/wp\/v2\/posts\/95641","targetHints":{"allow":["GET"]}}],"collection":[{"href":"https:\/\/www.boxrepsol.com\/es\/wp-json\/wp\/v2\/posts"}],"about":[{"href":"https:\/\/www.boxrepsol.com\/es\/wp-json\/wp\/v2\/types\/post"}],"author":[{"embeddable":true,"href":"https:\/\/www.boxrepsol.com\/es\/wp-json\/wp\/v2\/users\/43146"}],"replies":[{"embeddable":true,"href":"https:\/\/www.boxrepsol.com\/es\/wp-json\/wp\/v2\/comments?post=95641"}],"version-history":[{"count":2,"href":"https:\/\/www.boxrepsol.com\/es\/wp-json\/wp\/v2\/posts\/95641\/revisions"}],"predecessor-version":[{"id":107397,"href":"https:\/\/www.boxrepsol.com\/es\/wp-json\/wp\/v2\/posts\/95641\/revisions\/107397"}],"wp:featuredmedia":[{"embeddable":true,"href":"https:\/\/www.boxrepsol.com\/es\/wp-json\/wp\/v2\/media\/84963"}],"wp:attachment":[{"href":"https:\/\/www.boxrepsol.com\/es\/wp-json\/wp\/v2\/media?parent=95641"}],"wp:term":[{"taxonomy":"category","embeddable":true,"href":"https:\/\/www.boxrepsol.com\/es\/wp-json\/wp\/v2\/categories?post=95641"},{"taxonomy":"post_tag","embeddable":true,"href":"https:\/\/www.boxrepsol.com\/es\/wp-json\/wp\/v2\/tags?post=95641"}],"curies":[{"name":"wp","href":"https:\/\/api.w.org\/{rel}","templated":true}]}}