{"id":95638,"date":"2023-01-03T00:00:00","date_gmt":"2023-01-03T02:00:00","guid":{"rendered":"http:\/\/pre.boxrepsol.com\/sin-categorizar\/buenas-sensaciones-para-isidre-esteve-y-txema-villalobos-tras-la-tercera-etapa-del-dakar\/"},"modified":"2024-04-08T08:42:24","modified_gmt":"2024-04-08T10:42:24","slug":"buenas-sensaciones-para-isidre-esteve-y-txema-villalobos-tras-la-tercera-etapa-del-dakar","status":"publish","type":"post","link":"https:\/\/www.boxrepsol.com\/es\/rally\/buenas-sensaciones-para-isidre-esteve-y-txema-villalobos-tras-la-tercera-etapa-del-dakar\/","title":{"rendered":"Buenas sensaciones para Isidre Esteve y Txema Villalobos tras la tercera etapa del Dakar"},"content":{"rendered":"<p>Isidre Esteve y Txema Villalobos han completado sin contratiempos una<strong> tercera etapa<\/strong> del Dakar que se ha <strong>recortado<\/strong> en su tramo final como consecuencia de las fuertes lluvias ca\u00eddas en las cercan\u00edas de Ha\u2019il. Los pilotos del Repsol Toyota Rally Team han llegado al <strong>punto kilom\u00e9trico 378<\/strong> de la especial, a apenas 69 de la meta inicialmente planificada, momento en que la organizaci\u00f3n ha puesto fin a una jornada de competici\u00f3n que para ellos ha durado 4 horas, 3 minutos y 24 segundos. Este tiempo los ha situado en la <strong>33\u00aa posici\u00f3n<\/strong> del d\u00eda, crono que les permite escalar tres plazas m\u00e1s en la general, donde ascienden del puesto 35 al 32.<\/p>\n<p>Las <strong>fuertes precipitaciones<\/strong> ca\u00eddas sobre el desierto ar\u00e1bigo han desbordado muchos de los planes de la organizaci\u00f3n para hoy, que la caravana dakariana intu\u00eda en forma de trampas de navegaci\u00f3n. Sin embargo, la realidad de la jornada poco o nada ha tenido que ver con lo visto hace 24 horas: \u00abLa lluvia no ha supuesto un gran problema para nosotros. Es cierto que hab\u00eda sitios donde llov\u00eda mucho y deb\u00edamos ir con cuidado por el elevado grado de deslizamiento de los caminos de tierra por donde circul\u00e1bamos. Con todo, las sensaciones han sido buenas, y nos han faltado menos de 70 km para completar el recorrido. La especial de hoy ha sido mucho menos estresante que la de ayer, y las abundantes roderas que provocaba el agua nos han facilitado bastante la navegaci\u00f3n\u201d.<\/p>\n<p>Cerrada la tercera etapa de la prueba, los pilotos del equipo apoyado por Repsol, MGS Seguros, KH-7 y Toyota Espa\u00f1a se sienten m\u00e1s que preparados para las presuntas etapas \u00abcomplicadas de verdad\u201d que avanzaba el propio Isidre Esteve hace unos d\u00edas: \u00abEl coche est\u00e1 funcionando de maravilla y no ha dado ni un solo problema, ni siquiera un pinchazo hoy. El motor se comporta de forma perfecta, a lo que est\u00e1, sin duda, contribuyendo el <strong>nuevo biocombustible avanzado de Repsol<\/strong> que llevamos desde el primer d\u00eda, cuyo rendimiento est\u00e1 siendo m\u00e1s que satisfactorio. Tenemos ganas de hacer m\u00e1s kil\u00f3metros y de seguir adelante\u201d.<\/p>\n<p>Si la lluvia no lo impide, la primera de estas etapas de altura del Dakar 2023 llegar\u00e1 ma\u00f1ana, en el primero de los dos bucles consecutivos con salida y llegada en Ha\u2019il. Isidre Esteve avisa: \u00abEl a\u00f1o pasado ya hicimos esta especial, pero en sentido contrario. Se prev\u00e9 una especial completa y en la que habr\u00e1 que prestar atenci\u00f3n a unas monta\u00f1as de arena que ya nos impresionaron el a\u00f1o pasado cuando se deb\u00edan afrontar en sentido descendente\u2026 \u00a1En esta edici\u00f3n tocar\u00e1 subirlas! Confiemos que la lluvia no afecte al recorrido, porque la carrera empieza a entrar en nuestro terreno. Habr\u00e1 que prestar especial atenci\u00f3n al briefing de esta tarde\u201d.<\/p>\n<p>La cuarta etapa del Dakar comprende, sobre el papel, <strong>425 km cronometrados<\/strong> cargados de navegaci\u00f3n y arena.<\/p>\n<p><a href=\"https:\/\/bxrepsol.s3.eu-west-1.amazonaws.com\/static\/2023\/02\/06085333\/LR-0103112107-MMPHOTO5.jpg\" data-index=\"0\"><br \/>\n<img decoding=\"async\" src=\"https:\/\/bxrepsol.s3.eu-west-1.amazonaws.com\/static\/2023\/02\/06085333\/LR-0103112107-MMPHOTO5.jpg\" srcset=\"https:\/\/bxrepsol.s3.eu-west-1.amazonaws.com\/static\/2023\/02\/06085333\/LR-0103112107-MMPHOTO5.jpg 2500w, https:\/\/bxrepsol.s3.eu-west-1.amazonaws.com\/static\/2023\/02\/06085333\/LR-0103112107-MMPHOTO5.jpg 1280w, https:\/\/bxrepsol.s3.eu-west-1.amazonaws.com\/static\/2023\/02\/06085333\/LR-0103112107-MMPHOTO5.jpg 900w, https:\/\/bxrepsol.s3.eu-west-1.amazonaws.com\/static\/2023\/02\/06085333\/LR-0103112107-MMPHOTO5.jpg 600w, https:\/\/bxrepsol.s3.eu-west-1.amazonaws.com\/static\/2023\/02\/06085333\/LR-0103112107-MMPHOTO5.jpg 480w, https:\/\/bxrepsol.s3.eu-west-1.amazonaws.com\/static\/2023\/02\/06085333\/LR-0103112107-MMPHOTO5.jpg 32w\" title=\"LR-0103112107-MMPHOTO5\" alt=\"\" data-title=\"\"><br \/>\n<\/a><br \/>\n<a href=\"https:\/\/bxrepsol.s3.eu-west-1.amazonaws.com\/static\/2023\/02\/06085339\/DKR23_IB_K222453-scaled.jpg\" data-index=\"1\"><br \/>\n<img decoding=\"async\" src=\"https:\/\/bxrepsol.s3.eu-west-1.amazonaws.com\/static\/2023\/02\/06085339\/DKR23_IB_K222453-scaled.jpg\" srcset=\"https:\/\/bxrepsol.s3.eu-west-1.amazonaws.com\/static\/2023\/02\/06085339\/DKR23_IB_K222453-scaled.jpg 5000w, https:\/\/bxrepsol.s3.eu-west-1.amazonaws.com\/static\/2023\/02\/06085339\/DKR23_IB_K222453-scaled.jpg 1280w, https:\/\/bxrepsol.s3.eu-west-1.amazonaws.com\/static\/2023\/02\/06085339\/DKR23_IB_K222453-scaled.jpg 900w, https:\/\/bxrepsol.s3.eu-west-1.amazonaws.com\/static\/2023\/02\/06085339\/DKR23_IB_K222453-scaled.jpg 600w, https:\/\/bxrepsol.s3.eu-west-1.amazonaws.com\/static\/2023\/02\/06085339\/DKR23_IB_K222453-scaled.jpg 480w, https:\/\/bxrepsol.s3.eu-west-1.amazonaws.com\/static\/2023\/02\/06085339\/DKR23_IB_K222453-scaled.jpg 32w\" title=\"DKR23_IB_K222453\" alt=\"\" data-title=\"\"><br \/>\n<\/a><br \/>\n<a href=\"https:\/\/bxrepsol.s3.eu-west-1.amazonaws.com\/static\/2023\/02\/06085346\/DKR23_IB_K222421-scaled.jpg\" data-index=\"2\"><br \/>\n<img decoding=\"async\" src=\"https:\/\/bxrepsol.s3.eu-west-1.amazonaws.com\/static\/2023\/02\/06085346\/DKR23_IB_K222421-scaled.jpg\" srcset=\"https:\/\/bxrepsol.s3.eu-west-1.amazonaws.com\/static\/2023\/02\/06085346\/DKR23_IB_K222421-scaled.jpg 5000w, https:\/\/bxrepsol.s3.eu-west-1.amazonaws.com\/static\/2023\/02\/06085346\/DKR23_IB_K222421-scaled.jpg 1280w, https:\/\/bxrepsol.s3.eu-west-1.amazonaws.com\/static\/2023\/02\/06085346\/DKR23_IB_K222421-scaled.jpg 900w, https:\/\/bxrepsol.s3.eu-west-1.amazonaws.com\/static\/2023\/02\/06085346\/DKR23_IB_K222421-scaled.jpg 600w, https:\/\/bxrepsol.s3.eu-west-1.amazonaws.com\/static\/2023\/02\/06085346\/DKR23_IB_K222421-scaled.jpg 480w, https:\/\/bxrepsol.s3.eu-west-1.amazonaws.com\/static\/2023\/02\/06085346\/DKR23_IB_K222421-scaled.jpg 32w\" title=\"DKR23_IB_K222421\" alt=\"\" data-title=\"\"><br \/>\n<\/a><br \/>\n<a href=\"https:\/\/bxrepsol.s3.eu-west-1.amazonaws.com\/static\/2023\/02\/06085352\/DAK23_EB_EDO7205-scaled.jpg\" data-index=\"3\"><br \/>\n<img decoding=\"async\" src=\"https:\/\/bxrepsol.s3.eu-west-1.amazonaws.com\/static\/2023\/02\/06085352\/DAK23_EB_EDO7205-scaled.jpg\" srcset=\"https:\/\/bxrepsol.s3.eu-west-1.amazonaws.com\/static\/2023\/02\/06085352\/DAK23_EB_EDO7205-scaled.jpg 5000w, https:\/\/bxrepsol.s3.eu-west-1.amazonaws.com\/static\/2023\/02\/06085352\/DAK23_EB_EDO7205-scaled.jpg 1280w, https:\/\/bxrepsol.s3.eu-west-1.amazonaws.com\/static\/2023\/02\/06085352\/DAK23_EB_EDO7205-scaled.jpg 900w, https:\/\/bxrepsol.s3.eu-west-1.amazonaws.com\/static\/2023\/02\/06085352\/DAK23_EB_EDO7205-scaled.jpg 600w, https:\/\/bxrepsol.s3.eu-west-1.amazonaws.com\/static\/2023\/02\/06085352\/DAK23_EB_EDO7205-scaled.jpg 480w, https:\/\/bxrepsol.s3.eu-west-1.amazonaws.com\/static\/2023\/02\/06085352\/DAK23_EB_EDO7205-scaled.jpg 32w\" title=\"DAK23_EB_EDO7205\" alt=\"\" data-title=\"\"><br \/>\n<\/a><br \/>\n<a href=\"https:\/\/bxrepsol.s3.eu-west-1.amazonaws.com\/static\/2023\/02\/06085354\/LR-0103112233-MMPHOTO1.jpg\" data-index=\"4\"><br \/>\n<img decoding=\"async\" src=\"https:\/\/bxrepsol.s3.eu-west-1.amazonaws.com\/static\/2023\/02\/06085354\/LR-0103112233-MMPHOTO1.jpg\" srcset=\"https:\/\/bxrepsol.s3.eu-west-1.amazonaws.com\/static\/2023\/02\/06085354\/LR-0103112233-MMPHOTO1.jpg 2048w, https:\/\/bxrepsol.s3.eu-west-1.amazonaws.com\/static\/2023\/02\/06085354\/LR-0103112233-MMPHOTO1.jpg 1280w, https:\/\/bxrepsol.s3.eu-west-1.amazonaws.com\/static\/2023\/02\/06085354\/LR-0103112233-MMPHOTO1.jpg 900w, https:\/\/bxrepsol.s3.eu-west-1.amazonaws.com\/static\/2023\/02\/06085354\/LR-0103112233-MMPHOTO1.jpg 600w, https:\/\/bxrepsol.s3.eu-west-1.amazonaws.com\/static\/2023\/02\/06085354\/LR-0103112233-MMPHOTO1.jpg 480w, https:\/\/bxrepsol.s3.eu-west-1.amazonaws.com\/static\/2023\/02\/06085354\/LR-0103112233-MMPHOTO1.jpg 32w\" title=\"LR-0103112233-MMPHOTO1\" alt=\"\" data-title=\"\"><br \/>\n<\/a><br \/>\n<button data-glide-dir=\"<\"><br \/>\n<svg role=\"img\" viewBox=\"0 0 256 512\">\n                <path fill=\"currentColor\" d=\"M238.475 475.535l7.071-7.07c4.686-4.686 4.686-12.284 0-16.971L50.053 256 245.546 60.506c4.686-4.686 4.686-12.284 0-16.971l-7.071-7.07c-4.686-4.686-12.284-4.686-16.97 0L10.454 247.515c-4.686 4.686-4.686 12.284 0 16.971l211.051 211.05c4.686 4.686 12.284 4.686 16.97-.001z\"><\/path>\n            <\/svg><br \/>\n<\/button><br \/>\n<button data-glide-dir=\">\u00ab><br \/>\n<svg role=\"img\" viewBox=\"0 0 256 512\">\n                <path fill=\"currentColor\" d=\"M17.525 36.465l-7.071 7.07c-4.686 4.686-4.686 12.284 0 16.971L205.947 256 10.454 451.494c-4.686 4.686-4.686 12.284 0 16.971l7.071 7.07c4.686 4.686 12.284 4.686 16.97 0l211.051-211.05c4.686-4.686 4.686-12.284 0-16.971L34.495 36.465c-4.686-4.687-12.284-4.687-16.97 0z\"><\/path>\n            <\/svg><br \/>\n<\/button><\/p>\n<p><strong>Clasificaci\u00f3n etapa:<\/strong><br \/>\n1. Guerlain Chicherit (Prodrive) 3h 22\u201959\u201d<br \/>\n2. Orlando Terranova (Prodrive) +5\u201904\u201d<br \/>\n3. Yazeed Al Rajhi (Toyota) +8\u201930\u201d<br \/>\n4. Erik Van Loon (Toyota) +20\u201949\u201d<br \/>\n5. Nasser Al-Attiyah (Toyota) +20\u201958\u201d<br \/>\n\u2026<br \/>\n<strong>33. Isidre Esteve (Toyota) +40\u201927\u201d<\/strong><\/p>\n<p><strong>Clasificaci\u00f3n general:<\/strong><br \/>\n1. Nasser Al-Attiyah (Toyota) 12h 20\u201935\u201d<br \/>\n2. Yazeed Al Rajhi (Toyota) +13\u201919\u201d<br \/>\n3. Simon Vitse (MD) +24\u201953\u201d<br \/>\n4. Giniel de Villiers (Toyota) +32\u201908\u201d<br \/>\n5. Martin Prokop (Ford) +35\u201909\u201d<br \/>\n\u2026<br \/>\n<strong>32. Isidre Esteve (Toyota) +1h 51\u201954\u201d<\/strong><\/p>\n","protected":false},"excerpt":{"rendered":"<p>Los pilotos del Repsol Toyota Rally Team completan una especial recortada por la lluvia, y recuperan tres posiciones m\u00e1s en la general (32\u00ba).<\/p>\n","protected":false},"author":43146,"featured_media":84936,"comment_status":"open","ping_status":"open","sticky":false,"template":"","format":"standard","meta":{"footnotes":""},"categories":[27],"tags":[201],"class_list":["post-95638","post","type-post","status-publish","format-standard","hentry","category-rally","tag-dakar"],"yoast_head":"<!-- This site is optimized with the Yoast SEO plugin v27.3 - https:\/\/yoast.com\/product\/yoast-seo-wordpress\/ -->\n<title>Buenas sensaciones para Isidre Esteve y Txema Villalobos tras la tercera etapa del Dakar - Box Repsol<\/title>\n<meta name=\"description\" content=\"Buenas sensaciones para Isidre Esteve y Txema Villalobos tras la tercera etapa del Dakar. Nuestros pilotos contin\u00faan desafiando los obst\u00e1culos\" \/>\n<link rel=\"canonical\" href=\"https:\/\/www.boxrepsol.com\/es\/rally\/buenas-sensaciones-para-isidre-esteve-y-txema-villalobos-tras-la-tercera-etapa-del-dakar\/\" \/>\n<meta property=\"og:locale\" content=\"es_ES\" \/>\n<meta property=\"og:type\" content=\"article\" \/>\n<meta property=\"og:title\" content=\"Buenas sensaciones para Isidre Esteve y Txema Villalobos tras la tercera etapa del Dakar - Box Repsol\" \/>\n<meta property=\"og:description\" content=\"Buenas sensaciones para Isidre Esteve y Txema Villalobos tras la tercera etapa del Dakar. Nuestros pilotos contin\u00faan desafiando los obst\u00e1culos\" \/>\n<meta property=\"og:url\" content=\"https:\/\/www.boxrepsol.com\/es\/rally\/buenas-sensaciones-para-isidre-esteve-y-txema-villalobos-tras-la-tercera-etapa-del-dakar\/\" \/>\n<meta property=\"og:site_name\" content=\"Box Repsol\" \/>\n<meta property=\"article:publisher\" content=\"https:\/\/www.facebook.com\/BoxRepsol\" \/>\n<meta property=\"article:author\" content=\"https:\/\/www.facebook.com\/BoxRepsol\/\" \/>\n<meta property=\"article:published_time\" content=\"2023-01-03T02:00:00+00:00\" \/>\n<meta property=\"article:modified_time\" content=\"2024-04-08T10:42:24+00:00\" \/>\n<meta property=\"og:image\" content=\"https:\/\/bxrepsol.s3.eu-west-1.amazonaws.com\/static\/2023\/02\/06085357\/LR-0103112230-MMPHOTO1.jpg\" \/>\n\t<meta property=\"og:image:width\" content=\"2048\" \/>\n\t<meta property=\"og:image:height\" content=\"960\" \/>\n\t<meta property=\"og:image:type\" content=\"image\/jpeg\" \/>\n<meta name=\"author\" content=\"Redacci\u00f3n Box Repsol\" \/>\n<meta name=\"twitter:card\" content=\"summary_large_image\" \/>\n<meta name=\"twitter:creator\" content=\"@https:\/\/twitter.com\/box_repsol\" \/>\n<meta name=\"twitter:site\" content=\"@box_repsol\" \/>\n<meta name=\"twitter:label1\" content=\"Written by\" \/>\n\t<meta name=\"twitter:data1\" content=\"Redacci\u00f3n Box Repsol\" \/>\n\t<meta name=\"twitter:label2\" content=\"Est. reading time\" \/>\n\t<meta name=\"twitter:data2\" content=\"3 minutos\" \/>\n<script type=\"application\/ld+json\" class=\"yoast-schema-graph\">{\"@context\":\"https:\\\/\\\/schema.org\",\"@graph\":[{\"@type\":\"Article\",\"@id\":\"https:\\\/\\\/www.boxrepsol.com\\\/es\\\/rally\\\/buenas-sensaciones-para-isidre-esteve-y-txema-villalobos-tras-la-tercera-etapa-del-dakar\\\/#article\",\"isPartOf\":{\"@id\":\"https:\\\/\\\/www.boxrepsol.com\\\/es\\\/rally\\\/buenas-sensaciones-para-isidre-esteve-y-txema-villalobos-tras-la-tercera-etapa-del-dakar\\\/\"},\"author\":{\"name\":\"Redacci\u00f3n Box Repsol\",\"@id\":\"https:\\\/\\\/www.boxrepsol.com\\\/es\\\/#\\\/schema\\\/person\\\/c5c2138f2cca251b0ad92b7086bb60b7\"},\"headline\":\"Buenas sensaciones para Isidre Esteve y Txema Villalobos tras la tercera etapa del Dakar\",\"datePublished\":\"2023-01-03T02:00:00+00:00\",\"dateModified\":\"2024-04-08T10:42:24+00:00\",\"mainEntityOfPage\":{\"@id\":\"https:\\\/\\\/www.boxrepsol.com\\\/es\\\/rally\\\/buenas-sensaciones-para-isidre-esteve-y-txema-villalobos-tras-la-tercera-etapa-del-dakar\\\/\"},\"wordCount\":562,\"commentCount\":0,\"publisher\":{\"@id\":\"https:\\\/\\\/www.boxrepsol.com\\\/es\\\/#organization\"},\"image\":{\"@id\":\"https:\\\/\\\/www.boxrepsol.com\\\/es\\\/rally\\\/buenas-sensaciones-para-isidre-esteve-y-txema-villalobos-tras-la-tercera-etapa-del-dakar\\\/#primaryimage\"},\"thumbnailUrl\":\"https:\\\/\\\/bxrepsol.s3.eu-west-1.amazonaws.com\\\/static\\\/2023\\\/02\\\/06085357\\\/LR-0103112230-MMPHOTO1.jpg\",\"keywords\":[\"Dakar\"],\"articleSection\":[\"Rally\"],\"inLanguage\":\"es\",\"potentialAction\":[{\"@type\":\"CommentAction\",\"name\":\"Comment\",\"target\":[\"https:\\\/\\\/www.boxrepsol.com\\\/es\\\/rally\\\/buenas-sensaciones-para-isidre-esteve-y-txema-villalobos-tras-la-tercera-etapa-del-dakar\\\/#respond\"]}]},{\"@type\":\"WebPage\",\"@id\":\"https:\\\/\\\/www.boxrepsol.com\\\/es\\\/rally\\\/buenas-sensaciones-para-isidre-esteve-y-txema-villalobos-tras-la-tercera-etapa-del-dakar\\\/\",\"url\":\"https:\\\/\\\/www.boxrepsol.com\\\/es\\\/rally\\\/buenas-sensaciones-para-isidre-esteve-y-txema-villalobos-tras-la-tercera-etapa-del-dakar\\\/\",\"name\":\"Buenas sensaciones para Isidre Esteve y Txema Villalobos tras la tercera etapa del Dakar - Box Repsol\",\"isPartOf\":{\"@id\":\"https:\\\/\\\/www.boxrepsol.com\\\/es\\\/#website\"},\"primaryImageOfPage\":{\"@id\":\"https:\\\/\\\/www.boxrepsol.com\\\/es\\\/rally\\\/buenas-sensaciones-para-isidre-esteve-y-txema-villalobos-tras-la-tercera-etapa-del-dakar\\\/#primaryimage\"},\"image\":{\"@id\":\"https:\\\/\\\/www.boxrepsol.com\\\/es\\\/rally\\\/buenas-sensaciones-para-isidre-esteve-y-txema-villalobos-tras-la-tercera-etapa-del-dakar\\\/#primaryimage\"},\"thumbnailUrl\":\"https:\\\/\\\/bxrepsol.s3.eu-west-1.amazonaws.com\\\/static\\\/2023\\\/02\\\/06085357\\\/LR-0103112230-MMPHOTO1.jpg\",\"datePublished\":\"2023-01-03T02:00:00+00:00\",\"dateModified\":\"2024-04-08T10:42:24+00:00\",\"description\":\"Buenas sensaciones para Isidre Esteve y Txema Villalobos tras la tercera etapa del Dakar. Nuestros pilotos contin\u00faan desafiando los obst\u00e1culos\",\"breadcrumb\":{\"@id\":\"https:\\\/\\\/www.boxrepsol.com\\\/es\\\/rally\\\/buenas-sensaciones-para-isidre-esteve-y-txema-villalobos-tras-la-tercera-etapa-del-dakar\\\/#breadcrumb\"},\"inLanguage\":\"es\",\"potentialAction\":[{\"@type\":\"ReadAction\",\"target\":[\"https:\\\/\\\/www.boxrepsol.com\\\/es\\\/rally\\\/buenas-sensaciones-para-isidre-esteve-y-txema-villalobos-tras-la-tercera-etapa-del-dakar\\\/\"]}]},{\"@type\":\"ImageObject\",\"inLanguage\":\"es\",\"@id\":\"https:\\\/\\\/www.boxrepsol.com\\\/es\\\/rally\\\/buenas-sensaciones-para-isidre-esteve-y-txema-villalobos-tras-la-tercera-etapa-del-dakar\\\/#primaryimage\",\"url\":\"https:\\\/\\\/bxrepsol.s3.eu-west-1.amazonaws.com\\\/static\\\/2023\\\/02\\\/06085357\\\/LR-0103112230-MMPHOTO1.jpg\",\"contentUrl\":\"https:\\\/\\\/bxrepsol.s3.eu-west-1.amazonaws.com\\\/static\\\/2023\\\/02\\\/06085357\\\/LR-0103112230-MMPHOTO1.jpg\",\"width\":2048,\"height\":960},{\"@type\":\"BreadcrumbList\",\"@id\":\"https:\\\/\\\/www.boxrepsol.com\\\/es\\\/rally\\\/buenas-sensaciones-para-isidre-esteve-y-txema-villalobos-tras-la-tercera-etapa-del-dakar\\\/#breadcrumb\",\"itemListElement\":[{\"@type\":\"ListItem\",\"position\":1,\"name\":\"Home\",\"item\":\"https:\\\/\\\/www.boxrepsol.com\\\/es\\\/\"},{\"@type\":\"ListItem\",\"position\":2,\"name\":\"Buenas sensaciones para Isidre Esteve y Txema Villalobos tras la tercera etapa del Dakar\"}]},{\"@type\":\"WebSite\",\"@id\":\"https:\\\/\\\/www.boxrepsol.com\\\/es\\\/#website\",\"url\":\"https:\\\/\\\/www.boxrepsol.com\\\/es\\\/\",\"name\":\"Box Repsol\",\"description\":\"Box Repsol Site\",\"publisher\":{\"@id\":\"https:\\\/\\\/www.boxrepsol.com\\\/es\\\/#organization\"},\"potentialAction\":[{\"@type\":\"SearchAction\",\"target\":{\"@type\":\"EntryPoint\",\"urlTemplate\":\"https:\\\/\\\/www.boxrepsol.com\\\/es\\\/?s={search_term_string}\"},\"query-input\":{\"@type\":\"PropertyValueSpecification\",\"valueRequired\":true,\"valueName\":\"search_term_string\"}}],\"inLanguage\":\"es\"},{\"@type\":\"Organization\",\"@id\":\"https:\\\/\\\/www.boxrepsol.com\\\/es\\\/#organization\",\"name\":\"Box Repsol\",\"url\":\"https:\\\/\\\/www.boxrepsol.com\\\/es\\\/\",\"logo\":{\"@type\":\"ImageObject\",\"inLanguage\":\"es\",\"@id\":\"https:\\\/\\\/www.boxrepsol.com\\\/es\\\/#\\\/schema\\\/logo\\\/image\\\/\",\"url\":\"https:\\\/\\\/bxrepsol.s3.eu-west-1.amazonaws.com\\\/static\\\/2025\\\/07\\\/30083337\\\/favicon-96x96-1.png\",\"contentUrl\":\"https:\\\/\\\/bxrepsol.s3.eu-west-1.amazonaws.com\\\/static\\\/2025\\\/07\\\/30083337\\\/favicon-96x96-1.png\",\"width\":96,\"height\":96,\"caption\":\"Box Repsol\"},\"image\":{\"@id\":\"https:\\\/\\\/www.boxrepsol.com\\\/es\\\/#\\\/schema\\\/logo\\\/image\\\/\"},\"sameAs\":[\"https:\\\/\\\/www.facebook.com\\\/BoxRepsol\",\"https:\\\/\\\/x.com\\\/box_repsol\",\"http:\\\/\\\/instagram.com\\\/box_repsol\",\"https:\\\/\\\/www.youtube.com\\\/user\\\/RepsolCompeticion\",\"https:\\\/\\\/www.flickr.com\\\/photos\\\/box_repsol\\\/\"]},{\"@type\":\"Person\",\"@id\":\"https:\\\/\\\/www.boxrepsol.com\\\/es\\\/#\\\/schema\\\/person\\\/c5c2138f2cca251b0ad92b7086bb60b7\",\"name\":\"Redacci\u00f3n Box Repsol\",\"image\":{\"@type\":\"ImageObject\",\"inLanguage\":\"es\",\"@id\":\"https:\\\/\\\/secure.gravatar.com\\\/avatar\\\/adf7b77e38b4419baf32c7e9c21dde01f4e40df611f0978e3006fc4ba0aaab7e?s=96&d=mm&r=g\",\"url\":\"https:\\\/\\\/secure.gravatar.com\\\/avatar\\\/adf7b77e38b4419baf32c7e9c21dde01f4e40df611f0978e3006fc4ba0aaab7e?s=96&d=mm&r=g\",\"contentUrl\":\"https:\\\/\\\/secure.gravatar.com\\\/avatar\\\/adf7b77e38b4419baf32c7e9c21dde01f4e40df611f0978e3006fc4ba0aaab7e?s=96&d=mm&r=g\",\"caption\":\"Redacci\u00f3n Box Repsol\"},\"description\":\"Box Repsol lo forma un equipo de periodistas, community managers, dise\u00f1adores y fot\u00f3grafos con m\u00e1s de 20 a\u00f1os de experiencia en el mundo del motorsport. Hemos vivido el primer mundial de un espa\u00f1ol en la categor\u00eda reina de motociclismo con \u00c1lex Crivill\u00e9, estuvimos en las victorias de Pedrosa y los t\u00edtulos de M\u00e1rquez, acompa\u00f1amos en \u00c1frica a Nani Roma y Marc Coma en sus conquistas del Dakar y hemos vibrado con los t\u00edtulos de Toni Bou en Trial. Adem\u00e1s, en nuestro equipo contamos con expertos en el mundo de las dos y cuatro ruedas tanto de la calle y las carreteras, como de los circuitos. Periodistas que han trabajado en revistas y publicaciones para hacerte llegar desde rutas y consejos de mantenimiento, a curiosidades y trucos de pilotaje.\",\"sameAs\":[\"https:\\\/\\\/www.facebook.com\\\/BoxRepsol\\\/\",\"https:\\\/\\\/www.instagram.com\\\/box_repsol\\\/\",\"https:\\\/\\\/x.com\\\/https:\\\/\\\/twitter.com\\\/box_repsol\",\"https:\\\/\\\/www.youtube.com\\\/@Boxrepsol\"],\"url\":\"https:\\\/\\\/www.boxrepsol.com\\\/es\\\/author\\\/redaccion-box-repsol\\\/\"}]}<\/script>\n<!-- \/ Yoast SEO plugin. -->","yoast_head_json":{"title":"Buenas sensaciones para Isidre Esteve y Txema Villalobos tras la tercera etapa del Dakar - Box Repsol","description":"Buenas sensaciones para Isidre Esteve y Txema Villalobos tras la tercera etapa del Dakar. Nuestros pilotos contin\u00faan desafiando los obst\u00e1culos","canonical":"https:\/\/www.boxrepsol.com\/es\/rally\/buenas-sensaciones-para-isidre-esteve-y-txema-villalobos-tras-la-tercera-etapa-del-dakar\/","og_locale":"es_ES","og_type":"article","og_title":"Buenas sensaciones para Isidre Esteve y Txema Villalobos tras la tercera etapa del Dakar - Box Repsol","og_description":"Buenas sensaciones para Isidre Esteve y Txema Villalobos tras la tercera etapa del Dakar. Nuestros pilotos contin\u00faan desafiando los obst\u00e1culos","og_url":"https:\/\/www.boxrepsol.com\/es\/rally\/buenas-sensaciones-para-isidre-esteve-y-txema-villalobos-tras-la-tercera-etapa-del-dakar\/","og_site_name":"Box Repsol","article_publisher":"https:\/\/www.facebook.com\/BoxRepsol","article_author":"https:\/\/www.facebook.com\/BoxRepsol\/","article_published_time":"2023-01-03T02:00:00+00:00","article_modified_time":"2024-04-08T10:42:24+00:00","og_image":[{"width":2048,"height":960,"url":"https:\/\/bxrepsol.s3.eu-west-1.amazonaws.com\/static\/2023\/02\/06085357\/LR-0103112230-MMPHOTO1.jpg","type":"image\/jpeg"}],"author":"Redacci\u00f3n Box Repsol","twitter_card":"summary_large_image","twitter_creator":"@https:\/\/twitter.com\/box_repsol","twitter_site":"@box_repsol","twitter_misc":{"Written by":"Redacci\u00f3n Box Repsol","Est. reading time":"3 minutos"},"schema":{"@context":"https:\/\/schema.org","@graph":[{"@type":"Article","@id":"https:\/\/www.boxrepsol.com\/es\/rally\/buenas-sensaciones-para-isidre-esteve-y-txema-villalobos-tras-la-tercera-etapa-del-dakar\/#article","isPartOf":{"@id":"https:\/\/www.boxrepsol.com\/es\/rally\/buenas-sensaciones-para-isidre-esteve-y-txema-villalobos-tras-la-tercera-etapa-del-dakar\/"},"author":{"name":"Redacci\u00f3n Box Repsol","@id":"https:\/\/www.boxrepsol.com\/es\/#\/schema\/person\/c5c2138f2cca251b0ad92b7086bb60b7"},"headline":"Buenas sensaciones para Isidre Esteve y Txema Villalobos tras la tercera etapa del Dakar","datePublished":"2023-01-03T02:00:00+00:00","dateModified":"2024-04-08T10:42:24+00:00","mainEntityOfPage":{"@id":"https:\/\/www.boxrepsol.com\/es\/rally\/buenas-sensaciones-para-isidre-esteve-y-txema-villalobos-tras-la-tercera-etapa-del-dakar\/"},"wordCount":562,"commentCount":0,"publisher":{"@id":"https:\/\/www.boxrepsol.com\/es\/#organization"},"image":{"@id":"https:\/\/www.boxrepsol.com\/es\/rally\/buenas-sensaciones-para-isidre-esteve-y-txema-villalobos-tras-la-tercera-etapa-del-dakar\/#primaryimage"},"thumbnailUrl":"https:\/\/bxrepsol.s3.eu-west-1.amazonaws.com\/static\/2023\/02\/06085357\/LR-0103112230-MMPHOTO1.jpg","keywords":["Dakar"],"articleSection":["Rally"],"inLanguage":"es","potentialAction":[{"@type":"CommentAction","name":"Comment","target":["https:\/\/www.boxrepsol.com\/es\/rally\/buenas-sensaciones-para-isidre-esteve-y-txema-villalobos-tras-la-tercera-etapa-del-dakar\/#respond"]}]},{"@type":"WebPage","@id":"https:\/\/www.boxrepsol.com\/es\/rally\/buenas-sensaciones-para-isidre-esteve-y-txema-villalobos-tras-la-tercera-etapa-del-dakar\/","url":"https:\/\/www.boxrepsol.com\/es\/rally\/buenas-sensaciones-para-isidre-esteve-y-txema-villalobos-tras-la-tercera-etapa-del-dakar\/","name":"Buenas sensaciones para Isidre Esteve y Txema Villalobos tras la tercera etapa del Dakar - Box Repsol","isPartOf":{"@id":"https:\/\/www.boxrepsol.com\/es\/#website"},"primaryImageOfPage":{"@id":"https:\/\/www.boxrepsol.com\/es\/rally\/buenas-sensaciones-para-isidre-esteve-y-txema-villalobos-tras-la-tercera-etapa-del-dakar\/#primaryimage"},"image":{"@id":"https:\/\/www.boxrepsol.com\/es\/rally\/buenas-sensaciones-para-isidre-esteve-y-txema-villalobos-tras-la-tercera-etapa-del-dakar\/#primaryimage"},"thumbnailUrl":"https:\/\/bxrepsol.s3.eu-west-1.amazonaws.com\/static\/2023\/02\/06085357\/LR-0103112230-MMPHOTO1.jpg","datePublished":"2023-01-03T02:00:00+00:00","dateModified":"2024-04-08T10:42:24+00:00","description":"Buenas sensaciones para Isidre Esteve y Txema Villalobos tras la tercera etapa del Dakar. Nuestros pilotos contin\u00faan desafiando los obst\u00e1culos","breadcrumb":{"@id":"https:\/\/www.boxrepsol.com\/es\/rally\/buenas-sensaciones-para-isidre-esteve-y-txema-villalobos-tras-la-tercera-etapa-del-dakar\/#breadcrumb"},"inLanguage":"es","potentialAction":[{"@type":"ReadAction","target":["https:\/\/www.boxrepsol.com\/es\/rally\/buenas-sensaciones-para-isidre-esteve-y-txema-villalobos-tras-la-tercera-etapa-del-dakar\/"]}]},{"@type":"ImageObject","inLanguage":"es","@id":"https:\/\/www.boxrepsol.com\/es\/rally\/buenas-sensaciones-para-isidre-esteve-y-txema-villalobos-tras-la-tercera-etapa-del-dakar\/#primaryimage","url":"https:\/\/bxrepsol.s3.eu-west-1.amazonaws.com\/static\/2023\/02\/06085357\/LR-0103112230-MMPHOTO1.jpg","contentUrl":"https:\/\/bxrepsol.s3.eu-west-1.amazonaws.com\/static\/2023\/02\/06085357\/LR-0103112230-MMPHOTO1.jpg","width":2048,"height":960},{"@type":"BreadcrumbList","@id":"https:\/\/www.boxrepsol.com\/es\/rally\/buenas-sensaciones-para-isidre-esteve-y-txema-villalobos-tras-la-tercera-etapa-del-dakar\/#breadcrumb","itemListElement":[{"@type":"ListItem","position":1,"name":"Home","item":"https:\/\/www.boxrepsol.com\/es\/"},{"@type":"ListItem","position":2,"name":"Buenas sensaciones para Isidre Esteve y Txema Villalobos tras la tercera etapa del Dakar"}]},{"@type":"WebSite","@id":"https:\/\/www.boxrepsol.com\/es\/#website","url":"https:\/\/www.boxrepsol.com\/es\/","name":"Box Repsol","description":"Box Repsol Site","publisher":{"@id":"https:\/\/www.boxrepsol.com\/es\/#organization"},"potentialAction":[{"@type":"SearchAction","target":{"@type":"EntryPoint","urlTemplate":"https:\/\/www.boxrepsol.com\/es\/?s={search_term_string}"},"query-input":{"@type":"PropertyValueSpecification","valueRequired":true,"valueName":"search_term_string"}}],"inLanguage":"es"},{"@type":"Organization","@id":"https:\/\/www.boxrepsol.com\/es\/#organization","name":"Box Repsol","url":"https:\/\/www.boxrepsol.com\/es\/","logo":{"@type":"ImageObject","inLanguage":"es","@id":"https:\/\/www.boxrepsol.com\/es\/#\/schema\/logo\/image\/","url":"https:\/\/bxrepsol.s3.eu-west-1.amazonaws.com\/static\/2025\/07\/30083337\/favicon-96x96-1.png","contentUrl":"https:\/\/bxrepsol.s3.eu-west-1.amazonaws.com\/static\/2025\/07\/30083337\/favicon-96x96-1.png","width":96,"height":96,"caption":"Box Repsol"},"image":{"@id":"https:\/\/www.boxrepsol.com\/es\/#\/schema\/logo\/image\/"},"sameAs":["https:\/\/www.facebook.com\/BoxRepsol","https:\/\/x.com\/box_repsol","http:\/\/instagram.com\/box_repsol","https:\/\/www.youtube.com\/user\/RepsolCompeticion","https:\/\/www.flickr.com\/photos\/box_repsol\/"]},{"@type":"Person","@id":"https:\/\/www.boxrepsol.com\/es\/#\/schema\/person\/c5c2138f2cca251b0ad92b7086bb60b7","name":"Redacci\u00f3n Box Repsol","image":{"@type":"ImageObject","inLanguage":"es","@id":"https:\/\/secure.gravatar.com\/avatar\/adf7b77e38b4419baf32c7e9c21dde01f4e40df611f0978e3006fc4ba0aaab7e?s=96&d=mm&r=g","url":"https:\/\/secure.gravatar.com\/avatar\/adf7b77e38b4419baf32c7e9c21dde01f4e40df611f0978e3006fc4ba0aaab7e?s=96&d=mm&r=g","contentUrl":"https:\/\/secure.gravatar.com\/avatar\/adf7b77e38b4419baf32c7e9c21dde01f4e40df611f0978e3006fc4ba0aaab7e?s=96&d=mm&r=g","caption":"Redacci\u00f3n Box Repsol"},"description":"Box Repsol lo forma un equipo de periodistas, community managers, dise\u00f1adores y fot\u00f3grafos con m\u00e1s de 20 a\u00f1os de experiencia en el mundo del motorsport. Hemos vivido el primer mundial de un espa\u00f1ol en la categor\u00eda reina de motociclismo con \u00c1lex Crivill\u00e9, estuvimos en las victorias de Pedrosa y los t\u00edtulos de M\u00e1rquez, acompa\u00f1amos en \u00c1frica a Nani Roma y Marc Coma en sus conquistas del Dakar y hemos vibrado con los t\u00edtulos de Toni Bou en Trial. Adem\u00e1s, en nuestro equipo contamos con expertos en el mundo de las dos y cuatro ruedas tanto de la calle y las carreteras, como de los circuitos. Periodistas que han trabajado en revistas y publicaciones para hacerte llegar desde rutas y consejos de mantenimiento, a curiosidades y trucos de pilotaje.","sameAs":["https:\/\/www.facebook.com\/BoxRepsol\/","https:\/\/www.instagram.com\/box_repsol\/","https:\/\/x.com\/https:\/\/twitter.com\/box_repsol","https:\/\/www.youtube.com\/@Boxrepsol"],"url":"https:\/\/www.boxrepsol.com\/es\/author\/redaccion-box-repsol\/"}]}},"_links":{"self":[{"href":"https:\/\/www.boxrepsol.com\/es\/wp-json\/wp\/v2\/posts\/95638","targetHints":{"allow":["GET"]}}],"collection":[{"href":"https:\/\/www.boxrepsol.com\/es\/wp-json\/wp\/v2\/posts"}],"about":[{"href":"https:\/\/www.boxrepsol.com\/es\/wp-json\/wp\/v2\/types\/post"}],"author":[{"embeddable":true,"href":"https:\/\/www.boxrepsol.com\/es\/wp-json\/wp\/v2\/users\/43146"}],"replies":[{"embeddable":true,"href":"https:\/\/www.boxrepsol.com\/es\/wp-json\/wp\/v2\/comments?post=95638"}],"version-history":[{"count":2,"href":"https:\/\/www.boxrepsol.com\/es\/wp-json\/wp\/v2\/posts\/95638\/revisions"}],"predecessor-version":[{"id":107387,"href":"https:\/\/www.boxrepsol.com\/es\/wp-json\/wp\/v2\/posts\/95638\/revisions\/107387"}],"wp:featuredmedia":[{"embeddable":true,"href":"https:\/\/www.boxrepsol.com\/es\/wp-json\/wp\/v2\/media\/84936"}],"wp:attachment":[{"href":"https:\/\/www.boxrepsol.com\/es\/wp-json\/wp\/v2\/media?parent=95638"}],"wp:term":[{"taxonomy":"category","embeddable":true,"href":"https:\/\/www.boxrepsol.com\/es\/wp-json\/wp\/v2\/categories?post=95638"},{"taxonomy":"post_tag","embeddable":true,"href":"https:\/\/www.boxrepsol.com\/es\/wp-json\/wp\/v2\/tags?post=95638"}],"curies":[{"name":"wp","href":"https:\/\/api.w.org\/{rel}","templated":true}]}}