{"id":95636,"date":"2023-01-02T00:00:00","date_gmt":"2023-01-02T02:00:00","guid":{"rendered":"http:\/\/pre.boxrepsol.com\/sin-categorizar\/isidre-esteve-remonta-14-posiciones-tras-una-jornada-de-gran-dureza\/"},"modified":"2024-04-08T08:43:23","modified_gmt":"2024-04-08T10:43:23","slug":"isidre-esteve-remonta-14-posiciones-tras-una-jornada-de-gran-dureza","status":"publish","type":"post","link":"https:\/\/www.boxrepsol.com\/es\/rally\/isidre-esteve-remonta-14-posiciones-tras-una-jornada-de-gran-dureza\/","title":{"rendered":"Isidre Esteve remonta 14 posiciones tras una jornada de gran dureza"},"content":{"rendered":"<figure class=\"wp-block-post-featured-image\"><img loading=\"lazy\" decoding=\"async\" width=\"2048\" height=\"960\" src=\"https:\/\/bxrepsol.s3.eu-west-1.amazonaws.com\/static\/2023\/02\/06085317\/LR-0102113654-MMPHOTO1.jpg\" class=\"attachment-post-thumbnail size-post-thumbnail wp-post-image\" alt=\"\" style=\"object-fit:cover;\" srcset=\"https:\/\/bxrepsol.s3.eu-west-1.amazonaws.com\/static\/2023\/02\/06085317\/LR-0102113654-MMPHOTO1.jpg 2048w, https:\/\/bxrepsol.s3.eu-west-1.amazonaws.com\/static\/2023\/02\/06085317\/LR-0102113654-MMPHOTO1-300x141.jpg 300w, https:\/\/bxrepsol.s3.eu-west-1.amazonaws.com\/static\/2023\/02\/06085317\/LR-0102113654-MMPHOTO1-1024x480.jpg 1024w, https:\/\/bxrepsol.s3.eu-west-1.amazonaws.com\/static\/2023\/02\/06085317\/LR-0102113654-MMPHOTO1-768x360.jpg 768w, https:\/\/bxrepsol.s3.eu-west-1.amazonaws.com\/static\/2023\/02\/06085317\/LR-0102113654-MMPHOTO1-1536x720.jpg 1536w\" sizes=\"auto, (max-width: 2048px) 100vw, 2048px\" \/><\/figure>\n\n\n<p>Isidre Esteve y Txema Villalobos han recuperado 14 posiciones en la clasificaci\u00f3n general del Dakar tras una dura segunda jornada, con 430 kil\u00f3metros cronometrados de gran dureza entre el Sea Camp y Al-Ula. Los integrantes del Repsol Toyota Rally Team han superado con \u00e9xito el reto, tras casi seis horas sobre un terreno muy roto y pedregoso, y han concluido en la 32\u00aa plaza del d\u00eda, 27\u00aa en la categor\u00eda T1. Hecha la suma de tiempos, la dupla espa\u00f1ola escala hasta el 35\u00ba puesto de la clasificaci\u00f3n absoluta.<\/p>\n\n\n\n<p>La jornada arrancaba con dos temores en el horizonte para Isidre Esteve y Txema Vilallobos: el polvo, consecuencia l\u00f3gica si consideramos su retrasada plaza en el orden de salida (ser\u00edan el coche n\u00famero 60 en arrancar), y el correcto funcionamiento de los instrumentos de navegaci\u00f3n tras su err\u00e1tico comportamiento ayer. Inc\u00f3gnitas despejadas con rapidez, ya que, por un lado, la lluvia ca\u00edda en los primeros kil\u00f3metros de la especial anulaba buena parte de los temidos problemas de visibilidad y, por el otro, la tablet ha rendido perfectamente desde el primer waypoint.&nbsp;<\/p>\n\n\n\n<p>En cambio, el libro de ruta del d\u00eda hac\u00eda presagiar una especial de gran dureza f\u00edsica para la tripulaci\u00f3n espa\u00f1ola y su Toyota Hilux T1+. Por este motivo, han adoptado una decisi\u00f3n clave que comenta Isidre Esteve: \u00ab<em>El terreno estaba muy roto desde el primer kil\u00f3metro, con pistas llenas de piedras y zonas con muchos riachuelos y agujeros. Por este motivo, hacia el kil\u00f3metro 20, hemos acordado con Txema bajar el ritmo, porque ve\u00edamos que el coche sufr\u00eda mucho en los impactos con el terreno. Creemos que la decisi\u00f3n ha sido acertada, puesto que conforme \u00edbamos avanzando en la especial no dej\u00e1bamos de encontrar rivales parados por accidentes o problemas t\u00e9cnicos\u201d<\/em>.<\/p>\n\n\n\n<p>Correr m\u00e1s o no hacerlo, un dilema que ha perseguido durante buena parte del d\u00eda a los componentes del Repsol Toyota Rally Team y una pregunta que han resuelto pensando en el futuro, como recuerda el piloto de Oliana: \u00ab<em>Por descontado que podr\u00edamos haber ido m\u00e1s r\u00e1pidos hoy, pero esta posibilidad, dado el estado de la pista, no entraba en nuestra mente. En casos as\u00ed vale la pena ser m\u00e1s regulares y pensar en el global de la carrera, porque estoy convencido de que a largo plazo nos dar\u00e1 mejores resultados. Preveo que la primera semana de Dakar ser\u00e1 larga y complicada\u201d<\/em>. Ahora bien, esta estrategia no ha quedado re\u00f1ida con un buen resultado al final del d\u00eda, ya que la tripulaci\u00f3n que respalda Repsol, MGS Seguros, KH-7 y Toyota Espa\u00f1a ha logrado recuperar 14 posiciones y acercarse al top 30 de la general.<\/p>\n\n\n\n<p>La etapa de ma\u00f1ana unir\u00e1 Al-Ula y Ha\u2019il, localidad en la que el campamento permanecer\u00e1 hasta el viernes. El recorrido cronometrado ser\u00e1 de 447 kil\u00f3metros, el tercero m\u00e1s largo de todo el Dakar 2023, y un 49% del mismo recorrer\u00e1 superficie arenosa. Parte de la ruta incluir\u00e1, en palabras de la organizaci\u00f3n, los 50 kil\u00f3metros m\u00e1s bellos de toda la prueba.<\/p>\n\n\n\n<figure class=\"wp-block-image\"><img decoding=\"async\" src=\"https:\/\/bxrepsol.s3.eu-west-1.amazonaws.com\/static\/2023\/02\/06085305\/LR-0102113652-MMPHOTO1.jpg\" alt=\"\" title=\"LR-0102113652-MMPHOTO1\"\/><\/figure>\n\n\n\n<figure class=\"wp-block-image\"><img decoding=\"async\" src=\"https:\/\/bxrepsol.s3.eu-west-1.amazonaws.com\/static\/2023\/02\/06085307\/LR-0102113648-MMPHOTO1.jpg\" alt=\"\" title=\"LR-0102113648-MMPHOTO1\"\/><\/figure>\n\n\n\n<figure class=\"wp-block-image\"><img decoding=\"async\" src=\"https:\/\/bxrepsol.s3.eu-west-1.amazonaws.com\/static\/2023\/02\/06085309\/LR-0102113529-MMPHOTO5.jpg\" alt=\"\" title=\"LR-0102113529-MMPHOTO5\"\/><\/figure>\n\n\n\n<figure class=\"wp-block-image\"><img decoding=\"async\" src=\"https:\/\/bxrepsol.s3.eu-west-1.amazonaws.com\/static\/2023\/02\/06085311\/LR-0102113522-MMPHOTO5.jpg\" alt=\"\" title=\"LR-0102113522-MMPHOTO5\"\/><\/figure>\n\n\n\n<figure class=\"wp-block-image\"><img decoding=\"async\" src=\"https:\/\/bxrepsol.s3.eu-west-1.amazonaws.com\/static\/2023\/02\/06085314\/LR-0102113520-MMPHOTO5.jpg\" alt=\"\" title=\"LR-0102113520-MMPHOTO5\"\/><\/figure>\n\n\n\n<p><a href=\"https:\/\/bxrepsol.s3.eu-west-1.amazonaws.com\/static\/2023\/02\/06085305\/LR-0102113652-MMPHOTO1.jpg\" data-index=\"0\"><br><br><\/a><br><a href=\"https:\/\/bxrepsol.s3.eu-west-1.amazonaws.com\/static\/2023\/02\/06085307\/LR-0102113648-MMPHOTO1.jpg\" data-index=\"1\"><br><br><\/a><br><a href=\"https:\/\/bxrepsol.s3.eu-west-1.amazonaws.com\/static\/2023\/02\/06085309\/LR-0102113529-MMPHOTO5.jpg\" data-index=\"2\"><br><br><\/a><br><a href=\"https:\/\/bxrepsol.s3.eu-west-1.amazonaws.com\/static\/2023\/02\/06085311\/LR-0102113522-MMPHOTO5.jpg\" data-index=\"3\"><br><br><\/a><br><a href=\"https:\/\/bxrepsol.s3.eu-west-1.amazonaws.com\/static\/2023\/02\/06085314\/LR-0102113520-MMPHOTO5.jpg\" data-index=\"4\"><br><br><\/a><br><button data-glide-dir=\"<\"><br><br><\/button><br><button data-glide-dir=\">\u00ab><br><br><\/button><\/p>\n","protected":false},"excerpt":{"rendered":"<p>El l\u00edder del Repsol Toyota Rally Team deja atr\u00e1s definitivamente los problemas con los instrumentos de navegaci\u00f3n de ayer y se sit\u00faa a las puertas del top 30 de la clasificaci\u00f3n general.<\/p>\n","protected":false},"author":43146,"featured_media":84910,"comment_status":"open","ping_status":"open","sticky":false,"template":"","format":"standard","meta":{"footnotes":""},"categories":[27],"tags":[201,29],"class_list":["post-95636","post","type-post","status-publish","format-standard","hentry","category-rally","tag-dakar","tag-isidre-esteve"],"yoast_head":"<!-- This site is optimized with the Yoast SEO plugin v27.3 - https:\/\/yoast.com\/product\/yoast-seo-wordpress\/ -->\n<title>Isidre Esteve remonta 14 posiciones tras una jornada de gran dureza - Box Repsol<\/title>\n<meta name=\"description\" content=\"Isidre Esteve remonta 14 posiciones tras una jornada de gran dureza: Sigue toda la informaci\u00f3n de esta competici\u00f3n en Box Repsol.\" \/>\n<link rel=\"canonical\" href=\"https:\/\/www.boxrepsol.com\/es\/rally\/isidre-esteve-remonta-14-posiciones-tras-una-jornada-de-gran-dureza\/\" \/>\n<meta property=\"og:locale\" content=\"es_ES\" \/>\n<meta property=\"og:type\" content=\"article\" \/>\n<meta property=\"og:title\" content=\"Isidre Esteve remonta 14 posiciones tras una jornada de gran dureza - Box Repsol\" \/>\n<meta property=\"og:description\" content=\"Isidre Esteve remonta 14 posiciones tras una jornada de gran dureza: Sigue toda la informaci\u00f3n de esta competici\u00f3n en Box Repsol.\" \/>\n<meta property=\"og:url\" content=\"https:\/\/www.boxrepsol.com\/es\/rally\/isidre-esteve-remonta-14-posiciones-tras-una-jornada-de-gran-dureza\/\" \/>\n<meta property=\"og:site_name\" content=\"Box Repsol\" \/>\n<meta property=\"article:publisher\" content=\"https:\/\/www.facebook.com\/BoxRepsol\" \/>\n<meta property=\"article:author\" content=\"https:\/\/www.facebook.com\/BoxRepsol\/\" \/>\n<meta property=\"article:published_time\" content=\"2023-01-02T02:00:00+00:00\" \/>\n<meta property=\"article:modified_time\" content=\"2024-04-08T10:43:23+00:00\" \/>\n<meta property=\"og:image\" content=\"https:\/\/bxrepsol.s3.eu-west-1.amazonaws.com\/static\/2023\/02\/06085317\/LR-0102113654-MMPHOTO1.jpg\" \/>\n\t<meta property=\"og:image:width\" content=\"2048\" \/>\n\t<meta property=\"og:image:height\" content=\"960\" \/>\n\t<meta property=\"og:image:type\" content=\"image\/jpeg\" \/>\n<meta name=\"author\" content=\"Redacci\u00f3n Box Repsol\" \/>\n<meta name=\"twitter:card\" content=\"summary_large_image\" \/>\n<meta name=\"twitter:creator\" content=\"@https:\/\/twitter.com\/box_repsol\" \/>\n<meta name=\"twitter:site\" content=\"@box_repsol\" \/>\n<meta name=\"twitter:label1\" content=\"Written by\" \/>\n\t<meta name=\"twitter:data1\" content=\"Redacci\u00f3n Box Repsol\" \/>\n\t<meta name=\"twitter:label2\" content=\"Est. reading time\" \/>\n\t<meta name=\"twitter:data2\" content=\"3 minutos\" \/>\n<script type=\"application\/ld+json\" class=\"yoast-schema-graph\">{\"@context\":\"https:\\\/\\\/schema.org\",\"@graph\":[{\"@type\":\"Article\",\"@id\":\"https:\\\/\\\/www.boxrepsol.com\\\/es\\\/rally\\\/isidre-esteve-remonta-14-posiciones-tras-una-jornada-de-gran-dureza\\\/#article\",\"isPartOf\":{\"@id\":\"https:\\\/\\\/www.boxrepsol.com\\\/es\\\/rally\\\/isidre-esteve-remonta-14-posiciones-tras-una-jornada-de-gran-dureza\\\/\"},\"author\":{\"name\":\"Redacci\u00f3n Box Repsol\",\"@id\":\"https:\\\/\\\/www.boxrepsol.com\\\/es\\\/#\\\/schema\\\/person\\\/c5c2138f2cca251b0ad92b7086bb60b7\"},\"headline\":\"Isidre Esteve remonta 14 posiciones tras una jornada de gran dureza\",\"datePublished\":\"2023-01-02T02:00:00+00:00\",\"dateModified\":\"2024-04-08T10:43:23+00:00\",\"mainEntityOfPage\":{\"@id\":\"https:\\\/\\\/www.boxrepsol.com\\\/es\\\/rally\\\/isidre-esteve-remonta-14-posiciones-tras-una-jornada-de-gran-dureza\\\/\"},\"wordCount\":537,\"commentCount\":0,\"publisher\":{\"@id\":\"https:\\\/\\\/www.boxrepsol.com\\\/es\\\/#organization\"},\"image\":{\"@id\":\"https:\\\/\\\/www.boxrepsol.com\\\/es\\\/rally\\\/isidre-esteve-remonta-14-posiciones-tras-una-jornada-de-gran-dureza\\\/#primaryimage\"},\"thumbnailUrl\":\"https:\\\/\\\/bxrepsol.s3.eu-west-1.amazonaws.com\\\/static\\\/2023\\\/02\\\/06085317\\\/LR-0102113654-MMPHOTO1.jpg\",\"keywords\":[\"Dakar\",\"Isidre Esteve\"],\"articleSection\":[\"Rally\"],\"inLanguage\":\"es\",\"potentialAction\":[{\"@type\":\"CommentAction\",\"name\":\"Comment\",\"target\":[\"https:\\\/\\\/www.boxrepsol.com\\\/es\\\/rally\\\/isidre-esteve-remonta-14-posiciones-tras-una-jornada-de-gran-dureza\\\/#respond\"]}]},{\"@type\":\"WebPage\",\"@id\":\"https:\\\/\\\/www.boxrepsol.com\\\/es\\\/rally\\\/isidre-esteve-remonta-14-posiciones-tras-una-jornada-de-gran-dureza\\\/\",\"url\":\"https:\\\/\\\/www.boxrepsol.com\\\/es\\\/rally\\\/isidre-esteve-remonta-14-posiciones-tras-una-jornada-de-gran-dureza\\\/\",\"name\":\"Isidre Esteve remonta 14 posiciones tras una jornada de gran dureza - Box Repsol\",\"isPartOf\":{\"@id\":\"https:\\\/\\\/www.boxrepsol.com\\\/es\\\/#website\"},\"primaryImageOfPage\":{\"@id\":\"https:\\\/\\\/www.boxrepsol.com\\\/es\\\/rally\\\/isidre-esteve-remonta-14-posiciones-tras-una-jornada-de-gran-dureza\\\/#primaryimage\"},\"image\":{\"@id\":\"https:\\\/\\\/www.boxrepsol.com\\\/es\\\/rally\\\/isidre-esteve-remonta-14-posiciones-tras-una-jornada-de-gran-dureza\\\/#primaryimage\"},\"thumbnailUrl\":\"https:\\\/\\\/bxrepsol.s3.eu-west-1.amazonaws.com\\\/static\\\/2023\\\/02\\\/06085317\\\/LR-0102113654-MMPHOTO1.jpg\",\"datePublished\":\"2023-01-02T02:00:00+00:00\",\"dateModified\":\"2024-04-08T10:43:23+00:00\",\"description\":\"Isidre Esteve remonta 14 posiciones tras una jornada de gran dureza: Sigue toda la informaci\u00f3n de esta competici\u00f3n en Box Repsol.\",\"breadcrumb\":{\"@id\":\"https:\\\/\\\/www.boxrepsol.com\\\/es\\\/rally\\\/isidre-esteve-remonta-14-posiciones-tras-una-jornada-de-gran-dureza\\\/#breadcrumb\"},\"inLanguage\":\"es\",\"potentialAction\":[{\"@type\":\"ReadAction\",\"target\":[\"https:\\\/\\\/www.boxrepsol.com\\\/es\\\/rally\\\/isidre-esteve-remonta-14-posiciones-tras-una-jornada-de-gran-dureza\\\/\"]}]},{\"@type\":\"ImageObject\",\"inLanguage\":\"es\",\"@id\":\"https:\\\/\\\/www.boxrepsol.com\\\/es\\\/rally\\\/isidre-esteve-remonta-14-posiciones-tras-una-jornada-de-gran-dureza\\\/#primaryimage\",\"url\":\"https:\\\/\\\/bxrepsol.s3.eu-west-1.amazonaws.com\\\/static\\\/2023\\\/02\\\/06085317\\\/LR-0102113654-MMPHOTO1.jpg\",\"contentUrl\":\"https:\\\/\\\/bxrepsol.s3.eu-west-1.amazonaws.com\\\/static\\\/2023\\\/02\\\/06085317\\\/LR-0102113654-MMPHOTO1.jpg\",\"width\":2048,\"height\":960},{\"@type\":\"BreadcrumbList\",\"@id\":\"https:\\\/\\\/www.boxrepsol.com\\\/es\\\/rally\\\/isidre-esteve-remonta-14-posiciones-tras-una-jornada-de-gran-dureza\\\/#breadcrumb\",\"itemListElement\":[{\"@type\":\"ListItem\",\"position\":1,\"name\":\"Home\",\"item\":\"https:\\\/\\\/www.boxrepsol.com\\\/es\\\/\"},{\"@type\":\"ListItem\",\"position\":2,\"name\":\"Isidre Esteve remonta 14 posiciones tras una jornada de gran dureza\"}]},{\"@type\":\"WebSite\",\"@id\":\"https:\\\/\\\/www.boxrepsol.com\\\/es\\\/#website\",\"url\":\"https:\\\/\\\/www.boxrepsol.com\\\/es\\\/\",\"name\":\"Box Repsol\",\"description\":\"Box Repsol Site\",\"publisher\":{\"@id\":\"https:\\\/\\\/www.boxrepsol.com\\\/es\\\/#organization\"},\"potentialAction\":[{\"@type\":\"SearchAction\",\"target\":{\"@type\":\"EntryPoint\",\"urlTemplate\":\"https:\\\/\\\/www.boxrepsol.com\\\/es\\\/?s={search_term_string}\"},\"query-input\":{\"@type\":\"PropertyValueSpecification\",\"valueRequired\":true,\"valueName\":\"search_term_string\"}}],\"inLanguage\":\"es\"},{\"@type\":\"Organization\",\"@id\":\"https:\\\/\\\/www.boxrepsol.com\\\/es\\\/#organization\",\"name\":\"Box Repsol\",\"url\":\"https:\\\/\\\/www.boxrepsol.com\\\/es\\\/\",\"logo\":{\"@type\":\"ImageObject\",\"inLanguage\":\"es\",\"@id\":\"https:\\\/\\\/www.boxrepsol.com\\\/es\\\/#\\\/schema\\\/logo\\\/image\\\/\",\"url\":\"https:\\\/\\\/bxrepsol.s3.eu-west-1.amazonaws.com\\\/static\\\/2025\\\/07\\\/30083337\\\/favicon-96x96-1.png\",\"contentUrl\":\"https:\\\/\\\/bxrepsol.s3.eu-west-1.amazonaws.com\\\/static\\\/2025\\\/07\\\/30083337\\\/favicon-96x96-1.png\",\"width\":96,\"height\":96,\"caption\":\"Box Repsol\"},\"image\":{\"@id\":\"https:\\\/\\\/www.boxrepsol.com\\\/es\\\/#\\\/schema\\\/logo\\\/image\\\/\"},\"sameAs\":[\"https:\\\/\\\/www.facebook.com\\\/BoxRepsol\",\"https:\\\/\\\/x.com\\\/box_repsol\",\"http:\\\/\\\/instagram.com\\\/box_repsol\",\"https:\\\/\\\/www.youtube.com\\\/user\\\/RepsolCompeticion\",\"https:\\\/\\\/www.flickr.com\\\/photos\\\/box_repsol\\\/\"]},{\"@type\":\"Person\",\"@id\":\"https:\\\/\\\/www.boxrepsol.com\\\/es\\\/#\\\/schema\\\/person\\\/c5c2138f2cca251b0ad92b7086bb60b7\",\"name\":\"Redacci\u00f3n Box Repsol\",\"image\":{\"@type\":\"ImageObject\",\"inLanguage\":\"es\",\"@id\":\"https:\\\/\\\/secure.gravatar.com\\\/avatar\\\/adf7b77e38b4419baf32c7e9c21dde01f4e40df611f0978e3006fc4ba0aaab7e?s=96&d=mm&r=g\",\"url\":\"https:\\\/\\\/secure.gravatar.com\\\/avatar\\\/adf7b77e38b4419baf32c7e9c21dde01f4e40df611f0978e3006fc4ba0aaab7e?s=96&d=mm&r=g\",\"contentUrl\":\"https:\\\/\\\/secure.gravatar.com\\\/avatar\\\/adf7b77e38b4419baf32c7e9c21dde01f4e40df611f0978e3006fc4ba0aaab7e?s=96&d=mm&r=g\",\"caption\":\"Redacci\u00f3n Box Repsol\"},\"description\":\"Box Repsol lo forma un equipo de periodistas, community managers, dise\u00f1adores y fot\u00f3grafos con m\u00e1s de 20 a\u00f1os de experiencia en el mundo del motorsport. Hemos vivido el primer mundial de un espa\u00f1ol en la categor\u00eda reina de motociclismo con \u00c1lex Crivill\u00e9, estuvimos en las victorias de Pedrosa y los t\u00edtulos de M\u00e1rquez, acompa\u00f1amos en \u00c1frica a Nani Roma y Marc Coma en sus conquistas del Dakar y hemos vibrado con los t\u00edtulos de Toni Bou en Trial. Adem\u00e1s, en nuestro equipo contamos con expertos en el mundo de las dos y cuatro ruedas tanto de la calle y las carreteras, como de los circuitos. Periodistas que han trabajado en revistas y publicaciones para hacerte llegar desde rutas y consejos de mantenimiento, a curiosidades y trucos de pilotaje.\",\"sameAs\":[\"https:\\\/\\\/www.facebook.com\\\/BoxRepsol\\\/\",\"https:\\\/\\\/www.instagram.com\\\/box_repsol\\\/\",\"https:\\\/\\\/x.com\\\/https:\\\/\\\/twitter.com\\\/box_repsol\",\"https:\\\/\\\/www.youtube.com\\\/@Boxrepsol\"],\"url\":\"https:\\\/\\\/www.boxrepsol.com\\\/es\\\/author\\\/redaccion-box-repsol\\\/\"}]}<\/script>\n<!-- \/ Yoast SEO plugin. -->","yoast_head_json":{"title":"Isidre Esteve remonta 14 posiciones tras una jornada de gran dureza - Box Repsol","description":"Isidre Esteve remonta 14 posiciones tras una jornada de gran dureza: Sigue toda la informaci\u00f3n de esta competici\u00f3n en Box Repsol.","canonical":"https:\/\/www.boxrepsol.com\/es\/rally\/isidre-esteve-remonta-14-posiciones-tras-una-jornada-de-gran-dureza\/","og_locale":"es_ES","og_type":"article","og_title":"Isidre Esteve remonta 14 posiciones tras una jornada de gran dureza - Box Repsol","og_description":"Isidre Esteve remonta 14 posiciones tras una jornada de gran dureza: Sigue toda la informaci\u00f3n de esta competici\u00f3n en Box Repsol.","og_url":"https:\/\/www.boxrepsol.com\/es\/rally\/isidre-esteve-remonta-14-posiciones-tras-una-jornada-de-gran-dureza\/","og_site_name":"Box Repsol","article_publisher":"https:\/\/www.facebook.com\/BoxRepsol","article_author":"https:\/\/www.facebook.com\/BoxRepsol\/","article_published_time":"2023-01-02T02:00:00+00:00","article_modified_time":"2024-04-08T10:43:23+00:00","og_image":[{"width":2048,"height":960,"url":"https:\/\/bxrepsol.s3.eu-west-1.amazonaws.com\/static\/2023\/02\/06085317\/LR-0102113654-MMPHOTO1.jpg","type":"image\/jpeg"}],"author":"Redacci\u00f3n Box Repsol","twitter_card":"summary_large_image","twitter_creator":"@https:\/\/twitter.com\/box_repsol","twitter_site":"@box_repsol","twitter_misc":{"Written by":"Redacci\u00f3n Box Repsol","Est. reading time":"3 minutos"},"schema":{"@context":"https:\/\/schema.org","@graph":[{"@type":"Article","@id":"https:\/\/www.boxrepsol.com\/es\/rally\/isidre-esteve-remonta-14-posiciones-tras-una-jornada-de-gran-dureza\/#article","isPartOf":{"@id":"https:\/\/www.boxrepsol.com\/es\/rally\/isidre-esteve-remonta-14-posiciones-tras-una-jornada-de-gran-dureza\/"},"author":{"name":"Redacci\u00f3n Box Repsol","@id":"https:\/\/www.boxrepsol.com\/es\/#\/schema\/person\/c5c2138f2cca251b0ad92b7086bb60b7"},"headline":"Isidre Esteve remonta 14 posiciones tras una jornada de gran dureza","datePublished":"2023-01-02T02:00:00+00:00","dateModified":"2024-04-08T10:43:23+00:00","mainEntityOfPage":{"@id":"https:\/\/www.boxrepsol.com\/es\/rally\/isidre-esteve-remonta-14-posiciones-tras-una-jornada-de-gran-dureza\/"},"wordCount":537,"commentCount":0,"publisher":{"@id":"https:\/\/www.boxrepsol.com\/es\/#organization"},"image":{"@id":"https:\/\/www.boxrepsol.com\/es\/rally\/isidre-esteve-remonta-14-posiciones-tras-una-jornada-de-gran-dureza\/#primaryimage"},"thumbnailUrl":"https:\/\/bxrepsol.s3.eu-west-1.amazonaws.com\/static\/2023\/02\/06085317\/LR-0102113654-MMPHOTO1.jpg","keywords":["Dakar","Isidre Esteve"],"articleSection":["Rally"],"inLanguage":"es","potentialAction":[{"@type":"CommentAction","name":"Comment","target":["https:\/\/www.boxrepsol.com\/es\/rally\/isidre-esteve-remonta-14-posiciones-tras-una-jornada-de-gran-dureza\/#respond"]}]},{"@type":"WebPage","@id":"https:\/\/www.boxrepsol.com\/es\/rally\/isidre-esteve-remonta-14-posiciones-tras-una-jornada-de-gran-dureza\/","url":"https:\/\/www.boxrepsol.com\/es\/rally\/isidre-esteve-remonta-14-posiciones-tras-una-jornada-de-gran-dureza\/","name":"Isidre Esteve remonta 14 posiciones tras una jornada de gran dureza - Box Repsol","isPartOf":{"@id":"https:\/\/www.boxrepsol.com\/es\/#website"},"primaryImageOfPage":{"@id":"https:\/\/www.boxrepsol.com\/es\/rally\/isidre-esteve-remonta-14-posiciones-tras-una-jornada-de-gran-dureza\/#primaryimage"},"image":{"@id":"https:\/\/www.boxrepsol.com\/es\/rally\/isidre-esteve-remonta-14-posiciones-tras-una-jornada-de-gran-dureza\/#primaryimage"},"thumbnailUrl":"https:\/\/bxrepsol.s3.eu-west-1.amazonaws.com\/static\/2023\/02\/06085317\/LR-0102113654-MMPHOTO1.jpg","datePublished":"2023-01-02T02:00:00+00:00","dateModified":"2024-04-08T10:43:23+00:00","description":"Isidre Esteve remonta 14 posiciones tras una jornada de gran dureza: Sigue toda la informaci\u00f3n de esta competici\u00f3n en Box Repsol.","breadcrumb":{"@id":"https:\/\/www.boxrepsol.com\/es\/rally\/isidre-esteve-remonta-14-posiciones-tras-una-jornada-de-gran-dureza\/#breadcrumb"},"inLanguage":"es","potentialAction":[{"@type":"ReadAction","target":["https:\/\/www.boxrepsol.com\/es\/rally\/isidre-esteve-remonta-14-posiciones-tras-una-jornada-de-gran-dureza\/"]}]},{"@type":"ImageObject","inLanguage":"es","@id":"https:\/\/www.boxrepsol.com\/es\/rally\/isidre-esteve-remonta-14-posiciones-tras-una-jornada-de-gran-dureza\/#primaryimage","url":"https:\/\/bxrepsol.s3.eu-west-1.amazonaws.com\/static\/2023\/02\/06085317\/LR-0102113654-MMPHOTO1.jpg","contentUrl":"https:\/\/bxrepsol.s3.eu-west-1.amazonaws.com\/static\/2023\/02\/06085317\/LR-0102113654-MMPHOTO1.jpg","width":2048,"height":960},{"@type":"BreadcrumbList","@id":"https:\/\/www.boxrepsol.com\/es\/rally\/isidre-esteve-remonta-14-posiciones-tras-una-jornada-de-gran-dureza\/#breadcrumb","itemListElement":[{"@type":"ListItem","position":1,"name":"Home","item":"https:\/\/www.boxrepsol.com\/es\/"},{"@type":"ListItem","position":2,"name":"Isidre Esteve remonta 14 posiciones tras una jornada de gran dureza"}]},{"@type":"WebSite","@id":"https:\/\/www.boxrepsol.com\/es\/#website","url":"https:\/\/www.boxrepsol.com\/es\/","name":"Box Repsol","description":"Box Repsol Site","publisher":{"@id":"https:\/\/www.boxrepsol.com\/es\/#organization"},"potentialAction":[{"@type":"SearchAction","target":{"@type":"EntryPoint","urlTemplate":"https:\/\/www.boxrepsol.com\/es\/?s={search_term_string}"},"query-input":{"@type":"PropertyValueSpecification","valueRequired":true,"valueName":"search_term_string"}}],"inLanguage":"es"},{"@type":"Organization","@id":"https:\/\/www.boxrepsol.com\/es\/#organization","name":"Box Repsol","url":"https:\/\/www.boxrepsol.com\/es\/","logo":{"@type":"ImageObject","inLanguage":"es","@id":"https:\/\/www.boxrepsol.com\/es\/#\/schema\/logo\/image\/","url":"https:\/\/bxrepsol.s3.eu-west-1.amazonaws.com\/static\/2025\/07\/30083337\/favicon-96x96-1.png","contentUrl":"https:\/\/bxrepsol.s3.eu-west-1.amazonaws.com\/static\/2025\/07\/30083337\/favicon-96x96-1.png","width":96,"height":96,"caption":"Box Repsol"},"image":{"@id":"https:\/\/www.boxrepsol.com\/es\/#\/schema\/logo\/image\/"},"sameAs":["https:\/\/www.facebook.com\/BoxRepsol","https:\/\/x.com\/box_repsol","http:\/\/instagram.com\/box_repsol","https:\/\/www.youtube.com\/user\/RepsolCompeticion","https:\/\/www.flickr.com\/photos\/box_repsol\/"]},{"@type":"Person","@id":"https:\/\/www.boxrepsol.com\/es\/#\/schema\/person\/c5c2138f2cca251b0ad92b7086bb60b7","name":"Redacci\u00f3n Box Repsol","image":{"@type":"ImageObject","inLanguage":"es","@id":"https:\/\/secure.gravatar.com\/avatar\/adf7b77e38b4419baf32c7e9c21dde01f4e40df611f0978e3006fc4ba0aaab7e?s=96&d=mm&r=g","url":"https:\/\/secure.gravatar.com\/avatar\/adf7b77e38b4419baf32c7e9c21dde01f4e40df611f0978e3006fc4ba0aaab7e?s=96&d=mm&r=g","contentUrl":"https:\/\/secure.gravatar.com\/avatar\/adf7b77e38b4419baf32c7e9c21dde01f4e40df611f0978e3006fc4ba0aaab7e?s=96&d=mm&r=g","caption":"Redacci\u00f3n Box Repsol"},"description":"Box Repsol lo forma un equipo de periodistas, community managers, dise\u00f1adores y fot\u00f3grafos con m\u00e1s de 20 a\u00f1os de experiencia en el mundo del motorsport. Hemos vivido el primer mundial de un espa\u00f1ol en la categor\u00eda reina de motociclismo con \u00c1lex Crivill\u00e9, estuvimos en las victorias de Pedrosa y los t\u00edtulos de M\u00e1rquez, acompa\u00f1amos en \u00c1frica a Nani Roma y Marc Coma en sus conquistas del Dakar y hemos vibrado con los t\u00edtulos de Toni Bou en Trial. Adem\u00e1s, en nuestro equipo contamos con expertos en el mundo de las dos y cuatro ruedas tanto de la calle y las carreteras, como de los circuitos. Periodistas que han trabajado en revistas y publicaciones para hacerte llegar desde rutas y consejos de mantenimiento, a curiosidades y trucos de pilotaje.","sameAs":["https:\/\/www.facebook.com\/BoxRepsol\/","https:\/\/www.instagram.com\/box_repsol\/","https:\/\/x.com\/https:\/\/twitter.com\/box_repsol","https:\/\/www.youtube.com\/@Boxrepsol"],"url":"https:\/\/www.boxrepsol.com\/es\/author\/redaccion-box-repsol\/"}]}},"_links":{"self":[{"href":"https:\/\/www.boxrepsol.com\/es\/wp-json\/wp\/v2\/posts\/95636","targetHints":{"allow":["GET"]}}],"collection":[{"href":"https:\/\/www.boxrepsol.com\/es\/wp-json\/wp\/v2\/posts"}],"about":[{"href":"https:\/\/www.boxrepsol.com\/es\/wp-json\/wp\/v2\/types\/post"}],"author":[{"embeddable":true,"href":"https:\/\/www.boxrepsol.com\/es\/wp-json\/wp\/v2\/users\/43146"}],"replies":[{"embeddable":true,"href":"https:\/\/www.boxrepsol.com\/es\/wp-json\/wp\/v2\/comments?post=95636"}],"version-history":[{"count":3,"href":"https:\/\/www.boxrepsol.com\/es\/wp-json\/wp\/v2\/posts\/95636\/revisions"}],"predecessor-version":[{"id":114597,"href":"https:\/\/www.boxrepsol.com\/es\/wp-json\/wp\/v2\/posts\/95636\/revisions\/114597"}],"wp:featuredmedia":[{"embeddable":true,"href":"https:\/\/www.boxrepsol.com\/es\/wp-json\/wp\/v2\/media\/84910"}],"wp:attachment":[{"href":"https:\/\/www.boxrepsol.com\/es\/wp-json\/wp\/v2\/media?parent=95636"}],"wp:term":[{"taxonomy":"category","embeddable":true,"href":"https:\/\/www.boxrepsol.com\/es\/wp-json\/wp\/v2\/categories?post=95636"},{"taxonomy":"post_tag","embeddable":true,"href":"https:\/\/www.boxrepsol.com\/es\/wp-json\/wp\/v2\/tags?post=95636"}],"curies":[{"name":"wp","href":"https:\/\/api.w.org\/{rel}","templated":true}]}}