{"id":95635,"date":"2023-01-01T00:00:00","date_gmt":"2023-01-01T02:00:00","guid":{"rendered":"http:\/\/pre.boxrepsol.com\/sin-categorizar\/el-mal-funcionamiento-de-los-instrumentos-de-navegacion-lastra-a-isidre-esteve-en-la-primera-etapa-del-dakar\/"},"modified":"2024-04-08T08:44:27","modified_gmt":"2024-04-08T10:44:27","slug":"el-mal-funcionamiento-de-los-instrumentos-de-navegacion-lastra-a-isidre-esteve-en-la-primera-etapa-del-dakar","status":"publish","type":"post","link":"https:\/\/www.boxrepsol.com\/es\/rally\/el-mal-funcionamiento-de-los-instrumentos-de-navegacion-lastra-a-isidre-esteve-en-la-primera-etapa-del-dakar\/","title":{"rendered":"El mal funcionamiento de los instrumentos de navegaci\u00f3n lastra a Isidre Esteve en la primera etapa del Dakar"},"content":{"rendered":"<figure class=\"wp-block-post-featured-image\"><img loading=\"lazy\" decoding=\"async\" width=\"1280\" height=\"600\" src=\"https:\/\/bxrepsol.s3.eu-west-1.amazonaws.com\/static\/2023\/02\/06085302\/e1d23.jpg\" class=\"attachment-post-thumbnail size-post-thumbnail wp-post-image\" alt=\"\" style=\"object-fit:cover;\" srcset=\"https:\/\/bxrepsol.s3.eu-west-1.amazonaws.com\/static\/2023\/02\/06085302\/e1d23.jpg 1280w, https:\/\/bxrepsol.s3.eu-west-1.amazonaws.com\/static\/2023\/02\/06085302\/e1d23-300x141.jpg 300w, https:\/\/bxrepsol.s3.eu-west-1.amazonaws.com\/static\/2023\/02\/06085302\/e1d23-1024x480.jpg 1024w, https:\/\/bxrepsol.s3.eu-west-1.amazonaws.com\/static\/2023\/02\/06085302\/e1d23-768x360.jpg 768w\" sizes=\"auto, (max-width: 1280px) 100vw, 1280px\" \/><\/figure>\n\n\n<p>Isidre Esteve y Txema Villalobos han salvado una complicada primera etapa del Dakar, en la que han sufrido un pinchazo y han debido hacer frente al funcionamiento err\u00e1tico de las dos tablets que llevan en su coche con los instrumentos y anotaciones de navegaci\u00f3n. Los representantes del Repsol Toyota Rally Team han concluido la etapa en 49\u00aa plaza, 37\u00aa entre los T1, y buscar\u00e1n iniciar la recuperaci\u00f3n a partir de la jornada de ma\u00f1ana una vez se haya resuelto el problema.<\/p>\n\n\n\n<p>Esteve y Villalobos abandonaban esta ma\u00f1ana el Sea Camp ilusionados tras una buena pr\u00f3logo y decididos a afrontar los primeros 368 km de verdadero Dakar en un terreno que, sobre el papel, no representaba grandes dificultades. Todo marchaba sobre ruedas para ambos en los compases iniciales de la especial, hasta que ha saltado la primera alerta desde el asiento de la derecha, como recuerda el piloto de Oliana: \u201cHab\u00edamos empezado muy bien, pero no hemos tardado en descubrir que la tablet no validaba bien los waypoints. No entend\u00edamos nada, y hemos tenido que dar media vuelta en tres o cuatro puntos para asegurarnos de que marc\u00e1bamos todos los puntos de paso\u201d.<\/p>\n\n\n\n<p>Superado este primer inconveniente, hacia el ecuador de la etapa ha llegado el segundo escollo: las piedras. Txema Villalobos ha debido bajar del Toyota Hilux T1+ en una ocasi\u00f3n para reparar un pinchazo, a\u00f1adiendo unos valiosos minutos a la sangr\u00eda de tiempo provocada por las dificultades de navegaci\u00f3n, que se complicaban conforme avanzaban los kil\u00f3metros: \u201cEn una vi\u00f1eta modificada del roadbook, la tablet ha vuelto a hacer de las suyas, porque validaba un waypoint antes que otro, y es donde hemos terminado de confirmar, por si cab\u00eda alguna duda, que ten\u00edamos un problema t\u00e9cnico en este elemento. De hecho, nos hemos juntado en un punto dando vueltas con Juan Cruz Yacopini en busca de la pista adecuada, y el tiempo perdido aqu\u00ed ha acabado por afectar de forma importante a nuestra concentraci\u00f3n y confianza en lo que restaba de especial\u201d.<\/p>\n\n\n\n<p>A su llegada al vivac, Txema Villalobos ha desmontado las dos tablets del Toyota y las ha enviado a la organizaci\u00f3n para su preceptivo examen. Entre tanto, el l\u00edder del equipo apoyado por Repsol, MGS Seguros, KH-7 y Toyota Espa\u00f1a ya pensaba en ma\u00f1ana: \u201cCerramos una primera etapa para olvidar, as\u00ed que habr\u00e1 que pasar p\u00e1gina y confiar que a partir de la segunda todo funcione con normalidad.\u201d<\/p>\n\n\n\n<p>El Dakar abandonar\u00e1 ma\u00f1ana el campamento base del rally para dirigirse a Al-Ula, donde llegar\u00e1 tras recorrer 590 km, 430 de los cuales contra el cron\u00f3metro. Gran parte del recorrido discurrir\u00e1 por pistas pedregosas y ca\u00f1ones, lo que obligar\u00e1 a cuidar el pilotaje, antes de concluir con un breve aperitivo de navegaci\u00f3n entre dunas.<\/p>\n\n\n\n<p><strong>Clasificaci\u00f3n etapa:<\/strong><\/p>\n\n\n\n<p>1. Carlos Sainz (Audi) 3h 28\u201955\u201d<\/p>\n\n\n\n<p>2. Sebastien Loeb (Prodrive) +10\u201d<\/p>\n\n\n\n<p>3. Yazeed Al Rajhi (Toyota) +2\u201901\u201d<\/p>\n\n\n\n<p>4. Guerlain Chicherit (Prodrive) +2\u201903\u201d<\/p>\n\n\n\n<p>5. Orlando Terranova (Prodrive) +7\u201905\u201d<\/p>\n\n\n\n<p>\u2026<\/p>\n\n\n\n<p><strong>49. Isidre Esteve (Toyota) +48\u201932\u201d<\/strong><\/p>\n\n\n\n<p><\/p>\n\n\n\n<p><strong>Clasificaci\u00f3n general:<\/strong><\/p>\n\n\n\n<p>1. Carlos Sainz (Audi) 3h 28\u201955\u201d<\/p>\n\n\n\n<p>2. Sebastien Loeb (Prodrive) +10\u201d<\/p>\n\n\n\n<p>3. Yazeed Al Rajhi (Toyota) +2\u201901\u201d<\/p>\n\n\n\n<p>4. Guerlain Chicherit (Prodrive) +2\u201903\u201d<\/p>\n\n\n\n<p>5. Orlando Terranova (Prodrive) +7\u201905\u201d<\/p>\n\n\n\n<p>\u2026<\/p>\n\n\n\n<p><strong>49. Isidre Esteve (Toyota) +48\u201932\u201d<\/strong><\/p>\n","protected":false},"excerpt":{"rendered":"<p>El comportamiento err\u00e1tico de la tablet, elemento que valida los puntos de paso del recorrido, ha confundido en numerosos momentos a los pilotos del Repsol Toyota Rally Team, que tambi\u00e9n han cedido tiempo para reparar un pinchazo.<\/p>\n","protected":false},"author":43146,"featured_media":84896,"comment_status":"open","ping_status":"open","sticky":false,"template":"","format":"standard","meta":{"footnotes":""},"categories":[27],"tags":[269,201,29,130],"class_list":["post-95635","post","type-post","status-publish","format-standard","hentry","category-rally","tag-269","tag-dakar","tag-isidre-esteve","tag-otros-eventos-y-competiciones"],"yoast_head":"<!-- This site is optimized with the Yoast SEO plugin v27.3 - https:\/\/yoast.com\/product\/yoast-seo-wordpress\/ -->\n<title>El mal funcionamiento de los instrumentos de navegaci\u00f3n lastra a Isidre Esteve en la primera etapa del Dakar - Box Repsol<\/title>\n<meta name=\"description\" content=\"Problemas para Isidre Esteve en la primera etapa del Dakar: Conoce los desaf\u00edos que enfrent\u00f3 el piloto en el inicio de esta competici\u00f3n.\" \/>\n<link rel=\"canonical\" href=\"https:\/\/www.boxrepsol.com\/es\/rally\/el-mal-funcionamiento-de-los-instrumentos-de-navegacion-lastra-a-isidre-esteve-en-la-primera-etapa-del-dakar\/\" \/>\n<meta property=\"og:locale\" content=\"es_ES\" \/>\n<meta property=\"og:type\" content=\"article\" \/>\n<meta property=\"og:title\" content=\"El mal funcionamiento de los instrumentos de navegaci\u00f3n lastra a Isidre Esteve en la primera etapa del Dakar - Box Repsol\" \/>\n<meta property=\"og:description\" content=\"Problemas para Isidre Esteve en la primera etapa del Dakar: Conoce los desaf\u00edos que enfrent\u00f3 el piloto en el inicio de esta competici\u00f3n.\" \/>\n<meta property=\"og:url\" content=\"https:\/\/www.boxrepsol.com\/es\/rally\/el-mal-funcionamiento-de-los-instrumentos-de-navegacion-lastra-a-isidre-esteve-en-la-primera-etapa-del-dakar\/\" \/>\n<meta property=\"og:site_name\" content=\"Box Repsol\" \/>\n<meta property=\"article:publisher\" content=\"https:\/\/www.facebook.com\/BoxRepsol\" \/>\n<meta property=\"article:author\" content=\"https:\/\/www.facebook.com\/BoxRepsol\/\" \/>\n<meta property=\"article:published_time\" content=\"2023-01-01T02:00:00+00:00\" \/>\n<meta property=\"article:modified_time\" content=\"2024-04-08T10:44:27+00:00\" \/>\n<meta property=\"og:image\" content=\"https:\/\/bxrepsol.s3.eu-west-1.amazonaws.com\/static\/2023\/02\/06085302\/e1d23.jpg\" \/>\n\t<meta property=\"og:image:width\" content=\"1280\" \/>\n\t<meta property=\"og:image:height\" content=\"600\" \/>\n\t<meta property=\"og:image:type\" content=\"image\/jpeg\" \/>\n<meta name=\"author\" content=\"Redacci\u00f3n Box Repsol\" \/>\n<meta name=\"twitter:card\" content=\"summary_large_image\" \/>\n<meta name=\"twitter:creator\" content=\"@https:\/\/twitter.com\/box_repsol\" \/>\n<meta name=\"twitter:site\" content=\"@box_repsol\" \/>\n<meta name=\"twitter:label1\" content=\"Written by\" \/>\n\t<meta name=\"twitter:data1\" content=\"Redacci\u00f3n Box Repsol\" \/>\n\t<meta name=\"twitter:label2\" content=\"Est. reading time\" \/>\n\t<meta name=\"twitter:data2\" content=\"3 minutos\" \/>\n<script type=\"application\/ld+json\" class=\"yoast-schema-graph\">{\"@context\":\"https:\\\/\\\/schema.org\",\"@graph\":[{\"@type\":\"Article\",\"@id\":\"https:\\\/\\\/www.boxrepsol.com\\\/es\\\/rally\\\/el-mal-funcionamiento-de-los-instrumentos-de-navegacion-lastra-a-isidre-esteve-en-la-primera-etapa-del-dakar\\\/#article\",\"isPartOf\":{\"@id\":\"https:\\\/\\\/www.boxrepsol.com\\\/es\\\/rally\\\/el-mal-funcionamiento-de-los-instrumentos-de-navegacion-lastra-a-isidre-esteve-en-la-primera-etapa-del-dakar\\\/\"},\"author\":{\"name\":\"Redacci\u00f3n Box Repsol\",\"@id\":\"https:\\\/\\\/www.boxrepsol.com\\\/es\\\/#\\\/schema\\\/person\\\/c5c2138f2cca251b0ad92b7086bb60b7\"},\"headline\":\"El mal funcionamiento de los instrumentos de navegaci\u00f3n lastra a Isidre Esteve en la primera etapa del Dakar\",\"datePublished\":\"2023-01-01T02:00:00+00:00\",\"dateModified\":\"2024-04-08T10:44:27+00:00\",\"mainEntityOfPage\":{\"@id\":\"https:\\\/\\\/www.boxrepsol.com\\\/es\\\/rally\\\/el-mal-funcionamiento-de-los-instrumentos-de-navegacion-lastra-a-isidre-esteve-en-la-primera-etapa-del-dakar\\\/\"},\"wordCount\":543,\"commentCount\":0,\"publisher\":{\"@id\":\"https:\\\/\\\/www.boxrepsol.com\\\/es\\\/#organization\"},\"image\":{\"@id\":\"https:\\\/\\\/www.boxrepsol.com\\\/es\\\/rally\\\/el-mal-funcionamiento-de-los-instrumentos-de-navegacion-lastra-a-isidre-esteve-en-la-primera-etapa-del-dakar\\\/#primaryimage\"},\"thumbnailUrl\":\"https:\\\/\\\/bxrepsol.s3.eu-west-1.amazonaws.com\\\/static\\\/2023\\\/02\\\/06085302\\\/e1d23.jpg\",\"keywords\":[\"2023\",\"Dakar\",\"Isidre Esteve\",\"otros eventos y competiciones\"],\"articleSection\":[\"Rally\"],\"inLanguage\":\"es\",\"potentialAction\":[{\"@type\":\"CommentAction\",\"name\":\"Comment\",\"target\":[\"https:\\\/\\\/www.boxrepsol.com\\\/es\\\/rally\\\/el-mal-funcionamiento-de-los-instrumentos-de-navegacion-lastra-a-isidre-esteve-en-la-primera-etapa-del-dakar\\\/#respond\"]}]},{\"@type\":\"WebPage\",\"@id\":\"https:\\\/\\\/www.boxrepsol.com\\\/es\\\/rally\\\/el-mal-funcionamiento-de-los-instrumentos-de-navegacion-lastra-a-isidre-esteve-en-la-primera-etapa-del-dakar\\\/\",\"url\":\"https:\\\/\\\/www.boxrepsol.com\\\/es\\\/rally\\\/el-mal-funcionamiento-de-los-instrumentos-de-navegacion-lastra-a-isidre-esteve-en-la-primera-etapa-del-dakar\\\/\",\"name\":\"El mal funcionamiento de los instrumentos de navegaci\u00f3n lastra a Isidre Esteve en la primera etapa del Dakar - Box Repsol\",\"isPartOf\":{\"@id\":\"https:\\\/\\\/www.boxrepsol.com\\\/es\\\/#website\"},\"primaryImageOfPage\":{\"@id\":\"https:\\\/\\\/www.boxrepsol.com\\\/es\\\/rally\\\/el-mal-funcionamiento-de-los-instrumentos-de-navegacion-lastra-a-isidre-esteve-en-la-primera-etapa-del-dakar\\\/#primaryimage\"},\"image\":{\"@id\":\"https:\\\/\\\/www.boxrepsol.com\\\/es\\\/rally\\\/el-mal-funcionamiento-de-los-instrumentos-de-navegacion-lastra-a-isidre-esteve-en-la-primera-etapa-del-dakar\\\/#primaryimage\"},\"thumbnailUrl\":\"https:\\\/\\\/bxrepsol.s3.eu-west-1.amazonaws.com\\\/static\\\/2023\\\/02\\\/06085302\\\/e1d23.jpg\",\"datePublished\":\"2023-01-01T02:00:00+00:00\",\"dateModified\":\"2024-04-08T10:44:27+00:00\",\"description\":\"Problemas para Isidre Esteve en la primera etapa del Dakar: Conoce los desaf\u00edos que enfrent\u00f3 el piloto en el inicio de esta competici\u00f3n.\",\"breadcrumb\":{\"@id\":\"https:\\\/\\\/www.boxrepsol.com\\\/es\\\/rally\\\/el-mal-funcionamiento-de-los-instrumentos-de-navegacion-lastra-a-isidre-esteve-en-la-primera-etapa-del-dakar\\\/#breadcrumb\"},\"inLanguage\":\"es\",\"potentialAction\":[{\"@type\":\"ReadAction\",\"target\":[\"https:\\\/\\\/www.boxrepsol.com\\\/es\\\/rally\\\/el-mal-funcionamiento-de-los-instrumentos-de-navegacion-lastra-a-isidre-esteve-en-la-primera-etapa-del-dakar\\\/\"]}]},{\"@type\":\"ImageObject\",\"inLanguage\":\"es\",\"@id\":\"https:\\\/\\\/www.boxrepsol.com\\\/es\\\/rally\\\/el-mal-funcionamiento-de-los-instrumentos-de-navegacion-lastra-a-isidre-esteve-en-la-primera-etapa-del-dakar\\\/#primaryimage\",\"url\":\"https:\\\/\\\/bxrepsol.s3.eu-west-1.amazonaws.com\\\/static\\\/2023\\\/02\\\/06085302\\\/e1d23.jpg\",\"contentUrl\":\"https:\\\/\\\/bxrepsol.s3.eu-west-1.amazonaws.com\\\/static\\\/2023\\\/02\\\/06085302\\\/e1d23.jpg\",\"width\":1280,\"height\":600},{\"@type\":\"BreadcrumbList\",\"@id\":\"https:\\\/\\\/www.boxrepsol.com\\\/es\\\/rally\\\/el-mal-funcionamiento-de-los-instrumentos-de-navegacion-lastra-a-isidre-esteve-en-la-primera-etapa-del-dakar\\\/#breadcrumb\",\"itemListElement\":[{\"@type\":\"ListItem\",\"position\":1,\"name\":\"Home\",\"item\":\"https:\\\/\\\/www.boxrepsol.com\\\/es\\\/\"},{\"@type\":\"ListItem\",\"position\":2,\"name\":\"El mal funcionamiento de los instrumentos de navegaci\u00f3n lastra a Isidre Esteve en la primera etapa del Dakar\"}]},{\"@type\":\"WebSite\",\"@id\":\"https:\\\/\\\/www.boxrepsol.com\\\/es\\\/#website\",\"url\":\"https:\\\/\\\/www.boxrepsol.com\\\/es\\\/\",\"name\":\"Box Repsol\",\"description\":\"Box Repsol Site\",\"publisher\":{\"@id\":\"https:\\\/\\\/www.boxrepsol.com\\\/es\\\/#organization\"},\"potentialAction\":[{\"@type\":\"SearchAction\",\"target\":{\"@type\":\"EntryPoint\",\"urlTemplate\":\"https:\\\/\\\/www.boxrepsol.com\\\/es\\\/?s={search_term_string}\"},\"query-input\":{\"@type\":\"PropertyValueSpecification\",\"valueRequired\":true,\"valueName\":\"search_term_string\"}}],\"inLanguage\":\"es\"},{\"@type\":\"Organization\",\"@id\":\"https:\\\/\\\/www.boxrepsol.com\\\/es\\\/#organization\",\"name\":\"Box Repsol\",\"url\":\"https:\\\/\\\/www.boxrepsol.com\\\/es\\\/\",\"logo\":{\"@type\":\"ImageObject\",\"inLanguage\":\"es\",\"@id\":\"https:\\\/\\\/www.boxrepsol.com\\\/es\\\/#\\\/schema\\\/logo\\\/image\\\/\",\"url\":\"https:\\\/\\\/bxrepsol.s3.eu-west-1.amazonaws.com\\\/static\\\/2025\\\/07\\\/30083337\\\/favicon-96x96-1.png\",\"contentUrl\":\"https:\\\/\\\/bxrepsol.s3.eu-west-1.amazonaws.com\\\/static\\\/2025\\\/07\\\/30083337\\\/favicon-96x96-1.png\",\"width\":96,\"height\":96,\"caption\":\"Box Repsol\"},\"image\":{\"@id\":\"https:\\\/\\\/www.boxrepsol.com\\\/es\\\/#\\\/schema\\\/logo\\\/image\\\/\"},\"sameAs\":[\"https:\\\/\\\/www.facebook.com\\\/BoxRepsol\",\"https:\\\/\\\/x.com\\\/box_repsol\",\"http:\\\/\\\/instagram.com\\\/box_repsol\",\"https:\\\/\\\/www.youtube.com\\\/user\\\/RepsolCompeticion\",\"https:\\\/\\\/www.flickr.com\\\/photos\\\/box_repsol\\\/\"]},{\"@type\":\"Person\",\"@id\":\"https:\\\/\\\/www.boxrepsol.com\\\/es\\\/#\\\/schema\\\/person\\\/c5c2138f2cca251b0ad92b7086bb60b7\",\"name\":\"Redacci\u00f3n Box Repsol\",\"image\":{\"@type\":\"ImageObject\",\"inLanguage\":\"es\",\"@id\":\"https:\\\/\\\/secure.gravatar.com\\\/avatar\\\/adf7b77e38b4419baf32c7e9c21dde01f4e40df611f0978e3006fc4ba0aaab7e?s=96&d=mm&r=g\",\"url\":\"https:\\\/\\\/secure.gravatar.com\\\/avatar\\\/adf7b77e38b4419baf32c7e9c21dde01f4e40df611f0978e3006fc4ba0aaab7e?s=96&d=mm&r=g\",\"contentUrl\":\"https:\\\/\\\/secure.gravatar.com\\\/avatar\\\/adf7b77e38b4419baf32c7e9c21dde01f4e40df611f0978e3006fc4ba0aaab7e?s=96&d=mm&r=g\",\"caption\":\"Redacci\u00f3n Box Repsol\"},\"description\":\"Box Repsol lo forma un equipo de periodistas, community managers, dise\u00f1adores y fot\u00f3grafos con m\u00e1s de 20 a\u00f1os de experiencia en el mundo del motorsport. Hemos vivido el primer mundial de un espa\u00f1ol en la categor\u00eda reina de motociclismo con \u00c1lex Crivill\u00e9, estuvimos en las victorias de Pedrosa y los t\u00edtulos de M\u00e1rquez, acompa\u00f1amos en \u00c1frica a Nani Roma y Marc Coma en sus conquistas del Dakar y hemos vibrado con los t\u00edtulos de Toni Bou en Trial. Adem\u00e1s, en nuestro equipo contamos con expertos en el mundo de las dos y cuatro ruedas tanto de la calle y las carreteras, como de los circuitos. Periodistas que han trabajado en revistas y publicaciones para hacerte llegar desde rutas y consejos de mantenimiento, a curiosidades y trucos de pilotaje.\",\"sameAs\":[\"https:\\\/\\\/www.facebook.com\\\/BoxRepsol\\\/\",\"https:\\\/\\\/www.instagram.com\\\/box_repsol\\\/\",\"https:\\\/\\\/x.com\\\/https:\\\/\\\/twitter.com\\\/box_repsol\",\"https:\\\/\\\/www.youtube.com\\\/@Boxrepsol\"],\"url\":\"https:\\\/\\\/www.boxrepsol.com\\\/es\\\/author\\\/redaccion-box-repsol\\\/\"}]}<\/script>\n<!-- \/ Yoast SEO plugin. -->","yoast_head_json":{"title":"El mal funcionamiento de los instrumentos de navegaci\u00f3n lastra a Isidre Esteve en la primera etapa del Dakar - Box Repsol","description":"Problemas para Isidre Esteve en la primera etapa del Dakar: Conoce los desaf\u00edos que enfrent\u00f3 el piloto en el inicio de esta competici\u00f3n.","canonical":"https:\/\/www.boxrepsol.com\/es\/rally\/el-mal-funcionamiento-de-los-instrumentos-de-navegacion-lastra-a-isidre-esteve-en-la-primera-etapa-del-dakar\/","og_locale":"es_ES","og_type":"article","og_title":"El mal funcionamiento de los instrumentos de navegaci\u00f3n lastra a Isidre Esteve en la primera etapa del Dakar - Box Repsol","og_description":"Problemas para Isidre Esteve en la primera etapa del Dakar: Conoce los desaf\u00edos que enfrent\u00f3 el piloto en el inicio de esta competici\u00f3n.","og_url":"https:\/\/www.boxrepsol.com\/es\/rally\/el-mal-funcionamiento-de-los-instrumentos-de-navegacion-lastra-a-isidre-esteve-en-la-primera-etapa-del-dakar\/","og_site_name":"Box Repsol","article_publisher":"https:\/\/www.facebook.com\/BoxRepsol","article_author":"https:\/\/www.facebook.com\/BoxRepsol\/","article_published_time":"2023-01-01T02:00:00+00:00","article_modified_time":"2024-04-08T10:44:27+00:00","og_image":[{"width":1280,"height":600,"url":"https:\/\/bxrepsol.s3.eu-west-1.amazonaws.com\/static\/2023\/02\/06085302\/e1d23.jpg","type":"image\/jpeg"}],"author":"Redacci\u00f3n Box Repsol","twitter_card":"summary_large_image","twitter_creator":"@https:\/\/twitter.com\/box_repsol","twitter_site":"@box_repsol","twitter_misc":{"Written by":"Redacci\u00f3n Box Repsol","Est. reading time":"3 minutos"},"schema":{"@context":"https:\/\/schema.org","@graph":[{"@type":"Article","@id":"https:\/\/www.boxrepsol.com\/es\/rally\/el-mal-funcionamiento-de-los-instrumentos-de-navegacion-lastra-a-isidre-esteve-en-la-primera-etapa-del-dakar\/#article","isPartOf":{"@id":"https:\/\/www.boxrepsol.com\/es\/rally\/el-mal-funcionamiento-de-los-instrumentos-de-navegacion-lastra-a-isidre-esteve-en-la-primera-etapa-del-dakar\/"},"author":{"name":"Redacci\u00f3n Box Repsol","@id":"https:\/\/www.boxrepsol.com\/es\/#\/schema\/person\/c5c2138f2cca251b0ad92b7086bb60b7"},"headline":"El mal funcionamiento de los instrumentos de navegaci\u00f3n lastra a Isidre Esteve en la primera etapa del Dakar","datePublished":"2023-01-01T02:00:00+00:00","dateModified":"2024-04-08T10:44:27+00:00","mainEntityOfPage":{"@id":"https:\/\/www.boxrepsol.com\/es\/rally\/el-mal-funcionamiento-de-los-instrumentos-de-navegacion-lastra-a-isidre-esteve-en-la-primera-etapa-del-dakar\/"},"wordCount":543,"commentCount":0,"publisher":{"@id":"https:\/\/www.boxrepsol.com\/es\/#organization"},"image":{"@id":"https:\/\/www.boxrepsol.com\/es\/rally\/el-mal-funcionamiento-de-los-instrumentos-de-navegacion-lastra-a-isidre-esteve-en-la-primera-etapa-del-dakar\/#primaryimage"},"thumbnailUrl":"https:\/\/bxrepsol.s3.eu-west-1.amazonaws.com\/static\/2023\/02\/06085302\/e1d23.jpg","keywords":["2023","Dakar","Isidre Esteve","otros eventos y competiciones"],"articleSection":["Rally"],"inLanguage":"es","potentialAction":[{"@type":"CommentAction","name":"Comment","target":["https:\/\/www.boxrepsol.com\/es\/rally\/el-mal-funcionamiento-de-los-instrumentos-de-navegacion-lastra-a-isidre-esteve-en-la-primera-etapa-del-dakar\/#respond"]}]},{"@type":"WebPage","@id":"https:\/\/www.boxrepsol.com\/es\/rally\/el-mal-funcionamiento-de-los-instrumentos-de-navegacion-lastra-a-isidre-esteve-en-la-primera-etapa-del-dakar\/","url":"https:\/\/www.boxrepsol.com\/es\/rally\/el-mal-funcionamiento-de-los-instrumentos-de-navegacion-lastra-a-isidre-esteve-en-la-primera-etapa-del-dakar\/","name":"El mal funcionamiento de los instrumentos de navegaci\u00f3n lastra a Isidre Esteve en la primera etapa del Dakar - Box Repsol","isPartOf":{"@id":"https:\/\/www.boxrepsol.com\/es\/#website"},"primaryImageOfPage":{"@id":"https:\/\/www.boxrepsol.com\/es\/rally\/el-mal-funcionamiento-de-los-instrumentos-de-navegacion-lastra-a-isidre-esteve-en-la-primera-etapa-del-dakar\/#primaryimage"},"image":{"@id":"https:\/\/www.boxrepsol.com\/es\/rally\/el-mal-funcionamiento-de-los-instrumentos-de-navegacion-lastra-a-isidre-esteve-en-la-primera-etapa-del-dakar\/#primaryimage"},"thumbnailUrl":"https:\/\/bxrepsol.s3.eu-west-1.amazonaws.com\/static\/2023\/02\/06085302\/e1d23.jpg","datePublished":"2023-01-01T02:00:00+00:00","dateModified":"2024-04-08T10:44:27+00:00","description":"Problemas para Isidre Esteve en la primera etapa del Dakar: Conoce los desaf\u00edos que enfrent\u00f3 el piloto en el inicio de esta competici\u00f3n.","breadcrumb":{"@id":"https:\/\/www.boxrepsol.com\/es\/rally\/el-mal-funcionamiento-de-los-instrumentos-de-navegacion-lastra-a-isidre-esteve-en-la-primera-etapa-del-dakar\/#breadcrumb"},"inLanguage":"es","potentialAction":[{"@type":"ReadAction","target":["https:\/\/www.boxrepsol.com\/es\/rally\/el-mal-funcionamiento-de-los-instrumentos-de-navegacion-lastra-a-isidre-esteve-en-la-primera-etapa-del-dakar\/"]}]},{"@type":"ImageObject","inLanguage":"es","@id":"https:\/\/www.boxrepsol.com\/es\/rally\/el-mal-funcionamiento-de-los-instrumentos-de-navegacion-lastra-a-isidre-esteve-en-la-primera-etapa-del-dakar\/#primaryimage","url":"https:\/\/bxrepsol.s3.eu-west-1.amazonaws.com\/static\/2023\/02\/06085302\/e1d23.jpg","contentUrl":"https:\/\/bxrepsol.s3.eu-west-1.amazonaws.com\/static\/2023\/02\/06085302\/e1d23.jpg","width":1280,"height":600},{"@type":"BreadcrumbList","@id":"https:\/\/www.boxrepsol.com\/es\/rally\/el-mal-funcionamiento-de-los-instrumentos-de-navegacion-lastra-a-isidre-esteve-en-la-primera-etapa-del-dakar\/#breadcrumb","itemListElement":[{"@type":"ListItem","position":1,"name":"Home","item":"https:\/\/www.boxrepsol.com\/es\/"},{"@type":"ListItem","position":2,"name":"El mal funcionamiento de los instrumentos de navegaci\u00f3n lastra a Isidre Esteve en la primera etapa del Dakar"}]},{"@type":"WebSite","@id":"https:\/\/www.boxrepsol.com\/es\/#website","url":"https:\/\/www.boxrepsol.com\/es\/","name":"Box Repsol","description":"Box Repsol Site","publisher":{"@id":"https:\/\/www.boxrepsol.com\/es\/#organization"},"potentialAction":[{"@type":"SearchAction","target":{"@type":"EntryPoint","urlTemplate":"https:\/\/www.boxrepsol.com\/es\/?s={search_term_string}"},"query-input":{"@type":"PropertyValueSpecification","valueRequired":true,"valueName":"search_term_string"}}],"inLanguage":"es"},{"@type":"Organization","@id":"https:\/\/www.boxrepsol.com\/es\/#organization","name":"Box Repsol","url":"https:\/\/www.boxrepsol.com\/es\/","logo":{"@type":"ImageObject","inLanguage":"es","@id":"https:\/\/www.boxrepsol.com\/es\/#\/schema\/logo\/image\/","url":"https:\/\/bxrepsol.s3.eu-west-1.amazonaws.com\/static\/2025\/07\/30083337\/favicon-96x96-1.png","contentUrl":"https:\/\/bxrepsol.s3.eu-west-1.amazonaws.com\/static\/2025\/07\/30083337\/favicon-96x96-1.png","width":96,"height":96,"caption":"Box Repsol"},"image":{"@id":"https:\/\/www.boxrepsol.com\/es\/#\/schema\/logo\/image\/"},"sameAs":["https:\/\/www.facebook.com\/BoxRepsol","https:\/\/x.com\/box_repsol","http:\/\/instagram.com\/box_repsol","https:\/\/www.youtube.com\/user\/RepsolCompeticion","https:\/\/www.flickr.com\/photos\/box_repsol\/"]},{"@type":"Person","@id":"https:\/\/www.boxrepsol.com\/es\/#\/schema\/person\/c5c2138f2cca251b0ad92b7086bb60b7","name":"Redacci\u00f3n Box Repsol","image":{"@type":"ImageObject","inLanguage":"es","@id":"https:\/\/secure.gravatar.com\/avatar\/adf7b77e38b4419baf32c7e9c21dde01f4e40df611f0978e3006fc4ba0aaab7e?s=96&d=mm&r=g","url":"https:\/\/secure.gravatar.com\/avatar\/adf7b77e38b4419baf32c7e9c21dde01f4e40df611f0978e3006fc4ba0aaab7e?s=96&d=mm&r=g","contentUrl":"https:\/\/secure.gravatar.com\/avatar\/adf7b77e38b4419baf32c7e9c21dde01f4e40df611f0978e3006fc4ba0aaab7e?s=96&d=mm&r=g","caption":"Redacci\u00f3n Box Repsol"},"description":"Box Repsol lo forma un equipo de periodistas, community managers, dise\u00f1adores y fot\u00f3grafos con m\u00e1s de 20 a\u00f1os de experiencia en el mundo del motorsport. Hemos vivido el primer mundial de un espa\u00f1ol en la categor\u00eda reina de motociclismo con \u00c1lex Crivill\u00e9, estuvimos en las victorias de Pedrosa y los t\u00edtulos de M\u00e1rquez, acompa\u00f1amos en \u00c1frica a Nani Roma y Marc Coma en sus conquistas del Dakar y hemos vibrado con los t\u00edtulos de Toni Bou en Trial. Adem\u00e1s, en nuestro equipo contamos con expertos en el mundo de las dos y cuatro ruedas tanto de la calle y las carreteras, como de los circuitos. Periodistas que han trabajado en revistas y publicaciones para hacerte llegar desde rutas y consejos de mantenimiento, a curiosidades y trucos de pilotaje.","sameAs":["https:\/\/www.facebook.com\/BoxRepsol\/","https:\/\/www.instagram.com\/box_repsol\/","https:\/\/x.com\/https:\/\/twitter.com\/box_repsol","https:\/\/www.youtube.com\/@Boxrepsol"],"url":"https:\/\/www.boxrepsol.com\/es\/author\/redaccion-box-repsol\/"}]}},"_links":{"self":[{"href":"https:\/\/www.boxrepsol.com\/es\/wp-json\/wp\/v2\/posts\/95635","targetHints":{"allow":["GET"]}}],"collection":[{"href":"https:\/\/www.boxrepsol.com\/es\/wp-json\/wp\/v2\/posts"}],"about":[{"href":"https:\/\/www.boxrepsol.com\/es\/wp-json\/wp\/v2\/types\/post"}],"author":[{"embeddable":true,"href":"https:\/\/www.boxrepsol.com\/es\/wp-json\/wp\/v2\/users\/43146"}],"replies":[{"embeddable":true,"href":"https:\/\/www.boxrepsol.com\/es\/wp-json\/wp\/v2\/comments?post=95635"}],"version-history":[{"count":2,"href":"https:\/\/www.boxrepsol.com\/es\/wp-json\/wp\/v2\/posts\/95635\/revisions"}],"predecessor-version":[{"id":114598,"href":"https:\/\/www.boxrepsol.com\/es\/wp-json\/wp\/v2\/posts\/95635\/revisions\/114598"}],"wp:featuredmedia":[{"embeddable":true,"href":"https:\/\/www.boxrepsol.com\/es\/wp-json\/wp\/v2\/media\/84896"}],"wp:attachment":[{"href":"https:\/\/www.boxrepsol.com\/es\/wp-json\/wp\/v2\/media?parent=95635"}],"wp:term":[{"taxonomy":"category","embeddable":true,"href":"https:\/\/www.boxrepsol.com\/es\/wp-json\/wp\/v2\/categories?post=95635"},{"taxonomy":"post_tag","embeddable":true,"href":"https:\/\/www.boxrepsol.com\/es\/wp-json\/wp\/v2\/tags?post=95635"}],"curies":[{"name":"wp","href":"https:\/\/api.w.org\/{rel}","templated":true}]}}