{"id":95634,"date":"2022-12-31T00:00:00","date_gmt":"2022-12-31T02:00:00","guid":{"rendered":"http:\/\/pre.boxrepsol.com\/sin-categorizar\/toma-de-contacto-positiva-para-isidre-esteve-en-la-prologo-del-dakar-2023\/"},"modified":"2024-04-08T08:45:00","modified_gmt":"2024-04-08T10:45:00","slug":"toma-de-contacto-positiva-para-isidre-esteve-en-la-prologo-del-dakar-2023","status":"publish","type":"post","link":"https:\/\/www.boxrepsol.com\/es\/rally\/toma-de-contacto-positiva-para-isidre-esteve-en-la-prologo-del-dakar-2023\/","title":{"rendered":"Toma de contacto positiva para Isidre Esteve en la Pr\u00f3logo del Dakar 2023"},"content":{"rendered":"<p>El rally Dakar 2023 ha arrancado oficialmente para Isidre Esteve, su copiloto, Txema Villalobos, y todos los integrantes del Repsol Toyota Rally Team en forma de breve pr\u00f3logo de 13 km carente de dificultades. El piloto espa\u00f1ol ha concluido este tr\u00e1mite inicial con un registro de 8\u201949\u201d, el 28\u00ba de la categor\u00eda T1 y 29\u00ba de la general, lo que le garantiza una buena posici\u00f3n en el orden de salida de la primera especial de la competici\u00f3n, un bucle con salida y llegada en el Sea Camp, en Arabia Saud\u00ed, de 367 km contra el cron\u00f3metro.<\/p>\n<p>El 2022 dice adi\u00f3s con sensaciones positivas para Isidre Esteve y Txema Villalobos. Esta tradicional fecha de buenos prop\u00f3sitos para el a\u00f1o nuevo ha sido de gran utilidad para la tripulaci\u00f3n del Repsol Toyota Rally Team, que ha aprovechado la pr\u00f3logo del Dakar 2023 para afinar los \u00faltimos detalles de cara al largo y duro periplo que comenzar\u00e1 con la llegada del a\u00f1o nuevo.<\/p>\n<p>Los primeros 13 km cronometrados del rally m\u00e1s duro del mundo serv\u00edan apenas para determinar el orden de salida en la etapa de ma\u00f1ana, y estaban trazados sobre un terreno duro y sin dificultades de ninguna clase, como detalla Esteve: \u201cSe trataba de una especial de puro pilotaje y en la que no hab\u00eda peligro alguno. Ha estado muy bien porque nos ha permitido disfrutar mucho, y el coche se ha comportado a la perfecci\u00f3n en todo momento\u201d.<\/p>\n<p>Esteve y Villalobos, que compiten con el respaldo de Repsol, MGS Seguros, KH-7 y Toyota Espa\u00f1a, han concluido el d\u00eda en 29\u00aa plaza scratch, 28\u00aa en la categor\u00eda T1, lo que prueba la competitividad del Toyota Hilux T1+ de la pareja espa\u00f1ola, que anima un biocombustible avanzado desarrollado por el Repsol Technology Lab. Esta clasificaci\u00f3n les permitir\u00e1 iniciar la jornada de ma\u00f1ana en una buena posici\u00f3n de salida.<\/p>\n<p>Dicha etapa inicial del Dakar 2023 ser\u00e1 un bucle de 601 km, 367 de ellos contra el cron\u00f3metro, con salida e inicio en el mismo campamento que ha acogido el pr\u00f3logo y las verificaciones previas. Su recorrido combinar\u00e1 zonas de gravilla con pistas arenosas, adem\u00e1s de una breve toma de contacto con las dunas, que premiar\u00e1 a los pilotos m\u00e1s polivalentes.<\/p>\n<p>Isidre Esteve adelanta algunas de las claves a tener en cuenta: \u201cTodas las informaciones previas de las que disponemos nos advierten de que la especial de ma\u00f1ana no ser\u00e1 complicada. Es m\u00e1s, ya nos han avanzado que las verdaderas dificultades no llegar\u00e1n hasta la etapa 4, Ha\u2019il-Ha\u2019il, prevista el pr\u00f3ximo mi\u00e9rcoles, donde esperamos una concatenaci\u00f3n de retos de navegaci\u00f3n hasta la llegada de la jornada de descanso. Ahora bien, en el Dakar no existen los d\u00edas de relax, y tocar\u00e1 afrontar el reto de ma\u00f1ana con suma concentraci\u00f3n\u201d.<\/p>\n<p>El primer coche abandonar\u00e1 el vivac ma\u00f1ana domingo a las 8:55h locales (las 6:55h CET). Las salidas del tramo cronometrado se suceder\u00e1n desde las 10h (8:00h).<\/p>\n<p><strong>Clasificaci\u00f3n etapa pr\u00f3logo:<\/strong><\/p>\n<p>1. Mattias Ekstr\u00f6m (Audi) 8\u201900\u201d<br \/>\n2. Sebastien Loeb (Prodrive) +01\u201d<br \/>\n3. St\u00e9phane Peterhansel (Audi) +11\u201d<br \/>\n4. Nasser Al-Attiyah (Toyota) +12\u201d<br \/>\n5. Guerlain Chicherit (Prodrive) +13\u201d<br \/>\n\u2026<br \/>\n29. Isidre Esteve (Toyota) +49\u201d<\/p>\n","protected":false},"excerpt":{"rendered":"<p>El piloto espa\u00f1ol cierra con satisfacci\u00f3n y sin incidentes la \u2018etapa 0\u2019 de la 45\u00aa edici\u00f3n del rally m\u00e1s duro del mundo.<\/p>\n","protected":false},"author":43146,"featured_media":84893,"comment_status":"open","ping_status":"open","sticky":false,"template":"","format":"standard","meta":{"footnotes":""},"categories":[27],"tags":[269,201,29,130],"class_list":["post-95634","post","type-post","status-publish","format-standard","hentry","category-rally","tag-269","tag-dakar","tag-isidre-esteve","tag-otros-eventos-y-competiciones"],"yoast_head":"<!-- This site is optimized with the Yoast SEO plugin v27.3 - https:\/\/yoast.com\/product\/yoast-seo-wordpress\/ -->\n<title>Toma de contacto positiva para Isidre Esteve en la Pr\u00f3logo del Dakar 2023 - Box Repsol<\/title>\n<meta name=\"description\" content=\"Toma de contacto positiva para Isidre Esteve en la pr\u00f3logo del Dakar 2023: Sigue el inicio prometedor del piloto en esta competici\u00f3n.\" \/>\n<link rel=\"canonical\" href=\"https:\/\/www.boxrepsol.com\/es\/rally\/toma-de-contacto-positiva-para-isidre-esteve-en-la-prologo-del-dakar-2023\/\" \/>\n<meta property=\"og:locale\" content=\"es_ES\" \/>\n<meta property=\"og:type\" content=\"article\" \/>\n<meta property=\"og:title\" content=\"Toma de contacto positiva para Isidre Esteve en la Pr\u00f3logo del Dakar 2023 - Box Repsol\" \/>\n<meta property=\"og:description\" content=\"Toma de contacto positiva para Isidre Esteve en la pr\u00f3logo del Dakar 2023: Sigue el inicio prometedor del piloto en esta competici\u00f3n.\" \/>\n<meta property=\"og:url\" content=\"https:\/\/www.boxrepsol.com\/es\/rally\/toma-de-contacto-positiva-para-isidre-esteve-en-la-prologo-del-dakar-2023\/\" \/>\n<meta property=\"og:site_name\" content=\"Box Repsol\" \/>\n<meta property=\"article:publisher\" content=\"https:\/\/www.facebook.com\/BoxRepsol\" \/>\n<meta property=\"article:author\" content=\"https:\/\/www.facebook.com\/BoxRepsol\/\" \/>\n<meta property=\"article:published_time\" content=\"2022-12-31T02:00:00+00:00\" \/>\n<meta property=\"article:modified_time\" content=\"2024-04-08T10:45:00+00:00\" \/>\n<meta property=\"og:image\" content=\"https:\/\/bxrepsol.s3.eu-west-1.amazonaws.com\/static\/2023\/02\/06085259\/Dakar23_E0_Isidre_Esteve_1.jpg\" \/>\n\t<meta property=\"og:image:width\" content=\"1280\" \/>\n\t<meta property=\"og:image:height\" content=\"600\" \/>\n\t<meta property=\"og:image:type\" content=\"image\/jpeg\" \/>\n<meta name=\"author\" content=\"Redacci\u00f3n Box Repsol\" \/>\n<meta name=\"twitter:card\" content=\"summary_large_image\" \/>\n<meta name=\"twitter:creator\" content=\"@https:\/\/twitter.com\/box_repsol\" \/>\n<meta name=\"twitter:site\" content=\"@box_repsol\" \/>\n<meta name=\"twitter:label1\" content=\"Written by\" \/>\n\t<meta name=\"twitter:data1\" content=\"Redacci\u00f3n Box Repsol\" \/>\n\t<meta name=\"twitter:label2\" content=\"Est. reading time\" \/>\n\t<meta name=\"twitter:data2\" content=\"3 minutos\" \/>\n<script type=\"application\/ld+json\" class=\"yoast-schema-graph\">{\"@context\":\"https:\\\/\\\/schema.org\",\"@graph\":[{\"@type\":\"Article\",\"@id\":\"https:\\\/\\\/www.boxrepsol.com\\\/es\\\/rally\\\/toma-de-contacto-positiva-para-isidre-esteve-en-la-prologo-del-dakar-2023\\\/#article\",\"isPartOf\":{\"@id\":\"https:\\\/\\\/www.boxrepsol.com\\\/es\\\/rally\\\/toma-de-contacto-positiva-para-isidre-esteve-en-la-prologo-del-dakar-2023\\\/\"},\"author\":{\"name\":\"Redacci\u00f3n Box Repsol\",\"@id\":\"https:\\\/\\\/www.boxrepsol.com\\\/es\\\/#\\\/schema\\\/person\\\/c5c2138f2cca251b0ad92b7086bb60b7\"},\"headline\":\"Toma de contacto positiva para Isidre Esteve en la Pr\u00f3logo del Dakar 2023\",\"datePublished\":\"2022-12-31T02:00:00+00:00\",\"dateModified\":\"2024-04-08T10:45:00+00:00\",\"mainEntityOfPage\":{\"@id\":\"https:\\\/\\\/www.boxrepsol.com\\\/es\\\/rally\\\/toma-de-contacto-positiva-para-isidre-esteve-en-la-prologo-del-dakar-2023\\\/\"},\"wordCount\":547,\"commentCount\":0,\"publisher\":{\"@id\":\"https:\\\/\\\/www.boxrepsol.com\\\/es\\\/#organization\"},\"image\":{\"@id\":\"https:\\\/\\\/www.boxrepsol.com\\\/es\\\/rally\\\/toma-de-contacto-positiva-para-isidre-esteve-en-la-prologo-del-dakar-2023\\\/#primaryimage\"},\"thumbnailUrl\":\"https:\\\/\\\/bxrepsol.s3.eu-west-1.amazonaws.com\\\/static\\\/2023\\\/02\\\/06085259\\\/Dakar23_E0_Isidre_Esteve_1.jpg\",\"keywords\":[\"2023\",\"Dakar\",\"Isidre Esteve\",\"otros eventos y competiciones\"],\"articleSection\":[\"Rally\"],\"inLanguage\":\"es\",\"potentialAction\":[{\"@type\":\"CommentAction\",\"name\":\"Comment\",\"target\":[\"https:\\\/\\\/www.boxrepsol.com\\\/es\\\/rally\\\/toma-de-contacto-positiva-para-isidre-esteve-en-la-prologo-del-dakar-2023\\\/#respond\"]}]},{\"@type\":\"WebPage\",\"@id\":\"https:\\\/\\\/www.boxrepsol.com\\\/es\\\/rally\\\/toma-de-contacto-positiva-para-isidre-esteve-en-la-prologo-del-dakar-2023\\\/\",\"url\":\"https:\\\/\\\/www.boxrepsol.com\\\/es\\\/rally\\\/toma-de-contacto-positiva-para-isidre-esteve-en-la-prologo-del-dakar-2023\\\/\",\"name\":\"Toma de contacto positiva para Isidre Esteve en la Pr\u00f3logo del Dakar 2023 - Box Repsol\",\"isPartOf\":{\"@id\":\"https:\\\/\\\/www.boxrepsol.com\\\/es\\\/#website\"},\"primaryImageOfPage\":{\"@id\":\"https:\\\/\\\/www.boxrepsol.com\\\/es\\\/rally\\\/toma-de-contacto-positiva-para-isidre-esteve-en-la-prologo-del-dakar-2023\\\/#primaryimage\"},\"image\":{\"@id\":\"https:\\\/\\\/www.boxrepsol.com\\\/es\\\/rally\\\/toma-de-contacto-positiva-para-isidre-esteve-en-la-prologo-del-dakar-2023\\\/#primaryimage\"},\"thumbnailUrl\":\"https:\\\/\\\/bxrepsol.s3.eu-west-1.amazonaws.com\\\/static\\\/2023\\\/02\\\/06085259\\\/Dakar23_E0_Isidre_Esteve_1.jpg\",\"datePublished\":\"2022-12-31T02:00:00+00:00\",\"dateModified\":\"2024-04-08T10:45:00+00:00\",\"description\":\"Toma de contacto positiva para Isidre Esteve en la pr\u00f3logo del Dakar 2023: Sigue el inicio prometedor del piloto en esta competici\u00f3n.\",\"breadcrumb\":{\"@id\":\"https:\\\/\\\/www.boxrepsol.com\\\/es\\\/rally\\\/toma-de-contacto-positiva-para-isidre-esteve-en-la-prologo-del-dakar-2023\\\/#breadcrumb\"},\"inLanguage\":\"es\",\"potentialAction\":[{\"@type\":\"ReadAction\",\"target\":[\"https:\\\/\\\/www.boxrepsol.com\\\/es\\\/rally\\\/toma-de-contacto-positiva-para-isidre-esteve-en-la-prologo-del-dakar-2023\\\/\"]}]},{\"@type\":\"ImageObject\",\"inLanguage\":\"es\",\"@id\":\"https:\\\/\\\/www.boxrepsol.com\\\/es\\\/rally\\\/toma-de-contacto-positiva-para-isidre-esteve-en-la-prologo-del-dakar-2023\\\/#primaryimage\",\"url\":\"https:\\\/\\\/bxrepsol.s3.eu-west-1.amazonaws.com\\\/static\\\/2023\\\/02\\\/06085259\\\/Dakar23_E0_Isidre_Esteve_1.jpg\",\"contentUrl\":\"https:\\\/\\\/bxrepsol.s3.eu-west-1.amazonaws.com\\\/static\\\/2023\\\/02\\\/06085259\\\/Dakar23_E0_Isidre_Esteve_1.jpg\",\"width\":1280,\"height\":600},{\"@type\":\"BreadcrumbList\",\"@id\":\"https:\\\/\\\/www.boxrepsol.com\\\/es\\\/rally\\\/toma-de-contacto-positiva-para-isidre-esteve-en-la-prologo-del-dakar-2023\\\/#breadcrumb\",\"itemListElement\":[{\"@type\":\"ListItem\",\"position\":1,\"name\":\"Home\",\"item\":\"https:\\\/\\\/www.boxrepsol.com\\\/es\\\/\"},{\"@type\":\"ListItem\",\"position\":2,\"name\":\"Toma de contacto positiva para Isidre Esteve en la Pr\u00f3logo del Dakar 2023\"}]},{\"@type\":\"WebSite\",\"@id\":\"https:\\\/\\\/www.boxrepsol.com\\\/es\\\/#website\",\"url\":\"https:\\\/\\\/www.boxrepsol.com\\\/es\\\/\",\"name\":\"Box Repsol\",\"description\":\"Box Repsol Site\",\"publisher\":{\"@id\":\"https:\\\/\\\/www.boxrepsol.com\\\/es\\\/#organization\"},\"potentialAction\":[{\"@type\":\"SearchAction\",\"target\":{\"@type\":\"EntryPoint\",\"urlTemplate\":\"https:\\\/\\\/www.boxrepsol.com\\\/es\\\/?s={search_term_string}\"},\"query-input\":{\"@type\":\"PropertyValueSpecification\",\"valueRequired\":true,\"valueName\":\"search_term_string\"}}],\"inLanguage\":\"es\"},{\"@type\":\"Organization\",\"@id\":\"https:\\\/\\\/www.boxrepsol.com\\\/es\\\/#organization\",\"name\":\"Box Repsol\",\"url\":\"https:\\\/\\\/www.boxrepsol.com\\\/es\\\/\",\"logo\":{\"@type\":\"ImageObject\",\"inLanguage\":\"es\",\"@id\":\"https:\\\/\\\/www.boxrepsol.com\\\/es\\\/#\\\/schema\\\/logo\\\/image\\\/\",\"url\":\"https:\\\/\\\/bxrepsol.s3.eu-west-1.amazonaws.com\\\/static\\\/2025\\\/07\\\/30083337\\\/favicon-96x96-1.png\",\"contentUrl\":\"https:\\\/\\\/bxrepsol.s3.eu-west-1.amazonaws.com\\\/static\\\/2025\\\/07\\\/30083337\\\/favicon-96x96-1.png\",\"width\":96,\"height\":96,\"caption\":\"Box Repsol\"},\"image\":{\"@id\":\"https:\\\/\\\/www.boxrepsol.com\\\/es\\\/#\\\/schema\\\/logo\\\/image\\\/\"},\"sameAs\":[\"https:\\\/\\\/www.facebook.com\\\/BoxRepsol\",\"https:\\\/\\\/x.com\\\/box_repsol\",\"http:\\\/\\\/instagram.com\\\/box_repsol\",\"https:\\\/\\\/www.youtube.com\\\/user\\\/RepsolCompeticion\",\"https:\\\/\\\/www.flickr.com\\\/photos\\\/box_repsol\\\/\"]},{\"@type\":\"Person\",\"@id\":\"https:\\\/\\\/www.boxrepsol.com\\\/es\\\/#\\\/schema\\\/person\\\/c5c2138f2cca251b0ad92b7086bb60b7\",\"name\":\"Redacci\u00f3n Box Repsol\",\"image\":{\"@type\":\"ImageObject\",\"inLanguage\":\"es\",\"@id\":\"https:\\\/\\\/secure.gravatar.com\\\/avatar\\\/adf7b77e38b4419baf32c7e9c21dde01f4e40df611f0978e3006fc4ba0aaab7e?s=96&d=mm&r=g\",\"url\":\"https:\\\/\\\/secure.gravatar.com\\\/avatar\\\/adf7b77e38b4419baf32c7e9c21dde01f4e40df611f0978e3006fc4ba0aaab7e?s=96&d=mm&r=g\",\"contentUrl\":\"https:\\\/\\\/secure.gravatar.com\\\/avatar\\\/adf7b77e38b4419baf32c7e9c21dde01f4e40df611f0978e3006fc4ba0aaab7e?s=96&d=mm&r=g\",\"caption\":\"Redacci\u00f3n Box Repsol\"},\"description\":\"Box Repsol lo forma un equipo de periodistas, community managers, dise\u00f1adores y fot\u00f3grafos con m\u00e1s de 20 a\u00f1os de experiencia en el mundo del motorsport. Hemos vivido el primer mundial de un espa\u00f1ol en la categor\u00eda reina de motociclismo con \u00c1lex Crivill\u00e9, estuvimos en las victorias de Pedrosa y los t\u00edtulos de M\u00e1rquez, acompa\u00f1amos en \u00c1frica a Nani Roma y Marc Coma en sus conquistas del Dakar y hemos vibrado con los t\u00edtulos de Toni Bou en Trial. Adem\u00e1s, en nuestro equipo contamos con expertos en el mundo de las dos y cuatro ruedas tanto de la calle y las carreteras, como de los circuitos. Periodistas que han trabajado en revistas y publicaciones para hacerte llegar desde rutas y consejos de mantenimiento, a curiosidades y trucos de pilotaje.\",\"sameAs\":[\"https:\\\/\\\/www.facebook.com\\\/BoxRepsol\\\/\",\"https:\\\/\\\/www.instagram.com\\\/box_repsol\\\/\",\"https:\\\/\\\/x.com\\\/https:\\\/\\\/twitter.com\\\/box_repsol\",\"https:\\\/\\\/www.youtube.com\\\/@Boxrepsol\"],\"url\":\"https:\\\/\\\/www.boxrepsol.com\\\/es\\\/author\\\/redaccion-box-repsol\\\/\"}]}<\/script>\n<!-- \/ Yoast SEO plugin. -->","yoast_head_json":{"title":"Toma de contacto positiva para Isidre Esteve en la Pr\u00f3logo del Dakar 2023 - Box Repsol","description":"Toma de contacto positiva para Isidre Esteve en la pr\u00f3logo del Dakar 2023: Sigue el inicio prometedor del piloto en esta competici\u00f3n.","canonical":"https:\/\/www.boxrepsol.com\/es\/rally\/toma-de-contacto-positiva-para-isidre-esteve-en-la-prologo-del-dakar-2023\/","og_locale":"es_ES","og_type":"article","og_title":"Toma de contacto positiva para Isidre Esteve en la Pr\u00f3logo del Dakar 2023 - Box Repsol","og_description":"Toma de contacto positiva para Isidre Esteve en la pr\u00f3logo del Dakar 2023: Sigue el inicio prometedor del piloto en esta competici\u00f3n.","og_url":"https:\/\/www.boxrepsol.com\/es\/rally\/toma-de-contacto-positiva-para-isidre-esteve-en-la-prologo-del-dakar-2023\/","og_site_name":"Box Repsol","article_publisher":"https:\/\/www.facebook.com\/BoxRepsol","article_author":"https:\/\/www.facebook.com\/BoxRepsol\/","article_published_time":"2022-12-31T02:00:00+00:00","article_modified_time":"2024-04-08T10:45:00+00:00","og_image":[{"width":1280,"height":600,"url":"https:\/\/bxrepsol.s3.eu-west-1.amazonaws.com\/static\/2023\/02\/06085259\/Dakar23_E0_Isidre_Esteve_1.jpg","type":"image\/jpeg"}],"author":"Redacci\u00f3n Box Repsol","twitter_card":"summary_large_image","twitter_creator":"@https:\/\/twitter.com\/box_repsol","twitter_site":"@box_repsol","twitter_misc":{"Written by":"Redacci\u00f3n Box Repsol","Est. reading time":"3 minutos"},"schema":{"@context":"https:\/\/schema.org","@graph":[{"@type":"Article","@id":"https:\/\/www.boxrepsol.com\/es\/rally\/toma-de-contacto-positiva-para-isidre-esteve-en-la-prologo-del-dakar-2023\/#article","isPartOf":{"@id":"https:\/\/www.boxrepsol.com\/es\/rally\/toma-de-contacto-positiva-para-isidre-esteve-en-la-prologo-del-dakar-2023\/"},"author":{"name":"Redacci\u00f3n Box Repsol","@id":"https:\/\/www.boxrepsol.com\/es\/#\/schema\/person\/c5c2138f2cca251b0ad92b7086bb60b7"},"headline":"Toma de contacto positiva para Isidre Esteve en la Pr\u00f3logo del Dakar 2023","datePublished":"2022-12-31T02:00:00+00:00","dateModified":"2024-04-08T10:45:00+00:00","mainEntityOfPage":{"@id":"https:\/\/www.boxrepsol.com\/es\/rally\/toma-de-contacto-positiva-para-isidre-esteve-en-la-prologo-del-dakar-2023\/"},"wordCount":547,"commentCount":0,"publisher":{"@id":"https:\/\/www.boxrepsol.com\/es\/#organization"},"image":{"@id":"https:\/\/www.boxrepsol.com\/es\/rally\/toma-de-contacto-positiva-para-isidre-esteve-en-la-prologo-del-dakar-2023\/#primaryimage"},"thumbnailUrl":"https:\/\/bxrepsol.s3.eu-west-1.amazonaws.com\/static\/2023\/02\/06085259\/Dakar23_E0_Isidre_Esteve_1.jpg","keywords":["2023","Dakar","Isidre Esteve","otros eventos y competiciones"],"articleSection":["Rally"],"inLanguage":"es","potentialAction":[{"@type":"CommentAction","name":"Comment","target":["https:\/\/www.boxrepsol.com\/es\/rally\/toma-de-contacto-positiva-para-isidre-esteve-en-la-prologo-del-dakar-2023\/#respond"]}]},{"@type":"WebPage","@id":"https:\/\/www.boxrepsol.com\/es\/rally\/toma-de-contacto-positiva-para-isidre-esteve-en-la-prologo-del-dakar-2023\/","url":"https:\/\/www.boxrepsol.com\/es\/rally\/toma-de-contacto-positiva-para-isidre-esteve-en-la-prologo-del-dakar-2023\/","name":"Toma de contacto positiva para Isidre Esteve en la Pr\u00f3logo del Dakar 2023 - Box Repsol","isPartOf":{"@id":"https:\/\/www.boxrepsol.com\/es\/#website"},"primaryImageOfPage":{"@id":"https:\/\/www.boxrepsol.com\/es\/rally\/toma-de-contacto-positiva-para-isidre-esteve-en-la-prologo-del-dakar-2023\/#primaryimage"},"image":{"@id":"https:\/\/www.boxrepsol.com\/es\/rally\/toma-de-contacto-positiva-para-isidre-esteve-en-la-prologo-del-dakar-2023\/#primaryimage"},"thumbnailUrl":"https:\/\/bxrepsol.s3.eu-west-1.amazonaws.com\/static\/2023\/02\/06085259\/Dakar23_E0_Isidre_Esteve_1.jpg","datePublished":"2022-12-31T02:00:00+00:00","dateModified":"2024-04-08T10:45:00+00:00","description":"Toma de contacto positiva para Isidre Esteve en la pr\u00f3logo del Dakar 2023: Sigue el inicio prometedor del piloto en esta competici\u00f3n.","breadcrumb":{"@id":"https:\/\/www.boxrepsol.com\/es\/rally\/toma-de-contacto-positiva-para-isidre-esteve-en-la-prologo-del-dakar-2023\/#breadcrumb"},"inLanguage":"es","potentialAction":[{"@type":"ReadAction","target":["https:\/\/www.boxrepsol.com\/es\/rally\/toma-de-contacto-positiva-para-isidre-esteve-en-la-prologo-del-dakar-2023\/"]}]},{"@type":"ImageObject","inLanguage":"es","@id":"https:\/\/www.boxrepsol.com\/es\/rally\/toma-de-contacto-positiva-para-isidre-esteve-en-la-prologo-del-dakar-2023\/#primaryimage","url":"https:\/\/bxrepsol.s3.eu-west-1.amazonaws.com\/static\/2023\/02\/06085259\/Dakar23_E0_Isidre_Esteve_1.jpg","contentUrl":"https:\/\/bxrepsol.s3.eu-west-1.amazonaws.com\/static\/2023\/02\/06085259\/Dakar23_E0_Isidre_Esteve_1.jpg","width":1280,"height":600},{"@type":"BreadcrumbList","@id":"https:\/\/www.boxrepsol.com\/es\/rally\/toma-de-contacto-positiva-para-isidre-esteve-en-la-prologo-del-dakar-2023\/#breadcrumb","itemListElement":[{"@type":"ListItem","position":1,"name":"Home","item":"https:\/\/www.boxrepsol.com\/es\/"},{"@type":"ListItem","position":2,"name":"Toma de contacto positiva para Isidre Esteve en la Pr\u00f3logo del Dakar 2023"}]},{"@type":"WebSite","@id":"https:\/\/www.boxrepsol.com\/es\/#website","url":"https:\/\/www.boxrepsol.com\/es\/","name":"Box Repsol","description":"Box Repsol Site","publisher":{"@id":"https:\/\/www.boxrepsol.com\/es\/#organization"},"potentialAction":[{"@type":"SearchAction","target":{"@type":"EntryPoint","urlTemplate":"https:\/\/www.boxrepsol.com\/es\/?s={search_term_string}"},"query-input":{"@type":"PropertyValueSpecification","valueRequired":true,"valueName":"search_term_string"}}],"inLanguage":"es"},{"@type":"Organization","@id":"https:\/\/www.boxrepsol.com\/es\/#organization","name":"Box Repsol","url":"https:\/\/www.boxrepsol.com\/es\/","logo":{"@type":"ImageObject","inLanguage":"es","@id":"https:\/\/www.boxrepsol.com\/es\/#\/schema\/logo\/image\/","url":"https:\/\/bxrepsol.s3.eu-west-1.amazonaws.com\/static\/2025\/07\/30083337\/favicon-96x96-1.png","contentUrl":"https:\/\/bxrepsol.s3.eu-west-1.amazonaws.com\/static\/2025\/07\/30083337\/favicon-96x96-1.png","width":96,"height":96,"caption":"Box Repsol"},"image":{"@id":"https:\/\/www.boxrepsol.com\/es\/#\/schema\/logo\/image\/"},"sameAs":["https:\/\/www.facebook.com\/BoxRepsol","https:\/\/x.com\/box_repsol","http:\/\/instagram.com\/box_repsol","https:\/\/www.youtube.com\/user\/RepsolCompeticion","https:\/\/www.flickr.com\/photos\/box_repsol\/"]},{"@type":"Person","@id":"https:\/\/www.boxrepsol.com\/es\/#\/schema\/person\/c5c2138f2cca251b0ad92b7086bb60b7","name":"Redacci\u00f3n Box Repsol","image":{"@type":"ImageObject","inLanguage":"es","@id":"https:\/\/secure.gravatar.com\/avatar\/adf7b77e38b4419baf32c7e9c21dde01f4e40df611f0978e3006fc4ba0aaab7e?s=96&d=mm&r=g","url":"https:\/\/secure.gravatar.com\/avatar\/adf7b77e38b4419baf32c7e9c21dde01f4e40df611f0978e3006fc4ba0aaab7e?s=96&d=mm&r=g","contentUrl":"https:\/\/secure.gravatar.com\/avatar\/adf7b77e38b4419baf32c7e9c21dde01f4e40df611f0978e3006fc4ba0aaab7e?s=96&d=mm&r=g","caption":"Redacci\u00f3n Box Repsol"},"description":"Box Repsol lo forma un equipo de periodistas, community managers, dise\u00f1adores y fot\u00f3grafos con m\u00e1s de 20 a\u00f1os de experiencia en el mundo del motorsport. Hemos vivido el primer mundial de un espa\u00f1ol en la categor\u00eda reina de motociclismo con \u00c1lex Crivill\u00e9, estuvimos en las victorias de Pedrosa y los t\u00edtulos de M\u00e1rquez, acompa\u00f1amos en \u00c1frica a Nani Roma y Marc Coma en sus conquistas del Dakar y hemos vibrado con los t\u00edtulos de Toni Bou en Trial. Adem\u00e1s, en nuestro equipo contamos con expertos en el mundo de las dos y cuatro ruedas tanto de la calle y las carreteras, como de los circuitos. Periodistas que han trabajado en revistas y publicaciones para hacerte llegar desde rutas y consejos de mantenimiento, a curiosidades y trucos de pilotaje.","sameAs":["https:\/\/www.facebook.com\/BoxRepsol\/","https:\/\/www.instagram.com\/box_repsol\/","https:\/\/x.com\/https:\/\/twitter.com\/box_repsol","https:\/\/www.youtube.com\/@Boxrepsol"],"url":"https:\/\/www.boxrepsol.com\/es\/author\/redaccion-box-repsol\/"}]}},"_links":{"self":[{"href":"https:\/\/www.boxrepsol.com\/es\/wp-json\/wp\/v2\/posts\/95634","targetHints":{"allow":["GET"]}}],"collection":[{"href":"https:\/\/www.boxrepsol.com\/es\/wp-json\/wp\/v2\/posts"}],"about":[{"href":"https:\/\/www.boxrepsol.com\/es\/wp-json\/wp\/v2\/types\/post"}],"author":[{"embeddable":true,"href":"https:\/\/www.boxrepsol.com\/es\/wp-json\/wp\/v2\/users\/43146"}],"replies":[{"embeddable":true,"href":"https:\/\/www.boxrepsol.com\/es\/wp-json\/wp\/v2\/comments?post=95634"}],"version-history":[{"count":1,"href":"https:\/\/www.boxrepsol.com\/es\/wp-json\/wp\/v2\/posts\/95634\/revisions"}],"predecessor-version":[{"id":107389,"href":"https:\/\/www.boxrepsol.com\/es\/wp-json\/wp\/v2\/posts\/95634\/revisions\/107389"}],"wp:featuredmedia":[{"embeddable":true,"href":"https:\/\/www.boxrepsol.com\/es\/wp-json\/wp\/v2\/media\/84893"}],"wp:attachment":[{"href":"https:\/\/www.boxrepsol.com\/es\/wp-json\/wp\/v2\/media?parent=95634"}],"wp:term":[{"taxonomy":"category","embeddable":true,"href":"https:\/\/www.boxrepsol.com\/es\/wp-json\/wp\/v2\/categories?post=95634"},{"taxonomy":"post_tag","embeddable":true,"href":"https:\/\/www.boxrepsol.com\/es\/wp-json\/wp\/v2\/tags?post=95634"}],"curies":[{"name":"wp","href":"https:\/\/api.w.org\/{rel}","templated":true}]}}