{"id":95629,"date":"2022-12-28T00:00:00","date_gmt":"2022-12-28T02:00:00","guid":{"rendered":"http:\/\/pre.boxrepsol.com\/sin-categorizar\/isidre-esteve-y-el-repsol-toyota-rally-team-despegan-hacia-el-dakar-2023\/"},"modified":"2024-04-08T08:45:54","modified_gmt":"2024-04-08T10:45:54","slug":"isidre-esteve-y-el-repsol-toyota-rally-team-despegan-hacia-el-dakar-2023","status":"publish","type":"post","link":"https:\/\/www.boxrepsol.com\/es\/rally\/isidre-esteve-y-el-repsol-toyota-rally-team-despegan-hacia-el-dakar-2023\/","title":{"rendered":"Isidre Esteve y el Repsol Toyota Rally Team despegan hacia el Dakar 2023"},"content":{"rendered":"<p><strong>Isidre Esteve,<\/strong> su copiloto, <strong>Txema Villalobos,<\/strong> y el resto de integrantes del <strong>Repsol Toyota Rally Team<\/strong> vuelan esta misma noche desde el aeropuerto de Barcelona con destino a Yanbu, Arabia Saud\u00ed, pa\u00eds que acoge la 45\u00aa edici\u00f3n del <strong>Rally Dakar.<\/strong> La expedici\u00f3n abandona Espa\u00f1a cargada de ilusi\u00f3n de cara al exigente marat\u00f3n que les aguarda en la carrera m\u00e1s dura del mundo, que arrancar\u00e1 este mismo s\u00e1bado 31 de diciembre, con un recorrido de 4.706 kil\u00f3metros cronometrados sobre un total de 8.549 repartidos en 15 jornadas.<\/p>\n<p>El trabajo para el Repsol Toyota Rally Team comenzar\u00e1 este mi\u00e9rcoles, cuando el personal del equipo vaya a recoger el Toyota Hilux T1+ y los veh\u00edculos de asistencia al puerto de Yanbu, a orillas del Mar Rojo. Mientras, el resto del grupo se dirigir\u00e1 hacia el Sea Camp, un gigantesco vivac que centralizar\u00e1 los d\u00edas previos al inicio de la carrera, la pr\u00f3logo, la primera etapa y la salida de la segunda.<\/p>\n<p>Este mi\u00e9rcoles y jueves, Isidre Esteve y Txema Villalobos probar\u00e1n el coche durante dos jornadas de shakedown para dejarlo listo antes del tradicional paso por el podio de salida. El s\u00e1bado 31 llegar\u00e1 la hora de la verdad en forma de breve pr\u00f3logo de 11 kil\u00f3metros para establecer el orden en el que los participantes empezar\u00e1n la primera de las 14 etapas.<\/p>\n<p>El de Oliana (Lleida) no esconde su entusiasmo y expectativas ante el gran salto cualitativo que ha experimentado su proyecto, en el que el Toyota Hilux T1+ impulsado por el nuevo biocombustible avanzado de Repsol tiene mucho que decir: \u201cEsta edici\u00f3n es especial para nosotros, porque a principios de a\u00f1o trabajamos much\u00edsimo para disponer de una unidad del Toyota Hilux T1+, y lo conseguimos. Con \u00e9l hicimos el Rally de Marruecos y el Andaluc\u00eda Rally y tuvimos unas sensaciones incre\u00edbles. Ahora veremos qu\u00e9 somos capaces de hacer en un Dakar tan complejo como el de 2023\u201d.<\/p>\n<p>\u201c<em>Sabemos que hay un grupo de 12-13 pilotos que en condiciones normales son m\u00e1s r\u00e1pidos que nosotros, y luego hay otros tantos que ser\u00e1 con los que estaremos luchando. Un d\u00eda podemos hacer el 15 y otro, el 29. Pero cuando haya una etapa complicada, si nosotros estamos acertados y otros, por lo contrario, no tanto, podemos estar de golpe con Al-Attiyah, Al-Rajhi, Sainz, como vimos en Marruecos. Eso es algo que no pod\u00edamos experimentar hasta ahora<\/em>\u201d, comenta.<\/p>\n<p>Isidre Esteve, que cuenta en esta aventura con el apoyo de Repsol, MGS Seguros, KH-7 y Toyota Espa\u00f1a, habla de la dureza y dificultad que espera encontrar en esta edici\u00f3n: \u201c<em>Siempre se dice \u2018el de este a\u00f1o ser\u00e1 el Dakar m\u00e1s dif\u00edcil\u2019, pero esta vez creo que estamos hablando de un planteamiento de carrera mucho m\u00e1s complejo que el de otros que hemos vivido en Arabia Saud\u00ed. La prueba durar\u00e1 dos d\u00edas m\u00e1s y tendr\u00e1 m\u00e1s kil\u00f3metros. La primera parte ser\u00e1n ocho d\u00edas seguidos con much\u00edsima navegaci\u00f3n, donde cobrar\u00e1 importancia el copiloto. En la segunda parte, los kilometrajes ser\u00e1n m\u00e1s cortos, pero las medias de velocidad previstas ser\u00e1n de alrededor de 50 km\/h, lo que significa dificultad m\u00e1xima en las dunas y m\u00e1xima presi\u00f3n para el piloto. Este planteamiento nos gusta<\/em>\u201d.<\/p>\n<p>\u201c<em>Otro cambio es que, este a\u00f1o, los coches T1 no pararemos a mitad de especial y no tendremos ese peque\u00f1o descanso de 15 minutos que ten\u00edamos estos \u00faltimos a\u00f1os, sino que haremos la etapa del tir\u00f3n. Eso quiere decir que ser\u00e1 importante tener un buen ritmo y no despistarse. Todo esto hace que este Dakar sea muy imprevisible<\/em>\u201d, apunta.<\/p>\n<p>El Rally Dakar 2023 dar\u00e1 comienzo en el Sea Camp el s\u00e1bado 31 de diciembre con una breve pr\u00f3logo de 11 km. Al d\u00eda siguiente comenzar\u00e1, desde este mismo emplazamiento, la primera de las 14 etapas de la prueba, de 367 km contra el crono. Su recorrido enviar\u00e1 a los pilotos rumbo este \u2013primero\u2013 y sureste \u2013despu\u00e9s\u2013 la primera semana, que cerrar\u00e1 la preceptiva jornada de descanso en Riad el lunes 9 de enero. Acto seguido, otras seis etapas que conducir\u00e1n al esperado podio final, previsto el domingo 15 en Dammam, a orillas del Golfo P\u00e9rsico, tras m\u00e1s de 8.500 km, m\u00e1s de la mitad de los cuales contra el cron\u00f3metro.<\/p>\n","protected":false},"excerpt":{"rendered":"<p>El piloto ilerdense vuela hacia Yanbu, Arabia Saud\u00ed, acompa\u00f1ado por su copiloto, Txema Villalobos, y el resto de componentes del equipo.<\/p>\n","protected":false},"author":43146,"featured_media":84826,"comment_status":"open","ping_status":"open","sticky":false,"template":"","format":"standard","meta":{"footnotes":""},"categories":[27],"tags":[269,201,183],"class_list":["post-95629","post","type-post","status-publish","format-standard","hentry","category-rally","tag-269","tag-dakar","tag-repsol-rally-team"],"yoast_head":"<!-- This site is optimized with the Yoast SEO plugin v27.3 - https:\/\/yoast.com\/product\/yoast-seo-wordpress\/ -->\n<title>Isidre Esteve y el Repsol Toyota Rally Team despegan hacia el Dakar 2023 - Box Repsol<\/title>\n<meta name=\"description\" content=\"Acompa\u00f1a a Isidre Esteve y al Repsol Toyota Rally Team en su emocionante partida hacia el Dakar 2023 listos para enfrentar nuevos desaf\u00edos.\" \/>\n<link rel=\"canonical\" href=\"https:\/\/www.boxrepsol.com\/es\/rally\/isidre-esteve-y-el-repsol-toyota-rally-team-despegan-hacia-el-dakar-2023\/\" \/>\n<meta property=\"og:locale\" content=\"es_ES\" \/>\n<meta property=\"og:type\" content=\"article\" \/>\n<meta property=\"og:title\" content=\"Isidre Esteve y el Repsol Toyota Rally Team despegan hacia el Dakar 2023 - Box Repsol\" \/>\n<meta property=\"og:description\" content=\"Acompa\u00f1a a Isidre Esteve y al Repsol Toyota Rally Team en su emocionante partida hacia el Dakar 2023 listos para enfrentar nuevos desaf\u00edos.\" \/>\n<meta property=\"og:url\" content=\"https:\/\/www.boxrepsol.com\/es\/rally\/isidre-esteve-y-el-repsol-toyota-rally-team-despegan-hacia-el-dakar-2023\/\" \/>\n<meta property=\"og:site_name\" content=\"Box Repsol\" \/>\n<meta property=\"article:publisher\" content=\"https:\/\/www.facebook.com\/BoxRepsol\" \/>\n<meta property=\"article:author\" content=\"https:\/\/www.facebook.com\/BoxRepsol\/\" \/>\n<meta property=\"article:published_time\" content=\"2022-12-28T02:00:00+00:00\" \/>\n<meta property=\"article:modified_time\" content=\"2024-04-08T10:45:54+00:00\" \/>\n<meta property=\"og:image\" content=\"https:\/\/bxrepsol.s3.eu-west-1.amazonaws.com\/static\/2023\/02\/06085221\/d23.jpg\" \/>\n\t<meta property=\"og:image:width\" content=\"1280\" \/>\n\t<meta property=\"og:image:height\" content=\"600\" \/>\n\t<meta property=\"og:image:type\" content=\"image\/jpeg\" \/>\n<meta name=\"author\" content=\"Redacci\u00f3n Box Repsol\" \/>\n<meta name=\"twitter:card\" content=\"summary_large_image\" \/>\n<meta name=\"twitter:creator\" content=\"@https:\/\/twitter.com\/box_repsol\" \/>\n<meta name=\"twitter:site\" content=\"@box_repsol\" \/>\n<meta name=\"twitter:label1\" content=\"Written by\" \/>\n\t<meta name=\"twitter:data1\" content=\"Redacci\u00f3n Box Repsol\" \/>\n\t<meta name=\"twitter:label2\" content=\"Est. reading time\" \/>\n\t<meta name=\"twitter:data2\" content=\"4 minutos\" \/>\n<script type=\"application\/ld+json\" class=\"yoast-schema-graph\">{\"@context\":\"https:\\\/\\\/schema.org\",\"@graph\":[{\"@type\":\"Article\",\"@id\":\"https:\\\/\\\/www.boxrepsol.com\\\/es\\\/rally\\\/isidre-esteve-y-el-repsol-toyota-rally-team-despegan-hacia-el-dakar-2023\\\/#article\",\"isPartOf\":{\"@id\":\"https:\\\/\\\/www.boxrepsol.com\\\/es\\\/rally\\\/isidre-esteve-y-el-repsol-toyota-rally-team-despegan-hacia-el-dakar-2023\\\/\"},\"author\":{\"name\":\"Redacci\u00f3n Box Repsol\",\"@id\":\"https:\\\/\\\/www.boxrepsol.com\\\/es\\\/#\\\/schema\\\/person\\\/c5c2138f2cca251b0ad92b7086bb60b7\"},\"headline\":\"Isidre Esteve y el Repsol Toyota Rally Team despegan hacia el Dakar 2023\",\"datePublished\":\"2022-12-28T02:00:00+00:00\",\"dateModified\":\"2024-04-08T10:45:54+00:00\",\"mainEntityOfPage\":{\"@id\":\"https:\\\/\\\/www.boxrepsol.com\\\/es\\\/rally\\\/isidre-esteve-y-el-repsol-toyota-rally-team-despegan-hacia-el-dakar-2023\\\/\"},\"wordCount\":749,\"commentCount\":0,\"publisher\":{\"@id\":\"https:\\\/\\\/www.boxrepsol.com\\\/es\\\/#organization\"},\"image\":{\"@id\":\"https:\\\/\\\/www.boxrepsol.com\\\/es\\\/rally\\\/isidre-esteve-y-el-repsol-toyota-rally-team-despegan-hacia-el-dakar-2023\\\/#primaryimage\"},\"thumbnailUrl\":\"https:\\\/\\\/bxrepsol.s3.eu-west-1.amazonaws.com\\\/static\\\/2023\\\/02\\\/06085221\\\/d23.jpg\",\"keywords\":[\"2023\",\"Dakar\",\"Repsol Rally Team\"],\"articleSection\":[\"Rally\"],\"inLanguage\":\"es\",\"potentialAction\":[{\"@type\":\"CommentAction\",\"name\":\"Comment\",\"target\":[\"https:\\\/\\\/www.boxrepsol.com\\\/es\\\/rally\\\/isidre-esteve-y-el-repsol-toyota-rally-team-despegan-hacia-el-dakar-2023\\\/#respond\"]}]},{\"@type\":\"WebPage\",\"@id\":\"https:\\\/\\\/www.boxrepsol.com\\\/es\\\/rally\\\/isidre-esteve-y-el-repsol-toyota-rally-team-despegan-hacia-el-dakar-2023\\\/\",\"url\":\"https:\\\/\\\/www.boxrepsol.com\\\/es\\\/rally\\\/isidre-esteve-y-el-repsol-toyota-rally-team-despegan-hacia-el-dakar-2023\\\/\",\"name\":\"Isidre Esteve y el Repsol Toyota Rally Team despegan hacia el Dakar 2023 - Box Repsol\",\"isPartOf\":{\"@id\":\"https:\\\/\\\/www.boxrepsol.com\\\/es\\\/#website\"},\"primaryImageOfPage\":{\"@id\":\"https:\\\/\\\/www.boxrepsol.com\\\/es\\\/rally\\\/isidre-esteve-y-el-repsol-toyota-rally-team-despegan-hacia-el-dakar-2023\\\/#primaryimage\"},\"image\":{\"@id\":\"https:\\\/\\\/www.boxrepsol.com\\\/es\\\/rally\\\/isidre-esteve-y-el-repsol-toyota-rally-team-despegan-hacia-el-dakar-2023\\\/#primaryimage\"},\"thumbnailUrl\":\"https:\\\/\\\/bxrepsol.s3.eu-west-1.amazonaws.com\\\/static\\\/2023\\\/02\\\/06085221\\\/d23.jpg\",\"datePublished\":\"2022-12-28T02:00:00+00:00\",\"dateModified\":\"2024-04-08T10:45:54+00:00\",\"description\":\"Acompa\u00f1a a Isidre Esteve y al Repsol Toyota Rally Team en su emocionante partida hacia el Dakar 2023 listos para enfrentar nuevos desaf\u00edos.\",\"breadcrumb\":{\"@id\":\"https:\\\/\\\/www.boxrepsol.com\\\/es\\\/rally\\\/isidre-esteve-y-el-repsol-toyota-rally-team-despegan-hacia-el-dakar-2023\\\/#breadcrumb\"},\"inLanguage\":\"es\",\"potentialAction\":[{\"@type\":\"ReadAction\",\"target\":[\"https:\\\/\\\/www.boxrepsol.com\\\/es\\\/rally\\\/isidre-esteve-y-el-repsol-toyota-rally-team-despegan-hacia-el-dakar-2023\\\/\"]}]},{\"@type\":\"ImageObject\",\"inLanguage\":\"es\",\"@id\":\"https:\\\/\\\/www.boxrepsol.com\\\/es\\\/rally\\\/isidre-esteve-y-el-repsol-toyota-rally-team-despegan-hacia-el-dakar-2023\\\/#primaryimage\",\"url\":\"https:\\\/\\\/bxrepsol.s3.eu-west-1.amazonaws.com\\\/static\\\/2023\\\/02\\\/06085221\\\/d23.jpg\",\"contentUrl\":\"https:\\\/\\\/bxrepsol.s3.eu-west-1.amazonaws.com\\\/static\\\/2023\\\/02\\\/06085221\\\/d23.jpg\",\"width\":1280,\"height\":600},{\"@type\":\"BreadcrumbList\",\"@id\":\"https:\\\/\\\/www.boxrepsol.com\\\/es\\\/rally\\\/isidre-esteve-y-el-repsol-toyota-rally-team-despegan-hacia-el-dakar-2023\\\/#breadcrumb\",\"itemListElement\":[{\"@type\":\"ListItem\",\"position\":1,\"name\":\"Home\",\"item\":\"https:\\\/\\\/www.boxrepsol.com\\\/es\\\/\"},{\"@type\":\"ListItem\",\"position\":2,\"name\":\"Isidre Esteve y el Repsol Toyota Rally Team despegan hacia el Dakar 2023\"}]},{\"@type\":\"WebSite\",\"@id\":\"https:\\\/\\\/www.boxrepsol.com\\\/es\\\/#website\",\"url\":\"https:\\\/\\\/www.boxrepsol.com\\\/es\\\/\",\"name\":\"Box Repsol\",\"description\":\"Box Repsol Site\",\"publisher\":{\"@id\":\"https:\\\/\\\/www.boxrepsol.com\\\/es\\\/#organization\"},\"potentialAction\":[{\"@type\":\"SearchAction\",\"target\":{\"@type\":\"EntryPoint\",\"urlTemplate\":\"https:\\\/\\\/www.boxrepsol.com\\\/es\\\/?s={search_term_string}\"},\"query-input\":{\"@type\":\"PropertyValueSpecification\",\"valueRequired\":true,\"valueName\":\"search_term_string\"}}],\"inLanguage\":\"es\"},{\"@type\":\"Organization\",\"@id\":\"https:\\\/\\\/www.boxrepsol.com\\\/es\\\/#organization\",\"name\":\"Box Repsol\",\"url\":\"https:\\\/\\\/www.boxrepsol.com\\\/es\\\/\",\"logo\":{\"@type\":\"ImageObject\",\"inLanguage\":\"es\",\"@id\":\"https:\\\/\\\/www.boxrepsol.com\\\/es\\\/#\\\/schema\\\/logo\\\/image\\\/\",\"url\":\"https:\\\/\\\/bxrepsol.s3.eu-west-1.amazonaws.com\\\/static\\\/2025\\\/07\\\/30083337\\\/favicon-96x96-1.png\",\"contentUrl\":\"https:\\\/\\\/bxrepsol.s3.eu-west-1.amazonaws.com\\\/static\\\/2025\\\/07\\\/30083337\\\/favicon-96x96-1.png\",\"width\":96,\"height\":96,\"caption\":\"Box Repsol\"},\"image\":{\"@id\":\"https:\\\/\\\/www.boxrepsol.com\\\/es\\\/#\\\/schema\\\/logo\\\/image\\\/\"},\"sameAs\":[\"https:\\\/\\\/www.facebook.com\\\/BoxRepsol\",\"https:\\\/\\\/x.com\\\/box_repsol\",\"http:\\\/\\\/instagram.com\\\/box_repsol\",\"https:\\\/\\\/www.youtube.com\\\/user\\\/RepsolCompeticion\",\"https:\\\/\\\/www.flickr.com\\\/photos\\\/box_repsol\\\/\"]},{\"@type\":\"Person\",\"@id\":\"https:\\\/\\\/www.boxrepsol.com\\\/es\\\/#\\\/schema\\\/person\\\/c5c2138f2cca251b0ad92b7086bb60b7\",\"name\":\"Redacci\u00f3n Box Repsol\",\"image\":{\"@type\":\"ImageObject\",\"inLanguage\":\"es\",\"@id\":\"https:\\\/\\\/secure.gravatar.com\\\/avatar\\\/adf7b77e38b4419baf32c7e9c21dde01f4e40df611f0978e3006fc4ba0aaab7e?s=96&d=mm&r=g\",\"url\":\"https:\\\/\\\/secure.gravatar.com\\\/avatar\\\/adf7b77e38b4419baf32c7e9c21dde01f4e40df611f0978e3006fc4ba0aaab7e?s=96&d=mm&r=g\",\"contentUrl\":\"https:\\\/\\\/secure.gravatar.com\\\/avatar\\\/adf7b77e38b4419baf32c7e9c21dde01f4e40df611f0978e3006fc4ba0aaab7e?s=96&d=mm&r=g\",\"caption\":\"Redacci\u00f3n Box Repsol\"},\"description\":\"Box Repsol lo forma un equipo de periodistas, community managers, dise\u00f1adores y fot\u00f3grafos con m\u00e1s de 20 a\u00f1os de experiencia en el mundo del motorsport. Hemos vivido el primer mundial de un espa\u00f1ol en la categor\u00eda reina de motociclismo con \u00c1lex Crivill\u00e9, estuvimos en las victorias de Pedrosa y los t\u00edtulos de M\u00e1rquez, acompa\u00f1amos en \u00c1frica a Nani Roma y Marc Coma en sus conquistas del Dakar y hemos vibrado con los t\u00edtulos de Toni Bou en Trial. Adem\u00e1s, en nuestro equipo contamos con expertos en el mundo de las dos y cuatro ruedas tanto de la calle y las carreteras, como de los circuitos. Periodistas que han trabajado en revistas y publicaciones para hacerte llegar desde rutas y consejos de mantenimiento, a curiosidades y trucos de pilotaje.\",\"sameAs\":[\"https:\\\/\\\/www.facebook.com\\\/BoxRepsol\\\/\",\"https:\\\/\\\/www.instagram.com\\\/box_repsol\\\/\",\"https:\\\/\\\/x.com\\\/https:\\\/\\\/twitter.com\\\/box_repsol\",\"https:\\\/\\\/www.youtube.com\\\/@Boxrepsol\"],\"url\":\"https:\\\/\\\/www.boxrepsol.com\\\/es\\\/author\\\/redaccion-box-repsol\\\/\"}]}<\/script>\n<!-- \/ Yoast SEO plugin. -->","yoast_head_json":{"title":"Isidre Esteve y el Repsol Toyota Rally Team despegan hacia el Dakar 2023 - Box Repsol","description":"Acompa\u00f1a a Isidre Esteve y al Repsol Toyota Rally Team en su emocionante partida hacia el Dakar 2023 listos para enfrentar nuevos desaf\u00edos.","canonical":"https:\/\/www.boxrepsol.com\/es\/rally\/isidre-esteve-y-el-repsol-toyota-rally-team-despegan-hacia-el-dakar-2023\/","og_locale":"es_ES","og_type":"article","og_title":"Isidre Esteve y el Repsol Toyota Rally Team despegan hacia el Dakar 2023 - Box Repsol","og_description":"Acompa\u00f1a a Isidre Esteve y al Repsol Toyota Rally Team en su emocionante partida hacia el Dakar 2023 listos para enfrentar nuevos desaf\u00edos.","og_url":"https:\/\/www.boxrepsol.com\/es\/rally\/isidre-esteve-y-el-repsol-toyota-rally-team-despegan-hacia-el-dakar-2023\/","og_site_name":"Box Repsol","article_publisher":"https:\/\/www.facebook.com\/BoxRepsol","article_author":"https:\/\/www.facebook.com\/BoxRepsol\/","article_published_time":"2022-12-28T02:00:00+00:00","article_modified_time":"2024-04-08T10:45:54+00:00","og_image":[{"width":1280,"height":600,"url":"https:\/\/bxrepsol.s3.eu-west-1.amazonaws.com\/static\/2023\/02\/06085221\/d23.jpg","type":"image\/jpeg"}],"author":"Redacci\u00f3n Box Repsol","twitter_card":"summary_large_image","twitter_creator":"@https:\/\/twitter.com\/box_repsol","twitter_site":"@box_repsol","twitter_misc":{"Written by":"Redacci\u00f3n Box Repsol","Est. reading time":"4 minutos"},"schema":{"@context":"https:\/\/schema.org","@graph":[{"@type":"Article","@id":"https:\/\/www.boxrepsol.com\/es\/rally\/isidre-esteve-y-el-repsol-toyota-rally-team-despegan-hacia-el-dakar-2023\/#article","isPartOf":{"@id":"https:\/\/www.boxrepsol.com\/es\/rally\/isidre-esteve-y-el-repsol-toyota-rally-team-despegan-hacia-el-dakar-2023\/"},"author":{"name":"Redacci\u00f3n Box Repsol","@id":"https:\/\/www.boxrepsol.com\/es\/#\/schema\/person\/c5c2138f2cca251b0ad92b7086bb60b7"},"headline":"Isidre Esteve y el Repsol Toyota Rally Team despegan hacia el Dakar 2023","datePublished":"2022-12-28T02:00:00+00:00","dateModified":"2024-04-08T10:45:54+00:00","mainEntityOfPage":{"@id":"https:\/\/www.boxrepsol.com\/es\/rally\/isidre-esteve-y-el-repsol-toyota-rally-team-despegan-hacia-el-dakar-2023\/"},"wordCount":749,"commentCount":0,"publisher":{"@id":"https:\/\/www.boxrepsol.com\/es\/#organization"},"image":{"@id":"https:\/\/www.boxrepsol.com\/es\/rally\/isidre-esteve-y-el-repsol-toyota-rally-team-despegan-hacia-el-dakar-2023\/#primaryimage"},"thumbnailUrl":"https:\/\/bxrepsol.s3.eu-west-1.amazonaws.com\/static\/2023\/02\/06085221\/d23.jpg","keywords":["2023","Dakar","Repsol Rally Team"],"articleSection":["Rally"],"inLanguage":"es","potentialAction":[{"@type":"CommentAction","name":"Comment","target":["https:\/\/www.boxrepsol.com\/es\/rally\/isidre-esteve-y-el-repsol-toyota-rally-team-despegan-hacia-el-dakar-2023\/#respond"]}]},{"@type":"WebPage","@id":"https:\/\/www.boxrepsol.com\/es\/rally\/isidre-esteve-y-el-repsol-toyota-rally-team-despegan-hacia-el-dakar-2023\/","url":"https:\/\/www.boxrepsol.com\/es\/rally\/isidre-esteve-y-el-repsol-toyota-rally-team-despegan-hacia-el-dakar-2023\/","name":"Isidre Esteve y el Repsol Toyota Rally Team despegan hacia el Dakar 2023 - Box Repsol","isPartOf":{"@id":"https:\/\/www.boxrepsol.com\/es\/#website"},"primaryImageOfPage":{"@id":"https:\/\/www.boxrepsol.com\/es\/rally\/isidre-esteve-y-el-repsol-toyota-rally-team-despegan-hacia-el-dakar-2023\/#primaryimage"},"image":{"@id":"https:\/\/www.boxrepsol.com\/es\/rally\/isidre-esteve-y-el-repsol-toyota-rally-team-despegan-hacia-el-dakar-2023\/#primaryimage"},"thumbnailUrl":"https:\/\/bxrepsol.s3.eu-west-1.amazonaws.com\/static\/2023\/02\/06085221\/d23.jpg","datePublished":"2022-12-28T02:00:00+00:00","dateModified":"2024-04-08T10:45:54+00:00","description":"Acompa\u00f1a a Isidre Esteve y al Repsol Toyota Rally Team en su emocionante partida hacia el Dakar 2023 listos para enfrentar nuevos desaf\u00edos.","breadcrumb":{"@id":"https:\/\/www.boxrepsol.com\/es\/rally\/isidre-esteve-y-el-repsol-toyota-rally-team-despegan-hacia-el-dakar-2023\/#breadcrumb"},"inLanguage":"es","potentialAction":[{"@type":"ReadAction","target":["https:\/\/www.boxrepsol.com\/es\/rally\/isidre-esteve-y-el-repsol-toyota-rally-team-despegan-hacia-el-dakar-2023\/"]}]},{"@type":"ImageObject","inLanguage":"es","@id":"https:\/\/www.boxrepsol.com\/es\/rally\/isidre-esteve-y-el-repsol-toyota-rally-team-despegan-hacia-el-dakar-2023\/#primaryimage","url":"https:\/\/bxrepsol.s3.eu-west-1.amazonaws.com\/static\/2023\/02\/06085221\/d23.jpg","contentUrl":"https:\/\/bxrepsol.s3.eu-west-1.amazonaws.com\/static\/2023\/02\/06085221\/d23.jpg","width":1280,"height":600},{"@type":"BreadcrumbList","@id":"https:\/\/www.boxrepsol.com\/es\/rally\/isidre-esteve-y-el-repsol-toyota-rally-team-despegan-hacia-el-dakar-2023\/#breadcrumb","itemListElement":[{"@type":"ListItem","position":1,"name":"Home","item":"https:\/\/www.boxrepsol.com\/es\/"},{"@type":"ListItem","position":2,"name":"Isidre Esteve y el Repsol Toyota Rally Team despegan hacia el Dakar 2023"}]},{"@type":"WebSite","@id":"https:\/\/www.boxrepsol.com\/es\/#website","url":"https:\/\/www.boxrepsol.com\/es\/","name":"Box Repsol","description":"Box Repsol Site","publisher":{"@id":"https:\/\/www.boxrepsol.com\/es\/#organization"},"potentialAction":[{"@type":"SearchAction","target":{"@type":"EntryPoint","urlTemplate":"https:\/\/www.boxrepsol.com\/es\/?s={search_term_string}"},"query-input":{"@type":"PropertyValueSpecification","valueRequired":true,"valueName":"search_term_string"}}],"inLanguage":"es"},{"@type":"Organization","@id":"https:\/\/www.boxrepsol.com\/es\/#organization","name":"Box Repsol","url":"https:\/\/www.boxrepsol.com\/es\/","logo":{"@type":"ImageObject","inLanguage":"es","@id":"https:\/\/www.boxrepsol.com\/es\/#\/schema\/logo\/image\/","url":"https:\/\/bxrepsol.s3.eu-west-1.amazonaws.com\/static\/2025\/07\/30083337\/favicon-96x96-1.png","contentUrl":"https:\/\/bxrepsol.s3.eu-west-1.amazonaws.com\/static\/2025\/07\/30083337\/favicon-96x96-1.png","width":96,"height":96,"caption":"Box Repsol"},"image":{"@id":"https:\/\/www.boxrepsol.com\/es\/#\/schema\/logo\/image\/"},"sameAs":["https:\/\/www.facebook.com\/BoxRepsol","https:\/\/x.com\/box_repsol","http:\/\/instagram.com\/box_repsol","https:\/\/www.youtube.com\/user\/RepsolCompeticion","https:\/\/www.flickr.com\/photos\/box_repsol\/"]},{"@type":"Person","@id":"https:\/\/www.boxrepsol.com\/es\/#\/schema\/person\/c5c2138f2cca251b0ad92b7086bb60b7","name":"Redacci\u00f3n Box Repsol","image":{"@type":"ImageObject","inLanguage":"es","@id":"https:\/\/secure.gravatar.com\/avatar\/adf7b77e38b4419baf32c7e9c21dde01f4e40df611f0978e3006fc4ba0aaab7e?s=96&d=mm&r=g","url":"https:\/\/secure.gravatar.com\/avatar\/adf7b77e38b4419baf32c7e9c21dde01f4e40df611f0978e3006fc4ba0aaab7e?s=96&d=mm&r=g","contentUrl":"https:\/\/secure.gravatar.com\/avatar\/adf7b77e38b4419baf32c7e9c21dde01f4e40df611f0978e3006fc4ba0aaab7e?s=96&d=mm&r=g","caption":"Redacci\u00f3n Box Repsol"},"description":"Box Repsol lo forma un equipo de periodistas, community managers, dise\u00f1adores y fot\u00f3grafos con m\u00e1s de 20 a\u00f1os de experiencia en el mundo del motorsport. Hemos vivido el primer mundial de un espa\u00f1ol en la categor\u00eda reina de motociclismo con \u00c1lex Crivill\u00e9, estuvimos en las victorias de Pedrosa y los t\u00edtulos de M\u00e1rquez, acompa\u00f1amos en \u00c1frica a Nani Roma y Marc Coma en sus conquistas del Dakar y hemos vibrado con los t\u00edtulos de Toni Bou en Trial. Adem\u00e1s, en nuestro equipo contamos con expertos en el mundo de las dos y cuatro ruedas tanto de la calle y las carreteras, como de los circuitos. Periodistas que han trabajado en revistas y publicaciones para hacerte llegar desde rutas y consejos de mantenimiento, a curiosidades y trucos de pilotaje.","sameAs":["https:\/\/www.facebook.com\/BoxRepsol\/","https:\/\/www.instagram.com\/box_repsol\/","https:\/\/x.com\/https:\/\/twitter.com\/box_repsol","https:\/\/www.youtube.com\/@Boxrepsol"],"url":"https:\/\/www.boxrepsol.com\/es\/author\/redaccion-box-repsol\/"}]}},"_links":{"self":[{"href":"https:\/\/www.boxrepsol.com\/es\/wp-json\/wp\/v2\/posts\/95629","targetHints":{"allow":["GET"]}}],"collection":[{"href":"https:\/\/www.boxrepsol.com\/es\/wp-json\/wp\/v2\/posts"}],"about":[{"href":"https:\/\/www.boxrepsol.com\/es\/wp-json\/wp\/v2\/types\/post"}],"author":[{"embeddable":true,"href":"https:\/\/www.boxrepsol.com\/es\/wp-json\/wp\/v2\/users\/43146"}],"replies":[{"embeddable":true,"href":"https:\/\/www.boxrepsol.com\/es\/wp-json\/wp\/v2\/comments?post=95629"}],"version-history":[{"count":1,"href":"https:\/\/www.boxrepsol.com\/es\/wp-json\/wp\/v2\/posts\/95629\/revisions"}],"predecessor-version":[{"id":109284,"href":"https:\/\/www.boxrepsol.com\/es\/wp-json\/wp\/v2\/posts\/95629\/revisions\/109284"}],"wp:featuredmedia":[{"embeddable":true,"href":"https:\/\/www.boxrepsol.com\/es\/wp-json\/wp\/v2\/media\/84826"}],"wp:attachment":[{"href":"https:\/\/www.boxrepsol.com\/es\/wp-json\/wp\/v2\/media?parent=95629"}],"wp:term":[{"taxonomy":"category","embeddable":true,"href":"https:\/\/www.boxrepsol.com\/es\/wp-json\/wp\/v2\/categories?post=95629"},{"taxonomy":"post_tag","embeddable":true,"href":"https:\/\/www.boxrepsol.com\/es\/wp-json\/wp\/v2\/tags?post=95629"}],"curies":[{"name":"wp","href":"https:\/\/api.w.org\/{rel}","templated":true}]}}