{"id":95594,"date":"2022-11-08T00:00:00","date_gmt":"2022-11-08T02:00:00","guid":{"rendered":"http:\/\/pre.boxrepsol.com\/sin-categorizar\/marc-marquez-y-el-equipo-repsol-honda-comienzan-a-preparar-la-temporada-2023-en-valencia\/"},"modified":"2024-04-08T08:49:31","modified_gmt":"2024-04-08T10:49:31","slug":"marc-marquez-y-el-equipo-repsol-honda-comienzan-a-preparar-la-temporada-2023-en-valencia","status":"publish","type":"post","link":"https:\/\/www.boxrepsol.com\/es\/motogp\/marc-marquez-y-el-equipo-repsol-honda-comienzan-a-preparar-la-temporada-2023-en-valencia\/","title":{"rendered":"Marc M\u00e1rquez y el equipo Repsol Honda comienzan a preparar la temporada 2023 en Valencia"},"content":{"rendered":"<p>Evaluando una serie de piezas y componentes para la Honda, las vueltas r\u00e1pidas no han sido hoy el objetivo principal, ya que el piloto del equipo <strong>Repsol Honda<\/strong> ha terminado el d\u00eda con el decimotercer\u00a0mejor registro -1 minuto, 30 segundos y 676 mil\u00e9simas-. <strong>M\u00e1rquez<\/strong> se ha mostrado satisfecho con los primeros pasos dados por los ingenieros de HRC y est\u00e1 expectante por ver lo que vendr\u00e1 en febrero.<\/p>\n<p>Ahora comienza un invierno ajetreado para los ingenieros en la sede de HRC en Jap\u00f3n y para los pilotos en casa, entrenando y en el gimnasio, ya que todos trabajan para estar lo m\u00e1s preparados posible para la pr\u00f3xima temporada. MotoGP volver\u00e1 a la acci\u00f3n ya en 2023 con el test de Sepang, del 10 al 12 de febrero, donde aparecer\u00e1n en el box las \u00faltimas motos, piezas y actualizaciones para el asalto a la corona de 2023.<\/p>\n<p>                    <a\n                        href=\"https:\/\/bxrepsol.s3.eu-west-1.amazonaws.com\/static\/2023\/02\/06083653\/https___repsolmedia.com_repsolmedia_wp-content_uploads_2022_11_JRB5429-scaled-1.jpg\"\n                        data-index=\"0\"\n                    ><br \/>\n                        <img decoding=\"async\"\n                            src=\"https:\/\/bxrepsol.s3.eu-west-1.amazonaws.com\/static\/2023\/02\/06083653\/https___repsolmedia.com_repsolmedia_wp-content_uploads_2022_11_JRB5429-scaled-1.jpg\"\n                            srcset=\"https:\/\/bxrepsol.s3.eu-west-1.amazonaws.com\/static\/2023\/02\/06083653\/https___repsolmedia.com_repsolmedia_wp-content_uploads_2022_11_JRB5429-scaled-1.jpg 2560w, https:\/\/bxrepsol.s3.eu-west-1.amazonaws.com\/static\/2023\/02\/06083653\/https___repsolmedia.com_repsolmedia_wp-content_uploads_2022_11_JRB5429-scaled-1.jpg 1280w, https:\/\/bxrepsol.s3.eu-west-1.amazonaws.com\/static\/2023\/02\/06083653\/https___repsolmedia.com_repsolmedia_wp-content_uploads_2022_11_JRB5429-scaled-1.jpg 900w, https:\/\/bxrepsol.s3.eu-west-1.amazonaws.com\/static\/2023\/02\/06083653\/https___repsolmedia.com_repsolmedia_wp-content_uploads_2022_11_JRB5429-scaled-1.jpg 600w, https:\/\/bxrepsol.s3.eu-west-1.amazonaws.com\/static\/2023\/02\/06083653\/https___repsolmedia.com_repsolmedia_wp-content_uploads_2022_11_JRB5429-scaled-1.jpg 480w, https:\/\/bxrepsol.s3.eu-west-1.amazonaws.com\/static\/2023\/02\/06083653\/https___repsolmedia.com_repsolmedia_wp-content_uploads_2022_11_JRB5429-scaled-1.jpg 32w\"\n                            title=\"https___repsolmedia.com_repsolmedia_wp-content_uploads_2022_11_JRB5429-scaled\"\n                            alt=\"\"\n                            data-title=\"\"><br \/>\n                    <\/a><br \/>\n                    <a\n                        href=\"https:\/\/bxrepsol.s3.eu-west-1.amazonaws.com\/static\/2023\/02\/06083656\/https___repsolmedia.com_repsolmedia_wp-content_uploads_2022_11_JRB5503-scaled-1.jpg\"\n                        data-index=\"1\"\n                    ><br \/>\n                        <img decoding=\"async\"\n                            src=\"https:\/\/bxrepsol.s3.eu-west-1.amazonaws.com\/static\/2023\/02\/06083656\/https___repsolmedia.com_repsolmedia_wp-content_uploads_2022_11_JRB5503-scaled-1.jpg\"\n                            srcset=\"https:\/\/bxrepsol.s3.eu-west-1.amazonaws.com\/static\/2023\/02\/06083656\/https___repsolmedia.com_repsolmedia_wp-content_uploads_2022_11_JRB5503-scaled-1.jpg 2560w, https:\/\/bxrepsol.s3.eu-west-1.amazonaws.com\/static\/2023\/02\/06083656\/https___repsolmedia.com_repsolmedia_wp-content_uploads_2022_11_JRB5503-scaled-1.jpg 1280w, https:\/\/bxrepsol.s3.eu-west-1.amazonaws.com\/static\/2023\/02\/06083656\/https___repsolmedia.com_repsolmedia_wp-content_uploads_2022_11_JRB5503-scaled-1.jpg 900w, https:\/\/bxrepsol.s3.eu-west-1.amazonaws.com\/static\/2023\/02\/06083656\/https___repsolmedia.com_repsolmedia_wp-content_uploads_2022_11_JRB5503-scaled-1.jpg 600w, https:\/\/bxrepsol.s3.eu-west-1.amazonaws.com\/static\/2023\/02\/06083656\/https___repsolmedia.com_repsolmedia_wp-content_uploads_2022_11_JRB5503-scaled-1.jpg 480w, https:\/\/bxrepsol.s3.eu-west-1.amazonaws.com\/static\/2023\/02\/06083656\/https___repsolmedia.com_repsolmedia_wp-content_uploads_2022_11_JRB5503-scaled-1.jpg 32w\"\n                            title=\"https___repsolmedia.com_repsolmedia_wp-content_uploads_2022_11_JRB5503-scaled\"\n                            alt=\"\"\n                            data-title=\"\"><br \/>\n                    <\/a><br \/>\n                    <a\n                        href=\"https:\/\/bxrepsol.s3.eu-west-1.amazonaws.com\/static\/2023\/02\/06083658\/https___repsolmedia.com_repsolmedia_wp-content_uploads_2022_11_JRB5720-scaled-1.jpg\"\n                        data-index=\"2\"\n                    ><br \/>\n                        <img decoding=\"async\"\n                            src=\"https:\/\/bxrepsol.s3.eu-west-1.amazonaws.com\/static\/2023\/02\/06083658\/https___repsolmedia.com_repsolmedia_wp-content_uploads_2022_11_JRB5720-scaled-1.jpg\"\n                            srcset=\"https:\/\/bxrepsol.s3.eu-west-1.amazonaws.com\/static\/2023\/02\/06083658\/https___repsolmedia.com_repsolmedia_wp-content_uploads_2022_11_JRB5720-scaled-1.jpg 2560w, https:\/\/bxrepsol.s3.eu-west-1.amazonaws.com\/static\/2023\/02\/06083658\/https___repsolmedia.com_repsolmedia_wp-content_uploads_2022_11_JRB5720-scaled-1.jpg 1280w, https:\/\/bxrepsol.s3.eu-west-1.amazonaws.com\/static\/2023\/02\/06083658\/https___repsolmedia.com_repsolmedia_wp-content_uploads_2022_11_JRB5720-scaled-1.jpg 900w, https:\/\/bxrepsol.s3.eu-west-1.amazonaws.com\/static\/2023\/02\/06083658\/https___repsolmedia.com_repsolmedia_wp-content_uploads_2022_11_JRB5720-scaled-1.jpg 600w, https:\/\/bxrepsol.s3.eu-west-1.amazonaws.com\/static\/2023\/02\/06083658\/https___repsolmedia.com_repsolmedia_wp-content_uploads_2022_11_JRB5720-scaled-1.jpg 480w, https:\/\/bxrepsol.s3.eu-west-1.amazonaws.com\/static\/2023\/02\/06083658\/https___repsolmedia.com_repsolmedia_wp-content_uploads_2022_11_JRB5720-scaled-1.jpg 32w\"\n                            title=\"https___repsolmedia.com_repsolmedia_wp-content_uploads_2022_11_JRB5720-scaled\"\n                            alt=\"\"\n                            data-title=\"\"><br \/>\n                    <\/a><br \/>\n                    <a\n                        href=\"https:\/\/bxrepsol.s3.eu-west-1.amazonaws.com\/static\/2023\/02\/06083700\/https___repsolmedia.com_repsolmedia_wp-content_uploads_2022_11_JRB6838-scaled-1.jpg\"\n                        data-index=\"3\"\n                    ><br \/>\n                        <img decoding=\"async\"\n                            src=\"https:\/\/bxrepsol.s3.eu-west-1.amazonaws.com\/static\/2023\/02\/06083700\/https___repsolmedia.com_repsolmedia_wp-content_uploads_2022_11_JRB6838-scaled-1.jpg\"\n                            srcset=\"https:\/\/bxrepsol.s3.eu-west-1.amazonaws.com\/static\/2023\/02\/06083700\/https___repsolmedia.com_repsolmedia_wp-content_uploads_2022_11_JRB6838-scaled-1.jpg 2560w, https:\/\/bxrepsol.s3.eu-west-1.amazonaws.com\/static\/2023\/02\/06083700\/https___repsolmedia.com_repsolmedia_wp-content_uploads_2022_11_JRB6838-scaled-1.jpg 1280w, https:\/\/bxrepsol.s3.eu-west-1.amazonaws.com\/static\/2023\/02\/06083700\/https___repsolmedia.com_repsolmedia_wp-content_uploads_2022_11_JRB6838-scaled-1.jpg 900w, https:\/\/bxrepsol.s3.eu-west-1.amazonaws.com\/static\/2023\/02\/06083700\/https___repsolmedia.com_repsolmedia_wp-content_uploads_2022_11_JRB6838-scaled-1.jpg 600w, https:\/\/bxrepsol.s3.eu-west-1.amazonaws.com\/static\/2023\/02\/06083700\/https___repsolmedia.com_repsolmedia_wp-content_uploads_2022_11_JRB6838-scaled-1.jpg 480w, https:\/\/bxrepsol.s3.eu-west-1.amazonaws.com\/static\/2023\/02\/06083700\/https___repsolmedia.com_repsolmedia_wp-content_uploads_2022_11_JRB6838-scaled-1.jpg 32w\"\n                            title=\"https___repsolmedia.com_repsolmedia_wp-content_uploads_2022_11_JRB6838-scaled\"\n                            alt=\"\"\n                            data-title=\"\"><br \/>\n                    <\/a><br \/>\n                    <a\n                        href=\"https:\/\/bxrepsol.s3.eu-west-1.amazonaws.com\/static\/2023\/02\/06083704\/https___repsolmedia.com_repsolmedia_wp-content_uploads_2022_11_JRB5311-1-scaled-1.jpg\"\n                        data-index=\"4\"\n                    ><br \/>\n                        <img decoding=\"async\"\n                            src=\"https:\/\/bxrepsol.s3.eu-west-1.amazonaws.com\/static\/2023\/02\/06083704\/https___repsolmedia.com_repsolmedia_wp-content_uploads_2022_11_JRB5311-1-scaled-1.jpg\"\n                            srcset=\"https:\/\/bxrepsol.s3.eu-west-1.amazonaws.com\/static\/2023\/02\/06083704\/https___repsolmedia.com_repsolmedia_wp-content_uploads_2022_11_JRB5311-1-scaled-1.jpg 2560w, https:\/\/bxrepsol.s3.eu-west-1.amazonaws.com\/static\/2023\/02\/06083704\/https___repsolmedia.com_repsolmedia_wp-content_uploads_2022_11_JRB5311-1-scaled-1.jpg 1280w, https:\/\/bxrepsol.s3.eu-west-1.amazonaws.com\/static\/2023\/02\/06083704\/https___repsolmedia.com_repsolmedia_wp-content_uploads_2022_11_JRB5311-1-scaled-1.jpg 900w, https:\/\/bxrepsol.s3.eu-west-1.amazonaws.com\/static\/2023\/02\/06083704\/https___repsolmedia.com_repsolmedia_wp-content_uploads_2022_11_JRB5311-1-scaled-1.jpg 600w, https:\/\/bxrepsol.s3.eu-west-1.amazonaws.com\/static\/2023\/02\/06083704\/https___repsolmedia.com_repsolmedia_wp-content_uploads_2022_11_JRB5311-1-scaled-1.jpg 480w, https:\/\/bxrepsol.s3.eu-west-1.amazonaws.com\/static\/2023\/02\/06083704\/https___repsolmedia.com_repsolmedia_wp-content_uploads_2022_11_JRB5311-1-scaled-1.jpg 32w\"\n                            title=\"https___repsolmedia.com_repsolmedia_wp-content_uploads_2022_11_JRB5311-1-scaled\"\n                            alt=\"\"\n                            data-title=\"\"><br \/>\n                    <\/a><br \/>\n        <button data-glide-dir=\"<\"><br \/>\n            <svg role=\"img\"  viewBox=\"0 0 256 512\">\n                <path fill=\"currentColor\" d=\"M238.475 475.535l7.071-7.07c4.686-4.686 4.686-12.284 0-16.971L50.053 256 245.546 60.506c4.686-4.686 4.686-12.284 0-16.971l-7.071-7.07c-4.686-4.686-12.284-4.686-16.97 0L10.454 247.515c-4.686 4.686-4.686 12.284 0 16.971l211.051 211.05c4.686 4.686 12.284 4.686 16.97-.001z\"><\/path>\n            <\/svg><br \/>\n        <\/button><br \/>\n        <button data-glide-dir=\">\u00ab><br \/>\n            <svg role=\"img\"  viewBox=\"0 0 256 512\">\n                <path fill=\"currentColor\" d=\"M17.525 36.465l-7.071 7.07c-4.686 4.686-4.686 12.284 0 16.971L205.947 256 10.454 451.494c-4.686 4.686-4.686 12.284 0 16.971l7.071 7.07c4.686 4.686 12.284 4.686 16.97 0l211.051-211.05c4.686-4.686 4.686-12.284 0-16.971L34.495 36.465c-4.686-4.687-12.284-4.687-16.97 0z\"><\/path>\n            <\/svg><br \/>\n        <\/button><\/p>\n<p><strong>Declaraciones\u00a0<\/strong><\/p>\n<p><a href=\"https:\/\/twitter.com\/hashtag\/MM93?src=hashtag_click\">#MM93<\/a><\/p>\n<p>\u00abHoy ha sido un d\u00eda importante. He probado todo lo que ten\u00eda que probar y hemos estado realmente centrados en terminar lo que ten\u00edamos que hacer para Honda, as\u00ed que no hab\u00eda necesidad de poner un neum\u00e1tico nuevo e ir a por una vuelta r\u00e1pida. Esperaba un poco m\u00e1s, pero hemos recogido mucha informaci\u00f3n y he podido compartir muchos comentarios con todos los ingenieros dentro del box. Es bueno ver que Honda est\u00e1 trabajando y ha sido capaz de traer algunas piezas m\u00e1s aqu\u00ed y ya estoy deseando ver lo que traen a Malasia. Ahora disfrutaremos de unas breves vacaciones antes de empezar a preparar el a\u00f1o 2023, porque tengo que mantenerme concentrado y constante para estar lo m\u00e1s en forma y preparado posible.\u00bb<\/p>\n","protected":false},"excerpt":{"rendered":"<p>Completando 50 vueltas, Marc M\u00e1rquez ha repartido su tiempo entre varias motos RC213V para determinar la direcci\u00f3n que los ingenieros de HRC deben seguir durante el invierno.<\/p>\n","protected":false},"author":43146,"featured_media":84420,"comment_status":"open","ping_status":"open","sticky":false,"template":"","format":"standard","meta":{"footnotes":""},"categories":[4],"tags":[269,6,15],"class_list":["post-95594","post","type-post","status-publish","format-standard","hentry","category-motogp","tag-269","tag-marc-marquez","tag-pretemporada"],"yoast_head":"<!-- This site is optimized with the Yoast SEO plugin v27.3 - https:\/\/yoast.com\/product\/yoast-seo-wordpress\/ -->\n<title>Marc M\u00e1rquez y el equipo Repsol Honda comienzan a preparar la temporada 2023 en Valencia - Box Repsol<\/title>\n<link rel=\"canonical\" href=\"https:\/\/www.boxrepsol.com\/es\/motogp\/marc-marquez-y-el-equipo-repsol-honda-comienzan-a-preparar-la-temporada-2023-en-valencia\/\" \/>\n<meta property=\"og:locale\" content=\"es_ES\" \/>\n<meta property=\"og:type\" content=\"article\" \/>\n<meta property=\"og:title\" content=\"Marc M\u00e1rquez y el equipo Repsol Honda comienzan a preparar la temporada 2023 en Valencia - Box Repsol\" \/>\n<meta property=\"og:description\" content=\"Completando 50 vueltas, Marc M\u00e1rquez ha repartido su tiempo entre varias motos RC213V para determinar la direcci\u00f3n que los ingenieros de HRC deben seguir durante el invierno.\" \/>\n<meta property=\"og:url\" content=\"https:\/\/www.boxrepsol.com\/es\/motogp\/marc-marquez-y-el-equipo-repsol-honda-comienzan-a-preparar-la-temporada-2023-en-valencia\/\" \/>\n<meta property=\"og:site_name\" content=\"Box Repsol\" \/>\n<meta property=\"article:publisher\" content=\"https:\/\/www.facebook.com\/BoxRepsol\" \/>\n<meta property=\"article:author\" content=\"https:\/\/www.facebook.com\/BoxRepsol\/\" \/>\n<meta property=\"article:published_time\" content=\"2022-11-08T02:00:00+00:00\" \/>\n<meta property=\"article:modified_time\" content=\"2024-04-08T10:49:31+00:00\" \/>\n<meta property=\"og:image\" content=\"https:\/\/bxrepsol.s3.eu-west-1.amazonaws.com\/static\/2023\/02\/06083707\/web13.jpg\" \/>\n\t<meta property=\"og:image:width\" content=\"1280\" \/>\n\t<meta property=\"og:image:height\" content=\"600\" \/>\n\t<meta property=\"og:image:type\" content=\"image\/jpeg\" \/>\n<meta name=\"author\" content=\"Redacci\u00f3n Box Repsol\" \/>\n<meta name=\"twitter:card\" content=\"summary_large_image\" \/>\n<meta name=\"twitter:creator\" content=\"@https:\/\/twitter.com\/box_repsol\" \/>\n<meta name=\"twitter:site\" content=\"@box_repsol\" \/>\n<meta name=\"twitter:label1\" content=\"Written by\" \/>\n\t<meta name=\"twitter:data1\" content=\"Redacci\u00f3n Box Repsol\" \/>\n\t<meta name=\"twitter:label2\" content=\"Est. reading time\" \/>\n\t<meta name=\"twitter:data2\" content=\"1 minuto\" \/>\n<script type=\"application\/ld+json\" class=\"yoast-schema-graph\">{\"@context\":\"https:\\\/\\\/schema.org\",\"@graph\":[{\"@type\":\"Article\",\"@id\":\"https:\\\/\\\/www.boxrepsol.com\\\/es\\\/motogp\\\/marc-marquez-y-el-equipo-repsol-honda-comienzan-a-preparar-la-temporada-2023-en-valencia\\\/#article\",\"isPartOf\":{\"@id\":\"https:\\\/\\\/www.boxrepsol.com\\\/es\\\/motogp\\\/marc-marquez-y-el-equipo-repsol-honda-comienzan-a-preparar-la-temporada-2023-en-valencia\\\/\"},\"author\":{\"name\":\"Redacci\u00f3n Box Repsol\",\"@id\":\"https:\\\/\\\/www.boxrepsol.com\\\/es\\\/#\\\/schema\\\/person\\\/c5c2138f2cca251b0ad92b7086bb60b7\"},\"headline\":\"Marc M\u00e1rquez y el equipo Repsol Honda comienzan a preparar la temporada 2023 en Valencia\",\"datePublished\":\"2022-11-08T02:00:00+00:00\",\"dateModified\":\"2024-04-08T10:49:31+00:00\",\"mainEntityOfPage\":{\"@id\":\"https:\\\/\\\/www.boxrepsol.com\\\/es\\\/motogp\\\/marc-marquez-y-el-equipo-repsol-honda-comienzan-a-preparar-la-temporada-2023-en-valencia\\\/\"},\"wordCount\":301,\"commentCount\":0,\"publisher\":{\"@id\":\"https:\\\/\\\/www.boxrepsol.com\\\/es\\\/#organization\"},\"image\":{\"@id\":\"https:\\\/\\\/www.boxrepsol.com\\\/es\\\/motogp\\\/marc-marquez-y-el-equipo-repsol-honda-comienzan-a-preparar-la-temporada-2023-en-valencia\\\/#primaryimage\"},\"thumbnailUrl\":\"https:\\\/\\\/bxrepsol.s3.eu-west-1.amazonaws.com\\\/static\\\/2023\\\/02\\\/06083707\\\/web13.jpg\",\"keywords\":[\"2023\",\"Marc M\u00e1rquez\",\"pretemporada\"],\"articleSection\":[\"MotoGP\"],\"inLanguage\":\"es\",\"potentialAction\":[{\"@type\":\"CommentAction\",\"name\":\"Comment\",\"target\":[\"https:\\\/\\\/www.boxrepsol.com\\\/es\\\/motogp\\\/marc-marquez-y-el-equipo-repsol-honda-comienzan-a-preparar-la-temporada-2023-en-valencia\\\/#respond\"]}]},{\"@type\":\"WebPage\",\"@id\":\"https:\\\/\\\/www.boxrepsol.com\\\/es\\\/motogp\\\/marc-marquez-y-el-equipo-repsol-honda-comienzan-a-preparar-la-temporada-2023-en-valencia\\\/\",\"url\":\"https:\\\/\\\/www.boxrepsol.com\\\/es\\\/motogp\\\/marc-marquez-y-el-equipo-repsol-honda-comienzan-a-preparar-la-temporada-2023-en-valencia\\\/\",\"name\":\"Marc M\u00e1rquez y el equipo Repsol Honda comienzan a preparar la temporada 2023 en Valencia - Box Repsol\",\"isPartOf\":{\"@id\":\"https:\\\/\\\/www.boxrepsol.com\\\/es\\\/#website\"},\"primaryImageOfPage\":{\"@id\":\"https:\\\/\\\/www.boxrepsol.com\\\/es\\\/motogp\\\/marc-marquez-y-el-equipo-repsol-honda-comienzan-a-preparar-la-temporada-2023-en-valencia\\\/#primaryimage\"},\"image\":{\"@id\":\"https:\\\/\\\/www.boxrepsol.com\\\/es\\\/motogp\\\/marc-marquez-y-el-equipo-repsol-honda-comienzan-a-preparar-la-temporada-2023-en-valencia\\\/#primaryimage\"},\"thumbnailUrl\":\"https:\\\/\\\/bxrepsol.s3.eu-west-1.amazonaws.com\\\/static\\\/2023\\\/02\\\/06083707\\\/web13.jpg\",\"datePublished\":\"2022-11-08T02:00:00+00:00\",\"dateModified\":\"2024-04-08T10:49:31+00:00\",\"breadcrumb\":{\"@id\":\"https:\\\/\\\/www.boxrepsol.com\\\/es\\\/motogp\\\/marc-marquez-y-el-equipo-repsol-honda-comienzan-a-preparar-la-temporada-2023-en-valencia\\\/#breadcrumb\"},\"inLanguage\":\"es\",\"potentialAction\":[{\"@type\":\"ReadAction\",\"target\":[\"https:\\\/\\\/www.boxrepsol.com\\\/es\\\/motogp\\\/marc-marquez-y-el-equipo-repsol-honda-comienzan-a-preparar-la-temporada-2023-en-valencia\\\/\"]}]},{\"@type\":\"ImageObject\",\"inLanguage\":\"es\",\"@id\":\"https:\\\/\\\/www.boxrepsol.com\\\/es\\\/motogp\\\/marc-marquez-y-el-equipo-repsol-honda-comienzan-a-preparar-la-temporada-2023-en-valencia\\\/#primaryimage\",\"url\":\"https:\\\/\\\/bxrepsol.s3.eu-west-1.amazonaws.com\\\/static\\\/2023\\\/02\\\/06083707\\\/web13.jpg\",\"contentUrl\":\"https:\\\/\\\/bxrepsol.s3.eu-west-1.amazonaws.com\\\/static\\\/2023\\\/02\\\/06083707\\\/web13.jpg\",\"width\":1280,\"height\":600},{\"@type\":\"BreadcrumbList\",\"@id\":\"https:\\\/\\\/www.boxrepsol.com\\\/es\\\/motogp\\\/marc-marquez-y-el-equipo-repsol-honda-comienzan-a-preparar-la-temporada-2023-en-valencia\\\/#breadcrumb\",\"itemListElement\":[{\"@type\":\"ListItem\",\"position\":1,\"name\":\"Home\",\"item\":\"https:\\\/\\\/www.boxrepsol.com\\\/es\\\/\"},{\"@type\":\"ListItem\",\"position\":2,\"name\":\"Marc M\u00e1rquez y el equipo Repsol Honda comienzan a preparar la temporada 2023 en Valencia\"}]},{\"@type\":\"WebSite\",\"@id\":\"https:\\\/\\\/www.boxrepsol.com\\\/es\\\/#website\",\"url\":\"https:\\\/\\\/www.boxrepsol.com\\\/es\\\/\",\"name\":\"Box Repsol\",\"description\":\"Box Repsol Site\",\"publisher\":{\"@id\":\"https:\\\/\\\/www.boxrepsol.com\\\/es\\\/#organization\"},\"potentialAction\":[{\"@type\":\"SearchAction\",\"target\":{\"@type\":\"EntryPoint\",\"urlTemplate\":\"https:\\\/\\\/www.boxrepsol.com\\\/es\\\/?s={search_term_string}\"},\"query-input\":{\"@type\":\"PropertyValueSpecification\",\"valueRequired\":true,\"valueName\":\"search_term_string\"}}],\"inLanguage\":\"es\"},{\"@type\":\"Organization\",\"@id\":\"https:\\\/\\\/www.boxrepsol.com\\\/es\\\/#organization\",\"name\":\"Box Repsol\",\"url\":\"https:\\\/\\\/www.boxrepsol.com\\\/es\\\/\",\"logo\":{\"@type\":\"ImageObject\",\"inLanguage\":\"es\",\"@id\":\"https:\\\/\\\/www.boxrepsol.com\\\/es\\\/#\\\/schema\\\/logo\\\/image\\\/\",\"url\":\"https:\\\/\\\/bxrepsol.s3.eu-west-1.amazonaws.com\\\/static\\\/2025\\\/07\\\/30083337\\\/favicon-96x96-1.png\",\"contentUrl\":\"https:\\\/\\\/bxrepsol.s3.eu-west-1.amazonaws.com\\\/static\\\/2025\\\/07\\\/30083337\\\/favicon-96x96-1.png\",\"width\":96,\"height\":96,\"caption\":\"Box Repsol\"},\"image\":{\"@id\":\"https:\\\/\\\/www.boxrepsol.com\\\/es\\\/#\\\/schema\\\/logo\\\/image\\\/\"},\"sameAs\":[\"https:\\\/\\\/www.facebook.com\\\/BoxRepsol\",\"https:\\\/\\\/x.com\\\/box_repsol\",\"http:\\\/\\\/instagram.com\\\/box_repsol\",\"https:\\\/\\\/www.youtube.com\\\/user\\\/RepsolCompeticion\",\"https:\\\/\\\/www.flickr.com\\\/photos\\\/box_repsol\\\/\"]},{\"@type\":\"Person\",\"@id\":\"https:\\\/\\\/www.boxrepsol.com\\\/es\\\/#\\\/schema\\\/person\\\/c5c2138f2cca251b0ad92b7086bb60b7\",\"name\":\"Redacci\u00f3n Box Repsol\",\"image\":{\"@type\":\"ImageObject\",\"inLanguage\":\"es\",\"@id\":\"https:\\\/\\\/secure.gravatar.com\\\/avatar\\\/adf7b77e38b4419baf32c7e9c21dde01f4e40df611f0978e3006fc4ba0aaab7e?s=96&d=mm&r=g\",\"url\":\"https:\\\/\\\/secure.gravatar.com\\\/avatar\\\/adf7b77e38b4419baf32c7e9c21dde01f4e40df611f0978e3006fc4ba0aaab7e?s=96&d=mm&r=g\",\"contentUrl\":\"https:\\\/\\\/secure.gravatar.com\\\/avatar\\\/adf7b77e38b4419baf32c7e9c21dde01f4e40df611f0978e3006fc4ba0aaab7e?s=96&d=mm&r=g\",\"caption\":\"Redacci\u00f3n Box Repsol\"},\"description\":\"Box Repsol lo forma un equipo de periodistas, community managers, dise\u00f1adores y fot\u00f3grafos con m\u00e1s de 20 a\u00f1os de experiencia en el mundo del motorsport. Hemos vivido el primer mundial de un espa\u00f1ol en la categor\u00eda reina de motociclismo con \u00c1lex Crivill\u00e9, estuvimos en las victorias de Pedrosa y los t\u00edtulos de M\u00e1rquez, acompa\u00f1amos en \u00c1frica a Nani Roma y Marc Coma en sus conquistas del Dakar y hemos vibrado con los t\u00edtulos de Toni Bou en Trial. Adem\u00e1s, en nuestro equipo contamos con expertos en el mundo de las dos y cuatro ruedas tanto de la calle y las carreteras, como de los circuitos. Periodistas que han trabajado en revistas y publicaciones para hacerte llegar desde rutas y consejos de mantenimiento, a curiosidades y trucos de pilotaje.\",\"sameAs\":[\"https:\\\/\\\/www.facebook.com\\\/BoxRepsol\\\/\",\"https:\\\/\\\/www.instagram.com\\\/box_repsol\\\/\",\"https:\\\/\\\/x.com\\\/https:\\\/\\\/twitter.com\\\/box_repsol\",\"https:\\\/\\\/www.youtube.com\\\/@Boxrepsol\"],\"url\":\"https:\\\/\\\/www.boxrepsol.com\\\/es\\\/author\\\/redaccion-box-repsol\\\/\"}]}<\/script>\n<!-- \/ Yoast SEO plugin. -->","yoast_head_json":{"title":"Marc M\u00e1rquez y el equipo Repsol Honda comienzan a preparar la temporada 2023 en Valencia - Box Repsol","canonical":"https:\/\/www.boxrepsol.com\/es\/motogp\/marc-marquez-y-el-equipo-repsol-honda-comienzan-a-preparar-la-temporada-2023-en-valencia\/","og_locale":"es_ES","og_type":"article","og_title":"Marc M\u00e1rquez y el equipo Repsol Honda comienzan a preparar la temporada 2023 en Valencia - Box Repsol","og_description":"Completando 50 vueltas, Marc M\u00e1rquez ha repartido su tiempo entre varias motos RC213V para determinar la direcci\u00f3n que los ingenieros de HRC deben seguir durante el invierno.","og_url":"https:\/\/www.boxrepsol.com\/es\/motogp\/marc-marquez-y-el-equipo-repsol-honda-comienzan-a-preparar-la-temporada-2023-en-valencia\/","og_site_name":"Box Repsol","article_publisher":"https:\/\/www.facebook.com\/BoxRepsol","article_author":"https:\/\/www.facebook.com\/BoxRepsol\/","article_published_time":"2022-11-08T02:00:00+00:00","article_modified_time":"2024-04-08T10:49:31+00:00","og_image":[{"width":1280,"height":600,"url":"https:\/\/bxrepsol.s3.eu-west-1.amazonaws.com\/static\/2023\/02\/06083707\/web13.jpg","type":"image\/jpeg"}],"author":"Redacci\u00f3n Box Repsol","twitter_card":"summary_large_image","twitter_creator":"@https:\/\/twitter.com\/box_repsol","twitter_site":"@box_repsol","twitter_misc":{"Written by":"Redacci\u00f3n Box Repsol","Est. reading time":"1 minuto"},"schema":{"@context":"https:\/\/schema.org","@graph":[{"@type":"Article","@id":"https:\/\/www.boxrepsol.com\/es\/motogp\/marc-marquez-y-el-equipo-repsol-honda-comienzan-a-preparar-la-temporada-2023-en-valencia\/#article","isPartOf":{"@id":"https:\/\/www.boxrepsol.com\/es\/motogp\/marc-marquez-y-el-equipo-repsol-honda-comienzan-a-preparar-la-temporada-2023-en-valencia\/"},"author":{"name":"Redacci\u00f3n Box Repsol","@id":"https:\/\/www.boxrepsol.com\/es\/#\/schema\/person\/c5c2138f2cca251b0ad92b7086bb60b7"},"headline":"Marc M\u00e1rquez y el equipo Repsol Honda comienzan a preparar la temporada 2023 en Valencia","datePublished":"2022-11-08T02:00:00+00:00","dateModified":"2024-04-08T10:49:31+00:00","mainEntityOfPage":{"@id":"https:\/\/www.boxrepsol.com\/es\/motogp\/marc-marquez-y-el-equipo-repsol-honda-comienzan-a-preparar-la-temporada-2023-en-valencia\/"},"wordCount":301,"commentCount":0,"publisher":{"@id":"https:\/\/www.boxrepsol.com\/es\/#organization"},"image":{"@id":"https:\/\/www.boxrepsol.com\/es\/motogp\/marc-marquez-y-el-equipo-repsol-honda-comienzan-a-preparar-la-temporada-2023-en-valencia\/#primaryimage"},"thumbnailUrl":"https:\/\/bxrepsol.s3.eu-west-1.amazonaws.com\/static\/2023\/02\/06083707\/web13.jpg","keywords":["2023","Marc M\u00e1rquez","pretemporada"],"articleSection":["MotoGP"],"inLanguage":"es","potentialAction":[{"@type":"CommentAction","name":"Comment","target":["https:\/\/www.boxrepsol.com\/es\/motogp\/marc-marquez-y-el-equipo-repsol-honda-comienzan-a-preparar-la-temporada-2023-en-valencia\/#respond"]}]},{"@type":"WebPage","@id":"https:\/\/www.boxrepsol.com\/es\/motogp\/marc-marquez-y-el-equipo-repsol-honda-comienzan-a-preparar-la-temporada-2023-en-valencia\/","url":"https:\/\/www.boxrepsol.com\/es\/motogp\/marc-marquez-y-el-equipo-repsol-honda-comienzan-a-preparar-la-temporada-2023-en-valencia\/","name":"Marc M\u00e1rquez y el equipo Repsol Honda comienzan a preparar la temporada 2023 en Valencia - Box Repsol","isPartOf":{"@id":"https:\/\/www.boxrepsol.com\/es\/#website"},"primaryImageOfPage":{"@id":"https:\/\/www.boxrepsol.com\/es\/motogp\/marc-marquez-y-el-equipo-repsol-honda-comienzan-a-preparar-la-temporada-2023-en-valencia\/#primaryimage"},"image":{"@id":"https:\/\/www.boxrepsol.com\/es\/motogp\/marc-marquez-y-el-equipo-repsol-honda-comienzan-a-preparar-la-temporada-2023-en-valencia\/#primaryimage"},"thumbnailUrl":"https:\/\/bxrepsol.s3.eu-west-1.amazonaws.com\/static\/2023\/02\/06083707\/web13.jpg","datePublished":"2022-11-08T02:00:00+00:00","dateModified":"2024-04-08T10:49:31+00:00","breadcrumb":{"@id":"https:\/\/www.boxrepsol.com\/es\/motogp\/marc-marquez-y-el-equipo-repsol-honda-comienzan-a-preparar-la-temporada-2023-en-valencia\/#breadcrumb"},"inLanguage":"es","potentialAction":[{"@type":"ReadAction","target":["https:\/\/www.boxrepsol.com\/es\/motogp\/marc-marquez-y-el-equipo-repsol-honda-comienzan-a-preparar-la-temporada-2023-en-valencia\/"]}]},{"@type":"ImageObject","inLanguage":"es","@id":"https:\/\/www.boxrepsol.com\/es\/motogp\/marc-marquez-y-el-equipo-repsol-honda-comienzan-a-preparar-la-temporada-2023-en-valencia\/#primaryimage","url":"https:\/\/bxrepsol.s3.eu-west-1.amazonaws.com\/static\/2023\/02\/06083707\/web13.jpg","contentUrl":"https:\/\/bxrepsol.s3.eu-west-1.amazonaws.com\/static\/2023\/02\/06083707\/web13.jpg","width":1280,"height":600},{"@type":"BreadcrumbList","@id":"https:\/\/www.boxrepsol.com\/es\/motogp\/marc-marquez-y-el-equipo-repsol-honda-comienzan-a-preparar-la-temporada-2023-en-valencia\/#breadcrumb","itemListElement":[{"@type":"ListItem","position":1,"name":"Home","item":"https:\/\/www.boxrepsol.com\/es\/"},{"@type":"ListItem","position":2,"name":"Marc M\u00e1rquez y el equipo Repsol Honda comienzan a preparar la temporada 2023 en Valencia"}]},{"@type":"WebSite","@id":"https:\/\/www.boxrepsol.com\/es\/#website","url":"https:\/\/www.boxrepsol.com\/es\/","name":"Box Repsol","description":"Box Repsol Site","publisher":{"@id":"https:\/\/www.boxrepsol.com\/es\/#organization"},"potentialAction":[{"@type":"SearchAction","target":{"@type":"EntryPoint","urlTemplate":"https:\/\/www.boxrepsol.com\/es\/?s={search_term_string}"},"query-input":{"@type":"PropertyValueSpecification","valueRequired":true,"valueName":"search_term_string"}}],"inLanguage":"es"},{"@type":"Organization","@id":"https:\/\/www.boxrepsol.com\/es\/#organization","name":"Box Repsol","url":"https:\/\/www.boxrepsol.com\/es\/","logo":{"@type":"ImageObject","inLanguage":"es","@id":"https:\/\/www.boxrepsol.com\/es\/#\/schema\/logo\/image\/","url":"https:\/\/bxrepsol.s3.eu-west-1.amazonaws.com\/static\/2025\/07\/30083337\/favicon-96x96-1.png","contentUrl":"https:\/\/bxrepsol.s3.eu-west-1.amazonaws.com\/static\/2025\/07\/30083337\/favicon-96x96-1.png","width":96,"height":96,"caption":"Box Repsol"},"image":{"@id":"https:\/\/www.boxrepsol.com\/es\/#\/schema\/logo\/image\/"},"sameAs":["https:\/\/www.facebook.com\/BoxRepsol","https:\/\/x.com\/box_repsol","http:\/\/instagram.com\/box_repsol","https:\/\/www.youtube.com\/user\/RepsolCompeticion","https:\/\/www.flickr.com\/photos\/box_repsol\/"]},{"@type":"Person","@id":"https:\/\/www.boxrepsol.com\/es\/#\/schema\/person\/c5c2138f2cca251b0ad92b7086bb60b7","name":"Redacci\u00f3n Box Repsol","image":{"@type":"ImageObject","inLanguage":"es","@id":"https:\/\/secure.gravatar.com\/avatar\/adf7b77e38b4419baf32c7e9c21dde01f4e40df611f0978e3006fc4ba0aaab7e?s=96&d=mm&r=g","url":"https:\/\/secure.gravatar.com\/avatar\/adf7b77e38b4419baf32c7e9c21dde01f4e40df611f0978e3006fc4ba0aaab7e?s=96&d=mm&r=g","contentUrl":"https:\/\/secure.gravatar.com\/avatar\/adf7b77e38b4419baf32c7e9c21dde01f4e40df611f0978e3006fc4ba0aaab7e?s=96&d=mm&r=g","caption":"Redacci\u00f3n Box Repsol"},"description":"Box Repsol lo forma un equipo de periodistas, community managers, dise\u00f1adores y fot\u00f3grafos con m\u00e1s de 20 a\u00f1os de experiencia en el mundo del motorsport. Hemos vivido el primer mundial de un espa\u00f1ol en la categor\u00eda reina de motociclismo con \u00c1lex Crivill\u00e9, estuvimos en las victorias de Pedrosa y los t\u00edtulos de M\u00e1rquez, acompa\u00f1amos en \u00c1frica a Nani Roma y Marc Coma en sus conquistas del Dakar y hemos vibrado con los t\u00edtulos de Toni Bou en Trial. Adem\u00e1s, en nuestro equipo contamos con expertos en el mundo de las dos y cuatro ruedas tanto de la calle y las carreteras, como de los circuitos. Periodistas que han trabajado en revistas y publicaciones para hacerte llegar desde rutas y consejos de mantenimiento, a curiosidades y trucos de pilotaje.","sameAs":["https:\/\/www.facebook.com\/BoxRepsol\/","https:\/\/www.instagram.com\/box_repsol\/","https:\/\/x.com\/https:\/\/twitter.com\/box_repsol","https:\/\/www.youtube.com\/@Boxrepsol"],"url":"https:\/\/www.boxrepsol.com\/es\/author\/redaccion-box-repsol\/"}]}},"_links":{"self":[{"href":"https:\/\/www.boxrepsol.com\/es\/wp-json\/wp\/v2\/posts\/95594","targetHints":{"allow":["GET"]}}],"collection":[{"href":"https:\/\/www.boxrepsol.com\/es\/wp-json\/wp\/v2\/posts"}],"about":[{"href":"https:\/\/www.boxrepsol.com\/es\/wp-json\/wp\/v2\/types\/post"}],"author":[{"embeddable":true,"href":"https:\/\/www.boxrepsol.com\/es\/wp-json\/wp\/v2\/users\/43146"}],"replies":[{"embeddable":true,"href":"https:\/\/www.boxrepsol.com\/es\/wp-json\/wp\/v2\/comments?post=95594"}],"version-history":[{"count":1,"href":"https:\/\/www.boxrepsol.com\/es\/wp-json\/wp\/v2\/posts\/95594\/revisions"}],"predecessor-version":[{"id":95595,"href":"https:\/\/www.boxrepsol.com\/es\/wp-json\/wp\/v2\/posts\/95594\/revisions\/95595"}],"wp:featuredmedia":[{"embeddable":true,"href":"https:\/\/www.boxrepsol.com\/es\/wp-json\/wp\/v2\/media\/84420"}],"wp:attachment":[{"href":"https:\/\/www.boxrepsol.com\/es\/wp-json\/wp\/v2\/media?parent=95594"}],"wp:term":[{"taxonomy":"category","embeddable":true,"href":"https:\/\/www.boxrepsol.com\/es\/wp-json\/wp\/v2\/categories?post=95594"},{"taxonomy":"post_tag","embeddable":true,"href":"https:\/\/www.boxrepsol.com\/es\/wp-json\/wp\/v2\/tags?post=95594"}],"curies":[{"name":"wp","href":"https:\/\/api.w.org\/{rel}","templated":true}]}}