{"id":95592,"date":"2022-11-07T00:00:00","date_gmt":"2022-11-07T02:00:00","guid":{"rendered":"http:\/\/pre.boxrepsol.com\/sin-categorizar\/que-es-el-neck-brace-para-moto\/"},"modified":"2024-03-22T10:57:40","modified_gmt":"2024-03-22T12:57:40","slug":"que-es-el-neck-brace-para-moto","status":"publish","type":"post","link":"https:\/\/www.boxrepsol.com\/es\/vive-tu-moto\/que-es-el-neck-brace-para-moto\/","title":{"rendered":"\u00bfQu\u00e9 es el \u2018neck brace\u2019 para moto?"},"content":{"rendered":"\n<p>El uso del <strong><em>neck brace<\/em><\/strong> se ha extendido y cada vez son m\u00e1s los usuarios que lo utilizan en <a href=\"https:\/\/www.boxrepsol.com\/es\/vive-tu-moto\/tipos-de-moto-cual-es-el-tuyo\/\">todo tipo de motos<\/a> y no necesariamente en competici\u00f3n. Est\u00e1 demostrado que es un elemento que ayuda a evitar o <strong>minimizar posibles lesiones cervicales<\/strong> y supone un gran avance en t\u00e9rminos de seguridad para los motoristas. <\/p>\n\n\n\n<div id=\"ez-toc-container\" class=\"ez-toc-v2_0_82_2 counter-hierarchy ez-toc-counter ez-toc-grey ez-toc-container-direction\">\n<div class=\"ez-toc-title-container\">\n<p class=\"ez-toc-title\" style=\"cursor:inherit\">\u00cdndice<\/p>\n<span class=\"ez-toc-title-toggle\"><a href=\"#\" class=\"ez-toc-pull-right ez-toc-btn ez-toc-btn-xs ez-toc-btn-default ez-toc-toggle\" aria-label=\"Toggle Table of Content\"><span class=\"ez-toc-js-icon-con\"><span class=\"\"><span class=\"eztoc-hide\" style=\"display:none;\">Toggle<\/span><span class=\"ez-toc-icon-toggle-span\"><svg style=\"fill: #999;color:#999\" xmlns=\"http:\/\/www.w3.org\/2000\/svg\" class=\"list-377408\" width=\"20px\" height=\"20px\" viewBox=\"0 0 24 24\" fill=\"none\"><path d=\"M6 6H4v2h2V6zm14 0H8v2h12V6zM4 11h2v2H4v-2zm16 0H8v2h12v-2zM4 16h2v2H4v-2zm16 0H8v2h12v-2z\" fill=\"currentColor\"><\/path><\/svg><svg style=\"fill: #999;color:#999\" class=\"arrow-unsorted-368013\" xmlns=\"http:\/\/www.w3.org\/2000\/svg\" width=\"10px\" height=\"10px\" viewBox=\"0 0 24 24\" version=\"1.2\" baseProfile=\"tiny\"><path d=\"M18.2 9.3l-6.2-6.3-6.2 6.3c-.2.2-.3.4-.3.7s.1.5.3.7c.2.2.4.3.7.3h11c.3 0 .5-.1.7-.3.2-.2.3-.5.3-.7s-.1-.5-.3-.7zM5.8 14.7l6.2 6.3 6.2-6.3c.2-.2.3-.5.3-.7s-.1-.5-.3-.7c-.2-.2-.4-.3-.7-.3h-11c-.3 0-.5.1-.7.3-.2.2-.3.5-.3.7s.1.5.3.7z\"\/><\/svg><\/span><\/span><\/span><\/a><\/span><\/div>\n<nav><ul class='ez-toc-list ez-toc-list-level-1 ' ><li class='ez-toc-page-1 ez-toc-heading-level-2'><a class=\"ez-toc-link ez-toc-heading-1\" href=\"https:\/\/www.boxrepsol.com\/es\/vive-tu-moto\/que-es-el-neck-brace-para-moto\/#%C2%BFEs_obligatorio_el_uso_de_neck_brace_en_las_competiciones\" >\u00bfEs obligatorio el uso de neck brace en las competiciones?<\/a><\/li><li class='ez-toc-page-1 ez-toc-heading-level-2'><a class=\"ez-toc-link ez-toc-heading-2\" href=\"https:\/\/www.boxrepsol.com\/es\/vive-tu-moto\/que-es-el-neck-brace-para-moto\/#Origen_del_neck_brace\" >Origen del neck brace<\/a><\/li><li class='ez-toc-page-1 ez-toc-heading-level-2'><a class=\"ez-toc-link ez-toc-heading-3\" href=\"https:\/\/www.boxrepsol.com\/es\/vive-tu-moto\/que-es-el-neck-brace-para-moto\/#%C2%BFComo_funciona_el_neck_brace\" >\u00bfC\u00f3mo funciona el neck brace?<\/a><ul class='ez-toc-list-level-3' ><li class='ez-toc-heading-level-3'><a class=\"ez-toc-link ez-toc-heading-4\" href=\"https:\/\/www.boxrepsol.com\/es\/vive-tu-moto\/que-es-el-neck-brace-para-moto\/#%C2%BFComo_se_utiliza_el_%E2%80%98neck_brace\" >\u00bfC\u00f3mo se utiliza el \u2018neck brace\u2019?<\/a><\/li><\/ul><\/li><li class='ez-toc-page-1 ez-toc-heading-level-2'><a class=\"ez-toc-link ez-toc-heading-5\" href=\"https:\/\/www.boxrepsol.com\/es\/vive-tu-moto\/que-es-el-neck-brace-para-moto\/#El_precedente_de_la_Formula_1\" >El precedente de la Formula 1<\/a><\/li><\/ul><\/nav><\/div>\n<h2 class=\"wp-block-heading\"><span class=\"ez-toc-section\" id=\"%C2%BFEs_obligatorio_el_uso_de_neck_brace_en_las_competiciones\"><\/span>\u00bfEs obligatorio el uso de neck brace en las competiciones?<span class=\"ez-toc-section-end\"><\/span><\/h2>\n\n\n\n<p>El uso de este protector de cuello no es obligatorio. Sin embargo, en el Dakar y otros afamados rallies se ha convertido en un elemento de seguridad indispensable, especialmente desde que en 2007 la ASO (Amaury Sports Organization), empresa organizadora del mencionado Dakar, promovi\u00f3 la<strong> iniciativa de subvencionar gran parte del coste del <em>neck brace<\/em><\/strong> a los pilotos participantes.<\/p>\n\n\n\n<p>Tampoco es obligatorio en otras especialidades, pero s\u00ed es cierto que lo utilizan una buena parte de pilotos de <a href=\"https:\/\/www.boxrepsol.com\/es\/vive-tu-moto\/moto-de-campo-vs-moto-de-carretera\/\">motos de campo<\/a>, especialmente enduro y algunos de motocross. Los de velocidad y trial <strong>no lo usan debido a que necesitan hacer movimientos con la cabeza <\/strong>que con el <em>neck brace<\/em> se ven dificultados. Por otro lado, su utilizaci\u00f3n se est\u00e1 extendiendo fuera de los circuitos y de la competici\u00f3n. Por este motivo ya existen modelos espec\u00edficos para ser empleados al conducir todo tipo de motos de carretera, incluyendo las <a href=\"https:\/\/www.boxrepsol.com\/es\/vive-tu-moto\/que-son-las-motos-trail-y-como-han-evolucionado\/\">motos de trail<\/a>, que permiten dejar el asfalto a un lado y realizar rutas por pistas de tierra.<\/p>\n\n\n\n<p>Debido a la gran diversidad de protectores de cuello que existen actualmente en el mercado, <strong>los precios tambi\u00e9n son muy variados.<\/strong> De todos modos, para situarnos un poco, no est\u00e1 de m\u00e1s comentar que el precio de un <em>neck brace<\/em> oscila entre 150 y 500 euros, dependiendo del modelo y de la especialidad para la que est\u00e9 dise\u00f1ado.<\/p>\n\n\n<div class=\"wp-block-image\">\n<figure class=\"aligncenter\"><img decoding=\"async\" src=\"https:\/\/bxrepsol.s3.eu-west-1.amazonaws.com\/static\/2023\/02\/06083635\/Foto-2-a.jpg\" alt=\"piloto de Honda posando con un neck brace \"\/><\/figure>\n<\/div>\n\n\n<h2 class=\"wp-block-heading\"><span class=\"ez-toc-section\" id=\"Origen_del_neck_brace\"><\/span>Origen del neck brace<span class=\"ez-toc-section-end\"><\/span><\/h2>\n\n\n\n<p>El primer <em>neck brace<\/em> fue desarrollado por un <strong>m\u00e9dico sudafricano llamado Chris Leatt. <\/strong>Adem\u00e1s de neurocirujano, el Dr. Leatt es un gran aficionado al mundo de la moto y hace cerca de 20 a\u00f1os fue testigo del fallecimiento de un amigo suyo tras caerse practicando enduro. Despu\u00e9s de vivir aquella triste experiencia, el Dr. Leatt decidi\u00f3 \u201ctomar cartas en el asunto\u201d y se puso en marcha para <strong>desarrollar un protector cervical<\/strong> que evitase o redujese posibles lesiones en la zona del cuello en caso de ca\u00edda o impacto.<\/p>\n\n\n\n<p>Tres a\u00f1os m\u00e1s tarde vendi\u00f3 su primer protector para el cuello y al poco tiempo fund\u00f3 la empresa LEATT, que hoy en d\u00eda contin\u00faa desarroll\u00e1ndolo y fabric\u00e1ndolo, junto a otros elementos del <a href=\"https:\/\/www.boxrepsol.com\/es\/vive-tu-moto\/equipamiento-para-montar-en-moto\/\">equipamiento para moto<\/a> y para la protecci\u00f3n corporal de los usuarios de motocicletas como pueden ser rodilleras, coderas, hombreras, petos, chaquetas, pantalones, <a href=\"https:\/\/www.boxrepsol.com\/es\/cultura-motera\/es-obligatorio-usar-guantes-al-conducir-una-moto\/\" target=\"_blank\" rel=\"noopener\">guantes de moto<\/a>, botas, cascos, gafas, etc. Adem\u00e1s, no solo los fabrica para el sector de las motos, sino que LEATT tambi\u00e9n est\u00e1 muy presente en el ciclismo de monta\u00f1a.<\/p>\n\n\n<div class=\"wp-block-image\">\n<figure class=\"aligncenter\"><img decoding=\"async\" src=\"https:\/\/bxrepsol.s3.eu-west-1.amazonaws.com\/static\/2023\/02\/06083636\/Foto-3a1.jpg\" alt=\"Chris Leatt utilizando su propio neck brace \"\/><\/figure>\n<\/div>\n\n\n<h2 class=\"wp-block-heading\"><span class=\"ez-toc-section\" id=\"%C2%BFComo_funciona_el_neck_brace\"><\/span><strong>\u00bfC\u00f3mo funciona el neck brace? <\/strong><span class=\"ez-toc-section-end\"><\/span><\/h2>\n\n\n\n<p>El <em>neck brace<\/em> se coloca alrededor del cuello y lo abraza de tal manera que <strong>limita los movimientos excesivos del casco <\/strong>en todos los sentidos, evitando que una inclinaci\u00f3n brusca de la cabeza pueda producir lesiones o fracturas en las v\u00e9rtebras cervicales. Adem\u00e1s de cumplir con esta funci\u00f3n, el <strong><em>neck brace<\/em> tambi\u00e9n tiene que ser ligero <\/strong>para no a\u00f1adir demasiado peso a todos aquellos que montan en moto y deciden utilizarlo, por lo que los m\u00e1s sofisticados cuentan con materiales como fibra de carbono o kevlar.<\/p>\n\n\n\n<p>Durante los \u00faltimos 20 a\u00f1os, la <strong>evoluci\u00f3n de este protector de cuello no se ha detenido<\/strong> y ha demostrado ser un elemento que en buena parte cumple con la misi\u00f3n para la que fue desarrollado. Diversos estudios realizados confirman que <strong>r<\/strong>educe el 21 por ciento de la hiperflexi\u00f3n (movimiento extremo de la cabeza hacia delante), el 46 por ciento de la hiperextensi\u00f3n&nbsp; (movimiento extremo de la cabeza hacia atr\u00e1s) y el 20 por ciento de la hiperflexi\u00f3n hacia los lados. Del mismo modo, rebaja en un 17 por ciento la presi\u00f3n de la cabeza hacia el cuello, conocida en su caso como hipertraslaci\u00f3n.<\/p>\n\n\n\n<p>Desde su llegada al mercado, <strong>el <em>neck brace<\/em> ha demostrado que funciona <\/strong>y su uso se ha ido extendiendo cada vez m\u00e1s, por lo que otras conocidas marcas del sector como Alpinestars, Dainese, Scott o REV\u2019IT, entre otras, han desarrollado el suyo propio.<\/p>\n\n\n<div class=\"wp-block-image\">\n<figure class=\"aligncenter\"><img decoding=\"async\" src=\"https:\/\/bxrepsol.s3.eu-west-1.amazonaws.com\/static\/2023\/02\/06083637\/Foto-3b1.jpg\" alt=\"Ejemplo de neck brace para moto \"\/><\/figure>\n<\/div>\n\n\n<h3 class=\"wp-block-heading\"><span class=\"ez-toc-section\" id=\"%C2%BFComo_se_utiliza_el_%E2%80%98neck_brace\"><\/span><strong>\u00bfC\u00f3mo se utiliza el \u2018neck brace\u2019?<\/strong><span class=\"ez-toc-section-end\"><\/span><\/h3>\n\n\n\n<p>Es un elemento <strong>sencillo de utilizar y f\u00e1cil de ajustar<\/strong>. Se adapta a todo tipo de <a href=\"https:\/\/www.boxrepsol.com\/es\/vive-tu-moto\/por-que-deberias-usar-una-chaqueta-de-verano-para-moto\/\">chaquetas para moto<\/a> o cazadoras y, por supuesto, puede combinarse con el uso de petos, <a href=\"https:\/\/www.boxrepsol.com\/es\/vive-tu-moto\/espaldera-en-moto-por-que-es-importante-llevarla\/\">espalderas<\/a>, hombreras o mochilas. Tambi\u00e9n los hay para ser utilizados con monos de cuero con \u201cchepa\u201d. Como es l\u00f3gico, existen distintas tallas y tambi\u00e9n se fabrican espec\u00edficos para ni\u00f1os.<\/p>\n\n\n\n<p>El <strong><em>neck brace<\/em><\/strong> limita los movimientos violentos del cuello, pero no impide realizar ciertas inclinaciones y giros considerados como imprescindibles o normales a la hora de conducir una moto. Adem\u00e1s, hoy en d\u00eda existen <strong>distintos tipos de protectores<\/strong> para el cuello, algunos claramente m\u00e1s b\u00e1sicos y econ\u00f3micos. Los m\u00e1s sencillos son los collarines acolchados que siempre aportan algo de protecci\u00f3n, aunque nunca alcanzan la que puede ofrecer un \u201cneck brace\u201d. Tambi\u00e9n existen los denominados \u201ch\u00edbridos\u201d, a medio camino entre unos y otros.<\/p>\n\n\n\n<h2 class=\"wp-block-heading\"><span class=\"ez-toc-section\" id=\"El_precedente_de_la_Formula_1\"><\/span><strong>El precedente de la Formula 1<\/strong><span class=\"ez-toc-section-end\"><\/span><\/h2>\n\n\n\n<p>Desde el a\u00f1o 2003 en la <strong>Formula 1<\/strong> es obligatorio el uso de un protector cervical denominado HANS, una palabra formada por siglas que significan \u201c<em>Head and Neck Support Device<\/em>\u201d, lo que traducido al espa\u00f1ol quiere decir <strong>\u201csoporte para cabeza y cuello\u201d. <\/strong>Con respecto a los <em>neck brace<\/em>, en su caso limita m\u00e1s los movimientos de la cabeza y del cuello. Tambi\u00e9n es \u00fatil en golpes laterales e impide en buena medida que la cabeza del piloto se golpee contra los bordes del interior del habit\u00e1culo.<\/p>\n\n\n\n<p>A partir de 2003 <strong>su uso se ha extendido a todo tipo de carreras de coches<\/strong>, e igualmente es obligatorio en pr\u00e1cticamente todas las especialidades, incluyendo los rallies que se disputan en asfalto y\/o tierra. Con respecto al <em>neck brace<\/em> que se utiliza en las motos hay bastantes diferencias, pero una de las m\u00e1s llamativas es la cinta que lo une al casco del piloto por ambos laterales.<\/p>\n\n\n<div class=\"wp-block-image\">\n<figure class=\"aligncenter\"><img decoding=\"async\" src=\"https:\/\/bxrepsol.s3.eu-west-1.amazonaws.com\/static\/2023\/02\/06083641\/Foto-8b.jpg\" alt=\"\"\/><\/figure>\n<\/div>\n\n\n<p>Los motoristas somos los primeros conscientes de que en moto, el chasis es el propio piloto, as\u00ed que adem\u00e1s de toda la precauci\u00f3n y pericia al manillar, la seguridad en cuanto a equipamiento es primordial.<\/p>\n","protected":false},"excerpt":{"rendered":"<p>El \u201cneck brace\u201d es un collar\u00edn o abrazadera para el cuello desarrollado para proteger las v\u00e9rtebras cervicales en caso de ca\u00edda o impacto. Se parece al HANS de la F1 y se desarroll\u00f3 para ser usado en motos de campo, pero \u00faltimamente se han creado modelos espec\u00edficos para ser empleados tambi\u00e9n en motos de carretera.<\/p>\n","protected":false},"author":41267,"featured_media":84388,"comment_status":"open","ping_status":"open","sticky":false,"template":"","format":"standard","meta":{"footnotes":""},"categories":[122],"tags":[131],"class_list":["post-95592","post","type-post","status-publish","format-standard","hentry","category-vive-tu-moto","tag-equipacion-y-accesorios-moto"],"yoast_head":"<!-- This site is optimized with the Yoast SEO plugin v27.3 - https:\/\/yoast.com\/product\/yoast-seo-wordpress\/ -->\n<title>Neck brace para moto: origen, qu\u00e9 es y cu\u00e1l es su funci\u00f3n - Box Repsol<\/title>\n<meta name=\"description\" content=\"\u00bfQu\u00e9 es el neck brace para moto? Descubre c\u00f3mo este dispositivo de seguridad puede proteger tu cuello y espalda en caso de accidente.\" \/>\n<link rel=\"canonical\" href=\"https:\/\/www.boxrepsol.com\/es\/vive-tu-moto\/que-es-el-neck-brace-para-moto\/\" \/>\n<meta property=\"og:locale\" content=\"es_ES\" \/>\n<meta property=\"og:type\" content=\"article\" \/>\n<meta property=\"og:title\" content=\"Neck brace para moto: origen, qu\u00e9 es y cu\u00e1l es su funci\u00f3n - Box Repsol\" \/>\n<meta property=\"og:description\" content=\"\u00bfQu\u00e9 es el neck brace para moto? Descubre c\u00f3mo este dispositivo de seguridad puede proteger tu cuello y espalda en caso de accidente.\" \/>\n<meta property=\"og:url\" content=\"https:\/\/www.boxrepsol.com\/es\/vive-tu-moto\/que-es-el-neck-brace-para-moto\/\" \/>\n<meta property=\"og:site_name\" content=\"Box Repsol\" \/>\n<meta property=\"article:publisher\" content=\"https:\/\/www.facebook.com\/BoxRepsol\" \/>\n<meta property=\"article:published_time\" content=\"2022-11-07T02:00:00+00:00\" \/>\n<meta property=\"article:modified_time\" content=\"2024-03-22T12:57:40+00:00\" \/>\n<meta property=\"og:image\" content=\"https:\/\/bxrepsol.s3.eu-west-1.amazonaws.com\/static\/2023\/02\/06083643\/aper2.jpg\" \/>\n\t<meta property=\"og:image:width\" content=\"1280\" \/>\n\t<meta property=\"og:image:height\" content=\"600\" \/>\n\t<meta property=\"og:image:type\" content=\"image\/jpeg\" \/>\n<meta name=\"author\" content=\"V\u00edctor Gancedo\" \/>\n<meta name=\"twitter:card\" content=\"summary_large_image\" \/>\n<meta name=\"twitter:creator\" content=\"@box_repsol\" \/>\n<meta name=\"twitter:site\" content=\"@box_repsol\" \/>\n<meta name=\"twitter:label1\" content=\"Written by\" \/>\n\t<meta name=\"twitter:data1\" content=\"V\u00edctor Gancedo\" \/>\n\t<meta name=\"twitter:label2\" content=\"Est. reading time\" \/>\n\t<meta name=\"twitter:data2\" content=\"6 minutos\" \/>\n<script type=\"application\/ld+json\" class=\"yoast-schema-graph\">{\"@context\":\"https:\\\/\\\/schema.org\",\"@graph\":[{\"@type\":\"Article\",\"@id\":\"https:\\\/\\\/www.boxrepsol.com\\\/es\\\/vive-tu-moto\\\/que-es-el-neck-brace-para-moto\\\/#article\",\"isPartOf\":{\"@id\":\"https:\\\/\\\/www.boxrepsol.com\\\/es\\\/vive-tu-moto\\\/que-es-el-neck-brace-para-moto\\\/\"},\"author\":{\"name\":\"V\u00edctor Gancedo\",\"@id\":\"https:\\\/\\\/www.boxrepsol.com\\\/es\\\/#\\\/schema\\\/person\\\/40c28bf318bbbe8fe3848b194b7385ca\"},\"headline\":\"\u00bfQu\u00e9 es el \u2018neck brace\u2019 para moto?\",\"datePublished\":\"2022-11-07T02:00:00+00:00\",\"dateModified\":\"2024-03-22T12:57:40+00:00\",\"mainEntityOfPage\":{\"@id\":\"https:\\\/\\\/www.boxrepsol.com\\\/es\\\/vive-tu-moto\\\/que-es-el-neck-brace-para-moto\\\/\"},\"wordCount\":1109,\"commentCount\":0,\"publisher\":{\"@id\":\"https:\\\/\\\/www.boxrepsol.com\\\/es\\\/#organization\"},\"image\":{\"@id\":\"https:\\\/\\\/www.boxrepsol.com\\\/es\\\/vive-tu-moto\\\/que-es-el-neck-brace-para-moto\\\/#primaryimage\"},\"thumbnailUrl\":\"https:\\\/\\\/bxrepsol.s3.eu-west-1.amazonaws.com\\\/static\\\/2023\\\/02\\\/06083643\\\/aper2.jpg\",\"keywords\":[\"equipaci\u00f3n y accesorios moto\"],\"articleSection\":[\"Vive tu moto\"],\"inLanguage\":\"es\",\"potentialAction\":[{\"@type\":\"CommentAction\",\"name\":\"Comment\",\"target\":[\"https:\\\/\\\/www.boxrepsol.com\\\/es\\\/vive-tu-moto\\\/que-es-el-neck-brace-para-moto\\\/#respond\"]}]},{\"@type\":\"WebPage\",\"@id\":\"https:\\\/\\\/www.boxrepsol.com\\\/es\\\/vive-tu-moto\\\/que-es-el-neck-brace-para-moto\\\/\",\"url\":\"https:\\\/\\\/www.boxrepsol.com\\\/es\\\/vive-tu-moto\\\/que-es-el-neck-brace-para-moto\\\/\",\"name\":\"Neck brace para moto: origen, qu\u00e9 es y cu\u00e1l es su funci\u00f3n - Box Repsol\",\"isPartOf\":{\"@id\":\"https:\\\/\\\/www.boxrepsol.com\\\/es\\\/#website\"},\"primaryImageOfPage\":{\"@id\":\"https:\\\/\\\/www.boxrepsol.com\\\/es\\\/vive-tu-moto\\\/que-es-el-neck-brace-para-moto\\\/#primaryimage\"},\"image\":{\"@id\":\"https:\\\/\\\/www.boxrepsol.com\\\/es\\\/vive-tu-moto\\\/que-es-el-neck-brace-para-moto\\\/#primaryimage\"},\"thumbnailUrl\":\"https:\\\/\\\/bxrepsol.s3.eu-west-1.amazonaws.com\\\/static\\\/2023\\\/02\\\/06083643\\\/aper2.jpg\",\"datePublished\":\"2022-11-07T02:00:00+00:00\",\"dateModified\":\"2024-03-22T12:57:40+00:00\",\"description\":\"\u00bfQu\u00e9 es el neck brace para moto? Descubre c\u00f3mo este dispositivo de seguridad puede proteger tu cuello y espalda en caso de accidente.\",\"breadcrumb\":{\"@id\":\"https:\\\/\\\/www.boxrepsol.com\\\/es\\\/vive-tu-moto\\\/que-es-el-neck-brace-para-moto\\\/#breadcrumb\"},\"inLanguage\":\"es\",\"potentialAction\":[{\"@type\":\"ReadAction\",\"target\":[\"https:\\\/\\\/www.boxrepsol.com\\\/es\\\/vive-tu-moto\\\/que-es-el-neck-brace-para-moto\\\/\"]}]},{\"@type\":\"ImageObject\",\"inLanguage\":\"es\",\"@id\":\"https:\\\/\\\/www.boxrepsol.com\\\/es\\\/vive-tu-moto\\\/que-es-el-neck-brace-para-moto\\\/#primaryimage\",\"url\":\"https:\\\/\\\/bxrepsol.s3.eu-west-1.amazonaws.com\\\/static\\\/2023\\\/02\\\/06083643\\\/aper2.jpg\",\"contentUrl\":\"https:\\\/\\\/bxrepsol.s3.eu-west-1.amazonaws.com\\\/static\\\/2023\\\/02\\\/06083643\\\/aper2.jpg\",\"width\":1280,\"height\":600,\"caption\":\"MOTORSPORT - DAKAR ARGENTINA CHILE 2009 - ARRIVAL STAGE 15 BUENOS AIRES-BUENOS AIRES PODIUM - 18\\\/01\\\/2009 - PHOTO : FRANCOIS FLAMAND \\\/ DPPI\"},{\"@type\":\"BreadcrumbList\",\"@id\":\"https:\\\/\\\/www.boxrepsol.com\\\/es\\\/vive-tu-moto\\\/que-es-el-neck-brace-para-moto\\\/#breadcrumb\",\"itemListElement\":[{\"@type\":\"ListItem\",\"position\":1,\"name\":\"Home\",\"item\":\"https:\\\/\\\/www.boxrepsol.com\\\/es\\\/\"},{\"@type\":\"ListItem\",\"position\":2,\"name\":\"\u00bfQu\u00e9 es el \u2018neck brace\u2019 para moto?\"}]},{\"@type\":\"WebSite\",\"@id\":\"https:\\\/\\\/www.boxrepsol.com\\\/es\\\/#website\",\"url\":\"https:\\\/\\\/www.boxrepsol.com\\\/es\\\/\",\"name\":\"Box Repsol\",\"description\":\"Box Repsol Site\",\"publisher\":{\"@id\":\"https:\\\/\\\/www.boxrepsol.com\\\/es\\\/#organization\"},\"potentialAction\":[{\"@type\":\"SearchAction\",\"target\":{\"@type\":\"EntryPoint\",\"urlTemplate\":\"https:\\\/\\\/www.boxrepsol.com\\\/es\\\/?s={search_term_string}\"},\"query-input\":{\"@type\":\"PropertyValueSpecification\",\"valueRequired\":true,\"valueName\":\"search_term_string\"}}],\"inLanguage\":\"es\"},{\"@type\":\"Organization\",\"@id\":\"https:\\\/\\\/www.boxrepsol.com\\\/es\\\/#organization\",\"name\":\"Box Repsol\",\"url\":\"https:\\\/\\\/www.boxrepsol.com\\\/es\\\/\",\"logo\":{\"@type\":\"ImageObject\",\"inLanguage\":\"es\",\"@id\":\"https:\\\/\\\/www.boxrepsol.com\\\/es\\\/#\\\/schema\\\/logo\\\/image\\\/\",\"url\":\"https:\\\/\\\/bxrepsol.s3.eu-west-1.amazonaws.com\\\/static\\\/2025\\\/07\\\/30083337\\\/favicon-96x96-1.png\",\"contentUrl\":\"https:\\\/\\\/bxrepsol.s3.eu-west-1.amazonaws.com\\\/static\\\/2025\\\/07\\\/30083337\\\/favicon-96x96-1.png\",\"width\":96,\"height\":96,\"caption\":\"Box Repsol\"},\"image\":{\"@id\":\"https:\\\/\\\/www.boxrepsol.com\\\/es\\\/#\\\/schema\\\/logo\\\/image\\\/\"},\"sameAs\":[\"https:\\\/\\\/www.facebook.com\\\/BoxRepsol\",\"https:\\\/\\\/x.com\\\/box_repsol\",\"http:\\\/\\\/instagram.com\\\/box_repsol\",\"https:\\\/\\\/www.youtube.com\\\/user\\\/RepsolCompeticion\",\"https:\\\/\\\/www.flickr.com\\\/photos\\\/box_repsol\\\/\"]},{\"@type\":\"Person\",\"@id\":\"https:\\\/\\\/www.boxrepsol.com\\\/es\\\/#\\\/schema\\\/person\\\/40c28bf318bbbe8fe3848b194b7385ca\",\"name\":\"V\u00edctor Gancedo\",\"image\":{\"@type\":\"ImageObject\",\"inLanguage\":\"es\",\"@id\":\"https:\\\/\\\/secure.gravatar.com\\\/avatar\\\/cd1439a66fca5d3425cd2a7b13f32cd43e25022a0436c1235ef2a28e14fa660a?s=96&d=mm&r=g\",\"url\":\"https:\\\/\\\/secure.gravatar.com\\\/avatar\\\/cd1439a66fca5d3425cd2a7b13f32cd43e25022a0436c1235ef2a28e14fa660a?s=96&d=mm&r=g\",\"contentUrl\":\"https:\\\/\\\/secure.gravatar.com\\\/avatar\\\/cd1439a66fca5d3425cd2a7b13f32cd43e25022a0436c1235ef2a28e14fa660a?s=96&d=mm&r=g\",\"caption\":\"V\u00edctor Gancedo\"},\"description\":\"Periodista especializado en el mundo de las motos, V\u00edctor ha probado pr\u00e1cticamente todas las que han salido al mercado desde 1990. En su larga trayectoria, ha desempe\u00f1ado cargos como los de Jefe de Pruebas de la revista Motociclismo o Responsable de Pruebas del \u00c1rea de Motos del Grupo Motorpress-Ib\u00e9rica, hoy llamado Sport Life Ib\u00e9rica, al cual sigue vinculado.\",\"sameAs\":[\"https:\\\/\\\/www.instagram.com\\\/vfgancedo\"],\"url\":\"https:\\\/\\\/www.boxrepsol.com\\\/es\\\/author\\\/victor_gancedo\\\/\"}]}<\/script>\n<!-- \/ Yoast SEO plugin. -->","yoast_head_json":{"title":"Neck brace para moto: origen, qu\u00e9 es y cu\u00e1l es su funci\u00f3n - Box Repsol","description":"\u00bfQu\u00e9 es el neck brace para moto? Descubre c\u00f3mo este dispositivo de seguridad puede proteger tu cuello y espalda en caso de accidente.","canonical":"https:\/\/www.boxrepsol.com\/es\/vive-tu-moto\/que-es-el-neck-brace-para-moto\/","og_locale":"es_ES","og_type":"article","og_title":"Neck brace para moto: origen, qu\u00e9 es y cu\u00e1l es su funci\u00f3n - Box Repsol","og_description":"\u00bfQu\u00e9 es el neck brace para moto? Descubre c\u00f3mo este dispositivo de seguridad puede proteger tu cuello y espalda en caso de accidente.","og_url":"https:\/\/www.boxrepsol.com\/es\/vive-tu-moto\/que-es-el-neck-brace-para-moto\/","og_site_name":"Box Repsol","article_publisher":"https:\/\/www.facebook.com\/BoxRepsol","article_published_time":"2022-11-07T02:00:00+00:00","article_modified_time":"2024-03-22T12:57:40+00:00","og_image":[{"width":1280,"height":600,"url":"https:\/\/bxrepsol.s3.eu-west-1.amazonaws.com\/static\/2023\/02\/06083643\/aper2.jpg","type":"image\/jpeg"}],"author":"V\u00edctor Gancedo","twitter_card":"summary_large_image","twitter_creator":"@box_repsol","twitter_site":"@box_repsol","twitter_misc":{"Written by":"V\u00edctor Gancedo","Est. reading time":"6 minutos"},"schema":{"@context":"https:\/\/schema.org","@graph":[{"@type":"Article","@id":"https:\/\/www.boxrepsol.com\/es\/vive-tu-moto\/que-es-el-neck-brace-para-moto\/#article","isPartOf":{"@id":"https:\/\/www.boxrepsol.com\/es\/vive-tu-moto\/que-es-el-neck-brace-para-moto\/"},"author":{"name":"V\u00edctor Gancedo","@id":"https:\/\/www.boxrepsol.com\/es\/#\/schema\/person\/40c28bf318bbbe8fe3848b194b7385ca"},"headline":"\u00bfQu\u00e9 es el \u2018neck brace\u2019 para moto?","datePublished":"2022-11-07T02:00:00+00:00","dateModified":"2024-03-22T12:57:40+00:00","mainEntityOfPage":{"@id":"https:\/\/www.boxrepsol.com\/es\/vive-tu-moto\/que-es-el-neck-brace-para-moto\/"},"wordCount":1109,"commentCount":0,"publisher":{"@id":"https:\/\/www.boxrepsol.com\/es\/#organization"},"image":{"@id":"https:\/\/www.boxrepsol.com\/es\/vive-tu-moto\/que-es-el-neck-brace-para-moto\/#primaryimage"},"thumbnailUrl":"https:\/\/bxrepsol.s3.eu-west-1.amazonaws.com\/static\/2023\/02\/06083643\/aper2.jpg","keywords":["equipaci\u00f3n y accesorios moto"],"articleSection":["Vive tu moto"],"inLanguage":"es","potentialAction":[{"@type":"CommentAction","name":"Comment","target":["https:\/\/www.boxrepsol.com\/es\/vive-tu-moto\/que-es-el-neck-brace-para-moto\/#respond"]}]},{"@type":"WebPage","@id":"https:\/\/www.boxrepsol.com\/es\/vive-tu-moto\/que-es-el-neck-brace-para-moto\/","url":"https:\/\/www.boxrepsol.com\/es\/vive-tu-moto\/que-es-el-neck-brace-para-moto\/","name":"Neck brace para moto: origen, qu\u00e9 es y cu\u00e1l es su funci\u00f3n - Box Repsol","isPartOf":{"@id":"https:\/\/www.boxrepsol.com\/es\/#website"},"primaryImageOfPage":{"@id":"https:\/\/www.boxrepsol.com\/es\/vive-tu-moto\/que-es-el-neck-brace-para-moto\/#primaryimage"},"image":{"@id":"https:\/\/www.boxrepsol.com\/es\/vive-tu-moto\/que-es-el-neck-brace-para-moto\/#primaryimage"},"thumbnailUrl":"https:\/\/bxrepsol.s3.eu-west-1.amazonaws.com\/static\/2023\/02\/06083643\/aper2.jpg","datePublished":"2022-11-07T02:00:00+00:00","dateModified":"2024-03-22T12:57:40+00:00","description":"\u00bfQu\u00e9 es el neck brace para moto? Descubre c\u00f3mo este dispositivo de seguridad puede proteger tu cuello y espalda en caso de accidente.","breadcrumb":{"@id":"https:\/\/www.boxrepsol.com\/es\/vive-tu-moto\/que-es-el-neck-brace-para-moto\/#breadcrumb"},"inLanguage":"es","potentialAction":[{"@type":"ReadAction","target":["https:\/\/www.boxrepsol.com\/es\/vive-tu-moto\/que-es-el-neck-brace-para-moto\/"]}]},{"@type":"ImageObject","inLanguage":"es","@id":"https:\/\/www.boxrepsol.com\/es\/vive-tu-moto\/que-es-el-neck-brace-para-moto\/#primaryimage","url":"https:\/\/bxrepsol.s3.eu-west-1.amazonaws.com\/static\/2023\/02\/06083643\/aper2.jpg","contentUrl":"https:\/\/bxrepsol.s3.eu-west-1.amazonaws.com\/static\/2023\/02\/06083643\/aper2.jpg","width":1280,"height":600,"caption":"MOTORSPORT - DAKAR ARGENTINA CHILE 2009 - ARRIVAL STAGE 15 BUENOS AIRES-BUENOS AIRES PODIUM - 18\/01\/2009 - PHOTO : FRANCOIS FLAMAND \/ DPPI"},{"@type":"BreadcrumbList","@id":"https:\/\/www.boxrepsol.com\/es\/vive-tu-moto\/que-es-el-neck-brace-para-moto\/#breadcrumb","itemListElement":[{"@type":"ListItem","position":1,"name":"Home","item":"https:\/\/www.boxrepsol.com\/es\/"},{"@type":"ListItem","position":2,"name":"\u00bfQu\u00e9 es el \u2018neck brace\u2019 para moto?"}]},{"@type":"WebSite","@id":"https:\/\/www.boxrepsol.com\/es\/#website","url":"https:\/\/www.boxrepsol.com\/es\/","name":"Box Repsol","description":"Box Repsol Site","publisher":{"@id":"https:\/\/www.boxrepsol.com\/es\/#organization"},"potentialAction":[{"@type":"SearchAction","target":{"@type":"EntryPoint","urlTemplate":"https:\/\/www.boxrepsol.com\/es\/?s={search_term_string}"},"query-input":{"@type":"PropertyValueSpecification","valueRequired":true,"valueName":"search_term_string"}}],"inLanguage":"es"},{"@type":"Organization","@id":"https:\/\/www.boxrepsol.com\/es\/#organization","name":"Box Repsol","url":"https:\/\/www.boxrepsol.com\/es\/","logo":{"@type":"ImageObject","inLanguage":"es","@id":"https:\/\/www.boxrepsol.com\/es\/#\/schema\/logo\/image\/","url":"https:\/\/bxrepsol.s3.eu-west-1.amazonaws.com\/static\/2025\/07\/30083337\/favicon-96x96-1.png","contentUrl":"https:\/\/bxrepsol.s3.eu-west-1.amazonaws.com\/static\/2025\/07\/30083337\/favicon-96x96-1.png","width":96,"height":96,"caption":"Box Repsol"},"image":{"@id":"https:\/\/www.boxrepsol.com\/es\/#\/schema\/logo\/image\/"},"sameAs":["https:\/\/www.facebook.com\/BoxRepsol","https:\/\/x.com\/box_repsol","http:\/\/instagram.com\/box_repsol","https:\/\/www.youtube.com\/user\/RepsolCompeticion","https:\/\/www.flickr.com\/photos\/box_repsol\/"]},{"@type":"Person","@id":"https:\/\/www.boxrepsol.com\/es\/#\/schema\/person\/40c28bf318bbbe8fe3848b194b7385ca","name":"V\u00edctor Gancedo","image":{"@type":"ImageObject","inLanguage":"es","@id":"https:\/\/secure.gravatar.com\/avatar\/cd1439a66fca5d3425cd2a7b13f32cd43e25022a0436c1235ef2a28e14fa660a?s=96&d=mm&r=g","url":"https:\/\/secure.gravatar.com\/avatar\/cd1439a66fca5d3425cd2a7b13f32cd43e25022a0436c1235ef2a28e14fa660a?s=96&d=mm&r=g","contentUrl":"https:\/\/secure.gravatar.com\/avatar\/cd1439a66fca5d3425cd2a7b13f32cd43e25022a0436c1235ef2a28e14fa660a?s=96&d=mm&r=g","caption":"V\u00edctor Gancedo"},"description":"Periodista especializado en el mundo de las motos, V\u00edctor ha probado pr\u00e1cticamente todas las que han salido al mercado desde 1990. En su larga trayectoria, ha desempe\u00f1ado cargos como los de Jefe de Pruebas de la revista Motociclismo o Responsable de Pruebas del \u00c1rea de Motos del Grupo Motorpress-Ib\u00e9rica, hoy llamado Sport Life Ib\u00e9rica, al cual sigue vinculado.","sameAs":["https:\/\/www.instagram.com\/vfgancedo"],"url":"https:\/\/www.boxrepsol.com\/es\/author\/victor_gancedo\/"}]}},"_links":{"self":[{"href":"https:\/\/www.boxrepsol.com\/es\/wp-json\/wp\/v2\/posts\/95592","targetHints":{"allow":["GET"]}}],"collection":[{"href":"https:\/\/www.boxrepsol.com\/es\/wp-json\/wp\/v2\/posts"}],"about":[{"href":"https:\/\/www.boxrepsol.com\/es\/wp-json\/wp\/v2\/types\/post"}],"author":[{"embeddable":true,"href":"https:\/\/www.boxrepsol.com\/es\/wp-json\/wp\/v2\/users\/41267"}],"replies":[{"embeddable":true,"href":"https:\/\/www.boxrepsol.com\/es\/wp-json\/wp\/v2\/comments?post=95592"}],"version-history":[{"count":5,"href":"https:\/\/www.boxrepsol.com\/es\/wp-json\/wp\/v2\/posts\/95592\/revisions"}],"predecessor-version":[{"id":113147,"href":"https:\/\/www.boxrepsol.com\/es\/wp-json\/wp\/v2\/posts\/95592\/revisions\/113147"}],"wp:featuredmedia":[{"embeddable":true,"href":"https:\/\/www.boxrepsol.com\/es\/wp-json\/wp\/v2\/media\/84388"}],"wp:attachment":[{"href":"https:\/\/www.boxrepsol.com\/es\/wp-json\/wp\/v2\/media?parent=95592"}],"wp:term":[{"taxonomy":"category","embeddable":true,"href":"https:\/\/www.boxrepsol.com\/es\/wp-json\/wp\/v2\/categories?post=95592"},{"taxonomy":"post_tag","embeddable":true,"href":"https:\/\/www.boxrepsol.com\/es\/wp-json\/wp\/v2\/tags?post=95592"}],"curies":[{"name":"wp","href":"https:\/\/api.w.org\/{rel}","templated":true}]}}