{"id":95582,"date":"2022-11-02T00:00:00","date_gmt":"2022-11-02T02:00:00","guid":{"rendered":"http:\/\/pre.boxrepsol.com\/sin-categorizar\/sabes-en-que-ciudad-de-espana-hay-mas-motos\/"},"modified":"2025-03-20T06:38:45","modified_gmt":"2025-03-20T08:38:45","slug":"sabes-en-que-ciudad-de-espana-hay-mas-motos","status":"publish","type":"post","link":"https:\/\/www.boxrepsol.com\/es\/cultura-motera\/sabes-en-que-ciudad-de-espana-hay-mas-motos\/","title":{"rendered":"\u00bfCu\u00e1ntas motos hay en Espa\u00f1a?"},"content":{"rendered":"<p class=\"animate-in fade-in-25 duration-700 my-0\">El uso\u00a0de motocicletas en\u00a0Espa\u00f1a ha crecido significativamente en\u00a0los \u00faltimos a\u00f1os, consolid\u00e1ndose como\u00a0una soluci\u00f3n eficiente para la\u00a0movilidad urbana. Las motos no\u00a0solo<strong> permiten sortear el tr\u00e1fico y\u00a0reducir tiempos de desplazamiento,<\/strong> sino\u00a0que tambi\u00e9n contribuyen a la descongesti\u00f3n del\u00a0tr\u00e1fico y a la\u00a0sostenibilidad al\u00a0emitir menos CO2 que otros veh\u00edculos. Este art\u00edculo analiza cu\u00e1les son las ciudades espa\u00f1olas con\u00a0m\u00e1s motos y qu\u00e9\u00a0factores explican esta tendencia.<\/p>\n<p><b><div id=\"ez-toc-container\" class=\"ez-toc-v2_0_82_2 counter-hierarchy ez-toc-counter ez-toc-grey ez-toc-container-direction\">\n<div class=\"ez-toc-title-container\">\n<p class=\"ez-toc-title\" style=\"cursor:inherit\">\u00cdndice<\/p>\n<span class=\"ez-toc-title-toggle\"><a href=\"#\" class=\"ez-toc-pull-right ez-toc-btn ez-toc-btn-xs ez-toc-btn-default ez-toc-toggle\" aria-label=\"Toggle Table of Content\"><span class=\"ez-toc-js-icon-con\"><span class=\"\"><span class=\"eztoc-hide\" style=\"display:none;\">Toggle<\/span><span class=\"ez-toc-icon-toggle-span\"><svg style=\"fill: #999;color:#999\" xmlns=\"http:\/\/www.w3.org\/2000\/svg\" class=\"list-377408\" width=\"20px\" height=\"20px\" viewBox=\"0 0 24 24\" fill=\"none\"><path d=\"M6 6H4v2h2V6zm14 0H8v2h12V6zM4 11h2v2H4v-2zm16 0H8v2h12v-2zM4 16h2v2H4v-2zm16 0H8v2h12v-2z\" fill=\"currentColor\"><\/path><\/svg><svg style=\"fill: #999;color:#999\" class=\"arrow-unsorted-368013\" xmlns=\"http:\/\/www.w3.org\/2000\/svg\" width=\"10px\" height=\"10px\" viewBox=\"0 0 24 24\" version=\"1.2\" baseProfile=\"tiny\"><path d=\"M18.2 9.3l-6.2-6.3-6.2 6.3c-.2.2-.3.4-.3.7s.1.5.3.7c.2.2.4.3.7.3h11c.3 0 .5-.1.7-.3.2-.2.3-.5.3-.7s-.1-.5-.3-.7zM5.8 14.7l6.2 6.3 6.2-6.3c.2-.2.3-.5.3-.7s-.1-.5-.3-.7c-.2-.2-.4-.3-.7-.3h-11c-.3 0-.5.1-.7.3-.2.2-.3.5-.3.7s.1.5.3.7z\"\/><\/svg><\/span><\/span><\/span><\/a><\/span><\/div>\n<nav><ul class='ez-toc-list ez-toc-list-level-1 ' ><li class='ez-toc-page-1 ez-toc-heading-level-2'><a class=\"ez-toc-link ez-toc-heading-1\" href=\"https:\/\/www.boxrepsol.com\/es\/cultura-motera\/sabes-en-que-ciudad-de-espana-hay-mas-motos\/#Ranking_de_las_ciudades_con_mas_motos_en_Espana\" >Ranking de las ciudades con m\u00e1s motos en Espa\u00f1a<\/a><ul class='ez-toc-list-level-3' ><li class='ez-toc-heading-level-3'><a class=\"ez-toc-link ez-toc-heading-2\" href=\"https:\/\/www.boxrepsol.com\/es\/cultura-motera\/sabes-en-que-ciudad-de-espana-hay-mas-motos\/#Barcelona\" >Barcelona<\/a><\/li><li class='ez-toc-page-1 ez-toc-heading-level-3'><a class=\"ez-toc-link ez-toc-heading-3\" href=\"https:\/\/www.boxrepsol.com\/es\/cultura-motera\/sabes-en-que-ciudad-de-espana-hay-mas-motos\/#Madrid\" >Madrid<\/a><\/li><li class='ez-toc-page-1 ez-toc-heading-level-3'><a class=\"ez-toc-link ez-toc-heading-4\" href=\"https:\/\/www.boxrepsol.com\/es\/cultura-motera\/sabes-en-que-ciudad-de-espana-hay-mas-motos\/#Valencia\" >Valencia<\/a><\/li><li class='ez-toc-page-1 ez-toc-heading-level-3'><a class=\"ez-toc-link ez-toc-heading-5\" href=\"https:\/\/www.boxrepsol.com\/es\/cultura-motera\/sabes-en-que-ciudad-de-espana-hay-mas-motos\/#Sevilla\" >Sevilla<\/a><\/li><li class='ez-toc-page-1 ez-toc-heading-level-3'><a class=\"ez-toc-link ez-toc-heading-6\" href=\"https:\/\/www.boxrepsol.com\/es\/cultura-motera\/sabes-en-que-ciudad-de-espana-hay-mas-motos\/#Malaga\" >M\u00e1laga<\/a><\/li><\/ul><\/li><li class='ez-toc-page-1 ez-toc-heading-level-2'><a class=\"ez-toc-link ez-toc-heading-7\" href=\"https:\/\/www.boxrepsol.com\/es\/cultura-motera\/sabes-en-que-ciudad-de-espana-hay-mas-motos\/#Densidad_motera_por_habitante\" >Densidad motera por habitante<\/a><ul class='ez-toc-list-level-3' ><li class='ez-toc-heading-level-3'><a class=\"ez-toc-link ez-toc-heading-8\" href=\"https:\/\/www.boxrepsol.com\/es\/cultura-motera\/sabes-en-que-ciudad-de-espana-hay-mas-motos\/#Tipos_de_motos_segun_la_region_de_Espana\" >Tipos de motos seg\u00fan la regi\u00f3n de Espa\u00f1a<\/a><\/li><\/ul><\/li><li class='ez-toc-page-1 ez-toc-heading-level-2'><a class=\"ez-toc-link ez-toc-heading-9\" href=\"https:\/\/www.boxrepsol.com\/es\/cultura-motera\/sabes-en-que-ciudad-de-espana-hay-mas-motos\/#%C2%BFCuantas_motos_hay_en_Espana\" >\u00bfCu\u00e1ntas motos hay en Espa\u00f1a?<\/a><\/li><\/ul><\/nav><\/div>\n<\/b><\/p>\n<p><img loading=\"lazy\" decoding=\"async\" class=\"aligncenter\" src=\"https:\/\/bxrepsol.s3.eu-west-1.amazonaws.com\/static\/2022\/11\/07083151\/Foto-28.jpg\" alt=\"concentraci\u00f3n de motos\" width=\"1200\" height=\"675\" \/><\/p>\n<h2><span class=\"ez-toc-section\" id=\"Ranking_de_las_ciudades_con_mas_motos_en_Espana\"><\/span>Ranking de las ciudades con m\u00e1s motos en Espa\u00f1a<span class=\"ez-toc-section-end\"><\/span><\/h2>\n<h3 class=\"my-0\"><span class=\"ez-toc-section\" id=\"Barcelona\"><\/span><strong>Barcelona<\/strong><span class=\"ez-toc-section-end\"><\/span><\/h3>\n<p class=\"my-0\">Barcelona <strong>lidera el ranking con m\u00e1s de 503.000 motocicletas registradas,<\/strong> lo que la convierte en la ciudad con mayor n\u00famero de motos en Espa\u00f1a. Su clima mediterr\u00e1neo, la densidad urbana y los problemas de aparcamiento han hecho que las motos sean el medio de transporte preferido por muchos barceloneses.<\/p>\n<h3 class=\"my-0\"><span class=\"ez-toc-section\" id=\"Madrid\"><\/span><strong>Madrid<\/strong><span class=\"ez-toc-section-end\"><\/span><\/h3>\n<p class=\"my-0\">La capital espa\u00f1ola ocupa el segundo lugar con <strong>m\u00e1s de 301.000 motos.<\/strong> A pesar de tener una menor densidad por habitante que otras ciudades, Madrid se destaca por el uso de motocicletas de gran cilindrada, siendo una soluci\u00f3n ideal para su tr\u00e1fico intenso.<\/p>\n<h3 class=\"my-0\"><span class=\"ez-toc-section\" id=\"Valencia\"><\/span><strong>Valencia<\/strong><span class=\"ez-toc-section-end\"><\/span><\/h3>\n<p class=\"my-0\">Con cerca de <strong>190.000 motocicletas<\/strong>, Valencia se sit\u00faa en el tercer puesto. Su configuraci\u00f3n urbana plana y su clima favorable hacen que las scooters sean especialmente populares entre los valencianos.<\/p>\n<h3 class=\"my-0\"><span class=\"ez-toc-section\" id=\"Sevilla\"><\/span><strong>Sevilla<\/strong><span class=\"ez-toc-section-end\"><\/span><\/h3>\n<p class=\"my-0\">Aunque no se dispone de cifras exactas, Sevilla es conocida por su alta densidad de motos. Su topograf\u00eda plana y su clima c\u00e1lido favorecen el uso de este medio de transporte durante todo el a\u00f1o.<\/p>\n<h3 class=\"my-0\"><span class=\"ez-toc-section\" id=\"Malaga\"><\/span><strong>M\u00e1laga<\/strong><span class=\"ez-toc-section-end\"><\/span><\/h3>\n<p class=\"my-0\">M\u00e1laga completa el top cinco con una alta tasa de motos por habitante. La ciudad se beneficia de un clima que permite utilizar motocicletas durante todo el a\u00f1o, haciendo que sean esenciales para la movilidad diaria.<\/p>\n<p><img loading=\"lazy\" decoding=\"async\" class=\"aligncenter\" src=\"https:\/\/bxrepsol.s3.eu-west-1.amazonaws.com\/static\/2022\/11\/07083152\/Foto-33.jpg\" alt=\"motos aparcadas en Madrid\" width=\"1960\" height=\"1470\" \/><\/p>\n<h2 class=\"mb-xs mt-5 text-base font-[525] first:mt-3\"><span class=\"ez-toc-section\" id=\"Densidad_motera_por_habitante\"><\/span><strong>Densidad motera por habitante<\/strong><span class=\"ez-toc-section-end\"><\/span><\/h2>\n<p class=\"my-0\">Si analizamos las <strong>motos por cada 100.000 habitantes<\/strong>, ciudades como M\u00e1laga y Girona destacan con m\u00e1s de 11.000 unidades. Les siguen Granada, Ceuta y C\u00e1diz, todas superando las 10.000 motos por habitante. En comparaci\u00f3n, Madrid tiene una densidad mucho menor, con poco m\u00e1s de 4.500 unidades por cada 100.000 habitantes.<\/p>\n<h3><span class=\"ez-toc-section\" id=\"Tipos_de_motos_segun_la_region_de_Espana\"><\/span>Tipos de motos seg\u00fan la regi\u00f3n de Espa\u00f1a<span class=\"ez-toc-section-end\"><\/span><\/h3>\n<ul>\n<li><strong>Motos grandes:\u00a0<\/strong>Madrid lidera en el uso de motocicletas de gran cilindrada (cubicaje medio y superior a 500 cc). Municipios como Las Rozas o Valdemoro destacan en este segmento.<\/li>\n<li><strong>Scooters<\/strong>: Son predominantes en ciudades como Girona y Valencia debido a su practicidad para trayectos urbanos.<\/li>\n<li><strong>Ciclomotores<\/strong>: Aunque en declive, siguen siendo populares en provincias del sur como C\u00e1diz.<\/li>\n<\/ul>\n<h2><span class=\"ez-toc-section\" id=\"%C2%BFCuantas_motos_hay_en_Espana\"><\/span><strong>\u00bfCu\u00e1ntas motos hay en Espa\u00f1a?<\/strong><span class=\"ez-toc-section-end\"><\/span><\/h2>\n<div class=\"border-borderMain\/50 ring-borderMain\/50 divide-borderMain\/50 dark:divide-borderMainDark\/50  dark:ring-borderMainDark\/50 dark:border-borderMainDark\/50 bg-transparent\">\n<div class=\"gap-y-md flex flex-col\">\n<div class=\"relative default font-sans text-base text-textMain dark:text-textMainDark selection:bg-super\/50 selection:text-textMain dark:selection:bg-superDuper\/10 dark:selection:text-superDark\">\n<div class=\"min-w-0 break-words [word-break:break-word]\">\n<div id=\"markdown-content-12\" class=\"gap-y-md flex flex-col\" dir=\"auto\">\n<div class=\"relative\">\n<div class=\"prose text-pretty dark:prose-invert inline leading-normal break-words min-w-0 [word-break:break-word]\">\n<p class=\"my-0\">En Espa\u00f1a hay aproximadamente\u00a0<strong>3,67 millones de motocicletas<\/strong>\u00a0registradas seg\u00fan datos de 2023, con una tendencia de crecimiento constante. Se prev\u00e9 que esta cifra aumente a\u00a0<strong>3,72 millones en 2024<\/strong>\u00a0y alcance los\u00a0<strong>3,93 millones en 2028<\/strong>, reflejando un crecimiento anual promedio del 1,8%<span class=\"whitespace-nowrap\">.<\/span> Siendo las ciudades de Barcelona, Madrid y Valencia, <strong>m\u00e1s del 30% del total nacional.<\/strong><\/p>\n<\/div>\n<\/div>\n<\/div>\n<\/div>\n<\/div>\n<div class=\"flex items-center justify-between\">\n<div class=\"-ml-sm gap-xs flex items-center\">\n<div class=\"flex items-center min-w-0 font-medium gap-1.5 justify-center\">\n<div class=\"flex shrink-0 items-center justify-center size-4\"><\/div>\n<\/div>\n<div>\n<div class=\"flex items-center min-w-0 font-medium gap-1.5 justify-center\">\n<div class=\"text-align-center relative truncate leading-loose -mb-px\"><\/div>\n<\/div>\n<\/div>\n<\/div>\n<div class=\"gap-x-xs flex items-center\">\n<div class=\"gap-xs flex items-center border-borderMain\/50 ring-borderMain\/50 divide-borderMain\/50 dark:divide-borderMainDark\/50  dark:ring-borderMainDark\/50 dark:border-borderMainDark\/50 bg-transparent\">\n<div class=\"flex items-center min-w-0 font-medium gap-1.5 justify-center\">\n<div class=\"flex shrink-0 items-center justify-center size-4\"><\/div>\n<\/div>\n<\/div>\n<div class=\"gap-xs flex items-center border-borderMain\/50 ring-borderMain\/50 divide-borderMain\/50 dark:divide-borderMainDark\/50  dark:ring-borderMainDark\/50 dark:border-borderMainDark\/50 bg-transparent\">\n<div class=\"flex items-center min-w-0 font-medium gap-1.5 justify-center\">\n<div class=\"flex shrink-0 items-center justify-center size-4\"><\/div>\n<\/div>\n<div class=\"flex items-center min-w-0 font-medium gap-1.5 justify-center\">\n<div class=\"flex shrink-0 items-center justify-center size-4\"><\/div>\n<\/div>\n<\/div>\n<div class=\"flex items-center min-w-0 font-medium gap-1.5 justify-center\">\n<div class=\"flex shrink-0 items-center justify-center size-4\"><\/div>\n<\/div>\n<div class=\"\">\n<div class=\"flex items-center min-w-0 font-medium gap-1.5 justify-center\">\n<div class=\"flex shrink-0 items-center justify-center size-4\"><\/div>\n<\/div>\n<\/div>\n<\/div>\n<\/div>\n<\/div>\n<\/div>\n<div class=\"\">\n<div class=\"animate-in fade-in duration-100 ease-out border-borderMain\/50 ring-borderMain\/50 divide-borderMain\/50 dark:divide-borderMainDark\/50  dark:ring-borderMainDark\/50 dark:border-borderMainDark\/50 bg-transparent\">\n<div class=\"border-borderMain\/50 ring-borderMain\/50 divide-borderMain\/50 dark:divide-borderMainDark\/50  dark:ring-borderMainDark\/50 dark:border-borderMainDark\/50 bg-transparent\">\n<div class=\"flex items-center justify-between border-borderMain\/50 ring-borderMain\/50 divide-borderMain\/50 dark:divide-borderMainDark\/50  dark:ring-borderMainDark\/50 dark:border-borderMainDark\/50 bg-background dark:bg-backgroundDark\">\n<div class=\"flex w-full items-center justify-between mb-sm\">\n<div class=\"\">\n<div class=\"space-x-sm flex items-center\"><\/div>\n<\/div>\n<\/div>\n<\/div>\n<\/div>\n<\/div>\n<\/div>\n","protected":false},"excerpt":{"rendered":"<p>La moto es mucho m\u00e1s que un medio de transporte, es un medio de vida, y tanto el clima como la historia o la propia industria han hecho de Espa\u00f1a uno de los pa\u00edses m\u00e1s moteros de Europa. Pero \u00bfc\u00f3mo se reparten en nuestra geograf\u00eda?<\/p>\n","protected":false},"author":41267,"featured_media":76084,"comment_status":"open","ping_status":"open","sticky":false,"template":"","format":"standard","meta":{"footnotes":""},"categories":[160],"tags":[125],"class_list":["post-95582","post","type-post","status-publish","format-standard","hentry","category-cultura-motera","tag-vida-motera"],"yoast_head":"<!-- This site is optimized with the Yoast SEO plugin v27.3 - https:\/\/yoast.com\/product\/yoast-seo-wordpress\/ -->\n<title>\u00bfCu\u00e1les son las ciudades con m\u00e1s motos en Espa\u00f1a? - Box Repsol<\/title>\n<meta name=\"description\" content=\"Descubre cu\u00e1les son las ciudades de Espa\u00f1a con m\u00e1s motos en circulaci\u00f3n: Barcelona, Madrid, Valencia, M\u00e1laga y Sevilla lideran el ranking por n\u00famero y uso.\" \/>\n<link rel=\"canonical\" href=\"https:\/\/www.boxrepsol.com\/es\/cultura-motera\/sabes-en-que-ciudad-de-espana-hay-mas-motos\/\" \/>\n<meta property=\"og:locale\" content=\"es_ES\" \/>\n<meta property=\"og:type\" content=\"article\" \/>\n<meta property=\"og:title\" content=\"\u00bfCu\u00e1les son las ciudades con m\u00e1s motos en Espa\u00f1a? - Box Repsol\" \/>\n<meta property=\"og:description\" content=\"Descubre cu\u00e1les son las ciudades de Espa\u00f1a con m\u00e1s motos en circulaci\u00f3n: Barcelona, Madrid, Valencia, M\u00e1laga y Sevilla lideran el ranking por n\u00famero y uso.\" \/>\n<meta property=\"og:url\" content=\"https:\/\/www.boxrepsol.com\/es\/cultura-motera\/sabes-en-que-ciudad-de-espana-hay-mas-motos\/\" \/>\n<meta property=\"og:site_name\" content=\"Box Repsol\" \/>\n<meta property=\"article:publisher\" content=\"https:\/\/www.facebook.com\/BoxRepsol\" \/>\n<meta property=\"article:published_time\" content=\"2022-11-02T02:00:00+00:00\" \/>\n<meta property=\"article:modified_time\" content=\"2025-03-20T08:38:45+00:00\" \/>\n<meta property=\"og:image\" content=\"https:\/\/bxrepsol.s3.eu-west-1.amazonaws.com\/static\/2022\/11\/07083221\/Foto-1-apertura-1.jpg\" \/>\n\t<meta property=\"og:image:width\" content=\"1280\" \/>\n\t<meta property=\"og:image:height\" content=\"600\" \/>\n\t<meta property=\"og:image:type\" content=\"image\/jpeg\" \/>\n<meta name=\"author\" content=\"V\u00edctor Gancedo\" \/>\n<meta name=\"twitter:card\" content=\"summary_large_image\" \/>\n<meta name=\"twitter:creator\" content=\"@box_repsol\" \/>\n<meta name=\"twitter:site\" content=\"@box_repsol\" \/>\n<meta name=\"twitter:label1\" content=\"Written by\" \/>\n\t<meta name=\"twitter:data1\" content=\"V\u00edctor Gancedo\" \/>\n\t<meta name=\"twitter:label2\" content=\"Est. reading time\" \/>\n\t<meta name=\"twitter:data2\" content=\"2 minutos\" \/>\n<script type=\"application\/ld+json\" class=\"yoast-schema-graph\">{\"@context\":\"https:\\\/\\\/schema.org\",\"@graph\":[{\"@type\":\"Article\",\"@id\":\"https:\\\/\\\/www.boxrepsol.com\\\/es\\\/cultura-motera\\\/sabes-en-que-ciudad-de-espana-hay-mas-motos\\\/#article\",\"isPartOf\":{\"@id\":\"https:\\\/\\\/www.boxrepsol.com\\\/es\\\/cultura-motera\\\/sabes-en-que-ciudad-de-espana-hay-mas-motos\\\/\"},\"author\":{\"name\":\"V\u00edctor Gancedo\",\"@id\":\"https:\\\/\\\/www.boxrepsol.com\\\/es\\\/#\\\/schema\\\/person\\\/40c28bf318bbbe8fe3848b194b7385ca\"},\"headline\":\"\u00bfCu\u00e1ntas motos hay en Espa\u00f1a?\",\"datePublished\":\"2022-11-02T02:00:00+00:00\",\"dateModified\":\"2025-03-20T08:38:45+00:00\",\"mainEntityOfPage\":{\"@id\":\"https:\\\/\\\/www.boxrepsol.com\\\/es\\\/cultura-motera\\\/sabes-en-que-ciudad-de-espana-hay-mas-motos\\\/\"},\"wordCount\":498,\"commentCount\":0,\"publisher\":{\"@id\":\"https:\\\/\\\/www.boxrepsol.com\\\/es\\\/#organization\"},\"image\":{\"@id\":\"https:\\\/\\\/www.boxrepsol.com\\\/es\\\/cultura-motera\\\/sabes-en-que-ciudad-de-espana-hay-mas-motos\\\/#primaryimage\"},\"thumbnailUrl\":\"https:\\\/\\\/bxrepsol.s3.eu-west-1.amazonaws.com\\\/static\\\/2022\\\/11\\\/07083221\\\/Foto-1-apertura-1.jpg\",\"keywords\":[\"vida motera\"],\"articleSection\":[\"Cultura Motera\"],\"inLanguage\":\"es\",\"potentialAction\":[{\"@type\":\"CommentAction\",\"name\":\"Comment\",\"target\":[\"https:\\\/\\\/www.boxrepsol.com\\\/es\\\/cultura-motera\\\/sabes-en-que-ciudad-de-espana-hay-mas-motos\\\/#respond\"]}]},{\"@type\":\"WebPage\",\"@id\":\"https:\\\/\\\/www.boxrepsol.com\\\/es\\\/cultura-motera\\\/sabes-en-que-ciudad-de-espana-hay-mas-motos\\\/\",\"url\":\"https:\\\/\\\/www.boxrepsol.com\\\/es\\\/cultura-motera\\\/sabes-en-que-ciudad-de-espana-hay-mas-motos\\\/\",\"name\":\"\u00bfCu\u00e1les son las ciudades con m\u00e1s motos en Espa\u00f1a? - Box Repsol\",\"isPartOf\":{\"@id\":\"https:\\\/\\\/www.boxrepsol.com\\\/es\\\/#website\"},\"primaryImageOfPage\":{\"@id\":\"https:\\\/\\\/www.boxrepsol.com\\\/es\\\/cultura-motera\\\/sabes-en-que-ciudad-de-espana-hay-mas-motos\\\/#primaryimage\"},\"image\":{\"@id\":\"https:\\\/\\\/www.boxrepsol.com\\\/es\\\/cultura-motera\\\/sabes-en-que-ciudad-de-espana-hay-mas-motos\\\/#primaryimage\"},\"thumbnailUrl\":\"https:\\\/\\\/bxrepsol.s3.eu-west-1.amazonaws.com\\\/static\\\/2022\\\/11\\\/07083221\\\/Foto-1-apertura-1.jpg\",\"datePublished\":\"2022-11-02T02:00:00+00:00\",\"dateModified\":\"2025-03-20T08:38:45+00:00\",\"description\":\"Descubre cu\u00e1les son las ciudades de Espa\u00f1a con m\u00e1s motos en circulaci\u00f3n: Barcelona, Madrid, Valencia, M\u00e1laga y Sevilla lideran el ranking por n\u00famero y uso.\",\"breadcrumb\":{\"@id\":\"https:\\\/\\\/www.boxrepsol.com\\\/es\\\/cultura-motera\\\/sabes-en-que-ciudad-de-espana-hay-mas-motos\\\/#breadcrumb\"},\"inLanguage\":\"es\",\"potentialAction\":[{\"@type\":\"ReadAction\",\"target\":[\"https:\\\/\\\/www.boxrepsol.com\\\/es\\\/cultura-motera\\\/sabes-en-que-ciudad-de-espana-hay-mas-motos\\\/\"]}]},{\"@type\":\"ImageObject\",\"inLanguage\":\"es\",\"@id\":\"https:\\\/\\\/www.boxrepsol.com\\\/es\\\/cultura-motera\\\/sabes-en-que-ciudad-de-espana-hay-mas-motos\\\/#primaryimage\",\"url\":\"https:\\\/\\\/bxrepsol.s3.eu-west-1.amazonaws.com\\\/static\\\/2022\\\/11\\\/07083221\\\/Foto-1-apertura-1.jpg\",\"contentUrl\":\"https:\\\/\\\/bxrepsol.s3.eu-west-1.amazonaws.com\\\/static\\\/2022\\\/11\\\/07083221\\\/Foto-1-apertura-1.jpg\",\"width\":1280,\"height\":600,\"caption\":\"DCT22_23 Line-up_Inline_V1\"},{\"@type\":\"BreadcrumbList\",\"@id\":\"https:\\\/\\\/www.boxrepsol.com\\\/es\\\/cultura-motera\\\/sabes-en-que-ciudad-de-espana-hay-mas-motos\\\/#breadcrumb\",\"itemListElement\":[{\"@type\":\"ListItem\",\"position\":1,\"name\":\"Home\",\"item\":\"https:\\\/\\\/www.boxrepsol.com\\\/es\\\/\"},{\"@type\":\"ListItem\",\"position\":2,\"name\":\"\u00bfCu\u00e1ntas motos hay en Espa\u00f1a?\"}]},{\"@type\":\"WebSite\",\"@id\":\"https:\\\/\\\/www.boxrepsol.com\\\/es\\\/#website\",\"url\":\"https:\\\/\\\/www.boxrepsol.com\\\/es\\\/\",\"name\":\"Box Repsol\",\"description\":\"Box Repsol Site\",\"publisher\":{\"@id\":\"https:\\\/\\\/www.boxrepsol.com\\\/es\\\/#organization\"},\"potentialAction\":[{\"@type\":\"SearchAction\",\"target\":{\"@type\":\"EntryPoint\",\"urlTemplate\":\"https:\\\/\\\/www.boxrepsol.com\\\/es\\\/?s={search_term_string}\"},\"query-input\":{\"@type\":\"PropertyValueSpecification\",\"valueRequired\":true,\"valueName\":\"search_term_string\"}}],\"inLanguage\":\"es\"},{\"@type\":\"Organization\",\"@id\":\"https:\\\/\\\/www.boxrepsol.com\\\/es\\\/#organization\",\"name\":\"Box Repsol\",\"url\":\"https:\\\/\\\/www.boxrepsol.com\\\/es\\\/\",\"logo\":{\"@type\":\"ImageObject\",\"inLanguage\":\"es\",\"@id\":\"https:\\\/\\\/www.boxrepsol.com\\\/es\\\/#\\\/schema\\\/logo\\\/image\\\/\",\"url\":\"https:\\\/\\\/bxrepsol.s3.eu-west-1.amazonaws.com\\\/static\\\/2025\\\/07\\\/30083337\\\/favicon-96x96-1.png\",\"contentUrl\":\"https:\\\/\\\/bxrepsol.s3.eu-west-1.amazonaws.com\\\/static\\\/2025\\\/07\\\/30083337\\\/favicon-96x96-1.png\",\"width\":96,\"height\":96,\"caption\":\"Box Repsol\"},\"image\":{\"@id\":\"https:\\\/\\\/www.boxrepsol.com\\\/es\\\/#\\\/schema\\\/logo\\\/image\\\/\"},\"sameAs\":[\"https:\\\/\\\/www.facebook.com\\\/BoxRepsol\",\"https:\\\/\\\/x.com\\\/box_repsol\",\"http:\\\/\\\/instagram.com\\\/box_repsol\",\"https:\\\/\\\/www.youtube.com\\\/user\\\/RepsolCompeticion\",\"https:\\\/\\\/www.flickr.com\\\/photos\\\/box_repsol\\\/\"]},{\"@type\":\"Person\",\"@id\":\"https:\\\/\\\/www.boxrepsol.com\\\/es\\\/#\\\/schema\\\/person\\\/40c28bf318bbbe8fe3848b194b7385ca\",\"name\":\"V\u00edctor Gancedo\",\"image\":{\"@type\":\"ImageObject\",\"inLanguage\":\"es\",\"@id\":\"https:\\\/\\\/secure.gravatar.com\\\/avatar\\\/cd1439a66fca5d3425cd2a7b13f32cd43e25022a0436c1235ef2a28e14fa660a?s=96&d=mm&r=g\",\"url\":\"https:\\\/\\\/secure.gravatar.com\\\/avatar\\\/cd1439a66fca5d3425cd2a7b13f32cd43e25022a0436c1235ef2a28e14fa660a?s=96&d=mm&r=g\",\"contentUrl\":\"https:\\\/\\\/secure.gravatar.com\\\/avatar\\\/cd1439a66fca5d3425cd2a7b13f32cd43e25022a0436c1235ef2a28e14fa660a?s=96&d=mm&r=g\",\"caption\":\"V\u00edctor Gancedo\"},\"description\":\"Periodista especializado en el mundo de las motos, V\u00edctor ha probado pr\u00e1cticamente todas las que han salido al mercado desde 1990. En su larga trayectoria, ha desempe\u00f1ado cargos como los de Jefe de Pruebas de la revista Motociclismo o Responsable de Pruebas del \u00c1rea de Motos del Grupo Motorpress-Ib\u00e9rica, hoy llamado Sport Life Ib\u00e9rica, al cual sigue vinculado.\",\"sameAs\":[\"https:\\\/\\\/www.instagram.com\\\/vfgancedo\"],\"url\":\"https:\\\/\\\/www.boxrepsol.com\\\/es\\\/author\\\/victor_gancedo\\\/\"}]}<\/script>\n<!-- \/ Yoast SEO plugin. -->","yoast_head_json":{"title":"\u00bfCu\u00e1les son las ciudades con m\u00e1s motos en Espa\u00f1a? - Box Repsol","description":"Descubre cu\u00e1les son las ciudades de Espa\u00f1a con m\u00e1s motos en circulaci\u00f3n: Barcelona, Madrid, Valencia, M\u00e1laga y Sevilla lideran el ranking por n\u00famero y uso.","canonical":"https:\/\/www.boxrepsol.com\/es\/cultura-motera\/sabes-en-que-ciudad-de-espana-hay-mas-motos\/","og_locale":"es_ES","og_type":"article","og_title":"\u00bfCu\u00e1les son las ciudades con m\u00e1s motos en Espa\u00f1a? - Box Repsol","og_description":"Descubre cu\u00e1les son las ciudades de Espa\u00f1a con m\u00e1s motos en circulaci\u00f3n: Barcelona, Madrid, Valencia, M\u00e1laga y Sevilla lideran el ranking por n\u00famero y uso.","og_url":"https:\/\/www.boxrepsol.com\/es\/cultura-motera\/sabes-en-que-ciudad-de-espana-hay-mas-motos\/","og_site_name":"Box Repsol","article_publisher":"https:\/\/www.facebook.com\/BoxRepsol","article_published_time":"2022-11-02T02:00:00+00:00","article_modified_time":"2025-03-20T08:38:45+00:00","og_image":[{"width":1280,"height":600,"url":"https:\/\/bxrepsol.s3.eu-west-1.amazonaws.com\/static\/2022\/11\/07083221\/Foto-1-apertura-1.jpg","type":"image\/jpeg"}],"author":"V\u00edctor Gancedo","twitter_card":"summary_large_image","twitter_creator":"@box_repsol","twitter_site":"@box_repsol","twitter_misc":{"Written by":"V\u00edctor Gancedo","Est. reading time":"2 minutos"},"schema":{"@context":"https:\/\/schema.org","@graph":[{"@type":"Article","@id":"https:\/\/www.boxrepsol.com\/es\/cultura-motera\/sabes-en-que-ciudad-de-espana-hay-mas-motos\/#article","isPartOf":{"@id":"https:\/\/www.boxrepsol.com\/es\/cultura-motera\/sabes-en-que-ciudad-de-espana-hay-mas-motos\/"},"author":{"name":"V\u00edctor Gancedo","@id":"https:\/\/www.boxrepsol.com\/es\/#\/schema\/person\/40c28bf318bbbe8fe3848b194b7385ca"},"headline":"\u00bfCu\u00e1ntas motos hay en Espa\u00f1a?","datePublished":"2022-11-02T02:00:00+00:00","dateModified":"2025-03-20T08:38:45+00:00","mainEntityOfPage":{"@id":"https:\/\/www.boxrepsol.com\/es\/cultura-motera\/sabes-en-que-ciudad-de-espana-hay-mas-motos\/"},"wordCount":498,"commentCount":0,"publisher":{"@id":"https:\/\/www.boxrepsol.com\/es\/#organization"},"image":{"@id":"https:\/\/www.boxrepsol.com\/es\/cultura-motera\/sabes-en-que-ciudad-de-espana-hay-mas-motos\/#primaryimage"},"thumbnailUrl":"https:\/\/bxrepsol.s3.eu-west-1.amazonaws.com\/static\/2022\/11\/07083221\/Foto-1-apertura-1.jpg","keywords":["vida motera"],"articleSection":["Cultura Motera"],"inLanguage":"es","potentialAction":[{"@type":"CommentAction","name":"Comment","target":["https:\/\/www.boxrepsol.com\/es\/cultura-motera\/sabes-en-que-ciudad-de-espana-hay-mas-motos\/#respond"]}]},{"@type":"WebPage","@id":"https:\/\/www.boxrepsol.com\/es\/cultura-motera\/sabes-en-que-ciudad-de-espana-hay-mas-motos\/","url":"https:\/\/www.boxrepsol.com\/es\/cultura-motera\/sabes-en-que-ciudad-de-espana-hay-mas-motos\/","name":"\u00bfCu\u00e1les son las ciudades con m\u00e1s motos en Espa\u00f1a? - Box Repsol","isPartOf":{"@id":"https:\/\/www.boxrepsol.com\/es\/#website"},"primaryImageOfPage":{"@id":"https:\/\/www.boxrepsol.com\/es\/cultura-motera\/sabes-en-que-ciudad-de-espana-hay-mas-motos\/#primaryimage"},"image":{"@id":"https:\/\/www.boxrepsol.com\/es\/cultura-motera\/sabes-en-que-ciudad-de-espana-hay-mas-motos\/#primaryimage"},"thumbnailUrl":"https:\/\/bxrepsol.s3.eu-west-1.amazonaws.com\/static\/2022\/11\/07083221\/Foto-1-apertura-1.jpg","datePublished":"2022-11-02T02:00:00+00:00","dateModified":"2025-03-20T08:38:45+00:00","description":"Descubre cu\u00e1les son las ciudades de Espa\u00f1a con m\u00e1s motos en circulaci\u00f3n: Barcelona, Madrid, Valencia, M\u00e1laga y Sevilla lideran el ranking por n\u00famero y uso.","breadcrumb":{"@id":"https:\/\/www.boxrepsol.com\/es\/cultura-motera\/sabes-en-que-ciudad-de-espana-hay-mas-motos\/#breadcrumb"},"inLanguage":"es","potentialAction":[{"@type":"ReadAction","target":["https:\/\/www.boxrepsol.com\/es\/cultura-motera\/sabes-en-que-ciudad-de-espana-hay-mas-motos\/"]}]},{"@type":"ImageObject","inLanguage":"es","@id":"https:\/\/www.boxrepsol.com\/es\/cultura-motera\/sabes-en-que-ciudad-de-espana-hay-mas-motos\/#primaryimage","url":"https:\/\/bxrepsol.s3.eu-west-1.amazonaws.com\/static\/2022\/11\/07083221\/Foto-1-apertura-1.jpg","contentUrl":"https:\/\/bxrepsol.s3.eu-west-1.amazonaws.com\/static\/2022\/11\/07083221\/Foto-1-apertura-1.jpg","width":1280,"height":600,"caption":"DCT22_23 Line-up_Inline_V1"},{"@type":"BreadcrumbList","@id":"https:\/\/www.boxrepsol.com\/es\/cultura-motera\/sabes-en-que-ciudad-de-espana-hay-mas-motos\/#breadcrumb","itemListElement":[{"@type":"ListItem","position":1,"name":"Home","item":"https:\/\/www.boxrepsol.com\/es\/"},{"@type":"ListItem","position":2,"name":"\u00bfCu\u00e1ntas motos hay en Espa\u00f1a?"}]},{"@type":"WebSite","@id":"https:\/\/www.boxrepsol.com\/es\/#website","url":"https:\/\/www.boxrepsol.com\/es\/","name":"Box Repsol","description":"Box Repsol Site","publisher":{"@id":"https:\/\/www.boxrepsol.com\/es\/#organization"},"potentialAction":[{"@type":"SearchAction","target":{"@type":"EntryPoint","urlTemplate":"https:\/\/www.boxrepsol.com\/es\/?s={search_term_string}"},"query-input":{"@type":"PropertyValueSpecification","valueRequired":true,"valueName":"search_term_string"}}],"inLanguage":"es"},{"@type":"Organization","@id":"https:\/\/www.boxrepsol.com\/es\/#organization","name":"Box Repsol","url":"https:\/\/www.boxrepsol.com\/es\/","logo":{"@type":"ImageObject","inLanguage":"es","@id":"https:\/\/www.boxrepsol.com\/es\/#\/schema\/logo\/image\/","url":"https:\/\/bxrepsol.s3.eu-west-1.amazonaws.com\/static\/2025\/07\/30083337\/favicon-96x96-1.png","contentUrl":"https:\/\/bxrepsol.s3.eu-west-1.amazonaws.com\/static\/2025\/07\/30083337\/favicon-96x96-1.png","width":96,"height":96,"caption":"Box Repsol"},"image":{"@id":"https:\/\/www.boxrepsol.com\/es\/#\/schema\/logo\/image\/"},"sameAs":["https:\/\/www.facebook.com\/BoxRepsol","https:\/\/x.com\/box_repsol","http:\/\/instagram.com\/box_repsol","https:\/\/www.youtube.com\/user\/RepsolCompeticion","https:\/\/www.flickr.com\/photos\/box_repsol\/"]},{"@type":"Person","@id":"https:\/\/www.boxrepsol.com\/es\/#\/schema\/person\/40c28bf318bbbe8fe3848b194b7385ca","name":"V\u00edctor Gancedo","image":{"@type":"ImageObject","inLanguage":"es","@id":"https:\/\/secure.gravatar.com\/avatar\/cd1439a66fca5d3425cd2a7b13f32cd43e25022a0436c1235ef2a28e14fa660a?s=96&d=mm&r=g","url":"https:\/\/secure.gravatar.com\/avatar\/cd1439a66fca5d3425cd2a7b13f32cd43e25022a0436c1235ef2a28e14fa660a?s=96&d=mm&r=g","contentUrl":"https:\/\/secure.gravatar.com\/avatar\/cd1439a66fca5d3425cd2a7b13f32cd43e25022a0436c1235ef2a28e14fa660a?s=96&d=mm&r=g","caption":"V\u00edctor Gancedo"},"description":"Periodista especializado en el mundo de las motos, V\u00edctor ha probado pr\u00e1cticamente todas las que han salido al mercado desde 1990. En su larga trayectoria, ha desempe\u00f1ado cargos como los de Jefe de Pruebas de la revista Motociclismo o Responsable de Pruebas del \u00c1rea de Motos del Grupo Motorpress-Ib\u00e9rica, hoy llamado Sport Life Ib\u00e9rica, al cual sigue vinculado.","sameAs":["https:\/\/www.instagram.com\/vfgancedo"],"url":"https:\/\/www.boxrepsol.com\/es\/author\/victor_gancedo\/"}]}},"_links":{"self":[{"href":"https:\/\/www.boxrepsol.com\/es\/wp-json\/wp\/v2\/posts\/95582","targetHints":{"allow":["GET"]}}],"collection":[{"href":"https:\/\/www.boxrepsol.com\/es\/wp-json\/wp\/v2\/posts"}],"about":[{"href":"https:\/\/www.boxrepsol.com\/es\/wp-json\/wp\/v2\/types\/post"}],"author":[{"embeddable":true,"href":"https:\/\/www.boxrepsol.com\/es\/wp-json\/wp\/v2\/users\/41267"}],"replies":[{"embeddable":true,"href":"https:\/\/www.boxrepsol.com\/es\/wp-json\/wp\/v2\/comments?post=95582"}],"version-history":[{"count":6,"href":"https:\/\/www.boxrepsol.com\/es\/wp-json\/wp\/v2\/posts\/95582\/revisions"}],"predecessor-version":[{"id":124390,"href":"https:\/\/www.boxrepsol.com\/es\/wp-json\/wp\/v2\/posts\/95582\/revisions\/124390"}],"wp:featuredmedia":[{"embeddable":true,"href":"https:\/\/www.boxrepsol.com\/es\/wp-json\/wp\/v2\/media\/76084"}],"wp:attachment":[{"href":"https:\/\/www.boxrepsol.com\/es\/wp-json\/wp\/v2\/media?parent=95582"}],"wp:term":[{"taxonomy":"category","embeddable":true,"href":"https:\/\/www.boxrepsol.com\/es\/wp-json\/wp\/v2\/categories?post=95582"},{"taxonomy":"post_tag","embeddable":true,"href":"https:\/\/www.boxrepsol.com\/es\/wp-json\/wp\/v2\/tags?post=95582"}],"curies":[{"name":"wp","href":"https:\/\/api.w.org\/{rel}","templated":true}]}}