{"id":95572,"date":"2022-10-23T00:00:00","date_gmt":"2022-10-23T02:00:00","guid":{"rendered":"http:\/\/pre.boxrepsol.com\/sin-categorizar\/marc-marquez-finaliza-septimo-en-sepang\/"},"modified":"2024-04-08T08:56:52","modified_gmt":"2024-04-08T10:56:52","slug":"marc-marquez-finaliza-septimo-en-sepang","status":"publish","type":"post","link":"https:\/\/www.boxrepsol.com\/es\/motogp\/marc-marquez-finaliza-septimo-en-sepang\/","title":{"rendered":"Marc M\u00e1rquez finaliza s\u00e9ptimo en Sepang"},"content":{"rendered":"<p>El <strong>Circuito Internacional de Sepang<\/strong> ha cerrado hoy la gira asi\u00e1tica 2022, en una carrera sin sorpresas en lo que a la meteorolog\u00eda se refiere y con los pilotos del equipo <strong>Repsol Honda<\/strong> sumando puntos.<\/p>\n<p>Arrancando desde la tercera posici\u00f3n, <strong>Marc M\u00e1rquez<\/strong> se ha mantenido durante toda la carrera entre los siete primeros en uno de los trazados menos favorables para la Honda RC213-V.<\/p>\n<p>Finalmente, M\u00e1rquez ha cruzado la l\u00ednea de meta s\u00e9ptimo.<\/p>\n<p><strong>Pol Espargar\u00f3<\/strong> ha ido de menos a m\u00e1s despu\u00e9s de un complicado fin de semana en Malasia. El piloto del equipo <strong>Repsol Honda,<\/strong> que part\u00eda vig\u00e9simo en la parrilla despu\u00e9s de la sanci\u00f3n que recibi\u00f3 el viernes, ha mantenido un buen ritmo y ha finalizado decimocuarto, sumando 2 puntos m\u00e1s en la clasificaci\u00f3n general.<\/p>\n<p>Despu\u00e9s del <strong>Gran Premio de Malasia, Marc M\u00e1rquez<\/strong> ocupa la 12\u00aa posici\u00f3n en la clasificaci\u00f3n general con 113 puntos y Pol Espargar\u00f3 se sit\u00faa 16\u00ba con 56 puntos.<\/p>\n<p><a href=\"https:\/\/bxrepsol.s3.eu-west-1.amazonaws.com\/static\/2022\/11\/07082842\/https___repsolmedia.com_repsolmedia_wp-content_uploads_2022_10_JRB8727-scaled-1.jpg\" data-index=\"0\"><br \/>\n<img decoding=\"async\" src=\"https:\/\/bxrepsol.s3.eu-west-1.amazonaws.com\/static\/2022\/11\/07082842\/https___repsolmedia.com_repsolmedia_wp-content_uploads_2022_10_JRB8727-scaled-1.jpg\" srcset=\"https:\/\/bxrepsol.s3.eu-west-1.amazonaws.com\/static\/2022\/11\/07082842\/https___repsolmedia.com_repsolmedia_wp-content_uploads_2022_10_JRB8727-scaled-1.jpg 2560w, https:\/\/bxrepsol.s3.eu-west-1.amazonaws.com\/static\/2022\/11\/07082842\/https___repsolmedia.com_repsolmedia_wp-content_uploads_2022_10_JRB8727-scaled-1.jpg 1280w, https:\/\/bxrepsol.s3.eu-west-1.amazonaws.com\/static\/2022\/11\/07082842\/https___repsolmedia.com_repsolmedia_wp-content_uploads_2022_10_JRB8727-scaled-1.jpg 900w, https:\/\/bxrepsol.s3.eu-west-1.amazonaws.com\/static\/2022\/11\/07082842\/https___repsolmedia.com_repsolmedia_wp-content_uploads_2022_10_JRB8727-scaled-1.jpg 600w, https:\/\/bxrepsol.s3.eu-west-1.amazonaws.com\/static\/2022\/11\/07082842\/https___repsolmedia.com_repsolmedia_wp-content_uploads_2022_10_JRB8727-scaled-1.jpg 480w, https:\/\/bxrepsol.s3.eu-west-1.amazonaws.com\/static\/2022\/11\/07082842\/https___repsolmedia.com_repsolmedia_wp-content_uploads_2022_10_JRB8727-scaled-1.jpg 32w\" title=\"https___repsolmedia.com_repsolmedia_wp-content_uploads_2022_10_JRB8727-scaled\" alt=\"\" data-title=\"\"><br \/>\n<\/a><br \/>\n<a href=\"https:\/\/bxrepsol.s3.eu-west-1.amazonaws.com\/static\/2022\/11\/07082845\/https___repsolmedia.com_repsolmedia_wp-content_uploads_2022_10_JRB9764-1-scaled-1.jpg\" data-index=\"1\"><br \/>\n<img decoding=\"async\" src=\"https:\/\/bxrepsol.s3.eu-west-1.amazonaws.com\/static\/2022\/11\/07082845\/https___repsolmedia.com_repsolmedia_wp-content_uploads_2022_10_JRB9764-1-scaled-1.jpg\" srcset=\"https:\/\/bxrepsol.s3.eu-west-1.amazonaws.com\/static\/2022\/11\/07082845\/https___repsolmedia.com_repsolmedia_wp-content_uploads_2022_10_JRB9764-1-scaled-1.jpg 2560w, https:\/\/bxrepsol.s3.eu-west-1.amazonaws.com\/static\/2022\/11\/07082845\/https___repsolmedia.com_repsolmedia_wp-content_uploads_2022_10_JRB9764-1-scaled-1.jpg 1280w, https:\/\/bxrepsol.s3.eu-west-1.amazonaws.com\/static\/2022\/11\/07082845\/https___repsolmedia.com_repsolmedia_wp-content_uploads_2022_10_JRB9764-1-scaled-1.jpg 900w, https:\/\/bxrepsol.s3.eu-west-1.amazonaws.com\/static\/2022\/11\/07082845\/https___repsolmedia.com_repsolmedia_wp-content_uploads_2022_10_JRB9764-1-scaled-1.jpg 600w, https:\/\/bxrepsol.s3.eu-west-1.amazonaws.com\/static\/2022\/11\/07082845\/https___repsolmedia.com_repsolmedia_wp-content_uploads_2022_10_JRB9764-1-scaled-1.jpg 480w, https:\/\/bxrepsol.s3.eu-west-1.amazonaws.com\/static\/2022\/11\/07082845\/https___repsolmedia.com_repsolmedia_wp-content_uploads_2022_10_JRB9764-1-scaled-1.jpg 32w\" title=\"https___repsolmedia.com_repsolmedia_wp-content_uploads_2022_10_JRB9764-1-scaled\" alt=\"\" data-title=\"\"><br \/>\n<\/a><br \/>\n<a href=\"https:\/\/bxrepsol.s3.eu-west-1.amazonaws.com\/static\/2022\/11\/07082848\/https___repsolmedia.com_repsolmedia_wp-content_uploads_2022_10_JRB0168-scaled-1.jpg\" data-index=\"2\"><br \/>\n<img decoding=\"async\" src=\"https:\/\/bxrepsol.s3.eu-west-1.amazonaws.com\/static\/2022\/11\/07082848\/https___repsolmedia.com_repsolmedia_wp-content_uploads_2022_10_JRB0168-scaled-1.jpg\" srcset=\"https:\/\/bxrepsol.s3.eu-west-1.amazonaws.com\/static\/2022\/11\/07082848\/https___repsolmedia.com_repsolmedia_wp-content_uploads_2022_10_JRB0168-scaled-1.jpg 2560w, https:\/\/bxrepsol.s3.eu-west-1.amazonaws.com\/static\/2022\/11\/07082848\/https___repsolmedia.com_repsolmedia_wp-content_uploads_2022_10_JRB0168-scaled-1.jpg 1280w, https:\/\/bxrepsol.s3.eu-west-1.amazonaws.com\/static\/2022\/11\/07082848\/https___repsolmedia.com_repsolmedia_wp-content_uploads_2022_10_JRB0168-scaled-1.jpg 900w, https:\/\/bxrepsol.s3.eu-west-1.amazonaws.com\/static\/2022\/11\/07082848\/https___repsolmedia.com_repsolmedia_wp-content_uploads_2022_10_JRB0168-scaled-1.jpg 600w, https:\/\/bxrepsol.s3.eu-west-1.amazonaws.com\/static\/2022\/11\/07082848\/https___repsolmedia.com_repsolmedia_wp-content_uploads_2022_10_JRB0168-scaled-1.jpg 480w, https:\/\/bxrepsol.s3.eu-west-1.amazonaws.com\/static\/2022\/11\/07082848\/https___repsolmedia.com_repsolmedia_wp-content_uploads_2022_10_JRB0168-scaled-1.jpg 32w\" title=\"https___repsolmedia.com_repsolmedia_wp-content_uploads_2022_10_JRB0168-scaled\" alt=\"\" data-title=\"\"><br \/>\n<\/a><br \/>\n<a href=\"https:\/\/bxrepsol.s3.eu-west-1.amazonaws.com\/static\/2022\/11\/07082852\/https___repsolmedia.com_repsolmedia_wp-content_uploads_2022_10_JRB7947-scaled-1.jpg\" data-index=\"3\"><br \/>\n<img decoding=\"async\" src=\"https:\/\/bxrepsol.s3.eu-west-1.amazonaws.com\/static\/2022\/11\/07082852\/https___repsolmedia.com_repsolmedia_wp-content_uploads_2022_10_JRB7947-scaled-1.jpg\" srcset=\"https:\/\/bxrepsol.s3.eu-west-1.amazonaws.com\/static\/2022\/11\/07082852\/https___repsolmedia.com_repsolmedia_wp-content_uploads_2022_10_JRB7947-scaled-1.jpg 2560w, https:\/\/bxrepsol.s3.eu-west-1.amazonaws.com\/static\/2022\/11\/07082852\/https___repsolmedia.com_repsolmedia_wp-content_uploads_2022_10_JRB7947-scaled-1.jpg 1280w, https:\/\/bxrepsol.s3.eu-west-1.amazonaws.com\/static\/2022\/11\/07082852\/https___repsolmedia.com_repsolmedia_wp-content_uploads_2022_10_JRB7947-scaled-1.jpg 900w, https:\/\/bxrepsol.s3.eu-west-1.amazonaws.com\/static\/2022\/11\/07082852\/https___repsolmedia.com_repsolmedia_wp-content_uploads_2022_10_JRB7947-scaled-1.jpg 600w, https:\/\/bxrepsol.s3.eu-west-1.amazonaws.com\/static\/2022\/11\/07082852\/https___repsolmedia.com_repsolmedia_wp-content_uploads_2022_10_JRB7947-scaled-1.jpg 480w, https:\/\/bxrepsol.s3.eu-west-1.amazonaws.com\/static\/2022\/11\/07082852\/https___repsolmedia.com_repsolmedia_wp-content_uploads_2022_10_JRB7947-scaled-1.jpg 32w\" title=\"https___repsolmedia.com_repsolmedia_wp-content_uploads_2022_10_JRB7947-scaled\" alt=\"\" data-title=\"\"><br \/>\n<\/a><br \/>\n<a href=\"https:\/\/bxrepsol.s3.eu-west-1.amazonaws.com\/static\/2022\/11\/07082855\/https___repsolmedia.com_repsolmedia_wp-content_uploads_2022_10_JRB8341-scaled-1.jpg\" data-index=\"4\"><br \/>\n<img decoding=\"async\" src=\"https:\/\/bxrepsol.s3.eu-west-1.amazonaws.com\/static\/2022\/11\/07082855\/https___repsolmedia.com_repsolmedia_wp-content_uploads_2022_10_JRB8341-scaled-1.jpg\" srcset=\"https:\/\/bxrepsol.s3.eu-west-1.amazonaws.com\/static\/2022\/11\/07082855\/https___repsolmedia.com_repsolmedia_wp-content_uploads_2022_10_JRB8341-scaled-1.jpg 2560w, https:\/\/bxrepsol.s3.eu-west-1.amazonaws.com\/static\/2022\/11\/07082855\/https___repsolmedia.com_repsolmedia_wp-content_uploads_2022_10_JRB8341-scaled-1.jpg 1280w, https:\/\/bxrepsol.s3.eu-west-1.amazonaws.com\/static\/2022\/11\/07082855\/https___repsolmedia.com_repsolmedia_wp-content_uploads_2022_10_JRB8341-scaled-1.jpg 900w, https:\/\/bxrepsol.s3.eu-west-1.amazonaws.com\/static\/2022\/11\/07082855\/https___repsolmedia.com_repsolmedia_wp-content_uploads_2022_10_JRB8341-scaled-1.jpg 600w, https:\/\/bxrepsol.s3.eu-west-1.amazonaws.com\/static\/2022\/11\/07082855\/https___repsolmedia.com_repsolmedia_wp-content_uploads_2022_10_JRB8341-scaled-1.jpg 480w, https:\/\/bxrepsol.s3.eu-west-1.amazonaws.com\/static\/2022\/11\/07082855\/https___repsolmedia.com_repsolmedia_wp-content_uploads_2022_10_JRB8341-scaled-1.jpg 32w\" title=\"https___repsolmedia.com_repsolmedia_wp-content_uploads_2022_10_JRB8341-scaled\" alt=\"\" data-title=\"\"><br \/>\n<\/a><br \/>\n<button data-glide-dir=\"<\"><br \/>\n<svg role=\"img\" viewBox=\"0 0 256 512\">\n                <path fill=\"currentColor\" d=\"M238.475 475.535l7.071-7.07c4.686-4.686 4.686-12.284 0-16.971L50.053 256 245.546 60.506c4.686-4.686 4.686-12.284 0-16.971l-7.071-7.07c-4.686-4.686-12.284-4.686-16.97 0L10.454 247.515c-4.686 4.686-4.686 12.284 0 16.971l211.051 211.05c4.686 4.686 12.284 4.686 16.97-.001z\"><\/path>\n            <\/svg><br \/>\n<\/button><br \/>\n<button data-glide-dir=\">\u00ab><br \/>\n<svg role=\"img\" viewBox=\"0 0 256 512\">\n                <path fill=\"currentColor\" d=\"M17.525 36.465l-7.071 7.07c-4.686 4.686-4.686 12.284 0 16.971L205.947 256 10.454 451.494c-4.686 4.686-4.686 12.284 0 16.971l7.071 7.07c4.686 4.686 12.284 4.686 16.97 0l211.051-211.05c4.686-4.686 4.686-12.284 0-16.971L34.495 36.465c-4.686-4.687-12.284-4.687-16.97 0z\"><\/path>\n            <\/svg><br \/>\n<\/button><\/p>\n<p><strong>Declaraciones de los pilotos<\/strong><\/p>\n<p><a href=\"https:\/\/twitter.com\/hashtag\/MM93?src=hashtag_click\">#MM93<\/a><\/p>\n<p>\u00abComo dije ayer, lo que hicimos en la clasificaci\u00f3n estuvo por encima y esto es m\u00e1s o menos lo que esperaba de nuestra carrera. Hemos dado el 100% para conseguir el mejor resultado posible, hemos salido muy bien pero he visto que no ten\u00eda la velocidad necesaria para estar con los l\u00edderes. He intentado encontrar mi sitio y evitar tomar riesgos innecesarios y sacar buena informaci\u00f3n de la carrera. He hecho todo lo que me ha pedido Honda, as\u00ed que soy optimista de que utilizar\u00e1n esta informaci\u00f3n para mejorar en el futuro. Ahora podemos empezar a preparar Valencia despu\u00e9s de un fin de semana dif\u00edcil, porque aqu\u00ed hemos podido ver el nivel de nuestra moto. Creo que podemos estar m\u00e1s cerca en Valencia\u00bb.<\/p>\n<p><a href=\"https:\/\/twitter.com\/hashtag\/POL44?src=hashtag_click\">#POL44<\/a><\/p>\n<p>\u00abHoy ha sido un d\u00eda dif\u00edcil, sobre todo por la temperatura. No hac\u00eda tanto calor como en a\u00f1os anteriores, pero la humedad era muy alta igualmente. Sal\u00eda vig\u00e9simo y he tenido que ser agresivo en las primeras vueltas para recuperar terreno. Finalmente hemos podido sumar dos puntos aqu\u00ed, ganando seis puestos. Ahora la atenci\u00f3n se centra en Valencia, donde he sido fuerte en el pasado y creo que all\u00ed se adaptar\u00e1 mejor nuestra moto\u00bb.<\/p>\n","protected":false},"excerpt":{"rendered":"<p>El piloto del equipo Repsol Honda ha sumado nueve puntos en el Gran Premio de Malasia, \u00faltima cita de la gira asi\u00e1tica y pen\u00faltima de la temporada. Pol Espargar\u00f3 ha sido decimocuarto, sumando 2 puntos.<\/p>\n","protected":false},"author":43146,"featured_media":75970,"comment_status":"open","ping_status":"open","sticky":false,"template":"","format":"standard","meta":{"footnotes":""},"categories":[4],"tags":[120,6,138,128],"class_list":["post-95572","post","type-post","status-publish","format-standard","hentry","category-motogp","tag-120","tag-marc-marquez","tag-motogp-malasia","tag-pol-espargaro"],"yoast_head":"<!-- This site is optimized with the Yoast SEO plugin v27.3 - https:\/\/yoast.com\/product\/yoast-seo-wordpress\/ -->\n<title>Marc M\u00e1rquez finaliza s\u00e9ptimo en Sepang - Box Repsol<\/title>\n<meta name=\"description\" content=\"Obt\u00e9n todos los detalles sobre el desempe\u00f1o de Marc M\u00e1rquez en la carrera de MotoGP en Sepang, donde logr\u00f3 una destacada posici\u00f3n.\" \/>\n<link rel=\"canonical\" href=\"https:\/\/www.boxrepsol.com\/es\/motogp\/marc-marquez-finaliza-septimo-en-sepang\/\" \/>\n<meta property=\"og:locale\" content=\"es_ES\" \/>\n<meta property=\"og:type\" content=\"article\" \/>\n<meta property=\"og:title\" content=\"Marc M\u00e1rquez finaliza s\u00e9ptimo en Sepang - Box Repsol\" \/>\n<meta property=\"og:description\" content=\"Obt\u00e9n todos los detalles sobre el desempe\u00f1o de Marc M\u00e1rquez en la carrera de MotoGP en Sepang, donde logr\u00f3 una destacada posici\u00f3n.\" \/>\n<meta property=\"og:url\" content=\"https:\/\/www.boxrepsol.com\/es\/motogp\/marc-marquez-finaliza-septimo-en-sepang\/\" \/>\n<meta property=\"og:site_name\" content=\"Box Repsol\" \/>\n<meta property=\"article:publisher\" content=\"https:\/\/www.facebook.com\/BoxRepsol\" \/>\n<meta property=\"article:author\" content=\"https:\/\/www.facebook.com\/BoxRepsol\/\" \/>\n<meta property=\"article:published_time\" content=\"2022-10-23T02:00:00+00:00\" \/>\n<meta property=\"article:modified_time\" content=\"2024-04-08T10:56:52+00:00\" \/>\n<meta property=\"og:image\" content=\"https:\/\/bxrepsol.s3.eu-west-1.amazonaws.com\/static\/2022\/11\/07082900\/https___repsolmedia.com_repsolmedia_wp-content_uploads_2022_10_JRB8824-scaled-1.jpg\" \/>\n\t<meta property=\"og:image:width\" content=\"2560\" \/>\n\t<meta property=\"og:image:height\" content=\"1200\" \/>\n\t<meta property=\"og:image:type\" content=\"image\/jpeg\" \/>\n<meta name=\"author\" content=\"Redacci\u00f3n Box Repsol\" \/>\n<meta name=\"twitter:card\" content=\"summary_large_image\" \/>\n<meta name=\"twitter:creator\" content=\"@https:\/\/twitter.com\/box_repsol\" \/>\n<meta name=\"twitter:site\" content=\"@box_repsol\" \/>\n<meta name=\"twitter:label1\" content=\"Written by\" \/>\n\t<meta name=\"twitter:data1\" content=\"Redacci\u00f3n Box Repsol\" \/>\n\t<meta name=\"twitter:label2\" content=\"Est. reading time\" \/>\n\t<meta name=\"twitter:data2\" content=\"2 minutos\" \/>\n<script type=\"application\/ld+json\" class=\"yoast-schema-graph\">{\"@context\":\"https:\\\/\\\/schema.org\",\"@graph\":[{\"@type\":\"Article\",\"@id\":\"https:\\\/\\\/www.boxrepsol.com\\\/es\\\/motogp\\\/marc-marquez-finaliza-septimo-en-sepang\\\/#article\",\"isPartOf\":{\"@id\":\"https:\\\/\\\/www.boxrepsol.com\\\/es\\\/motogp\\\/marc-marquez-finaliza-septimo-en-sepang\\\/\"},\"author\":{\"name\":\"Redacci\u00f3n Box Repsol\",\"@id\":\"https:\\\/\\\/www.boxrepsol.com\\\/es\\\/#\\\/schema\\\/person\\\/c5c2138f2cca251b0ad92b7086bb60b7\"},\"headline\":\"Marc M\u00e1rquez finaliza s\u00e9ptimo en Sepang\",\"datePublished\":\"2022-10-23T02:00:00+00:00\",\"dateModified\":\"2024-04-08T10:56:52+00:00\",\"mainEntityOfPage\":{\"@id\":\"https:\\\/\\\/www.boxrepsol.com\\\/es\\\/motogp\\\/marc-marquez-finaliza-septimo-en-sepang\\\/\"},\"wordCount\":397,\"commentCount\":0,\"publisher\":{\"@id\":\"https:\\\/\\\/www.boxrepsol.com\\\/es\\\/#organization\"},\"image\":{\"@id\":\"https:\\\/\\\/www.boxrepsol.com\\\/es\\\/motogp\\\/marc-marquez-finaliza-septimo-en-sepang\\\/#primaryimage\"},\"thumbnailUrl\":\"https:\\\/\\\/bxrepsol.s3.eu-west-1.amazonaws.com\\\/static\\\/2022\\\/11\\\/07082900\\\/https___repsolmedia.com_repsolmedia_wp-content_uploads_2022_10_JRB8824-scaled-1.jpg\",\"keywords\":[\"2022\",\"Marc M\u00e1rquez\",\"MotoGP Malasia\",\"Pol Espargar\u00f3\"],\"articleSection\":[\"MotoGP\"],\"inLanguage\":\"es\",\"potentialAction\":[{\"@type\":\"CommentAction\",\"name\":\"Comment\",\"target\":[\"https:\\\/\\\/www.boxrepsol.com\\\/es\\\/motogp\\\/marc-marquez-finaliza-septimo-en-sepang\\\/#respond\"]}]},{\"@type\":\"WebPage\",\"@id\":\"https:\\\/\\\/www.boxrepsol.com\\\/es\\\/motogp\\\/marc-marquez-finaliza-septimo-en-sepang\\\/\",\"url\":\"https:\\\/\\\/www.boxrepsol.com\\\/es\\\/motogp\\\/marc-marquez-finaliza-septimo-en-sepang\\\/\",\"name\":\"Marc M\u00e1rquez finaliza s\u00e9ptimo en Sepang - Box Repsol\",\"isPartOf\":{\"@id\":\"https:\\\/\\\/www.boxrepsol.com\\\/es\\\/#website\"},\"primaryImageOfPage\":{\"@id\":\"https:\\\/\\\/www.boxrepsol.com\\\/es\\\/motogp\\\/marc-marquez-finaliza-septimo-en-sepang\\\/#primaryimage\"},\"image\":{\"@id\":\"https:\\\/\\\/www.boxrepsol.com\\\/es\\\/motogp\\\/marc-marquez-finaliza-septimo-en-sepang\\\/#primaryimage\"},\"thumbnailUrl\":\"https:\\\/\\\/bxrepsol.s3.eu-west-1.amazonaws.com\\\/static\\\/2022\\\/11\\\/07082900\\\/https___repsolmedia.com_repsolmedia_wp-content_uploads_2022_10_JRB8824-scaled-1.jpg\",\"datePublished\":\"2022-10-23T02:00:00+00:00\",\"dateModified\":\"2024-04-08T10:56:52+00:00\",\"description\":\"Obt\u00e9n todos los detalles sobre el desempe\u00f1o de Marc M\u00e1rquez en la carrera de MotoGP en Sepang, donde logr\u00f3 una destacada posici\u00f3n.\",\"breadcrumb\":{\"@id\":\"https:\\\/\\\/www.boxrepsol.com\\\/es\\\/motogp\\\/marc-marquez-finaliza-septimo-en-sepang\\\/#breadcrumb\"},\"inLanguage\":\"es\",\"potentialAction\":[{\"@type\":\"ReadAction\",\"target\":[\"https:\\\/\\\/www.boxrepsol.com\\\/es\\\/motogp\\\/marc-marquez-finaliza-septimo-en-sepang\\\/\"]}]},{\"@type\":\"ImageObject\",\"inLanguage\":\"es\",\"@id\":\"https:\\\/\\\/www.boxrepsol.com\\\/es\\\/motogp\\\/marc-marquez-finaliza-septimo-en-sepang\\\/#primaryimage\",\"url\":\"https:\\\/\\\/bxrepsol.s3.eu-west-1.amazonaws.com\\\/static\\\/2022\\\/11\\\/07082900\\\/https___repsolmedia.com_repsolmedia_wp-content_uploads_2022_10_JRB8824-scaled-1.jpg\",\"contentUrl\":\"https:\\\/\\\/bxrepsol.s3.eu-west-1.amazonaws.com\\\/static\\\/2022\\\/11\\\/07082900\\\/https___repsolmedia.com_repsolmedia_wp-content_uploads_2022_10_JRB8824-scaled-1.jpg\",\"width\":2560,\"height\":1200},{\"@type\":\"BreadcrumbList\",\"@id\":\"https:\\\/\\\/www.boxrepsol.com\\\/es\\\/motogp\\\/marc-marquez-finaliza-septimo-en-sepang\\\/#breadcrumb\",\"itemListElement\":[{\"@type\":\"ListItem\",\"position\":1,\"name\":\"Home\",\"item\":\"https:\\\/\\\/www.boxrepsol.com\\\/es\\\/\"},{\"@type\":\"ListItem\",\"position\":2,\"name\":\"Marc M\u00e1rquez finaliza s\u00e9ptimo en Sepang\"}]},{\"@type\":\"WebSite\",\"@id\":\"https:\\\/\\\/www.boxrepsol.com\\\/es\\\/#website\",\"url\":\"https:\\\/\\\/www.boxrepsol.com\\\/es\\\/\",\"name\":\"Box Repsol\",\"description\":\"Box Repsol Site\",\"publisher\":{\"@id\":\"https:\\\/\\\/www.boxrepsol.com\\\/es\\\/#organization\"},\"potentialAction\":[{\"@type\":\"SearchAction\",\"target\":{\"@type\":\"EntryPoint\",\"urlTemplate\":\"https:\\\/\\\/www.boxrepsol.com\\\/es\\\/?s={search_term_string}\"},\"query-input\":{\"@type\":\"PropertyValueSpecification\",\"valueRequired\":true,\"valueName\":\"search_term_string\"}}],\"inLanguage\":\"es\"},{\"@type\":\"Organization\",\"@id\":\"https:\\\/\\\/www.boxrepsol.com\\\/es\\\/#organization\",\"name\":\"Box Repsol\",\"url\":\"https:\\\/\\\/www.boxrepsol.com\\\/es\\\/\",\"logo\":{\"@type\":\"ImageObject\",\"inLanguage\":\"es\",\"@id\":\"https:\\\/\\\/www.boxrepsol.com\\\/es\\\/#\\\/schema\\\/logo\\\/image\\\/\",\"url\":\"https:\\\/\\\/bxrepsol.s3.eu-west-1.amazonaws.com\\\/static\\\/2025\\\/07\\\/30083337\\\/favicon-96x96-1.png\",\"contentUrl\":\"https:\\\/\\\/bxrepsol.s3.eu-west-1.amazonaws.com\\\/static\\\/2025\\\/07\\\/30083337\\\/favicon-96x96-1.png\",\"width\":96,\"height\":96,\"caption\":\"Box Repsol\"},\"image\":{\"@id\":\"https:\\\/\\\/www.boxrepsol.com\\\/es\\\/#\\\/schema\\\/logo\\\/image\\\/\"},\"sameAs\":[\"https:\\\/\\\/www.facebook.com\\\/BoxRepsol\",\"https:\\\/\\\/x.com\\\/box_repsol\",\"http:\\\/\\\/instagram.com\\\/box_repsol\",\"https:\\\/\\\/www.youtube.com\\\/user\\\/RepsolCompeticion\",\"https:\\\/\\\/www.flickr.com\\\/photos\\\/box_repsol\\\/\"]},{\"@type\":\"Person\",\"@id\":\"https:\\\/\\\/www.boxrepsol.com\\\/es\\\/#\\\/schema\\\/person\\\/c5c2138f2cca251b0ad92b7086bb60b7\",\"name\":\"Redacci\u00f3n Box Repsol\",\"image\":{\"@type\":\"ImageObject\",\"inLanguage\":\"es\",\"@id\":\"https:\\\/\\\/secure.gravatar.com\\\/avatar\\\/adf7b77e38b4419baf32c7e9c21dde01f4e40df611f0978e3006fc4ba0aaab7e?s=96&d=mm&r=g\",\"url\":\"https:\\\/\\\/secure.gravatar.com\\\/avatar\\\/adf7b77e38b4419baf32c7e9c21dde01f4e40df611f0978e3006fc4ba0aaab7e?s=96&d=mm&r=g\",\"contentUrl\":\"https:\\\/\\\/secure.gravatar.com\\\/avatar\\\/adf7b77e38b4419baf32c7e9c21dde01f4e40df611f0978e3006fc4ba0aaab7e?s=96&d=mm&r=g\",\"caption\":\"Redacci\u00f3n Box Repsol\"},\"description\":\"Box Repsol lo forma un equipo de periodistas, community managers, dise\u00f1adores y fot\u00f3grafos con m\u00e1s de 20 a\u00f1os de experiencia en el mundo del motorsport. Hemos vivido el primer mundial de un espa\u00f1ol en la categor\u00eda reina de motociclismo con \u00c1lex Crivill\u00e9, estuvimos en las victorias de Pedrosa y los t\u00edtulos de M\u00e1rquez, acompa\u00f1amos en \u00c1frica a Nani Roma y Marc Coma en sus conquistas del Dakar y hemos vibrado con los t\u00edtulos de Toni Bou en Trial. Adem\u00e1s, en nuestro equipo contamos con expertos en el mundo de las dos y cuatro ruedas tanto de la calle y las carreteras, como de los circuitos. Periodistas que han trabajado en revistas y publicaciones para hacerte llegar desde rutas y consejos de mantenimiento, a curiosidades y trucos de pilotaje.\",\"sameAs\":[\"https:\\\/\\\/www.facebook.com\\\/BoxRepsol\\\/\",\"https:\\\/\\\/www.instagram.com\\\/box_repsol\\\/\",\"https:\\\/\\\/x.com\\\/https:\\\/\\\/twitter.com\\\/box_repsol\",\"https:\\\/\\\/www.youtube.com\\\/@Boxrepsol\"],\"url\":\"https:\\\/\\\/www.boxrepsol.com\\\/es\\\/author\\\/redaccion-box-repsol\\\/\"}]}<\/script>\n<!-- \/ Yoast SEO plugin. -->","yoast_head_json":{"title":"Marc M\u00e1rquez finaliza s\u00e9ptimo en Sepang - Box Repsol","description":"Obt\u00e9n todos los detalles sobre el desempe\u00f1o de Marc M\u00e1rquez en la carrera de MotoGP en Sepang, donde logr\u00f3 una destacada posici\u00f3n.","canonical":"https:\/\/www.boxrepsol.com\/es\/motogp\/marc-marquez-finaliza-septimo-en-sepang\/","og_locale":"es_ES","og_type":"article","og_title":"Marc M\u00e1rquez finaliza s\u00e9ptimo en Sepang - Box Repsol","og_description":"Obt\u00e9n todos los detalles sobre el desempe\u00f1o de Marc M\u00e1rquez en la carrera de MotoGP en Sepang, donde logr\u00f3 una destacada posici\u00f3n.","og_url":"https:\/\/www.boxrepsol.com\/es\/motogp\/marc-marquez-finaliza-septimo-en-sepang\/","og_site_name":"Box Repsol","article_publisher":"https:\/\/www.facebook.com\/BoxRepsol","article_author":"https:\/\/www.facebook.com\/BoxRepsol\/","article_published_time":"2022-10-23T02:00:00+00:00","article_modified_time":"2024-04-08T10:56:52+00:00","og_image":[{"width":2560,"height":1200,"url":"https:\/\/bxrepsol.s3.eu-west-1.amazonaws.com\/static\/2022\/11\/07082900\/https___repsolmedia.com_repsolmedia_wp-content_uploads_2022_10_JRB8824-scaled-1.jpg","type":"image\/jpeg"}],"author":"Redacci\u00f3n Box Repsol","twitter_card":"summary_large_image","twitter_creator":"@https:\/\/twitter.com\/box_repsol","twitter_site":"@box_repsol","twitter_misc":{"Written by":"Redacci\u00f3n Box Repsol","Est. reading time":"2 minutos"},"schema":{"@context":"https:\/\/schema.org","@graph":[{"@type":"Article","@id":"https:\/\/www.boxrepsol.com\/es\/motogp\/marc-marquez-finaliza-septimo-en-sepang\/#article","isPartOf":{"@id":"https:\/\/www.boxrepsol.com\/es\/motogp\/marc-marquez-finaliza-septimo-en-sepang\/"},"author":{"name":"Redacci\u00f3n Box Repsol","@id":"https:\/\/www.boxrepsol.com\/es\/#\/schema\/person\/c5c2138f2cca251b0ad92b7086bb60b7"},"headline":"Marc M\u00e1rquez finaliza s\u00e9ptimo en Sepang","datePublished":"2022-10-23T02:00:00+00:00","dateModified":"2024-04-08T10:56:52+00:00","mainEntityOfPage":{"@id":"https:\/\/www.boxrepsol.com\/es\/motogp\/marc-marquez-finaliza-septimo-en-sepang\/"},"wordCount":397,"commentCount":0,"publisher":{"@id":"https:\/\/www.boxrepsol.com\/es\/#organization"},"image":{"@id":"https:\/\/www.boxrepsol.com\/es\/motogp\/marc-marquez-finaliza-septimo-en-sepang\/#primaryimage"},"thumbnailUrl":"https:\/\/bxrepsol.s3.eu-west-1.amazonaws.com\/static\/2022\/11\/07082900\/https___repsolmedia.com_repsolmedia_wp-content_uploads_2022_10_JRB8824-scaled-1.jpg","keywords":["2022","Marc M\u00e1rquez","MotoGP Malasia","Pol Espargar\u00f3"],"articleSection":["MotoGP"],"inLanguage":"es","potentialAction":[{"@type":"CommentAction","name":"Comment","target":["https:\/\/www.boxrepsol.com\/es\/motogp\/marc-marquez-finaliza-septimo-en-sepang\/#respond"]}]},{"@type":"WebPage","@id":"https:\/\/www.boxrepsol.com\/es\/motogp\/marc-marquez-finaliza-septimo-en-sepang\/","url":"https:\/\/www.boxrepsol.com\/es\/motogp\/marc-marquez-finaliza-septimo-en-sepang\/","name":"Marc M\u00e1rquez finaliza s\u00e9ptimo en Sepang - Box Repsol","isPartOf":{"@id":"https:\/\/www.boxrepsol.com\/es\/#website"},"primaryImageOfPage":{"@id":"https:\/\/www.boxrepsol.com\/es\/motogp\/marc-marquez-finaliza-septimo-en-sepang\/#primaryimage"},"image":{"@id":"https:\/\/www.boxrepsol.com\/es\/motogp\/marc-marquez-finaliza-septimo-en-sepang\/#primaryimage"},"thumbnailUrl":"https:\/\/bxrepsol.s3.eu-west-1.amazonaws.com\/static\/2022\/11\/07082900\/https___repsolmedia.com_repsolmedia_wp-content_uploads_2022_10_JRB8824-scaled-1.jpg","datePublished":"2022-10-23T02:00:00+00:00","dateModified":"2024-04-08T10:56:52+00:00","description":"Obt\u00e9n todos los detalles sobre el desempe\u00f1o de Marc M\u00e1rquez en la carrera de MotoGP en Sepang, donde logr\u00f3 una destacada posici\u00f3n.","breadcrumb":{"@id":"https:\/\/www.boxrepsol.com\/es\/motogp\/marc-marquez-finaliza-septimo-en-sepang\/#breadcrumb"},"inLanguage":"es","potentialAction":[{"@type":"ReadAction","target":["https:\/\/www.boxrepsol.com\/es\/motogp\/marc-marquez-finaliza-septimo-en-sepang\/"]}]},{"@type":"ImageObject","inLanguage":"es","@id":"https:\/\/www.boxrepsol.com\/es\/motogp\/marc-marquez-finaliza-septimo-en-sepang\/#primaryimage","url":"https:\/\/bxrepsol.s3.eu-west-1.amazonaws.com\/static\/2022\/11\/07082900\/https___repsolmedia.com_repsolmedia_wp-content_uploads_2022_10_JRB8824-scaled-1.jpg","contentUrl":"https:\/\/bxrepsol.s3.eu-west-1.amazonaws.com\/static\/2022\/11\/07082900\/https___repsolmedia.com_repsolmedia_wp-content_uploads_2022_10_JRB8824-scaled-1.jpg","width":2560,"height":1200},{"@type":"BreadcrumbList","@id":"https:\/\/www.boxrepsol.com\/es\/motogp\/marc-marquez-finaliza-septimo-en-sepang\/#breadcrumb","itemListElement":[{"@type":"ListItem","position":1,"name":"Home","item":"https:\/\/www.boxrepsol.com\/es\/"},{"@type":"ListItem","position":2,"name":"Marc M\u00e1rquez finaliza s\u00e9ptimo en Sepang"}]},{"@type":"WebSite","@id":"https:\/\/www.boxrepsol.com\/es\/#website","url":"https:\/\/www.boxrepsol.com\/es\/","name":"Box Repsol","description":"Box Repsol Site","publisher":{"@id":"https:\/\/www.boxrepsol.com\/es\/#organization"},"potentialAction":[{"@type":"SearchAction","target":{"@type":"EntryPoint","urlTemplate":"https:\/\/www.boxrepsol.com\/es\/?s={search_term_string}"},"query-input":{"@type":"PropertyValueSpecification","valueRequired":true,"valueName":"search_term_string"}}],"inLanguage":"es"},{"@type":"Organization","@id":"https:\/\/www.boxrepsol.com\/es\/#organization","name":"Box Repsol","url":"https:\/\/www.boxrepsol.com\/es\/","logo":{"@type":"ImageObject","inLanguage":"es","@id":"https:\/\/www.boxrepsol.com\/es\/#\/schema\/logo\/image\/","url":"https:\/\/bxrepsol.s3.eu-west-1.amazonaws.com\/static\/2025\/07\/30083337\/favicon-96x96-1.png","contentUrl":"https:\/\/bxrepsol.s3.eu-west-1.amazonaws.com\/static\/2025\/07\/30083337\/favicon-96x96-1.png","width":96,"height":96,"caption":"Box Repsol"},"image":{"@id":"https:\/\/www.boxrepsol.com\/es\/#\/schema\/logo\/image\/"},"sameAs":["https:\/\/www.facebook.com\/BoxRepsol","https:\/\/x.com\/box_repsol","http:\/\/instagram.com\/box_repsol","https:\/\/www.youtube.com\/user\/RepsolCompeticion","https:\/\/www.flickr.com\/photos\/box_repsol\/"]},{"@type":"Person","@id":"https:\/\/www.boxrepsol.com\/es\/#\/schema\/person\/c5c2138f2cca251b0ad92b7086bb60b7","name":"Redacci\u00f3n Box Repsol","image":{"@type":"ImageObject","inLanguage":"es","@id":"https:\/\/secure.gravatar.com\/avatar\/adf7b77e38b4419baf32c7e9c21dde01f4e40df611f0978e3006fc4ba0aaab7e?s=96&d=mm&r=g","url":"https:\/\/secure.gravatar.com\/avatar\/adf7b77e38b4419baf32c7e9c21dde01f4e40df611f0978e3006fc4ba0aaab7e?s=96&d=mm&r=g","contentUrl":"https:\/\/secure.gravatar.com\/avatar\/adf7b77e38b4419baf32c7e9c21dde01f4e40df611f0978e3006fc4ba0aaab7e?s=96&d=mm&r=g","caption":"Redacci\u00f3n Box Repsol"},"description":"Box Repsol lo forma un equipo de periodistas, community managers, dise\u00f1adores y fot\u00f3grafos con m\u00e1s de 20 a\u00f1os de experiencia en el mundo del motorsport. Hemos vivido el primer mundial de un espa\u00f1ol en la categor\u00eda reina de motociclismo con \u00c1lex Crivill\u00e9, estuvimos en las victorias de Pedrosa y los t\u00edtulos de M\u00e1rquez, acompa\u00f1amos en \u00c1frica a Nani Roma y Marc Coma en sus conquistas del Dakar y hemos vibrado con los t\u00edtulos de Toni Bou en Trial. Adem\u00e1s, en nuestro equipo contamos con expertos en el mundo de las dos y cuatro ruedas tanto de la calle y las carreteras, como de los circuitos. Periodistas que han trabajado en revistas y publicaciones para hacerte llegar desde rutas y consejos de mantenimiento, a curiosidades y trucos de pilotaje.","sameAs":["https:\/\/www.facebook.com\/BoxRepsol\/","https:\/\/www.instagram.com\/box_repsol\/","https:\/\/x.com\/https:\/\/twitter.com\/box_repsol","https:\/\/www.youtube.com\/@Boxrepsol"],"url":"https:\/\/www.boxrepsol.com\/es\/author\/redaccion-box-repsol\/"}]}},"_links":{"self":[{"href":"https:\/\/www.boxrepsol.com\/es\/wp-json\/wp\/v2\/posts\/95572","targetHints":{"allow":["GET"]}}],"collection":[{"href":"https:\/\/www.boxrepsol.com\/es\/wp-json\/wp\/v2\/posts"}],"about":[{"href":"https:\/\/www.boxrepsol.com\/es\/wp-json\/wp\/v2\/types\/post"}],"author":[{"embeddable":true,"href":"https:\/\/www.boxrepsol.com\/es\/wp-json\/wp\/v2\/users\/43146"}],"replies":[{"embeddable":true,"href":"https:\/\/www.boxrepsol.com\/es\/wp-json\/wp\/v2\/comments?post=95572"}],"version-history":[{"count":2,"href":"https:\/\/www.boxrepsol.com\/es\/wp-json\/wp\/v2\/posts\/95572\/revisions"}],"predecessor-version":[{"id":109272,"href":"https:\/\/www.boxrepsol.com\/es\/wp-json\/wp\/v2\/posts\/95572\/revisions\/109272"}],"wp:featuredmedia":[{"embeddable":true,"href":"https:\/\/www.boxrepsol.com\/es\/wp-json\/wp\/v2\/media\/75970"}],"wp:attachment":[{"href":"https:\/\/www.boxrepsol.com\/es\/wp-json\/wp\/v2\/media?parent=95572"}],"wp:term":[{"taxonomy":"category","embeddable":true,"href":"https:\/\/www.boxrepsol.com\/es\/wp-json\/wp\/v2\/categories?post=95572"},{"taxonomy":"post_tag","embeddable":true,"href":"https:\/\/www.boxrepsol.com\/es\/wp-json\/wp\/v2\/tags?post=95572"}],"curies":[{"name":"wp","href":"https:\/\/api.w.org\/{rel}","templated":true}]}}