{"id":95570,"date":"2022-10-22T00:00:00","date_gmt":"2022-10-22T02:00:00","guid":{"rendered":"http:\/\/pre.boxrepsol.com\/sin-categorizar\/primera-linea-de-la-parrilla-para-marc-marquez-en-sepang\/"},"modified":"2024-04-08T08:57:14","modified_gmt":"2024-04-08T10:57:14","slug":"primera-linea-de-la-parrilla-para-marc-marquez-en-sepang","status":"publish","type":"post","link":"https:\/\/www.boxrepsol.com\/es\/motogp\/primera-linea-de-la-parrilla-para-marc-marquez-en-sepang\/","title":{"rendered":"Primera l\u00ednea de la parrilla para Marc M\u00e1rquez en Sepang"},"content":{"rendered":"<p><strong>Marc M\u00e1rquez<\/strong> ha visto como al final de la FP3 se quedaba fuera del pase directo a la Q2 debido a un incidente con otro piloto en pista, que iba m\u00e1s lento y ha obstaculizado la trazada del ocho veces Campe\u00f3n del Mundo. En la Q1, Marc ha sido el segundo piloto m\u00e1s r\u00e1pido, logrando el pase a la Q2 en el \u00faltimo instante.<\/p>\n<p>El piloto del equipo <strong>Repsol Honda<\/strong> ha finalizado la jornada registrando un mejor tiempo de 1 minuto, 58 segundos y 454 mil\u00e9simas que le ha asegurado la tercera posici\u00f3n en la parrilla de salida de ma\u00f1ana.<\/p>\n<p><strong>Pol Espargar\u00f3<\/strong> ha empezado el d\u00eda sufriendo una ca\u00edda sin consecuencias que le ha impedido clasificarse para la segunda sesi\u00f3n clasificatoria de la jornada. Durante la Q1, el piloto del equipo Repsol Honda ha mantenido un buen ritmo por vuelta pilotando detr\u00e1s de su compa\u00f1ero de equipo.<\/p>\n<p>Al final de la Q1 y con un mejor tiempo de 1 minuto, 59 segundos y 363 mil\u00e9simas, Espargar\u00f3 se ha quedado a 3 d\u00e9cimas del segundo, vi\u00e9ndose relegado en la sexta l\u00ednea de la parrilla de salida en la que ocupar\u00e1 la decimos\u00e9ptima posici\u00f3n.<\/p>\n<p><a href=\"https:\/\/bxrepsol.s3.eu-west-1.amazonaws.com\/static\/2022\/11\/07082804\/https___repsolmedia.com_repsolmedia_wp-content_uploads_2022_10_JRB8753-scaled-1.jpg\" data-index=\"0\"><br \/>\n<img decoding=\"async\" src=\"https:\/\/bxrepsol.s3.eu-west-1.amazonaws.com\/static\/2022\/11\/07082804\/https___repsolmedia.com_repsolmedia_wp-content_uploads_2022_10_JRB8753-scaled-1.jpg\" srcset=\"https:\/\/bxrepsol.s3.eu-west-1.amazonaws.com\/static\/2022\/11\/07082804\/https___repsolmedia.com_repsolmedia_wp-content_uploads_2022_10_JRB8753-scaled-1.jpg 2560w, https:\/\/bxrepsol.s3.eu-west-1.amazonaws.com\/static\/2022\/11\/07082804\/https___repsolmedia.com_repsolmedia_wp-content_uploads_2022_10_JRB8753-scaled-1.jpg 1280w, https:\/\/bxrepsol.s3.eu-west-1.amazonaws.com\/static\/2022\/11\/07082804\/https___repsolmedia.com_repsolmedia_wp-content_uploads_2022_10_JRB8753-scaled-1.jpg 900w, https:\/\/bxrepsol.s3.eu-west-1.amazonaws.com\/static\/2022\/11\/07082804\/https___repsolmedia.com_repsolmedia_wp-content_uploads_2022_10_JRB8753-scaled-1.jpg 600w, https:\/\/bxrepsol.s3.eu-west-1.amazonaws.com\/static\/2022\/11\/07082804\/https___repsolmedia.com_repsolmedia_wp-content_uploads_2022_10_JRB8753-scaled-1.jpg 480w, https:\/\/bxrepsol.s3.eu-west-1.amazonaws.com\/static\/2022\/11\/07082804\/https___repsolmedia.com_repsolmedia_wp-content_uploads_2022_10_JRB8753-scaled-1.jpg 32w\" title=\"https___repsolmedia.com_repsolmedia_wp-content_uploads_2022_10_JRB8753-scaled\" alt=\"\" data-title=\"\"><br \/>\n<\/a><br \/>\n<a href=\"https:\/\/bxrepsol.s3.eu-west-1.amazonaws.com\/static\/2022\/11\/07082808\/https___repsolmedia.com_repsolmedia_wp-content_uploads_2022_10_2022_MALASIANGP_SATURDAY_DSC09304-scaled-1.jpg\" data-index=\"1\"><br \/>\n<img decoding=\"async\" src=\"https:\/\/bxrepsol.s3.eu-west-1.amazonaws.com\/static\/2022\/11\/07082808\/https___repsolmedia.com_repsolmedia_wp-content_uploads_2022_10_2022_MALASIANGP_SATURDAY_DSC09304-scaled-1.jpg\" srcset=\"https:\/\/bxrepsol.s3.eu-west-1.amazonaws.com\/static\/2022\/11\/07082808\/https___repsolmedia.com_repsolmedia_wp-content_uploads_2022_10_2022_MALASIANGP_SATURDAY_DSC09304-scaled-1.jpg 2560w, https:\/\/bxrepsol.s3.eu-west-1.amazonaws.com\/static\/2022\/11\/07082808\/https___repsolmedia.com_repsolmedia_wp-content_uploads_2022_10_2022_MALASIANGP_SATURDAY_DSC09304-scaled-1.jpg 1280w, https:\/\/bxrepsol.s3.eu-west-1.amazonaws.com\/static\/2022\/11\/07082808\/https___repsolmedia.com_repsolmedia_wp-content_uploads_2022_10_2022_MALASIANGP_SATURDAY_DSC09304-scaled-1.jpg 900w, https:\/\/bxrepsol.s3.eu-west-1.amazonaws.com\/static\/2022\/11\/07082808\/https___repsolmedia.com_repsolmedia_wp-content_uploads_2022_10_2022_MALASIANGP_SATURDAY_DSC09304-scaled-1.jpg 600w, https:\/\/bxrepsol.s3.eu-west-1.amazonaws.com\/static\/2022\/11\/07082808\/https___repsolmedia.com_repsolmedia_wp-content_uploads_2022_10_2022_MALASIANGP_SATURDAY_DSC09304-scaled-1.jpg 480w, https:\/\/bxrepsol.s3.eu-west-1.amazonaws.com\/static\/2022\/11\/07082808\/https___repsolmedia.com_repsolmedia_wp-content_uploads_2022_10_2022_MALASIANGP_SATURDAY_DSC09304-scaled-1.jpg 32w\" title=\"https___repsolmedia.com_repsolmedia_wp-content_uploads_2022_10_2022_MALASIANGP_SATURDAY_DSC09304-scaled\" alt=\"\" data-title=\"\"><br \/>\n<\/a><br \/>\n<a href=\"https:\/\/bxrepsol.s3.eu-west-1.amazonaws.com\/static\/2022\/11\/07082812\/https___repsolmedia.com_repsolmedia_wp-content_uploads_2022_10_JRB0033-scaled-1.jpg\" data-index=\"2\"><br \/>\n<img decoding=\"async\" src=\"https:\/\/bxrepsol.s3.eu-west-1.amazonaws.com\/static\/2022\/11\/07082812\/https___repsolmedia.com_repsolmedia_wp-content_uploads_2022_10_JRB0033-scaled-1.jpg\" srcset=\"https:\/\/bxrepsol.s3.eu-west-1.amazonaws.com\/static\/2022\/11\/07082812\/https___repsolmedia.com_repsolmedia_wp-content_uploads_2022_10_JRB0033-scaled-1.jpg 2560w, https:\/\/bxrepsol.s3.eu-west-1.amazonaws.com\/static\/2022\/11\/07082812\/https___repsolmedia.com_repsolmedia_wp-content_uploads_2022_10_JRB0033-scaled-1.jpg 1280w, https:\/\/bxrepsol.s3.eu-west-1.amazonaws.com\/static\/2022\/11\/07082812\/https___repsolmedia.com_repsolmedia_wp-content_uploads_2022_10_JRB0033-scaled-1.jpg 900w, https:\/\/bxrepsol.s3.eu-west-1.amazonaws.com\/static\/2022\/11\/07082812\/https___repsolmedia.com_repsolmedia_wp-content_uploads_2022_10_JRB0033-scaled-1.jpg 600w, https:\/\/bxrepsol.s3.eu-west-1.amazonaws.com\/static\/2022\/11\/07082812\/https___repsolmedia.com_repsolmedia_wp-content_uploads_2022_10_JRB0033-scaled-1.jpg 480w, https:\/\/bxrepsol.s3.eu-west-1.amazonaws.com\/static\/2022\/11\/07082812\/https___repsolmedia.com_repsolmedia_wp-content_uploads_2022_10_JRB0033-scaled-1.jpg 32w\" title=\"https___repsolmedia.com_repsolmedia_wp-content_uploads_2022_10_JRB0033-scaled\" alt=\"\" data-title=\"\"><br \/>\n<\/a><br \/>\n<a href=\"https:\/\/bxrepsol.s3.eu-west-1.amazonaws.com\/static\/2022\/11\/07082815\/https___repsolmedia.com_repsolmedia_wp-content_uploads_2022_10_JRB7613-scaled-1.jpg\" data-index=\"3\"><br \/>\n<img decoding=\"async\" src=\"https:\/\/bxrepsol.s3.eu-west-1.amazonaws.com\/static\/2022\/11\/07082815\/https___repsolmedia.com_repsolmedia_wp-content_uploads_2022_10_JRB7613-scaled-1.jpg\" srcset=\"https:\/\/bxrepsol.s3.eu-west-1.amazonaws.com\/static\/2022\/11\/07082815\/https___repsolmedia.com_repsolmedia_wp-content_uploads_2022_10_JRB7613-scaled-1.jpg 2560w, https:\/\/bxrepsol.s3.eu-west-1.amazonaws.com\/static\/2022\/11\/07082815\/https___repsolmedia.com_repsolmedia_wp-content_uploads_2022_10_JRB7613-scaled-1.jpg 1280w, https:\/\/bxrepsol.s3.eu-west-1.amazonaws.com\/static\/2022\/11\/07082815\/https___repsolmedia.com_repsolmedia_wp-content_uploads_2022_10_JRB7613-scaled-1.jpg 900w, https:\/\/bxrepsol.s3.eu-west-1.amazonaws.com\/static\/2022\/11\/07082815\/https___repsolmedia.com_repsolmedia_wp-content_uploads_2022_10_JRB7613-scaled-1.jpg 600w, https:\/\/bxrepsol.s3.eu-west-1.amazonaws.com\/static\/2022\/11\/07082815\/https___repsolmedia.com_repsolmedia_wp-content_uploads_2022_10_JRB7613-scaled-1.jpg 480w, https:\/\/bxrepsol.s3.eu-west-1.amazonaws.com\/static\/2022\/11\/07082815\/https___repsolmedia.com_repsolmedia_wp-content_uploads_2022_10_JRB7613-scaled-1.jpg 32w\" title=\"https___repsolmedia.com_repsolmedia_wp-content_uploads_2022_10_JRB7613-scaled\" alt=\"\" data-title=\"\"><br \/>\n<\/a><br \/>\n<a href=\"https:\/\/bxrepsol.s3.eu-west-1.amazonaws.com\/static\/2022\/11\/07082818\/https___repsolmedia.com_repsolmedia_wp-content_uploads_2022_10_JRB8054-scaled-1.jpg\" data-index=\"4\"><br \/>\n<img decoding=\"async\" src=\"https:\/\/bxrepsol.s3.eu-west-1.amazonaws.com\/static\/2022\/11\/07082818\/https___repsolmedia.com_repsolmedia_wp-content_uploads_2022_10_JRB8054-scaled-1.jpg\" srcset=\"https:\/\/bxrepsol.s3.eu-west-1.amazonaws.com\/static\/2022\/11\/07082818\/https___repsolmedia.com_repsolmedia_wp-content_uploads_2022_10_JRB8054-scaled-1.jpg 2560w, https:\/\/bxrepsol.s3.eu-west-1.amazonaws.com\/static\/2022\/11\/07082818\/https___repsolmedia.com_repsolmedia_wp-content_uploads_2022_10_JRB8054-scaled-1.jpg 1280w, https:\/\/bxrepsol.s3.eu-west-1.amazonaws.com\/static\/2022\/11\/07082818\/https___repsolmedia.com_repsolmedia_wp-content_uploads_2022_10_JRB8054-scaled-1.jpg 900w, https:\/\/bxrepsol.s3.eu-west-1.amazonaws.com\/static\/2022\/11\/07082818\/https___repsolmedia.com_repsolmedia_wp-content_uploads_2022_10_JRB8054-scaled-1.jpg 600w, https:\/\/bxrepsol.s3.eu-west-1.amazonaws.com\/static\/2022\/11\/07082818\/https___repsolmedia.com_repsolmedia_wp-content_uploads_2022_10_JRB8054-scaled-1.jpg 480w, https:\/\/bxrepsol.s3.eu-west-1.amazonaws.com\/static\/2022\/11\/07082818\/https___repsolmedia.com_repsolmedia_wp-content_uploads_2022_10_JRB8054-scaled-1.jpg 32w\" title=\"https___repsolmedia.com_repsolmedia_wp-content_uploads_2022_10_JRB8054-scaled\" alt=\"\" data-title=\"\"><br \/>\n<\/a><br \/>\n<button data-glide-dir=\"<\"><br \/>\n<svg role=\"img\" viewBox=\"0 0 256 512\">\n                <path fill=\"currentColor\" d=\"M238.475 475.535l7.071-7.07c4.686-4.686 4.686-12.284 0-16.971L50.053 256 245.546 60.506c4.686-4.686 4.686-12.284 0-16.971l-7.071-7.07c-4.686-4.686-12.284-4.686-16.97 0L10.454 247.515c-4.686 4.686-4.686 12.284 0 16.971l211.051 211.05c4.686 4.686 12.284 4.686 16.97-.001z\"><\/path>\n            <\/svg><br \/>\n<\/button><br \/>\n<button data-glide-dir=\">\u00ab><br \/>\n<svg role=\"img\" viewBox=\"0 0 256 512\">\n                <path fill=\"currentColor\" d=\"M17.525 36.465l-7.071 7.07c-4.686 4.686-4.686 12.284 0 16.971L205.947 256 10.454 451.494c-4.686 4.686-4.686 12.284 0 16.971l7.071 7.07c4.686 4.686 12.284 4.686 16.97 0l211.051-211.05c4.686-4.686 4.686-12.284 0-16.971L34.495 36.465c-4.686-4.687-12.284-4.687-16.97 0z\"><\/path>\n            <\/svg><br \/>\n<\/button><\/p>\n<p><strong>Declaraciones de los pilotos<\/strong><\/p>\n<p><a href=\"https:\/\/twitter.com\/hashtag\/MM93?src=hashtag_click\">#MM93<\/a><\/p>\n<p>\u00ab\u00a1Las sensaciones de hoy no eran \u00e9stas, pero el tiempo por vuelta s\u00ed! He tenido que arriesgar mucho y, sinceramente, me ha sorprendido mucho en la Q1 y en la Q2 que haya podido hacer la vuelta solo. Normalmente me ha costado mucho hacerlo, sobre todo en un lugar como Sepang, con las rectas en las que perdemos tiempo. Realmente no s\u00e9 c\u00f3mo estoy en la primera fila. Ma\u00f1ana ser\u00e1 una carrera larga y exigente si no llueve, a ver qu\u00e9 podemos hacer al principio\u00bb.<\/p>\n<p><a href=\"https:\/\/twitter.com\/hashtag\/POL44?src=hashtag_click\">#POL44<\/a><\/p>\n<p>\u00abHoy no ha sido un buen d\u00eda en absoluto y es dif\u00edcil encontrar aspectos positivos. Quiero pedir disculpas a mi equipo por las tres ca\u00eddas, esto les ha dado mucho trabajo extra y como siempre, han estado perfectos arreglando y preparando la moto. Ahora tenemos que lidiar con esta penalizaci\u00f3n en la parrilla, as\u00ed que ser\u00e1 una carrera para ver qu\u00e9 pasa. Si hay lluvia o empieza a llover durante la carrera, quiz\u00e1s pueda pasar algo\u00bb.<\/p>\n","protected":false},"excerpt":{"rendered":"<p>El piloto del equipo Repsol Honda registra el tercer mejor tiempo de la jornada cronometrada, despu\u00e9s de tener que pasar por la Q1. Pol Espargar\u00f3 saldr\u00e1 ma\u00f1ana decimos\u00e9ptimo.<\/p>\n","protected":false},"author":43146,"featured_media":75946,"comment_status":"open","ping_status":"open","sticky":false,"template":"","format":"standard","meta":{"footnotes":""},"categories":[4],"tags":[120,6,138,128],"class_list":["post-95570","post","type-post","status-publish","format-standard","hentry","category-motogp","tag-120","tag-marc-marquez","tag-motogp-malasia","tag-pol-espargaro"],"yoast_head":"<!-- This site is optimized with the Yoast SEO plugin v27.3 - https:\/\/yoast.com\/product\/yoast-seo-wordpress\/ -->\n<title>Primera l\u00ednea de la parrilla para Marc M\u00e1rquez en Sepang - Box Repsol<\/title>\n<meta name=\"description\" content=\"Primera l\u00ednea de la parrilla para Marc M\u00e1rquez en Sepang. Sigue de cerca la emocionante clasificaci\u00f3n y las expectativas del piloto espa\u00f1ol.\" \/>\n<link rel=\"canonical\" href=\"https:\/\/www.boxrepsol.com\/es\/motogp\/primera-linea-de-la-parrilla-para-marc-marquez-en-sepang\/\" \/>\n<meta property=\"og:locale\" content=\"es_ES\" \/>\n<meta property=\"og:type\" content=\"article\" \/>\n<meta property=\"og:title\" content=\"Primera l\u00ednea de la parrilla para Marc M\u00e1rquez en Sepang - Box Repsol\" \/>\n<meta property=\"og:description\" content=\"Primera l\u00ednea de la parrilla para Marc M\u00e1rquez en Sepang. Sigue de cerca la emocionante clasificaci\u00f3n y las expectativas del piloto espa\u00f1ol.\" \/>\n<meta property=\"og:url\" content=\"https:\/\/www.boxrepsol.com\/es\/motogp\/primera-linea-de-la-parrilla-para-marc-marquez-en-sepang\/\" \/>\n<meta property=\"og:site_name\" content=\"Box Repsol\" \/>\n<meta property=\"article:publisher\" content=\"https:\/\/www.facebook.com\/BoxRepsol\" \/>\n<meta property=\"article:author\" content=\"https:\/\/www.facebook.com\/BoxRepsol\/\" \/>\n<meta property=\"article:published_time\" content=\"2022-10-22T02:00:00+00:00\" \/>\n<meta property=\"article:modified_time\" content=\"2024-04-08T10:57:14+00:00\" \/>\n<meta property=\"og:image\" content=\"https:\/\/bxrepsol.s3.eu-west-1.amazonaws.com\/static\/2022\/11\/07082823\/https___repsolmedia.com_repsolmedia_wp-content_uploads_2022_10_JRB3306-scaled-1.jpg\" \/>\n\t<meta property=\"og:image:width\" content=\"2560\" \/>\n\t<meta property=\"og:image:height\" content=\"1200\" \/>\n\t<meta property=\"og:image:type\" content=\"image\/jpeg\" \/>\n<meta name=\"author\" content=\"Redacci\u00f3n Box Repsol\" \/>\n<meta name=\"twitter:card\" content=\"summary_large_image\" \/>\n<meta name=\"twitter:creator\" content=\"@https:\/\/twitter.com\/box_repsol\" \/>\n<meta name=\"twitter:site\" content=\"@box_repsol\" \/>\n<meta name=\"twitter:label1\" content=\"Written by\" \/>\n\t<meta name=\"twitter:data1\" content=\"Redacci\u00f3n Box Repsol\" \/>\n\t<meta name=\"twitter:label2\" content=\"Est. reading time\" \/>\n\t<meta name=\"twitter:data2\" content=\"2 minutos\" \/>\n<script type=\"application\/ld+json\" class=\"yoast-schema-graph\">{\"@context\":\"https:\\\/\\\/schema.org\",\"@graph\":[{\"@type\":\"Article\",\"@id\":\"https:\\\/\\\/www.boxrepsol.com\\\/es\\\/motogp\\\/primera-linea-de-la-parrilla-para-marc-marquez-en-sepang\\\/#article\",\"isPartOf\":{\"@id\":\"https:\\\/\\\/www.boxrepsol.com\\\/es\\\/motogp\\\/primera-linea-de-la-parrilla-para-marc-marquez-en-sepang\\\/\"},\"author\":{\"name\":\"Redacci\u00f3n Box Repsol\",\"@id\":\"https:\\\/\\\/www.boxrepsol.com\\\/es\\\/#\\\/schema\\\/person\\\/c5c2138f2cca251b0ad92b7086bb60b7\"},\"headline\":\"Primera l\u00ednea de la parrilla para Marc M\u00e1rquez en Sepang\",\"datePublished\":\"2022-10-22T02:00:00+00:00\",\"dateModified\":\"2024-04-08T10:57:14+00:00\",\"mainEntityOfPage\":{\"@id\":\"https:\\\/\\\/www.boxrepsol.com\\\/es\\\/motogp\\\/primera-linea-de-la-parrilla-para-marc-marquez-en-sepang\\\/\"},\"wordCount\":390,\"commentCount\":0,\"publisher\":{\"@id\":\"https:\\\/\\\/www.boxrepsol.com\\\/es\\\/#organization\"},\"image\":{\"@id\":\"https:\\\/\\\/www.boxrepsol.com\\\/es\\\/motogp\\\/primera-linea-de-la-parrilla-para-marc-marquez-en-sepang\\\/#primaryimage\"},\"thumbnailUrl\":\"https:\\\/\\\/bxrepsol.s3.eu-west-1.amazonaws.com\\\/static\\\/2022\\\/11\\\/07082823\\\/https___repsolmedia.com_repsolmedia_wp-content_uploads_2022_10_JRB3306-scaled-1.jpg\",\"keywords\":[\"2022\",\"Marc M\u00e1rquez\",\"MotoGP Malasia\",\"Pol Espargar\u00f3\"],\"articleSection\":[\"MotoGP\"],\"inLanguage\":\"es\",\"potentialAction\":[{\"@type\":\"CommentAction\",\"name\":\"Comment\",\"target\":[\"https:\\\/\\\/www.boxrepsol.com\\\/es\\\/motogp\\\/primera-linea-de-la-parrilla-para-marc-marquez-en-sepang\\\/#respond\"]}]},{\"@type\":\"WebPage\",\"@id\":\"https:\\\/\\\/www.boxrepsol.com\\\/es\\\/motogp\\\/primera-linea-de-la-parrilla-para-marc-marquez-en-sepang\\\/\",\"url\":\"https:\\\/\\\/www.boxrepsol.com\\\/es\\\/motogp\\\/primera-linea-de-la-parrilla-para-marc-marquez-en-sepang\\\/\",\"name\":\"Primera l\u00ednea de la parrilla para Marc M\u00e1rquez en Sepang - Box Repsol\",\"isPartOf\":{\"@id\":\"https:\\\/\\\/www.boxrepsol.com\\\/es\\\/#website\"},\"primaryImageOfPage\":{\"@id\":\"https:\\\/\\\/www.boxrepsol.com\\\/es\\\/motogp\\\/primera-linea-de-la-parrilla-para-marc-marquez-en-sepang\\\/#primaryimage\"},\"image\":{\"@id\":\"https:\\\/\\\/www.boxrepsol.com\\\/es\\\/motogp\\\/primera-linea-de-la-parrilla-para-marc-marquez-en-sepang\\\/#primaryimage\"},\"thumbnailUrl\":\"https:\\\/\\\/bxrepsol.s3.eu-west-1.amazonaws.com\\\/static\\\/2022\\\/11\\\/07082823\\\/https___repsolmedia.com_repsolmedia_wp-content_uploads_2022_10_JRB3306-scaled-1.jpg\",\"datePublished\":\"2022-10-22T02:00:00+00:00\",\"dateModified\":\"2024-04-08T10:57:14+00:00\",\"description\":\"Primera l\u00ednea de la parrilla para Marc M\u00e1rquez en Sepang. Sigue de cerca la emocionante clasificaci\u00f3n y las expectativas del piloto espa\u00f1ol.\",\"breadcrumb\":{\"@id\":\"https:\\\/\\\/www.boxrepsol.com\\\/es\\\/motogp\\\/primera-linea-de-la-parrilla-para-marc-marquez-en-sepang\\\/#breadcrumb\"},\"inLanguage\":\"es\",\"potentialAction\":[{\"@type\":\"ReadAction\",\"target\":[\"https:\\\/\\\/www.boxrepsol.com\\\/es\\\/motogp\\\/primera-linea-de-la-parrilla-para-marc-marquez-en-sepang\\\/\"]}]},{\"@type\":\"ImageObject\",\"inLanguage\":\"es\",\"@id\":\"https:\\\/\\\/www.boxrepsol.com\\\/es\\\/motogp\\\/primera-linea-de-la-parrilla-para-marc-marquez-en-sepang\\\/#primaryimage\",\"url\":\"https:\\\/\\\/bxrepsol.s3.eu-west-1.amazonaws.com\\\/static\\\/2022\\\/11\\\/07082823\\\/https___repsolmedia.com_repsolmedia_wp-content_uploads_2022_10_JRB3306-scaled-1.jpg\",\"contentUrl\":\"https:\\\/\\\/bxrepsol.s3.eu-west-1.amazonaws.com\\\/static\\\/2022\\\/11\\\/07082823\\\/https___repsolmedia.com_repsolmedia_wp-content_uploads_2022_10_JRB3306-scaled-1.jpg\",\"width\":2560,\"height\":1200},{\"@type\":\"BreadcrumbList\",\"@id\":\"https:\\\/\\\/www.boxrepsol.com\\\/es\\\/motogp\\\/primera-linea-de-la-parrilla-para-marc-marquez-en-sepang\\\/#breadcrumb\",\"itemListElement\":[{\"@type\":\"ListItem\",\"position\":1,\"name\":\"Home\",\"item\":\"https:\\\/\\\/www.boxrepsol.com\\\/es\\\/\"},{\"@type\":\"ListItem\",\"position\":2,\"name\":\"Primera l\u00ednea de la parrilla para Marc M\u00e1rquez en Sepang\"}]},{\"@type\":\"WebSite\",\"@id\":\"https:\\\/\\\/www.boxrepsol.com\\\/es\\\/#website\",\"url\":\"https:\\\/\\\/www.boxrepsol.com\\\/es\\\/\",\"name\":\"Box Repsol\",\"description\":\"Box Repsol Site\",\"publisher\":{\"@id\":\"https:\\\/\\\/www.boxrepsol.com\\\/es\\\/#organization\"},\"potentialAction\":[{\"@type\":\"SearchAction\",\"target\":{\"@type\":\"EntryPoint\",\"urlTemplate\":\"https:\\\/\\\/www.boxrepsol.com\\\/es\\\/?s={search_term_string}\"},\"query-input\":{\"@type\":\"PropertyValueSpecification\",\"valueRequired\":true,\"valueName\":\"search_term_string\"}}],\"inLanguage\":\"es\"},{\"@type\":\"Organization\",\"@id\":\"https:\\\/\\\/www.boxrepsol.com\\\/es\\\/#organization\",\"name\":\"Box Repsol\",\"url\":\"https:\\\/\\\/www.boxrepsol.com\\\/es\\\/\",\"logo\":{\"@type\":\"ImageObject\",\"inLanguage\":\"es\",\"@id\":\"https:\\\/\\\/www.boxrepsol.com\\\/es\\\/#\\\/schema\\\/logo\\\/image\\\/\",\"url\":\"https:\\\/\\\/bxrepsol.s3.eu-west-1.amazonaws.com\\\/static\\\/2025\\\/07\\\/30083337\\\/favicon-96x96-1.png\",\"contentUrl\":\"https:\\\/\\\/bxrepsol.s3.eu-west-1.amazonaws.com\\\/static\\\/2025\\\/07\\\/30083337\\\/favicon-96x96-1.png\",\"width\":96,\"height\":96,\"caption\":\"Box Repsol\"},\"image\":{\"@id\":\"https:\\\/\\\/www.boxrepsol.com\\\/es\\\/#\\\/schema\\\/logo\\\/image\\\/\"},\"sameAs\":[\"https:\\\/\\\/www.facebook.com\\\/BoxRepsol\",\"https:\\\/\\\/x.com\\\/box_repsol\",\"http:\\\/\\\/instagram.com\\\/box_repsol\",\"https:\\\/\\\/www.youtube.com\\\/user\\\/RepsolCompeticion\",\"https:\\\/\\\/www.flickr.com\\\/photos\\\/box_repsol\\\/\"]},{\"@type\":\"Person\",\"@id\":\"https:\\\/\\\/www.boxrepsol.com\\\/es\\\/#\\\/schema\\\/person\\\/c5c2138f2cca251b0ad92b7086bb60b7\",\"name\":\"Redacci\u00f3n Box Repsol\",\"image\":{\"@type\":\"ImageObject\",\"inLanguage\":\"es\",\"@id\":\"https:\\\/\\\/secure.gravatar.com\\\/avatar\\\/adf7b77e38b4419baf32c7e9c21dde01f4e40df611f0978e3006fc4ba0aaab7e?s=96&d=mm&r=g\",\"url\":\"https:\\\/\\\/secure.gravatar.com\\\/avatar\\\/adf7b77e38b4419baf32c7e9c21dde01f4e40df611f0978e3006fc4ba0aaab7e?s=96&d=mm&r=g\",\"contentUrl\":\"https:\\\/\\\/secure.gravatar.com\\\/avatar\\\/adf7b77e38b4419baf32c7e9c21dde01f4e40df611f0978e3006fc4ba0aaab7e?s=96&d=mm&r=g\",\"caption\":\"Redacci\u00f3n Box Repsol\"},\"description\":\"Box Repsol lo forma un equipo de periodistas, community managers, dise\u00f1adores y fot\u00f3grafos con m\u00e1s de 20 a\u00f1os de experiencia en el mundo del motorsport. Hemos vivido el primer mundial de un espa\u00f1ol en la categor\u00eda reina de motociclismo con \u00c1lex Crivill\u00e9, estuvimos en las victorias de Pedrosa y los t\u00edtulos de M\u00e1rquez, acompa\u00f1amos en \u00c1frica a Nani Roma y Marc Coma en sus conquistas del Dakar y hemos vibrado con los t\u00edtulos de Toni Bou en Trial. Adem\u00e1s, en nuestro equipo contamos con expertos en el mundo de las dos y cuatro ruedas tanto de la calle y las carreteras, como de los circuitos. Periodistas que han trabajado en revistas y publicaciones para hacerte llegar desde rutas y consejos de mantenimiento, a curiosidades y trucos de pilotaje.\",\"sameAs\":[\"https:\\\/\\\/www.facebook.com\\\/BoxRepsol\\\/\",\"https:\\\/\\\/www.instagram.com\\\/box_repsol\\\/\",\"https:\\\/\\\/x.com\\\/https:\\\/\\\/twitter.com\\\/box_repsol\",\"https:\\\/\\\/www.youtube.com\\\/@Boxrepsol\"],\"url\":\"https:\\\/\\\/www.boxrepsol.com\\\/es\\\/author\\\/redaccion-box-repsol\\\/\"}]}<\/script>\n<!-- \/ Yoast SEO plugin. -->","yoast_head_json":{"title":"Primera l\u00ednea de la parrilla para Marc M\u00e1rquez en Sepang - Box Repsol","description":"Primera l\u00ednea de la parrilla para Marc M\u00e1rquez en Sepang. Sigue de cerca la emocionante clasificaci\u00f3n y las expectativas del piloto espa\u00f1ol.","canonical":"https:\/\/www.boxrepsol.com\/es\/motogp\/primera-linea-de-la-parrilla-para-marc-marquez-en-sepang\/","og_locale":"es_ES","og_type":"article","og_title":"Primera l\u00ednea de la parrilla para Marc M\u00e1rquez en Sepang - Box Repsol","og_description":"Primera l\u00ednea de la parrilla para Marc M\u00e1rquez en Sepang. Sigue de cerca la emocionante clasificaci\u00f3n y las expectativas del piloto espa\u00f1ol.","og_url":"https:\/\/www.boxrepsol.com\/es\/motogp\/primera-linea-de-la-parrilla-para-marc-marquez-en-sepang\/","og_site_name":"Box Repsol","article_publisher":"https:\/\/www.facebook.com\/BoxRepsol","article_author":"https:\/\/www.facebook.com\/BoxRepsol\/","article_published_time":"2022-10-22T02:00:00+00:00","article_modified_time":"2024-04-08T10:57:14+00:00","og_image":[{"width":2560,"height":1200,"url":"https:\/\/bxrepsol.s3.eu-west-1.amazonaws.com\/static\/2022\/11\/07082823\/https___repsolmedia.com_repsolmedia_wp-content_uploads_2022_10_JRB3306-scaled-1.jpg","type":"image\/jpeg"}],"author":"Redacci\u00f3n Box Repsol","twitter_card":"summary_large_image","twitter_creator":"@https:\/\/twitter.com\/box_repsol","twitter_site":"@box_repsol","twitter_misc":{"Written by":"Redacci\u00f3n Box Repsol","Est. reading time":"2 minutos"},"schema":{"@context":"https:\/\/schema.org","@graph":[{"@type":"Article","@id":"https:\/\/www.boxrepsol.com\/es\/motogp\/primera-linea-de-la-parrilla-para-marc-marquez-en-sepang\/#article","isPartOf":{"@id":"https:\/\/www.boxrepsol.com\/es\/motogp\/primera-linea-de-la-parrilla-para-marc-marquez-en-sepang\/"},"author":{"name":"Redacci\u00f3n Box Repsol","@id":"https:\/\/www.boxrepsol.com\/es\/#\/schema\/person\/c5c2138f2cca251b0ad92b7086bb60b7"},"headline":"Primera l\u00ednea de la parrilla para Marc M\u00e1rquez en Sepang","datePublished":"2022-10-22T02:00:00+00:00","dateModified":"2024-04-08T10:57:14+00:00","mainEntityOfPage":{"@id":"https:\/\/www.boxrepsol.com\/es\/motogp\/primera-linea-de-la-parrilla-para-marc-marquez-en-sepang\/"},"wordCount":390,"commentCount":0,"publisher":{"@id":"https:\/\/www.boxrepsol.com\/es\/#organization"},"image":{"@id":"https:\/\/www.boxrepsol.com\/es\/motogp\/primera-linea-de-la-parrilla-para-marc-marquez-en-sepang\/#primaryimage"},"thumbnailUrl":"https:\/\/bxrepsol.s3.eu-west-1.amazonaws.com\/static\/2022\/11\/07082823\/https___repsolmedia.com_repsolmedia_wp-content_uploads_2022_10_JRB3306-scaled-1.jpg","keywords":["2022","Marc M\u00e1rquez","MotoGP Malasia","Pol Espargar\u00f3"],"articleSection":["MotoGP"],"inLanguage":"es","potentialAction":[{"@type":"CommentAction","name":"Comment","target":["https:\/\/www.boxrepsol.com\/es\/motogp\/primera-linea-de-la-parrilla-para-marc-marquez-en-sepang\/#respond"]}]},{"@type":"WebPage","@id":"https:\/\/www.boxrepsol.com\/es\/motogp\/primera-linea-de-la-parrilla-para-marc-marquez-en-sepang\/","url":"https:\/\/www.boxrepsol.com\/es\/motogp\/primera-linea-de-la-parrilla-para-marc-marquez-en-sepang\/","name":"Primera l\u00ednea de la parrilla para Marc M\u00e1rquez en Sepang - Box Repsol","isPartOf":{"@id":"https:\/\/www.boxrepsol.com\/es\/#website"},"primaryImageOfPage":{"@id":"https:\/\/www.boxrepsol.com\/es\/motogp\/primera-linea-de-la-parrilla-para-marc-marquez-en-sepang\/#primaryimage"},"image":{"@id":"https:\/\/www.boxrepsol.com\/es\/motogp\/primera-linea-de-la-parrilla-para-marc-marquez-en-sepang\/#primaryimage"},"thumbnailUrl":"https:\/\/bxrepsol.s3.eu-west-1.amazonaws.com\/static\/2022\/11\/07082823\/https___repsolmedia.com_repsolmedia_wp-content_uploads_2022_10_JRB3306-scaled-1.jpg","datePublished":"2022-10-22T02:00:00+00:00","dateModified":"2024-04-08T10:57:14+00:00","description":"Primera l\u00ednea de la parrilla para Marc M\u00e1rquez en Sepang. Sigue de cerca la emocionante clasificaci\u00f3n y las expectativas del piloto espa\u00f1ol.","breadcrumb":{"@id":"https:\/\/www.boxrepsol.com\/es\/motogp\/primera-linea-de-la-parrilla-para-marc-marquez-en-sepang\/#breadcrumb"},"inLanguage":"es","potentialAction":[{"@type":"ReadAction","target":["https:\/\/www.boxrepsol.com\/es\/motogp\/primera-linea-de-la-parrilla-para-marc-marquez-en-sepang\/"]}]},{"@type":"ImageObject","inLanguage":"es","@id":"https:\/\/www.boxrepsol.com\/es\/motogp\/primera-linea-de-la-parrilla-para-marc-marquez-en-sepang\/#primaryimage","url":"https:\/\/bxrepsol.s3.eu-west-1.amazonaws.com\/static\/2022\/11\/07082823\/https___repsolmedia.com_repsolmedia_wp-content_uploads_2022_10_JRB3306-scaled-1.jpg","contentUrl":"https:\/\/bxrepsol.s3.eu-west-1.amazonaws.com\/static\/2022\/11\/07082823\/https___repsolmedia.com_repsolmedia_wp-content_uploads_2022_10_JRB3306-scaled-1.jpg","width":2560,"height":1200},{"@type":"BreadcrumbList","@id":"https:\/\/www.boxrepsol.com\/es\/motogp\/primera-linea-de-la-parrilla-para-marc-marquez-en-sepang\/#breadcrumb","itemListElement":[{"@type":"ListItem","position":1,"name":"Home","item":"https:\/\/www.boxrepsol.com\/es\/"},{"@type":"ListItem","position":2,"name":"Primera l\u00ednea de la parrilla para Marc M\u00e1rquez en Sepang"}]},{"@type":"WebSite","@id":"https:\/\/www.boxrepsol.com\/es\/#website","url":"https:\/\/www.boxrepsol.com\/es\/","name":"Box Repsol","description":"Box Repsol Site","publisher":{"@id":"https:\/\/www.boxrepsol.com\/es\/#organization"},"potentialAction":[{"@type":"SearchAction","target":{"@type":"EntryPoint","urlTemplate":"https:\/\/www.boxrepsol.com\/es\/?s={search_term_string}"},"query-input":{"@type":"PropertyValueSpecification","valueRequired":true,"valueName":"search_term_string"}}],"inLanguage":"es"},{"@type":"Organization","@id":"https:\/\/www.boxrepsol.com\/es\/#organization","name":"Box Repsol","url":"https:\/\/www.boxrepsol.com\/es\/","logo":{"@type":"ImageObject","inLanguage":"es","@id":"https:\/\/www.boxrepsol.com\/es\/#\/schema\/logo\/image\/","url":"https:\/\/bxrepsol.s3.eu-west-1.amazonaws.com\/static\/2025\/07\/30083337\/favicon-96x96-1.png","contentUrl":"https:\/\/bxrepsol.s3.eu-west-1.amazonaws.com\/static\/2025\/07\/30083337\/favicon-96x96-1.png","width":96,"height":96,"caption":"Box Repsol"},"image":{"@id":"https:\/\/www.boxrepsol.com\/es\/#\/schema\/logo\/image\/"},"sameAs":["https:\/\/www.facebook.com\/BoxRepsol","https:\/\/x.com\/box_repsol","http:\/\/instagram.com\/box_repsol","https:\/\/www.youtube.com\/user\/RepsolCompeticion","https:\/\/www.flickr.com\/photos\/box_repsol\/"]},{"@type":"Person","@id":"https:\/\/www.boxrepsol.com\/es\/#\/schema\/person\/c5c2138f2cca251b0ad92b7086bb60b7","name":"Redacci\u00f3n Box Repsol","image":{"@type":"ImageObject","inLanguage":"es","@id":"https:\/\/secure.gravatar.com\/avatar\/adf7b77e38b4419baf32c7e9c21dde01f4e40df611f0978e3006fc4ba0aaab7e?s=96&d=mm&r=g","url":"https:\/\/secure.gravatar.com\/avatar\/adf7b77e38b4419baf32c7e9c21dde01f4e40df611f0978e3006fc4ba0aaab7e?s=96&d=mm&r=g","contentUrl":"https:\/\/secure.gravatar.com\/avatar\/adf7b77e38b4419baf32c7e9c21dde01f4e40df611f0978e3006fc4ba0aaab7e?s=96&d=mm&r=g","caption":"Redacci\u00f3n Box Repsol"},"description":"Box Repsol lo forma un equipo de periodistas, community managers, dise\u00f1adores y fot\u00f3grafos con m\u00e1s de 20 a\u00f1os de experiencia en el mundo del motorsport. Hemos vivido el primer mundial de un espa\u00f1ol en la categor\u00eda reina de motociclismo con \u00c1lex Crivill\u00e9, estuvimos en las victorias de Pedrosa y los t\u00edtulos de M\u00e1rquez, acompa\u00f1amos en \u00c1frica a Nani Roma y Marc Coma en sus conquistas del Dakar y hemos vibrado con los t\u00edtulos de Toni Bou en Trial. Adem\u00e1s, en nuestro equipo contamos con expertos en el mundo de las dos y cuatro ruedas tanto de la calle y las carreteras, como de los circuitos. Periodistas que han trabajado en revistas y publicaciones para hacerte llegar desde rutas y consejos de mantenimiento, a curiosidades y trucos de pilotaje.","sameAs":["https:\/\/www.facebook.com\/BoxRepsol\/","https:\/\/www.instagram.com\/box_repsol\/","https:\/\/x.com\/https:\/\/twitter.com\/box_repsol","https:\/\/www.youtube.com\/@Boxrepsol"],"url":"https:\/\/www.boxrepsol.com\/es\/author\/redaccion-box-repsol\/"}]}},"_links":{"self":[{"href":"https:\/\/www.boxrepsol.com\/es\/wp-json\/wp\/v2\/posts\/95570","targetHints":{"allow":["GET"]}}],"collection":[{"href":"https:\/\/www.boxrepsol.com\/es\/wp-json\/wp\/v2\/posts"}],"about":[{"href":"https:\/\/www.boxrepsol.com\/es\/wp-json\/wp\/v2\/types\/post"}],"author":[{"embeddable":true,"href":"https:\/\/www.boxrepsol.com\/es\/wp-json\/wp\/v2\/users\/43146"}],"replies":[{"embeddable":true,"href":"https:\/\/www.boxrepsol.com\/es\/wp-json\/wp\/v2\/comments?post=95570"}],"version-history":[{"count":2,"href":"https:\/\/www.boxrepsol.com\/es\/wp-json\/wp\/v2\/posts\/95570\/revisions"}],"predecessor-version":[{"id":109493,"href":"https:\/\/www.boxrepsol.com\/es\/wp-json\/wp\/v2\/posts\/95570\/revisions\/109493"}],"wp:featuredmedia":[{"embeddable":true,"href":"https:\/\/www.boxrepsol.com\/es\/wp-json\/wp\/v2\/media\/75946"}],"wp:attachment":[{"href":"https:\/\/www.boxrepsol.com\/es\/wp-json\/wp\/v2\/media?parent=95570"}],"wp:term":[{"taxonomy":"category","embeddable":true,"href":"https:\/\/www.boxrepsol.com\/es\/wp-json\/wp\/v2\/categories?post=95570"},{"taxonomy":"post_tag","embeddable":true,"href":"https:\/\/www.boxrepsol.com\/es\/wp-json\/wp\/v2\/tags?post=95570"}],"curies":[{"name":"wp","href":"https:\/\/api.w.org\/{rel}","templated":true}]}}