{"id":95568,"date":"2022-10-21T00:00:00","date_gmt":"2022-10-21T02:00:00","guid":{"rendered":"http:\/\/pre.boxrepsol.com\/sin-categorizar\/marc-marquez-de-nuevo-entre-los-mas-rapidos\/"},"modified":"2024-04-08T08:57:34","modified_gmt":"2024-04-08T10:57:34","slug":"marc-marquez-de-nuevo-entre-los-mas-rapidos","status":"publish","type":"post","link":"https:\/\/www.boxrepsol.com\/es\/motogp\/marc-marquez-de-nuevo-entre-los-mas-rapidos\/","title":{"rendered":"Marc M\u00e1rquez, de nuevo entre los m\u00e1s r\u00e1pidos"},"content":{"rendered":"<p>Primera jornada en condiciones mixtas para los pilotos de MotoGP en el <strong>Circuito Internacional de Sepang, Malasia.<\/strong> El primer entrenamiento del d\u00eda ha sido en seco y los tiempos registrados de esta sesi\u00f3n han sido los m\u00e1s r\u00e1pidos en la tabla combinada de tiempos de la jornada, porque por la tarde la aparici\u00f3n de una intensa lluvia ha ralentizado los tiempos durante la segunda sesi\u00f3n de entrenamientos libres de la categor\u00eda.<u><\/u><u><\/u><\/p>\n<p>Con un mejor registro de 1 minuto, 59 segundos y 623 mil\u00e9simas, <strong>Marc M\u00e1rquez<\/strong> se ha situado provisionalmente en la Q2 de ma\u00f1ana, a la espera de c\u00f3mo desarrollen los entrenamientos matinales del s\u00e1bado. El piloto del equipo Repsol Honda ha realizado una buena primera sesi\u00f3n de entrenamientos libres que le ha valido para asegurarse el tercer mejor tiempo de la jornada.<u><\/u><u><\/u><\/p>\n<p><strong>Pol Espargar\u00f3<\/strong> ha sido decimosexto en la primera sesi\u00f3n libre, con un mejor registro de 2 minutos, 1 segundo y 200 mil\u00e9simas, tiempo que no le ha valido para asegurarse provisionalmente su pase directo a la Q2. Lastrado por la lluvia de la tarde que le ha impedido mejorar sus tiempos, Espargar\u00f3 tendr\u00e1 ma\u00f1ana una \u00faltima oportunidad, en la tercera sesi\u00f3n de entrenamientos libres del Gran Premio de Malasia, de mejorar sus registros y evitar pasar por la Q1.<\/p>\n<p><a href=\"https:\/\/bxrepsol.s3.eu-west-1.amazonaws.com\/static\/2022\/11\/07082719\/https___repsolmedia.com_repsolmedia_wp-content_uploads_2022_10_JRB4662-scaled-1.jpg\" data-index=\"0\"><br \/>\n<img decoding=\"async\" src=\"https:\/\/bxrepsol.s3.eu-west-1.amazonaws.com\/static\/2022\/11\/07082719\/https___repsolmedia.com_repsolmedia_wp-content_uploads_2022_10_JRB4662-scaled-1.jpg\" srcset=\"https:\/\/bxrepsol.s3.eu-west-1.amazonaws.com\/static\/2022\/11\/07082719\/https___repsolmedia.com_repsolmedia_wp-content_uploads_2022_10_JRB4662-scaled-1.jpg 2560w, https:\/\/bxrepsol.s3.eu-west-1.amazonaws.com\/static\/2022\/11\/07082719\/https___repsolmedia.com_repsolmedia_wp-content_uploads_2022_10_JRB4662-scaled-1.jpg 1280w, https:\/\/bxrepsol.s3.eu-west-1.amazonaws.com\/static\/2022\/11\/07082719\/https___repsolmedia.com_repsolmedia_wp-content_uploads_2022_10_JRB4662-scaled-1.jpg 900w, https:\/\/bxrepsol.s3.eu-west-1.amazonaws.com\/static\/2022\/11\/07082719\/https___repsolmedia.com_repsolmedia_wp-content_uploads_2022_10_JRB4662-scaled-1.jpg 600w, https:\/\/bxrepsol.s3.eu-west-1.amazonaws.com\/static\/2022\/11\/07082719\/https___repsolmedia.com_repsolmedia_wp-content_uploads_2022_10_JRB4662-scaled-1.jpg 480w, https:\/\/bxrepsol.s3.eu-west-1.amazonaws.com\/static\/2022\/11\/07082719\/https___repsolmedia.com_repsolmedia_wp-content_uploads_2022_10_JRB4662-scaled-1.jpg 32w\" title=\"https___repsolmedia.com_repsolmedia_wp-content_uploads_2022_10_JRB4662-scaled\" alt=\"\" data-title=\"\"><br \/>\n<\/a><br \/>\n<a href=\"https:\/\/bxrepsol.s3.eu-west-1.amazonaws.com\/static\/2022\/11\/07082723\/https___repsolmedia.com_repsolmedia_wp-content_uploads_2022_10_JRB4407-scaled-1.jpg\" data-index=\"1\"><br \/>\n<img decoding=\"async\" src=\"https:\/\/bxrepsol.s3.eu-west-1.amazonaws.com\/static\/2022\/11\/07082723\/https___repsolmedia.com_repsolmedia_wp-content_uploads_2022_10_JRB4407-scaled-1.jpg\" srcset=\"https:\/\/bxrepsol.s3.eu-west-1.amazonaws.com\/static\/2022\/11\/07082723\/https___repsolmedia.com_repsolmedia_wp-content_uploads_2022_10_JRB4407-scaled-1.jpg 2560w, https:\/\/bxrepsol.s3.eu-west-1.amazonaws.com\/static\/2022\/11\/07082723\/https___repsolmedia.com_repsolmedia_wp-content_uploads_2022_10_JRB4407-scaled-1.jpg 1280w, https:\/\/bxrepsol.s3.eu-west-1.amazonaws.com\/static\/2022\/11\/07082723\/https___repsolmedia.com_repsolmedia_wp-content_uploads_2022_10_JRB4407-scaled-1.jpg 900w, https:\/\/bxrepsol.s3.eu-west-1.amazonaws.com\/static\/2022\/11\/07082723\/https___repsolmedia.com_repsolmedia_wp-content_uploads_2022_10_JRB4407-scaled-1.jpg 600w, https:\/\/bxrepsol.s3.eu-west-1.amazonaws.com\/static\/2022\/11\/07082723\/https___repsolmedia.com_repsolmedia_wp-content_uploads_2022_10_JRB4407-scaled-1.jpg 480w, https:\/\/bxrepsol.s3.eu-west-1.amazonaws.com\/static\/2022\/11\/07082723\/https___repsolmedia.com_repsolmedia_wp-content_uploads_2022_10_JRB4407-scaled-1.jpg 32w\" title=\"https___repsolmedia.com_repsolmedia_wp-content_uploads_2022_10_JRB4407-scaled\" alt=\"\" data-title=\"\"><br \/>\n<\/a><br \/>\n<a href=\"https:\/\/bxrepsol.s3.eu-west-1.amazonaws.com\/static\/2022\/11\/07082727\/https___repsolmedia.com_repsolmedia_wp-content_uploads_2022_10_JRB6009-scaled-1.jpg\" data-index=\"2\"><br \/>\n<img decoding=\"async\" src=\"https:\/\/bxrepsol.s3.eu-west-1.amazonaws.com\/static\/2022\/11\/07082727\/https___repsolmedia.com_repsolmedia_wp-content_uploads_2022_10_JRB6009-scaled-1.jpg\" srcset=\"https:\/\/bxrepsol.s3.eu-west-1.amazonaws.com\/static\/2022\/11\/07082727\/https___repsolmedia.com_repsolmedia_wp-content_uploads_2022_10_JRB6009-scaled-1.jpg 2560w, https:\/\/bxrepsol.s3.eu-west-1.amazonaws.com\/static\/2022\/11\/07082727\/https___repsolmedia.com_repsolmedia_wp-content_uploads_2022_10_JRB6009-scaled-1.jpg 1280w, https:\/\/bxrepsol.s3.eu-west-1.amazonaws.com\/static\/2022\/11\/07082727\/https___repsolmedia.com_repsolmedia_wp-content_uploads_2022_10_JRB6009-scaled-1.jpg 900w, https:\/\/bxrepsol.s3.eu-west-1.amazonaws.com\/static\/2022\/11\/07082727\/https___repsolmedia.com_repsolmedia_wp-content_uploads_2022_10_JRB6009-scaled-1.jpg 600w, https:\/\/bxrepsol.s3.eu-west-1.amazonaws.com\/static\/2022\/11\/07082727\/https___repsolmedia.com_repsolmedia_wp-content_uploads_2022_10_JRB6009-scaled-1.jpg 480w, https:\/\/bxrepsol.s3.eu-west-1.amazonaws.com\/static\/2022\/11\/07082727\/https___repsolmedia.com_repsolmedia_wp-content_uploads_2022_10_JRB6009-scaled-1.jpg 32w\" title=\"https___repsolmedia.com_repsolmedia_wp-content_uploads_2022_10_JRB6009-scaled\" alt=\"\" data-title=\"\"><br \/>\n<\/a><br \/>\n<a href=\"https:\/\/bxrepsol.s3.eu-west-1.amazonaws.com\/static\/2022\/11\/07082731\/https___repsolmedia.com_repsolmedia_wp-content_uploads_2022_10_JRB2703-1-scaled-1.jpg\" data-index=\"3\"><br \/>\n<img decoding=\"async\" src=\"https:\/\/bxrepsol.s3.eu-west-1.amazonaws.com\/static\/2022\/11\/07082731\/https___repsolmedia.com_repsolmedia_wp-content_uploads_2022_10_JRB2703-1-scaled-1.jpg\" srcset=\"https:\/\/bxrepsol.s3.eu-west-1.amazonaws.com\/static\/2022\/11\/07082731\/https___repsolmedia.com_repsolmedia_wp-content_uploads_2022_10_JRB2703-1-scaled-1.jpg 2560w, https:\/\/bxrepsol.s3.eu-west-1.amazonaws.com\/static\/2022\/11\/07082731\/https___repsolmedia.com_repsolmedia_wp-content_uploads_2022_10_JRB2703-1-scaled-1.jpg 1280w, https:\/\/bxrepsol.s3.eu-west-1.amazonaws.com\/static\/2022\/11\/07082731\/https___repsolmedia.com_repsolmedia_wp-content_uploads_2022_10_JRB2703-1-scaled-1.jpg 900w, https:\/\/bxrepsol.s3.eu-west-1.amazonaws.com\/static\/2022\/11\/07082731\/https___repsolmedia.com_repsolmedia_wp-content_uploads_2022_10_JRB2703-1-scaled-1.jpg 600w, https:\/\/bxrepsol.s3.eu-west-1.amazonaws.com\/static\/2022\/11\/07082731\/https___repsolmedia.com_repsolmedia_wp-content_uploads_2022_10_JRB2703-1-scaled-1.jpg 480w, https:\/\/bxrepsol.s3.eu-west-1.amazonaws.com\/static\/2022\/11\/07082731\/https___repsolmedia.com_repsolmedia_wp-content_uploads_2022_10_JRB2703-1-scaled-1.jpg 32w\" title=\"https___repsolmedia.com_repsolmedia_wp-content_uploads_2022_10_JRB2703-1-scaled\" alt=\"\" data-title=\"\"><br \/>\n<\/a><br \/>\n<a href=\"https:\/\/bxrepsol.s3.eu-west-1.amazonaws.com\/static\/2022\/11\/07082734\/https___repsolmedia.com_repsolmedia_wp-content_uploads_2022_10_JRB3510-scaled-1.jpg\" data-index=\"4\"><br \/>\n<img decoding=\"async\" src=\"https:\/\/bxrepsol.s3.eu-west-1.amazonaws.com\/static\/2022\/11\/07082734\/https___repsolmedia.com_repsolmedia_wp-content_uploads_2022_10_JRB3510-scaled-1.jpg\" srcset=\"https:\/\/bxrepsol.s3.eu-west-1.amazonaws.com\/static\/2022\/11\/07082734\/https___repsolmedia.com_repsolmedia_wp-content_uploads_2022_10_JRB3510-scaled-1.jpg 2560w, https:\/\/bxrepsol.s3.eu-west-1.amazonaws.com\/static\/2022\/11\/07082734\/https___repsolmedia.com_repsolmedia_wp-content_uploads_2022_10_JRB3510-scaled-1.jpg 1280w, https:\/\/bxrepsol.s3.eu-west-1.amazonaws.com\/static\/2022\/11\/07082734\/https___repsolmedia.com_repsolmedia_wp-content_uploads_2022_10_JRB3510-scaled-1.jpg 900w, https:\/\/bxrepsol.s3.eu-west-1.amazonaws.com\/static\/2022\/11\/07082734\/https___repsolmedia.com_repsolmedia_wp-content_uploads_2022_10_JRB3510-scaled-1.jpg 600w, https:\/\/bxrepsol.s3.eu-west-1.amazonaws.com\/static\/2022\/11\/07082734\/https___repsolmedia.com_repsolmedia_wp-content_uploads_2022_10_JRB3510-scaled-1.jpg 480w, https:\/\/bxrepsol.s3.eu-west-1.amazonaws.com\/static\/2022\/11\/07082734\/https___repsolmedia.com_repsolmedia_wp-content_uploads_2022_10_JRB3510-scaled-1.jpg 32w\" title=\"https___repsolmedia.com_repsolmedia_wp-content_uploads_2022_10_JRB3510-scaled\" alt=\"\" data-title=\"\"><br \/>\n<\/a><br \/>\n<button data-glide-dir=\"<\"><br \/>\n<svg role=\"img\" viewBox=\"0 0 256 512\">\n                <path fill=\"currentColor\" d=\"M238.475 475.535l7.071-7.07c4.686-4.686 4.686-12.284 0-16.971L50.053 256 245.546 60.506c4.686-4.686 4.686-12.284 0-16.971l-7.071-7.07c-4.686-4.686-12.284-4.686-16.97 0L10.454 247.515c-4.686 4.686-4.686 12.284 0 16.971l211.051 211.05c4.686 4.686 12.284 4.686 16.97-.001z\"><\/path>\n            <\/svg><br \/>\n<\/button><br \/>\n<button data-glide-dir=\">\u00ab><br \/>\n<svg role=\"img\" viewBox=\"0 0 256 512\">\n                <path fill=\"currentColor\" d=\"M17.525 36.465l-7.071 7.07c-4.686 4.686-4.686 12.284 0 16.971L205.947 256 10.454 451.494c-4.686 4.686-4.686 12.284 0 16.971l7.071 7.07c4.686 4.686 12.284 4.686 16.97 0l211.051-211.05c4.686-4.686 4.686-12.284 0-16.971L34.495 36.465c-4.686-4.687-12.284-4.687-16.97 0z\"><\/path>\n            <\/svg><br \/>\n<\/button><\/p>\n<p><strong>Declaraciones de los pilotos<\/strong><\/p>\n<p><a href=\"https:\/\/twitter.com\/hashtag\/MM93?src=hashtag_click\">#MM93<\/a><\/p>\n<p>\u00abHoy he podido terminar entre los tres primeros y en gran parte se debe a la estrategia que hemos utilizado. He usado el neum\u00e1tico blando directamente en la FP1 porque s\u00e9 que estar entre los diez primeros desde el inicio es muy importante aqu\u00ed. Pero sinceramente, nuestras sensaciones no son las mejores y todav\u00eda hay cosas que mejorar para sentirnos m\u00e1s c\u00f3modos en la pista. Hemos dado un peque\u00f1o paso adelante en la FP2 en mi segunda salida a pista, as\u00ed que el objetivo es seguir as\u00ed ma\u00f1ana. Contento de estar entre los tres primeros, pero hay trabajo que hacer\u00bb.<\/p>\n<p><a href=\"https:\/\/twitter.com\/hashtag\/POL44?src=hashtag_click\">#POL44<\/a><\/p>\n<p>\u00abHoy no hemos tenido un gran d\u00eda. Hemos recibido una penalizaci\u00f3n en los entrenamientos libres 1 y es una pena; he ido a explicar la situaci\u00f3n a Direcci\u00f3n de Carrera pero a pesar de eso, la seguimos teniendo. Es una pena porque a\u00f1ade una complicaci\u00f3n extra al fin de semana. De todos modos, hemos mejorado en los entrenamientos libres 1 mientras mucha gente utilizaba el neum\u00e1tico blando. Luego, por la tarde, hemos aprendido todo lo que hemos podido, pero hacia el final de la sesi\u00f3n la pista estaba muy caliente y no hab\u00eda mucho m\u00e1s que hacer. Volveremos a salir ma\u00f1ana\u00bb.<\/p>\n","protected":false},"excerpt":{"rendered":"<p>El piloto del equipo Repsol Honda ha registrado el tercer mejor tiempo del d\u00eda en Malasia. Pol Espargar\u00f3 ha sido decimosexto.<\/p>\n","protected":false},"author":43146,"featured_media":75922,"comment_status":"open","ping_status":"open","sticky":false,"template":"","format":"standard","meta":{"footnotes":""},"categories":[4],"tags":[120,6,138,128],"class_list":["post-95568","post","type-post","status-publish","format-standard","hentry","category-motogp","tag-120","tag-marc-marquez","tag-motogp-malasia","tag-pol-espargaro"],"yoast_head":"<!-- This site is optimized with the Yoast SEO plugin v27.3 - https:\/\/yoast.com\/product\/yoast-seo-wordpress\/ -->\n<title>Marc M\u00e1rquez, de nuevo entre los m\u00e1s r\u00e1pidos - Box Repsol<\/title>\n<meta name=\"description\" content=\"Marc M\u00e1rquez de nuevo entre los m\u00e1s r\u00e1pidos. Descubre el rendimiento del piloto espa\u00f1ol en la b\u00fasqueda de la excelencia en MotoGP.\" \/>\n<link rel=\"canonical\" href=\"https:\/\/www.boxrepsol.com\/es\/motogp\/marc-marquez-de-nuevo-entre-los-mas-rapidos\/\" \/>\n<meta property=\"og:locale\" content=\"es_ES\" \/>\n<meta property=\"og:type\" content=\"article\" \/>\n<meta property=\"og:title\" content=\"Marc M\u00e1rquez, de nuevo entre los m\u00e1s r\u00e1pidos - Box Repsol\" \/>\n<meta property=\"og:description\" content=\"Marc M\u00e1rquez de nuevo entre los m\u00e1s r\u00e1pidos. Descubre el rendimiento del piloto espa\u00f1ol en la b\u00fasqueda de la excelencia en MotoGP.\" \/>\n<meta property=\"og:url\" content=\"https:\/\/www.boxrepsol.com\/es\/motogp\/marc-marquez-de-nuevo-entre-los-mas-rapidos\/\" \/>\n<meta property=\"og:site_name\" content=\"Box Repsol\" \/>\n<meta property=\"article:publisher\" content=\"https:\/\/www.facebook.com\/BoxRepsol\" \/>\n<meta property=\"article:author\" content=\"https:\/\/www.facebook.com\/BoxRepsol\/\" \/>\n<meta property=\"article:published_time\" content=\"2022-10-21T02:00:00+00:00\" \/>\n<meta property=\"article:modified_time\" content=\"2024-04-08T10:57:34+00:00\" \/>\n<meta property=\"og:image\" content=\"https:\/\/bxrepsol.s3.eu-west-1.amazonaws.com\/static\/2022\/11\/07082740\/https___repsolmedia.com_repsolmedia_wp-content_uploads_2022_10_JRB3598-scaled-2.jpg\" \/>\n\t<meta property=\"og:image:width\" content=\"2560\" \/>\n\t<meta property=\"og:image:height\" content=\"1200\" \/>\n\t<meta property=\"og:image:type\" content=\"image\/jpeg\" \/>\n<meta name=\"author\" content=\"Redacci\u00f3n Box Repsol\" \/>\n<meta name=\"twitter:card\" content=\"summary_large_image\" \/>\n<meta name=\"twitter:creator\" content=\"@https:\/\/twitter.com\/box_repsol\" \/>\n<meta name=\"twitter:site\" content=\"@box_repsol\" \/>\n<meta name=\"twitter:label1\" content=\"Written by\" \/>\n\t<meta name=\"twitter:data1\" content=\"Redacci\u00f3n Box Repsol\" \/>\n\t<meta name=\"twitter:label2\" content=\"Est. reading time\" \/>\n\t<meta name=\"twitter:data2\" content=\"2 minutos\" \/>\n<script type=\"application\/ld+json\" class=\"yoast-schema-graph\">{\"@context\":\"https:\\\/\\\/schema.org\",\"@graph\":[{\"@type\":\"Article\",\"@id\":\"https:\\\/\\\/www.boxrepsol.com\\\/es\\\/motogp\\\/marc-marquez-de-nuevo-entre-los-mas-rapidos\\\/#article\",\"isPartOf\":{\"@id\":\"https:\\\/\\\/www.boxrepsol.com\\\/es\\\/motogp\\\/marc-marquez-de-nuevo-entre-los-mas-rapidos\\\/\"},\"author\":{\"name\":\"Redacci\u00f3n Box Repsol\",\"@id\":\"https:\\\/\\\/www.boxrepsol.com\\\/es\\\/#\\\/schema\\\/person\\\/c5c2138f2cca251b0ad92b7086bb60b7\"},\"headline\":\"Marc M\u00e1rquez, de nuevo entre los m\u00e1s r\u00e1pidos\",\"datePublished\":\"2022-10-21T02:00:00+00:00\",\"dateModified\":\"2024-04-08T10:57:34+00:00\",\"mainEntityOfPage\":{\"@id\":\"https:\\\/\\\/www.boxrepsol.com\\\/es\\\/motogp\\\/marc-marquez-de-nuevo-entre-los-mas-rapidos\\\/\"},\"wordCount\":456,\"commentCount\":0,\"publisher\":{\"@id\":\"https:\\\/\\\/www.boxrepsol.com\\\/es\\\/#organization\"},\"image\":{\"@id\":\"https:\\\/\\\/www.boxrepsol.com\\\/es\\\/motogp\\\/marc-marquez-de-nuevo-entre-los-mas-rapidos\\\/#primaryimage\"},\"thumbnailUrl\":\"https:\\\/\\\/bxrepsol.s3.eu-west-1.amazonaws.com\\\/static\\\/2022\\\/11\\\/07082740\\\/https___repsolmedia.com_repsolmedia_wp-content_uploads_2022_10_JRB3598-scaled-2.jpg\",\"keywords\":[\"2022\",\"Marc M\u00e1rquez\",\"MotoGP Malasia\",\"Pol Espargar\u00f3\"],\"articleSection\":[\"MotoGP\"],\"inLanguage\":\"es\",\"potentialAction\":[{\"@type\":\"CommentAction\",\"name\":\"Comment\",\"target\":[\"https:\\\/\\\/www.boxrepsol.com\\\/es\\\/motogp\\\/marc-marquez-de-nuevo-entre-los-mas-rapidos\\\/#respond\"]}]},{\"@type\":\"WebPage\",\"@id\":\"https:\\\/\\\/www.boxrepsol.com\\\/es\\\/motogp\\\/marc-marquez-de-nuevo-entre-los-mas-rapidos\\\/\",\"url\":\"https:\\\/\\\/www.boxrepsol.com\\\/es\\\/motogp\\\/marc-marquez-de-nuevo-entre-los-mas-rapidos\\\/\",\"name\":\"Marc M\u00e1rquez, de nuevo entre los m\u00e1s r\u00e1pidos - Box Repsol\",\"isPartOf\":{\"@id\":\"https:\\\/\\\/www.boxrepsol.com\\\/es\\\/#website\"},\"primaryImageOfPage\":{\"@id\":\"https:\\\/\\\/www.boxrepsol.com\\\/es\\\/motogp\\\/marc-marquez-de-nuevo-entre-los-mas-rapidos\\\/#primaryimage\"},\"image\":{\"@id\":\"https:\\\/\\\/www.boxrepsol.com\\\/es\\\/motogp\\\/marc-marquez-de-nuevo-entre-los-mas-rapidos\\\/#primaryimage\"},\"thumbnailUrl\":\"https:\\\/\\\/bxrepsol.s3.eu-west-1.amazonaws.com\\\/static\\\/2022\\\/11\\\/07082740\\\/https___repsolmedia.com_repsolmedia_wp-content_uploads_2022_10_JRB3598-scaled-2.jpg\",\"datePublished\":\"2022-10-21T02:00:00+00:00\",\"dateModified\":\"2024-04-08T10:57:34+00:00\",\"description\":\"Marc M\u00e1rquez de nuevo entre los m\u00e1s r\u00e1pidos. Descubre el rendimiento del piloto espa\u00f1ol en la b\u00fasqueda de la excelencia en MotoGP.\",\"breadcrumb\":{\"@id\":\"https:\\\/\\\/www.boxrepsol.com\\\/es\\\/motogp\\\/marc-marquez-de-nuevo-entre-los-mas-rapidos\\\/#breadcrumb\"},\"inLanguage\":\"es\",\"potentialAction\":[{\"@type\":\"ReadAction\",\"target\":[\"https:\\\/\\\/www.boxrepsol.com\\\/es\\\/motogp\\\/marc-marquez-de-nuevo-entre-los-mas-rapidos\\\/\"]}]},{\"@type\":\"ImageObject\",\"inLanguage\":\"es\",\"@id\":\"https:\\\/\\\/www.boxrepsol.com\\\/es\\\/motogp\\\/marc-marquez-de-nuevo-entre-los-mas-rapidos\\\/#primaryimage\",\"url\":\"https:\\\/\\\/bxrepsol.s3.eu-west-1.amazonaws.com\\\/static\\\/2022\\\/11\\\/07082740\\\/https___repsolmedia.com_repsolmedia_wp-content_uploads_2022_10_JRB3598-scaled-2.jpg\",\"contentUrl\":\"https:\\\/\\\/bxrepsol.s3.eu-west-1.amazonaws.com\\\/static\\\/2022\\\/11\\\/07082740\\\/https___repsolmedia.com_repsolmedia_wp-content_uploads_2022_10_JRB3598-scaled-2.jpg\",\"width\":2560,\"height\":1200},{\"@type\":\"BreadcrumbList\",\"@id\":\"https:\\\/\\\/www.boxrepsol.com\\\/es\\\/motogp\\\/marc-marquez-de-nuevo-entre-los-mas-rapidos\\\/#breadcrumb\",\"itemListElement\":[{\"@type\":\"ListItem\",\"position\":1,\"name\":\"Home\",\"item\":\"https:\\\/\\\/www.boxrepsol.com\\\/es\\\/\"},{\"@type\":\"ListItem\",\"position\":2,\"name\":\"Marc M\u00e1rquez, de nuevo entre los m\u00e1s r\u00e1pidos\"}]},{\"@type\":\"WebSite\",\"@id\":\"https:\\\/\\\/www.boxrepsol.com\\\/es\\\/#website\",\"url\":\"https:\\\/\\\/www.boxrepsol.com\\\/es\\\/\",\"name\":\"Box Repsol\",\"description\":\"Box Repsol Site\",\"publisher\":{\"@id\":\"https:\\\/\\\/www.boxrepsol.com\\\/es\\\/#organization\"},\"potentialAction\":[{\"@type\":\"SearchAction\",\"target\":{\"@type\":\"EntryPoint\",\"urlTemplate\":\"https:\\\/\\\/www.boxrepsol.com\\\/es\\\/?s={search_term_string}\"},\"query-input\":{\"@type\":\"PropertyValueSpecification\",\"valueRequired\":true,\"valueName\":\"search_term_string\"}}],\"inLanguage\":\"es\"},{\"@type\":\"Organization\",\"@id\":\"https:\\\/\\\/www.boxrepsol.com\\\/es\\\/#organization\",\"name\":\"Box Repsol\",\"url\":\"https:\\\/\\\/www.boxrepsol.com\\\/es\\\/\",\"logo\":{\"@type\":\"ImageObject\",\"inLanguage\":\"es\",\"@id\":\"https:\\\/\\\/www.boxrepsol.com\\\/es\\\/#\\\/schema\\\/logo\\\/image\\\/\",\"url\":\"https:\\\/\\\/bxrepsol.s3.eu-west-1.amazonaws.com\\\/static\\\/2025\\\/07\\\/30083337\\\/favicon-96x96-1.png\",\"contentUrl\":\"https:\\\/\\\/bxrepsol.s3.eu-west-1.amazonaws.com\\\/static\\\/2025\\\/07\\\/30083337\\\/favicon-96x96-1.png\",\"width\":96,\"height\":96,\"caption\":\"Box Repsol\"},\"image\":{\"@id\":\"https:\\\/\\\/www.boxrepsol.com\\\/es\\\/#\\\/schema\\\/logo\\\/image\\\/\"},\"sameAs\":[\"https:\\\/\\\/www.facebook.com\\\/BoxRepsol\",\"https:\\\/\\\/x.com\\\/box_repsol\",\"http:\\\/\\\/instagram.com\\\/box_repsol\",\"https:\\\/\\\/www.youtube.com\\\/user\\\/RepsolCompeticion\",\"https:\\\/\\\/www.flickr.com\\\/photos\\\/box_repsol\\\/\"]},{\"@type\":\"Person\",\"@id\":\"https:\\\/\\\/www.boxrepsol.com\\\/es\\\/#\\\/schema\\\/person\\\/c5c2138f2cca251b0ad92b7086bb60b7\",\"name\":\"Redacci\u00f3n Box Repsol\",\"image\":{\"@type\":\"ImageObject\",\"inLanguage\":\"es\",\"@id\":\"https:\\\/\\\/secure.gravatar.com\\\/avatar\\\/adf7b77e38b4419baf32c7e9c21dde01f4e40df611f0978e3006fc4ba0aaab7e?s=96&d=mm&r=g\",\"url\":\"https:\\\/\\\/secure.gravatar.com\\\/avatar\\\/adf7b77e38b4419baf32c7e9c21dde01f4e40df611f0978e3006fc4ba0aaab7e?s=96&d=mm&r=g\",\"contentUrl\":\"https:\\\/\\\/secure.gravatar.com\\\/avatar\\\/adf7b77e38b4419baf32c7e9c21dde01f4e40df611f0978e3006fc4ba0aaab7e?s=96&d=mm&r=g\",\"caption\":\"Redacci\u00f3n Box Repsol\"},\"description\":\"Box Repsol lo forma un equipo de periodistas, community managers, dise\u00f1adores y fot\u00f3grafos con m\u00e1s de 20 a\u00f1os de experiencia en el mundo del motorsport. Hemos vivido el primer mundial de un espa\u00f1ol en la categor\u00eda reina de motociclismo con \u00c1lex Crivill\u00e9, estuvimos en las victorias de Pedrosa y los t\u00edtulos de M\u00e1rquez, acompa\u00f1amos en \u00c1frica a Nani Roma y Marc Coma en sus conquistas del Dakar y hemos vibrado con los t\u00edtulos de Toni Bou en Trial. Adem\u00e1s, en nuestro equipo contamos con expertos en el mundo de las dos y cuatro ruedas tanto de la calle y las carreteras, como de los circuitos. Periodistas que han trabajado en revistas y publicaciones para hacerte llegar desde rutas y consejos de mantenimiento, a curiosidades y trucos de pilotaje.\",\"sameAs\":[\"https:\\\/\\\/www.facebook.com\\\/BoxRepsol\\\/\",\"https:\\\/\\\/www.instagram.com\\\/box_repsol\\\/\",\"https:\\\/\\\/x.com\\\/https:\\\/\\\/twitter.com\\\/box_repsol\",\"https:\\\/\\\/www.youtube.com\\\/@Boxrepsol\"],\"url\":\"https:\\\/\\\/www.boxrepsol.com\\\/es\\\/author\\\/redaccion-box-repsol\\\/\"}]}<\/script>\n<!-- \/ Yoast SEO plugin. -->","yoast_head_json":{"title":"Marc M\u00e1rquez, de nuevo entre los m\u00e1s r\u00e1pidos - Box Repsol","description":"Marc M\u00e1rquez de nuevo entre los m\u00e1s r\u00e1pidos. Descubre el rendimiento del piloto espa\u00f1ol en la b\u00fasqueda de la excelencia en MotoGP.","canonical":"https:\/\/www.boxrepsol.com\/es\/motogp\/marc-marquez-de-nuevo-entre-los-mas-rapidos\/","og_locale":"es_ES","og_type":"article","og_title":"Marc M\u00e1rquez, de nuevo entre los m\u00e1s r\u00e1pidos - Box Repsol","og_description":"Marc M\u00e1rquez de nuevo entre los m\u00e1s r\u00e1pidos. Descubre el rendimiento del piloto espa\u00f1ol en la b\u00fasqueda de la excelencia en MotoGP.","og_url":"https:\/\/www.boxrepsol.com\/es\/motogp\/marc-marquez-de-nuevo-entre-los-mas-rapidos\/","og_site_name":"Box Repsol","article_publisher":"https:\/\/www.facebook.com\/BoxRepsol","article_author":"https:\/\/www.facebook.com\/BoxRepsol\/","article_published_time":"2022-10-21T02:00:00+00:00","article_modified_time":"2024-04-08T10:57:34+00:00","og_image":[{"width":2560,"height":1200,"url":"https:\/\/bxrepsol.s3.eu-west-1.amazonaws.com\/static\/2022\/11\/07082740\/https___repsolmedia.com_repsolmedia_wp-content_uploads_2022_10_JRB3598-scaled-2.jpg","type":"image\/jpeg"}],"author":"Redacci\u00f3n Box Repsol","twitter_card":"summary_large_image","twitter_creator":"@https:\/\/twitter.com\/box_repsol","twitter_site":"@box_repsol","twitter_misc":{"Written by":"Redacci\u00f3n Box Repsol","Est. reading time":"2 minutos"},"schema":{"@context":"https:\/\/schema.org","@graph":[{"@type":"Article","@id":"https:\/\/www.boxrepsol.com\/es\/motogp\/marc-marquez-de-nuevo-entre-los-mas-rapidos\/#article","isPartOf":{"@id":"https:\/\/www.boxrepsol.com\/es\/motogp\/marc-marquez-de-nuevo-entre-los-mas-rapidos\/"},"author":{"name":"Redacci\u00f3n Box Repsol","@id":"https:\/\/www.boxrepsol.com\/es\/#\/schema\/person\/c5c2138f2cca251b0ad92b7086bb60b7"},"headline":"Marc M\u00e1rquez, de nuevo entre los m\u00e1s r\u00e1pidos","datePublished":"2022-10-21T02:00:00+00:00","dateModified":"2024-04-08T10:57:34+00:00","mainEntityOfPage":{"@id":"https:\/\/www.boxrepsol.com\/es\/motogp\/marc-marquez-de-nuevo-entre-los-mas-rapidos\/"},"wordCount":456,"commentCount":0,"publisher":{"@id":"https:\/\/www.boxrepsol.com\/es\/#organization"},"image":{"@id":"https:\/\/www.boxrepsol.com\/es\/motogp\/marc-marquez-de-nuevo-entre-los-mas-rapidos\/#primaryimage"},"thumbnailUrl":"https:\/\/bxrepsol.s3.eu-west-1.amazonaws.com\/static\/2022\/11\/07082740\/https___repsolmedia.com_repsolmedia_wp-content_uploads_2022_10_JRB3598-scaled-2.jpg","keywords":["2022","Marc M\u00e1rquez","MotoGP Malasia","Pol Espargar\u00f3"],"articleSection":["MotoGP"],"inLanguage":"es","potentialAction":[{"@type":"CommentAction","name":"Comment","target":["https:\/\/www.boxrepsol.com\/es\/motogp\/marc-marquez-de-nuevo-entre-los-mas-rapidos\/#respond"]}]},{"@type":"WebPage","@id":"https:\/\/www.boxrepsol.com\/es\/motogp\/marc-marquez-de-nuevo-entre-los-mas-rapidos\/","url":"https:\/\/www.boxrepsol.com\/es\/motogp\/marc-marquez-de-nuevo-entre-los-mas-rapidos\/","name":"Marc M\u00e1rquez, de nuevo entre los m\u00e1s r\u00e1pidos - Box Repsol","isPartOf":{"@id":"https:\/\/www.boxrepsol.com\/es\/#website"},"primaryImageOfPage":{"@id":"https:\/\/www.boxrepsol.com\/es\/motogp\/marc-marquez-de-nuevo-entre-los-mas-rapidos\/#primaryimage"},"image":{"@id":"https:\/\/www.boxrepsol.com\/es\/motogp\/marc-marquez-de-nuevo-entre-los-mas-rapidos\/#primaryimage"},"thumbnailUrl":"https:\/\/bxrepsol.s3.eu-west-1.amazonaws.com\/static\/2022\/11\/07082740\/https___repsolmedia.com_repsolmedia_wp-content_uploads_2022_10_JRB3598-scaled-2.jpg","datePublished":"2022-10-21T02:00:00+00:00","dateModified":"2024-04-08T10:57:34+00:00","description":"Marc M\u00e1rquez de nuevo entre los m\u00e1s r\u00e1pidos. Descubre el rendimiento del piloto espa\u00f1ol en la b\u00fasqueda de la excelencia en MotoGP.","breadcrumb":{"@id":"https:\/\/www.boxrepsol.com\/es\/motogp\/marc-marquez-de-nuevo-entre-los-mas-rapidos\/#breadcrumb"},"inLanguage":"es","potentialAction":[{"@type":"ReadAction","target":["https:\/\/www.boxrepsol.com\/es\/motogp\/marc-marquez-de-nuevo-entre-los-mas-rapidos\/"]}]},{"@type":"ImageObject","inLanguage":"es","@id":"https:\/\/www.boxrepsol.com\/es\/motogp\/marc-marquez-de-nuevo-entre-los-mas-rapidos\/#primaryimage","url":"https:\/\/bxrepsol.s3.eu-west-1.amazonaws.com\/static\/2022\/11\/07082740\/https___repsolmedia.com_repsolmedia_wp-content_uploads_2022_10_JRB3598-scaled-2.jpg","contentUrl":"https:\/\/bxrepsol.s3.eu-west-1.amazonaws.com\/static\/2022\/11\/07082740\/https___repsolmedia.com_repsolmedia_wp-content_uploads_2022_10_JRB3598-scaled-2.jpg","width":2560,"height":1200},{"@type":"BreadcrumbList","@id":"https:\/\/www.boxrepsol.com\/es\/motogp\/marc-marquez-de-nuevo-entre-los-mas-rapidos\/#breadcrumb","itemListElement":[{"@type":"ListItem","position":1,"name":"Home","item":"https:\/\/www.boxrepsol.com\/es\/"},{"@type":"ListItem","position":2,"name":"Marc M\u00e1rquez, de nuevo entre los m\u00e1s r\u00e1pidos"}]},{"@type":"WebSite","@id":"https:\/\/www.boxrepsol.com\/es\/#website","url":"https:\/\/www.boxrepsol.com\/es\/","name":"Box Repsol","description":"Box Repsol Site","publisher":{"@id":"https:\/\/www.boxrepsol.com\/es\/#organization"},"potentialAction":[{"@type":"SearchAction","target":{"@type":"EntryPoint","urlTemplate":"https:\/\/www.boxrepsol.com\/es\/?s={search_term_string}"},"query-input":{"@type":"PropertyValueSpecification","valueRequired":true,"valueName":"search_term_string"}}],"inLanguage":"es"},{"@type":"Organization","@id":"https:\/\/www.boxrepsol.com\/es\/#organization","name":"Box Repsol","url":"https:\/\/www.boxrepsol.com\/es\/","logo":{"@type":"ImageObject","inLanguage":"es","@id":"https:\/\/www.boxrepsol.com\/es\/#\/schema\/logo\/image\/","url":"https:\/\/bxrepsol.s3.eu-west-1.amazonaws.com\/static\/2025\/07\/30083337\/favicon-96x96-1.png","contentUrl":"https:\/\/bxrepsol.s3.eu-west-1.amazonaws.com\/static\/2025\/07\/30083337\/favicon-96x96-1.png","width":96,"height":96,"caption":"Box Repsol"},"image":{"@id":"https:\/\/www.boxrepsol.com\/es\/#\/schema\/logo\/image\/"},"sameAs":["https:\/\/www.facebook.com\/BoxRepsol","https:\/\/x.com\/box_repsol","http:\/\/instagram.com\/box_repsol","https:\/\/www.youtube.com\/user\/RepsolCompeticion","https:\/\/www.flickr.com\/photos\/box_repsol\/"]},{"@type":"Person","@id":"https:\/\/www.boxrepsol.com\/es\/#\/schema\/person\/c5c2138f2cca251b0ad92b7086bb60b7","name":"Redacci\u00f3n Box Repsol","image":{"@type":"ImageObject","inLanguage":"es","@id":"https:\/\/secure.gravatar.com\/avatar\/adf7b77e38b4419baf32c7e9c21dde01f4e40df611f0978e3006fc4ba0aaab7e?s=96&d=mm&r=g","url":"https:\/\/secure.gravatar.com\/avatar\/adf7b77e38b4419baf32c7e9c21dde01f4e40df611f0978e3006fc4ba0aaab7e?s=96&d=mm&r=g","contentUrl":"https:\/\/secure.gravatar.com\/avatar\/adf7b77e38b4419baf32c7e9c21dde01f4e40df611f0978e3006fc4ba0aaab7e?s=96&d=mm&r=g","caption":"Redacci\u00f3n Box Repsol"},"description":"Box Repsol lo forma un equipo de periodistas, community managers, dise\u00f1adores y fot\u00f3grafos con m\u00e1s de 20 a\u00f1os de experiencia en el mundo del motorsport. Hemos vivido el primer mundial de un espa\u00f1ol en la categor\u00eda reina de motociclismo con \u00c1lex Crivill\u00e9, estuvimos en las victorias de Pedrosa y los t\u00edtulos de M\u00e1rquez, acompa\u00f1amos en \u00c1frica a Nani Roma y Marc Coma en sus conquistas del Dakar y hemos vibrado con los t\u00edtulos de Toni Bou en Trial. Adem\u00e1s, en nuestro equipo contamos con expertos en el mundo de las dos y cuatro ruedas tanto de la calle y las carreteras, como de los circuitos. Periodistas que han trabajado en revistas y publicaciones para hacerte llegar desde rutas y consejos de mantenimiento, a curiosidades y trucos de pilotaje.","sameAs":["https:\/\/www.facebook.com\/BoxRepsol\/","https:\/\/www.instagram.com\/box_repsol\/","https:\/\/x.com\/https:\/\/twitter.com\/box_repsol","https:\/\/www.youtube.com\/@Boxrepsol"],"url":"https:\/\/www.boxrepsol.com\/es\/author\/redaccion-box-repsol\/"}]}},"_links":{"self":[{"href":"https:\/\/www.boxrepsol.com\/es\/wp-json\/wp\/v2\/posts\/95568","targetHints":{"allow":["GET"]}}],"collection":[{"href":"https:\/\/www.boxrepsol.com\/es\/wp-json\/wp\/v2\/posts"}],"about":[{"href":"https:\/\/www.boxrepsol.com\/es\/wp-json\/wp\/v2\/types\/post"}],"author":[{"embeddable":true,"href":"https:\/\/www.boxrepsol.com\/es\/wp-json\/wp\/v2\/users\/43146"}],"replies":[{"embeddable":true,"href":"https:\/\/www.boxrepsol.com\/es\/wp-json\/wp\/v2\/comments?post=95568"}],"version-history":[{"count":2,"href":"https:\/\/www.boxrepsol.com\/es\/wp-json\/wp\/v2\/posts\/95568\/revisions"}],"predecessor-version":[{"id":109494,"href":"https:\/\/www.boxrepsol.com\/es\/wp-json\/wp\/v2\/posts\/95568\/revisions\/109494"}],"wp:featuredmedia":[{"embeddable":true,"href":"https:\/\/www.boxrepsol.com\/es\/wp-json\/wp\/v2\/media\/75922"}],"wp:attachment":[{"href":"https:\/\/www.boxrepsol.com\/es\/wp-json\/wp\/v2\/media?parent=95568"}],"wp:term":[{"taxonomy":"category","embeddable":true,"href":"https:\/\/www.boxrepsol.com\/es\/wp-json\/wp\/v2\/categories?post=95568"},{"taxonomy":"post_tag","embeddable":true,"href":"https:\/\/www.boxrepsol.com\/es\/wp-json\/wp\/v2\/tags?post=95568"}],"curies":[{"name":"wp","href":"https:\/\/api.w.org\/{rel}","templated":true}]}}