{"id":95562,"date":"2022-10-17T00:00:00","date_gmt":"2022-10-17T02:00:00","guid":{"rendered":"http:\/\/pre.boxrepsol.com\/sin-categorizar\/motogp-llegara-a-la-india-en-2023\/"},"modified":"2024-10-09T12:32:20","modified_gmt":"2024-10-09T14:32:20","slug":"motogp-llegara-a-la-india-en-2023","status":"publish","type":"post","link":"https:\/\/www.boxrepsol.com\/es\/motogp\/motogp-llegara-a-la-india-en-2023\/","title":{"rendered":"MotoGP llegar\u00e1 a la India en 2023"},"content":{"rendered":"<p>Una de las grandes novedades del calendario 2023 de MotoGP es la aparici\u00f3n de nuevos pa\u00edses en el Campeonato del Mundo. Ya hemos hablado de <a href=\"https:\/\/www.boxrepsol.com\/es\/motogp\/kazajistan-se-estrenara-en-el-mundial-en-2023\/\">Kazajist\u00e1n<\/a>, y ahora vamos a hacerlo de la otra sorpresa que vamos a descubrir la pr\u00f3xima temporada: India. El <b>Gran Premio de India<\/b> ser\u00e1 la 14\u00aa prueba del Mundial 2023 y se disputar\u00e1 del 22 al 24 de septiembre del a\u00f1o pr\u00f3ximo en el circuito de Buddh, situado a las afueras de la ciudad de Greater Noida, a apenas una hora de <b>Nueva Dehli<\/b>.<\/p>\n<p><img loading=\"lazy\" decoding=\"async\" src=\"https:\/\/bxrepsol.s3.eu-west-1.amazonaws.com\/static\/2022\/11\/07082401\/Buddh_International_Circuit_aerial-scaled.jpg\" alt=\"\" width=\"4316\" height=\"2676\" \/><\/p>\n<p>India es mucho m\u00e1s que un pa\u00eds. Puede que sea ya la naci\u00f3n m\u00e1s poblada de la Tierra, posici\u00f3n que discute por unos pocos millones de habitantes con China. Se estima que en 2022, India haya superado ya la cifra de 1.400 millones de habitantes, lo que permite hacernos una idea de las dimensiones del pa\u00eds, tanto en lo f\u00edsico como en lo variado que puede llegar a ser. <b>Greater Noida<\/b> es una ciudad de un mill\u00f3n de habitantes ubicada en las cercan\u00edas de Nueva Delhi, la capital, situada al norte del pa\u00eds, con lo que el entorno de Buddh cuenta con todas las necesidades b\u00e1sicas de <b>infraestructuras y alojamientos<\/b>.<\/p>\n<p><img loading=\"lazy\" decoding=\"async\" src=\"https:\/\/bxrepsol.s3.eu-west-1.amazonaws.com\/static\/2022\/11\/07082405\/Buddh_international_circuit.jpg\" alt=\"\" width=\"1080\" height=\"608\" \/><\/p>\n<p>La pista, con una capacidad de 110.000 espectadores, se construy\u00f3 entre 2007 y 2009, y fue dise\u00f1ada por el omnipresente <b>Hermann Tilke<\/b>. Se trata de un trazado largo, de 5.137 metros de longitud, con 16 curvas de todo tipo, en el que destacan los \u00e1ngulos cerrados.<\/p>\n<h2><b>El precedente de la F\u00f3rmula 1<\/b><\/h2>\n<p>La F1 lleg\u00f3 a India poco despu\u00e9s de la construcci\u00f3n de Buddh, en 2011, disput\u00e1ndose all\u00ed durante tres ediciones el Gran Premio de India. En las tres gan\u00f3 el alem\u00e1n Sebastian Vettel, certificando adem\u00e1s en ese escenario su cuarto y \u00faltimo t\u00edtulo, en 2013. De ese a\u00f1o, que coincide con el del <b>primer t\u00edtulo de Marc M\u00e1rquez<\/b> en MotoGP, se ven todav\u00eda en la recta principal las marcas de neum\u00e1ticos de los \u00abdonuts\u00bb que realiz\u00f3 el alem\u00e1n al celebrar el t\u00edtulo con su monoplaza delante de la tribuna principal.<\/p>\n<p><img loading=\"lazy\" decoding=\"async\" src=\"https:\/\/bxrepsol.s3.eu-west-1.amazonaws.com\/static\/2022\/11\/07082408\/Buddh_Circuit-scaled.jpg\" alt=\"\" width=\"5008\" height=\"3325\" \/><\/p>\n<p>El <b>r\u00e9cord de la pista<\/b> es de 1 minuto, 24 segundos y 119 mil\u00e9simas, <i>pole<\/i> de 2013 de Vettel, aunque el r\u00e9cord en carrera es el de la prueba de 2011: 1 minuto, 27 segundos y 249 mil\u00e9simas. \u00bfQu\u00e9 tiempo podr\u00e1n hacer las MotoGP en su primera visita a la pista india?<\/p>\n<p><img loading=\"lazy\" decoding=\"async\" src=\"https:\/\/bxrepsol.s3.eu-west-1.amazonaws.com\/static\/2022\/11\/07082413\/Pitlane_Walks_-_2011_Indian_Grand_Prix-scaled.jpg\" alt=\"\" width=\"3648\" height=\"2736\" \/><\/p>\n<p>Desde entonces, Buddh ha estado alejado de las grandes competiciones de primer nivel, pero no ha dejado de tener una intensa actividad, especialmente en el apartado automovil\u00edstico.<\/p>\n<h2><b>Tradici\u00f3n sobre dos ruedas<\/b><\/h2>\n<p>India disfruta de una <b>larga tradici\u00f3n<\/b> en la industria <b>motociclista<\/b>. Son muchos los fabricantes indios de prestigio, que no solo producen para s\u00ed mismos, sino que tambi\u00e9n lo hacen para otras compa\u00f1\u00edas, o han mantenido alianzas con otras empresas de la industria motociclista. Por ejemplo, Hero mantuvo hasta 2010 una estrecha <b>relaci\u00f3n con Honda<\/b>, aunque en la actualidad el fabricante japon\u00e9s ya no mantiene relaci\u00f3n con la marca india.<\/p>\n<p><img loading=\"lazy\" decoding=\"async\" src=\"https:\/\/bxrepsol.s3.eu-west-1.amazonaws.com\/static\/2022\/11\/07082420\/12GBretana16M3REPSOL_JOC4437-scaled.jpg\" alt=\"\" width=\"5184\" height=\"3456\" \/><\/p>\n<p>TVS, Bajaj, Eicher Motors \u2013propietaria de Royal Enfield, la m\u00edtica marca brit\u00e1nica que quebr\u00f3 a finales de los a\u00f1os cuarenta en Reino Unido, pero continu\u00f3 su producci\u00f3n en India y que en los inicios del Mundial de Velocidad estuvo presente en la categor\u00eda de 250 c. c.\u2013, o Mahindra son algunos ejemplos de la industria de las dos ruedas en el pa\u00eds.<\/p>\n<p>Este \u00faltimo caso es el referente m\u00e1s reciente en el Campeonato del Mundo, presente primero en 125 c. c. en 2011, y posteriormente en Moto3, desde 2012 hasta 2017, con pilotos como Marcel Schr\u00f6otter, Miguel Oliveira \u2013el primero en subir al podio con la marca india\u2013, Efr\u00e9n V\u00e1zquez, Brad Binder, Jorge Mart\u00edn, y \u2018Pecco\u2019 Bagnaia, entre otros. Precisamente el italiano fue autor de las dos \u00fanicas victorias conseguidas por Mahindra, en <a href=\"https:\/\/www.boxrepsol.com\/es\/motogp\/la-historia-del-gp-mas-historia\/\">Assen<\/a> y Sepang, en 2016.<\/p>\n<p><img loading=\"lazy\" decoding=\"async\" src=\"https:\/\/bxrepsol.s3.eu-west-1.amazonaws.com\/static\/2022\/11\/07082428\/junio_2016_bagnaia_assen_moto3_2016-scaled.jpg\" alt=\"\" width=\"3983\" height=\"2644\" \/><\/p>\n<p>En lo que se refiere a los <b>pilotos<\/b>, India no se ha prodigado en el campeonato. De hecho, <b>no hay resultados rese\u00f1ables<\/b> de ning\u00fan piloto indio en los Grandes Premios, aunque dentro del programa Road to MotoGP, ha habido algunos pilotos indios compitiendo en la Asia Talent Cup (ATC), aunque de momento sin mucho \u00e9xito. Esta temporada, el joven Kavin Quintal est\u00e1 compitiendo en la ATC, de forma discreta hasta la fecha.<\/p>\n<p><img loading=\"lazy\" decoding=\"async\" src=\"https:\/\/bxrepsol.s3.eu-west-1.amazonaws.com\/static\/2022\/11\/07082433\/buddh-3.jpg\" alt=\"\" width=\"1500\" height=\"1501\" \/><\/p>\n<p>Es m\u00e1s que probable que la llegada de MotoGP a Buddh sirva para despertar el inter\u00e9s de los indios por el motociclismo. Las motos nunca les han sido ajenas, pero las carreras s\u00ed. Sin embargo, todo puede cambiar a partir de 2023.<\/p>\n","protected":false},"excerpt":{"rendered":"<p>El Campeonato del Mundo de Motociclismo ampl\u00eda sus escenarios y a partir de 2023 incorpora en el calendario el circuito indio de Buddh.<\/p>\n","protected":false},"author":41268,"featured_media":75864,"comment_status":"open","ping_status":"open","sticky":false,"template":"","format":"standard","meta":{"footnotes":""},"categories":[4],"tags":[136],"class_list":["post-95562","post","type-post","status-publish","format-standard","hentry","category-motogp","tag-campeonato-del-mundo-de-motociclismo"],"yoast_head":"<!-- This site is optimized with the Yoast SEO plugin v27.3 - https:\/\/yoast.com\/product\/yoast-seo-wordpress\/ -->\n<title>MotoGP llegar\u00e1 a la India en 2023 - Box Repsol<\/title>\n<meta name=\"description\" content=\"\u00a1MotoGP llegar\u00e1 a la India en 2023! Descubre todos los detalles. Exploramos la noticia de la llegada de MotoGP a la India en el a\u00f1o 2023.\" \/>\n<link rel=\"canonical\" href=\"https:\/\/www.boxrepsol.com\/es\/motogp\/motogp-llegara-a-la-india-en-2023\/\" \/>\n<meta property=\"og:locale\" content=\"es_ES\" \/>\n<meta property=\"og:type\" content=\"article\" \/>\n<meta property=\"og:title\" content=\"MotoGP llegar\u00e1 a la India en 2023 - Box Repsol\" \/>\n<meta property=\"og:description\" content=\"\u00a1MotoGP llegar\u00e1 a la India en 2023! Descubre todos los detalles. Exploramos la noticia de la llegada de MotoGP a la India en el a\u00f1o 2023.\" \/>\n<meta property=\"og:url\" content=\"https:\/\/www.boxrepsol.com\/es\/motogp\/motogp-llegara-a-la-india-en-2023\/\" \/>\n<meta property=\"og:site_name\" content=\"Box Repsol\" \/>\n<meta property=\"article:publisher\" content=\"https:\/\/www.facebook.com\/BoxRepsol\" \/>\n<meta property=\"article:published_time\" content=\"2022-10-17T02:00:00+00:00\" \/>\n<meta property=\"article:modified_time\" content=\"2024-10-09T14:32:20+00:00\" \/>\n<meta property=\"og:image\" content=\"https:\/\/bxrepsol.s3.eu-west-1.amazonaws.com\/static\/2022\/11\/07082435\/portada-buddh.jpg\" \/>\n\t<meta property=\"og:image:width\" content=\"1280\" \/>\n\t<meta property=\"og:image:height\" content=\"600\" \/>\n\t<meta property=\"og:image:type\" content=\"image\/jpeg\" \/>\n<meta name=\"author\" content=\"Juan Pedro de la Torre\" \/>\n<meta name=\"twitter:card\" content=\"summary_large_image\" \/>\n<meta name=\"twitter:creator\" content=\"@https:\/\/twitter.com\/JPdelaTorre1965\" \/>\n<meta name=\"twitter:site\" content=\"@box_repsol\" \/>\n<meta name=\"twitter:label1\" content=\"Written by\" \/>\n\t<meta name=\"twitter:data1\" content=\"Juan Pedro de la Torre\" \/>\n\t<meta name=\"twitter:label2\" content=\"Est. reading time\" \/>\n\t<meta name=\"twitter:data2\" content=\"4 minutos\" \/>\n<script type=\"application\/ld+json\" class=\"yoast-schema-graph\">{\"@context\":\"https:\\\/\\\/schema.org\",\"@graph\":[{\"@type\":\"Article\",\"@id\":\"https:\\\/\\\/www.boxrepsol.com\\\/es\\\/motogp\\\/motogp-llegara-a-la-india-en-2023\\\/#article\",\"isPartOf\":{\"@id\":\"https:\\\/\\\/www.boxrepsol.com\\\/es\\\/motogp\\\/motogp-llegara-a-la-india-en-2023\\\/\"},\"author\":{\"name\":\"Juan Pedro de la Torre\",\"@id\":\"https:\\\/\\\/www.boxrepsol.com\\\/es\\\/#\\\/schema\\\/person\\\/26abce1d675df22d63ac9e9d5f23e4aa\"},\"headline\":\"MotoGP llegar\u00e1 a la India en 2023\",\"datePublished\":\"2022-10-17T02:00:00+00:00\",\"dateModified\":\"2024-10-09T14:32:20+00:00\",\"mainEntityOfPage\":{\"@id\":\"https:\\\/\\\/www.boxrepsol.com\\\/es\\\/motogp\\\/motogp-llegara-a-la-india-en-2023\\\/\"},\"wordCount\":779,\"commentCount\":0,\"publisher\":{\"@id\":\"https:\\\/\\\/www.boxrepsol.com\\\/es\\\/#organization\"},\"image\":{\"@id\":\"https:\\\/\\\/www.boxrepsol.com\\\/es\\\/motogp\\\/motogp-llegara-a-la-india-en-2023\\\/#primaryimage\"},\"thumbnailUrl\":\"https:\\\/\\\/bxrepsol.s3.eu-west-1.amazonaws.com\\\/static\\\/2022\\\/11\\\/07082435\\\/portada-buddh.jpg\",\"keywords\":[\"Campeonato del Mundo de Motociclismo\"],\"articleSection\":[\"MotoGP\"],\"inLanguage\":\"es\",\"potentialAction\":[{\"@type\":\"CommentAction\",\"name\":\"Comment\",\"target\":[\"https:\\\/\\\/www.boxrepsol.com\\\/es\\\/motogp\\\/motogp-llegara-a-la-india-en-2023\\\/#respond\"]}]},{\"@type\":\"WebPage\",\"@id\":\"https:\\\/\\\/www.boxrepsol.com\\\/es\\\/motogp\\\/motogp-llegara-a-la-india-en-2023\\\/\",\"url\":\"https:\\\/\\\/www.boxrepsol.com\\\/es\\\/motogp\\\/motogp-llegara-a-la-india-en-2023\\\/\",\"name\":\"MotoGP llegar\u00e1 a la India en 2023 - Box Repsol\",\"isPartOf\":{\"@id\":\"https:\\\/\\\/www.boxrepsol.com\\\/es\\\/#website\"},\"primaryImageOfPage\":{\"@id\":\"https:\\\/\\\/www.boxrepsol.com\\\/es\\\/motogp\\\/motogp-llegara-a-la-india-en-2023\\\/#primaryimage\"},\"image\":{\"@id\":\"https:\\\/\\\/www.boxrepsol.com\\\/es\\\/motogp\\\/motogp-llegara-a-la-india-en-2023\\\/#primaryimage\"},\"thumbnailUrl\":\"https:\\\/\\\/bxrepsol.s3.eu-west-1.amazonaws.com\\\/static\\\/2022\\\/11\\\/07082435\\\/portada-buddh.jpg\",\"datePublished\":\"2022-10-17T02:00:00+00:00\",\"dateModified\":\"2024-10-09T14:32:20+00:00\",\"description\":\"\u00a1MotoGP llegar\u00e1 a la India en 2023! Descubre todos los detalles. Exploramos la noticia de la llegada de MotoGP a la India en el a\u00f1o 2023.\",\"breadcrumb\":{\"@id\":\"https:\\\/\\\/www.boxrepsol.com\\\/es\\\/motogp\\\/motogp-llegara-a-la-india-en-2023\\\/#breadcrumb\"},\"inLanguage\":\"es\",\"potentialAction\":[{\"@type\":\"ReadAction\",\"target\":[\"https:\\\/\\\/www.boxrepsol.com\\\/es\\\/motogp\\\/motogp-llegara-a-la-india-en-2023\\\/\"]}]},{\"@type\":\"ImageObject\",\"inLanguage\":\"es\",\"@id\":\"https:\\\/\\\/www.boxrepsol.com\\\/es\\\/motogp\\\/motogp-llegara-a-la-india-en-2023\\\/#primaryimage\",\"url\":\"https:\\\/\\\/bxrepsol.s3.eu-west-1.amazonaws.com\\\/static\\\/2022\\\/11\\\/07082435\\\/portada-buddh.jpg\",\"contentUrl\":\"https:\\\/\\\/bxrepsol.s3.eu-west-1.amazonaws.com\\\/static\\\/2022\\\/11\\\/07082435\\\/portada-buddh.jpg\",\"width\":1280,\"height\":600},{\"@type\":\"BreadcrumbList\",\"@id\":\"https:\\\/\\\/www.boxrepsol.com\\\/es\\\/motogp\\\/motogp-llegara-a-la-india-en-2023\\\/#breadcrumb\",\"itemListElement\":[{\"@type\":\"ListItem\",\"position\":1,\"name\":\"Home\",\"item\":\"https:\\\/\\\/www.boxrepsol.com\\\/es\\\/\"},{\"@type\":\"ListItem\",\"position\":2,\"name\":\"MotoGP llegar\u00e1 a la India en 2023\"}]},{\"@type\":\"WebSite\",\"@id\":\"https:\\\/\\\/www.boxrepsol.com\\\/es\\\/#website\",\"url\":\"https:\\\/\\\/www.boxrepsol.com\\\/es\\\/\",\"name\":\"Box Repsol\",\"description\":\"Box Repsol Site\",\"publisher\":{\"@id\":\"https:\\\/\\\/www.boxrepsol.com\\\/es\\\/#organization\"},\"potentialAction\":[{\"@type\":\"SearchAction\",\"target\":{\"@type\":\"EntryPoint\",\"urlTemplate\":\"https:\\\/\\\/www.boxrepsol.com\\\/es\\\/?s={search_term_string}\"},\"query-input\":{\"@type\":\"PropertyValueSpecification\",\"valueRequired\":true,\"valueName\":\"search_term_string\"}}],\"inLanguage\":\"es\"},{\"@type\":\"Organization\",\"@id\":\"https:\\\/\\\/www.boxrepsol.com\\\/es\\\/#organization\",\"name\":\"Box Repsol\",\"url\":\"https:\\\/\\\/www.boxrepsol.com\\\/es\\\/\",\"logo\":{\"@type\":\"ImageObject\",\"inLanguage\":\"es\",\"@id\":\"https:\\\/\\\/www.boxrepsol.com\\\/es\\\/#\\\/schema\\\/logo\\\/image\\\/\",\"url\":\"https:\\\/\\\/bxrepsol.s3.eu-west-1.amazonaws.com\\\/static\\\/2025\\\/07\\\/30083337\\\/favicon-96x96-1.png\",\"contentUrl\":\"https:\\\/\\\/bxrepsol.s3.eu-west-1.amazonaws.com\\\/static\\\/2025\\\/07\\\/30083337\\\/favicon-96x96-1.png\",\"width\":96,\"height\":96,\"caption\":\"Box Repsol\"},\"image\":{\"@id\":\"https:\\\/\\\/www.boxrepsol.com\\\/es\\\/#\\\/schema\\\/logo\\\/image\\\/\"},\"sameAs\":[\"https:\\\/\\\/www.facebook.com\\\/BoxRepsol\",\"https:\\\/\\\/x.com\\\/box_repsol\",\"http:\\\/\\\/instagram.com\\\/box_repsol\",\"https:\\\/\\\/www.youtube.com\\\/user\\\/RepsolCompeticion\",\"https:\\\/\\\/www.flickr.com\\\/photos\\\/box_repsol\\\/\"]},{\"@type\":\"Person\",\"@id\":\"https:\\\/\\\/www.boxrepsol.com\\\/es\\\/#\\\/schema\\\/person\\\/26abce1d675df22d63ac9e9d5f23e4aa\",\"name\":\"Juan Pedro de la Torre\",\"image\":{\"@type\":\"ImageObject\",\"inLanguage\":\"es\",\"@id\":\"https:\\\/\\\/secure.gravatar.com\\\/avatar\\\/e81f780ee2930d7be330cb34304decf0e9bc66bec0158805a0fe2726f4517224?s=96&d=mm&r=g\",\"url\":\"https:\\\/\\\/secure.gravatar.com\\\/avatar\\\/e81f780ee2930d7be330cb34304decf0e9bc66bec0158805a0fe2726f4517224?s=96&d=mm&r=g\",\"contentUrl\":\"https:\\\/\\\/secure.gravatar.com\\\/avatar\\\/e81f780ee2930d7be330cb34304decf0e9bc66bec0158805a0fe2726f4517224?s=96&d=mm&r=g\",\"caption\":\"Juan Pedro de la Torre\"},\"description\":\"Se inici\u00f3 en el diario Marca en 1988 y posteriormente pas\u00f3 a la revista Motociclismo, donde llegar\u00eda a ser director de deporte. Despu\u00e9s fue editor y director de Motoworld.es y Sport Bikes y colabor\u00f3 con varios medios. Adem\u00e1s, ha publicado una docena de libros y actualmente trabaja como colaborador para Motociclismo, El Confidencial y Box Repsol.\",\"sameAs\":[\"https:\\\/\\\/x.com\\\/https:\\\/\\\/twitter.com\\\/JPdelaTorre1965\",\"https:\\\/\\\/youtube.com\\\/@juanpedrodelatorremotoworld\"],\"url\":\"https:\\\/\\\/www.boxrepsol.com\\\/es\\\/author\\\/juanpedro_delatorre\\\/\"}]}<\/script>\n<!-- \/ Yoast SEO plugin. -->","yoast_head_json":{"title":"MotoGP llegar\u00e1 a la India en 2023 - Box Repsol","description":"\u00a1MotoGP llegar\u00e1 a la India en 2023! Descubre todos los detalles. Exploramos la noticia de la llegada de MotoGP a la India en el a\u00f1o 2023.","canonical":"https:\/\/www.boxrepsol.com\/es\/motogp\/motogp-llegara-a-la-india-en-2023\/","og_locale":"es_ES","og_type":"article","og_title":"MotoGP llegar\u00e1 a la India en 2023 - Box Repsol","og_description":"\u00a1MotoGP llegar\u00e1 a la India en 2023! Descubre todos los detalles. Exploramos la noticia de la llegada de MotoGP a la India en el a\u00f1o 2023.","og_url":"https:\/\/www.boxrepsol.com\/es\/motogp\/motogp-llegara-a-la-india-en-2023\/","og_site_name":"Box Repsol","article_publisher":"https:\/\/www.facebook.com\/BoxRepsol","article_published_time":"2022-10-17T02:00:00+00:00","article_modified_time":"2024-10-09T14:32:20+00:00","og_image":[{"width":1280,"height":600,"url":"https:\/\/bxrepsol.s3.eu-west-1.amazonaws.com\/static\/2022\/11\/07082435\/portada-buddh.jpg","type":"image\/jpeg"}],"author":"Juan Pedro de la Torre","twitter_card":"summary_large_image","twitter_creator":"@https:\/\/twitter.com\/JPdelaTorre1965","twitter_site":"@box_repsol","twitter_misc":{"Written by":"Juan Pedro de la Torre","Est. reading time":"4 minutos"},"schema":{"@context":"https:\/\/schema.org","@graph":[{"@type":"Article","@id":"https:\/\/www.boxrepsol.com\/es\/motogp\/motogp-llegara-a-la-india-en-2023\/#article","isPartOf":{"@id":"https:\/\/www.boxrepsol.com\/es\/motogp\/motogp-llegara-a-la-india-en-2023\/"},"author":{"name":"Juan Pedro de la Torre","@id":"https:\/\/www.boxrepsol.com\/es\/#\/schema\/person\/26abce1d675df22d63ac9e9d5f23e4aa"},"headline":"MotoGP llegar\u00e1 a la India en 2023","datePublished":"2022-10-17T02:00:00+00:00","dateModified":"2024-10-09T14:32:20+00:00","mainEntityOfPage":{"@id":"https:\/\/www.boxrepsol.com\/es\/motogp\/motogp-llegara-a-la-india-en-2023\/"},"wordCount":779,"commentCount":0,"publisher":{"@id":"https:\/\/www.boxrepsol.com\/es\/#organization"},"image":{"@id":"https:\/\/www.boxrepsol.com\/es\/motogp\/motogp-llegara-a-la-india-en-2023\/#primaryimage"},"thumbnailUrl":"https:\/\/bxrepsol.s3.eu-west-1.amazonaws.com\/static\/2022\/11\/07082435\/portada-buddh.jpg","keywords":["Campeonato del Mundo de Motociclismo"],"articleSection":["MotoGP"],"inLanguage":"es","potentialAction":[{"@type":"CommentAction","name":"Comment","target":["https:\/\/www.boxrepsol.com\/es\/motogp\/motogp-llegara-a-la-india-en-2023\/#respond"]}]},{"@type":"WebPage","@id":"https:\/\/www.boxrepsol.com\/es\/motogp\/motogp-llegara-a-la-india-en-2023\/","url":"https:\/\/www.boxrepsol.com\/es\/motogp\/motogp-llegara-a-la-india-en-2023\/","name":"MotoGP llegar\u00e1 a la India en 2023 - Box Repsol","isPartOf":{"@id":"https:\/\/www.boxrepsol.com\/es\/#website"},"primaryImageOfPage":{"@id":"https:\/\/www.boxrepsol.com\/es\/motogp\/motogp-llegara-a-la-india-en-2023\/#primaryimage"},"image":{"@id":"https:\/\/www.boxrepsol.com\/es\/motogp\/motogp-llegara-a-la-india-en-2023\/#primaryimage"},"thumbnailUrl":"https:\/\/bxrepsol.s3.eu-west-1.amazonaws.com\/static\/2022\/11\/07082435\/portada-buddh.jpg","datePublished":"2022-10-17T02:00:00+00:00","dateModified":"2024-10-09T14:32:20+00:00","description":"\u00a1MotoGP llegar\u00e1 a la India en 2023! Descubre todos los detalles. Exploramos la noticia de la llegada de MotoGP a la India en el a\u00f1o 2023.","breadcrumb":{"@id":"https:\/\/www.boxrepsol.com\/es\/motogp\/motogp-llegara-a-la-india-en-2023\/#breadcrumb"},"inLanguage":"es","potentialAction":[{"@type":"ReadAction","target":["https:\/\/www.boxrepsol.com\/es\/motogp\/motogp-llegara-a-la-india-en-2023\/"]}]},{"@type":"ImageObject","inLanguage":"es","@id":"https:\/\/www.boxrepsol.com\/es\/motogp\/motogp-llegara-a-la-india-en-2023\/#primaryimage","url":"https:\/\/bxrepsol.s3.eu-west-1.amazonaws.com\/static\/2022\/11\/07082435\/portada-buddh.jpg","contentUrl":"https:\/\/bxrepsol.s3.eu-west-1.amazonaws.com\/static\/2022\/11\/07082435\/portada-buddh.jpg","width":1280,"height":600},{"@type":"BreadcrumbList","@id":"https:\/\/www.boxrepsol.com\/es\/motogp\/motogp-llegara-a-la-india-en-2023\/#breadcrumb","itemListElement":[{"@type":"ListItem","position":1,"name":"Home","item":"https:\/\/www.boxrepsol.com\/es\/"},{"@type":"ListItem","position":2,"name":"MotoGP llegar\u00e1 a la India en 2023"}]},{"@type":"WebSite","@id":"https:\/\/www.boxrepsol.com\/es\/#website","url":"https:\/\/www.boxrepsol.com\/es\/","name":"Box Repsol","description":"Box Repsol Site","publisher":{"@id":"https:\/\/www.boxrepsol.com\/es\/#organization"},"potentialAction":[{"@type":"SearchAction","target":{"@type":"EntryPoint","urlTemplate":"https:\/\/www.boxrepsol.com\/es\/?s={search_term_string}"},"query-input":{"@type":"PropertyValueSpecification","valueRequired":true,"valueName":"search_term_string"}}],"inLanguage":"es"},{"@type":"Organization","@id":"https:\/\/www.boxrepsol.com\/es\/#organization","name":"Box Repsol","url":"https:\/\/www.boxrepsol.com\/es\/","logo":{"@type":"ImageObject","inLanguage":"es","@id":"https:\/\/www.boxrepsol.com\/es\/#\/schema\/logo\/image\/","url":"https:\/\/bxrepsol.s3.eu-west-1.amazonaws.com\/static\/2025\/07\/30083337\/favicon-96x96-1.png","contentUrl":"https:\/\/bxrepsol.s3.eu-west-1.amazonaws.com\/static\/2025\/07\/30083337\/favicon-96x96-1.png","width":96,"height":96,"caption":"Box Repsol"},"image":{"@id":"https:\/\/www.boxrepsol.com\/es\/#\/schema\/logo\/image\/"},"sameAs":["https:\/\/www.facebook.com\/BoxRepsol","https:\/\/x.com\/box_repsol","http:\/\/instagram.com\/box_repsol","https:\/\/www.youtube.com\/user\/RepsolCompeticion","https:\/\/www.flickr.com\/photos\/box_repsol\/"]},{"@type":"Person","@id":"https:\/\/www.boxrepsol.com\/es\/#\/schema\/person\/26abce1d675df22d63ac9e9d5f23e4aa","name":"Juan Pedro de la Torre","image":{"@type":"ImageObject","inLanguage":"es","@id":"https:\/\/secure.gravatar.com\/avatar\/e81f780ee2930d7be330cb34304decf0e9bc66bec0158805a0fe2726f4517224?s=96&d=mm&r=g","url":"https:\/\/secure.gravatar.com\/avatar\/e81f780ee2930d7be330cb34304decf0e9bc66bec0158805a0fe2726f4517224?s=96&d=mm&r=g","contentUrl":"https:\/\/secure.gravatar.com\/avatar\/e81f780ee2930d7be330cb34304decf0e9bc66bec0158805a0fe2726f4517224?s=96&d=mm&r=g","caption":"Juan Pedro de la Torre"},"description":"Se inici\u00f3 en el diario Marca en 1988 y posteriormente pas\u00f3 a la revista Motociclismo, donde llegar\u00eda a ser director de deporte. Despu\u00e9s fue editor y director de Motoworld.es y Sport Bikes y colabor\u00f3 con varios medios. Adem\u00e1s, ha publicado una docena de libros y actualmente trabaja como colaborador para Motociclismo, El Confidencial y Box Repsol.","sameAs":["https:\/\/x.com\/https:\/\/twitter.com\/JPdelaTorre1965","https:\/\/youtube.com\/@juanpedrodelatorremotoworld"],"url":"https:\/\/www.boxrepsol.com\/es\/author\/juanpedro_delatorre\/"}]}},"_links":{"self":[{"href":"https:\/\/www.boxrepsol.com\/es\/wp-json\/wp\/v2\/posts\/95562","targetHints":{"allow":["GET"]}}],"collection":[{"href":"https:\/\/www.boxrepsol.com\/es\/wp-json\/wp\/v2\/posts"}],"about":[{"href":"https:\/\/www.boxrepsol.com\/es\/wp-json\/wp\/v2\/types\/post"}],"author":[{"embeddable":true,"href":"https:\/\/www.boxrepsol.com\/es\/wp-json\/wp\/v2\/users\/41268"}],"replies":[{"embeddable":true,"href":"https:\/\/www.boxrepsol.com\/es\/wp-json\/wp\/v2\/comments?post=95562"}],"version-history":[{"count":3,"href":"https:\/\/www.boxrepsol.com\/es\/wp-json\/wp\/v2\/posts\/95562\/revisions"}],"predecessor-version":[{"id":121039,"href":"https:\/\/www.boxrepsol.com\/es\/wp-json\/wp\/v2\/posts\/95562\/revisions\/121039"}],"wp:featuredmedia":[{"embeddable":true,"href":"https:\/\/www.boxrepsol.com\/es\/wp-json\/wp\/v2\/media\/75864"}],"wp:attachment":[{"href":"https:\/\/www.boxrepsol.com\/es\/wp-json\/wp\/v2\/media?parent=95562"}],"wp:term":[{"taxonomy":"category","embeddable":true,"href":"https:\/\/www.boxrepsol.com\/es\/wp-json\/wp\/v2\/categories?post=95562"},{"taxonomy":"post_tag","embeddable":true,"href":"https:\/\/www.boxrepsol.com\/es\/wp-json\/wp\/v2\/tags?post=95562"}],"curies":[{"name":"wp","href":"https:\/\/api.w.org\/{rel}","templated":true}]}}