{"id":95560,"date":"2022-10-17T00:00:00","date_gmt":"2022-10-17T02:00:00","guid":{"rendered":"http:\/\/pre.boxrepsol.com\/sin-categorizar\/marc-marquez-100-podios-en-motogp\/"},"modified":"2024-04-08T08:58:36","modified_gmt":"2024-04-08T10:58:36","slug":"marc-marquez-100-podios-en-motogp","status":"publish","type":"post","link":"https:\/\/www.boxrepsol.com\/es\/motogp\/marc-marquez-100-podios-en-motogp\/","title":{"rendered":"Marc M\u00e1rquez, 100 podios en MotoGP"},"content":{"rendered":"<p><strong>Marc M\u00e1rquez<\/strong> sigue sumando r\u00e9cords. Esta vez ha sido en el Circuito de <strong>Phillip Island,<\/strong> donde ayer consigui\u00f3 un podio que lo sit\u00faa entre unos pocos pilotos que llegan al n\u00famero <strong>100.<\/strong><\/p>\n<p>Desde que lleg\u00f3 a <strong>MotoGP<\/strong> hace ahora nueve temporadas, el piloto del equipo <strong>Repsol Honda<\/strong> ha logrado 59 victorias, 31 segundos puestos y 10 terceros puestos. En 2014, su segundo a\u00f1o en MotoGP, fue d\u00f3nde Marc consigui\u00f3 m\u00e1s victorias \u2013 13 de 18 posibles \u2013 y Sachsenring, en Alemania, es el trazado en el que el ocho veces Campe\u00f3n del Mundo ha ganado m\u00e1s veces, 8 de 8.<\/p>\n<p>En su trayectoria en la categor\u00eda reina, Marc ha logrado subir al podio en el 65% de las carreras que ha disputado, es decir, en 100 de 152. Con estos n\u00fameros, M\u00e1rquez iguala a la leyenda del motociclismo espa\u00f1ol \u00c1ngel Nieto y entra a formar parte del club de los 100, en el que s\u00f3lo le superan Valentino Rossi (199), Jorge Lorenzo (114) y Dani Pedrosa (112).<\/p>\n<p>                    <a\n                        href=\"https:\/\/bxrepsol.s3.eu-west-1.amazonaws.com\/static\/2022\/11\/07082319\/https___repsolmedia.com_repsolmedia_wp-content_uploads_2022_10_INFOGRAFIA_100PODIUMS_ESP_v3-1.jpg\"\n                        data-index=\"0\"\n                    ><br \/>\n                        <img decoding=\"async\"\n                            src=\"https:\/\/bxrepsol.s3.eu-west-1.amazonaws.com\/static\/2022\/11\/07082319\/https___repsolmedia.com_repsolmedia_wp-content_uploads_2022_10_INFOGRAFIA_100PODIUMS_ESP_v3-1.jpg\"\n                            srcset=\"https:\/\/bxrepsol.s3.eu-west-1.amazonaws.com\/static\/2022\/11\/07082319\/https___repsolmedia.com_repsolmedia_wp-content_uploads_2022_10_INFOGRAFIA_100PODIUMS_ESP_v3-1.jpg 2560w, https:\/\/bxrepsol.s3.eu-west-1.amazonaws.com\/static\/2022\/11\/07082319\/https___repsolmedia.com_repsolmedia_wp-content_uploads_2022_10_INFOGRAFIA_100PODIUMS_ESP_v3-1.jpg 1280w, https:\/\/bxrepsol.s3.eu-west-1.amazonaws.com\/static\/2022\/11\/07082319\/https___repsolmedia.com_repsolmedia_wp-content_uploads_2022_10_INFOGRAFIA_100PODIUMS_ESP_v3-1.jpg 900w, https:\/\/bxrepsol.s3.eu-west-1.amazonaws.com\/static\/2022\/11\/07082319\/https___repsolmedia.com_repsolmedia_wp-content_uploads_2022_10_INFOGRAFIA_100PODIUMS_ESP_v3-1.jpg 600w, https:\/\/bxrepsol.s3.eu-west-1.amazonaws.com\/static\/2022\/11\/07082319\/https___repsolmedia.com_repsolmedia_wp-content_uploads_2022_10_INFOGRAFIA_100PODIUMS_ESP_v3-1.jpg 480w, https:\/\/bxrepsol.s3.eu-west-1.amazonaws.com\/static\/2022\/11\/07082319\/https___repsolmedia.com_repsolmedia_wp-content_uploads_2022_10_INFOGRAFIA_100PODIUMS_ESP_v3-1.jpg 32w\"\n                            title=\"https___repsolmedia.com_repsolmedia_wp-content_uploads_2022_10_INFOGRAFIA_100PODIUMS_ESP_v3-1\"\n                            alt=\"\"\n                            data-title=\"\"><br \/>\n                    <\/a><br \/>\n                    <a\n                        href=\"https:\/\/bxrepsol.s3.eu-west-1.amazonaws.com\/static\/2022\/11\/07082322\/https___repsolmedia.com_repsolmedia_wp-content_uploads_2022_10_https___repsolmedia.com_repsolmedia_wp-content_uploads_2013_04_01Qatar13_RMgp_XXX_0905-scaled-2.jpg\"\n                        data-index=\"1\"\n                    ><br \/>\n                        <img decoding=\"async\"\n                            src=\"https:\/\/bxrepsol.s3.eu-west-1.amazonaws.com\/static\/2022\/11\/07082322\/https___repsolmedia.com_repsolmedia_wp-content_uploads_2022_10_https___repsolmedia.com_repsolmedia_wp-content_uploads_2013_04_01Qatar13_RMgp_XXX_0905-scaled-2.jpg\"\n                            srcset=\"https:\/\/bxrepsol.s3.eu-west-1.amazonaws.com\/static\/2022\/11\/07082322\/https___repsolmedia.com_repsolmedia_wp-content_uploads_2022_10_https___repsolmedia.com_repsolmedia_wp-content_uploads_2013_04_01Qatar13_RMgp_XXX_0905-scaled-2.jpg 2560w, https:\/\/bxrepsol.s3.eu-west-1.amazonaws.com\/static\/2022\/11\/07082322\/https___repsolmedia.com_repsolmedia_wp-content_uploads_2022_10_https___repsolmedia.com_repsolmedia_wp-content_uploads_2013_04_01Qatar13_RMgp_XXX_0905-scaled-2.jpg 1280w, https:\/\/bxrepsol.s3.eu-west-1.amazonaws.com\/static\/2022\/11\/07082322\/https___repsolmedia.com_repsolmedia_wp-content_uploads_2022_10_https___repsolmedia.com_repsolmedia_wp-content_uploads_2013_04_01Qatar13_RMgp_XXX_0905-scaled-2.jpg 900w, https:\/\/bxrepsol.s3.eu-west-1.amazonaws.com\/static\/2022\/11\/07082322\/https___repsolmedia.com_repsolmedia_wp-content_uploads_2022_10_https___repsolmedia.com_repsolmedia_wp-content_uploads_2013_04_01Qatar13_RMgp_XXX_0905-scaled-2.jpg 600w, https:\/\/bxrepsol.s3.eu-west-1.amazonaws.com\/static\/2022\/11\/07082322\/https___repsolmedia.com_repsolmedia_wp-content_uploads_2022_10_https___repsolmedia.com_repsolmedia_wp-content_uploads_2013_04_01Qatar13_RMgp_XXX_0905-scaled-2.jpg 480w, https:\/\/bxrepsol.s3.eu-west-1.amazonaws.com\/static\/2022\/11\/07082322\/https___repsolmedia.com_repsolmedia_wp-content_uploads_2022_10_https___repsolmedia.com_repsolmedia_wp-content_uploads_2013_04_01Qatar13_RMgp_XXX_0905-scaled-2.jpg 32w\"\n                            title=\"01 GP Qatar 18, 19 y 20 de marzo de 2011\"\n                            alt=\"\"\n                            data-title=\"\"><br \/>\n                    <\/a><br \/>\n                    <a\n                        href=\"https:\/\/bxrepsol.s3.eu-west-1.amazonaws.com\/static\/2022\/11\/07082326\/https___repsolmedia.com_repsolmedia_wp-content_uploads_2022_10_https___repsolmedia.com_repsolmedia_wp-content_uploads_2017_11_18Valencia17_MgpREPSOL_GV7R9353-scaled-1.jpg\"\n                        data-index=\"2\"\n                    ><br \/>\n                        <img decoding=\"async\"\n                            src=\"https:\/\/bxrepsol.s3.eu-west-1.amazonaws.com\/static\/2022\/11\/07082326\/https___repsolmedia.com_repsolmedia_wp-content_uploads_2022_10_https___repsolmedia.com_repsolmedia_wp-content_uploads_2017_11_18Valencia17_MgpREPSOL_GV7R9353-scaled-1.jpg\"\n                            srcset=\"https:\/\/bxrepsol.s3.eu-west-1.amazonaws.com\/static\/2022\/11\/07082326\/https___repsolmedia.com_repsolmedia_wp-content_uploads_2022_10_https___repsolmedia.com_repsolmedia_wp-content_uploads_2017_11_18Valencia17_MgpREPSOL_GV7R9353-scaled-1.jpg 2560w, https:\/\/bxrepsol.s3.eu-west-1.amazonaws.com\/static\/2022\/11\/07082326\/https___repsolmedia.com_repsolmedia_wp-content_uploads_2022_10_https___repsolmedia.com_repsolmedia_wp-content_uploads_2017_11_18Valencia17_MgpREPSOL_GV7R9353-scaled-1.jpg 1280w, https:\/\/bxrepsol.s3.eu-west-1.amazonaws.com\/static\/2022\/11\/07082326\/https___repsolmedia.com_repsolmedia_wp-content_uploads_2022_10_https___repsolmedia.com_repsolmedia_wp-content_uploads_2017_11_18Valencia17_MgpREPSOL_GV7R9353-scaled-1.jpg 900w, https:\/\/bxrepsol.s3.eu-west-1.amazonaws.com\/static\/2022\/11\/07082326\/https___repsolmedia.com_repsolmedia_wp-content_uploads_2022_10_https___repsolmedia.com_repsolmedia_wp-content_uploads_2017_11_18Valencia17_MgpREPSOL_GV7R9353-scaled-1.jpg 600w, https:\/\/bxrepsol.s3.eu-west-1.amazonaws.com\/static\/2022\/11\/07082326\/https___repsolmedia.com_repsolmedia_wp-content_uploads_2022_10_https___repsolmedia.com_repsolmedia_wp-content_uploads_2017_11_18Valencia17_MgpREPSOL_GV7R9353-scaled-1.jpg 480w, https:\/\/bxrepsol.s3.eu-west-1.amazonaws.com\/static\/2022\/11\/07082326\/https___repsolmedia.com_repsolmedia_wp-content_uploads_2022_10_https___repsolmedia.com_repsolmedia_wp-content_uploads_2017_11_18Valencia17_MgpREPSOL_GV7R9353-scaled-1.jpg 32w\"\n                            title=\"https___repsolmedia.com_repsolmedia_wp-content_uploads_2022_10_https___repsolmedia.com_repsolmedia_wp-content_uploads_2017_11_18Valencia17_MgpREPSOL_GV7R9353-scaled\"\n                            alt=\"\"\n                            data-title=\"\"><br \/>\n                    <\/a><br \/>\n                    <a\n                        href=\"https:\/\/bxrepsol.s3.eu-west-1.amazonaws.com\/static\/2022\/11\/07082329\/https___repsolmedia.com_repsolmedia_wp-content_uploads_2022_10_https___repsolmedia.com_repsolmedia_wp-content_uploads_2019_10_15Tailandia19MgpREPSOL_PPJOC5173-scaled-1.jpg\"\n                        data-index=\"3\"\n                    ><br \/>\n                        <img decoding=\"async\"\n                            src=\"https:\/\/bxrepsol.s3.eu-west-1.amazonaws.com\/static\/2022\/11\/07082329\/https___repsolmedia.com_repsolmedia_wp-content_uploads_2022_10_https___repsolmedia.com_repsolmedia_wp-content_uploads_2019_10_15Tailandia19MgpREPSOL_PPJOC5173-scaled-1.jpg\"\n                            srcset=\"https:\/\/bxrepsol.s3.eu-west-1.amazonaws.com\/static\/2022\/11\/07082329\/https___repsolmedia.com_repsolmedia_wp-content_uploads_2022_10_https___repsolmedia.com_repsolmedia_wp-content_uploads_2019_10_15Tailandia19MgpREPSOL_PPJOC5173-scaled-1.jpg 2560w, https:\/\/bxrepsol.s3.eu-west-1.amazonaws.com\/static\/2022\/11\/07082329\/https___repsolmedia.com_repsolmedia_wp-content_uploads_2022_10_https___repsolmedia.com_repsolmedia_wp-content_uploads_2019_10_15Tailandia19MgpREPSOL_PPJOC5173-scaled-1.jpg 1280w, https:\/\/bxrepsol.s3.eu-west-1.amazonaws.com\/static\/2022\/11\/07082329\/https___repsolmedia.com_repsolmedia_wp-content_uploads_2022_10_https___repsolmedia.com_repsolmedia_wp-content_uploads_2019_10_15Tailandia19MgpREPSOL_PPJOC5173-scaled-1.jpg 900w, https:\/\/bxrepsol.s3.eu-west-1.amazonaws.com\/static\/2022\/11\/07082329\/https___repsolmedia.com_repsolmedia_wp-content_uploads_2022_10_https___repsolmedia.com_repsolmedia_wp-content_uploads_2019_10_15Tailandia19MgpREPSOL_PPJOC5173-scaled-1.jpg 600w, https:\/\/bxrepsol.s3.eu-west-1.amazonaws.com\/static\/2022\/11\/07082329\/https___repsolmedia.com_repsolmedia_wp-content_uploads_2022_10_https___repsolmedia.com_repsolmedia_wp-content_uploads_2019_10_15Tailandia19MgpREPSOL_PPJOC5173-scaled-1.jpg 480w, https:\/\/bxrepsol.s3.eu-west-1.amazonaws.com\/static\/2022\/11\/07082329\/https___repsolmedia.com_repsolmedia_wp-content_uploads_2022_10_https___repsolmedia.com_repsolmedia_wp-content_uploads_2019_10_15Tailandia19MgpREPSOL_PPJOC5173-scaled-1.jpg 32w\"\n                            title=\"15 Tailandia GP 3, 4, 5 y 6 de octubre de 2019, circuito de Chan\"\n                            alt=\"\"\n                            data-title=\"\"><br \/>\n                    <\/a><br \/>\n                    <a\n                        href=\"https:\/\/bxrepsol.s3.eu-west-1.amazonaws.com\/static\/2022\/11\/07082333\/https___repsolmedia.com_repsolmedia_wp-content_uploads_2022_10_https___repsolmedia.com_repsolmedia_wp-content_uploads_2022_10_TIN9257-scaled-2.jpg\"\n                        data-index=\"4\"\n                    ><br \/>\n                        <img decoding=\"async\"\n                            src=\"https:\/\/bxrepsol.s3.eu-west-1.amazonaws.com\/static\/2022\/11\/07082333\/https___repsolmedia.com_repsolmedia_wp-content_uploads_2022_10_https___repsolmedia.com_repsolmedia_wp-content_uploads_2022_10_TIN9257-scaled-2.jpg\"\n                            srcset=\"https:\/\/bxrepsol.s3.eu-west-1.amazonaws.com\/static\/2022\/11\/07082333\/https___repsolmedia.com_repsolmedia_wp-content_uploads_2022_10_https___repsolmedia.com_repsolmedia_wp-content_uploads_2022_10_TIN9257-scaled-2.jpg 2560w, https:\/\/bxrepsol.s3.eu-west-1.amazonaws.com\/static\/2022\/11\/07082333\/https___repsolmedia.com_repsolmedia_wp-content_uploads_2022_10_https___repsolmedia.com_repsolmedia_wp-content_uploads_2022_10_TIN9257-scaled-2.jpg 1280w, https:\/\/bxrepsol.s3.eu-west-1.amazonaws.com\/static\/2022\/11\/07082333\/https___repsolmedia.com_repsolmedia_wp-content_uploads_2022_10_https___repsolmedia.com_repsolmedia_wp-content_uploads_2022_10_TIN9257-scaled-2.jpg 900w, https:\/\/bxrepsol.s3.eu-west-1.amazonaws.com\/static\/2022\/11\/07082333\/https___repsolmedia.com_repsolmedia_wp-content_uploads_2022_10_https___repsolmedia.com_repsolmedia_wp-content_uploads_2022_10_TIN9257-scaled-2.jpg 600w, https:\/\/bxrepsol.s3.eu-west-1.amazonaws.com\/static\/2022\/11\/07082333\/https___repsolmedia.com_repsolmedia_wp-content_uploads_2022_10_https___repsolmedia.com_repsolmedia_wp-content_uploads_2022_10_TIN9257-scaled-2.jpg 480w, https:\/\/bxrepsol.s3.eu-west-1.amazonaws.com\/static\/2022\/11\/07082333\/https___repsolmedia.com_repsolmedia_wp-content_uploads_2022_10_https___repsolmedia.com_repsolmedia_wp-content_uploads_2022_10_TIN9257-scaled-2.jpg 32w\"\n                            title=\"https___repsolmedia.com_repsolmedia_wp-content_uploads_2022_10_https___repsolmedia.com_repsolmedia_wp-content_uploads_2022_10_TIN9257-scaled-2\"\n                            alt=\"\"\n                            data-title=\"\"><br \/>\n                    <\/a><br \/>\n        <button data-glide-dir=\"<\"><br \/>\n            <svg role=\"img\"  viewBox=\"0 0 256 512\">\n                <path fill=\"currentColor\" d=\"M238.475 475.535l7.071-7.07c4.686-4.686 4.686-12.284 0-16.971L50.053 256 245.546 60.506c4.686-4.686 4.686-12.284 0-16.971l-7.071-7.07c-4.686-4.686-12.284-4.686-16.97 0L10.454 247.515c-4.686 4.686-4.686 12.284 0 16.971l211.051 211.05c4.686 4.686 12.284 4.686 16.97-.001z\"><\/path>\n            <\/svg><br \/>\n        <\/button><br \/>\n        <button data-glide-dir=\">\u00ab><br \/>\n            <svg role=\"img\"  viewBox=\"0 0 256 512\">\n                <path fill=\"currentColor\" d=\"M17.525 36.465l-7.071 7.07c-4.686 4.686-4.686 12.284 0 16.971L205.947 256 10.454 451.494c-4.686 4.686-4.686 12.284 0 16.971l7.071 7.07c4.686 4.686 12.284 4.686 16.97 0l211.051-211.05c4.686-4.686 4.686-12.284 0-16.971L34.495 36.465c-4.686-4.687-12.284-4.687-16.97 0z\"><\/path>\n            <\/svg><br \/>\n        <\/button><\/p>\n","protected":false},"excerpt":{"rendered":"<p>Con el segundo puesto de ayer, el piloto del equipo Repsol Honda logr\u00f3 sumar en Australia su podio n\u00famero 100 en la categor\u00eda reina, igualando de esta forma al m\u00edtico piloto espa\u00f1ol \u00c1ngel Nieto.<\/p>\n","protected":false},"author":43146,"featured_media":75832,"comment_status":"open","ping_status":"open","sticky":false,"template":"","format":"standard","meta":{"footnotes":""},"categories":[4],"tags":[120,6,139],"class_list":["post-95560","post","type-post","status-publish","format-standard","hentry","category-motogp","tag-120","tag-marc-marquez","tag-motogp-australia"],"yoast_head":"<!-- This site is optimized with the Yoast SEO plugin v27.3 - https:\/\/yoast.com\/product\/yoast-seo-wordpress\/ -->\n<title>Marc M\u00e1rquez, 100 podios en MotoGP - Box Repsol<\/title>\n<link rel=\"canonical\" href=\"https:\/\/www.boxrepsol.com\/es\/motogp\/marc-marquez-100-podios-en-motogp\/\" \/>\n<meta property=\"og:locale\" content=\"es_ES\" \/>\n<meta property=\"og:type\" content=\"article\" \/>\n<meta property=\"og:title\" content=\"Marc M\u00e1rquez, 100 podios en MotoGP - Box Repsol\" \/>\n<meta property=\"og:description\" content=\"Con el segundo puesto de ayer, el piloto del equipo Repsol Honda logr\u00f3 sumar en Australia su podio n\u00famero 100 en la categor\u00eda reina, igualando de esta forma al m\u00edtico piloto espa\u00f1ol \u00c1ngel Nieto.\" \/>\n<meta property=\"og:url\" content=\"https:\/\/www.boxrepsol.com\/es\/motogp\/marc-marquez-100-podios-en-motogp\/\" \/>\n<meta property=\"og:site_name\" content=\"Box Repsol\" \/>\n<meta property=\"article:publisher\" content=\"https:\/\/www.facebook.com\/BoxRepsol\" \/>\n<meta property=\"article:author\" content=\"https:\/\/www.facebook.com\/BoxRepsol\/\" \/>\n<meta property=\"article:published_time\" content=\"2022-10-17T02:00:00+00:00\" \/>\n<meta property=\"article:modified_time\" content=\"2024-04-08T10:58:36+00:00\" \/>\n<meta property=\"og:image\" content=\"https:\/\/bxrepsol.s3.eu-west-1.amazonaws.com\/static\/2022\/11\/07082338\/infoespweb.jpg\" \/>\n\t<meta property=\"og:image:width\" content=\"1280\" \/>\n\t<meta property=\"og:image:height\" content=\"600\" \/>\n\t<meta property=\"og:image:type\" content=\"image\/jpeg\" \/>\n<meta name=\"author\" content=\"Redacci\u00f3n Box Repsol\" \/>\n<meta name=\"twitter:card\" content=\"summary_large_image\" \/>\n<meta name=\"twitter:creator\" content=\"@https:\/\/twitter.com\/box_repsol\" \/>\n<meta name=\"twitter:site\" content=\"@box_repsol\" \/>\n<meta name=\"twitter:label1\" content=\"Written by\" \/>\n\t<meta name=\"twitter:data1\" content=\"Redacci\u00f3n Box Repsol\" \/>\n\t<meta name=\"twitter:label2\" content=\"Est. reading time\" \/>\n\t<meta name=\"twitter:data2\" content=\"1 minuto\" \/>\n<script type=\"application\/ld+json\" class=\"yoast-schema-graph\">{\"@context\":\"https:\\\/\\\/schema.org\",\"@graph\":[{\"@type\":\"Article\",\"@id\":\"https:\\\/\\\/www.boxrepsol.com\\\/es\\\/motogp\\\/marc-marquez-100-podios-en-motogp\\\/#article\",\"isPartOf\":{\"@id\":\"https:\\\/\\\/www.boxrepsol.com\\\/es\\\/motogp\\\/marc-marquez-100-podios-en-motogp\\\/\"},\"author\":{\"name\":\"Redacci\u00f3n Box Repsol\",\"@id\":\"https:\\\/\\\/www.boxrepsol.com\\\/es\\\/#\\\/schema\\\/person\\\/c5c2138f2cca251b0ad92b7086bb60b7\"},\"headline\":\"Marc M\u00e1rquez, 100 podios en MotoGP\",\"datePublished\":\"2022-10-17T02:00:00+00:00\",\"dateModified\":\"2024-04-08T10:58:36+00:00\",\"mainEntityOfPage\":{\"@id\":\"https:\\\/\\\/www.boxrepsol.com\\\/es\\\/motogp\\\/marc-marquez-100-podios-en-motogp\\\/\"},\"wordCount\":169,\"commentCount\":0,\"publisher\":{\"@id\":\"https:\\\/\\\/www.boxrepsol.com\\\/es\\\/#organization\"},\"image\":{\"@id\":\"https:\\\/\\\/www.boxrepsol.com\\\/es\\\/motogp\\\/marc-marquez-100-podios-en-motogp\\\/#primaryimage\"},\"thumbnailUrl\":\"https:\\\/\\\/bxrepsol.s3.eu-west-1.amazonaws.com\\\/static\\\/2022\\\/11\\\/07082338\\\/infoespweb.jpg\",\"keywords\":[\"2022\",\"Marc M\u00e1rquez\",\"MotoGP Australia\"],\"articleSection\":[\"MotoGP\"],\"inLanguage\":\"es\",\"potentialAction\":[{\"@type\":\"CommentAction\",\"name\":\"Comment\",\"target\":[\"https:\\\/\\\/www.boxrepsol.com\\\/es\\\/motogp\\\/marc-marquez-100-podios-en-motogp\\\/#respond\"]}]},{\"@type\":\"WebPage\",\"@id\":\"https:\\\/\\\/www.boxrepsol.com\\\/es\\\/motogp\\\/marc-marquez-100-podios-en-motogp\\\/\",\"url\":\"https:\\\/\\\/www.boxrepsol.com\\\/es\\\/motogp\\\/marc-marquez-100-podios-en-motogp\\\/\",\"name\":\"Marc M\u00e1rquez, 100 podios en MotoGP - Box Repsol\",\"isPartOf\":{\"@id\":\"https:\\\/\\\/www.boxrepsol.com\\\/es\\\/#website\"},\"primaryImageOfPage\":{\"@id\":\"https:\\\/\\\/www.boxrepsol.com\\\/es\\\/motogp\\\/marc-marquez-100-podios-en-motogp\\\/#primaryimage\"},\"image\":{\"@id\":\"https:\\\/\\\/www.boxrepsol.com\\\/es\\\/motogp\\\/marc-marquez-100-podios-en-motogp\\\/#primaryimage\"},\"thumbnailUrl\":\"https:\\\/\\\/bxrepsol.s3.eu-west-1.amazonaws.com\\\/static\\\/2022\\\/11\\\/07082338\\\/infoespweb.jpg\",\"datePublished\":\"2022-10-17T02:00:00+00:00\",\"dateModified\":\"2024-04-08T10:58:36+00:00\",\"breadcrumb\":{\"@id\":\"https:\\\/\\\/www.boxrepsol.com\\\/es\\\/motogp\\\/marc-marquez-100-podios-en-motogp\\\/#breadcrumb\"},\"inLanguage\":\"es\",\"potentialAction\":[{\"@type\":\"ReadAction\",\"target\":[\"https:\\\/\\\/www.boxrepsol.com\\\/es\\\/motogp\\\/marc-marquez-100-podios-en-motogp\\\/\"]}]},{\"@type\":\"ImageObject\",\"inLanguage\":\"es\",\"@id\":\"https:\\\/\\\/www.boxrepsol.com\\\/es\\\/motogp\\\/marc-marquez-100-podios-en-motogp\\\/#primaryimage\",\"url\":\"https:\\\/\\\/bxrepsol.s3.eu-west-1.amazonaws.com\\\/static\\\/2022\\\/11\\\/07082338\\\/infoespweb.jpg\",\"contentUrl\":\"https:\\\/\\\/bxrepsol.s3.eu-west-1.amazonaws.com\\\/static\\\/2022\\\/11\\\/07082338\\\/infoespweb.jpg\",\"width\":1280,\"height\":600},{\"@type\":\"BreadcrumbList\",\"@id\":\"https:\\\/\\\/www.boxrepsol.com\\\/es\\\/motogp\\\/marc-marquez-100-podios-en-motogp\\\/#breadcrumb\",\"itemListElement\":[{\"@type\":\"ListItem\",\"position\":1,\"name\":\"Home\",\"item\":\"https:\\\/\\\/www.boxrepsol.com\\\/es\\\/\"},{\"@type\":\"ListItem\",\"position\":2,\"name\":\"Marc M\u00e1rquez, 100 podios en MotoGP\"}]},{\"@type\":\"WebSite\",\"@id\":\"https:\\\/\\\/www.boxrepsol.com\\\/es\\\/#website\",\"url\":\"https:\\\/\\\/www.boxrepsol.com\\\/es\\\/\",\"name\":\"Box Repsol\",\"description\":\"Box Repsol Site\",\"publisher\":{\"@id\":\"https:\\\/\\\/www.boxrepsol.com\\\/es\\\/#organization\"},\"potentialAction\":[{\"@type\":\"SearchAction\",\"target\":{\"@type\":\"EntryPoint\",\"urlTemplate\":\"https:\\\/\\\/www.boxrepsol.com\\\/es\\\/?s={search_term_string}\"},\"query-input\":{\"@type\":\"PropertyValueSpecification\",\"valueRequired\":true,\"valueName\":\"search_term_string\"}}],\"inLanguage\":\"es\"},{\"@type\":\"Organization\",\"@id\":\"https:\\\/\\\/www.boxrepsol.com\\\/es\\\/#organization\",\"name\":\"Box Repsol\",\"url\":\"https:\\\/\\\/www.boxrepsol.com\\\/es\\\/\",\"logo\":{\"@type\":\"ImageObject\",\"inLanguage\":\"es\",\"@id\":\"https:\\\/\\\/www.boxrepsol.com\\\/es\\\/#\\\/schema\\\/logo\\\/image\\\/\",\"url\":\"https:\\\/\\\/bxrepsol.s3.eu-west-1.amazonaws.com\\\/static\\\/2025\\\/07\\\/30083337\\\/favicon-96x96-1.png\",\"contentUrl\":\"https:\\\/\\\/bxrepsol.s3.eu-west-1.amazonaws.com\\\/static\\\/2025\\\/07\\\/30083337\\\/favicon-96x96-1.png\",\"width\":96,\"height\":96,\"caption\":\"Box Repsol\"},\"image\":{\"@id\":\"https:\\\/\\\/www.boxrepsol.com\\\/es\\\/#\\\/schema\\\/logo\\\/image\\\/\"},\"sameAs\":[\"https:\\\/\\\/www.facebook.com\\\/BoxRepsol\",\"https:\\\/\\\/x.com\\\/box_repsol\",\"http:\\\/\\\/instagram.com\\\/box_repsol\",\"https:\\\/\\\/www.youtube.com\\\/user\\\/RepsolCompeticion\",\"https:\\\/\\\/www.flickr.com\\\/photos\\\/box_repsol\\\/\"]},{\"@type\":\"Person\",\"@id\":\"https:\\\/\\\/www.boxrepsol.com\\\/es\\\/#\\\/schema\\\/person\\\/c5c2138f2cca251b0ad92b7086bb60b7\",\"name\":\"Redacci\u00f3n Box Repsol\",\"image\":{\"@type\":\"ImageObject\",\"inLanguage\":\"es\",\"@id\":\"https:\\\/\\\/secure.gravatar.com\\\/avatar\\\/adf7b77e38b4419baf32c7e9c21dde01f4e40df611f0978e3006fc4ba0aaab7e?s=96&d=mm&r=g\",\"url\":\"https:\\\/\\\/secure.gravatar.com\\\/avatar\\\/adf7b77e38b4419baf32c7e9c21dde01f4e40df611f0978e3006fc4ba0aaab7e?s=96&d=mm&r=g\",\"contentUrl\":\"https:\\\/\\\/secure.gravatar.com\\\/avatar\\\/adf7b77e38b4419baf32c7e9c21dde01f4e40df611f0978e3006fc4ba0aaab7e?s=96&d=mm&r=g\",\"caption\":\"Redacci\u00f3n Box Repsol\"},\"description\":\"Box Repsol lo forma un equipo de periodistas, community managers, dise\u00f1adores y fot\u00f3grafos con m\u00e1s de 20 a\u00f1os de experiencia en el mundo del motorsport. Hemos vivido el primer mundial de un espa\u00f1ol en la categor\u00eda reina de motociclismo con \u00c1lex Crivill\u00e9, estuvimos en las victorias de Pedrosa y los t\u00edtulos de M\u00e1rquez, acompa\u00f1amos en \u00c1frica a Nani Roma y Marc Coma en sus conquistas del Dakar y hemos vibrado con los t\u00edtulos de Toni Bou en Trial. Adem\u00e1s, en nuestro equipo contamos con expertos en el mundo de las dos y cuatro ruedas tanto de la calle y las carreteras, como de los circuitos. Periodistas que han trabajado en revistas y publicaciones para hacerte llegar desde rutas y consejos de mantenimiento, a curiosidades y trucos de pilotaje.\",\"sameAs\":[\"https:\\\/\\\/www.facebook.com\\\/BoxRepsol\\\/\",\"https:\\\/\\\/www.instagram.com\\\/box_repsol\\\/\",\"https:\\\/\\\/x.com\\\/https:\\\/\\\/twitter.com\\\/box_repsol\",\"https:\\\/\\\/www.youtube.com\\\/@Boxrepsol\"],\"url\":\"https:\\\/\\\/www.boxrepsol.com\\\/es\\\/author\\\/redaccion-box-repsol\\\/\"}]}<\/script>\n<!-- \/ Yoast SEO plugin. -->","yoast_head_json":{"title":"Marc M\u00e1rquez, 100 podios en MotoGP - Box Repsol","canonical":"https:\/\/www.boxrepsol.com\/es\/motogp\/marc-marquez-100-podios-en-motogp\/","og_locale":"es_ES","og_type":"article","og_title":"Marc M\u00e1rquez, 100 podios en MotoGP - Box Repsol","og_description":"Con el segundo puesto de ayer, el piloto del equipo Repsol Honda logr\u00f3 sumar en Australia su podio n\u00famero 100 en la categor\u00eda reina, igualando de esta forma al m\u00edtico piloto espa\u00f1ol \u00c1ngel Nieto.","og_url":"https:\/\/www.boxrepsol.com\/es\/motogp\/marc-marquez-100-podios-en-motogp\/","og_site_name":"Box Repsol","article_publisher":"https:\/\/www.facebook.com\/BoxRepsol","article_author":"https:\/\/www.facebook.com\/BoxRepsol\/","article_published_time":"2022-10-17T02:00:00+00:00","article_modified_time":"2024-04-08T10:58:36+00:00","og_image":[{"width":1280,"height":600,"url":"https:\/\/bxrepsol.s3.eu-west-1.amazonaws.com\/static\/2022\/11\/07082338\/infoespweb.jpg","type":"image\/jpeg"}],"author":"Redacci\u00f3n Box Repsol","twitter_card":"summary_large_image","twitter_creator":"@https:\/\/twitter.com\/box_repsol","twitter_site":"@box_repsol","twitter_misc":{"Written by":"Redacci\u00f3n Box Repsol","Est. reading time":"1 minuto"},"schema":{"@context":"https:\/\/schema.org","@graph":[{"@type":"Article","@id":"https:\/\/www.boxrepsol.com\/es\/motogp\/marc-marquez-100-podios-en-motogp\/#article","isPartOf":{"@id":"https:\/\/www.boxrepsol.com\/es\/motogp\/marc-marquez-100-podios-en-motogp\/"},"author":{"name":"Redacci\u00f3n Box Repsol","@id":"https:\/\/www.boxrepsol.com\/es\/#\/schema\/person\/c5c2138f2cca251b0ad92b7086bb60b7"},"headline":"Marc M\u00e1rquez, 100 podios en MotoGP","datePublished":"2022-10-17T02:00:00+00:00","dateModified":"2024-04-08T10:58:36+00:00","mainEntityOfPage":{"@id":"https:\/\/www.boxrepsol.com\/es\/motogp\/marc-marquez-100-podios-en-motogp\/"},"wordCount":169,"commentCount":0,"publisher":{"@id":"https:\/\/www.boxrepsol.com\/es\/#organization"},"image":{"@id":"https:\/\/www.boxrepsol.com\/es\/motogp\/marc-marquez-100-podios-en-motogp\/#primaryimage"},"thumbnailUrl":"https:\/\/bxrepsol.s3.eu-west-1.amazonaws.com\/static\/2022\/11\/07082338\/infoespweb.jpg","keywords":["2022","Marc M\u00e1rquez","MotoGP Australia"],"articleSection":["MotoGP"],"inLanguage":"es","potentialAction":[{"@type":"CommentAction","name":"Comment","target":["https:\/\/www.boxrepsol.com\/es\/motogp\/marc-marquez-100-podios-en-motogp\/#respond"]}]},{"@type":"WebPage","@id":"https:\/\/www.boxrepsol.com\/es\/motogp\/marc-marquez-100-podios-en-motogp\/","url":"https:\/\/www.boxrepsol.com\/es\/motogp\/marc-marquez-100-podios-en-motogp\/","name":"Marc M\u00e1rquez, 100 podios en MotoGP - Box Repsol","isPartOf":{"@id":"https:\/\/www.boxrepsol.com\/es\/#website"},"primaryImageOfPage":{"@id":"https:\/\/www.boxrepsol.com\/es\/motogp\/marc-marquez-100-podios-en-motogp\/#primaryimage"},"image":{"@id":"https:\/\/www.boxrepsol.com\/es\/motogp\/marc-marquez-100-podios-en-motogp\/#primaryimage"},"thumbnailUrl":"https:\/\/bxrepsol.s3.eu-west-1.amazonaws.com\/static\/2022\/11\/07082338\/infoespweb.jpg","datePublished":"2022-10-17T02:00:00+00:00","dateModified":"2024-04-08T10:58:36+00:00","breadcrumb":{"@id":"https:\/\/www.boxrepsol.com\/es\/motogp\/marc-marquez-100-podios-en-motogp\/#breadcrumb"},"inLanguage":"es","potentialAction":[{"@type":"ReadAction","target":["https:\/\/www.boxrepsol.com\/es\/motogp\/marc-marquez-100-podios-en-motogp\/"]}]},{"@type":"ImageObject","inLanguage":"es","@id":"https:\/\/www.boxrepsol.com\/es\/motogp\/marc-marquez-100-podios-en-motogp\/#primaryimage","url":"https:\/\/bxrepsol.s3.eu-west-1.amazonaws.com\/static\/2022\/11\/07082338\/infoespweb.jpg","contentUrl":"https:\/\/bxrepsol.s3.eu-west-1.amazonaws.com\/static\/2022\/11\/07082338\/infoespweb.jpg","width":1280,"height":600},{"@type":"BreadcrumbList","@id":"https:\/\/www.boxrepsol.com\/es\/motogp\/marc-marquez-100-podios-en-motogp\/#breadcrumb","itemListElement":[{"@type":"ListItem","position":1,"name":"Home","item":"https:\/\/www.boxrepsol.com\/es\/"},{"@type":"ListItem","position":2,"name":"Marc M\u00e1rquez, 100 podios en MotoGP"}]},{"@type":"WebSite","@id":"https:\/\/www.boxrepsol.com\/es\/#website","url":"https:\/\/www.boxrepsol.com\/es\/","name":"Box Repsol","description":"Box Repsol Site","publisher":{"@id":"https:\/\/www.boxrepsol.com\/es\/#organization"},"potentialAction":[{"@type":"SearchAction","target":{"@type":"EntryPoint","urlTemplate":"https:\/\/www.boxrepsol.com\/es\/?s={search_term_string}"},"query-input":{"@type":"PropertyValueSpecification","valueRequired":true,"valueName":"search_term_string"}}],"inLanguage":"es"},{"@type":"Organization","@id":"https:\/\/www.boxrepsol.com\/es\/#organization","name":"Box Repsol","url":"https:\/\/www.boxrepsol.com\/es\/","logo":{"@type":"ImageObject","inLanguage":"es","@id":"https:\/\/www.boxrepsol.com\/es\/#\/schema\/logo\/image\/","url":"https:\/\/bxrepsol.s3.eu-west-1.amazonaws.com\/static\/2025\/07\/30083337\/favicon-96x96-1.png","contentUrl":"https:\/\/bxrepsol.s3.eu-west-1.amazonaws.com\/static\/2025\/07\/30083337\/favicon-96x96-1.png","width":96,"height":96,"caption":"Box Repsol"},"image":{"@id":"https:\/\/www.boxrepsol.com\/es\/#\/schema\/logo\/image\/"},"sameAs":["https:\/\/www.facebook.com\/BoxRepsol","https:\/\/x.com\/box_repsol","http:\/\/instagram.com\/box_repsol","https:\/\/www.youtube.com\/user\/RepsolCompeticion","https:\/\/www.flickr.com\/photos\/box_repsol\/"]},{"@type":"Person","@id":"https:\/\/www.boxrepsol.com\/es\/#\/schema\/person\/c5c2138f2cca251b0ad92b7086bb60b7","name":"Redacci\u00f3n Box Repsol","image":{"@type":"ImageObject","inLanguage":"es","@id":"https:\/\/secure.gravatar.com\/avatar\/adf7b77e38b4419baf32c7e9c21dde01f4e40df611f0978e3006fc4ba0aaab7e?s=96&d=mm&r=g","url":"https:\/\/secure.gravatar.com\/avatar\/adf7b77e38b4419baf32c7e9c21dde01f4e40df611f0978e3006fc4ba0aaab7e?s=96&d=mm&r=g","contentUrl":"https:\/\/secure.gravatar.com\/avatar\/adf7b77e38b4419baf32c7e9c21dde01f4e40df611f0978e3006fc4ba0aaab7e?s=96&d=mm&r=g","caption":"Redacci\u00f3n Box Repsol"},"description":"Box Repsol lo forma un equipo de periodistas, community managers, dise\u00f1adores y fot\u00f3grafos con m\u00e1s de 20 a\u00f1os de experiencia en el mundo del motorsport. Hemos vivido el primer mundial de un espa\u00f1ol en la categor\u00eda reina de motociclismo con \u00c1lex Crivill\u00e9, estuvimos en las victorias de Pedrosa y los t\u00edtulos de M\u00e1rquez, acompa\u00f1amos en \u00c1frica a Nani Roma y Marc Coma en sus conquistas del Dakar y hemos vibrado con los t\u00edtulos de Toni Bou en Trial. Adem\u00e1s, en nuestro equipo contamos con expertos en el mundo de las dos y cuatro ruedas tanto de la calle y las carreteras, como de los circuitos. Periodistas que han trabajado en revistas y publicaciones para hacerte llegar desde rutas y consejos de mantenimiento, a curiosidades y trucos de pilotaje.","sameAs":["https:\/\/www.facebook.com\/BoxRepsol\/","https:\/\/www.instagram.com\/box_repsol\/","https:\/\/x.com\/https:\/\/twitter.com\/box_repsol","https:\/\/www.youtube.com\/@Boxrepsol"],"url":"https:\/\/www.boxrepsol.com\/es\/author\/redaccion-box-repsol\/"}]}},"_links":{"self":[{"href":"https:\/\/www.boxrepsol.com\/es\/wp-json\/wp\/v2\/posts\/95560","targetHints":{"allow":["GET"]}}],"collection":[{"href":"https:\/\/www.boxrepsol.com\/es\/wp-json\/wp\/v2\/posts"}],"about":[{"href":"https:\/\/www.boxrepsol.com\/es\/wp-json\/wp\/v2\/types\/post"}],"author":[{"embeddable":true,"href":"https:\/\/www.boxrepsol.com\/es\/wp-json\/wp\/v2\/users\/43146"}],"replies":[{"embeddable":true,"href":"https:\/\/www.boxrepsol.com\/es\/wp-json\/wp\/v2\/comments?post=95560"}],"version-history":[{"count":1,"href":"https:\/\/www.boxrepsol.com\/es\/wp-json\/wp\/v2\/posts\/95560\/revisions"}],"predecessor-version":[{"id":95561,"href":"https:\/\/www.boxrepsol.com\/es\/wp-json\/wp\/v2\/posts\/95560\/revisions\/95561"}],"wp:featuredmedia":[{"embeddable":true,"href":"https:\/\/www.boxrepsol.com\/es\/wp-json\/wp\/v2\/media\/75832"}],"wp:attachment":[{"href":"https:\/\/www.boxrepsol.com\/es\/wp-json\/wp\/v2\/media?parent=95560"}],"wp:term":[{"taxonomy":"category","embeddable":true,"href":"https:\/\/www.boxrepsol.com\/es\/wp-json\/wp\/v2\/categories?post=95560"},{"taxonomy":"post_tag","embeddable":true,"href":"https:\/\/www.boxrepsol.com\/es\/wp-json\/wp\/v2\/tags?post=95560"}],"curies":[{"name":"wp","href":"https:\/\/api.w.org\/{rel}","templated":true}]}}