{"id":95553,"date":"2022-10-14T00:00:00","date_gmt":"2022-10-14T02:00:00","guid":{"rendered":"http:\/\/pre.boxrepsol.com\/sin-categorizar\/positivo-arranque-del-equipo-repsol-honda-en-australia\/"},"modified":"2024-04-08T08:59:46","modified_gmt":"2024-04-08T10:59:46","slug":"positivo-arranque-del-equipo-repsol-honda-en-australia","status":"publish","type":"post","link":"https:\/\/www.boxrepsol.com\/es\/motogp\/positivo-arranque-del-equipo-repsol-honda-en-australia\/","title":{"rendered":"Positivo arranque del equipo Repsol Honda en Australia"},"content":{"rendered":"<p>Despu\u00e9s de que ayer jueves la lluvia estuviese presente durante todo el d\u00eda en el Circuito de <strong>Phillip Island,<\/strong> hoy los pilotos del Campeonato del Mundo de <strong>MotoGP<\/strong> han disputado las dos primeras sesiones de entrenamientos disfrutando de una jornada soleada.<\/p>\n<p><strong>Pol Espargar\u00f3<\/strong> ha empezado el <strong>Gran Premio de Australia<\/strong> de forma positiva. En uno de los trazados favoritos del piloto del equipo <strong>Repsol Honda,<\/strong> Espargar\u00f3 ha ido de menos a m\u00e1s, tras finalizar und\u00e9cimo la FP1 y tercero la FP2.<\/p>\n<p>Con buenas sensaciones y pilotando algo m\u00e1s c\u00f3modo que en los \u00faltimos Grandes Premios, Pol ha registrado un mejor tiempo de 1 minuto, 29 segundos y 527 mil\u00e9simas que le ha situado tercero en la tabla de tiempos combinados.<\/p>\n<p><strong>Marc M\u00e1rquez<\/strong> ha protagonizado una jornada de entrenamientos libres constante y regular. El piloto del equipo <strong>Repsol Honda<\/strong> ha estado en tiempos de cabeza durante gran parte de las dos sesiones de la jornada y sigue mostrando que la recuperaci\u00f3n de su h\u00famero cada vez est\u00e1 m\u00e1s consolidada.<\/p>\n<p>Al final del d\u00eda y con un mejor tiempo de 1 minuto, 29 segundos y 775 mil\u00e9simas, M\u00e1rquez ha sido el sexto piloto m\u00e1s r\u00e1pido en el total de tiempos combinados.<\/p>\n<p><a href=\"https:\/\/bxrepsol.s3.eu-west-1.amazonaws.com\/static\/2022\/11\/07082106\/https___repsolmedia.com_repsolmedia_wp-content_uploads_2022_10_JRB6062-scaled-1.jpg\" data-index=\"0\"><br \/>\n<img decoding=\"async\" src=\"https:\/\/bxrepsol.s3.eu-west-1.amazonaws.com\/static\/2022\/11\/07082106\/https___repsolmedia.com_repsolmedia_wp-content_uploads_2022_10_JRB6062-scaled-1.jpg\" srcset=\"https:\/\/bxrepsol.s3.eu-west-1.amazonaws.com\/static\/2022\/11\/07082106\/https___repsolmedia.com_repsolmedia_wp-content_uploads_2022_10_JRB6062-scaled-1.jpg 2560w, https:\/\/bxrepsol.s3.eu-west-1.amazonaws.com\/static\/2022\/11\/07082106\/https___repsolmedia.com_repsolmedia_wp-content_uploads_2022_10_JRB6062-scaled-1.jpg 1280w, https:\/\/bxrepsol.s3.eu-west-1.amazonaws.com\/static\/2022\/11\/07082106\/https___repsolmedia.com_repsolmedia_wp-content_uploads_2022_10_JRB6062-scaled-1.jpg 900w, https:\/\/bxrepsol.s3.eu-west-1.amazonaws.com\/static\/2022\/11\/07082106\/https___repsolmedia.com_repsolmedia_wp-content_uploads_2022_10_JRB6062-scaled-1.jpg 600w, https:\/\/bxrepsol.s3.eu-west-1.amazonaws.com\/static\/2022\/11\/07082106\/https___repsolmedia.com_repsolmedia_wp-content_uploads_2022_10_JRB6062-scaled-1.jpg 480w, https:\/\/bxrepsol.s3.eu-west-1.amazonaws.com\/static\/2022\/11\/07082106\/https___repsolmedia.com_repsolmedia_wp-content_uploads_2022_10_JRB6062-scaled-1.jpg 32w\" title=\"https___repsolmedia.com_repsolmedia_wp-content_uploads_2022_10_JRB6062-scaled\" alt=\"\" data-title=\"\"><br \/>\n<\/a><br \/>\n<a href=\"https:\/\/bxrepsol.s3.eu-west-1.amazonaws.com\/static\/2022\/11\/07082110\/https___repsolmedia.com_repsolmedia_wp-content_uploads_2022_10_JRB2912-scaled-1.jpg\" data-index=\"1\"><br \/>\n<img decoding=\"async\" src=\"https:\/\/bxrepsol.s3.eu-west-1.amazonaws.com\/static\/2022\/11\/07082110\/https___repsolmedia.com_repsolmedia_wp-content_uploads_2022_10_JRB2912-scaled-1.jpg\" srcset=\"https:\/\/bxrepsol.s3.eu-west-1.amazonaws.com\/static\/2022\/11\/07082110\/https___repsolmedia.com_repsolmedia_wp-content_uploads_2022_10_JRB2912-scaled-1.jpg 2560w, https:\/\/bxrepsol.s3.eu-west-1.amazonaws.com\/static\/2022\/11\/07082110\/https___repsolmedia.com_repsolmedia_wp-content_uploads_2022_10_JRB2912-scaled-1.jpg 1280w, https:\/\/bxrepsol.s3.eu-west-1.amazonaws.com\/static\/2022\/11\/07082110\/https___repsolmedia.com_repsolmedia_wp-content_uploads_2022_10_JRB2912-scaled-1.jpg 900w, https:\/\/bxrepsol.s3.eu-west-1.amazonaws.com\/static\/2022\/11\/07082110\/https___repsolmedia.com_repsolmedia_wp-content_uploads_2022_10_JRB2912-scaled-1.jpg 600w, https:\/\/bxrepsol.s3.eu-west-1.amazonaws.com\/static\/2022\/11\/07082110\/https___repsolmedia.com_repsolmedia_wp-content_uploads_2022_10_JRB2912-scaled-1.jpg 480w, https:\/\/bxrepsol.s3.eu-west-1.amazonaws.com\/static\/2022\/11\/07082110\/https___repsolmedia.com_repsolmedia_wp-content_uploads_2022_10_JRB2912-scaled-1.jpg 32w\" title=\"https___repsolmedia.com_repsolmedia_wp-content_uploads_2022_10_JRB2912-scaled\" alt=\"\" data-title=\"\"><br \/>\n<\/a><br \/>\n<a href=\"https:\/\/bxrepsol.s3.eu-west-1.amazonaws.com\/static\/2022\/11\/07082114\/https___repsolmedia.com_repsolmedia_wp-content_uploads_2022_10_JRB2165-scaled-1.jpg\" data-index=\"2\"><br \/>\n<img decoding=\"async\" src=\"https:\/\/bxrepsol.s3.eu-west-1.amazonaws.com\/static\/2022\/11\/07082114\/https___repsolmedia.com_repsolmedia_wp-content_uploads_2022_10_JRB2165-scaled-1.jpg\" srcset=\"https:\/\/bxrepsol.s3.eu-west-1.amazonaws.com\/static\/2022\/11\/07082114\/https___repsolmedia.com_repsolmedia_wp-content_uploads_2022_10_JRB2165-scaled-1.jpg 2560w, https:\/\/bxrepsol.s3.eu-west-1.amazonaws.com\/static\/2022\/11\/07082114\/https___repsolmedia.com_repsolmedia_wp-content_uploads_2022_10_JRB2165-scaled-1.jpg 1280w, https:\/\/bxrepsol.s3.eu-west-1.amazonaws.com\/static\/2022\/11\/07082114\/https___repsolmedia.com_repsolmedia_wp-content_uploads_2022_10_JRB2165-scaled-1.jpg 900w, https:\/\/bxrepsol.s3.eu-west-1.amazonaws.com\/static\/2022\/11\/07082114\/https___repsolmedia.com_repsolmedia_wp-content_uploads_2022_10_JRB2165-scaled-1.jpg 600w, https:\/\/bxrepsol.s3.eu-west-1.amazonaws.com\/static\/2022\/11\/07082114\/https___repsolmedia.com_repsolmedia_wp-content_uploads_2022_10_JRB2165-scaled-1.jpg 480w, https:\/\/bxrepsol.s3.eu-west-1.amazonaws.com\/static\/2022\/11\/07082114\/https___repsolmedia.com_repsolmedia_wp-content_uploads_2022_10_JRB2165-scaled-1.jpg 32w\" title=\"https___repsolmedia.com_repsolmedia_wp-content_uploads_2022_10_JRB2165-scaled\" alt=\"\" data-title=\"\"><br \/>\n<\/a><br \/>\n<a href=\"https:\/\/bxrepsol.s3.eu-west-1.amazonaws.com\/static\/2022\/11\/07082117\/https___repsolmedia.com_repsolmedia_wp-content_uploads_2022_10_JRB2070-1-scaled-1.jpg\" data-index=\"3\"><br \/>\n<img decoding=\"async\" src=\"https:\/\/bxrepsol.s3.eu-west-1.amazonaws.com\/static\/2022\/11\/07082117\/https___repsolmedia.com_repsolmedia_wp-content_uploads_2022_10_JRB2070-1-scaled-1.jpg\" srcset=\"https:\/\/bxrepsol.s3.eu-west-1.amazonaws.com\/static\/2022\/11\/07082117\/https___repsolmedia.com_repsolmedia_wp-content_uploads_2022_10_JRB2070-1-scaled-1.jpg 2560w, https:\/\/bxrepsol.s3.eu-west-1.amazonaws.com\/static\/2022\/11\/07082117\/https___repsolmedia.com_repsolmedia_wp-content_uploads_2022_10_JRB2070-1-scaled-1.jpg 1280w, https:\/\/bxrepsol.s3.eu-west-1.amazonaws.com\/static\/2022\/11\/07082117\/https___repsolmedia.com_repsolmedia_wp-content_uploads_2022_10_JRB2070-1-scaled-1.jpg 900w, https:\/\/bxrepsol.s3.eu-west-1.amazonaws.com\/static\/2022\/11\/07082117\/https___repsolmedia.com_repsolmedia_wp-content_uploads_2022_10_JRB2070-1-scaled-1.jpg 600w, https:\/\/bxrepsol.s3.eu-west-1.amazonaws.com\/static\/2022\/11\/07082117\/https___repsolmedia.com_repsolmedia_wp-content_uploads_2022_10_JRB2070-1-scaled-1.jpg 480w, https:\/\/bxrepsol.s3.eu-west-1.amazonaws.com\/static\/2022\/11\/07082117\/https___repsolmedia.com_repsolmedia_wp-content_uploads_2022_10_JRB2070-1-scaled-1.jpg 32w\" title=\"https___repsolmedia.com_repsolmedia_wp-content_uploads_2022_10_JRB2070-1-scaled\" alt=\"\" data-title=\"\"><br \/>\n<\/a><br \/>\n<a href=\"https:\/\/bxrepsol.s3.eu-west-1.amazonaws.com\/static\/2022\/11\/07082121\/https___repsolmedia.com_repsolmedia_wp-content_uploads_2022_10_JRB5149-scaled-1.jpg\" data-index=\"4\"><br \/>\n<img decoding=\"async\" src=\"https:\/\/bxrepsol.s3.eu-west-1.amazonaws.com\/static\/2022\/11\/07082121\/https___repsolmedia.com_repsolmedia_wp-content_uploads_2022_10_JRB5149-scaled-1.jpg\" srcset=\"https:\/\/bxrepsol.s3.eu-west-1.amazonaws.com\/static\/2022\/11\/07082121\/https___repsolmedia.com_repsolmedia_wp-content_uploads_2022_10_JRB5149-scaled-1.jpg 2560w, https:\/\/bxrepsol.s3.eu-west-1.amazonaws.com\/static\/2022\/11\/07082121\/https___repsolmedia.com_repsolmedia_wp-content_uploads_2022_10_JRB5149-scaled-1.jpg 1280w, https:\/\/bxrepsol.s3.eu-west-1.amazonaws.com\/static\/2022\/11\/07082121\/https___repsolmedia.com_repsolmedia_wp-content_uploads_2022_10_JRB5149-scaled-1.jpg 900w, https:\/\/bxrepsol.s3.eu-west-1.amazonaws.com\/static\/2022\/11\/07082121\/https___repsolmedia.com_repsolmedia_wp-content_uploads_2022_10_JRB5149-scaled-1.jpg 600w, https:\/\/bxrepsol.s3.eu-west-1.amazonaws.com\/static\/2022\/11\/07082121\/https___repsolmedia.com_repsolmedia_wp-content_uploads_2022_10_JRB5149-scaled-1.jpg 480w, https:\/\/bxrepsol.s3.eu-west-1.amazonaws.com\/static\/2022\/11\/07082121\/https___repsolmedia.com_repsolmedia_wp-content_uploads_2022_10_JRB5149-scaled-1.jpg 32w\" title=\"https___repsolmedia.com_repsolmedia_wp-content_uploads_2022_10_JRB5149-scaled\" alt=\"\" data-title=\"\"><br \/>\n<\/a><br \/>\n<button data-glide-dir=\"<\"><br \/>\n<svg role=\"img\" viewBox=\"0 0 256 512\">\n                <path fill=\"currentColor\" d=\"M238.475 475.535l7.071-7.07c4.686-4.686 4.686-12.284 0-16.971L50.053 256 245.546 60.506c4.686-4.686 4.686-12.284 0-16.971l-7.071-7.07c-4.686-4.686-12.284-4.686-16.97 0L10.454 247.515c-4.686 4.686-4.686 12.284 0 16.971l211.051 211.05c4.686 4.686 12.284 4.686 16.97-.001z\"><\/path>\n            <\/svg><br \/>\n<\/button><br \/>\n<button data-glide-dir=\">\u00ab><br \/>\n<svg role=\"img\" viewBox=\"0 0 256 512\">\n                <path fill=\"currentColor\" d=\"M17.525 36.465l-7.071 7.07c-4.686 4.686-4.686 12.284 0 16.971L205.947 256 10.454 451.494c-4.686 4.686-4.686 12.284 0 16.971l7.071 7.07c4.686 4.686 12.284 4.686 16.97 0l211.051-211.05c4.686-4.686 4.686-12.284 0-16.971L34.495 36.465c-4.686-4.687-12.284-4.687-16.97 0z\"><\/path>\n            <\/svg><br \/>\n<\/button><\/p>\n<p><strong>Declaraciones de los pilotos<\/strong><\/p>\n<p><a href=\"https:\/\/twitter.com\/hashtag\/MM93?src=hashtag_click\">#MM93<\/a><\/p>\n<p>\u00abNo es f\u00e1cil probar cosas durante un fin de semana, pero he notado algunos aspectos positivos con las nuevas piezas por la ma\u00f1ana. Luego, por la tarde, hemos vuelto a probar para confirmar nuestros progresos, hemos utilizado todo nuestro tiempo para probar estas cosas y esto es lo que debes hacer si quieres mejorar para el futuro. Podemos ver que la Honda est\u00e1 funcionando, incluso cuando s\u00f3lo quedan tres carreras. Seguir\u00e9 utilizando estas mejoras ma\u00f1ana. Luego veremos qu\u00e9 es posible el s\u00e1bado y el domingo, las sensaciones sobre la moto son bastante buenas y podemos ver que el potencial est\u00e1 ah\u00ed. Es genial volver a Phillip Island\u00bb.<\/p>\n<p><a href=\"https:\/\/twitter.com\/hashtag\/POL44?src=hashtag_click\">#POL44<\/a><\/p>\n<p>\u00abMe he sentido muy bien hoy y la moto tambi\u00e9n ha funcionado muy, muy bien. Ya por la ma\u00f1ana he sentido que era r\u00e1pido a una vuelta y tambi\u00e9n con nuestro ritmo de carrera. Y luego nos hemos centrado en encontrar el \u00faltimo paso con el neum\u00e1tico nuevo. Cuando hemos puesto el neum\u00e1tico nuevo esta tarde, todo ha funcionado y he podido disfrutar del pilotaje. Me encanta este lugar, la pista, el clima, el fr\u00edo y con el viento que lo complica todo, mi experiencia me ha ayudado mucho. Creo que este circuito se adapta a nuestra moto y el objetivo es, por supuesto, permanecer dentro de las primeras posiciones todo el fin de semana\u00bb.<\/p>\n<p>&nbsp;<\/p>\n","protected":false},"excerpt":{"rendered":"<p>Pol Espargar\u00f3 ha sido el tercer piloto m\u00e1s r\u00e1pido de la jornada y Marc M\u00e1rquez ha finalizado sexto.<\/p>\n","protected":false},"author":43146,"featured_media":75755,"comment_status":"open","ping_status":"open","sticky":false,"template":"","format":"standard","meta":{"footnotes":""},"categories":[4],"tags":[120,6,139,128],"class_list":["post-95553","post","type-post","status-publish","format-standard","hentry","category-motogp","tag-120","tag-marc-marquez","tag-motogp-australia","tag-pol-espargaro"],"yoast_head":"<!-- This site is optimized with the Yoast SEO plugin v27.3 - https:\/\/yoast.com\/product\/yoast-seo-wordpress\/ -->\n<title>Positivo arranque del equipo Repsol Honda en Australia - Box Repsol<\/title>\n<meta name=\"description\" content=\"Positivo arranque del equipo Repsol Honda en Australia. Descubre el desempe\u00f1o de los pilotos en el circuito de Phillip Island.\" \/>\n<link rel=\"canonical\" href=\"https:\/\/www.boxrepsol.com\/es\/motogp\/positivo-arranque-del-equipo-repsol-honda-en-australia\/\" \/>\n<meta property=\"og:locale\" content=\"es_ES\" \/>\n<meta property=\"og:type\" content=\"article\" \/>\n<meta property=\"og:title\" content=\"Positivo arranque del equipo Repsol Honda en Australia - Box Repsol\" \/>\n<meta property=\"og:description\" content=\"Positivo arranque del equipo Repsol Honda en Australia. Descubre el desempe\u00f1o de los pilotos en el circuito de Phillip Island.\" \/>\n<meta property=\"og:url\" content=\"https:\/\/www.boxrepsol.com\/es\/motogp\/positivo-arranque-del-equipo-repsol-honda-en-australia\/\" \/>\n<meta property=\"og:site_name\" content=\"Box Repsol\" \/>\n<meta property=\"article:publisher\" content=\"https:\/\/www.facebook.com\/BoxRepsol\" \/>\n<meta property=\"article:author\" content=\"https:\/\/www.facebook.com\/BoxRepsol\/\" \/>\n<meta property=\"article:published_time\" content=\"2022-10-14T02:00:00+00:00\" \/>\n<meta property=\"article:modified_time\" content=\"2024-04-08T10:59:46+00:00\" \/>\n<meta property=\"og:image\" content=\"https:\/\/bxrepsol.s3.eu-west-1.amazonaws.com\/static\/2022\/11\/07082126\/https___repsolmedia.com_repsolmedia_wp-content_uploads_2022_10_JRB3136-scaled1.jpg\" \/>\n\t<meta property=\"og:image:width\" content=\"1280\" \/>\n\t<meta property=\"og:image:height\" content=\"600\" \/>\n\t<meta property=\"og:image:type\" content=\"image\/jpeg\" \/>\n<meta name=\"author\" content=\"Redacci\u00f3n Box Repsol\" \/>\n<meta name=\"twitter:card\" content=\"summary_large_image\" \/>\n<meta name=\"twitter:creator\" content=\"@https:\/\/twitter.com\/box_repsol\" \/>\n<meta name=\"twitter:site\" content=\"@box_repsol\" \/>\n<meta name=\"twitter:label1\" content=\"Written by\" \/>\n\t<meta name=\"twitter:data1\" content=\"Redacci\u00f3n Box Repsol\" \/>\n\t<meta name=\"twitter:label2\" content=\"Est. reading time\" \/>\n\t<meta name=\"twitter:data2\" content=\"2 minutos\" \/>\n<script type=\"application\/ld+json\" class=\"yoast-schema-graph\">{\"@context\":\"https:\\\/\\\/schema.org\",\"@graph\":[{\"@type\":\"Article\",\"@id\":\"https:\\\/\\\/www.boxrepsol.com\\\/es\\\/motogp\\\/positivo-arranque-del-equipo-repsol-honda-en-australia\\\/#article\",\"isPartOf\":{\"@id\":\"https:\\\/\\\/www.boxrepsol.com\\\/es\\\/motogp\\\/positivo-arranque-del-equipo-repsol-honda-en-australia\\\/\"},\"author\":{\"name\":\"Redacci\u00f3n Box Repsol\",\"@id\":\"https:\\\/\\\/www.boxrepsol.com\\\/es\\\/#\\\/schema\\\/person\\\/c5c2138f2cca251b0ad92b7086bb60b7\"},\"headline\":\"Positivo arranque del equipo Repsol Honda en Australia\",\"datePublished\":\"2022-10-14T02:00:00+00:00\",\"dateModified\":\"2024-04-08T10:59:46+00:00\",\"mainEntityOfPage\":{\"@id\":\"https:\\\/\\\/www.boxrepsol.com\\\/es\\\/motogp\\\/positivo-arranque-del-equipo-repsol-honda-en-australia\\\/\"},\"wordCount\":458,\"commentCount\":0,\"publisher\":{\"@id\":\"https:\\\/\\\/www.boxrepsol.com\\\/es\\\/#organization\"},\"image\":{\"@id\":\"https:\\\/\\\/www.boxrepsol.com\\\/es\\\/motogp\\\/positivo-arranque-del-equipo-repsol-honda-en-australia\\\/#primaryimage\"},\"thumbnailUrl\":\"https:\\\/\\\/bxrepsol.s3.eu-west-1.amazonaws.com\\\/static\\\/2022\\\/11\\\/07082126\\\/https___repsolmedia.com_repsolmedia_wp-content_uploads_2022_10_JRB3136-scaled1.jpg\",\"keywords\":[\"2022\",\"Marc M\u00e1rquez\",\"MotoGP Australia\",\"Pol Espargar\u00f3\"],\"articleSection\":[\"MotoGP\"],\"inLanguage\":\"es\",\"potentialAction\":[{\"@type\":\"CommentAction\",\"name\":\"Comment\",\"target\":[\"https:\\\/\\\/www.boxrepsol.com\\\/es\\\/motogp\\\/positivo-arranque-del-equipo-repsol-honda-en-australia\\\/#respond\"]}]},{\"@type\":\"WebPage\",\"@id\":\"https:\\\/\\\/www.boxrepsol.com\\\/es\\\/motogp\\\/positivo-arranque-del-equipo-repsol-honda-en-australia\\\/\",\"url\":\"https:\\\/\\\/www.boxrepsol.com\\\/es\\\/motogp\\\/positivo-arranque-del-equipo-repsol-honda-en-australia\\\/\",\"name\":\"Positivo arranque del equipo Repsol Honda en Australia - Box Repsol\",\"isPartOf\":{\"@id\":\"https:\\\/\\\/www.boxrepsol.com\\\/es\\\/#website\"},\"primaryImageOfPage\":{\"@id\":\"https:\\\/\\\/www.boxrepsol.com\\\/es\\\/motogp\\\/positivo-arranque-del-equipo-repsol-honda-en-australia\\\/#primaryimage\"},\"image\":{\"@id\":\"https:\\\/\\\/www.boxrepsol.com\\\/es\\\/motogp\\\/positivo-arranque-del-equipo-repsol-honda-en-australia\\\/#primaryimage\"},\"thumbnailUrl\":\"https:\\\/\\\/bxrepsol.s3.eu-west-1.amazonaws.com\\\/static\\\/2022\\\/11\\\/07082126\\\/https___repsolmedia.com_repsolmedia_wp-content_uploads_2022_10_JRB3136-scaled1.jpg\",\"datePublished\":\"2022-10-14T02:00:00+00:00\",\"dateModified\":\"2024-04-08T10:59:46+00:00\",\"description\":\"Positivo arranque del equipo Repsol Honda en Australia. Descubre el desempe\u00f1o de los pilotos en el circuito de Phillip Island.\",\"breadcrumb\":{\"@id\":\"https:\\\/\\\/www.boxrepsol.com\\\/es\\\/motogp\\\/positivo-arranque-del-equipo-repsol-honda-en-australia\\\/#breadcrumb\"},\"inLanguage\":\"es\",\"potentialAction\":[{\"@type\":\"ReadAction\",\"target\":[\"https:\\\/\\\/www.boxrepsol.com\\\/es\\\/motogp\\\/positivo-arranque-del-equipo-repsol-honda-en-australia\\\/\"]}]},{\"@type\":\"ImageObject\",\"inLanguage\":\"es\",\"@id\":\"https:\\\/\\\/www.boxrepsol.com\\\/es\\\/motogp\\\/positivo-arranque-del-equipo-repsol-honda-en-australia\\\/#primaryimage\",\"url\":\"https:\\\/\\\/bxrepsol.s3.eu-west-1.amazonaws.com\\\/static\\\/2022\\\/11\\\/07082126\\\/https___repsolmedia.com_repsolmedia_wp-content_uploads_2022_10_JRB3136-scaled1.jpg\",\"contentUrl\":\"https:\\\/\\\/bxrepsol.s3.eu-west-1.amazonaws.com\\\/static\\\/2022\\\/11\\\/07082126\\\/https___repsolmedia.com_repsolmedia_wp-content_uploads_2022_10_JRB3136-scaled1.jpg\",\"width\":1280,\"height\":600},{\"@type\":\"BreadcrumbList\",\"@id\":\"https:\\\/\\\/www.boxrepsol.com\\\/es\\\/motogp\\\/positivo-arranque-del-equipo-repsol-honda-en-australia\\\/#breadcrumb\",\"itemListElement\":[{\"@type\":\"ListItem\",\"position\":1,\"name\":\"Home\",\"item\":\"https:\\\/\\\/www.boxrepsol.com\\\/es\\\/\"},{\"@type\":\"ListItem\",\"position\":2,\"name\":\"Positivo arranque del equipo Repsol Honda en Australia\"}]},{\"@type\":\"WebSite\",\"@id\":\"https:\\\/\\\/www.boxrepsol.com\\\/es\\\/#website\",\"url\":\"https:\\\/\\\/www.boxrepsol.com\\\/es\\\/\",\"name\":\"Box Repsol\",\"description\":\"Box Repsol Site\",\"publisher\":{\"@id\":\"https:\\\/\\\/www.boxrepsol.com\\\/es\\\/#organization\"},\"potentialAction\":[{\"@type\":\"SearchAction\",\"target\":{\"@type\":\"EntryPoint\",\"urlTemplate\":\"https:\\\/\\\/www.boxrepsol.com\\\/es\\\/?s={search_term_string}\"},\"query-input\":{\"@type\":\"PropertyValueSpecification\",\"valueRequired\":true,\"valueName\":\"search_term_string\"}}],\"inLanguage\":\"es\"},{\"@type\":\"Organization\",\"@id\":\"https:\\\/\\\/www.boxrepsol.com\\\/es\\\/#organization\",\"name\":\"Box Repsol\",\"url\":\"https:\\\/\\\/www.boxrepsol.com\\\/es\\\/\",\"logo\":{\"@type\":\"ImageObject\",\"inLanguage\":\"es\",\"@id\":\"https:\\\/\\\/www.boxrepsol.com\\\/es\\\/#\\\/schema\\\/logo\\\/image\\\/\",\"url\":\"https:\\\/\\\/bxrepsol.s3.eu-west-1.amazonaws.com\\\/static\\\/2025\\\/07\\\/30083337\\\/favicon-96x96-1.png\",\"contentUrl\":\"https:\\\/\\\/bxrepsol.s3.eu-west-1.amazonaws.com\\\/static\\\/2025\\\/07\\\/30083337\\\/favicon-96x96-1.png\",\"width\":96,\"height\":96,\"caption\":\"Box Repsol\"},\"image\":{\"@id\":\"https:\\\/\\\/www.boxrepsol.com\\\/es\\\/#\\\/schema\\\/logo\\\/image\\\/\"},\"sameAs\":[\"https:\\\/\\\/www.facebook.com\\\/BoxRepsol\",\"https:\\\/\\\/x.com\\\/box_repsol\",\"http:\\\/\\\/instagram.com\\\/box_repsol\",\"https:\\\/\\\/www.youtube.com\\\/user\\\/RepsolCompeticion\",\"https:\\\/\\\/www.flickr.com\\\/photos\\\/box_repsol\\\/\"]},{\"@type\":\"Person\",\"@id\":\"https:\\\/\\\/www.boxrepsol.com\\\/es\\\/#\\\/schema\\\/person\\\/c5c2138f2cca251b0ad92b7086bb60b7\",\"name\":\"Redacci\u00f3n Box Repsol\",\"image\":{\"@type\":\"ImageObject\",\"inLanguage\":\"es\",\"@id\":\"https:\\\/\\\/secure.gravatar.com\\\/avatar\\\/adf7b77e38b4419baf32c7e9c21dde01f4e40df611f0978e3006fc4ba0aaab7e?s=96&d=mm&r=g\",\"url\":\"https:\\\/\\\/secure.gravatar.com\\\/avatar\\\/adf7b77e38b4419baf32c7e9c21dde01f4e40df611f0978e3006fc4ba0aaab7e?s=96&d=mm&r=g\",\"contentUrl\":\"https:\\\/\\\/secure.gravatar.com\\\/avatar\\\/adf7b77e38b4419baf32c7e9c21dde01f4e40df611f0978e3006fc4ba0aaab7e?s=96&d=mm&r=g\",\"caption\":\"Redacci\u00f3n Box Repsol\"},\"description\":\"Box Repsol lo forma un equipo de periodistas, community managers, dise\u00f1adores y fot\u00f3grafos con m\u00e1s de 20 a\u00f1os de experiencia en el mundo del motorsport. Hemos vivido el primer mundial de un espa\u00f1ol en la categor\u00eda reina de motociclismo con \u00c1lex Crivill\u00e9, estuvimos en las victorias de Pedrosa y los t\u00edtulos de M\u00e1rquez, acompa\u00f1amos en \u00c1frica a Nani Roma y Marc Coma en sus conquistas del Dakar y hemos vibrado con los t\u00edtulos de Toni Bou en Trial. Adem\u00e1s, en nuestro equipo contamos con expertos en el mundo de las dos y cuatro ruedas tanto de la calle y las carreteras, como de los circuitos. Periodistas que han trabajado en revistas y publicaciones para hacerte llegar desde rutas y consejos de mantenimiento, a curiosidades y trucos de pilotaje.\",\"sameAs\":[\"https:\\\/\\\/www.facebook.com\\\/BoxRepsol\\\/\",\"https:\\\/\\\/www.instagram.com\\\/box_repsol\\\/\",\"https:\\\/\\\/x.com\\\/https:\\\/\\\/twitter.com\\\/box_repsol\",\"https:\\\/\\\/www.youtube.com\\\/@Boxrepsol\"],\"url\":\"https:\\\/\\\/www.boxrepsol.com\\\/es\\\/author\\\/redaccion-box-repsol\\\/\"}]}<\/script>\n<!-- \/ Yoast SEO plugin. -->","yoast_head_json":{"title":"Positivo arranque del equipo Repsol Honda en Australia - Box Repsol","description":"Positivo arranque del equipo Repsol Honda en Australia. Descubre el desempe\u00f1o de los pilotos en el circuito de Phillip Island.","canonical":"https:\/\/www.boxrepsol.com\/es\/motogp\/positivo-arranque-del-equipo-repsol-honda-en-australia\/","og_locale":"es_ES","og_type":"article","og_title":"Positivo arranque del equipo Repsol Honda en Australia - Box Repsol","og_description":"Positivo arranque del equipo Repsol Honda en Australia. Descubre el desempe\u00f1o de los pilotos en el circuito de Phillip Island.","og_url":"https:\/\/www.boxrepsol.com\/es\/motogp\/positivo-arranque-del-equipo-repsol-honda-en-australia\/","og_site_name":"Box Repsol","article_publisher":"https:\/\/www.facebook.com\/BoxRepsol","article_author":"https:\/\/www.facebook.com\/BoxRepsol\/","article_published_time":"2022-10-14T02:00:00+00:00","article_modified_time":"2024-04-08T10:59:46+00:00","og_image":[{"width":1280,"height":600,"url":"https:\/\/bxrepsol.s3.eu-west-1.amazonaws.com\/static\/2022\/11\/07082126\/https___repsolmedia.com_repsolmedia_wp-content_uploads_2022_10_JRB3136-scaled1.jpg","type":"image\/jpeg"}],"author":"Redacci\u00f3n Box Repsol","twitter_card":"summary_large_image","twitter_creator":"@https:\/\/twitter.com\/box_repsol","twitter_site":"@box_repsol","twitter_misc":{"Written by":"Redacci\u00f3n Box Repsol","Est. reading time":"2 minutos"},"schema":{"@context":"https:\/\/schema.org","@graph":[{"@type":"Article","@id":"https:\/\/www.boxrepsol.com\/es\/motogp\/positivo-arranque-del-equipo-repsol-honda-en-australia\/#article","isPartOf":{"@id":"https:\/\/www.boxrepsol.com\/es\/motogp\/positivo-arranque-del-equipo-repsol-honda-en-australia\/"},"author":{"name":"Redacci\u00f3n Box Repsol","@id":"https:\/\/www.boxrepsol.com\/es\/#\/schema\/person\/c5c2138f2cca251b0ad92b7086bb60b7"},"headline":"Positivo arranque del equipo Repsol Honda en Australia","datePublished":"2022-10-14T02:00:00+00:00","dateModified":"2024-04-08T10:59:46+00:00","mainEntityOfPage":{"@id":"https:\/\/www.boxrepsol.com\/es\/motogp\/positivo-arranque-del-equipo-repsol-honda-en-australia\/"},"wordCount":458,"commentCount":0,"publisher":{"@id":"https:\/\/www.boxrepsol.com\/es\/#organization"},"image":{"@id":"https:\/\/www.boxrepsol.com\/es\/motogp\/positivo-arranque-del-equipo-repsol-honda-en-australia\/#primaryimage"},"thumbnailUrl":"https:\/\/bxrepsol.s3.eu-west-1.amazonaws.com\/static\/2022\/11\/07082126\/https___repsolmedia.com_repsolmedia_wp-content_uploads_2022_10_JRB3136-scaled1.jpg","keywords":["2022","Marc M\u00e1rquez","MotoGP Australia","Pol Espargar\u00f3"],"articleSection":["MotoGP"],"inLanguage":"es","potentialAction":[{"@type":"CommentAction","name":"Comment","target":["https:\/\/www.boxrepsol.com\/es\/motogp\/positivo-arranque-del-equipo-repsol-honda-en-australia\/#respond"]}]},{"@type":"WebPage","@id":"https:\/\/www.boxrepsol.com\/es\/motogp\/positivo-arranque-del-equipo-repsol-honda-en-australia\/","url":"https:\/\/www.boxrepsol.com\/es\/motogp\/positivo-arranque-del-equipo-repsol-honda-en-australia\/","name":"Positivo arranque del equipo Repsol Honda en Australia - Box Repsol","isPartOf":{"@id":"https:\/\/www.boxrepsol.com\/es\/#website"},"primaryImageOfPage":{"@id":"https:\/\/www.boxrepsol.com\/es\/motogp\/positivo-arranque-del-equipo-repsol-honda-en-australia\/#primaryimage"},"image":{"@id":"https:\/\/www.boxrepsol.com\/es\/motogp\/positivo-arranque-del-equipo-repsol-honda-en-australia\/#primaryimage"},"thumbnailUrl":"https:\/\/bxrepsol.s3.eu-west-1.amazonaws.com\/static\/2022\/11\/07082126\/https___repsolmedia.com_repsolmedia_wp-content_uploads_2022_10_JRB3136-scaled1.jpg","datePublished":"2022-10-14T02:00:00+00:00","dateModified":"2024-04-08T10:59:46+00:00","description":"Positivo arranque del equipo Repsol Honda en Australia. Descubre el desempe\u00f1o de los pilotos en el circuito de Phillip Island.","breadcrumb":{"@id":"https:\/\/www.boxrepsol.com\/es\/motogp\/positivo-arranque-del-equipo-repsol-honda-en-australia\/#breadcrumb"},"inLanguage":"es","potentialAction":[{"@type":"ReadAction","target":["https:\/\/www.boxrepsol.com\/es\/motogp\/positivo-arranque-del-equipo-repsol-honda-en-australia\/"]}]},{"@type":"ImageObject","inLanguage":"es","@id":"https:\/\/www.boxrepsol.com\/es\/motogp\/positivo-arranque-del-equipo-repsol-honda-en-australia\/#primaryimage","url":"https:\/\/bxrepsol.s3.eu-west-1.amazonaws.com\/static\/2022\/11\/07082126\/https___repsolmedia.com_repsolmedia_wp-content_uploads_2022_10_JRB3136-scaled1.jpg","contentUrl":"https:\/\/bxrepsol.s3.eu-west-1.amazonaws.com\/static\/2022\/11\/07082126\/https___repsolmedia.com_repsolmedia_wp-content_uploads_2022_10_JRB3136-scaled1.jpg","width":1280,"height":600},{"@type":"BreadcrumbList","@id":"https:\/\/www.boxrepsol.com\/es\/motogp\/positivo-arranque-del-equipo-repsol-honda-en-australia\/#breadcrumb","itemListElement":[{"@type":"ListItem","position":1,"name":"Home","item":"https:\/\/www.boxrepsol.com\/es\/"},{"@type":"ListItem","position":2,"name":"Positivo arranque del equipo Repsol Honda en Australia"}]},{"@type":"WebSite","@id":"https:\/\/www.boxrepsol.com\/es\/#website","url":"https:\/\/www.boxrepsol.com\/es\/","name":"Box Repsol","description":"Box Repsol Site","publisher":{"@id":"https:\/\/www.boxrepsol.com\/es\/#organization"},"potentialAction":[{"@type":"SearchAction","target":{"@type":"EntryPoint","urlTemplate":"https:\/\/www.boxrepsol.com\/es\/?s={search_term_string}"},"query-input":{"@type":"PropertyValueSpecification","valueRequired":true,"valueName":"search_term_string"}}],"inLanguage":"es"},{"@type":"Organization","@id":"https:\/\/www.boxrepsol.com\/es\/#organization","name":"Box Repsol","url":"https:\/\/www.boxrepsol.com\/es\/","logo":{"@type":"ImageObject","inLanguage":"es","@id":"https:\/\/www.boxrepsol.com\/es\/#\/schema\/logo\/image\/","url":"https:\/\/bxrepsol.s3.eu-west-1.amazonaws.com\/static\/2025\/07\/30083337\/favicon-96x96-1.png","contentUrl":"https:\/\/bxrepsol.s3.eu-west-1.amazonaws.com\/static\/2025\/07\/30083337\/favicon-96x96-1.png","width":96,"height":96,"caption":"Box Repsol"},"image":{"@id":"https:\/\/www.boxrepsol.com\/es\/#\/schema\/logo\/image\/"},"sameAs":["https:\/\/www.facebook.com\/BoxRepsol","https:\/\/x.com\/box_repsol","http:\/\/instagram.com\/box_repsol","https:\/\/www.youtube.com\/user\/RepsolCompeticion","https:\/\/www.flickr.com\/photos\/box_repsol\/"]},{"@type":"Person","@id":"https:\/\/www.boxrepsol.com\/es\/#\/schema\/person\/c5c2138f2cca251b0ad92b7086bb60b7","name":"Redacci\u00f3n Box Repsol","image":{"@type":"ImageObject","inLanguage":"es","@id":"https:\/\/secure.gravatar.com\/avatar\/adf7b77e38b4419baf32c7e9c21dde01f4e40df611f0978e3006fc4ba0aaab7e?s=96&d=mm&r=g","url":"https:\/\/secure.gravatar.com\/avatar\/adf7b77e38b4419baf32c7e9c21dde01f4e40df611f0978e3006fc4ba0aaab7e?s=96&d=mm&r=g","contentUrl":"https:\/\/secure.gravatar.com\/avatar\/adf7b77e38b4419baf32c7e9c21dde01f4e40df611f0978e3006fc4ba0aaab7e?s=96&d=mm&r=g","caption":"Redacci\u00f3n Box Repsol"},"description":"Box Repsol lo forma un equipo de periodistas, community managers, dise\u00f1adores y fot\u00f3grafos con m\u00e1s de 20 a\u00f1os de experiencia en el mundo del motorsport. Hemos vivido el primer mundial de un espa\u00f1ol en la categor\u00eda reina de motociclismo con \u00c1lex Crivill\u00e9, estuvimos en las victorias de Pedrosa y los t\u00edtulos de M\u00e1rquez, acompa\u00f1amos en \u00c1frica a Nani Roma y Marc Coma en sus conquistas del Dakar y hemos vibrado con los t\u00edtulos de Toni Bou en Trial. Adem\u00e1s, en nuestro equipo contamos con expertos en el mundo de las dos y cuatro ruedas tanto de la calle y las carreteras, como de los circuitos. Periodistas que han trabajado en revistas y publicaciones para hacerte llegar desde rutas y consejos de mantenimiento, a curiosidades y trucos de pilotaje.","sameAs":["https:\/\/www.facebook.com\/BoxRepsol\/","https:\/\/www.instagram.com\/box_repsol\/","https:\/\/x.com\/https:\/\/twitter.com\/box_repsol","https:\/\/www.youtube.com\/@Boxrepsol"],"url":"https:\/\/www.boxrepsol.com\/es\/author\/redaccion-box-repsol\/"}]}},"_links":{"self":[{"href":"https:\/\/www.boxrepsol.com\/es\/wp-json\/wp\/v2\/posts\/95553","targetHints":{"allow":["GET"]}}],"collection":[{"href":"https:\/\/www.boxrepsol.com\/es\/wp-json\/wp\/v2\/posts"}],"about":[{"href":"https:\/\/www.boxrepsol.com\/es\/wp-json\/wp\/v2\/types\/post"}],"author":[{"embeddable":true,"href":"https:\/\/www.boxrepsol.com\/es\/wp-json\/wp\/v2\/users\/43146"}],"replies":[{"embeddable":true,"href":"https:\/\/www.boxrepsol.com\/es\/wp-json\/wp\/v2\/comments?post=95553"}],"version-history":[{"count":2,"href":"https:\/\/www.boxrepsol.com\/es\/wp-json\/wp\/v2\/posts\/95553\/revisions"}],"predecessor-version":[{"id":109492,"href":"https:\/\/www.boxrepsol.com\/es\/wp-json\/wp\/v2\/posts\/95553\/revisions\/109492"}],"wp:featuredmedia":[{"embeddable":true,"href":"https:\/\/www.boxrepsol.com\/es\/wp-json\/wp\/v2\/media\/75755"}],"wp:attachment":[{"href":"https:\/\/www.boxrepsol.com\/es\/wp-json\/wp\/v2\/media?parent=95553"}],"wp:term":[{"taxonomy":"category","embeddable":true,"href":"https:\/\/www.boxrepsol.com\/es\/wp-json\/wp\/v2\/categories?post=95553"},{"taxonomy":"post_tag","embeddable":true,"href":"https:\/\/www.boxrepsol.com\/es\/wp-json\/wp\/v2\/tags?post=95553"}],"curies":[{"name":"wp","href":"https:\/\/api.w.org\/{rel}","templated":true}]}}