{"id":95550,"date":"2022-10-13T00:00:00","date_gmt":"2022-10-13T02:00:00","guid":{"rendered":"http:\/\/pre.boxrepsol.com\/sin-categorizar\/honda-renueva-la-mitica-hornet\/"},"modified":"2024-03-25T07:30:06","modified_gmt":"2024-03-25T09:30:06","slug":"honda-renueva-la-mitica-hornet","status":"publish","type":"post","link":"https:\/\/www.boxrepsol.com\/es\/cultura-motera\/honda-renueva-la-mitica-hornet\/","title":{"rendered":"Honda renueva la m\u00edtica Hornet"},"content":{"rendered":"<figure class=\"wp-block-post-featured-image\"><img loading=\"lazy\" decoding=\"async\" width=\"2560\" height=\"1200\" src=\"https:\/\/bxrepsol.s3.eu-west-1.amazonaws.com\/static\/2022\/11\/07081929\/Foto-1-apertura1-scaled.jpg\" class=\"attachment-post-thumbnail size-post-thumbnail wp-post-image\" alt=\"Piloto circulando con la nueva Honda CB750 Hornet\" style=\"object-fit:cover;\" srcset=\"https:\/\/bxrepsol.s3.eu-west-1.amazonaws.com\/static\/2022\/11\/07081929\/Foto-1-apertura1-scaled.jpg 2560w, https:\/\/bxrepsol.s3.eu-west-1.amazonaws.com\/static\/2022\/11\/07081929\/Foto-1-apertura1-300x141.jpg 300w, https:\/\/bxrepsol.s3.eu-west-1.amazonaws.com\/static\/2022\/11\/07081929\/Foto-1-apertura1-1024x480.jpg 1024w, https:\/\/bxrepsol.s3.eu-west-1.amazonaws.com\/static\/2022\/11\/07081929\/Foto-1-apertura1-768x360.jpg 768w, https:\/\/bxrepsol.s3.eu-west-1.amazonaws.com\/static\/2022\/11\/07081929\/Foto-1-apertura1-1536x720.jpg 1536w, https:\/\/bxrepsol.s3.eu-west-1.amazonaws.com\/static\/2022\/11\/07081929\/Foto-1-apertura1-2048x960.jpg 2048w\" sizes=\"auto, (max-width: 2560px) 100vw, 2560px\" \/><\/figure>\n\n\n<p><\/p>\n\n\n\n<h2 class=\"wp-block-heading\"><span class=\"ez-toc-section\" id=\"Honda_renueva_la_mitica_hornet_750\"><\/span><strong>Honda renueva la m\u00edtica hornet 750<\/strong><span class=\"ez-toc-section-end\"><\/span><\/h2>\n\n\n\n<p>Honda ha recuperado la denominaci\u00f3n <strong>Hornet<\/strong> para bautizar a un modelo totalmente nuevo. El mayor fabricante de motos del mundo describe a la nueva Honda CB750 Hornet como <a href=\"https:\/\/www.boxrepsol.com\/es\/vive-tu-moto\/tipos-de-moto-cual-es-el-tuyo\/\">un tipo de moto naked<\/a> r\u00e1pida, \u00e1gil y divertida, adem\u00e1s de equilibrada y estable. Su buena relaci\u00f3n peso\/potencia la sit\u00faa como la nueva <strong>referencia de su categor\u00eda<\/strong>: anuncia un peso de solo 190 kg con los 15,2 litros de gasolina que caben en su dep\u00f3sito y una <strong>potencia<\/strong> m\u00e1xima de 92 CV a 9.500 rpm.<\/p>\n\n\n\n<p><strong><div id=\"ez-toc-container\" class=\"ez-toc-v2_0_82_2 counter-hierarchy ez-toc-counter ez-toc-grey ez-toc-container-direction\">\n<div class=\"ez-toc-title-container\">\n<p class=\"ez-toc-title\" style=\"cursor:inherit\">\u00cdndice<\/p>\n<span class=\"ez-toc-title-toggle\"><a href=\"#\" class=\"ez-toc-pull-right ez-toc-btn ez-toc-btn-xs ez-toc-btn-default ez-toc-toggle\" aria-label=\"Toggle Table of Content\"><span class=\"ez-toc-js-icon-con\"><span class=\"\"><span class=\"eztoc-hide\" style=\"display:none;\">Toggle<\/span><span class=\"ez-toc-icon-toggle-span\"><svg style=\"fill: #999;color:#999\" xmlns=\"http:\/\/www.w3.org\/2000\/svg\" class=\"list-377408\" width=\"20px\" height=\"20px\" viewBox=\"0 0 24 24\" fill=\"none\"><path d=\"M6 6H4v2h2V6zm14 0H8v2h12V6zM4 11h2v2H4v-2zm16 0H8v2h12v-2zM4 16h2v2H4v-2zm16 0H8v2h12v-2z\" fill=\"currentColor\"><\/path><\/svg><svg style=\"fill: #999;color:#999\" class=\"arrow-unsorted-368013\" xmlns=\"http:\/\/www.w3.org\/2000\/svg\" width=\"10px\" height=\"10px\" viewBox=\"0 0 24 24\" version=\"1.2\" baseProfile=\"tiny\"><path d=\"M18.2 9.3l-6.2-6.3-6.2 6.3c-.2.2-.3.4-.3.7s.1.5.3.7c.2.2.4.3.7.3h11c.3 0 .5-.1.7-.3.2-.2.3-.5.3-.7s-.1-.5-.3-.7zM5.8 14.7l6.2 6.3 6.2-6.3c.2-.2.3-.5.3-.7s-.1-.5-.3-.7c-.2-.2-.4-.3-.7-.3h-11c-.3 0-.5.1-.7.3-.2.2-.3.5-.3.7s.1.5.3.7z\"\/><\/svg><\/span><\/span><\/span><\/a><\/span><\/div>\n<nav><ul class='ez-toc-list ez-toc-list-level-1 ' ><li class='ez-toc-page-1 ez-toc-heading-level-2'><a class=\"ez-toc-link ez-toc-heading-1\" href=\"https:\/\/www.boxrepsol.com\/es\/cultura-motera\/honda-renueva-la-mitica-hornet\/#Honda_renueva_la_mitica_hornet_750\" >Honda renueva la m\u00edtica hornet 750<\/a><\/li><li class='ez-toc-page-1 ez-toc-heading-level-2'><a class=\"ez-toc-link ez-toc-heading-2\" href=\"https:\/\/www.boxrepsol.com\/es\/cultura-motera\/honda-renueva-la-mitica-hornet\/#Caracteristicas_de_la_nueva_Honda_CB750_Hornet\" >Caracter\u00edsticas de la nueva Honda CB750 Hornet<\/a><ul class='ez-toc-list-level-3' ><li class='ez-toc-heading-level-3'><a class=\"ez-toc-link ez-toc-heading-3\" href=\"https:\/\/www.boxrepsol.com\/es\/cultura-motera\/honda-renueva-la-mitica-hornet\/#Inedito_motor_de_dos_cilindors_paralelos\" >In\u00e9dito motor de dos cilindors paralelos<\/a><\/li><li class='ez-toc-page-1 ez-toc-heading-level-3'><a class=\"ez-toc-link ez-toc-heading-4\" href=\"https:\/\/www.boxrepsol.com\/es\/cultura-motera\/honda-renueva-la-mitica-hornet\/#Una_electronica_sin_precedentes_en_su_categoria\" >Una electr\u00f3nica sin precedentes en su categor\u00eda<\/a><\/li><li class='ez-toc-page-1 ez-toc-heading-level-3'><a class=\"ez-toc-link ez-toc-heading-5\" href=\"https:\/\/www.boxrepsol.com\/es\/cultura-motera\/honda-renueva-la-mitica-hornet\/#Ligero_chasis_de_tipo_diamante_para_la_Honda_CB750_Hornet\" >Ligero chasis de tipo diamante para la Honda CB750 Hornet<\/a><\/li><\/ul><\/li><li class='ez-toc-page-1 ez-toc-heading-level-2'><a class=\"ez-toc-link ez-toc-heading-6\" href=\"https:\/\/www.boxrepsol.com\/es\/cultura-motera\/honda-renueva-la-mitica-hornet\/#Producto_%C2%ABmade_in_Japan%C2%BB_pero_disenado_en_Europa\" >Producto \u00abmade in Japan\u00bb, pero dise\u00f1ado en Europa<\/a><\/li><li class='ez-toc-page-1 ez-toc-heading-level-2'><a class=\"ez-toc-link ez-toc-heading-7\" href=\"https:\/\/www.boxrepsol.com\/es\/cultura-motera\/honda-renueva-la-mitica-hornet\/#%C2%BFCual_es_el_precio_de_la_Honda_CB750_Hornet\" >\u00bfCu\u00e1l es el precio de la Honda CB750 Hornet?<\/a><\/li><li class='ez-toc-page-1 ez-toc-heading-level-2'><a class=\"ez-toc-link ez-toc-heading-8\" href=\"https:\/\/www.boxrepsol.com\/es\/cultura-motera\/honda-renueva-la-mitica-hornet\/#Honda_CB750_Hornet_%E2%80%93_Ficha_tecnica\" >Honda CB750 Hornet &#8211; Ficha t\u00e9cnica<\/a><\/li><\/ul><\/nav><\/div>\n<\/strong><\/p>\n\n\n\n<p>Tambi\u00e9n declara una <strong>velocidad m\u00e1xima<\/strong> de 205 km\/h y un par de 75 Nm a 7.250 rpm, adem\u00e1s de un consumo medio de 4,4 litros\/100 km, lo que le permiten recorrer hasta 350 km con un solo dep\u00f3sito.<\/p>\n\n\n\n<h2 class=\"wp-block-heading\"><span class=\"ez-toc-section\" id=\"Caracteristicas_de_la_nueva_Honda_CB750_Hornet\"><\/span><strong>Caracter\u00edsticas de la nueva Honda CB750 Hornet<\/strong><span class=\"ez-toc-section-end\"><\/span><\/h2>\n\n\n\n<p><\/p>\n\n\n\n<figure class=\"wp-block-image\"><img decoding=\"async\" src=\"https:\/\/bxrepsol.s3.eu-west-1.amazonaws.com\/static\/2022\/11\/07081814\/Foto-27-scaled.jpg\" alt=\"Nueva Honda CB750 Hornet en acci\u00f3n\"\/><\/figure>\n\n\n\n<h3 class=\"wp-block-heading\"><span class=\"ez-toc-section\" id=\"Inedito_motor_de_dos_cilindors_paralelos\"><\/span><strong>In\u00e9dito motor de dos cilindors paralelos<\/strong><span class=\"ez-toc-section-end\"><\/span><\/h3>\n\n\n\n<p>Para empujar a la nueva Honda Hornet CB750 se ha desarrollado un <strong>nuevo motor<\/strong> de dos cilindros paralelos de 755 c. c., en lugar del puntiagudo tetracil\u00edndrico que equip\u00f3 en las dos \u00faltimas d\u00e9cadas y media. Para imprimir un <strong>mayor car\u00e1cter<\/strong> a su funcionamiento, las bielas del cig\u00fce\u00f1al est\u00e1n caladas a 270\u00ba y la culata cuenta con el conocido sistema Unicam de Honda, con un solo de \u00e1rbol de levas para mover las ocho v\u00e1lvulas, lo que permite rebajar peso y tama\u00f1o, adem\u00e1s de reducir el n\u00famero de piezas sometidas a fricci\u00f3n.<\/p>\n\n\n\n<p>Otra novedad de la <strong>Hornet \u201csiete y medio\u201d<\/strong> son los conductos \u201cVortex Flow Ducts\u201d, que facilitan la entrada de aire desde unas tomas existentes en los laterales de la moto hasta la caja del filtro de aire. Gracias a ellos se logra <strong>una respuesta al acelerador muy r\u00e1pida y precisa<\/strong>, as\u00ed como una forma de subir de revoluciones muy alegre. Por su lado, el embrague multidisco en aceite cuenta con un sistema antibloqueo y mando por cable. Y puede incluir asistente para el cambio o \u201cquick shifter\u201d, una opci\u00f3n que facilita engranar marchas en ambos sentidos.<\/p>\n\n\n\n<figure class=\"wp-block-image\"><img decoding=\"async\" src=\"https:\/\/bxrepsol.s3.eu-west-1.amazonaws.com\/static\/2022\/11\/07081822\/Foto-32-scaled.jpg\" alt=\"Motor de la CB750 Hornet\"\/><\/figure>\n\n\n\n<h3 class=\"wp-block-heading\"><span class=\"ez-toc-section\" id=\"Una_electronica_sin_precedentes_en_su_categoria\"><\/span><strong>Una electr\u00f3nica sin precedentes en su categor\u00eda<\/strong><span class=\"ez-toc-section-end\"><\/span><\/h3>\n\n\n\n<p>La nueva <strong>Honda CB750 Hornet<\/strong> posee acelerador electr\u00f3nico acompa\u00f1ado de tres modos de conducci\u00f3n programados que Honda ha bautizado como RAIN, STANDARD y SPORT. Adem\u00e1s cuenta con un cuarto modo denominado USER en el que se pueden combinar a gusto del usuario la <a href=\"https:\/\/www.boxrepsol.com\/es\/motogp\/los-secretos-la-electronica-motogp\/\">electr\u00f3nica<\/a> gracias a tres modos de potencia, el freno motor, el control de tracci\u00f3n y el control anticaballito. Asimismo, el control de tracci\u00f3n puede ser desconectado. Todo esto se regula desde la pi\u00f1a izquierda y se visualiza en una gran <strong>pantalla TFT de 5 pulgadas<\/strong>, al igual que el sistema de conectividad Honda Smartphone Voice Control para Android e IOS.<\/p>\n\n\n\n<h3 class=\"wp-block-heading\"><span class=\"ez-toc-section\" id=\"Ligero_chasis_de_tipo_diamante_para_la_Honda_CB750_Hornet\"><\/span><strong>Ligero chasis de tipo diamante para la Honda CB750 Hornet<\/strong><span class=\"ez-toc-section-end\"><\/span><\/h3>\n\n\n\n<p>El motor se ancla a un nuevo y ligero bastidor de acero con una estructura de tipo diamante y que s\u00f3lo pesa 16,6 kg, lo que suponen cerca de 2 kg menos con respecto al de la CB650R. La horquilla invertida con barras de 41 mm y 130 mm es una Showa SFF-BP<sup>TM&nbsp; <\/sup>sin reglajes exteriores.<\/p>\n\n\n\n<p>En el tren delantero tambi\u00e9n destaca el equipo de <a href=\"https:\/\/www.boxrepsol.com\/es\/vive-tu-moto\/frenos-de-disco-guia\/\">frenos de disco<\/a> Nissin formado por dos discos lobulados de 296 mm mordidos por pinzas de cuatro pistones de anclaje radial. El monoamortiguador trasero lo firma igualmente Showa y en su caso si permite regular el muelle en precarga. Adem\u00e1s se apoya en un caracter\u00edstico sistema progresivo por bieletas Pro-Link. Los <a href=\"https:\/\/www.boxrepsol.com\/es\/tecnologia\/tipos-neumaticos-cuando-utilizarlos\/\">neum\u00e1ticos<\/a> en medidas 120\/70-17\u201d y 160\/60-17\u201d garantizan una buena estabilidad, as\u00ed como una elevada agilidad.<\/p>\n\n\n\n<figure class=\"wp-block-image\"><img decoding=\"async\" src=\"https:\/\/bxrepsol.s3.eu-west-1.amazonaws.com\/static\/2022\/11\/07081831\/Foto-63-scaled.jpg\" alt=\"Parte trasera de la Honda Hornet\"\/><\/figure>\n\n\n\n<h2 class=\"wp-block-heading\"><span class=\"ez-toc-section\" id=\"Producto_%C2%ABmade_in_Japan%C2%BB_pero_disenado_en_Europa\"><\/span><strong>Producto \u00abmade in Japan\u00bb, pero dise\u00f1ado en Europa<\/strong><span class=\"ez-toc-section-end\"><\/span><\/h2>\n\n\n\n<p>Al igual que la <a href=\"https:\/\/www.boxrepsol.com\/es\/vive-tu-moto\/honda-africa-twin-2021-moto-trail\/\">Africa Twin<\/a>, el <a href=\"https:\/\/www.boxrepsol.com\/es\/cultura-motera\/honda-x-adv-aventura-sin-fronteras\/\">X-ADV<\/a> y las cuatro integrantes de la familia <a href=\"https:\/\/www.boxrepsol.com\/es\/vive-tu-moto\/nueva-honda-cb300r-una-naked-para-estrenar-el-carnet-a2\/\">Neo Sports Caf\u00e9<\/a>, la nueva CB750 Hornet ha sido dise\u00f1ada en el Centro de Dise\u00f1o y Desarrollo que Honda posee en la ciudad de Roma. De ah\u00ed que en muchos aspectos recuerda a sus hermanas, con <strong>l\u00edneas modernas y angulosas<\/strong>, adem\u00e1s de minimalistas en busca de una mayor ligereza. Todo el alumbrado posee tecnolog\u00eda LED, intermitentes incluidos. Adem\u00e1s, estos \u00faltimos son autocancelables y cuentan con un sistema de emergencia que los hace parpadear en frenadas muy en\u00e9rgicas.<\/p>\n\n\n\n<figure class=\"wp-block-image\"><img decoding=\"async\" src=\"https:\/\/bxrepsol.s3.eu-west-1.amazonaws.com\/static\/2022\/11\/07081839\/Foto-73-scaled.jpg\" alt=\"Honda CB750 vista desde arriba\"\/><\/figure>\n\n\n\n<p>Por otro lado, la marca ha desarrollado una larga lista de <a href=\"https:\/\/www.boxrepsol.com\/es\/vive-tu-moto\/9-accesorios-para-la-moto-motero-deberia\/\"><strong>accesorios para la moto<\/strong><\/a><strong> opcionales<\/strong> para la CB750 Hornet que se pueden adquirir tanto por separado, como en tres paquetes denominados Sport, Style y Touring. El primero est\u00e1 compuesto por \u201cquick shifter\u201d, pantalla, tapa monoplaza y estribos de conductor. El segundo por contrapesos de manillar anodizados, brida de manillar de aluminio mecanizado, protector de dep\u00f3sito, bandas adhesivas para las llantas y topes anti ca\u00edda. Y el tercero por <a href=\"https:\/\/www.boxrepsol.com\/es\/vive-tu-moto\/como-llevar-tu-equipaje-en-moto\/\">maletas<\/a> semirr\u00edgidas, bolsa sobredep\u00f3sito, bolsa de asiento y adhesivo protector.<\/p>\n\n\n\n<figure class=\"wp-block-image\"><img decoding=\"async\" src=\"https:\/\/bxrepsol.s3.eu-west-1.amazonaws.com\/static\/2022\/11\/07081847\/Foto-83-scaled.jpg\" alt=\"Piloto abriendo el portaequipajes de la Honda CB750\"\/><\/figure>\n\n\n\n<h2 class=\"wp-block-heading\"><span class=\"ez-toc-section\" id=\"%C2%BFCual_es_el_precio_de_la_Honda_CB750_Hornet\"><\/span><strong>\u00bfCu\u00e1l es el precio de la Honda CB750 Hornet?<\/strong><span class=\"ez-toc-section-end\"><\/span><\/h2>\n\n\n\n<p>La nueva CB750 Hornet estar\u00e1 disponible en los concesionarios de la marca a finales de este a\u00f1o y <strong>su precio se ha fijado en 7.950 \u20ac<\/strong>. Adem\u00e1s, la <strong>versi\u00f3n de 35 kW<\/strong> ser\u00e1 m\u00e1s tentadora, si cabe, gracias a su precio de 7.650 \u20ac. Con respecto a las decoraciones, Honda ha preparado cuatro variantes denominadas Blanco Perlado, Negro Grafito, Gris Mate Metalizado y Amarillo Mate. Adem\u00e1s, las dos primeras se distinguen por el chasis pintado en Rojo Metalizado y las botellas de la horquilla anodizadas en un tono similar.<\/p>\n\n\n\n<div id=\"88938043-56d1-4f7d-8c31-d035cd81e426\" class=\"br-slider-box\"><div class=\"wp-block-create-block-repsol-carousel br-slider\"><a target=\"_blank\" href=\"https:\/\/bxrepsol.s3.eu-west-1.amazonaws.com\/static\/2023\/07\/27101630\/Foto-92-scaled-3.jpg\" data-index=\"0\" rel=\"noopener\"><img decoding=\"async\" src=\"https:\/\/bxrepsol.s3.eu-west-1.amazonaws.com\/static\/2023\/07\/27101630\/Foto-92-scaled-3.jpg\"\/><\/a><a target=\"_blank\" href=\"https:\/\/bxrepsol.s3.eu-west-1.amazonaws.com\/static\/2023\/07\/27101633\/Foto-102-scaled-2.jpg\" data-index=\"1\" rel=\"noopener\"><img decoding=\"async\" src=\"https:\/\/bxrepsol.s3.eu-west-1.amazonaws.com\/static\/2023\/07\/27101633\/Foto-102-scaled-2.jpg\"\/><\/a><a target=\"_blank\" href=\"https:\/\/bxrepsol.s3.eu-west-1.amazonaws.com\/static\/2023\/07\/27101636\/Foto-113-scaled-2.jpg\" data-index=\"2\" rel=\"noopener\"><img decoding=\"async\" src=\"https:\/\/bxrepsol.s3.eu-west-1.amazonaws.com\/static\/2023\/07\/27101636\/Foto-113-scaled-2.jpg\"\/><\/a><a target=\"_blank\" href=\"https:\/\/bxrepsol.s3.eu-west-1.amazonaws.com\/static\/2023\/07\/27101639\/Foto-123-scaled-2.jpg\" data-index=\"3\" rel=\"noopener\"><img decoding=\"async\" src=\"https:\/\/bxrepsol.s3.eu-west-1.amazonaws.com\/static\/2023\/07\/27101639\/Foto-123-scaled-2.jpg\"\/><\/a><\/div><div class=\"br-slider-buttons\"><button class=\"arrow rds-icon arrow--left rds-icon-Arrow_left\"><\/button><button class=\"arrow rds-icon arrow--right rds-icon-Arrow_right\"><\/button><\/div><\/div>\n\n\n\n<h2 class=\"wp-block-heading\"><span class=\"ez-toc-section\" id=\"Honda_CB750_Hornet_%E2%80%93_Ficha_tecnica\"><\/span><strong>Honda CB750 Hornet &#8211; Ficha t\u00e9cnica<\/strong><span class=\"ez-toc-section-end\"><\/span><\/h2>\n\n\n\n<ul class=\"wp-block-list\">\n<li><strong>Tipo de motor:<\/strong> 4 tiempos<\/li>\n<\/ul>\n\n\n\n<ul class=\"wp-block-list\">\n<li><strong>Cilindrada: <\/strong>755 C.C.<\/li>\n<\/ul>\n\n\n\n<ul class=\"wp-block-list\">\n<li><strong>Peso en orden de marcha:<\/strong> 190 kg<\/li>\n<\/ul>\n\n\n\n<ul class=\"wp-block-list\">\n<li><strong>Potencia m\u00e1xima:<\/strong> 91.8 CV a 9.500 rpm<\/li>\n<\/ul>\n\n\n\n<ul class=\"wp-block-list\">\n<li><strong>Velocidad m\u00e1xima:<\/strong> 205 km\/h<\/li>\n<\/ul>\n\n\n\n<ul class=\"wp-block-list\">\n<li><strong>Capacidad de combustible:<\/strong> 15.2 L<\/li>\n<\/ul>\n\n\n\n<ul class=\"wp-block-list\">\n<li><strong>Consumo de gasolina:<\/strong> 4.35 L\/100 km<\/li>\n<\/ul>\n\n\n\n<ul class=\"wp-block-list\">\n<li><strong>Autonom\u00eda: <\/strong>340 km<\/li>\n<\/ul>\n\n\n\n<ul class=\"wp-block-list\">\n<li><strong>Capacidad de la bater\u00eda:<\/strong> 12V\/7.4AH<\/li>\n<\/ul>\n\n\n\n<ul class=\"wp-block-list\">\n<li><strong>Arranque:<\/strong> El\u00e9ctrico<\/li>\n<\/ul>\n\n\n\n<ul class=\"wp-block-list\">\n<li><strong>Tipo de transimisi\u00f3n:<\/strong> 6 marchas<\/li>\n<\/ul>\n\n\n\n<ul class=\"wp-block-list\">\n<li><strong>Asistencia de frenada:<\/strong> ABS<\/li>\n<\/ul>\n\n\n\n<h2 class=\"wp-block-heading\"><a data-index=\"0\" href=\"https:\/\/bxrepsol.s3.eu-west-1.amazonaws.com\/static\/2022\/11\/07081855\/Foto-102-scaled.jpg\"><br><\/a><\/h2>\n","protected":false},"excerpt":{"rendered":"<p>La nueva Honda CB750 Hornet ya est\u00e1 lista para entrar en escena. Nacida en 1998, la ic\u00f3nica naked de Honda llega con un nuevo motor de dos cilindros y 92 CV. Adem\u00e1s, tambi\u00e9n va a estar disponible en versi\u00f3n A2 de 35 kW.<\/p>\n","protected":false},"author":41267,"featured_media":75714,"comment_status":"open","ping_status":"open","sticky":false,"template":"","format":"standard","meta":{"footnotes":""},"categories":[160],"tags":[169],"class_list":["post-95550","post","type-post","status-publish","format-standard","hentry","category-cultura-motera","tag-motos-honda"],"yoast_head":"<!-- This site is optimized with the Yoast SEO plugin v27.3 - https:\/\/yoast.com\/product\/yoast-seo-wordpress\/ -->\n<title>Nueva Honda CB750 Hornet 2023 - Box Repsol<\/title>\n<meta name=\"description\" content=\"Honda ha renovado una de las motos naked m\u00e1s exitosas, la CB750 Hornet. Conoce todas las novedades de este m\u00edtico modelo aqu\u00ed.\" \/>\n<link rel=\"canonical\" href=\"https:\/\/www.boxrepsol.com\/es\/cultura-motera\/honda-renueva-la-mitica-hornet\/\" \/>\n<meta property=\"og:locale\" content=\"es_ES\" \/>\n<meta property=\"og:type\" content=\"article\" \/>\n<meta property=\"og:title\" content=\"Nueva Honda CB750 Hornet 2023 - Box Repsol\" \/>\n<meta property=\"og:description\" content=\"Honda ha renovado una de las motos naked m\u00e1s exitosas, la CB750 Hornet. Conoce todas las novedades de este m\u00edtico modelo aqu\u00ed.\" \/>\n<meta property=\"og:url\" content=\"https:\/\/www.boxrepsol.com\/es\/cultura-motera\/honda-renueva-la-mitica-hornet\/\" \/>\n<meta property=\"og:site_name\" content=\"Box Repsol\" \/>\n<meta property=\"article:publisher\" content=\"https:\/\/www.facebook.com\/BoxRepsol\" \/>\n<meta property=\"article:published_time\" content=\"2022-10-13T02:00:00+00:00\" \/>\n<meta property=\"article:modified_time\" content=\"2024-03-25T09:30:06+00:00\" \/>\n<meta property=\"og:image\" content=\"https:\/\/bxrepsol.s3.eu-west-1.amazonaws.com\/static\/2022\/11\/07081929\/Foto-1-apertura1-scaled.jpg\" \/>\n\t<meta property=\"og:image:width\" content=\"2560\" \/>\n\t<meta property=\"og:image:height\" content=\"1200\" \/>\n\t<meta property=\"og:image:type\" content=\"image\/jpeg\" \/>\n<meta name=\"author\" content=\"V\u00edctor Gancedo\" \/>\n<meta name=\"twitter:card\" content=\"summary_large_image\" \/>\n<meta name=\"twitter:creator\" content=\"@box_repsol\" \/>\n<meta name=\"twitter:site\" content=\"@box_repsol\" \/>\n<meta name=\"twitter:label1\" content=\"Written by\" \/>\n\t<meta name=\"twitter:data1\" content=\"V\u00edctor Gancedo\" \/>\n\t<meta name=\"twitter:label2\" content=\"Est. reading time\" \/>\n\t<meta name=\"twitter:data2\" content=\"5 minutos\" \/>\n<script type=\"application\/ld+json\" class=\"yoast-schema-graph\">{\"@context\":\"https:\\\/\\\/schema.org\",\"@graph\":[{\"@type\":\"Article\",\"@id\":\"https:\\\/\\\/www.boxrepsol.com\\\/es\\\/cultura-motera\\\/honda-renueva-la-mitica-hornet\\\/#article\",\"isPartOf\":{\"@id\":\"https:\\\/\\\/www.boxrepsol.com\\\/es\\\/cultura-motera\\\/honda-renueva-la-mitica-hornet\\\/\"},\"author\":{\"name\":\"V\u00edctor Gancedo\",\"@id\":\"https:\\\/\\\/www.boxrepsol.com\\\/es\\\/#\\\/schema\\\/person\\\/40c28bf318bbbe8fe3848b194b7385ca\"},\"headline\":\"Honda renueva la m\u00edtica Hornet\",\"datePublished\":\"2022-10-13T02:00:00+00:00\",\"dateModified\":\"2024-03-25T09:30:06+00:00\",\"mainEntityOfPage\":{\"@id\":\"https:\\\/\\\/www.boxrepsol.com\\\/es\\\/cultura-motera\\\/honda-renueva-la-mitica-hornet\\\/\"},\"wordCount\":977,\"commentCount\":1,\"publisher\":{\"@id\":\"https:\\\/\\\/www.boxrepsol.com\\\/es\\\/#organization\"},\"image\":{\"@id\":\"https:\\\/\\\/www.boxrepsol.com\\\/es\\\/cultura-motera\\\/honda-renueva-la-mitica-hornet\\\/#primaryimage\"},\"thumbnailUrl\":\"https:\\\/\\\/bxrepsol.s3.eu-west-1.amazonaws.com\\\/static\\\/2022\\\/11\\\/07081929\\\/Foto-1-apertura1-scaled.jpg\",\"keywords\":[\"Motos Honda\"],\"articleSection\":[\"Cultura Motera\"],\"inLanguage\":\"es\",\"potentialAction\":[{\"@type\":\"CommentAction\",\"name\":\"Comment\",\"target\":[\"https:\\\/\\\/www.boxrepsol.com\\\/es\\\/cultura-motera\\\/honda-renueva-la-mitica-hornet\\\/#respond\"]}]},{\"@type\":\"WebPage\",\"@id\":\"https:\\\/\\\/www.boxrepsol.com\\\/es\\\/cultura-motera\\\/honda-renueva-la-mitica-hornet\\\/\",\"url\":\"https:\\\/\\\/www.boxrepsol.com\\\/es\\\/cultura-motera\\\/honda-renueva-la-mitica-hornet\\\/\",\"name\":\"Nueva Honda CB750 Hornet 2023 - Box Repsol\",\"isPartOf\":{\"@id\":\"https:\\\/\\\/www.boxrepsol.com\\\/es\\\/#website\"},\"primaryImageOfPage\":{\"@id\":\"https:\\\/\\\/www.boxrepsol.com\\\/es\\\/cultura-motera\\\/honda-renueva-la-mitica-hornet\\\/#primaryimage\"},\"image\":{\"@id\":\"https:\\\/\\\/www.boxrepsol.com\\\/es\\\/cultura-motera\\\/honda-renueva-la-mitica-hornet\\\/#primaryimage\"},\"thumbnailUrl\":\"https:\\\/\\\/bxrepsol.s3.eu-west-1.amazonaws.com\\\/static\\\/2022\\\/11\\\/07081929\\\/Foto-1-apertura1-scaled.jpg\",\"datePublished\":\"2022-10-13T02:00:00+00:00\",\"dateModified\":\"2024-03-25T09:30:06+00:00\",\"description\":\"Honda ha renovado una de las motos naked m\u00e1s exitosas, la CB750 Hornet. Conoce todas las novedades de este m\u00edtico modelo aqu\u00ed.\",\"breadcrumb\":{\"@id\":\"https:\\\/\\\/www.boxrepsol.com\\\/es\\\/cultura-motera\\\/honda-renueva-la-mitica-hornet\\\/#breadcrumb\"},\"inLanguage\":\"es\",\"potentialAction\":[{\"@type\":\"ReadAction\",\"target\":[\"https:\\\/\\\/www.boxrepsol.com\\\/es\\\/cultura-motera\\\/honda-renueva-la-mitica-hornet\\\/\"]}]},{\"@type\":\"ImageObject\",\"inLanguage\":\"es\",\"@id\":\"https:\\\/\\\/www.boxrepsol.com\\\/es\\\/cultura-motera\\\/honda-renueva-la-mitica-hornet\\\/#primaryimage\",\"url\":\"https:\\\/\\\/bxrepsol.s3.eu-west-1.amazonaws.com\\\/static\\\/2022\\\/11\\\/07081929\\\/Foto-1-apertura1-scaled.jpg\",\"contentUrl\":\"https:\\\/\\\/bxrepsol.s3.eu-west-1.amazonaws.com\\\/static\\\/2022\\\/11\\\/07081929\\\/Foto-1-apertura1-scaled.jpg\",\"width\":2560,\"height\":1200,\"caption\":\"23YM HONDA CB750 HORNET\"},{\"@type\":\"BreadcrumbList\",\"@id\":\"https:\\\/\\\/www.boxrepsol.com\\\/es\\\/cultura-motera\\\/honda-renueva-la-mitica-hornet\\\/#breadcrumb\",\"itemListElement\":[{\"@type\":\"ListItem\",\"position\":1,\"name\":\"Home\",\"item\":\"https:\\\/\\\/www.boxrepsol.com\\\/es\\\/\"},{\"@type\":\"ListItem\",\"position\":2,\"name\":\"Honda renueva la m\u00edtica Hornet\"}]},{\"@type\":\"WebSite\",\"@id\":\"https:\\\/\\\/www.boxrepsol.com\\\/es\\\/#website\",\"url\":\"https:\\\/\\\/www.boxrepsol.com\\\/es\\\/\",\"name\":\"Box Repsol\",\"description\":\"Box Repsol Site\",\"publisher\":{\"@id\":\"https:\\\/\\\/www.boxrepsol.com\\\/es\\\/#organization\"},\"potentialAction\":[{\"@type\":\"SearchAction\",\"target\":{\"@type\":\"EntryPoint\",\"urlTemplate\":\"https:\\\/\\\/www.boxrepsol.com\\\/es\\\/?s={search_term_string}\"},\"query-input\":{\"@type\":\"PropertyValueSpecification\",\"valueRequired\":true,\"valueName\":\"search_term_string\"}}],\"inLanguage\":\"es\"},{\"@type\":\"Organization\",\"@id\":\"https:\\\/\\\/www.boxrepsol.com\\\/es\\\/#organization\",\"name\":\"Box Repsol\",\"url\":\"https:\\\/\\\/www.boxrepsol.com\\\/es\\\/\",\"logo\":{\"@type\":\"ImageObject\",\"inLanguage\":\"es\",\"@id\":\"https:\\\/\\\/www.boxrepsol.com\\\/es\\\/#\\\/schema\\\/logo\\\/image\\\/\",\"url\":\"https:\\\/\\\/bxrepsol.s3.eu-west-1.amazonaws.com\\\/static\\\/2025\\\/07\\\/30083337\\\/favicon-96x96-1.png\",\"contentUrl\":\"https:\\\/\\\/bxrepsol.s3.eu-west-1.amazonaws.com\\\/static\\\/2025\\\/07\\\/30083337\\\/favicon-96x96-1.png\",\"width\":96,\"height\":96,\"caption\":\"Box Repsol\"},\"image\":{\"@id\":\"https:\\\/\\\/www.boxrepsol.com\\\/es\\\/#\\\/schema\\\/logo\\\/image\\\/\"},\"sameAs\":[\"https:\\\/\\\/www.facebook.com\\\/BoxRepsol\",\"https:\\\/\\\/x.com\\\/box_repsol\",\"http:\\\/\\\/instagram.com\\\/box_repsol\",\"https:\\\/\\\/www.youtube.com\\\/user\\\/RepsolCompeticion\",\"https:\\\/\\\/www.flickr.com\\\/photos\\\/box_repsol\\\/\"]},{\"@type\":\"Person\",\"@id\":\"https:\\\/\\\/www.boxrepsol.com\\\/es\\\/#\\\/schema\\\/person\\\/40c28bf318bbbe8fe3848b194b7385ca\",\"name\":\"V\u00edctor Gancedo\",\"image\":{\"@type\":\"ImageObject\",\"inLanguage\":\"es\",\"@id\":\"https:\\\/\\\/secure.gravatar.com\\\/avatar\\\/cd1439a66fca5d3425cd2a7b13f32cd43e25022a0436c1235ef2a28e14fa660a?s=96&d=mm&r=g\",\"url\":\"https:\\\/\\\/secure.gravatar.com\\\/avatar\\\/cd1439a66fca5d3425cd2a7b13f32cd43e25022a0436c1235ef2a28e14fa660a?s=96&d=mm&r=g\",\"contentUrl\":\"https:\\\/\\\/secure.gravatar.com\\\/avatar\\\/cd1439a66fca5d3425cd2a7b13f32cd43e25022a0436c1235ef2a28e14fa660a?s=96&d=mm&r=g\",\"caption\":\"V\u00edctor Gancedo\"},\"description\":\"Periodista especializado en el mundo de las motos, V\u00edctor ha probado pr\u00e1cticamente todas las que han salido al mercado desde 1990. En su larga trayectoria, ha desempe\u00f1ado cargos como los de Jefe de Pruebas de la revista Motociclismo o Responsable de Pruebas del \u00c1rea de Motos del Grupo Motorpress-Ib\u00e9rica, hoy llamado Sport Life Ib\u00e9rica, al cual sigue vinculado.\",\"sameAs\":[\"https:\\\/\\\/www.instagram.com\\\/vfgancedo\"],\"url\":\"https:\\\/\\\/www.boxrepsol.com\\\/es\\\/author\\\/victor_gancedo\\\/\"}]}<\/script>\n<!-- \/ Yoast SEO plugin. -->","yoast_head_json":{"title":"Nueva Honda CB750 Hornet 2023 - Box Repsol","description":"Honda ha renovado una de las motos naked m\u00e1s exitosas, la CB750 Hornet. Conoce todas las novedades de este m\u00edtico modelo aqu\u00ed.","canonical":"https:\/\/www.boxrepsol.com\/es\/cultura-motera\/honda-renueva-la-mitica-hornet\/","og_locale":"es_ES","og_type":"article","og_title":"Nueva Honda CB750 Hornet 2023 - Box Repsol","og_description":"Honda ha renovado una de las motos naked m\u00e1s exitosas, la CB750 Hornet. Conoce todas las novedades de este m\u00edtico modelo aqu\u00ed.","og_url":"https:\/\/www.boxrepsol.com\/es\/cultura-motera\/honda-renueva-la-mitica-hornet\/","og_site_name":"Box Repsol","article_publisher":"https:\/\/www.facebook.com\/BoxRepsol","article_published_time":"2022-10-13T02:00:00+00:00","article_modified_time":"2024-03-25T09:30:06+00:00","og_image":[{"width":2560,"height":1200,"url":"https:\/\/bxrepsol.s3.eu-west-1.amazonaws.com\/static\/2022\/11\/07081929\/Foto-1-apertura1-scaled.jpg","type":"image\/jpeg"}],"author":"V\u00edctor Gancedo","twitter_card":"summary_large_image","twitter_creator":"@box_repsol","twitter_site":"@box_repsol","twitter_misc":{"Written by":"V\u00edctor Gancedo","Est. reading time":"5 minutos"},"schema":{"@context":"https:\/\/schema.org","@graph":[{"@type":"Article","@id":"https:\/\/www.boxrepsol.com\/es\/cultura-motera\/honda-renueva-la-mitica-hornet\/#article","isPartOf":{"@id":"https:\/\/www.boxrepsol.com\/es\/cultura-motera\/honda-renueva-la-mitica-hornet\/"},"author":{"name":"V\u00edctor Gancedo","@id":"https:\/\/www.boxrepsol.com\/es\/#\/schema\/person\/40c28bf318bbbe8fe3848b194b7385ca"},"headline":"Honda renueva la m\u00edtica Hornet","datePublished":"2022-10-13T02:00:00+00:00","dateModified":"2024-03-25T09:30:06+00:00","mainEntityOfPage":{"@id":"https:\/\/www.boxrepsol.com\/es\/cultura-motera\/honda-renueva-la-mitica-hornet\/"},"wordCount":977,"commentCount":1,"publisher":{"@id":"https:\/\/www.boxrepsol.com\/es\/#organization"},"image":{"@id":"https:\/\/www.boxrepsol.com\/es\/cultura-motera\/honda-renueva-la-mitica-hornet\/#primaryimage"},"thumbnailUrl":"https:\/\/bxrepsol.s3.eu-west-1.amazonaws.com\/static\/2022\/11\/07081929\/Foto-1-apertura1-scaled.jpg","keywords":["Motos Honda"],"articleSection":["Cultura Motera"],"inLanguage":"es","potentialAction":[{"@type":"CommentAction","name":"Comment","target":["https:\/\/www.boxrepsol.com\/es\/cultura-motera\/honda-renueva-la-mitica-hornet\/#respond"]}]},{"@type":"WebPage","@id":"https:\/\/www.boxrepsol.com\/es\/cultura-motera\/honda-renueva-la-mitica-hornet\/","url":"https:\/\/www.boxrepsol.com\/es\/cultura-motera\/honda-renueva-la-mitica-hornet\/","name":"Nueva Honda CB750 Hornet 2023 - Box Repsol","isPartOf":{"@id":"https:\/\/www.boxrepsol.com\/es\/#website"},"primaryImageOfPage":{"@id":"https:\/\/www.boxrepsol.com\/es\/cultura-motera\/honda-renueva-la-mitica-hornet\/#primaryimage"},"image":{"@id":"https:\/\/www.boxrepsol.com\/es\/cultura-motera\/honda-renueva-la-mitica-hornet\/#primaryimage"},"thumbnailUrl":"https:\/\/bxrepsol.s3.eu-west-1.amazonaws.com\/static\/2022\/11\/07081929\/Foto-1-apertura1-scaled.jpg","datePublished":"2022-10-13T02:00:00+00:00","dateModified":"2024-03-25T09:30:06+00:00","description":"Honda ha renovado una de las motos naked m\u00e1s exitosas, la CB750 Hornet. Conoce todas las novedades de este m\u00edtico modelo aqu\u00ed.","breadcrumb":{"@id":"https:\/\/www.boxrepsol.com\/es\/cultura-motera\/honda-renueva-la-mitica-hornet\/#breadcrumb"},"inLanguage":"es","potentialAction":[{"@type":"ReadAction","target":["https:\/\/www.boxrepsol.com\/es\/cultura-motera\/honda-renueva-la-mitica-hornet\/"]}]},{"@type":"ImageObject","inLanguage":"es","@id":"https:\/\/www.boxrepsol.com\/es\/cultura-motera\/honda-renueva-la-mitica-hornet\/#primaryimage","url":"https:\/\/bxrepsol.s3.eu-west-1.amazonaws.com\/static\/2022\/11\/07081929\/Foto-1-apertura1-scaled.jpg","contentUrl":"https:\/\/bxrepsol.s3.eu-west-1.amazonaws.com\/static\/2022\/11\/07081929\/Foto-1-apertura1-scaled.jpg","width":2560,"height":1200,"caption":"23YM HONDA CB750 HORNET"},{"@type":"BreadcrumbList","@id":"https:\/\/www.boxrepsol.com\/es\/cultura-motera\/honda-renueva-la-mitica-hornet\/#breadcrumb","itemListElement":[{"@type":"ListItem","position":1,"name":"Home","item":"https:\/\/www.boxrepsol.com\/es\/"},{"@type":"ListItem","position":2,"name":"Honda renueva la m\u00edtica Hornet"}]},{"@type":"WebSite","@id":"https:\/\/www.boxrepsol.com\/es\/#website","url":"https:\/\/www.boxrepsol.com\/es\/","name":"Box Repsol","description":"Box Repsol Site","publisher":{"@id":"https:\/\/www.boxrepsol.com\/es\/#organization"},"potentialAction":[{"@type":"SearchAction","target":{"@type":"EntryPoint","urlTemplate":"https:\/\/www.boxrepsol.com\/es\/?s={search_term_string}"},"query-input":{"@type":"PropertyValueSpecification","valueRequired":true,"valueName":"search_term_string"}}],"inLanguage":"es"},{"@type":"Organization","@id":"https:\/\/www.boxrepsol.com\/es\/#organization","name":"Box Repsol","url":"https:\/\/www.boxrepsol.com\/es\/","logo":{"@type":"ImageObject","inLanguage":"es","@id":"https:\/\/www.boxrepsol.com\/es\/#\/schema\/logo\/image\/","url":"https:\/\/bxrepsol.s3.eu-west-1.amazonaws.com\/static\/2025\/07\/30083337\/favicon-96x96-1.png","contentUrl":"https:\/\/bxrepsol.s3.eu-west-1.amazonaws.com\/static\/2025\/07\/30083337\/favicon-96x96-1.png","width":96,"height":96,"caption":"Box Repsol"},"image":{"@id":"https:\/\/www.boxrepsol.com\/es\/#\/schema\/logo\/image\/"},"sameAs":["https:\/\/www.facebook.com\/BoxRepsol","https:\/\/x.com\/box_repsol","http:\/\/instagram.com\/box_repsol","https:\/\/www.youtube.com\/user\/RepsolCompeticion","https:\/\/www.flickr.com\/photos\/box_repsol\/"]},{"@type":"Person","@id":"https:\/\/www.boxrepsol.com\/es\/#\/schema\/person\/40c28bf318bbbe8fe3848b194b7385ca","name":"V\u00edctor Gancedo","image":{"@type":"ImageObject","inLanguage":"es","@id":"https:\/\/secure.gravatar.com\/avatar\/cd1439a66fca5d3425cd2a7b13f32cd43e25022a0436c1235ef2a28e14fa660a?s=96&d=mm&r=g","url":"https:\/\/secure.gravatar.com\/avatar\/cd1439a66fca5d3425cd2a7b13f32cd43e25022a0436c1235ef2a28e14fa660a?s=96&d=mm&r=g","contentUrl":"https:\/\/secure.gravatar.com\/avatar\/cd1439a66fca5d3425cd2a7b13f32cd43e25022a0436c1235ef2a28e14fa660a?s=96&d=mm&r=g","caption":"V\u00edctor Gancedo"},"description":"Periodista especializado en el mundo de las motos, V\u00edctor ha probado pr\u00e1cticamente todas las que han salido al mercado desde 1990. En su larga trayectoria, ha desempe\u00f1ado cargos como los de Jefe de Pruebas de la revista Motociclismo o Responsable de Pruebas del \u00c1rea de Motos del Grupo Motorpress-Ib\u00e9rica, hoy llamado Sport Life Ib\u00e9rica, al cual sigue vinculado.","sameAs":["https:\/\/www.instagram.com\/vfgancedo"],"url":"https:\/\/www.boxrepsol.com\/es\/author\/victor_gancedo\/"}]}},"_links":{"self":[{"href":"https:\/\/www.boxrepsol.com\/es\/wp-json\/wp\/v2\/posts\/95550","targetHints":{"allow":["GET"]}}],"collection":[{"href":"https:\/\/www.boxrepsol.com\/es\/wp-json\/wp\/v2\/posts"}],"about":[{"href":"https:\/\/www.boxrepsol.com\/es\/wp-json\/wp\/v2\/types\/post"}],"author":[{"embeddable":true,"href":"https:\/\/www.boxrepsol.com\/es\/wp-json\/wp\/v2\/users\/41267"}],"replies":[{"embeddable":true,"href":"https:\/\/www.boxrepsol.com\/es\/wp-json\/wp\/v2\/comments?post=95550"}],"version-history":[{"count":6,"href":"https:\/\/www.boxrepsol.com\/es\/wp-json\/wp\/v2\/posts\/95550\/revisions"}],"predecessor-version":[{"id":114264,"href":"https:\/\/www.boxrepsol.com\/es\/wp-json\/wp\/v2\/posts\/95550\/revisions\/114264"}],"wp:featuredmedia":[{"embeddable":true,"href":"https:\/\/www.boxrepsol.com\/es\/wp-json\/wp\/v2\/media\/75714"}],"wp:attachment":[{"href":"https:\/\/www.boxrepsol.com\/es\/wp-json\/wp\/v2\/media?parent=95550"}],"wp:term":[{"taxonomy":"category","embeddable":true,"href":"https:\/\/www.boxrepsol.com\/es\/wp-json\/wp\/v2\/categories?post=95550"},{"taxonomy":"post_tag","embeddable":true,"href":"https:\/\/www.boxrepsol.com\/es\/wp-json\/wp\/v2\/tags?post=95550"}],"curies":[{"name":"wp","href":"https:\/\/api.w.org\/{rel}","templated":true}]}}