{"id":95548,"date":"2022-10-11T00:00:00","date_gmt":"2022-10-11T02:00:00","guid":{"rendered":"http:\/\/pre.boxrepsol.com\/sin-categorizar\/marc-marquez-y-pol-espargaro-listos-para-la-penultima-cita-de-la-gira-transoceanica\/"},"modified":"2024-04-08T09:01:00","modified_gmt":"2024-04-08T11:01:00","slug":"marc-marquez-y-pol-espargaro-listos-para-la-penultima-cita-de-la-gira-transoceanica","status":"publish","type":"post","link":"https:\/\/www.boxrepsol.com\/es\/motogp\/marc-marquez-y-pol-espargaro-listos-para-la-penultima-cita-de-la-gira-transoceanica\/","title":{"rendered":"Marc M\u00e1rquez y Pol Espargar\u00f3, listos para la pen\u00faltima cita de la gira transoce\u00e1nica"},"content":{"rendered":"<p>El circuito de <strong>Phillip<\/strong>&nbsp;<strong>Island<\/strong> es un trazado en el que tanto <strong>Marc M\u00e1rquez<\/strong> como <strong>Pol Espargar\u00f3<\/strong> han subido en varias ocasiones al podio. En una pista en la que el fr\u00edo suele ser protagonista debido a la \u00e9poca del a\u00f1o en la que se celebra el Gran Premio, la previsi\u00f3n del tiempo para este fin de semana augura un cielo despejado, pero con viento y temperaturas bajas.<\/p>\n<p><strong>Marc M\u00e1rquez<\/strong> est\u00e1 listo para seguir acumulando quil\u00f3metros sobre su Honda RC213V en Australia. El piloto del equipo <strong>Repsol Honda<\/strong> ha subido al podio de Phillip&nbsp;Island en seis ocasiones \u2013 1 victoria en 125cc, un segundo y un tercer puesto en Moto2 y 3 victorias en MotoGP \u2013 y este a\u00f1o llega al trazado australiano con el objetivo de sumar los m\u00e1ximos puntos posibles.<\/p>\n<p>Al otro lado del box, <strong>Pol Espargar\u00f3<\/strong> afronta el final de la temporada en el equipo <strong>Repsol Honda<\/strong> con el objetivo de mejorar sus \u00faltimos resultados. Espargar\u00f3 tiene en su palmar\u00e9s tres podios en este trazado: en 2010 logr\u00f3 un segundo puesto cuando compet\u00eda en 125cc y en Moto2 consigui\u00f3 subir a lo m\u00e1s alto en 2012 y 2013.<\/p>\n<p><a href=\"https:\/\/bxrepsol.s3.eu-west-1.amazonaws.com\/static\/2022\/11\/07081732\/https___repsolmedia.com_repsolmedia_wp-content_uploads_2022_10_JRB0452-scaled-1.jpg\" data-index=\"0\"><br \/>\n<img decoding=\"async\" src=\"https:\/\/bxrepsol.s3.eu-west-1.amazonaws.com\/static\/2022\/11\/07081732\/https___repsolmedia.com_repsolmedia_wp-content_uploads_2022_10_JRB0452-scaled-1.jpg\" srcset=\"https:\/\/bxrepsol.s3.eu-west-1.amazonaws.com\/static\/2022\/11\/07081732\/https___repsolmedia.com_repsolmedia_wp-content_uploads_2022_10_JRB0452-scaled-1.jpg 2560w, https:\/\/bxrepsol.s3.eu-west-1.amazonaws.com\/static\/2022\/11\/07081732\/https___repsolmedia.com_repsolmedia_wp-content_uploads_2022_10_JRB0452-scaled-1.jpg 1280w, https:\/\/bxrepsol.s3.eu-west-1.amazonaws.com\/static\/2022\/11\/07081732\/https___repsolmedia.com_repsolmedia_wp-content_uploads_2022_10_JRB0452-scaled-1.jpg 900w, https:\/\/bxrepsol.s3.eu-west-1.amazonaws.com\/static\/2022\/11\/07081732\/https___repsolmedia.com_repsolmedia_wp-content_uploads_2022_10_JRB0452-scaled-1.jpg 600w, https:\/\/bxrepsol.s3.eu-west-1.amazonaws.com\/static\/2022\/11\/07081732\/https___repsolmedia.com_repsolmedia_wp-content_uploads_2022_10_JRB0452-scaled-1.jpg 480w, https:\/\/bxrepsol.s3.eu-west-1.amazonaws.com\/static\/2022\/11\/07081732\/https___repsolmedia.com_repsolmedia_wp-content_uploads_2022_10_JRB0452-scaled-1.jpg 32w\" title=\"https___repsolmedia.com_repsolmedia_wp-content_uploads_2022_10_JRB0452-scaled\" alt=\"\" data-title=\"\"><br \/>\n<\/a><br \/>\n<a href=\"https:\/\/bxrepsol.s3.eu-west-1.amazonaws.com\/static\/2022\/11\/07081735\/https___repsolmedia.com_repsolmedia_wp-content_uploads_2022_10_JRB0605-scaled-1.jpg\" data-index=\"1\"><br \/>\n<img decoding=\"async\" src=\"https:\/\/bxrepsol.s3.eu-west-1.amazonaws.com\/static\/2022\/11\/07081735\/https___repsolmedia.com_repsolmedia_wp-content_uploads_2022_10_JRB0605-scaled-1.jpg\" srcset=\"https:\/\/bxrepsol.s3.eu-west-1.amazonaws.com\/static\/2022\/11\/07081735\/https___repsolmedia.com_repsolmedia_wp-content_uploads_2022_10_JRB0605-scaled-1.jpg 2560w, https:\/\/bxrepsol.s3.eu-west-1.amazonaws.com\/static\/2022\/11\/07081735\/https___repsolmedia.com_repsolmedia_wp-content_uploads_2022_10_JRB0605-scaled-1.jpg 1280w, https:\/\/bxrepsol.s3.eu-west-1.amazonaws.com\/static\/2022\/11\/07081735\/https___repsolmedia.com_repsolmedia_wp-content_uploads_2022_10_JRB0605-scaled-1.jpg 900w, https:\/\/bxrepsol.s3.eu-west-1.amazonaws.com\/static\/2022\/11\/07081735\/https___repsolmedia.com_repsolmedia_wp-content_uploads_2022_10_JRB0605-scaled-1.jpg 600w, https:\/\/bxrepsol.s3.eu-west-1.amazonaws.com\/static\/2022\/11\/07081735\/https___repsolmedia.com_repsolmedia_wp-content_uploads_2022_10_JRB0605-scaled-1.jpg 480w, https:\/\/bxrepsol.s3.eu-west-1.amazonaws.com\/static\/2022\/11\/07081735\/https___repsolmedia.com_repsolmedia_wp-content_uploads_2022_10_JRB0605-scaled-1.jpg 32w\" title=\"https___repsolmedia.com_repsolmedia_wp-content_uploads_2022_10_JRB0605-scaled\" alt=\"\" data-title=\"\"><br \/>\n<\/a><br \/>\n<a href=\"https:\/\/bxrepsol.s3.eu-west-1.amazonaws.com\/static\/2022\/11\/07081738\/https___repsolmedia.com_repsolmedia_wp-content_uploads_2022_10_JRB1323-scaled-1.jpg\" data-index=\"2\"><br \/>\n<img decoding=\"async\" src=\"https:\/\/bxrepsol.s3.eu-west-1.amazonaws.com\/static\/2022\/11\/07081738\/https___repsolmedia.com_repsolmedia_wp-content_uploads_2022_10_JRB1323-scaled-1.jpg\" srcset=\"https:\/\/bxrepsol.s3.eu-west-1.amazonaws.com\/static\/2022\/11\/07081738\/https___repsolmedia.com_repsolmedia_wp-content_uploads_2022_10_JRB1323-scaled-1.jpg 2560w, https:\/\/bxrepsol.s3.eu-west-1.amazonaws.com\/static\/2022\/11\/07081738\/https___repsolmedia.com_repsolmedia_wp-content_uploads_2022_10_JRB1323-scaled-1.jpg 1280w, https:\/\/bxrepsol.s3.eu-west-1.amazonaws.com\/static\/2022\/11\/07081738\/https___repsolmedia.com_repsolmedia_wp-content_uploads_2022_10_JRB1323-scaled-1.jpg 900w, https:\/\/bxrepsol.s3.eu-west-1.amazonaws.com\/static\/2022\/11\/07081738\/https___repsolmedia.com_repsolmedia_wp-content_uploads_2022_10_JRB1323-scaled-1.jpg 600w, https:\/\/bxrepsol.s3.eu-west-1.amazonaws.com\/static\/2022\/11\/07081738\/https___repsolmedia.com_repsolmedia_wp-content_uploads_2022_10_JRB1323-scaled-1.jpg 480w, https:\/\/bxrepsol.s3.eu-west-1.amazonaws.com\/static\/2022\/11\/07081738\/https___repsolmedia.com_repsolmedia_wp-content_uploads_2022_10_JRB1323-scaled-1.jpg 32w\" title=\"https___repsolmedia.com_repsolmedia_wp-content_uploads_2022_10_JRB1323-scaled\" alt=\"\" data-title=\"\"><br \/>\n<\/a><br \/>\n<a href=\"https:\/\/bxrepsol.s3.eu-west-1.amazonaws.com\/static\/2022\/11\/07081742\/https___repsolmedia.com_repsolmedia_wp-content_uploads_2022_10_JRB6269-1-scaled-1.jpg\" data-index=\"3\"><br \/>\n<img decoding=\"async\" src=\"https:\/\/bxrepsol.s3.eu-west-1.amazonaws.com\/static\/2022\/11\/07081742\/https___repsolmedia.com_repsolmedia_wp-content_uploads_2022_10_JRB6269-1-scaled-1.jpg\" srcset=\"https:\/\/bxrepsol.s3.eu-west-1.amazonaws.com\/static\/2022\/11\/07081742\/https___repsolmedia.com_repsolmedia_wp-content_uploads_2022_10_JRB6269-1-scaled-1.jpg 2560w, https:\/\/bxrepsol.s3.eu-west-1.amazonaws.com\/static\/2022\/11\/07081742\/https___repsolmedia.com_repsolmedia_wp-content_uploads_2022_10_JRB6269-1-scaled-1.jpg 1280w, https:\/\/bxrepsol.s3.eu-west-1.amazonaws.com\/static\/2022\/11\/07081742\/https___repsolmedia.com_repsolmedia_wp-content_uploads_2022_10_JRB6269-1-scaled-1.jpg 900w, https:\/\/bxrepsol.s3.eu-west-1.amazonaws.com\/static\/2022\/11\/07081742\/https___repsolmedia.com_repsolmedia_wp-content_uploads_2022_10_JRB6269-1-scaled-1.jpg 600w, https:\/\/bxrepsol.s3.eu-west-1.amazonaws.com\/static\/2022\/11\/07081742\/https___repsolmedia.com_repsolmedia_wp-content_uploads_2022_10_JRB6269-1-scaled-1.jpg 480w, https:\/\/bxrepsol.s3.eu-west-1.amazonaws.com\/static\/2022\/11\/07081742\/https___repsolmedia.com_repsolmedia_wp-content_uploads_2022_10_JRB6269-1-scaled-1.jpg 32w\" title=\"https___repsolmedia.com_repsolmedia_wp-content_uploads_2022_10_JRB6269-1-scaled\" alt=\"\" data-title=\"\"><br \/>\n<\/a><br \/>\n<a href=\"https:\/\/bxrepsol.s3.eu-west-1.amazonaws.com\/static\/2022\/11\/07081746\/https___repsolmedia.com_repsolmedia_wp-content_uploads_2022_10_JRB7643-scaled-1.jpg\" data-index=\"4\"><br \/>\n<img decoding=\"async\" src=\"https:\/\/bxrepsol.s3.eu-west-1.amazonaws.com\/static\/2022\/11\/07081746\/https___repsolmedia.com_repsolmedia_wp-content_uploads_2022_10_JRB7643-scaled-1.jpg\" srcset=\"https:\/\/bxrepsol.s3.eu-west-1.amazonaws.com\/static\/2022\/11\/07081746\/https___repsolmedia.com_repsolmedia_wp-content_uploads_2022_10_JRB7643-scaled-1.jpg 2560w, https:\/\/bxrepsol.s3.eu-west-1.amazonaws.com\/static\/2022\/11\/07081746\/https___repsolmedia.com_repsolmedia_wp-content_uploads_2022_10_JRB7643-scaled-1.jpg 1280w, https:\/\/bxrepsol.s3.eu-west-1.amazonaws.com\/static\/2022\/11\/07081746\/https___repsolmedia.com_repsolmedia_wp-content_uploads_2022_10_JRB7643-scaled-1.jpg 900w, https:\/\/bxrepsol.s3.eu-west-1.amazonaws.com\/static\/2022\/11\/07081746\/https___repsolmedia.com_repsolmedia_wp-content_uploads_2022_10_JRB7643-scaled-1.jpg 600w, https:\/\/bxrepsol.s3.eu-west-1.amazonaws.com\/static\/2022\/11\/07081746\/https___repsolmedia.com_repsolmedia_wp-content_uploads_2022_10_JRB7643-scaled-1.jpg 480w, https:\/\/bxrepsol.s3.eu-west-1.amazonaws.com\/static\/2022\/11\/07081746\/https___repsolmedia.com_repsolmedia_wp-content_uploads_2022_10_JRB7643-scaled-1.jpg 32w\" title=\"https___repsolmedia.com_repsolmedia_wp-content_uploads_2022_10_JRB7643-scaled\" alt=\"\" data-title=\"\"><br \/>\n<\/a><br \/>\n<button data-glide-dir=\"<\"><br \/>\n<svg role=\"img\" viewBox=\"0 0 256 512\">\n                <path fill=\"currentColor\" d=\"M238.475 475.535l7.071-7.07c4.686-4.686 4.686-12.284 0-16.971L50.053 256 245.546 60.506c4.686-4.686 4.686-12.284 0-16.971l-7.071-7.07c-4.686-4.686-12.284-4.686-16.97 0L10.454 247.515c-4.686 4.686-4.686 12.284 0 16.971l211.051 211.05c4.686 4.686 12.284 4.686 16.97-.001z\"><\/path>\n            <\/svg><br \/>\n<\/button><br \/>\n<button data-glide-dir=\">\u00ab><br \/>\n<svg role=\"img\" viewBox=\"0 0 256 512\">\n                <path fill=\"currentColor\" d=\"M17.525 36.465l-7.071 7.07c-4.686 4.686-4.686 12.284 0 16.971L205.947 256 10.454 451.494c-4.686 4.686-4.686 12.284 0 16.971l7.071 7.07c4.686 4.686 12.284 4.686 16.97 0l211.051-211.05c4.686-4.686 4.686-12.284 0-16.971L34.495 36.465c-4.686-4.687-12.284-4.687-16.97 0z\"><\/path>\n            <\/svg><br \/>\n<\/button><\/p>\n<p><strong>Declaraciones de los pilotos<\/strong><\/p>\n<p><a href=\"https:\/\/twitter.com\/hashtag\/MM93?src=hashtag_click\">#MM93<\/a><\/p>\n<p>\u00abPhillip Island es un gran circuito para correr, muy diferente a casi cualquier otra pista del calendario. He tenido muchas carreras memorables all\u00ed y casi siempre hay batallas bonitas, especialmente en las primeras vueltas. Hay que tener mucho cuidado all\u00ed con el clima, especialmente este a\u00f1o parece que puede ser muy fr\u00edo y con mucho viento -es algo a lo que tenemos que prestar atenci\u00f3n-. De nuevo, tenemos que ver qu\u00e9 es posible este fin de semana, he seguido entrenando y siento que mi condici\u00f3n mejora cada d\u00eda. Despu\u00e9s de tres carreras seguidas, la semana de descanso ha sido muy buena para m\u00ed\u00bb.<\/p>\n<p><a href=\"https:\/\/twitter.com\/hashtag\/POL44?src=hashtag_click\">#POL44<\/a><\/p>\n<p>\u00abEstoy deseando volver a pilotar en Phillip Island, donde consegu\u00ed probablemente la mejor victoria de mi carrera en Moto2. Es un trazado realmente \u00fanico y siempre se ve un gran grupo de pilotos luchando. Volver a casa, ver a mi familia y hacer un buen entrenamiento ha sido un buen descanso despu\u00e9s de tres semanas muy ajetreadas de carreras. No han sido f\u00e1cil las \u00faltimas carreras, pero las pruebas que quedan son en algunos circuitos diferentes. Vamos a ver qu\u00e9 es posible ya que como dicen algunos, todo puede pasar\u00bb.<\/p>\n","protected":false},"excerpt":{"rendered":"<p>Los pilotos del equipo Repsol Honda viajan esta semana a Phillip Island, Australia, para disputar la decimoctava cita de la temporada y pen\u00faltima carrera de la gira.<\/p>\n","protected":false},"author":43146,"featured_media":75682,"comment_status":"open","ping_status":"open","sticky":false,"template":"","format":"standard","meta":{"footnotes":""},"categories":[4],"tags":[120,6,139,128],"class_list":["post-95548","post","type-post","status-publish","format-standard","hentry","category-motogp","tag-120","tag-marc-marquez","tag-motogp-australia","tag-pol-espargaro"],"yoast_head":"<!-- This site is optimized with the Yoast SEO plugin v27.3 - https:\/\/yoast.com\/product\/yoast-seo-wordpress\/ -->\n<title>Marc M\u00e1rquez y Pol Espargar\u00f3, listos para la pen\u00faltima cita de la gira transoce\u00e1nica - Box Repsol<\/title>\n<meta name=\"description\" content=\"Nuestros pilotos est\u00e1n listos para la pen\u00faltima cita de la gira transoce\u00e1nica. Sigue de cerca la preparaci\u00f3n y desaf\u00edos del equipo.\" \/>\n<link rel=\"canonical\" href=\"https:\/\/www.boxrepsol.com\/es\/motogp\/marc-marquez-y-pol-espargaro-listos-para-la-penultima-cita-de-la-gira-transoceanica\/\" \/>\n<meta property=\"og:locale\" content=\"es_ES\" \/>\n<meta property=\"og:type\" content=\"article\" \/>\n<meta property=\"og:title\" content=\"Marc M\u00e1rquez y Pol Espargar\u00f3, listos para la pen\u00faltima cita de la gira transoce\u00e1nica - Box Repsol\" \/>\n<meta property=\"og:description\" content=\"Nuestros pilotos est\u00e1n listos para la pen\u00faltima cita de la gira transoce\u00e1nica. Sigue de cerca la preparaci\u00f3n y desaf\u00edos del equipo.\" \/>\n<meta property=\"og:url\" content=\"https:\/\/www.boxrepsol.com\/es\/motogp\/marc-marquez-y-pol-espargaro-listos-para-la-penultima-cita-de-la-gira-transoceanica\/\" \/>\n<meta property=\"og:site_name\" content=\"Box Repsol\" \/>\n<meta property=\"article:publisher\" content=\"https:\/\/www.facebook.com\/BoxRepsol\" \/>\n<meta property=\"article:author\" content=\"https:\/\/www.facebook.com\/BoxRepsol\/\" \/>\n<meta property=\"article:published_time\" content=\"2022-10-11T02:00:00+00:00\" \/>\n<meta property=\"article:modified_time\" content=\"2024-04-08T11:01:00+00:00\" \/>\n<meta property=\"og:image\" content=\"https:\/\/bxrepsol.s3.eu-west-1.amazonaws.com\/static\/2022\/11\/07081750\/https___repsolmedia.com_repsolmedia_wp-content_uploads_2022_10_JRB2856-scaled-1.jpg\" \/>\n\t<meta property=\"og:image:width\" content=\"1280\" \/>\n\t<meta property=\"og:image:height\" content=\"600\" \/>\n\t<meta property=\"og:image:type\" content=\"image\/jpeg\" \/>\n<meta name=\"author\" content=\"Redacci\u00f3n Box Repsol\" \/>\n<meta name=\"twitter:card\" content=\"summary_large_image\" \/>\n<meta name=\"twitter:creator\" content=\"@https:\/\/twitter.com\/box_repsol\" \/>\n<meta name=\"twitter:site\" content=\"@box_repsol\" \/>\n<meta name=\"twitter:label1\" content=\"Written by\" \/>\n\t<meta name=\"twitter:data1\" content=\"Redacci\u00f3n Box Repsol\" \/>\n\t<meta name=\"twitter:label2\" content=\"Est. reading time\" \/>\n\t<meta name=\"twitter:data2\" content=\"2 minutos\" \/>\n<script type=\"application\/ld+json\" class=\"yoast-schema-graph\">{\"@context\":\"https:\\\/\\\/schema.org\",\"@graph\":[{\"@type\":\"Article\",\"@id\":\"https:\\\/\\\/www.boxrepsol.com\\\/es\\\/motogp\\\/marc-marquez-y-pol-espargaro-listos-para-la-penultima-cita-de-la-gira-transoceanica\\\/#article\",\"isPartOf\":{\"@id\":\"https:\\\/\\\/www.boxrepsol.com\\\/es\\\/motogp\\\/marc-marquez-y-pol-espargaro-listos-para-la-penultima-cita-de-la-gira-transoceanica\\\/\"},\"author\":{\"name\":\"Redacci\u00f3n Box Repsol\",\"@id\":\"https:\\\/\\\/www.boxrepsol.com\\\/es\\\/#\\\/schema\\\/person\\\/c5c2138f2cca251b0ad92b7086bb60b7\"},\"headline\":\"Marc M\u00e1rquez y Pol Espargar\u00f3, listos para la pen\u00faltima cita de la gira transoce\u00e1nica\",\"datePublished\":\"2022-10-11T02:00:00+00:00\",\"dateModified\":\"2024-04-08T11:01:00+00:00\",\"mainEntityOfPage\":{\"@id\":\"https:\\\/\\\/www.boxrepsol.com\\\/es\\\/motogp\\\/marc-marquez-y-pol-espargaro-listos-para-la-penultima-cita-de-la-gira-transoceanica\\\/\"},\"wordCount\":423,\"commentCount\":0,\"publisher\":{\"@id\":\"https:\\\/\\\/www.boxrepsol.com\\\/es\\\/#organization\"},\"image\":{\"@id\":\"https:\\\/\\\/www.boxrepsol.com\\\/es\\\/motogp\\\/marc-marquez-y-pol-espargaro-listos-para-la-penultima-cita-de-la-gira-transoceanica\\\/#primaryimage\"},\"thumbnailUrl\":\"https:\\\/\\\/bxrepsol.s3.eu-west-1.amazonaws.com\\\/static\\\/2022\\\/11\\\/07081750\\\/https___repsolmedia.com_repsolmedia_wp-content_uploads_2022_10_JRB2856-scaled-1.jpg\",\"keywords\":[\"2022\",\"Marc M\u00e1rquez\",\"MotoGP Australia\",\"Pol Espargar\u00f3\"],\"articleSection\":[\"MotoGP\"],\"inLanguage\":\"es\",\"potentialAction\":[{\"@type\":\"CommentAction\",\"name\":\"Comment\",\"target\":[\"https:\\\/\\\/www.boxrepsol.com\\\/es\\\/motogp\\\/marc-marquez-y-pol-espargaro-listos-para-la-penultima-cita-de-la-gira-transoceanica\\\/#respond\"]}]},{\"@type\":\"WebPage\",\"@id\":\"https:\\\/\\\/www.boxrepsol.com\\\/es\\\/motogp\\\/marc-marquez-y-pol-espargaro-listos-para-la-penultima-cita-de-la-gira-transoceanica\\\/\",\"url\":\"https:\\\/\\\/www.boxrepsol.com\\\/es\\\/motogp\\\/marc-marquez-y-pol-espargaro-listos-para-la-penultima-cita-de-la-gira-transoceanica\\\/\",\"name\":\"Marc M\u00e1rquez y Pol Espargar\u00f3, listos para la pen\u00faltima cita de la gira transoce\u00e1nica - Box Repsol\",\"isPartOf\":{\"@id\":\"https:\\\/\\\/www.boxrepsol.com\\\/es\\\/#website\"},\"primaryImageOfPage\":{\"@id\":\"https:\\\/\\\/www.boxrepsol.com\\\/es\\\/motogp\\\/marc-marquez-y-pol-espargaro-listos-para-la-penultima-cita-de-la-gira-transoceanica\\\/#primaryimage\"},\"image\":{\"@id\":\"https:\\\/\\\/www.boxrepsol.com\\\/es\\\/motogp\\\/marc-marquez-y-pol-espargaro-listos-para-la-penultima-cita-de-la-gira-transoceanica\\\/#primaryimage\"},\"thumbnailUrl\":\"https:\\\/\\\/bxrepsol.s3.eu-west-1.amazonaws.com\\\/static\\\/2022\\\/11\\\/07081750\\\/https___repsolmedia.com_repsolmedia_wp-content_uploads_2022_10_JRB2856-scaled-1.jpg\",\"datePublished\":\"2022-10-11T02:00:00+00:00\",\"dateModified\":\"2024-04-08T11:01:00+00:00\",\"description\":\"Nuestros pilotos est\u00e1n listos para la pen\u00faltima cita de la gira transoce\u00e1nica. Sigue de cerca la preparaci\u00f3n y desaf\u00edos del equipo.\",\"breadcrumb\":{\"@id\":\"https:\\\/\\\/www.boxrepsol.com\\\/es\\\/motogp\\\/marc-marquez-y-pol-espargaro-listos-para-la-penultima-cita-de-la-gira-transoceanica\\\/#breadcrumb\"},\"inLanguage\":\"es\",\"potentialAction\":[{\"@type\":\"ReadAction\",\"target\":[\"https:\\\/\\\/www.boxrepsol.com\\\/es\\\/motogp\\\/marc-marquez-y-pol-espargaro-listos-para-la-penultima-cita-de-la-gira-transoceanica\\\/\"]}]},{\"@type\":\"ImageObject\",\"inLanguage\":\"es\",\"@id\":\"https:\\\/\\\/www.boxrepsol.com\\\/es\\\/motogp\\\/marc-marquez-y-pol-espargaro-listos-para-la-penultima-cita-de-la-gira-transoceanica\\\/#primaryimage\",\"url\":\"https:\\\/\\\/bxrepsol.s3.eu-west-1.amazonaws.com\\\/static\\\/2022\\\/11\\\/07081750\\\/https___repsolmedia.com_repsolmedia_wp-content_uploads_2022_10_JRB2856-scaled-1.jpg\",\"contentUrl\":\"https:\\\/\\\/bxrepsol.s3.eu-west-1.amazonaws.com\\\/static\\\/2022\\\/11\\\/07081750\\\/https___repsolmedia.com_repsolmedia_wp-content_uploads_2022_10_JRB2856-scaled-1.jpg\",\"width\":1280,\"height\":600},{\"@type\":\"BreadcrumbList\",\"@id\":\"https:\\\/\\\/www.boxrepsol.com\\\/es\\\/motogp\\\/marc-marquez-y-pol-espargaro-listos-para-la-penultima-cita-de-la-gira-transoceanica\\\/#breadcrumb\",\"itemListElement\":[{\"@type\":\"ListItem\",\"position\":1,\"name\":\"Home\",\"item\":\"https:\\\/\\\/www.boxrepsol.com\\\/es\\\/\"},{\"@type\":\"ListItem\",\"position\":2,\"name\":\"Marc M\u00e1rquez y Pol Espargar\u00f3, listos para la pen\u00faltima cita de la gira transoce\u00e1nica\"}]},{\"@type\":\"WebSite\",\"@id\":\"https:\\\/\\\/www.boxrepsol.com\\\/es\\\/#website\",\"url\":\"https:\\\/\\\/www.boxrepsol.com\\\/es\\\/\",\"name\":\"Box Repsol\",\"description\":\"Box Repsol Site\",\"publisher\":{\"@id\":\"https:\\\/\\\/www.boxrepsol.com\\\/es\\\/#organization\"},\"potentialAction\":[{\"@type\":\"SearchAction\",\"target\":{\"@type\":\"EntryPoint\",\"urlTemplate\":\"https:\\\/\\\/www.boxrepsol.com\\\/es\\\/?s={search_term_string}\"},\"query-input\":{\"@type\":\"PropertyValueSpecification\",\"valueRequired\":true,\"valueName\":\"search_term_string\"}}],\"inLanguage\":\"es\"},{\"@type\":\"Organization\",\"@id\":\"https:\\\/\\\/www.boxrepsol.com\\\/es\\\/#organization\",\"name\":\"Box Repsol\",\"url\":\"https:\\\/\\\/www.boxrepsol.com\\\/es\\\/\",\"logo\":{\"@type\":\"ImageObject\",\"inLanguage\":\"es\",\"@id\":\"https:\\\/\\\/www.boxrepsol.com\\\/es\\\/#\\\/schema\\\/logo\\\/image\\\/\",\"url\":\"https:\\\/\\\/bxrepsol.s3.eu-west-1.amazonaws.com\\\/static\\\/2025\\\/07\\\/30083337\\\/favicon-96x96-1.png\",\"contentUrl\":\"https:\\\/\\\/bxrepsol.s3.eu-west-1.amazonaws.com\\\/static\\\/2025\\\/07\\\/30083337\\\/favicon-96x96-1.png\",\"width\":96,\"height\":96,\"caption\":\"Box Repsol\"},\"image\":{\"@id\":\"https:\\\/\\\/www.boxrepsol.com\\\/es\\\/#\\\/schema\\\/logo\\\/image\\\/\"},\"sameAs\":[\"https:\\\/\\\/www.facebook.com\\\/BoxRepsol\",\"https:\\\/\\\/x.com\\\/box_repsol\",\"http:\\\/\\\/instagram.com\\\/box_repsol\",\"https:\\\/\\\/www.youtube.com\\\/user\\\/RepsolCompeticion\",\"https:\\\/\\\/www.flickr.com\\\/photos\\\/box_repsol\\\/\"]},{\"@type\":\"Person\",\"@id\":\"https:\\\/\\\/www.boxrepsol.com\\\/es\\\/#\\\/schema\\\/person\\\/c5c2138f2cca251b0ad92b7086bb60b7\",\"name\":\"Redacci\u00f3n Box Repsol\",\"image\":{\"@type\":\"ImageObject\",\"inLanguage\":\"es\",\"@id\":\"https:\\\/\\\/secure.gravatar.com\\\/avatar\\\/adf7b77e38b4419baf32c7e9c21dde01f4e40df611f0978e3006fc4ba0aaab7e?s=96&d=mm&r=g\",\"url\":\"https:\\\/\\\/secure.gravatar.com\\\/avatar\\\/adf7b77e38b4419baf32c7e9c21dde01f4e40df611f0978e3006fc4ba0aaab7e?s=96&d=mm&r=g\",\"contentUrl\":\"https:\\\/\\\/secure.gravatar.com\\\/avatar\\\/adf7b77e38b4419baf32c7e9c21dde01f4e40df611f0978e3006fc4ba0aaab7e?s=96&d=mm&r=g\",\"caption\":\"Redacci\u00f3n Box Repsol\"},\"description\":\"Box Repsol lo forma un equipo de periodistas, community managers, dise\u00f1adores y fot\u00f3grafos con m\u00e1s de 20 a\u00f1os de experiencia en el mundo del motorsport. Hemos vivido el primer mundial de un espa\u00f1ol en la categor\u00eda reina de motociclismo con \u00c1lex Crivill\u00e9, estuvimos en las victorias de Pedrosa y los t\u00edtulos de M\u00e1rquez, acompa\u00f1amos en \u00c1frica a Nani Roma y Marc Coma en sus conquistas del Dakar y hemos vibrado con los t\u00edtulos de Toni Bou en Trial. Adem\u00e1s, en nuestro equipo contamos con expertos en el mundo de las dos y cuatro ruedas tanto de la calle y las carreteras, como de los circuitos. Periodistas que han trabajado en revistas y publicaciones para hacerte llegar desde rutas y consejos de mantenimiento, a curiosidades y trucos de pilotaje.\",\"sameAs\":[\"https:\\\/\\\/www.facebook.com\\\/BoxRepsol\\\/\",\"https:\\\/\\\/www.instagram.com\\\/box_repsol\\\/\",\"https:\\\/\\\/x.com\\\/https:\\\/\\\/twitter.com\\\/box_repsol\",\"https:\\\/\\\/www.youtube.com\\\/@Boxrepsol\"],\"url\":\"https:\\\/\\\/www.boxrepsol.com\\\/es\\\/author\\\/redaccion-box-repsol\\\/\"}]}<\/script>\n<!-- \/ Yoast SEO plugin. -->","yoast_head_json":{"title":"Marc M\u00e1rquez y Pol Espargar\u00f3, listos para la pen\u00faltima cita de la gira transoce\u00e1nica - Box Repsol","description":"Nuestros pilotos est\u00e1n listos para la pen\u00faltima cita de la gira transoce\u00e1nica. Sigue de cerca la preparaci\u00f3n y desaf\u00edos del equipo.","canonical":"https:\/\/www.boxrepsol.com\/es\/motogp\/marc-marquez-y-pol-espargaro-listos-para-la-penultima-cita-de-la-gira-transoceanica\/","og_locale":"es_ES","og_type":"article","og_title":"Marc M\u00e1rquez y Pol Espargar\u00f3, listos para la pen\u00faltima cita de la gira transoce\u00e1nica - Box Repsol","og_description":"Nuestros pilotos est\u00e1n listos para la pen\u00faltima cita de la gira transoce\u00e1nica. Sigue de cerca la preparaci\u00f3n y desaf\u00edos del equipo.","og_url":"https:\/\/www.boxrepsol.com\/es\/motogp\/marc-marquez-y-pol-espargaro-listos-para-la-penultima-cita-de-la-gira-transoceanica\/","og_site_name":"Box Repsol","article_publisher":"https:\/\/www.facebook.com\/BoxRepsol","article_author":"https:\/\/www.facebook.com\/BoxRepsol\/","article_published_time":"2022-10-11T02:00:00+00:00","article_modified_time":"2024-04-08T11:01:00+00:00","og_image":[{"width":1280,"height":600,"url":"https:\/\/bxrepsol.s3.eu-west-1.amazonaws.com\/static\/2022\/11\/07081750\/https___repsolmedia.com_repsolmedia_wp-content_uploads_2022_10_JRB2856-scaled-1.jpg","type":"image\/jpeg"}],"author":"Redacci\u00f3n Box Repsol","twitter_card":"summary_large_image","twitter_creator":"@https:\/\/twitter.com\/box_repsol","twitter_site":"@box_repsol","twitter_misc":{"Written by":"Redacci\u00f3n Box Repsol","Est. reading time":"2 minutos"},"schema":{"@context":"https:\/\/schema.org","@graph":[{"@type":"Article","@id":"https:\/\/www.boxrepsol.com\/es\/motogp\/marc-marquez-y-pol-espargaro-listos-para-la-penultima-cita-de-la-gira-transoceanica\/#article","isPartOf":{"@id":"https:\/\/www.boxrepsol.com\/es\/motogp\/marc-marquez-y-pol-espargaro-listos-para-la-penultima-cita-de-la-gira-transoceanica\/"},"author":{"name":"Redacci\u00f3n Box Repsol","@id":"https:\/\/www.boxrepsol.com\/es\/#\/schema\/person\/c5c2138f2cca251b0ad92b7086bb60b7"},"headline":"Marc M\u00e1rquez y Pol Espargar\u00f3, listos para la pen\u00faltima cita de la gira transoce\u00e1nica","datePublished":"2022-10-11T02:00:00+00:00","dateModified":"2024-04-08T11:01:00+00:00","mainEntityOfPage":{"@id":"https:\/\/www.boxrepsol.com\/es\/motogp\/marc-marquez-y-pol-espargaro-listos-para-la-penultima-cita-de-la-gira-transoceanica\/"},"wordCount":423,"commentCount":0,"publisher":{"@id":"https:\/\/www.boxrepsol.com\/es\/#organization"},"image":{"@id":"https:\/\/www.boxrepsol.com\/es\/motogp\/marc-marquez-y-pol-espargaro-listos-para-la-penultima-cita-de-la-gira-transoceanica\/#primaryimage"},"thumbnailUrl":"https:\/\/bxrepsol.s3.eu-west-1.amazonaws.com\/static\/2022\/11\/07081750\/https___repsolmedia.com_repsolmedia_wp-content_uploads_2022_10_JRB2856-scaled-1.jpg","keywords":["2022","Marc M\u00e1rquez","MotoGP Australia","Pol Espargar\u00f3"],"articleSection":["MotoGP"],"inLanguage":"es","potentialAction":[{"@type":"CommentAction","name":"Comment","target":["https:\/\/www.boxrepsol.com\/es\/motogp\/marc-marquez-y-pol-espargaro-listos-para-la-penultima-cita-de-la-gira-transoceanica\/#respond"]}]},{"@type":"WebPage","@id":"https:\/\/www.boxrepsol.com\/es\/motogp\/marc-marquez-y-pol-espargaro-listos-para-la-penultima-cita-de-la-gira-transoceanica\/","url":"https:\/\/www.boxrepsol.com\/es\/motogp\/marc-marquez-y-pol-espargaro-listos-para-la-penultima-cita-de-la-gira-transoceanica\/","name":"Marc M\u00e1rquez y Pol Espargar\u00f3, listos para la pen\u00faltima cita de la gira transoce\u00e1nica - Box Repsol","isPartOf":{"@id":"https:\/\/www.boxrepsol.com\/es\/#website"},"primaryImageOfPage":{"@id":"https:\/\/www.boxrepsol.com\/es\/motogp\/marc-marquez-y-pol-espargaro-listos-para-la-penultima-cita-de-la-gira-transoceanica\/#primaryimage"},"image":{"@id":"https:\/\/www.boxrepsol.com\/es\/motogp\/marc-marquez-y-pol-espargaro-listos-para-la-penultima-cita-de-la-gira-transoceanica\/#primaryimage"},"thumbnailUrl":"https:\/\/bxrepsol.s3.eu-west-1.amazonaws.com\/static\/2022\/11\/07081750\/https___repsolmedia.com_repsolmedia_wp-content_uploads_2022_10_JRB2856-scaled-1.jpg","datePublished":"2022-10-11T02:00:00+00:00","dateModified":"2024-04-08T11:01:00+00:00","description":"Nuestros pilotos est\u00e1n listos para la pen\u00faltima cita de la gira transoce\u00e1nica. Sigue de cerca la preparaci\u00f3n y desaf\u00edos del equipo.","breadcrumb":{"@id":"https:\/\/www.boxrepsol.com\/es\/motogp\/marc-marquez-y-pol-espargaro-listos-para-la-penultima-cita-de-la-gira-transoceanica\/#breadcrumb"},"inLanguage":"es","potentialAction":[{"@type":"ReadAction","target":["https:\/\/www.boxrepsol.com\/es\/motogp\/marc-marquez-y-pol-espargaro-listos-para-la-penultima-cita-de-la-gira-transoceanica\/"]}]},{"@type":"ImageObject","inLanguage":"es","@id":"https:\/\/www.boxrepsol.com\/es\/motogp\/marc-marquez-y-pol-espargaro-listos-para-la-penultima-cita-de-la-gira-transoceanica\/#primaryimage","url":"https:\/\/bxrepsol.s3.eu-west-1.amazonaws.com\/static\/2022\/11\/07081750\/https___repsolmedia.com_repsolmedia_wp-content_uploads_2022_10_JRB2856-scaled-1.jpg","contentUrl":"https:\/\/bxrepsol.s3.eu-west-1.amazonaws.com\/static\/2022\/11\/07081750\/https___repsolmedia.com_repsolmedia_wp-content_uploads_2022_10_JRB2856-scaled-1.jpg","width":1280,"height":600},{"@type":"BreadcrumbList","@id":"https:\/\/www.boxrepsol.com\/es\/motogp\/marc-marquez-y-pol-espargaro-listos-para-la-penultima-cita-de-la-gira-transoceanica\/#breadcrumb","itemListElement":[{"@type":"ListItem","position":1,"name":"Home","item":"https:\/\/www.boxrepsol.com\/es\/"},{"@type":"ListItem","position":2,"name":"Marc M\u00e1rquez y Pol Espargar\u00f3, listos para la pen\u00faltima cita de la gira transoce\u00e1nica"}]},{"@type":"WebSite","@id":"https:\/\/www.boxrepsol.com\/es\/#website","url":"https:\/\/www.boxrepsol.com\/es\/","name":"Box Repsol","description":"Box Repsol Site","publisher":{"@id":"https:\/\/www.boxrepsol.com\/es\/#organization"},"potentialAction":[{"@type":"SearchAction","target":{"@type":"EntryPoint","urlTemplate":"https:\/\/www.boxrepsol.com\/es\/?s={search_term_string}"},"query-input":{"@type":"PropertyValueSpecification","valueRequired":true,"valueName":"search_term_string"}}],"inLanguage":"es"},{"@type":"Organization","@id":"https:\/\/www.boxrepsol.com\/es\/#organization","name":"Box Repsol","url":"https:\/\/www.boxrepsol.com\/es\/","logo":{"@type":"ImageObject","inLanguage":"es","@id":"https:\/\/www.boxrepsol.com\/es\/#\/schema\/logo\/image\/","url":"https:\/\/bxrepsol.s3.eu-west-1.amazonaws.com\/static\/2025\/07\/30083337\/favicon-96x96-1.png","contentUrl":"https:\/\/bxrepsol.s3.eu-west-1.amazonaws.com\/static\/2025\/07\/30083337\/favicon-96x96-1.png","width":96,"height":96,"caption":"Box Repsol"},"image":{"@id":"https:\/\/www.boxrepsol.com\/es\/#\/schema\/logo\/image\/"},"sameAs":["https:\/\/www.facebook.com\/BoxRepsol","https:\/\/x.com\/box_repsol","http:\/\/instagram.com\/box_repsol","https:\/\/www.youtube.com\/user\/RepsolCompeticion","https:\/\/www.flickr.com\/photos\/box_repsol\/"]},{"@type":"Person","@id":"https:\/\/www.boxrepsol.com\/es\/#\/schema\/person\/c5c2138f2cca251b0ad92b7086bb60b7","name":"Redacci\u00f3n Box Repsol","image":{"@type":"ImageObject","inLanguage":"es","@id":"https:\/\/secure.gravatar.com\/avatar\/adf7b77e38b4419baf32c7e9c21dde01f4e40df611f0978e3006fc4ba0aaab7e?s=96&d=mm&r=g","url":"https:\/\/secure.gravatar.com\/avatar\/adf7b77e38b4419baf32c7e9c21dde01f4e40df611f0978e3006fc4ba0aaab7e?s=96&d=mm&r=g","contentUrl":"https:\/\/secure.gravatar.com\/avatar\/adf7b77e38b4419baf32c7e9c21dde01f4e40df611f0978e3006fc4ba0aaab7e?s=96&d=mm&r=g","caption":"Redacci\u00f3n Box Repsol"},"description":"Box Repsol lo forma un equipo de periodistas, community managers, dise\u00f1adores y fot\u00f3grafos con m\u00e1s de 20 a\u00f1os de experiencia en el mundo del motorsport. Hemos vivido el primer mundial de un espa\u00f1ol en la categor\u00eda reina de motociclismo con \u00c1lex Crivill\u00e9, estuvimos en las victorias de Pedrosa y los t\u00edtulos de M\u00e1rquez, acompa\u00f1amos en \u00c1frica a Nani Roma y Marc Coma en sus conquistas del Dakar y hemos vibrado con los t\u00edtulos de Toni Bou en Trial. Adem\u00e1s, en nuestro equipo contamos con expertos en el mundo de las dos y cuatro ruedas tanto de la calle y las carreteras, como de los circuitos. Periodistas que han trabajado en revistas y publicaciones para hacerte llegar desde rutas y consejos de mantenimiento, a curiosidades y trucos de pilotaje.","sameAs":["https:\/\/www.facebook.com\/BoxRepsol\/","https:\/\/www.instagram.com\/box_repsol\/","https:\/\/x.com\/https:\/\/twitter.com\/box_repsol","https:\/\/www.youtube.com\/@Boxrepsol"],"url":"https:\/\/www.boxrepsol.com\/es\/author\/redaccion-box-repsol\/"}]}},"_links":{"self":[{"href":"https:\/\/www.boxrepsol.com\/es\/wp-json\/wp\/v2\/posts\/95548","targetHints":{"allow":["GET"]}}],"collection":[{"href":"https:\/\/www.boxrepsol.com\/es\/wp-json\/wp\/v2\/posts"}],"about":[{"href":"https:\/\/www.boxrepsol.com\/es\/wp-json\/wp\/v2\/types\/post"}],"author":[{"embeddable":true,"href":"https:\/\/www.boxrepsol.com\/es\/wp-json\/wp\/v2\/users\/43146"}],"replies":[{"embeddable":true,"href":"https:\/\/www.boxrepsol.com\/es\/wp-json\/wp\/v2\/comments?post=95548"}],"version-history":[{"count":2,"href":"https:\/\/www.boxrepsol.com\/es\/wp-json\/wp\/v2\/posts\/95548\/revisions"}],"predecessor-version":[{"id":109490,"href":"https:\/\/www.boxrepsol.com\/es\/wp-json\/wp\/v2\/posts\/95548\/revisions\/109490"}],"wp:featuredmedia":[{"embeddable":true,"href":"https:\/\/www.boxrepsol.com\/es\/wp-json\/wp\/v2\/media\/75682"}],"wp:attachment":[{"href":"https:\/\/www.boxrepsol.com\/es\/wp-json\/wp\/v2\/media?parent=95548"}],"wp:term":[{"taxonomy":"category","embeddable":true,"href":"https:\/\/www.boxrepsol.com\/es\/wp-json\/wp\/v2\/categories?post=95548"},{"taxonomy":"post_tag","embeddable":true,"href":"https:\/\/www.boxrepsol.com\/es\/wp-json\/wp\/v2\/tags?post=95548"}],"curies":[{"name":"wp","href":"https:\/\/api.w.org\/{rel}","templated":true}]}}