{"id":95545,"date":"2022-10-09T00:00:00","date_gmt":"2022-10-09T02:00:00","guid":{"rendered":"http:\/\/pre.boxrepsol.com\/sin-categorizar\/toni-bou-cierra-en-andorra-otra-temporada-perfecta\/"},"modified":"2024-04-08T09:01:46","modified_gmt":"2024-04-08T11:01:46","slug":"toni-bou-cierra-en-andorra-otra-temporada-perfecta","status":"publish","type":"post","link":"https:\/\/www.boxrepsol.com\/es\/trial\/toni-bou-cierra-en-andorra-otra-temporada-perfecta\/","title":{"rendered":"Toni Bou cierra en Andorra otra temporada perfecta"},"content":{"rendered":"<p>A pesar de que <strong>Toni Bou<\/strong> ha dominado las dos primeras rondas marcando 0 puntos en ambas, en la final ha cometido un peque\u00f1o error que le ha provocado sumar 5 puntos y finalizar la prueba segundo, por detr\u00e1s de Jaime Busto.<\/p>\n<p>Despu\u00e9s de celebrar el podio del certamen, el piloto del equipo <strong>Repsol Honda<\/strong> se ha colgado la medalla de oro de <strong>Campe\u00f3n del Mundo<\/strong> de <strong>XTrial<\/strong> 2022 delante de su afici\u00f3n.<\/p>\n<p><strong>Gabriel Marcelli<\/strong> ha realizado una buena actuaci\u00f3n hoy en Andorra la Vella al finalizar cuarto y quinto la primera y la segunda ronda. Con este resultado, el piloto gallego del equipo <strong>Repsol Honda<\/strong> acaba la temporada siendo el quinto mejor piloto.<\/p>\n<p><a href=\"https:\/\/bxrepsol.s3.eu-west-1.amazonaws.com\/static\/2022\/11\/07081647\/https___repsolmedia.com_repsolmedia_wp-content_uploads_2022_10_RHT22_X-Trial_r5_06469_ps-scaled-1.jpg\" data-index=\"0\"><br \/>\n<img decoding=\"async\" src=\"https:\/\/bxrepsol.s3.eu-west-1.amazonaws.com\/static\/2022\/11\/07081647\/https___repsolmedia.com_repsolmedia_wp-content_uploads_2022_10_RHT22_X-Trial_r5_06469_ps-scaled-1.jpg\" srcset=\"https:\/\/bxrepsol.s3.eu-west-1.amazonaws.com\/static\/2022\/11\/07081647\/https___repsolmedia.com_repsolmedia_wp-content_uploads_2022_10_RHT22_X-Trial_r5_06469_ps-scaled-1.jpg 2560w, https:\/\/bxrepsol.s3.eu-west-1.amazonaws.com\/static\/2022\/11\/07081647\/https___repsolmedia.com_repsolmedia_wp-content_uploads_2022_10_RHT22_X-Trial_r5_06469_ps-scaled-1.jpg 1280w, https:\/\/bxrepsol.s3.eu-west-1.amazonaws.com\/static\/2022\/11\/07081647\/https___repsolmedia.com_repsolmedia_wp-content_uploads_2022_10_RHT22_X-Trial_r5_06469_ps-scaled-1.jpg 900w, https:\/\/bxrepsol.s3.eu-west-1.amazonaws.com\/static\/2022\/11\/07081647\/https___repsolmedia.com_repsolmedia_wp-content_uploads_2022_10_RHT22_X-Trial_r5_06469_ps-scaled-1.jpg 600w, https:\/\/bxrepsol.s3.eu-west-1.amazonaws.com\/static\/2022\/11\/07081647\/https___repsolmedia.com_repsolmedia_wp-content_uploads_2022_10_RHT22_X-Trial_r5_06469_ps-scaled-1.jpg 480w, https:\/\/bxrepsol.s3.eu-west-1.amazonaws.com\/static\/2022\/11\/07081647\/https___repsolmedia.com_repsolmedia_wp-content_uploads_2022_10_RHT22_X-Trial_r5_06469_ps-scaled-1.jpg 32w\" title=\"https___repsolmedia.com_repsolmedia_wp-content_uploads_2022_10_RHT22_X-Trial_r5_06469_ps-scaled\" alt=\"\" data-title=\"\"><br \/>\n<\/a><br \/>\n<a href=\"https:\/\/bxrepsol.s3.eu-west-1.amazonaws.com\/static\/2022\/11\/07081650\/https___repsolmedia.com_repsolmedia_wp-content_uploads_2022_10_RHT22_X-Trial_r5_06491_ps-1-scaled-1.jpg\" data-index=\"1\"><br \/>\n<img decoding=\"async\" src=\"https:\/\/bxrepsol.s3.eu-west-1.amazonaws.com\/static\/2022\/11\/07081650\/https___repsolmedia.com_repsolmedia_wp-content_uploads_2022_10_RHT22_X-Trial_r5_06491_ps-1-scaled-1.jpg\" srcset=\"https:\/\/bxrepsol.s3.eu-west-1.amazonaws.com\/static\/2022\/11\/07081650\/https___repsolmedia.com_repsolmedia_wp-content_uploads_2022_10_RHT22_X-Trial_r5_06491_ps-1-scaled-1.jpg 2560w, https:\/\/bxrepsol.s3.eu-west-1.amazonaws.com\/static\/2022\/11\/07081650\/https___repsolmedia.com_repsolmedia_wp-content_uploads_2022_10_RHT22_X-Trial_r5_06491_ps-1-scaled-1.jpg 1280w, https:\/\/bxrepsol.s3.eu-west-1.amazonaws.com\/static\/2022\/11\/07081650\/https___repsolmedia.com_repsolmedia_wp-content_uploads_2022_10_RHT22_X-Trial_r5_06491_ps-1-scaled-1.jpg 900w, https:\/\/bxrepsol.s3.eu-west-1.amazonaws.com\/static\/2022\/11\/07081650\/https___repsolmedia.com_repsolmedia_wp-content_uploads_2022_10_RHT22_X-Trial_r5_06491_ps-1-scaled-1.jpg 600w, https:\/\/bxrepsol.s3.eu-west-1.amazonaws.com\/static\/2022\/11\/07081650\/https___repsolmedia.com_repsolmedia_wp-content_uploads_2022_10_RHT22_X-Trial_r5_06491_ps-1-scaled-1.jpg 480w, https:\/\/bxrepsol.s3.eu-west-1.amazonaws.com\/static\/2022\/11\/07081650\/https___repsolmedia.com_repsolmedia_wp-content_uploads_2022_10_RHT22_X-Trial_r5_06491_ps-1-scaled-1.jpg 32w\" title=\"https___repsolmedia.com_repsolmedia_wp-content_uploads_2022_10_RHT22_X-Trial_r5_06491_ps-1-scaled\" alt=\"\" data-title=\"\"><br \/>\n<\/a><br \/>\n<a href=\"https:\/\/bxrepsol.s3.eu-west-1.amazonaws.com\/static\/2022\/11\/07081653\/https___repsolmedia.com_repsolmedia_wp-content_uploads_2022_10_RHT22_X-Trial_r5_06863_ps-scaled-1.jpg\" data-index=\"2\"><br \/>\n<img decoding=\"async\" src=\"https:\/\/bxrepsol.s3.eu-west-1.amazonaws.com\/static\/2022\/11\/07081653\/https___repsolmedia.com_repsolmedia_wp-content_uploads_2022_10_RHT22_X-Trial_r5_06863_ps-scaled-1.jpg\" srcset=\"https:\/\/bxrepsol.s3.eu-west-1.amazonaws.com\/static\/2022\/11\/07081653\/https___repsolmedia.com_repsolmedia_wp-content_uploads_2022_10_RHT22_X-Trial_r5_06863_ps-scaled-1.jpg 2560w, https:\/\/bxrepsol.s3.eu-west-1.amazonaws.com\/static\/2022\/11\/07081653\/https___repsolmedia.com_repsolmedia_wp-content_uploads_2022_10_RHT22_X-Trial_r5_06863_ps-scaled-1.jpg 1280w, https:\/\/bxrepsol.s3.eu-west-1.amazonaws.com\/static\/2022\/11\/07081653\/https___repsolmedia.com_repsolmedia_wp-content_uploads_2022_10_RHT22_X-Trial_r5_06863_ps-scaled-1.jpg 900w, https:\/\/bxrepsol.s3.eu-west-1.amazonaws.com\/static\/2022\/11\/07081653\/https___repsolmedia.com_repsolmedia_wp-content_uploads_2022_10_RHT22_X-Trial_r5_06863_ps-scaled-1.jpg 600w, https:\/\/bxrepsol.s3.eu-west-1.amazonaws.com\/static\/2022\/11\/07081653\/https___repsolmedia.com_repsolmedia_wp-content_uploads_2022_10_RHT22_X-Trial_r5_06863_ps-scaled-1.jpg 480w, https:\/\/bxrepsol.s3.eu-west-1.amazonaws.com\/static\/2022\/11\/07081653\/https___repsolmedia.com_repsolmedia_wp-content_uploads_2022_10_RHT22_X-Trial_r5_06863_ps-scaled-1.jpg 32w\" title=\"https___repsolmedia.com_repsolmedia_wp-content_uploads_2022_10_RHT22_X-Trial_r5_06863_ps-scaled\" alt=\"\" data-title=\"\"><br \/>\n<\/a><br \/>\n<a href=\"https:\/\/bxrepsol.s3.eu-west-1.amazonaws.com\/static\/2022\/11\/07081655\/https___repsolmedia.com_repsolmedia_wp-content_uploads_2022_10_RHT22_X-Trial_r5_07329_ps-scaled-1.jpg\" data-index=\"3\"><br \/>\n<img decoding=\"async\" src=\"https:\/\/bxrepsol.s3.eu-west-1.amazonaws.com\/static\/2022\/11\/07081655\/https___repsolmedia.com_repsolmedia_wp-content_uploads_2022_10_RHT22_X-Trial_r5_07329_ps-scaled-1.jpg\" srcset=\"https:\/\/bxrepsol.s3.eu-west-1.amazonaws.com\/static\/2022\/11\/07081655\/https___repsolmedia.com_repsolmedia_wp-content_uploads_2022_10_RHT22_X-Trial_r5_07329_ps-scaled-1.jpg 2560w, https:\/\/bxrepsol.s3.eu-west-1.amazonaws.com\/static\/2022\/11\/07081655\/https___repsolmedia.com_repsolmedia_wp-content_uploads_2022_10_RHT22_X-Trial_r5_07329_ps-scaled-1.jpg 1280w, https:\/\/bxrepsol.s3.eu-west-1.amazonaws.com\/static\/2022\/11\/07081655\/https___repsolmedia.com_repsolmedia_wp-content_uploads_2022_10_RHT22_X-Trial_r5_07329_ps-scaled-1.jpg 900w, https:\/\/bxrepsol.s3.eu-west-1.amazonaws.com\/static\/2022\/11\/07081655\/https___repsolmedia.com_repsolmedia_wp-content_uploads_2022_10_RHT22_X-Trial_r5_07329_ps-scaled-1.jpg 600w, https:\/\/bxrepsol.s3.eu-west-1.amazonaws.com\/static\/2022\/11\/07081655\/https___repsolmedia.com_repsolmedia_wp-content_uploads_2022_10_RHT22_X-Trial_r5_07329_ps-scaled-1.jpg 480w, https:\/\/bxrepsol.s3.eu-west-1.amazonaws.com\/static\/2022\/11\/07081655\/https___repsolmedia.com_repsolmedia_wp-content_uploads_2022_10_RHT22_X-Trial_r5_07329_ps-scaled-1.jpg 32w\" title=\"https___repsolmedia.com_repsolmedia_wp-content_uploads_2022_10_RHT22_X-Trial_r5_07329_ps-scaled\" alt=\"\" data-title=\"\"><br \/>\n<\/a><br \/>\n<a href=\"https:\/\/bxrepsol.s3.eu-west-1.amazonaws.com\/static\/2022\/11\/07081659\/https___repsolmedia.com_repsolmedia_wp-content_uploads_2022_10_RHT22_X-Trial_r5_07182_ps-scaled-1.jpg\" data-index=\"4\"><br \/>\n<img decoding=\"async\" src=\"https:\/\/bxrepsol.s3.eu-west-1.amazonaws.com\/static\/2022\/11\/07081659\/https___repsolmedia.com_repsolmedia_wp-content_uploads_2022_10_RHT22_X-Trial_r5_07182_ps-scaled-1.jpg\" srcset=\"https:\/\/bxrepsol.s3.eu-west-1.amazonaws.com\/static\/2022\/11\/07081659\/https___repsolmedia.com_repsolmedia_wp-content_uploads_2022_10_RHT22_X-Trial_r5_07182_ps-scaled-1.jpg 2560w, https:\/\/bxrepsol.s3.eu-west-1.amazonaws.com\/static\/2022\/11\/07081659\/https___repsolmedia.com_repsolmedia_wp-content_uploads_2022_10_RHT22_X-Trial_r5_07182_ps-scaled-1.jpg 1280w, https:\/\/bxrepsol.s3.eu-west-1.amazonaws.com\/static\/2022\/11\/07081659\/https___repsolmedia.com_repsolmedia_wp-content_uploads_2022_10_RHT22_X-Trial_r5_07182_ps-scaled-1.jpg 900w, https:\/\/bxrepsol.s3.eu-west-1.amazonaws.com\/static\/2022\/11\/07081659\/https___repsolmedia.com_repsolmedia_wp-content_uploads_2022_10_RHT22_X-Trial_r5_07182_ps-scaled-1.jpg 600w, https:\/\/bxrepsol.s3.eu-west-1.amazonaws.com\/static\/2022\/11\/07081659\/https___repsolmedia.com_repsolmedia_wp-content_uploads_2022_10_RHT22_X-Trial_r5_07182_ps-scaled-1.jpg 480w, https:\/\/bxrepsol.s3.eu-west-1.amazonaws.com\/static\/2022\/11\/07081659\/https___repsolmedia.com_repsolmedia_wp-content_uploads_2022_10_RHT22_X-Trial_r5_07182_ps-scaled-1.jpg 32w\" title=\"https___repsolmedia.com_repsolmedia_wp-content_uploads_2022_10_RHT22_X-Trial_r5_07182_ps-scaled\" alt=\"\" data-title=\"\"><br \/>\n<\/a><br \/>\n<button data-glide-dir=\"<\"><br \/>\n<svg role=\"img\" viewBox=\"0 0 256 512\">\n                <path fill=\"currentColor\" d=\"M238.475 475.535l7.071-7.07c4.686-4.686 4.686-12.284 0-16.971L50.053 256 245.546 60.506c4.686-4.686 4.686-12.284 0-16.971l-7.071-7.07c-4.686-4.686-12.284-4.686-16.97 0L10.454 247.515c-4.686 4.686-4.686 12.284 0 16.971l211.051 211.05c4.686 4.686 12.284 4.686 16.97-.001z\"><\/path>\n            <\/svg><br \/>\n<\/button><br \/>\n<button data-glide-dir=\">\u00ab><br \/>\n<svg role=\"img\" viewBox=\"0 0 256 512\">\n                <path fill=\"currentColor\" d=\"M17.525 36.465l-7.071 7.07c-4.686 4.686-4.686 12.284 0 16.971L205.947 256 10.454 451.494c-4.686 4.686-4.686 12.284 0 16.971l7.071 7.07c4.686 4.686 12.284 4.686 16.97 0l211.051-211.05c4.686-4.686 4.686-12.284 0-16.971L34.495 36.465c-4.686-4.687-12.284-4.687-16.97 0z\"><\/path>\n            <\/svg><br \/>\n<\/button><\/p>\n<p><strong>Declaraciones de los pilotos<\/strong><\/p>\n<p><strong>Toni Bou<\/strong><\/p>\n<p>\u00abEstoy contento por c\u00f3mo ha ido la noche. Hemos dado un gran espect\u00e1culo, hemos disfrutado y hemos ido muy bien en moto. Ha sido una carrera f\u00e1cil y sab\u00edamos que no pod\u00edamos cometer errores. En las dos primeras rondas hemos hecho 0 puntos pero, en la final, he cometido un error en la zona 2 que ha sido muy complicado recuperar. En la zona 4, Jaime ha fallado un poco y parec\u00eda que pod\u00edamos acercarnos y luchar por la victoria, pero finalmente se nos ha escapado. Hemos ido a por la victoria hasta el final, que ese es nuestro ADN. Estoy contento por el espect\u00e1culo que hemos dado y por haber podido celebrar el t\u00edtulo en Andorra. Ha sido una temporada muy buena: cuatro primeros y un segundo, que est\u00e1 muy bien\u00bb.<\/p>\n<p><strong>Gabriel Marcelli<\/strong><\/p>\n<p>\u00abEstoy satisfecho por c\u00f3mo ha ido la temporada, especialmente sabiendo que no pudimos asistir a la primera prueba del Campeonato del Mundo de X-Trial. Eso nos perjudic\u00f3 bastante de cara a la general del campeonato. Quer\u00eda despedir la temporada con un podio, ya que lo he tenido muy cerca, pero as\u00ed son las carreras. He cometido un fallo grave en la zona 4, pero en general el balance de la temporada es positivo. Acabamos quintos en la general y estamos contentos\u00bb.<\/p>\n","protected":false},"excerpt":{"rendered":"<p>Con el t\u00edtulo de XTrial ya en sus manos, el piloto del equipo Repsol Honda ha finalizado segundo la \u00faltima cita del mundial celebrada en Andorra la Vella. Gabriel marcelli ha sido quinto.<\/p>\n","protected":false},"author":43146,"featured_media":75655,"comment_status":"open","ping_status":"open","sticky":false,"template":"","format":"standard","meta":{"footnotes":""},"categories":[23],"tags":[120,203,130,21],"class_list":["post-95545","post","type-post","status-publish","format-standard","hentry","category-trial","tag-120","tag-gabri-marcelli","tag-otros-eventos-y-competiciones","tag-toni-bou"],"yoast_head":"<!-- This site is optimized with the Yoast SEO plugin v27.3 - https:\/\/yoast.com\/product\/yoast-seo-wordpress\/ -->\n<title>Toni Bou cierra en Andorra otra temporada perfecta - Box Repsol<\/title>\n<meta name=\"description\" content=\"Toni Bou cierra en Andorra otra temporada perfecta. Descubre los logros del campe\u00f3n durante esta temporada en Box Repsol.\" \/>\n<link rel=\"canonical\" href=\"https:\/\/www.boxrepsol.com\/es\/trial\/toni-bou-cierra-en-andorra-otra-temporada-perfecta\/\" \/>\n<meta property=\"og:locale\" content=\"es_ES\" \/>\n<meta property=\"og:type\" content=\"article\" \/>\n<meta property=\"og:title\" content=\"Toni Bou cierra en Andorra otra temporada perfecta - Box Repsol\" \/>\n<meta property=\"og:description\" content=\"Toni Bou cierra en Andorra otra temporada perfecta. Descubre los logros del campe\u00f3n durante esta temporada en Box Repsol.\" \/>\n<meta property=\"og:url\" content=\"https:\/\/www.boxrepsol.com\/es\/trial\/toni-bou-cierra-en-andorra-otra-temporada-perfecta\/\" \/>\n<meta property=\"og:site_name\" content=\"Box Repsol\" \/>\n<meta property=\"article:publisher\" content=\"https:\/\/www.facebook.com\/BoxRepsol\" \/>\n<meta property=\"article:author\" content=\"https:\/\/www.facebook.com\/BoxRepsol\/\" \/>\n<meta property=\"article:published_time\" content=\"2022-10-09T02:00:00+00:00\" \/>\n<meta property=\"article:modified_time\" content=\"2024-04-08T11:01:46+00:00\" \/>\n<meta property=\"og:image\" content=\"https:\/\/bxrepsol.s3.eu-west-1.amazonaws.com\/static\/2022\/11\/07081707\/RHT22_X-Trial_r5_03533_ps-scaled.jpg\" \/>\n\t<meta property=\"og:image:width\" content=\"2560\" \/>\n\t<meta property=\"og:image:height\" content=\"1706\" \/>\n\t<meta property=\"og:image:type\" content=\"image\/jpeg\" \/>\n<meta name=\"author\" content=\"Redacci\u00f3n Box Repsol\" \/>\n<meta name=\"twitter:card\" content=\"summary_large_image\" \/>\n<meta name=\"twitter:creator\" content=\"@https:\/\/twitter.com\/box_repsol\" \/>\n<meta name=\"twitter:site\" content=\"@box_repsol\" \/>\n<meta name=\"twitter:label1\" content=\"Written by\" \/>\n\t<meta name=\"twitter:data1\" content=\"Redacci\u00f3n Box Repsol\" \/>\n\t<meta name=\"twitter:label2\" content=\"Est. reading time\" \/>\n\t<meta name=\"twitter:data2\" content=\"2 minutos\" \/>\n<script type=\"application\/ld+json\" class=\"yoast-schema-graph\">{\"@context\":\"https:\\\/\\\/schema.org\",\"@graph\":[{\"@type\":\"Article\",\"@id\":\"https:\\\/\\\/www.boxrepsol.com\\\/es\\\/trial\\\/toni-bou-cierra-en-andorra-otra-temporada-perfecta\\\/#article\",\"isPartOf\":{\"@id\":\"https:\\\/\\\/www.boxrepsol.com\\\/es\\\/trial\\\/toni-bou-cierra-en-andorra-otra-temporada-perfecta\\\/\"},\"author\":{\"name\":\"Redacci\u00f3n Box Repsol\",\"@id\":\"https:\\\/\\\/www.boxrepsol.com\\\/es\\\/#\\\/schema\\\/person\\\/c5c2138f2cca251b0ad92b7086bb60b7\"},\"headline\":\"Toni Bou cierra en Andorra otra temporada perfecta\",\"datePublished\":\"2022-10-09T02:00:00+00:00\",\"dateModified\":\"2024-04-08T11:01:46+00:00\",\"mainEntityOfPage\":{\"@id\":\"https:\\\/\\\/www.boxrepsol.com\\\/es\\\/trial\\\/toni-bou-cierra-en-andorra-otra-temporada-perfecta\\\/\"},\"wordCount\":353,\"commentCount\":0,\"publisher\":{\"@id\":\"https:\\\/\\\/www.boxrepsol.com\\\/es\\\/#organization\"},\"image\":{\"@id\":\"https:\\\/\\\/www.boxrepsol.com\\\/es\\\/trial\\\/toni-bou-cierra-en-andorra-otra-temporada-perfecta\\\/#primaryimage\"},\"thumbnailUrl\":\"https:\\\/\\\/bxrepsol.s3.eu-west-1.amazonaws.com\\\/static\\\/2022\\\/11\\\/07081707\\\/RHT22_X-Trial_r5_03533_ps-scaled.jpg\",\"keywords\":[\"2022\",\"Gabri Marcelli\",\"otros eventos y competiciones\",\"Toni Bou\"],\"articleSection\":[\"Trial\"],\"inLanguage\":\"es\",\"potentialAction\":[{\"@type\":\"CommentAction\",\"name\":\"Comment\",\"target\":[\"https:\\\/\\\/www.boxrepsol.com\\\/es\\\/trial\\\/toni-bou-cierra-en-andorra-otra-temporada-perfecta\\\/#respond\"]}]},{\"@type\":\"WebPage\",\"@id\":\"https:\\\/\\\/www.boxrepsol.com\\\/es\\\/trial\\\/toni-bou-cierra-en-andorra-otra-temporada-perfecta\\\/\",\"url\":\"https:\\\/\\\/www.boxrepsol.com\\\/es\\\/trial\\\/toni-bou-cierra-en-andorra-otra-temporada-perfecta\\\/\",\"name\":\"Toni Bou cierra en Andorra otra temporada perfecta - Box Repsol\",\"isPartOf\":{\"@id\":\"https:\\\/\\\/www.boxrepsol.com\\\/es\\\/#website\"},\"primaryImageOfPage\":{\"@id\":\"https:\\\/\\\/www.boxrepsol.com\\\/es\\\/trial\\\/toni-bou-cierra-en-andorra-otra-temporada-perfecta\\\/#primaryimage\"},\"image\":{\"@id\":\"https:\\\/\\\/www.boxrepsol.com\\\/es\\\/trial\\\/toni-bou-cierra-en-andorra-otra-temporada-perfecta\\\/#primaryimage\"},\"thumbnailUrl\":\"https:\\\/\\\/bxrepsol.s3.eu-west-1.amazonaws.com\\\/static\\\/2022\\\/11\\\/07081707\\\/RHT22_X-Trial_r5_03533_ps-scaled.jpg\",\"datePublished\":\"2022-10-09T02:00:00+00:00\",\"dateModified\":\"2024-04-08T11:01:46+00:00\",\"description\":\"Toni Bou cierra en Andorra otra temporada perfecta. Descubre los logros del campe\u00f3n durante esta temporada en Box Repsol.\",\"breadcrumb\":{\"@id\":\"https:\\\/\\\/www.boxrepsol.com\\\/es\\\/trial\\\/toni-bou-cierra-en-andorra-otra-temporada-perfecta\\\/#breadcrumb\"},\"inLanguage\":\"es\",\"potentialAction\":[{\"@type\":\"ReadAction\",\"target\":[\"https:\\\/\\\/www.boxrepsol.com\\\/es\\\/trial\\\/toni-bou-cierra-en-andorra-otra-temporada-perfecta\\\/\"]}]},{\"@type\":\"ImageObject\",\"inLanguage\":\"es\",\"@id\":\"https:\\\/\\\/www.boxrepsol.com\\\/es\\\/trial\\\/toni-bou-cierra-en-andorra-otra-temporada-perfecta\\\/#primaryimage\",\"url\":\"https:\\\/\\\/bxrepsol.s3.eu-west-1.amazonaws.com\\\/static\\\/2022\\\/11\\\/07081707\\\/RHT22_X-Trial_r5_03533_ps-scaled.jpg\",\"contentUrl\":\"https:\\\/\\\/bxrepsol.s3.eu-west-1.amazonaws.com\\\/static\\\/2022\\\/11\\\/07081707\\\/RHT22_X-Trial_r5_03533_ps-scaled.jpg\",\"width\":2560,\"height\":1706},{\"@type\":\"BreadcrumbList\",\"@id\":\"https:\\\/\\\/www.boxrepsol.com\\\/es\\\/trial\\\/toni-bou-cierra-en-andorra-otra-temporada-perfecta\\\/#breadcrumb\",\"itemListElement\":[{\"@type\":\"ListItem\",\"position\":1,\"name\":\"Home\",\"item\":\"https:\\\/\\\/www.boxrepsol.com\\\/es\\\/\"},{\"@type\":\"ListItem\",\"position\":2,\"name\":\"Toni Bou cierra en Andorra otra temporada perfecta\"}]},{\"@type\":\"WebSite\",\"@id\":\"https:\\\/\\\/www.boxrepsol.com\\\/es\\\/#website\",\"url\":\"https:\\\/\\\/www.boxrepsol.com\\\/es\\\/\",\"name\":\"Box Repsol\",\"description\":\"Box Repsol Site\",\"publisher\":{\"@id\":\"https:\\\/\\\/www.boxrepsol.com\\\/es\\\/#organization\"},\"potentialAction\":[{\"@type\":\"SearchAction\",\"target\":{\"@type\":\"EntryPoint\",\"urlTemplate\":\"https:\\\/\\\/www.boxrepsol.com\\\/es\\\/?s={search_term_string}\"},\"query-input\":{\"@type\":\"PropertyValueSpecification\",\"valueRequired\":true,\"valueName\":\"search_term_string\"}}],\"inLanguage\":\"es\"},{\"@type\":\"Organization\",\"@id\":\"https:\\\/\\\/www.boxrepsol.com\\\/es\\\/#organization\",\"name\":\"Box Repsol\",\"url\":\"https:\\\/\\\/www.boxrepsol.com\\\/es\\\/\",\"logo\":{\"@type\":\"ImageObject\",\"inLanguage\":\"es\",\"@id\":\"https:\\\/\\\/www.boxrepsol.com\\\/es\\\/#\\\/schema\\\/logo\\\/image\\\/\",\"url\":\"https:\\\/\\\/bxrepsol.s3.eu-west-1.amazonaws.com\\\/static\\\/2025\\\/07\\\/30083337\\\/favicon-96x96-1.png\",\"contentUrl\":\"https:\\\/\\\/bxrepsol.s3.eu-west-1.amazonaws.com\\\/static\\\/2025\\\/07\\\/30083337\\\/favicon-96x96-1.png\",\"width\":96,\"height\":96,\"caption\":\"Box Repsol\"},\"image\":{\"@id\":\"https:\\\/\\\/www.boxrepsol.com\\\/es\\\/#\\\/schema\\\/logo\\\/image\\\/\"},\"sameAs\":[\"https:\\\/\\\/www.facebook.com\\\/BoxRepsol\",\"https:\\\/\\\/x.com\\\/box_repsol\",\"http:\\\/\\\/instagram.com\\\/box_repsol\",\"https:\\\/\\\/www.youtube.com\\\/user\\\/RepsolCompeticion\",\"https:\\\/\\\/www.flickr.com\\\/photos\\\/box_repsol\\\/\"]},{\"@type\":\"Person\",\"@id\":\"https:\\\/\\\/www.boxrepsol.com\\\/es\\\/#\\\/schema\\\/person\\\/c5c2138f2cca251b0ad92b7086bb60b7\",\"name\":\"Redacci\u00f3n Box Repsol\",\"image\":{\"@type\":\"ImageObject\",\"inLanguage\":\"es\",\"@id\":\"https:\\\/\\\/secure.gravatar.com\\\/avatar\\\/adf7b77e38b4419baf32c7e9c21dde01f4e40df611f0978e3006fc4ba0aaab7e?s=96&d=mm&r=g\",\"url\":\"https:\\\/\\\/secure.gravatar.com\\\/avatar\\\/adf7b77e38b4419baf32c7e9c21dde01f4e40df611f0978e3006fc4ba0aaab7e?s=96&d=mm&r=g\",\"contentUrl\":\"https:\\\/\\\/secure.gravatar.com\\\/avatar\\\/adf7b77e38b4419baf32c7e9c21dde01f4e40df611f0978e3006fc4ba0aaab7e?s=96&d=mm&r=g\",\"caption\":\"Redacci\u00f3n Box Repsol\"},\"description\":\"Box Repsol lo forma un equipo de periodistas, community managers, dise\u00f1adores y fot\u00f3grafos con m\u00e1s de 20 a\u00f1os de experiencia en el mundo del motorsport. Hemos vivido el primer mundial de un espa\u00f1ol en la categor\u00eda reina de motociclismo con \u00c1lex Crivill\u00e9, estuvimos en las victorias de Pedrosa y los t\u00edtulos de M\u00e1rquez, acompa\u00f1amos en \u00c1frica a Nani Roma y Marc Coma en sus conquistas del Dakar y hemos vibrado con los t\u00edtulos de Toni Bou en Trial. Adem\u00e1s, en nuestro equipo contamos con expertos en el mundo de las dos y cuatro ruedas tanto de la calle y las carreteras, como de los circuitos. Periodistas que han trabajado en revistas y publicaciones para hacerte llegar desde rutas y consejos de mantenimiento, a curiosidades y trucos de pilotaje.\",\"sameAs\":[\"https:\\\/\\\/www.facebook.com\\\/BoxRepsol\\\/\",\"https:\\\/\\\/www.instagram.com\\\/box_repsol\\\/\",\"https:\\\/\\\/x.com\\\/https:\\\/\\\/twitter.com\\\/box_repsol\",\"https:\\\/\\\/www.youtube.com\\\/@Boxrepsol\"],\"url\":\"https:\\\/\\\/www.boxrepsol.com\\\/es\\\/author\\\/redaccion-box-repsol\\\/\"}]}<\/script>\n<!-- \/ Yoast SEO plugin. -->","yoast_head_json":{"title":"Toni Bou cierra en Andorra otra temporada perfecta - Box Repsol","description":"Toni Bou cierra en Andorra otra temporada perfecta. Descubre los logros del campe\u00f3n durante esta temporada en Box Repsol.","canonical":"https:\/\/www.boxrepsol.com\/es\/trial\/toni-bou-cierra-en-andorra-otra-temporada-perfecta\/","og_locale":"es_ES","og_type":"article","og_title":"Toni Bou cierra en Andorra otra temporada perfecta - Box Repsol","og_description":"Toni Bou cierra en Andorra otra temporada perfecta. Descubre los logros del campe\u00f3n durante esta temporada en Box Repsol.","og_url":"https:\/\/www.boxrepsol.com\/es\/trial\/toni-bou-cierra-en-andorra-otra-temporada-perfecta\/","og_site_name":"Box Repsol","article_publisher":"https:\/\/www.facebook.com\/BoxRepsol","article_author":"https:\/\/www.facebook.com\/BoxRepsol\/","article_published_time":"2022-10-09T02:00:00+00:00","article_modified_time":"2024-04-08T11:01:46+00:00","og_image":[{"width":2560,"height":1706,"url":"https:\/\/bxrepsol.s3.eu-west-1.amazonaws.com\/static\/2022\/11\/07081707\/RHT22_X-Trial_r5_03533_ps-scaled.jpg","type":"image\/jpeg"}],"author":"Redacci\u00f3n Box Repsol","twitter_card":"summary_large_image","twitter_creator":"@https:\/\/twitter.com\/box_repsol","twitter_site":"@box_repsol","twitter_misc":{"Written by":"Redacci\u00f3n Box Repsol","Est. reading time":"2 minutos"},"schema":{"@context":"https:\/\/schema.org","@graph":[{"@type":"Article","@id":"https:\/\/www.boxrepsol.com\/es\/trial\/toni-bou-cierra-en-andorra-otra-temporada-perfecta\/#article","isPartOf":{"@id":"https:\/\/www.boxrepsol.com\/es\/trial\/toni-bou-cierra-en-andorra-otra-temporada-perfecta\/"},"author":{"name":"Redacci\u00f3n Box Repsol","@id":"https:\/\/www.boxrepsol.com\/es\/#\/schema\/person\/c5c2138f2cca251b0ad92b7086bb60b7"},"headline":"Toni Bou cierra en Andorra otra temporada perfecta","datePublished":"2022-10-09T02:00:00+00:00","dateModified":"2024-04-08T11:01:46+00:00","mainEntityOfPage":{"@id":"https:\/\/www.boxrepsol.com\/es\/trial\/toni-bou-cierra-en-andorra-otra-temporada-perfecta\/"},"wordCount":353,"commentCount":0,"publisher":{"@id":"https:\/\/www.boxrepsol.com\/es\/#organization"},"image":{"@id":"https:\/\/www.boxrepsol.com\/es\/trial\/toni-bou-cierra-en-andorra-otra-temporada-perfecta\/#primaryimage"},"thumbnailUrl":"https:\/\/bxrepsol.s3.eu-west-1.amazonaws.com\/static\/2022\/11\/07081707\/RHT22_X-Trial_r5_03533_ps-scaled.jpg","keywords":["2022","Gabri Marcelli","otros eventos y competiciones","Toni Bou"],"articleSection":["Trial"],"inLanguage":"es","potentialAction":[{"@type":"CommentAction","name":"Comment","target":["https:\/\/www.boxrepsol.com\/es\/trial\/toni-bou-cierra-en-andorra-otra-temporada-perfecta\/#respond"]}]},{"@type":"WebPage","@id":"https:\/\/www.boxrepsol.com\/es\/trial\/toni-bou-cierra-en-andorra-otra-temporada-perfecta\/","url":"https:\/\/www.boxrepsol.com\/es\/trial\/toni-bou-cierra-en-andorra-otra-temporada-perfecta\/","name":"Toni Bou cierra en Andorra otra temporada perfecta - Box Repsol","isPartOf":{"@id":"https:\/\/www.boxrepsol.com\/es\/#website"},"primaryImageOfPage":{"@id":"https:\/\/www.boxrepsol.com\/es\/trial\/toni-bou-cierra-en-andorra-otra-temporada-perfecta\/#primaryimage"},"image":{"@id":"https:\/\/www.boxrepsol.com\/es\/trial\/toni-bou-cierra-en-andorra-otra-temporada-perfecta\/#primaryimage"},"thumbnailUrl":"https:\/\/bxrepsol.s3.eu-west-1.amazonaws.com\/static\/2022\/11\/07081707\/RHT22_X-Trial_r5_03533_ps-scaled.jpg","datePublished":"2022-10-09T02:00:00+00:00","dateModified":"2024-04-08T11:01:46+00:00","description":"Toni Bou cierra en Andorra otra temporada perfecta. Descubre los logros del campe\u00f3n durante esta temporada en Box Repsol.","breadcrumb":{"@id":"https:\/\/www.boxrepsol.com\/es\/trial\/toni-bou-cierra-en-andorra-otra-temporada-perfecta\/#breadcrumb"},"inLanguage":"es","potentialAction":[{"@type":"ReadAction","target":["https:\/\/www.boxrepsol.com\/es\/trial\/toni-bou-cierra-en-andorra-otra-temporada-perfecta\/"]}]},{"@type":"ImageObject","inLanguage":"es","@id":"https:\/\/www.boxrepsol.com\/es\/trial\/toni-bou-cierra-en-andorra-otra-temporada-perfecta\/#primaryimage","url":"https:\/\/bxrepsol.s3.eu-west-1.amazonaws.com\/static\/2022\/11\/07081707\/RHT22_X-Trial_r5_03533_ps-scaled.jpg","contentUrl":"https:\/\/bxrepsol.s3.eu-west-1.amazonaws.com\/static\/2022\/11\/07081707\/RHT22_X-Trial_r5_03533_ps-scaled.jpg","width":2560,"height":1706},{"@type":"BreadcrumbList","@id":"https:\/\/www.boxrepsol.com\/es\/trial\/toni-bou-cierra-en-andorra-otra-temporada-perfecta\/#breadcrumb","itemListElement":[{"@type":"ListItem","position":1,"name":"Home","item":"https:\/\/www.boxrepsol.com\/es\/"},{"@type":"ListItem","position":2,"name":"Toni Bou cierra en Andorra otra temporada perfecta"}]},{"@type":"WebSite","@id":"https:\/\/www.boxrepsol.com\/es\/#website","url":"https:\/\/www.boxrepsol.com\/es\/","name":"Box Repsol","description":"Box Repsol Site","publisher":{"@id":"https:\/\/www.boxrepsol.com\/es\/#organization"},"potentialAction":[{"@type":"SearchAction","target":{"@type":"EntryPoint","urlTemplate":"https:\/\/www.boxrepsol.com\/es\/?s={search_term_string}"},"query-input":{"@type":"PropertyValueSpecification","valueRequired":true,"valueName":"search_term_string"}}],"inLanguage":"es"},{"@type":"Organization","@id":"https:\/\/www.boxrepsol.com\/es\/#organization","name":"Box Repsol","url":"https:\/\/www.boxrepsol.com\/es\/","logo":{"@type":"ImageObject","inLanguage":"es","@id":"https:\/\/www.boxrepsol.com\/es\/#\/schema\/logo\/image\/","url":"https:\/\/bxrepsol.s3.eu-west-1.amazonaws.com\/static\/2025\/07\/30083337\/favicon-96x96-1.png","contentUrl":"https:\/\/bxrepsol.s3.eu-west-1.amazonaws.com\/static\/2025\/07\/30083337\/favicon-96x96-1.png","width":96,"height":96,"caption":"Box Repsol"},"image":{"@id":"https:\/\/www.boxrepsol.com\/es\/#\/schema\/logo\/image\/"},"sameAs":["https:\/\/www.facebook.com\/BoxRepsol","https:\/\/x.com\/box_repsol","http:\/\/instagram.com\/box_repsol","https:\/\/www.youtube.com\/user\/RepsolCompeticion","https:\/\/www.flickr.com\/photos\/box_repsol\/"]},{"@type":"Person","@id":"https:\/\/www.boxrepsol.com\/es\/#\/schema\/person\/c5c2138f2cca251b0ad92b7086bb60b7","name":"Redacci\u00f3n Box Repsol","image":{"@type":"ImageObject","inLanguage":"es","@id":"https:\/\/secure.gravatar.com\/avatar\/adf7b77e38b4419baf32c7e9c21dde01f4e40df611f0978e3006fc4ba0aaab7e?s=96&d=mm&r=g","url":"https:\/\/secure.gravatar.com\/avatar\/adf7b77e38b4419baf32c7e9c21dde01f4e40df611f0978e3006fc4ba0aaab7e?s=96&d=mm&r=g","contentUrl":"https:\/\/secure.gravatar.com\/avatar\/adf7b77e38b4419baf32c7e9c21dde01f4e40df611f0978e3006fc4ba0aaab7e?s=96&d=mm&r=g","caption":"Redacci\u00f3n Box Repsol"},"description":"Box Repsol lo forma un equipo de periodistas, community managers, dise\u00f1adores y fot\u00f3grafos con m\u00e1s de 20 a\u00f1os de experiencia en el mundo del motorsport. Hemos vivido el primer mundial de un espa\u00f1ol en la categor\u00eda reina de motociclismo con \u00c1lex Crivill\u00e9, estuvimos en las victorias de Pedrosa y los t\u00edtulos de M\u00e1rquez, acompa\u00f1amos en \u00c1frica a Nani Roma y Marc Coma en sus conquistas del Dakar y hemos vibrado con los t\u00edtulos de Toni Bou en Trial. Adem\u00e1s, en nuestro equipo contamos con expertos en el mundo de las dos y cuatro ruedas tanto de la calle y las carreteras, como de los circuitos. Periodistas que han trabajado en revistas y publicaciones para hacerte llegar desde rutas y consejos de mantenimiento, a curiosidades y trucos de pilotaje.","sameAs":["https:\/\/www.facebook.com\/BoxRepsol\/","https:\/\/www.instagram.com\/box_repsol\/","https:\/\/x.com\/https:\/\/twitter.com\/box_repsol","https:\/\/www.youtube.com\/@Boxrepsol"],"url":"https:\/\/www.boxrepsol.com\/es\/author\/redaccion-box-repsol\/"}]}},"_links":{"self":[{"href":"https:\/\/www.boxrepsol.com\/es\/wp-json\/wp\/v2\/posts\/95545","targetHints":{"allow":["GET"]}}],"collection":[{"href":"https:\/\/www.boxrepsol.com\/es\/wp-json\/wp\/v2\/posts"}],"about":[{"href":"https:\/\/www.boxrepsol.com\/es\/wp-json\/wp\/v2\/types\/post"}],"author":[{"embeddable":true,"href":"https:\/\/www.boxrepsol.com\/es\/wp-json\/wp\/v2\/users\/43146"}],"replies":[{"embeddable":true,"href":"https:\/\/www.boxrepsol.com\/es\/wp-json\/wp\/v2\/comments?post=95545"}],"version-history":[{"count":2,"href":"https:\/\/www.boxrepsol.com\/es\/wp-json\/wp\/v2\/posts\/95545\/revisions"}],"predecessor-version":[{"id":109435,"href":"https:\/\/www.boxrepsol.com\/es\/wp-json\/wp\/v2\/posts\/95545\/revisions\/109435"}],"wp:featuredmedia":[{"embeddable":true,"href":"https:\/\/www.boxrepsol.com\/es\/wp-json\/wp\/v2\/media\/75655"}],"wp:attachment":[{"href":"https:\/\/www.boxrepsol.com\/es\/wp-json\/wp\/v2\/media?parent=95545"}],"wp:term":[{"taxonomy":"category","embeddable":true,"href":"https:\/\/www.boxrepsol.com\/es\/wp-json\/wp\/v2\/categories?post=95545"},{"taxonomy":"post_tag","embeddable":true,"href":"https:\/\/www.boxrepsol.com\/es\/wp-json\/wp\/v2\/tags?post=95545"}],"curies":[{"name":"wp","href":"https:\/\/api.w.org\/{rel}","templated":true}]}}