{"id":95541,"date":"2022-10-06T00:00:00","date_gmt":"2022-10-06T02:00:00","guid":{"rendered":"http:\/\/pre.boxrepsol.com\/sin-categorizar\/kazajistan-se-estrenara-en-el-mundial-en-2023\/"},"modified":"2024-10-09T13:48:09","modified_gmt":"2024-10-09T15:48:09","slug":"kazajistan-se-estrenara-en-el-mundial-en-2023","status":"publish","type":"post","link":"https:\/\/www.boxrepsol.com\/es\/motogp\/kazajistan-se-estrenara-en-el-mundial-en-2023\/","title":{"rendered":"Kazajist\u00e1n se estrenar\u00e1 en el Mundial en 2023"},"content":{"rendered":"<p>\u00bfQu\u00e9 relaci\u00f3n tiene el pa\u00eds asi\u00e1tico con el motociclismo? Esa es la pregunta que se ha hecho mucha gente cuando el calendario del Mundial de MotoGP 2023 vio la luz hace unos d\u00edas, y descubrimos que el Gran Premio de Kazajist\u00e1n era una de las 21 carreras programadas para la pr\u00f3xima temporada.<\/p>\n<p>Para empezar, resulta complicado situar Kazajist\u00e1n en el mapa. La antigua rep\u00fablica sovi\u00e9tica es uno de esos grandes territorios de Asia Central que se caracteriza por su enorme superficie, 2,7 millones de km<sup>2<\/sup> \u2013casi seis veces la extensi\u00f3n de Espa\u00f1a- y su baja poblaci\u00f3n, algo m\u00e1s de 18 millones de personas, es decir, menos de la mitad de los habitantes que tiene Espa\u00f1a. Al Norte comparte la <strong>frontera con Rusia<\/strong>, mientras que de Oeste a Este limita con el Mar Caspio, Turkmenist\u00e1n, Uzbekist\u00e1n, Kirguist\u00e1n, y China.<\/p>\n<p>Su capital, Astan\u00e1, est\u00e1 situada al norte. El pa\u00eds es una enorme y des\u00e9rtica estepa jalonada de gigantescos lagos, y solo al sur encontramos una cordillera monta\u00f1osa, frente a la cual se levanta Almaty, una ciudad de casi dos millones de habitantes, la m\u00e1s poblada del pa\u00eds. A 76 kil\u00f3metros de all\u00ed se encuentra el Sokol International Race Track, la pista que acoger\u00e1 el Mundial de MotoGP.<\/p>\n<p>Sokol es un circuito de 4.495 metros dise\u00f1ado por el conocido arquitecto <strong>Hermann Tilke<\/strong>, autor de un buen n\u00famero de circuitos de reciente construcci\u00f3n, como Sepang, MotorLand Arag\u00f3n, COTA, Shanghai, Estambul, Mosc\u00fa, Buddh, Chang o Jeddah, entre otros.<\/p>\n<h2><strong>Circuito de Sokol<\/strong><\/h2>\n<p>La puesta en marcha del proyecto <strong>arranc\u00f3 en 2014<\/strong>, cuando el empresario kazajo Alijan Ibragimov anunci\u00f3 la construcci\u00f3n de un circuito con el objetivo de acoger competiciones internacionales de primer nivel. Los trabajos arrancaron ese a\u00f1o y en la actualidad est\u00e1 completado al 90 %, ya que tiene que culminarse el trabajo en la pista principal, mientras que las otras instalaciones del circuito, karting, drag y drift area, est\u00e1n plenamente operativas, y de hecho Sokol cuenta con un completo programa de actividades automovil\u00edsticas a lo largo de todo el a\u00f1o.<\/p>\n<p><img loading=\"lazy\" decoding=\"async\" src=\"https:\/\/bxrepsol.s3.eu-west-1.amazonaws.com\/static\/2022\/11\/07081451\/Sokol_Circuit_-_Big_Ring.jpg\" alt=\"\" width=\"938\" height=\"555\" \/><\/p>\n<p>El promotor del circuito, Alijan Ibragimov, falleci\u00f3 el a\u00f1o pasado, pero su hijo Dastan se mantiene al frente del proyecto, que es completamente de titularidad privada, aunque cuenta con ayuda del gobierno kazajo para la llegada de MotoGP al pa\u00eds. Quiz\u00e1s esto marca la diferencia con proyectos fallidos, como KymiRing, o el nonato circuito proyectado en Hungr\u00eda que se ha venido abajo al retirar su inversi\u00f3n el gobierno h\u00fangaro.<\/p>\n<p>Un detalle que juega a favor de este circuito es que Sokol ha contratado como consultores al equipo que gestion\u00f3 en sus primeros a\u00f1os MotorLand Arag\u00f3n, que est\u00e1 presente en el d\u00eda a d\u00eda de la instalaci\u00f3n as\u00ed como en todo el proceso de las obras, y que tambi\u00e9n estar\u00e1 al frente de la organizaci\u00f3n cuando MotoGP llegue a Sokol, lo cual es toda una garant\u00eda. No olvidemos que en ese periodo el Gran Premio de Arag\u00f3n fue elegido el mejor GP de la temporada en 2010, 2013 y 2016.<\/p>\n<h2><strong>El Gran Premio de Kazajist\u00e1n<\/strong><\/h2>\n<p>Kazajist\u00e1n ser\u00e1 el trig\u00e9simo pa\u00eds que visite el Mundial de MotoGP desde la puesta en marcha del campeonato en <a href=\"https:\/\/www.boxrepsol.com\/es\/de-leyenda\/motogp-70-anos-grandes-premios-1949-2019\/\">1949<\/a>, y Sokol se convertir\u00e1 en el 74\u00ba circuito que albergue un Gran Premio en la historia del Mundial. MotoGP ha suscrito con el promotor kazajo un acuerdo por cinco temporadas, lo que garantiza el arraigo de la competici\u00f3n en la zona.<\/p>\n<p>Como es f\u00e1cil suponer, en Kazajist\u00e1n no hay mucha tradici\u00f3n motociclista. Su vasto pa\u00eds con las poblaciones tan dispersas entre s\u00ed no propicia un uso frecuente de la moto, as\u00ed que el motociclismo ser\u00e1 todo un mundo por descubrir para los kazajos, que sin duda se ver\u00e1n fascinados con el <strong>espect\u00e1culo<\/strong> que ofrece el Mundial de MotoGP.<\/p>\n<p>En Kazajist\u00e1n no hay ning\u00fan campeonato motociclista. Podr\u00edamos decir que organizar un Gran Premio de MotoGP en un pa\u00eds sin tradici\u00f3n es como construir la casa por el tejado, pero en realidad la llegada del Mundial a Kazajist\u00e1n ha de servir como catalizador, y conseguir que el espect\u00e1culo de MotoGP arraigue de tal manera que <strong>despierte el inter\u00e9s<\/strong> y el motociclismo kazajo se ponga en marcha. Hacerlo en el otro sentido, esperar a que se desarrolle el motociclismo local, evolucione y propicie la llegada de MotoGP, har\u00eda que resultara imposible. El mejor ejemplo es Catar, que de la nada construy\u00f3 un circuito, ya cuenta con un campeonato regular e incluso ha tenido un equipo y pilotos en el Mundial.<\/p>\n<p><img loading=\"lazy\" decoding=\"async\" src=\"https:\/\/bxrepsol.s3.eu-west-1.amazonaws.com\/static\/2022\/11\/07081451\/76-makar-yurchenko_dsc5925.gallery_full_top_fullscreen.jpg\" alt=\"\" width=\"2250\" height=\"1500\" \/><\/p>\n<p>Sin embargo, aunque nunca haya habido tradici\u00f3n, Kazajist\u00e1n s\u00ed que ha tenido presencia en el Mundial a trav\u00e9s del piloto Makar Yurchenko. Nacido en San Petersburgo, aunque de familia kazaja, Yurchenko se desplaz\u00f3 a los 14 a\u00f1os hasta Espa\u00f1a para formarse en las competiciones nacionales de promoci\u00f3n despu\u00e9s de haber competido en diferentes categor\u00edas en Rusia, participando en PreMoto3 en el Campeonato de Espa\u00f1a antes de dar el salto a la MotoGP Rookies Cup en 2014, el <strong>FIM CEV Repsol en 2017<\/strong>, y finalmente el Mundial de Moto3 en 2018, donde complet\u00f3 27 Grandes Premios hasta finales de 2019, logrando una s\u00e9ptima posici\u00f3n en 2019 como mejor resultado, y el 24\u00ba puesto esa temporada, antes de desaparecer de la escena mundial.<\/p>\n<p>Un grano no hace granero, como dice el dicho, pero sin duda que la presencia de MotoGP en Kazajist\u00e1n despertar\u00e1 el inter\u00e9s del pa\u00eds por un nuevo y desconocido deporte para ellos, y para los pa\u00edses del entorno. Es evidente que Asia pasa por ser el <strong>futuro de MotoGP<\/strong>. Con mercados donde el motociclismo se encuentra tan arraigado como Indonesia, Tailandia o Malasia, donde los pilotos son tratados casi como estrellas de rock, especialmente en los dos primeros, adem\u00e1s de la incorporaci\u00f3n de India, el motociclismo late con especial intensidad en toda Asia.<\/p>\n","protected":false},"excerpt":{"rendered":"<p>La pr\u00f3xima temporada MotoGP va a descubrir un nuevo y remoto pa\u00eds para el motociclismo, Kazajist\u00e1n, donde en 2023 se disputar\u00e1 la novena cita del campeonato.<\/p>\n","protected":false},"author":41268,"featured_media":75609,"comment_status":"open","ping_status":"open","sticky":false,"template":"","format":"standard","meta":{"footnotes":""},"categories":[4],"tags":[136],"class_list":["post-95541","post","type-post","status-publish","format-standard","hentry","category-motogp","tag-campeonato-del-mundo-de-motociclismo"],"yoast_head":"<!-- This site is optimized with the Yoast SEO plugin v27.3 - https:\/\/yoast.com\/product\/yoast-seo-wordpress\/ -->\n<title>Kazajist\u00e1n se estrenar\u00e1 en el Mundial en 2023 - Box Repsol<\/title>\n<meta name=\"description\" content=\"Kazajist\u00e1n se estrenar\u00e1 en el Mundial de MotoGP en 2023. Descubre la noticia sobre la incorporaci\u00f3n de Kazajist\u00e1n al Mundial de MotoGP.\" \/>\n<link rel=\"canonical\" href=\"https:\/\/www.boxrepsol.com\/es\/motogp\/kazajistan-se-estrenara-en-el-mundial-en-2023\/\" \/>\n<meta property=\"og:locale\" content=\"es_ES\" \/>\n<meta property=\"og:type\" content=\"article\" \/>\n<meta property=\"og:title\" content=\"Kazajist\u00e1n se estrenar\u00e1 en el Mundial en 2023 - Box Repsol\" \/>\n<meta property=\"og:description\" content=\"Kazajist\u00e1n se estrenar\u00e1 en el Mundial de MotoGP en 2023. Descubre la noticia sobre la incorporaci\u00f3n de Kazajist\u00e1n al Mundial de MotoGP.\" \/>\n<meta property=\"og:url\" content=\"https:\/\/www.boxrepsol.com\/es\/motogp\/kazajistan-se-estrenara-en-el-mundial-en-2023\/\" \/>\n<meta property=\"og:site_name\" content=\"Box Repsol\" \/>\n<meta property=\"article:publisher\" content=\"https:\/\/www.facebook.com\/BoxRepsol\" \/>\n<meta property=\"article:published_time\" content=\"2022-10-06T02:00:00+00:00\" \/>\n<meta property=\"article:modified_time\" content=\"2024-10-09T15:48:09+00:00\" \/>\n<meta property=\"og:image\" content=\"https:\/\/bxrepsol.s3.eu-west-1.amazonaws.com\/static\/2022\/11\/07081455\/sokol-circuit.jpeg\" \/>\n\t<meta property=\"og:image:width\" content=\"1280\" \/>\n\t<meta property=\"og:image:height\" content=\"600\" \/>\n\t<meta property=\"og:image:type\" content=\"image\/jpeg\" \/>\n<meta name=\"author\" content=\"Juan Pedro de la Torre\" \/>\n<meta name=\"twitter:card\" content=\"summary_large_image\" \/>\n<meta name=\"twitter:creator\" content=\"@https:\/\/twitter.com\/JPdelaTorre1965\" \/>\n<meta name=\"twitter:site\" content=\"@box_repsol\" \/>\n<meta name=\"twitter:label1\" content=\"Written by\" \/>\n\t<meta name=\"twitter:data1\" content=\"Juan Pedro de la Torre\" \/>\n\t<meta name=\"twitter:label2\" content=\"Est. reading time\" \/>\n\t<meta name=\"twitter:data2\" content=\"5 minutos\" \/>\n<script type=\"application\/ld+json\" class=\"yoast-schema-graph\">{\"@context\":\"https:\\\/\\\/schema.org\",\"@graph\":[{\"@type\":\"Article\",\"@id\":\"https:\\\/\\\/www.boxrepsol.com\\\/es\\\/motogp\\\/kazajistan-se-estrenara-en-el-mundial-en-2023\\\/#article\",\"isPartOf\":{\"@id\":\"https:\\\/\\\/www.boxrepsol.com\\\/es\\\/motogp\\\/kazajistan-se-estrenara-en-el-mundial-en-2023\\\/\"},\"author\":{\"name\":\"Juan Pedro de la Torre\",\"@id\":\"https:\\\/\\\/www.boxrepsol.com\\\/es\\\/#\\\/schema\\\/person\\\/26abce1d675df22d63ac9e9d5f23e4aa\"},\"headline\":\"Kazajist\u00e1n se estrenar\u00e1 en el Mundial en 2023\",\"datePublished\":\"2022-10-06T02:00:00+00:00\",\"dateModified\":\"2024-10-09T15:48:09+00:00\",\"mainEntityOfPage\":{\"@id\":\"https:\\\/\\\/www.boxrepsol.com\\\/es\\\/motogp\\\/kazajistan-se-estrenara-en-el-mundial-en-2023\\\/\"},\"wordCount\":1021,\"commentCount\":0,\"publisher\":{\"@id\":\"https:\\\/\\\/www.boxrepsol.com\\\/es\\\/#organization\"},\"image\":{\"@id\":\"https:\\\/\\\/www.boxrepsol.com\\\/es\\\/motogp\\\/kazajistan-se-estrenara-en-el-mundial-en-2023\\\/#primaryimage\"},\"thumbnailUrl\":\"https:\\\/\\\/bxrepsol.s3.eu-west-1.amazonaws.com\\\/static\\\/2022\\\/11\\\/07081455\\\/sokol-circuit.jpeg\",\"keywords\":[\"Campeonato del Mundo de Motociclismo\"],\"articleSection\":[\"MotoGP\"],\"inLanguage\":\"es\",\"potentialAction\":[{\"@type\":\"CommentAction\",\"name\":\"Comment\",\"target\":[\"https:\\\/\\\/www.boxrepsol.com\\\/es\\\/motogp\\\/kazajistan-se-estrenara-en-el-mundial-en-2023\\\/#respond\"]}]},{\"@type\":\"WebPage\",\"@id\":\"https:\\\/\\\/www.boxrepsol.com\\\/es\\\/motogp\\\/kazajistan-se-estrenara-en-el-mundial-en-2023\\\/\",\"url\":\"https:\\\/\\\/www.boxrepsol.com\\\/es\\\/motogp\\\/kazajistan-se-estrenara-en-el-mundial-en-2023\\\/\",\"name\":\"Kazajist\u00e1n se estrenar\u00e1 en el Mundial en 2023 - Box Repsol\",\"isPartOf\":{\"@id\":\"https:\\\/\\\/www.boxrepsol.com\\\/es\\\/#website\"},\"primaryImageOfPage\":{\"@id\":\"https:\\\/\\\/www.boxrepsol.com\\\/es\\\/motogp\\\/kazajistan-se-estrenara-en-el-mundial-en-2023\\\/#primaryimage\"},\"image\":{\"@id\":\"https:\\\/\\\/www.boxrepsol.com\\\/es\\\/motogp\\\/kazajistan-se-estrenara-en-el-mundial-en-2023\\\/#primaryimage\"},\"thumbnailUrl\":\"https:\\\/\\\/bxrepsol.s3.eu-west-1.amazonaws.com\\\/static\\\/2022\\\/11\\\/07081455\\\/sokol-circuit.jpeg\",\"datePublished\":\"2022-10-06T02:00:00+00:00\",\"dateModified\":\"2024-10-09T15:48:09+00:00\",\"description\":\"Kazajist\u00e1n se estrenar\u00e1 en el Mundial de MotoGP en 2023. Descubre la noticia sobre la incorporaci\u00f3n de Kazajist\u00e1n al Mundial de MotoGP.\",\"breadcrumb\":{\"@id\":\"https:\\\/\\\/www.boxrepsol.com\\\/es\\\/motogp\\\/kazajistan-se-estrenara-en-el-mundial-en-2023\\\/#breadcrumb\"},\"inLanguage\":\"es\",\"potentialAction\":[{\"@type\":\"ReadAction\",\"target\":[\"https:\\\/\\\/www.boxrepsol.com\\\/es\\\/motogp\\\/kazajistan-se-estrenara-en-el-mundial-en-2023\\\/\"]}]},{\"@type\":\"ImageObject\",\"inLanguage\":\"es\",\"@id\":\"https:\\\/\\\/www.boxrepsol.com\\\/es\\\/motogp\\\/kazajistan-se-estrenara-en-el-mundial-en-2023\\\/#primaryimage\",\"url\":\"https:\\\/\\\/bxrepsol.s3.eu-west-1.amazonaws.com\\\/static\\\/2022\\\/11\\\/07081455\\\/sokol-circuit.jpeg\",\"contentUrl\":\"https:\\\/\\\/bxrepsol.s3.eu-west-1.amazonaws.com\\\/static\\\/2022\\\/11\\\/07081455\\\/sokol-circuit.jpeg\",\"width\":1280,\"height\":600},{\"@type\":\"BreadcrumbList\",\"@id\":\"https:\\\/\\\/www.boxrepsol.com\\\/es\\\/motogp\\\/kazajistan-se-estrenara-en-el-mundial-en-2023\\\/#breadcrumb\",\"itemListElement\":[{\"@type\":\"ListItem\",\"position\":1,\"name\":\"Home\",\"item\":\"https:\\\/\\\/www.boxrepsol.com\\\/es\\\/\"},{\"@type\":\"ListItem\",\"position\":2,\"name\":\"Kazajist\u00e1n se estrenar\u00e1 en el Mundial en 2023\"}]},{\"@type\":\"WebSite\",\"@id\":\"https:\\\/\\\/www.boxrepsol.com\\\/es\\\/#website\",\"url\":\"https:\\\/\\\/www.boxrepsol.com\\\/es\\\/\",\"name\":\"Box Repsol\",\"description\":\"Box Repsol Site\",\"publisher\":{\"@id\":\"https:\\\/\\\/www.boxrepsol.com\\\/es\\\/#organization\"},\"potentialAction\":[{\"@type\":\"SearchAction\",\"target\":{\"@type\":\"EntryPoint\",\"urlTemplate\":\"https:\\\/\\\/www.boxrepsol.com\\\/es\\\/?s={search_term_string}\"},\"query-input\":{\"@type\":\"PropertyValueSpecification\",\"valueRequired\":true,\"valueName\":\"search_term_string\"}}],\"inLanguage\":\"es\"},{\"@type\":\"Organization\",\"@id\":\"https:\\\/\\\/www.boxrepsol.com\\\/es\\\/#organization\",\"name\":\"Box Repsol\",\"url\":\"https:\\\/\\\/www.boxrepsol.com\\\/es\\\/\",\"logo\":{\"@type\":\"ImageObject\",\"inLanguage\":\"es\",\"@id\":\"https:\\\/\\\/www.boxrepsol.com\\\/es\\\/#\\\/schema\\\/logo\\\/image\\\/\",\"url\":\"https:\\\/\\\/bxrepsol.s3.eu-west-1.amazonaws.com\\\/static\\\/2025\\\/07\\\/30083337\\\/favicon-96x96-1.png\",\"contentUrl\":\"https:\\\/\\\/bxrepsol.s3.eu-west-1.amazonaws.com\\\/static\\\/2025\\\/07\\\/30083337\\\/favicon-96x96-1.png\",\"width\":96,\"height\":96,\"caption\":\"Box Repsol\"},\"image\":{\"@id\":\"https:\\\/\\\/www.boxrepsol.com\\\/es\\\/#\\\/schema\\\/logo\\\/image\\\/\"},\"sameAs\":[\"https:\\\/\\\/www.facebook.com\\\/BoxRepsol\",\"https:\\\/\\\/x.com\\\/box_repsol\",\"http:\\\/\\\/instagram.com\\\/box_repsol\",\"https:\\\/\\\/www.youtube.com\\\/user\\\/RepsolCompeticion\",\"https:\\\/\\\/www.flickr.com\\\/photos\\\/box_repsol\\\/\"]},{\"@type\":\"Person\",\"@id\":\"https:\\\/\\\/www.boxrepsol.com\\\/es\\\/#\\\/schema\\\/person\\\/26abce1d675df22d63ac9e9d5f23e4aa\",\"name\":\"Juan Pedro de la Torre\",\"image\":{\"@type\":\"ImageObject\",\"inLanguage\":\"es\",\"@id\":\"https:\\\/\\\/secure.gravatar.com\\\/avatar\\\/e81f780ee2930d7be330cb34304decf0e9bc66bec0158805a0fe2726f4517224?s=96&d=mm&r=g\",\"url\":\"https:\\\/\\\/secure.gravatar.com\\\/avatar\\\/e81f780ee2930d7be330cb34304decf0e9bc66bec0158805a0fe2726f4517224?s=96&d=mm&r=g\",\"contentUrl\":\"https:\\\/\\\/secure.gravatar.com\\\/avatar\\\/e81f780ee2930d7be330cb34304decf0e9bc66bec0158805a0fe2726f4517224?s=96&d=mm&r=g\",\"caption\":\"Juan Pedro de la Torre\"},\"description\":\"Se inici\u00f3 en el diario Marca en 1988 y posteriormente pas\u00f3 a la revista Motociclismo, donde llegar\u00eda a ser director de deporte. Despu\u00e9s fue editor y director de Motoworld.es y Sport Bikes y colabor\u00f3 con varios medios. Adem\u00e1s, ha publicado una docena de libros y actualmente trabaja como colaborador para Motociclismo, El Confidencial y Box Repsol.\",\"sameAs\":[\"https:\\\/\\\/x.com\\\/https:\\\/\\\/twitter.com\\\/JPdelaTorre1965\",\"https:\\\/\\\/youtube.com\\\/@juanpedrodelatorremotoworld\"],\"url\":\"https:\\\/\\\/www.boxrepsol.com\\\/es\\\/author\\\/juanpedro_delatorre\\\/\"}]}<\/script>\n<!-- \/ Yoast SEO plugin. -->","yoast_head_json":{"title":"Kazajist\u00e1n se estrenar\u00e1 en el Mundial en 2023 - Box Repsol","description":"Kazajist\u00e1n se estrenar\u00e1 en el Mundial de MotoGP en 2023. Descubre la noticia sobre la incorporaci\u00f3n de Kazajist\u00e1n al Mundial de MotoGP.","canonical":"https:\/\/www.boxrepsol.com\/es\/motogp\/kazajistan-se-estrenara-en-el-mundial-en-2023\/","og_locale":"es_ES","og_type":"article","og_title":"Kazajist\u00e1n se estrenar\u00e1 en el Mundial en 2023 - Box Repsol","og_description":"Kazajist\u00e1n se estrenar\u00e1 en el Mundial de MotoGP en 2023. Descubre la noticia sobre la incorporaci\u00f3n de Kazajist\u00e1n al Mundial de MotoGP.","og_url":"https:\/\/www.boxrepsol.com\/es\/motogp\/kazajistan-se-estrenara-en-el-mundial-en-2023\/","og_site_name":"Box Repsol","article_publisher":"https:\/\/www.facebook.com\/BoxRepsol","article_published_time":"2022-10-06T02:00:00+00:00","article_modified_time":"2024-10-09T15:48:09+00:00","og_image":[{"width":1280,"height":600,"url":"https:\/\/bxrepsol.s3.eu-west-1.amazonaws.com\/static\/2022\/11\/07081455\/sokol-circuit.jpeg","type":"image\/jpeg"}],"author":"Juan Pedro de la Torre","twitter_card":"summary_large_image","twitter_creator":"@https:\/\/twitter.com\/JPdelaTorre1965","twitter_site":"@box_repsol","twitter_misc":{"Written by":"Juan Pedro de la Torre","Est. reading time":"5 minutos"},"schema":{"@context":"https:\/\/schema.org","@graph":[{"@type":"Article","@id":"https:\/\/www.boxrepsol.com\/es\/motogp\/kazajistan-se-estrenara-en-el-mundial-en-2023\/#article","isPartOf":{"@id":"https:\/\/www.boxrepsol.com\/es\/motogp\/kazajistan-se-estrenara-en-el-mundial-en-2023\/"},"author":{"name":"Juan Pedro de la Torre","@id":"https:\/\/www.boxrepsol.com\/es\/#\/schema\/person\/26abce1d675df22d63ac9e9d5f23e4aa"},"headline":"Kazajist\u00e1n se estrenar\u00e1 en el Mundial en 2023","datePublished":"2022-10-06T02:00:00+00:00","dateModified":"2024-10-09T15:48:09+00:00","mainEntityOfPage":{"@id":"https:\/\/www.boxrepsol.com\/es\/motogp\/kazajistan-se-estrenara-en-el-mundial-en-2023\/"},"wordCount":1021,"commentCount":0,"publisher":{"@id":"https:\/\/www.boxrepsol.com\/es\/#organization"},"image":{"@id":"https:\/\/www.boxrepsol.com\/es\/motogp\/kazajistan-se-estrenara-en-el-mundial-en-2023\/#primaryimage"},"thumbnailUrl":"https:\/\/bxrepsol.s3.eu-west-1.amazonaws.com\/static\/2022\/11\/07081455\/sokol-circuit.jpeg","keywords":["Campeonato del Mundo de Motociclismo"],"articleSection":["MotoGP"],"inLanguage":"es","potentialAction":[{"@type":"CommentAction","name":"Comment","target":["https:\/\/www.boxrepsol.com\/es\/motogp\/kazajistan-se-estrenara-en-el-mundial-en-2023\/#respond"]}]},{"@type":"WebPage","@id":"https:\/\/www.boxrepsol.com\/es\/motogp\/kazajistan-se-estrenara-en-el-mundial-en-2023\/","url":"https:\/\/www.boxrepsol.com\/es\/motogp\/kazajistan-se-estrenara-en-el-mundial-en-2023\/","name":"Kazajist\u00e1n se estrenar\u00e1 en el Mundial en 2023 - Box Repsol","isPartOf":{"@id":"https:\/\/www.boxrepsol.com\/es\/#website"},"primaryImageOfPage":{"@id":"https:\/\/www.boxrepsol.com\/es\/motogp\/kazajistan-se-estrenara-en-el-mundial-en-2023\/#primaryimage"},"image":{"@id":"https:\/\/www.boxrepsol.com\/es\/motogp\/kazajistan-se-estrenara-en-el-mundial-en-2023\/#primaryimage"},"thumbnailUrl":"https:\/\/bxrepsol.s3.eu-west-1.amazonaws.com\/static\/2022\/11\/07081455\/sokol-circuit.jpeg","datePublished":"2022-10-06T02:00:00+00:00","dateModified":"2024-10-09T15:48:09+00:00","description":"Kazajist\u00e1n se estrenar\u00e1 en el Mundial de MotoGP en 2023. Descubre la noticia sobre la incorporaci\u00f3n de Kazajist\u00e1n al Mundial de MotoGP.","breadcrumb":{"@id":"https:\/\/www.boxrepsol.com\/es\/motogp\/kazajistan-se-estrenara-en-el-mundial-en-2023\/#breadcrumb"},"inLanguage":"es","potentialAction":[{"@type":"ReadAction","target":["https:\/\/www.boxrepsol.com\/es\/motogp\/kazajistan-se-estrenara-en-el-mundial-en-2023\/"]}]},{"@type":"ImageObject","inLanguage":"es","@id":"https:\/\/www.boxrepsol.com\/es\/motogp\/kazajistan-se-estrenara-en-el-mundial-en-2023\/#primaryimage","url":"https:\/\/bxrepsol.s3.eu-west-1.amazonaws.com\/static\/2022\/11\/07081455\/sokol-circuit.jpeg","contentUrl":"https:\/\/bxrepsol.s3.eu-west-1.amazonaws.com\/static\/2022\/11\/07081455\/sokol-circuit.jpeg","width":1280,"height":600},{"@type":"BreadcrumbList","@id":"https:\/\/www.boxrepsol.com\/es\/motogp\/kazajistan-se-estrenara-en-el-mundial-en-2023\/#breadcrumb","itemListElement":[{"@type":"ListItem","position":1,"name":"Home","item":"https:\/\/www.boxrepsol.com\/es\/"},{"@type":"ListItem","position":2,"name":"Kazajist\u00e1n se estrenar\u00e1 en el Mundial en 2023"}]},{"@type":"WebSite","@id":"https:\/\/www.boxrepsol.com\/es\/#website","url":"https:\/\/www.boxrepsol.com\/es\/","name":"Box Repsol","description":"Box Repsol Site","publisher":{"@id":"https:\/\/www.boxrepsol.com\/es\/#organization"},"potentialAction":[{"@type":"SearchAction","target":{"@type":"EntryPoint","urlTemplate":"https:\/\/www.boxrepsol.com\/es\/?s={search_term_string}"},"query-input":{"@type":"PropertyValueSpecification","valueRequired":true,"valueName":"search_term_string"}}],"inLanguage":"es"},{"@type":"Organization","@id":"https:\/\/www.boxrepsol.com\/es\/#organization","name":"Box Repsol","url":"https:\/\/www.boxrepsol.com\/es\/","logo":{"@type":"ImageObject","inLanguage":"es","@id":"https:\/\/www.boxrepsol.com\/es\/#\/schema\/logo\/image\/","url":"https:\/\/bxrepsol.s3.eu-west-1.amazonaws.com\/static\/2025\/07\/30083337\/favicon-96x96-1.png","contentUrl":"https:\/\/bxrepsol.s3.eu-west-1.amazonaws.com\/static\/2025\/07\/30083337\/favicon-96x96-1.png","width":96,"height":96,"caption":"Box Repsol"},"image":{"@id":"https:\/\/www.boxrepsol.com\/es\/#\/schema\/logo\/image\/"},"sameAs":["https:\/\/www.facebook.com\/BoxRepsol","https:\/\/x.com\/box_repsol","http:\/\/instagram.com\/box_repsol","https:\/\/www.youtube.com\/user\/RepsolCompeticion","https:\/\/www.flickr.com\/photos\/box_repsol\/"]},{"@type":"Person","@id":"https:\/\/www.boxrepsol.com\/es\/#\/schema\/person\/26abce1d675df22d63ac9e9d5f23e4aa","name":"Juan Pedro de la Torre","image":{"@type":"ImageObject","inLanguage":"es","@id":"https:\/\/secure.gravatar.com\/avatar\/e81f780ee2930d7be330cb34304decf0e9bc66bec0158805a0fe2726f4517224?s=96&d=mm&r=g","url":"https:\/\/secure.gravatar.com\/avatar\/e81f780ee2930d7be330cb34304decf0e9bc66bec0158805a0fe2726f4517224?s=96&d=mm&r=g","contentUrl":"https:\/\/secure.gravatar.com\/avatar\/e81f780ee2930d7be330cb34304decf0e9bc66bec0158805a0fe2726f4517224?s=96&d=mm&r=g","caption":"Juan Pedro de la Torre"},"description":"Se inici\u00f3 en el diario Marca en 1988 y posteriormente pas\u00f3 a la revista Motociclismo, donde llegar\u00eda a ser director de deporte. Despu\u00e9s fue editor y director de Motoworld.es y Sport Bikes y colabor\u00f3 con varios medios. Adem\u00e1s, ha publicado una docena de libros y actualmente trabaja como colaborador para Motociclismo, El Confidencial y Box Repsol.","sameAs":["https:\/\/x.com\/https:\/\/twitter.com\/JPdelaTorre1965","https:\/\/youtube.com\/@juanpedrodelatorremotoworld"],"url":"https:\/\/www.boxrepsol.com\/es\/author\/juanpedro_delatorre\/"}]}},"_links":{"self":[{"href":"https:\/\/www.boxrepsol.com\/es\/wp-json\/wp\/v2\/posts\/95541","targetHints":{"allow":["GET"]}}],"collection":[{"href":"https:\/\/www.boxrepsol.com\/es\/wp-json\/wp\/v2\/posts"}],"about":[{"href":"https:\/\/www.boxrepsol.com\/es\/wp-json\/wp\/v2\/types\/post"}],"author":[{"embeddable":true,"href":"https:\/\/www.boxrepsol.com\/es\/wp-json\/wp\/v2\/users\/41268"}],"replies":[{"embeddable":true,"href":"https:\/\/www.boxrepsol.com\/es\/wp-json\/wp\/v2\/comments?post=95541"}],"version-history":[{"count":3,"href":"https:\/\/www.boxrepsol.com\/es\/wp-json\/wp\/v2\/posts\/95541\/revisions"}],"predecessor-version":[{"id":121068,"href":"https:\/\/www.boxrepsol.com\/es\/wp-json\/wp\/v2\/posts\/95541\/revisions\/121068"}],"wp:featuredmedia":[{"embeddable":true,"href":"https:\/\/www.boxrepsol.com\/es\/wp-json\/wp\/v2\/media\/75609"}],"wp:attachment":[{"href":"https:\/\/www.boxrepsol.com\/es\/wp-json\/wp\/v2\/media?parent=95541"}],"wp:term":[{"taxonomy":"category","embeddable":true,"href":"https:\/\/www.boxrepsol.com\/es\/wp-json\/wp\/v2\/categories?post=95541"},{"taxonomy":"post_tag","embeddable":true,"href":"https:\/\/www.boxrepsol.com\/es\/wp-json\/wp\/v2\/tags?post=95541"}],"curies":[{"name":"wp","href":"https:\/\/api.w.org\/{rel}","templated":true}]}}