{"id":95533,"date":"2022-09-30T00:00:00","date_gmt":"2022-09-30T02:00:00","guid":{"rendered":"http:\/\/pre.boxrepsol.com\/sin-categorizar\/positiva-primera-jornada-para-marc-marquez-en-buriram\/"},"modified":"2024-04-08T09:04:53","modified_gmt":"2024-04-08T11:04:53","slug":"positiva-primera-jornada-para-marc-marquez-en-buriram","status":"publish","type":"post","link":"https:\/\/www.boxrepsol.com\/es\/motogp\/positiva-primera-jornada-para-marc-marquez-en-buriram\/","title":{"rendered":"Positiva primera jornada para Marc M\u00e1rquez en Buriram"},"content":{"rendered":"<p>Los dos primeros entrenamientos del <strong>Gran Premio de Tailandia<\/strong> se han celebrado con la pista totalmente seca, bajo un cielo con nubes pero sin la presencia de la lluvia.<\/p>\n<p><strong>Marc M\u00e1rquez<\/strong> ha empezado el d\u00eda siendo el piloto m\u00e1s r\u00e1pido de la FP1. Despu\u00e9s de sufrir una ca\u00edda sin consecuencias, el piloto del equipo <strong>Repsol Honda<\/strong> sigue dando pasos adelante en su regreso a la competici\u00f3n.<\/p>\n<p>En la FP2, Marc ha sido sexto y con un mejor registro de 1 minuto, 30 segundos y 523 mil\u00e9simas marcado en el primer entrenamiento, ha finalizado la jornada siendo el cuarto piloto m\u00e1s r\u00e1pido de los tiempos combinados. Con este tiempo, M\u00e1rquez se asegura provisionalmente su paso directo a la Q2 de ma\u00f1ana s\u00e1bado.<\/p>\n<p><strong>Pol Espargar\u00f3<\/strong> ha sido constante durante las dos sesiones del d\u00eda. El piloto del equipo <strong>Repsol Honda<\/strong> ha finalizado el primer entrenamiento decimocuarto, qued\u00e1ndose a 165 mil\u00e9simas del top10. Por la tarde, Pol no ha podido mejorar su tiempo de la FP1 -1 minuto, 31 segundos y 7 mil\u00e9simas- y ha sido decimos\u00e9ptimo, posici\u00f3n en la que ha cerrado la jornada.<\/p>\n<p><a href=\"https:\/\/bxrepsol.s3.eu-west-1.amazonaws.com\/static\/2022\/11\/07080942\/https___repsolmedia.com_repsolmedia_wp-content_uploads_2022_09_76A9960-scaled-1.jpg\" data-index=\"0\"><br \/>\n<img decoding=\"async\" src=\"https:\/\/bxrepsol.s3.eu-west-1.amazonaws.com\/static\/2022\/11\/07080942\/https___repsolmedia.com_repsolmedia_wp-content_uploads_2022_09_76A9960-scaled-1.jpg\" srcset=\"https:\/\/bxrepsol.s3.eu-west-1.amazonaws.com\/static\/2022\/11\/07080942\/https___repsolmedia.com_repsolmedia_wp-content_uploads_2022_09_76A9960-scaled-1.jpg 2560w, https:\/\/bxrepsol.s3.eu-west-1.amazonaws.com\/static\/2022\/11\/07080942\/https___repsolmedia.com_repsolmedia_wp-content_uploads_2022_09_76A9960-scaled-1.jpg 1280w, https:\/\/bxrepsol.s3.eu-west-1.amazonaws.com\/static\/2022\/11\/07080942\/https___repsolmedia.com_repsolmedia_wp-content_uploads_2022_09_76A9960-scaled-1.jpg 900w, https:\/\/bxrepsol.s3.eu-west-1.amazonaws.com\/static\/2022\/11\/07080942\/https___repsolmedia.com_repsolmedia_wp-content_uploads_2022_09_76A9960-scaled-1.jpg 600w, https:\/\/bxrepsol.s3.eu-west-1.amazonaws.com\/static\/2022\/11\/07080942\/https___repsolmedia.com_repsolmedia_wp-content_uploads_2022_09_76A9960-scaled-1.jpg 480w, https:\/\/bxrepsol.s3.eu-west-1.amazonaws.com\/static\/2022\/11\/07080942\/https___repsolmedia.com_repsolmedia_wp-content_uploads_2022_09_76A9960-scaled-1.jpg 32w\" title=\"https___repsolmedia.com_repsolmedia_wp-content_uploads_2022_09_76A9960-scaled\" alt=\"\" data-title=\"\"><br \/>\n<\/a><br \/>\n<a href=\"https:\/\/bxrepsol.s3.eu-west-1.amazonaws.com\/static\/2022\/11\/07080945\/https___repsolmedia.com_repsolmedia_wp-content_uploads_2022_09_JRB4448-1-scaled-1.jpg\" data-index=\"1\"><br \/>\n<img decoding=\"async\" src=\"https:\/\/bxrepsol.s3.eu-west-1.amazonaws.com\/static\/2022\/11\/07080945\/https___repsolmedia.com_repsolmedia_wp-content_uploads_2022_09_JRB4448-1-scaled-1.jpg\" srcset=\"https:\/\/bxrepsol.s3.eu-west-1.amazonaws.com\/static\/2022\/11\/07080945\/https___repsolmedia.com_repsolmedia_wp-content_uploads_2022_09_JRB4448-1-scaled-1.jpg 2560w, https:\/\/bxrepsol.s3.eu-west-1.amazonaws.com\/static\/2022\/11\/07080945\/https___repsolmedia.com_repsolmedia_wp-content_uploads_2022_09_JRB4448-1-scaled-1.jpg 1280w, https:\/\/bxrepsol.s3.eu-west-1.amazonaws.com\/static\/2022\/11\/07080945\/https___repsolmedia.com_repsolmedia_wp-content_uploads_2022_09_JRB4448-1-scaled-1.jpg 900w, https:\/\/bxrepsol.s3.eu-west-1.amazonaws.com\/static\/2022\/11\/07080945\/https___repsolmedia.com_repsolmedia_wp-content_uploads_2022_09_JRB4448-1-scaled-1.jpg 600w, https:\/\/bxrepsol.s3.eu-west-1.amazonaws.com\/static\/2022\/11\/07080945\/https___repsolmedia.com_repsolmedia_wp-content_uploads_2022_09_JRB4448-1-scaled-1.jpg 480w, https:\/\/bxrepsol.s3.eu-west-1.amazonaws.com\/static\/2022\/11\/07080945\/https___repsolmedia.com_repsolmedia_wp-content_uploads_2022_09_JRB4448-1-scaled-1.jpg 32w\" title=\"https___repsolmedia.com_repsolmedia_wp-content_uploads_2022_09_JRB4448-1-scaled\" alt=\"\" data-title=\"\"><br \/>\n<\/a><br \/>\n<a href=\"https:\/\/bxrepsol.s3.eu-west-1.amazonaws.com\/static\/2022\/11\/07080948\/https___repsolmedia.com_repsolmedia_wp-content_uploads_2022_09_JRB2856-scaled-1.jpg\" data-index=\"2\"><br \/>\n<img decoding=\"async\" src=\"https:\/\/bxrepsol.s3.eu-west-1.amazonaws.com\/static\/2022\/11\/07080948\/https___repsolmedia.com_repsolmedia_wp-content_uploads_2022_09_JRB2856-scaled-1.jpg\" srcset=\"https:\/\/bxrepsol.s3.eu-west-1.amazonaws.com\/static\/2022\/11\/07080948\/https___repsolmedia.com_repsolmedia_wp-content_uploads_2022_09_JRB2856-scaled-1.jpg 2560w, https:\/\/bxrepsol.s3.eu-west-1.amazonaws.com\/static\/2022\/11\/07080948\/https___repsolmedia.com_repsolmedia_wp-content_uploads_2022_09_JRB2856-scaled-1.jpg 1280w, https:\/\/bxrepsol.s3.eu-west-1.amazonaws.com\/static\/2022\/11\/07080948\/https___repsolmedia.com_repsolmedia_wp-content_uploads_2022_09_JRB2856-scaled-1.jpg 900w, https:\/\/bxrepsol.s3.eu-west-1.amazonaws.com\/static\/2022\/11\/07080948\/https___repsolmedia.com_repsolmedia_wp-content_uploads_2022_09_JRB2856-scaled-1.jpg 600w, https:\/\/bxrepsol.s3.eu-west-1.amazonaws.com\/static\/2022\/11\/07080948\/https___repsolmedia.com_repsolmedia_wp-content_uploads_2022_09_JRB2856-scaled-1.jpg 480w, https:\/\/bxrepsol.s3.eu-west-1.amazonaws.com\/static\/2022\/11\/07080948\/https___repsolmedia.com_repsolmedia_wp-content_uploads_2022_09_JRB2856-scaled-1.jpg 32w\" title=\"https___repsolmedia.com_repsolmedia_wp-content_uploads_2022_09_JRB2856-scaled\" alt=\"\" data-title=\"\"><br \/>\n<\/a><br \/>\n<a href=\"https:\/\/bxrepsol.s3.eu-west-1.amazonaws.com\/static\/2022\/11\/07080950\/https___repsolmedia.com_repsolmedia_wp-content_uploads_2022_09_76A0078-scaled-1.jpg\" data-index=\"3\"><br \/>\n<img decoding=\"async\" src=\"https:\/\/bxrepsol.s3.eu-west-1.amazonaws.com\/static\/2022\/11\/07080950\/https___repsolmedia.com_repsolmedia_wp-content_uploads_2022_09_76A0078-scaled-1.jpg\" srcset=\"https:\/\/bxrepsol.s3.eu-west-1.amazonaws.com\/static\/2022\/11\/07080950\/https___repsolmedia.com_repsolmedia_wp-content_uploads_2022_09_76A0078-scaled-1.jpg 2560w, https:\/\/bxrepsol.s3.eu-west-1.amazonaws.com\/static\/2022\/11\/07080950\/https___repsolmedia.com_repsolmedia_wp-content_uploads_2022_09_76A0078-scaled-1.jpg 1280w, https:\/\/bxrepsol.s3.eu-west-1.amazonaws.com\/static\/2022\/11\/07080950\/https___repsolmedia.com_repsolmedia_wp-content_uploads_2022_09_76A0078-scaled-1.jpg 900w, https:\/\/bxrepsol.s3.eu-west-1.amazonaws.com\/static\/2022\/11\/07080950\/https___repsolmedia.com_repsolmedia_wp-content_uploads_2022_09_76A0078-scaled-1.jpg 600w, https:\/\/bxrepsol.s3.eu-west-1.amazonaws.com\/static\/2022\/11\/07080950\/https___repsolmedia.com_repsolmedia_wp-content_uploads_2022_09_76A0078-scaled-1.jpg 480w, https:\/\/bxrepsol.s3.eu-west-1.amazonaws.com\/static\/2022\/11\/07080950\/https___repsolmedia.com_repsolmedia_wp-content_uploads_2022_09_76A0078-scaled-1.jpg 32w\" title=\"https___repsolmedia.com_repsolmedia_wp-content_uploads_2022_09_76A0078-scaled\" alt=\"\" data-title=\"\"><br \/>\n<\/a><br \/>\n<a href=\"https:\/\/bxrepsol.s3.eu-west-1.amazonaws.com\/static\/2022\/11\/07080954\/https___repsolmedia.com_repsolmedia_wp-content_uploads_2022_09_JRB6699-scaled-1.jpg\" data-index=\"4\"><br \/>\n<img decoding=\"async\" src=\"https:\/\/bxrepsol.s3.eu-west-1.amazonaws.com\/static\/2022\/11\/07080954\/https___repsolmedia.com_repsolmedia_wp-content_uploads_2022_09_JRB6699-scaled-1.jpg\" srcset=\"https:\/\/bxrepsol.s3.eu-west-1.amazonaws.com\/static\/2022\/11\/07080954\/https___repsolmedia.com_repsolmedia_wp-content_uploads_2022_09_JRB6699-scaled-1.jpg 2560w, https:\/\/bxrepsol.s3.eu-west-1.amazonaws.com\/static\/2022\/11\/07080954\/https___repsolmedia.com_repsolmedia_wp-content_uploads_2022_09_JRB6699-scaled-1.jpg 1280w, https:\/\/bxrepsol.s3.eu-west-1.amazonaws.com\/static\/2022\/11\/07080954\/https___repsolmedia.com_repsolmedia_wp-content_uploads_2022_09_JRB6699-scaled-1.jpg 900w, https:\/\/bxrepsol.s3.eu-west-1.amazonaws.com\/static\/2022\/11\/07080954\/https___repsolmedia.com_repsolmedia_wp-content_uploads_2022_09_JRB6699-scaled-1.jpg 600w, https:\/\/bxrepsol.s3.eu-west-1.amazonaws.com\/static\/2022\/11\/07080954\/https___repsolmedia.com_repsolmedia_wp-content_uploads_2022_09_JRB6699-scaled-1.jpg 480w, https:\/\/bxrepsol.s3.eu-west-1.amazonaws.com\/static\/2022\/11\/07080954\/https___repsolmedia.com_repsolmedia_wp-content_uploads_2022_09_JRB6699-scaled-1.jpg 32w\" title=\"https___repsolmedia.com_repsolmedia_wp-content_uploads_2022_09_JRB6699-scaled\" alt=\"\" data-title=\"\"><br \/>\n<\/a><br \/>\n<button data-glide-dir=\"<\"><br \/>\n<svg role=\"img\" viewBox=\"0 0 256 512\">\n                <path fill=\"currentColor\" d=\"M238.475 475.535l7.071-7.07c4.686-4.686 4.686-12.284 0-16.971L50.053 256 245.546 60.506c4.686-4.686 4.686-12.284 0-16.971l-7.071-7.07c-4.686-4.686-12.284-4.686-16.97 0L10.454 247.515c-4.686 4.686-4.686 12.284 0 16.971l211.051 211.05c4.686 4.686 12.284 4.686 16.97-.001z\"><\/path>\n            <\/svg><br \/>\n<\/button><br \/>\n<button data-glide-dir=\">\u00ab><br \/>\n<svg role=\"img\" viewBox=\"0 0 256 512\">\n                <path fill=\"currentColor\" d=\"M17.525 36.465l-7.071 7.07c-4.686 4.686-4.686 12.284 0 16.971L205.947 256 10.454 451.494c-4.686 4.686-4.686 12.284 0 16.971l7.071 7.07c4.686 4.686 12.284 4.686 16.97 0l211.051-211.05c4.686-4.686 4.686-12.284 0-16.971L34.495 36.465c-4.686-4.687-12.284-4.687-16.97 0z\"><\/path>\n            <\/svg><br \/>\n<\/button><\/p>\n<p><strong>Declaraciones de los pilotos<\/strong><\/p>\n<p><a href=\"https:\/\/twitter.com\/hashtag\/MM93?src=hashtag_click\">#MM93<\/a><\/p>\n<p>\u00abEstoy muy contento porque hemos conseguido nuestro objetivo, que era mejorar entre carrera y carrera. Hoy he salido y me he sentido mejor que en Jap\u00f3n y en Jap\u00f3n me sent\u00ed mejor que en Arag\u00f3n, as\u00ed que paso a paso estamos mejorando. Hemos sido competitivos con neum\u00e1ticos nuevos y usados y la progresi\u00f3n est\u00e1 a la vista. Hoy he gastado mucha energ\u00eda y existe la posibilidad de que tenga un peque\u00f1o baj\u00f3n durante el fin de semana, pero vamos a ver. La lluvia puede ayudar, pero tambi\u00e9n me siento competitivo en seco. Ha sido interesante ver el calendario hoy, estoy emocionado por las nuevas carreras, especialmente la India, que es un lugar importante para todos los fabricantes, sobre todo para Honda, y estoy deseando ver a todos los aficionados de MotoGP all\u00ed\u00bb.<\/p>\n<p><a href=\"https:\/\/twitter.com\/hashtag\/POL44?src=hashtag_click\">#POL44<\/a><\/p>\n<p>\u00abNuestra situaci\u00f3n es bastante similar a la normal, donde buscamos m\u00e1s agarre. Sobre todo tenemos que intentar mejorar nuestras sensaciones con los neum\u00e1ticos nuevos para la vuelta r\u00e1pida y clasificaci\u00f3n de ma\u00f1ana. Cuando tenemos mucho agarre podemos ser r\u00e1pidos, pero tenemos que encontrarlo. Vamos a ver qu\u00e9 pasa ma\u00f1ana, sobre todo si est\u00e1 mojado, entonces podemos dar un paso\u00bb.<\/p>\n<p>&nbsp;<\/p>\n","protected":false},"excerpt":{"rendered":"<p>El piloto del equipo Repsol Honda ha finalizado el d\u00eda cuarto, despu\u00e9s de liderar la primera sesi\u00f3n del Gran Premio de Tailandia. Pol Espargar\u00f3 ha sido decimos\u00e9ptimo.<\/p>\n","protected":false},"author":43146,"featured_media":75519,"comment_status":"open","ping_status":"open","sticky":false,"template":"","format":"standard","meta":{"footnotes":""},"categories":[4],"tags":[120,6,185,128],"class_list":["post-95533","post","type-post","status-publish","format-standard","hentry","category-motogp","tag-120","tag-marc-marquez","tag-motogp-tailandia","tag-pol-espargaro"],"yoast_head":"<!-- This site is optimized with the Yoast SEO plugin v27.3 - https:\/\/yoast.com\/product\/yoast-seo-wordpress\/ -->\n<title>Positiva primera jornada para Marc M\u00e1rquez en Buriram - Box Repsol<\/title>\n<meta name=\"description\" content=\"Positiva primera jornada para Marc M\u00e1rquez en Buriram. Descubre el desempe\u00f1o del piloto espa\u00f1ol en el emocionante circuito tailand\u00e9s.\" \/>\n<link rel=\"canonical\" href=\"https:\/\/www.boxrepsol.com\/es\/motogp\/positiva-primera-jornada-para-marc-marquez-en-buriram\/\" \/>\n<meta property=\"og:locale\" content=\"es_ES\" \/>\n<meta property=\"og:type\" content=\"article\" \/>\n<meta property=\"og:title\" content=\"Positiva primera jornada para Marc M\u00e1rquez en Buriram - Box Repsol\" \/>\n<meta property=\"og:description\" content=\"Positiva primera jornada para Marc M\u00e1rquez en Buriram. Descubre el desempe\u00f1o del piloto espa\u00f1ol en el emocionante circuito tailand\u00e9s.\" \/>\n<meta property=\"og:url\" content=\"https:\/\/www.boxrepsol.com\/es\/motogp\/positiva-primera-jornada-para-marc-marquez-en-buriram\/\" \/>\n<meta property=\"og:site_name\" content=\"Box Repsol\" \/>\n<meta property=\"article:publisher\" content=\"https:\/\/www.facebook.com\/BoxRepsol\" \/>\n<meta property=\"article:author\" content=\"https:\/\/www.facebook.com\/BoxRepsol\/\" \/>\n<meta property=\"article:published_time\" content=\"2022-09-30T02:00:00+00:00\" \/>\n<meta property=\"article:modified_time\" content=\"2024-04-08T11:04:53+00:00\" \/>\n<meta property=\"og:image\" content=\"https:\/\/bxrepsol.s3.eu-west-1.amazonaws.com\/static\/2022\/11\/07080959\/https___repsolmedia.com_repsolmedia_wp-content_uploads_2022_09_JRB1553-scaled-1.jpg\" \/>\n\t<meta property=\"og:image:width\" content=\"1280\" \/>\n\t<meta property=\"og:image:height\" content=\"600\" \/>\n\t<meta property=\"og:image:type\" content=\"image\/jpeg\" \/>\n<meta name=\"author\" content=\"Redacci\u00f3n Box Repsol\" \/>\n<meta name=\"twitter:card\" content=\"summary_large_image\" \/>\n<meta name=\"twitter:creator\" content=\"@https:\/\/twitter.com\/box_repsol\" \/>\n<meta name=\"twitter:site\" content=\"@box_repsol\" \/>\n<meta name=\"twitter:label1\" content=\"Written by\" \/>\n\t<meta name=\"twitter:data1\" content=\"Redacci\u00f3n Box Repsol\" \/>\n\t<meta name=\"twitter:label2\" content=\"Est. reading time\" \/>\n\t<meta name=\"twitter:data2\" content=\"2 minutos\" \/>\n<script type=\"application\/ld+json\" class=\"yoast-schema-graph\">{\"@context\":\"https:\\\/\\\/schema.org\",\"@graph\":[{\"@type\":\"Article\",\"@id\":\"https:\\\/\\\/www.boxrepsol.com\\\/es\\\/motogp\\\/positiva-primera-jornada-para-marc-marquez-en-buriram\\\/#article\",\"isPartOf\":{\"@id\":\"https:\\\/\\\/www.boxrepsol.com\\\/es\\\/motogp\\\/positiva-primera-jornada-para-marc-marquez-en-buriram\\\/\"},\"author\":{\"name\":\"Redacci\u00f3n Box Repsol\",\"@id\":\"https:\\\/\\\/www.boxrepsol.com\\\/es\\\/#\\\/schema\\\/person\\\/c5c2138f2cca251b0ad92b7086bb60b7\"},\"headline\":\"Positiva primera jornada para Marc M\u00e1rquez en Buriram\",\"datePublished\":\"2022-09-30T02:00:00+00:00\",\"dateModified\":\"2024-04-08T11:04:53+00:00\",\"mainEntityOfPage\":{\"@id\":\"https:\\\/\\\/www.boxrepsol.com\\\/es\\\/motogp\\\/positiva-primera-jornada-para-marc-marquez-en-buriram\\\/\"},\"wordCount\":419,\"commentCount\":0,\"publisher\":{\"@id\":\"https:\\\/\\\/www.boxrepsol.com\\\/es\\\/#organization\"},\"image\":{\"@id\":\"https:\\\/\\\/www.boxrepsol.com\\\/es\\\/motogp\\\/positiva-primera-jornada-para-marc-marquez-en-buriram\\\/#primaryimage\"},\"thumbnailUrl\":\"https:\\\/\\\/bxrepsol.s3.eu-west-1.amazonaws.com\\\/static\\\/2022\\\/11\\\/07080959\\\/https___repsolmedia.com_repsolmedia_wp-content_uploads_2022_09_JRB1553-scaled-1.jpg\",\"keywords\":[\"2022\",\"Marc M\u00e1rquez\",\"MotoGP Tailandia\",\"Pol Espargar\u00f3\"],\"articleSection\":[\"MotoGP\"],\"inLanguage\":\"es\",\"potentialAction\":[{\"@type\":\"CommentAction\",\"name\":\"Comment\",\"target\":[\"https:\\\/\\\/www.boxrepsol.com\\\/es\\\/motogp\\\/positiva-primera-jornada-para-marc-marquez-en-buriram\\\/#respond\"]}]},{\"@type\":\"WebPage\",\"@id\":\"https:\\\/\\\/www.boxrepsol.com\\\/es\\\/motogp\\\/positiva-primera-jornada-para-marc-marquez-en-buriram\\\/\",\"url\":\"https:\\\/\\\/www.boxrepsol.com\\\/es\\\/motogp\\\/positiva-primera-jornada-para-marc-marquez-en-buriram\\\/\",\"name\":\"Positiva primera jornada para Marc M\u00e1rquez en Buriram - Box Repsol\",\"isPartOf\":{\"@id\":\"https:\\\/\\\/www.boxrepsol.com\\\/es\\\/#website\"},\"primaryImageOfPage\":{\"@id\":\"https:\\\/\\\/www.boxrepsol.com\\\/es\\\/motogp\\\/positiva-primera-jornada-para-marc-marquez-en-buriram\\\/#primaryimage\"},\"image\":{\"@id\":\"https:\\\/\\\/www.boxrepsol.com\\\/es\\\/motogp\\\/positiva-primera-jornada-para-marc-marquez-en-buriram\\\/#primaryimage\"},\"thumbnailUrl\":\"https:\\\/\\\/bxrepsol.s3.eu-west-1.amazonaws.com\\\/static\\\/2022\\\/11\\\/07080959\\\/https___repsolmedia.com_repsolmedia_wp-content_uploads_2022_09_JRB1553-scaled-1.jpg\",\"datePublished\":\"2022-09-30T02:00:00+00:00\",\"dateModified\":\"2024-04-08T11:04:53+00:00\",\"description\":\"Positiva primera jornada para Marc M\u00e1rquez en Buriram. Descubre el desempe\u00f1o del piloto espa\u00f1ol en el emocionante circuito tailand\u00e9s.\",\"breadcrumb\":{\"@id\":\"https:\\\/\\\/www.boxrepsol.com\\\/es\\\/motogp\\\/positiva-primera-jornada-para-marc-marquez-en-buriram\\\/#breadcrumb\"},\"inLanguage\":\"es\",\"potentialAction\":[{\"@type\":\"ReadAction\",\"target\":[\"https:\\\/\\\/www.boxrepsol.com\\\/es\\\/motogp\\\/positiva-primera-jornada-para-marc-marquez-en-buriram\\\/\"]}]},{\"@type\":\"ImageObject\",\"inLanguage\":\"es\",\"@id\":\"https:\\\/\\\/www.boxrepsol.com\\\/es\\\/motogp\\\/positiva-primera-jornada-para-marc-marquez-en-buriram\\\/#primaryimage\",\"url\":\"https:\\\/\\\/bxrepsol.s3.eu-west-1.amazonaws.com\\\/static\\\/2022\\\/11\\\/07080959\\\/https___repsolmedia.com_repsolmedia_wp-content_uploads_2022_09_JRB1553-scaled-1.jpg\",\"contentUrl\":\"https:\\\/\\\/bxrepsol.s3.eu-west-1.amazonaws.com\\\/static\\\/2022\\\/11\\\/07080959\\\/https___repsolmedia.com_repsolmedia_wp-content_uploads_2022_09_JRB1553-scaled-1.jpg\",\"width\":1280,\"height\":600},{\"@type\":\"BreadcrumbList\",\"@id\":\"https:\\\/\\\/www.boxrepsol.com\\\/es\\\/motogp\\\/positiva-primera-jornada-para-marc-marquez-en-buriram\\\/#breadcrumb\",\"itemListElement\":[{\"@type\":\"ListItem\",\"position\":1,\"name\":\"Home\",\"item\":\"https:\\\/\\\/www.boxrepsol.com\\\/es\\\/\"},{\"@type\":\"ListItem\",\"position\":2,\"name\":\"Positiva primera jornada para Marc M\u00e1rquez en Buriram\"}]},{\"@type\":\"WebSite\",\"@id\":\"https:\\\/\\\/www.boxrepsol.com\\\/es\\\/#website\",\"url\":\"https:\\\/\\\/www.boxrepsol.com\\\/es\\\/\",\"name\":\"Box Repsol\",\"description\":\"Box Repsol Site\",\"publisher\":{\"@id\":\"https:\\\/\\\/www.boxrepsol.com\\\/es\\\/#organization\"},\"potentialAction\":[{\"@type\":\"SearchAction\",\"target\":{\"@type\":\"EntryPoint\",\"urlTemplate\":\"https:\\\/\\\/www.boxrepsol.com\\\/es\\\/?s={search_term_string}\"},\"query-input\":{\"@type\":\"PropertyValueSpecification\",\"valueRequired\":true,\"valueName\":\"search_term_string\"}}],\"inLanguage\":\"es\"},{\"@type\":\"Organization\",\"@id\":\"https:\\\/\\\/www.boxrepsol.com\\\/es\\\/#organization\",\"name\":\"Box Repsol\",\"url\":\"https:\\\/\\\/www.boxrepsol.com\\\/es\\\/\",\"logo\":{\"@type\":\"ImageObject\",\"inLanguage\":\"es\",\"@id\":\"https:\\\/\\\/www.boxrepsol.com\\\/es\\\/#\\\/schema\\\/logo\\\/image\\\/\",\"url\":\"https:\\\/\\\/bxrepsol.s3.eu-west-1.amazonaws.com\\\/static\\\/2025\\\/07\\\/30083337\\\/favicon-96x96-1.png\",\"contentUrl\":\"https:\\\/\\\/bxrepsol.s3.eu-west-1.amazonaws.com\\\/static\\\/2025\\\/07\\\/30083337\\\/favicon-96x96-1.png\",\"width\":96,\"height\":96,\"caption\":\"Box Repsol\"},\"image\":{\"@id\":\"https:\\\/\\\/www.boxrepsol.com\\\/es\\\/#\\\/schema\\\/logo\\\/image\\\/\"},\"sameAs\":[\"https:\\\/\\\/www.facebook.com\\\/BoxRepsol\",\"https:\\\/\\\/x.com\\\/box_repsol\",\"http:\\\/\\\/instagram.com\\\/box_repsol\",\"https:\\\/\\\/www.youtube.com\\\/user\\\/RepsolCompeticion\",\"https:\\\/\\\/www.flickr.com\\\/photos\\\/box_repsol\\\/\"]},{\"@type\":\"Person\",\"@id\":\"https:\\\/\\\/www.boxrepsol.com\\\/es\\\/#\\\/schema\\\/person\\\/c5c2138f2cca251b0ad92b7086bb60b7\",\"name\":\"Redacci\u00f3n Box Repsol\",\"image\":{\"@type\":\"ImageObject\",\"inLanguage\":\"es\",\"@id\":\"https:\\\/\\\/secure.gravatar.com\\\/avatar\\\/adf7b77e38b4419baf32c7e9c21dde01f4e40df611f0978e3006fc4ba0aaab7e?s=96&d=mm&r=g\",\"url\":\"https:\\\/\\\/secure.gravatar.com\\\/avatar\\\/adf7b77e38b4419baf32c7e9c21dde01f4e40df611f0978e3006fc4ba0aaab7e?s=96&d=mm&r=g\",\"contentUrl\":\"https:\\\/\\\/secure.gravatar.com\\\/avatar\\\/adf7b77e38b4419baf32c7e9c21dde01f4e40df611f0978e3006fc4ba0aaab7e?s=96&d=mm&r=g\",\"caption\":\"Redacci\u00f3n Box Repsol\"},\"description\":\"Box Repsol lo forma un equipo de periodistas, community managers, dise\u00f1adores y fot\u00f3grafos con m\u00e1s de 20 a\u00f1os de experiencia en el mundo del motorsport. Hemos vivido el primer mundial de un espa\u00f1ol en la categor\u00eda reina de motociclismo con \u00c1lex Crivill\u00e9, estuvimos en las victorias de Pedrosa y los t\u00edtulos de M\u00e1rquez, acompa\u00f1amos en \u00c1frica a Nani Roma y Marc Coma en sus conquistas del Dakar y hemos vibrado con los t\u00edtulos de Toni Bou en Trial. Adem\u00e1s, en nuestro equipo contamos con expertos en el mundo de las dos y cuatro ruedas tanto de la calle y las carreteras, como de los circuitos. Periodistas que han trabajado en revistas y publicaciones para hacerte llegar desde rutas y consejos de mantenimiento, a curiosidades y trucos de pilotaje.\",\"sameAs\":[\"https:\\\/\\\/www.facebook.com\\\/BoxRepsol\\\/\",\"https:\\\/\\\/www.instagram.com\\\/box_repsol\\\/\",\"https:\\\/\\\/x.com\\\/https:\\\/\\\/twitter.com\\\/box_repsol\",\"https:\\\/\\\/www.youtube.com\\\/@Boxrepsol\"],\"url\":\"https:\\\/\\\/www.boxrepsol.com\\\/es\\\/author\\\/redaccion-box-repsol\\\/\"}]}<\/script>\n<!-- \/ Yoast SEO plugin. -->","yoast_head_json":{"title":"Positiva primera jornada para Marc M\u00e1rquez en Buriram - Box Repsol","description":"Positiva primera jornada para Marc M\u00e1rquez en Buriram. Descubre el desempe\u00f1o del piloto espa\u00f1ol en el emocionante circuito tailand\u00e9s.","canonical":"https:\/\/www.boxrepsol.com\/es\/motogp\/positiva-primera-jornada-para-marc-marquez-en-buriram\/","og_locale":"es_ES","og_type":"article","og_title":"Positiva primera jornada para Marc M\u00e1rquez en Buriram - Box Repsol","og_description":"Positiva primera jornada para Marc M\u00e1rquez en Buriram. Descubre el desempe\u00f1o del piloto espa\u00f1ol en el emocionante circuito tailand\u00e9s.","og_url":"https:\/\/www.boxrepsol.com\/es\/motogp\/positiva-primera-jornada-para-marc-marquez-en-buriram\/","og_site_name":"Box Repsol","article_publisher":"https:\/\/www.facebook.com\/BoxRepsol","article_author":"https:\/\/www.facebook.com\/BoxRepsol\/","article_published_time":"2022-09-30T02:00:00+00:00","article_modified_time":"2024-04-08T11:04:53+00:00","og_image":[{"width":1280,"height":600,"url":"https:\/\/bxrepsol.s3.eu-west-1.amazonaws.com\/static\/2022\/11\/07080959\/https___repsolmedia.com_repsolmedia_wp-content_uploads_2022_09_JRB1553-scaled-1.jpg","type":"image\/jpeg"}],"author":"Redacci\u00f3n Box Repsol","twitter_card":"summary_large_image","twitter_creator":"@https:\/\/twitter.com\/box_repsol","twitter_site":"@box_repsol","twitter_misc":{"Written by":"Redacci\u00f3n Box Repsol","Est. reading time":"2 minutos"},"schema":{"@context":"https:\/\/schema.org","@graph":[{"@type":"Article","@id":"https:\/\/www.boxrepsol.com\/es\/motogp\/positiva-primera-jornada-para-marc-marquez-en-buriram\/#article","isPartOf":{"@id":"https:\/\/www.boxrepsol.com\/es\/motogp\/positiva-primera-jornada-para-marc-marquez-en-buriram\/"},"author":{"name":"Redacci\u00f3n Box Repsol","@id":"https:\/\/www.boxrepsol.com\/es\/#\/schema\/person\/c5c2138f2cca251b0ad92b7086bb60b7"},"headline":"Positiva primera jornada para Marc M\u00e1rquez en Buriram","datePublished":"2022-09-30T02:00:00+00:00","dateModified":"2024-04-08T11:04:53+00:00","mainEntityOfPage":{"@id":"https:\/\/www.boxrepsol.com\/es\/motogp\/positiva-primera-jornada-para-marc-marquez-en-buriram\/"},"wordCount":419,"commentCount":0,"publisher":{"@id":"https:\/\/www.boxrepsol.com\/es\/#organization"},"image":{"@id":"https:\/\/www.boxrepsol.com\/es\/motogp\/positiva-primera-jornada-para-marc-marquez-en-buriram\/#primaryimage"},"thumbnailUrl":"https:\/\/bxrepsol.s3.eu-west-1.amazonaws.com\/static\/2022\/11\/07080959\/https___repsolmedia.com_repsolmedia_wp-content_uploads_2022_09_JRB1553-scaled-1.jpg","keywords":["2022","Marc M\u00e1rquez","MotoGP Tailandia","Pol Espargar\u00f3"],"articleSection":["MotoGP"],"inLanguage":"es","potentialAction":[{"@type":"CommentAction","name":"Comment","target":["https:\/\/www.boxrepsol.com\/es\/motogp\/positiva-primera-jornada-para-marc-marquez-en-buriram\/#respond"]}]},{"@type":"WebPage","@id":"https:\/\/www.boxrepsol.com\/es\/motogp\/positiva-primera-jornada-para-marc-marquez-en-buriram\/","url":"https:\/\/www.boxrepsol.com\/es\/motogp\/positiva-primera-jornada-para-marc-marquez-en-buriram\/","name":"Positiva primera jornada para Marc M\u00e1rquez en Buriram - Box Repsol","isPartOf":{"@id":"https:\/\/www.boxrepsol.com\/es\/#website"},"primaryImageOfPage":{"@id":"https:\/\/www.boxrepsol.com\/es\/motogp\/positiva-primera-jornada-para-marc-marquez-en-buriram\/#primaryimage"},"image":{"@id":"https:\/\/www.boxrepsol.com\/es\/motogp\/positiva-primera-jornada-para-marc-marquez-en-buriram\/#primaryimage"},"thumbnailUrl":"https:\/\/bxrepsol.s3.eu-west-1.amazonaws.com\/static\/2022\/11\/07080959\/https___repsolmedia.com_repsolmedia_wp-content_uploads_2022_09_JRB1553-scaled-1.jpg","datePublished":"2022-09-30T02:00:00+00:00","dateModified":"2024-04-08T11:04:53+00:00","description":"Positiva primera jornada para Marc M\u00e1rquez en Buriram. Descubre el desempe\u00f1o del piloto espa\u00f1ol en el emocionante circuito tailand\u00e9s.","breadcrumb":{"@id":"https:\/\/www.boxrepsol.com\/es\/motogp\/positiva-primera-jornada-para-marc-marquez-en-buriram\/#breadcrumb"},"inLanguage":"es","potentialAction":[{"@type":"ReadAction","target":["https:\/\/www.boxrepsol.com\/es\/motogp\/positiva-primera-jornada-para-marc-marquez-en-buriram\/"]}]},{"@type":"ImageObject","inLanguage":"es","@id":"https:\/\/www.boxrepsol.com\/es\/motogp\/positiva-primera-jornada-para-marc-marquez-en-buriram\/#primaryimage","url":"https:\/\/bxrepsol.s3.eu-west-1.amazonaws.com\/static\/2022\/11\/07080959\/https___repsolmedia.com_repsolmedia_wp-content_uploads_2022_09_JRB1553-scaled-1.jpg","contentUrl":"https:\/\/bxrepsol.s3.eu-west-1.amazonaws.com\/static\/2022\/11\/07080959\/https___repsolmedia.com_repsolmedia_wp-content_uploads_2022_09_JRB1553-scaled-1.jpg","width":1280,"height":600},{"@type":"BreadcrumbList","@id":"https:\/\/www.boxrepsol.com\/es\/motogp\/positiva-primera-jornada-para-marc-marquez-en-buriram\/#breadcrumb","itemListElement":[{"@type":"ListItem","position":1,"name":"Home","item":"https:\/\/www.boxrepsol.com\/es\/"},{"@type":"ListItem","position":2,"name":"Positiva primera jornada para Marc M\u00e1rquez en Buriram"}]},{"@type":"WebSite","@id":"https:\/\/www.boxrepsol.com\/es\/#website","url":"https:\/\/www.boxrepsol.com\/es\/","name":"Box Repsol","description":"Box Repsol Site","publisher":{"@id":"https:\/\/www.boxrepsol.com\/es\/#organization"},"potentialAction":[{"@type":"SearchAction","target":{"@type":"EntryPoint","urlTemplate":"https:\/\/www.boxrepsol.com\/es\/?s={search_term_string}"},"query-input":{"@type":"PropertyValueSpecification","valueRequired":true,"valueName":"search_term_string"}}],"inLanguage":"es"},{"@type":"Organization","@id":"https:\/\/www.boxrepsol.com\/es\/#organization","name":"Box Repsol","url":"https:\/\/www.boxrepsol.com\/es\/","logo":{"@type":"ImageObject","inLanguage":"es","@id":"https:\/\/www.boxrepsol.com\/es\/#\/schema\/logo\/image\/","url":"https:\/\/bxrepsol.s3.eu-west-1.amazonaws.com\/static\/2025\/07\/30083337\/favicon-96x96-1.png","contentUrl":"https:\/\/bxrepsol.s3.eu-west-1.amazonaws.com\/static\/2025\/07\/30083337\/favicon-96x96-1.png","width":96,"height":96,"caption":"Box Repsol"},"image":{"@id":"https:\/\/www.boxrepsol.com\/es\/#\/schema\/logo\/image\/"},"sameAs":["https:\/\/www.facebook.com\/BoxRepsol","https:\/\/x.com\/box_repsol","http:\/\/instagram.com\/box_repsol","https:\/\/www.youtube.com\/user\/RepsolCompeticion","https:\/\/www.flickr.com\/photos\/box_repsol\/"]},{"@type":"Person","@id":"https:\/\/www.boxrepsol.com\/es\/#\/schema\/person\/c5c2138f2cca251b0ad92b7086bb60b7","name":"Redacci\u00f3n Box Repsol","image":{"@type":"ImageObject","inLanguage":"es","@id":"https:\/\/secure.gravatar.com\/avatar\/adf7b77e38b4419baf32c7e9c21dde01f4e40df611f0978e3006fc4ba0aaab7e?s=96&d=mm&r=g","url":"https:\/\/secure.gravatar.com\/avatar\/adf7b77e38b4419baf32c7e9c21dde01f4e40df611f0978e3006fc4ba0aaab7e?s=96&d=mm&r=g","contentUrl":"https:\/\/secure.gravatar.com\/avatar\/adf7b77e38b4419baf32c7e9c21dde01f4e40df611f0978e3006fc4ba0aaab7e?s=96&d=mm&r=g","caption":"Redacci\u00f3n Box Repsol"},"description":"Box Repsol lo forma un equipo de periodistas, community managers, dise\u00f1adores y fot\u00f3grafos con m\u00e1s de 20 a\u00f1os de experiencia en el mundo del motorsport. Hemos vivido el primer mundial de un espa\u00f1ol en la categor\u00eda reina de motociclismo con \u00c1lex Crivill\u00e9, estuvimos en las victorias de Pedrosa y los t\u00edtulos de M\u00e1rquez, acompa\u00f1amos en \u00c1frica a Nani Roma y Marc Coma en sus conquistas del Dakar y hemos vibrado con los t\u00edtulos de Toni Bou en Trial. Adem\u00e1s, en nuestro equipo contamos con expertos en el mundo de las dos y cuatro ruedas tanto de la calle y las carreteras, como de los circuitos. Periodistas que han trabajado en revistas y publicaciones para hacerte llegar desde rutas y consejos de mantenimiento, a curiosidades y trucos de pilotaje.","sameAs":["https:\/\/www.facebook.com\/BoxRepsol\/","https:\/\/www.instagram.com\/box_repsol\/","https:\/\/x.com\/https:\/\/twitter.com\/box_repsol","https:\/\/www.youtube.com\/@Boxrepsol"],"url":"https:\/\/www.boxrepsol.com\/es\/author\/redaccion-box-repsol\/"}]}},"_links":{"self":[{"href":"https:\/\/www.boxrepsol.com\/es\/wp-json\/wp\/v2\/posts\/95533","targetHints":{"allow":["GET"]}}],"collection":[{"href":"https:\/\/www.boxrepsol.com\/es\/wp-json\/wp\/v2\/posts"}],"about":[{"href":"https:\/\/www.boxrepsol.com\/es\/wp-json\/wp\/v2\/types\/post"}],"author":[{"embeddable":true,"href":"https:\/\/www.boxrepsol.com\/es\/wp-json\/wp\/v2\/users\/43146"}],"replies":[{"embeddable":true,"href":"https:\/\/www.boxrepsol.com\/es\/wp-json\/wp\/v2\/comments?post=95533"}],"version-history":[{"count":2,"href":"https:\/\/www.boxrepsol.com\/es\/wp-json\/wp\/v2\/posts\/95533\/revisions"}],"predecessor-version":[{"id":109497,"href":"https:\/\/www.boxrepsol.com\/es\/wp-json\/wp\/v2\/posts\/95533\/revisions\/109497"}],"wp:featuredmedia":[{"embeddable":true,"href":"https:\/\/www.boxrepsol.com\/es\/wp-json\/wp\/v2\/media\/75519"}],"wp:attachment":[{"href":"https:\/\/www.boxrepsol.com\/es\/wp-json\/wp\/v2\/media?parent=95533"}],"wp:term":[{"taxonomy":"category","embeddable":true,"href":"https:\/\/www.boxrepsol.com\/es\/wp-json\/wp\/v2\/categories?post=95533"},{"taxonomy":"post_tag","embeddable":true,"href":"https:\/\/www.boxrepsol.com\/es\/wp-json\/wp\/v2\/tags?post=95533"}],"curies":[{"name":"wp","href":"https:\/\/api.w.org\/{rel}","templated":true}]}}