{"id":95532,"date":"2022-09-30T00:00:00","date_gmt":"2022-09-30T02:00:00","guid":{"rendered":"http:\/\/pre.boxrepsol.com\/sin-categorizar\/este-es-el-calendario-de-motogp-para-la-temporada-2023\/"},"modified":"2024-04-08T09:03:12","modified_gmt":"2024-04-08T11:03:12","slug":"este-es-el-calendario-de-motogp-para-la-temporada-2023","status":"publish","type":"post","link":"https:\/\/www.boxrepsol.com\/es\/motogp\/este-es-el-calendario-de-motogp-para-la-temporada-2023\/","title":{"rendered":"Este es el calendario de MotoGP para la temporada 2023"},"content":{"rendered":"<figure class=\"wp-block-post-featured-image\"><img loading=\"lazy\" decoding=\"async\" width=\"1320\" height=\"619\" src=\"https:\/\/bxrepsol.s3.eu-west-1.amazonaws.com\/static\/2022\/09\/19083617\/JRB8834.jpg\" class=\"attachment-post-thumbnail size-post-thumbnail wp-post-image\" alt=\"\" style=\"object-fit:cover;\" srcset=\"https:\/\/bxrepsol.s3.eu-west-1.amazonaws.com\/static\/2022\/09\/19083617\/JRB8834.jpg 1320w, https:\/\/bxrepsol.s3.eu-west-1.amazonaws.com\/static\/2022\/09\/19083617\/JRB8834-300x141.jpg 300w, https:\/\/bxrepsol.s3.eu-west-1.amazonaws.com\/static\/2022\/09\/19083617\/JRB8834-1024x480.jpg 1024w, https:\/\/bxrepsol.s3.eu-west-1.amazonaws.com\/static\/2022\/09\/19083617\/JRB8834-768x360.jpg 768w\" sizes=\"auto, (max-width: 1320px) 100vw, 1320px\" \/><\/figure>\n\n<p>El <strong>Campeonato del Mundo de MotoGP 2023<\/strong> ya tiene fechas y lugares, y es que las <a href=\"https:\/\/www.boxrepsol.com\/es\/motogp\/carreras-al-sprint-la-evolucion-de-motogp\/\">carreras al sprint<\/a> no ser\u00e1n las \u00fanicas novedades. Ser\u00e1n <strong>20 Grandes Premios<\/strong> (tras la cancelaci\u00f3n de la cita en <strong><a href=\"https:\/\/www.boxrepsol.com\/es\/motogp\/kazajistan-se-estrenara-en-el-mundial-en-2023\/\" target=\"_blank\" rel=\"noopener\">Kazajist\u00e1n)<\/a> <\/strong>y se incorporar\u00e1 al calendario un escenario nuevo:<strong>&nbsp;<a href=\"https:\/\/www.boxrepsol.com\/es\/motogp\/motogp-llegara-a-la-india-en-2023\/\" target=\"_blank\" rel=\"noopener\">India<\/a><\/strong>. Otra novedad es que comenzar\u00e1 la <strong>rotaci\u00f3n de las citas espa\u00f1olas<\/strong>, siendo MotorLand Arag\u00f3n el primer trazado en estar ausente. El circuito que tampoco estar\u00e1 presente esta temporada ser\u00e1 el KimiRing (Finlandia), destino que estaba previsto para el pasado 2022 y que acab\u00f3 cayendo de la convocatoria. Adem\u00e1s, despu\u00e9s de 16 a\u00f1os, Catar no ser\u00e1 el pa\u00eds que inaugure el campeonato. En su lugar, lo har\u00e1&nbsp;<strong>Portugal el 26 de marzo<\/strong>. Sin embargo, el cierre es el mismo al que estamos acostumbrados: <strong><a href=\"https:\/\/www.boxrepsol.com\/es\/cultura-motera\/circuit-la-comunitat-valenciana-ricardo-tormo\/\">Valencia<\/a>, el 26 de noviembre<\/strong>.<\/p>\n<p>As\u00ed queda el calendario provisional para 2023:<\/p>\n<ul>\n<li><strong>26 de marzo<\/strong>: Gran Premio de Portugal.<\/li>\n<li><strong>2 de abril<\/strong>: Gran Premio de Argentina.<\/li>\n<li><strong>16 de abril<\/strong>: Gran Premio de Las Am\u00e9ricas.<\/li>\n<li><strong>30 de abril<\/strong>: Gran Premio de Espa\u00f1a (Jerez).<\/li>\n<li><strong>14 de mayo<\/strong>: Gran Premio de Francia.<\/li>\n<li><strong>11 de junio<\/strong>: Gran Premio de Italia.<\/li>\n<li><strong>18 de junio<\/strong>: Gran Premio de Alemania.<\/li>\n<li><strong>25 de junio<\/strong>: Gran Premio de los Pa\u00edses Bajos.<\/li>\n<li><strong>6 de agosto<\/strong>: Gran Premio de Gran Breta\u00f1a.<\/li>\n<li><strong>20 de agosto<\/strong>: Gran Premio de Austria.<\/li>\n<li><strong>3 de septiembre<\/strong>: Gran Premio de Catalu\u00f1a.<\/li>\n<li><strong>10 de septiembre<\/strong>: Gran Premio de San Marino.<\/li>\n<li><strong>24 de septiembre<\/strong>: Gran Premio de India.<\/li>\n<li><strong>1 de octubre<\/strong>: Gran Premio de Jap\u00f3n.<\/li>\n<li><strong>15 de octubre<\/strong>: Gran Premio de Indonesia.<\/li>\n<li><strong>22 de octubre<\/strong>: Gran Premio de Australia.<\/li>\n<li><strong>29 de octubre<\/strong>: Gran Premio de Tailandia.<\/li>\n<li><strong>12 de noviembre<\/strong>: Gran Premio de Malasia.<\/li>\n<li><strong>19 de noviembre<\/strong>: Gran Premio de Catar.<\/li>\n<li><strong>26 de noviembre:<\/strong> Gran Premio de Valencia.<\/li>\n<\/ul>","protected":false},"excerpt":{"rendered":"<p>Esta temporada contar\u00e1 con 21 Grandes Premios y con dos circuitos nuevos.<\/p>\n","protected":false},"author":43146,"featured_media":101709,"comment_status":"open","ping_status":"open","sticky":false,"template":"","format":"standard","meta":{"footnotes":""},"categories":[4],"tags":[269],"class_list":["post-95532","post","type-post","status-publish","format-standard","hentry","category-motogp","tag-269"],"yoast_head":"<!-- This site is optimized with the Yoast SEO plugin v27.3 - https:\/\/yoast.com\/product\/yoast-seo-wordpress\/ -->\n<title>Este es el calendario de MotoGP para la temporada 2023 - Box Repsol<\/title>\n<meta name=\"description\" content=\"Este es el calendario de MotoGP para la temporada 2023: Planifica tus carreras con las fechas y lugares de las competiciones de MotoGP.\" \/>\n<link rel=\"canonical\" href=\"https:\/\/www.boxrepsol.com\/es\/motogp\/este-es-el-calendario-de-motogp-para-la-temporada-2023\/\" \/>\n<meta property=\"og:locale\" content=\"es_ES\" \/>\n<meta property=\"og:type\" content=\"article\" \/>\n<meta property=\"og:title\" content=\"Este es el calendario de MotoGP para la temporada 2023 - Box Repsol\" \/>\n<meta property=\"og:description\" content=\"Este es el calendario de MotoGP para la temporada 2023: Planifica tus carreras con las fechas y lugares de las competiciones de MotoGP.\" \/>\n<meta property=\"og:url\" content=\"https:\/\/www.boxrepsol.com\/es\/motogp\/este-es-el-calendario-de-motogp-para-la-temporada-2023\/\" \/>\n<meta property=\"og:site_name\" content=\"Box Repsol\" \/>\n<meta property=\"article:publisher\" content=\"https:\/\/www.facebook.com\/BoxRepsol\" \/>\n<meta property=\"article:author\" content=\"https:\/\/www.facebook.com\/BoxRepsol\/\" \/>\n<meta property=\"article:published_time\" content=\"2022-09-30T02:00:00+00:00\" \/>\n<meta property=\"article:modified_time\" content=\"2024-04-08T11:03:12+00:00\" \/>\n<meta property=\"og:image\" content=\"https:\/\/bxrepsol.s3.eu-west-1.amazonaws.com\/static\/2022\/09\/19083617\/JRB8834.jpg\" \/>\n\t<meta property=\"og:image:width\" content=\"1320\" \/>\n\t<meta property=\"og:image:height\" content=\"619\" \/>\n\t<meta property=\"og:image:type\" content=\"image\/jpeg\" \/>\n<meta name=\"author\" content=\"Redacci\u00f3n Box Repsol\" \/>\n<meta name=\"twitter:card\" content=\"summary_large_image\" \/>\n<meta name=\"twitter:creator\" content=\"@https:\/\/twitter.com\/box_repsol\" \/>\n<meta name=\"twitter:site\" content=\"@box_repsol\" \/>\n<meta name=\"twitter:label1\" content=\"Written by\" \/>\n\t<meta name=\"twitter:data1\" content=\"Redacci\u00f3n Box Repsol\" \/>\n\t<meta name=\"twitter:label2\" content=\"Est. reading time\" \/>\n\t<meta name=\"twitter:data2\" content=\"1 minuto\" \/>\n<script type=\"application\/ld+json\" class=\"yoast-schema-graph\">{\"@context\":\"https:\\\/\\\/schema.org\",\"@graph\":[{\"@type\":\"Article\",\"@id\":\"https:\\\/\\\/www.boxrepsol.com\\\/es\\\/motogp\\\/este-es-el-calendario-de-motogp-para-la-temporada-2023\\\/#article\",\"isPartOf\":{\"@id\":\"https:\\\/\\\/www.boxrepsol.com\\\/es\\\/motogp\\\/este-es-el-calendario-de-motogp-para-la-temporada-2023\\\/\"},\"author\":{\"name\":\"Redacci\u00f3n Box Repsol\",\"@id\":\"https:\\\/\\\/www.boxrepsol.com\\\/es\\\/#\\\/schema\\\/person\\\/c5c2138f2cca251b0ad92b7086bb60b7\"},\"headline\":\"Este es el calendario de MotoGP para la temporada 2023\",\"datePublished\":\"2022-09-30T02:00:00+00:00\",\"dateModified\":\"2024-04-08T11:03:12+00:00\",\"mainEntityOfPage\":{\"@id\":\"https:\\\/\\\/www.boxrepsol.com\\\/es\\\/motogp\\\/este-es-el-calendario-de-motogp-para-la-temporada-2023\\\/\"},\"wordCount\":286,\"commentCount\":0,\"publisher\":{\"@id\":\"https:\\\/\\\/www.boxrepsol.com\\\/es\\\/#organization\"},\"image\":{\"@id\":\"https:\\\/\\\/www.boxrepsol.com\\\/es\\\/motogp\\\/este-es-el-calendario-de-motogp-para-la-temporada-2023\\\/#primaryimage\"},\"thumbnailUrl\":\"https:\\\/\\\/bxrepsol.s3.eu-west-1.amazonaws.com\\\/static\\\/2022\\\/09\\\/19083617\\\/JRB8834.jpg\",\"keywords\":[\"2023\"],\"articleSection\":[\"MotoGP\"],\"inLanguage\":\"es\",\"potentialAction\":[{\"@type\":\"CommentAction\",\"name\":\"Comment\",\"target\":[\"https:\\\/\\\/www.boxrepsol.com\\\/es\\\/motogp\\\/este-es-el-calendario-de-motogp-para-la-temporada-2023\\\/#respond\"]}]},{\"@type\":\"WebPage\",\"@id\":\"https:\\\/\\\/www.boxrepsol.com\\\/es\\\/motogp\\\/este-es-el-calendario-de-motogp-para-la-temporada-2023\\\/\",\"url\":\"https:\\\/\\\/www.boxrepsol.com\\\/es\\\/motogp\\\/este-es-el-calendario-de-motogp-para-la-temporada-2023\\\/\",\"name\":\"Este es el calendario de MotoGP para la temporada 2023 - Box Repsol\",\"isPartOf\":{\"@id\":\"https:\\\/\\\/www.boxrepsol.com\\\/es\\\/#website\"},\"primaryImageOfPage\":{\"@id\":\"https:\\\/\\\/www.boxrepsol.com\\\/es\\\/motogp\\\/este-es-el-calendario-de-motogp-para-la-temporada-2023\\\/#primaryimage\"},\"image\":{\"@id\":\"https:\\\/\\\/www.boxrepsol.com\\\/es\\\/motogp\\\/este-es-el-calendario-de-motogp-para-la-temporada-2023\\\/#primaryimage\"},\"thumbnailUrl\":\"https:\\\/\\\/bxrepsol.s3.eu-west-1.amazonaws.com\\\/static\\\/2022\\\/09\\\/19083617\\\/JRB8834.jpg\",\"datePublished\":\"2022-09-30T02:00:00+00:00\",\"dateModified\":\"2024-04-08T11:03:12+00:00\",\"description\":\"Este es el calendario de MotoGP para la temporada 2023: Planifica tus carreras con las fechas y lugares de las competiciones de MotoGP.\",\"breadcrumb\":{\"@id\":\"https:\\\/\\\/www.boxrepsol.com\\\/es\\\/motogp\\\/este-es-el-calendario-de-motogp-para-la-temporada-2023\\\/#breadcrumb\"},\"inLanguage\":\"es\",\"potentialAction\":[{\"@type\":\"ReadAction\",\"target\":[\"https:\\\/\\\/www.boxrepsol.com\\\/es\\\/motogp\\\/este-es-el-calendario-de-motogp-para-la-temporada-2023\\\/\"]}]},{\"@type\":\"ImageObject\",\"inLanguage\":\"es\",\"@id\":\"https:\\\/\\\/www.boxrepsol.com\\\/es\\\/motogp\\\/este-es-el-calendario-de-motogp-para-la-temporada-2023\\\/#primaryimage\",\"url\":\"https:\\\/\\\/bxrepsol.s3.eu-west-1.amazonaws.com\\\/static\\\/2022\\\/09\\\/19083617\\\/JRB8834.jpg\",\"contentUrl\":\"https:\\\/\\\/bxrepsol.s3.eu-west-1.amazonaws.com\\\/static\\\/2022\\\/09\\\/19083617\\\/JRB8834.jpg\",\"width\":1320,\"height\":619},{\"@type\":\"BreadcrumbList\",\"@id\":\"https:\\\/\\\/www.boxrepsol.com\\\/es\\\/motogp\\\/este-es-el-calendario-de-motogp-para-la-temporada-2023\\\/#breadcrumb\",\"itemListElement\":[{\"@type\":\"ListItem\",\"position\":1,\"name\":\"Home\",\"item\":\"https:\\\/\\\/www.boxrepsol.com\\\/es\\\/\"},{\"@type\":\"ListItem\",\"position\":2,\"name\":\"Este es el calendario de MotoGP para la temporada 2023\"}]},{\"@type\":\"WebSite\",\"@id\":\"https:\\\/\\\/www.boxrepsol.com\\\/es\\\/#website\",\"url\":\"https:\\\/\\\/www.boxrepsol.com\\\/es\\\/\",\"name\":\"Box Repsol\",\"description\":\"Box Repsol Site\",\"publisher\":{\"@id\":\"https:\\\/\\\/www.boxrepsol.com\\\/es\\\/#organization\"},\"potentialAction\":[{\"@type\":\"SearchAction\",\"target\":{\"@type\":\"EntryPoint\",\"urlTemplate\":\"https:\\\/\\\/www.boxrepsol.com\\\/es\\\/?s={search_term_string}\"},\"query-input\":{\"@type\":\"PropertyValueSpecification\",\"valueRequired\":true,\"valueName\":\"search_term_string\"}}],\"inLanguage\":\"es\"},{\"@type\":\"Organization\",\"@id\":\"https:\\\/\\\/www.boxrepsol.com\\\/es\\\/#organization\",\"name\":\"Box Repsol\",\"url\":\"https:\\\/\\\/www.boxrepsol.com\\\/es\\\/\",\"logo\":{\"@type\":\"ImageObject\",\"inLanguage\":\"es\",\"@id\":\"https:\\\/\\\/www.boxrepsol.com\\\/es\\\/#\\\/schema\\\/logo\\\/image\\\/\",\"url\":\"https:\\\/\\\/bxrepsol.s3.eu-west-1.amazonaws.com\\\/static\\\/2025\\\/07\\\/30083337\\\/favicon-96x96-1.png\",\"contentUrl\":\"https:\\\/\\\/bxrepsol.s3.eu-west-1.amazonaws.com\\\/static\\\/2025\\\/07\\\/30083337\\\/favicon-96x96-1.png\",\"width\":96,\"height\":96,\"caption\":\"Box Repsol\"},\"image\":{\"@id\":\"https:\\\/\\\/www.boxrepsol.com\\\/es\\\/#\\\/schema\\\/logo\\\/image\\\/\"},\"sameAs\":[\"https:\\\/\\\/www.facebook.com\\\/BoxRepsol\",\"https:\\\/\\\/x.com\\\/box_repsol\",\"http:\\\/\\\/instagram.com\\\/box_repsol\",\"https:\\\/\\\/www.youtube.com\\\/user\\\/RepsolCompeticion\",\"https:\\\/\\\/www.flickr.com\\\/photos\\\/box_repsol\\\/\"]},{\"@type\":\"Person\",\"@id\":\"https:\\\/\\\/www.boxrepsol.com\\\/es\\\/#\\\/schema\\\/person\\\/c5c2138f2cca251b0ad92b7086bb60b7\",\"name\":\"Redacci\u00f3n Box Repsol\",\"image\":{\"@type\":\"ImageObject\",\"inLanguage\":\"es\",\"@id\":\"https:\\\/\\\/secure.gravatar.com\\\/avatar\\\/adf7b77e38b4419baf32c7e9c21dde01f4e40df611f0978e3006fc4ba0aaab7e?s=96&d=mm&r=g\",\"url\":\"https:\\\/\\\/secure.gravatar.com\\\/avatar\\\/adf7b77e38b4419baf32c7e9c21dde01f4e40df611f0978e3006fc4ba0aaab7e?s=96&d=mm&r=g\",\"contentUrl\":\"https:\\\/\\\/secure.gravatar.com\\\/avatar\\\/adf7b77e38b4419baf32c7e9c21dde01f4e40df611f0978e3006fc4ba0aaab7e?s=96&d=mm&r=g\",\"caption\":\"Redacci\u00f3n Box Repsol\"},\"description\":\"Box Repsol lo forma un equipo de periodistas, community managers, dise\u00f1adores y fot\u00f3grafos con m\u00e1s de 20 a\u00f1os de experiencia en el mundo del motorsport. Hemos vivido el primer mundial de un espa\u00f1ol en la categor\u00eda reina de motociclismo con \u00c1lex Crivill\u00e9, estuvimos en las victorias de Pedrosa y los t\u00edtulos de M\u00e1rquez, acompa\u00f1amos en \u00c1frica a Nani Roma y Marc Coma en sus conquistas del Dakar y hemos vibrado con los t\u00edtulos de Toni Bou en Trial. Adem\u00e1s, en nuestro equipo contamos con expertos en el mundo de las dos y cuatro ruedas tanto de la calle y las carreteras, como de los circuitos. Periodistas que han trabajado en revistas y publicaciones para hacerte llegar desde rutas y consejos de mantenimiento, a curiosidades y trucos de pilotaje.\",\"sameAs\":[\"https:\\\/\\\/www.facebook.com\\\/BoxRepsol\\\/\",\"https:\\\/\\\/www.instagram.com\\\/box_repsol\\\/\",\"https:\\\/\\\/x.com\\\/https:\\\/\\\/twitter.com\\\/box_repsol\",\"https:\\\/\\\/www.youtube.com\\\/@Boxrepsol\"],\"url\":\"https:\\\/\\\/www.boxrepsol.com\\\/es\\\/author\\\/redaccion-box-repsol\\\/\"}]}<\/script>\n<!-- \/ Yoast SEO plugin. -->","yoast_head_json":{"title":"Este es el calendario de MotoGP para la temporada 2023 - Box Repsol","description":"Este es el calendario de MotoGP para la temporada 2023: Planifica tus carreras con las fechas y lugares de las competiciones de MotoGP.","canonical":"https:\/\/www.boxrepsol.com\/es\/motogp\/este-es-el-calendario-de-motogp-para-la-temporada-2023\/","og_locale":"es_ES","og_type":"article","og_title":"Este es el calendario de MotoGP para la temporada 2023 - Box Repsol","og_description":"Este es el calendario de MotoGP para la temporada 2023: Planifica tus carreras con las fechas y lugares de las competiciones de MotoGP.","og_url":"https:\/\/www.boxrepsol.com\/es\/motogp\/este-es-el-calendario-de-motogp-para-la-temporada-2023\/","og_site_name":"Box Repsol","article_publisher":"https:\/\/www.facebook.com\/BoxRepsol","article_author":"https:\/\/www.facebook.com\/BoxRepsol\/","article_published_time":"2022-09-30T02:00:00+00:00","article_modified_time":"2024-04-08T11:03:12+00:00","og_image":[{"width":1320,"height":619,"url":"https:\/\/bxrepsol.s3.eu-west-1.amazonaws.com\/static\/2022\/09\/19083617\/JRB8834.jpg","type":"image\/jpeg"}],"author":"Redacci\u00f3n Box Repsol","twitter_card":"summary_large_image","twitter_creator":"@https:\/\/twitter.com\/box_repsol","twitter_site":"@box_repsol","twitter_misc":{"Written by":"Redacci\u00f3n Box Repsol","Est. reading time":"1 minuto"},"schema":{"@context":"https:\/\/schema.org","@graph":[{"@type":"Article","@id":"https:\/\/www.boxrepsol.com\/es\/motogp\/este-es-el-calendario-de-motogp-para-la-temporada-2023\/#article","isPartOf":{"@id":"https:\/\/www.boxrepsol.com\/es\/motogp\/este-es-el-calendario-de-motogp-para-la-temporada-2023\/"},"author":{"name":"Redacci\u00f3n Box Repsol","@id":"https:\/\/www.boxrepsol.com\/es\/#\/schema\/person\/c5c2138f2cca251b0ad92b7086bb60b7"},"headline":"Este es el calendario de MotoGP para la temporada 2023","datePublished":"2022-09-30T02:00:00+00:00","dateModified":"2024-04-08T11:03:12+00:00","mainEntityOfPage":{"@id":"https:\/\/www.boxrepsol.com\/es\/motogp\/este-es-el-calendario-de-motogp-para-la-temporada-2023\/"},"wordCount":286,"commentCount":0,"publisher":{"@id":"https:\/\/www.boxrepsol.com\/es\/#organization"},"image":{"@id":"https:\/\/www.boxrepsol.com\/es\/motogp\/este-es-el-calendario-de-motogp-para-la-temporada-2023\/#primaryimage"},"thumbnailUrl":"https:\/\/bxrepsol.s3.eu-west-1.amazonaws.com\/static\/2022\/09\/19083617\/JRB8834.jpg","keywords":["2023"],"articleSection":["MotoGP"],"inLanguage":"es","potentialAction":[{"@type":"CommentAction","name":"Comment","target":["https:\/\/www.boxrepsol.com\/es\/motogp\/este-es-el-calendario-de-motogp-para-la-temporada-2023\/#respond"]}]},{"@type":"WebPage","@id":"https:\/\/www.boxrepsol.com\/es\/motogp\/este-es-el-calendario-de-motogp-para-la-temporada-2023\/","url":"https:\/\/www.boxrepsol.com\/es\/motogp\/este-es-el-calendario-de-motogp-para-la-temporada-2023\/","name":"Este es el calendario de MotoGP para la temporada 2023 - Box Repsol","isPartOf":{"@id":"https:\/\/www.boxrepsol.com\/es\/#website"},"primaryImageOfPage":{"@id":"https:\/\/www.boxrepsol.com\/es\/motogp\/este-es-el-calendario-de-motogp-para-la-temporada-2023\/#primaryimage"},"image":{"@id":"https:\/\/www.boxrepsol.com\/es\/motogp\/este-es-el-calendario-de-motogp-para-la-temporada-2023\/#primaryimage"},"thumbnailUrl":"https:\/\/bxrepsol.s3.eu-west-1.amazonaws.com\/static\/2022\/09\/19083617\/JRB8834.jpg","datePublished":"2022-09-30T02:00:00+00:00","dateModified":"2024-04-08T11:03:12+00:00","description":"Este es el calendario de MotoGP para la temporada 2023: Planifica tus carreras con las fechas y lugares de las competiciones de MotoGP.","breadcrumb":{"@id":"https:\/\/www.boxrepsol.com\/es\/motogp\/este-es-el-calendario-de-motogp-para-la-temporada-2023\/#breadcrumb"},"inLanguage":"es","potentialAction":[{"@type":"ReadAction","target":["https:\/\/www.boxrepsol.com\/es\/motogp\/este-es-el-calendario-de-motogp-para-la-temporada-2023\/"]}]},{"@type":"ImageObject","inLanguage":"es","@id":"https:\/\/www.boxrepsol.com\/es\/motogp\/este-es-el-calendario-de-motogp-para-la-temporada-2023\/#primaryimage","url":"https:\/\/bxrepsol.s3.eu-west-1.amazonaws.com\/static\/2022\/09\/19083617\/JRB8834.jpg","contentUrl":"https:\/\/bxrepsol.s3.eu-west-1.amazonaws.com\/static\/2022\/09\/19083617\/JRB8834.jpg","width":1320,"height":619},{"@type":"BreadcrumbList","@id":"https:\/\/www.boxrepsol.com\/es\/motogp\/este-es-el-calendario-de-motogp-para-la-temporada-2023\/#breadcrumb","itemListElement":[{"@type":"ListItem","position":1,"name":"Home","item":"https:\/\/www.boxrepsol.com\/es\/"},{"@type":"ListItem","position":2,"name":"Este es el calendario de MotoGP para la temporada 2023"}]},{"@type":"WebSite","@id":"https:\/\/www.boxrepsol.com\/es\/#website","url":"https:\/\/www.boxrepsol.com\/es\/","name":"Box Repsol","description":"Box Repsol Site","publisher":{"@id":"https:\/\/www.boxrepsol.com\/es\/#organization"},"potentialAction":[{"@type":"SearchAction","target":{"@type":"EntryPoint","urlTemplate":"https:\/\/www.boxrepsol.com\/es\/?s={search_term_string}"},"query-input":{"@type":"PropertyValueSpecification","valueRequired":true,"valueName":"search_term_string"}}],"inLanguage":"es"},{"@type":"Organization","@id":"https:\/\/www.boxrepsol.com\/es\/#organization","name":"Box Repsol","url":"https:\/\/www.boxrepsol.com\/es\/","logo":{"@type":"ImageObject","inLanguage":"es","@id":"https:\/\/www.boxrepsol.com\/es\/#\/schema\/logo\/image\/","url":"https:\/\/bxrepsol.s3.eu-west-1.amazonaws.com\/static\/2025\/07\/30083337\/favicon-96x96-1.png","contentUrl":"https:\/\/bxrepsol.s3.eu-west-1.amazonaws.com\/static\/2025\/07\/30083337\/favicon-96x96-1.png","width":96,"height":96,"caption":"Box Repsol"},"image":{"@id":"https:\/\/www.boxrepsol.com\/es\/#\/schema\/logo\/image\/"},"sameAs":["https:\/\/www.facebook.com\/BoxRepsol","https:\/\/x.com\/box_repsol","http:\/\/instagram.com\/box_repsol","https:\/\/www.youtube.com\/user\/RepsolCompeticion","https:\/\/www.flickr.com\/photos\/box_repsol\/"]},{"@type":"Person","@id":"https:\/\/www.boxrepsol.com\/es\/#\/schema\/person\/c5c2138f2cca251b0ad92b7086bb60b7","name":"Redacci\u00f3n Box Repsol","image":{"@type":"ImageObject","inLanguage":"es","@id":"https:\/\/secure.gravatar.com\/avatar\/adf7b77e38b4419baf32c7e9c21dde01f4e40df611f0978e3006fc4ba0aaab7e?s=96&d=mm&r=g","url":"https:\/\/secure.gravatar.com\/avatar\/adf7b77e38b4419baf32c7e9c21dde01f4e40df611f0978e3006fc4ba0aaab7e?s=96&d=mm&r=g","contentUrl":"https:\/\/secure.gravatar.com\/avatar\/adf7b77e38b4419baf32c7e9c21dde01f4e40df611f0978e3006fc4ba0aaab7e?s=96&d=mm&r=g","caption":"Redacci\u00f3n Box Repsol"},"description":"Box Repsol lo forma un equipo de periodistas, community managers, dise\u00f1adores y fot\u00f3grafos con m\u00e1s de 20 a\u00f1os de experiencia en el mundo del motorsport. Hemos vivido el primer mundial de un espa\u00f1ol en la categor\u00eda reina de motociclismo con \u00c1lex Crivill\u00e9, estuvimos en las victorias de Pedrosa y los t\u00edtulos de M\u00e1rquez, acompa\u00f1amos en \u00c1frica a Nani Roma y Marc Coma en sus conquistas del Dakar y hemos vibrado con los t\u00edtulos de Toni Bou en Trial. Adem\u00e1s, en nuestro equipo contamos con expertos en el mundo de las dos y cuatro ruedas tanto de la calle y las carreteras, como de los circuitos. Periodistas que han trabajado en revistas y publicaciones para hacerte llegar desde rutas y consejos de mantenimiento, a curiosidades y trucos de pilotaje.","sameAs":["https:\/\/www.facebook.com\/BoxRepsol\/","https:\/\/www.instagram.com\/box_repsol\/","https:\/\/x.com\/https:\/\/twitter.com\/box_repsol","https:\/\/www.youtube.com\/@Boxrepsol"],"url":"https:\/\/www.boxrepsol.com\/es\/author\/redaccion-box-repsol\/"}]}},"_links":{"self":[{"href":"https:\/\/www.boxrepsol.com\/es\/wp-json\/wp\/v2\/posts\/95532","targetHints":{"allow":["GET"]}}],"collection":[{"href":"https:\/\/www.boxrepsol.com\/es\/wp-json\/wp\/v2\/posts"}],"about":[{"href":"https:\/\/www.boxrepsol.com\/es\/wp-json\/wp\/v2\/types\/post"}],"author":[{"embeddable":true,"href":"https:\/\/www.boxrepsol.com\/es\/wp-json\/wp\/v2\/users\/43146"}],"replies":[{"embeddable":true,"href":"https:\/\/www.boxrepsol.com\/es\/wp-json\/wp\/v2\/comments?post=95532"}],"version-history":[{"count":3,"href":"https:\/\/www.boxrepsol.com\/es\/wp-json\/wp\/v2\/posts\/95532\/revisions"}],"predecessor-version":[{"id":107403,"href":"https:\/\/www.boxrepsol.com\/es\/wp-json\/wp\/v2\/posts\/95532\/revisions\/107403"}],"wp:featuredmedia":[{"embeddable":true,"href":"https:\/\/www.boxrepsol.com\/es\/wp-json\/wp\/v2\/media\/101709"}],"wp:attachment":[{"href":"https:\/\/www.boxrepsol.com\/es\/wp-json\/wp\/v2\/media?parent=95532"}],"wp:term":[{"taxonomy":"category","embeddable":true,"href":"https:\/\/www.boxrepsol.com\/es\/wp-json\/wp\/v2\/categories?post=95532"},{"taxonomy":"post_tag","embeddable":true,"href":"https:\/\/www.boxrepsol.com\/es\/wp-json\/wp\/v2\/tags?post=95532"}],"curies":[{"name":"wp","href":"https:\/\/api.w.org\/{rel}","templated":true}]}}