{"id":95528,"date":"2022-09-29T00:00:00","date_gmt":"2022-09-29T02:00:00","guid":{"rendered":"http:\/\/pre.boxrepsol.com\/sin-categorizar\/como-llevar-tu-equipaje-en-moto\/"},"modified":"2025-06-27T07:18:33","modified_gmt":"2025-06-27T09:18:33","slug":"como-llevar-tu-equipaje-en-moto","status":"publish","type":"post","link":"https:\/\/www.boxrepsol.com\/es\/vive-tu-moto\/como-llevar-tu-equipaje-en-moto\/","title":{"rendered":"\u00bfC\u00f3mo cargar una moto?: Trucos y consejos"},"content":{"rendered":"\n<p>\u00bfEst\u00e1s pensando en hacer un largo viaje y <strong>te preocupa no poder cargar tu moto con todas las cosas que necesitas<\/strong>?<\/p>\n\n\n\n<p><strong><div id=\"ez-toc-container\" class=\"ez-toc-v2_0_82_2 counter-hierarchy ez-toc-counter ez-toc-grey ez-toc-container-direction\">\n<div class=\"ez-toc-title-container\">\n<p class=\"ez-toc-title\" style=\"cursor:inherit\">\u00cdndice<\/p>\n<span class=\"ez-toc-title-toggle\"><a href=\"#\" class=\"ez-toc-pull-right ez-toc-btn ez-toc-btn-xs ez-toc-btn-default ez-toc-toggle\" aria-label=\"Toggle Table of Content\"><span class=\"ez-toc-js-icon-con\"><span class=\"\"><span class=\"eztoc-hide\" style=\"display:none;\">Toggle<\/span><span class=\"ez-toc-icon-toggle-span\"><svg style=\"fill: #999;color:#999\" xmlns=\"http:\/\/www.w3.org\/2000\/svg\" class=\"list-377408\" width=\"20px\" height=\"20px\" viewBox=\"0 0 24 24\" fill=\"none\"><path d=\"M6 6H4v2h2V6zm14 0H8v2h12V6zM4 11h2v2H4v-2zm16 0H8v2h12v-2zM4 16h2v2H4v-2zm16 0H8v2h12v-2z\" fill=\"currentColor\"><\/path><\/svg><svg style=\"fill: #999;color:#999\" class=\"arrow-unsorted-368013\" xmlns=\"http:\/\/www.w3.org\/2000\/svg\" width=\"10px\" height=\"10px\" viewBox=\"0 0 24 24\" version=\"1.2\" baseProfile=\"tiny\"><path d=\"M18.2 9.3l-6.2-6.3-6.2 6.3c-.2.2-.3.4-.3.7s.1.5.3.7c.2.2.4.3.7.3h11c.3 0 .5-.1.7-.3.2-.2.3-.5.3-.7s-.1-.5-.3-.7zM5.8 14.7l6.2 6.3 6.2-6.3c.2-.2.3-.5.3-.7s-.1-.5-.3-.7c-.2-.2-.4-.3-.7-.3h-11c-.3 0-.5.1-.7.3-.2.2-.3.5-.3.7s.1.5.3.7z\"\/><\/svg><\/span><\/span><\/span><\/a><\/span><\/div>\n<nav><ul class='ez-toc-list ez-toc-list-level-1 ' ><li class='ez-toc-page-1 ez-toc-heading-level-2'><a class=\"ez-toc-link ez-toc-heading-1\" href=\"https:\/\/www.boxrepsol.com\/es\/vive-tu-moto\/como-llevar-tu-equipaje-en-moto\/#%C2%BFCual_es_la_carga_maxima_de_tu_moto\" >\u00bfCu\u00e1l es la carga m\u00e1xima de tu moto?<\/a><\/li><li class='ez-toc-page-1 ez-toc-heading-level-2'><a class=\"ez-toc-link ez-toc-heading-2\" href=\"https:\/\/www.boxrepsol.com\/es\/vive-tu-moto\/como-llevar-tu-equipaje-en-moto\/#%C2%BFPuede_sobresalir_la_carga_en_una_moto\" >\u00bfPuede sobresalir la carga en una moto?<\/a><ul class='ez-toc-list-level-3' ><li class='ez-toc-heading-level-3'><a class=\"ez-toc-link ez-toc-heading-3\" href=\"https:\/\/www.boxrepsol.com\/es\/vive-tu-moto\/como-llevar-tu-equipaje-en-moto\/#Medidas\" >Medidas<\/a><\/li><li class='ez-toc-page-1 ez-toc-heading-level-3'><a class=\"ez-toc-link ez-toc-heading-4\" href=\"https:\/\/www.boxrepsol.com\/es\/vive-tu-moto\/como-llevar-tu-equipaje-en-moto\/#%C2%BFSe_puede_llevar_mochila_en_moto\" >\u00bfSe puede llevar mochila en moto?<\/a><\/li><\/ul><\/li><li class='ez-toc-page-1 ez-toc-heading-level-2'><a class=\"ez-toc-link ez-toc-heading-5\" href=\"https:\/\/www.boxrepsol.com\/es\/vive-tu-moto\/como-llevar-tu-equipaje-en-moto\/#Consejos_para_llevar_la_carga_en_moto\" >Consejos para llevar la carga en moto<\/a><\/li><li class='ez-toc-page-1 ez-toc-heading-level-2'><a class=\"ez-toc-link ez-toc-heading-6\" href=\"https:\/\/www.boxrepsol.com\/es\/vive-tu-moto\/como-llevar-tu-equipaje-en-moto\/#Accesorios_para_el_equipaje_de_tu_moto\" >Accesorios para el equipaje de tu moto<\/a><ul class='ez-toc-list-level-3' ><li class='ez-toc-heading-level-3'><a class=\"ez-toc-link ez-toc-heading-7\" href=\"https:\/\/www.boxrepsol.com\/es\/vive-tu-moto\/como-llevar-tu-equipaje-en-moto\/#Maletas_laterales\" >Maletas laterales<\/a><\/li><li class='ez-toc-page-1 ez-toc-heading-level-3'><a class=\"ez-toc-link ez-toc-heading-8\" href=\"https:\/\/www.boxrepsol.com\/es\/vive-tu-moto\/como-llevar-tu-equipaje-en-moto\/#Baul_trasero\" >Ba\u00fal trasero<\/a><\/li><li class='ez-toc-page-1 ez-toc-heading-level-3'><a class=\"ez-toc-link ez-toc-heading-9\" href=\"https:\/\/www.boxrepsol.com\/es\/vive-tu-moto\/como-llevar-tu-equipaje-en-moto\/#Alforjas\" >Alforjas<\/a><\/li><li class='ez-toc-page-1 ez-toc-heading-level-3'><a class=\"ez-toc-link ez-toc-heading-10\" href=\"https:\/\/www.boxrepsol.com\/es\/vive-tu-moto\/como-llevar-tu-equipaje-en-moto\/#Bolsas_sobredeposito\" >Bolsas sobredep\u00f3sito<\/a><\/li><li class='ez-toc-page-1 ez-toc-heading-level-3'><a class=\"ez-toc-link ez-toc-heading-11\" href=\"https:\/\/www.boxrepsol.com\/es\/vive-tu-moto\/como-llevar-tu-equipaje-en-moto\/#Bolsas_de_asiento\" >Bolsas de asiento<\/a><\/li><li class='ez-toc-page-1 ez-toc-heading-level-3'><a class=\"ez-toc-link ez-toc-heading-12\" href=\"https:\/\/www.boxrepsol.com\/es\/vive-tu-moto\/como-llevar-tu-equipaje-en-moto\/#Remolque_para_moto\" >Remolque para moto<\/a><\/li><\/ul><\/li><\/ul><\/nav><\/div>\n<\/strong><\/p>\n\n\n\n<p>En este art\u00edculo vas a ver que, con un poco de sensatez, podr\u00e1s <strong>llevar el equipaje en tu moto<\/strong> que sea imprescindible para el desplazamiento.&nbsp;<\/p>\n\n\n\n<p>Pero recuerda que la moto no es un veh\u00edculo de carga. As\u00ed que si vas a viajar con muchos trastos, mejor que uses un coche o una furgoneta.&nbsp;<\/p>\n\n\n\n<p>Te lo explicamos todo un poco m\u00e1s abajo.<\/p>\n\n\n<figure class=\"wp-block-post-featured-image\"><img loading=\"lazy\" decoding=\"async\" width=\"1280\" height=\"600\" src=\"https:\/\/bxrepsol.s3.eu-west-1.amazonaws.com\/static\/2022\/11\/07080811\/Foto-1-apertura.jpg\" class=\"attachment-post-thumbnail size-post-thumbnail wp-post-image\" alt=\"Moto con accesorios para el equipaje durante un viaje\" style=\"object-fit:cover;\" srcset=\"https:\/\/bxrepsol.s3.eu-west-1.amazonaws.com\/static\/2022\/11\/07080811\/Foto-1-apertura.jpg 1280w, https:\/\/bxrepsol.s3.eu-west-1.amazonaws.com\/static\/2022\/11\/07080811\/Foto-1-apertura-300x141.jpg 300w, https:\/\/bxrepsol.s3.eu-west-1.amazonaws.com\/static\/2022\/11\/07080811\/Foto-1-apertura-1024x480.jpg 1024w, https:\/\/bxrepsol.s3.eu-west-1.amazonaws.com\/static\/2022\/11\/07080811\/Foto-1-apertura-768x360.jpg 768w\" sizes=\"auto, (max-width: 1280px) 100vw, 1280px\" \/><\/figure>\n\n\n<p><\/p>\n\n\n\n<h2 class=\"wp-block-heading\"><span class=\"ez-toc-section\" id=\"%C2%BFCual_es_la_carga_maxima_de_tu_moto\"><\/span><strong><strong>\u00bfCu\u00e1l es la carga m\u00e1xima de tu moto?<\/strong><\/strong><span class=\"ez-toc-section-end\"><\/span><\/h2>\n\n\n\n<p>No existe una norma espec\u00edfica que indique cu\u00e1l es el peso m\u00e1ximo que se puede cargar en una moto.&nbsp;<\/p>\n\n\n\n<p>Pero esto no quiere decir que puedas llevar en tu moto todo lo que te d\u00e9 la gana, ya que si vas demasiado cargado posiblemente pierdas estabilidad.&nbsp;<\/p>\n\n\n\n<p>Adem\u00e1s, que la DGT no establezca una carga m\u00e1xima no implica que haya libertad total para llevar el equipaje en moto que se quiera.&nbsp;<\/p>\n\n\n\n<p>De hecho, la norma indica que <strong>la carga m\u00e1xima que se puede llevar en una moto viene reflejada en la ficha t\u00e9cnica de la misma<\/strong>.&nbsp;<\/p>\n\n\n\n<p>Pero no cantes victoria tan r\u00e1pido, porque la cifra no es tan clara. En la documentaci\u00f3n t\u00e9cnica lo que <strong>viene indicado es el peso m\u00e1ximo autorizado<\/strong>. Un dato que incluye el peso de la moto y la carga que puede llevarse en ella.&nbsp;<\/p>\n\n\n\n<p>Entonces lo que tienes que hacer es fijarte en <strong>la cifra que figura en la ficha t\u00e9cnica y restarle tanto tu peso como el de tu acompa\u00f1ante<\/strong> (si viajas con alguien). Adem\u00e1s, tambi\u00e9n hay que quitar la tara o el peso en orden de marcha.&nbsp;<\/p>\n\n\n\n<p>El n\u00famero que obtengas ser\u00e1 el peso m\u00e1ximo que puedes llevar en tu moto.&nbsp;<\/p>\n\n\n\n<p>Vamos a ponerte un ejemplo real para que lo entiendas mejor: si en la documentaci\u00f3n t\u00e9cnica figura un peso m\u00e1ximo autorizado de 380 kilogramos, hay que restar la tara de tu moto (180 kilogramos) y tu peso (pongamos 80 kilogramos).&nbsp;<\/p>\n\n\n\n<p>Esto quiere decir que <strong>puedes viajar con 120 kilogramos de carga en tu moto<\/strong>. Pero recuerda que si vas con un amigo que pesa 100 kilogramos, solo podr\u00e1s llevar un equipaje en moto de menos de 20 kilogramos.&nbsp;<\/p>\n\n\n\n<figure class=\"wp-block-image\"><img decoding=\"async\" src=\"https:\/\/bxrepsol.s3.eu-west-1.amazonaws.com\/static\/2022\/11\/07080734\/Foto-25.jpg\" alt=\"Pilotos de viaje en una moto con maletas laterales\"\/><\/figure>\n\n\n\n<h2 class=\"wp-block-heading\"><span class=\"ez-toc-section\" id=\"%C2%BFPuede_sobresalir_la_carga_en_una_moto\"><\/span><strong>\u00bfPuede sobresalir la carga en una moto?<\/strong><span class=\"ez-toc-section-end\"><\/span><\/h2>\n\n\n\n<p>Una duda habitual es <strong>cu\u00e1nto puede sobresalir la carga en una moto y si en una motocicleta puede sobresalir la carga por el lateral<\/strong>.&nbsp;<\/p>\n\n\n\n<p>Vamos a responder a ambas dudas de la manera m\u00e1s detallada posible.<\/p>\n\n\n\n<h3 class=\"wp-block-heading\"><span class=\"ez-toc-section\" id=\"Medidas\"><\/span><strong>Medidas<\/strong><span class=\"ez-toc-section-end\"><\/span><\/h3>\n\n\n\n<p>Aunque s\u00ed que es posible viajar en moto con una carga que sobresalga, hay que tener en cuenta m\u00faltiples limitaciones.&nbsp;<\/p>\n\n\n\n<p>No hace falta que te recordemos que <strong>una carga que sobresalga excesivamente puede suponer graves riesgos para la estabilidad<\/strong>. Por eso es normal que se pongan bastantes l\u00edmites:<\/p>\n\n\n\n<ul class=\"wp-block-list\">\n<li><strong>La carga sobresale por los laterales<\/strong>: en este caso, seg\u00fan el reglamento, los veh\u00edculos menores de un metro de anchura \u2014como las motos\u2014 no pueden llevar cargas que sobresalgan por los laterales m\u00e1s de 50 cent\u00edmetros a cada lado (contando desde el eje longitudinal).&nbsp;<\/li>\n\n\n\n<li><strong>La carga sobresale por delante o por detr\u00e1s<\/strong>: por delante la carga en moto no puede sobresalir nada en absoluto. En cambio, por detr\u00e1s la regla da un margen de 25 cent\u00edmetros.&nbsp;<\/li>\n<\/ul>\n\n\n\n<h3 class=\"wp-block-heading\"><span class=\"ez-toc-section\" id=\"%C2%BFSe_puede_llevar_mochila_en_moto\"><\/span><strong>\u00bfSe puede llevar mochila en moto?<\/strong><span class=\"ez-toc-section-end\"><\/span><\/h3>\n\n\n\n<p>Otra pregunta bastante frecuente tiene relaci\u00f3n con el equipaje en moto, ya que muchos moteros se preguntan si pueden llevar mochila en moto.&nbsp;<\/p>\n\n\n\n<p><strong>La respuesta es que s\u00ed, pero con matices<\/strong>.&nbsp;<\/p>\n\n\n\n<p>Aunque s\u00ed que puedes circular con una mochila a la espalda, si esta tiene mucho peso tal vez no sea la mejor idea. Recuerda que tu estabilidad se puede ver comprometida si no llevas el peso bien equilibrado.&nbsp;<\/p>\n\n\n\n<p>Estos son los principales riesgos de llevar una mochila en moto (sobre todo si esta es muy pesada o va muy cargada):&nbsp;<\/p>\n\n\n\n<ul class=\"wp-block-list\">\n<li><strong>Lesiones en la espalda<\/strong>: en caso de accidente, una mochila muy pesada puede provocar que el motorista caiga hacia atr\u00e1s, con lo que este dispositivo ser\u00eda el primero en golpear contra el suelo. Para a continuaci\u00f3n provocar un arqueamiento de la espalda que puede provocar lesiones m\u00e1s graves.&nbsp;<\/li>\n\n\n\n<li><strong>Lesiones en cuello y cabeza<\/strong>: las mochilas r\u00edgidas pueden provocar un latigazo cervical en el motorista en caso de ca\u00edda y choque contra esta. Algo que no se producir\u00eda si el motorista no llevase mochila.&nbsp;<\/li>\n<\/ul>\n\n\n\n<h2 class=\"wp-block-heading\"><span class=\"ez-toc-section\" id=\"Consejos_para_llevar_la_carga_en_moto\"><\/span><strong>Consejos para llevar la carga en moto<\/strong><span class=\"ez-toc-section-end\"><\/span><\/h2>\n\n\n\n<p>Ahora que ya sabes que s\u00ed que es posible llevar equipaje en moto conviene que hagas caso de estos consejos.&nbsp;<\/p>\n\n\n\n<p>No solo porque <strong>tu propia seguridad depende de ello<\/strong>, sino tambi\u00e9n porque viajar\u00e1s m\u00e1s c\u00f3modo y disfrutar\u00e1s m\u00e1s de tu moto si haces caso de nuestras indicaciones.&nbsp;<\/p>\n\n\n\n<p>As\u00ed que vamos a ver los detalles m\u00e1s importantes para llevar carga en moto:&nbsp;<\/p>\n\n\n\n<ul class=\"wp-block-list\">\n<li><strong>Presta atenci\u00f3n al resto de veh\u00edculos con los que te vas encontrando<\/strong>: aunque no tienes que indicar con balizas o se\u00f1ales la carga que sobresale de la motocicleta, s\u00ed que es conveniente que compruebes que puedes circular sin problemas. Eso sucede sobre todo cuando te muevas entre dos coches o cuando circules por zonas estrechas.&nbsp;<\/li>\n\n\n\n<li><strong>Sujeta la carga correctamente<\/strong>: no querr\u00e1s que la carga de tu moto salga disparada en la primera curva, \u00bfverdad? Pues para eso debes sujetarla convenientemente. Adem\u00e1s, cuando una carga sobresalga, es mejor colocarla horizontalmente.<\/li>\n\n\n\n<li><strong>Aprovecha los huecos<\/strong>: si es posible colocar un objeto en el hueco existente bajo el asiento, aprov\u00e9chalo. Es mejor llevar la carga en tu moto dentro de ese cofre que hacerlo exteriormente.<\/li>\n\n\n\n<li><strong>No lleves cargas demasiado grandes<\/strong>: aunque las motos tengan un peso m\u00e1ximo permitido, para llevar cargas grandes es mucho mejor usar un coche o una furgoneta que una motocicleta.&nbsp;<\/li>\n\n\n\n<li><strong>Utiliza accesorios espec\u00edficos para motocicletas<\/strong>: como ba\u00fales, alforjas o maletas para moto. En el siguiente ep\u00edgrafe vamos a profundizar en este tema, para que sepas qu\u00e9 accesorios son los m\u00e1s adecuados.&nbsp;<\/li>\n<\/ul>\n\n\n\n<h2 class=\"wp-block-heading\"><span class=\"ez-toc-section\" id=\"Accesorios_para_el_equipaje_de_tu_moto\"><\/span><strong>Accesorios para el equipaje de tu moto<\/strong><span class=\"ez-toc-section-end\"><\/span><\/h2>\n\n\n\n<p>Imagina que vas a hacer la <a href=\"https:\/\/www.boxrepsol.com\/es\/cultura-motera\/viajar-al-cabo-norte-moto\/\">ruta del cabo Norte<\/a> o que quieres <a href=\"https:\/\/www.boxrepsol.com\/es\/cultura-motera\/el-camino-de-santiago-en-moto\/\">recorrer el Camino de Santiago en moto<\/a>. En esos casos, necesitas llevar equipaje en tu moto, ya que vas a pasar varios d\u00edas \u2014o semanas\u2014 fuera de casa.&nbsp;<\/p>\n\n\n\n<p>En esta \u00faltima parte del art\u00edculo <strong>te vamos a mostrar cu\u00e1les son los mejores accesorios para el equipaje de tu moto<\/strong>.<\/p>\n\n\n\n<figure class=\"wp-block-image\"><img decoding=\"async\" src=\"https:\/\/bxrepsol.s3.eu-west-1.amazonaws.com\/static\/2022\/11\/07080738\/Foto-44.jpg\" alt=\"Moto con ba\u00fal trasero y maletas laterales\"\/><\/figure>\n\n\n\n<h3 class=\"wp-block-heading\"><span class=\"ez-toc-section\" id=\"Maletas_laterales\"><\/span><strong>Maletas laterales<\/strong><span class=\"ez-toc-section-end\"><\/span><\/h3>\n\n\n\n<p>Las m\u00e1s habituales y funcionales son las maletas laterales para moto.&nbsp;<\/p>\n\n\n\n<p>De hecho, algunas motos de tipo Gran Turismo las incorporan ya de serie. Aunque lo m\u00e1s habitual es que tengas que adquirirlas aparte.&nbsp;<\/p>\n\n\n\n<p>En el mercado existen muchos tipos de maletas laterales. Las hay de aluminio, con formas rectangulares o de materiales pl\u00e1sticos y formas m\u00e1s redondeadas y aerodin\u00e1micas.&nbsp;<strong>Si vas a utilizar maletas, recuerda repartir bien el peso entre ambas<\/strong>, para que puedas mantener el equilibrio sin problemas.<\/p>\n\n\n\n<p><\/p>\n\n\n\n<h3 class=\"wp-block-heading\"><span class=\"ez-toc-section\" id=\"Baul_trasero\"><\/span><strong>Ba\u00fal trasero<\/strong><span class=\"ez-toc-section-end\"><\/span><\/h3>\n\n\n\n<p>Si eres de los que siempre llevas a un acompa\u00f1ante \u00abde paquete\u00bb tendr\u00e1s que a\u00f1adir un ba\u00fal trasero o <em>top case<\/em>.&nbsp;<\/p>\n\n\n\n<p>Gracias a eso, <strong>la capacidad de carga de tu moto aumentar\u00e1 considerablemente<\/strong>.&nbsp;<\/p>\n\n\n\n<p>Adem\u00e1s, este accesorio puede ser muy c\u00f3modo para tu acompa\u00f1ante, ya que en su parte delantera es posible colocar un respaldo para apoyar la espalda.<\/p>\n\n\n\n<p>El ba\u00fal tambi\u00e9n es muy pr\u00e1ctico en ciudad porque no sobresale casi nada lateralmente, lo cual es muy pr\u00e1ctico para maniobrar mejor en espacios peque\u00f1os y al circular entre coches.&nbsp;<\/p>\n\n\n\n<figure class=\"wp-block-image\"><img decoding=\"async\" src=\"https:\/\/bxrepsol.s3.eu-west-1.amazonaws.com\/static\/2022\/11\/07080743\/Foto-72.jpg\" alt=\"Maletas laterales de una moto\"\/><\/figure>\n\n\n\n<h3 class=\"wp-block-heading\"><span class=\"ez-toc-section\" id=\"Alforjas\"><\/span><strong>Alforjas<\/strong><span class=\"ez-toc-section-end\"><\/span><\/h3>\n\n\n\n<p>Las alforjas hacen una funci\u00f3n similar a las maletas laterales, pero su capacidad suele ser inferior.&nbsp;<\/p>\n\n\n\n<p>Se trata de una <strong>soluci\u00f3n m\u00e1s econ\u00f3mica y menos pesada que las maletas<\/strong>.&nbsp;<\/p>\n\n\n\n<p>Pero recuerda siempre tener cuidado para que no se quemen con el sistema de escape, sobre todo si este es de salida central o elevada.&nbsp;<\/p>\n\n\n\n<figure class=\"wp-block-image\"><img decoding=\"async\" src=\"https:\/\/bxrepsol.s3.eu-west-1.amazonaws.com\/static\/2022\/11\/07080745\/Foto-8.png\" alt=\"Moto con una bolsa sobredep\u00f3sito honda\"\/><\/figure>\n\n\n\n<h3 class=\"wp-block-heading\"><span class=\"ez-toc-section\" id=\"Bolsas_sobredeposito\"><\/span><strong>Bolsas sobredep\u00f3sito<\/strong><span class=\"ez-toc-section-end\"><\/span><\/h3>\n\n\n\n<p>Estamos ante un equipaje para moto que <strong>se coloca encima del dep\u00f3sito, pero sin quitarle visibilidad al piloto<\/strong>.&nbsp;<\/p>\n\n\n\n<p>Son especialmente indicadas para motos de turismo o <em>trail<\/em>, ya que la postura de pilotaje es m\u00e1s erguida.&nbsp;Aunque no son muy grandes, s\u00ed que sirven para guardar objetos peque\u00f1os como el m\u00f3vil, una <em>tablet<\/em> o una agenda de trabajo.<\/p>\n\n\n\n<figure class=\"wp-block-image\"><img decoding=\"async\" src=\"https:\/\/bxrepsol.s3.eu-west-1.amazonaws.com\/static\/2022\/11\/07080802\/Foto-9.png\" alt=\"Bolsa de sobreasiento para moto\"\/><\/figure>\n\n\n\n<h3 class=\"wp-block-heading\"><span class=\"ez-toc-section\" id=\"Bolsas_de_asiento\"><\/span><strong>Bolsas de asiento<\/strong><span class=\"ez-toc-section-end\"><\/span><\/h3>\n\n\n\n<p>Son similares a las bolsas sobredep\u00f3sito y <strong>se colocan en la parte del asiento destinada al pasajero<\/strong>.&nbsp;<\/p>\n\n\n\n<p>Esto quiere decir que solo puedes usar una bolsa de asiento cuando viajes solo en tu moto.&nbsp;<\/p>\n\n\n\n<p>Lo mejor es que no interfieren para nada en la conducci\u00f3n, adem\u00e1s de ser bastante econ\u00f3micas.<\/p>\n\n\n\n<figure class=\"wp-block-image is-resized\"><img decoding=\"async\" src=\"https:\/\/bxrepsol.s3.eu-west-1.amazonaws.com\/static\/2022\/11\/07080809\/Foto-14.jpg\" alt=\"Moto con remolque para el equipaje\" style=\"width:858px;height:472px\"\/><\/figure>\n\n\n\n<h3 class=\"wp-block-heading\"><span class=\"ez-toc-section\" id=\"Remolque_para_moto\"><\/span><strong>Remolque para moto<\/strong><span class=\"ez-toc-section-end\"><\/span><\/h3>\n\n\n\n<p>La opci\u00f3n m\u00e1s ambiciosa y menos habitual es la del <a href=\"https:\/\/www.boxrepsol.com\/es\/cultura-motera\/llevar-remolque-moto-lo-que-debes-saber\/\">remolque para moto<\/a>.&nbsp;<\/p>\n\n\n\n<p>Lo bueno es que <strong>su capacidad de carga es muy alta<\/strong>. Mucho m\u00e1s que el resto de equipajes de moto que hemos visto.&nbsp;<\/p>\n\n\n\n<p>La norma se\u00f1ala que estos remolques son legales siempre que no excedan del 50% de la masa en vac\u00edo del veh\u00edculo tractor.&nbsp;&nbsp;<\/p>\n\n\n\n<p><\/p>\n","protected":false},"excerpt":{"rendered":"<p>Consejos para colocar el equipaje y otros objetos en una moto sin perderlos y sin poner en riesgo a uno mismo y a los dem\u00e1s, y sin ser multados.<\/p>\n","protected":false},"author":43146,"featured_media":75464,"comment_status":"open","ping_status":"open","sticky":false,"template":"","format":"standard","meta":{"footnotes":""},"categories":[122],"tags":[585,131],"class_list":["post-95528","post","type-post","status-publish","format-standard","hentry","category-vive-tu-moto","tag-conduccion","tag-equipacion-y-accesorios-moto"],"yoast_head":"<!-- This site is optimized with the Yoast SEO plugin v27.3 - https:\/\/yoast.com\/product\/yoast-seo-wordpress\/ -->\n<title>\u00bfC\u00f3mo cargar una moto?: Trucos y consejos - Box Repsol<\/title>\n<meta name=\"description\" content=\"\u00bfVas a realizar alg\u00fan viaje y no sabes c\u00f3mo llevar tu equipaje en la moto? Aqu\u00ed descubrir\u00e1s cu\u00e1les son los mejores accesorios para equipaje.\" \/>\n<link rel=\"canonical\" href=\"https:\/\/www.boxrepsol.com\/es\/vive-tu-moto\/como-llevar-tu-equipaje-en-moto\/\" \/>\n<meta property=\"og:locale\" content=\"es_ES\" \/>\n<meta property=\"og:type\" content=\"article\" \/>\n<meta property=\"og:title\" content=\"\u00bfC\u00f3mo cargar una moto?: Trucos y consejos - Box Repsol\" \/>\n<meta property=\"og:description\" content=\"\u00bfVas a realizar alg\u00fan viaje y no sabes c\u00f3mo llevar tu equipaje en la moto? Aqu\u00ed descubrir\u00e1s cu\u00e1les son los mejores accesorios para equipaje.\" \/>\n<meta property=\"og:url\" content=\"https:\/\/www.boxrepsol.com\/es\/vive-tu-moto\/como-llevar-tu-equipaje-en-moto\/\" \/>\n<meta property=\"og:site_name\" content=\"Box Repsol\" \/>\n<meta property=\"article:publisher\" content=\"https:\/\/www.facebook.com\/BoxRepsol\" \/>\n<meta property=\"article:author\" content=\"https:\/\/www.facebook.com\/BoxRepsol\/\" \/>\n<meta property=\"article:published_time\" content=\"2022-09-29T02:00:00+00:00\" \/>\n<meta property=\"article:modified_time\" content=\"2025-06-27T09:18:33+00:00\" \/>\n<meta property=\"og:image\" content=\"https:\/\/bxrepsol.s3.eu-west-1.amazonaws.com\/static\/2022\/11\/07080811\/Foto-1-apertura.jpg\" \/>\n\t<meta property=\"og:image:width\" content=\"1280\" \/>\n\t<meta property=\"og:image:height\" content=\"600\" \/>\n\t<meta property=\"og:image:type\" content=\"image\/jpeg\" \/>\n<meta name=\"author\" content=\"Redacci\u00f3n Box Repsol\" \/>\n<meta name=\"twitter:card\" content=\"summary_large_image\" \/>\n<meta name=\"twitter:creator\" content=\"@https:\/\/twitter.com\/box_repsol\" \/>\n<meta name=\"twitter:site\" content=\"@box_repsol\" \/>\n<meta name=\"twitter:label1\" content=\"Written by\" \/>\n\t<meta name=\"twitter:data1\" content=\"Redacci\u00f3n Box Repsol\" \/>\n\t<meta name=\"twitter:label2\" content=\"Est. reading time\" \/>\n\t<meta name=\"twitter:data2\" content=\"8 minutos\" \/>\n<script type=\"application\/ld+json\" class=\"yoast-schema-graph\">{\"@context\":\"https:\\\/\\\/schema.org\",\"@graph\":[{\"@type\":\"Article\",\"@id\":\"https:\\\/\\\/www.boxrepsol.com\\\/es\\\/vive-tu-moto\\\/como-llevar-tu-equipaje-en-moto\\\/#article\",\"isPartOf\":{\"@id\":\"https:\\\/\\\/www.boxrepsol.com\\\/es\\\/vive-tu-moto\\\/como-llevar-tu-equipaje-en-moto\\\/\"},\"author\":{\"name\":\"Redacci\u00f3n Box Repsol\",\"@id\":\"https:\\\/\\\/www.boxrepsol.com\\\/es\\\/#\\\/schema\\\/person\\\/c5c2138f2cca251b0ad92b7086bb60b7\"},\"headline\":\"\u00bfC\u00f3mo cargar una moto?: Trucos y consejos\",\"datePublished\":\"2022-09-29T02:00:00+00:00\",\"dateModified\":\"2025-06-27T09:18:33+00:00\",\"mainEntityOfPage\":{\"@id\":\"https:\\\/\\\/www.boxrepsol.com\\\/es\\\/vive-tu-moto\\\/como-llevar-tu-equipaje-en-moto\\\/\"},\"wordCount\":1582,\"commentCount\":1,\"publisher\":{\"@id\":\"https:\\\/\\\/www.boxrepsol.com\\\/es\\\/#organization\"},\"image\":{\"@id\":\"https:\\\/\\\/www.boxrepsol.com\\\/es\\\/vive-tu-moto\\\/como-llevar-tu-equipaje-en-moto\\\/#primaryimage\"},\"thumbnailUrl\":\"https:\\\/\\\/bxrepsol.s3.eu-west-1.amazonaws.com\\\/static\\\/2022\\\/11\\\/07080811\\\/Foto-1-apertura.jpg\",\"keywords\":[\"conducci\u00f3n\",\"equipaci\u00f3n y accesorios moto\"],\"articleSection\":[\"Vive tu moto\"],\"inLanguage\":\"es\",\"potentialAction\":[{\"@type\":\"CommentAction\",\"name\":\"Comment\",\"target\":[\"https:\\\/\\\/www.boxrepsol.com\\\/es\\\/vive-tu-moto\\\/como-llevar-tu-equipaje-en-moto\\\/#respond\"]}]},{\"@type\":\"WebPage\",\"@id\":\"https:\\\/\\\/www.boxrepsol.com\\\/es\\\/vive-tu-moto\\\/como-llevar-tu-equipaje-en-moto\\\/\",\"url\":\"https:\\\/\\\/www.boxrepsol.com\\\/es\\\/vive-tu-moto\\\/como-llevar-tu-equipaje-en-moto\\\/\",\"name\":\"\u00bfC\u00f3mo cargar una moto?: Trucos y consejos - Box Repsol\",\"isPartOf\":{\"@id\":\"https:\\\/\\\/www.boxrepsol.com\\\/es\\\/#website\"},\"primaryImageOfPage\":{\"@id\":\"https:\\\/\\\/www.boxrepsol.com\\\/es\\\/vive-tu-moto\\\/como-llevar-tu-equipaje-en-moto\\\/#primaryimage\"},\"image\":{\"@id\":\"https:\\\/\\\/www.boxrepsol.com\\\/es\\\/vive-tu-moto\\\/como-llevar-tu-equipaje-en-moto\\\/#primaryimage\"},\"thumbnailUrl\":\"https:\\\/\\\/bxrepsol.s3.eu-west-1.amazonaws.com\\\/static\\\/2022\\\/11\\\/07080811\\\/Foto-1-apertura.jpg\",\"datePublished\":\"2022-09-29T02:00:00+00:00\",\"dateModified\":\"2025-06-27T09:18:33+00:00\",\"description\":\"\u00bfVas a realizar alg\u00fan viaje y no sabes c\u00f3mo llevar tu equipaje en la moto? Aqu\u00ed descubrir\u00e1s cu\u00e1les son los mejores accesorios para equipaje.\",\"breadcrumb\":{\"@id\":\"https:\\\/\\\/www.boxrepsol.com\\\/es\\\/vive-tu-moto\\\/como-llevar-tu-equipaje-en-moto\\\/#breadcrumb\"},\"inLanguage\":\"es\",\"potentialAction\":[{\"@type\":\"ReadAction\",\"target\":[\"https:\\\/\\\/www.boxrepsol.com\\\/es\\\/vive-tu-moto\\\/como-llevar-tu-equipaje-en-moto\\\/\"]}]},{\"@type\":\"ImageObject\",\"inLanguage\":\"es\",\"@id\":\"https:\\\/\\\/www.boxrepsol.com\\\/es\\\/vive-tu-moto\\\/como-llevar-tu-equipaje-en-moto\\\/#primaryimage\",\"url\":\"https:\\\/\\\/bxrepsol.s3.eu-west-1.amazonaws.com\\\/static\\\/2022\\\/11\\\/07080811\\\/Foto-1-apertura.jpg\",\"contentUrl\":\"https:\\\/\\\/bxrepsol.s3.eu-west-1.amazonaws.com\\\/static\\\/2022\\\/11\\\/07080811\\\/Foto-1-apertura.jpg\",\"width\":1280,\"height\":600,\"caption\":\"2022 HONDA NT1100\"},{\"@type\":\"BreadcrumbList\",\"@id\":\"https:\\\/\\\/www.boxrepsol.com\\\/es\\\/vive-tu-moto\\\/como-llevar-tu-equipaje-en-moto\\\/#breadcrumb\",\"itemListElement\":[{\"@type\":\"ListItem\",\"position\":1,\"name\":\"Home\",\"item\":\"https:\\\/\\\/www.boxrepsol.com\\\/es\\\/\"},{\"@type\":\"ListItem\",\"position\":2,\"name\":\"\u00bfC\u00f3mo cargar una moto?: Trucos y consejos\"}]},{\"@type\":\"WebSite\",\"@id\":\"https:\\\/\\\/www.boxrepsol.com\\\/es\\\/#website\",\"url\":\"https:\\\/\\\/www.boxrepsol.com\\\/es\\\/\",\"name\":\"Box Repsol\",\"description\":\"Box Repsol Site\",\"publisher\":{\"@id\":\"https:\\\/\\\/www.boxrepsol.com\\\/es\\\/#organization\"},\"potentialAction\":[{\"@type\":\"SearchAction\",\"target\":{\"@type\":\"EntryPoint\",\"urlTemplate\":\"https:\\\/\\\/www.boxrepsol.com\\\/es\\\/?s={search_term_string}\"},\"query-input\":{\"@type\":\"PropertyValueSpecification\",\"valueRequired\":true,\"valueName\":\"search_term_string\"}}],\"inLanguage\":\"es\"},{\"@type\":\"Organization\",\"@id\":\"https:\\\/\\\/www.boxrepsol.com\\\/es\\\/#organization\",\"name\":\"Box Repsol\",\"url\":\"https:\\\/\\\/www.boxrepsol.com\\\/es\\\/\",\"logo\":{\"@type\":\"ImageObject\",\"inLanguage\":\"es\",\"@id\":\"https:\\\/\\\/www.boxrepsol.com\\\/es\\\/#\\\/schema\\\/logo\\\/image\\\/\",\"url\":\"https:\\\/\\\/bxrepsol.s3.eu-west-1.amazonaws.com\\\/static\\\/2025\\\/07\\\/30083337\\\/favicon-96x96-1.png\",\"contentUrl\":\"https:\\\/\\\/bxrepsol.s3.eu-west-1.amazonaws.com\\\/static\\\/2025\\\/07\\\/30083337\\\/favicon-96x96-1.png\",\"width\":96,\"height\":96,\"caption\":\"Box Repsol\"},\"image\":{\"@id\":\"https:\\\/\\\/www.boxrepsol.com\\\/es\\\/#\\\/schema\\\/logo\\\/image\\\/\"},\"sameAs\":[\"https:\\\/\\\/www.facebook.com\\\/BoxRepsol\",\"https:\\\/\\\/x.com\\\/box_repsol\",\"http:\\\/\\\/instagram.com\\\/box_repsol\",\"https:\\\/\\\/www.youtube.com\\\/user\\\/RepsolCompeticion\",\"https:\\\/\\\/www.flickr.com\\\/photos\\\/box_repsol\\\/\"]},{\"@type\":\"Person\",\"@id\":\"https:\\\/\\\/www.boxrepsol.com\\\/es\\\/#\\\/schema\\\/person\\\/c5c2138f2cca251b0ad92b7086bb60b7\",\"name\":\"Redacci\u00f3n Box Repsol\",\"image\":{\"@type\":\"ImageObject\",\"inLanguage\":\"es\",\"@id\":\"https:\\\/\\\/secure.gravatar.com\\\/avatar\\\/adf7b77e38b4419baf32c7e9c21dde01f4e40df611f0978e3006fc4ba0aaab7e?s=96&d=mm&r=g\",\"url\":\"https:\\\/\\\/secure.gravatar.com\\\/avatar\\\/adf7b77e38b4419baf32c7e9c21dde01f4e40df611f0978e3006fc4ba0aaab7e?s=96&d=mm&r=g\",\"contentUrl\":\"https:\\\/\\\/secure.gravatar.com\\\/avatar\\\/adf7b77e38b4419baf32c7e9c21dde01f4e40df611f0978e3006fc4ba0aaab7e?s=96&d=mm&r=g\",\"caption\":\"Redacci\u00f3n Box Repsol\"},\"description\":\"Box Repsol lo forma un equipo de periodistas, community managers, dise\u00f1adores y fot\u00f3grafos con m\u00e1s de 20 a\u00f1os de experiencia en el mundo del motorsport. Hemos vivido el primer mundial de un espa\u00f1ol en la categor\u00eda reina de motociclismo con \u00c1lex Crivill\u00e9, estuvimos en las victorias de Pedrosa y los t\u00edtulos de M\u00e1rquez, acompa\u00f1amos en \u00c1frica a Nani Roma y Marc Coma en sus conquistas del Dakar y hemos vibrado con los t\u00edtulos de Toni Bou en Trial. Adem\u00e1s, en nuestro equipo contamos con expertos en el mundo de las dos y cuatro ruedas tanto de la calle y las carreteras, como de los circuitos. Periodistas que han trabajado en revistas y publicaciones para hacerte llegar desde rutas y consejos de mantenimiento, a curiosidades y trucos de pilotaje.\",\"sameAs\":[\"https:\\\/\\\/www.facebook.com\\\/BoxRepsol\\\/\",\"https:\\\/\\\/www.instagram.com\\\/box_repsol\\\/\",\"https:\\\/\\\/x.com\\\/https:\\\/\\\/twitter.com\\\/box_repsol\",\"https:\\\/\\\/www.youtube.com\\\/@Boxrepsol\"],\"url\":\"https:\\\/\\\/www.boxrepsol.com\\\/es\\\/author\\\/redaccion-box-repsol\\\/\"}]}<\/script>\n<!-- \/ Yoast SEO plugin. -->","yoast_head_json":{"title":"\u00bfC\u00f3mo cargar una moto?: Trucos y consejos - Box Repsol","description":"\u00bfVas a realizar alg\u00fan viaje y no sabes c\u00f3mo llevar tu equipaje en la moto? Aqu\u00ed descubrir\u00e1s cu\u00e1les son los mejores accesorios para equipaje.","canonical":"https:\/\/www.boxrepsol.com\/es\/vive-tu-moto\/como-llevar-tu-equipaje-en-moto\/","og_locale":"es_ES","og_type":"article","og_title":"\u00bfC\u00f3mo cargar una moto?: Trucos y consejos - Box Repsol","og_description":"\u00bfVas a realizar alg\u00fan viaje y no sabes c\u00f3mo llevar tu equipaje en la moto? Aqu\u00ed descubrir\u00e1s cu\u00e1les son los mejores accesorios para equipaje.","og_url":"https:\/\/www.boxrepsol.com\/es\/vive-tu-moto\/como-llevar-tu-equipaje-en-moto\/","og_site_name":"Box Repsol","article_publisher":"https:\/\/www.facebook.com\/BoxRepsol","article_author":"https:\/\/www.facebook.com\/BoxRepsol\/","article_published_time":"2022-09-29T02:00:00+00:00","article_modified_time":"2025-06-27T09:18:33+00:00","og_image":[{"width":1280,"height":600,"url":"https:\/\/bxrepsol.s3.eu-west-1.amazonaws.com\/static\/2022\/11\/07080811\/Foto-1-apertura.jpg","type":"image\/jpeg"}],"author":"Redacci\u00f3n Box Repsol","twitter_card":"summary_large_image","twitter_creator":"@https:\/\/twitter.com\/box_repsol","twitter_site":"@box_repsol","twitter_misc":{"Written by":"Redacci\u00f3n Box Repsol","Est. reading time":"8 minutos"},"schema":{"@context":"https:\/\/schema.org","@graph":[{"@type":"Article","@id":"https:\/\/www.boxrepsol.com\/es\/vive-tu-moto\/como-llevar-tu-equipaje-en-moto\/#article","isPartOf":{"@id":"https:\/\/www.boxrepsol.com\/es\/vive-tu-moto\/como-llevar-tu-equipaje-en-moto\/"},"author":{"name":"Redacci\u00f3n Box Repsol","@id":"https:\/\/www.boxrepsol.com\/es\/#\/schema\/person\/c5c2138f2cca251b0ad92b7086bb60b7"},"headline":"\u00bfC\u00f3mo cargar una moto?: Trucos y consejos","datePublished":"2022-09-29T02:00:00+00:00","dateModified":"2025-06-27T09:18:33+00:00","mainEntityOfPage":{"@id":"https:\/\/www.boxrepsol.com\/es\/vive-tu-moto\/como-llevar-tu-equipaje-en-moto\/"},"wordCount":1582,"commentCount":1,"publisher":{"@id":"https:\/\/www.boxrepsol.com\/es\/#organization"},"image":{"@id":"https:\/\/www.boxrepsol.com\/es\/vive-tu-moto\/como-llevar-tu-equipaje-en-moto\/#primaryimage"},"thumbnailUrl":"https:\/\/bxrepsol.s3.eu-west-1.amazonaws.com\/static\/2022\/11\/07080811\/Foto-1-apertura.jpg","keywords":["conducci\u00f3n","equipaci\u00f3n y accesorios moto"],"articleSection":["Vive tu moto"],"inLanguage":"es","potentialAction":[{"@type":"CommentAction","name":"Comment","target":["https:\/\/www.boxrepsol.com\/es\/vive-tu-moto\/como-llevar-tu-equipaje-en-moto\/#respond"]}]},{"@type":"WebPage","@id":"https:\/\/www.boxrepsol.com\/es\/vive-tu-moto\/como-llevar-tu-equipaje-en-moto\/","url":"https:\/\/www.boxrepsol.com\/es\/vive-tu-moto\/como-llevar-tu-equipaje-en-moto\/","name":"\u00bfC\u00f3mo cargar una moto?: Trucos y consejos - Box Repsol","isPartOf":{"@id":"https:\/\/www.boxrepsol.com\/es\/#website"},"primaryImageOfPage":{"@id":"https:\/\/www.boxrepsol.com\/es\/vive-tu-moto\/como-llevar-tu-equipaje-en-moto\/#primaryimage"},"image":{"@id":"https:\/\/www.boxrepsol.com\/es\/vive-tu-moto\/como-llevar-tu-equipaje-en-moto\/#primaryimage"},"thumbnailUrl":"https:\/\/bxrepsol.s3.eu-west-1.amazonaws.com\/static\/2022\/11\/07080811\/Foto-1-apertura.jpg","datePublished":"2022-09-29T02:00:00+00:00","dateModified":"2025-06-27T09:18:33+00:00","description":"\u00bfVas a realizar alg\u00fan viaje y no sabes c\u00f3mo llevar tu equipaje en la moto? Aqu\u00ed descubrir\u00e1s cu\u00e1les son los mejores accesorios para equipaje.","breadcrumb":{"@id":"https:\/\/www.boxrepsol.com\/es\/vive-tu-moto\/como-llevar-tu-equipaje-en-moto\/#breadcrumb"},"inLanguage":"es","potentialAction":[{"@type":"ReadAction","target":["https:\/\/www.boxrepsol.com\/es\/vive-tu-moto\/como-llevar-tu-equipaje-en-moto\/"]}]},{"@type":"ImageObject","inLanguage":"es","@id":"https:\/\/www.boxrepsol.com\/es\/vive-tu-moto\/como-llevar-tu-equipaje-en-moto\/#primaryimage","url":"https:\/\/bxrepsol.s3.eu-west-1.amazonaws.com\/static\/2022\/11\/07080811\/Foto-1-apertura.jpg","contentUrl":"https:\/\/bxrepsol.s3.eu-west-1.amazonaws.com\/static\/2022\/11\/07080811\/Foto-1-apertura.jpg","width":1280,"height":600,"caption":"2022 HONDA NT1100"},{"@type":"BreadcrumbList","@id":"https:\/\/www.boxrepsol.com\/es\/vive-tu-moto\/como-llevar-tu-equipaje-en-moto\/#breadcrumb","itemListElement":[{"@type":"ListItem","position":1,"name":"Home","item":"https:\/\/www.boxrepsol.com\/es\/"},{"@type":"ListItem","position":2,"name":"\u00bfC\u00f3mo cargar una moto?: Trucos y consejos"}]},{"@type":"WebSite","@id":"https:\/\/www.boxrepsol.com\/es\/#website","url":"https:\/\/www.boxrepsol.com\/es\/","name":"Box Repsol","description":"Box Repsol Site","publisher":{"@id":"https:\/\/www.boxrepsol.com\/es\/#organization"},"potentialAction":[{"@type":"SearchAction","target":{"@type":"EntryPoint","urlTemplate":"https:\/\/www.boxrepsol.com\/es\/?s={search_term_string}"},"query-input":{"@type":"PropertyValueSpecification","valueRequired":true,"valueName":"search_term_string"}}],"inLanguage":"es"},{"@type":"Organization","@id":"https:\/\/www.boxrepsol.com\/es\/#organization","name":"Box Repsol","url":"https:\/\/www.boxrepsol.com\/es\/","logo":{"@type":"ImageObject","inLanguage":"es","@id":"https:\/\/www.boxrepsol.com\/es\/#\/schema\/logo\/image\/","url":"https:\/\/bxrepsol.s3.eu-west-1.amazonaws.com\/static\/2025\/07\/30083337\/favicon-96x96-1.png","contentUrl":"https:\/\/bxrepsol.s3.eu-west-1.amazonaws.com\/static\/2025\/07\/30083337\/favicon-96x96-1.png","width":96,"height":96,"caption":"Box Repsol"},"image":{"@id":"https:\/\/www.boxrepsol.com\/es\/#\/schema\/logo\/image\/"},"sameAs":["https:\/\/www.facebook.com\/BoxRepsol","https:\/\/x.com\/box_repsol","http:\/\/instagram.com\/box_repsol","https:\/\/www.youtube.com\/user\/RepsolCompeticion","https:\/\/www.flickr.com\/photos\/box_repsol\/"]},{"@type":"Person","@id":"https:\/\/www.boxrepsol.com\/es\/#\/schema\/person\/c5c2138f2cca251b0ad92b7086bb60b7","name":"Redacci\u00f3n Box Repsol","image":{"@type":"ImageObject","inLanguage":"es","@id":"https:\/\/secure.gravatar.com\/avatar\/adf7b77e38b4419baf32c7e9c21dde01f4e40df611f0978e3006fc4ba0aaab7e?s=96&d=mm&r=g","url":"https:\/\/secure.gravatar.com\/avatar\/adf7b77e38b4419baf32c7e9c21dde01f4e40df611f0978e3006fc4ba0aaab7e?s=96&d=mm&r=g","contentUrl":"https:\/\/secure.gravatar.com\/avatar\/adf7b77e38b4419baf32c7e9c21dde01f4e40df611f0978e3006fc4ba0aaab7e?s=96&d=mm&r=g","caption":"Redacci\u00f3n Box Repsol"},"description":"Box Repsol lo forma un equipo de periodistas, community managers, dise\u00f1adores y fot\u00f3grafos con m\u00e1s de 20 a\u00f1os de experiencia en el mundo del motorsport. Hemos vivido el primer mundial de un espa\u00f1ol en la categor\u00eda reina de motociclismo con \u00c1lex Crivill\u00e9, estuvimos en las victorias de Pedrosa y los t\u00edtulos de M\u00e1rquez, acompa\u00f1amos en \u00c1frica a Nani Roma y Marc Coma en sus conquistas del Dakar y hemos vibrado con los t\u00edtulos de Toni Bou en Trial. Adem\u00e1s, en nuestro equipo contamos con expertos en el mundo de las dos y cuatro ruedas tanto de la calle y las carreteras, como de los circuitos. Periodistas que han trabajado en revistas y publicaciones para hacerte llegar desde rutas y consejos de mantenimiento, a curiosidades y trucos de pilotaje.","sameAs":["https:\/\/www.facebook.com\/BoxRepsol\/","https:\/\/www.instagram.com\/box_repsol\/","https:\/\/x.com\/https:\/\/twitter.com\/box_repsol","https:\/\/www.youtube.com\/@Boxrepsol"],"url":"https:\/\/www.boxrepsol.com\/es\/author\/redaccion-box-repsol\/"}]}},"_links":{"self":[{"href":"https:\/\/www.boxrepsol.com\/es\/wp-json\/wp\/v2\/posts\/95528","targetHints":{"allow":["GET"]}}],"collection":[{"href":"https:\/\/www.boxrepsol.com\/es\/wp-json\/wp\/v2\/posts"}],"about":[{"href":"https:\/\/www.boxrepsol.com\/es\/wp-json\/wp\/v2\/types\/post"}],"author":[{"embeddable":true,"href":"https:\/\/www.boxrepsol.com\/es\/wp-json\/wp\/v2\/users\/43146"}],"replies":[{"embeddable":true,"href":"https:\/\/www.boxrepsol.com\/es\/wp-json\/wp\/v2\/comments?post=95528"}],"version-history":[{"count":7,"href":"https:\/\/www.boxrepsol.com\/es\/wp-json\/wp\/v2\/posts\/95528\/revisions"}],"predecessor-version":[{"id":114328,"href":"https:\/\/www.boxrepsol.com\/es\/wp-json\/wp\/v2\/posts\/95528\/revisions\/114328"}],"wp:featuredmedia":[{"embeddable":true,"href":"https:\/\/www.boxrepsol.com\/es\/wp-json\/wp\/v2\/media\/75464"}],"wp:attachment":[{"href":"https:\/\/www.boxrepsol.com\/es\/wp-json\/wp\/v2\/media?parent=95528"}],"wp:term":[{"taxonomy":"category","embeddable":true,"href":"https:\/\/www.boxrepsol.com\/es\/wp-json\/wp\/v2\/categories?post=95528"},{"taxonomy":"post_tag","embeddable":true,"href":"https:\/\/www.boxrepsol.com\/es\/wp-json\/wp\/v2\/tags?post=95528"}],"curies":[{"name":"wp","href":"https:\/\/api.w.org\/{rel}","templated":true}]}}