{"id":95524,"date":"2022-09-25T00:00:00","date_gmt":"2022-09-25T02:00:00","guid":{"rendered":"http:\/\/pre.boxrepsol.com\/sin-categorizar\/marc-marquez-se-queda-a-las-puertas-del-podio-en-su-carrera-150-en-motogp\/"},"modified":"2024-04-08T09:06:32","modified_gmt":"2024-04-08T11:06:32","slug":"marc-marquez-se-queda-a-las-puertas-del-podio-en-su-carrera-150-en-motogp","status":"publish","type":"post","link":"https:\/\/www.boxrepsol.com\/es\/motogp\/marc-marquez-se-queda-a-las-puertas-del-podio-en-su-carrera-150-en-motogp\/","title":{"rendered":"Marc M\u00e1rquez se queda a las puertas del podio en su carrera 150 en MotoGP"},"content":{"rendered":"<p>El sol ha hecho acto de presencia en el \u00faltimo d\u00eda del <strong>Gran Premio de Jap\u00f3n.<\/strong> Los pilotos tan solo pudieron rodar el viernes con el trazado totalmente en seco \u2013 en la \u00fanica sesi\u00f3n de entrenamientos de la jornada \u2013. A pesar de la poca informaci\u00f3n sobre estas condiciones, el equipo <strong>Repsol Honda<\/strong> ha conseguido resultados positivos, con <strong>Marc M\u00e1rquez<\/strong> cuarto y <strong>Pol Espargar\u00f3<\/strong> duod\u00e9cimo.<\/p>\n<p>Con las dudas de c\u00f3mo responder\u00eda f\u00edsicamente <strong>Marc<\/strong> a una carrera completa y con la pista seca, el piloto del equipo <strong>Repsol Honda<\/strong> part\u00eda desde la posici\u00f3n de honor en su <strong>carrera 150 en MotoGP.<\/strong> Tras perder el liderato en las primeras curvas, el ocho veces Campe\u00f3n del Mundo ha hecho su carrera sin perder contacto con el grupo de cabeza. Durante las 24 vueltas que ha durado la prueba, M\u00e1rquez y Oliveira han estado disput\u00e1ndose la cuarta posici\u00f3n hasta ser el de Cervera el que ha salido <strong>victorioso.<\/strong><\/p>\n<p><strong>Pol Espargar\u00f3<\/strong> ha recobrado las buenas sensaciones sobre la Honda, llegando a permanecer durante gran parte de la carrera en el Top10. El piloto del equipo <strong>Repsol Honda<\/strong> ha protagonizado una gran salida en la que ha logrado remontar hasta tres posiciones. A pesar de verse sobrepasado por otros pilotos, se ha mantenido en el grupo, lo que le ha permitido luchar hasta el final por la duod\u00e9cima plaza.<\/p>\n<p>Con estos resultados, Marc M\u00e1rquez es decimoquinto en la general con 73 puntos y Pol Espargar\u00f3 decimosexto con 47.<\/p>\n<p>La siguiente cita del Campeonato de MotoGP ser\u00e1 este pr\u00f3ximo fin de semana en el circuito de <strong>Buriram, Tailandia.<\/strong><\/p>\n<p><a href=\"https:\/\/bxrepsol.s3.eu-west-1.amazonaws.com\/static\/2022\/11\/07080624\/https___repsolmedia.com_repsolmedia_wp-content_uploads_2022_09_JRB4169-scaled-1.jpg\" data-index=\"0\"><br \/>\n<img decoding=\"async\" src=\"https:\/\/bxrepsol.s3.eu-west-1.amazonaws.com\/static\/2022\/11\/07080624\/https___repsolmedia.com_repsolmedia_wp-content_uploads_2022_09_JRB4169-scaled-1.jpg\" srcset=\"https:\/\/bxrepsol.s3.eu-west-1.amazonaws.com\/static\/2022\/11\/07080624\/https___repsolmedia.com_repsolmedia_wp-content_uploads_2022_09_JRB4169-scaled-1.jpg 2560w, https:\/\/bxrepsol.s3.eu-west-1.amazonaws.com\/static\/2022\/11\/07080624\/https___repsolmedia.com_repsolmedia_wp-content_uploads_2022_09_JRB4169-scaled-1.jpg 1280w, https:\/\/bxrepsol.s3.eu-west-1.amazonaws.com\/static\/2022\/11\/07080624\/https___repsolmedia.com_repsolmedia_wp-content_uploads_2022_09_JRB4169-scaled-1.jpg 900w, https:\/\/bxrepsol.s3.eu-west-1.amazonaws.com\/static\/2022\/11\/07080624\/https___repsolmedia.com_repsolmedia_wp-content_uploads_2022_09_JRB4169-scaled-1.jpg 600w, https:\/\/bxrepsol.s3.eu-west-1.amazonaws.com\/static\/2022\/11\/07080624\/https___repsolmedia.com_repsolmedia_wp-content_uploads_2022_09_JRB4169-scaled-1.jpg 480w, https:\/\/bxrepsol.s3.eu-west-1.amazonaws.com\/static\/2022\/11\/07080624\/https___repsolmedia.com_repsolmedia_wp-content_uploads_2022_09_JRB4169-scaled-1.jpg 32w\" title=\"https___repsolmedia.com_repsolmedia_wp-content_uploads_2022_09_JRB4169-scaled\" alt=\"\" data-title=\"\"><br \/>\n<\/a><br \/>\n<a href=\"https:\/\/bxrepsol.s3.eu-west-1.amazonaws.com\/static\/2022\/11\/07080627\/https___repsolmedia.com_repsolmedia_wp-content_uploads_2022_09_JRB3895-scaled-1.jpg\" data-index=\"1\"><br \/>\n<img decoding=\"async\" src=\"https:\/\/bxrepsol.s3.eu-west-1.amazonaws.com\/static\/2022\/11\/07080627\/https___repsolmedia.com_repsolmedia_wp-content_uploads_2022_09_JRB3895-scaled-1.jpg\" srcset=\"https:\/\/bxrepsol.s3.eu-west-1.amazonaws.com\/static\/2022\/11\/07080627\/https___repsolmedia.com_repsolmedia_wp-content_uploads_2022_09_JRB3895-scaled-1.jpg 2560w, https:\/\/bxrepsol.s3.eu-west-1.amazonaws.com\/static\/2022\/11\/07080627\/https___repsolmedia.com_repsolmedia_wp-content_uploads_2022_09_JRB3895-scaled-1.jpg 1280w, https:\/\/bxrepsol.s3.eu-west-1.amazonaws.com\/static\/2022\/11\/07080627\/https___repsolmedia.com_repsolmedia_wp-content_uploads_2022_09_JRB3895-scaled-1.jpg 900w, https:\/\/bxrepsol.s3.eu-west-1.amazonaws.com\/static\/2022\/11\/07080627\/https___repsolmedia.com_repsolmedia_wp-content_uploads_2022_09_JRB3895-scaled-1.jpg 600w, https:\/\/bxrepsol.s3.eu-west-1.amazonaws.com\/static\/2022\/11\/07080627\/https___repsolmedia.com_repsolmedia_wp-content_uploads_2022_09_JRB3895-scaled-1.jpg 480w, https:\/\/bxrepsol.s3.eu-west-1.amazonaws.com\/static\/2022\/11\/07080627\/https___repsolmedia.com_repsolmedia_wp-content_uploads_2022_09_JRB3895-scaled-1.jpg 32w\" title=\"https___repsolmedia.com_repsolmedia_wp-content_uploads_2022_09_JRB3895-scaled\" alt=\"\" data-title=\"\"><br \/>\n<\/a><br \/>\n<a href=\"https:\/\/bxrepsol.s3.eu-west-1.amazonaws.com\/static\/2022\/11\/07080630\/https___repsolmedia.com_repsolmedia_wp-content_uploads_2022_09_JRB4306-scaled-1.jpg\" data-index=\"2\"><br \/>\n<img decoding=\"async\" src=\"https:\/\/bxrepsol.s3.eu-west-1.amazonaws.com\/static\/2022\/11\/07080630\/https___repsolmedia.com_repsolmedia_wp-content_uploads_2022_09_JRB4306-scaled-1.jpg\" srcset=\"https:\/\/bxrepsol.s3.eu-west-1.amazonaws.com\/static\/2022\/11\/07080630\/https___repsolmedia.com_repsolmedia_wp-content_uploads_2022_09_JRB4306-scaled-1.jpg 2560w, https:\/\/bxrepsol.s3.eu-west-1.amazonaws.com\/static\/2022\/11\/07080630\/https___repsolmedia.com_repsolmedia_wp-content_uploads_2022_09_JRB4306-scaled-1.jpg 1280w, https:\/\/bxrepsol.s3.eu-west-1.amazonaws.com\/static\/2022\/11\/07080630\/https___repsolmedia.com_repsolmedia_wp-content_uploads_2022_09_JRB4306-scaled-1.jpg 900w, https:\/\/bxrepsol.s3.eu-west-1.amazonaws.com\/static\/2022\/11\/07080630\/https___repsolmedia.com_repsolmedia_wp-content_uploads_2022_09_JRB4306-scaled-1.jpg 600w, https:\/\/bxrepsol.s3.eu-west-1.amazonaws.com\/static\/2022\/11\/07080630\/https___repsolmedia.com_repsolmedia_wp-content_uploads_2022_09_JRB4306-scaled-1.jpg 480w, https:\/\/bxrepsol.s3.eu-west-1.amazonaws.com\/static\/2022\/11\/07080630\/https___repsolmedia.com_repsolmedia_wp-content_uploads_2022_09_JRB4306-scaled-1.jpg 32w\" title=\"https___repsolmedia.com_repsolmedia_wp-content_uploads_2022_09_JRB4306-scaled\" alt=\"\" data-title=\"\"><br \/>\n<\/a><br \/>\n<a href=\"https:\/\/bxrepsol.s3.eu-west-1.amazonaws.com\/static\/2022\/11\/07080633\/https___repsolmedia.com_repsolmedia_wp-content_uploads_2022_09_JRB6071-scaled-1.jpg\" data-index=\"3\"><br \/>\n<img decoding=\"async\" src=\"https:\/\/bxrepsol.s3.eu-west-1.amazonaws.com\/static\/2022\/11\/07080633\/https___repsolmedia.com_repsolmedia_wp-content_uploads_2022_09_JRB6071-scaled-1.jpg\" srcset=\"https:\/\/bxrepsol.s3.eu-west-1.amazonaws.com\/static\/2022\/11\/07080633\/https___repsolmedia.com_repsolmedia_wp-content_uploads_2022_09_JRB6071-scaled-1.jpg 2560w, https:\/\/bxrepsol.s3.eu-west-1.amazonaws.com\/static\/2022\/11\/07080633\/https___repsolmedia.com_repsolmedia_wp-content_uploads_2022_09_JRB6071-scaled-1.jpg 1280w, https:\/\/bxrepsol.s3.eu-west-1.amazonaws.com\/static\/2022\/11\/07080633\/https___repsolmedia.com_repsolmedia_wp-content_uploads_2022_09_JRB6071-scaled-1.jpg 900w, https:\/\/bxrepsol.s3.eu-west-1.amazonaws.com\/static\/2022\/11\/07080633\/https___repsolmedia.com_repsolmedia_wp-content_uploads_2022_09_JRB6071-scaled-1.jpg 600w, https:\/\/bxrepsol.s3.eu-west-1.amazonaws.com\/static\/2022\/11\/07080633\/https___repsolmedia.com_repsolmedia_wp-content_uploads_2022_09_JRB6071-scaled-1.jpg 480w, https:\/\/bxrepsol.s3.eu-west-1.amazonaws.com\/static\/2022\/11\/07080633\/https___repsolmedia.com_repsolmedia_wp-content_uploads_2022_09_JRB6071-scaled-1.jpg 32w\" title=\"https___repsolmedia.com_repsolmedia_wp-content_uploads_2022_09_JRB6071-scaled\" alt=\"\" data-title=\"\"><br \/>\n<\/a><br \/>\n<a href=\"https:\/\/bxrepsol.s3.eu-west-1.amazonaws.com\/static\/2022\/11\/07080636\/https___repsolmedia.com_repsolmedia_wp-content_uploads_2022_09_JRB3791-scaled-1.jpg\" data-index=\"4\"><br \/>\n<img decoding=\"async\" src=\"https:\/\/bxrepsol.s3.eu-west-1.amazonaws.com\/static\/2022\/11\/07080636\/https___repsolmedia.com_repsolmedia_wp-content_uploads_2022_09_JRB3791-scaled-1.jpg\" srcset=\"https:\/\/bxrepsol.s3.eu-west-1.amazonaws.com\/static\/2022\/11\/07080636\/https___repsolmedia.com_repsolmedia_wp-content_uploads_2022_09_JRB3791-scaled-1.jpg 2560w, https:\/\/bxrepsol.s3.eu-west-1.amazonaws.com\/static\/2022\/11\/07080636\/https___repsolmedia.com_repsolmedia_wp-content_uploads_2022_09_JRB3791-scaled-1.jpg 1280w, https:\/\/bxrepsol.s3.eu-west-1.amazonaws.com\/static\/2022\/11\/07080636\/https___repsolmedia.com_repsolmedia_wp-content_uploads_2022_09_JRB3791-scaled-1.jpg 900w, https:\/\/bxrepsol.s3.eu-west-1.amazonaws.com\/static\/2022\/11\/07080636\/https___repsolmedia.com_repsolmedia_wp-content_uploads_2022_09_JRB3791-scaled-1.jpg 600w, https:\/\/bxrepsol.s3.eu-west-1.amazonaws.com\/static\/2022\/11\/07080636\/https___repsolmedia.com_repsolmedia_wp-content_uploads_2022_09_JRB3791-scaled-1.jpg 480w, https:\/\/bxrepsol.s3.eu-west-1.amazonaws.com\/static\/2022\/11\/07080636\/https___repsolmedia.com_repsolmedia_wp-content_uploads_2022_09_JRB3791-scaled-1.jpg 32w\" title=\"https___repsolmedia.com_repsolmedia_wp-content_uploads_2022_09_JRB3791-scaled\" alt=\"\" data-title=\"\"><br \/>\n<\/a><br \/>\n<button data-glide-dir=\"<\"><br \/>\n<svg role=\"img\" viewBox=\"0 0 256 512\">\n                <path fill=\"currentColor\" d=\"M238.475 475.535l7.071-7.07c4.686-4.686 4.686-12.284 0-16.971L50.053 256 245.546 60.506c4.686-4.686 4.686-12.284 0-16.971l-7.071-7.07c-4.686-4.686-12.284-4.686-16.97 0L10.454 247.515c-4.686 4.686-4.686 12.284 0 16.971l211.051 211.05c4.686 4.686 12.284 4.686 16.97-.001z\"><\/path>\n            <\/svg><br \/>\n<\/button><br \/>\n<button data-glide-dir=\">\u00ab><br \/>\n<svg role=\"img\" viewBox=\"0 0 256 512\">\n                <path fill=\"currentColor\" d=\"M17.525 36.465l-7.071 7.07c-4.686 4.686-4.686 12.284 0 16.971L205.947 256 10.454 451.494c-4.686 4.686-4.686 12.284 0 16.971l7.071 7.07c4.686 4.686 12.284 4.686 16.97 0l211.051-211.05c4.686-4.686 4.686-12.284 0-16.971L34.495 36.465c-4.686-4.687-12.284-4.687-16.97 0z\"><\/path>\n            <\/svg><br \/>\n<\/button><\/p>\n<p><strong>Declaraciones de los pilotos<\/strong><\/p>\n<p><a href=\"https:\/\/twitter.com\/hashtag\/MM93?src=hashtag_click\">#MM93<\/a><\/p>\n<p>\u00abEstoy muy contento por c\u00f3mo ha ido todo el Gran Premio. Al final hemos sido capaces de hacer una gran carrera. Lo m\u00e1s significativo es que ha sido un fin de semana muy productivo y, sobre todo, mejor de lo que esper\u00e1bamos. Ha sido una carrera muy importante porque es la primera que he podido terminar desde mi operaci\u00f3n, as\u00ed que ha sido una buena manera de probar el brazo. Est\u00e1 claro que me hubiera gustado terminar m\u00e1s arriba, pero siendo realistas, ha sido un gran resultado: he podido mantener el ritmo y atacar en las \u00faltimas vueltas. Quiero agradecer a HRC y al equipo Repsol Honda por ayudarme a sacar adelante un fin de semana tan positivo. Tambi\u00e9n quiero dar las gracias a todos los trabajadores que se han acercado hasta aqu\u00ed durante el Gran Premio, ha sido un placer poder verlos a todos. \u00a1Ahora toca Tailandia!\u00bb.<\/p>\n<p><a href=\"https:\/\/twitter.com\/hashtag\/POL44?src=hashtag_click\">#POL44<\/a><\/p>\n<p>\u00abLa verdad es que me he sentido bien en las primeras vueltas. Estaba detr\u00e1s de Quartararo y me sent\u00eda m\u00e1s r\u00e1pido que \u00e9l, pero no he podido acercarme lo suficiente como para adelantarlo y tampoco quer\u00eda arriesgarlo todo. Despu\u00e9s de seis o siete vueltas detr\u00e1s de \u00e9l ha bajado mi rendimiento, permitiendo que algunos pilotos me pasaran y perdiendo un poco mi ritmo. Los neum\u00e1ticos han deca\u00eddo y he empezado a sufrir. Pero nos quedamos con lo positivo: hemos sido fuertes en la salida. Hemos mejorado con respecto a Arag\u00f3n y trataremos de dar otro paso adelante la semana que viene\u00bb.<\/p>\n<p>&nbsp;<\/p>\n","protected":false},"excerpt":{"rendered":"<p>El piloto del equipo Repsol Honda ha cruzado la l\u00ednea de meta en cuarta posici\u00f3n en su primera carrera completa tras la \u00faltima operaci\u00f3n. Pol Espargar\u00f3 ha sido decimosegundo.<\/p>\n","protected":false},"author":43146,"featured_media":75412,"comment_status":"open","ping_status":"open","sticky":false,"template":"","format":"standard","meta":{"footnotes":""},"categories":[4],"tags":[120,6,140,128],"class_list":["post-95524","post","type-post","status-publish","format-standard","hentry","category-motogp","tag-120","tag-marc-marquez","tag-motogp-japon","tag-pol-espargaro"],"yoast_head":"<!-- This site is optimized with the Yoast SEO plugin v27.3 - https:\/\/yoast.com\/product\/yoast-seo-wordpress\/ -->\n<title>Marc M\u00e1rquez se queda a las puertas del podio en su carrera 150 en MotoGP - Box Repsol<\/title>\n<meta name=\"description\" content=\"Marc M\u00e1rquez se queda a las puertas del podio en su carrera n\u00famero 150 en MotoGP. Conoce los detalles de esta carrera.\" \/>\n<link rel=\"canonical\" href=\"https:\/\/www.boxrepsol.com\/es\/motogp\/marc-marquez-se-queda-a-las-puertas-del-podio-en-su-carrera-150-en-motogp\/\" \/>\n<meta property=\"og:locale\" content=\"es_ES\" \/>\n<meta property=\"og:type\" content=\"article\" \/>\n<meta property=\"og:title\" content=\"Marc M\u00e1rquez se queda a las puertas del podio en su carrera 150 en MotoGP - Box Repsol\" \/>\n<meta property=\"og:description\" content=\"Marc M\u00e1rquez se queda a las puertas del podio en su carrera n\u00famero 150 en MotoGP. Conoce los detalles de esta carrera.\" \/>\n<meta property=\"og:url\" content=\"https:\/\/www.boxrepsol.com\/es\/motogp\/marc-marquez-se-queda-a-las-puertas-del-podio-en-su-carrera-150-en-motogp\/\" \/>\n<meta property=\"og:site_name\" content=\"Box Repsol\" \/>\n<meta property=\"article:publisher\" content=\"https:\/\/www.facebook.com\/BoxRepsol\" \/>\n<meta property=\"article:author\" content=\"https:\/\/www.facebook.com\/BoxRepsol\/\" \/>\n<meta property=\"article:published_time\" content=\"2022-09-25T02:00:00+00:00\" \/>\n<meta property=\"article:modified_time\" content=\"2024-04-08T11:06:32+00:00\" \/>\n<meta property=\"og:image\" content=\"https:\/\/bxrepsol.s3.eu-west-1.amazonaws.com\/static\/2022\/11\/07080640\/https___repsolmedia.com_repsolmedia_wp-content_uploads_2022_09_JRB5809-scaled-1.jpg\" \/>\n\t<meta property=\"og:image:width\" content=\"1280\" \/>\n\t<meta property=\"og:image:height\" content=\"600\" \/>\n\t<meta property=\"og:image:type\" content=\"image\/jpeg\" \/>\n<meta name=\"author\" content=\"Redacci\u00f3n Box Repsol\" \/>\n<meta name=\"twitter:card\" content=\"summary_large_image\" \/>\n<meta name=\"twitter:creator\" content=\"@https:\/\/twitter.com\/box_repsol\" \/>\n<meta name=\"twitter:site\" content=\"@box_repsol\" \/>\n<meta name=\"twitter:label1\" content=\"Written by\" \/>\n\t<meta name=\"twitter:data1\" content=\"Redacci\u00f3n Box Repsol\" \/>\n\t<meta name=\"twitter:label2\" content=\"Est. reading time\" \/>\n\t<meta name=\"twitter:data2\" content=\"3 minutos\" \/>\n<script type=\"application\/ld+json\" class=\"yoast-schema-graph\">{\"@context\":\"https:\\\/\\\/schema.org\",\"@graph\":[{\"@type\":\"Article\",\"@id\":\"https:\\\/\\\/www.boxrepsol.com\\\/es\\\/motogp\\\/marc-marquez-se-queda-a-las-puertas-del-podio-en-su-carrera-150-en-motogp\\\/#article\",\"isPartOf\":{\"@id\":\"https:\\\/\\\/www.boxrepsol.com\\\/es\\\/motogp\\\/marc-marquez-se-queda-a-las-puertas-del-podio-en-su-carrera-150-en-motogp\\\/\"},\"author\":{\"name\":\"Redacci\u00f3n Box Repsol\",\"@id\":\"https:\\\/\\\/www.boxrepsol.com\\\/es\\\/#\\\/schema\\\/person\\\/c5c2138f2cca251b0ad92b7086bb60b7\"},\"headline\":\"Marc M\u00e1rquez se queda a las puertas del podio en su carrera 150 en MotoGP\",\"datePublished\":\"2022-09-25T02:00:00+00:00\",\"dateModified\":\"2024-04-08T11:06:32+00:00\",\"mainEntityOfPage\":{\"@id\":\"https:\\\/\\\/www.boxrepsol.com\\\/es\\\/motogp\\\/marc-marquez-se-queda-a-las-puertas-del-podio-en-su-carrera-150-en-motogp\\\/\"},\"wordCount\":561,\"commentCount\":0,\"publisher\":{\"@id\":\"https:\\\/\\\/www.boxrepsol.com\\\/es\\\/#organization\"},\"image\":{\"@id\":\"https:\\\/\\\/www.boxrepsol.com\\\/es\\\/motogp\\\/marc-marquez-se-queda-a-las-puertas-del-podio-en-su-carrera-150-en-motogp\\\/#primaryimage\"},\"thumbnailUrl\":\"https:\\\/\\\/bxrepsol.s3.eu-west-1.amazonaws.com\\\/static\\\/2022\\\/11\\\/07080640\\\/https___repsolmedia.com_repsolmedia_wp-content_uploads_2022_09_JRB5809-scaled-1.jpg\",\"keywords\":[\"2022\",\"Marc M\u00e1rquez\",\"MotoGP Jap\u00f3n\",\"Pol Espargar\u00f3\"],\"articleSection\":[\"MotoGP\"],\"inLanguage\":\"es\",\"potentialAction\":[{\"@type\":\"CommentAction\",\"name\":\"Comment\",\"target\":[\"https:\\\/\\\/www.boxrepsol.com\\\/es\\\/motogp\\\/marc-marquez-se-queda-a-las-puertas-del-podio-en-su-carrera-150-en-motogp\\\/#respond\"]}]},{\"@type\":\"WebPage\",\"@id\":\"https:\\\/\\\/www.boxrepsol.com\\\/es\\\/motogp\\\/marc-marquez-se-queda-a-las-puertas-del-podio-en-su-carrera-150-en-motogp\\\/\",\"url\":\"https:\\\/\\\/www.boxrepsol.com\\\/es\\\/motogp\\\/marc-marquez-se-queda-a-las-puertas-del-podio-en-su-carrera-150-en-motogp\\\/\",\"name\":\"Marc M\u00e1rquez se queda a las puertas del podio en su carrera 150 en MotoGP - Box Repsol\",\"isPartOf\":{\"@id\":\"https:\\\/\\\/www.boxrepsol.com\\\/es\\\/#website\"},\"primaryImageOfPage\":{\"@id\":\"https:\\\/\\\/www.boxrepsol.com\\\/es\\\/motogp\\\/marc-marquez-se-queda-a-las-puertas-del-podio-en-su-carrera-150-en-motogp\\\/#primaryimage\"},\"image\":{\"@id\":\"https:\\\/\\\/www.boxrepsol.com\\\/es\\\/motogp\\\/marc-marquez-se-queda-a-las-puertas-del-podio-en-su-carrera-150-en-motogp\\\/#primaryimage\"},\"thumbnailUrl\":\"https:\\\/\\\/bxrepsol.s3.eu-west-1.amazonaws.com\\\/static\\\/2022\\\/11\\\/07080640\\\/https___repsolmedia.com_repsolmedia_wp-content_uploads_2022_09_JRB5809-scaled-1.jpg\",\"datePublished\":\"2022-09-25T02:00:00+00:00\",\"dateModified\":\"2024-04-08T11:06:32+00:00\",\"description\":\"Marc M\u00e1rquez se queda a las puertas del podio en su carrera n\u00famero 150 en MotoGP. Conoce los detalles de esta carrera.\",\"breadcrumb\":{\"@id\":\"https:\\\/\\\/www.boxrepsol.com\\\/es\\\/motogp\\\/marc-marquez-se-queda-a-las-puertas-del-podio-en-su-carrera-150-en-motogp\\\/#breadcrumb\"},\"inLanguage\":\"es\",\"potentialAction\":[{\"@type\":\"ReadAction\",\"target\":[\"https:\\\/\\\/www.boxrepsol.com\\\/es\\\/motogp\\\/marc-marquez-se-queda-a-las-puertas-del-podio-en-su-carrera-150-en-motogp\\\/\"]}]},{\"@type\":\"ImageObject\",\"inLanguage\":\"es\",\"@id\":\"https:\\\/\\\/www.boxrepsol.com\\\/es\\\/motogp\\\/marc-marquez-se-queda-a-las-puertas-del-podio-en-su-carrera-150-en-motogp\\\/#primaryimage\",\"url\":\"https:\\\/\\\/bxrepsol.s3.eu-west-1.amazonaws.com\\\/static\\\/2022\\\/11\\\/07080640\\\/https___repsolmedia.com_repsolmedia_wp-content_uploads_2022_09_JRB5809-scaled-1.jpg\",\"contentUrl\":\"https:\\\/\\\/bxrepsol.s3.eu-west-1.amazonaws.com\\\/static\\\/2022\\\/11\\\/07080640\\\/https___repsolmedia.com_repsolmedia_wp-content_uploads_2022_09_JRB5809-scaled-1.jpg\",\"width\":1280,\"height\":600},{\"@type\":\"BreadcrumbList\",\"@id\":\"https:\\\/\\\/www.boxrepsol.com\\\/es\\\/motogp\\\/marc-marquez-se-queda-a-las-puertas-del-podio-en-su-carrera-150-en-motogp\\\/#breadcrumb\",\"itemListElement\":[{\"@type\":\"ListItem\",\"position\":1,\"name\":\"Home\",\"item\":\"https:\\\/\\\/www.boxrepsol.com\\\/es\\\/\"},{\"@type\":\"ListItem\",\"position\":2,\"name\":\"Marc M\u00e1rquez se queda a las puertas del podio en su carrera 150 en MotoGP\"}]},{\"@type\":\"WebSite\",\"@id\":\"https:\\\/\\\/www.boxrepsol.com\\\/es\\\/#website\",\"url\":\"https:\\\/\\\/www.boxrepsol.com\\\/es\\\/\",\"name\":\"Box Repsol\",\"description\":\"Box Repsol Site\",\"publisher\":{\"@id\":\"https:\\\/\\\/www.boxrepsol.com\\\/es\\\/#organization\"},\"potentialAction\":[{\"@type\":\"SearchAction\",\"target\":{\"@type\":\"EntryPoint\",\"urlTemplate\":\"https:\\\/\\\/www.boxrepsol.com\\\/es\\\/?s={search_term_string}\"},\"query-input\":{\"@type\":\"PropertyValueSpecification\",\"valueRequired\":true,\"valueName\":\"search_term_string\"}}],\"inLanguage\":\"es\"},{\"@type\":\"Organization\",\"@id\":\"https:\\\/\\\/www.boxrepsol.com\\\/es\\\/#organization\",\"name\":\"Box Repsol\",\"url\":\"https:\\\/\\\/www.boxrepsol.com\\\/es\\\/\",\"logo\":{\"@type\":\"ImageObject\",\"inLanguage\":\"es\",\"@id\":\"https:\\\/\\\/www.boxrepsol.com\\\/es\\\/#\\\/schema\\\/logo\\\/image\\\/\",\"url\":\"https:\\\/\\\/bxrepsol.s3.eu-west-1.amazonaws.com\\\/static\\\/2025\\\/07\\\/30083337\\\/favicon-96x96-1.png\",\"contentUrl\":\"https:\\\/\\\/bxrepsol.s3.eu-west-1.amazonaws.com\\\/static\\\/2025\\\/07\\\/30083337\\\/favicon-96x96-1.png\",\"width\":96,\"height\":96,\"caption\":\"Box Repsol\"},\"image\":{\"@id\":\"https:\\\/\\\/www.boxrepsol.com\\\/es\\\/#\\\/schema\\\/logo\\\/image\\\/\"},\"sameAs\":[\"https:\\\/\\\/www.facebook.com\\\/BoxRepsol\",\"https:\\\/\\\/x.com\\\/box_repsol\",\"http:\\\/\\\/instagram.com\\\/box_repsol\",\"https:\\\/\\\/www.youtube.com\\\/user\\\/RepsolCompeticion\",\"https:\\\/\\\/www.flickr.com\\\/photos\\\/box_repsol\\\/\"]},{\"@type\":\"Person\",\"@id\":\"https:\\\/\\\/www.boxrepsol.com\\\/es\\\/#\\\/schema\\\/person\\\/c5c2138f2cca251b0ad92b7086bb60b7\",\"name\":\"Redacci\u00f3n Box Repsol\",\"image\":{\"@type\":\"ImageObject\",\"inLanguage\":\"es\",\"@id\":\"https:\\\/\\\/secure.gravatar.com\\\/avatar\\\/adf7b77e38b4419baf32c7e9c21dde01f4e40df611f0978e3006fc4ba0aaab7e?s=96&d=mm&r=g\",\"url\":\"https:\\\/\\\/secure.gravatar.com\\\/avatar\\\/adf7b77e38b4419baf32c7e9c21dde01f4e40df611f0978e3006fc4ba0aaab7e?s=96&d=mm&r=g\",\"contentUrl\":\"https:\\\/\\\/secure.gravatar.com\\\/avatar\\\/adf7b77e38b4419baf32c7e9c21dde01f4e40df611f0978e3006fc4ba0aaab7e?s=96&d=mm&r=g\",\"caption\":\"Redacci\u00f3n Box Repsol\"},\"description\":\"Box Repsol lo forma un equipo de periodistas, community managers, dise\u00f1adores y fot\u00f3grafos con m\u00e1s de 20 a\u00f1os de experiencia en el mundo del motorsport. Hemos vivido el primer mundial de un espa\u00f1ol en la categor\u00eda reina de motociclismo con \u00c1lex Crivill\u00e9, estuvimos en las victorias de Pedrosa y los t\u00edtulos de M\u00e1rquez, acompa\u00f1amos en \u00c1frica a Nani Roma y Marc Coma en sus conquistas del Dakar y hemos vibrado con los t\u00edtulos de Toni Bou en Trial. Adem\u00e1s, en nuestro equipo contamos con expertos en el mundo de las dos y cuatro ruedas tanto de la calle y las carreteras, como de los circuitos. Periodistas que han trabajado en revistas y publicaciones para hacerte llegar desde rutas y consejos de mantenimiento, a curiosidades y trucos de pilotaje.\",\"sameAs\":[\"https:\\\/\\\/www.facebook.com\\\/BoxRepsol\\\/\",\"https:\\\/\\\/www.instagram.com\\\/box_repsol\\\/\",\"https:\\\/\\\/x.com\\\/https:\\\/\\\/twitter.com\\\/box_repsol\",\"https:\\\/\\\/www.youtube.com\\\/@Boxrepsol\"],\"url\":\"https:\\\/\\\/www.boxrepsol.com\\\/es\\\/author\\\/redaccion-box-repsol\\\/\"}]}<\/script>\n<!-- \/ Yoast SEO plugin. -->","yoast_head_json":{"title":"Marc M\u00e1rquez se queda a las puertas del podio en su carrera 150 en MotoGP - Box Repsol","description":"Marc M\u00e1rquez se queda a las puertas del podio en su carrera n\u00famero 150 en MotoGP. Conoce los detalles de esta carrera.","canonical":"https:\/\/www.boxrepsol.com\/es\/motogp\/marc-marquez-se-queda-a-las-puertas-del-podio-en-su-carrera-150-en-motogp\/","og_locale":"es_ES","og_type":"article","og_title":"Marc M\u00e1rquez se queda a las puertas del podio en su carrera 150 en MotoGP - Box Repsol","og_description":"Marc M\u00e1rquez se queda a las puertas del podio en su carrera n\u00famero 150 en MotoGP. Conoce los detalles de esta carrera.","og_url":"https:\/\/www.boxrepsol.com\/es\/motogp\/marc-marquez-se-queda-a-las-puertas-del-podio-en-su-carrera-150-en-motogp\/","og_site_name":"Box Repsol","article_publisher":"https:\/\/www.facebook.com\/BoxRepsol","article_author":"https:\/\/www.facebook.com\/BoxRepsol\/","article_published_time":"2022-09-25T02:00:00+00:00","article_modified_time":"2024-04-08T11:06:32+00:00","og_image":[{"width":1280,"height":600,"url":"https:\/\/bxrepsol.s3.eu-west-1.amazonaws.com\/static\/2022\/11\/07080640\/https___repsolmedia.com_repsolmedia_wp-content_uploads_2022_09_JRB5809-scaled-1.jpg","type":"image\/jpeg"}],"author":"Redacci\u00f3n Box Repsol","twitter_card":"summary_large_image","twitter_creator":"@https:\/\/twitter.com\/box_repsol","twitter_site":"@box_repsol","twitter_misc":{"Written by":"Redacci\u00f3n Box Repsol","Est. reading time":"3 minutos"},"schema":{"@context":"https:\/\/schema.org","@graph":[{"@type":"Article","@id":"https:\/\/www.boxrepsol.com\/es\/motogp\/marc-marquez-se-queda-a-las-puertas-del-podio-en-su-carrera-150-en-motogp\/#article","isPartOf":{"@id":"https:\/\/www.boxrepsol.com\/es\/motogp\/marc-marquez-se-queda-a-las-puertas-del-podio-en-su-carrera-150-en-motogp\/"},"author":{"name":"Redacci\u00f3n Box Repsol","@id":"https:\/\/www.boxrepsol.com\/es\/#\/schema\/person\/c5c2138f2cca251b0ad92b7086bb60b7"},"headline":"Marc M\u00e1rquez se queda a las puertas del podio en su carrera 150 en MotoGP","datePublished":"2022-09-25T02:00:00+00:00","dateModified":"2024-04-08T11:06:32+00:00","mainEntityOfPage":{"@id":"https:\/\/www.boxrepsol.com\/es\/motogp\/marc-marquez-se-queda-a-las-puertas-del-podio-en-su-carrera-150-en-motogp\/"},"wordCount":561,"commentCount":0,"publisher":{"@id":"https:\/\/www.boxrepsol.com\/es\/#organization"},"image":{"@id":"https:\/\/www.boxrepsol.com\/es\/motogp\/marc-marquez-se-queda-a-las-puertas-del-podio-en-su-carrera-150-en-motogp\/#primaryimage"},"thumbnailUrl":"https:\/\/bxrepsol.s3.eu-west-1.amazonaws.com\/static\/2022\/11\/07080640\/https___repsolmedia.com_repsolmedia_wp-content_uploads_2022_09_JRB5809-scaled-1.jpg","keywords":["2022","Marc M\u00e1rquez","MotoGP Jap\u00f3n","Pol Espargar\u00f3"],"articleSection":["MotoGP"],"inLanguage":"es","potentialAction":[{"@type":"CommentAction","name":"Comment","target":["https:\/\/www.boxrepsol.com\/es\/motogp\/marc-marquez-se-queda-a-las-puertas-del-podio-en-su-carrera-150-en-motogp\/#respond"]}]},{"@type":"WebPage","@id":"https:\/\/www.boxrepsol.com\/es\/motogp\/marc-marquez-se-queda-a-las-puertas-del-podio-en-su-carrera-150-en-motogp\/","url":"https:\/\/www.boxrepsol.com\/es\/motogp\/marc-marquez-se-queda-a-las-puertas-del-podio-en-su-carrera-150-en-motogp\/","name":"Marc M\u00e1rquez se queda a las puertas del podio en su carrera 150 en MotoGP - Box Repsol","isPartOf":{"@id":"https:\/\/www.boxrepsol.com\/es\/#website"},"primaryImageOfPage":{"@id":"https:\/\/www.boxrepsol.com\/es\/motogp\/marc-marquez-se-queda-a-las-puertas-del-podio-en-su-carrera-150-en-motogp\/#primaryimage"},"image":{"@id":"https:\/\/www.boxrepsol.com\/es\/motogp\/marc-marquez-se-queda-a-las-puertas-del-podio-en-su-carrera-150-en-motogp\/#primaryimage"},"thumbnailUrl":"https:\/\/bxrepsol.s3.eu-west-1.amazonaws.com\/static\/2022\/11\/07080640\/https___repsolmedia.com_repsolmedia_wp-content_uploads_2022_09_JRB5809-scaled-1.jpg","datePublished":"2022-09-25T02:00:00+00:00","dateModified":"2024-04-08T11:06:32+00:00","description":"Marc M\u00e1rquez se queda a las puertas del podio en su carrera n\u00famero 150 en MotoGP. Conoce los detalles de esta carrera.","breadcrumb":{"@id":"https:\/\/www.boxrepsol.com\/es\/motogp\/marc-marquez-se-queda-a-las-puertas-del-podio-en-su-carrera-150-en-motogp\/#breadcrumb"},"inLanguage":"es","potentialAction":[{"@type":"ReadAction","target":["https:\/\/www.boxrepsol.com\/es\/motogp\/marc-marquez-se-queda-a-las-puertas-del-podio-en-su-carrera-150-en-motogp\/"]}]},{"@type":"ImageObject","inLanguage":"es","@id":"https:\/\/www.boxrepsol.com\/es\/motogp\/marc-marquez-se-queda-a-las-puertas-del-podio-en-su-carrera-150-en-motogp\/#primaryimage","url":"https:\/\/bxrepsol.s3.eu-west-1.amazonaws.com\/static\/2022\/11\/07080640\/https___repsolmedia.com_repsolmedia_wp-content_uploads_2022_09_JRB5809-scaled-1.jpg","contentUrl":"https:\/\/bxrepsol.s3.eu-west-1.amazonaws.com\/static\/2022\/11\/07080640\/https___repsolmedia.com_repsolmedia_wp-content_uploads_2022_09_JRB5809-scaled-1.jpg","width":1280,"height":600},{"@type":"BreadcrumbList","@id":"https:\/\/www.boxrepsol.com\/es\/motogp\/marc-marquez-se-queda-a-las-puertas-del-podio-en-su-carrera-150-en-motogp\/#breadcrumb","itemListElement":[{"@type":"ListItem","position":1,"name":"Home","item":"https:\/\/www.boxrepsol.com\/es\/"},{"@type":"ListItem","position":2,"name":"Marc M\u00e1rquez se queda a las puertas del podio en su carrera 150 en MotoGP"}]},{"@type":"WebSite","@id":"https:\/\/www.boxrepsol.com\/es\/#website","url":"https:\/\/www.boxrepsol.com\/es\/","name":"Box Repsol","description":"Box Repsol Site","publisher":{"@id":"https:\/\/www.boxrepsol.com\/es\/#organization"},"potentialAction":[{"@type":"SearchAction","target":{"@type":"EntryPoint","urlTemplate":"https:\/\/www.boxrepsol.com\/es\/?s={search_term_string}"},"query-input":{"@type":"PropertyValueSpecification","valueRequired":true,"valueName":"search_term_string"}}],"inLanguage":"es"},{"@type":"Organization","@id":"https:\/\/www.boxrepsol.com\/es\/#organization","name":"Box Repsol","url":"https:\/\/www.boxrepsol.com\/es\/","logo":{"@type":"ImageObject","inLanguage":"es","@id":"https:\/\/www.boxrepsol.com\/es\/#\/schema\/logo\/image\/","url":"https:\/\/bxrepsol.s3.eu-west-1.amazonaws.com\/static\/2025\/07\/30083337\/favicon-96x96-1.png","contentUrl":"https:\/\/bxrepsol.s3.eu-west-1.amazonaws.com\/static\/2025\/07\/30083337\/favicon-96x96-1.png","width":96,"height":96,"caption":"Box Repsol"},"image":{"@id":"https:\/\/www.boxrepsol.com\/es\/#\/schema\/logo\/image\/"},"sameAs":["https:\/\/www.facebook.com\/BoxRepsol","https:\/\/x.com\/box_repsol","http:\/\/instagram.com\/box_repsol","https:\/\/www.youtube.com\/user\/RepsolCompeticion","https:\/\/www.flickr.com\/photos\/box_repsol\/"]},{"@type":"Person","@id":"https:\/\/www.boxrepsol.com\/es\/#\/schema\/person\/c5c2138f2cca251b0ad92b7086bb60b7","name":"Redacci\u00f3n Box Repsol","image":{"@type":"ImageObject","inLanguage":"es","@id":"https:\/\/secure.gravatar.com\/avatar\/adf7b77e38b4419baf32c7e9c21dde01f4e40df611f0978e3006fc4ba0aaab7e?s=96&d=mm&r=g","url":"https:\/\/secure.gravatar.com\/avatar\/adf7b77e38b4419baf32c7e9c21dde01f4e40df611f0978e3006fc4ba0aaab7e?s=96&d=mm&r=g","contentUrl":"https:\/\/secure.gravatar.com\/avatar\/adf7b77e38b4419baf32c7e9c21dde01f4e40df611f0978e3006fc4ba0aaab7e?s=96&d=mm&r=g","caption":"Redacci\u00f3n Box Repsol"},"description":"Box Repsol lo forma un equipo de periodistas, community managers, dise\u00f1adores y fot\u00f3grafos con m\u00e1s de 20 a\u00f1os de experiencia en el mundo del motorsport. Hemos vivido el primer mundial de un espa\u00f1ol en la categor\u00eda reina de motociclismo con \u00c1lex Crivill\u00e9, estuvimos en las victorias de Pedrosa y los t\u00edtulos de M\u00e1rquez, acompa\u00f1amos en \u00c1frica a Nani Roma y Marc Coma en sus conquistas del Dakar y hemos vibrado con los t\u00edtulos de Toni Bou en Trial. Adem\u00e1s, en nuestro equipo contamos con expertos en el mundo de las dos y cuatro ruedas tanto de la calle y las carreteras, como de los circuitos. Periodistas que han trabajado en revistas y publicaciones para hacerte llegar desde rutas y consejos de mantenimiento, a curiosidades y trucos de pilotaje.","sameAs":["https:\/\/www.facebook.com\/BoxRepsol\/","https:\/\/www.instagram.com\/box_repsol\/","https:\/\/x.com\/https:\/\/twitter.com\/box_repsol","https:\/\/www.youtube.com\/@Boxrepsol"],"url":"https:\/\/www.boxrepsol.com\/es\/author\/redaccion-box-repsol\/"}]}},"_links":{"self":[{"href":"https:\/\/www.boxrepsol.com\/es\/wp-json\/wp\/v2\/posts\/95524","targetHints":{"allow":["GET"]}}],"collection":[{"href":"https:\/\/www.boxrepsol.com\/es\/wp-json\/wp\/v2\/posts"}],"about":[{"href":"https:\/\/www.boxrepsol.com\/es\/wp-json\/wp\/v2\/types\/post"}],"author":[{"embeddable":true,"href":"https:\/\/www.boxrepsol.com\/es\/wp-json\/wp\/v2\/users\/43146"}],"replies":[{"embeddable":true,"href":"https:\/\/www.boxrepsol.com\/es\/wp-json\/wp\/v2\/comments?post=95524"}],"version-history":[{"count":2,"href":"https:\/\/www.boxrepsol.com\/es\/wp-json\/wp\/v2\/posts\/95524\/revisions"}],"predecessor-version":[{"id":107399,"href":"https:\/\/www.boxrepsol.com\/es\/wp-json\/wp\/v2\/posts\/95524\/revisions\/107399"}],"wp:featuredmedia":[{"embeddable":true,"href":"https:\/\/www.boxrepsol.com\/es\/wp-json\/wp\/v2\/media\/75412"}],"wp:attachment":[{"href":"https:\/\/www.boxrepsol.com\/es\/wp-json\/wp\/v2\/media?parent=95524"}],"wp:term":[{"taxonomy":"category","embeddable":true,"href":"https:\/\/www.boxrepsol.com\/es\/wp-json\/wp\/v2\/categories?post=95524"},{"taxonomy":"post_tag","embeddable":true,"href":"https:\/\/www.boxrepsol.com\/es\/wp-json\/wp\/v2\/tags?post=95524"}],"curies":[{"name":"wp","href":"https:\/\/api.w.org\/{rel}","templated":true}]}}