{"id":95520,"date":"2022-09-23T00:00:00","date_gmt":"2022-09-23T02:00:00","guid":{"rendered":"http:\/\/pre.boxrepsol.com\/sin-categorizar\/sexta-y-septima-posicion-para-marc-marquez-y-pol-espargaro-en-el-primer-dia-en-motegi\/"},"modified":"2024-04-08T09:07:17","modified_gmt":"2024-04-08T11:07:17","slug":"sexta-y-septima-posicion-para-marc-marquez-y-pol-espargaro-en-el-primer-dia-en-motegi","status":"publish","type":"post","link":"https:\/\/www.boxrepsol.com\/es\/motogp\/sexta-y-septima-posicion-para-marc-marquez-y-pol-espargaro-en-el-primer-dia-en-motegi\/","title":{"rendered":"Sexta y s\u00e9ptima posici\u00f3n para Marc M\u00e1rquez y Pol Espargar\u00f3 en el primer d\u00eda en Motegi"},"content":{"rendered":"<p>El poco tiempo para las tareas log\u00edsticas entre en el Gran Premio de Arag\u00f3n y el <strong>Gran Premio de Jap\u00f3n<\/strong> ha hecho que los pilotos de las tres categor\u00edas solo hayan podido realizar, hoy viernes, una \u00fanica sesi\u00f3n de entrenamientos libres en lugar de dos. Adem\u00e1s, la FP1 de MotoGP ha durado 1 hora y 15 minutos.<\/p>\n<p><strong>Marc M\u00e1rquez<\/strong> ha completado 26 vueltas en un entrenamiento disputado totalmente en condiciones de seco. Las cuatro gotas que han ca\u00eddo a mitad de sesi\u00f3n no han impedido que el piloto del equipo <strong>Repsol Honda<\/strong> haya ido rebajando sus tiempos a lo largo de la sesi\u00f3n. Finalmente, M\u00e1rquez ha acabado la jornada siendo el sexto piloto m\u00e1s r\u00e1pido, con un mejor registro de 1 minuto, 44 segundos y 656 mil\u00e9simas, a poco m\u00e1s de 1 d\u00e9cima del mejor tiempo del d\u00eda.<\/p>\n<p><strong>Pol Espargar\u00f3<\/strong> tambi\u00e9n ha sabido aprovechar los 75 minutos de la sesi\u00f3n libre, realizando, como su compa\u00f1ero de equipo, 26 vueltas y mejorando su ritmo a medida que avanzaba el entrenamiento. El piloto del equipo Repsol Honda ha sido s\u00e9ptimo, con un mejor tiempo de 1 minuto 44 segundos y 678 mil\u00e9simas.<\/p>\n<p>                    <a\n                        href=\"https:\/\/bxrepsol.s3.eu-west-1.amazonaws.com\/static\/2022\/11\/07080513\/https___repsolmedia.com_repsolmedia_wp-content_uploads_2022_09_JRB3178-scaled-1.jpg\"\n                        data-index=\"0\"\n                    ><br \/>\n                        <img decoding=\"async\"\n                            src=\"https:\/\/bxrepsol.s3.eu-west-1.amazonaws.com\/static\/2022\/11\/07080513\/https___repsolmedia.com_repsolmedia_wp-content_uploads_2022_09_JRB3178-scaled-1.jpg\"\n                            srcset=\"https:\/\/bxrepsol.s3.eu-west-1.amazonaws.com\/static\/2022\/11\/07080513\/https___repsolmedia.com_repsolmedia_wp-content_uploads_2022_09_JRB3178-scaled-1.jpg 2560w, https:\/\/bxrepsol.s3.eu-west-1.amazonaws.com\/static\/2022\/11\/07080513\/https___repsolmedia.com_repsolmedia_wp-content_uploads_2022_09_JRB3178-scaled-1.jpg 1280w, https:\/\/bxrepsol.s3.eu-west-1.amazonaws.com\/static\/2022\/11\/07080513\/https___repsolmedia.com_repsolmedia_wp-content_uploads_2022_09_JRB3178-scaled-1.jpg 900w, https:\/\/bxrepsol.s3.eu-west-1.amazonaws.com\/static\/2022\/11\/07080513\/https___repsolmedia.com_repsolmedia_wp-content_uploads_2022_09_JRB3178-scaled-1.jpg 600w, https:\/\/bxrepsol.s3.eu-west-1.amazonaws.com\/static\/2022\/11\/07080513\/https___repsolmedia.com_repsolmedia_wp-content_uploads_2022_09_JRB3178-scaled-1.jpg 480w, https:\/\/bxrepsol.s3.eu-west-1.amazonaws.com\/static\/2022\/11\/07080513\/https___repsolmedia.com_repsolmedia_wp-content_uploads_2022_09_JRB3178-scaled-1.jpg 32w\"\n                            title=\"https___repsolmedia.com_repsolmedia_wp-content_uploads_2022_09_JRB3178-scaled\"\n                            alt=\"\"\n                            data-title=\"\"><br \/>\n                    <\/a><br \/>\n                    <a\n                        href=\"https:\/\/bxrepsol.s3.eu-west-1.amazonaws.com\/static\/2022\/11\/07080516\/https___repsolmedia.com_repsolmedia_wp-content_uploads_2022_09_JRB9518-scaled-1.jpg\"\n                        data-index=\"1\"\n                    ><br \/>\n                        <img decoding=\"async\"\n                            src=\"https:\/\/bxrepsol.s3.eu-west-1.amazonaws.com\/static\/2022\/11\/07080516\/https___repsolmedia.com_repsolmedia_wp-content_uploads_2022_09_JRB9518-scaled-1.jpg\"\n                            srcset=\"https:\/\/bxrepsol.s3.eu-west-1.amazonaws.com\/static\/2022\/11\/07080516\/https___repsolmedia.com_repsolmedia_wp-content_uploads_2022_09_JRB9518-scaled-1.jpg 2560w, https:\/\/bxrepsol.s3.eu-west-1.amazonaws.com\/static\/2022\/11\/07080516\/https___repsolmedia.com_repsolmedia_wp-content_uploads_2022_09_JRB9518-scaled-1.jpg 1280w, https:\/\/bxrepsol.s3.eu-west-1.amazonaws.com\/static\/2022\/11\/07080516\/https___repsolmedia.com_repsolmedia_wp-content_uploads_2022_09_JRB9518-scaled-1.jpg 900w, https:\/\/bxrepsol.s3.eu-west-1.amazonaws.com\/static\/2022\/11\/07080516\/https___repsolmedia.com_repsolmedia_wp-content_uploads_2022_09_JRB9518-scaled-1.jpg 600w, https:\/\/bxrepsol.s3.eu-west-1.amazonaws.com\/static\/2022\/11\/07080516\/https___repsolmedia.com_repsolmedia_wp-content_uploads_2022_09_JRB9518-scaled-1.jpg 480w, https:\/\/bxrepsol.s3.eu-west-1.amazonaws.com\/static\/2022\/11\/07080516\/https___repsolmedia.com_repsolmedia_wp-content_uploads_2022_09_JRB9518-scaled-1.jpg 32w\"\n                            title=\"https___repsolmedia.com_repsolmedia_wp-content_uploads_2022_09_JRB9518-scaled\"\n                            alt=\"\"\n                            data-title=\"\"><br \/>\n                    <\/a><br \/>\n                    <a\n                        href=\"https:\/\/bxrepsol.s3.eu-west-1.amazonaws.com\/static\/2022\/11\/07080519\/https___repsolmedia.com_repsolmedia_wp-content_uploads_2022_09_JRB9792-scaled-1.jpg\"\n                        data-index=\"2\"\n                    ><br \/>\n                        <img decoding=\"async\"\n                            src=\"https:\/\/bxrepsol.s3.eu-west-1.amazonaws.com\/static\/2022\/11\/07080519\/https___repsolmedia.com_repsolmedia_wp-content_uploads_2022_09_JRB9792-scaled-1.jpg\"\n                            srcset=\"https:\/\/bxrepsol.s3.eu-west-1.amazonaws.com\/static\/2022\/11\/07080519\/https___repsolmedia.com_repsolmedia_wp-content_uploads_2022_09_JRB9792-scaled-1.jpg 2560w, https:\/\/bxrepsol.s3.eu-west-1.amazonaws.com\/static\/2022\/11\/07080519\/https___repsolmedia.com_repsolmedia_wp-content_uploads_2022_09_JRB9792-scaled-1.jpg 1280w, https:\/\/bxrepsol.s3.eu-west-1.amazonaws.com\/static\/2022\/11\/07080519\/https___repsolmedia.com_repsolmedia_wp-content_uploads_2022_09_JRB9792-scaled-1.jpg 900w, https:\/\/bxrepsol.s3.eu-west-1.amazonaws.com\/static\/2022\/11\/07080519\/https___repsolmedia.com_repsolmedia_wp-content_uploads_2022_09_JRB9792-scaled-1.jpg 600w, https:\/\/bxrepsol.s3.eu-west-1.amazonaws.com\/static\/2022\/11\/07080519\/https___repsolmedia.com_repsolmedia_wp-content_uploads_2022_09_JRB9792-scaled-1.jpg 480w, https:\/\/bxrepsol.s3.eu-west-1.amazonaws.com\/static\/2022\/11\/07080519\/https___repsolmedia.com_repsolmedia_wp-content_uploads_2022_09_JRB9792-scaled-1.jpg 32w\"\n                            title=\"https___repsolmedia.com_repsolmedia_wp-content_uploads_2022_09_JRB9792-scaled\"\n                            alt=\"\"\n                            data-title=\"\"><br \/>\n                    <\/a><br \/>\n                    <a\n                        href=\"https:\/\/bxrepsol.s3.eu-west-1.amazonaws.com\/static\/2022\/11\/07080523\/https___repsolmedia.com_repsolmedia_wp-content_uploads_2022_09_JRB1360-scaled-1.jpg\"\n                        data-index=\"3\"\n                    ><br \/>\n                        <img decoding=\"async\"\n                            src=\"https:\/\/bxrepsol.s3.eu-west-1.amazonaws.com\/static\/2022\/11\/07080523\/https___repsolmedia.com_repsolmedia_wp-content_uploads_2022_09_JRB1360-scaled-1.jpg\"\n                            srcset=\"https:\/\/bxrepsol.s3.eu-west-1.amazonaws.com\/static\/2022\/11\/07080523\/https___repsolmedia.com_repsolmedia_wp-content_uploads_2022_09_JRB1360-scaled-1.jpg 2560w, https:\/\/bxrepsol.s3.eu-west-1.amazonaws.com\/static\/2022\/11\/07080523\/https___repsolmedia.com_repsolmedia_wp-content_uploads_2022_09_JRB1360-scaled-1.jpg 1280w, https:\/\/bxrepsol.s3.eu-west-1.amazonaws.com\/static\/2022\/11\/07080523\/https___repsolmedia.com_repsolmedia_wp-content_uploads_2022_09_JRB1360-scaled-1.jpg 900w, https:\/\/bxrepsol.s3.eu-west-1.amazonaws.com\/static\/2022\/11\/07080523\/https___repsolmedia.com_repsolmedia_wp-content_uploads_2022_09_JRB1360-scaled-1.jpg 600w, https:\/\/bxrepsol.s3.eu-west-1.amazonaws.com\/static\/2022\/11\/07080523\/https___repsolmedia.com_repsolmedia_wp-content_uploads_2022_09_JRB1360-scaled-1.jpg 480w, https:\/\/bxrepsol.s3.eu-west-1.amazonaws.com\/static\/2022\/11\/07080523\/https___repsolmedia.com_repsolmedia_wp-content_uploads_2022_09_JRB1360-scaled-1.jpg 32w\"\n                            title=\"https___repsolmedia.com_repsolmedia_wp-content_uploads_2022_09_JRB1360-scaled\"\n                            alt=\"\"\n                            data-title=\"\"><br \/>\n                    <\/a><br \/>\n                    <a\n                        href=\"https:\/\/bxrepsol.s3.eu-west-1.amazonaws.com\/static\/2022\/11\/07080525\/https___repsolmedia.com_repsolmedia_wp-content_uploads_2022_09_JRB0776-scaled-1.jpg\"\n                        data-index=\"4\"\n                    ><br \/>\n                        <img decoding=\"async\"\n                            src=\"https:\/\/bxrepsol.s3.eu-west-1.amazonaws.com\/static\/2022\/11\/07080525\/https___repsolmedia.com_repsolmedia_wp-content_uploads_2022_09_JRB0776-scaled-1.jpg\"\n                            srcset=\"https:\/\/bxrepsol.s3.eu-west-1.amazonaws.com\/static\/2022\/11\/07080525\/https___repsolmedia.com_repsolmedia_wp-content_uploads_2022_09_JRB0776-scaled-1.jpg 2560w, https:\/\/bxrepsol.s3.eu-west-1.amazonaws.com\/static\/2022\/11\/07080525\/https___repsolmedia.com_repsolmedia_wp-content_uploads_2022_09_JRB0776-scaled-1.jpg 1280w, https:\/\/bxrepsol.s3.eu-west-1.amazonaws.com\/static\/2022\/11\/07080525\/https___repsolmedia.com_repsolmedia_wp-content_uploads_2022_09_JRB0776-scaled-1.jpg 900w, https:\/\/bxrepsol.s3.eu-west-1.amazonaws.com\/static\/2022\/11\/07080525\/https___repsolmedia.com_repsolmedia_wp-content_uploads_2022_09_JRB0776-scaled-1.jpg 600w, https:\/\/bxrepsol.s3.eu-west-1.amazonaws.com\/static\/2022\/11\/07080525\/https___repsolmedia.com_repsolmedia_wp-content_uploads_2022_09_JRB0776-scaled-1.jpg 480w, https:\/\/bxrepsol.s3.eu-west-1.amazonaws.com\/static\/2022\/11\/07080525\/https___repsolmedia.com_repsolmedia_wp-content_uploads_2022_09_JRB0776-scaled-1.jpg 32w\"\n                            title=\"https___repsolmedia.com_repsolmedia_wp-content_uploads_2022_09_JRB0776-scaled\"\n                            alt=\"\"\n                            data-title=\"\"><br \/>\n                    <\/a><br \/>\n        <button data-glide-dir=\"<\"><br \/>\n            <svg role=\"img\"  viewBox=\"0 0 256 512\">\n                <path fill=\"currentColor\" d=\"M238.475 475.535l7.071-7.07c4.686-4.686 4.686-12.284 0-16.971L50.053 256 245.546 60.506c4.686-4.686 4.686-12.284 0-16.971l-7.071-7.07c-4.686-4.686-12.284-4.686-16.97 0L10.454 247.515c-4.686 4.686-4.686 12.284 0 16.971l211.051 211.05c4.686 4.686 12.284 4.686 16.97-.001z\"><\/path>\n            <\/svg><br \/>\n        <\/button><br \/>\n        <button data-glide-dir=\">\u00ab><br \/>\n            <svg role=\"img\"  viewBox=\"0 0 256 512\">\n                <path fill=\"currentColor\" d=\"M17.525 36.465l-7.071 7.07c-4.686 4.686-4.686 12.284 0 16.971L205.947 256 10.454 451.494c-4.686 4.686-4.686 12.284 0 16.971l7.071 7.07c4.686 4.686 12.284 4.686 16.97 0l211.051-211.05c4.686-4.686 4.686-12.284 0-16.971L34.495 36.465c-4.686-4.687-12.284-4.687-16.97 0z\"><\/path>\n            <\/svg><br \/>\n        <\/button><\/p>\n<p><strong>Declaraciones de los pilotos<\/strong><\/p>\n<p><a href=\"https:\/\/twitter.com\/hashtag\/MM93?src=hashtag_click\">#MM93<\/a><\/p>\n<p>\u00abDesde la primera vez que he salido me he sentido bastante bien. Parece que las zonas en las que solemos sufrir un poco las podemos gestionar bien. Hoy he ido al ataque porque s\u00f3lo hab\u00eda una sesi\u00f3n y sab\u00eda que ma\u00f1ana puede llover, as\u00ed que entrar entre los diez primeros era importante. Vamos a ver qu\u00e9 pasa ma\u00f1ana, pero espero que llueva, porque entonces ya estaremos entre los diez primeros. Me siento muy bien con el neum\u00e1tico nuevo, pero mis sensaciones con el neum\u00e1tico viejo tambi\u00e9n son bastante buenas\u00bb.<\/p>\n<p><a href=\"https:\/\/twitter.com\/hashtag\/POL44?src=hashtag_click\">#POL44<\/a><\/p>\n<p>\u00abEstoy bastante sorprendido porque con el neum\u00e1tico medio, en otros circuitos, est\u00e1bamos sufriendo mucho, pero aqu\u00ed somos capaces de sacarle provecho. Todo ha funcionado muy bien, con mucho agarre en los bordes y tracci\u00f3n; he podido pilotar como quer\u00eda. Hoy ha sido un buen d\u00eda y con el tiempo que se prev\u00e9 para el resto del fin de semana, creo que podemos mantener esta velocidad. Es un est\u00edmulo muy bonito volver a sentirnos competitivos y hacerlo delante de la afici\u00f3n de Honda es a\u00fan mejor. Vamos a analizarlo todo bien y a volver preparados ma\u00f1ana\u00bb.<\/p>\n<p>&nbsp;<\/p>\n","protected":false},"excerpt":{"rendered":"<p>Buen arranque del Gran Premio de Jap\u00f3n para los pilotos del equipo Repsol Honda en el \u00fanico entrenamiento de la primera jornada.<\/p>\n","protected":false},"author":43146,"featured_media":75364,"comment_status":"open","ping_status":"open","sticky":false,"template":"","format":"standard","meta":{"footnotes":""},"categories":[4],"tags":[120,6,140,128],"class_list":["post-95520","post","type-post","status-publish","format-standard","hentry","category-motogp","tag-120","tag-marc-marquez","tag-motogp-japon","tag-pol-espargaro"],"yoast_head":"<!-- This site is optimized with the Yoast SEO plugin v27.3 - https:\/\/yoast.com\/product\/yoast-seo-wordpress\/ -->\n<title>Sexta y s\u00e9ptima posici\u00f3n para Marc M\u00e1rquez y Pol Espargar\u00f3 en el primer d\u00eda en Motegi - Box Repsol<\/title>\n<link rel=\"canonical\" href=\"https:\/\/www.boxrepsol.com\/es\/motogp\/sexta-y-septima-posicion-para-marc-marquez-y-pol-espargaro-en-el-primer-dia-en-motegi\/\" \/>\n<meta property=\"og:locale\" content=\"es_ES\" \/>\n<meta property=\"og:type\" content=\"article\" \/>\n<meta property=\"og:title\" content=\"Sexta y s\u00e9ptima posici\u00f3n para Marc M\u00e1rquez y Pol Espargar\u00f3 en el primer d\u00eda en Motegi - Box Repsol\" \/>\n<meta property=\"og:description\" content=\"Buen arranque del Gran Premio de Jap\u00f3n para los pilotos del equipo Repsol Honda en el \u00fanico entrenamiento de la primera jornada.\" \/>\n<meta property=\"og:url\" content=\"https:\/\/www.boxrepsol.com\/es\/motogp\/sexta-y-septima-posicion-para-marc-marquez-y-pol-espargaro-en-el-primer-dia-en-motegi\/\" \/>\n<meta property=\"og:site_name\" content=\"Box Repsol\" \/>\n<meta property=\"article:publisher\" content=\"https:\/\/www.facebook.com\/BoxRepsol\" \/>\n<meta property=\"article:author\" content=\"https:\/\/www.facebook.com\/BoxRepsol\/\" \/>\n<meta property=\"article:published_time\" content=\"2022-09-23T02:00:00+00:00\" \/>\n<meta property=\"article:modified_time\" content=\"2024-04-08T11:07:17+00:00\" \/>\n<meta property=\"og:image\" content=\"https:\/\/bxrepsol.s3.eu-west-1.amazonaws.com\/static\/2022\/11\/07080531\/https___repsolmedia.com_repsolmedia_wp-content_uploads_2022_09_JRB2908-scaled-1.jpg\" \/>\n\t<meta property=\"og:image:width\" content=\"1280\" \/>\n\t<meta property=\"og:image:height\" content=\"600\" \/>\n\t<meta property=\"og:image:type\" content=\"image\/jpeg\" \/>\n<meta name=\"author\" content=\"Redacci\u00f3n Box Repsol\" \/>\n<meta name=\"twitter:card\" content=\"summary_large_image\" \/>\n<meta name=\"twitter:creator\" content=\"@https:\/\/twitter.com\/box_repsol\" \/>\n<meta name=\"twitter:site\" content=\"@box_repsol\" \/>\n<meta name=\"twitter:label1\" content=\"Written by\" \/>\n\t<meta name=\"twitter:data1\" content=\"Redacci\u00f3n Box Repsol\" \/>\n\t<meta name=\"twitter:label2\" content=\"Est. reading time\" \/>\n\t<meta name=\"twitter:data2\" content=\"2 minutos\" \/>\n<script type=\"application\/ld+json\" class=\"yoast-schema-graph\">{\"@context\":\"https:\\\/\\\/schema.org\",\"@graph\":[{\"@type\":\"Article\",\"@id\":\"https:\\\/\\\/www.boxrepsol.com\\\/es\\\/motogp\\\/sexta-y-septima-posicion-para-marc-marquez-y-pol-espargaro-en-el-primer-dia-en-motegi\\\/#article\",\"isPartOf\":{\"@id\":\"https:\\\/\\\/www.boxrepsol.com\\\/es\\\/motogp\\\/sexta-y-septima-posicion-para-marc-marquez-y-pol-espargaro-en-el-primer-dia-en-motegi\\\/\"},\"author\":{\"name\":\"Redacci\u00f3n Box Repsol\",\"@id\":\"https:\\\/\\\/www.boxrepsol.com\\\/es\\\/#\\\/schema\\\/person\\\/c5c2138f2cca251b0ad92b7086bb60b7\"},\"headline\":\"Sexta y s\u00e9ptima posici\u00f3n para Marc M\u00e1rquez y Pol Espargar\u00f3 en el primer d\u00eda en Motegi\",\"datePublished\":\"2022-09-23T02:00:00+00:00\",\"dateModified\":\"2024-04-08T11:07:17+00:00\",\"mainEntityOfPage\":{\"@id\":\"https:\\\/\\\/www.boxrepsol.com\\\/es\\\/motogp\\\/sexta-y-septima-posicion-para-marc-marquez-y-pol-espargaro-en-el-primer-dia-en-motegi\\\/\"},\"wordCount\":429,\"commentCount\":0,\"publisher\":{\"@id\":\"https:\\\/\\\/www.boxrepsol.com\\\/es\\\/#organization\"},\"image\":{\"@id\":\"https:\\\/\\\/www.boxrepsol.com\\\/es\\\/motogp\\\/sexta-y-septima-posicion-para-marc-marquez-y-pol-espargaro-en-el-primer-dia-en-motegi\\\/#primaryimage\"},\"thumbnailUrl\":\"https:\\\/\\\/bxrepsol.s3.eu-west-1.amazonaws.com\\\/static\\\/2022\\\/11\\\/07080531\\\/https___repsolmedia.com_repsolmedia_wp-content_uploads_2022_09_JRB2908-scaled-1.jpg\",\"keywords\":[\"2022\",\"Marc M\u00e1rquez\",\"MotoGP Jap\u00f3n\",\"Pol Espargar\u00f3\"],\"articleSection\":[\"MotoGP\"],\"inLanguage\":\"es\",\"potentialAction\":[{\"@type\":\"CommentAction\",\"name\":\"Comment\",\"target\":[\"https:\\\/\\\/www.boxrepsol.com\\\/es\\\/motogp\\\/sexta-y-septima-posicion-para-marc-marquez-y-pol-espargaro-en-el-primer-dia-en-motegi\\\/#respond\"]}]},{\"@type\":\"WebPage\",\"@id\":\"https:\\\/\\\/www.boxrepsol.com\\\/es\\\/motogp\\\/sexta-y-septima-posicion-para-marc-marquez-y-pol-espargaro-en-el-primer-dia-en-motegi\\\/\",\"url\":\"https:\\\/\\\/www.boxrepsol.com\\\/es\\\/motogp\\\/sexta-y-septima-posicion-para-marc-marquez-y-pol-espargaro-en-el-primer-dia-en-motegi\\\/\",\"name\":\"Sexta y s\u00e9ptima posici\u00f3n para Marc M\u00e1rquez y Pol Espargar\u00f3 en el primer d\u00eda en Motegi - Box Repsol\",\"isPartOf\":{\"@id\":\"https:\\\/\\\/www.boxrepsol.com\\\/es\\\/#website\"},\"primaryImageOfPage\":{\"@id\":\"https:\\\/\\\/www.boxrepsol.com\\\/es\\\/motogp\\\/sexta-y-septima-posicion-para-marc-marquez-y-pol-espargaro-en-el-primer-dia-en-motegi\\\/#primaryimage\"},\"image\":{\"@id\":\"https:\\\/\\\/www.boxrepsol.com\\\/es\\\/motogp\\\/sexta-y-septima-posicion-para-marc-marquez-y-pol-espargaro-en-el-primer-dia-en-motegi\\\/#primaryimage\"},\"thumbnailUrl\":\"https:\\\/\\\/bxrepsol.s3.eu-west-1.amazonaws.com\\\/static\\\/2022\\\/11\\\/07080531\\\/https___repsolmedia.com_repsolmedia_wp-content_uploads_2022_09_JRB2908-scaled-1.jpg\",\"datePublished\":\"2022-09-23T02:00:00+00:00\",\"dateModified\":\"2024-04-08T11:07:17+00:00\",\"breadcrumb\":{\"@id\":\"https:\\\/\\\/www.boxrepsol.com\\\/es\\\/motogp\\\/sexta-y-septima-posicion-para-marc-marquez-y-pol-espargaro-en-el-primer-dia-en-motegi\\\/#breadcrumb\"},\"inLanguage\":\"es\",\"potentialAction\":[{\"@type\":\"ReadAction\",\"target\":[\"https:\\\/\\\/www.boxrepsol.com\\\/es\\\/motogp\\\/sexta-y-septima-posicion-para-marc-marquez-y-pol-espargaro-en-el-primer-dia-en-motegi\\\/\"]}]},{\"@type\":\"ImageObject\",\"inLanguage\":\"es\",\"@id\":\"https:\\\/\\\/www.boxrepsol.com\\\/es\\\/motogp\\\/sexta-y-septima-posicion-para-marc-marquez-y-pol-espargaro-en-el-primer-dia-en-motegi\\\/#primaryimage\",\"url\":\"https:\\\/\\\/bxrepsol.s3.eu-west-1.amazonaws.com\\\/static\\\/2022\\\/11\\\/07080531\\\/https___repsolmedia.com_repsolmedia_wp-content_uploads_2022_09_JRB2908-scaled-1.jpg\",\"contentUrl\":\"https:\\\/\\\/bxrepsol.s3.eu-west-1.amazonaws.com\\\/static\\\/2022\\\/11\\\/07080531\\\/https___repsolmedia.com_repsolmedia_wp-content_uploads_2022_09_JRB2908-scaled-1.jpg\",\"width\":1280,\"height\":600},{\"@type\":\"BreadcrumbList\",\"@id\":\"https:\\\/\\\/www.boxrepsol.com\\\/es\\\/motogp\\\/sexta-y-septima-posicion-para-marc-marquez-y-pol-espargaro-en-el-primer-dia-en-motegi\\\/#breadcrumb\",\"itemListElement\":[{\"@type\":\"ListItem\",\"position\":1,\"name\":\"Home\",\"item\":\"https:\\\/\\\/www.boxrepsol.com\\\/es\\\/\"},{\"@type\":\"ListItem\",\"position\":2,\"name\":\"Sexta y s\u00e9ptima posici\u00f3n para Marc M\u00e1rquez y Pol Espargar\u00f3 en el primer d\u00eda en Motegi\"}]},{\"@type\":\"WebSite\",\"@id\":\"https:\\\/\\\/www.boxrepsol.com\\\/es\\\/#website\",\"url\":\"https:\\\/\\\/www.boxrepsol.com\\\/es\\\/\",\"name\":\"Box Repsol\",\"description\":\"Box Repsol Site\",\"publisher\":{\"@id\":\"https:\\\/\\\/www.boxrepsol.com\\\/es\\\/#organization\"},\"potentialAction\":[{\"@type\":\"SearchAction\",\"target\":{\"@type\":\"EntryPoint\",\"urlTemplate\":\"https:\\\/\\\/www.boxrepsol.com\\\/es\\\/?s={search_term_string}\"},\"query-input\":{\"@type\":\"PropertyValueSpecification\",\"valueRequired\":true,\"valueName\":\"search_term_string\"}}],\"inLanguage\":\"es\"},{\"@type\":\"Organization\",\"@id\":\"https:\\\/\\\/www.boxrepsol.com\\\/es\\\/#organization\",\"name\":\"Box Repsol\",\"url\":\"https:\\\/\\\/www.boxrepsol.com\\\/es\\\/\",\"logo\":{\"@type\":\"ImageObject\",\"inLanguage\":\"es\",\"@id\":\"https:\\\/\\\/www.boxrepsol.com\\\/es\\\/#\\\/schema\\\/logo\\\/image\\\/\",\"url\":\"https:\\\/\\\/bxrepsol.s3.eu-west-1.amazonaws.com\\\/static\\\/2025\\\/07\\\/30083337\\\/favicon-96x96-1.png\",\"contentUrl\":\"https:\\\/\\\/bxrepsol.s3.eu-west-1.amazonaws.com\\\/static\\\/2025\\\/07\\\/30083337\\\/favicon-96x96-1.png\",\"width\":96,\"height\":96,\"caption\":\"Box Repsol\"},\"image\":{\"@id\":\"https:\\\/\\\/www.boxrepsol.com\\\/es\\\/#\\\/schema\\\/logo\\\/image\\\/\"},\"sameAs\":[\"https:\\\/\\\/www.facebook.com\\\/BoxRepsol\",\"https:\\\/\\\/x.com\\\/box_repsol\",\"http:\\\/\\\/instagram.com\\\/box_repsol\",\"https:\\\/\\\/www.youtube.com\\\/user\\\/RepsolCompeticion\",\"https:\\\/\\\/www.flickr.com\\\/photos\\\/box_repsol\\\/\"]},{\"@type\":\"Person\",\"@id\":\"https:\\\/\\\/www.boxrepsol.com\\\/es\\\/#\\\/schema\\\/person\\\/c5c2138f2cca251b0ad92b7086bb60b7\",\"name\":\"Redacci\u00f3n Box Repsol\",\"image\":{\"@type\":\"ImageObject\",\"inLanguage\":\"es\",\"@id\":\"https:\\\/\\\/secure.gravatar.com\\\/avatar\\\/adf7b77e38b4419baf32c7e9c21dde01f4e40df611f0978e3006fc4ba0aaab7e?s=96&d=mm&r=g\",\"url\":\"https:\\\/\\\/secure.gravatar.com\\\/avatar\\\/adf7b77e38b4419baf32c7e9c21dde01f4e40df611f0978e3006fc4ba0aaab7e?s=96&d=mm&r=g\",\"contentUrl\":\"https:\\\/\\\/secure.gravatar.com\\\/avatar\\\/adf7b77e38b4419baf32c7e9c21dde01f4e40df611f0978e3006fc4ba0aaab7e?s=96&d=mm&r=g\",\"caption\":\"Redacci\u00f3n Box Repsol\"},\"description\":\"Box Repsol lo forma un equipo de periodistas, community managers, dise\u00f1adores y fot\u00f3grafos con m\u00e1s de 20 a\u00f1os de experiencia en el mundo del motorsport. Hemos vivido el primer mundial de un espa\u00f1ol en la categor\u00eda reina de motociclismo con \u00c1lex Crivill\u00e9, estuvimos en las victorias de Pedrosa y los t\u00edtulos de M\u00e1rquez, acompa\u00f1amos en \u00c1frica a Nani Roma y Marc Coma en sus conquistas del Dakar y hemos vibrado con los t\u00edtulos de Toni Bou en Trial. Adem\u00e1s, en nuestro equipo contamos con expertos en el mundo de las dos y cuatro ruedas tanto de la calle y las carreteras, como de los circuitos. Periodistas que han trabajado en revistas y publicaciones para hacerte llegar desde rutas y consejos de mantenimiento, a curiosidades y trucos de pilotaje.\",\"sameAs\":[\"https:\\\/\\\/www.facebook.com\\\/BoxRepsol\\\/\",\"https:\\\/\\\/www.instagram.com\\\/box_repsol\\\/\",\"https:\\\/\\\/x.com\\\/https:\\\/\\\/twitter.com\\\/box_repsol\",\"https:\\\/\\\/www.youtube.com\\\/@Boxrepsol\"],\"url\":\"https:\\\/\\\/www.boxrepsol.com\\\/es\\\/author\\\/redaccion-box-repsol\\\/\"}]}<\/script>\n<!-- \/ Yoast SEO plugin. -->","yoast_head_json":{"title":"Sexta y s\u00e9ptima posici\u00f3n para Marc M\u00e1rquez y Pol Espargar\u00f3 en el primer d\u00eda en Motegi - Box Repsol","canonical":"https:\/\/www.boxrepsol.com\/es\/motogp\/sexta-y-septima-posicion-para-marc-marquez-y-pol-espargaro-en-el-primer-dia-en-motegi\/","og_locale":"es_ES","og_type":"article","og_title":"Sexta y s\u00e9ptima posici\u00f3n para Marc M\u00e1rquez y Pol Espargar\u00f3 en el primer d\u00eda en Motegi - Box Repsol","og_description":"Buen arranque del Gran Premio de Jap\u00f3n para los pilotos del equipo Repsol Honda en el \u00fanico entrenamiento de la primera jornada.","og_url":"https:\/\/www.boxrepsol.com\/es\/motogp\/sexta-y-septima-posicion-para-marc-marquez-y-pol-espargaro-en-el-primer-dia-en-motegi\/","og_site_name":"Box Repsol","article_publisher":"https:\/\/www.facebook.com\/BoxRepsol","article_author":"https:\/\/www.facebook.com\/BoxRepsol\/","article_published_time":"2022-09-23T02:00:00+00:00","article_modified_time":"2024-04-08T11:07:17+00:00","og_image":[{"width":1280,"height":600,"url":"https:\/\/bxrepsol.s3.eu-west-1.amazonaws.com\/static\/2022\/11\/07080531\/https___repsolmedia.com_repsolmedia_wp-content_uploads_2022_09_JRB2908-scaled-1.jpg","type":"image\/jpeg"}],"author":"Redacci\u00f3n Box Repsol","twitter_card":"summary_large_image","twitter_creator":"@https:\/\/twitter.com\/box_repsol","twitter_site":"@box_repsol","twitter_misc":{"Written by":"Redacci\u00f3n Box Repsol","Est. reading time":"2 minutos"},"schema":{"@context":"https:\/\/schema.org","@graph":[{"@type":"Article","@id":"https:\/\/www.boxrepsol.com\/es\/motogp\/sexta-y-septima-posicion-para-marc-marquez-y-pol-espargaro-en-el-primer-dia-en-motegi\/#article","isPartOf":{"@id":"https:\/\/www.boxrepsol.com\/es\/motogp\/sexta-y-septima-posicion-para-marc-marquez-y-pol-espargaro-en-el-primer-dia-en-motegi\/"},"author":{"name":"Redacci\u00f3n Box Repsol","@id":"https:\/\/www.boxrepsol.com\/es\/#\/schema\/person\/c5c2138f2cca251b0ad92b7086bb60b7"},"headline":"Sexta y s\u00e9ptima posici\u00f3n para Marc M\u00e1rquez y Pol Espargar\u00f3 en el primer d\u00eda en Motegi","datePublished":"2022-09-23T02:00:00+00:00","dateModified":"2024-04-08T11:07:17+00:00","mainEntityOfPage":{"@id":"https:\/\/www.boxrepsol.com\/es\/motogp\/sexta-y-septima-posicion-para-marc-marquez-y-pol-espargaro-en-el-primer-dia-en-motegi\/"},"wordCount":429,"commentCount":0,"publisher":{"@id":"https:\/\/www.boxrepsol.com\/es\/#organization"},"image":{"@id":"https:\/\/www.boxrepsol.com\/es\/motogp\/sexta-y-septima-posicion-para-marc-marquez-y-pol-espargaro-en-el-primer-dia-en-motegi\/#primaryimage"},"thumbnailUrl":"https:\/\/bxrepsol.s3.eu-west-1.amazonaws.com\/static\/2022\/11\/07080531\/https___repsolmedia.com_repsolmedia_wp-content_uploads_2022_09_JRB2908-scaled-1.jpg","keywords":["2022","Marc M\u00e1rquez","MotoGP Jap\u00f3n","Pol Espargar\u00f3"],"articleSection":["MotoGP"],"inLanguage":"es","potentialAction":[{"@type":"CommentAction","name":"Comment","target":["https:\/\/www.boxrepsol.com\/es\/motogp\/sexta-y-septima-posicion-para-marc-marquez-y-pol-espargaro-en-el-primer-dia-en-motegi\/#respond"]}]},{"@type":"WebPage","@id":"https:\/\/www.boxrepsol.com\/es\/motogp\/sexta-y-septima-posicion-para-marc-marquez-y-pol-espargaro-en-el-primer-dia-en-motegi\/","url":"https:\/\/www.boxrepsol.com\/es\/motogp\/sexta-y-septima-posicion-para-marc-marquez-y-pol-espargaro-en-el-primer-dia-en-motegi\/","name":"Sexta y s\u00e9ptima posici\u00f3n para Marc M\u00e1rquez y Pol Espargar\u00f3 en el primer d\u00eda en Motegi - Box Repsol","isPartOf":{"@id":"https:\/\/www.boxrepsol.com\/es\/#website"},"primaryImageOfPage":{"@id":"https:\/\/www.boxrepsol.com\/es\/motogp\/sexta-y-septima-posicion-para-marc-marquez-y-pol-espargaro-en-el-primer-dia-en-motegi\/#primaryimage"},"image":{"@id":"https:\/\/www.boxrepsol.com\/es\/motogp\/sexta-y-septima-posicion-para-marc-marquez-y-pol-espargaro-en-el-primer-dia-en-motegi\/#primaryimage"},"thumbnailUrl":"https:\/\/bxrepsol.s3.eu-west-1.amazonaws.com\/static\/2022\/11\/07080531\/https___repsolmedia.com_repsolmedia_wp-content_uploads_2022_09_JRB2908-scaled-1.jpg","datePublished":"2022-09-23T02:00:00+00:00","dateModified":"2024-04-08T11:07:17+00:00","breadcrumb":{"@id":"https:\/\/www.boxrepsol.com\/es\/motogp\/sexta-y-septima-posicion-para-marc-marquez-y-pol-espargaro-en-el-primer-dia-en-motegi\/#breadcrumb"},"inLanguage":"es","potentialAction":[{"@type":"ReadAction","target":["https:\/\/www.boxrepsol.com\/es\/motogp\/sexta-y-septima-posicion-para-marc-marquez-y-pol-espargaro-en-el-primer-dia-en-motegi\/"]}]},{"@type":"ImageObject","inLanguage":"es","@id":"https:\/\/www.boxrepsol.com\/es\/motogp\/sexta-y-septima-posicion-para-marc-marquez-y-pol-espargaro-en-el-primer-dia-en-motegi\/#primaryimage","url":"https:\/\/bxrepsol.s3.eu-west-1.amazonaws.com\/static\/2022\/11\/07080531\/https___repsolmedia.com_repsolmedia_wp-content_uploads_2022_09_JRB2908-scaled-1.jpg","contentUrl":"https:\/\/bxrepsol.s3.eu-west-1.amazonaws.com\/static\/2022\/11\/07080531\/https___repsolmedia.com_repsolmedia_wp-content_uploads_2022_09_JRB2908-scaled-1.jpg","width":1280,"height":600},{"@type":"BreadcrumbList","@id":"https:\/\/www.boxrepsol.com\/es\/motogp\/sexta-y-septima-posicion-para-marc-marquez-y-pol-espargaro-en-el-primer-dia-en-motegi\/#breadcrumb","itemListElement":[{"@type":"ListItem","position":1,"name":"Home","item":"https:\/\/www.boxrepsol.com\/es\/"},{"@type":"ListItem","position":2,"name":"Sexta y s\u00e9ptima posici\u00f3n para Marc M\u00e1rquez y Pol Espargar\u00f3 en el primer d\u00eda en Motegi"}]},{"@type":"WebSite","@id":"https:\/\/www.boxrepsol.com\/es\/#website","url":"https:\/\/www.boxrepsol.com\/es\/","name":"Box Repsol","description":"Box Repsol Site","publisher":{"@id":"https:\/\/www.boxrepsol.com\/es\/#organization"},"potentialAction":[{"@type":"SearchAction","target":{"@type":"EntryPoint","urlTemplate":"https:\/\/www.boxrepsol.com\/es\/?s={search_term_string}"},"query-input":{"@type":"PropertyValueSpecification","valueRequired":true,"valueName":"search_term_string"}}],"inLanguage":"es"},{"@type":"Organization","@id":"https:\/\/www.boxrepsol.com\/es\/#organization","name":"Box Repsol","url":"https:\/\/www.boxrepsol.com\/es\/","logo":{"@type":"ImageObject","inLanguage":"es","@id":"https:\/\/www.boxrepsol.com\/es\/#\/schema\/logo\/image\/","url":"https:\/\/bxrepsol.s3.eu-west-1.amazonaws.com\/static\/2025\/07\/30083337\/favicon-96x96-1.png","contentUrl":"https:\/\/bxrepsol.s3.eu-west-1.amazonaws.com\/static\/2025\/07\/30083337\/favicon-96x96-1.png","width":96,"height":96,"caption":"Box Repsol"},"image":{"@id":"https:\/\/www.boxrepsol.com\/es\/#\/schema\/logo\/image\/"},"sameAs":["https:\/\/www.facebook.com\/BoxRepsol","https:\/\/x.com\/box_repsol","http:\/\/instagram.com\/box_repsol","https:\/\/www.youtube.com\/user\/RepsolCompeticion","https:\/\/www.flickr.com\/photos\/box_repsol\/"]},{"@type":"Person","@id":"https:\/\/www.boxrepsol.com\/es\/#\/schema\/person\/c5c2138f2cca251b0ad92b7086bb60b7","name":"Redacci\u00f3n Box Repsol","image":{"@type":"ImageObject","inLanguage":"es","@id":"https:\/\/secure.gravatar.com\/avatar\/adf7b77e38b4419baf32c7e9c21dde01f4e40df611f0978e3006fc4ba0aaab7e?s=96&d=mm&r=g","url":"https:\/\/secure.gravatar.com\/avatar\/adf7b77e38b4419baf32c7e9c21dde01f4e40df611f0978e3006fc4ba0aaab7e?s=96&d=mm&r=g","contentUrl":"https:\/\/secure.gravatar.com\/avatar\/adf7b77e38b4419baf32c7e9c21dde01f4e40df611f0978e3006fc4ba0aaab7e?s=96&d=mm&r=g","caption":"Redacci\u00f3n Box Repsol"},"description":"Box Repsol lo forma un equipo de periodistas, community managers, dise\u00f1adores y fot\u00f3grafos con m\u00e1s de 20 a\u00f1os de experiencia en el mundo del motorsport. Hemos vivido el primer mundial de un espa\u00f1ol en la categor\u00eda reina de motociclismo con \u00c1lex Crivill\u00e9, estuvimos en las victorias de Pedrosa y los t\u00edtulos de M\u00e1rquez, acompa\u00f1amos en \u00c1frica a Nani Roma y Marc Coma en sus conquistas del Dakar y hemos vibrado con los t\u00edtulos de Toni Bou en Trial. Adem\u00e1s, en nuestro equipo contamos con expertos en el mundo de las dos y cuatro ruedas tanto de la calle y las carreteras, como de los circuitos. Periodistas que han trabajado en revistas y publicaciones para hacerte llegar desde rutas y consejos de mantenimiento, a curiosidades y trucos de pilotaje.","sameAs":["https:\/\/www.facebook.com\/BoxRepsol\/","https:\/\/www.instagram.com\/box_repsol\/","https:\/\/x.com\/https:\/\/twitter.com\/box_repsol","https:\/\/www.youtube.com\/@Boxrepsol"],"url":"https:\/\/www.boxrepsol.com\/es\/author\/redaccion-box-repsol\/"}]}},"_links":{"self":[{"href":"https:\/\/www.boxrepsol.com\/es\/wp-json\/wp\/v2\/posts\/95520","targetHints":{"allow":["GET"]}}],"collection":[{"href":"https:\/\/www.boxrepsol.com\/es\/wp-json\/wp\/v2\/posts"}],"about":[{"href":"https:\/\/www.boxrepsol.com\/es\/wp-json\/wp\/v2\/types\/post"}],"author":[{"embeddable":true,"href":"https:\/\/www.boxrepsol.com\/es\/wp-json\/wp\/v2\/users\/43146"}],"replies":[{"embeddable":true,"href":"https:\/\/www.boxrepsol.com\/es\/wp-json\/wp\/v2\/comments?post=95520"}],"version-history":[{"count":1,"href":"https:\/\/www.boxrepsol.com\/es\/wp-json\/wp\/v2\/posts\/95520\/revisions"}],"predecessor-version":[{"id":95521,"href":"https:\/\/www.boxrepsol.com\/es\/wp-json\/wp\/v2\/posts\/95520\/revisions\/95521"}],"wp:featuredmedia":[{"embeddable":true,"href":"https:\/\/www.boxrepsol.com\/es\/wp-json\/wp\/v2\/media\/75364"}],"wp:attachment":[{"href":"https:\/\/www.boxrepsol.com\/es\/wp-json\/wp\/v2\/media?parent=95520"}],"wp:term":[{"taxonomy":"category","embeddable":true,"href":"https:\/\/www.boxrepsol.com\/es\/wp-json\/wp\/v2\/categories?post=95520"},{"taxonomy":"post_tag","embeddable":true,"href":"https:\/\/www.boxrepsol.com\/es\/wp-json\/wp\/v2\/tags?post=95520"}],"curies":[{"name":"wp","href":"https:\/\/api.w.org\/{rel}","templated":true}]}}