{"id":95519,"date":"2022-09-22T00:00:00","date_gmt":"2022-09-22T02:00:00","guid":{"rendered":"http:\/\/pre.boxrepsol.com\/sin-categorizar\/isidre-esteve-correra-con-un-toyota-hilux-t1-hermano-del-que-gano-el-dakar-2022\/"},"modified":"2024-04-08T09:08:49","modified_gmt":"2024-04-08T11:08:49","slug":"isidre-esteve-correra-con-un-toyota-hilux-t1-hermano-del-que-gano-el-dakar-2022","status":"publish","type":"post","link":"https:\/\/www.boxrepsol.com\/es\/rally\/isidre-esteve-correra-con-un-toyota-hilux-t1-hermano-del-que-gano-el-dakar-2022\/","title":{"rendered":"Isidre Esteve correr\u00e1 con un Toyota Hilux T1+, hermano del que gan\u00f3 el Dakar 2022"},"content":{"rendered":"<p><strong>Isidre Esteve<\/strong> cambia de veh\u00edculo. El piloto ilerdense estrenar\u00e1 en el Rally de Marruecos \u2013a finales de la pr\u00f3xima semana\u2013 un Toyota Hilux T1+, muy similar al vencedor de la \u00faltima edici\u00f3n del Rally Dakar (s\u00f3lo cambia el motor) y exactamente igual al del tercer clasificado. Con este coche, el <strong>Repsol Toyota Rally Team<\/strong> estar\u00e1 en condiciones de pelear frente a frente contra la nueva \u00e9lite de la especialidad en la competici\u00f3n m\u00e1s dura del mundo. Un paso m\u00e1s tambi\u00e9n para Repsol en su empe\u00f1o por seguir evolucionando sus carburantes y lubricantes en el banco de pruebas m\u00e1s exigente.<\/p>\n<p>\u00ab<em>Pasamos a integrarnos en la categor\u00eda T1+, la m\u00e1s competitiva del Dakar, con uno de los 50 coches del m\u00e1ximo nivel que tendr\u00e1 la prueba. Hemos dado un paso adelante muy importante<\/em>\u00ab, apunta el propio Esteve.<\/p>\n<p>La experiencia dakariana acumulada y, en especial, las vivencias de 2022 obligaban al Repsol Toyota Rally Team a apostar por la categor\u00eda T1+, como se\u00f1ala Esteve: \u00ab<em>Los coches de esta divisi\u00f3n suponen un importante salto adelante a nivel t\u00e9cnico. Si quer\u00edamos seguir creciendo y ser competitivos deb\u00edamos hacernos con una de estas unidades, y lo hemos conseguido. Los primeros kil\u00f3metros de test con el Toyota Hilux T1+ confirman que el salto adelante es impresionante. Ahora podemos correr mucho m\u00e1s tomando la mitad de riesgos que el a\u00f1o pasado\u00bb<\/em>.<\/p>\n<p>El Toyota Hilux T1+ es la m\u00e1quina perfecta para la competici\u00f3n m\u00e1s dura del mundo. El gran salto adelante respecto al modelo utilizado en enero lo encontramos en el punto de contacto con el suelo: los neum\u00e1ticos. Sus cuatro ruedas han crecido ostensiblemente, ganando 14 cent\u00edmetros de di\u00e1metro y otros siete de anchura, y est\u00e1n montadas en llantas que tambi\u00e9n incrementan su di\u00e1metro, pasando de 16 a 17 pulgadas. Esta mejora, unida a la prolongaci\u00f3n del recorrido de suspensiones (de 275 a 350 mm), minimiza el riesgo de sufrir pinchazos en pistas rotas y pedregosas, lo que permitir\u00e1 a Isidre Esteve y Txema Villalobos aumentar ostensiblemente el ritmo en las especiales.<\/p>\n<p>El Hilux T1+ del Repsol Toyota Rally Team tambi\u00e9n incorpora sustanciales mejoras en el cap\u00edtulo din\u00e1mico, derivadas de una ubicaci\u00f3n m\u00e1s centrada del motor y los elementos adyacentes, como la caja de cambios, el dep\u00f3sito o las dos ruedas de recambio, y del incremento de la anchura general en 24 cm, que benefician sobremanera la estabilidad de marcha. La responsabilidad de animar al conjunto queda en manos de un propulsor de gasolina atmosf\u00e9rico V8 y 5 litros de cilindrada capaz de entregar 350 CV y 560 Nm de par m\u00e1ximo.<\/p>\n<p>La hoja de servicio de los Toyota Hilux T1+ en el Dakar es impecable. La preside, claro, el triunfo absoluto en la edici\u00f3n 2022 de Nasser Al-Attiyah y la tercera plaza de Yazeed Al-Rajhi, \u00e9xitos a los que se debe a\u00f1adir la presencia de otros cuatro modelos gemelos en el top 10 de la clasificaci\u00f3n final, que convirtieron al veh\u00edculo nip\u00f3n en el m\u00e1s fiable de la competici\u00f3n.<\/p>\n<p>Isidre Esteve y Txema Villalobos iniciar\u00e1n su andadura con la nueva montura la pr\u00f3xima semana en unos test en el norte de \u00c1frica. El debut en competici\u00f3n del equipo se producir\u00e1 el s\u00e1bado, 1 de octubre, en el Rally de Marruecos, con el apoyo renovado de Repsol, MGS Seguros, KH-7 y Toyota, a trav\u00e9s de Toyota Gazoo Racing Spain.<\/p>\n","protected":false},"excerpt":{"rendered":"<p>El modelo cop\u00f3 dos de las tres plazas del podio de la pasada edici\u00f3n y se revel\u00f3 como el veh\u00edculo m\u00e1s fiable de la prueba.<\/p>\n","protected":false},"author":43146,"featured_media":75340,"comment_status":"open","ping_status":"open","sticky":false,"template":"","format":"standard","meta":{"footnotes":""},"categories":[27],"tags":[29],"class_list":["post-95519","post","type-post","status-publish","format-standard","hentry","category-rally","tag-isidre-esteve"],"yoast_head":"<!-- This site is optimized with the Yoast SEO plugin v27.3 - https:\/\/yoast.com\/product\/yoast-seo-wordpress\/ -->\n<title>Isidre Esteve correr\u00e1 con un Toyota Hilux T1+, hermano del que gan\u00f3 el Dakar 2022 - Box Repsol<\/title>\n<meta name=\"description\" content=\"Conoce los detalles sobre la elecci\u00f3n de Isidre Esteve para competir con un Toyota Hilux T1, una m\u00e1quina que tiene un v\u00ednculo especial.\" \/>\n<link rel=\"canonical\" href=\"https:\/\/www.boxrepsol.com\/es\/rally\/isidre-esteve-correra-con-un-toyota-hilux-t1-hermano-del-que-gano-el-dakar-2022\/\" \/>\n<meta property=\"og:locale\" content=\"es_ES\" \/>\n<meta property=\"og:type\" content=\"article\" \/>\n<meta property=\"og:title\" content=\"Isidre Esteve correr\u00e1 con un Toyota Hilux T1+, hermano del que gan\u00f3 el Dakar 2022 - Box Repsol\" \/>\n<meta property=\"og:description\" content=\"Conoce los detalles sobre la elecci\u00f3n de Isidre Esteve para competir con un Toyota Hilux T1, una m\u00e1quina que tiene un v\u00ednculo especial.\" \/>\n<meta property=\"og:url\" content=\"https:\/\/www.boxrepsol.com\/es\/rally\/isidre-esteve-correra-con-un-toyota-hilux-t1-hermano-del-que-gano-el-dakar-2022\/\" \/>\n<meta property=\"og:site_name\" content=\"Box Repsol\" \/>\n<meta property=\"article:publisher\" content=\"https:\/\/www.facebook.com\/BoxRepsol\" \/>\n<meta property=\"article:author\" content=\"https:\/\/www.facebook.com\/BoxRepsol\/\" \/>\n<meta property=\"article:published_time\" content=\"2022-09-22T02:00:00+00:00\" \/>\n<meta property=\"article:modified_time\" content=\"2024-04-08T11:08:49+00:00\" \/>\n<meta property=\"og:image\" content=\"https:\/\/bxrepsol.s3.eu-west-1.amazonaws.com\/static\/2022\/11\/07080439\/Nuevo_Hilux_T1plus_Isidre_Esteve_6.jpg\" \/>\n\t<meta property=\"og:image:width\" content=\"1280\" \/>\n\t<meta property=\"og:image:height\" content=\"600\" \/>\n\t<meta property=\"og:image:type\" content=\"image\/jpeg\" \/>\n<meta name=\"author\" content=\"Redacci\u00f3n Box Repsol\" \/>\n<meta name=\"twitter:card\" content=\"summary_large_image\" \/>\n<meta name=\"twitter:creator\" content=\"@https:\/\/twitter.com\/box_repsol\" \/>\n<meta name=\"twitter:site\" content=\"@box_repsol\" \/>\n<meta name=\"twitter:label1\" content=\"Written by\" \/>\n\t<meta name=\"twitter:data1\" content=\"Redacci\u00f3n Box Repsol\" \/>\n\t<meta name=\"twitter:label2\" content=\"Est. reading time\" \/>\n\t<meta name=\"twitter:data2\" content=\"3 minutos\" \/>\n<script type=\"application\/ld+json\" class=\"yoast-schema-graph\">{\"@context\":\"https:\\\/\\\/schema.org\",\"@graph\":[{\"@type\":\"Article\",\"@id\":\"https:\\\/\\\/www.boxrepsol.com\\\/es\\\/rally\\\/isidre-esteve-correra-con-un-toyota-hilux-t1-hermano-del-que-gano-el-dakar-2022\\\/#article\",\"isPartOf\":{\"@id\":\"https:\\\/\\\/www.boxrepsol.com\\\/es\\\/rally\\\/isidre-esteve-correra-con-un-toyota-hilux-t1-hermano-del-que-gano-el-dakar-2022\\\/\"},\"author\":{\"name\":\"Redacci\u00f3n Box Repsol\",\"@id\":\"https:\\\/\\\/www.boxrepsol.com\\\/es\\\/#\\\/schema\\\/person\\\/c5c2138f2cca251b0ad92b7086bb60b7\"},\"headline\":\"Isidre Esteve correr\u00e1 con un Toyota Hilux T1+, hermano del que gan\u00f3 el Dakar 2022\",\"datePublished\":\"2022-09-22T02:00:00+00:00\",\"dateModified\":\"2024-04-08T11:08:49+00:00\",\"mainEntityOfPage\":{\"@id\":\"https:\\\/\\\/www.boxrepsol.com\\\/es\\\/rally\\\/isidre-esteve-correra-con-un-toyota-hilux-t1-hermano-del-que-gano-el-dakar-2022\\\/\"},\"wordCount\":603,\"commentCount\":0,\"publisher\":{\"@id\":\"https:\\\/\\\/www.boxrepsol.com\\\/es\\\/#organization\"},\"image\":{\"@id\":\"https:\\\/\\\/www.boxrepsol.com\\\/es\\\/rally\\\/isidre-esteve-correra-con-un-toyota-hilux-t1-hermano-del-que-gano-el-dakar-2022\\\/#primaryimage\"},\"thumbnailUrl\":\"https:\\\/\\\/bxrepsol.s3.eu-west-1.amazonaws.com\\\/static\\\/2022\\\/11\\\/07080439\\\/Nuevo_Hilux_T1plus_Isidre_Esteve_6.jpg\",\"keywords\":[\"Isidre Esteve\"],\"articleSection\":[\"Rally\"],\"inLanguage\":\"es\",\"potentialAction\":[{\"@type\":\"CommentAction\",\"name\":\"Comment\",\"target\":[\"https:\\\/\\\/www.boxrepsol.com\\\/es\\\/rally\\\/isidre-esteve-correra-con-un-toyota-hilux-t1-hermano-del-que-gano-el-dakar-2022\\\/#respond\"]}]},{\"@type\":\"WebPage\",\"@id\":\"https:\\\/\\\/www.boxrepsol.com\\\/es\\\/rally\\\/isidre-esteve-correra-con-un-toyota-hilux-t1-hermano-del-que-gano-el-dakar-2022\\\/\",\"url\":\"https:\\\/\\\/www.boxrepsol.com\\\/es\\\/rally\\\/isidre-esteve-correra-con-un-toyota-hilux-t1-hermano-del-que-gano-el-dakar-2022\\\/\",\"name\":\"Isidre Esteve correr\u00e1 con un Toyota Hilux T1+, hermano del que gan\u00f3 el Dakar 2022 - Box Repsol\",\"isPartOf\":{\"@id\":\"https:\\\/\\\/www.boxrepsol.com\\\/es\\\/#website\"},\"primaryImageOfPage\":{\"@id\":\"https:\\\/\\\/www.boxrepsol.com\\\/es\\\/rally\\\/isidre-esteve-correra-con-un-toyota-hilux-t1-hermano-del-que-gano-el-dakar-2022\\\/#primaryimage\"},\"image\":{\"@id\":\"https:\\\/\\\/www.boxrepsol.com\\\/es\\\/rally\\\/isidre-esteve-correra-con-un-toyota-hilux-t1-hermano-del-que-gano-el-dakar-2022\\\/#primaryimage\"},\"thumbnailUrl\":\"https:\\\/\\\/bxrepsol.s3.eu-west-1.amazonaws.com\\\/static\\\/2022\\\/11\\\/07080439\\\/Nuevo_Hilux_T1plus_Isidre_Esteve_6.jpg\",\"datePublished\":\"2022-09-22T02:00:00+00:00\",\"dateModified\":\"2024-04-08T11:08:49+00:00\",\"description\":\"Conoce los detalles sobre la elecci\u00f3n de Isidre Esteve para competir con un Toyota Hilux T1, una m\u00e1quina que tiene un v\u00ednculo especial.\",\"breadcrumb\":{\"@id\":\"https:\\\/\\\/www.boxrepsol.com\\\/es\\\/rally\\\/isidre-esteve-correra-con-un-toyota-hilux-t1-hermano-del-que-gano-el-dakar-2022\\\/#breadcrumb\"},\"inLanguage\":\"es\",\"potentialAction\":[{\"@type\":\"ReadAction\",\"target\":[\"https:\\\/\\\/www.boxrepsol.com\\\/es\\\/rally\\\/isidre-esteve-correra-con-un-toyota-hilux-t1-hermano-del-que-gano-el-dakar-2022\\\/\"]}]},{\"@type\":\"ImageObject\",\"inLanguage\":\"es\",\"@id\":\"https:\\\/\\\/www.boxrepsol.com\\\/es\\\/rally\\\/isidre-esteve-correra-con-un-toyota-hilux-t1-hermano-del-que-gano-el-dakar-2022\\\/#primaryimage\",\"url\":\"https:\\\/\\\/bxrepsol.s3.eu-west-1.amazonaws.com\\\/static\\\/2022\\\/11\\\/07080439\\\/Nuevo_Hilux_T1plus_Isidre_Esteve_6.jpg\",\"contentUrl\":\"https:\\\/\\\/bxrepsol.s3.eu-west-1.amazonaws.com\\\/static\\\/2022\\\/11\\\/07080439\\\/Nuevo_Hilux_T1plus_Isidre_Esteve_6.jpg\",\"width\":1280,\"height\":600},{\"@type\":\"BreadcrumbList\",\"@id\":\"https:\\\/\\\/www.boxrepsol.com\\\/es\\\/rally\\\/isidre-esteve-correra-con-un-toyota-hilux-t1-hermano-del-que-gano-el-dakar-2022\\\/#breadcrumb\",\"itemListElement\":[{\"@type\":\"ListItem\",\"position\":1,\"name\":\"Home\",\"item\":\"https:\\\/\\\/www.boxrepsol.com\\\/es\\\/\"},{\"@type\":\"ListItem\",\"position\":2,\"name\":\"Isidre Esteve correr\u00e1 con un Toyota Hilux T1+, hermano del que gan\u00f3 el Dakar 2022\"}]},{\"@type\":\"WebSite\",\"@id\":\"https:\\\/\\\/www.boxrepsol.com\\\/es\\\/#website\",\"url\":\"https:\\\/\\\/www.boxrepsol.com\\\/es\\\/\",\"name\":\"Box Repsol\",\"description\":\"Box Repsol Site\",\"publisher\":{\"@id\":\"https:\\\/\\\/www.boxrepsol.com\\\/es\\\/#organization\"},\"potentialAction\":[{\"@type\":\"SearchAction\",\"target\":{\"@type\":\"EntryPoint\",\"urlTemplate\":\"https:\\\/\\\/www.boxrepsol.com\\\/es\\\/?s={search_term_string}\"},\"query-input\":{\"@type\":\"PropertyValueSpecification\",\"valueRequired\":true,\"valueName\":\"search_term_string\"}}],\"inLanguage\":\"es\"},{\"@type\":\"Organization\",\"@id\":\"https:\\\/\\\/www.boxrepsol.com\\\/es\\\/#organization\",\"name\":\"Box Repsol\",\"url\":\"https:\\\/\\\/www.boxrepsol.com\\\/es\\\/\",\"logo\":{\"@type\":\"ImageObject\",\"inLanguage\":\"es\",\"@id\":\"https:\\\/\\\/www.boxrepsol.com\\\/es\\\/#\\\/schema\\\/logo\\\/image\\\/\",\"url\":\"https:\\\/\\\/bxrepsol.s3.eu-west-1.amazonaws.com\\\/static\\\/2025\\\/07\\\/30083337\\\/favicon-96x96-1.png\",\"contentUrl\":\"https:\\\/\\\/bxrepsol.s3.eu-west-1.amazonaws.com\\\/static\\\/2025\\\/07\\\/30083337\\\/favicon-96x96-1.png\",\"width\":96,\"height\":96,\"caption\":\"Box Repsol\"},\"image\":{\"@id\":\"https:\\\/\\\/www.boxrepsol.com\\\/es\\\/#\\\/schema\\\/logo\\\/image\\\/\"},\"sameAs\":[\"https:\\\/\\\/www.facebook.com\\\/BoxRepsol\",\"https:\\\/\\\/x.com\\\/box_repsol\",\"http:\\\/\\\/instagram.com\\\/box_repsol\",\"https:\\\/\\\/www.youtube.com\\\/user\\\/RepsolCompeticion\",\"https:\\\/\\\/www.flickr.com\\\/photos\\\/box_repsol\\\/\"]},{\"@type\":\"Person\",\"@id\":\"https:\\\/\\\/www.boxrepsol.com\\\/es\\\/#\\\/schema\\\/person\\\/c5c2138f2cca251b0ad92b7086bb60b7\",\"name\":\"Redacci\u00f3n Box Repsol\",\"image\":{\"@type\":\"ImageObject\",\"inLanguage\":\"es\",\"@id\":\"https:\\\/\\\/secure.gravatar.com\\\/avatar\\\/adf7b77e38b4419baf32c7e9c21dde01f4e40df611f0978e3006fc4ba0aaab7e?s=96&d=mm&r=g\",\"url\":\"https:\\\/\\\/secure.gravatar.com\\\/avatar\\\/adf7b77e38b4419baf32c7e9c21dde01f4e40df611f0978e3006fc4ba0aaab7e?s=96&d=mm&r=g\",\"contentUrl\":\"https:\\\/\\\/secure.gravatar.com\\\/avatar\\\/adf7b77e38b4419baf32c7e9c21dde01f4e40df611f0978e3006fc4ba0aaab7e?s=96&d=mm&r=g\",\"caption\":\"Redacci\u00f3n Box Repsol\"},\"description\":\"Box Repsol lo forma un equipo de periodistas, community managers, dise\u00f1adores y fot\u00f3grafos con m\u00e1s de 20 a\u00f1os de experiencia en el mundo del motorsport. Hemos vivido el primer mundial de un espa\u00f1ol en la categor\u00eda reina de motociclismo con \u00c1lex Crivill\u00e9, estuvimos en las victorias de Pedrosa y los t\u00edtulos de M\u00e1rquez, acompa\u00f1amos en \u00c1frica a Nani Roma y Marc Coma en sus conquistas del Dakar y hemos vibrado con los t\u00edtulos de Toni Bou en Trial. Adem\u00e1s, en nuestro equipo contamos con expertos en el mundo de las dos y cuatro ruedas tanto de la calle y las carreteras, como de los circuitos. Periodistas que han trabajado en revistas y publicaciones para hacerte llegar desde rutas y consejos de mantenimiento, a curiosidades y trucos de pilotaje.\",\"sameAs\":[\"https:\\\/\\\/www.facebook.com\\\/BoxRepsol\\\/\",\"https:\\\/\\\/www.instagram.com\\\/box_repsol\\\/\",\"https:\\\/\\\/x.com\\\/https:\\\/\\\/twitter.com\\\/box_repsol\",\"https:\\\/\\\/www.youtube.com\\\/@Boxrepsol\"],\"url\":\"https:\\\/\\\/www.boxrepsol.com\\\/es\\\/author\\\/redaccion-box-repsol\\\/\"}]}<\/script>\n<!-- \/ Yoast SEO plugin. -->","yoast_head_json":{"title":"Isidre Esteve correr\u00e1 con un Toyota Hilux T1+, hermano del que gan\u00f3 el Dakar 2022 - Box Repsol","description":"Conoce los detalles sobre la elecci\u00f3n de Isidre Esteve para competir con un Toyota Hilux T1, una m\u00e1quina que tiene un v\u00ednculo especial.","canonical":"https:\/\/www.boxrepsol.com\/es\/rally\/isidre-esteve-correra-con-un-toyota-hilux-t1-hermano-del-que-gano-el-dakar-2022\/","og_locale":"es_ES","og_type":"article","og_title":"Isidre Esteve correr\u00e1 con un Toyota Hilux T1+, hermano del que gan\u00f3 el Dakar 2022 - Box Repsol","og_description":"Conoce los detalles sobre la elecci\u00f3n de Isidre Esteve para competir con un Toyota Hilux T1, una m\u00e1quina que tiene un v\u00ednculo especial.","og_url":"https:\/\/www.boxrepsol.com\/es\/rally\/isidre-esteve-correra-con-un-toyota-hilux-t1-hermano-del-que-gano-el-dakar-2022\/","og_site_name":"Box Repsol","article_publisher":"https:\/\/www.facebook.com\/BoxRepsol","article_author":"https:\/\/www.facebook.com\/BoxRepsol\/","article_published_time":"2022-09-22T02:00:00+00:00","article_modified_time":"2024-04-08T11:08:49+00:00","og_image":[{"width":1280,"height":600,"url":"https:\/\/bxrepsol.s3.eu-west-1.amazonaws.com\/static\/2022\/11\/07080439\/Nuevo_Hilux_T1plus_Isidre_Esteve_6.jpg","type":"image\/jpeg"}],"author":"Redacci\u00f3n Box Repsol","twitter_card":"summary_large_image","twitter_creator":"@https:\/\/twitter.com\/box_repsol","twitter_site":"@box_repsol","twitter_misc":{"Written by":"Redacci\u00f3n Box Repsol","Est. reading time":"3 minutos"},"schema":{"@context":"https:\/\/schema.org","@graph":[{"@type":"Article","@id":"https:\/\/www.boxrepsol.com\/es\/rally\/isidre-esteve-correra-con-un-toyota-hilux-t1-hermano-del-que-gano-el-dakar-2022\/#article","isPartOf":{"@id":"https:\/\/www.boxrepsol.com\/es\/rally\/isidre-esteve-correra-con-un-toyota-hilux-t1-hermano-del-que-gano-el-dakar-2022\/"},"author":{"name":"Redacci\u00f3n Box Repsol","@id":"https:\/\/www.boxrepsol.com\/es\/#\/schema\/person\/c5c2138f2cca251b0ad92b7086bb60b7"},"headline":"Isidre Esteve correr\u00e1 con un Toyota Hilux T1+, hermano del que gan\u00f3 el Dakar 2022","datePublished":"2022-09-22T02:00:00+00:00","dateModified":"2024-04-08T11:08:49+00:00","mainEntityOfPage":{"@id":"https:\/\/www.boxrepsol.com\/es\/rally\/isidre-esteve-correra-con-un-toyota-hilux-t1-hermano-del-que-gano-el-dakar-2022\/"},"wordCount":603,"commentCount":0,"publisher":{"@id":"https:\/\/www.boxrepsol.com\/es\/#organization"},"image":{"@id":"https:\/\/www.boxrepsol.com\/es\/rally\/isidre-esteve-correra-con-un-toyota-hilux-t1-hermano-del-que-gano-el-dakar-2022\/#primaryimage"},"thumbnailUrl":"https:\/\/bxrepsol.s3.eu-west-1.amazonaws.com\/static\/2022\/11\/07080439\/Nuevo_Hilux_T1plus_Isidre_Esteve_6.jpg","keywords":["Isidre Esteve"],"articleSection":["Rally"],"inLanguage":"es","potentialAction":[{"@type":"CommentAction","name":"Comment","target":["https:\/\/www.boxrepsol.com\/es\/rally\/isidre-esteve-correra-con-un-toyota-hilux-t1-hermano-del-que-gano-el-dakar-2022\/#respond"]}]},{"@type":"WebPage","@id":"https:\/\/www.boxrepsol.com\/es\/rally\/isidre-esteve-correra-con-un-toyota-hilux-t1-hermano-del-que-gano-el-dakar-2022\/","url":"https:\/\/www.boxrepsol.com\/es\/rally\/isidre-esteve-correra-con-un-toyota-hilux-t1-hermano-del-que-gano-el-dakar-2022\/","name":"Isidre Esteve correr\u00e1 con un Toyota Hilux T1+, hermano del que gan\u00f3 el Dakar 2022 - Box Repsol","isPartOf":{"@id":"https:\/\/www.boxrepsol.com\/es\/#website"},"primaryImageOfPage":{"@id":"https:\/\/www.boxrepsol.com\/es\/rally\/isidre-esteve-correra-con-un-toyota-hilux-t1-hermano-del-que-gano-el-dakar-2022\/#primaryimage"},"image":{"@id":"https:\/\/www.boxrepsol.com\/es\/rally\/isidre-esteve-correra-con-un-toyota-hilux-t1-hermano-del-que-gano-el-dakar-2022\/#primaryimage"},"thumbnailUrl":"https:\/\/bxrepsol.s3.eu-west-1.amazonaws.com\/static\/2022\/11\/07080439\/Nuevo_Hilux_T1plus_Isidre_Esteve_6.jpg","datePublished":"2022-09-22T02:00:00+00:00","dateModified":"2024-04-08T11:08:49+00:00","description":"Conoce los detalles sobre la elecci\u00f3n de Isidre Esteve para competir con un Toyota Hilux T1, una m\u00e1quina que tiene un v\u00ednculo especial.","breadcrumb":{"@id":"https:\/\/www.boxrepsol.com\/es\/rally\/isidre-esteve-correra-con-un-toyota-hilux-t1-hermano-del-que-gano-el-dakar-2022\/#breadcrumb"},"inLanguage":"es","potentialAction":[{"@type":"ReadAction","target":["https:\/\/www.boxrepsol.com\/es\/rally\/isidre-esteve-correra-con-un-toyota-hilux-t1-hermano-del-que-gano-el-dakar-2022\/"]}]},{"@type":"ImageObject","inLanguage":"es","@id":"https:\/\/www.boxrepsol.com\/es\/rally\/isidre-esteve-correra-con-un-toyota-hilux-t1-hermano-del-que-gano-el-dakar-2022\/#primaryimage","url":"https:\/\/bxrepsol.s3.eu-west-1.amazonaws.com\/static\/2022\/11\/07080439\/Nuevo_Hilux_T1plus_Isidre_Esteve_6.jpg","contentUrl":"https:\/\/bxrepsol.s3.eu-west-1.amazonaws.com\/static\/2022\/11\/07080439\/Nuevo_Hilux_T1plus_Isidre_Esteve_6.jpg","width":1280,"height":600},{"@type":"BreadcrumbList","@id":"https:\/\/www.boxrepsol.com\/es\/rally\/isidre-esteve-correra-con-un-toyota-hilux-t1-hermano-del-que-gano-el-dakar-2022\/#breadcrumb","itemListElement":[{"@type":"ListItem","position":1,"name":"Home","item":"https:\/\/www.boxrepsol.com\/es\/"},{"@type":"ListItem","position":2,"name":"Isidre Esteve correr\u00e1 con un Toyota Hilux T1+, hermano del que gan\u00f3 el Dakar 2022"}]},{"@type":"WebSite","@id":"https:\/\/www.boxrepsol.com\/es\/#website","url":"https:\/\/www.boxrepsol.com\/es\/","name":"Box Repsol","description":"Box Repsol Site","publisher":{"@id":"https:\/\/www.boxrepsol.com\/es\/#organization"},"potentialAction":[{"@type":"SearchAction","target":{"@type":"EntryPoint","urlTemplate":"https:\/\/www.boxrepsol.com\/es\/?s={search_term_string}"},"query-input":{"@type":"PropertyValueSpecification","valueRequired":true,"valueName":"search_term_string"}}],"inLanguage":"es"},{"@type":"Organization","@id":"https:\/\/www.boxrepsol.com\/es\/#organization","name":"Box Repsol","url":"https:\/\/www.boxrepsol.com\/es\/","logo":{"@type":"ImageObject","inLanguage":"es","@id":"https:\/\/www.boxrepsol.com\/es\/#\/schema\/logo\/image\/","url":"https:\/\/bxrepsol.s3.eu-west-1.amazonaws.com\/static\/2025\/07\/30083337\/favicon-96x96-1.png","contentUrl":"https:\/\/bxrepsol.s3.eu-west-1.amazonaws.com\/static\/2025\/07\/30083337\/favicon-96x96-1.png","width":96,"height":96,"caption":"Box Repsol"},"image":{"@id":"https:\/\/www.boxrepsol.com\/es\/#\/schema\/logo\/image\/"},"sameAs":["https:\/\/www.facebook.com\/BoxRepsol","https:\/\/x.com\/box_repsol","http:\/\/instagram.com\/box_repsol","https:\/\/www.youtube.com\/user\/RepsolCompeticion","https:\/\/www.flickr.com\/photos\/box_repsol\/"]},{"@type":"Person","@id":"https:\/\/www.boxrepsol.com\/es\/#\/schema\/person\/c5c2138f2cca251b0ad92b7086bb60b7","name":"Redacci\u00f3n Box Repsol","image":{"@type":"ImageObject","inLanguage":"es","@id":"https:\/\/secure.gravatar.com\/avatar\/adf7b77e38b4419baf32c7e9c21dde01f4e40df611f0978e3006fc4ba0aaab7e?s=96&d=mm&r=g","url":"https:\/\/secure.gravatar.com\/avatar\/adf7b77e38b4419baf32c7e9c21dde01f4e40df611f0978e3006fc4ba0aaab7e?s=96&d=mm&r=g","contentUrl":"https:\/\/secure.gravatar.com\/avatar\/adf7b77e38b4419baf32c7e9c21dde01f4e40df611f0978e3006fc4ba0aaab7e?s=96&d=mm&r=g","caption":"Redacci\u00f3n Box Repsol"},"description":"Box Repsol lo forma un equipo de periodistas, community managers, dise\u00f1adores y fot\u00f3grafos con m\u00e1s de 20 a\u00f1os de experiencia en el mundo del motorsport. Hemos vivido el primer mundial de un espa\u00f1ol en la categor\u00eda reina de motociclismo con \u00c1lex Crivill\u00e9, estuvimos en las victorias de Pedrosa y los t\u00edtulos de M\u00e1rquez, acompa\u00f1amos en \u00c1frica a Nani Roma y Marc Coma en sus conquistas del Dakar y hemos vibrado con los t\u00edtulos de Toni Bou en Trial. Adem\u00e1s, en nuestro equipo contamos con expertos en el mundo de las dos y cuatro ruedas tanto de la calle y las carreteras, como de los circuitos. Periodistas que han trabajado en revistas y publicaciones para hacerte llegar desde rutas y consejos de mantenimiento, a curiosidades y trucos de pilotaje.","sameAs":["https:\/\/www.facebook.com\/BoxRepsol\/","https:\/\/www.instagram.com\/box_repsol\/","https:\/\/x.com\/https:\/\/twitter.com\/box_repsol","https:\/\/www.youtube.com\/@Boxrepsol"],"url":"https:\/\/www.boxrepsol.com\/es\/author\/redaccion-box-repsol\/"}]}},"_links":{"self":[{"href":"https:\/\/www.boxrepsol.com\/es\/wp-json\/wp\/v2\/posts\/95519","targetHints":{"allow":["GET"]}}],"collection":[{"href":"https:\/\/www.boxrepsol.com\/es\/wp-json\/wp\/v2\/posts"}],"about":[{"href":"https:\/\/www.boxrepsol.com\/es\/wp-json\/wp\/v2\/types\/post"}],"author":[{"embeddable":true,"href":"https:\/\/www.boxrepsol.com\/es\/wp-json\/wp\/v2\/users\/43146"}],"replies":[{"embeddable":true,"href":"https:\/\/www.boxrepsol.com\/es\/wp-json\/wp\/v2\/comments?post=95519"}],"version-history":[{"count":1,"href":"https:\/\/www.boxrepsol.com\/es\/wp-json\/wp\/v2\/posts\/95519\/revisions"}],"predecessor-version":[{"id":109256,"href":"https:\/\/www.boxrepsol.com\/es\/wp-json\/wp\/v2\/posts\/95519\/revisions\/109256"}],"wp:featuredmedia":[{"embeddable":true,"href":"https:\/\/www.boxrepsol.com\/es\/wp-json\/wp\/v2\/media\/75340"}],"wp:attachment":[{"href":"https:\/\/www.boxrepsol.com\/es\/wp-json\/wp\/v2\/media?parent=95519"}],"wp:term":[{"taxonomy":"category","embeddable":true,"href":"https:\/\/www.boxrepsol.com\/es\/wp-json\/wp\/v2\/categories?post=95519"},{"taxonomy":"post_tag","embeddable":true,"href":"https:\/\/www.boxrepsol.com\/es\/wp-json\/wp\/v2\/tags?post=95519"}],"curies":[{"name":"wp","href":"https:\/\/api.w.org\/{rel}","templated":true}]}}