{"id":95514,"date":"2022-09-20T00:00:00","date_gmt":"2022-09-20T02:00:00","guid":{"rendered":"http:\/\/pre.boxrepsol.com\/sin-categorizar\/el-equipo-repsol-honda-empieza-en-japon-la-gira-asiatica-2022\/"},"modified":"2024-04-08T09:09:08","modified_gmt":"2024-04-08T11:09:08","slug":"el-equipo-repsol-honda-empieza-en-japon-la-gira-asiatica-2022","status":"publish","type":"post","link":"https:\/\/www.boxrepsol.com\/es\/motogp\/el-equipo-repsol-honda-empieza-en-japon-la-gira-asiatica-2022\/","title":{"rendered":"El equipo Repsol Honda empieza en Jap\u00f3n la gira asi\u00e1tica 2022"},"content":{"rendered":"<p>Tras la celebraci\u00f3n el pasado domingo del Gran Premio de Arag\u00f3n, el Campeonato del Mundo de MotoGP pone rumbo a Asia tras dos a\u00f1os de ausencia por la pandemia, donde el <strong>Gran Premio de Jap\u00f3n<\/strong> que se disputar\u00e1 este fin de semana dar\u00e1 inicio a la \u00ab<em>gira asi\u00e1tica\u00bb<\/em> 2022. MotoGP visitar\u00e1 durante las pr\u00f3ximas semanas \u2013con una semana de pausa entre la segunda y la tercera carrera\u2013, Jap\u00f3n, Tailandia, Australia y Malasia.<\/p>\n<p><strong>Marc M\u00e1rquez<\/strong> llega al circuito del <strong>Twin Ring Motegi<\/strong> con el objetivo de completar su primera carrera despu\u00e9s de la cuarta operaci\u00f3n a la que se someti\u00f3 a principios de junio. El piloto del equipo <strong>Repsol Honda<\/strong> no acab\u00f3 la primera vuelta en Motorland Arag\u00f3n y espera poder tener un fin de semana sin sobresaltos en Jap\u00f3n.<\/p>\n<p>En este trazado, Gran Premio de casa para <strong>Honda HRC,<\/strong> M\u00e1rquez ha conseguido 9 podios entre las tres categor\u00edas \u20131 victoria en 125cc, 1 victoria y un segundo en Moto2 y 3 victorias y tres segundos puestos en MotoGP\u2013.<\/p>\n<p><strong>Pol Espargar\u00f3<\/strong> afronta el mes de octubre en Asia y Ocean\u00eda con el objetivo de seguir sumando puntos. El piloto del equipo Repsol Honda tambi\u00e9n sabe lo que es subir al podio de Motegi, acumulando en su palmar\u00e9s un tercer puesto en 125cc y un segundo y una victoria en Moto2, una victoria que le sirvi\u00f3 para proclamarse Campe\u00f3n del Mundo de Moto2 en 2013.<\/p>\n<p>                    <a\n                        href=\"https:\/\/bxrepsol.s3.eu-west-1.amazonaws.com\/static\/2022\/11\/07080334\/https___repsolmedia.com_repsolmedia_wp-content_uploads_2022_09_JRB1245-scaled-1.jpg\"\n                        data-index=\"0\"\n                    ><br \/>\n                        <img decoding=\"async\"\n                            src=\"https:\/\/bxrepsol.s3.eu-west-1.amazonaws.com\/static\/2022\/11\/07080334\/https___repsolmedia.com_repsolmedia_wp-content_uploads_2022_09_JRB1245-scaled-1.jpg\"\n                            srcset=\"https:\/\/bxrepsol.s3.eu-west-1.amazonaws.com\/static\/2022\/11\/07080334\/https___repsolmedia.com_repsolmedia_wp-content_uploads_2022_09_JRB1245-scaled-1.jpg 2560w, https:\/\/bxrepsol.s3.eu-west-1.amazonaws.com\/static\/2022\/11\/07080334\/https___repsolmedia.com_repsolmedia_wp-content_uploads_2022_09_JRB1245-scaled-1.jpg 1280w, https:\/\/bxrepsol.s3.eu-west-1.amazonaws.com\/static\/2022\/11\/07080334\/https___repsolmedia.com_repsolmedia_wp-content_uploads_2022_09_JRB1245-scaled-1.jpg 900w, https:\/\/bxrepsol.s3.eu-west-1.amazonaws.com\/static\/2022\/11\/07080334\/https___repsolmedia.com_repsolmedia_wp-content_uploads_2022_09_JRB1245-scaled-1.jpg 600w, https:\/\/bxrepsol.s3.eu-west-1.amazonaws.com\/static\/2022\/11\/07080334\/https___repsolmedia.com_repsolmedia_wp-content_uploads_2022_09_JRB1245-scaled-1.jpg 480w, https:\/\/bxrepsol.s3.eu-west-1.amazonaws.com\/static\/2022\/11\/07080334\/https___repsolmedia.com_repsolmedia_wp-content_uploads_2022_09_JRB1245-scaled-1.jpg 32w\"\n                            title=\"https___repsolmedia.com_repsolmedia_wp-content_uploads_2022_09_JRB1245-scaled\"\n                            alt=\"\"\n                            data-title=\"\"><br \/>\n                    <\/a><br \/>\n                    <a\n                        href=\"https:\/\/bxrepsol.s3.eu-west-1.amazonaws.com\/static\/2022\/11\/07080337\/https___repsolmedia.com_repsolmedia_wp-content_uploads_2022_09_JRB2333-2-scaled-1.jpg\"\n                        data-index=\"1\"\n                    ><br \/>\n                        <img decoding=\"async\"\n                            src=\"https:\/\/bxrepsol.s3.eu-west-1.amazonaws.com\/static\/2022\/11\/07080337\/https___repsolmedia.com_repsolmedia_wp-content_uploads_2022_09_JRB2333-2-scaled-1.jpg\"\n                            srcset=\"https:\/\/bxrepsol.s3.eu-west-1.amazonaws.com\/static\/2022\/11\/07080337\/https___repsolmedia.com_repsolmedia_wp-content_uploads_2022_09_JRB2333-2-scaled-1.jpg 2560w, https:\/\/bxrepsol.s3.eu-west-1.amazonaws.com\/static\/2022\/11\/07080337\/https___repsolmedia.com_repsolmedia_wp-content_uploads_2022_09_JRB2333-2-scaled-1.jpg 1280w, https:\/\/bxrepsol.s3.eu-west-1.amazonaws.com\/static\/2022\/11\/07080337\/https___repsolmedia.com_repsolmedia_wp-content_uploads_2022_09_JRB2333-2-scaled-1.jpg 900w, https:\/\/bxrepsol.s3.eu-west-1.amazonaws.com\/static\/2022\/11\/07080337\/https___repsolmedia.com_repsolmedia_wp-content_uploads_2022_09_JRB2333-2-scaled-1.jpg 600w, https:\/\/bxrepsol.s3.eu-west-1.amazonaws.com\/static\/2022\/11\/07080337\/https___repsolmedia.com_repsolmedia_wp-content_uploads_2022_09_JRB2333-2-scaled-1.jpg 480w, https:\/\/bxrepsol.s3.eu-west-1.amazonaws.com\/static\/2022\/11\/07080337\/https___repsolmedia.com_repsolmedia_wp-content_uploads_2022_09_JRB2333-2-scaled-1.jpg 32w\"\n                            title=\"https___repsolmedia.com_repsolmedia_wp-content_uploads_2022_09_JRB2333-2-scaled\"\n                            alt=\"\"\n                            data-title=\"\"><br \/>\n                    <\/a><br \/>\n                    <a\n                        href=\"https:\/\/bxrepsol.s3.eu-west-1.amazonaws.com\/static\/2022\/11\/07080340\/https___repsolmedia.com_repsolmedia_wp-content_uploads_2022_09_JRB7405-scaled-1.jpg\"\n                        data-index=\"2\"\n                    ><br \/>\n                        <img decoding=\"async\"\n                            src=\"https:\/\/bxrepsol.s3.eu-west-1.amazonaws.com\/static\/2022\/11\/07080340\/https___repsolmedia.com_repsolmedia_wp-content_uploads_2022_09_JRB7405-scaled-1.jpg\"\n                            srcset=\"https:\/\/bxrepsol.s3.eu-west-1.amazonaws.com\/static\/2022\/11\/07080340\/https___repsolmedia.com_repsolmedia_wp-content_uploads_2022_09_JRB7405-scaled-1.jpg 2560w, https:\/\/bxrepsol.s3.eu-west-1.amazonaws.com\/static\/2022\/11\/07080340\/https___repsolmedia.com_repsolmedia_wp-content_uploads_2022_09_JRB7405-scaled-1.jpg 1280w, https:\/\/bxrepsol.s3.eu-west-1.amazonaws.com\/static\/2022\/11\/07080340\/https___repsolmedia.com_repsolmedia_wp-content_uploads_2022_09_JRB7405-scaled-1.jpg 900w, https:\/\/bxrepsol.s3.eu-west-1.amazonaws.com\/static\/2022\/11\/07080340\/https___repsolmedia.com_repsolmedia_wp-content_uploads_2022_09_JRB7405-scaled-1.jpg 600w, https:\/\/bxrepsol.s3.eu-west-1.amazonaws.com\/static\/2022\/11\/07080340\/https___repsolmedia.com_repsolmedia_wp-content_uploads_2022_09_JRB7405-scaled-1.jpg 480w, https:\/\/bxrepsol.s3.eu-west-1.amazonaws.com\/static\/2022\/11\/07080340\/https___repsolmedia.com_repsolmedia_wp-content_uploads_2022_09_JRB7405-scaled-1.jpg 32w\"\n                            title=\"https___repsolmedia.com_repsolmedia_wp-content_uploads_2022_09_JRB7405-scaled\"\n                            alt=\"\"\n                            data-title=\"\"><br \/>\n                    <\/a><br \/>\n                    <a\n                        href=\"https:\/\/bxrepsol.s3.eu-west-1.amazonaws.com\/static\/2022\/11\/07080344\/https___repsolmedia.com_repsolmedia_wp-content_uploads_2022_09_JRB6932-scaled-1.jpg\"\n                        data-index=\"3\"\n                    ><br \/>\n                        <img decoding=\"async\"\n                            src=\"https:\/\/bxrepsol.s3.eu-west-1.amazonaws.com\/static\/2022\/11\/07080344\/https___repsolmedia.com_repsolmedia_wp-content_uploads_2022_09_JRB6932-scaled-1.jpg\"\n                            srcset=\"https:\/\/bxrepsol.s3.eu-west-1.amazonaws.com\/static\/2022\/11\/07080344\/https___repsolmedia.com_repsolmedia_wp-content_uploads_2022_09_JRB6932-scaled-1.jpg 2560w, https:\/\/bxrepsol.s3.eu-west-1.amazonaws.com\/static\/2022\/11\/07080344\/https___repsolmedia.com_repsolmedia_wp-content_uploads_2022_09_JRB6932-scaled-1.jpg 1280w, https:\/\/bxrepsol.s3.eu-west-1.amazonaws.com\/static\/2022\/11\/07080344\/https___repsolmedia.com_repsolmedia_wp-content_uploads_2022_09_JRB6932-scaled-1.jpg 900w, https:\/\/bxrepsol.s3.eu-west-1.amazonaws.com\/static\/2022\/11\/07080344\/https___repsolmedia.com_repsolmedia_wp-content_uploads_2022_09_JRB6932-scaled-1.jpg 600w, https:\/\/bxrepsol.s3.eu-west-1.amazonaws.com\/static\/2022\/11\/07080344\/https___repsolmedia.com_repsolmedia_wp-content_uploads_2022_09_JRB6932-scaled-1.jpg 480w, https:\/\/bxrepsol.s3.eu-west-1.amazonaws.com\/static\/2022\/11\/07080344\/https___repsolmedia.com_repsolmedia_wp-content_uploads_2022_09_JRB6932-scaled-1.jpg 32w\"\n                            title=\"https___repsolmedia.com_repsolmedia_wp-content_uploads_2022_09_JRB6932-scaled\"\n                            alt=\"\"\n                            data-title=\"\"><br \/>\n                    <\/a><br \/>\n                    <a\n                        href=\"https:\/\/bxrepsol.s3.eu-west-1.amazonaws.com\/static\/2022\/11\/07080347\/https___repsolmedia.com_repsolmedia_wp-content_uploads_2022_09_JRB8178-scaled-1.jpg\"\n                        data-index=\"4\"\n                    ><br \/>\n                        <img decoding=\"async\"\n                            src=\"https:\/\/bxrepsol.s3.eu-west-1.amazonaws.com\/static\/2022\/11\/07080347\/https___repsolmedia.com_repsolmedia_wp-content_uploads_2022_09_JRB8178-scaled-1.jpg\"\n                            srcset=\"https:\/\/bxrepsol.s3.eu-west-1.amazonaws.com\/static\/2022\/11\/07080347\/https___repsolmedia.com_repsolmedia_wp-content_uploads_2022_09_JRB8178-scaled-1.jpg 2560w, https:\/\/bxrepsol.s3.eu-west-1.amazonaws.com\/static\/2022\/11\/07080347\/https___repsolmedia.com_repsolmedia_wp-content_uploads_2022_09_JRB8178-scaled-1.jpg 1280w, https:\/\/bxrepsol.s3.eu-west-1.amazonaws.com\/static\/2022\/11\/07080347\/https___repsolmedia.com_repsolmedia_wp-content_uploads_2022_09_JRB8178-scaled-1.jpg 900w, https:\/\/bxrepsol.s3.eu-west-1.amazonaws.com\/static\/2022\/11\/07080347\/https___repsolmedia.com_repsolmedia_wp-content_uploads_2022_09_JRB8178-scaled-1.jpg 600w, https:\/\/bxrepsol.s3.eu-west-1.amazonaws.com\/static\/2022\/11\/07080347\/https___repsolmedia.com_repsolmedia_wp-content_uploads_2022_09_JRB8178-scaled-1.jpg 480w, https:\/\/bxrepsol.s3.eu-west-1.amazonaws.com\/static\/2022\/11\/07080347\/https___repsolmedia.com_repsolmedia_wp-content_uploads_2022_09_JRB8178-scaled-1.jpg 32w\"\n                            title=\"https___repsolmedia.com_repsolmedia_wp-content_uploads_2022_09_JRB8178-scaled\"\n                            alt=\"\"\n                            data-title=\"\"><br \/>\n                    <\/a><br \/>\n        <button data-glide-dir=\"<\"><br \/>\n            <svg role=\"img\"  viewBox=\"0 0 256 512\">\n                <path fill=\"currentColor\" d=\"M238.475 475.535l7.071-7.07c4.686-4.686 4.686-12.284 0-16.971L50.053 256 245.546 60.506c4.686-4.686 4.686-12.284 0-16.971l-7.071-7.07c-4.686-4.686-12.284-4.686-16.97 0L10.454 247.515c-4.686 4.686-4.686 12.284 0 16.971l211.051 211.05c4.686 4.686 12.284 4.686 16.97-.001z\"><\/path>\n            <\/svg><br \/>\n        <\/button><br \/>\n        <button data-glide-dir=\">\u00ab><br \/>\n            <svg role=\"img\"  viewBox=\"0 0 256 512\">\n                <path fill=\"currentColor\" d=\"M17.525 36.465l-7.071 7.07c-4.686 4.686-4.686 12.284 0 16.971L205.947 256 10.454 451.494c-4.686 4.686-4.686 12.284 0 16.971l7.071 7.07c4.686 4.686 12.284 4.686 16.97 0l211.051-211.05c4.686-4.686 4.686-12.284 0-16.971L34.495 36.465c-4.686-4.687-12.284-4.687-16.97 0z\"><\/path>\n            <\/svg><br \/>\n        <\/button><\/p>\n<p><strong>Declaraciones de los pilotos<\/strong><\/p>\n<p><a href=\"https:\/\/twitter.com\/hashtag\/MM93?src=hashtag_click\">#MM93<\/a><\/p>\n<p>\u00abEstoy muy emocionado de volver a Jap\u00f3n, es la carrera de casa de Honda, es un circuito divertido y los aficionados son siempre incre\u00edbles. En Motegi puede haber todo tipo de condiciones meteorol\u00f3gicas, as\u00ed que tendremos que estar atentos a lo que ocurra. Adem\u00e1s, con el cambio de horario ser\u00e1n dos d\u00edas y medio muy intensos, pero me siento bien f\u00edsicamente despu\u00e9s de Arag\u00f3n. Vamos a disfrutar de un fin de semana de regreso a Jap\u00f3n y a seguir trabajando en nuestro camino hacia la recuperaci\u00f3n total y el desarrollo de la moto\u00bb.<\/p>\n<p><a href=\"https:\/\/twitter.com\/hashtag\/POL44?src=hashtag_click\">#POL44<\/a><\/p>\n<p>\u00abHemos tenido un fin de semana dif\u00edcil en Arag\u00f3n, pero ir a la casa de Honda, ver la f\u00e1brica y reunirnos con los aficionados japoneses nos da, sin duda, un impulso extra. El ambiente es siempre incre\u00edble en Jap\u00f3n, as\u00ed que quiero seguir trabajando duro para dar un buen espect\u00e1culo a todos los que nos apoyan. Para m\u00ed tambi\u00e9n es un circuito especial porque en 2013 gan\u00e9 all\u00ed el Campeonato del Mundo de Moto2. Vamos a crear m\u00e1s buenos recuerdos all\u00ed este a\u00f1o\u00bb.<\/p>\n<p>&nbsp;<\/p>\n","protected":false},"excerpt":{"rendered":"<p>Marc M\u00e1rquez y Pol Espargar\u00f3 viajar\u00e1n esta semana a Motegi para disputar el Gran Premio de Jap\u00f3n, primera cita de las cuatro que se disputar\u00e1n en territorio asi\u00e1tico y en Ocean\u00eda.<\/p>\n","protected":false},"author":43146,"featured_media":75304,"comment_status":"open","ping_status":"open","sticky":false,"template":"","format":"standard","meta":{"footnotes":""},"categories":[4],"tags":[120,6,140,128],"class_list":["post-95514","post","type-post","status-publish","format-standard","hentry","category-motogp","tag-120","tag-marc-marquez","tag-motogp-japon","tag-pol-espargaro"],"yoast_head":"<!-- This site is optimized with the Yoast SEO plugin v27.3 - https:\/\/yoast.com\/product\/yoast-seo-wordpress\/ -->\n<title>El equipo Repsol Honda empieza en Jap\u00f3n la gira asi\u00e1tica 2022 - Box Repsol<\/title>\n<link rel=\"canonical\" href=\"https:\/\/www.boxrepsol.com\/es\/motogp\/el-equipo-repsol-honda-empieza-en-japon-la-gira-asiatica-2022\/\" \/>\n<meta property=\"og:locale\" content=\"es_ES\" \/>\n<meta property=\"og:type\" content=\"article\" \/>\n<meta property=\"og:title\" content=\"El equipo Repsol Honda empieza en Jap\u00f3n la gira asi\u00e1tica 2022 - Box Repsol\" \/>\n<meta property=\"og:description\" content=\"Marc M\u00e1rquez y Pol Espargar\u00f3 viajar\u00e1n esta semana a Motegi para disputar el Gran Premio de Jap\u00f3n, primera cita de las cuatro que se disputar\u00e1n en territorio asi\u00e1tico y en Ocean\u00eda.\" \/>\n<meta property=\"og:url\" content=\"https:\/\/www.boxrepsol.com\/es\/motogp\/el-equipo-repsol-honda-empieza-en-japon-la-gira-asiatica-2022\/\" \/>\n<meta property=\"og:site_name\" content=\"Box Repsol\" \/>\n<meta property=\"article:publisher\" content=\"https:\/\/www.facebook.com\/BoxRepsol\" \/>\n<meta property=\"article:author\" content=\"https:\/\/www.facebook.com\/BoxRepsol\/\" \/>\n<meta property=\"article:published_time\" content=\"2022-09-20T02:00:00+00:00\" \/>\n<meta property=\"article:modified_time\" content=\"2024-04-08T11:09:08+00:00\" \/>\n<meta property=\"og:image\" content=\"https:\/\/bxrepsol.s3.eu-west-1.amazonaws.com\/static\/2022\/11\/07080352\/https___repsolmedia.com_repsolmedia_wp-content_uploads_2022_09_JRB2003-scaled-1.jpg\" \/>\n\t<meta property=\"og:image:width\" content=\"1280\" \/>\n\t<meta property=\"og:image:height\" content=\"600\" \/>\n\t<meta property=\"og:image:type\" content=\"image\/jpeg\" \/>\n<meta name=\"author\" content=\"Redacci\u00f3n Box Repsol\" \/>\n<meta name=\"twitter:card\" content=\"summary_large_image\" \/>\n<meta name=\"twitter:creator\" content=\"@https:\/\/twitter.com\/box_repsol\" \/>\n<meta name=\"twitter:site\" content=\"@box_repsol\" \/>\n<meta name=\"twitter:label1\" content=\"Written by\" \/>\n\t<meta name=\"twitter:data1\" content=\"Redacci\u00f3n Box Repsol\" \/>\n\t<meta name=\"twitter:label2\" content=\"Est. reading time\" \/>\n\t<meta name=\"twitter:data2\" content=\"2 minutos\" \/>\n<script type=\"application\/ld+json\" class=\"yoast-schema-graph\">{\"@context\":\"https:\\\/\\\/schema.org\",\"@graph\":[{\"@type\":\"Article\",\"@id\":\"https:\\\/\\\/www.boxrepsol.com\\\/es\\\/motogp\\\/el-equipo-repsol-honda-empieza-en-japon-la-gira-asiatica-2022\\\/#article\",\"isPartOf\":{\"@id\":\"https:\\\/\\\/www.boxrepsol.com\\\/es\\\/motogp\\\/el-equipo-repsol-honda-empieza-en-japon-la-gira-asiatica-2022\\\/\"},\"author\":{\"name\":\"Redacci\u00f3n Box Repsol\",\"@id\":\"https:\\\/\\\/www.boxrepsol.com\\\/es\\\/#\\\/schema\\\/person\\\/c5c2138f2cca251b0ad92b7086bb60b7\"},\"headline\":\"El equipo Repsol Honda empieza en Jap\u00f3n la gira asi\u00e1tica 2022\",\"datePublished\":\"2022-09-20T02:00:00+00:00\",\"dateModified\":\"2024-04-08T11:09:08+00:00\",\"mainEntityOfPage\":{\"@id\":\"https:\\\/\\\/www.boxrepsol.com\\\/es\\\/motogp\\\/el-equipo-repsol-honda-empieza-en-japon-la-gira-asiatica-2022\\\/\"},\"wordCount\":459,\"commentCount\":0,\"publisher\":{\"@id\":\"https:\\\/\\\/www.boxrepsol.com\\\/es\\\/#organization\"},\"image\":{\"@id\":\"https:\\\/\\\/www.boxrepsol.com\\\/es\\\/motogp\\\/el-equipo-repsol-honda-empieza-en-japon-la-gira-asiatica-2022\\\/#primaryimage\"},\"thumbnailUrl\":\"https:\\\/\\\/bxrepsol.s3.eu-west-1.amazonaws.com\\\/static\\\/2022\\\/11\\\/07080352\\\/https___repsolmedia.com_repsolmedia_wp-content_uploads_2022_09_JRB2003-scaled-1.jpg\",\"keywords\":[\"2022\",\"Marc M\u00e1rquez\",\"MotoGP Jap\u00f3n\",\"Pol Espargar\u00f3\"],\"articleSection\":[\"MotoGP\"],\"inLanguage\":\"es\",\"potentialAction\":[{\"@type\":\"CommentAction\",\"name\":\"Comment\",\"target\":[\"https:\\\/\\\/www.boxrepsol.com\\\/es\\\/motogp\\\/el-equipo-repsol-honda-empieza-en-japon-la-gira-asiatica-2022\\\/#respond\"]}]},{\"@type\":\"WebPage\",\"@id\":\"https:\\\/\\\/www.boxrepsol.com\\\/es\\\/motogp\\\/el-equipo-repsol-honda-empieza-en-japon-la-gira-asiatica-2022\\\/\",\"url\":\"https:\\\/\\\/www.boxrepsol.com\\\/es\\\/motogp\\\/el-equipo-repsol-honda-empieza-en-japon-la-gira-asiatica-2022\\\/\",\"name\":\"El equipo Repsol Honda empieza en Jap\u00f3n la gira asi\u00e1tica 2022 - Box Repsol\",\"isPartOf\":{\"@id\":\"https:\\\/\\\/www.boxrepsol.com\\\/es\\\/#website\"},\"primaryImageOfPage\":{\"@id\":\"https:\\\/\\\/www.boxrepsol.com\\\/es\\\/motogp\\\/el-equipo-repsol-honda-empieza-en-japon-la-gira-asiatica-2022\\\/#primaryimage\"},\"image\":{\"@id\":\"https:\\\/\\\/www.boxrepsol.com\\\/es\\\/motogp\\\/el-equipo-repsol-honda-empieza-en-japon-la-gira-asiatica-2022\\\/#primaryimage\"},\"thumbnailUrl\":\"https:\\\/\\\/bxrepsol.s3.eu-west-1.amazonaws.com\\\/static\\\/2022\\\/11\\\/07080352\\\/https___repsolmedia.com_repsolmedia_wp-content_uploads_2022_09_JRB2003-scaled-1.jpg\",\"datePublished\":\"2022-09-20T02:00:00+00:00\",\"dateModified\":\"2024-04-08T11:09:08+00:00\",\"breadcrumb\":{\"@id\":\"https:\\\/\\\/www.boxrepsol.com\\\/es\\\/motogp\\\/el-equipo-repsol-honda-empieza-en-japon-la-gira-asiatica-2022\\\/#breadcrumb\"},\"inLanguage\":\"es\",\"potentialAction\":[{\"@type\":\"ReadAction\",\"target\":[\"https:\\\/\\\/www.boxrepsol.com\\\/es\\\/motogp\\\/el-equipo-repsol-honda-empieza-en-japon-la-gira-asiatica-2022\\\/\"]}]},{\"@type\":\"ImageObject\",\"inLanguage\":\"es\",\"@id\":\"https:\\\/\\\/www.boxrepsol.com\\\/es\\\/motogp\\\/el-equipo-repsol-honda-empieza-en-japon-la-gira-asiatica-2022\\\/#primaryimage\",\"url\":\"https:\\\/\\\/bxrepsol.s3.eu-west-1.amazonaws.com\\\/static\\\/2022\\\/11\\\/07080352\\\/https___repsolmedia.com_repsolmedia_wp-content_uploads_2022_09_JRB2003-scaled-1.jpg\",\"contentUrl\":\"https:\\\/\\\/bxrepsol.s3.eu-west-1.amazonaws.com\\\/static\\\/2022\\\/11\\\/07080352\\\/https___repsolmedia.com_repsolmedia_wp-content_uploads_2022_09_JRB2003-scaled-1.jpg\",\"width\":1280,\"height\":600},{\"@type\":\"BreadcrumbList\",\"@id\":\"https:\\\/\\\/www.boxrepsol.com\\\/es\\\/motogp\\\/el-equipo-repsol-honda-empieza-en-japon-la-gira-asiatica-2022\\\/#breadcrumb\",\"itemListElement\":[{\"@type\":\"ListItem\",\"position\":1,\"name\":\"Home\",\"item\":\"https:\\\/\\\/www.boxrepsol.com\\\/es\\\/\"},{\"@type\":\"ListItem\",\"position\":2,\"name\":\"El equipo Repsol Honda empieza en Jap\u00f3n la gira asi\u00e1tica 2022\"}]},{\"@type\":\"WebSite\",\"@id\":\"https:\\\/\\\/www.boxrepsol.com\\\/es\\\/#website\",\"url\":\"https:\\\/\\\/www.boxrepsol.com\\\/es\\\/\",\"name\":\"Box Repsol\",\"description\":\"Box Repsol Site\",\"publisher\":{\"@id\":\"https:\\\/\\\/www.boxrepsol.com\\\/es\\\/#organization\"},\"potentialAction\":[{\"@type\":\"SearchAction\",\"target\":{\"@type\":\"EntryPoint\",\"urlTemplate\":\"https:\\\/\\\/www.boxrepsol.com\\\/es\\\/?s={search_term_string}\"},\"query-input\":{\"@type\":\"PropertyValueSpecification\",\"valueRequired\":true,\"valueName\":\"search_term_string\"}}],\"inLanguage\":\"es\"},{\"@type\":\"Organization\",\"@id\":\"https:\\\/\\\/www.boxrepsol.com\\\/es\\\/#organization\",\"name\":\"Box Repsol\",\"url\":\"https:\\\/\\\/www.boxrepsol.com\\\/es\\\/\",\"logo\":{\"@type\":\"ImageObject\",\"inLanguage\":\"es\",\"@id\":\"https:\\\/\\\/www.boxrepsol.com\\\/es\\\/#\\\/schema\\\/logo\\\/image\\\/\",\"url\":\"https:\\\/\\\/bxrepsol.s3.eu-west-1.amazonaws.com\\\/static\\\/2025\\\/07\\\/30083337\\\/favicon-96x96-1.png\",\"contentUrl\":\"https:\\\/\\\/bxrepsol.s3.eu-west-1.amazonaws.com\\\/static\\\/2025\\\/07\\\/30083337\\\/favicon-96x96-1.png\",\"width\":96,\"height\":96,\"caption\":\"Box Repsol\"},\"image\":{\"@id\":\"https:\\\/\\\/www.boxrepsol.com\\\/es\\\/#\\\/schema\\\/logo\\\/image\\\/\"},\"sameAs\":[\"https:\\\/\\\/www.facebook.com\\\/BoxRepsol\",\"https:\\\/\\\/x.com\\\/box_repsol\",\"http:\\\/\\\/instagram.com\\\/box_repsol\",\"https:\\\/\\\/www.youtube.com\\\/user\\\/RepsolCompeticion\",\"https:\\\/\\\/www.flickr.com\\\/photos\\\/box_repsol\\\/\"]},{\"@type\":\"Person\",\"@id\":\"https:\\\/\\\/www.boxrepsol.com\\\/es\\\/#\\\/schema\\\/person\\\/c5c2138f2cca251b0ad92b7086bb60b7\",\"name\":\"Redacci\u00f3n Box Repsol\",\"image\":{\"@type\":\"ImageObject\",\"inLanguage\":\"es\",\"@id\":\"https:\\\/\\\/secure.gravatar.com\\\/avatar\\\/adf7b77e38b4419baf32c7e9c21dde01f4e40df611f0978e3006fc4ba0aaab7e?s=96&d=mm&r=g\",\"url\":\"https:\\\/\\\/secure.gravatar.com\\\/avatar\\\/adf7b77e38b4419baf32c7e9c21dde01f4e40df611f0978e3006fc4ba0aaab7e?s=96&d=mm&r=g\",\"contentUrl\":\"https:\\\/\\\/secure.gravatar.com\\\/avatar\\\/adf7b77e38b4419baf32c7e9c21dde01f4e40df611f0978e3006fc4ba0aaab7e?s=96&d=mm&r=g\",\"caption\":\"Redacci\u00f3n Box Repsol\"},\"description\":\"Box Repsol lo forma un equipo de periodistas, community managers, dise\u00f1adores y fot\u00f3grafos con m\u00e1s de 20 a\u00f1os de experiencia en el mundo del motorsport. Hemos vivido el primer mundial de un espa\u00f1ol en la categor\u00eda reina de motociclismo con \u00c1lex Crivill\u00e9, estuvimos en las victorias de Pedrosa y los t\u00edtulos de M\u00e1rquez, acompa\u00f1amos en \u00c1frica a Nani Roma y Marc Coma en sus conquistas del Dakar y hemos vibrado con los t\u00edtulos de Toni Bou en Trial. Adem\u00e1s, en nuestro equipo contamos con expertos en el mundo de las dos y cuatro ruedas tanto de la calle y las carreteras, como de los circuitos. Periodistas que han trabajado en revistas y publicaciones para hacerte llegar desde rutas y consejos de mantenimiento, a curiosidades y trucos de pilotaje.\",\"sameAs\":[\"https:\\\/\\\/www.facebook.com\\\/BoxRepsol\\\/\",\"https:\\\/\\\/www.instagram.com\\\/box_repsol\\\/\",\"https:\\\/\\\/x.com\\\/https:\\\/\\\/twitter.com\\\/box_repsol\",\"https:\\\/\\\/www.youtube.com\\\/@Boxrepsol\"],\"url\":\"https:\\\/\\\/www.boxrepsol.com\\\/es\\\/author\\\/redaccion-box-repsol\\\/\"}]}<\/script>\n<!-- \/ Yoast SEO plugin. -->","yoast_head_json":{"title":"El equipo Repsol Honda empieza en Jap\u00f3n la gira asi\u00e1tica 2022 - Box Repsol","canonical":"https:\/\/www.boxrepsol.com\/es\/motogp\/el-equipo-repsol-honda-empieza-en-japon-la-gira-asiatica-2022\/","og_locale":"es_ES","og_type":"article","og_title":"El equipo Repsol Honda empieza en Jap\u00f3n la gira asi\u00e1tica 2022 - Box Repsol","og_description":"Marc M\u00e1rquez y Pol Espargar\u00f3 viajar\u00e1n esta semana a Motegi para disputar el Gran Premio de Jap\u00f3n, primera cita de las cuatro que se disputar\u00e1n en territorio asi\u00e1tico y en Ocean\u00eda.","og_url":"https:\/\/www.boxrepsol.com\/es\/motogp\/el-equipo-repsol-honda-empieza-en-japon-la-gira-asiatica-2022\/","og_site_name":"Box Repsol","article_publisher":"https:\/\/www.facebook.com\/BoxRepsol","article_author":"https:\/\/www.facebook.com\/BoxRepsol\/","article_published_time":"2022-09-20T02:00:00+00:00","article_modified_time":"2024-04-08T11:09:08+00:00","og_image":[{"width":1280,"height":600,"url":"https:\/\/bxrepsol.s3.eu-west-1.amazonaws.com\/static\/2022\/11\/07080352\/https___repsolmedia.com_repsolmedia_wp-content_uploads_2022_09_JRB2003-scaled-1.jpg","type":"image\/jpeg"}],"author":"Redacci\u00f3n Box Repsol","twitter_card":"summary_large_image","twitter_creator":"@https:\/\/twitter.com\/box_repsol","twitter_site":"@box_repsol","twitter_misc":{"Written by":"Redacci\u00f3n Box Repsol","Est. reading time":"2 minutos"},"schema":{"@context":"https:\/\/schema.org","@graph":[{"@type":"Article","@id":"https:\/\/www.boxrepsol.com\/es\/motogp\/el-equipo-repsol-honda-empieza-en-japon-la-gira-asiatica-2022\/#article","isPartOf":{"@id":"https:\/\/www.boxrepsol.com\/es\/motogp\/el-equipo-repsol-honda-empieza-en-japon-la-gira-asiatica-2022\/"},"author":{"name":"Redacci\u00f3n Box Repsol","@id":"https:\/\/www.boxrepsol.com\/es\/#\/schema\/person\/c5c2138f2cca251b0ad92b7086bb60b7"},"headline":"El equipo Repsol Honda empieza en Jap\u00f3n la gira asi\u00e1tica 2022","datePublished":"2022-09-20T02:00:00+00:00","dateModified":"2024-04-08T11:09:08+00:00","mainEntityOfPage":{"@id":"https:\/\/www.boxrepsol.com\/es\/motogp\/el-equipo-repsol-honda-empieza-en-japon-la-gira-asiatica-2022\/"},"wordCount":459,"commentCount":0,"publisher":{"@id":"https:\/\/www.boxrepsol.com\/es\/#organization"},"image":{"@id":"https:\/\/www.boxrepsol.com\/es\/motogp\/el-equipo-repsol-honda-empieza-en-japon-la-gira-asiatica-2022\/#primaryimage"},"thumbnailUrl":"https:\/\/bxrepsol.s3.eu-west-1.amazonaws.com\/static\/2022\/11\/07080352\/https___repsolmedia.com_repsolmedia_wp-content_uploads_2022_09_JRB2003-scaled-1.jpg","keywords":["2022","Marc M\u00e1rquez","MotoGP Jap\u00f3n","Pol Espargar\u00f3"],"articleSection":["MotoGP"],"inLanguage":"es","potentialAction":[{"@type":"CommentAction","name":"Comment","target":["https:\/\/www.boxrepsol.com\/es\/motogp\/el-equipo-repsol-honda-empieza-en-japon-la-gira-asiatica-2022\/#respond"]}]},{"@type":"WebPage","@id":"https:\/\/www.boxrepsol.com\/es\/motogp\/el-equipo-repsol-honda-empieza-en-japon-la-gira-asiatica-2022\/","url":"https:\/\/www.boxrepsol.com\/es\/motogp\/el-equipo-repsol-honda-empieza-en-japon-la-gira-asiatica-2022\/","name":"El equipo Repsol Honda empieza en Jap\u00f3n la gira asi\u00e1tica 2022 - Box Repsol","isPartOf":{"@id":"https:\/\/www.boxrepsol.com\/es\/#website"},"primaryImageOfPage":{"@id":"https:\/\/www.boxrepsol.com\/es\/motogp\/el-equipo-repsol-honda-empieza-en-japon-la-gira-asiatica-2022\/#primaryimage"},"image":{"@id":"https:\/\/www.boxrepsol.com\/es\/motogp\/el-equipo-repsol-honda-empieza-en-japon-la-gira-asiatica-2022\/#primaryimage"},"thumbnailUrl":"https:\/\/bxrepsol.s3.eu-west-1.amazonaws.com\/static\/2022\/11\/07080352\/https___repsolmedia.com_repsolmedia_wp-content_uploads_2022_09_JRB2003-scaled-1.jpg","datePublished":"2022-09-20T02:00:00+00:00","dateModified":"2024-04-08T11:09:08+00:00","breadcrumb":{"@id":"https:\/\/www.boxrepsol.com\/es\/motogp\/el-equipo-repsol-honda-empieza-en-japon-la-gira-asiatica-2022\/#breadcrumb"},"inLanguage":"es","potentialAction":[{"@type":"ReadAction","target":["https:\/\/www.boxrepsol.com\/es\/motogp\/el-equipo-repsol-honda-empieza-en-japon-la-gira-asiatica-2022\/"]}]},{"@type":"ImageObject","inLanguage":"es","@id":"https:\/\/www.boxrepsol.com\/es\/motogp\/el-equipo-repsol-honda-empieza-en-japon-la-gira-asiatica-2022\/#primaryimage","url":"https:\/\/bxrepsol.s3.eu-west-1.amazonaws.com\/static\/2022\/11\/07080352\/https___repsolmedia.com_repsolmedia_wp-content_uploads_2022_09_JRB2003-scaled-1.jpg","contentUrl":"https:\/\/bxrepsol.s3.eu-west-1.amazonaws.com\/static\/2022\/11\/07080352\/https___repsolmedia.com_repsolmedia_wp-content_uploads_2022_09_JRB2003-scaled-1.jpg","width":1280,"height":600},{"@type":"BreadcrumbList","@id":"https:\/\/www.boxrepsol.com\/es\/motogp\/el-equipo-repsol-honda-empieza-en-japon-la-gira-asiatica-2022\/#breadcrumb","itemListElement":[{"@type":"ListItem","position":1,"name":"Home","item":"https:\/\/www.boxrepsol.com\/es\/"},{"@type":"ListItem","position":2,"name":"El equipo Repsol Honda empieza en Jap\u00f3n la gira asi\u00e1tica 2022"}]},{"@type":"WebSite","@id":"https:\/\/www.boxrepsol.com\/es\/#website","url":"https:\/\/www.boxrepsol.com\/es\/","name":"Box Repsol","description":"Box Repsol Site","publisher":{"@id":"https:\/\/www.boxrepsol.com\/es\/#organization"},"potentialAction":[{"@type":"SearchAction","target":{"@type":"EntryPoint","urlTemplate":"https:\/\/www.boxrepsol.com\/es\/?s={search_term_string}"},"query-input":{"@type":"PropertyValueSpecification","valueRequired":true,"valueName":"search_term_string"}}],"inLanguage":"es"},{"@type":"Organization","@id":"https:\/\/www.boxrepsol.com\/es\/#organization","name":"Box Repsol","url":"https:\/\/www.boxrepsol.com\/es\/","logo":{"@type":"ImageObject","inLanguage":"es","@id":"https:\/\/www.boxrepsol.com\/es\/#\/schema\/logo\/image\/","url":"https:\/\/bxrepsol.s3.eu-west-1.amazonaws.com\/static\/2025\/07\/30083337\/favicon-96x96-1.png","contentUrl":"https:\/\/bxrepsol.s3.eu-west-1.amazonaws.com\/static\/2025\/07\/30083337\/favicon-96x96-1.png","width":96,"height":96,"caption":"Box Repsol"},"image":{"@id":"https:\/\/www.boxrepsol.com\/es\/#\/schema\/logo\/image\/"},"sameAs":["https:\/\/www.facebook.com\/BoxRepsol","https:\/\/x.com\/box_repsol","http:\/\/instagram.com\/box_repsol","https:\/\/www.youtube.com\/user\/RepsolCompeticion","https:\/\/www.flickr.com\/photos\/box_repsol\/"]},{"@type":"Person","@id":"https:\/\/www.boxrepsol.com\/es\/#\/schema\/person\/c5c2138f2cca251b0ad92b7086bb60b7","name":"Redacci\u00f3n Box Repsol","image":{"@type":"ImageObject","inLanguage":"es","@id":"https:\/\/secure.gravatar.com\/avatar\/adf7b77e38b4419baf32c7e9c21dde01f4e40df611f0978e3006fc4ba0aaab7e?s=96&d=mm&r=g","url":"https:\/\/secure.gravatar.com\/avatar\/adf7b77e38b4419baf32c7e9c21dde01f4e40df611f0978e3006fc4ba0aaab7e?s=96&d=mm&r=g","contentUrl":"https:\/\/secure.gravatar.com\/avatar\/adf7b77e38b4419baf32c7e9c21dde01f4e40df611f0978e3006fc4ba0aaab7e?s=96&d=mm&r=g","caption":"Redacci\u00f3n Box Repsol"},"description":"Box Repsol lo forma un equipo de periodistas, community managers, dise\u00f1adores y fot\u00f3grafos con m\u00e1s de 20 a\u00f1os de experiencia en el mundo del motorsport. Hemos vivido el primer mundial de un espa\u00f1ol en la categor\u00eda reina de motociclismo con \u00c1lex Crivill\u00e9, estuvimos en las victorias de Pedrosa y los t\u00edtulos de M\u00e1rquez, acompa\u00f1amos en \u00c1frica a Nani Roma y Marc Coma en sus conquistas del Dakar y hemos vibrado con los t\u00edtulos de Toni Bou en Trial. Adem\u00e1s, en nuestro equipo contamos con expertos en el mundo de las dos y cuatro ruedas tanto de la calle y las carreteras, como de los circuitos. Periodistas que han trabajado en revistas y publicaciones para hacerte llegar desde rutas y consejos de mantenimiento, a curiosidades y trucos de pilotaje.","sameAs":["https:\/\/www.facebook.com\/BoxRepsol\/","https:\/\/www.instagram.com\/box_repsol\/","https:\/\/x.com\/https:\/\/twitter.com\/box_repsol","https:\/\/www.youtube.com\/@Boxrepsol"],"url":"https:\/\/www.boxrepsol.com\/es\/author\/redaccion-box-repsol\/"}]}},"_links":{"self":[{"href":"https:\/\/www.boxrepsol.com\/es\/wp-json\/wp\/v2\/posts\/95514","targetHints":{"allow":["GET"]}}],"collection":[{"href":"https:\/\/www.boxrepsol.com\/es\/wp-json\/wp\/v2\/posts"}],"about":[{"href":"https:\/\/www.boxrepsol.com\/es\/wp-json\/wp\/v2\/types\/post"}],"author":[{"embeddable":true,"href":"https:\/\/www.boxrepsol.com\/es\/wp-json\/wp\/v2\/users\/43146"}],"replies":[{"embeddable":true,"href":"https:\/\/www.boxrepsol.com\/es\/wp-json\/wp\/v2\/comments?post=95514"}],"version-history":[{"count":1,"href":"https:\/\/www.boxrepsol.com\/es\/wp-json\/wp\/v2\/posts\/95514\/revisions"}],"predecessor-version":[{"id":95515,"href":"https:\/\/www.boxrepsol.com\/es\/wp-json\/wp\/v2\/posts\/95514\/revisions\/95515"}],"wp:featuredmedia":[{"embeddable":true,"href":"https:\/\/www.boxrepsol.com\/es\/wp-json\/wp\/v2\/media\/75304"}],"wp:attachment":[{"href":"https:\/\/www.boxrepsol.com\/es\/wp-json\/wp\/v2\/media?parent=95514"}],"wp:term":[{"taxonomy":"category","embeddable":true,"href":"https:\/\/www.boxrepsol.com\/es\/wp-json\/wp\/v2\/categories?post=95514"},{"taxonomy":"post_tag","embeddable":true,"href":"https:\/\/www.boxrepsol.com\/es\/wp-json\/wp\/v2\/tags?post=95514"}],"curies":[{"name":"wp","href":"https:\/\/api.w.org\/{rel}","templated":true}]}}