{"id":95506,"date":"2022-09-16T00:00:00","date_gmt":"2022-09-16T02:00:00","guid":{"rendered":"http:\/\/pre.boxrepsol.com\/sin-categorizar\/marc-marquez-octavo-en-su-regreso-a-la-accion\/"},"modified":"2024-04-08T09:10:44","modified_gmt":"2024-04-08T11:10:44","slug":"marc-marquez-octavo-en-su-regreso-a-la-accion","status":"publish","type":"post","link":"https:\/\/www.boxrepsol.com\/es\/motogp\/marc-marquez-octavo-en-su-regreso-a-la-accion\/","title":{"rendered":"Marc M\u00e1rquez, octavo en su regreso a la acci\u00f3n"},"content":{"rendered":"<p>Despu\u00e9s de varios meses, el equipo <strong>Repsol Honda<\/strong> ha vuelto a disputar hoy la primera jornada de entrenamientos libres de un Gran Premio con sus dos pilotos oficiales.<\/p>\n<p><strong>Marc M\u00e1rquez<\/strong> ha regresado a la pista de manera oficial despu\u00e9s de realizar la semana pasada el test de Misano, concluyendo los dos primeros entrenamientos del <strong>Gran Premio de Arag\u00f3n<\/strong> con buenas sensaciones. El piloto del equipo <strong>Repsol Honda<\/strong> ha registrado un mejor tiempo de 1 minuto, 47 segundos y 761 mil\u00e9simas, tiempo que le ha situado octavo en la tabla de tiempos combinados.<\/p>\n<p><strong>Pol Espargar\u00f3<\/strong> sigue trabajando duro para adaptarse y mejorar sus resultados a los mandos de su Honda RC213V. Con un mejor registro de 1 minuto, 48 segundos y 743 mil\u00e9simas, el piloto de equipo <strong>Repsol Honda<\/strong> ha terminado vig\u00e9simo tercero en esta primera jornada de entrenamientos.<\/p>\n<p>                    <a\n                        href=\"https:\/\/bxrepsol.s3.eu-west-1.amazonaws.com\/static\/2022\/11\/07080101\/https___repsolmedia.com_repsolmedia_wp-content_uploads_2022_09_JRB3427-scaled-1.jpg\"\n                        data-index=\"0\"\n                    ><br \/>\n                        <img decoding=\"async\"\n                            src=\"https:\/\/bxrepsol.s3.eu-west-1.amazonaws.com\/static\/2022\/11\/07080101\/https___repsolmedia.com_repsolmedia_wp-content_uploads_2022_09_JRB3427-scaled-1.jpg\"\n                            srcset=\"https:\/\/bxrepsol.s3.eu-west-1.amazonaws.com\/static\/2022\/11\/07080101\/https___repsolmedia.com_repsolmedia_wp-content_uploads_2022_09_JRB3427-scaled-1.jpg 2560w, https:\/\/bxrepsol.s3.eu-west-1.amazonaws.com\/static\/2022\/11\/07080101\/https___repsolmedia.com_repsolmedia_wp-content_uploads_2022_09_JRB3427-scaled-1.jpg 1280w, https:\/\/bxrepsol.s3.eu-west-1.amazonaws.com\/static\/2022\/11\/07080101\/https___repsolmedia.com_repsolmedia_wp-content_uploads_2022_09_JRB3427-scaled-1.jpg 900w, https:\/\/bxrepsol.s3.eu-west-1.amazonaws.com\/static\/2022\/11\/07080101\/https___repsolmedia.com_repsolmedia_wp-content_uploads_2022_09_JRB3427-scaled-1.jpg 600w, https:\/\/bxrepsol.s3.eu-west-1.amazonaws.com\/static\/2022\/11\/07080101\/https___repsolmedia.com_repsolmedia_wp-content_uploads_2022_09_JRB3427-scaled-1.jpg 480w, https:\/\/bxrepsol.s3.eu-west-1.amazonaws.com\/static\/2022\/11\/07080101\/https___repsolmedia.com_repsolmedia_wp-content_uploads_2022_09_JRB3427-scaled-1.jpg 32w\"\n                            title=\"https___repsolmedia.com_repsolmedia_wp-content_uploads_2022_09_JRB3427-scaled\"\n                            alt=\"\"\n                            data-title=\"\"><br \/>\n                    <\/a><br \/>\n                    <a\n                        href=\"https:\/\/bxrepsol.s3.eu-west-1.amazonaws.com\/static\/2022\/11\/07080105\/https___repsolmedia.com_repsolmedia_wp-content_uploads_2022_09_JRB0508-scaled-1.jpg\"\n                        data-index=\"1\"\n                    ><br \/>\n                        <img decoding=\"async\"\n                            src=\"https:\/\/bxrepsol.s3.eu-west-1.amazonaws.com\/static\/2022\/11\/07080105\/https___repsolmedia.com_repsolmedia_wp-content_uploads_2022_09_JRB0508-scaled-1.jpg\"\n                            srcset=\"https:\/\/bxrepsol.s3.eu-west-1.amazonaws.com\/static\/2022\/11\/07080105\/https___repsolmedia.com_repsolmedia_wp-content_uploads_2022_09_JRB0508-scaled-1.jpg 2560w, https:\/\/bxrepsol.s3.eu-west-1.amazonaws.com\/static\/2022\/11\/07080105\/https___repsolmedia.com_repsolmedia_wp-content_uploads_2022_09_JRB0508-scaled-1.jpg 1280w, https:\/\/bxrepsol.s3.eu-west-1.amazonaws.com\/static\/2022\/11\/07080105\/https___repsolmedia.com_repsolmedia_wp-content_uploads_2022_09_JRB0508-scaled-1.jpg 900w, https:\/\/bxrepsol.s3.eu-west-1.amazonaws.com\/static\/2022\/11\/07080105\/https___repsolmedia.com_repsolmedia_wp-content_uploads_2022_09_JRB0508-scaled-1.jpg 600w, https:\/\/bxrepsol.s3.eu-west-1.amazonaws.com\/static\/2022\/11\/07080105\/https___repsolmedia.com_repsolmedia_wp-content_uploads_2022_09_JRB0508-scaled-1.jpg 480w, https:\/\/bxrepsol.s3.eu-west-1.amazonaws.com\/static\/2022\/11\/07080105\/https___repsolmedia.com_repsolmedia_wp-content_uploads_2022_09_JRB0508-scaled-1.jpg 32w\"\n                            title=\"https___repsolmedia.com_repsolmedia_wp-content_uploads_2022_09_JRB0508-scaled\"\n                            alt=\"\"\n                            data-title=\"\"><br \/>\n                    <\/a><br \/>\n                    <a\n                        href=\"https:\/\/bxrepsol.s3.eu-west-1.amazonaws.com\/static\/2022\/11\/07080109\/https___repsolmedia.com_repsolmedia_wp-content_uploads_2022_09_JRB0539-scaled-1.jpg\"\n                        data-index=\"2\"\n                    ><br \/>\n                        <img decoding=\"async\"\n                            src=\"https:\/\/bxrepsol.s3.eu-west-1.amazonaws.com\/static\/2022\/11\/07080109\/https___repsolmedia.com_repsolmedia_wp-content_uploads_2022_09_JRB0539-scaled-1.jpg\"\n                            srcset=\"https:\/\/bxrepsol.s3.eu-west-1.amazonaws.com\/static\/2022\/11\/07080109\/https___repsolmedia.com_repsolmedia_wp-content_uploads_2022_09_JRB0539-scaled-1.jpg 2560w, https:\/\/bxrepsol.s3.eu-west-1.amazonaws.com\/static\/2022\/11\/07080109\/https___repsolmedia.com_repsolmedia_wp-content_uploads_2022_09_JRB0539-scaled-1.jpg 1280w, https:\/\/bxrepsol.s3.eu-west-1.amazonaws.com\/static\/2022\/11\/07080109\/https___repsolmedia.com_repsolmedia_wp-content_uploads_2022_09_JRB0539-scaled-1.jpg 900w, https:\/\/bxrepsol.s3.eu-west-1.amazonaws.com\/static\/2022\/11\/07080109\/https___repsolmedia.com_repsolmedia_wp-content_uploads_2022_09_JRB0539-scaled-1.jpg 600w, https:\/\/bxrepsol.s3.eu-west-1.amazonaws.com\/static\/2022\/11\/07080109\/https___repsolmedia.com_repsolmedia_wp-content_uploads_2022_09_JRB0539-scaled-1.jpg 480w, https:\/\/bxrepsol.s3.eu-west-1.amazonaws.com\/static\/2022\/11\/07080109\/https___repsolmedia.com_repsolmedia_wp-content_uploads_2022_09_JRB0539-scaled-1.jpg 32w\"\n                            title=\"https___repsolmedia.com_repsolmedia_wp-content_uploads_2022_09_JRB0539-scaled\"\n                            alt=\"\"\n                            data-title=\"\"><br \/>\n                    <\/a><br \/>\n                    <a\n                        href=\"https:\/\/bxrepsol.s3.eu-west-1.amazonaws.com\/static\/2022\/11\/07080112\/https___repsolmedia.com_repsolmedia_wp-content_uploads_2022_09_JRB2285-scaled-1.jpg\"\n                        data-index=\"3\"\n                    ><br \/>\n                        <img decoding=\"async\"\n                            src=\"https:\/\/bxrepsol.s3.eu-west-1.amazonaws.com\/static\/2022\/11\/07080112\/https___repsolmedia.com_repsolmedia_wp-content_uploads_2022_09_JRB2285-scaled-1.jpg\"\n                            srcset=\"https:\/\/bxrepsol.s3.eu-west-1.amazonaws.com\/static\/2022\/11\/07080112\/https___repsolmedia.com_repsolmedia_wp-content_uploads_2022_09_JRB2285-scaled-1.jpg 2560w, https:\/\/bxrepsol.s3.eu-west-1.amazonaws.com\/static\/2022\/11\/07080112\/https___repsolmedia.com_repsolmedia_wp-content_uploads_2022_09_JRB2285-scaled-1.jpg 1280w, https:\/\/bxrepsol.s3.eu-west-1.amazonaws.com\/static\/2022\/11\/07080112\/https___repsolmedia.com_repsolmedia_wp-content_uploads_2022_09_JRB2285-scaled-1.jpg 900w, https:\/\/bxrepsol.s3.eu-west-1.amazonaws.com\/static\/2022\/11\/07080112\/https___repsolmedia.com_repsolmedia_wp-content_uploads_2022_09_JRB2285-scaled-1.jpg 600w, https:\/\/bxrepsol.s3.eu-west-1.amazonaws.com\/static\/2022\/11\/07080112\/https___repsolmedia.com_repsolmedia_wp-content_uploads_2022_09_JRB2285-scaled-1.jpg 480w, https:\/\/bxrepsol.s3.eu-west-1.amazonaws.com\/static\/2022\/11\/07080112\/https___repsolmedia.com_repsolmedia_wp-content_uploads_2022_09_JRB2285-scaled-1.jpg 32w\"\n                            title=\"https___repsolmedia.com_repsolmedia_wp-content_uploads_2022_09_JRB2285-scaled\"\n                            alt=\"\"\n                            data-title=\"\"><br \/>\n                    <\/a><br \/>\n                    <a\n                        href=\"https:\/\/bxrepsol.s3.eu-west-1.amazonaws.com\/static\/2022\/11\/07080116\/https___repsolmedia.com_repsolmedia_wp-content_uploads_2022_09_JRB8476-scaled-1.jpg\"\n                        data-index=\"4\"\n                    ><br \/>\n                        <img decoding=\"async\"\n                            src=\"https:\/\/bxrepsol.s3.eu-west-1.amazonaws.com\/static\/2022\/11\/07080116\/https___repsolmedia.com_repsolmedia_wp-content_uploads_2022_09_JRB8476-scaled-1.jpg\"\n                            srcset=\"https:\/\/bxrepsol.s3.eu-west-1.amazonaws.com\/static\/2022\/11\/07080116\/https___repsolmedia.com_repsolmedia_wp-content_uploads_2022_09_JRB8476-scaled-1.jpg 2560w, https:\/\/bxrepsol.s3.eu-west-1.amazonaws.com\/static\/2022\/11\/07080116\/https___repsolmedia.com_repsolmedia_wp-content_uploads_2022_09_JRB8476-scaled-1.jpg 1280w, https:\/\/bxrepsol.s3.eu-west-1.amazonaws.com\/static\/2022\/11\/07080116\/https___repsolmedia.com_repsolmedia_wp-content_uploads_2022_09_JRB8476-scaled-1.jpg 900w, https:\/\/bxrepsol.s3.eu-west-1.amazonaws.com\/static\/2022\/11\/07080116\/https___repsolmedia.com_repsolmedia_wp-content_uploads_2022_09_JRB8476-scaled-1.jpg 600w, https:\/\/bxrepsol.s3.eu-west-1.amazonaws.com\/static\/2022\/11\/07080116\/https___repsolmedia.com_repsolmedia_wp-content_uploads_2022_09_JRB8476-scaled-1.jpg 480w, https:\/\/bxrepsol.s3.eu-west-1.amazonaws.com\/static\/2022\/11\/07080116\/https___repsolmedia.com_repsolmedia_wp-content_uploads_2022_09_JRB8476-scaled-1.jpg 32w\"\n                            title=\"https___repsolmedia.com_repsolmedia_wp-content_uploads_2022_09_JRB8476-scaled\"\n                            alt=\"\"\n                            data-title=\"\"><br \/>\n                    <\/a><br \/>\n        <button data-glide-dir=\"<\"><br \/>\n            <svg role=\"img\"  viewBox=\"0 0 256 512\">\n                <path fill=\"currentColor\" d=\"M238.475 475.535l7.071-7.07c4.686-4.686 4.686-12.284 0-16.971L50.053 256 245.546 60.506c4.686-4.686 4.686-12.284 0-16.971l-7.071-7.07c-4.686-4.686-12.284-4.686-16.97 0L10.454 247.515c-4.686 4.686-4.686 12.284 0 16.971l211.051 211.05c4.686 4.686 12.284 4.686 16.97-.001z\"><\/path>\n            <\/svg><br \/>\n        <\/button><br \/>\n        <button data-glide-dir=\">\u00ab><br \/>\n            <svg role=\"img\"  viewBox=\"0 0 256 512\">\n                <path fill=\"currentColor\" d=\"M17.525 36.465l-7.071 7.07c-4.686 4.686-4.686 12.284 0 16.971L205.947 256 10.454 451.494c-4.686 4.686-4.686 12.284 0 16.971l7.071 7.07c4.686 4.686 12.284 4.686 16.97 0l211.051-211.05c4.686-4.686 4.686-12.284 0-16.971L34.495 36.465c-4.686-4.687-12.284-4.687-16.97 0z\"><\/path>\n            <\/svg><br \/>\n        <\/button><\/p>\n<p><strong>Declaraciones de los pilotos<\/strong><\/p>\n<p><a href=\"https:\/\/twitter.com\/hashtag\/MM93?src=hashtag_click\">#MM93<\/a><\/p>\n<p>\u00abEstoy muy contento de volver a subirme a la moto y pilotar de nuevo en MotoGP. Las sensaciones de la ma\u00f1ana a la tarde han mejorado mucho. Por la ma\u00f1ana no estaba pilotando bien y estaba bastante r\u00edgido sobre la moto. Luego, por la tarde, he estado m\u00e1s relajado, no me he cansado tanto y hemos podido trabajar mejor. En general, ha sido bueno entender la moto y c\u00f3mo pilotar bien en esta pista. En mi \u00faltima tanda, con el neum\u00e1tico blando, estaba haciendo una buena vuelta pero he tenido un peque\u00f1o susto en la \u00faltima curva. Si cometes errores, significa que est\u00e1s apretando, lo cual es bueno. Hay algunas cosas en las que trabajar, pero estamos en el buen camino\u00bb.<\/p>\n<p><a href=\"https:\/\/twitter.com\/hashtag\/POL44?src=hashtag_click\">#POL44<\/a><\/p>\n<p>\u00abHoy no ha sido un buen d\u00eda, pero quiz\u00e1 no tan malo como parece en la hoja de resultados. En mi \u00faltimo ataque al crono he cometido un par de errores y no he podido mejorar mi tiempo con el neum\u00e1tico blando. Creo que podr\u00edamos estar entre los 15 primeros si hici\u00e9semos una vuelta juntos, pero no me he sentido c\u00f3modo y tenemos que encontrar m\u00e1s agarre. Esperemos que ma\u00f1ana mejore el agarre en la pista y que tambi\u00e9n podamos incrementarlo por nuestra parte. El plan es salir a rodar ma\u00f1ana y hacerlo lo mejor posible\u00bb.<\/p>\n<p>&nbsp;<\/p>\n","protected":false},"excerpt":{"rendered":"<p>El piloto del equipo Repsol Honda termina a 359 mil\u00e9simas del mejor tiempo en la primera jornada del Gran Premio de Arag\u00f3n. Pol Espargar\u00f3 ha sido vig\u00e9simo tercero.<\/p>\n","protected":false},"author":43146,"featured_media":75206,"comment_status":"open","ping_status":"open","sticky":false,"template":"","format":"standard","meta":{"footnotes":""},"categories":[4],"tags":[120,6,141,128],"class_list":["post-95506","post","type-post","status-publish","format-standard","hentry","category-motogp","tag-120","tag-marc-marquez","tag-motogp-aragon","tag-pol-espargaro"],"yoast_head":"<!-- This site is optimized with the Yoast SEO plugin v27.3 - https:\/\/yoast.com\/product\/yoast-seo-wordpress\/ -->\n<title>Marc M\u00e1rquez, octavo en su regreso a la acci\u00f3n - Box Repsol<\/title>\n<link rel=\"canonical\" href=\"https:\/\/www.boxrepsol.com\/es\/motogp\/marc-marquez-octavo-en-su-regreso-a-la-accion\/\" \/>\n<meta property=\"og:locale\" content=\"es_ES\" \/>\n<meta property=\"og:type\" content=\"article\" \/>\n<meta property=\"og:title\" content=\"Marc M\u00e1rquez, octavo en su regreso a la acci\u00f3n - Box Repsol\" \/>\n<meta property=\"og:description\" content=\"El piloto del equipo Repsol Honda termina a 359 mil\u00e9simas del mejor tiempo en la primera jornada del Gran Premio de Arag\u00f3n. Pol Espargar\u00f3 ha sido vig\u00e9simo tercero.\" \/>\n<meta property=\"og:url\" content=\"https:\/\/www.boxrepsol.com\/es\/motogp\/marc-marquez-octavo-en-su-regreso-a-la-accion\/\" \/>\n<meta property=\"og:site_name\" content=\"Box Repsol\" \/>\n<meta property=\"article:publisher\" content=\"https:\/\/www.facebook.com\/BoxRepsol\" \/>\n<meta property=\"article:author\" content=\"https:\/\/www.facebook.com\/BoxRepsol\/\" \/>\n<meta property=\"article:published_time\" content=\"2022-09-16T02:00:00+00:00\" \/>\n<meta property=\"article:modified_time\" content=\"2024-04-08T11:10:44+00:00\" \/>\n<meta property=\"og:image\" content=\"https:\/\/bxrepsol.s3.eu-west-1.amazonaws.com\/static\/2022\/11\/07080121\/https___repsolmedia.com_repsolmedia_wp-content_uploads_2022_09_A1X6108-scaled-1.jpg\" \/>\n\t<meta property=\"og:image:width\" content=\"1280\" \/>\n\t<meta property=\"og:image:height\" content=\"600\" \/>\n\t<meta property=\"og:image:type\" content=\"image\/jpeg\" \/>\n<meta name=\"author\" content=\"Redacci\u00f3n Box Repsol\" \/>\n<meta name=\"twitter:card\" content=\"summary_large_image\" \/>\n<meta name=\"twitter:creator\" content=\"@https:\/\/twitter.com\/box_repsol\" \/>\n<meta name=\"twitter:site\" content=\"@box_repsol\" \/>\n<meta name=\"twitter:label1\" content=\"Written by\" \/>\n\t<meta name=\"twitter:data1\" content=\"Redacci\u00f3n Box Repsol\" \/>\n\t<meta name=\"twitter:label2\" content=\"Est. reading time\" \/>\n\t<meta name=\"twitter:data2\" content=\"2 minutos\" \/>\n<script type=\"application\/ld+json\" class=\"yoast-schema-graph\">{\"@context\":\"https:\\\/\\\/schema.org\",\"@graph\":[{\"@type\":\"Article\",\"@id\":\"https:\\\/\\\/www.boxrepsol.com\\\/es\\\/motogp\\\/marc-marquez-octavo-en-su-regreso-a-la-accion\\\/#article\",\"isPartOf\":{\"@id\":\"https:\\\/\\\/www.boxrepsol.com\\\/es\\\/motogp\\\/marc-marquez-octavo-en-su-regreso-a-la-accion\\\/\"},\"author\":{\"name\":\"Redacci\u00f3n Box Repsol\",\"@id\":\"https:\\\/\\\/www.boxrepsol.com\\\/es\\\/#\\\/schema\\\/person\\\/c5c2138f2cca251b0ad92b7086bb60b7\"},\"headline\":\"Marc M\u00e1rquez, octavo en su regreso a la acci\u00f3n\",\"datePublished\":\"2022-09-16T02:00:00+00:00\",\"dateModified\":\"2024-04-08T11:10:44+00:00\",\"mainEntityOfPage\":{\"@id\":\"https:\\\/\\\/www.boxrepsol.com\\\/es\\\/motogp\\\/marc-marquez-octavo-en-su-regreso-a-la-accion\\\/\"},\"wordCount\":391,\"commentCount\":0,\"publisher\":{\"@id\":\"https:\\\/\\\/www.boxrepsol.com\\\/es\\\/#organization\"},\"image\":{\"@id\":\"https:\\\/\\\/www.boxrepsol.com\\\/es\\\/motogp\\\/marc-marquez-octavo-en-su-regreso-a-la-accion\\\/#primaryimage\"},\"thumbnailUrl\":\"https:\\\/\\\/bxrepsol.s3.eu-west-1.amazonaws.com\\\/static\\\/2022\\\/11\\\/07080121\\\/https___repsolmedia.com_repsolmedia_wp-content_uploads_2022_09_A1X6108-scaled-1.jpg\",\"keywords\":[\"2022\",\"Marc M\u00e1rquez\",\"MotoGP Arag\u00f3n\",\"Pol Espargar\u00f3\"],\"articleSection\":[\"MotoGP\"],\"inLanguage\":\"es\",\"potentialAction\":[{\"@type\":\"CommentAction\",\"name\":\"Comment\",\"target\":[\"https:\\\/\\\/www.boxrepsol.com\\\/es\\\/motogp\\\/marc-marquez-octavo-en-su-regreso-a-la-accion\\\/#respond\"]}]},{\"@type\":\"WebPage\",\"@id\":\"https:\\\/\\\/www.boxrepsol.com\\\/es\\\/motogp\\\/marc-marquez-octavo-en-su-regreso-a-la-accion\\\/\",\"url\":\"https:\\\/\\\/www.boxrepsol.com\\\/es\\\/motogp\\\/marc-marquez-octavo-en-su-regreso-a-la-accion\\\/\",\"name\":\"Marc M\u00e1rquez, octavo en su regreso a la acci\u00f3n - Box Repsol\",\"isPartOf\":{\"@id\":\"https:\\\/\\\/www.boxrepsol.com\\\/es\\\/#website\"},\"primaryImageOfPage\":{\"@id\":\"https:\\\/\\\/www.boxrepsol.com\\\/es\\\/motogp\\\/marc-marquez-octavo-en-su-regreso-a-la-accion\\\/#primaryimage\"},\"image\":{\"@id\":\"https:\\\/\\\/www.boxrepsol.com\\\/es\\\/motogp\\\/marc-marquez-octavo-en-su-regreso-a-la-accion\\\/#primaryimage\"},\"thumbnailUrl\":\"https:\\\/\\\/bxrepsol.s3.eu-west-1.amazonaws.com\\\/static\\\/2022\\\/11\\\/07080121\\\/https___repsolmedia.com_repsolmedia_wp-content_uploads_2022_09_A1X6108-scaled-1.jpg\",\"datePublished\":\"2022-09-16T02:00:00+00:00\",\"dateModified\":\"2024-04-08T11:10:44+00:00\",\"breadcrumb\":{\"@id\":\"https:\\\/\\\/www.boxrepsol.com\\\/es\\\/motogp\\\/marc-marquez-octavo-en-su-regreso-a-la-accion\\\/#breadcrumb\"},\"inLanguage\":\"es\",\"potentialAction\":[{\"@type\":\"ReadAction\",\"target\":[\"https:\\\/\\\/www.boxrepsol.com\\\/es\\\/motogp\\\/marc-marquez-octavo-en-su-regreso-a-la-accion\\\/\"]}]},{\"@type\":\"ImageObject\",\"inLanguage\":\"es\",\"@id\":\"https:\\\/\\\/www.boxrepsol.com\\\/es\\\/motogp\\\/marc-marquez-octavo-en-su-regreso-a-la-accion\\\/#primaryimage\",\"url\":\"https:\\\/\\\/bxrepsol.s3.eu-west-1.amazonaws.com\\\/static\\\/2022\\\/11\\\/07080121\\\/https___repsolmedia.com_repsolmedia_wp-content_uploads_2022_09_A1X6108-scaled-1.jpg\",\"contentUrl\":\"https:\\\/\\\/bxrepsol.s3.eu-west-1.amazonaws.com\\\/static\\\/2022\\\/11\\\/07080121\\\/https___repsolmedia.com_repsolmedia_wp-content_uploads_2022_09_A1X6108-scaled-1.jpg\",\"width\":1280,\"height\":600},{\"@type\":\"BreadcrumbList\",\"@id\":\"https:\\\/\\\/www.boxrepsol.com\\\/es\\\/motogp\\\/marc-marquez-octavo-en-su-regreso-a-la-accion\\\/#breadcrumb\",\"itemListElement\":[{\"@type\":\"ListItem\",\"position\":1,\"name\":\"Home\",\"item\":\"https:\\\/\\\/www.boxrepsol.com\\\/es\\\/\"},{\"@type\":\"ListItem\",\"position\":2,\"name\":\"Marc M\u00e1rquez, octavo en su regreso a la acci\u00f3n\"}]},{\"@type\":\"WebSite\",\"@id\":\"https:\\\/\\\/www.boxrepsol.com\\\/es\\\/#website\",\"url\":\"https:\\\/\\\/www.boxrepsol.com\\\/es\\\/\",\"name\":\"Box Repsol\",\"description\":\"Box Repsol Site\",\"publisher\":{\"@id\":\"https:\\\/\\\/www.boxrepsol.com\\\/es\\\/#organization\"},\"potentialAction\":[{\"@type\":\"SearchAction\",\"target\":{\"@type\":\"EntryPoint\",\"urlTemplate\":\"https:\\\/\\\/www.boxrepsol.com\\\/es\\\/?s={search_term_string}\"},\"query-input\":{\"@type\":\"PropertyValueSpecification\",\"valueRequired\":true,\"valueName\":\"search_term_string\"}}],\"inLanguage\":\"es\"},{\"@type\":\"Organization\",\"@id\":\"https:\\\/\\\/www.boxrepsol.com\\\/es\\\/#organization\",\"name\":\"Box Repsol\",\"url\":\"https:\\\/\\\/www.boxrepsol.com\\\/es\\\/\",\"logo\":{\"@type\":\"ImageObject\",\"inLanguage\":\"es\",\"@id\":\"https:\\\/\\\/www.boxrepsol.com\\\/es\\\/#\\\/schema\\\/logo\\\/image\\\/\",\"url\":\"https:\\\/\\\/bxrepsol.s3.eu-west-1.amazonaws.com\\\/static\\\/2025\\\/07\\\/30083337\\\/favicon-96x96-1.png\",\"contentUrl\":\"https:\\\/\\\/bxrepsol.s3.eu-west-1.amazonaws.com\\\/static\\\/2025\\\/07\\\/30083337\\\/favicon-96x96-1.png\",\"width\":96,\"height\":96,\"caption\":\"Box Repsol\"},\"image\":{\"@id\":\"https:\\\/\\\/www.boxrepsol.com\\\/es\\\/#\\\/schema\\\/logo\\\/image\\\/\"},\"sameAs\":[\"https:\\\/\\\/www.facebook.com\\\/BoxRepsol\",\"https:\\\/\\\/x.com\\\/box_repsol\",\"http:\\\/\\\/instagram.com\\\/box_repsol\",\"https:\\\/\\\/www.youtube.com\\\/user\\\/RepsolCompeticion\",\"https:\\\/\\\/www.flickr.com\\\/photos\\\/box_repsol\\\/\"]},{\"@type\":\"Person\",\"@id\":\"https:\\\/\\\/www.boxrepsol.com\\\/es\\\/#\\\/schema\\\/person\\\/c5c2138f2cca251b0ad92b7086bb60b7\",\"name\":\"Redacci\u00f3n Box Repsol\",\"image\":{\"@type\":\"ImageObject\",\"inLanguage\":\"es\",\"@id\":\"https:\\\/\\\/secure.gravatar.com\\\/avatar\\\/adf7b77e38b4419baf32c7e9c21dde01f4e40df611f0978e3006fc4ba0aaab7e?s=96&d=mm&r=g\",\"url\":\"https:\\\/\\\/secure.gravatar.com\\\/avatar\\\/adf7b77e38b4419baf32c7e9c21dde01f4e40df611f0978e3006fc4ba0aaab7e?s=96&d=mm&r=g\",\"contentUrl\":\"https:\\\/\\\/secure.gravatar.com\\\/avatar\\\/adf7b77e38b4419baf32c7e9c21dde01f4e40df611f0978e3006fc4ba0aaab7e?s=96&d=mm&r=g\",\"caption\":\"Redacci\u00f3n Box Repsol\"},\"description\":\"Box Repsol lo forma un equipo de periodistas, community managers, dise\u00f1adores y fot\u00f3grafos con m\u00e1s de 20 a\u00f1os de experiencia en el mundo del motorsport. Hemos vivido el primer mundial de un espa\u00f1ol en la categor\u00eda reina de motociclismo con \u00c1lex Crivill\u00e9, estuvimos en las victorias de Pedrosa y los t\u00edtulos de M\u00e1rquez, acompa\u00f1amos en \u00c1frica a Nani Roma y Marc Coma en sus conquistas del Dakar y hemos vibrado con los t\u00edtulos de Toni Bou en Trial. Adem\u00e1s, en nuestro equipo contamos con expertos en el mundo de las dos y cuatro ruedas tanto de la calle y las carreteras, como de los circuitos. Periodistas que han trabajado en revistas y publicaciones para hacerte llegar desde rutas y consejos de mantenimiento, a curiosidades y trucos de pilotaje.\",\"sameAs\":[\"https:\\\/\\\/www.facebook.com\\\/BoxRepsol\\\/\",\"https:\\\/\\\/www.instagram.com\\\/box_repsol\\\/\",\"https:\\\/\\\/x.com\\\/https:\\\/\\\/twitter.com\\\/box_repsol\",\"https:\\\/\\\/www.youtube.com\\\/@Boxrepsol\"],\"url\":\"https:\\\/\\\/www.boxrepsol.com\\\/es\\\/author\\\/redaccion-box-repsol\\\/\"}]}<\/script>\n<!-- \/ Yoast SEO plugin. -->","yoast_head_json":{"title":"Marc M\u00e1rquez, octavo en su regreso a la acci\u00f3n - Box Repsol","canonical":"https:\/\/www.boxrepsol.com\/es\/motogp\/marc-marquez-octavo-en-su-regreso-a-la-accion\/","og_locale":"es_ES","og_type":"article","og_title":"Marc M\u00e1rquez, octavo en su regreso a la acci\u00f3n - Box Repsol","og_description":"El piloto del equipo Repsol Honda termina a 359 mil\u00e9simas del mejor tiempo en la primera jornada del Gran Premio de Arag\u00f3n. Pol Espargar\u00f3 ha sido vig\u00e9simo tercero.","og_url":"https:\/\/www.boxrepsol.com\/es\/motogp\/marc-marquez-octavo-en-su-regreso-a-la-accion\/","og_site_name":"Box Repsol","article_publisher":"https:\/\/www.facebook.com\/BoxRepsol","article_author":"https:\/\/www.facebook.com\/BoxRepsol\/","article_published_time":"2022-09-16T02:00:00+00:00","article_modified_time":"2024-04-08T11:10:44+00:00","og_image":[{"width":1280,"height":600,"url":"https:\/\/bxrepsol.s3.eu-west-1.amazonaws.com\/static\/2022\/11\/07080121\/https___repsolmedia.com_repsolmedia_wp-content_uploads_2022_09_A1X6108-scaled-1.jpg","type":"image\/jpeg"}],"author":"Redacci\u00f3n Box Repsol","twitter_card":"summary_large_image","twitter_creator":"@https:\/\/twitter.com\/box_repsol","twitter_site":"@box_repsol","twitter_misc":{"Written by":"Redacci\u00f3n Box Repsol","Est. reading time":"2 minutos"},"schema":{"@context":"https:\/\/schema.org","@graph":[{"@type":"Article","@id":"https:\/\/www.boxrepsol.com\/es\/motogp\/marc-marquez-octavo-en-su-regreso-a-la-accion\/#article","isPartOf":{"@id":"https:\/\/www.boxrepsol.com\/es\/motogp\/marc-marquez-octavo-en-su-regreso-a-la-accion\/"},"author":{"name":"Redacci\u00f3n Box Repsol","@id":"https:\/\/www.boxrepsol.com\/es\/#\/schema\/person\/c5c2138f2cca251b0ad92b7086bb60b7"},"headline":"Marc M\u00e1rquez, octavo en su regreso a la acci\u00f3n","datePublished":"2022-09-16T02:00:00+00:00","dateModified":"2024-04-08T11:10:44+00:00","mainEntityOfPage":{"@id":"https:\/\/www.boxrepsol.com\/es\/motogp\/marc-marquez-octavo-en-su-regreso-a-la-accion\/"},"wordCount":391,"commentCount":0,"publisher":{"@id":"https:\/\/www.boxrepsol.com\/es\/#organization"},"image":{"@id":"https:\/\/www.boxrepsol.com\/es\/motogp\/marc-marquez-octavo-en-su-regreso-a-la-accion\/#primaryimage"},"thumbnailUrl":"https:\/\/bxrepsol.s3.eu-west-1.amazonaws.com\/static\/2022\/11\/07080121\/https___repsolmedia.com_repsolmedia_wp-content_uploads_2022_09_A1X6108-scaled-1.jpg","keywords":["2022","Marc M\u00e1rquez","MotoGP Arag\u00f3n","Pol Espargar\u00f3"],"articleSection":["MotoGP"],"inLanguage":"es","potentialAction":[{"@type":"CommentAction","name":"Comment","target":["https:\/\/www.boxrepsol.com\/es\/motogp\/marc-marquez-octavo-en-su-regreso-a-la-accion\/#respond"]}]},{"@type":"WebPage","@id":"https:\/\/www.boxrepsol.com\/es\/motogp\/marc-marquez-octavo-en-su-regreso-a-la-accion\/","url":"https:\/\/www.boxrepsol.com\/es\/motogp\/marc-marquez-octavo-en-su-regreso-a-la-accion\/","name":"Marc M\u00e1rquez, octavo en su regreso a la acci\u00f3n - Box Repsol","isPartOf":{"@id":"https:\/\/www.boxrepsol.com\/es\/#website"},"primaryImageOfPage":{"@id":"https:\/\/www.boxrepsol.com\/es\/motogp\/marc-marquez-octavo-en-su-regreso-a-la-accion\/#primaryimage"},"image":{"@id":"https:\/\/www.boxrepsol.com\/es\/motogp\/marc-marquez-octavo-en-su-regreso-a-la-accion\/#primaryimage"},"thumbnailUrl":"https:\/\/bxrepsol.s3.eu-west-1.amazonaws.com\/static\/2022\/11\/07080121\/https___repsolmedia.com_repsolmedia_wp-content_uploads_2022_09_A1X6108-scaled-1.jpg","datePublished":"2022-09-16T02:00:00+00:00","dateModified":"2024-04-08T11:10:44+00:00","breadcrumb":{"@id":"https:\/\/www.boxrepsol.com\/es\/motogp\/marc-marquez-octavo-en-su-regreso-a-la-accion\/#breadcrumb"},"inLanguage":"es","potentialAction":[{"@type":"ReadAction","target":["https:\/\/www.boxrepsol.com\/es\/motogp\/marc-marquez-octavo-en-su-regreso-a-la-accion\/"]}]},{"@type":"ImageObject","inLanguage":"es","@id":"https:\/\/www.boxrepsol.com\/es\/motogp\/marc-marquez-octavo-en-su-regreso-a-la-accion\/#primaryimage","url":"https:\/\/bxrepsol.s3.eu-west-1.amazonaws.com\/static\/2022\/11\/07080121\/https___repsolmedia.com_repsolmedia_wp-content_uploads_2022_09_A1X6108-scaled-1.jpg","contentUrl":"https:\/\/bxrepsol.s3.eu-west-1.amazonaws.com\/static\/2022\/11\/07080121\/https___repsolmedia.com_repsolmedia_wp-content_uploads_2022_09_A1X6108-scaled-1.jpg","width":1280,"height":600},{"@type":"BreadcrumbList","@id":"https:\/\/www.boxrepsol.com\/es\/motogp\/marc-marquez-octavo-en-su-regreso-a-la-accion\/#breadcrumb","itemListElement":[{"@type":"ListItem","position":1,"name":"Home","item":"https:\/\/www.boxrepsol.com\/es\/"},{"@type":"ListItem","position":2,"name":"Marc M\u00e1rquez, octavo en su regreso a la acci\u00f3n"}]},{"@type":"WebSite","@id":"https:\/\/www.boxrepsol.com\/es\/#website","url":"https:\/\/www.boxrepsol.com\/es\/","name":"Box Repsol","description":"Box Repsol Site","publisher":{"@id":"https:\/\/www.boxrepsol.com\/es\/#organization"},"potentialAction":[{"@type":"SearchAction","target":{"@type":"EntryPoint","urlTemplate":"https:\/\/www.boxrepsol.com\/es\/?s={search_term_string}"},"query-input":{"@type":"PropertyValueSpecification","valueRequired":true,"valueName":"search_term_string"}}],"inLanguage":"es"},{"@type":"Organization","@id":"https:\/\/www.boxrepsol.com\/es\/#organization","name":"Box Repsol","url":"https:\/\/www.boxrepsol.com\/es\/","logo":{"@type":"ImageObject","inLanguage":"es","@id":"https:\/\/www.boxrepsol.com\/es\/#\/schema\/logo\/image\/","url":"https:\/\/bxrepsol.s3.eu-west-1.amazonaws.com\/static\/2025\/07\/30083337\/favicon-96x96-1.png","contentUrl":"https:\/\/bxrepsol.s3.eu-west-1.amazonaws.com\/static\/2025\/07\/30083337\/favicon-96x96-1.png","width":96,"height":96,"caption":"Box Repsol"},"image":{"@id":"https:\/\/www.boxrepsol.com\/es\/#\/schema\/logo\/image\/"},"sameAs":["https:\/\/www.facebook.com\/BoxRepsol","https:\/\/x.com\/box_repsol","http:\/\/instagram.com\/box_repsol","https:\/\/www.youtube.com\/user\/RepsolCompeticion","https:\/\/www.flickr.com\/photos\/box_repsol\/"]},{"@type":"Person","@id":"https:\/\/www.boxrepsol.com\/es\/#\/schema\/person\/c5c2138f2cca251b0ad92b7086bb60b7","name":"Redacci\u00f3n Box Repsol","image":{"@type":"ImageObject","inLanguage":"es","@id":"https:\/\/secure.gravatar.com\/avatar\/adf7b77e38b4419baf32c7e9c21dde01f4e40df611f0978e3006fc4ba0aaab7e?s=96&d=mm&r=g","url":"https:\/\/secure.gravatar.com\/avatar\/adf7b77e38b4419baf32c7e9c21dde01f4e40df611f0978e3006fc4ba0aaab7e?s=96&d=mm&r=g","contentUrl":"https:\/\/secure.gravatar.com\/avatar\/adf7b77e38b4419baf32c7e9c21dde01f4e40df611f0978e3006fc4ba0aaab7e?s=96&d=mm&r=g","caption":"Redacci\u00f3n Box Repsol"},"description":"Box Repsol lo forma un equipo de periodistas, community managers, dise\u00f1adores y fot\u00f3grafos con m\u00e1s de 20 a\u00f1os de experiencia en el mundo del motorsport. Hemos vivido el primer mundial de un espa\u00f1ol en la categor\u00eda reina de motociclismo con \u00c1lex Crivill\u00e9, estuvimos en las victorias de Pedrosa y los t\u00edtulos de M\u00e1rquez, acompa\u00f1amos en \u00c1frica a Nani Roma y Marc Coma en sus conquistas del Dakar y hemos vibrado con los t\u00edtulos de Toni Bou en Trial. Adem\u00e1s, en nuestro equipo contamos con expertos en el mundo de las dos y cuatro ruedas tanto de la calle y las carreteras, como de los circuitos. Periodistas que han trabajado en revistas y publicaciones para hacerte llegar desde rutas y consejos de mantenimiento, a curiosidades y trucos de pilotaje.","sameAs":["https:\/\/www.facebook.com\/BoxRepsol\/","https:\/\/www.instagram.com\/box_repsol\/","https:\/\/x.com\/https:\/\/twitter.com\/box_repsol","https:\/\/www.youtube.com\/@Boxrepsol"],"url":"https:\/\/www.boxrepsol.com\/es\/author\/redaccion-box-repsol\/"}]}},"_links":{"self":[{"href":"https:\/\/www.boxrepsol.com\/es\/wp-json\/wp\/v2\/posts\/95506","targetHints":{"allow":["GET"]}}],"collection":[{"href":"https:\/\/www.boxrepsol.com\/es\/wp-json\/wp\/v2\/posts"}],"about":[{"href":"https:\/\/www.boxrepsol.com\/es\/wp-json\/wp\/v2\/types\/post"}],"author":[{"embeddable":true,"href":"https:\/\/www.boxrepsol.com\/es\/wp-json\/wp\/v2\/users\/43146"}],"replies":[{"embeddable":true,"href":"https:\/\/www.boxrepsol.com\/es\/wp-json\/wp\/v2\/comments?post=95506"}],"version-history":[{"count":1,"href":"https:\/\/www.boxrepsol.com\/es\/wp-json\/wp\/v2\/posts\/95506\/revisions"}],"predecessor-version":[{"id":95507,"href":"https:\/\/www.boxrepsol.com\/es\/wp-json\/wp\/v2\/posts\/95506\/revisions\/95507"}],"wp:featuredmedia":[{"embeddable":true,"href":"https:\/\/www.boxrepsol.com\/es\/wp-json\/wp\/v2\/media\/75206"}],"wp:attachment":[{"href":"https:\/\/www.boxrepsol.com\/es\/wp-json\/wp\/v2\/media?parent=95506"}],"wp:term":[{"taxonomy":"category","embeddable":true,"href":"https:\/\/www.boxrepsol.com\/es\/wp-json\/wp\/v2\/categories?post=95506"},{"taxonomy":"post_tag","embeddable":true,"href":"https:\/\/www.boxrepsol.com\/es\/wp-json\/wp\/v2\/tags?post=95506"}],"curies":[{"name":"wp","href":"https:\/\/api.w.org\/{rel}","templated":true}]}}