{"id":95488,"date":"2022-09-03T00:00:00","date_gmt":"2022-09-03T02:00:00","guid":{"rendered":"http:\/\/pre.boxrepsol.com\/sin-categorizar\/septima-linea-para-pol-espargaro-y-stefan-bradl-en-misano\/"},"modified":"2024-04-08T09:13:27","modified_gmt":"2024-04-08T11:13:27","slug":"septima-linea-para-pol-espargaro-y-stefan-bradl-en-misano","status":"publish","type":"post","link":"https:\/\/www.boxrepsol.com\/es\/motogp\/septima-linea-para-pol-espargaro-y-stefan-bradl-en-misano\/","title":{"rendered":"S\u00e9ptima l\u00ednea para Pol Espargar\u00f3 y Stefan Bradl en Misano"},"content":{"rendered":"<p>La segunda jornada del <strong>Gran Premio de San Marino<\/strong> ha combinado condiciones meteorol\u00f3gicas mixtas. Las dos primeras sesiones del d\u00eda se han disputado sobre una pista totalmente seca pero no as\u00ed los dos entrenamientos clasificatorios, en lo que ha hecho acto de presencia la lluvia durante algunos momentos.<\/p>\n<p><strong>Pol Espargar\u00f3<\/strong> ha sufrido una ca\u00edda sin graves consecuencias al final de la FP3 -cuando estaba dentro del top10- que le ha impedido volver a salir a pista y quedarse fuera del pase directo a la Q2.<\/p>\n<p>El piloto del equipo <strong>Repsol Honda<\/strong> ha intentado clasificarse entre los dos primeros en la Q1 pero al final, con un mejor tiempo de 1 minuto, 32 segundos y 826 mil\u00e9simas, ha marcado el decimonoveno registro de la jornada.<\/p>\n<p><strong>Stefan Bradl<\/strong> ha vivido una situaci\u00f3n similar a la de Pol. El piloto alem\u00e1n del equipo <strong>Repsol Honda<\/strong> saldr\u00e1 ma\u00f1ana desde la vig\u00e9sima posici\u00f3n, s\u00e9ptima l\u00ednea en parrilla y justo por detr\u00e1s de su compa\u00f1ero de equipo.<\/p>\n<p><strong>Bradl<\/strong> ha finalizado el d\u00eda marcando un mejor tiempo de 1 minuto, 32 segundos y 838 mil\u00e9simas.<\/p>\n<p><strong>Marc M\u00e1rquez<\/strong> ha regresado al box del equipo <strong>Repsol Honda<\/strong> en Misano, d\u00f3nde ha estado presente en las reuniones t\u00e9cnicas y ha trabajado con Bradl y Espargar\u00f3 para entender en qu\u00e9 punto se encuentra la RC213V. El ocho veces Campe\u00f3n del Mundo ha sido declarado apto por el personal m\u00e9dico de MotoGP y del circuito para realizar el test de esta pr\u00f3xima semana.<\/p>\n<p>                    <a\n                        href=\"https:\/\/bxrepsol.s3.eu-west-1.amazonaws.com\/static\/2022\/11\/07075013\/http___repsolmedia.com_repsolmedia_wp-content_uploads_2022_09_JRB0653-scaled-1.jpg\"\n                        data-index=\"0\"\n                    ><br \/>\n                        <img decoding=\"async\"\n                            src=\"https:\/\/bxrepsol.s3.eu-west-1.amazonaws.com\/static\/2022\/11\/07075013\/http___repsolmedia.com_repsolmedia_wp-content_uploads_2022_09_JRB0653-scaled-1.jpg\"\n                            srcset=\"https:\/\/bxrepsol.s3.eu-west-1.amazonaws.com\/static\/2022\/11\/07075013\/http___repsolmedia.com_repsolmedia_wp-content_uploads_2022_09_JRB0653-scaled-1.jpg 2560w, https:\/\/bxrepsol.s3.eu-west-1.amazonaws.com\/static\/2022\/11\/07075013\/http___repsolmedia.com_repsolmedia_wp-content_uploads_2022_09_JRB0653-scaled-1.jpg 1280w, https:\/\/bxrepsol.s3.eu-west-1.amazonaws.com\/static\/2022\/11\/07075013\/http___repsolmedia.com_repsolmedia_wp-content_uploads_2022_09_JRB0653-scaled-1.jpg 900w, https:\/\/bxrepsol.s3.eu-west-1.amazonaws.com\/static\/2022\/11\/07075013\/http___repsolmedia.com_repsolmedia_wp-content_uploads_2022_09_JRB0653-scaled-1.jpg 600w, https:\/\/bxrepsol.s3.eu-west-1.amazonaws.com\/static\/2022\/11\/07075013\/http___repsolmedia.com_repsolmedia_wp-content_uploads_2022_09_JRB0653-scaled-1.jpg 480w, https:\/\/bxrepsol.s3.eu-west-1.amazonaws.com\/static\/2022\/11\/07075013\/http___repsolmedia.com_repsolmedia_wp-content_uploads_2022_09_JRB0653-scaled-1.jpg 32w\"\n                            title=\"http___repsolmedia.com_repsolmedia_wp-content_uploads_2022_09_JRB0653-scaled\"\n                            alt=\"\"\n                            data-title=\"\"><br \/>\n                    <\/a><br \/>\n                    <a\n                        href=\"https:\/\/bxrepsol.s3.eu-west-1.amazonaws.com\/static\/2022\/11\/07075017\/http___repsolmedia.com_repsolmedia_wp-content_uploads_2022_09_JRB8837-scaled-1.jpg\"\n                        data-index=\"1\"\n                    ><br \/>\n                        <img decoding=\"async\"\n                            src=\"https:\/\/bxrepsol.s3.eu-west-1.amazonaws.com\/static\/2022\/11\/07075017\/http___repsolmedia.com_repsolmedia_wp-content_uploads_2022_09_JRB8837-scaled-1.jpg\"\n                            srcset=\"https:\/\/bxrepsol.s3.eu-west-1.amazonaws.com\/static\/2022\/11\/07075017\/http___repsolmedia.com_repsolmedia_wp-content_uploads_2022_09_JRB8837-scaled-1.jpg 2560w, https:\/\/bxrepsol.s3.eu-west-1.amazonaws.com\/static\/2022\/11\/07075017\/http___repsolmedia.com_repsolmedia_wp-content_uploads_2022_09_JRB8837-scaled-1.jpg 1280w, https:\/\/bxrepsol.s3.eu-west-1.amazonaws.com\/static\/2022\/11\/07075017\/http___repsolmedia.com_repsolmedia_wp-content_uploads_2022_09_JRB8837-scaled-1.jpg 900w, https:\/\/bxrepsol.s3.eu-west-1.amazonaws.com\/static\/2022\/11\/07075017\/http___repsolmedia.com_repsolmedia_wp-content_uploads_2022_09_JRB8837-scaled-1.jpg 600w, https:\/\/bxrepsol.s3.eu-west-1.amazonaws.com\/static\/2022\/11\/07075017\/http___repsolmedia.com_repsolmedia_wp-content_uploads_2022_09_JRB8837-scaled-1.jpg 480w, https:\/\/bxrepsol.s3.eu-west-1.amazonaws.com\/static\/2022\/11\/07075017\/http___repsolmedia.com_repsolmedia_wp-content_uploads_2022_09_JRB8837-scaled-1.jpg 32w\"\n                            title=\"http___repsolmedia.com_repsolmedia_wp-content_uploads_2022_09_JRB8837-scaled\"\n                            alt=\"\"\n                            data-title=\"\"><br \/>\n                    <\/a><br \/>\n                    <a\n                        href=\"https:\/\/bxrepsol.s3.eu-west-1.amazonaws.com\/static\/2022\/11\/07075020\/http___repsolmedia.com_repsolmedia_wp-content_uploads_2022_09_JRB5735-scaled-1.jpg\"\n                        data-index=\"2\"\n                    ><br \/>\n                        <img decoding=\"async\"\n                            src=\"https:\/\/bxrepsol.s3.eu-west-1.amazonaws.com\/static\/2022\/11\/07075020\/http___repsolmedia.com_repsolmedia_wp-content_uploads_2022_09_JRB5735-scaled-1.jpg\"\n                            srcset=\"https:\/\/bxrepsol.s3.eu-west-1.amazonaws.com\/static\/2022\/11\/07075020\/http___repsolmedia.com_repsolmedia_wp-content_uploads_2022_09_JRB5735-scaled-1.jpg 2560w, https:\/\/bxrepsol.s3.eu-west-1.amazonaws.com\/static\/2022\/11\/07075020\/http___repsolmedia.com_repsolmedia_wp-content_uploads_2022_09_JRB5735-scaled-1.jpg 1280w, https:\/\/bxrepsol.s3.eu-west-1.amazonaws.com\/static\/2022\/11\/07075020\/http___repsolmedia.com_repsolmedia_wp-content_uploads_2022_09_JRB5735-scaled-1.jpg 900w, https:\/\/bxrepsol.s3.eu-west-1.amazonaws.com\/static\/2022\/11\/07075020\/http___repsolmedia.com_repsolmedia_wp-content_uploads_2022_09_JRB5735-scaled-1.jpg 600w, https:\/\/bxrepsol.s3.eu-west-1.amazonaws.com\/static\/2022\/11\/07075020\/http___repsolmedia.com_repsolmedia_wp-content_uploads_2022_09_JRB5735-scaled-1.jpg 480w, https:\/\/bxrepsol.s3.eu-west-1.amazonaws.com\/static\/2022\/11\/07075020\/http___repsolmedia.com_repsolmedia_wp-content_uploads_2022_09_JRB5735-scaled-1.jpg 32w\"\n                            title=\"http___repsolmedia.com_repsolmedia_wp-content_uploads_2022_09_JRB5735-scaled\"\n                            alt=\"\"\n                            data-title=\"\"><br \/>\n                    <\/a><br \/>\n                    <a\n                        href=\"https:\/\/bxrepsol.s3.eu-west-1.amazonaws.com\/static\/2022\/11\/07075024\/http___repsolmedia.com_repsolmedia_wp-content_uploads_2022_09_JRB9828-1-scaled-1.jpg\"\n                        data-index=\"3\"\n                    ><br \/>\n                        <img decoding=\"async\"\n                            src=\"https:\/\/bxrepsol.s3.eu-west-1.amazonaws.com\/static\/2022\/11\/07075024\/http___repsolmedia.com_repsolmedia_wp-content_uploads_2022_09_JRB9828-1-scaled-1.jpg\"\n                            srcset=\"https:\/\/bxrepsol.s3.eu-west-1.amazonaws.com\/static\/2022\/11\/07075024\/http___repsolmedia.com_repsolmedia_wp-content_uploads_2022_09_JRB9828-1-scaled-1.jpg 2560w, https:\/\/bxrepsol.s3.eu-west-1.amazonaws.com\/static\/2022\/11\/07075024\/http___repsolmedia.com_repsolmedia_wp-content_uploads_2022_09_JRB9828-1-scaled-1.jpg 1280w, https:\/\/bxrepsol.s3.eu-west-1.amazonaws.com\/static\/2022\/11\/07075024\/http___repsolmedia.com_repsolmedia_wp-content_uploads_2022_09_JRB9828-1-scaled-1.jpg 900w, https:\/\/bxrepsol.s3.eu-west-1.amazonaws.com\/static\/2022\/11\/07075024\/http___repsolmedia.com_repsolmedia_wp-content_uploads_2022_09_JRB9828-1-scaled-1.jpg 600w, https:\/\/bxrepsol.s3.eu-west-1.amazonaws.com\/static\/2022\/11\/07075024\/http___repsolmedia.com_repsolmedia_wp-content_uploads_2022_09_JRB9828-1-scaled-1.jpg 480w, https:\/\/bxrepsol.s3.eu-west-1.amazonaws.com\/static\/2022\/11\/07075024\/http___repsolmedia.com_repsolmedia_wp-content_uploads_2022_09_JRB9828-1-scaled-1.jpg 32w\"\n                            title=\"http___repsolmedia.com_repsolmedia_wp-content_uploads_2022_09_JRB9828-1-scaled\"\n                            alt=\"\"\n                            data-title=\"\"><br \/>\n                    <\/a><br \/>\n                    <a\n                        href=\"https:\/\/bxrepsol.s3.eu-west-1.amazonaws.com\/static\/2022\/11\/07075028\/http___repsolmedia.com_repsolmedia_wp-content_uploads_2022_09_JRB3188-scaled-1.jpg\"\n                        data-index=\"4\"\n                    ><br \/>\n                        <img decoding=\"async\"\n                            src=\"https:\/\/bxrepsol.s3.eu-west-1.amazonaws.com\/static\/2022\/11\/07075028\/http___repsolmedia.com_repsolmedia_wp-content_uploads_2022_09_JRB3188-scaled-1.jpg\"\n                            srcset=\"https:\/\/bxrepsol.s3.eu-west-1.amazonaws.com\/static\/2022\/11\/07075028\/http___repsolmedia.com_repsolmedia_wp-content_uploads_2022_09_JRB3188-scaled-1.jpg 2560w, https:\/\/bxrepsol.s3.eu-west-1.amazonaws.com\/static\/2022\/11\/07075028\/http___repsolmedia.com_repsolmedia_wp-content_uploads_2022_09_JRB3188-scaled-1.jpg 1280w, https:\/\/bxrepsol.s3.eu-west-1.amazonaws.com\/static\/2022\/11\/07075028\/http___repsolmedia.com_repsolmedia_wp-content_uploads_2022_09_JRB3188-scaled-1.jpg 900w, https:\/\/bxrepsol.s3.eu-west-1.amazonaws.com\/static\/2022\/11\/07075028\/http___repsolmedia.com_repsolmedia_wp-content_uploads_2022_09_JRB3188-scaled-1.jpg 600w, https:\/\/bxrepsol.s3.eu-west-1.amazonaws.com\/static\/2022\/11\/07075028\/http___repsolmedia.com_repsolmedia_wp-content_uploads_2022_09_JRB3188-scaled-1.jpg 480w, https:\/\/bxrepsol.s3.eu-west-1.amazonaws.com\/static\/2022\/11\/07075028\/http___repsolmedia.com_repsolmedia_wp-content_uploads_2022_09_JRB3188-scaled-1.jpg 32w\"\n                            title=\"http___repsolmedia.com_repsolmedia_wp-content_uploads_2022_09_JRB3188-scaled\"\n                            alt=\"\"\n                            data-title=\"\"><br \/>\n                    <\/a><br \/>\n        <button data-glide-dir=\"<\"><br \/>\n            <svg role=\"img\"  viewBox=\"0 0 256 512\">\n                <path fill=\"currentColor\" d=\"M238.475 475.535l7.071-7.07c4.686-4.686 4.686-12.284 0-16.971L50.053 256 245.546 60.506c4.686-4.686 4.686-12.284 0-16.971l-7.071-7.07c-4.686-4.686-12.284-4.686-16.97 0L10.454 247.515c-4.686 4.686-4.686 12.284 0 16.971l211.051 211.05c4.686 4.686 12.284 4.686 16.97-.001z\"><\/path>\n            <\/svg><br \/>\n        <\/button><br \/>\n        <button data-glide-dir=\">\u00ab><br \/>\n            <svg role=\"img\"  viewBox=\"0 0 256 512\">\n                <path fill=\"currentColor\" d=\"M17.525 36.465l-7.071 7.07c-4.686 4.686-4.686 12.284 0 16.971L205.947 256 10.454 451.494c-4.686 4.686-4.686 12.284 0 16.971l7.071 7.07c4.686 4.686 12.284 4.686 16.97 0l211.051-211.05c4.686-4.686 4.686-12.284 0-16.971L34.495 36.465c-4.686-4.687-12.284-4.687-16.97 0z\"><\/path>\n            <\/svg><br \/>\n        <\/button><\/p>\n<p><strong>Declaraciones<\/strong><\/p>\n<p><a href=\"https:\/\/twitter.com\/hashtag\/POL44?src=hashtag_click\">#POL44<\/a><\/p>\n<p>\u00abHoy ha sido un d\u00eda en el que ten\u00edamos un gran potencial, pero finalmente ha habido muchas piezas que no han encajado. Hemos cometido un error con la estrategia de la FP3, mi primera vuelta, que ha sido la m\u00e1s r\u00e1pida, no me ha parecido tan buena. Con el segundo neum\u00e1tico me he sentido mucho mejor, pero me he ca\u00eddo. Por la tarde he sido prudente en mi primera vuelta r\u00e1pida y luego ha empezado a llover, as\u00ed que nos ha perjudicado mucho. Ma\u00f1ana es un nuevo d\u00eda e intentaremos dar lo mejor de nosotros mismos en la carrera\u00bb.<\/p>\n<p><a href=\"https:\/\/twitter.com\/hashtag\/SB6?src=hashtag_click\">#SB6<\/a><\/p>\n<p>\u00abHemos vuelto a mejorar hoy, lo que es muy bueno. Hemos tenido muy mala suerte cuando ha llegado la lluvia y nos ha impedido seguir mejorando. Esto puede ocurrir a veces y es una pena porque no hemos podido mostrar toda nuestra velocidad. Veremos qu\u00e9 pasa ma\u00f1ana, nuestro ritmo es mejor que el de algunos de los pilotos que nos preceden, pero puede ser dif\u00edcil adelantar en Misano. Tambi\u00e9n tenemos que lidiar con el clima\u00bb.<\/p>\n","protected":false},"excerpt":{"rendered":"<p>Los pilotos del equipo Repsol Honda no pasan el corte de la Q2 y saldr\u00e1n ma\u00f1ana desde la decimonovena y vig\u00e9sima posici\u00f3n, respectivamente.<\/p>\n","protected":false},"author":43146,"featured_media":75008,"comment_status":"open","ping_status":"open","sticky":false,"template":"","format":"standard","meta":{"footnotes":""},"categories":[4],"tags":[120,6,142,128],"class_list":["post-95488","post","type-post","status-publish","format-standard","hentry","category-motogp","tag-120","tag-marc-marquez","tag-motogp-misano","tag-pol-espargaro"],"yoast_head":"<!-- This site is optimized with the Yoast SEO plugin v27.3 - https:\/\/yoast.com\/product\/yoast-seo-wordpress\/ -->\n<title>S\u00e9ptima l\u00ednea para Pol Espargar\u00f3 y Stefan Bradl en Misano - Box Repsol<\/title>\n<link rel=\"canonical\" href=\"https:\/\/www.boxrepsol.com\/es\/motogp\/septima-linea-para-pol-espargaro-y-stefan-bradl-en-misano\/\" \/>\n<meta property=\"og:locale\" content=\"es_ES\" \/>\n<meta property=\"og:type\" content=\"article\" \/>\n<meta property=\"og:title\" content=\"S\u00e9ptima l\u00ednea para Pol Espargar\u00f3 y Stefan Bradl en Misano - Box Repsol\" \/>\n<meta property=\"og:description\" content=\"Los pilotos del equipo Repsol Honda no pasan el corte de la Q2 y saldr\u00e1n ma\u00f1ana desde la decimonovena y vig\u00e9sima posici\u00f3n, respectivamente.\" \/>\n<meta property=\"og:url\" content=\"https:\/\/www.boxrepsol.com\/es\/motogp\/septima-linea-para-pol-espargaro-y-stefan-bradl-en-misano\/\" \/>\n<meta property=\"og:site_name\" content=\"Box Repsol\" \/>\n<meta property=\"article:publisher\" content=\"https:\/\/www.facebook.com\/BoxRepsol\" \/>\n<meta property=\"article:author\" content=\"https:\/\/www.facebook.com\/BoxRepsol\/\" \/>\n<meta property=\"article:published_time\" content=\"2022-09-03T02:00:00+00:00\" \/>\n<meta property=\"article:modified_time\" content=\"2024-04-08T11:13:27+00:00\" \/>\n<meta property=\"og:image\" content=\"https:\/\/bxrepsol.s3.eu-west-1.amazonaws.com\/static\/2022\/11\/07075033\/http___repsolmedia.com_repsolmedia_wp-content_uploads_2022_09_JRB6047-scaled-1.jpg\" \/>\n\t<meta property=\"og:image:width\" content=\"1280\" \/>\n\t<meta property=\"og:image:height\" content=\"600\" \/>\n\t<meta property=\"og:image:type\" content=\"image\/jpeg\" \/>\n<meta name=\"author\" content=\"Redacci\u00f3n Box Repsol\" \/>\n<meta name=\"twitter:card\" content=\"summary_large_image\" \/>\n<meta name=\"twitter:creator\" content=\"@https:\/\/twitter.com\/box_repsol\" \/>\n<meta name=\"twitter:site\" content=\"@box_repsol\" \/>\n<meta name=\"twitter:label1\" content=\"Written by\" \/>\n\t<meta name=\"twitter:data1\" content=\"Redacci\u00f3n Box Repsol\" \/>\n\t<meta name=\"twitter:label2\" content=\"Est. reading time\" \/>\n\t<meta name=\"twitter:data2\" content=\"2 minutos\" \/>\n<script type=\"application\/ld+json\" class=\"yoast-schema-graph\">{\"@context\":\"https:\\\/\\\/schema.org\",\"@graph\":[{\"@type\":\"Article\",\"@id\":\"https:\\\/\\\/www.boxrepsol.com\\\/es\\\/motogp\\\/septima-linea-para-pol-espargaro-y-stefan-bradl-en-misano\\\/#article\",\"isPartOf\":{\"@id\":\"https:\\\/\\\/www.boxrepsol.com\\\/es\\\/motogp\\\/septima-linea-para-pol-espargaro-y-stefan-bradl-en-misano\\\/\"},\"author\":{\"name\":\"Redacci\u00f3n Box Repsol\",\"@id\":\"https:\\\/\\\/www.boxrepsol.com\\\/es\\\/#\\\/schema\\\/person\\\/c5c2138f2cca251b0ad92b7086bb60b7\"},\"headline\":\"S\u00e9ptima l\u00ednea para Pol Espargar\u00f3 y Stefan Bradl en Misano\",\"datePublished\":\"2022-09-03T02:00:00+00:00\",\"dateModified\":\"2024-04-08T11:13:27+00:00\",\"mainEntityOfPage\":{\"@id\":\"https:\\\/\\\/www.boxrepsol.com\\\/es\\\/motogp\\\/septima-linea-para-pol-espargaro-y-stefan-bradl-en-misano\\\/\"},\"wordCount\":459,\"commentCount\":0,\"publisher\":{\"@id\":\"https:\\\/\\\/www.boxrepsol.com\\\/es\\\/#organization\"},\"image\":{\"@id\":\"https:\\\/\\\/www.boxrepsol.com\\\/es\\\/motogp\\\/septima-linea-para-pol-espargaro-y-stefan-bradl-en-misano\\\/#primaryimage\"},\"thumbnailUrl\":\"https:\\\/\\\/bxrepsol.s3.eu-west-1.amazonaws.com\\\/static\\\/2022\\\/11\\\/07075033\\\/http___repsolmedia.com_repsolmedia_wp-content_uploads_2022_09_JRB6047-scaled-1.jpg\",\"keywords\":[\"2022\",\"Marc M\u00e1rquez\",\"MotoGP Misano\",\"Pol Espargar\u00f3\"],\"articleSection\":[\"MotoGP\"],\"inLanguage\":\"es\",\"potentialAction\":[{\"@type\":\"CommentAction\",\"name\":\"Comment\",\"target\":[\"https:\\\/\\\/www.boxrepsol.com\\\/es\\\/motogp\\\/septima-linea-para-pol-espargaro-y-stefan-bradl-en-misano\\\/#respond\"]}]},{\"@type\":\"WebPage\",\"@id\":\"https:\\\/\\\/www.boxrepsol.com\\\/es\\\/motogp\\\/septima-linea-para-pol-espargaro-y-stefan-bradl-en-misano\\\/\",\"url\":\"https:\\\/\\\/www.boxrepsol.com\\\/es\\\/motogp\\\/septima-linea-para-pol-espargaro-y-stefan-bradl-en-misano\\\/\",\"name\":\"S\u00e9ptima l\u00ednea para Pol Espargar\u00f3 y Stefan Bradl en Misano - Box Repsol\",\"isPartOf\":{\"@id\":\"https:\\\/\\\/www.boxrepsol.com\\\/es\\\/#website\"},\"primaryImageOfPage\":{\"@id\":\"https:\\\/\\\/www.boxrepsol.com\\\/es\\\/motogp\\\/septima-linea-para-pol-espargaro-y-stefan-bradl-en-misano\\\/#primaryimage\"},\"image\":{\"@id\":\"https:\\\/\\\/www.boxrepsol.com\\\/es\\\/motogp\\\/septima-linea-para-pol-espargaro-y-stefan-bradl-en-misano\\\/#primaryimage\"},\"thumbnailUrl\":\"https:\\\/\\\/bxrepsol.s3.eu-west-1.amazonaws.com\\\/static\\\/2022\\\/11\\\/07075033\\\/http___repsolmedia.com_repsolmedia_wp-content_uploads_2022_09_JRB6047-scaled-1.jpg\",\"datePublished\":\"2022-09-03T02:00:00+00:00\",\"dateModified\":\"2024-04-08T11:13:27+00:00\",\"breadcrumb\":{\"@id\":\"https:\\\/\\\/www.boxrepsol.com\\\/es\\\/motogp\\\/septima-linea-para-pol-espargaro-y-stefan-bradl-en-misano\\\/#breadcrumb\"},\"inLanguage\":\"es\",\"potentialAction\":[{\"@type\":\"ReadAction\",\"target\":[\"https:\\\/\\\/www.boxrepsol.com\\\/es\\\/motogp\\\/septima-linea-para-pol-espargaro-y-stefan-bradl-en-misano\\\/\"]}]},{\"@type\":\"ImageObject\",\"inLanguage\":\"es\",\"@id\":\"https:\\\/\\\/www.boxrepsol.com\\\/es\\\/motogp\\\/septima-linea-para-pol-espargaro-y-stefan-bradl-en-misano\\\/#primaryimage\",\"url\":\"https:\\\/\\\/bxrepsol.s3.eu-west-1.amazonaws.com\\\/static\\\/2022\\\/11\\\/07075033\\\/http___repsolmedia.com_repsolmedia_wp-content_uploads_2022_09_JRB6047-scaled-1.jpg\",\"contentUrl\":\"https:\\\/\\\/bxrepsol.s3.eu-west-1.amazonaws.com\\\/static\\\/2022\\\/11\\\/07075033\\\/http___repsolmedia.com_repsolmedia_wp-content_uploads_2022_09_JRB6047-scaled-1.jpg\",\"width\":1280,\"height\":600},{\"@type\":\"BreadcrumbList\",\"@id\":\"https:\\\/\\\/www.boxrepsol.com\\\/es\\\/motogp\\\/septima-linea-para-pol-espargaro-y-stefan-bradl-en-misano\\\/#breadcrumb\",\"itemListElement\":[{\"@type\":\"ListItem\",\"position\":1,\"name\":\"Home\",\"item\":\"https:\\\/\\\/www.boxrepsol.com\\\/es\\\/\"},{\"@type\":\"ListItem\",\"position\":2,\"name\":\"S\u00e9ptima l\u00ednea para Pol Espargar\u00f3 y Stefan Bradl en Misano\"}]},{\"@type\":\"WebSite\",\"@id\":\"https:\\\/\\\/www.boxrepsol.com\\\/es\\\/#website\",\"url\":\"https:\\\/\\\/www.boxrepsol.com\\\/es\\\/\",\"name\":\"Box Repsol\",\"description\":\"Box Repsol Site\",\"publisher\":{\"@id\":\"https:\\\/\\\/www.boxrepsol.com\\\/es\\\/#organization\"},\"potentialAction\":[{\"@type\":\"SearchAction\",\"target\":{\"@type\":\"EntryPoint\",\"urlTemplate\":\"https:\\\/\\\/www.boxrepsol.com\\\/es\\\/?s={search_term_string}\"},\"query-input\":{\"@type\":\"PropertyValueSpecification\",\"valueRequired\":true,\"valueName\":\"search_term_string\"}}],\"inLanguage\":\"es\"},{\"@type\":\"Organization\",\"@id\":\"https:\\\/\\\/www.boxrepsol.com\\\/es\\\/#organization\",\"name\":\"Box Repsol\",\"url\":\"https:\\\/\\\/www.boxrepsol.com\\\/es\\\/\",\"logo\":{\"@type\":\"ImageObject\",\"inLanguage\":\"es\",\"@id\":\"https:\\\/\\\/www.boxrepsol.com\\\/es\\\/#\\\/schema\\\/logo\\\/image\\\/\",\"url\":\"https:\\\/\\\/bxrepsol.s3.eu-west-1.amazonaws.com\\\/static\\\/2025\\\/07\\\/30083337\\\/favicon-96x96-1.png\",\"contentUrl\":\"https:\\\/\\\/bxrepsol.s3.eu-west-1.amazonaws.com\\\/static\\\/2025\\\/07\\\/30083337\\\/favicon-96x96-1.png\",\"width\":96,\"height\":96,\"caption\":\"Box Repsol\"},\"image\":{\"@id\":\"https:\\\/\\\/www.boxrepsol.com\\\/es\\\/#\\\/schema\\\/logo\\\/image\\\/\"},\"sameAs\":[\"https:\\\/\\\/www.facebook.com\\\/BoxRepsol\",\"https:\\\/\\\/x.com\\\/box_repsol\",\"http:\\\/\\\/instagram.com\\\/box_repsol\",\"https:\\\/\\\/www.youtube.com\\\/user\\\/RepsolCompeticion\",\"https:\\\/\\\/www.flickr.com\\\/photos\\\/box_repsol\\\/\"]},{\"@type\":\"Person\",\"@id\":\"https:\\\/\\\/www.boxrepsol.com\\\/es\\\/#\\\/schema\\\/person\\\/c5c2138f2cca251b0ad92b7086bb60b7\",\"name\":\"Redacci\u00f3n Box Repsol\",\"image\":{\"@type\":\"ImageObject\",\"inLanguage\":\"es\",\"@id\":\"https:\\\/\\\/secure.gravatar.com\\\/avatar\\\/adf7b77e38b4419baf32c7e9c21dde01f4e40df611f0978e3006fc4ba0aaab7e?s=96&d=mm&r=g\",\"url\":\"https:\\\/\\\/secure.gravatar.com\\\/avatar\\\/adf7b77e38b4419baf32c7e9c21dde01f4e40df611f0978e3006fc4ba0aaab7e?s=96&d=mm&r=g\",\"contentUrl\":\"https:\\\/\\\/secure.gravatar.com\\\/avatar\\\/adf7b77e38b4419baf32c7e9c21dde01f4e40df611f0978e3006fc4ba0aaab7e?s=96&d=mm&r=g\",\"caption\":\"Redacci\u00f3n Box Repsol\"},\"description\":\"Box Repsol lo forma un equipo de periodistas, community managers, dise\u00f1adores y fot\u00f3grafos con m\u00e1s de 20 a\u00f1os de experiencia en el mundo del motorsport. Hemos vivido el primer mundial de un espa\u00f1ol en la categor\u00eda reina de motociclismo con \u00c1lex Crivill\u00e9, estuvimos en las victorias de Pedrosa y los t\u00edtulos de M\u00e1rquez, acompa\u00f1amos en \u00c1frica a Nani Roma y Marc Coma en sus conquistas del Dakar y hemos vibrado con los t\u00edtulos de Toni Bou en Trial. Adem\u00e1s, en nuestro equipo contamos con expertos en el mundo de las dos y cuatro ruedas tanto de la calle y las carreteras, como de los circuitos. Periodistas que han trabajado en revistas y publicaciones para hacerte llegar desde rutas y consejos de mantenimiento, a curiosidades y trucos de pilotaje.\",\"sameAs\":[\"https:\\\/\\\/www.facebook.com\\\/BoxRepsol\\\/\",\"https:\\\/\\\/www.instagram.com\\\/box_repsol\\\/\",\"https:\\\/\\\/x.com\\\/https:\\\/\\\/twitter.com\\\/box_repsol\",\"https:\\\/\\\/www.youtube.com\\\/@Boxrepsol\"],\"url\":\"https:\\\/\\\/www.boxrepsol.com\\\/es\\\/author\\\/redaccion-box-repsol\\\/\"}]}<\/script>\n<!-- \/ Yoast SEO plugin. -->","yoast_head_json":{"title":"S\u00e9ptima l\u00ednea para Pol Espargar\u00f3 y Stefan Bradl en Misano - Box Repsol","canonical":"https:\/\/www.boxrepsol.com\/es\/motogp\/septima-linea-para-pol-espargaro-y-stefan-bradl-en-misano\/","og_locale":"es_ES","og_type":"article","og_title":"S\u00e9ptima l\u00ednea para Pol Espargar\u00f3 y Stefan Bradl en Misano - Box Repsol","og_description":"Los pilotos del equipo Repsol Honda no pasan el corte de la Q2 y saldr\u00e1n ma\u00f1ana desde la decimonovena y vig\u00e9sima posici\u00f3n, respectivamente.","og_url":"https:\/\/www.boxrepsol.com\/es\/motogp\/septima-linea-para-pol-espargaro-y-stefan-bradl-en-misano\/","og_site_name":"Box Repsol","article_publisher":"https:\/\/www.facebook.com\/BoxRepsol","article_author":"https:\/\/www.facebook.com\/BoxRepsol\/","article_published_time":"2022-09-03T02:00:00+00:00","article_modified_time":"2024-04-08T11:13:27+00:00","og_image":[{"width":1280,"height":600,"url":"https:\/\/bxrepsol.s3.eu-west-1.amazonaws.com\/static\/2022\/11\/07075033\/http___repsolmedia.com_repsolmedia_wp-content_uploads_2022_09_JRB6047-scaled-1.jpg","type":"image\/jpeg"}],"author":"Redacci\u00f3n Box Repsol","twitter_card":"summary_large_image","twitter_creator":"@https:\/\/twitter.com\/box_repsol","twitter_site":"@box_repsol","twitter_misc":{"Written by":"Redacci\u00f3n Box Repsol","Est. reading time":"2 minutos"},"schema":{"@context":"https:\/\/schema.org","@graph":[{"@type":"Article","@id":"https:\/\/www.boxrepsol.com\/es\/motogp\/septima-linea-para-pol-espargaro-y-stefan-bradl-en-misano\/#article","isPartOf":{"@id":"https:\/\/www.boxrepsol.com\/es\/motogp\/septima-linea-para-pol-espargaro-y-stefan-bradl-en-misano\/"},"author":{"name":"Redacci\u00f3n Box Repsol","@id":"https:\/\/www.boxrepsol.com\/es\/#\/schema\/person\/c5c2138f2cca251b0ad92b7086bb60b7"},"headline":"S\u00e9ptima l\u00ednea para Pol Espargar\u00f3 y Stefan Bradl en Misano","datePublished":"2022-09-03T02:00:00+00:00","dateModified":"2024-04-08T11:13:27+00:00","mainEntityOfPage":{"@id":"https:\/\/www.boxrepsol.com\/es\/motogp\/septima-linea-para-pol-espargaro-y-stefan-bradl-en-misano\/"},"wordCount":459,"commentCount":0,"publisher":{"@id":"https:\/\/www.boxrepsol.com\/es\/#organization"},"image":{"@id":"https:\/\/www.boxrepsol.com\/es\/motogp\/septima-linea-para-pol-espargaro-y-stefan-bradl-en-misano\/#primaryimage"},"thumbnailUrl":"https:\/\/bxrepsol.s3.eu-west-1.amazonaws.com\/static\/2022\/11\/07075033\/http___repsolmedia.com_repsolmedia_wp-content_uploads_2022_09_JRB6047-scaled-1.jpg","keywords":["2022","Marc M\u00e1rquez","MotoGP Misano","Pol Espargar\u00f3"],"articleSection":["MotoGP"],"inLanguage":"es","potentialAction":[{"@type":"CommentAction","name":"Comment","target":["https:\/\/www.boxrepsol.com\/es\/motogp\/septima-linea-para-pol-espargaro-y-stefan-bradl-en-misano\/#respond"]}]},{"@type":"WebPage","@id":"https:\/\/www.boxrepsol.com\/es\/motogp\/septima-linea-para-pol-espargaro-y-stefan-bradl-en-misano\/","url":"https:\/\/www.boxrepsol.com\/es\/motogp\/septima-linea-para-pol-espargaro-y-stefan-bradl-en-misano\/","name":"S\u00e9ptima l\u00ednea para Pol Espargar\u00f3 y Stefan Bradl en Misano - Box Repsol","isPartOf":{"@id":"https:\/\/www.boxrepsol.com\/es\/#website"},"primaryImageOfPage":{"@id":"https:\/\/www.boxrepsol.com\/es\/motogp\/septima-linea-para-pol-espargaro-y-stefan-bradl-en-misano\/#primaryimage"},"image":{"@id":"https:\/\/www.boxrepsol.com\/es\/motogp\/septima-linea-para-pol-espargaro-y-stefan-bradl-en-misano\/#primaryimage"},"thumbnailUrl":"https:\/\/bxrepsol.s3.eu-west-1.amazonaws.com\/static\/2022\/11\/07075033\/http___repsolmedia.com_repsolmedia_wp-content_uploads_2022_09_JRB6047-scaled-1.jpg","datePublished":"2022-09-03T02:00:00+00:00","dateModified":"2024-04-08T11:13:27+00:00","breadcrumb":{"@id":"https:\/\/www.boxrepsol.com\/es\/motogp\/septima-linea-para-pol-espargaro-y-stefan-bradl-en-misano\/#breadcrumb"},"inLanguage":"es","potentialAction":[{"@type":"ReadAction","target":["https:\/\/www.boxrepsol.com\/es\/motogp\/septima-linea-para-pol-espargaro-y-stefan-bradl-en-misano\/"]}]},{"@type":"ImageObject","inLanguage":"es","@id":"https:\/\/www.boxrepsol.com\/es\/motogp\/septima-linea-para-pol-espargaro-y-stefan-bradl-en-misano\/#primaryimage","url":"https:\/\/bxrepsol.s3.eu-west-1.amazonaws.com\/static\/2022\/11\/07075033\/http___repsolmedia.com_repsolmedia_wp-content_uploads_2022_09_JRB6047-scaled-1.jpg","contentUrl":"https:\/\/bxrepsol.s3.eu-west-1.amazonaws.com\/static\/2022\/11\/07075033\/http___repsolmedia.com_repsolmedia_wp-content_uploads_2022_09_JRB6047-scaled-1.jpg","width":1280,"height":600},{"@type":"BreadcrumbList","@id":"https:\/\/www.boxrepsol.com\/es\/motogp\/septima-linea-para-pol-espargaro-y-stefan-bradl-en-misano\/#breadcrumb","itemListElement":[{"@type":"ListItem","position":1,"name":"Home","item":"https:\/\/www.boxrepsol.com\/es\/"},{"@type":"ListItem","position":2,"name":"S\u00e9ptima l\u00ednea para Pol Espargar\u00f3 y Stefan Bradl en Misano"}]},{"@type":"WebSite","@id":"https:\/\/www.boxrepsol.com\/es\/#website","url":"https:\/\/www.boxrepsol.com\/es\/","name":"Box Repsol","description":"Box Repsol Site","publisher":{"@id":"https:\/\/www.boxrepsol.com\/es\/#organization"},"potentialAction":[{"@type":"SearchAction","target":{"@type":"EntryPoint","urlTemplate":"https:\/\/www.boxrepsol.com\/es\/?s={search_term_string}"},"query-input":{"@type":"PropertyValueSpecification","valueRequired":true,"valueName":"search_term_string"}}],"inLanguage":"es"},{"@type":"Organization","@id":"https:\/\/www.boxrepsol.com\/es\/#organization","name":"Box Repsol","url":"https:\/\/www.boxrepsol.com\/es\/","logo":{"@type":"ImageObject","inLanguage":"es","@id":"https:\/\/www.boxrepsol.com\/es\/#\/schema\/logo\/image\/","url":"https:\/\/bxrepsol.s3.eu-west-1.amazonaws.com\/static\/2025\/07\/30083337\/favicon-96x96-1.png","contentUrl":"https:\/\/bxrepsol.s3.eu-west-1.amazonaws.com\/static\/2025\/07\/30083337\/favicon-96x96-1.png","width":96,"height":96,"caption":"Box Repsol"},"image":{"@id":"https:\/\/www.boxrepsol.com\/es\/#\/schema\/logo\/image\/"},"sameAs":["https:\/\/www.facebook.com\/BoxRepsol","https:\/\/x.com\/box_repsol","http:\/\/instagram.com\/box_repsol","https:\/\/www.youtube.com\/user\/RepsolCompeticion","https:\/\/www.flickr.com\/photos\/box_repsol\/"]},{"@type":"Person","@id":"https:\/\/www.boxrepsol.com\/es\/#\/schema\/person\/c5c2138f2cca251b0ad92b7086bb60b7","name":"Redacci\u00f3n Box Repsol","image":{"@type":"ImageObject","inLanguage":"es","@id":"https:\/\/secure.gravatar.com\/avatar\/adf7b77e38b4419baf32c7e9c21dde01f4e40df611f0978e3006fc4ba0aaab7e?s=96&d=mm&r=g","url":"https:\/\/secure.gravatar.com\/avatar\/adf7b77e38b4419baf32c7e9c21dde01f4e40df611f0978e3006fc4ba0aaab7e?s=96&d=mm&r=g","contentUrl":"https:\/\/secure.gravatar.com\/avatar\/adf7b77e38b4419baf32c7e9c21dde01f4e40df611f0978e3006fc4ba0aaab7e?s=96&d=mm&r=g","caption":"Redacci\u00f3n Box Repsol"},"description":"Box Repsol lo forma un equipo de periodistas, community managers, dise\u00f1adores y fot\u00f3grafos con m\u00e1s de 20 a\u00f1os de experiencia en el mundo del motorsport. Hemos vivido el primer mundial de un espa\u00f1ol en la categor\u00eda reina de motociclismo con \u00c1lex Crivill\u00e9, estuvimos en las victorias de Pedrosa y los t\u00edtulos de M\u00e1rquez, acompa\u00f1amos en \u00c1frica a Nani Roma y Marc Coma en sus conquistas del Dakar y hemos vibrado con los t\u00edtulos de Toni Bou en Trial. Adem\u00e1s, en nuestro equipo contamos con expertos en el mundo de las dos y cuatro ruedas tanto de la calle y las carreteras, como de los circuitos. Periodistas que han trabajado en revistas y publicaciones para hacerte llegar desde rutas y consejos de mantenimiento, a curiosidades y trucos de pilotaje.","sameAs":["https:\/\/www.facebook.com\/BoxRepsol\/","https:\/\/www.instagram.com\/box_repsol\/","https:\/\/x.com\/https:\/\/twitter.com\/box_repsol","https:\/\/www.youtube.com\/@Boxrepsol"],"url":"https:\/\/www.boxrepsol.com\/es\/author\/redaccion-box-repsol\/"}]}},"_links":{"self":[{"href":"https:\/\/www.boxrepsol.com\/es\/wp-json\/wp\/v2\/posts\/95488","targetHints":{"allow":["GET"]}}],"collection":[{"href":"https:\/\/www.boxrepsol.com\/es\/wp-json\/wp\/v2\/posts"}],"about":[{"href":"https:\/\/www.boxrepsol.com\/es\/wp-json\/wp\/v2\/types\/post"}],"author":[{"embeddable":true,"href":"https:\/\/www.boxrepsol.com\/es\/wp-json\/wp\/v2\/users\/43146"}],"replies":[{"embeddable":true,"href":"https:\/\/www.boxrepsol.com\/es\/wp-json\/wp\/v2\/comments?post=95488"}],"version-history":[{"count":1,"href":"https:\/\/www.boxrepsol.com\/es\/wp-json\/wp\/v2\/posts\/95488\/revisions"}],"predecessor-version":[{"id":95489,"href":"https:\/\/www.boxrepsol.com\/es\/wp-json\/wp\/v2\/posts\/95488\/revisions\/95489"}],"wp:featuredmedia":[{"embeddable":true,"href":"https:\/\/www.boxrepsol.com\/es\/wp-json\/wp\/v2\/media\/75008"}],"wp:attachment":[{"href":"https:\/\/www.boxrepsol.com\/es\/wp-json\/wp\/v2\/media?parent=95488"}],"wp:term":[{"taxonomy":"category","embeddable":true,"href":"https:\/\/www.boxrepsol.com\/es\/wp-json\/wp\/v2\/categories?post=95488"},{"taxonomy":"post_tag","embeddable":true,"href":"https:\/\/www.boxrepsol.com\/es\/wp-json\/wp\/v2\/tags?post=95488"}],"curies":[{"name":"wp","href":"https:\/\/api.w.org\/{rel}","templated":true}]}}