{"id":95472,"date":"2022-08-24T00:00:00","date_gmt":"2022-08-24T02:00:00","guid":{"rendered":"http:\/\/pre.boxrepsol.com\/sin-categorizar\/toni-bou-viaja-a-cahors-dispuesto-a-dejar-listo-para-sentencia-el-titulo-2022-de-trialgp\/"},"modified":"2024-04-08T09:16:13","modified_gmt":"2024-04-08T11:16:13","slug":"toni-bou-viaja-a-cahors-dispuesto-a-dejar-listo-para-sentencia-el-titulo-2022-de-trialgp","status":"publish","type":"post","link":"https:\/\/www.boxrepsol.com\/es\/trial\/toni-bou-viaja-a-cahors-dispuesto-a-dejar-listo-para-sentencia-el-titulo-2022-de-trialgp\/","title":{"rendered":"Toni Bou viaja a Cahors dispuesto a dejar listo para sentencia el t\u00edtulo 2022 de TrialGP"},"content":{"rendered":"<p>La monumental ciudad de <strong>Cahors,<\/strong> en la regi\u00f3n francesa del Lot, ser\u00e1 el escenario de una nueva prueba del Campeonato del Mundo de TrialGP este pr\u00f3ximo domingo. Tras la excelente carrera que realiz\u00f3 <strong>Toni Bou<\/strong> el domingo pasado en B\u00e9lgica, el piloto del <strong>Repsol Honda Trial Team<\/strong> asistir\u00e1 a una nueva cita con la intenci\u00f3n de dejar el campeonato pr\u00e1cticamente decidido. Con 26 puntos de ventaja sobre el segundo clasificado, y a\u00fan con tres carreras en juego, Bou tiene claro que deber\u00e1 confirmar su liderato con un buen resultado y esperar a Italia para celebrar una nueva corona mundial. Bou ya se impuso en 2021 en Cahors.<\/p>\n<p>Por su parte, el compa\u00f1ero de Bou en el <strong>Repsol Honda Trial Team,<\/strong> el gallego <strong>Gabriel Marcelli,<\/strong> mejor\u00f3 sensiblemente en la carrera del pasado fin de semana y, despu\u00e9s de recuperarse f\u00edsicamente de sus anteriores lesiones, cree que puede aspirar finalmente al objetivo de subir al podio en la carrera francesa.<\/p>\n<p>El Lot ser\u00e1 testigo de la actuaci\u00f3n de los pilotos durante la competici\u00f3n, ya que el recorrido transcurre en los dos m\u00e1rgenes del r\u00edo que ba\u00f1a la localidad y entre los dos puentes principales de la ciudad: el Pont de Valentr\u00e9 y el de entrada a Cahors, donde se encontrar\u00e1n algunas zonas en la \u201cplaya\u201d de las Acacias. Ser\u00e1n dos vueltas a un circuito semi-urbano donde se ubicar\u00e1n las doce zonas de rigor y se prev\u00e9 que la competici\u00f3n termine, aproximadamente, a las 15:30 horas.<\/p>\n<p><a href=\"https:\/\/bxrepsol.s3.eu-west-1.amazonaws.com\/static\/2022\/08\/29111915\/6305e9add2e421.34473018.jpg\" data-index=\"0\"><br \/>\n<img decoding=\"async\" title=\"6305e9add2e421.34473018\" src=\"https:\/\/bxrepsol.s3.eu-west-1.amazonaws.com\/static\/2022\/08\/29111915\/6305e9add2e421.34473018.jpg\" srcset=\"https:\/\/bxrepsol.s3.eu-west-1.amazonaws.com\/static\/2022\/08\/29111915\/6305e9add2e421.34473018.jpg 800w, https:\/\/bxrepsol.s3.eu-west-1.amazonaws.com\/static\/2022\/08\/29111915\/6305e9add2e421.34473018.jpg 600w, https:\/\/bxrepsol.s3.eu-west-1.amazonaws.com\/static\/2022\/08\/29111915\/6305e9add2e421.34473018.jpg 480w, https:\/\/bxrepsol.s3.eu-west-1.amazonaws.com\/static\/2022\/08\/29111915\/6305e9add2e421.34473018.jpg 32w\" alt=\"\" data-title=\"\"><br \/>\n<\/a><br \/>\n<a href=\"https:\/\/bxrepsol.s3.eu-west-1.amazonaws.com\/static\/2022\/08\/29111916\/6305e9db704902.60254480.jpg\" data-index=\"1\"><br \/>\n<img decoding=\"async\" title=\"6305e9db704902.60254480\" src=\"https:\/\/bxrepsol.s3.eu-west-1.amazonaws.com\/static\/2022\/08\/29111916\/6305e9db704902.60254480.jpg\" srcset=\"https:\/\/bxrepsol.s3.eu-west-1.amazonaws.com\/static\/2022\/08\/29111916\/6305e9db704902.60254480.jpg 800w, https:\/\/bxrepsol.s3.eu-west-1.amazonaws.com\/static\/2022\/08\/29111916\/6305e9db704902.60254480.jpg 600w, https:\/\/bxrepsol.s3.eu-west-1.amazonaws.com\/static\/2022\/08\/29111916\/6305e9db704902.60254480.jpg 480w, https:\/\/bxrepsol.s3.eu-west-1.amazonaws.com\/static\/2022\/08\/29111916\/6305e9db704902.60254480.jpg 32w\" alt=\"\" data-title=\"\"><br \/>\n<\/a><br \/>\n<a href=\"https:\/\/bxrepsol.s3.eu-west-1.amazonaws.com\/static\/2022\/08\/29111917\/6305e9b8f3da37.40394001.jpg\" data-index=\"2\"><br \/>\n<img decoding=\"async\" title=\"6305e9b8f3da37.40394001\" src=\"https:\/\/bxrepsol.s3.eu-west-1.amazonaws.com\/static\/2022\/08\/29111917\/6305e9b8f3da37.40394001.jpg\" srcset=\"https:\/\/bxrepsol.s3.eu-west-1.amazonaws.com\/static\/2022\/08\/29111917\/6305e9b8f3da37.40394001.jpg 800w, https:\/\/bxrepsol.s3.eu-west-1.amazonaws.com\/static\/2022\/08\/29111917\/6305e9b8f3da37.40394001.jpg 600w, https:\/\/bxrepsol.s3.eu-west-1.amazonaws.com\/static\/2022\/08\/29111917\/6305e9b8f3da37.40394001.jpg 480w, https:\/\/bxrepsol.s3.eu-west-1.amazonaws.com\/static\/2022\/08\/29111917\/6305e9b8f3da37.40394001.jpg 32w\" alt=\"\" data-title=\"\"><br \/>\n<\/a><br \/>\n<a href=\"https:\/\/bxrepsol.s3.eu-west-1.amazonaws.com\/static\/2022\/08\/29111918\/6305e9e61d1626.30623089.jpg\" data-index=\"3\"><br \/>\n<img decoding=\"async\" title=\"6305e9e61d1626.30623089\" src=\"https:\/\/bxrepsol.s3.eu-west-1.amazonaws.com\/static\/2022\/08\/29111918\/6305e9e61d1626.30623089.jpg\" srcset=\"https:\/\/bxrepsol.s3.eu-west-1.amazonaws.com\/static\/2022\/08\/29111918\/6305e9e61d1626.30623089.jpg 800w, https:\/\/bxrepsol.s3.eu-west-1.amazonaws.com\/static\/2022\/08\/29111918\/6305e9e61d1626.30623089.jpg 600w, https:\/\/bxrepsol.s3.eu-west-1.amazonaws.com\/static\/2022\/08\/29111918\/6305e9e61d1626.30623089.jpg 480w, https:\/\/bxrepsol.s3.eu-west-1.amazonaws.com\/static\/2022\/08\/29111918\/6305e9e61d1626.30623089.jpg 32w\" alt=\"\" data-title=\"\"><br \/>\n<\/a><br \/>\n<a href=\"https:\/\/bxrepsol.s3.eu-west-1.amazonaws.com\/static\/2022\/08\/29111919\/6305e9eae98f16.11048143.jpg\" data-index=\"4\"><br \/>\n<img decoding=\"async\" title=\"6305e9eae98f16.11048143\" src=\"https:\/\/bxrepsol.s3.eu-west-1.amazonaws.com\/static\/2022\/08\/29111919\/6305e9eae98f16.11048143.jpg\" srcset=\"https:\/\/bxrepsol.s3.eu-west-1.amazonaws.com\/static\/2022\/08\/29111919\/6305e9eae98f16.11048143.jpg 800w, https:\/\/bxrepsol.s3.eu-west-1.amazonaws.com\/static\/2022\/08\/29111919\/6305e9eae98f16.11048143.jpg 600w, https:\/\/bxrepsol.s3.eu-west-1.amazonaws.com\/static\/2022\/08\/29111919\/6305e9eae98f16.11048143.jpg 480w, https:\/\/bxrepsol.s3.eu-west-1.amazonaws.com\/static\/2022\/08\/29111919\/6305e9eae98f16.11048143.jpg 32w\" alt=\"\" data-title=\"\"><br \/>\n<\/a><br \/>\n<button data-glide-dir=\"<\"><\/p>\n<p><\/button><br \/>\n<button data-glide-dir=\">\u00ab><\/p>\n<p><\/button><\/p>\n<p><strong>Declaraciones de los pilotos<\/strong><\/p>\n<p><strong>Toni Bou<\/strong><\/p>\n<p>\u00abEstamos en una l\u00ednea muy buena, muy positiva, pero a\u00fan no hay nada hecho y habr\u00e1 que competir, una vez m\u00e1s, muy concentrados porque esta carrera es muy importante de cara al t\u00edtulo. El equipo est\u00e1 trabajando muy fuerte y yo me encuentro bien. Esperamos que salga una buena carrera y sin errores.\u00bb<\/p>\n<p><strong>Gabriel Marcelli<\/strong><\/p>\n<p>\u00abEn B\u00e9lgica me encontr\u00e9 mucho mejor que en las carreras de inicio de temporada y pude rodar algo m\u00e1s suelto. Se not\u00f3 un poco porque me qued\u00e9 a un pasito del podio que me gustar\u00eda pisar en esta carrera de Francia. Veremos qu\u00e9 tal se nos da, pero estamos trabajando mucho para que salgan los resultados.\u00bb<\/p>\n","protected":false},"excerpt":{"rendered":"<p>Tras la quinta victoria de la temporada conquistada el pasado fin de semana en B\u00e9lgica, el Mundial de TrialGP no para y este pr\u00f3ximo domingo se disputar\u00e1 la octava carrera de la temporada. Bou quiere aproximarse al t\u00edtulo y Marcelli a un podio.<\/p>\n","protected":false},"author":43146,"featured_media":65817,"comment_status":"open","ping_status":"open","sticky":false,"template":"","format":"standard","meta":{"footnotes":""},"categories":[23],"tags":[120,130,21],"class_list":["post-95472","post","type-post","status-publish","format-standard","hentry","category-trial","tag-120","tag-otros-eventos-y-competiciones","tag-toni-bou"],"yoast_head":"<!-- This site is optimized with the Yoast SEO plugin v27.3 - https:\/\/yoast.com\/product\/yoast-seo-wordpress\/ -->\n<title>Toni Bou viaja a Cahors dispuesto a dejar listo para sentencia el t\u00edtulo 2022 de TrialGP - Box Repsol<\/title>\n<meta name=\"description\" content=\"Toni Bou viaja a Cahors dispuesto a sentenciar el t\u00edtulo de TrialGP 2022. Acompa\u00f1a a Toni Bou en su viaje a Cahors en busca del t\u00edtulo.\" \/>\n<link rel=\"canonical\" href=\"https:\/\/www.boxrepsol.com\/es\/trial\/toni-bou-viaja-a-cahors-dispuesto-a-dejar-listo-para-sentencia-el-titulo-2022-de-trialgp\/\" \/>\n<meta property=\"og:locale\" content=\"es_ES\" \/>\n<meta property=\"og:type\" content=\"article\" \/>\n<meta property=\"og:title\" content=\"Toni Bou viaja a Cahors dispuesto a dejar listo para sentencia el t\u00edtulo 2022 de TrialGP - Box Repsol\" \/>\n<meta property=\"og:description\" content=\"Toni Bou viaja a Cahors dispuesto a sentenciar el t\u00edtulo de TrialGP 2022. Acompa\u00f1a a Toni Bou en su viaje a Cahors en busca del t\u00edtulo.\" \/>\n<meta property=\"og:url\" content=\"https:\/\/www.boxrepsol.com\/es\/trial\/toni-bou-viaja-a-cahors-dispuesto-a-dejar-listo-para-sentencia-el-titulo-2022-de-trialgp\/\" \/>\n<meta property=\"og:site_name\" content=\"Box Repsol\" \/>\n<meta property=\"article:publisher\" content=\"https:\/\/www.facebook.com\/BoxRepsol\" \/>\n<meta property=\"article:author\" content=\"https:\/\/www.facebook.com\/BoxRepsol\/\" \/>\n<meta property=\"article:published_time\" content=\"2022-08-24T02:00:00+00:00\" \/>\n<meta property=\"article:modified_time\" content=\"2024-04-08T11:16:13+00:00\" \/>\n<meta property=\"og:image\" content=\"https:\/\/bxrepsol.s3.eu-west-1.amazonaws.com\/static\/2022\/08\/29111921\/portada.png\" \/>\n\t<meta property=\"og:image:width\" content=\"800\" \/>\n\t<meta property=\"og:image:height\" content=\"406\" \/>\n\t<meta property=\"og:image:type\" content=\"image\/png\" \/>\n<meta name=\"author\" content=\"Redacci\u00f3n Box Repsol\" \/>\n<meta name=\"twitter:card\" content=\"summary_large_image\" \/>\n<meta name=\"twitter:creator\" content=\"@https:\/\/twitter.com\/box_repsol\" \/>\n<meta name=\"twitter:site\" content=\"@box_repsol\" \/>\n<meta name=\"twitter:label1\" content=\"Written by\" \/>\n\t<meta name=\"twitter:data1\" content=\"Redacci\u00f3n Box Repsol\" \/>\n\t<meta name=\"twitter:label2\" content=\"Est. reading time\" \/>\n\t<meta name=\"twitter:data2\" content=\"2 minutos\" \/>\n<script type=\"application\/ld+json\" class=\"yoast-schema-graph\">{\"@context\":\"https:\\\/\\\/schema.org\",\"@graph\":[{\"@type\":\"Article\",\"@id\":\"https:\\\/\\\/www.boxrepsol.com\\\/es\\\/trial\\\/toni-bou-viaja-a-cahors-dispuesto-a-dejar-listo-para-sentencia-el-titulo-2022-de-trialgp\\\/#article\",\"isPartOf\":{\"@id\":\"https:\\\/\\\/www.boxrepsol.com\\\/es\\\/trial\\\/toni-bou-viaja-a-cahors-dispuesto-a-dejar-listo-para-sentencia-el-titulo-2022-de-trialgp\\\/\"},\"author\":{\"name\":\"Redacci\u00f3n Box Repsol\",\"@id\":\"https:\\\/\\\/www.boxrepsol.com\\\/es\\\/#\\\/schema\\\/person\\\/c5c2138f2cca251b0ad92b7086bb60b7\"},\"headline\":\"Toni Bou viaja a Cahors dispuesto a dejar listo para sentencia el t\u00edtulo 2022 de TrialGP\",\"datePublished\":\"2022-08-24T02:00:00+00:00\",\"dateModified\":\"2024-04-08T11:16:13+00:00\",\"mainEntityOfPage\":{\"@id\":\"https:\\\/\\\/www.boxrepsol.com\\\/es\\\/trial\\\/toni-bou-viaja-a-cahors-dispuesto-a-dejar-listo-para-sentencia-el-titulo-2022-de-trialgp\\\/\"},\"wordCount\":398,\"commentCount\":0,\"publisher\":{\"@id\":\"https:\\\/\\\/www.boxrepsol.com\\\/es\\\/#organization\"},\"image\":{\"@id\":\"https:\\\/\\\/www.boxrepsol.com\\\/es\\\/trial\\\/toni-bou-viaja-a-cahors-dispuesto-a-dejar-listo-para-sentencia-el-titulo-2022-de-trialgp\\\/#primaryimage\"},\"thumbnailUrl\":\"https:\\\/\\\/bxrepsol.s3.eu-west-1.amazonaws.com\\\/static\\\/2022\\\/08\\\/29111921\\\/portada.png\",\"keywords\":[\"2022\",\"otros eventos y competiciones\",\"Toni Bou\"],\"articleSection\":[\"Trial\"],\"inLanguage\":\"es\",\"potentialAction\":[{\"@type\":\"CommentAction\",\"name\":\"Comment\",\"target\":[\"https:\\\/\\\/www.boxrepsol.com\\\/es\\\/trial\\\/toni-bou-viaja-a-cahors-dispuesto-a-dejar-listo-para-sentencia-el-titulo-2022-de-trialgp\\\/#respond\"]}]},{\"@type\":\"WebPage\",\"@id\":\"https:\\\/\\\/www.boxrepsol.com\\\/es\\\/trial\\\/toni-bou-viaja-a-cahors-dispuesto-a-dejar-listo-para-sentencia-el-titulo-2022-de-trialgp\\\/\",\"url\":\"https:\\\/\\\/www.boxrepsol.com\\\/es\\\/trial\\\/toni-bou-viaja-a-cahors-dispuesto-a-dejar-listo-para-sentencia-el-titulo-2022-de-trialgp\\\/\",\"name\":\"Toni Bou viaja a Cahors dispuesto a dejar listo para sentencia el t\u00edtulo 2022 de TrialGP - Box Repsol\",\"isPartOf\":{\"@id\":\"https:\\\/\\\/www.boxrepsol.com\\\/es\\\/#website\"},\"primaryImageOfPage\":{\"@id\":\"https:\\\/\\\/www.boxrepsol.com\\\/es\\\/trial\\\/toni-bou-viaja-a-cahors-dispuesto-a-dejar-listo-para-sentencia-el-titulo-2022-de-trialgp\\\/#primaryimage\"},\"image\":{\"@id\":\"https:\\\/\\\/www.boxrepsol.com\\\/es\\\/trial\\\/toni-bou-viaja-a-cahors-dispuesto-a-dejar-listo-para-sentencia-el-titulo-2022-de-trialgp\\\/#primaryimage\"},\"thumbnailUrl\":\"https:\\\/\\\/bxrepsol.s3.eu-west-1.amazonaws.com\\\/static\\\/2022\\\/08\\\/29111921\\\/portada.png\",\"datePublished\":\"2022-08-24T02:00:00+00:00\",\"dateModified\":\"2024-04-08T11:16:13+00:00\",\"description\":\"Toni Bou viaja a Cahors dispuesto a sentenciar el t\u00edtulo de TrialGP 2022. Acompa\u00f1a a Toni Bou en su viaje a Cahors en busca del t\u00edtulo.\",\"breadcrumb\":{\"@id\":\"https:\\\/\\\/www.boxrepsol.com\\\/es\\\/trial\\\/toni-bou-viaja-a-cahors-dispuesto-a-dejar-listo-para-sentencia-el-titulo-2022-de-trialgp\\\/#breadcrumb\"},\"inLanguage\":\"es\",\"potentialAction\":[{\"@type\":\"ReadAction\",\"target\":[\"https:\\\/\\\/www.boxrepsol.com\\\/es\\\/trial\\\/toni-bou-viaja-a-cahors-dispuesto-a-dejar-listo-para-sentencia-el-titulo-2022-de-trialgp\\\/\"]}]},{\"@type\":\"ImageObject\",\"inLanguage\":\"es\",\"@id\":\"https:\\\/\\\/www.boxrepsol.com\\\/es\\\/trial\\\/toni-bou-viaja-a-cahors-dispuesto-a-dejar-listo-para-sentencia-el-titulo-2022-de-trialgp\\\/#primaryimage\",\"url\":\"https:\\\/\\\/bxrepsol.s3.eu-west-1.amazonaws.com\\\/static\\\/2022\\\/08\\\/29111921\\\/portada.png\",\"contentUrl\":\"https:\\\/\\\/bxrepsol.s3.eu-west-1.amazonaws.com\\\/static\\\/2022\\\/08\\\/29111921\\\/portada.png\",\"width\":800,\"height\":406},{\"@type\":\"BreadcrumbList\",\"@id\":\"https:\\\/\\\/www.boxrepsol.com\\\/es\\\/trial\\\/toni-bou-viaja-a-cahors-dispuesto-a-dejar-listo-para-sentencia-el-titulo-2022-de-trialgp\\\/#breadcrumb\",\"itemListElement\":[{\"@type\":\"ListItem\",\"position\":1,\"name\":\"Home\",\"item\":\"https:\\\/\\\/www.boxrepsol.com\\\/es\\\/\"},{\"@type\":\"ListItem\",\"position\":2,\"name\":\"Toni Bou viaja a Cahors dispuesto a dejar listo para sentencia el t\u00edtulo 2022 de TrialGP\"}]},{\"@type\":\"WebSite\",\"@id\":\"https:\\\/\\\/www.boxrepsol.com\\\/es\\\/#website\",\"url\":\"https:\\\/\\\/www.boxrepsol.com\\\/es\\\/\",\"name\":\"Box Repsol\",\"description\":\"Box Repsol Site\",\"publisher\":{\"@id\":\"https:\\\/\\\/www.boxrepsol.com\\\/es\\\/#organization\"},\"potentialAction\":[{\"@type\":\"SearchAction\",\"target\":{\"@type\":\"EntryPoint\",\"urlTemplate\":\"https:\\\/\\\/www.boxrepsol.com\\\/es\\\/?s={search_term_string}\"},\"query-input\":{\"@type\":\"PropertyValueSpecification\",\"valueRequired\":true,\"valueName\":\"search_term_string\"}}],\"inLanguage\":\"es\"},{\"@type\":\"Organization\",\"@id\":\"https:\\\/\\\/www.boxrepsol.com\\\/es\\\/#organization\",\"name\":\"Box Repsol\",\"url\":\"https:\\\/\\\/www.boxrepsol.com\\\/es\\\/\",\"logo\":{\"@type\":\"ImageObject\",\"inLanguage\":\"es\",\"@id\":\"https:\\\/\\\/www.boxrepsol.com\\\/es\\\/#\\\/schema\\\/logo\\\/image\\\/\",\"url\":\"https:\\\/\\\/bxrepsol.s3.eu-west-1.amazonaws.com\\\/static\\\/2025\\\/07\\\/30083337\\\/favicon-96x96-1.png\",\"contentUrl\":\"https:\\\/\\\/bxrepsol.s3.eu-west-1.amazonaws.com\\\/static\\\/2025\\\/07\\\/30083337\\\/favicon-96x96-1.png\",\"width\":96,\"height\":96,\"caption\":\"Box Repsol\"},\"image\":{\"@id\":\"https:\\\/\\\/www.boxrepsol.com\\\/es\\\/#\\\/schema\\\/logo\\\/image\\\/\"},\"sameAs\":[\"https:\\\/\\\/www.facebook.com\\\/BoxRepsol\",\"https:\\\/\\\/x.com\\\/box_repsol\",\"http:\\\/\\\/instagram.com\\\/box_repsol\",\"https:\\\/\\\/www.youtube.com\\\/user\\\/RepsolCompeticion\",\"https:\\\/\\\/www.flickr.com\\\/photos\\\/box_repsol\\\/\"]},{\"@type\":\"Person\",\"@id\":\"https:\\\/\\\/www.boxrepsol.com\\\/es\\\/#\\\/schema\\\/person\\\/c5c2138f2cca251b0ad92b7086bb60b7\",\"name\":\"Redacci\u00f3n Box Repsol\",\"image\":{\"@type\":\"ImageObject\",\"inLanguage\":\"es\",\"@id\":\"https:\\\/\\\/secure.gravatar.com\\\/avatar\\\/adf7b77e38b4419baf32c7e9c21dde01f4e40df611f0978e3006fc4ba0aaab7e?s=96&d=mm&r=g\",\"url\":\"https:\\\/\\\/secure.gravatar.com\\\/avatar\\\/adf7b77e38b4419baf32c7e9c21dde01f4e40df611f0978e3006fc4ba0aaab7e?s=96&d=mm&r=g\",\"contentUrl\":\"https:\\\/\\\/secure.gravatar.com\\\/avatar\\\/adf7b77e38b4419baf32c7e9c21dde01f4e40df611f0978e3006fc4ba0aaab7e?s=96&d=mm&r=g\",\"caption\":\"Redacci\u00f3n Box Repsol\"},\"description\":\"Box Repsol lo forma un equipo de periodistas, community managers, dise\u00f1adores y fot\u00f3grafos con m\u00e1s de 20 a\u00f1os de experiencia en el mundo del motorsport. Hemos vivido el primer mundial de un espa\u00f1ol en la categor\u00eda reina de motociclismo con \u00c1lex Crivill\u00e9, estuvimos en las victorias de Pedrosa y los t\u00edtulos de M\u00e1rquez, acompa\u00f1amos en \u00c1frica a Nani Roma y Marc Coma en sus conquistas del Dakar y hemos vibrado con los t\u00edtulos de Toni Bou en Trial. Adem\u00e1s, en nuestro equipo contamos con expertos en el mundo de las dos y cuatro ruedas tanto de la calle y las carreteras, como de los circuitos. Periodistas que han trabajado en revistas y publicaciones para hacerte llegar desde rutas y consejos de mantenimiento, a curiosidades y trucos de pilotaje.\",\"sameAs\":[\"https:\\\/\\\/www.facebook.com\\\/BoxRepsol\\\/\",\"https:\\\/\\\/www.instagram.com\\\/box_repsol\\\/\",\"https:\\\/\\\/x.com\\\/https:\\\/\\\/twitter.com\\\/box_repsol\",\"https:\\\/\\\/www.youtube.com\\\/@Boxrepsol\"],\"url\":\"https:\\\/\\\/www.boxrepsol.com\\\/es\\\/author\\\/redaccion-box-repsol\\\/\"}]}<\/script>\n<!-- \/ Yoast SEO plugin. -->","yoast_head_json":{"title":"Toni Bou viaja a Cahors dispuesto a dejar listo para sentencia el t\u00edtulo 2022 de TrialGP - Box Repsol","description":"Toni Bou viaja a Cahors dispuesto a sentenciar el t\u00edtulo de TrialGP 2022. Acompa\u00f1a a Toni Bou en su viaje a Cahors en busca del t\u00edtulo.","canonical":"https:\/\/www.boxrepsol.com\/es\/trial\/toni-bou-viaja-a-cahors-dispuesto-a-dejar-listo-para-sentencia-el-titulo-2022-de-trialgp\/","og_locale":"es_ES","og_type":"article","og_title":"Toni Bou viaja a Cahors dispuesto a dejar listo para sentencia el t\u00edtulo 2022 de TrialGP - Box Repsol","og_description":"Toni Bou viaja a Cahors dispuesto a sentenciar el t\u00edtulo de TrialGP 2022. Acompa\u00f1a a Toni Bou en su viaje a Cahors en busca del t\u00edtulo.","og_url":"https:\/\/www.boxrepsol.com\/es\/trial\/toni-bou-viaja-a-cahors-dispuesto-a-dejar-listo-para-sentencia-el-titulo-2022-de-trialgp\/","og_site_name":"Box Repsol","article_publisher":"https:\/\/www.facebook.com\/BoxRepsol","article_author":"https:\/\/www.facebook.com\/BoxRepsol\/","article_published_time":"2022-08-24T02:00:00+00:00","article_modified_time":"2024-04-08T11:16:13+00:00","og_image":[{"width":800,"height":406,"url":"https:\/\/bxrepsol.s3.eu-west-1.amazonaws.com\/static\/2022\/08\/29111921\/portada.png","type":"image\/png"}],"author":"Redacci\u00f3n Box Repsol","twitter_card":"summary_large_image","twitter_creator":"@https:\/\/twitter.com\/box_repsol","twitter_site":"@box_repsol","twitter_misc":{"Written by":"Redacci\u00f3n Box Repsol","Est. reading time":"2 minutos"},"schema":{"@context":"https:\/\/schema.org","@graph":[{"@type":"Article","@id":"https:\/\/www.boxrepsol.com\/es\/trial\/toni-bou-viaja-a-cahors-dispuesto-a-dejar-listo-para-sentencia-el-titulo-2022-de-trialgp\/#article","isPartOf":{"@id":"https:\/\/www.boxrepsol.com\/es\/trial\/toni-bou-viaja-a-cahors-dispuesto-a-dejar-listo-para-sentencia-el-titulo-2022-de-trialgp\/"},"author":{"name":"Redacci\u00f3n Box Repsol","@id":"https:\/\/www.boxrepsol.com\/es\/#\/schema\/person\/c5c2138f2cca251b0ad92b7086bb60b7"},"headline":"Toni Bou viaja a Cahors dispuesto a dejar listo para sentencia el t\u00edtulo 2022 de TrialGP","datePublished":"2022-08-24T02:00:00+00:00","dateModified":"2024-04-08T11:16:13+00:00","mainEntityOfPage":{"@id":"https:\/\/www.boxrepsol.com\/es\/trial\/toni-bou-viaja-a-cahors-dispuesto-a-dejar-listo-para-sentencia-el-titulo-2022-de-trialgp\/"},"wordCount":398,"commentCount":0,"publisher":{"@id":"https:\/\/www.boxrepsol.com\/es\/#organization"},"image":{"@id":"https:\/\/www.boxrepsol.com\/es\/trial\/toni-bou-viaja-a-cahors-dispuesto-a-dejar-listo-para-sentencia-el-titulo-2022-de-trialgp\/#primaryimage"},"thumbnailUrl":"https:\/\/bxrepsol.s3.eu-west-1.amazonaws.com\/static\/2022\/08\/29111921\/portada.png","keywords":["2022","otros eventos y competiciones","Toni Bou"],"articleSection":["Trial"],"inLanguage":"es","potentialAction":[{"@type":"CommentAction","name":"Comment","target":["https:\/\/www.boxrepsol.com\/es\/trial\/toni-bou-viaja-a-cahors-dispuesto-a-dejar-listo-para-sentencia-el-titulo-2022-de-trialgp\/#respond"]}]},{"@type":"WebPage","@id":"https:\/\/www.boxrepsol.com\/es\/trial\/toni-bou-viaja-a-cahors-dispuesto-a-dejar-listo-para-sentencia-el-titulo-2022-de-trialgp\/","url":"https:\/\/www.boxrepsol.com\/es\/trial\/toni-bou-viaja-a-cahors-dispuesto-a-dejar-listo-para-sentencia-el-titulo-2022-de-trialgp\/","name":"Toni Bou viaja a Cahors dispuesto a dejar listo para sentencia el t\u00edtulo 2022 de TrialGP - Box Repsol","isPartOf":{"@id":"https:\/\/www.boxrepsol.com\/es\/#website"},"primaryImageOfPage":{"@id":"https:\/\/www.boxrepsol.com\/es\/trial\/toni-bou-viaja-a-cahors-dispuesto-a-dejar-listo-para-sentencia-el-titulo-2022-de-trialgp\/#primaryimage"},"image":{"@id":"https:\/\/www.boxrepsol.com\/es\/trial\/toni-bou-viaja-a-cahors-dispuesto-a-dejar-listo-para-sentencia-el-titulo-2022-de-trialgp\/#primaryimage"},"thumbnailUrl":"https:\/\/bxrepsol.s3.eu-west-1.amazonaws.com\/static\/2022\/08\/29111921\/portada.png","datePublished":"2022-08-24T02:00:00+00:00","dateModified":"2024-04-08T11:16:13+00:00","description":"Toni Bou viaja a Cahors dispuesto a sentenciar el t\u00edtulo de TrialGP 2022. Acompa\u00f1a a Toni Bou en su viaje a Cahors en busca del t\u00edtulo.","breadcrumb":{"@id":"https:\/\/www.boxrepsol.com\/es\/trial\/toni-bou-viaja-a-cahors-dispuesto-a-dejar-listo-para-sentencia-el-titulo-2022-de-trialgp\/#breadcrumb"},"inLanguage":"es","potentialAction":[{"@type":"ReadAction","target":["https:\/\/www.boxrepsol.com\/es\/trial\/toni-bou-viaja-a-cahors-dispuesto-a-dejar-listo-para-sentencia-el-titulo-2022-de-trialgp\/"]}]},{"@type":"ImageObject","inLanguage":"es","@id":"https:\/\/www.boxrepsol.com\/es\/trial\/toni-bou-viaja-a-cahors-dispuesto-a-dejar-listo-para-sentencia-el-titulo-2022-de-trialgp\/#primaryimage","url":"https:\/\/bxrepsol.s3.eu-west-1.amazonaws.com\/static\/2022\/08\/29111921\/portada.png","contentUrl":"https:\/\/bxrepsol.s3.eu-west-1.amazonaws.com\/static\/2022\/08\/29111921\/portada.png","width":800,"height":406},{"@type":"BreadcrumbList","@id":"https:\/\/www.boxrepsol.com\/es\/trial\/toni-bou-viaja-a-cahors-dispuesto-a-dejar-listo-para-sentencia-el-titulo-2022-de-trialgp\/#breadcrumb","itemListElement":[{"@type":"ListItem","position":1,"name":"Home","item":"https:\/\/www.boxrepsol.com\/es\/"},{"@type":"ListItem","position":2,"name":"Toni Bou viaja a Cahors dispuesto a dejar listo para sentencia el t\u00edtulo 2022 de TrialGP"}]},{"@type":"WebSite","@id":"https:\/\/www.boxrepsol.com\/es\/#website","url":"https:\/\/www.boxrepsol.com\/es\/","name":"Box Repsol","description":"Box Repsol Site","publisher":{"@id":"https:\/\/www.boxrepsol.com\/es\/#organization"},"potentialAction":[{"@type":"SearchAction","target":{"@type":"EntryPoint","urlTemplate":"https:\/\/www.boxrepsol.com\/es\/?s={search_term_string}"},"query-input":{"@type":"PropertyValueSpecification","valueRequired":true,"valueName":"search_term_string"}}],"inLanguage":"es"},{"@type":"Organization","@id":"https:\/\/www.boxrepsol.com\/es\/#organization","name":"Box Repsol","url":"https:\/\/www.boxrepsol.com\/es\/","logo":{"@type":"ImageObject","inLanguage":"es","@id":"https:\/\/www.boxrepsol.com\/es\/#\/schema\/logo\/image\/","url":"https:\/\/bxrepsol.s3.eu-west-1.amazonaws.com\/static\/2025\/07\/30083337\/favicon-96x96-1.png","contentUrl":"https:\/\/bxrepsol.s3.eu-west-1.amazonaws.com\/static\/2025\/07\/30083337\/favicon-96x96-1.png","width":96,"height":96,"caption":"Box Repsol"},"image":{"@id":"https:\/\/www.boxrepsol.com\/es\/#\/schema\/logo\/image\/"},"sameAs":["https:\/\/www.facebook.com\/BoxRepsol","https:\/\/x.com\/box_repsol","http:\/\/instagram.com\/box_repsol","https:\/\/www.youtube.com\/user\/RepsolCompeticion","https:\/\/www.flickr.com\/photos\/box_repsol\/"]},{"@type":"Person","@id":"https:\/\/www.boxrepsol.com\/es\/#\/schema\/person\/c5c2138f2cca251b0ad92b7086bb60b7","name":"Redacci\u00f3n Box Repsol","image":{"@type":"ImageObject","inLanguage":"es","@id":"https:\/\/secure.gravatar.com\/avatar\/adf7b77e38b4419baf32c7e9c21dde01f4e40df611f0978e3006fc4ba0aaab7e?s=96&d=mm&r=g","url":"https:\/\/secure.gravatar.com\/avatar\/adf7b77e38b4419baf32c7e9c21dde01f4e40df611f0978e3006fc4ba0aaab7e?s=96&d=mm&r=g","contentUrl":"https:\/\/secure.gravatar.com\/avatar\/adf7b77e38b4419baf32c7e9c21dde01f4e40df611f0978e3006fc4ba0aaab7e?s=96&d=mm&r=g","caption":"Redacci\u00f3n Box Repsol"},"description":"Box Repsol lo forma un equipo de periodistas, community managers, dise\u00f1adores y fot\u00f3grafos con m\u00e1s de 20 a\u00f1os de experiencia en el mundo del motorsport. Hemos vivido el primer mundial de un espa\u00f1ol en la categor\u00eda reina de motociclismo con \u00c1lex Crivill\u00e9, estuvimos en las victorias de Pedrosa y los t\u00edtulos de M\u00e1rquez, acompa\u00f1amos en \u00c1frica a Nani Roma y Marc Coma en sus conquistas del Dakar y hemos vibrado con los t\u00edtulos de Toni Bou en Trial. Adem\u00e1s, en nuestro equipo contamos con expertos en el mundo de las dos y cuatro ruedas tanto de la calle y las carreteras, como de los circuitos. Periodistas que han trabajado en revistas y publicaciones para hacerte llegar desde rutas y consejos de mantenimiento, a curiosidades y trucos de pilotaje.","sameAs":["https:\/\/www.facebook.com\/BoxRepsol\/","https:\/\/www.instagram.com\/box_repsol\/","https:\/\/x.com\/https:\/\/twitter.com\/box_repsol","https:\/\/www.youtube.com\/@Boxrepsol"],"url":"https:\/\/www.boxrepsol.com\/es\/author\/redaccion-box-repsol\/"}]}},"_links":{"self":[{"href":"https:\/\/www.boxrepsol.com\/es\/wp-json\/wp\/v2\/posts\/95472","targetHints":{"allow":["GET"]}}],"collection":[{"href":"https:\/\/www.boxrepsol.com\/es\/wp-json\/wp\/v2\/posts"}],"about":[{"href":"https:\/\/www.boxrepsol.com\/es\/wp-json\/wp\/v2\/types\/post"}],"author":[{"embeddable":true,"href":"https:\/\/www.boxrepsol.com\/es\/wp-json\/wp\/v2\/users\/43146"}],"replies":[{"embeddable":true,"href":"https:\/\/www.boxrepsol.com\/es\/wp-json\/wp\/v2\/comments?post=95472"}],"version-history":[{"count":2,"href":"https:\/\/www.boxrepsol.com\/es\/wp-json\/wp\/v2\/posts\/95472\/revisions"}],"predecessor-version":[{"id":109205,"href":"https:\/\/www.boxrepsol.com\/es\/wp-json\/wp\/v2\/posts\/95472\/revisions\/109205"}],"wp:featuredmedia":[{"embeddable":true,"href":"https:\/\/www.boxrepsol.com\/es\/wp-json\/wp\/v2\/media\/65817"}],"wp:attachment":[{"href":"https:\/\/www.boxrepsol.com\/es\/wp-json\/wp\/v2\/media?parent=95472"}],"wp:term":[{"taxonomy":"category","embeddable":true,"href":"https:\/\/www.boxrepsol.com\/es\/wp-json\/wp\/v2\/categories?post=95472"},{"taxonomy":"post_tag","embeddable":true,"href":"https:\/\/www.boxrepsol.com\/es\/wp-json\/wp\/v2\/tags?post=95472"}],"curies":[{"name":"wp","href":"https:\/\/api.w.org\/{rel}","templated":true}]}}