{"id":95459,"date":"2022-08-17T00:00:00","date_gmt":"2022-08-17T02:00:00","guid":{"rendered":"http:\/\/pre.boxrepsol.com\/sin-categorizar\/el-repsol-honda-trial-team-retoma-la-actividad-en-belgica-empieza-la-recta-final-del-mundial\/"},"modified":"2024-04-08T09:18:32","modified_gmt":"2024-04-08T11:18:32","slug":"el-repsol-honda-trial-team-retoma-la-actividad-en-belgica-empieza-la-recta-final-del-mundial","status":"publish","type":"post","link":"https:\/\/www.boxrepsol.com\/es\/trial\/el-repsol-honda-trial-team-retoma-la-actividad-en-belgica-empieza-la-recta-final-del-mundial\/","title":{"rendered":"El Repsol Honda Trial Team retoma la actividad en B\u00e9lgica. Empieza la recta final del Mundial"},"content":{"rendered":"<p>La cuenta atr\u00e1s para un nuevo t\u00edtulo mundial de Toni Bou, el 31\u00ba, ya se ha activado. Este pr\u00f3ximo domingo se disputa la cuarta cita del campeonato del Mundo en la localidad belga de Comblain-au-Pont. Tras los TrialGP de Espa\u00f1a, Andorra y Alemania, de doble carrera, llegan dos citas a carrera \u00fanica, el primero, el TrialGP de B\u00e9lgica. Se trata de un recorrido conocido donde Toni Bou ha ganado en las cuatro ocasiones que el Mundial ha visitado esta peque\u00f1a poblaci\u00f3n.<\/p>\n<p>Aunque Toni Bou cuenta con 23 puntos de ventaja sobre el segundo clasificado y 41 puntos sobre el tercero, el piloto del Repsol Honda saldr\u00e1 igualmente a por la victoria, para intentar sellar lo antes posible una nueva corona en su extenso palmar\u00e9s.<\/p>\n<p>Por su parte, Gabriel Marcelli, que logr\u00f3 subir al podio en Comblain en la categor\u00eda Trial2 en 2019, llega a la cita recuperado f\u00edsicamente, hecho que le permitir\u00e1 competir al 100%, en busca de una mejor clasificaci\u00f3n que en las carreras precedentes.<\/p>\n<p>Las dos \u00faltimas visitas a Comblain-au-Pont acabaron con un doble podio para el Repsol Honda Trial Team con Toni Bou victorioso y Fujinami en tercera posici\u00f3n.<\/p>\n<p>El s\u00e1bado tendr\u00e1n lugar las verificaciones, entrenamientos y visita a las zonas. El recorrido de este TrialGP de B\u00e9lgica tiene unos 4,5 kil\u00f3metros de cuerda, donde se encontrar\u00e1n doce zonas para ejecutarlas en dos ocasiones. Tras la primera vuelta al recorrido, los pilotos tienen un descanso de 15 minutos antes de afrontar la segunda y definitiva vuelta. Se espera que la premiaci\u00f3n de la carrera de Comblain-au-Pont tenga lugar sobre las 15:30 de la tarde del domingo.<\/p>\n<p><a href=\"https:\/\/bxrepsol.s3.eu-west-1.amazonaws.com\/static\/2022\/08\/29110537\/rht22_trialgp_r5_bou_05605_ps-scaled.jpg\" data-index=\"0\"><br \/>\n<img decoding=\"async\" src=\"https:\/\/bxrepsol.s3.eu-west-1.amazonaws.com\/static\/2022\/08\/29110537\/rht22_trialgp_r5_bou_05605_ps-scaled.jpg\" srcset=\"https:\/\/bxrepsol.s3.eu-west-1.amazonaws.com\/static\/2022\/08\/29110537\/rht22_trialgp_r5_bou_05605_ps-scaled.jpg 5000w, https:\/\/bxrepsol.s3.eu-west-1.amazonaws.com\/static\/2022\/08\/29110537\/rht22_trialgp_r5_bou_05605_ps-scaled.jpg 1280w, https:\/\/bxrepsol.s3.eu-west-1.amazonaws.com\/static\/2022\/08\/29110537\/rht22_trialgp_r5_bou_05605_ps-scaled.jpg 900w, https:\/\/bxrepsol.s3.eu-west-1.amazonaws.com\/static\/2022\/08\/29110537\/rht22_trialgp_r5_bou_05605_ps-scaled.jpg 600w, https:\/\/bxrepsol.s3.eu-west-1.amazonaws.com\/static\/2022\/08\/29110537\/rht22_trialgp_r5_bou_05605_ps-scaled.jpg 480w, https:\/\/bxrepsol.s3.eu-west-1.amazonaws.com\/static\/2022\/08\/29110537\/rht22_trialgp_r5_bou_05605_ps-scaled.jpg 32w\" title=\"rht22_trialgp_r5_bou_05605_ps\" alt=\"\" data-title=\"\"><br \/>\n<\/a><br \/>\n<a href=\"https:\/\/bxrepsol.s3.eu-west-1.amazonaws.com\/static\/2022\/08\/29110544\/rht22_trialgp_r5_marcelli_06850_ps-scaled.jpg\" data-index=\"1\"><br \/>\n<img decoding=\"async\" src=\"https:\/\/bxrepsol.s3.eu-west-1.amazonaws.com\/static\/2022\/08\/29110544\/rht22_trialgp_r5_marcelli_06850_ps-scaled.jpg\" srcset=\"https:\/\/bxrepsol.s3.eu-west-1.amazonaws.com\/static\/2022\/08\/29110544\/rht22_trialgp_r5_marcelli_06850_ps-scaled.jpg 5000w, https:\/\/bxrepsol.s3.eu-west-1.amazonaws.com\/static\/2022\/08\/29110544\/rht22_trialgp_r5_marcelli_06850_ps-scaled.jpg 1280w, https:\/\/bxrepsol.s3.eu-west-1.amazonaws.com\/static\/2022\/08\/29110544\/rht22_trialgp_r5_marcelli_06850_ps-scaled.jpg 900w, https:\/\/bxrepsol.s3.eu-west-1.amazonaws.com\/static\/2022\/08\/29110544\/rht22_trialgp_r5_marcelli_06850_ps-scaled.jpg 600w, https:\/\/bxrepsol.s3.eu-west-1.amazonaws.com\/static\/2022\/08\/29110544\/rht22_trialgp_r5_marcelli_06850_ps-scaled.jpg 480w, https:\/\/bxrepsol.s3.eu-west-1.amazonaws.com\/static\/2022\/08\/29110544\/rht22_trialgp_r5_marcelli_06850_ps-scaled.jpg 32w\" title=\"rht22_trialgp_r5_marcelli_06850_ps\" alt=\"\" data-title=\"\"><br \/>\n<\/a><br \/>\n<a href=\"https:\/\/bxrepsol.s3.eu-west-1.amazonaws.com\/static\/2022\/08\/29110550\/rht22_trialgp_r5_bou_06762_ps-scaled.jpg\" data-index=\"2\"><br \/>\n<img decoding=\"async\" src=\"https:\/\/bxrepsol.s3.eu-west-1.amazonaws.com\/static\/2022\/08\/29110550\/rht22_trialgp_r5_bou_06762_ps-scaled.jpg\" srcset=\"https:\/\/bxrepsol.s3.eu-west-1.amazonaws.com\/static\/2022\/08\/29110550\/rht22_trialgp_r5_bou_06762_ps-scaled.jpg 5000w, https:\/\/bxrepsol.s3.eu-west-1.amazonaws.com\/static\/2022\/08\/29110550\/rht22_trialgp_r5_bou_06762_ps-scaled.jpg 1280w, https:\/\/bxrepsol.s3.eu-west-1.amazonaws.com\/static\/2022\/08\/29110550\/rht22_trialgp_r5_bou_06762_ps-scaled.jpg 900w, https:\/\/bxrepsol.s3.eu-west-1.amazonaws.com\/static\/2022\/08\/29110550\/rht22_trialgp_r5_bou_06762_ps-scaled.jpg 600w, https:\/\/bxrepsol.s3.eu-west-1.amazonaws.com\/static\/2022\/08\/29110550\/rht22_trialgp_r5_bou_06762_ps-scaled.jpg 480w, https:\/\/bxrepsol.s3.eu-west-1.amazonaws.com\/static\/2022\/08\/29110550\/rht22_trialgp_r5_bou_06762_ps-scaled.jpg 32w\" title=\"rht22_trialgp_r5_bou_06762_ps\" alt=\"\" data-title=\"\"><br \/>\n<\/a><br \/>\n<a href=\"https:\/\/bxrepsol.s3.eu-west-1.amazonaws.com\/static\/2022\/08\/29110557\/rht22_trialgp_r5_marcelli_05483_ps-scaled.jpg\" data-index=\"3\"><br \/>\n<img decoding=\"async\" src=\"https:\/\/bxrepsol.s3.eu-west-1.amazonaws.com\/static\/2022\/08\/29110557\/rht22_trialgp_r5_marcelli_05483_ps-scaled.jpg\" srcset=\"https:\/\/bxrepsol.s3.eu-west-1.amazonaws.com\/static\/2022\/08\/29110557\/rht22_trialgp_r5_marcelli_05483_ps-scaled.jpg 5000w, https:\/\/bxrepsol.s3.eu-west-1.amazonaws.com\/static\/2022\/08\/29110557\/rht22_trialgp_r5_marcelli_05483_ps-scaled.jpg 1280w, https:\/\/bxrepsol.s3.eu-west-1.amazonaws.com\/static\/2022\/08\/29110557\/rht22_trialgp_r5_marcelli_05483_ps-scaled.jpg 900w, https:\/\/bxrepsol.s3.eu-west-1.amazonaws.com\/static\/2022\/08\/29110557\/rht22_trialgp_r5_marcelli_05483_ps-scaled.jpg 600w, https:\/\/bxrepsol.s3.eu-west-1.amazonaws.com\/static\/2022\/08\/29110557\/rht22_trialgp_r5_marcelli_05483_ps-scaled.jpg 480w, https:\/\/bxrepsol.s3.eu-west-1.amazonaws.com\/static\/2022\/08\/29110557\/rht22_trialgp_r5_marcelli_05483_ps-scaled.jpg 32w\" title=\"rht22_trialgp_r5_marcelli_05483_ps\" alt=\"\" data-title=\"\"><br \/>\n<\/a><br \/>\n<a href=\"https:\/\/bxrepsol.s3.eu-west-1.amazonaws.com\/static\/2022\/08\/29110605\/rht22_trialgp_r5_bou_05627_ps-scaled.jpg\" data-index=\"4\"><br \/>\n<img decoding=\"async\" src=\"https:\/\/bxrepsol.s3.eu-west-1.amazonaws.com\/static\/2022\/08\/29110605\/rht22_trialgp_r5_bou_05627_ps-scaled.jpg\" srcset=\"https:\/\/bxrepsol.s3.eu-west-1.amazonaws.com\/static\/2022\/08\/29110605\/rht22_trialgp_r5_bou_05627_ps-scaled.jpg 5000w, https:\/\/bxrepsol.s3.eu-west-1.amazonaws.com\/static\/2022\/08\/29110605\/rht22_trialgp_r5_bou_05627_ps-scaled.jpg 1280w, https:\/\/bxrepsol.s3.eu-west-1.amazonaws.com\/static\/2022\/08\/29110605\/rht22_trialgp_r5_bou_05627_ps-scaled.jpg 900w, https:\/\/bxrepsol.s3.eu-west-1.amazonaws.com\/static\/2022\/08\/29110605\/rht22_trialgp_r5_bou_05627_ps-scaled.jpg 600w, https:\/\/bxrepsol.s3.eu-west-1.amazonaws.com\/static\/2022\/08\/29110605\/rht22_trialgp_r5_bou_05627_ps-scaled.jpg 480w, https:\/\/bxrepsol.s3.eu-west-1.amazonaws.com\/static\/2022\/08\/29110605\/rht22_trialgp_r5_bou_05627_ps-scaled.jpg 32w\" title=\"rht22_trialgp_r5_bou_05627_ps\" alt=\"\" data-title=\"\"><br \/>\n<\/a><br \/>\n<button data-glide-dir=\"<\"><br \/>\n<svg role=\"img\" viewBox=\"0 0 256 512\">\n                <path fill=\"currentColor\" d=\"M238.475 475.535l7.071-7.07c4.686-4.686 4.686-12.284 0-16.971L50.053 256 245.546 60.506c4.686-4.686 4.686-12.284 0-16.971l-7.071-7.07c-4.686-4.686-12.284-4.686-16.97 0L10.454 247.515c-4.686 4.686-4.686 12.284 0 16.971l211.051 211.05c4.686 4.686 12.284 4.686 16.97-.001z\"><\/path>\n            <\/svg><br \/>\n<\/button><br \/>\n<button data-glide-dir=\">\u00ab><br \/>\n<svg role=\"img\" viewBox=\"0 0 256 512\">\n                <path fill=\"currentColor\" d=\"M17.525 36.465l-7.071 7.07c-4.686 4.686-4.686 12.284 0 16.971L205.947 256 10.454 451.494c-4.686 4.686-4.686 12.284 0 16.971l7.071 7.07c4.686 4.686 12.284 4.686 16.97 0l211.051-211.05c4.686-4.686 4.686-12.284 0-16.971L34.495 36.465c-4.686-4.687-12.284-4.687-16.97 0z\"><\/path>\n            <\/svg><br \/>\n<\/button><\/p>\n<p><strong>Declaraciones de los pilotos<\/strong><\/p>\n<p><strong>Toni Bou<\/strong><\/p>\n<p>\u00abDespu\u00e9s de un fin de semana redondo en Alemania antes de vacaciones, donde pude coger muchos puntos de ventaja para el campeonato, pudimos disfrutar de unos d\u00edas de calma, de relax, que ha ido muy bien para afrontar esta \u00faltima parte del Mundial que llega ya. Vamos a ir con muchas ganas porque a\u00fan queda trabajo por hacer; intentaremos ser regulares, siempre en el podio para sumar el m\u00e1ximo n\u00famero de puntos posible y no cometer errores. Estamos en una muy buena l\u00ednea, donde el equipo est\u00e1 trabajando muy bien. Vamos a ir a esta carrera de B\u00e9lgica con muchas ganas, porque es un trial que siempre me ha gustado mucho\u00bb.<\/p>\n<p><strong>Gabriel Marcelli<\/strong><\/p>\n<p>\u00abVolvemos al Mundial despu\u00e9s del peque\u00f1o par\u00f3n de este verano que ha ido muy bien y que he aprovechado para desconectar un poco y curarme de algunas lesiones que llevaba arrastrando en las \u00faltimas carreras. Afrontamos esta cita de B\u00e9lgica con mucha motivaci\u00f3n y dispuestos a dar nuevamente el 100% en el terreno\u00bb.<\/p>\n","protected":false},"excerpt":{"rendered":"<p>El pr\u00f3ximo domingo se celebrar\u00e1 la s\u00e9ptima carrera del Campeonato del Mundo de TrialGP 2022. Toni Bou y Gabriel Marcelli, l\u00edder y s\u00e9ptimo clasificado provisional en el certamen, empiezan la recta final a\u00fan con mucho por decidir.<\/p>\n","protected":false},"author":43146,"featured_media":65637,"comment_status":"open","ping_status":"open","sticky":false,"template":"","format":"standard","meta":{"footnotes":""},"categories":[23],"tags":[120,203,21],"class_list":["post-95459","post","type-post","status-publish","format-standard","hentry","category-trial","tag-120","tag-gabri-marcelli","tag-toni-bou"],"yoast_head":"<!-- This site is optimized with the Yoast SEO plugin v27.3 - https:\/\/yoast.com\/product\/yoast-seo-wordpress\/ -->\n<title>El Repsol Honda Trial Team retoma la actividad en B\u00e9lgica. Empieza la recta final del Mundial - Box Repsol<\/title>\n<meta name=\"description\" content=\"Acompa\u00f1a al Repsol Honda Trial Team en su regreso a la acci\u00f3n en B\u00e9lgica, marcando el inicio de la recta final del Campeonato Mundial.\" \/>\n<link rel=\"canonical\" href=\"https:\/\/www.boxrepsol.com\/es\/trial\/el-repsol-honda-trial-team-retoma-la-actividad-en-belgica-empieza-la-recta-final-del-mundial\/\" \/>\n<meta property=\"og:locale\" content=\"es_ES\" \/>\n<meta property=\"og:type\" content=\"article\" \/>\n<meta property=\"og:title\" content=\"El Repsol Honda Trial Team retoma la actividad en B\u00e9lgica. Empieza la recta final del Mundial - Box Repsol\" \/>\n<meta property=\"og:description\" content=\"Acompa\u00f1a al Repsol Honda Trial Team en su regreso a la acci\u00f3n en B\u00e9lgica, marcando el inicio de la recta final del Campeonato Mundial.\" \/>\n<meta property=\"og:url\" content=\"https:\/\/www.boxrepsol.com\/es\/trial\/el-repsol-honda-trial-team-retoma-la-actividad-en-belgica-empieza-la-recta-final-del-mundial\/\" \/>\n<meta property=\"og:site_name\" content=\"Box Repsol\" \/>\n<meta property=\"article:publisher\" content=\"https:\/\/www.facebook.com\/BoxRepsol\" \/>\n<meta property=\"article:author\" content=\"https:\/\/www.facebook.com\/BoxRepsol\/\" \/>\n<meta property=\"article:published_time\" content=\"2022-08-17T02:00:00+00:00\" \/>\n<meta property=\"article:modified_time\" content=\"2024-04-08T11:18:32+00:00\" \/>\n<meta property=\"og:image\" content=\"https:\/\/bxrepsol.s3.eu-west-1.amazonaws.com\/static\/2022\/08\/29110611\/portada-trial.jpg\" \/>\n\t<meta property=\"og:image:width\" content=\"1280\" \/>\n\t<meta property=\"og:image:height\" content=\"600\" \/>\n\t<meta property=\"og:image:type\" content=\"image\/jpeg\" \/>\n<meta name=\"author\" content=\"Redacci\u00f3n Box Repsol\" \/>\n<meta name=\"twitter:card\" content=\"summary_large_image\" \/>\n<meta name=\"twitter:creator\" content=\"@https:\/\/twitter.com\/box_repsol\" \/>\n<meta name=\"twitter:site\" content=\"@box_repsol\" \/>\n<meta name=\"twitter:label1\" content=\"Written by\" \/>\n\t<meta name=\"twitter:data1\" content=\"Redacci\u00f3n Box Repsol\" \/>\n\t<meta name=\"twitter:label2\" content=\"Est. reading time\" \/>\n\t<meta name=\"twitter:data2\" content=\"2 minutos\" \/>\n<script type=\"application\/ld+json\" class=\"yoast-schema-graph\">{\"@context\":\"https:\\\/\\\/schema.org\",\"@graph\":[{\"@type\":\"Article\",\"@id\":\"https:\\\/\\\/www.boxrepsol.com\\\/es\\\/trial\\\/el-repsol-honda-trial-team-retoma-la-actividad-en-belgica-empieza-la-recta-final-del-mundial\\\/#article\",\"isPartOf\":{\"@id\":\"https:\\\/\\\/www.boxrepsol.com\\\/es\\\/trial\\\/el-repsol-honda-trial-team-retoma-la-actividad-en-belgica-empieza-la-recta-final-del-mundial\\\/\"},\"author\":{\"name\":\"Redacci\u00f3n Box Repsol\",\"@id\":\"https:\\\/\\\/www.boxrepsol.com\\\/es\\\/#\\\/schema\\\/person\\\/c5c2138f2cca251b0ad92b7086bb60b7\"},\"headline\":\"El Repsol Honda Trial Team retoma la actividad en B\u00e9lgica. Empieza la recta final del Mundial\",\"datePublished\":\"2022-08-17T02:00:00+00:00\",\"dateModified\":\"2024-04-08T11:18:32+00:00\",\"mainEntityOfPage\":{\"@id\":\"https:\\\/\\\/www.boxrepsol.com\\\/es\\\/trial\\\/el-repsol-honda-trial-team-retoma-la-actividad-en-belgica-empieza-la-recta-final-del-mundial\\\/\"},\"wordCount\":479,\"commentCount\":0,\"publisher\":{\"@id\":\"https:\\\/\\\/www.boxrepsol.com\\\/es\\\/#organization\"},\"image\":{\"@id\":\"https:\\\/\\\/www.boxrepsol.com\\\/es\\\/trial\\\/el-repsol-honda-trial-team-retoma-la-actividad-en-belgica-empieza-la-recta-final-del-mundial\\\/#primaryimage\"},\"thumbnailUrl\":\"https:\\\/\\\/bxrepsol.s3.eu-west-1.amazonaws.com\\\/static\\\/2022\\\/08\\\/29110611\\\/portada-trial.jpg\",\"keywords\":[\"2022\",\"Gabri Marcelli\",\"Toni Bou\"],\"articleSection\":[\"Trial\"],\"inLanguage\":\"es\",\"potentialAction\":[{\"@type\":\"CommentAction\",\"name\":\"Comment\",\"target\":[\"https:\\\/\\\/www.boxrepsol.com\\\/es\\\/trial\\\/el-repsol-honda-trial-team-retoma-la-actividad-en-belgica-empieza-la-recta-final-del-mundial\\\/#respond\"]}]},{\"@type\":\"WebPage\",\"@id\":\"https:\\\/\\\/www.boxrepsol.com\\\/es\\\/trial\\\/el-repsol-honda-trial-team-retoma-la-actividad-en-belgica-empieza-la-recta-final-del-mundial\\\/\",\"url\":\"https:\\\/\\\/www.boxrepsol.com\\\/es\\\/trial\\\/el-repsol-honda-trial-team-retoma-la-actividad-en-belgica-empieza-la-recta-final-del-mundial\\\/\",\"name\":\"El Repsol Honda Trial Team retoma la actividad en B\u00e9lgica. Empieza la recta final del Mundial - Box Repsol\",\"isPartOf\":{\"@id\":\"https:\\\/\\\/www.boxrepsol.com\\\/es\\\/#website\"},\"primaryImageOfPage\":{\"@id\":\"https:\\\/\\\/www.boxrepsol.com\\\/es\\\/trial\\\/el-repsol-honda-trial-team-retoma-la-actividad-en-belgica-empieza-la-recta-final-del-mundial\\\/#primaryimage\"},\"image\":{\"@id\":\"https:\\\/\\\/www.boxrepsol.com\\\/es\\\/trial\\\/el-repsol-honda-trial-team-retoma-la-actividad-en-belgica-empieza-la-recta-final-del-mundial\\\/#primaryimage\"},\"thumbnailUrl\":\"https:\\\/\\\/bxrepsol.s3.eu-west-1.amazonaws.com\\\/static\\\/2022\\\/08\\\/29110611\\\/portada-trial.jpg\",\"datePublished\":\"2022-08-17T02:00:00+00:00\",\"dateModified\":\"2024-04-08T11:18:32+00:00\",\"description\":\"Acompa\u00f1a al Repsol Honda Trial Team en su regreso a la acci\u00f3n en B\u00e9lgica, marcando el inicio de la recta final del Campeonato Mundial.\",\"breadcrumb\":{\"@id\":\"https:\\\/\\\/www.boxrepsol.com\\\/es\\\/trial\\\/el-repsol-honda-trial-team-retoma-la-actividad-en-belgica-empieza-la-recta-final-del-mundial\\\/#breadcrumb\"},\"inLanguage\":\"es\",\"potentialAction\":[{\"@type\":\"ReadAction\",\"target\":[\"https:\\\/\\\/www.boxrepsol.com\\\/es\\\/trial\\\/el-repsol-honda-trial-team-retoma-la-actividad-en-belgica-empieza-la-recta-final-del-mundial\\\/\"]}]},{\"@type\":\"ImageObject\",\"inLanguage\":\"es\",\"@id\":\"https:\\\/\\\/www.boxrepsol.com\\\/es\\\/trial\\\/el-repsol-honda-trial-team-retoma-la-actividad-en-belgica-empieza-la-recta-final-del-mundial\\\/#primaryimage\",\"url\":\"https:\\\/\\\/bxrepsol.s3.eu-west-1.amazonaws.com\\\/static\\\/2022\\\/08\\\/29110611\\\/portada-trial.jpg\",\"contentUrl\":\"https:\\\/\\\/bxrepsol.s3.eu-west-1.amazonaws.com\\\/static\\\/2022\\\/08\\\/29110611\\\/portada-trial.jpg\",\"width\":1280,\"height\":600},{\"@type\":\"BreadcrumbList\",\"@id\":\"https:\\\/\\\/www.boxrepsol.com\\\/es\\\/trial\\\/el-repsol-honda-trial-team-retoma-la-actividad-en-belgica-empieza-la-recta-final-del-mundial\\\/#breadcrumb\",\"itemListElement\":[{\"@type\":\"ListItem\",\"position\":1,\"name\":\"Home\",\"item\":\"https:\\\/\\\/www.boxrepsol.com\\\/es\\\/\"},{\"@type\":\"ListItem\",\"position\":2,\"name\":\"El Repsol Honda Trial Team retoma la actividad en B\u00e9lgica. Empieza la recta final del Mundial\"}]},{\"@type\":\"WebSite\",\"@id\":\"https:\\\/\\\/www.boxrepsol.com\\\/es\\\/#website\",\"url\":\"https:\\\/\\\/www.boxrepsol.com\\\/es\\\/\",\"name\":\"Box Repsol\",\"description\":\"Box Repsol Site\",\"publisher\":{\"@id\":\"https:\\\/\\\/www.boxrepsol.com\\\/es\\\/#organization\"},\"potentialAction\":[{\"@type\":\"SearchAction\",\"target\":{\"@type\":\"EntryPoint\",\"urlTemplate\":\"https:\\\/\\\/www.boxrepsol.com\\\/es\\\/?s={search_term_string}\"},\"query-input\":{\"@type\":\"PropertyValueSpecification\",\"valueRequired\":true,\"valueName\":\"search_term_string\"}}],\"inLanguage\":\"es\"},{\"@type\":\"Organization\",\"@id\":\"https:\\\/\\\/www.boxrepsol.com\\\/es\\\/#organization\",\"name\":\"Box Repsol\",\"url\":\"https:\\\/\\\/www.boxrepsol.com\\\/es\\\/\",\"logo\":{\"@type\":\"ImageObject\",\"inLanguage\":\"es\",\"@id\":\"https:\\\/\\\/www.boxrepsol.com\\\/es\\\/#\\\/schema\\\/logo\\\/image\\\/\",\"url\":\"https:\\\/\\\/bxrepsol.s3.eu-west-1.amazonaws.com\\\/static\\\/2025\\\/07\\\/30083337\\\/favicon-96x96-1.png\",\"contentUrl\":\"https:\\\/\\\/bxrepsol.s3.eu-west-1.amazonaws.com\\\/static\\\/2025\\\/07\\\/30083337\\\/favicon-96x96-1.png\",\"width\":96,\"height\":96,\"caption\":\"Box Repsol\"},\"image\":{\"@id\":\"https:\\\/\\\/www.boxrepsol.com\\\/es\\\/#\\\/schema\\\/logo\\\/image\\\/\"},\"sameAs\":[\"https:\\\/\\\/www.facebook.com\\\/BoxRepsol\",\"https:\\\/\\\/x.com\\\/box_repsol\",\"http:\\\/\\\/instagram.com\\\/box_repsol\",\"https:\\\/\\\/www.youtube.com\\\/user\\\/RepsolCompeticion\",\"https:\\\/\\\/www.flickr.com\\\/photos\\\/box_repsol\\\/\"]},{\"@type\":\"Person\",\"@id\":\"https:\\\/\\\/www.boxrepsol.com\\\/es\\\/#\\\/schema\\\/person\\\/c5c2138f2cca251b0ad92b7086bb60b7\",\"name\":\"Redacci\u00f3n Box Repsol\",\"image\":{\"@type\":\"ImageObject\",\"inLanguage\":\"es\",\"@id\":\"https:\\\/\\\/secure.gravatar.com\\\/avatar\\\/adf7b77e38b4419baf32c7e9c21dde01f4e40df611f0978e3006fc4ba0aaab7e?s=96&d=mm&r=g\",\"url\":\"https:\\\/\\\/secure.gravatar.com\\\/avatar\\\/adf7b77e38b4419baf32c7e9c21dde01f4e40df611f0978e3006fc4ba0aaab7e?s=96&d=mm&r=g\",\"contentUrl\":\"https:\\\/\\\/secure.gravatar.com\\\/avatar\\\/adf7b77e38b4419baf32c7e9c21dde01f4e40df611f0978e3006fc4ba0aaab7e?s=96&d=mm&r=g\",\"caption\":\"Redacci\u00f3n Box Repsol\"},\"description\":\"Box Repsol lo forma un equipo de periodistas, community managers, dise\u00f1adores y fot\u00f3grafos con m\u00e1s de 20 a\u00f1os de experiencia en el mundo del motorsport. Hemos vivido el primer mundial de un espa\u00f1ol en la categor\u00eda reina de motociclismo con \u00c1lex Crivill\u00e9, estuvimos en las victorias de Pedrosa y los t\u00edtulos de M\u00e1rquez, acompa\u00f1amos en \u00c1frica a Nani Roma y Marc Coma en sus conquistas del Dakar y hemos vibrado con los t\u00edtulos de Toni Bou en Trial. Adem\u00e1s, en nuestro equipo contamos con expertos en el mundo de las dos y cuatro ruedas tanto de la calle y las carreteras, como de los circuitos. Periodistas que han trabajado en revistas y publicaciones para hacerte llegar desde rutas y consejos de mantenimiento, a curiosidades y trucos de pilotaje.\",\"sameAs\":[\"https:\\\/\\\/www.facebook.com\\\/BoxRepsol\\\/\",\"https:\\\/\\\/www.instagram.com\\\/box_repsol\\\/\",\"https:\\\/\\\/x.com\\\/https:\\\/\\\/twitter.com\\\/box_repsol\",\"https:\\\/\\\/www.youtube.com\\\/@Boxrepsol\"],\"url\":\"https:\\\/\\\/www.boxrepsol.com\\\/es\\\/author\\\/redaccion-box-repsol\\\/\"}]}<\/script>\n<!-- \/ Yoast SEO plugin. -->","yoast_head_json":{"title":"El Repsol Honda Trial Team retoma la actividad en B\u00e9lgica. Empieza la recta final del Mundial - Box Repsol","description":"Acompa\u00f1a al Repsol Honda Trial Team en su regreso a la acci\u00f3n en B\u00e9lgica, marcando el inicio de la recta final del Campeonato Mundial.","canonical":"https:\/\/www.boxrepsol.com\/es\/trial\/el-repsol-honda-trial-team-retoma-la-actividad-en-belgica-empieza-la-recta-final-del-mundial\/","og_locale":"es_ES","og_type":"article","og_title":"El Repsol Honda Trial Team retoma la actividad en B\u00e9lgica. Empieza la recta final del Mundial - Box Repsol","og_description":"Acompa\u00f1a al Repsol Honda Trial Team en su regreso a la acci\u00f3n en B\u00e9lgica, marcando el inicio de la recta final del Campeonato Mundial.","og_url":"https:\/\/www.boxrepsol.com\/es\/trial\/el-repsol-honda-trial-team-retoma-la-actividad-en-belgica-empieza-la-recta-final-del-mundial\/","og_site_name":"Box Repsol","article_publisher":"https:\/\/www.facebook.com\/BoxRepsol","article_author":"https:\/\/www.facebook.com\/BoxRepsol\/","article_published_time":"2022-08-17T02:00:00+00:00","article_modified_time":"2024-04-08T11:18:32+00:00","og_image":[{"width":1280,"height":600,"url":"https:\/\/bxrepsol.s3.eu-west-1.amazonaws.com\/static\/2022\/08\/29110611\/portada-trial.jpg","type":"image\/jpeg"}],"author":"Redacci\u00f3n Box Repsol","twitter_card":"summary_large_image","twitter_creator":"@https:\/\/twitter.com\/box_repsol","twitter_site":"@box_repsol","twitter_misc":{"Written by":"Redacci\u00f3n Box Repsol","Est. reading time":"2 minutos"},"schema":{"@context":"https:\/\/schema.org","@graph":[{"@type":"Article","@id":"https:\/\/www.boxrepsol.com\/es\/trial\/el-repsol-honda-trial-team-retoma-la-actividad-en-belgica-empieza-la-recta-final-del-mundial\/#article","isPartOf":{"@id":"https:\/\/www.boxrepsol.com\/es\/trial\/el-repsol-honda-trial-team-retoma-la-actividad-en-belgica-empieza-la-recta-final-del-mundial\/"},"author":{"name":"Redacci\u00f3n Box Repsol","@id":"https:\/\/www.boxrepsol.com\/es\/#\/schema\/person\/c5c2138f2cca251b0ad92b7086bb60b7"},"headline":"El Repsol Honda Trial Team retoma la actividad en B\u00e9lgica. Empieza la recta final del Mundial","datePublished":"2022-08-17T02:00:00+00:00","dateModified":"2024-04-08T11:18:32+00:00","mainEntityOfPage":{"@id":"https:\/\/www.boxrepsol.com\/es\/trial\/el-repsol-honda-trial-team-retoma-la-actividad-en-belgica-empieza-la-recta-final-del-mundial\/"},"wordCount":479,"commentCount":0,"publisher":{"@id":"https:\/\/www.boxrepsol.com\/es\/#organization"},"image":{"@id":"https:\/\/www.boxrepsol.com\/es\/trial\/el-repsol-honda-trial-team-retoma-la-actividad-en-belgica-empieza-la-recta-final-del-mundial\/#primaryimage"},"thumbnailUrl":"https:\/\/bxrepsol.s3.eu-west-1.amazonaws.com\/static\/2022\/08\/29110611\/portada-trial.jpg","keywords":["2022","Gabri Marcelli","Toni Bou"],"articleSection":["Trial"],"inLanguage":"es","potentialAction":[{"@type":"CommentAction","name":"Comment","target":["https:\/\/www.boxrepsol.com\/es\/trial\/el-repsol-honda-trial-team-retoma-la-actividad-en-belgica-empieza-la-recta-final-del-mundial\/#respond"]}]},{"@type":"WebPage","@id":"https:\/\/www.boxrepsol.com\/es\/trial\/el-repsol-honda-trial-team-retoma-la-actividad-en-belgica-empieza-la-recta-final-del-mundial\/","url":"https:\/\/www.boxrepsol.com\/es\/trial\/el-repsol-honda-trial-team-retoma-la-actividad-en-belgica-empieza-la-recta-final-del-mundial\/","name":"El Repsol Honda Trial Team retoma la actividad en B\u00e9lgica. Empieza la recta final del Mundial - Box Repsol","isPartOf":{"@id":"https:\/\/www.boxrepsol.com\/es\/#website"},"primaryImageOfPage":{"@id":"https:\/\/www.boxrepsol.com\/es\/trial\/el-repsol-honda-trial-team-retoma-la-actividad-en-belgica-empieza-la-recta-final-del-mundial\/#primaryimage"},"image":{"@id":"https:\/\/www.boxrepsol.com\/es\/trial\/el-repsol-honda-trial-team-retoma-la-actividad-en-belgica-empieza-la-recta-final-del-mundial\/#primaryimage"},"thumbnailUrl":"https:\/\/bxrepsol.s3.eu-west-1.amazonaws.com\/static\/2022\/08\/29110611\/portada-trial.jpg","datePublished":"2022-08-17T02:00:00+00:00","dateModified":"2024-04-08T11:18:32+00:00","description":"Acompa\u00f1a al Repsol Honda Trial Team en su regreso a la acci\u00f3n en B\u00e9lgica, marcando el inicio de la recta final del Campeonato Mundial.","breadcrumb":{"@id":"https:\/\/www.boxrepsol.com\/es\/trial\/el-repsol-honda-trial-team-retoma-la-actividad-en-belgica-empieza-la-recta-final-del-mundial\/#breadcrumb"},"inLanguage":"es","potentialAction":[{"@type":"ReadAction","target":["https:\/\/www.boxrepsol.com\/es\/trial\/el-repsol-honda-trial-team-retoma-la-actividad-en-belgica-empieza-la-recta-final-del-mundial\/"]}]},{"@type":"ImageObject","inLanguage":"es","@id":"https:\/\/www.boxrepsol.com\/es\/trial\/el-repsol-honda-trial-team-retoma-la-actividad-en-belgica-empieza-la-recta-final-del-mundial\/#primaryimage","url":"https:\/\/bxrepsol.s3.eu-west-1.amazonaws.com\/static\/2022\/08\/29110611\/portada-trial.jpg","contentUrl":"https:\/\/bxrepsol.s3.eu-west-1.amazonaws.com\/static\/2022\/08\/29110611\/portada-trial.jpg","width":1280,"height":600},{"@type":"BreadcrumbList","@id":"https:\/\/www.boxrepsol.com\/es\/trial\/el-repsol-honda-trial-team-retoma-la-actividad-en-belgica-empieza-la-recta-final-del-mundial\/#breadcrumb","itemListElement":[{"@type":"ListItem","position":1,"name":"Home","item":"https:\/\/www.boxrepsol.com\/es\/"},{"@type":"ListItem","position":2,"name":"El Repsol Honda Trial Team retoma la actividad en B\u00e9lgica. Empieza la recta final del Mundial"}]},{"@type":"WebSite","@id":"https:\/\/www.boxrepsol.com\/es\/#website","url":"https:\/\/www.boxrepsol.com\/es\/","name":"Box Repsol","description":"Box Repsol Site","publisher":{"@id":"https:\/\/www.boxrepsol.com\/es\/#organization"},"potentialAction":[{"@type":"SearchAction","target":{"@type":"EntryPoint","urlTemplate":"https:\/\/www.boxrepsol.com\/es\/?s={search_term_string}"},"query-input":{"@type":"PropertyValueSpecification","valueRequired":true,"valueName":"search_term_string"}}],"inLanguage":"es"},{"@type":"Organization","@id":"https:\/\/www.boxrepsol.com\/es\/#organization","name":"Box Repsol","url":"https:\/\/www.boxrepsol.com\/es\/","logo":{"@type":"ImageObject","inLanguage":"es","@id":"https:\/\/www.boxrepsol.com\/es\/#\/schema\/logo\/image\/","url":"https:\/\/bxrepsol.s3.eu-west-1.amazonaws.com\/static\/2025\/07\/30083337\/favicon-96x96-1.png","contentUrl":"https:\/\/bxrepsol.s3.eu-west-1.amazonaws.com\/static\/2025\/07\/30083337\/favicon-96x96-1.png","width":96,"height":96,"caption":"Box Repsol"},"image":{"@id":"https:\/\/www.boxrepsol.com\/es\/#\/schema\/logo\/image\/"},"sameAs":["https:\/\/www.facebook.com\/BoxRepsol","https:\/\/x.com\/box_repsol","http:\/\/instagram.com\/box_repsol","https:\/\/www.youtube.com\/user\/RepsolCompeticion","https:\/\/www.flickr.com\/photos\/box_repsol\/"]},{"@type":"Person","@id":"https:\/\/www.boxrepsol.com\/es\/#\/schema\/person\/c5c2138f2cca251b0ad92b7086bb60b7","name":"Redacci\u00f3n Box Repsol","image":{"@type":"ImageObject","inLanguage":"es","@id":"https:\/\/secure.gravatar.com\/avatar\/adf7b77e38b4419baf32c7e9c21dde01f4e40df611f0978e3006fc4ba0aaab7e?s=96&d=mm&r=g","url":"https:\/\/secure.gravatar.com\/avatar\/adf7b77e38b4419baf32c7e9c21dde01f4e40df611f0978e3006fc4ba0aaab7e?s=96&d=mm&r=g","contentUrl":"https:\/\/secure.gravatar.com\/avatar\/adf7b77e38b4419baf32c7e9c21dde01f4e40df611f0978e3006fc4ba0aaab7e?s=96&d=mm&r=g","caption":"Redacci\u00f3n Box Repsol"},"description":"Box Repsol lo forma un equipo de periodistas, community managers, dise\u00f1adores y fot\u00f3grafos con m\u00e1s de 20 a\u00f1os de experiencia en el mundo del motorsport. Hemos vivido el primer mundial de un espa\u00f1ol en la categor\u00eda reina de motociclismo con \u00c1lex Crivill\u00e9, estuvimos en las victorias de Pedrosa y los t\u00edtulos de M\u00e1rquez, acompa\u00f1amos en \u00c1frica a Nani Roma y Marc Coma en sus conquistas del Dakar y hemos vibrado con los t\u00edtulos de Toni Bou en Trial. Adem\u00e1s, en nuestro equipo contamos con expertos en el mundo de las dos y cuatro ruedas tanto de la calle y las carreteras, como de los circuitos. Periodistas que han trabajado en revistas y publicaciones para hacerte llegar desde rutas y consejos de mantenimiento, a curiosidades y trucos de pilotaje.","sameAs":["https:\/\/www.facebook.com\/BoxRepsol\/","https:\/\/www.instagram.com\/box_repsol\/","https:\/\/x.com\/https:\/\/twitter.com\/box_repsol","https:\/\/www.youtube.com\/@Boxrepsol"],"url":"https:\/\/www.boxrepsol.com\/es\/author\/redaccion-box-repsol\/"}]}},"_links":{"self":[{"href":"https:\/\/www.boxrepsol.com\/es\/wp-json\/wp\/v2\/posts\/95459","targetHints":{"allow":["GET"]}}],"collection":[{"href":"https:\/\/www.boxrepsol.com\/es\/wp-json\/wp\/v2\/posts"}],"about":[{"href":"https:\/\/www.boxrepsol.com\/es\/wp-json\/wp\/v2\/types\/post"}],"author":[{"embeddable":true,"href":"https:\/\/www.boxrepsol.com\/es\/wp-json\/wp\/v2\/users\/43146"}],"replies":[{"embeddable":true,"href":"https:\/\/www.boxrepsol.com\/es\/wp-json\/wp\/v2\/comments?post=95459"}],"version-history":[{"count":2,"href":"https:\/\/www.boxrepsol.com\/es\/wp-json\/wp\/v2\/posts\/95459\/revisions"}],"predecessor-version":[{"id":109206,"href":"https:\/\/www.boxrepsol.com\/es\/wp-json\/wp\/v2\/posts\/95459\/revisions\/109206"}],"wp:featuredmedia":[{"embeddable":true,"href":"https:\/\/www.boxrepsol.com\/es\/wp-json\/wp\/v2\/media\/65637"}],"wp:attachment":[{"href":"https:\/\/www.boxrepsol.com\/es\/wp-json\/wp\/v2\/media?parent=95459"}],"wp:term":[{"taxonomy":"category","embeddable":true,"href":"https:\/\/www.boxrepsol.com\/es\/wp-json\/wp\/v2\/categories?post=95459"},{"taxonomy":"post_tag","embeddable":true,"href":"https:\/\/www.boxrepsol.com\/es\/wp-json\/wp\/v2\/tags?post=95459"}],"curies":[{"name":"wp","href":"https:\/\/api.w.org\/{rel}","templated":true}]}}