{"id":95447,"date":"2022-08-06T00:00:00","date_gmt":"2022-08-06T02:00:00","guid":{"rendered":"http:\/\/pre.boxrepsol.com\/sin-categorizar\/sexta-y-septima-fila-para-el-equipo-repsol-honda\/"},"modified":"2024-04-08T09:20:08","modified_gmt":"2024-04-08T11:20:08","slug":"sexta-y-septima-fila-para-el-equipo-repsol-honda","status":"publish","type":"post","link":"https:\/\/www.boxrepsol.com\/es\/motogp\/sexta-y-septima-fila-para-el-equipo-repsol-honda\/","title":{"rendered":"Sexta y s\u00e9ptima fila para el equipo Repsol Honda"},"content":{"rendered":"<p>Siguiendo la t\u00f3nica de ayer, el s\u00e1bado de poles se ha desarrollado bajo un cielo despejado y con unas temperaturas m\u00e1s altas de lo habitual. No ha sido esto, sin embargo, una ventaja para los pilotos del equipo <strong>Repsol Honda<\/strong>, que no han logrado superar la Q1. Adem\u00e1s, <strong>Stefan Bradl<\/strong> ha sido sancionado con tres posiciones en la parrilla.<u><\/u><u><\/u><\/p>\n<p>Por la ma\u00f1ana, <strong>Pol Espargar\u00f3<\/strong> ha dado un paso adelante respecto a la jornada anterior, siendo decimosexto. Pero por la tarde, en los \u00faltimos entrenamientos libres del fin de semana, el piloto espa\u00f1ol no ha podido pasar de la vig\u00e9sima posici\u00f3n.<u><\/u><u><\/u><\/p>\n<p>Ya en el primer clasificatorio, Pol no ha superado el corte para pasar a la Q2 al marcar el noveno mejor tiempo \u2013 1 minuto, 59 segundos y 367 mil\u00e9simas \u2013. Ese tiempo le ha situado decimonoveno en la parrilla de salida, aunque saldr\u00e1 decimoctavo debido a la penalizaci\u00f3n impuesta a su compa\u00f1ero de equipo.<u><\/u><u><\/u><\/p>\n<p>En el otro lado del box, <strong>Stefan Bradl<\/strong> ha vuelto a aprovechar los entrenamientos libres para buscar un ritmo competitivo de cara a carrera. Al contrario que su compa\u00f1ero de equipo, Stefan ha sido m\u00e1s r\u00e1pido en las sesiones de la tarde, progresando desde la vigesimosegunda plaza en la FP3 hasta la decimoctava en la FP4.<u><\/u><u><\/u><\/p>\n<p>En la Q1, Bradl tampoco ha conseguido pasar a la Q2, siendo octavo con un mejor crono de 1 minuto, 59 segundos y 339 mil\u00e9simas. A pesar de lograr la decimoctava plaza de la parrilla, el piloto del equipo <strong>Repsol Honda<\/strong> partir\u00e1 desde la vigesimoprimera posici\u00f3n al ser penalizado con tres posiciones por molestar a otro piloto durante su vuelta r\u00e1pida.<\/p>\n<p>                    <a\n                        href=\"https:\/\/bxrepsol.s3.eu-west-1.amazonaws.com\/static\/2022\/08\/08083505\/http___repsolmedia.com_repsolmedia_wp-content_uploads_2022_08_5-1-scaled-1.jpg\"\n                        data-index=\"0\"\n                    ><br \/>\n                        <img decoding=\"async\"\n                            src=\"https:\/\/bxrepsol.s3.eu-west-1.amazonaws.com\/static\/2022\/08\/08083505\/http___repsolmedia.com_repsolmedia_wp-content_uploads_2022_08_5-1-scaled-1.jpg\"\n                            srcset=\"https:\/\/bxrepsol.s3.eu-west-1.amazonaws.com\/static\/2022\/08\/08083505\/http___repsolmedia.com_repsolmedia_wp-content_uploads_2022_08_5-1-scaled-1.jpg 2560w, https:\/\/bxrepsol.s3.eu-west-1.amazonaws.com\/static\/2022\/08\/08083505\/http___repsolmedia.com_repsolmedia_wp-content_uploads_2022_08_5-1-scaled-1.jpg 1280w, https:\/\/bxrepsol.s3.eu-west-1.amazonaws.com\/static\/2022\/08\/08083505\/http___repsolmedia.com_repsolmedia_wp-content_uploads_2022_08_5-1-scaled-1.jpg 900w, https:\/\/bxrepsol.s3.eu-west-1.amazonaws.com\/static\/2022\/08\/08083505\/http___repsolmedia.com_repsolmedia_wp-content_uploads_2022_08_5-1-scaled-1.jpg 600w, https:\/\/bxrepsol.s3.eu-west-1.amazonaws.com\/static\/2022\/08\/08083505\/http___repsolmedia.com_repsolmedia_wp-content_uploads_2022_08_5-1-scaled-1.jpg 480w, https:\/\/bxrepsol.s3.eu-west-1.amazonaws.com\/static\/2022\/08\/08083505\/http___repsolmedia.com_repsolmedia_wp-content_uploads_2022_08_5-1-scaled-1.jpg 32w\"\n                            title=\"http___repsolmedia.com_repsolmedia_wp-content_uploads_2022_08_5-1-scaled\"\n                            alt=\"\"\n                            data-title=\"\"><br \/>\n                    <\/a><br \/>\n                    <a\n                        href=\"https:\/\/bxrepsol.s3.eu-west-1.amazonaws.com\/static\/2022\/08\/08083509\/http___repsolmedia.com_repsolmedia_wp-content_uploads_2022_08_JRB8050-scaled-1.jpg\"\n                        data-index=\"1\"\n                    ><br \/>\n                        <img decoding=\"async\"\n                            src=\"https:\/\/bxrepsol.s3.eu-west-1.amazonaws.com\/static\/2022\/08\/08083509\/http___repsolmedia.com_repsolmedia_wp-content_uploads_2022_08_JRB8050-scaled-1.jpg\"\n                            srcset=\"https:\/\/bxrepsol.s3.eu-west-1.amazonaws.com\/static\/2022\/08\/08083509\/http___repsolmedia.com_repsolmedia_wp-content_uploads_2022_08_JRB8050-scaled-1.jpg 2560w, https:\/\/bxrepsol.s3.eu-west-1.amazonaws.com\/static\/2022\/08\/08083509\/http___repsolmedia.com_repsolmedia_wp-content_uploads_2022_08_JRB8050-scaled-1.jpg 1280w, https:\/\/bxrepsol.s3.eu-west-1.amazonaws.com\/static\/2022\/08\/08083509\/http___repsolmedia.com_repsolmedia_wp-content_uploads_2022_08_JRB8050-scaled-1.jpg 900w, https:\/\/bxrepsol.s3.eu-west-1.amazonaws.com\/static\/2022\/08\/08083509\/http___repsolmedia.com_repsolmedia_wp-content_uploads_2022_08_JRB8050-scaled-1.jpg 600w, https:\/\/bxrepsol.s3.eu-west-1.amazonaws.com\/static\/2022\/08\/08083509\/http___repsolmedia.com_repsolmedia_wp-content_uploads_2022_08_JRB8050-scaled-1.jpg 480w, https:\/\/bxrepsol.s3.eu-west-1.amazonaws.com\/static\/2022\/08\/08083509\/http___repsolmedia.com_repsolmedia_wp-content_uploads_2022_08_JRB8050-scaled-1.jpg 32w\"\n                            title=\"http___repsolmedia.com_repsolmedia_wp-content_uploads_2022_08_JRB8050-scaled\"\n                            alt=\"\"\n                            data-title=\"\"><br \/>\n                    <\/a><br \/>\n                    <a\n                        href=\"https:\/\/bxrepsol.s3.eu-west-1.amazonaws.com\/static\/2022\/08\/08083512\/http___repsolmedia.com_repsolmedia_wp-content_uploads_2022_08_JRB7113-scaled-1.jpg\"\n                        data-index=\"2\"\n                    ><br \/>\n                        <img decoding=\"async\"\n                            src=\"https:\/\/bxrepsol.s3.eu-west-1.amazonaws.com\/static\/2022\/08\/08083512\/http___repsolmedia.com_repsolmedia_wp-content_uploads_2022_08_JRB7113-scaled-1.jpg\"\n                            srcset=\"https:\/\/bxrepsol.s3.eu-west-1.amazonaws.com\/static\/2022\/08\/08083512\/http___repsolmedia.com_repsolmedia_wp-content_uploads_2022_08_JRB7113-scaled-1.jpg 2560w, https:\/\/bxrepsol.s3.eu-west-1.amazonaws.com\/static\/2022\/08\/08083512\/http___repsolmedia.com_repsolmedia_wp-content_uploads_2022_08_JRB7113-scaled-1.jpg 1280w, https:\/\/bxrepsol.s3.eu-west-1.amazonaws.com\/static\/2022\/08\/08083512\/http___repsolmedia.com_repsolmedia_wp-content_uploads_2022_08_JRB7113-scaled-1.jpg 900w, https:\/\/bxrepsol.s3.eu-west-1.amazonaws.com\/static\/2022\/08\/08083512\/http___repsolmedia.com_repsolmedia_wp-content_uploads_2022_08_JRB7113-scaled-1.jpg 600w, https:\/\/bxrepsol.s3.eu-west-1.amazonaws.com\/static\/2022\/08\/08083512\/http___repsolmedia.com_repsolmedia_wp-content_uploads_2022_08_JRB7113-scaled-1.jpg 480w, https:\/\/bxrepsol.s3.eu-west-1.amazonaws.com\/static\/2022\/08\/08083512\/http___repsolmedia.com_repsolmedia_wp-content_uploads_2022_08_JRB7113-scaled-1.jpg 32w\"\n                            title=\"http___repsolmedia.com_repsolmedia_wp-content_uploads_2022_08_JRB7113-scaled\"\n                            alt=\"\"\n                            data-title=\"\"><br \/>\n                    <\/a><br \/>\n                    <a\n                        href=\"https:\/\/bxrepsol.s3.eu-west-1.amazonaws.com\/static\/2022\/08\/08083516\/http___repsolmedia.com_repsolmedia_wp-content_uploads_2022_08_JRB2214-scaled-1.jpg\"\n                        data-index=\"3\"\n                    ><br \/>\n                        <img decoding=\"async\"\n                            src=\"https:\/\/bxrepsol.s3.eu-west-1.amazonaws.com\/static\/2022\/08\/08083516\/http___repsolmedia.com_repsolmedia_wp-content_uploads_2022_08_JRB2214-scaled-1.jpg\"\n                            srcset=\"https:\/\/bxrepsol.s3.eu-west-1.amazonaws.com\/static\/2022\/08\/08083516\/http___repsolmedia.com_repsolmedia_wp-content_uploads_2022_08_JRB2214-scaled-1.jpg 2560w, https:\/\/bxrepsol.s3.eu-west-1.amazonaws.com\/static\/2022\/08\/08083516\/http___repsolmedia.com_repsolmedia_wp-content_uploads_2022_08_JRB2214-scaled-1.jpg 1280w, https:\/\/bxrepsol.s3.eu-west-1.amazonaws.com\/static\/2022\/08\/08083516\/http___repsolmedia.com_repsolmedia_wp-content_uploads_2022_08_JRB2214-scaled-1.jpg 900w, https:\/\/bxrepsol.s3.eu-west-1.amazonaws.com\/static\/2022\/08\/08083516\/http___repsolmedia.com_repsolmedia_wp-content_uploads_2022_08_JRB2214-scaled-1.jpg 600w, https:\/\/bxrepsol.s3.eu-west-1.amazonaws.com\/static\/2022\/08\/08083516\/http___repsolmedia.com_repsolmedia_wp-content_uploads_2022_08_JRB2214-scaled-1.jpg 480w, https:\/\/bxrepsol.s3.eu-west-1.amazonaws.com\/static\/2022\/08\/08083516\/http___repsolmedia.com_repsolmedia_wp-content_uploads_2022_08_JRB2214-scaled-1.jpg 32w\"\n                            title=\"http___repsolmedia.com_repsolmedia_wp-content_uploads_2022_08_JRB2214-scaled\"\n                            alt=\"\"\n                            data-title=\"\"><br \/>\n                    <\/a><br \/>\n                    <a\n                        href=\"https:\/\/bxrepsol.s3.eu-west-1.amazonaws.com\/static\/2022\/08\/08083547\/http___repsolmedia.com_repsolmedia_wp-content_uploads_2022_08_JRB1397-scaled-1.jpg\"\n                        data-index=\"4\"\n                    ><br \/>\n                        <img decoding=\"async\"\n                            src=\"https:\/\/bxrepsol.s3.eu-west-1.amazonaws.com\/static\/2022\/08\/08083547\/http___repsolmedia.com_repsolmedia_wp-content_uploads_2022_08_JRB1397-scaled-1.jpg\"\n                            srcset=\"https:\/\/bxrepsol.s3.eu-west-1.amazonaws.com\/static\/2022\/08\/08083547\/http___repsolmedia.com_repsolmedia_wp-content_uploads_2022_08_JRB1397-scaled-1.jpg 2560w, https:\/\/bxrepsol.s3.eu-west-1.amazonaws.com\/static\/2022\/08\/08083547\/http___repsolmedia.com_repsolmedia_wp-content_uploads_2022_08_JRB1397-scaled-1.jpg 1280w, https:\/\/bxrepsol.s3.eu-west-1.amazonaws.com\/static\/2022\/08\/08083547\/http___repsolmedia.com_repsolmedia_wp-content_uploads_2022_08_JRB1397-scaled-1.jpg 900w, https:\/\/bxrepsol.s3.eu-west-1.amazonaws.com\/static\/2022\/08\/08083547\/http___repsolmedia.com_repsolmedia_wp-content_uploads_2022_08_JRB1397-scaled-1.jpg 600w, https:\/\/bxrepsol.s3.eu-west-1.amazonaws.com\/static\/2022\/08\/08083547\/http___repsolmedia.com_repsolmedia_wp-content_uploads_2022_08_JRB1397-scaled-1.jpg 480w, https:\/\/bxrepsol.s3.eu-west-1.amazonaws.com\/static\/2022\/08\/08083547\/http___repsolmedia.com_repsolmedia_wp-content_uploads_2022_08_JRB1397-scaled-1.jpg 32w\"\n                            title=\"http___repsolmedia.com_repsolmedia_wp-content_uploads_2022_08_JRB1397-scaled\"\n                            alt=\"\"\n                            data-title=\"\"><br \/>\n                    <\/a><br \/>\n        <button data-glide-dir=\"<\"><br \/>\n            <svg role=\"img\"  viewBox=\"0 0 256 512\">\n                <path fill=\"currentColor\" d=\"M238.475 475.535l7.071-7.07c4.686-4.686 4.686-12.284 0-16.971L50.053 256 245.546 60.506c4.686-4.686 4.686-12.284 0-16.971l-7.071-7.07c-4.686-4.686-12.284-4.686-16.97 0L10.454 247.515c-4.686 4.686-4.686 12.284 0 16.971l211.051 211.05c4.686 4.686 12.284 4.686 16.97-.001z\"><\/path>\n            <\/svg><br \/>\n        <\/button><br \/>\n        <button data-glide-dir=\">\u00ab><br \/>\n            <svg role=\"img\"  viewBox=\"0 0 256 512\">\n                <path fill=\"currentColor\" d=\"M17.525 36.465l-7.071 7.07c-4.686 4.686-4.686 12.284 0 16.971L205.947 256 10.454 451.494c-4.686 4.686-4.686 12.284 0 16.971l7.071 7.07c4.686 4.686 12.284 4.686 16.97 0l211.051-211.05c4.686-4.686 4.686-12.284 0-16.971L34.495 36.465c-4.686-4.687-12.284-4.687-16.97 0z\"><\/path>\n            <\/svg><br \/>\n        <\/button><\/p>\n<p><strong>Declaraciones<\/strong><\/p>\n<p><a href=\"https:\/\/twitter.com\/hashtag\/POL44?src=hashtag_click\">#POL44<\/a><\/p>\n<p>\u00abHa sido un d\u00eda duro. Hemos tenido un problema el\u00e9ctrico en la primera salida, as\u00ed que he tenido que volver al pitlane y despu\u00e9s casi sufro un \u2018highside\u2019 en el segundo intento. He perdido mucho tiempo y casi todo ha salido mal. Ha habido grandes mejoras respecto al a\u00f1o pasado, incluso mi tiempo de pole lo podr\u00eda haber batido. Nuestro ritmo de carrera est\u00e1 m\u00e1s cerca del resto que lo que la clasificaci\u00f3n indica y hay potencial para remontar posiciones y ser consistentes en carrera. Tenemos que averiguar c\u00f3mo ser r\u00e1pidos\u00bb.<\/p>\n<p><a href=\"https:\/\/twitter.com\/hashtag\/SB6?src=hashtag_click\">#SB6<\/a><\/p>\n<p>\u00abEstoy contento con mi actuaci\u00f3n en pista. La clasificaci\u00f3n ha sido un poco complicada por todo el tr\u00e1fico que hab\u00eda en la pista. He terminado 18\u00ba y eso es positivo, pero he recibido una sanci\u00f3n de tres posiciones en la parrilla. Es dif\u00edcil de asimilar, pero as\u00ed es la situaci\u00f3n y acepto mi error con Bezzecchi. Para ma\u00f1ana tenemos que encontrar m\u00e1s ritmo y estar con los pilotos de delante\u00bb.<\/p>\n","protected":false},"excerpt":{"rendered":"<p>Pol Espargar\u00f3 saldr\u00e1 ma\u00f1ana desde la decimoctava posici\u00f3n y Stefan Bradl lo har\u00e1 desde la vigesimoprimera<\/p>\n","protected":false},"author":43146,"featured_media":46760,"comment_status":"open","ping_status":"open","sticky":false,"template":"","format":"standard","meta":{"footnotes":""},"categories":[4],"tags":[120,143,128],"class_list":["post-95447","post","type-post","status-publish","format-standard","hentry","category-motogp","tag-120","tag-motogp-gran-bretana","tag-pol-espargaro"],"yoast_head":"<!-- This site is optimized with the Yoast SEO plugin v27.3 - https:\/\/yoast.com\/product\/yoast-seo-wordpress\/ -->\n<title>Sexta y s\u00e9ptima fila para el equipo Repsol Honda - Box Repsol<\/title>\n<link rel=\"canonical\" href=\"https:\/\/www.boxrepsol.com\/es\/motogp\/sexta-y-septima-fila-para-el-equipo-repsol-honda\/\" \/>\n<meta property=\"og:locale\" content=\"es_ES\" \/>\n<meta property=\"og:type\" content=\"article\" \/>\n<meta property=\"og:title\" content=\"Sexta y s\u00e9ptima fila para el equipo Repsol Honda - Box Repsol\" \/>\n<meta property=\"og:description\" content=\"Pol Espargar\u00f3 saldr\u00e1 ma\u00f1ana desde la decimoctava posici\u00f3n y Stefan Bradl lo har\u00e1 desde la vigesimoprimera\" \/>\n<meta property=\"og:url\" content=\"https:\/\/www.boxrepsol.com\/es\/motogp\/sexta-y-septima-fila-para-el-equipo-repsol-honda\/\" \/>\n<meta property=\"og:site_name\" content=\"Box Repsol\" \/>\n<meta property=\"article:publisher\" content=\"https:\/\/www.facebook.com\/BoxRepsol\" \/>\n<meta property=\"article:author\" content=\"https:\/\/www.facebook.com\/BoxRepsol\/\" \/>\n<meta property=\"article:published_time\" content=\"2022-08-06T02:00:00+00:00\" \/>\n<meta property=\"article:modified_time\" content=\"2024-04-08T11:20:08+00:00\" \/>\n<meta property=\"og:image\" content=\"https:\/\/bxrepsol.s3.eu-west-1.amazonaws.com\/static\/2022\/08\/10044532\/http___repsolmedia.com_repsolmedia_wp-content_uploads_2022_08_JRB9261-scaled-2.jpg\" \/>\n\t<meta property=\"og:image:width\" content=\"1280\" \/>\n\t<meta property=\"og:image:height\" content=\"600\" \/>\n\t<meta property=\"og:image:type\" content=\"image\/jpeg\" \/>\n<meta name=\"author\" content=\"Redacci\u00f3n Box Repsol\" \/>\n<meta name=\"twitter:card\" content=\"summary_large_image\" \/>\n<meta name=\"twitter:creator\" content=\"@https:\/\/twitter.com\/box_repsol\" \/>\n<meta name=\"twitter:site\" content=\"@box_repsol\" \/>\n<meta name=\"twitter:label1\" content=\"Written by\" \/>\n\t<meta name=\"twitter:data1\" content=\"Redacci\u00f3n Box Repsol\" \/>\n\t<meta name=\"twitter:label2\" content=\"Est. reading time\" \/>\n\t<meta name=\"twitter:data2\" content=\"2 minutos\" \/>\n<script type=\"application\/ld+json\" class=\"yoast-schema-graph\">{\"@context\":\"https:\\\/\\\/schema.org\",\"@graph\":[{\"@type\":\"Article\",\"@id\":\"https:\\\/\\\/www.boxrepsol.com\\\/es\\\/motogp\\\/sexta-y-septima-fila-para-el-equipo-repsol-honda\\\/#article\",\"isPartOf\":{\"@id\":\"https:\\\/\\\/www.boxrepsol.com\\\/es\\\/motogp\\\/sexta-y-septima-fila-para-el-equipo-repsol-honda\\\/\"},\"author\":{\"name\":\"Redacci\u00f3n Box Repsol\",\"@id\":\"https:\\\/\\\/www.boxrepsol.com\\\/es\\\/#\\\/schema\\\/person\\\/c5c2138f2cca251b0ad92b7086bb60b7\"},\"headline\":\"Sexta y s\u00e9ptima fila para el equipo Repsol Honda\",\"datePublished\":\"2022-08-06T02:00:00+00:00\",\"dateModified\":\"2024-04-08T11:20:08+00:00\",\"mainEntityOfPage\":{\"@id\":\"https:\\\/\\\/www.boxrepsol.com\\\/es\\\/motogp\\\/sexta-y-septima-fila-para-el-equipo-repsol-honda\\\/\"},\"wordCount\":472,\"commentCount\":0,\"publisher\":{\"@id\":\"https:\\\/\\\/www.boxrepsol.com\\\/es\\\/#organization\"},\"image\":{\"@id\":\"https:\\\/\\\/www.boxrepsol.com\\\/es\\\/motogp\\\/sexta-y-septima-fila-para-el-equipo-repsol-honda\\\/#primaryimage\"},\"thumbnailUrl\":\"https:\\\/\\\/bxrepsol.s3.eu-west-1.amazonaws.com\\\/static\\\/2022\\\/08\\\/10044532\\\/http___repsolmedia.com_repsolmedia_wp-content_uploads_2022_08_JRB9261-scaled-2.jpg\",\"keywords\":[\"2022\",\"MotoGP Gran Breta\u00f1a\",\"Pol Espargar\u00f3\"],\"articleSection\":[\"MotoGP\"],\"inLanguage\":\"es\",\"potentialAction\":[{\"@type\":\"CommentAction\",\"name\":\"Comment\",\"target\":[\"https:\\\/\\\/www.boxrepsol.com\\\/es\\\/motogp\\\/sexta-y-septima-fila-para-el-equipo-repsol-honda\\\/#respond\"]}]},{\"@type\":\"WebPage\",\"@id\":\"https:\\\/\\\/www.boxrepsol.com\\\/es\\\/motogp\\\/sexta-y-septima-fila-para-el-equipo-repsol-honda\\\/\",\"url\":\"https:\\\/\\\/www.boxrepsol.com\\\/es\\\/motogp\\\/sexta-y-septima-fila-para-el-equipo-repsol-honda\\\/\",\"name\":\"Sexta y s\u00e9ptima fila para el equipo Repsol Honda - Box Repsol\",\"isPartOf\":{\"@id\":\"https:\\\/\\\/www.boxrepsol.com\\\/es\\\/#website\"},\"primaryImageOfPage\":{\"@id\":\"https:\\\/\\\/www.boxrepsol.com\\\/es\\\/motogp\\\/sexta-y-septima-fila-para-el-equipo-repsol-honda\\\/#primaryimage\"},\"image\":{\"@id\":\"https:\\\/\\\/www.boxrepsol.com\\\/es\\\/motogp\\\/sexta-y-septima-fila-para-el-equipo-repsol-honda\\\/#primaryimage\"},\"thumbnailUrl\":\"https:\\\/\\\/bxrepsol.s3.eu-west-1.amazonaws.com\\\/static\\\/2022\\\/08\\\/10044532\\\/http___repsolmedia.com_repsolmedia_wp-content_uploads_2022_08_JRB9261-scaled-2.jpg\",\"datePublished\":\"2022-08-06T02:00:00+00:00\",\"dateModified\":\"2024-04-08T11:20:08+00:00\",\"breadcrumb\":{\"@id\":\"https:\\\/\\\/www.boxrepsol.com\\\/es\\\/motogp\\\/sexta-y-septima-fila-para-el-equipo-repsol-honda\\\/#breadcrumb\"},\"inLanguage\":\"es\",\"potentialAction\":[{\"@type\":\"ReadAction\",\"target\":[\"https:\\\/\\\/www.boxrepsol.com\\\/es\\\/motogp\\\/sexta-y-septima-fila-para-el-equipo-repsol-honda\\\/\"]}]},{\"@type\":\"ImageObject\",\"inLanguage\":\"es\",\"@id\":\"https:\\\/\\\/www.boxrepsol.com\\\/es\\\/motogp\\\/sexta-y-septima-fila-para-el-equipo-repsol-honda\\\/#primaryimage\",\"url\":\"https:\\\/\\\/bxrepsol.s3.eu-west-1.amazonaws.com\\\/static\\\/2022\\\/08\\\/10044532\\\/http___repsolmedia.com_repsolmedia_wp-content_uploads_2022_08_JRB9261-scaled-2.jpg\",\"contentUrl\":\"https:\\\/\\\/bxrepsol.s3.eu-west-1.amazonaws.com\\\/static\\\/2022\\\/08\\\/10044532\\\/http___repsolmedia.com_repsolmedia_wp-content_uploads_2022_08_JRB9261-scaled-2.jpg\",\"width\":1280,\"height\":600},{\"@type\":\"BreadcrumbList\",\"@id\":\"https:\\\/\\\/www.boxrepsol.com\\\/es\\\/motogp\\\/sexta-y-septima-fila-para-el-equipo-repsol-honda\\\/#breadcrumb\",\"itemListElement\":[{\"@type\":\"ListItem\",\"position\":1,\"name\":\"Home\",\"item\":\"https:\\\/\\\/www.boxrepsol.com\\\/es\\\/\"},{\"@type\":\"ListItem\",\"position\":2,\"name\":\"Sexta y s\u00e9ptima fila para el equipo Repsol Honda\"}]},{\"@type\":\"WebSite\",\"@id\":\"https:\\\/\\\/www.boxrepsol.com\\\/es\\\/#website\",\"url\":\"https:\\\/\\\/www.boxrepsol.com\\\/es\\\/\",\"name\":\"Box Repsol\",\"description\":\"Box Repsol Site\",\"publisher\":{\"@id\":\"https:\\\/\\\/www.boxrepsol.com\\\/es\\\/#organization\"},\"potentialAction\":[{\"@type\":\"SearchAction\",\"target\":{\"@type\":\"EntryPoint\",\"urlTemplate\":\"https:\\\/\\\/www.boxrepsol.com\\\/es\\\/?s={search_term_string}\"},\"query-input\":{\"@type\":\"PropertyValueSpecification\",\"valueRequired\":true,\"valueName\":\"search_term_string\"}}],\"inLanguage\":\"es\"},{\"@type\":\"Organization\",\"@id\":\"https:\\\/\\\/www.boxrepsol.com\\\/es\\\/#organization\",\"name\":\"Box Repsol\",\"url\":\"https:\\\/\\\/www.boxrepsol.com\\\/es\\\/\",\"logo\":{\"@type\":\"ImageObject\",\"inLanguage\":\"es\",\"@id\":\"https:\\\/\\\/www.boxrepsol.com\\\/es\\\/#\\\/schema\\\/logo\\\/image\\\/\",\"url\":\"https:\\\/\\\/bxrepsol.s3.eu-west-1.amazonaws.com\\\/static\\\/2025\\\/07\\\/30083337\\\/favicon-96x96-1.png\",\"contentUrl\":\"https:\\\/\\\/bxrepsol.s3.eu-west-1.amazonaws.com\\\/static\\\/2025\\\/07\\\/30083337\\\/favicon-96x96-1.png\",\"width\":96,\"height\":96,\"caption\":\"Box Repsol\"},\"image\":{\"@id\":\"https:\\\/\\\/www.boxrepsol.com\\\/es\\\/#\\\/schema\\\/logo\\\/image\\\/\"},\"sameAs\":[\"https:\\\/\\\/www.facebook.com\\\/BoxRepsol\",\"https:\\\/\\\/x.com\\\/box_repsol\",\"http:\\\/\\\/instagram.com\\\/box_repsol\",\"https:\\\/\\\/www.youtube.com\\\/user\\\/RepsolCompeticion\",\"https:\\\/\\\/www.flickr.com\\\/photos\\\/box_repsol\\\/\"]},{\"@type\":\"Person\",\"@id\":\"https:\\\/\\\/www.boxrepsol.com\\\/es\\\/#\\\/schema\\\/person\\\/c5c2138f2cca251b0ad92b7086bb60b7\",\"name\":\"Redacci\u00f3n Box Repsol\",\"image\":{\"@type\":\"ImageObject\",\"inLanguage\":\"es\",\"@id\":\"https:\\\/\\\/secure.gravatar.com\\\/avatar\\\/adf7b77e38b4419baf32c7e9c21dde01f4e40df611f0978e3006fc4ba0aaab7e?s=96&d=mm&r=g\",\"url\":\"https:\\\/\\\/secure.gravatar.com\\\/avatar\\\/adf7b77e38b4419baf32c7e9c21dde01f4e40df611f0978e3006fc4ba0aaab7e?s=96&d=mm&r=g\",\"contentUrl\":\"https:\\\/\\\/secure.gravatar.com\\\/avatar\\\/adf7b77e38b4419baf32c7e9c21dde01f4e40df611f0978e3006fc4ba0aaab7e?s=96&d=mm&r=g\",\"caption\":\"Redacci\u00f3n Box Repsol\"},\"description\":\"Box Repsol lo forma un equipo de periodistas, community managers, dise\u00f1adores y fot\u00f3grafos con m\u00e1s de 20 a\u00f1os de experiencia en el mundo del motorsport. Hemos vivido el primer mundial de un espa\u00f1ol en la categor\u00eda reina de motociclismo con \u00c1lex Crivill\u00e9, estuvimos en las victorias de Pedrosa y los t\u00edtulos de M\u00e1rquez, acompa\u00f1amos en \u00c1frica a Nani Roma y Marc Coma en sus conquistas del Dakar y hemos vibrado con los t\u00edtulos de Toni Bou en Trial. Adem\u00e1s, en nuestro equipo contamos con expertos en el mundo de las dos y cuatro ruedas tanto de la calle y las carreteras, como de los circuitos. Periodistas que han trabajado en revistas y publicaciones para hacerte llegar desde rutas y consejos de mantenimiento, a curiosidades y trucos de pilotaje.\",\"sameAs\":[\"https:\\\/\\\/www.facebook.com\\\/BoxRepsol\\\/\",\"https:\\\/\\\/www.instagram.com\\\/box_repsol\\\/\",\"https:\\\/\\\/x.com\\\/https:\\\/\\\/twitter.com\\\/box_repsol\",\"https:\\\/\\\/www.youtube.com\\\/@Boxrepsol\"],\"url\":\"https:\\\/\\\/www.boxrepsol.com\\\/es\\\/author\\\/redaccion-box-repsol\\\/\"}]}<\/script>\n<!-- \/ Yoast SEO plugin. -->","yoast_head_json":{"title":"Sexta y s\u00e9ptima fila para el equipo Repsol Honda - Box Repsol","canonical":"https:\/\/www.boxrepsol.com\/es\/motogp\/sexta-y-septima-fila-para-el-equipo-repsol-honda\/","og_locale":"es_ES","og_type":"article","og_title":"Sexta y s\u00e9ptima fila para el equipo Repsol Honda - Box Repsol","og_description":"Pol Espargar\u00f3 saldr\u00e1 ma\u00f1ana desde la decimoctava posici\u00f3n y Stefan Bradl lo har\u00e1 desde la vigesimoprimera","og_url":"https:\/\/www.boxrepsol.com\/es\/motogp\/sexta-y-septima-fila-para-el-equipo-repsol-honda\/","og_site_name":"Box Repsol","article_publisher":"https:\/\/www.facebook.com\/BoxRepsol","article_author":"https:\/\/www.facebook.com\/BoxRepsol\/","article_published_time":"2022-08-06T02:00:00+00:00","article_modified_time":"2024-04-08T11:20:08+00:00","og_image":[{"width":1280,"height":600,"url":"https:\/\/bxrepsol.s3.eu-west-1.amazonaws.com\/static\/2022\/08\/10044532\/http___repsolmedia.com_repsolmedia_wp-content_uploads_2022_08_JRB9261-scaled-2.jpg","type":"image\/jpeg"}],"author":"Redacci\u00f3n Box Repsol","twitter_card":"summary_large_image","twitter_creator":"@https:\/\/twitter.com\/box_repsol","twitter_site":"@box_repsol","twitter_misc":{"Written by":"Redacci\u00f3n Box Repsol","Est. reading time":"2 minutos"},"schema":{"@context":"https:\/\/schema.org","@graph":[{"@type":"Article","@id":"https:\/\/www.boxrepsol.com\/es\/motogp\/sexta-y-septima-fila-para-el-equipo-repsol-honda\/#article","isPartOf":{"@id":"https:\/\/www.boxrepsol.com\/es\/motogp\/sexta-y-septima-fila-para-el-equipo-repsol-honda\/"},"author":{"name":"Redacci\u00f3n Box Repsol","@id":"https:\/\/www.boxrepsol.com\/es\/#\/schema\/person\/c5c2138f2cca251b0ad92b7086bb60b7"},"headline":"Sexta y s\u00e9ptima fila para el equipo Repsol Honda","datePublished":"2022-08-06T02:00:00+00:00","dateModified":"2024-04-08T11:20:08+00:00","mainEntityOfPage":{"@id":"https:\/\/www.boxrepsol.com\/es\/motogp\/sexta-y-septima-fila-para-el-equipo-repsol-honda\/"},"wordCount":472,"commentCount":0,"publisher":{"@id":"https:\/\/www.boxrepsol.com\/es\/#organization"},"image":{"@id":"https:\/\/www.boxrepsol.com\/es\/motogp\/sexta-y-septima-fila-para-el-equipo-repsol-honda\/#primaryimage"},"thumbnailUrl":"https:\/\/bxrepsol.s3.eu-west-1.amazonaws.com\/static\/2022\/08\/10044532\/http___repsolmedia.com_repsolmedia_wp-content_uploads_2022_08_JRB9261-scaled-2.jpg","keywords":["2022","MotoGP Gran Breta\u00f1a","Pol Espargar\u00f3"],"articleSection":["MotoGP"],"inLanguage":"es","potentialAction":[{"@type":"CommentAction","name":"Comment","target":["https:\/\/www.boxrepsol.com\/es\/motogp\/sexta-y-septima-fila-para-el-equipo-repsol-honda\/#respond"]}]},{"@type":"WebPage","@id":"https:\/\/www.boxrepsol.com\/es\/motogp\/sexta-y-septima-fila-para-el-equipo-repsol-honda\/","url":"https:\/\/www.boxrepsol.com\/es\/motogp\/sexta-y-septima-fila-para-el-equipo-repsol-honda\/","name":"Sexta y s\u00e9ptima fila para el equipo Repsol Honda - Box Repsol","isPartOf":{"@id":"https:\/\/www.boxrepsol.com\/es\/#website"},"primaryImageOfPage":{"@id":"https:\/\/www.boxrepsol.com\/es\/motogp\/sexta-y-septima-fila-para-el-equipo-repsol-honda\/#primaryimage"},"image":{"@id":"https:\/\/www.boxrepsol.com\/es\/motogp\/sexta-y-septima-fila-para-el-equipo-repsol-honda\/#primaryimage"},"thumbnailUrl":"https:\/\/bxrepsol.s3.eu-west-1.amazonaws.com\/static\/2022\/08\/10044532\/http___repsolmedia.com_repsolmedia_wp-content_uploads_2022_08_JRB9261-scaled-2.jpg","datePublished":"2022-08-06T02:00:00+00:00","dateModified":"2024-04-08T11:20:08+00:00","breadcrumb":{"@id":"https:\/\/www.boxrepsol.com\/es\/motogp\/sexta-y-septima-fila-para-el-equipo-repsol-honda\/#breadcrumb"},"inLanguage":"es","potentialAction":[{"@type":"ReadAction","target":["https:\/\/www.boxrepsol.com\/es\/motogp\/sexta-y-septima-fila-para-el-equipo-repsol-honda\/"]}]},{"@type":"ImageObject","inLanguage":"es","@id":"https:\/\/www.boxrepsol.com\/es\/motogp\/sexta-y-septima-fila-para-el-equipo-repsol-honda\/#primaryimage","url":"https:\/\/bxrepsol.s3.eu-west-1.amazonaws.com\/static\/2022\/08\/10044532\/http___repsolmedia.com_repsolmedia_wp-content_uploads_2022_08_JRB9261-scaled-2.jpg","contentUrl":"https:\/\/bxrepsol.s3.eu-west-1.amazonaws.com\/static\/2022\/08\/10044532\/http___repsolmedia.com_repsolmedia_wp-content_uploads_2022_08_JRB9261-scaled-2.jpg","width":1280,"height":600},{"@type":"BreadcrumbList","@id":"https:\/\/www.boxrepsol.com\/es\/motogp\/sexta-y-septima-fila-para-el-equipo-repsol-honda\/#breadcrumb","itemListElement":[{"@type":"ListItem","position":1,"name":"Home","item":"https:\/\/www.boxrepsol.com\/es\/"},{"@type":"ListItem","position":2,"name":"Sexta y s\u00e9ptima fila para el equipo Repsol Honda"}]},{"@type":"WebSite","@id":"https:\/\/www.boxrepsol.com\/es\/#website","url":"https:\/\/www.boxrepsol.com\/es\/","name":"Box Repsol","description":"Box Repsol Site","publisher":{"@id":"https:\/\/www.boxrepsol.com\/es\/#organization"},"potentialAction":[{"@type":"SearchAction","target":{"@type":"EntryPoint","urlTemplate":"https:\/\/www.boxrepsol.com\/es\/?s={search_term_string}"},"query-input":{"@type":"PropertyValueSpecification","valueRequired":true,"valueName":"search_term_string"}}],"inLanguage":"es"},{"@type":"Organization","@id":"https:\/\/www.boxrepsol.com\/es\/#organization","name":"Box Repsol","url":"https:\/\/www.boxrepsol.com\/es\/","logo":{"@type":"ImageObject","inLanguage":"es","@id":"https:\/\/www.boxrepsol.com\/es\/#\/schema\/logo\/image\/","url":"https:\/\/bxrepsol.s3.eu-west-1.amazonaws.com\/static\/2025\/07\/30083337\/favicon-96x96-1.png","contentUrl":"https:\/\/bxrepsol.s3.eu-west-1.amazonaws.com\/static\/2025\/07\/30083337\/favicon-96x96-1.png","width":96,"height":96,"caption":"Box Repsol"},"image":{"@id":"https:\/\/www.boxrepsol.com\/es\/#\/schema\/logo\/image\/"},"sameAs":["https:\/\/www.facebook.com\/BoxRepsol","https:\/\/x.com\/box_repsol","http:\/\/instagram.com\/box_repsol","https:\/\/www.youtube.com\/user\/RepsolCompeticion","https:\/\/www.flickr.com\/photos\/box_repsol\/"]},{"@type":"Person","@id":"https:\/\/www.boxrepsol.com\/es\/#\/schema\/person\/c5c2138f2cca251b0ad92b7086bb60b7","name":"Redacci\u00f3n Box Repsol","image":{"@type":"ImageObject","inLanguage":"es","@id":"https:\/\/secure.gravatar.com\/avatar\/adf7b77e38b4419baf32c7e9c21dde01f4e40df611f0978e3006fc4ba0aaab7e?s=96&d=mm&r=g","url":"https:\/\/secure.gravatar.com\/avatar\/adf7b77e38b4419baf32c7e9c21dde01f4e40df611f0978e3006fc4ba0aaab7e?s=96&d=mm&r=g","contentUrl":"https:\/\/secure.gravatar.com\/avatar\/adf7b77e38b4419baf32c7e9c21dde01f4e40df611f0978e3006fc4ba0aaab7e?s=96&d=mm&r=g","caption":"Redacci\u00f3n Box Repsol"},"description":"Box Repsol lo forma un equipo de periodistas, community managers, dise\u00f1adores y fot\u00f3grafos con m\u00e1s de 20 a\u00f1os de experiencia en el mundo del motorsport. Hemos vivido el primer mundial de un espa\u00f1ol en la categor\u00eda reina de motociclismo con \u00c1lex Crivill\u00e9, estuvimos en las victorias de Pedrosa y los t\u00edtulos de M\u00e1rquez, acompa\u00f1amos en \u00c1frica a Nani Roma y Marc Coma en sus conquistas del Dakar y hemos vibrado con los t\u00edtulos de Toni Bou en Trial. Adem\u00e1s, en nuestro equipo contamos con expertos en el mundo de las dos y cuatro ruedas tanto de la calle y las carreteras, como de los circuitos. Periodistas que han trabajado en revistas y publicaciones para hacerte llegar desde rutas y consejos de mantenimiento, a curiosidades y trucos de pilotaje.","sameAs":["https:\/\/www.facebook.com\/BoxRepsol\/","https:\/\/www.instagram.com\/box_repsol\/","https:\/\/x.com\/https:\/\/twitter.com\/box_repsol","https:\/\/www.youtube.com\/@Boxrepsol"],"url":"https:\/\/www.boxrepsol.com\/es\/author\/redaccion-box-repsol\/"}]}},"_links":{"self":[{"href":"https:\/\/www.boxrepsol.com\/es\/wp-json\/wp\/v2\/posts\/95447","targetHints":{"allow":["GET"]}}],"collection":[{"href":"https:\/\/www.boxrepsol.com\/es\/wp-json\/wp\/v2\/posts"}],"about":[{"href":"https:\/\/www.boxrepsol.com\/es\/wp-json\/wp\/v2\/types\/post"}],"author":[{"embeddable":true,"href":"https:\/\/www.boxrepsol.com\/es\/wp-json\/wp\/v2\/users\/43146"}],"replies":[{"embeddable":true,"href":"https:\/\/www.boxrepsol.com\/es\/wp-json\/wp\/v2\/comments?post=95447"}],"version-history":[{"count":1,"href":"https:\/\/www.boxrepsol.com\/es\/wp-json\/wp\/v2\/posts\/95447\/revisions"}],"predecessor-version":[{"id":95448,"href":"https:\/\/www.boxrepsol.com\/es\/wp-json\/wp\/v2\/posts\/95447\/revisions\/95448"}],"wp:featuredmedia":[{"embeddable":true,"href":"https:\/\/www.boxrepsol.com\/es\/wp-json\/wp\/v2\/media\/46760"}],"wp:attachment":[{"href":"https:\/\/www.boxrepsol.com\/es\/wp-json\/wp\/v2\/media?parent=95447"}],"wp:term":[{"taxonomy":"category","embeddable":true,"href":"https:\/\/www.boxrepsol.com\/es\/wp-json\/wp\/v2\/categories?post=95447"},{"taxonomy":"post_tag","embeddable":true,"href":"https:\/\/www.boxrepsol.com\/es\/wp-json\/wp\/v2\/tags?post=95447"}],"curies":[{"name":"wp","href":"https:\/\/api.w.org\/{rel}","templated":true}]}}