{"id":95440,"date":"2022-08-01T00:00:00","date_gmt":"2022-08-01T02:00:00","guid":{"rendered":"http:\/\/pre.boxrepsol.com\/sin-categorizar\/chaquetas-de-verano-para-ir-en-moto\/"},"modified":"2024-02-06T07:23:42","modified_gmt":"2024-02-06T09:23:42","slug":"por-que-deberias-usar-una-chaqueta-de-verano-para-moto","status":"publish","type":"post","link":"https:\/\/www.boxrepsol.com\/es\/vive-tu-moto\/por-que-deberias-usar-una-chaqueta-de-verano-para-moto\/","title":{"rendered":"\u00bfPor qu\u00e9 deber\u00edas usar una chaqueta de verano para moto?"},"content":{"rendered":"<figure class=\"wp-block-post-featured-image\"><img loading=\"lazy\" decoding=\"async\" width=\"1200\" height=\"800\" src=\"https:\/\/bxrepsol.s3.eu-west-1.amazonaws.com\/static\/2022\/08\/10041345\/Apertura-2-2.jpg\" class=\"attachment-post-thumbnail size-post-thumbnail wp-post-image\" alt=\"Quedada motera en verano\" style=\"object-fit:cover;\" srcset=\"https:\/\/bxrepsol.s3.eu-west-1.amazonaws.com\/static\/2022\/08\/10041345\/Apertura-2-2.jpg 1200w, https:\/\/bxrepsol.s3.eu-west-1.amazonaws.com\/static\/2022\/08\/10041345\/Apertura-2-2-300x200.jpg 300w, https:\/\/bxrepsol.s3.eu-west-1.amazonaws.com\/static\/2022\/08\/10041345\/Apertura-2-2-1024x683.jpg 1024w, https:\/\/bxrepsol.s3.eu-west-1.amazonaws.com\/static\/2022\/08\/10041345\/Apertura-2-2-768x512.jpg 768w\" sizes=\"auto, (max-width: 1200px) 100vw, 1200px\" \/><\/figure>\n\n\n<p>Disfrutar de la <strong>moto en verano<\/strong> no debe suponer que bajemos la guardia en cuanto al <a href=\"https:\/\/www.boxrepsol.com\/es\/vive-tu-moto\/equipamiento-para-montar-en-moto\/\">equipamiento<\/a> y la protecci\u00f3n. Siempre que nos pongamos a los mandos de nuestra moto es recomendable que utilicemos el atuendo adecuado. Est\u00e1 claro que conducir una moto en verano con una prenda de invierno puede llegar a ser muy sofocante, por lo que lo correcto es utilizar una <strong>chaqueta<\/strong> para moto adecuada para la estaci\u00f3n del a\u00f1o m\u00e1s calurosa.<\/p>\n\n\n\n<h2 class=\"wp-block-heading\"><strong>\u00bfPor qu\u00e9 es necesario la chaqueta de moto en verano?<\/strong><\/h2>\n\n\n\n<p>Las chaquetas de moto, pese a que no son obligatorias, s\u00ed que son un accesorio recomendable en todos sus viajes. Todos recordamos cu\u00e1les fueron las <a href=\"https:\/\/www.boxrepsol.com\/es\/cultura-motera\/perfecto-la-madre-las-chaquetas-motero\/\">Perfecto<\/a>, que marcaron el origen de las chaquetas. Este accesorio no ha dejado de evolucionar y se ha adaptado para que sea lo m\u00e1s c\u00f3modo posible tambi\u00e9n en verano. Que haga calor no debe ser una excusa para no usar ropa de moto en verano y montar en moto en camiseta, pantalones cortos o chanclas, y tampoco para no ponerse <a href=\"https:\/\/www.boxrepsol.com\/es\/cultura-motera\/es-obligatorio-usar-guantes-al-conducir-una-moto\/\" target=\"_blank\" rel=\"noopener\">guantes<\/a>. Incluso en ocasiones todav\u00eda se ven conductores que hasta prescinden del uso del casco. Que sea verano no quiere decir que los que montamos en moto nos relajemos y no nos ataviemos con un equipamiento apropiado cuando hagamos una <a href=\"https:\/\/www.boxrepsol.com\/es\/vive-tu-moto\/rutas-en-moto-verano\/\">ruta en moto en verano<\/a>. Siempre debemos pensar en nuestra seguridad y aunque las <strong>chaquetas para ir en moto en verano<\/strong> son m\u00e1s finas y ligeras, est\u00e1n ideadas para ofrecer un grado de seguridad \u00f3ptimo en caso de que suframos una ca\u00edda, pues combinan tejidos que permiten la circulaci\u00f3n del aire con otros m\u00e1s resistentes en las zonas m\u00e1s expuestas. Igualmente cuentan con protecciones interiores que absorben una buena parte de los posibles impactos.<\/p>\n\n\n\n<figure class=\"wp-block-image\"><img decoding=\"async\" src=\"https:\/\/bxrepsol.s3.eu-west-1.amazonaws.com\/static\/2022\/08\/05104337\/mujeres-moteras-chaquetas-verano-2-scaled.jpg\" alt=\"Mujer posando en moto con una chaqueta\"\/><\/figure>\n\n\n\n<p>Foto: Mujeresmoteras.com<\/p>\n\n\n\n<p>Tambi\u00e9n es cierto que existen <a href=\"https:\/\/www.boxrepsol.com\/es\/motogp\/cuero-cordura-ser-no-ser-motero\/\"><strong>chaquetas de cordura<\/strong><\/a> que est\u00e1n desarrolladas para ser utilizadas indistintamente durante las cuatro estaciones del a\u00f1o. Estas son aquellas que en su interior incluyen un forro t\u00e9rmico y en ocasiones, un segundo forro impermeable, los cuales pueden ser \u201cdesmontados\u201d cuando llega el calor. Adem\u00e1s, este tipo de chaquetas para moto acostumbran a incluir cierres por cremallera en distintos puntos como pecho, axilas, mangas o espalda, que se pueden abrir a modo de \u201cventanas\u201d y as\u00ed permitir la circulaci\u00f3n del aire, proporcionando a su usuario una gran sensaci\u00f3n de frescor al conducir una moto. En este caso, ser\u00e1 mejor si las cremalleras est\u00e1n dotadas con tiradores apropiados para que sea f\u00e1cil utilizarlos con los guantes puestos. As\u00ed podremos aprovechar una recta o alguna parada r\u00e1pida para abrir o cerrar las mencionadas cremalleras sin quitarnos los guantes.<\/p>\n\n\n\n<h2 class=\"wp-block-heading\"><strong>Precios de las chaquetas de verano para moto<\/strong><\/h2>\n\n\n\n<p>Del mismo modo, existen chaquetas para moto espec\u00edficas para ser utilizadas en los d\u00edas m\u00e1s calurosos del a\u00f1o, aunque esto tambi\u00e9n obliga a hacer un desembolso econ\u00f3mico mayor, al tener que disponer de dos chaquetas como m\u00ednimo, una para d\u00edas fr\u00edos y otra para los m\u00e1s calurosos. De todos modos, las <strong>chaquetas de verano<\/strong> realizadas en cordura o tejido de nylon no suponen un <strong>coste<\/strong> excesivo, y entre 100 y 200 euros podemos encontrar un variado surtido. Estas prendas, considerablemente m\u00e1s ligeras y c\u00f3modas, son las que habitualmente llamamos \u201cventiladas\u201d.<\/p>\n\n\n\n<p>Las cazadoras de moto de verano acostumbran a combinar piezas de malla perforada de poli\u00e9ster en la parte del pecho y de la espalda, y a lo mejor tambi\u00e9n en alguna zona de las mangas, con otra cordura m\u00e1s resistente a la abrasi\u00f3n en las zonas m\u00e1s expuestas. La citada malla o rejilla perforada deja que el aire circule, <strong>refrigerando continuamente<\/strong> la parte superior de nuestro cuerpo, sin que tengamos que estar pendientes de abrir y de cerrar cremalleras. Lo m\u00e1s habitual es que no incluyan ning\u00fan tipo de forro interno desmontable, pero s\u00ed es cierto que algunas de ellas vienen muy bien preparadas y cuentan con un bolsillo en el que esconden un chubasquero para ponernos por encima si nos sorprende la lluvia.<\/p>\n\n\n\n<p>Del mismo modo, lo podremos utilizar a modo de cortavientos en el caso de que se produzca una bajada de temperatura imprevista o se nos haga de noche. En el caso de que no incluyan el citado <strong>chubasquero<\/strong>, no est\u00e1 de m\u00e1s ser previsores y adquirir uno por separado para combinarlo con la chaqueta de verano o \u201cventilada\u201d en el caso de que sea necesario. Y m\u00e1s especialmente si tenemos pensado viajar con ella.<\/p>\n\n\n\n<h2 class=\"wp-block-heading\"><strong>\u00bfC\u00f3mo debe quedarnos la chaqueta para la moto?<\/strong><\/h2>\n\n\n\n<p>Por supuesto, a la hora de comprar una chaqueta \u201cventilada\u201d, es muy importante elegir la <strong>talla adecuada<\/strong>. Conviene que nos quede ligeramente suelta para que no se ci\u00f1a en exceso a nuestro cuerpo y as\u00ed permitir que el aire circule sin barreras. Tampoco deber\u00e1 quedarnos demasiado grande, porque al estar confeccionada con tejidos ligeros, si nos queda muy holgada puede agitarse y producir molestos golpeteos contra nuestro torso al circular a ritmos alegres o al mantener velocidades altas continuadas por v\u00edas r\u00e1pidas.<\/p>\n\n\n\n<p>Adem\u00e1s de elegir la talla correcta y m\u00e1s a\u00fan si se trata de una chaqueta \u201ccuatro estaciones\u201d desprovista de su forro o forros internos, es importante que posea distintos tirantes para poderla ajustar de la manera adecuada a nuestros brazos y cintura. De esta manera evitaremos que se agite y ondee en exceso con el aire de la marcha. Asimismo conviene que en zonas como antebrazos, codos y hombros, cuente con una cordura m\u00e1s tupida y resistente (cuero incluso) para protegernos debidamente en caso de ca\u00edda. Y, por supuesto, que incluya protecciones desmontables en codos, hombros y, a ser posible, espalda. En ocasiones, la <a href=\"https:\/\/www.boxrepsol.com\/es\/vive-tu-moto\/espaldera-en-moto-por-que-es-importante-llevarla\/\">espaldera en la moto<\/a> no suele estar incluida en el precio, pero es un extra muy recomendable de a\u00f1adir.<\/p>\n\n\n\n<figure class=\"wp-block-image\"><img decoding=\"async\" src=\"https:\/\/bxrepsol.s3.eu-west-1.amazonaws.com\/static\/2022\/08\/05104353\/3-protecciones.png\" alt=\"Chaqueta de moto\"\/><\/figure>\n\n\n\n<p>Aunque no son igual de frescas que las chaquetas \u201cventiladas\u201d de cordura, tambi\u00e9n existen chaquetas de cuero \u201cligeras\u201d confeccionadas para que sean utilizadas en d\u00edas con temperaturas altas. Estas incorporan algunas de sus piezas realizadas en cuero perforado, que se caracteriza por tener muchos agujeros peque\u00f1os que permiten que el aire lo traspase y que circule en cierta medida.<\/p>\n\n\n\n<p>Adem\u00e1s, es probable que algunas cuenten con aberturas provistas de cremallera para facilitar a\u00fan m\u00e1s la entrada del aire. Son algo m\u00e1s pesadas y no transmiten la frescura de una chaqueta de moto de cordura \u201cventilada\u201d, pero a su favor hay que decir que en caso de ca\u00edda el grado de protecci\u00f3n que ofrecen es considerablemente mayor.<\/p>\n\n\n\n<p>La oferta de chaquetas de verano para moto que existe en el mercado es realmente variada y amplia. Por tanto, no hay excusa para conducir una moto durante los meses m\u00e1s calurosos sin ir equipados con una prenda adecuada para la ocasi\u00f3n.<\/p>\n","protected":false},"excerpt":{"rendered":"<p>No son obligatorias, pero las chaquetas de verano o \u201cventiladas\u201d son muy aconsejables de utilizar al conducir una moto en d\u00edas calurosos.<\/p>\n","protected":false},"author":41267,"featured_media":45601,"comment_status":"open","ping_status":"open","sticky":false,"template":"","format":"standard","meta":{"footnotes":""},"categories":[122],"tags":[131],"class_list":["post-95440","post","type-post","status-publish","format-standard","hentry","category-vive-tu-moto","tag-equipacion-y-accesorios-moto"],"yoast_head":"<!-- This site is optimized with the Yoast SEO plugin v27.3 - https:\/\/yoast.com\/product\/yoast-seo-wordpress\/ -->\n<title>\u00bfPor qu\u00e9 deber\u00edas usar una chaqueta de verano para moto? - Box Repsol<\/title>\n<meta name=\"description\" content=\"Las chaquetas de verano para moto no son un accesorio obligatorio, pero s\u00ed muy recomendable. Aqu\u00ed te contamos por qu\u00e9 deber\u00edas usarla.\" \/>\n<link rel=\"canonical\" href=\"https:\/\/www.boxrepsol.com\/es\/vive-tu-moto\/por-que-deberias-usar-una-chaqueta-de-verano-para-moto\/\" \/>\n<meta property=\"og:locale\" content=\"es_ES\" \/>\n<meta property=\"og:type\" content=\"article\" \/>\n<meta property=\"og:title\" content=\"\u00bfPor qu\u00e9 deber\u00edas usar una chaqueta de verano para moto? - Box Repsol\" \/>\n<meta property=\"og:description\" content=\"Las chaquetas de verano para moto no son un accesorio obligatorio, pero s\u00ed muy recomendable. Aqu\u00ed te contamos por qu\u00e9 deber\u00edas usarla.\" \/>\n<meta property=\"og:url\" content=\"https:\/\/www.boxrepsol.com\/es\/vive-tu-moto\/por-que-deberias-usar-una-chaqueta-de-verano-para-moto\/\" \/>\n<meta property=\"og:site_name\" content=\"Box Repsol\" \/>\n<meta property=\"article:publisher\" content=\"https:\/\/www.facebook.com\/BoxRepsol\" \/>\n<meta property=\"article:published_time\" content=\"2022-08-01T02:00:00+00:00\" \/>\n<meta property=\"article:modified_time\" content=\"2024-02-06T09:23:42+00:00\" \/>\n<meta property=\"og:image\" content=\"https:\/\/bxrepsol.s3.eu-west-1.amazonaws.com\/static\/2022\/08\/10041345\/Apertura-2-2.jpg\" \/>\n\t<meta property=\"og:image:width\" content=\"1200\" \/>\n\t<meta property=\"og:image:height\" content=\"800\" \/>\n\t<meta property=\"og:image:type\" content=\"image\/jpeg\" \/>\n<meta name=\"author\" content=\"V\u00edctor Gancedo\" \/>\n<meta name=\"twitter:card\" content=\"summary_large_image\" \/>\n<meta name=\"twitter:creator\" content=\"@box_repsol\" \/>\n<meta name=\"twitter:site\" content=\"@box_repsol\" \/>\n<meta name=\"twitter:label1\" content=\"Written by\" \/>\n\t<meta name=\"twitter:data1\" content=\"V\u00edctor Gancedo\" \/>\n\t<meta name=\"twitter:label2\" content=\"Est. reading time\" \/>\n\t<meta name=\"twitter:data2\" content=\"6 minutos\" \/>\n<script type=\"application\/ld+json\" class=\"yoast-schema-graph\">{\"@context\":\"https:\\\/\\\/schema.org\",\"@graph\":[{\"@type\":\"Article\",\"@id\":\"https:\\\/\\\/www.boxrepsol.com\\\/es\\\/vive-tu-moto\\\/por-que-deberias-usar-una-chaqueta-de-verano-para-moto\\\/#article\",\"isPartOf\":{\"@id\":\"https:\\\/\\\/www.boxrepsol.com\\\/es\\\/vive-tu-moto\\\/por-que-deberias-usar-una-chaqueta-de-verano-para-moto\\\/\"},\"author\":{\"name\":\"V\u00edctor Gancedo\",\"@id\":\"https:\\\/\\\/www.boxrepsol.com\\\/es\\\/#\\\/schema\\\/person\\\/40c28bf318bbbe8fe3848b194b7385ca\"},\"headline\":\"\u00bfPor qu\u00e9 deber\u00edas usar una chaqueta de verano para moto?\",\"datePublished\":\"2022-08-01T02:00:00+00:00\",\"dateModified\":\"2024-02-06T09:23:42+00:00\",\"mainEntityOfPage\":{\"@id\":\"https:\\\/\\\/www.boxrepsol.com\\\/es\\\/vive-tu-moto\\\/por-que-deberias-usar-una-chaqueta-de-verano-para-moto\\\/\"},\"wordCount\":1170,\"commentCount\":0,\"publisher\":{\"@id\":\"https:\\\/\\\/www.boxrepsol.com\\\/es\\\/#organization\"},\"image\":{\"@id\":\"https:\\\/\\\/www.boxrepsol.com\\\/es\\\/vive-tu-moto\\\/por-que-deberias-usar-una-chaqueta-de-verano-para-moto\\\/#primaryimage\"},\"thumbnailUrl\":\"https:\\\/\\\/bxrepsol.s3.eu-west-1.amazonaws.com\\\/static\\\/2022\\\/08\\\/10041345\\\/Apertura-2-2.jpg\",\"keywords\":[\"equipaci\u00f3n y accesorios moto\"],\"articleSection\":[\"Vive tu moto\"],\"inLanguage\":\"es\",\"potentialAction\":[{\"@type\":\"CommentAction\",\"name\":\"Comment\",\"target\":[\"https:\\\/\\\/www.boxrepsol.com\\\/es\\\/vive-tu-moto\\\/por-que-deberias-usar-una-chaqueta-de-verano-para-moto\\\/#respond\"]}]},{\"@type\":\"WebPage\",\"@id\":\"https:\\\/\\\/www.boxrepsol.com\\\/es\\\/vive-tu-moto\\\/por-que-deberias-usar-una-chaqueta-de-verano-para-moto\\\/\",\"url\":\"https:\\\/\\\/www.boxrepsol.com\\\/es\\\/vive-tu-moto\\\/por-que-deberias-usar-una-chaqueta-de-verano-para-moto\\\/\",\"name\":\"\u00bfPor qu\u00e9 deber\u00edas usar una chaqueta de verano para moto? - Box Repsol\",\"isPartOf\":{\"@id\":\"https:\\\/\\\/www.boxrepsol.com\\\/es\\\/#website\"},\"primaryImageOfPage\":{\"@id\":\"https:\\\/\\\/www.boxrepsol.com\\\/es\\\/vive-tu-moto\\\/por-que-deberias-usar-una-chaqueta-de-verano-para-moto\\\/#primaryimage\"},\"image\":{\"@id\":\"https:\\\/\\\/www.boxrepsol.com\\\/es\\\/vive-tu-moto\\\/por-que-deberias-usar-una-chaqueta-de-verano-para-moto\\\/#primaryimage\"},\"thumbnailUrl\":\"https:\\\/\\\/bxrepsol.s3.eu-west-1.amazonaws.com\\\/static\\\/2022\\\/08\\\/10041345\\\/Apertura-2-2.jpg\",\"datePublished\":\"2022-08-01T02:00:00+00:00\",\"dateModified\":\"2024-02-06T09:23:42+00:00\",\"description\":\"Las chaquetas de verano para moto no son un accesorio obligatorio, pero s\u00ed muy recomendable. Aqu\u00ed te contamos por qu\u00e9 deber\u00edas usarla.\",\"breadcrumb\":{\"@id\":\"https:\\\/\\\/www.boxrepsol.com\\\/es\\\/vive-tu-moto\\\/por-que-deberias-usar-una-chaqueta-de-verano-para-moto\\\/#breadcrumb\"},\"inLanguage\":\"es\",\"potentialAction\":[{\"@type\":\"ReadAction\",\"target\":[\"https:\\\/\\\/www.boxrepsol.com\\\/es\\\/vive-tu-moto\\\/por-que-deberias-usar-una-chaqueta-de-verano-para-moto\\\/\"]}]},{\"@type\":\"ImageObject\",\"inLanguage\":\"es\",\"@id\":\"https:\\\/\\\/www.boxrepsol.com\\\/es\\\/vive-tu-moto\\\/por-que-deberias-usar-una-chaqueta-de-verano-para-moto\\\/#primaryimage\",\"url\":\"https:\\\/\\\/bxrepsol.s3.eu-west-1.amazonaws.com\\\/static\\\/2022\\\/08\\\/10041345\\\/Apertura-2-2.jpg\",\"contentUrl\":\"https:\\\/\\\/bxrepsol.s3.eu-west-1.amazonaws.com\\\/static\\\/2022\\\/08\\\/10041345\\\/Apertura-2-2.jpg\",\"width\":1200,\"height\":800,\"caption\":\"Quedada motera en verano\"},{\"@type\":\"BreadcrumbList\",\"@id\":\"https:\\\/\\\/www.boxrepsol.com\\\/es\\\/vive-tu-moto\\\/por-que-deberias-usar-una-chaqueta-de-verano-para-moto\\\/#breadcrumb\",\"itemListElement\":[{\"@type\":\"ListItem\",\"position\":1,\"name\":\"Home\",\"item\":\"https:\\\/\\\/www.boxrepsol.com\\\/es\\\/\"},{\"@type\":\"ListItem\",\"position\":2,\"name\":\"\u00bfPor qu\u00e9 deber\u00edas usar una chaqueta de verano para moto?\"}]},{\"@type\":\"WebSite\",\"@id\":\"https:\\\/\\\/www.boxrepsol.com\\\/es\\\/#website\",\"url\":\"https:\\\/\\\/www.boxrepsol.com\\\/es\\\/\",\"name\":\"Box Repsol\",\"description\":\"Box Repsol Site\",\"publisher\":{\"@id\":\"https:\\\/\\\/www.boxrepsol.com\\\/es\\\/#organization\"},\"potentialAction\":[{\"@type\":\"SearchAction\",\"target\":{\"@type\":\"EntryPoint\",\"urlTemplate\":\"https:\\\/\\\/www.boxrepsol.com\\\/es\\\/?s={search_term_string}\"},\"query-input\":{\"@type\":\"PropertyValueSpecification\",\"valueRequired\":true,\"valueName\":\"search_term_string\"}}],\"inLanguage\":\"es\"},{\"@type\":\"Organization\",\"@id\":\"https:\\\/\\\/www.boxrepsol.com\\\/es\\\/#organization\",\"name\":\"Box Repsol\",\"url\":\"https:\\\/\\\/www.boxrepsol.com\\\/es\\\/\",\"logo\":{\"@type\":\"ImageObject\",\"inLanguage\":\"es\",\"@id\":\"https:\\\/\\\/www.boxrepsol.com\\\/es\\\/#\\\/schema\\\/logo\\\/image\\\/\",\"url\":\"https:\\\/\\\/bxrepsol.s3.eu-west-1.amazonaws.com\\\/static\\\/2025\\\/07\\\/30083337\\\/favicon-96x96-1.png\",\"contentUrl\":\"https:\\\/\\\/bxrepsol.s3.eu-west-1.amazonaws.com\\\/static\\\/2025\\\/07\\\/30083337\\\/favicon-96x96-1.png\",\"width\":96,\"height\":96,\"caption\":\"Box Repsol\"},\"image\":{\"@id\":\"https:\\\/\\\/www.boxrepsol.com\\\/es\\\/#\\\/schema\\\/logo\\\/image\\\/\"},\"sameAs\":[\"https:\\\/\\\/www.facebook.com\\\/BoxRepsol\",\"https:\\\/\\\/x.com\\\/box_repsol\",\"http:\\\/\\\/instagram.com\\\/box_repsol\",\"https:\\\/\\\/www.youtube.com\\\/user\\\/RepsolCompeticion\",\"https:\\\/\\\/www.flickr.com\\\/photos\\\/box_repsol\\\/\"]},{\"@type\":\"Person\",\"@id\":\"https:\\\/\\\/www.boxrepsol.com\\\/es\\\/#\\\/schema\\\/person\\\/40c28bf318bbbe8fe3848b194b7385ca\",\"name\":\"V\u00edctor Gancedo\",\"image\":{\"@type\":\"ImageObject\",\"inLanguage\":\"es\",\"@id\":\"https:\\\/\\\/secure.gravatar.com\\\/avatar\\\/cd1439a66fca5d3425cd2a7b13f32cd43e25022a0436c1235ef2a28e14fa660a?s=96&d=mm&r=g\",\"url\":\"https:\\\/\\\/secure.gravatar.com\\\/avatar\\\/cd1439a66fca5d3425cd2a7b13f32cd43e25022a0436c1235ef2a28e14fa660a?s=96&d=mm&r=g\",\"contentUrl\":\"https:\\\/\\\/secure.gravatar.com\\\/avatar\\\/cd1439a66fca5d3425cd2a7b13f32cd43e25022a0436c1235ef2a28e14fa660a?s=96&d=mm&r=g\",\"caption\":\"V\u00edctor Gancedo\"},\"description\":\"Periodista especializado en el mundo de las motos, V\u00edctor ha probado pr\u00e1cticamente todas las que han salido al mercado desde 1990. En su larga trayectoria, ha desempe\u00f1ado cargos como los de Jefe de Pruebas de la revista Motociclismo o Responsable de Pruebas del \u00c1rea de Motos del Grupo Motorpress-Ib\u00e9rica, hoy llamado Sport Life Ib\u00e9rica, al cual sigue vinculado.\",\"sameAs\":[\"https:\\\/\\\/www.instagram.com\\\/vfgancedo\"],\"url\":\"https:\\\/\\\/www.boxrepsol.com\\\/es\\\/author\\\/victor_gancedo\\\/\"}]}<\/script>\n<!-- \/ Yoast SEO plugin. -->","yoast_head_json":{"title":"\u00bfPor qu\u00e9 deber\u00edas usar una chaqueta de verano para moto? - Box Repsol","description":"Las chaquetas de verano para moto no son un accesorio obligatorio, pero s\u00ed muy recomendable. Aqu\u00ed te contamos por qu\u00e9 deber\u00edas usarla.","canonical":"https:\/\/www.boxrepsol.com\/es\/vive-tu-moto\/por-que-deberias-usar-una-chaqueta-de-verano-para-moto\/","og_locale":"es_ES","og_type":"article","og_title":"\u00bfPor qu\u00e9 deber\u00edas usar una chaqueta de verano para moto? - Box Repsol","og_description":"Las chaquetas de verano para moto no son un accesorio obligatorio, pero s\u00ed muy recomendable. Aqu\u00ed te contamos por qu\u00e9 deber\u00edas usarla.","og_url":"https:\/\/www.boxrepsol.com\/es\/vive-tu-moto\/por-que-deberias-usar-una-chaqueta-de-verano-para-moto\/","og_site_name":"Box Repsol","article_publisher":"https:\/\/www.facebook.com\/BoxRepsol","article_published_time":"2022-08-01T02:00:00+00:00","article_modified_time":"2024-02-06T09:23:42+00:00","og_image":[{"width":1200,"height":800,"url":"https:\/\/bxrepsol.s3.eu-west-1.amazonaws.com\/static\/2022\/08\/10041345\/Apertura-2-2.jpg","type":"image\/jpeg"}],"author":"V\u00edctor Gancedo","twitter_card":"summary_large_image","twitter_creator":"@box_repsol","twitter_site":"@box_repsol","twitter_misc":{"Written by":"V\u00edctor Gancedo","Est. reading time":"6 minutos"},"schema":{"@context":"https:\/\/schema.org","@graph":[{"@type":"Article","@id":"https:\/\/www.boxrepsol.com\/es\/vive-tu-moto\/por-que-deberias-usar-una-chaqueta-de-verano-para-moto\/#article","isPartOf":{"@id":"https:\/\/www.boxrepsol.com\/es\/vive-tu-moto\/por-que-deberias-usar-una-chaqueta-de-verano-para-moto\/"},"author":{"name":"V\u00edctor Gancedo","@id":"https:\/\/www.boxrepsol.com\/es\/#\/schema\/person\/40c28bf318bbbe8fe3848b194b7385ca"},"headline":"\u00bfPor qu\u00e9 deber\u00edas usar una chaqueta de verano para moto?","datePublished":"2022-08-01T02:00:00+00:00","dateModified":"2024-02-06T09:23:42+00:00","mainEntityOfPage":{"@id":"https:\/\/www.boxrepsol.com\/es\/vive-tu-moto\/por-que-deberias-usar-una-chaqueta-de-verano-para-moto\/"},"wordCount":1170,"commentCount":0,"publisher":{"@id":"https:\/\/www.boxrepsol.com\/es\/#organization"},"image":{"@id":"https:\/\/www.boxrepsol.com\/es\/vive-tu-moto\/por-que-deberias-usar-una-chaqueta-de-verano-para-moto\/#primaryimage"},"thumbnailUrl":"https:\/\/bxrepsol.s3.eu-west-1.amazonaws.com\/static\/2022\/08\/10041345\/Apertura-2-2.jpg","keywords":["equipaci\u00f3n y accesorios moto"],"articleSection":["Vive tu moto"],"inLanguage":"es","potentialAction":[{"@type":"CommentAction","name":"Comment","target":["https:\/\/www.boxrepsol.com\/es\/vive-tu-moto\/por-que-deberias-usar-una-chaqueta-de-verano-para-moto\/#respond"]}]},{"@type":"WebPage","@id":"https:\/\/www.boxrepsol.com\/es\/vive-tu-moto\/por-que-deberias-usar-una-chaqueta-de-verano-para-moto\/","url":"https:\/\/www.boxrepsol.com\/es\/vive-tu-moto\/por-que-deberias-usar-una-chaqueta-de-verano-para-moto\/","name":"\u00bfPor qu\u00e9 deber\u00edas usar una chaqueta de verano para moto? - Box Repsol","isPartOf":{"@id":"https:\/\/www.boxrepsol.com\/es\/#website"},"primaryImageOfPage":{"@id":"https:\/\/www.boxrepsol.com\/es\/vive-tu-moto\/por-que-deberias-usar-una-chaqueta-de-verano-para-moto\/#primaryimage"},"image":{"@id":"https:\/\/www.boxrepsol.com\/es\/vive-tu-moto\/por-que-deberias-usar-una-chaqueta-de-verano-para-moto\/#primaryimage"},"thumbnailUrl":"https:\/\/bxrepsol.s3.eu-west-1.amazonaws.com\/static\/2022\/08\/10041345\/Apertura-2-2.jpg","datePublished":"2022-08-01T02:00:00+00:00","dateModified":"2024-02-06T09:23:42+00:00","description":"Las chaquetas de verano para moto no son un accesorio obligatorio, pero s\u00ed muy recomendable. Aqu\u00ed te contamos por qu\u00e9 deber\u00edas usarla.","breadcrumb":{"@id":"https:\/\/www.boxrepsol.com\/es\/vive-tu-moto\/por-que-deberias-usar-una-chaqueta-de-verano-para-moto\/#breadcrumb"},"inLanguage":"es","potentialAction":[{"@type":"ReadAction","target":["https:\/\/www.boxrepsol.com\/es\/vive-tu-moto\/por-que-deberias-usar-una-chaqueta-de-verano-para-moto\/"]}]},{"@type":"ImageObject","inLanguage":"es","@id":"https:\/\/www.boxrepsol.com\/es\/vive-tu-moto\/por-que-deberias-usar-una-chaqueta-de-verano-para-moto\/#primaryimage","url":"https:\/\/bxrepsol.s3.eu-west-1.amazonaws.com\/static\/2022\/08\/10041345\/Apertura-2-2.jpg","contentUrl":"https:\/\/bxrepsol.s3.eu-west-1.amazonaws.com\/static\/2022\/08\/10041345\/Apertura-2-2.jpg","width":1200,"height":800,"caption":"Quedada motera en verano"},{"@type":"BreadcrumbList","@id":"https:\/\/www.boxrepsol.com\/es\/vive-tu-moto\/por-que-deberias-usar-una-chaqueta-de-verano-para-moto\/#breadcrumb","itemListElement":[{"@type":"ListItem","position":1,"name":"Home","item":"https:\/\/www.boxrepsol.com\/es\/"},{"@type":"ListItem","position":2,"name":"\u00bfPor qu\u00e9 deber\u00edas usar una chaqueta de verano para moto?"}]},{"@type":"WebSite","@id":"https:\/\/www.boxrepsol.com\/es\/#website","url":"https:\/\/www.boxrepsol.com\/es\/","name":"Box Repsol","description":"Box Repsol Site","publisher":{"@id":"https:\/\/www.boxrepsol.com\/es\/#organization"},"potentialAction":[{"@type":"SearchAction","target":{"@type":"EntryPoint","urlTemplate":"https:\/\/www.boxrepsol.com\/es\/?s={search_term_string}"},"query-input":{"@type":"PropertyValueSpecification","valueRequired":true,"valueName":"search_term_string"}}],"inLanguage":"es"},{"@type":"Organization","@id":"https:\/\/www.boxrepsol.com\/es\/#organization","name":"Box Repsol","url":"https:\/\/www.boxrepsol.com\/es\/","logo":{"@type":"ImageObject","inLanguage":"es","@id":"https:\/\/www.boxrepsol.com\/es\/#\/schema\/logo\/image\/","url":"https:\/\/bxrepsol.s3.eu-west-1.amazonaws.com\/static\/2025\/07\/30083337\/favicon-96x96-1.png","contentUrl":"https:\/\/bxrepsol.s3.eu-west-1.amazonaws.com\/static\/2025\/07\/30083337\/favicon-96x96-1.png","width":96,"height":96,"caption":"Box Repsol"},"image":{"@id":"https:\/\/www.boxrepsol.com\/es\/#\/schema\/logo\/image\/"},"sameAs":["https:\/\/www.facebook.com\/BoxRepsol","https:\/\/x.com\/box_repsol","http:\/\/instagram.com\/box_repsol","https:\/\/www.youtube.com\/user\/RepsolCompeticion","https:\/\/www.flickr.com\/photos\/box_repsol\/"]},{"@type":"Person","@id":"https:\/\/www.boxrepsol.com\/es\/#\/schema\/person\/40c28bf318bbbe8fe3848b194b7385ca","name":"V\u00edctor Gancedo","image":{"@type":"ImageObject","inLanguage":"es","@id":"https:\/\/secure.gravatar.com\/avatar\/cd1439a66fca5d3425cd2a7b13f32cd43e25022a0436c1235ef2a28e14fa660a?s=96&d=mm&r=g","url":"https:\/\/secure.gravatar.com\/avatar\/cd1439a66fca5d3425cd2a7b13f32cd43e25022a0436c1235ef2a28e14fa660a?s=96&d=mm&r=g","contentUrl":"https:\/\/secure.gravatar.com\/avatar\/cd1439a66fca5d3425cd2a7b13f32cd43e25022a0436c1235ef2a28e14fa660a?s=96&d=mm&r=g","caption":"V\u00edctor Gancedo"},"description":"Periodista especializado en el mundo de las motos, V\u00edctor ha probado pr\u00e1cticamente todas las que han salido al mercado desde 1990. En su larga trayectoria, ha desempe\u00f1ado cargos como los de Jefe de Pruebas de la revista Motociclismo o Responsable de Pruebas del \u00c1rea de Motos del Grupo Motorpress-Ib\u00e9rica, hoy llamado Sport Life Ib\u00e9rica, al cual sigue vinculado.","sameAs":["https:\/\/www.instagram.com\/vfgancedo"],"url":"https:\/\/www.boxrepsol.com\/es\/author\/victor_gancedo\/"}]}},"_links":{"self":[{"href":"https:\/\/www.boxrepsol.com\/es\/wp-json\/wp\/v2\/posts\/95440","targetHints":{"allow":["GET"]}}],"collection":[{"href":"https:\/\/www.boxrepsol.com\/es\/wp-json\/wp\/v2\/posts"}],"about":[{"href":"https:\/\/www.boxrepsol.com\/es\/wp-json\/wp\/v2\/types\/post"}],"author":[{"embeddable":true,"href":"https:\/\/www.boxrepsol.com\/es\/wp-json\/wp\/v2\/users\/41267"}],"replies":[{"embeddable":true,"href":"https:\/\/www.boxrepsol.com\/es\/wp-json\/wp\/v2\/comments?post=95440"}],"version-history":[{"count":5,"href":"https:\/\/www.boxrepsol.com\/es\/wp-json\/wp\/v2\/posts\/95440\/revisions"}],"predecessor-version":[{"id":102767,"href":"https:\/\/www.boxrepsol.com\/es\/wp-json\/wp\/v2\/posts\/95440\/revisions\/102767"}],"wp:featuredmedia":[{"embeddable":true,"href":"https:\/\/www.boxrepsol.com\/es\/wp-json\/wp\/v2\/media\/45601"}],"wp:attachment":[{"href":"https:\/\/www.boxrepsol.com\/es\/wp-json\/wp\/v2\/media?parent=95440"}],"wp:term":[{"taxonomy":"category","embeddable":true,"href":"https:\/\/www.boxrepsol.com\/es\/wp-json\/wp\/v2\/categories?post=95440"},{"taxonomy":"post_tag","embeddable":true,"href":"https:\/\/www.boxrepsol.com\/es\/wp-json\/wp\/v2\/tags?post=95440"}],"curies":[{"name":"wp","href":"https:\/\/api.w.org\/{rel}","templated":true}]}}