{"id":95434,"date":"2022-07-20T00:00:00","date_gmt":"2022-07-20T02:00:00","guid":{"rendered":"http:\/\/pre.boxrepsol.com\/sin-categorizar\/marc-marquez-recibe-un-regalo-muy-especial-por-sus-10-anos-en-motogp\/"},"modified":"2024-04-08T09:21:33","modified_gmt":"2024-04-08T11:21:33","slug":"marc-marquez-recibe-un-regalo-muy-especial-por-sus-10-anos-en-motogp","status":"publish","type":"post","link":"https:\/\/www.boxrepsol.com\/es\/motogp\/marc-marquez-recibe-un-regalo-muy-especial-por-sus-10-anos-en-motogp\/","title":{"rendered":"Marc M\u00e1rquez recibe un regalo muy especial por sus 10 a\u00f1os en MotoGP"},"content":{"rendered":"<p>Repsol quiso reconocer la trayectoria de <strong>Marc M\u00e1rquez<\/strong> durante estos diez a\u00f1os en la categor\u00eda reina haci\u00e9ndole un regalo muy especial. El piloto del equipo <strong>Repsol Honda<\/strong> recibi\u00f3 un caluroso homenaje por parte de numerosos trabajadores de la compa\u00f1\u00eda, que fueron testigos de las palabras de Marc hablando sobre su recuperaci\u00f3n, sus recuerdos y sensaciones antes de que descubriera el regalo sorpresa.<\/p>\n<p><iframe loading=\"lazy\" title=\"YouTube video player\" src=\"https:\/\/www.youtube.com\/embed\/CVXupgWsRxQ\" width=\"560\" height=\"315\" frameborder=\"0\" allowfullscreen=\"allowfullscreen\"><\/iframe><br \/>\nDelante de los trabajadores all\u00ed presentes, M\u00e1rquez desvel\u00f3 junto al pintor madrile\u00f1o <strong>Manu Campa<\/strong> -reconocido por sus obras hiperrealistas de gran formato- un lienzo de 2,6 metros de alto por 1,5 de ancho en el que aparece una imagen del piloto del equipo <strong>Repsol Honda<\/strong> subido a su RC213V 2022. Una exclusiva pieza con la que Repsol ha querido agradecer a Marc su trayectoria de \u00e9xitos durante estos \u00faltimos 10 a\u00f1os.<\/p>\n<p>6 t\u00edtulos mundiales, 59 victorias, 99 podios y 62 pole positions son los n\u00fameros del piloto del equipo <strong>Repsol Honda<\/strong> en su primera d\u00e9cada como piloto de MotoGP.<\/p>\n<p>                    <a\n                        href=\"https:\/\/bxrepsol.s3.eu-west-1.amazonaws.com\/static\/2022\/08\/05102347\/http___repsolmedia.com_repsolmedia_wp-content_uploads_2022_07_REPSOL_Marc10Years_JOC0593-scaled-1.jpg\"\n                        data-index=\"0\"\n                    ><br \/>\n                        <img decoding=\"async\"\n                            src=\"https:\/\/bxrepsol.s3.eu-west-1.amazonaws.com\/static\/2022\/08\/05102347\/http___repsolmedia.com_repsolmedia_wp-content_uploads_2022_07_REPSOL_Marc10Years_JOC0593-scaled-1.jpg\"\n                            srcset=\"https:\/\/bxrepsol.s3.eu-west-1.amazonaws.com\/static\/2022\/08\/05102347\/http___repsolmedia.com_repsolmedia_wp-content_uploads_2022_07_REPSOL_Marc10Years_JOC0593-scaled-1.jpg 2560w, https:\/\/bxrepsol.s3.eu-west-1.amazonaws.com\/static\/2022\/08\/05102347\/http___repsolmedia.com_repsolmedia_wp-content_uploads_2022_07_REPSOL_Marc10Years_JOC0593-scaled-1.jpg 1280w, https:\/\/bxrepsol.s3.eu-west-1.amazonaws.com\/static\/2022\/08\/05102347\/http___repsolmedia.com_repsolmedia_wp-content_uploads_2022_07_REPSOL_Marc10Years_JOC0593-scaled-1.jpg 900w, https:\/\/bxrepsol.s3.eu-west-1.amazonaws.com\/static\/2022\/08\/05102347\/http___repsolmedia.com_repsolmedia_wp-content_uploads_2022_07_REPSOL_Marc10Years_JOC0593-scaled-1.jpg 600w, https:\/\/bxrepsol.s3.eu-west-1.amazonaws.com\/static\/2022\/08\/05102347\/http___repsolmedia.com_repsolmedia_wp-content_uploads_2022_07_REPSOL_Marc10Years_JOC0593-scaled-1.jpg 480w, https:\/\/bxrepsol.s3.eu-west-1.amazonaws.com\/static\/2022\/08\/05102347\/http___repsolmedia.com_repsolmedia_wp-content_uploads_2022_07_REPSOL_Marc10Years_JOC0593-scaled-1.jpg 32w\"\n                            title=\"http___repsolmedia.com_repsolmedia_wp-content_uploads_2022_07_REPSOL_Marc10Years_JOC0593-scaled\"\n                            alt=\"\"\n                            data-title=\"\"><br \/>\n                    <\/a><br \/>\n                    <a\n                        href=\"https:\/\/bxrepsol.s3.eu-west-1.amazonaws.com\/static\/2022\/08\/05102350\/http___repsolmedia.com_repsolmedia_wp-content_uploads_2022_07_ManuCampaPINTOR_REPSOL22_JOC5520-scaled-1.jpg\"\n                        data-index=\"1\"\n                    ><br \/>\n                        <img decoding=\"async\"\n                            src=\"https:\/\/bxrepsol.s3.eu-west-1.amazonaws.com\/static\/2022\/08\/05102350\/http___repsolmedia.com_repsolmedia_wp-content_uploads_2022_07_ManuCampaPINTOR_REPSOL22_JOC5520-scaled-1.jpg\"\n                            srcset=\"https:\/\/bxrepsol.s3.eu-west-1.amazonaws.com\/static\/2022\/08\/05102350\/http___repsolmedia.com_repsolmedia_wp-content_uploads_2022_07_ManuCampaPINTOR_REPSOL22_JOC5520-scaled-1.jpg 2560w, https:\/\/bxrepsol.s3.eu-west-1.amazonaws.com\/static\/2022\/08\/05102350\/http___repsolmedia.com_repsolmedia_wp-content_uploads_2022_07_ManuCampaPINTOR_REPSOL22_JOC5520-scaled-1.jpg 1280w, https:\/\/bxrepsol.s3.eu-west-1.amazonaws.com\/static\/2022\/08\/05102350\/http___repsolmedia.com_repsolmedia_wp-content_uploads_2022_07_ManuCampaPINTOR_REPSOL22_JOC5520-scaled-1.jpg 900w, https:\/\/bxrepsol.s3.eu-west-1.amazonaws.com\/static\/2022\/08\/05102350\/http___repsolmedia.com_repsolmedia_wp-content_uploads_2022_07_ManuCampaPINTOR_REPSOL22_JOC5520-scaled-1.jpg 600w, https:\/\/bxrepsol.s3.eu-west-1.amazonaws.com\/static\/2022\/08\/05102350\/http___repsolmedia.com_repsolmedia_wp-content_uploads_2022_07_ManuCampaPINTOR_REPSOL22_JOC5520-scaled-1.jpg 480w, https:\/\/bxrepsol.s3.eu-west-1.amazonaws.com\/static\/2022\/08\/05102350\/http___repsolmedia.com_repsolmedia_wp-content_uploads_2022_07_ManuCampaPINTOR_REPSOL22_JOC5520-scaled-1.jpg 32w\"\n                            title=\"http___repsolmedia.com_repsolmedia_wp-content_uploads_2022_07_ManuCampaPINTOR_REPSOL22_JOC5520-scaled\"\n                            alt=\"\"\n                            data-title=\"\"><br \/>\n                    <\/a><br \/>\n                    <a\n                        href=\"https:\/\/bxrepsol.s3.eu-west-1.amazonaws.com\/static\/2022\/08\/05102353\/http___repsolmedia.com_repsolmedia_wp-content_uploads_2022_07_REPSOL_Marc10Years_JOC0451-scaled-1.jpg\"\n                        data-index=\"2\"\n                    ><br \/>\n                        <img decoding=\"async\"\n                            src=\"https:\/\/bxrepsol.s3.eu-west-1.amazonaws.com\/static\/2022\/08\/05102353\/http___repsolmedia.com_repsolmedia_wp-content_uploads_2022_07_REPSOL_Marc10Years_JOC0451-scaled-1.jpg\"\n                            srcset=\"https:\/\/bxrepsol.s3.eu-west-1.amazonaws.com\/static\/2022\/08\/05102353\/http___repsolmedia.com_repsolmedia_wp-content_uploads_2022_07_REPSOL_Marc10Years_JOC0451-scaled-1.jpg 2560w, https:\/\/bxrepsol.s3.eu-west-1.amazonaws.com\/static\/2022\/08\/05102353\/http___repsolmedia.com_repsolmedia_wp-content_uploads_2022_07_REPSOL_Marc10Years_JOC0451-scaled-1.jpg 1280w, https:\/\/bxrepsol.s3.eu-west-1.amazonaws.com\/static\/2022\/08\/05102353\/http___repsolmedia.com_repsolmedia_wp-content_uploads_2022_07_REPSOL_Marc10Years_JOC0451-scaled-1.jpg 900w, https:\/\/bxrepsol.s3.eu-west-1.amazonaws.com\/static\/2022\/08\/05102353\/http___repsolmedia.com_repsolmedia_wp-content_uploads_2022_07_REPSOL_Marc10Years_JOC0451-scaled-1.jpg 600w, https:\/\/bxrepsol.s3.eu-west-1.amazonaws.com\/static\/2022\/08\/05102353\/http___repsolmedia.com_repsolmedia_wp-content_uploads_2022_07_REPSOL_Marc10Years_JOC0451-scaled-1.jpg 480w, https:\/\/bxrepsol.s3.eu-west-1.amazonaws.com\/static\/2022\/08\/05102353\/http___repsolmedia.com_repsolmedia_wp-content_uploads_2022_07_REPSOL_Marc10Years_JOC0451-scaled-1.jpg 32w\"\n                            title=\"http___repsolmedia.com_repsolmedia_wp-content_uploads_2022_07_REPSOL_Marc10Years_JOC0451-scaled-1\"\n                            alt=\"\"\n                            data-title=\"\"><br \/>\n                    <\/a><br \/>\n                    <a\n                        href=\"https:\/\/bxrepsol.s3.eu-west-1.amazonaws.com\/static\/2022\/08\/05102355\/http___repsolmedia.com_repsolmedia_wp-content_uploads_2022_07_REPSOL_Marc10Years_JOC0459-scaled-1.jpg\"\n                        data-index=\"3\"\n                    ><br \/>\n                        <img decoding=\"async\"\n                            src=\"https:\/\/bxrepsol.s3.eu-west-1.amazonaws.com\/static\/2022\/08\/05102355\/http___repsolmedia.com_repsolmedia_wp-content_uploads_2022_07_REPSOL_Marc10Years_JOC0459-scaled-1.jpg\"\n                            srcset=\"https:\/\/bxrepsol.s3.eu-west-1.amazonaws.com\/static\/2022\/08\/05102355\/http___repsolmedia.com_repsolmedia_wp-content_uploads_2022_07_REPSOL_Marc10Years_JOC0459-scaled-1.jpg 2560w, https:\/\/bxrepsol.s3.eu-west-1.amazonaws.com\/static\/2022\/08\/05102355\/http___repsolmedia.com_repsolmedia_wp-content_uploads_2022_07_REPSOL_Marc10Years_JOC0459-scaled-1.jpg 1280w, https:\/\/bxrepsol.s3.eu-west-1.amazonaws.com\/static\/2022\/08\/05102355\/http___repsolmedia.com_repsolmedia_wp-content_uploads_2022_07_REPSOL_Marc10Years_JOC0459-scaled-1.jpg 900w, https:\/\/bxrepsol.s3.eu-west-1.amazonaws.com\/static\/2022\/08\/05102355\/http___repsolmedia.com_repsolmedia_wp-content_uploads_2022_07_REPSOL_Marc10Years_JOC0459-scaled-1.jpg 600w, https:\/\/bxrepsol.s3.eu-west-1.amazonaws.com\/static\/2022\/08\/05102355\/http___repsolmedia.com_repsolmedia_wp-content_uploads_2022_07_REPSOL_Marc10Years_JOC0459-scaled-1.jpg 480w, https:\/\/bxrepsol.s3.eu-west-1.amazonaws.com\/static\/2022\/08\/05102355\/http___repsolmedia.com_repsolmedia_wp-content_uploads_2022_07_REPSOL_Marc10Years_JOC0459-scaled-1.jpg 32w\"\n                            title=\"http___repsolmedia.com_repsolmedia_wp-content_uploads_2022_07_REPSOL_Marc10Years_JOC0459-scaled\"\n                            alt=\"\"\n                            data-title=\"\"><br \/>\n                    <\/a><br \/>\n                    <a\n                        href=\"https:\/\/bxrepsol.s3.eu-west-1.amazonaws.com\/static\/2022\/08\/05102358\/http___repsolmedia.com_repsolmedia_wp-content_uploads_2022_07_REPSOL_Marc10Years_JOC0547-scaled-1.jpg\"\n                        data-index=\"4\"\n                    ><br \/>\n                        <img decoding=\"async\"\n                            src=\"https:\/\/bxrepsol.s3.eu-west-1.amazonaws.com\/static\/2022\/08\/05102358\/http___repsolmedia.com_repsolmedia_wp-content_uploads_2022_07_REPSOL_Marc10Years_JOC0547-scaled-1.jpg\"\n                            srcset=\"https:\/\/bxrepsol.s3.eu-west-1.amazonaws.com\/static\/2022\/08\/05102358\/http___repsolmedia.com_repsolmedia_wp-content_uploads_2022_07_REPSOL_Marc10Years_JOC0547-scaled-1.jpg 2560w, https:\/\/bxrepsol.s3.eu-west-1.amazonaws.com\/static\/2022\/08\/05102358\/http___repsolmedia.com_repsolmedia_wp-content_uploads_2022_07_REPSOL_Marc10Years_JOC0547-scaled-1.jpg 1280w, https:\/\/bxrepsol.s3.eu-west-1.amazonaws.com\/static\/2022\/08\/05102358\/http___repsolmedia.com_repsolmedia_wp-content_uploads_2022_07_REPSOL_Marc10Years_JOC0547-scaled-1.jpg 900w, https:\/\/bxrepsol.s3.eu-west-1.amazonaws.com\/static\/2022\/08\/05102358\/http___repsolmedia.com_repsolmedia_wp-content_uploads_2022_07_REPSOL_Marc10Years_JOC0547-scaled-1.jpg 600w, https:\/\/bxrepsol.s3.eu-west-1.amazonaws.com\/static\/2022\/08\/05102358\/http___repsolmedia.com_repsolmedia_wp-content_uploads_2022_07_REPSOL_Marc10Years_JOC0547-scaled-1.jpg 480w, https:\/\/bxrepsol.s3.eu-west-1.amazonaws.com\/static\/2022\/08\/05102358\/http___repsolmedia.com_repsolmedia_wp-content_uploads_2022_07_REPSOL_Marc10Years_JOC0547-scaled-1.jpg 32w\"\n                            title=\"http___repsolmedia.com_repsolmedia_wp-content_uploads_2022_07_REPSOL_Marc10Years_JOC0547-scaled\"\n                            alt=\"\"\n                            data-title=\"\"><br \/>\n                    <\/a><br \/>\n        <button data-glide-dir=\"<\"><br \/>\n            <svg role=\"img\"  viewBox=\"0 0 256 512\">\n                <path fill=\"currentColor\" d=\"M238.475 475.535l7.071-7.07c4.686-4.686 4.686-12.284 0-16.971L50.053 256 245.546 60.506c4.686-4.686 4.686-12.284 0-16.971l-7.071-7.07c-4.686-4.686-12.284-4.686-16.97 0L10.454 247.515c-4.686 4.686-4.686 12.284 0 16.971l211.051 211.05c4.686 4.686 12.284 4.686 16.97-.001z\"><\/path>\n            <\/svg><br \/>\n        <\/button><br \/>\n        <button data-glide-dir=\">\u00ab><br \/>\n            <svg role=\"img\"  viewBox=\"0 0 256 512\">\n                <path fill=\"currentColor\" d=\"M17.525 36.465l-7.071 7.07c-4.686 4.686-4.686 12.284 0 16.971L205.947 256 10.454 451.494c-4.686 4.686-4.686 12.284 0 16.971l7.071 7.07c4.686 4.686 12.284 4.686 16.97 0l211.051-211.05c4.686-4.686 4.686-12.284 0-16.971L34.495 36.465c-4.686-4.687-12.284-4.687-16.97 0z\"><\/path>\n            <\/svg><br \/>\n        <\/button><\/p>\n","protected":false},"excerpt":{"rendered":"<p>El ocho veces Campe\u00f3n del Mundo estuvo la semana pasada en Campus Repsol para recibir un homenaje con motivo de su d\u00e9cimo aniversario en MotoGP con el equipo Repsol Honda.<\/p>\n","protected":false},"author":43146,"featured_media":46649,"comment_status":"open","ping_status":"open","sticky":false,"template":"","format":"standard","meta":{"footnotes":""},"categories":[4],"tags":[120,6],"class_list":["post-95434","post","type-post","status-publish","format-standard","hentry","category-motogp","tag-120","tag-marc-marquez"],"yoast_head":"<!-- This site is optimized with the Yoast SEO plugin v27.3 - https:\/\/yoast.com\/product\/yoast-seo-wordpress\/ -->\n<title>Marc M\u00e1rquez recibe un regalo muy especial por sus 10 a\u00f1os en MotoGP - Box Repsol<\/title>\n<link rel=\"canonical\" href=\"https:\/\/www.boxrepsol.com\/es\/motogp\/marc-marquez-recibe-un-regalo-muy-especial-por-sus-10-anos-en-motogp\/\" \/>\n<meta property=\"og:locale\" content=\"es_ES\" \/>\n<meta property=\"og:type\" content=\"article\" \/>\n<meta property=\"og:title\" content=\"Marc M\u00e1rquez recibe un regalo muy especial por sus 10 a\u00f1os en MotoGP - Box Repsol\" \/>\n<meta property=\"og:description\" content=\"El ocho veces Campe\u00f3n del Mundo estuvo la semana pasada en Campus Repsol para recibir un homenaje con motivo de su d\u00e9cimo aniversario en MotoGP con el equipo Repsol Honda.\" \/>\n<meta property=\"og:url\" content=\"https:\/\/www.boxrepsol.com\/es\/motogp\/marc-marquez-recibe-un-regalo-muy-especial-por-sus-10-anos-en-motogp\/\" \/>\n<meta property=\"og:site_name\" content=\"Box Repsol\" \/>\n<meta property=\"article:publisher\" content=\"https:\/\/www.facebook.com\/BoxRepsol\" \/>\n<meta property=\"article:author\" content=\"https:\/\/www.facebook.com\/BoxRepsol\/\" \/>\n<meta property=\"article:published_time\" content=\"2022-07-20T02:00:00+00:00\" \/>\n<meta property=\"article:modified_time\" content=\"2024-04-08T11:21:33+00:00\" \/>\n<meta property=\"og:image\" content=\"https:\/\/bxrepsol.s3.eu-west-1.amazonaws.com\/static\/2022\/08\/10043946\/1111.jpg\" \/>\n\t<meta property=\"og:image:width\" content=\"1280\" \/>\n\t<meta property=\"og:image:height\" content=\"600\" \/>\n\t<meta property=\"og:image:type\" content=\"image\/jpeg\" \/>\n<meta name=\"author\" content=\"Redacci\u00f3n Box Repsol\" \/>\n<meta name=\"twitter:card\" content=\"summary_large_image\" \/>\n<meta name=\"twitter:creator\" content=\"@https:\/\/twitter.com\/box_repsol\" \/>\n<meta name=\"twitter:site\" content=\"@box_repsol\" \/>\n<meta name=\"twitter:label1\" content=\"Written by\" \/>\n\t<meta name=\"twitter:data1\" content=\"Redacci\u00f3n Box Repsol\" \/>\n\t<meta name=\"twitter:label2\" content=\"Est. reading time\" \/>\n\t<meta name=\"twitter:data2\" content=\"1 minuto\" \/>\n<script type=\"application\/ld+json\" class=\"yoast-schema-graph\">{\"@context\":\"https:\\\/\\\/schema.org\",\"@graph\":[{\"@type\":\"Article\",\"@id\":\"https:\\\/\\\/www.boxrepsol.com\\\/es\\\/motogp\\\/marc-marquez-recibe-un-regalo-muy-especial-por-sus-10-anos-en-motogp\\\/#article\",\"isPartOf\":{\"@id\":\"https:\\\/\\\/www.boxrepsol.com\\\/es\\\/motogp\\\/marc-marquez-recibe-un-regalo-muy-especial-por-sus-10-anos-en-motogp\\\/\"},\"author\":{\"name\":\"Redacci\u00f3n Box Repsol\",\"@id\":\"https:\\\/\\\/www.boxrepsol.com\\\/es\\\/#\\\/schema\\\/person\\\/c5c2138f2cca251b0ad92b7086bb60b7\"},\"headline\":\"Marc M\u00e1rquez recibe un regalo muy especial por sus 10 a\u00f1os en MotoGP\",\"datePublished\":\"2022-07-20T02:00:00+00:00\",\"dateModified\":\"2024-04-08T11:21:33+00:00\",\"mainEntityOfPage\":{\"@id\":\"https:\\\/\\\/www.boxrepsol.com\\\/es\\\/motogp\\\/marc-marquez-recibe-un-regalo-muy-especial-por-sus-10-anos-en-motogp\\\/\"},\"wordCount\":180,\"commentCount\":0,\"publisher\":{\"@id\":\"https:\\\/\\\/www.boxrepsol.com\\\/es\\\/#organization\"},\"image\":{\"@id\":\"https:\\\/\\\/www.boxrepsol.com\\\/es\\\/motogp\\\/marc-marquez-recibe-un-regalo-muy-especial-por-sus-10-anos-en-motogp\\\/#primaryimage\"},\"thumbnailUrl\":\"https:\\\/\\\/bxrepsol.s3.eu-west-1.amazonaws.com\\\/static\\\/2022\\\/08\\\/10043946\\\/1111.jpg\",\"keywords\":[\"2022\",\"Marc M\u00e1rquez\"],\"articleSection\":[\"MotoGP\"],\"inLanguage\":\"es\",\"potentialAction\":[{\"@type\":\"CommentAction\",\"name\":\"Comment\",\"target\":[\"https:\\\/\\\/www.boxrepsol.com\\\/es\\\/motogp\\\/marc-marquez-recibe-un-regalo-muy-especial-por-sus-10-anos-en-motogp\\\/#respond\"]}]},{\"@type\":\"WebPage\",\"@id\":\"https:\\\/\\\/www.boxrepsol.com\\\/es\\\/motogp\\\/marc-marquez-recibe-un-regalo-muy-especial-por-sus-10-anos-en-motogp\\\/\",\"url\":\"https:\\\/\\\/www.boxrepsol.com\\\/es\\\/motogp\\\/marc-marquez-recibe-un-regalo-muy-especial-por-sus-10-anos-en-motogp\\\/\",\"name\":\"Marc M\u00e1rquez recibe un regalo muy especial por sus 10 a\u00f1os en MotoGP - Box Repsol\",\"isPartOf\":{\"@id\":\"https:\\\/\\\/www.boxrepsol.com\\\/es\\\/#website\"},\"primaryImageOfPage\":{\"@id\":\"https:\\\/\\\/www.boxrepsol.com\\\/es\\\/motogp\\\/marc-marquez-recibe-un-regalo-muy-especial-por-sus-10-anos-en-motogp\\\/#primaryimage\"},\"image\":{\"@id\":\"https:\\\/\\\/www.boxrepsol.com\\\/es\\\/motogp\\\/marc-marquez-recibe-un-regalo-muy-especial-por-sus-10-anos-en-motogp\\\/#primaryimage\"},\"thumbnailUrl\":\"https:\\\/\\\/bxrepsol.s3.eu-west-1.amazonaws.com\\\/static\\\/2022\\\/08\\\/10043946\\\/1111.jpg\",\"datePublished\":\"2022-07-20T02:00:00+00:00\",\"dateModified\":\"2024-04-08T11:21:33+00:00\",\"breadcrumb\":{\"@id\":\"https:\\\/\\\/www.boxrepsol.com\\\/es\\\/motogp\\\/marc-marquez-recibe-un-regalo-muy-especial-por-sus-10-anos-en-motogp\\\/#breadcrumb\"},\"inLanguage\":\"es\",\"potentialAction\":[{\"@type\":\"ReadAction\",\"target\":[\"https:\\\/\\\/www.boxrepsol.com\\\/es\\\/motogp\\\/marc-marquez-recibe-un-regalo-muy-especial-por-sus-10-anos-en-motogp\\\/\"]}]},{\"@type\":\"ImageObject\",\"inLanguage\":\"es\",\"@id\":\"https:\\\/\\\/www.boxrepsol.com\\\/es\\\/motogp\\\/marc-marquez-recibe-un-regalo-muy-especial-por-sus-10-anos-en-motogp\\\/#primaryimage\",\"url\":\"https:\\\/\\\/bxrepsol.s3.eu-west-1.amazonaws.com\\\/static\\\/2022\\\/08\\\/10043946\\\/1111.jpg\",\"contentUrl\":\"https:\\\/\\\/bxrepsol.s3.eu-west-1.amazonaws.com\\\/static\\\/2022\\\/08\\\/10043946\\\/1111.jpg\",\"width\":1280,\"height\":600},{\"@type\":\"BreadcrumbList\",\"@id\":\"https:\\\/\\\/www.boxrepsol.com\\\/es\\\/motogp\\\/marc-marquez-recibe-un-regalo-muy-especial-por-sus-10-anos-en-motogp\\\/#breadcrumb\",\"itemListElement\":[{\"@type\":\"ListItem\",\"position\":1,\"name\":\"Home\",\"item\":\"https:\\\/\\\/www.boxrepsol.com\\\/es\\\/\"},{\"@type\":\"ListItem\",\"position\":2,\"name\":\"Marc M\u00e1rquez recibe un regalo muy especial por sus 10 a\u00f1os en MotoGP\"}]},{\"@type\":\"WebSite\",\"@id\":\"https:\\\/\\\/www.boxrepsol.com\\\/es\\\/#website\",\"url\":\"https:\\\/\\\/www.boxrepsol.com\\\/es\\\/\",\"name\":\"Box Repsol\",\"description\":\"Box Repsol Site\",\"publisher\":{\"@id\":\"https:\\\/\\\/www.boxrepsol.com\\\/es\\\/#organization\"},\"potentialAction\":[{\"@type\":\"SearchAction\",\"target\":{\"@type\":\"EntryPoint\",\"urlTemplate\":\"https:\\\/\\\/www.boxrepsol.com\\\/es\\\/?s={search_term_string}\"},\"query-input\":{\"@type\":\"PropertyValueSpecification\",\"valueRequired\":true,\"valueName\":\"search_term_string\"}}],\"inLanguage\":\"es\"},{\"@type\":\"Organization\",\"@id\":\"https:\\\/\\\/www.boxrepsol.com\\\/es\\\/#organization\",\"name\":\"Box Repsol\",\"url\":\"https:\\\/\\\/www.boxrepsol.com\\\/es\\\/\",\"logo\":{\"@type\":\"ImageObject\",\"inLanguage\":\"es\",\"@id\":\"https:\\\/\\\/www.boxrepsol.com\\\/es\\\/#\\\/schema\\\/logo\\\/image\\\/\",\"url\":\"https:\\\/\\\/bxrepsol.s3.eu-west-1.amazonaws.com\\\/static\\\/2025\\\/07\\\/30083337\\\/favicon-96x96-1.png\",\"contentUrl\":\"https:\\\/\\\/bxrepsol.s3.eu-west-1.amazonaws.com\\\/static\\\/2025\\\/07\\\/30083337\\\/favicon-96x96-1.png\",\"width\":96,\"height\":96,\"caption\":\"Box Repsol\"},\"image\":{\"@id\":\"https:\\\/\\\/www.boxrepsol.com\\\/es\\\/#\\\/schema\\\/logo\\\/image\\\/\"},\"sameAs\":[\"https:\\\/\\\/www.facebook.com\\\/BoxRepsol\",\"https:\\\/\\\/x.com\\\/box_repsol\",\"http:\\\/\\\/instagram.com\\\/box_repsol\",\"https:\\\/\\\/www.youtube.com\\\/user\\\/RepsolCompeticion\",\"https:\\\/\\\/www.flickr.com\\\/photos\\\/box_repsol\\\/\"]},{\"@type\":\"Person\",\"@id\":\"https:\\\/\\\/www.boxrepsol.com\\\/es\\\/#\\\/schema\\\/person\\\/c5c2138f2cca251b0ad92b7086bb60b7\",\"name\":\"Redacci\u00f3n Box Repsol\",\"image\":{\"@type\":\"ImageObject\",\"inLanguage\":\"es\",\"@id\":\"https:\\\/\\\/secure.gravatar.com\\\/avatar\\\/adf7b77e38b4419baf32c7e9c21dde01f4e40df611f0978e3006fc4ba0aaab7e?s=96&d=mm&r=g\",\"url\":\"https:\\\/\\\/secure.gravatar.com\\\/avatar\\\/adf7b77e38b4419baf32c7e9c21dde01f4e40df611f0978e3006fc4ba0aaab7e?s=96&d=mm&r=g\",\"contentUrl\":\"https:\\\/\\\/secure.gravatar.com\\\/avatar\\\/adf7b77e38b4419baf32c7e9c21dde01f4e40df611f0978e3006fc4ba0aaab7e?s=96&d=mm&r=g\",\"caption\":\"Redacci\u00f3n Box Repsol\"},\"description\":\"Box Repsol lo forma un equipo de periodistas, community managers, dise\u00f1adores y fot\u00f3grafos con m\u00e1s de 20 a\u00f1os de experiencia en el mundo del motorsport. Hemos vivido el primer mundial de un espa\u00f1ol en la categor\u00eda reina de motociclismo con \u00c1lex Crivill\u00e9, estuvimos en las victorias de Pedrosa y los t\u00edtulos de M\u00e1rquez, acompa\u00f1amos en \u00c1frica a Nani Roma y Marc Coma en sus conquistas del Dakar y hemos vibrado con los t\u00edtulos de Toni Bou en Trial. Adem\u00e1s, en nuestro equipo contamos con expertos en el mundo de las dos y cuatro ruedas tanto de la calle y las carreteras, como de los circuitos. Periodistas que han trabajado en revistas y publicaciones para hacerte llegar desde rutas y consejos de mantenimiento, a curiosidades y trucos de pilotaje.\",\"sameAs\":[\"https:\\\/\\\/www.facebook.com\\\/BoxRepsol\\\/\",\"https:\\\/\\\/www.instagram.com\\\/box_repsol\\\/\",\"https:\\\/\\\/x.com\\\/https:\\\/\\\/twitter.com\\\/box_repsol\",\"https:\\\/\\\/www.youtube.com\\\/@Boxrepsol\"],\"url\":\"https:\\\/\\\/www.boxrepsol.com\\\/es\\\/author\\\/redaccion-box-repsol\\\/\"}]}<\/script>\n<!-- \/ Yoast SEO plugin. -->","yoast_head_json":{"title":"Marc M\u00e1rquez recibe un regalo muy especial por sus 10 a\u00f1os en MotoGP - Box Repsol","canonical":"https:\/\/www.boxrepsol.com\/es\/motogp\/marc-marquez-recibe-un-regalo-muy-especial-por-sus-10-anos-en-motogp\/","og_locale":"es_ES","og_type":"article","og_title":"Marc M\u00e1rquez recibe un regalo muy especial por sus 10 a\u00f1os en MotoGP - Box Repsol","og_description":"El ocho veces Campe\u00f3n del Mundo estuvo la semana pasada en Campus Repsol para recibir un homenaje con motivo de su d\u00e9cimo aniversario en MotoGP con el equipo Repsol Honda.","og_url":"https:\/\/www.boxrepsol.com\/es\/motogp\/marc-marquez-recibe-un-regalo-muy-especial-por-sus-10-anos-en-motogp\/","og_site_name":"Box Repsol","article_publisher":"https:\/\/www.facebook.com\/BoxRepsol","article_author":"https:\/\/www.facebook.com\/BoxRepsol\/","article_published_time":"2022-07-20T02:00:00+00:00","article_modified_time":"2024-04-08T11:21:33+00:00","og_image":[{"width":1280,"height":600,"url":"https:\/\/bxrepsol.s3.eu-west-1.amazonaws.com\/static\/2022\/08\/10043946\/1111.jpg","type":"image\/jpeg"}],"author":"Redacci\u00f3n Box Repsol","twitter_card":"summary_large_image","twitter_creator":"@https:\/\/twitter.com\/box_repsol","twitter_site":"@box_repsol","twitter_misc":{"Written by":"Redacci\u00f3n Box Repsol","Est. reading time":"1 minuto"},"schema":{"@context":"https:\/\/schema.org","@graph":[{"@type":"Article","@id":"https:\/\/www.boxrepsol.com\/es\/motogp\/marc-marquez-recibe-un-regalo-muy-especial-por-sus-10-anos-en-motogp\/#article","isPartOf":{"@id":"https:\/\/www.boxrepsol.com\/es\/motogp\/marc-marquez-recibe-un-regalo-muy-especial-por-sus-10-anos-en-motogp\/"},"author":{"name":"Redacci\u00f3n Box Repsol","@id":"https:\/\/www.boxrepsol.com\/es\/#\/schema\/person\/c5c2138f2cca251b0ad92b7086bb60b7"},"headline":"Marc M\u00e1rquez recibe un regalo muy especial por sus 10 a\u00f1os en MotoGP","datePublished":"2022-07-20T02:00:00+00:00","dateModified":"2024-04-08T11:21:33+00:00","mainEntityOfPage":{"@id":"https:\/\/www.boxrepsol.com\/es\/motogp\/marc-marquez-recibe-un-regalo-muy-especial-por-sus-10-anos-en-motogp\/"},"wordCount":180,"commentCount":0,"publisher":{"@id":"https:\/\/www.boxrepsol.com\/es\/#organization"},"image":{"@id":"https:\/\/www.boxrepsol.com\/es\/motogp\/marc-marquez-recibe-un-regalo-muy-especial-por-sus-10-anos-en-motogp\/#primaryimage"},"thumbnailUrl":"https:\/\/bxrepsol.s3.eu-west-1.amazonaws.com\/static\/2022\/08\/10043946\/1111.jpg","keywords":["2022","Marc M\u00e1rquez"],"articleSection":["MotoGP"],"inLanguage":"es","potentialAction":[{"@type":"CommentAction","name":"Comment","target":["https:\/\/www.boxrepsol.com\/es\/motogp\/marc-marquez-recibe-un-regalo-muy-especial-por-sus-10-anos-en-motogp\/#respond"]}]},{"@type":"WebPage","@id":"https:\/\/www.boxrepsol.com\/es\/motogp\/marc-marquez-recibe-un-regalo-muy-especial-por-sus-10-anos-en-motogp\/","url":"https:\/\/www.boxrepsol.com\/es\/motogp\/marc-marquez-recibe-un-regalo-muy-especial-por-sus-10-anos-en-motogp\/","name":"Marc M\u00e1rquez recibe un regalo muy especial por sus 10 a\u00f1os en MotoGP - Box Repsol","isPartOf":{"@id":"https:\/\/www.boxrepsol.com\/es\/#website"},"primaryImageOfPage":{"@id":"https:\/\/www.boxrepsol.com\/es\/motogp\/marc-marquez-recibe-un-regalo-muy-especial-por-sus-10-anos-en-motogp\/#primaryimage"},"image":{"@id":"https:\/\/www.boxrepsol.com\/es\/motogp\/marc-marquez-recibe-un-regalo-muy-especial-por-sus-10-anos-en-motogp\/#primaryimage"},"thumbnailUrl":"https:\/\/bxrepsol.s3.eu-west-1.amazonaws.com\/static\/2022\/08\/10043946\/1111.jpg","datePublished":"2022-07-20T02:00:00+00:00","dateModified":"2024-04-08T11:21:33+00:00","breadcrumb":{"@id":"https:\/\/www.boxrepsol.com\/es\/motogp\/marc-marquez-recibe-un-regalo-muy-especial-por-sus-10-anos-en-motogp\/#breadcrumb"},"inLanguage":"es","potentialAction":[{"@type":"ReadAction","target":["https:\/\/www.boxrepsol.com\/es\/motogp\/marc-marquez-recibe-un-regalo-muy-especial-por-sus-10-anos-en-motogp\/"]}]},{"@type":"ImageObject","inLanguage":"es","@id":"https:\/\/www.boxrepsol.com\/es\/motogp\/marc-marquez-recibe-un-regalo-muy-especial-por-sus-10-anos-en-motogp\/#primaryimage","url":"https:\/\/bxrepsol.s3.eu-west-1.amazonaws.com\/static\/2022\/08\/10043946\/1111.jpg","contentUrl":"https:\/\/bxrepsol.s3.eu-west-1.amazonaws.com\/static\/2022\/08\/10043946\/1111.jpg","width":1280,"height":600},{"@type":"BreadcrumbList","@id":"https:\/\/www.boxrepsol.com\/es\/motogp\/marc-marquez-recibe-un-regalo-muy-especial-por-sus-10-anos-en-motogp\/#breadcrumb","itemListElement":[{"@type":"ListItem","position":1,"name":"Home","item":"https:\/\/www.boxrepsol.com\/es\/"},{"@type":"ListItem","position":2,"name":"Marc M\u00e1rquez recibe un regalo muy especial por sus 10 a\u00f1os en MotoGP"}]},{"@type":"WebSite","@id":"https:\/\/www.boxrepsol.com\/es\/#website","url":"https:\/\/www.boxrepsol.com\/es\/","name":"Box Repsol","description":"Box Repsol Site","publisher":{"@id":"https:\/\/www.boxrepsol.com\/es\/#organization"},"potentialAction":[{"@type":"SearchAction","target":{"@type":"EntryPoint","urlTemplate":"https:\/\/www.boxrepsol.com\/es\/?s={search_term_string}"},"query-input":{"@type":"PropertyValueSpecification","valueRequired":true,"valueName":"search_term_string"}}],"inLanguage":"es"},{"@type":"Organization","@id":"https:\/\/www.boxrepsol.com\/es\/#organization","name":"Box Repsol","url":"https:\/\/www.boxrepsol.com\/es\/","logo":{"@type":"ImageObject","inLanguage":"es","@id":"https:\/\/www.boxrepsol.com\/es\/#\/schema\/logo\/image\/","url":"https:\/\/bxrepsol.s3.eu-west-1.amazonaws.com\/static\/2025\/07\/30083337\/favicon-96x96-1.png","contentUrl":"https:\/\/bxrepsol.s3.eu-west-1.amazonaws.com\/static\/2025\/07\/30083337\/favicon-96x96-1.png","width":96,"height":96,"caption":"Box Repsol"},"image":{"@id":"https:\/\/www.boxrepsol.com\/es\/#\/schema\/logo\/image\/"},"sameAs":["https:\/\/www.facebook.com\/BoxRepsol","https:\/\/x.com\/box_repsol","http:\/\/instagram.com\/box_repsol","https:\/\/www.youtube.com\/user\/RepsolCompeticion","https:\/\/www.flickr.com\/photos\/box_repsol\/"]},{"@type":"Person","@id":"https:\/\/www.boxrepsol.com\/es\/#\/schema\/person\/c5c2138f2cca251b0ad92b7086bb60b7","name":"Redacci\u00f3n Box Repsol","image":{"@type":"ImageObject","inLanguage":"es","@id":"https:\/\/secure.gravatar.com\/avatar\/adf7b77e38b4419baf32c7e9c21dde01f4e40df611f0978e3006fc4ba0aaab7e?s=96&d=mm&r=g","url":"https:\/\/secure.gravatar.com\/avatar\/adf7b77e38b4419baf32c7e9c21dde01f4e40df611f0978e3006fc4ba0aaab7e?s=96&d=mm&r=g","contentUrl":"https:\/\/secure.gravatar.com\/avatar\/adf7b77e38b4419baf32c7e9c21dde01f4e40df611f0978e3006fc4ba0aaab7e?s=96&d=mm&r=g","caption":"Redacci\u00f3n Box Repsol"},"description":"Box Repsol lo forma un equipo de periodistas, community managers, dise\u00f1adores y fot\u00f3grafos con m\u00e1s de 20 a\u00f1os de experiencia en el mundo del motorsport. Hemos vivido el primer mundial de un espa\u00f1ol en la categor\u00eda reina de motociclismo con \u00c1lex Crivill\u00e9, estuvimos en las victorias de Pedrosa y los t\u00edtulos de M\u00e1rquez, acompa\u00f1amos en \u00c1frica a Nani Roma y Marc Coma en sus conquistas del Dakar y hemos vibrado con los t\u00edtulos de Toni Bou en Trial. Adem\u00e1s, en nuestro equipo contamos con expertos en el mundo de las dos y cuatro ruedas tanto de la calle y las carreteras, como de los circuitos. Periodistas que han trabajado en revistas y publicaciones para hacerte llegar desde rutas y consejos de mantenimiento, a curiosidades y trucos de pilotaje.","sameAs":["https:\/\/www.facebook.com\/BoxRepsol\/","https:\/\/www.instagram.com\/box_repsol\/","https:\/\/x.com\/https:\/\/twitter.com\/box_repsol","https:\/\/www.youtube.com\/@Boxrepsol"],"url":"https:\/\/www.boxrepsol.com\/es\/author\/redaccion-box-repsol\/"}]}},"_links":{"self":[{"href":"https:\/\/www.boxrepsol.com\/es\/wp-json\/wp\/v2\/posts\/95434","targetHints":{"allow":["GET"]}}],"collection":[{"href":"https:\/\/www.boxrepsol.com\/es\/wp-json\/wp\/v2\/posts"}],"about":[{"href":"https:\/\/www.boxrepsol.com\/es\/wp-json\/wp\/v2\/types\/post"}],"author":[{"embeddable":true,"href":"https:\/\/www.boxrepsol.com\/es\/wp-json\/wp\/v2\/users\/43146"}],"replies":[{"embeddable":true,"href":"https:\/\/www.boxrepsol.com\/es\/wp-json\/wp\/v2\/comments?post=95434"}],"version-history":[{"count":1,"href":"https:\/\/www.boxrepsol.com\/es\/wp-json\/wp\/v2\/posts\/95434\/revisions"}],"predecessor-version":[{"id":95435,"href":"https:\/\/www.boxrepsol.com\/es\/wp-json\/wp\/v2\/posts\/95434\/revisions\/95435"}],"wp:featuredmedia":[{"embeddable":true,"href":"https:\/\/www.boxrepsol.com\/es\/wp-json\/wp\/v2\/media\/46649"}],"wp:attachment":[{"href":"https:\/\/www.boxrepsol.com\/es\/wp-json\/wp\/v2\/media?parent=95434"}],"wp:term":[{"taxonomy":"category","embeddable":true,"href":"https:\/\/www.boxrepsol.com\/es\/wp-json\/wp\/v2\/categories?post=95434"},{"taxonomy":"post_tag","embeddable":true,"href":"https:\/\/www.boxrepsol.com\/es\/wp-json\/wp\/v2\/tags?post=95434"}],"curies":[{"name":"wp","href":"https:\/\/api.w.org\/{rel}","templated":true}]}}